{"id":67686,"date":"2026-09-02T10:05:46","date_gmt":"2026-09-02T08:05:46","guid":{"rendered":"https:\/\/coria.org\/ayuntamiento\/?p=67686"},"modified":"2026-09-02T10:06:58","modified_gmt":"2026-09-02T08:06:58","slug":"coria-muestra-su-apoyo-y-solidaridad-con-ceuta-en-una-concentracion-ciudadana","status":"publish","type":"post","link":"https:\/\/coria.org\/ayuntamiento\/index.php\/2026\/09\/02\/coria-muestra-su-apoyo-y-solidaridad-con-ceuta-en-una-concentracion-ciudadana\/","title":{"rendered":"Coria muestra su apoyo y solidaridad con Ceuta en una concentraci\u00f3n ciudadana"},"content":{"rendered":"\n<p class=\"wp-block-paragraph\"><br><strong>La<\/strong> <strong>ciudad de Coria<\/strong> <strong>celebrar\u00e1 este mi\u00e9rcoles 2 de septiembre, a las 20:00 horas, una concentraci\u00f3n de apoyo en la puerta del Ayuntamiento<\/strong><\/p>\n\n\n\n<p class=\"wp-block-paragraph\">El Ayuntamiento de Coria ha convocado para este mi\u00e9rcoles, 2 de septiembre, a las 20:00 horas, una concentraci\u00f3n de apoyo y solidaridad con Ceuta, que tendr\u00e1 lugar en la puerta del Ayuntamiento.<\/p>\n\n\n\n<p class=\"wp-block-paragraph\">Bajo el lema \u00abCoria, con Ceuta\u00bb, la iniciativa pretende trasladar p\u00fablicamente el respaldo y la solidaridad de la ciudadan\u00eda cauriense con la ciudad aut\u00f3noma de Ceuta y sus vecinos, poniendo de manifiesto los lazos de uni\u00f3n y fraternidad que existen entre territorios y ciudadanos.<\/p>\n\n\n\n<p class=\"wp-block-paragraph\">El Ayuntamiento de Coria anima a vecinos, colectivos, asociaciones y representantes de la sociedad local a participar en esta concentraci\u00f3n y sumarse a un gesto colectivo de apoyo y solidaridad.<\/p>\n\n\n\n<p class=\"wp-block-paragraph\">La convocatoria busca, asimismo, ofrecer un espacio de encuentro ciudadano desde el respeto, la convivencia y la defensa de los valores que unen a la sociedad.<\/p>\n\n\n\n<p class=\"wp-block-paragraph\">El Ayuntamiento de Coria invita a toda la ciudadan\u00eda a participar en este acto de solidaridad.<\/p>\n","protected":false},"excerpt":{"rendered":"<p>La ciudad de Coria celebrar\u00e1 este mi\u00e9rcoles 2 de septiembre, a las 20:00 horas, una concentraci\u00f3n de apoyo en la puerta del Ayuntamiento El Ayuntamiento de Coria ha convocado para este mi\u00e9rcoles, 2 de septiembre, a las 20:00 horas, una concentraci\u00f3n de apoyo y solidaridad con Ceuta, que tendr\u00e1 lugar en la puerta del Ayuntamiento. [&hellip;]<\/p>\n","protected":false},"author":3,"featured_media":67668,"comment_status":"open","ping_status":"open","sticky":false,"template":"","format":"standard","meta":{"_uag_custom_page_level_css":"","footnotes":""},"categories":[9,2],"tags":[],"class_list":["post-67686","post","type-post","status-publish","format-standard","has-post-thumbnail","hentry","category-destacado","category-noticias"],"yoast_head":"<!-- This site is optimized with the Yoast SEO plugin v28.2 - https:\/\/yoast.com\/product\/yoast-seo-wordpress\/ -->\n<title>Coria muestra su apoyo y solidaridad con Ceuta en una concentraci\u00f3n ciudadana - Ayuntamiento de Coria<\/title>\n<meta name=\"robots\" content=\"index, follow, max-snippet:-1, max-image-preview:large, max-video-preview:-1\" \/>\n<link rel=\"canonical\" href=\"https:\/\/coria.org\/ayuntamiento\/index.php\/2026\/09\/02\/coria-muestra-su-apoyo-y-solidaridad-con-ceuta-en-una-concentracion-ciudadana\/\" \/>\n<meta property=\"og:locale\" content=\"es_ES\" \/>\n<meta property=\"og:type\" content=\"article\" \/>\n<meta property=\"og:title\" content=\"Coria muestra su apoyo y solidaridad con Ceuta en una concentraci\u00f3n ciudadana - Ayuntamiento de Coria\" \/>\n<meta property=\"og:description\" content=\"La ciudad de Coria celebrar\u00e1 este mi\u00e9rcoles 2 de septiembre, a las 20:00 horas, una concentraci\u00f3n de apoyo en la puerta del Ayuntamiento El Ayuntamiento de Coria ha convocado para este mi\u00e9rcoles, 2 de septiembre, a las 20:00 horas, una concentraci\u00f3n de apoyo y solidaridad con Ceuta, que tendr\u00e1 lugar en la puerta del Ayuntamiento. [&hellip;]\" \/>\n<meta property=\"og:url\" content=\"https:\/\/coria.org\/ayuntamiento\/index.php\/2026\/09\/02\/coria-muestra-su-apoyo-y-solidaridad-con-ceuta-en-una-concentracion-ciudadana\/\" \/>\n<meta property=\"og:site_name\" content=\"Ayuntamiento de Coria\" \/>\n<meta property=\"article:publisher\" content=\"https:\/\/www.facebook.com\/Ayuntamiento.de.Coria\" \/>\n<meta property=\"article:published_time\" content=\"2026-09-02T08:05:46+00:00\" \/>\n<meta property=\"article:modified_time\" content=\"2026-09-02T08:06:58+00:00\" \/>\n<meta property=\"og:image\" content=\"https:\/\/coria.org\/ayuntamiento\/wp-content\/uploads\/2026\/08\/coria-con-ceuta.webp\" \/>\n\t<meta property=\"og:image:width\" content=\"1080\" \/>\n\t<meta property=\"og:image:height\" content=\"1182\" \/>\n\t<meta property=\"og:image:type\" content=\"image\/webp\" \/>\n<meta name=\"author\" content=\"prensa@coria.org\" \/>\n<meta name=\"twitter:card\" content=\"summary_large_image\" \/>\n<meta name=\"twitter:creator\" content=\"@Ayto_de_Coria\" \/>\n<meta name=\"twitter:site\" content=\"@Ayto_de_Coria\" \/>\n<meta name=\"twitter:label1\" content=\"Escrito por\" \/>\n\t<meta name=\"twitter:data1\" content=\"prensa@coria.org\" \/>\n\t<meta name=\"twitter:label2\" content=\"Tiempo de lectura\" \/>\n\t<meta name=\"twitter:data2\" content=\"1 minuto\" \/>\n<script type=\"application\/ld+json\" class=\"yoast-schema-graph\">{\"@context\":\"https:\\\/\\\/schema.org\",\"@graph\":[{\"@type\":\"Article\",\"@id\":\"https:\\\/\\\/coria.org\\\/ayuntamiento\\\/index.php\\\/2026\\\/09\\\/02\\\/coria-muestra-su-apoyo-y-solidaridad-con-ceuta-en-una-concentracion-ciudadana\\\/#article\",\"isPartOf\":{\"@id\":\"https:\\\/\\\/coria.org\\\/ayuntamiento\\\/index.php\\\/2026\\\/09\\\/02\\\/coria-muestra-su-apoyo-y-solidaridad-con-ceuta-en-una-concentracion-ciudadana\\\/\"},\"author\":{\"name\":\"prensa@coria.org\",\"@id\":\"https:\\\/\\\/coria.org\\\/ayuntamiento\\\/#\\\/schema\\\/person\\\/e599808bcace6131357c531f55c6b600\"},\"headline\":\"Coria muestra su apoyo y solidaridad con Ceuta en una concentraci\u00f3n ciudadana\",\"datePublished\":\"2026-09-02T08:05:46+00:00\",\"dateModified\":\"2026-09-02T08:06:58+00:00\",\"mainEntityOfPage\":{\"@id\":\"https:\\\/\\\/coria.org\\\/ayuntamiento\\\/index.php\\\/2026\\\/09\\\/02\\\/coria-muestra-su-apoyo-y-solidaridad-con-ceuta-en-una-concentracion-ciudadana\\\/\"},\"wordCount\":190,\"commentCount\":0,\"publisher\":{\"@id\":\"https:\\\/\\\/coria.org\\\/ayuntamiento\\\/#organization\"},\"image\":{\"@id\":\"https:\\\/\\\/coria.org\\\/ayuntamiento\\\/index.php\\\/2026\\\/09\\\/02\\\/coria-muestra-su-apoyo-y-solidaridad-con-ceuta-en-una-concentracion-ciudadana\\\/#primaryimage\"},\"thumbnailUrl\":\"https:\\\/\\\/coria.org\\\/ayuntamiento\\\/wp-content\\\/uploads\\\/2026\\\/08\\\/coria-con-ceuta.webp\",\"articleSection\":[\"Destacado\",\"Noticias\"],\"inLanguage\":\"es\",\"potentialAction\":[{\"@type\":\"CommentAction\",\"name\":\"Comment\",\"target\":[\"https:\\\/\\\/coria.org\\\/ayuntamiento\\\/index.php\\\/2026\\\/09\\\/02\\\/coria-muestra-su-apoyo-y-solidaridad-con-ceuta-en-una-concentracion-ciudadana\\\/#respond\"]}]},{\"@type\":\"WebPage\",\"@id\":\"https:\\\/\\\/coria.org\\\/ayuntamiento\\\/index.php\\\/2026\\\/09\\\/02\\\/coria-muestra-su-apoyo-y-solidaridad-con-ceuta-en-una-concentracion-ciudadana\\\/\",\"url\":\"https:\\\/\\\/coria.org\\\/ayuntamiento\\\/index.php\\\/2026\\\/09\\\/02\\\/coria-muestra-su-apoyo-y-solidaridad-con-ceuta-en-una-concentracion-ciudadana\\\/\",\"name\":\"Coria muestra su apoyo y solidaridad con Ceuta en una concentraci\u00f3n ciudadana - Ayuntamiento de Coria\",\"isPartOf\":{\"@id\":\"https:\\\/\\\/coria.org\\\/ayuntamiento\\\/#website\"},\"primaryImageOfPage\":{\"@id\":\"https:\\\/\\\/coria.org\\\/ayuntamiento\\\/index.php\\\/2026\\\/09\\\/02\\\/coria-muestra-su-apoyo-y-solidaridad-con-ceuta-en-una-concentracion-ciudadana\\\/#primaryimage\"},\"image\":{\"@id\":\"https:\\\/\\\/coria.org\\\/ayuntamiento\\\/index.php\\\/2026\\\/09\\\/02\\\/coria-muestra-su-apoyo-y-solidaridad-con-ceuta-en-una-concentracion-ciudadana\\\/#primaryimage\"},\"thumbnailUrl\":\"https:\\\/\\\/coria.org\\\/ayuntamiento\\\/wp-content\\\/uploads\\\/2026\\\/08\\\/coria-con-ceuta.webp\",\"datePublished\":\"2026-09-02T08:05:46+00:00\",\"dateModified\":\"2026-09-02T08:06:58+00:00\",\"breadcrumb\":{\"@id\":\"https:\\\/\\\/coria.org\\\/ayuntamiento\\\/index.php\\\/2026\\\/09\\\/02\\\/coria-muestra-su-apoyo-y-solidaridad-con-ceuta-en-una-concentracion-ciudadana\\\/#breadcrumb\"},\"inLanguage\":\"es\",\"potentialAction\":[{\"@type\":\"ReadAction\",\"target\":[\"https:\\\/\\\/coria.org\\\/ayuntamiento\\\/index.php\\\/2026\\\/09\\\/02\\\/coria-muestra-su-apoyo-y-solidaridad-con-ceuta-en-una-concentracion-ciudadana\\\/\"]}]},{\"@type\":\"ImageObject\",\"inLanguage\":\"es\",\"@id\":\"https:\\\/\\\/coria.org\\\/ayuntamiento\\\/index.php\\\/2026\\\/09\\\/02\\\/coria-muestra-su-apoyo-y-solidaridad-con-ceuta-en-una-concentracion-ciudadana\\\/#primaryimage\",\"url\":\"https:\\\/\\\/coria.org\\\/ayuntamiento\\\/wp-content\\\/uploads\\\/2026\\\/08\\\/coria-con-ceuta.webp\",\"contentUrl\":\"https:\\\/\\\/coria.org\\\/ayuntamiento\\\/wp-content\\\/uploads\\\/2026\\\/08\\\/coria-con-ceuta.webp\",\"width\":1080,\"height\":1182},{\"@type\":\"BreadcrumbList\",\"@id\":\"https:\\\/\\\/coria.org\\\/ayuntamiento\\\/index.php\\\/2026\\\/09\\\/02\\\/coria-muestra-su-apoyo-y-solidaridad-con-ceuta-en-una-concentracion-ciudadana\\\/#breadcrumb\",\"itemListElement\":[{\"@type\":\"ListItem\",\"position\":1,\"name\":\"Inicio\",\"item\":\"https:\\\/\\\/coria.org\\\/ayuntamiento\\\/\"},{\"@type\":\"ListItem\",\"position\":2,\"name\":\"Coria muestra su apoyo y solidaridad con Ceuta en una concentraci\u00f3n ciudadana\"}]},{\"@type\":\"WebSite\",\"@id\":\"https:\\\/\\\/coria.org\\\/ayuntamiento\\\/#website\",\"url\":\"https:\\\/\\\/coria.org\\\/ayuntamiento\\\/\",\"name\":\"Ayuntamiento de Coria\",\"description\":\"Web oficial del Ayuntamiento de Coria\",\"publisher\":{\"@id\":\"https:\\\/\\\/coria.org\\\/ayuntamiento\\\/#organization\"},\"alternateName\":\"Web Oficial del Ayuntamiento de Coria\",\"potentialAction\":[{\"@type\":\"SearchAction\",\"target\":{\"@type\":\"EntryPoint\",\"urlTemplate\":\"https:\\\/\\\/coria.org\\\/ayuntamiento\\\/?s={search_term_string}\"},\"query-input\":{\"@type\":\"PropertyValueSpecification\",\"valueRequired\":true,\"valueName\":\"search_term_string\"}}],\"inLanguage\":\"es\"},{\"@type\":\"Organization\",\"@id\":\"https:\\\/\\\/coria.org\\\/ayuntamiento\\\/#organization\",\"name\":\"Ayuntamiento de Coria\",\"alternateName\":\"Ayto de Coria\",\"url\":\"https:\\\/\\\/coria.org\\\/ayuntamiento\\\/\",\"logo\":{\"@type\":\"ImageObject\",\"inLanguage\":\"es\",\"@id\":\"https:\\\/\\\/coria.org\\\/ayuntamiento\\\/#\\\/schema\\\/logo\\\/image\\\/\",\"url\":\"https:\\\/\\\/coria.org\\\/ayuntamiento\\\/wp-content\\\/uploads\\\/2020\\\/12\\\/escudo-ayuntamiento-coria.png\",\"contentUrl\":\"https:\\\/\\\/coria.org\\\/ayuntamiento\\\/wp-content\\\/uploads\\\/2020\\\/12\\\/escudo-ayuntamiento-coria.png\",\"width\":511,\"height\":240,\"caption\":\"Ayuntamiento de Coria\"},\"image\":{\"@id\":\"https:\\\/\\\/coria.org\\\/ayuntamiento\\\/#\\\/schema\\\/logo\\\/image\\\/\"},\"sameAs\":[\"https:\\\/\\\/www.facebook.com\\\/Ayuntamiento.de.Coria\",\"https:\\\/\\\/x.com\\\/Ayto_de_Coria\",\"https:\\\/\\\/www.instagram.com\\\/coria.ayuntamiento\\\/\",\"https:\\\/\\\/www.youtube.com\\\/user\\\/AYUNTAMIENTOCORIA\"]},{\"@type\":\"Person\",\"@id\":\"https:\\\/\\\/coria.org\\\/ayuntamiento\\\/#\\\/schema\\\/person\\\/e599808bcace6131357c531f55c6b600\",\"name\":\"prensa@coria.org\",\"image\":{\"@type\":\"ImageObject\",\"inLanguage\":\"es\",\"@id\":\"https:\\\/\\\/secure.gravatar.com\\\/avatar\\\/27aedb317acfc6f08831cc400fc47b05e64be7cc19749d7a736bdf9b11b9fc8b?s=96&d=mm&r=g\",\"url\":\"https:\\\/\\\/secure.gravatar.com\\\/avatar\\\/27aedb317acfc6f08831cc400fc47b05e64be7cc19749d7a736bdf9b11b9fc8b?s=96&d=mm&r=g\",\"contentUrl\":\"https:\\\/\\\/secure.gravatar.com\\\/avatar\\\/27aedb317acfc6f08831cc400fc47b05e64be7cc19749d7a736bdf9b11b9fc8b?s=96&d=mm&r=g\",\"caption\":\"prensa@coria.org\"}}]}<\/script>\n<!-- \/ Yoast SEO plugin. -->","yoast_head_json":{"title":"Coria muestra su apoyo y solidaridad con Ceuta en una concentraci\u00f3n ciudadana - Ayuntamiento de Coria","robots":{"index":"index","follow":"follow","max-snippet":"max-snippet:-1","max-image-preview":"max-image-preview:large","max-video-preview":"max-video-preview:-1"},"canonical":"https:\/\/coria.org\/ayuntamiento\/index.php\/2026\/09\/02\/coria-muestra-su-apoyo-y-solidaridad-con-ceuta-en-una-concentracion-ciudadana\/","og_locale":"es_ES","og_type":"article","og_title":"Coria muestra su apoyo y solidaridad con Ceuta en una concentraci\u00f3n ciudadana - Ayuntamiento de Coria","og_description":"La ciudad de Coria celebrar\u00e1 este mi\u00e9rcoles 2 de septiembre, a las 20:00 horas, una concentraci\u00f3n de apoyo en la puerta del Ayuntamiento El Ayuntamiento de Coria ha convocado para este mi\u00e9rcoles, 2 de septiembre, a las 20:00 horas, una concentraci\u00f3n de apoyo y solidaridad con Ceuta, que tendr\u00e1 lugar en la puerta del Ayuntamiento. [&hellip;]","og_url":"https:\/\/coria.org\/ayuntamiento\/index.php\/2026\/09\/02\/coria-muestra-su-apoyo-y-solidaridad-con-ceuta-en-una-concentracion-ciudadana\/","og_site_name":"Ayuntamiento de Coria","article_publisher":"https:\/\/www.facebook.com\/Ayuntamiento.de.Coria","article_published_time":"2026-09-02T08:05:46+00:00","article_modified_time":"2026-09-02T08:06:58+00:00","og_image":[{"width":1080,"height":1182,"url":"https:\/\/coria.org\/ayuntamiento\/wp-content\/uploads\/2026\/08\/coria-con-ceuta.webp","type":"image\/webp"}],"author":"prensa@coria.org","twitter_card":"summary_large_image","twitter_creator":"@Ayto_de_Coria","twitter_site":"@Ayto_de_Coria","twitter_misc":{"Escrito por":"prensa@coria.org","Tiempo de lectura":"1 minuto"},"schema":{"@context":"https:\/\/schema.org","@graph":[{"@type":"Article","@id":"https:\/\/coria.org\/ayuntamiento\/index.php\/2026\/09\/02\/coria-muestra-su-apoyo-y-solidaridad-con-ceuta-en-una-concentracion-ciudadana\/#article","isPartOf":{"@id":"https:\/\/coria.org\/ayuntamiento\/index.php\/2026\/09\/02\/coria-muestra-su-apoyo-y-solidaridad-con-ceuta-en-una-concentracion-ciudadana\/"},"author":{"name":"prensa@coria.org","@id":"https:\/\/coria.org\/ayuntamiento\/#\/schema\/person\/e599808bcace6131357c531f55c6b600"},"headline":"Coria muestra su apoyo y solidaridad con Ceuta en una concentraci\u00f3n ciudadana","datePublished":"2026-09-02T08:05:46+00:00","dateModified":"2026-09-02T08:06:58+00:00","mainEntityOfPage":{"@id":"https:\/\/coria.org\/ayuntamiento\/index.php\/2026\/09\/02\/coria-muestra-su-apoyo-y-solidaridad-con-ceuta-en-una-concentracion-ciudadana\/"},"wordCount":190,"commentCount":0,"publisher":{"@id":"https:\/\/coria.org\/ayuntamiento\/#organization"},"image":{"@id":"https:\/\/coria.org\/ayuntamiento\/index.php\/2026\/09\/02\/coria-muestra-su-apoyo-y-solidaridad-con-ceuta-en-una-concentracion-ciudadana\/#primaryimage"},"thumbnailUrl":"https:\/\/coria.org\/ayuntamiento\/wp-content\/uploads\/2026\/08\/coria-con-ceuta.webp","articleSection":["Destacado","Noticias"],"inLanguage":"es","potentialAction":[{"@type":"CommentAction","name":"Comment","target":["https:\/\/coria.org\/ayuntamiento\/index.php\/2026\/09\/02\/coria-muestra-su-apoyo-y-solidaridad-con-ceuta-en-una-concentracion-ciudadana\/#respond"]}]},{"@type":"WebPage","@id":"https:\/\/coria.org\/ayuntamiento\/index.php\/2026\/09\/02\/coria-muestra-su-apoyo-y-solidaridad-con-ceuta-en-una-concentracion-ciudadana\/","url":"https:\/\/coria.org\/ayuntamiento\/index.php\/2026\/09\/02\/coria-muestra-su-apoyo-y-solidaridad-con-ceuta-en-una-concentracion-ciudadana\/","name":"Coria muestra su apoyo y solidaridad con Ceuta en una concentraci\u00f3n ciudadana - Ayuntamiento de Coria","isPartOf":{"@id":"https:\/\/coria.org\/ayuntamiento\/#website"},"primaryImageOfPage":{"@id":"https:\/\/coria.org\/ayuntamiento\/index.php\/2026\/09\/02\/coria-muestra-su-apoyo-y-solidaridad-con-ceuta-en-una-concentracion-ciudadana\/#primaryimage"},"image":{"@id":"https:\/\/coria.org\/ayuntamiento\/index.php\/2026\/09\/02\/coria-muestra-su-apoyo-y-solidaridad-con-ceuta-en-una-concentracion-ciudadana\/#primaryimage"},"thumbnailUrl":"https:\/\/coria.org\/ayuntamiento\/wp-content\/uploads\/2026\/08\/coria-con-ceuta.webp","datePublished":"2026-09-02T08:05:46+00:00","dateModified":"2026-09-02T08:06:58+00:00","breadcrumb":{"@id":"https:\/\/coria.org\/ayuntamiento\/index.php\/2026\/09\/02\/coria-muestra-su-apoyo-y-solidaridad-con-ceuta-en-una-concentracion-ciudadana\/#breadcrumb"},"inLanguage":"es","potentialAction":[{"@type":"ReadAction","target":["https:\/\/coria.org\/ayuntamiento\/index.php\/2026\/09\/02\/coria-muestra-su-apoyo-y-solidaridad-con-ceuta-en-una-concentracion-ciudadana\/"]}]},{"@type":"ImageObject","inLanguage":"es","@id":"https:\/\/coria.org\/ayuntamiento\/index.php\/2026\/09\/02\/coria-muestra-su-apoyo-y-solidaridad-con-ceuta-en-una-concentracion-ciudadana\/#primaryimage","url":"https:\/\/coria.org\/ayuntamiento\/wp-content\/uploads\/2026\/08\/coria-con-ceuta.webp","contentUrl":"https:\/\/coria.org\/ayuntamiento\/wp-content\/uploads\/2026\/08\/coria-con-ceuta.webp","width":1080,"height":1182},{"@type":"BreadcrumbList","@id":"https:\/\/coria.org\/ayuntamiento\/index.php\/2026\/09\/02\/coria-muestra-su-apoyo-y-solidaridad-con-ceuta-en-una-concentracion-ciudadana\/#breadcrumb","itemListElement":[{"@type":"ListItem","position":1,"name":"Inicio","item":"https:\/\/coria.org\/ayuntamiento\/"},{"@type":"ListItem","position":2,"name":"Coria muestra su apoyo y solidaridad con Ceuta en una concentraci\u00f3n ciudadana"}]},{"@type":"WebSite","@id":"https:\/\/coria.org\/ayuntamiento\/#website","url":"https:\/\/coria.org\/ayuntamiento\/","name":"Ayuntamiento de Coria","description":"Web oficial del Ayuntamiento de Coria","publisher":{"@id":"https:\/\/coria.org\/ayuntamiento\/#organization"},"alternateName":"Web Oficial del Ayuntamiento de Coria","potentialAction":[{"@type":"SearchAction","target":{"@type":"EntryPoint","urlTemplate":"https:\/\/coria.org\/ayuntamiento\/?s={search_term_string}"},"query-input":{"@type":"PropertyValueSpecification","valueRequired":true,"valueName":"search_term_string"}}],"inLanguage":"es"},{"@type":"Organization","@id":"https:\/\/coria.org\/ayuntamiento\/#organization","name":"Ayuntamiento de Coria","alternateName":"Ayto de Coria","url":"https:\/\/coria.org\/ayuntamiento\/","logo":{"@type":"ImageObject","inLanguage":"es","@id":"https:\/\/coria.org\/ayuntamiento\/#\/schema\/logo\/image\/","url":"https:\/\/coria.org\/ayuntamiento\/wp-content\/uploads\/2020\/12\/escudo-ayuntamiento-coria.png","contentUrl":"https:\/\/coria.org\/ayuntamiento\/wp-content\/uploads\/2020\/12\/escudo-ayuntamiento-coria.png","width":511,"height":240,"caption":"Ayuntamiento de Coria"},"image":{"@id":"https:\/\/coria.org\/ayuntamiento\/#\/schema\/logo\/image\/"},"sameAs":["https:\/\/www.facebook.com\/Ayuntamiento.de.Coria","https:\/\/x.com\/Ayto_de_Coria","https:\/\/www.instagram.com\/coria.ayuntamiento\/","https:\/\/www.youtube.com\/user\/AYUNTAMIENTOCORIA"]},{"@type":"Person","@id":"https:\/\/coria.org\/ayuntamiento\/#\/schema\/person\/e599808bcace6131357c531f55c6b600","name":"prensa@coria.org","image":{"@type":"ImageObject","inLanguage":"es","@id":"https:\/\/secure.gravatar.com\/avatar\/27aedb317acfc6f08831cc400fc47b05e64be7cc19749d7a736bdf9b11b9fc8b?s=96&d=mm&r=g","url":"https:\/\/secure.gravatar.com\/avatar\/27aedb317acfc6f08831cc400fc47b05e64be7cc19749d7a736bdf9b11b9fc8b?s=96&d=mm&r=g","contentUrl":"https:\/\/secure.gravatar.com\/avatar\/27aedb317acfc6f08831cc400fc47b05e64be7cc19749d7a736bdf9b11b9fc8b?s=96&d=mm&r=g","caption":"prensa@coria.org"}}]}},"uagb_featured_image_src":{"full":["https:\/\/coria.org\/ayuntamiento\/wp-content\/uploads\/2026\/08\/coria-con-ceuta.webp",1080,1182,false],"thumbnail":["https:\/\/coria.org\/ayuntamiento\/wp-content\/uploads\/2026\/08\/coria-con-ceuta-150x150.webp",150,150,true],"medium":["https:\/\/coria.org\/ayuntamiento\/wp-content\/uploads\/2026\/08\/coria-con-ceuta.webp",1080,1182,false],"medium_large":["https:\/\/coria.org\/ayuntamiento\/wp-content\/uploads\/2026\/08\/coria-con-ceuta-768x841.webp",768,841,true],"large":["https:\/\/coria.org\/ayuntamiento\/wp-content\/uploads\/2026\/08\/coria-con-ceuta.webp",1080,1182,false],"thumblist":["https:\/\/coria.org\/ayuntamiento\/wp-content\/uploads\/2026\/08\/coria-con-ceuta-300x300.webp",300,300,true],"thumbrelated":["https:\/\/coria.org\/ayuntamiento\/wp-content\/uploads\/2026\/08\/coria-con-ceuta-500x500.webp",500,500,true],"meccarouselthumb":["https:\/\/coria.org\/ayuntamiento\/wp-content\/uploads\/2026\/08\/coria-con-ceuta-474x324.webp",474,324,true],"gridsquare":["https:\/\/coria.org\/ayuntamiento\/wp-content\/uploads\/2026\/08\/coria-con-ceuta-391x260.webp",391,260,true],"tileview":["https:\/\/coria.org\/ayuntamiento\/wp-content\/uploads\/2026\/08\/coria-con-ceuta-300x400.webp",300,400,true],"1536x1536":["https:\/\/coria.org\/ayuntamiento\/wp-content\/uploads\/2026\/08\/coria-con-ceuta.webp",1080,1182,false],"2048x2048":["https:\/\/coria.org\/ayuntamiento\/wp-content\/uploads\/2026\/08\/coria-con-ceuta.webp",1080,1182,false]},"uagb_author_info":{"display_name":"prensa@coria.org","author_link":"https:\/\/coria.org\/ayuntamiento\/index.php\/author\/prensacoria-org\/"},"uagb_comment_info":0,"uagb_excerpt":"La ciudad de Coria celebrar\u00e1 este mi\u00e9rcoles 2 de septiembre, a las 20:00 horas, una concentraci\u00f3n de apoyo en la puerta del Ayuntamiento El Ayuntamiento de Coria ha convocado para este mi\u00e9rcoles, 2 de septiembre, a las 20:00 horas, una concentraci\u00f3n de apoyo y solidaridad con Ceuta, que tendr\u00e1 lugar en la puerta del Ayuntamiento.&hellip;","_links":{"self":[{"href":"https:\/\/coria.org\/ayuntamiento\/index.php\/wp-json\/wp\/v2\/posts\/67686","targetHints":{"allow":["GET"]}}],"collection":[{"href":"https:\/\/coria.org\/ayuntamiento\/index.php\/wp-json\/wp\/v2\/posts"}],"about":[{"href":"https:\/\/coria.org\/ayuntamiento\/index.php\/wp-json\/wp\/v2\/types\/post"}],"author":[{"embeddable":true,"href":"https:\/\/coria.org\/ayuntamiento\/index.php\/wp-json\/wp\/v2\/users\/3"}],"replies":[{"embeddable":true,"href":"https:\/\/coria.org\/ayuntamiento\/index.php\/wp-json\/wp\/v2\/comments?post=67686"}],"version-history":[{"count":2,"href":"https:\/\/coria.org\/ayuntamiento\/index.php\/wp-json\/wp\/v2\/posts\/67686\/revisions"}],"predecessor-version":[{"id":67688,"href":"https:\/\/coria.org\/ayuntamiento\/index.php\/wp-json\/wp\/v2\/posts\/67686\/revisions\/67688"}],"wp:featuredmedia":[{"embeddable":true,"href":"https:\/\/coria.org\/ayuntamiento\/index.php\/wp-json\/wp\/v2\/media\/67668"}],"wp:attachment":[{"href":"https:\/\/coria.org\/ayuntamiento\/index.php\/wp-json\/wp\/v2\/media?parent=67686"}],"wp:term":[{"taxonomy":"category","embeddable":true,"href":"https:\/\/coria.org\/ayuntamiento\/index.php\/wp-json\/wp\/v2\/categories?post=67686"},{"taxonomy":"post_tag","embeddable":true,"href":"https:\/\/coria.org\/ayuntamiento\/index.php\/wp-json\/wp\/v2\/tags?post=67686"}],"curies":[{"name":"wp","href":"https:\/\/api.w.org\/{rel}","templated":true}]}}