{"id":67678,"date":"2026-08-31T13:41:04","date_gmt":"2026-08-31T11:41:04","guid":{"rendered":"https:\/\/coria.org\/ayuntamiento\/?p=67678"},"modified":"2026-08-31T15:20:32","modified_gmt":"2026-08-31T13:20:32","slug":"el-ayuntamiento-de-coria-licita-el-servicio-de-control-poblacional-de-palomas","status":"publish","type":"post","link":"https:\/\/coria.org\/ayuntamiento\/index.php\/2026\/08\/31\/el-ayuntamiento-de-coria-licita-el-servicio-de-control-poblacional-de-palomas\/","title":{"rendered":"El Ayuntamiento de Coria licita el Servicio de Control Poblacional de Palomas"},"content":{"rendered":"\n<p class=\"wp-block-paragraph\">El Ayuntamiento de Coria ha iniciado el procedimiento de licitaci\u00f3n para la contrataci\u00f3n del servicio de control poblacional de las palomas en el municipio, con el objetivo de abordar la problem\u00e1tica existente con estas aves y contribuir al mantenimiento de la limpieza, salubridad y convivencia en los espacios p\u00fablicos.<\/p>\n\n\n<figure class=\"wp-block-post-featured-image\"><img loading=\"lazy\" decoding=\"async\" width=\"1600\" height=\"1200\" src=\"https:\/\/coria.org\/ayuntamiento\/wp-content\/uploads\/2024\/08\/PHOTO-2024-08-14-13-14-55.jpg\" class=\"attachment-post-thumbnail size-post-thumbnail wp-post-image\" alt=\"\" style=\"object-fit:cover;\" srcset=\"https:\/\/coria.org\/ayuntamiento\/wp-content\/uploads\/2024\/08\/PHOTO-2024-08-14-13-14-55.jpg 1600w, https:\/\/coria.org\/ayuntamiento\/wp-content\/uploads\/2024\/08\/PHOTO-2024-08-14-13-14-55-300x225.jpg 300w, https:\/\/coria.org\/ayuntamiento\/wp-content\/uploads\/2024\/08\/PHOTO-2024-08-14-13-14-55-1024x768.jpg 1024w, https:\/\/coria.org\/ayuntamiento\/wp-content\/uploads\/2024\/08\/PHOTO-2024-08-14-13-14-55-768x576.jpg 768w, https:\/\/coria.org\/ayuntamiento\/wp-content\/uploads\/2024\/08\/PHOTO-2024-08-14-13-14-55-1536x1152.jpg 1536w\" sizes=\"auto, (max-width: 1600px) 100vw, 1600px\" \/><\/figure>\n\n\n<p class=\"wp-block-paragraph\">Con esta actuaci\u00f3n, el Ayuntamiento pretende <strong>dar respuesta al importante problema que la presencia de palomas est\u00e1 generando en distintos puntos del municipio<\/strong>, mediante una gesti\u00f3n adecuada y especializada de su poblaci\u00f3n.<\/p>\n\n\n\n<p class=\"wp-block-paragraph\">El servicio tendr\u00e1 una duraci\u00f3n inicial de <strong>un a\u00f1o<\/strong>, con posibilidad de pr\u00f3rroga hasta alcanzar una duraci\u00f3n m\u00e1xima de cuatro a\u00f1os.<\/p>\n\n\n\n<p class=\"wp-block-paragraph\">Las empresas interesadas podr\u00e1n presentar sus ofertas <strong>hasta el 15 de septiembre de 2026 a las 23:59 horas<\/strong>, a trav\u00e9s de la Plataforma de Contrataci\u00f3n del Sector P\u00fablico.<br>La apertura de las ofertas est\u00e1 prevista para el <strong>16 de septiembre a las 09:00 horas<\/strong>.<\/p>\n\n\n\n<p class=\"wp-block-paragraph\">Con esta actuaci\u00f3n, el Ayuntamiento contin\u00faa trabajando para mejorar las condiciones de limpieza, salubridad y convivencia en los espacios p\u00fablicos y <strong>dar una soluci\u00f3n progresiva a una problem\u00e1tica que preocupa a vecinos de Coria<\/strong>.<\/p>\n\n\n\n<p class=\"wp-block-paragraph\"><\/p>\n","protected":false},"excerpt":{"rendered":"<p>El Ayuntamiento de Coria ha iniciado el procedimiento de licitaci\u00f3n para la contrataci\u00f3n del servicio de control poblacional de las palomas en el municipio, con el objetivo de abordar la problem\u00e1tica existente con estas aves y contribuir al mantenimiento de la limpieza, salubridad y convivencia en los espacios p\u00fablicos. Con esta actuaci\u00f3n, el Ayuntamiento pretende [&hellip;]<\/p>\n","protected":false},"author":2,"featured_media":62039,"comment_status":"closed","ping_status":"closed","sticky":false,"template":"","format":"standard","meta":{"_uag_custom_page_level_css":"","footnotes":""},"categories":[9,2],"tags":[1709],"class_list":["post-67678","post","type-post","status-publish","format-standard","has-post-thumbnail","hentry","category-destacado","category-noticias","tag-palomas"],"yoast_head":"<!-- This site is optimized with the Yoast SEO plugin v28.2 - https:\/\/yoast.com\/product\/yoast-seo-wordpress\/ -->\n<title>El Ayuntamiento de Coria licita el Servicio de Control Poblacional de Palomas - Ayuntamiento de Coria<\/title>\n<meta name=\"description\" content=\"El Ayuntamiento de Coria ha iniciado el procedimiento de licitaci\u00f3n para la contrataci\u00f3n del servicio de control poblacional de las palomas en el municipio, con el objetivo de abordar la problem\u00e1tica existente con estas aves y contribuir al mantenimiento de la limpieza, salubridad y convivencia en los espacios p\u00fablicos.\" \/>\n<meta name=\"robots\" content=\"index, follow, max-snippet:-1, max-image-preview:large, max-video-preview:-1\" \/>\n<link rel=\"canonical\" href=\"https:\/\/coria.org\/ayuntamiento\/index.php\/2026\/08\/31\/el-ayuntamiento-de-coria-licita-el-servicio-de-control-poblacional-de-palomas\/\" \/>\n<meta property=\"og:locale\" content=\"es_ES\" \/>\n<meta property=\"og:type\" content=\"article\" \/>\n<meta property=\"og:title\" content=\"El Ayuntamiento de Coria licita el Servicio de Control Poblacional de Palomas\" \/>\n<meta property=\"og:description\" content=\"El Ayuntamiento de Coria ha iniciado el procedimiento de licitaci\u00f3n para la contrataci\u00f3n del servicio de control poblacional de las palomas en el municipio, con el objetivo de abordar la problem\u00e1tica existente con estas aves y contribuir al mantenimiento de la limpieza, salubridad y convivencia en los espacios p\u00fablicos.\" \/>\n<meta property=\"og:url\" content=\"https:\/\/coria.org\/ayuntamiento\/index.php\/2026\/08\/31\/el-ayuntamiento-de-coria-licita-el-servicio-de-control-poblacional-de-palomas\/\" \/>\n<meta property=\"og:site_name\" content=\"Ayuntamiento de Coria\" \/>\n<meta property=\"article:publisher\" content=\"https:\/\/www.facebook.com\/Ayuntamiento.de.Coria\" \/>\n<meta property=\"article:published_time\" content=\"2026-08-31T11:41:04+00:00\" \/>\n<meta property=\"article:modified_time\" content=\"2026-08-31T13:20:32+00:00\" \/>\n<meta property=\"og:image\" content=\"https:\/\/coria.org\/ayuntamiento\/wp-content\/uploads\/2024\/08\/PHOTO-2024-08-14-13-14-55.jpg\" \/>\n\t<meta property=\"og:image:width\" content=\"1600\" \/>\n\t<meta property=\"og:image:height\" content=\"1200\" \/>\n\t<meta property=\"og:image:type\" content=\"image\/jpeg\" \/>\n<meta name=\"author\" content=\"ayuntamiento\" \/>\n<meta name=\"twitter:card\" content=\"summary_large_image\" \/>\n<meta name=\"twitter:title\" content=\"El Ayuntamiento de Coria licita el Servicio de Control Poblacional de Palomas\" \/>\n<meta name=\"twitter:description\" content=\"El Ayuntamiento de Coria ha iniciado el procedimiento de licitaci\u00f3n para la contrataci\u00f3n del servicio de control poblacional de las palomas en el municipio, con el objetivo de abordar la problem\u00e1tica existente con estas aves y contribuir al mantenimiento de la limpieza, salubridad y convivencia en los espacios p\u00fablicos.\" \/>\n<meta name=\"twitter:image\" content=\"https:\/\/coria.org\/ayuntamiento\/wp-content\/uploads\/2024\/08\/PHOTO-2024-08-14-13-14-55.jpg\" \/>\n<meta name=\"twitter:creator\" content=\"@Ayto_de_Coria\" \/>\n<meta name=\"twitter:site\" content=\"@Ayto_de_Coria\" \/>\n<meta name=\"twitter:label1\" content=\"Escrito por\" \/>\n\t<meta name=\"twitter:data1\" content=\"ayuntamiento\" \/>\n\t<meta name=\"twitter:label2\" content=\"Tiempo de lectura\" \/>\n\t<meta name=\"twitter:data2\" content=\"2 minutos\" \/>\n<script type=\"application\/ld+json\" class=\"yoast-schema-graph\">{\"@context\":\"https:\\\/\\\/schema.org\",\"@graph\":[{\"@type\":\"Article\",\"@id\":\"https:\\\/\\\/coria.org\\\/ayuntamiento\\\/index.php\\\/2026\\\/08\\\/31\\\/el-ayuntamiento-de-coria-licita-el-servicio-de-control-poblacional-de-palomas\\\/#article\",\"isPartOf\":{\"@id\":\"https:\\\/\\\/coria.org\\\/ayuntamiento\\\/index.php\\\/2026\\\/08\\\/31\\\/el-ayuntamiento-de-coria-licita-el-servicio-de-control-poblacional-de-palomas\\\/\"},\"author\":{\"name\":\"ayuntamiento\",\"@id\":\"https:\\\/\\\/coria.org\\\/ayuntamiento\\\/#\\\/schema\\\/person\\\/8bd589f0e13e8ae5aa06def7a599d622\"},\"headline\":\"El Ayuntamiento de Coria licita el Servicio de Control Poblacional de Palomas\",\"datePublished\":\"2026-08-31T11:41:04+00:00\",\"dateModified\":\"2026-08-31T13:20:32+00:00\",\"mainEntityOfPage\":{\"@id\":\"https:\\\/\\\/coria.org\\\/ayuntamiento\\\/index.php\\\/2026\\\/08\\\/31\\\/el-ayuntamiento-de-coria-licita-el-servicio-de-control-poblacional-de-palomas\\\/\"},\"wordCount\":209,\"publisher\":{\"@id\":\"https:\\\/\\\/coria.org\\\/ayuntamiento\\\/#organization\"},\"image\":{\"@id\":\"https:\\\/\\\/coria.org\\\/ayuntamiento\\\/index.php\\\/2026\\\/08\\\/31\\\/el-ayuntamiento-de-coria-licita-el-servicio-de-control-poblacional-de-palomas\\\/#primaryimage\"},\"thumbnailUrl\":\"https:\\\/\\\/coria.org\\\/ayuntamiento\\\/wp-content\\\/uploads\\\/2024\\\/08\\\/PHOTO-2024-08-14-13-14-55.jpg\",\"keywords\":[\"palomas\"],\"articleSection\":[\"Destacado\",\"Noticias\"],\"inLanguage\":\"es\"},{\"@type\":\"WebPage\",\"@id\":\"https:\\\/\\\/coria.org\\\/ayuntamiento\\\/index.php\\\/2026\\\/08\\\/31\\\/el-ayuntamiento-de-coria-licita-el-servicio-de-control-poblacional-de-palomas\\\/\",\"url\":\"https:\\\/\\\/coria.org\\\/ayuntamiento\\\/index.php\\\/2026\\\/08\\\/31\\\/el-ayuntamiento-de-coria-licita-el-servicio-de-control-poblacional-de-palomas\\\/\",\"name\":\"El Ayuntamiento de Coria licita el Servicio de Control Poblacional de Palomas - Ayuntamiento de Coria\",\"isPartOf\":{\"@id\":\"https:\\\/\\\/coria.org\\\/ayuntamiento\\\/#website\"},\"primaryImageOfPage\":{\"@id\":\"https:\\\/\\\/coria.org\\\/ayuntamiento\\\/index.php\\\/2026\\\/08\\\/31\\\/el-ayuntamiento-de-coria-licita-el-servicio-de-control-poblacional-de-palomas\\\/#primaryimage\"},\"image\":{\"@id\":\"https:\\\/\\\/coria.org\\\/ayuntamiento\\\/index.php\\\/2026\\\/08\\\/31\\\/el-ayuntamiento-de-coria-licita-el-servicio-de-control-poblacional-de-palomas\\\/#primaryimage\"},\"thumbnailUrl\":\"https:\\\/\\\/coria.org\\\/ayuntamiento\\\/wp-content\\\/uploads\\\/2024\\\/08\\\/PHOTO-2024-08-14-13-14-55.jpg\",\"datePublished\":\"2026-08-31T11:41:04+00:00\",\"dateModified\":\"2026-08-31T13:20:32+00:00\",\"description\":\"El Ayuntamiento de Coria ha iniciado el procedimiento de licitaci\u00f3n para la contrataci\u00f3n del servicio de control poblacional de las palomas en el municipio, con el objetivo de abordar la problem\u00e1tica existente con estas aves y contribuir al mantenimiento de la limpieza, salubridad y convivencia en los espacios p\u00fablicos.\",\"breadcrumb\":{\"@id\":\"https:\\\/\\\/coria.org\\\/ayuntamiento\\\/index.php\\\/2026\\\/08\\\/31\\\/el-ayuntamiento-de-coria-licita-el-servicio-de-control-poblacional-de-palomas\\\/#breadcrumb\"},\"inLanguage\":\"es\",\"potentialAction\":[{\"@type\":\"ReadAction\",\"target\":[\"https:\\\/\\\/coria.org\\\/ayuntamiento\\\/index.php\\\/2026\\\/08\\\/31\\\/el-ayuntamiento-de-coria-licita-el-servicio-de-control-poblacional-de-palomas\\\/\"]}]},{\"@type\":\"ImageObject\",\"inLanguage\":\"es\",\"@id\":\"https:\\\/\\\/coria.org\\\/ayuntamiento\\\/index.php\\\/2026\\\/08\\\/31\\\/el-ayuntamiento-de-coria-licita-el-servicio-de-control-poblacional-de-palomas\\\/#primaryimage\",\"url\":\"https:\\\/\\\/coria.org\\\/ayuntamiento\\\/wp-content\\\/uploads\\\/2024\\\/08\\\/PHOTO-2024-08-14-13-14-55.jpg\",\"contentUrl\":\"https:\\\/\\\/coria.org\\\/ayuntamiento\\\/wp-content\\\/uploads\\\/2024\\\/08\\\/PHOTO-2024-08-14-13-14-55.jpg\",\"width\":1600,\"height\":1200},{\"@type\":\"BreadcrumbList\",\"@id\":\"https:\\\/\\\/coria.org\\\/ayuntamiento\\\/index.php\\\/2026\\\/08\\\/31\\\/el-ayuntamiento-de-coria-licita-el-servicio-de-control-poblacional-de-palomas\\\/#breadcrumb\",\"itemListElement\":[{\"@type\":\"ListItem\",\"position\":1,\"name\":\"Inicio\",\"item\":\"https:\\\/\\\/coria.org\\\/ayuntamiento\\\/\"},{\"@type\":\"ListItem\",\"position\":2,\"name\":\"El Ayuntamiento de Coria licita el Servicio de Control Poblacional de Palomas\"}]},{\"@type\":\"WebSite\",\"@id\":\"https:\\\/\\\/coria.org\\\/ayuntamiento\\\/#website\",\"url\":\"https:\\\/\\\/coria.org\\\/ayuntamiento\\\/\",\"name\":\"Ayuntamiento de Coria\",\"description\":\"Web oficial del Ayuntamiento de Coria\",\"publisher\":{\"@id\":\"https:\\\/\\\/coria.org\\\/ayuntamiento\\\/#organization\"},\"alternateName\":\"Web Oficial del Ayuntamiento de Coria\",\"potentialAction\":[{\"@type\":\"SearchAction\",\"target\":{\"@type\":\"EntryPoint\",\"urlTemplate\":\"https:\\\/\\\/coria.org\\\/ayuntamiento\\\/?s={search_term_string}\"},\"query-input\":{\"@type\":\"PropertyValueSpecification\",\"valueRequired\":true,\"valueName\":\"search_term_string\"}}],\"inLanguage\":\"es\"},{\"@type\":\"Organization\",\"@id\":\"https:\\\/\\\/coria.org\\\/ayuntamiento\\\/#organization\",\"name\":\"Ayuntamiento de Coria\",\"alternateName\":\"Ayto de Coria\",\"url\":\"https:\\\/\\\/coria.org\\\/ayuntamiento\\\/\",\"logo\":{\"@type\":\"ImageObject\",\"inLanguage\":\"es\",\"@id\":\"https:\\\/\\\/coria.org\\\/ayuntamiento\\\/#\\\/schema\\\/logo\\\/image\\\/\",\"url\":\"https:\\\/\\\/coria.org\\\/ayuntamiento\\\/wp-content\\\/uploads\\\/2020\\\/12\\\/escudo-ayuntamiento-coria.png\",\"contentUrl\":\"https:\\\/\\\/coria.org\\\/ayuntamiento\\\/wp-content\\\/uploads\\\/2020\\\/12\\\/escudo-ayuntamiento-coria.png\",\"width\":511,\"height\":240,\"caption\":\"Ayuntamiento de Coria\"},\"image\":{\"@id\":\"https:\\\/\\\/coria.org\\\/ayuntamiento\\\/#\\\/schema\\\/logo\\\/image\\\/\"},\"sameAs\":[\"https:\\\/\\\/www.facebook.com\\\/Ayuntamiento.de.Coria\",\"https:\\\/\\\/x.com\\\/Ayto_de_Coria\",\"https:\\\/\\\/www.instagram.com\\\/coria.ayuntamiento\\\/\",\"https:\\\/\\\/www.youtube.com\\\/user\\\/AYUNTAMIENTOCORIA\"]},{\"@type\":\"Person\",\"@id\":\"https:\\\/\\\/coria.org\\\/ayuntamiento\\\/#\\\/schema\\\/person\\\/8bd589f0e13e8ae5aa06def7a599d622\",\"name\":\"ayuntamiento\",\"image\":{\"@type\":\"ImageObject\",\"inLanguage\":\"es\",\"@id\":\"https:\\\/\\\/secure.gravatar.com\\\/avatar\\\/966e5ed73cad334adda5c87f49f2547f7082f7292c1b627cbb548744383b391c?s=96&d=mm&r=g\",\"url\":\"https:\\\/\\\/secure.gravatar.com\\\/avatar\\\/966e5ed73cad334adda5c87f49f2547f7082f7292c1b627cbb548744383b391c?s=96&d=mm&r=g\",\"contentUrl\":\"https:\\\/\\\/secure.gravatar.com\\\/avatar\\\/966e5ed73cad334adda5c87f49f2547f7082f7292c1b627cbb548744383b391c?s=96&d=mm&r=g\",\"caption\":\"ayuntamiento\"}}]}<\/script>\n<!-- \/ Yoast SEO plugin. -->","yoast_head_json":{"title":"El Ayuntamiento de Coria licita el Servicio de Control Poblacional de Palomas - Ayuntamiento de Coria","description":"El Ayuntamiento de Coria ha iniciado el procedimiento de licitaci\u00f3n para la contrataci\u00f3n del servicio de control poblacional de las palomas en el municipio, con el objetivo de abordar la problem\u00e1tica existente con estas aves y contribuir al mantenimiento de la limpieza, salubridad y convivencia en los espacios p\u00fablicos.","robots":{"index":"index","follow":"follow","max-snippet":"max-snippet:-1","max-image-preview":"max-image-preview:large","max-video-preview":"max-video-preview:-1"},"canonical":"https:\/\/coria.org\/ayuntamiento\/index.php\/2026\/08\/31\/el-ayuntamiento-de-coria-licita-el-servicio-de-control-poblacional-de-palomas\/","og_locale":"es_ES","og_type":"article","og_title":"El Ayuntamiento de Coria licita el Servicio de Control Poblacional de Palomas","og_description":"El Ayuntamiento de Coria ha iniciado el procedimiento de licitaci\u00f3n para la contrataci\u00f3n del servicio de control poblacional de las palomas en el municipio, con el objetivo de abordar la problem\u00e1tica existente con estas aves y contribuir al mantenimiento de la limpieza, salubridad y convivencia en los espacios p\u00fablicos.","og_url":"https:\/\/coria.org\/ayuntamiento\/index.php\/2026\/08\/31\/el-ayuntamiento-de-coria-licita-el-servicio-de-control-poblacional-de-palomas\/","og_site_name":"Ayuntamiento de Coria","article_publisher":"https:\/\/www.facebook.com\/Ayuntamiento.de.Coria","article_published_time":"2026-08-31T11:41:04+00:00","article_modified_time":"2026-08-31T13:20:32+00:00","og_image":[{"width":1600,"height":1200,"url":"https:\/\/coria.org\/ayuntamiento\/wp-content\/uploads\/2024\/08\/PHOTO-2024-08-14-13-14-55.jpg","type":"image\/jpeg"}],"author":"ayuntamiento","twitter_card":"summary_large_image","twitter_title":"El Ayuntamiento de Coria licita el Servicio de Control Poblacional de Palomas","twitter_description":"El Ayuntamiento de Coria ha iniciado el procedimiento de licitaci\u00f3n para la contrataci\u00f3n del servicio de control poblacional de las palomas en el municipio, con el objetivo de abordar la problem\u00e1tica existente con estas aves y contribuir al mantenimiento de la limpieza, salubridad y convivencia en los espacios p\u00fablicos.","twitter_image":"https:\/\/coria.org\/ayuntamiento\/wp-content\/uploads\/2024\/08\/PHOTO-2024-08-14-13-14-55.jpg","twitter_creator":"@Ayto_de_Coria","twitter_site":"@Ayto_de_Coria","twitter_misc":{"Escrito por":"ayuntamiento","Tiempo de lectura":"2 minutos"},"schema":{"@context":"https:\/\/schema.org","@graph":[{"@type":"Article","@id":"https:\/\/coria.org\/ayuntamiento\/index.php\/2026\/08\/31\/el-ayuntamiento-de-coria-licita-el-servicio-de-control-poblacional-de-palomas\/#article","isPartOf":{"@id":"https:\/\/coria.org\/ayuntamiento\/index.php\/2026\/08\/31\/el-ayuntamiento-de-coria-licita-el-servicio-de-control-poblacional-de-palomas\/"},"author":{"name":"ayuntamiento","@id":"https:\/\/coria.org\/ayuntamiento\/#\/schema\/person\/8bd589f0e13e8ae5aa06def7a599d622"},"headline":"El Ayuntamiento de Coria licita el Servicio de Control Poblacional de Palomas","datePublished":"2026-08-31T11:41:04+00:00","dateModified":"2026-08-31T13:20:32+00:00","mainEntityOfPage":{"@id":"https:\/\/coria.org\/ayuntamiento\/index.php\/2026\/08\/31\/el-ayuntamiento-de-coria-licita-el-servicio-de-control-poblacional-de-palomas\/"},"wordCount":209,"publisher":{"@id":"https:\/\/coria.org\/ayuntamiento\/#organization"},"image":{"@id":"https:\/\/coria.org\/ayuntamiento\/index.php\/2026\/08\/31\/el-ayuntamiento-de-coria-licita-el-servicio-de-control-poblacional-de-palomas\/#primaryimage"},"thumbnailUrl":"https:\/\/coria.org\/ayuntamiento\/wp-content\/uploads\/2024\/08\/PHOTO-2024-08-14-13-14-55.jpg","keywords":["palomas"],"articleSection":["Destacado","Noticias"],"inLanguage":"es"},{"@type":"WebPage","@id":"https:\/\/coria.org\/ayuntamiento\/index.php\/2026\/08\/31\/el-ayuntamiento-de-coria-licita-el-servicio-de-control-poblacional-de-palomas\/","url":"https:\/\/coria.org\/ayuntamiento\/index.php\/2026\/08\/31\/el-ayuntamiento-de-coria-licita-el-servicio-de-control-poblacional-de-palomas\/","name":"El Ayuntamiento de Coria licita el Servicio de Control Poblacional de Palomas - Ayuntamiento de Coria","isPartOf":{"@id":"https:\/\/coria.org\/ayuntamiento\/#website"},"primaryImageOfPage":{"@id":"https:\/\/coria.org\/ayuntamiento\/index.php\/2026\/08\/31\/el-ayuntamiento-de-coria-licita-el-servicio-de-control-poblacional-de-palomas\/#primaryimage"},"image":{"@id":"https:\/\/coria.org\/ayuntamiento\/index.php\/2026\/08\/31\/el-ayuntamiento-de-coria-licita-el-servicio-de-control-poblacional-de-palomas\/#primaryimage"},"thumbnailUrl":"https:\/\/coria.org\/ayuntamiento\/wp-content\/uploads\/2024\/08\/PHOTO-2024-08-14-13-14-55.jpg","datePublished":"2026-08-31T11:41:04+00:00","dateModified":"2026-08-31T13:20:32+00:00","description":"El Ayuntamiento de Coria ha iniciado el procedimiento de licitaci\u00f3n para la contrataci\u00f3n del servicio de control poblacional de las palomas en el municipio, con el objetivo de abordar la problem\u00e1tica existente con estas aves y contribuir al mantenimiento de la limpieza, salubridad y convivencia en los espacios p\u00fablicos.","breadcrumb":{"@id":"https:\/\/coria.org\/ayuntamiento\/index.php\/2026\/08\/31\/el-ayuntamiento-de-coria-licita-el-servicio-de-control-poblacional-de-palomas\/#breadcrumb"},"inLanguage":"es","potentialAction":[{"@type":"ReadAction","target":["https:\/\/coria.org\/ayuntamiento\/index.php\/2026\/08\/31\/el-ayuntamiento-de-coria-licita-el-servicio-de-control-poblacional-de-palomas\/"]}]},{"@type":"ImageObject","inLanguage":"es","@id":"https:\/\/coria.org\/ayuntamiento\/index.php\/2026\/08\/31\/el-ayuntamiento-de-coria-licita-el-servicio-de-control-poblacional-de-palomas\/#primaryimage","url":"https:\/\/coria.org\/ayuntamiento\/wp-content\/uploads\/2024\/08\/PHOTO-2024-08-14-13-14-55.jpg","contentUrl":"https:\/\/coria.org\/ayuntamiento\/wp-content\/uploads\/2024\/08\/PHOTO-2024-08-14-13-14-55.jpg","width":1600,"height":1200},{"@type":"BreadcrumbList","@id":"https:\/\/coria.org\/ayuntamiento\/index.php\/2026\/08\/31\/el-ayuntamiento-de-coria-licita-el-servicio-de-control-poblacional-de-palomas\/#breadcrumb","itemListElement":[{"@type":"ListItem","position":1,"name":"Inicio","item":"https:\/\/coria.org\/ayuntamiento\/"},{"@type":"ListItem","position":2,"name":"El Ayuntamiento de Coria licita el Servicio de Control Poblacional de Palomas"}]},{"@type":"WebSite","@id":"https:\/\/coria.org\/ayuntamiento\/#website","url":"https:\/\/coria.org\/ayuntamiento\/","name":"Ayuntamiento de Coria","description":"Web oficial del Ayuntamiento de Coria","publisher":{"@id":"https:\/\/coria.org\/ayuntamiento\/#organization"},"alternateName":"Web Oficial del Ayuntamiento de Coria","potentialAction":[{"@type":"SearchAction","target":{"@type":"EntryPoint","urlTemplate":"https:\/\/coria.org\/ayuntamiento\/?s={search_term_string}"},"query-input":{"@type":"PropertyValueSpecification","valueRequired":true,"valueName":"search_term_string"}}],"inLanguage":"es"},{"@type":"Organization","@id":"https:\/\/coria.org\/ayuntamiento\/#organization","name":"Ayuntamiento de Coria","alternateName":"Ayto de Coria","url":"https:\/\/coria.org\/ayuntamiento\/","logo":{"@type":"ImageObject","inLanguage":"es","@id":"https:\/\/coria.org\/ayuntamiento\/#\/schema\/logo\/image\/","url":"https:\/\/coria.org\/ayuntamiento\/wp-content\/uploads\/2020\/12\/escudo-ayuntamiento-coria.png","contentUrl":"https:\/\/coria.org\/ayuntamiento\/wp-content\/uploads\/2020\/12\/escudo-ayuntamiento-coria.png","width":511,"height":240,"caption":"Ayuntamiento de Coria"},"image":{"@id":"https:\/\/coria.org\/ayuntamiento\/#\/schema\/logo\/image\/"},"sameAs":["https:\/\/www.facebook.com\/Ayuntamiento.de.Coria","https:\/\/x.com\/Ayto_de_Coria","https:\/\/www.instagram.com\/coria.ayuntamiento\/","https:\/\/www.youtube.com\/user\/AYUNTAMIENTOCORIA"]},{"@type":"Person","@id":"https:\/\/coria.org\/ayuntamiento\/#\/schema\/person\/8bd589f0e13e8ae5aa06def7a599d622","name":"ayuntamiento","image":{"@type":"ImageObject","inLanguage":"es","@id":"https:\/\/secure.gravatar.com\/avatar\/966e5ed73cad334adda5c87f49f2547f7082f7292c1b627cbb548744383b391c?s=96&d=mm&r=g","url":"https:\/\/secure.gravatar.com\/avatar\/966e5ed73cad334adda5c87f49f2547f7082f7292c1b627cbb548744383b391c?s=96&d=mm&r=g","contentUrl":"https:\/\/secure.gravatar.com\/avatar\/966e5ed73cad334adda5c87f49f2547f7082f7292c1b627cbb548744383b391c?s=96&d=mm&r=g","caption":"ayuntamiento"}}]}},"uagb_featured_image_src":{"full":["https:\/\/coria.org\/ayuntamiento\/wp-content\/uploads\/2024\/08\/PHOTO-2024-08-14-13-14-55.jpg",1600,1200,false],"thumbnail":["https:\/\/coria.org\/ayuntamiento\/wp-content\/uploads\/2024\/08\/PHOTO-2024-08-14-13-14-55-150x150.jpg",150,150,true],"medium":["https:\/\/coria.org\/ayuntamiento\/wp-content\/uploads\/2024\/08\/PHOTO-2024-08-14-13-14-55-300x225.jpg",300,225,true],"medium_large":["https:\/\/coria.org\/ayuntamiento\/wp-content\/uploads\/2024\/08\/PHOTO-2024-08-14-13-14-55-768x576.jpg",768,576,true],"large":["https:\/\/coria.org\/ayuntamiento\/wp-content\/uploads\/2024\/08\/PHOTO-2024-08-14-13-14-55-1024x768.jpg",1024,768,true],"thumblist":["https:\/\/coria.org\/ayuntamiento\/wp-content\/uploads\/2024\/08\/PHOTO-2024-08-14-13-14-55-300x300.jpg",300,300,true],"thumbrelated":["https:\/\/coria.org\/ayuntamiento\/wp-content\/uploads\/2024\/08\/PHOTO-2024-08-14-13-14-55-500x500.jpg",500,500,true],"meccarouselthumb":["https:\/\/coria.org\/ayuntamiento\/wp-content\/uploads\/2024\/08\/PHOTO-2024-08-14-13-14-55-474x324.jpg",474,324,true],"gridsquare":["https:\/\/coria.org\/ayuntamiento\/wp-content\/uploads\/2024\/08\/PHOTO-2024-08-14-13-14-55-391x260.jpg",391,260,true],"tileview":["https:\/\/coria.org\/ayuntamiento\/wp-content\/uploads\/2024\/08\/PHOTO-2024-08-14-13-14-55-300x400.jpg",300,400,true],"1536x1536":["https:\/\/coria.org\/ayuntamiento\/wp-content\/uploads\/2024\/08\/PHOTO-2024-08-14-13-14-55-1536x1152.jpg",1536,1152,true],"2048x2048":["https:\/\/coria.org\/ayuntamiento\/wp-content\/uploads\/2024\/08\/PHOTO-2024-08-14-13-14-55.jpg",1600,1200,false]},"uagb_author_info":{"display_name":"ayuntamiento","author_link":"https:\/\/coria.org\/ayuntamiento\/index.php\/author\/ayuntamiento\/"},"uagb_comment_info":0,"uagb_excerpt":"El Ayuntamiento de Coria ha iniciado el procedimiento de licitaci\u00f3n para la contrataci\u00f3n del servicio de control poblacional de las palomas en el municipio, con el objetivo de abordar la problem\u00e1tica existente con estas aves y contribuir al mantenimiento de la limpieza, salubridad y convivencia en los espacios p\u00fablicos. Con esta actuaci\u00f3n, el Ayuntamiento pretende&hellip;","_links":{"self":[{"href":"https:\/\/coria.org\/ayuntamiento\/index.php\/wp-json\/wp\/v2\/posts\/67678","targetHints":{"allow":["GET"]}}],"collection":[{"href":"https:\/\/coria.org\/ayuntamiento\/index.php\/wp-json\/wp\/v2\/posts"}],"about":[{"href":"https:\/\/coria.org\/ayuntamiento\/index.php\/wp-json\/wp\/v2\/types\/post"}],"author":[{"embeddable":true,"href":"https:\/\/coria.org\/ayuntamiento\/index.php\/wp-json\/wp\/v2\/users\/2"}],"replies":[{"embeddable":true,"href":"https:\/\/coria.org\/ayuntamiento\/index.php\/wp-json\/wp\/v2\/comments?post=67678"}],"version-history":[{"count":1,"href":"https:\/\/coria.org\/ayuntamiento\/index.php\/wp-json\/wp\/v2\/posts\/67678\/revisions"}],"predecessor-version":[{"id":67679,"href":"https:\/\/coria.org\/ayuntamiento\/index.php\/wp-json\/wp\/v2\/posts\/67678\/revisions\/67679"}],"wp:featuredmedia":[{"embeddable":true,"href":"https:\/\/coria.org\/ayuntamiento\/index.php\/wp-json\/wp\/v2\/media\/62039"}],"wp:attachment":[{"href":"https:\/\/coria.org\/ayuntamiento\/index.php\/wp-json\/wp\/v2\/media?parent=67678"}],"wp:term":[{"taxonomy":"category","embeddable":true,"href":"https:\/\/coria.org\/ayuntamiento\/index.php\/wp-json\/wp\/v2\/categories?post=67678"},{"taxonomy":"post_tag","embeddable":true,"href":"https:\/\/coria.org\/ayuntamiento\/index.php\/wp-json\/wp\/v2\/tags?post=67678"}],"curies":[{"name":"wp","href":"https:\/\/api.w.org\/{rel}","templated":true}]}}