{"id":67585,"date":"2026-08-13T11:46:50","date_gmt":"2026-08-13T09:46:50","guid":{"rendered":"https:\/\/coria.org\/ayuntamiento\/?p=67585"},"modified":"2026-08-13T11:46:51","modified_gmt":"2026-08-13T09:46:51","slug":"la-magia-extrema-de-victor-cerro-llega-este-viernes-a-la-catedral-de-coria","status":"publish","type":"post","link":"https:\/\/coria.org\/ayuntamiento\/index.php\/2026\/08\/13\/la-magia-extrema-de-victor-cerro-llega-este-viernes-a-la-catedral-de-coria\/","title":{"rendered":"La magia extrema de V\u00edctor Cerro llega este viernes a la Catedral de Coria"},"content":{"rendered":"\n<p class=\"wp-block-paragraph\">Este viernes 14 de agosto, a las 22:00 horas, la Catedral de Coria ser\u00e1 escenario de una propuesta de magia extrema protagonizada por V\u00edctor Cerro.<\/p>\n\n\n\n<figure data-wp-context=\"{&quot;imageId&quot;:&quot;6a9c5afa95cb9&quot;}\" data-wp-interactive=\"core\/image\" data-wp-key=\"6a9c5afa95cb9\" class=\"wp-block-image alignleft size-full is-resized wp-lightbox-container\"><img loading=\"lazy\" decoding=\"async\" width=\"1080\" height=\"1528\" data-wp-class--hide=\"state.isContentHidden\" data-wp-class--show=\"state.isContentVisible\" data-wp-init=\"callbacks.setButtonStyles\" data-wp-on--click=\"actions.showLightbox\" data-wp-on--load=\"callbacks.setButtonStyles\" data-wp-on--pointerdown=\"actions.preloadImage\" data-wp-on--pointerenter=\"actions.preloadImageWithDelay\" data-wp-on--pointerleave=\"actions.cancelPreload\" data-wp-on-window--resize=\"callbacks.setButtonStyles\" src=\"https:\/\/coria.org\/ayuntamiento\/wp-content\/uploads\/2026\/07\/victor-mago-coria-2026.webp\" alt=\"\" class=\"wp-image-67536\" style=\"width:352px;height:auto\" srcset=\"https:\/\/coria.org\/ayuntamiento\/wp-content\/uploads\/2026\/07\/victor-mago-coria-2026.webp 1080w, https:\/\/coria.org\/ayuntamiento\/wp-content\/uploads\/2026\/07\/victor-mago-coria-2026-768x1087.webp 768w\" sizes=\"auto, (max-width: 1080px) 100vw, 1080px\" \/><button\n\t\t\tclass=\"lightbox-trigger\"\n\t\t\ttype=\"button\"\n\t\t\taria-haspopup=\"dialog\"\n\t\t\tdata-wp-bind--aria-label=\"state.thisImage.triggerButtonAriaLabel\"\n\t\t\tdata-wp-init=\"callbacks.initTriggerButton\"\n\t\t\tdata-wp-on--click=\"actions.showLightbox\"\n\t\t\tdata-wp-style--right=\"state.thisImage.buttonRight\"\n\t\t\tdata-wp-style--top=\"state.thisImage.buttonTop\"\n\t\t>\n\t\t\t<svg xmlns=\"http:\/\/www.w3.org\/2000\/svg\" width=\"12\" height=\"12\" fill=\"none\" viewBox=\"0 0 12 12\">\n\t\t\t\t<path fill=\"#fff\" d=\"M2 0a2 2 0 0 0-2 2v2h1.5V2a.5.5 0 0 1 .5-.5h2V0H2Zm2 10.5H2a.5.5 0 0 1-.5-.5V8H0v2a2 2 0 0 0 2 2h2v-1.5ZM8 12v-1.5h2a.5.5 0 0 0 .5-.5V8H12v2a2 2 0 0 1-2 2H8Zm2-12a2 2 0 0 1 2 2v2h-1.5V2a.5.5 0 0 0-.5-.5H8V0h2Z\" \/>\n\t\t\t<\/svg>\n\t\t<\/button><\/figure>\n\n\n\n<p class=\"wp-block-paragraph\">La ciudad de Coria se prepara para vivir una noche diferente con la celebraci\u00f3n del espect\u00e1culo \u2018La Magia Extrema de V\u00edctor Cerro\u2019, una propuesta que combina magia, riesgo, suspense y grandes dosis de espectacularidad en un entorno \u00fanico como es la Catedral de Coria.<\/p>\n\n\n\n<p class=\"wp-block-paragraph\">El evento tendr\u00e1 lugar ma\u00f1ana viernes 14 de agosto, a partir de las 22:00 horas, y est\u00e1 organizado con la colaboraci\u00f3n del Ayuntamiento de Coria y la Red de Teatro de Extremadura.<\/p>\n\n\n\n<p class=\"wp-block-paragraph\">El espect\u00e1culo estar\u00e1 protagonizado por V\u00edctor Cerro, reconocido por sus propuestas de magia extrema y por llevar al l\u00edmite diferentes disciplinas vinculadas al ilusionismo, el escapismo y el riesgo. Una puesta en escena especialmente dise\u00f1ada para sorprender al p\u00fablico y generar una experiencia cargada de tensi\u00f3n y emoci\u00f3n.<\/p>\n\n\n\n<p class=\"wp-block-paragraph\">La elecci\u00f3n de la Catedral de Coria como escenario a\u00f1ade un atractivo especial a la cita, permitiendo al p\u00fablico disfrutar de una propuesta cultural singular en uno de los espacios m\u00e1s emblem\u00e1ticos de la ciudad.<\/p>\n\n\n\n<p class=\"wp-block-paragraph\">Con esta actividad, Coria contin\u00faa apostando por una programaci\u00f3n cultural variada y de calidad, dentro del Agosto Tur\u00edstico, acercando al p\u00fablico espect\u00e1culos innovadores y diferentes que contribuyen a dinamizar la oferta cultural y de ocio de la localidad durante el verano.<\/p>\n\n\n\n<p class=\"wp-block-paragraph\">La cita ser\u00e1 el viernes 14 de agosto, a las 22:00 horas, en la Catedral de Coria.<\/p>\n\n\n\n<p class=\"wp-block-paragraph\">La organizaci\u00f3n invita a vecinos y visitantes a disfrutar de una noche de magia y espect\u00e1culo en un marco incomparable.<\/p>\n","protected":false},"excerpt":{"rendered":"<p>Este viernes 14 de agosto, a las 22:00 horas, la Catedral de Coria ser\u00e1 escenario de una propuesta de magia extrema protagonizada por V\u00edctor Cerro. La ciudad de Coria se prepara para vivir una noche diferente con la celebraci\u00f3n del espect\u00e1culo \u2018La Magia Extrema de V\u00edctor Cerro\u2019, una propuesta que combina magia, riesgo, suspense y [&hellip;]<\/p>\n","protected":false},"author":1,"featured_media":67536,"comment_status":"open","ping_status":"open","sticky":false,"template":"","format":"standard","meta":{"_uag_custom_page_level_css":"","footnotes":""},"categories":[9,2],"tags":[],"class_list":["post-67585","post","type-post","status-publish","format-standard","has-post-thumbnail","hentry","category-destacado","category-noticias"],"yoast_head":"<!-- This site is optimized with the Yoast SEO plugin v28.2 - https:\/\/yoast.com\/product\/yoast-seo-wordpress\/ -->\n<title>La magia extrema de V\u00edctor Cerro llega este viernes a la Catedral de Coria - Ayuntamiento de Coria<\/title>\n<meta name=\"description\" content=\"Este viernes 14 de agosto, a las 22:00 horas, la Catedral de Coria ser\u00e1 escenario de una propuesta de magia extrema protagonizada por V\u00edctor Cerro.\" \/>\n<meta name=\"robots\" content=\"index, follow, max-snippet:-1, max-image-preview:large, max-video-preview:-1\" \/>\n<link rel=\"canonical\" href=\"https:\/\/coria.org\/ayuntamiento\/index.php\/2026\/08\/13\/la-magia-extrema-de-victor-cerro-llega-este-viernes-a-la-catedral-de-coria\/\" \/>\n<meta property=\"og:locale\" content=\"es_ES\" \/>\n<meta property=\"og:type\" content=\"article\" \/>\n<meta property=\"og:title\" content=\"La magia extrema de V\u00edctor Cerro llega este viernes a la Catedral de Coria\" \/>\n<meta property=\"og:description\" content=\"Este viernes 14 de agosto, a las 22:00 horas, la Catedral de Coria ser\u00e1 escenario de una propuesta de magia extrema protagonizada por V\u00edctor Cerro.\" \/>\n<meta property=\"og:url\" content=\"https:\/\/coria.org\/ayuntamiento\/index.php\/2026\/08\/13\/la-magia-extrema-de-victor-cerro-llega-este-viernes-a-la-catedral-de-coria\/\" \/>\n<meta property=\"og:site_name\" content=\"Ayuntamiento de Coria\" \/>\n<meta property=\"article:publisher\" content=\"https:\/\/www.facebook.com\/Ayuntamiento.de.Coria\" \/>\n<meta property=\"article:published_time\" content=\"2026-08-13T09:46:50+00:00\" \/>\n<meta property=\"article:modified_time\" content=\"2026-08-13T09:46:51+00:00\" \/>\n<meta property=\"og:image\" content=\"https:\/\/coria.org\/ayuntamiento\/wp-content\/uploads\/2026\/07\/victor-mago-coria-2026.webp\" \/>\n\t<meta property=\"og:image:width\" content=\"1080\" \/>\n\t<meta property=\"og:image:height\" content=\"1528\" \/>\n\t<meta property=\"og:image:type\" content=\"image\/webp\" \/>\n<meta name=\"author\" content=\"importa\" \/>\n<meta name=\"twitter:card\" content=\"summary_large_image\" \/>\n<meta name=\"twitter:title\" content=\"La magia extrema de V\u00edctor Cerro llega este viernes a la Catedral de Coria\" \/>\n<meta name=\"twitter:description\" content=\"Este viernes 14 de agosto, a las 22:00 horas, la Catedral de Coria ser\u00e1 escenario de una propuesta de magia extrema protagonizada por V\u00edctor Cerro.\" \/>\n<meta name=\"twitter:image\" content=\"https:\/\/coria.org\/ayuntamiento\/wp-content\/uploads\/2026\/07\/victor-mago-coria-2026.webp\" \/>\n<meta name=\"twitter:creator\" content=\"@Ayto_de_Coria\" \/>\n<meta name=\"twitter:site\" content=\"@Ayto_de_Coria\" \/>\n<meta name=\"twitter:label1\" content=\"Escrito por\" \/>\n\t<meta name=\"twitter:data1\" content=\"importa\" \/>\n\t<meta name=\"twitter:label2\" content=\"Tiempo de lectura\" \/>\n\t<meta name=\"twitter:data2\" content=\"2 minutos\" \/>\n<script type=\"application\/ld+json\" class=\"yoast-schema-graph\">{\"@context\":\"https:\\\/\\\/schema.org\",\"@graph\":[{\"@type\":\"Article\",\"@id\":\"https:\\\/\\\/coria.org\\\/ayuntamiento\\\/index.php\\\/2026\\\/08\\\/13\\\/la-magia-extrema-de-victor-cerro-llega-este-viernes-a-la-catedral-de-coria\\\/#article\",\"isPartOf\":{\"@id\":\"https:\\\/\\\/coria.org\\\/ayuntamiento\\\/index.php\\\/2026\\\/08\\\/13\\\/la-magia-extrema-de-victor-cerro-llega-este-viernes-a-la-catedral-de-coria\\\/\"},\"author\":{\"name\":\"importa\",\"@id\":\"https:\\\/\\\/coria.org\\\/ayuntamiento\\\/#\\\/schema\\\/person\\\/c111d157e5c430a0360e94ad0d1e1c02\"},\"headline\":\"La magia extrema de V\u00edctor Cerro llega este viernes a la Catedral de Coria\",\"datePublished\":\"2026-08-13T09:46:50+00:00\",\"dateModified\":\"2026-08-13T09:46:51+00:00\",\"mainEntityOfPage\":{\"@id\":\"https:\\\/\\\/coria.org\\\/ayuntamiento\\\/index.php\\\/2026\\\/08\\\/13\\\/la-magia-extrema-de-victor-cerro-llega-este-viernes-a-la-catedral-de-coria\\\/\"},\"wordCount\":296,\"commentCount\":0,\"publisher\":{\"@id\":\"https:\\\/\\\/coria.org\\\/ayuntamiento\\\/#organization\"},\"image\":{\"@id\":\"https:\\\/\\\/coria.org\\\/ayuntamiento\\\/index.php\\\/2026\\\/08\\\/13\\\/la-magia-extrema-de-victor-cerro-llega-este-viernes-a-la-catedral-de-coria\\\/#primaryimage\"},\"thumbnailUrl\":\"https:\\\/\\\/coria.org\\\/ayuntamiento\\\/wp-content\\\/uploads\\\/2026\\\/07\\\/victor-mago-coria-2026.webp\",\"articleSection\":[\"Destacado\",\"Noticias\"],\"inLanguage\":\"es\",\"potentialAction\":[{\"@type\":\"CommentAction\",\"name\":\"Comment\",\"target\":[\"https:\\\/\\\/coria.org\\\/ayuntamiento\\\/index.php\\\/2026\\\/08\\\/13\\\/la-magia-extrema-de-victor-cerro-llega-este-viernes-a-la-catedral-de-coria\\\/#respond\"]}]},{\"@type\":\"WebPage\",\"@id\":\"https:\\\/\\\/coria.org\\\/ayuntamiento\\\/index.php\\\/2026\\\/08\\\/13\\\/la-magia-extrema-de-victor-cerro-llega-este-viernes-a-la-catedral-de-coria\\\/\",\"url\":\"https:\\\/\\\/coria.org\\\/ayuntamiento\\\/index.php\\\/2026\\\/08\\\/13\\\/la-magia-extrema-de-victor-cerro-llega-este-viernes-a-la-catedral-de-coria\\\/\",\"name\":\"La magia extrema de V\u00edctor Cerro llega este viernes a la Catedral de Coria - Ayuntamiento de Coria\",\"isPartOf\":{\"@id\":\"https:\\\/\\\/coria.org\\\/ayuntamiento\\\/#website\"},\"primaryImageOfPage\":{\"@id\":\"https:\\\/\\\/coria.org\\\/ayuntamiento\\\/index.php\\\/2026\\\/08\\\/13\\\/la-magia-extrema-de-victor-cerro-llega-este-viernes-a-la-catedral-de-coria\\\/#primaryimage\"},\"image\":{\"@id\":\"https:\\\/\\\/coria.org\\\/ayuntamiento\\\/index.php\\\/2026\\\/08\\\/13\\\/la-magia-extrema-de-victor-cerro-llega-este-viernes-a-la-catedral-de-coria\\\/#primaryimage\"},\"thumbnailUrl\":\"https:\\\/\\\/coria.org\\\/ayuntamiento\\\/wp-content\\\/uploads\\\/2026\\\/07\\\/victor-mago-coria-2026.webp\",\"datePublished\":\"2026-08-13T09:46:50+00:00\",\"dateModified\":\"2026-08-13T09:46:51+00:00\",\"description\":\"Este viernes 14 de agosto, a las 22:00 horas, la Catedral de Coria ser\u00e1 escenario de una propuesta de magia extrema protagonizada por V\u00edctor Cerro.\",\"breadcrumb\":{\"@id\":\"https:\\\/\\\/coria.org\\\/ayuntamiento\\\/index.php\\\/2026\\\/08\\\/13\\\/la-magia-extrema-de-victor-cerro-llega-este-viernes-a-la-catedral-de-coria\\\/#breadcrumb\"},\"inLanguage\":\"es\",\"potentialAction\":[{\"@type\":\"ReadAction\",\"target\":[\"https:\\\/\\\/coria.org\\\/ayuntamiento\\\/index.php\\\/2026\\\/08\\\/13\\\/la-magia-extrema-de-victor-cerro-llega-este-viernes-a-la-catedral-de-coria\\\/\"]}]},{\"@type\":\"ImageObject\",\"inLanguage\":\"es\",\"@id\":\"https:\\\/\\\/coria.org\\\/ayuntamiento\\\/index.php\\\/2026\\\/08\\\/13\\\/la-magia-extrema-de-victor-cerro-llega-este-viernes-a-la-catedral-de-coria\\\/#primaryimage\",\"url\":\"https:\\\/\\\/coria.org\\\/ayuntamiento\\\/wp-content\\\/uploads\\\/2026\\\/07\\\/victor-mago-coria-2026.webp\",\"contentUrl\":\"https:\\\/\\\/coria.org\\\/ayuntamiento\\\/wp-content\\\/uploads\\\/2026\\\/07\\\/victor-mago-coria-2026.webp\",\"width\":1080,\"height\":1528},{\"@type\":\"BreadcrumbList\",\"@id\":\"https:\\\/\\\/coria.org\\\/ayuntamiento\\\/index.php\\\/2026\\\/08\\\/13\\\/la-magia-extrema-de-victor-cerro-llega-este-viernes-a-la-catedral-de-coria\\\/#breadcrumb\",\"itemListElement\":[{\"@type\":\"ListItem\",\"position\":1,\"name\":\"Inicio\",\"item\":\"https:\\\/\\\/coria.org\\\/ayuntamiento\\\/\"},{\"@type\":\"ListItem\",\"position\":2,\"name\":\"La magia extrema de V\u00edctor Cerro llega este viernes a la Catedral de Coria\"}]},{\"@type\":\"WebSite\",\"@id\":\"https:\\\/\\\/coria.org\\\/ayuntamiento\\\/#website\",\"url\":\"https:\\\/\\\/coria.org\\\/ayuntamiento\\\/\",\"name\":\"Ayuntamiento de Coria\",\"description\":\"Web oficial del Ayuntamiento de Coria\",\"publisher\":{\"@id\":\"https:\\\/\\\/coria.org\\\/ayuntamiento\\\/#organization\"},\"alternateName\":\"Web Oficial del Ayuntamiento de Coria\",\"potentialAction\":[{\"@type\":\"SearchAction\",\"target\":{\"@type\":\"EntryPoint\",\"urlTemplate\":\"https:\\\/\\\/coria.org\\\/ayuntamiento\\\/?s={search_term_string}\"},\"query-input\":{\"@type\":\"PropertyValueSpecification\",\"valueRequired\":true,\"valueName\":\"search_term_string\"}}],\"inLanguage\":\"es\"},{\"@type\":\"Organization\",\"@id\":\"https:\\\/\\\/coria.org\\\/ayuntamiento\\\/#organization\",\"name\":\"Ayuntamiento de Coria\",\"alternateName\":\"Ayto de Coria\",\"url\":\"https:\\\/\\\/coria.org\\\/ayuntamiento\\\/\",\"logo\":{\"@type\":\"ImageObject\",\"inLanguage\":\"es\",\"@id\":\"https:\\\/\\\/coria.org\\\/ayuntamiento\\\/#\\\/schema\\\/logo\\\/image\\\/\",\"url\":\"https:\\\/\\\/coria.org\\\/ayuntamiento\\\/wp-content\\\/uploads\\\/2020\\\/12\\\/escudo-ayuntamiento-coria.png\",\"contentUrl\":\"https:\\\/\\\/coria.org\\\/ayuntamiento\\\/wp-content\\\/uploads\\\/2020\\\/12\\\/escudo-ayuntamiento-coria.png\",\"width\":511,\"height\":240,\"caption\":\"Ayuntamiento de Coria\"},\"image\":{\"@id\":\"https:\\\/\\\/coria.org\\\/ayuntamiento\\\/#\\\/schema\\\/logo\\\/image\\\/\"},\"sameAs\":[\"https:\\\/\\\/www.facebook.com\\\/Ayuntamiento.de.Coria\",\"https:\\\/\\\/x.com\\\/Ayto_de_Coria\",\"https:\\\/\\\/www.instagram.com\\\/coria.ayuntamiento\\\/\",\"https:\\\/\\\/www.youtube.com\\\/user\\\/AYUNTAMIENTOCORIA\"]},{\"@type\":\"Person\",\"@id\":\"https:\\\/\\\/coria.org\\\/ayuntamiento\\\/#\\\/schema\\\/person\\\/c111d157e5c430a0360e94ad0d1e1c02\",\"name\":\"importa\",\"image\":{\"@type\":\"ImageObject\",\"inLanguage\":\"es\",\"@id\":\"https:\\\/\\\/secure.gravatar.com\\\/avatar\\\/e7aa70013b40a330308a8520c698d922a1dbfcf2033e35f88ca6a83602138ac4?s=96&d=mm&r=g\",\"url\":\"https:\\\/\\\/secure.gravatar.com\\\/avatar\\\/e7aa70013b40a330308a8520c698d922a1dbfcf2033e35f88ca6a83602138ac4?s=96&d=mm&r=g\",\"contentUrl\":\"https:\\\/\\\/secure.gravatar.com\\\/avatar\\\/e7aa70013b40a330308a8520c698d922a1dbfcf2033e35f88ca6a83602138ac4?s=96&d=mm&r=g\",\"caption\":\"importa\"},\"sameAs\":[\"https:\\\/\\\/coria.org\\\/ayuntamiento\"]}]}<\/script>\n<!-- \/ Yoast SEO plugin. -->","yoast_head_json":{"title":"La magia extrema de V\u00edctor Cerro llega este viernes a la Catedral de Coria - Ayuntamiento de Coria","description":"Este viernes 14 de agosto, a las 22:00 horas, la Catedral de Coria ser\u00e1 escenario de una propuesta de magia extrema protagonizada por V\u00edctor Cerro.","robots":{"index":"index","follow":"follow","max-snippet":"max-snippet:-1","max-image-preview":"max-image-preview:large","max-video-preview":"max-video-preview:-1"},"canonical":"https:\/\/coria.org\/ayuntamiento\/index.php\/2026\/08\/13\/la-magia-extrema-de-victor-cerro-llega-este-viernes-a-la-catedral-de-coria\/","og_locale":"es_ES","og_type":"article","og_title":"La magia extrema de V\u00edctor Cerro llega este viernes a la Catedral de Coria","og_description":"Este viernes 14 de agosto, a las 22:00 horas, la Catedral de Coria ser\u00e1 escenario de una propuesta de magia extrema protagonizada por V\u00edctor Cerro.","og_url":"https:\/\/coria.org\/ayuntamiento\/index.php\/2026\/08\/13\/la-magia-extrema-de-victor-cerro-llega-este-viernes-a-la-catedral-de-coria\/","og_site_name":"Ayuntamiento de Coria","article_publisher":"https:\/\/www.facebook.com\/Ayuntamiento.de.Coria","article_published_time":"2026-08-13T09:46:50+00:00","article_modified_time":"2026-08-13T09:46:51+00:00","og_image":[{"width":1080,"height":1528,"url":"https:\/\/coria.org\/ayuntamiento\/wp-content\/uploads\/2026\/07\/victor-mago-coria-2026.webp","type":"image\/webp"}],"author":"importa","twitter_card":"summary_large_image","twitter_title":"La magia extrema de V\u00edctor Cerro llega este viernes a la Catedral de Coria","twitter_description":"Este viernes 14 de agosto, a las 22:00 horas, la Catedral de Coria ser\u00e1 escenario de una propuesta de magia extrema protagonizada por V\u00edctor Cerro.","twitter_image":"https:\/\/coria.org\/ayuntamiento\/wp-content\/uploads\/2026\/07\/victor-mago-coria-2026.webp","twitter_creator":"@Ayto_de_Coria","twitter_site":"@Ayto_de_Coria","twitter_misc":{"Escrito por":"importa","Tiempo de lectura":"2 minutos"},"schema":{"@context":"https:\/\/schema.org","@graph":[{"@type":"Article","@id":"https:\/\/coria.org\/ayuntamiento\/index.php\/2026\/08\/13\/la-magia-extrema-de-victor-cerro-llega-este-viernes-a-la-catedral-de-coria\/#article","isPartOf":{"@id":"https:\/\/coria.org\/ayuntamiento\/index.php\/2026\/08\/13\/la-magia-extrema-de-victor-cerro-llega-este-viernes-a-la-catedral-de-coria\/"},"author":{"name":"importa","@id":"https:\/\/coria.org\/ayuntamiento\/#\/schema\/person\/c111d157e5c430a0360e94ad0d1e1c02"},"headline":"La magia extrema de V\u00edctor Cerro llega este viernes a la Catedral de Coria","datePublished":"2026-08-13T09:46:50+00:00","dateModified":"2026-08-13T09:46:51+00:00","mainEntityOfPage":{"@id":"https:\/\/coria.org\/ayuntamiento\/index.php\/2026\/08\/13\/la-magia-extrema-de-victor-cerro-llega-este-viernes-a-la-catedral-de-coria\/"},"wordCount":296,"commentCount":0,"publisher":{"@id":"https:\/\/coria.org\/ayuntamiento\/#organization"},"image":{"@id":"https:\/\/coria.org\/ayuntamiento\/index.php\/2026\/08\/13\/la-magia-extrema-de-victor-cerro-llega-este-viernes-a-la-catedral-de-coria\/#primaryimage"},"thumbnailUrl":"https:\/\/coria.org\/ayuntamiento\/wp-content\/uploads\/2026\/07\/victor-mago-coria-2026.webp","articleSection":["Destacado","Noticias"],"inLanguage":"es","potentialAction":[{"@type":"CommentAction","name":"Comment","target":["https:\/\/coria.org\/ayuntamiento\/index.php\/2026\/08\/13\/la-magia-extrema-de-victor-cerro-llega-este-viernes-a-la-catedral-de-coria\/#respond"]}]},{"@type":"WebPage","@id":"https:\/\/coria.org\/ayuntamiento\/index.php\/2026\/08\/13\/la-magia-extrema-de-victor-cerro-llega-este-viernes-a-la-catedral-de-coria\/","url":"https:\/\/coria.org\/ayuntamiento\/index.php\/2026\/08\/13\/la-magia-extrema-de-victor-cerro-llega-este-viernes-a-la-catedral-de-coria\/","name":"La magia extrema de V\u00edctor Cerro llega este viernes a la Catedral de Coria - Ayuntamiento de Coria","isPartOf":{"@id":"https:\/\/coria.org\/ayuntamiento\/#website"},"primaryImageOfPage":{"@id":"https:\/\/coria.org\/ayuntamiento\/index.php\/2026\/08\/13\/la-magia-extrema-de-victor-cerro-llega-este-viernes-a-la-catedral-de-coria\/#primaryimage"},"image":{"@id":"https:\/\/coria.org\/ayuntamiento\/index.php\/2026\/08\/13\/la-magia-extrema-de-victor-cerro-llega-este-viernes-a-la-catedral-de-coria\/#primaryimage"},"thumbnailUrl":"https:\/\/coria.org\/ayuntamiento\/wp-content\/uploads\/2026\/07\/victor-mago-coria-2026.webp","datePublished":"2026-08-13T09:46:50+00:00","dateModified":"2026-08-13T09:46:51+00:00","description":"Este viernes 14 de agosto, a las 22:00 horas, la Catedral de Coria ser\u00e1 escenario de una propuesta de magia extrema protagonizada por V\u00edctor Cerro.","breadcrumb":{"@id":"https:\/\/coria.org\/ayuntamiento\/index.php\/2026\/08\/13\/la-magia-extrema-de-victor-cerro-llega-este-viernes-a-la-catedral-de-coria\/#breadcrumb"},"inLanguage":"es","potentialAction":[{"@type":"ReadAction","target":["https:\/\/coria.org\/ayuntamiento\/index.php\/2026\/08\/13\/la-magia-extrema-de-victor-cerro-llega-este-viernes-a-la-catedral-de-coria\/"]}]},{"@type":"ImageObject","inLanguage":"es","@id":"https:\/\/coria.org\/ayuntamiento\/index.php\/2026\/08\/13\/la-magia-extrema-de-victor-cerro-llega-este-viernes-a-la-catedral-de-coria\/#primaryimage","url":"https:\/\/coria.org\/ayuntamiento\/wp-content\/uploads\/2026\/07\/victor-mago-coria-2026.webp","contentUrl":"https:\/\/coria.org\/ayuntamiento\/wp-content\/uploads\/2026\/07\/victor-mago-coria-2026.webp","width":1080,"height":1528},{"@type":"BreadcrumbList","@id":"https:\/\/coria.org\/ayuntamiento\/index.php\/2026\/08\/13\/la-magia-extrema-de-victor-cerro-llega-este-viernes-a-la-catedral-de-coria\/#breadcrumb","itemListElement":[{"@type":"ListItem","position":1,"name":"Inicio","item":"https:\/\/coria.org\/ayuntamiento\/"},{"@type":"ListItem","position":2,"name":"La magia extrema de V\u00edctor Cerro llega este viernes a la Catedral de Coria"}]},{"@type":"WebSite","@id":"https:\/\/coria.org\/ayuntamiento\/#website","url":"https:\/\/coria.org\/ayuntamiento\/","name":"Ayuntamiento de Coria","description":"Web oficial del Ayuntamiento de Coria","publisher":{"@id":"https:\/\/coria.org\/ayuntamiento\/#organization"},"alternateName":"Web Oficial del Ayuntamiento de Coria","potentialAction":[{"@type":"SearchAction","target":{"@type":"EntryPoint","urlTemplate":"https:\/\/coria.org\/ayuntamiento\/?s={search_term_string}"},"query-input":{"@type":"PropertyValueSpecification","valueRequired":true,"valueName":"search_term_string"}}],"inLanguage":"es"},{"@type":"Organization","@id":"https:\/\/coria.org\/ayuntamiento\/#organization","name":"Ayuntamiento de Coria","alternateName":"Ayto de Coria","url":"https:\/\/coria.org\/ayuntamiento\/","logo":{"@type":"ImageObject","inLanguage":"es","@id":"https:\/\/coria.org\/ayuntamiento\/#\/schema\/logo\/image\/","url":"https:\/\/coria.org\/ayuntamiento\/wp-content\/uploads\/2020\/12\/escudo-ayuntamiento-coria.png","contentUrl":"https:\/\/coria.org\/ayuntamiento\/wp-content\/uploads\/2020\/12\/escudo-ayuntamiento-coria.png","width":511,"height":240,"caption":"Ayuntamiento de Coria"},"image":{"@id":"https:\/\/coria.org\/ayuntamiento\/#\/schema\/logo\/image\/"},"sameAs":["https:\/\/www.facebook.com\/Ayuntamiento.de.Coria","https:\/\/x.com\/Ayto_de_Coria","https:\/\/www.instagram.com\/coria.ayuntamiento\/","https:\/\/www.youtube.com\/user\/AYUNTAMIENTOCORIA"]},{"@type":"Person","@id":"https:\/\/coria.org\/ayuntamiento\/#\/schema\/person\/c111d157e5c430a0360e94ad0d1e1c02","name":"importa","image":{"@type":"ImageObject","inLanguage":"es","@id":"https:\/\/secure.gravatar.com\/avatar\/e7aa70013b40a330308a8520c698d922a1dbfcf2033e35f88ca6a83602138ac4?s=96&d=mm&r=g","url":"https:\/\/secure.gravatar.com\/avatar\/e7aa70013b40a330308a8520c698d922a1dbfcf2033e35f88ca6a83602138ac4?s=96&d=mm&r=g","contentUrl":"https:\/\/secure.gravatar.com\/avatar\/e7aa70013b40a330308a8520c698d922a1dbfcf2033e35f88ca6a83602138ac4?s=96&d=mm&r=g","caption":"importa"},"sameAs":["https:\/\/coria.org\/ayuntamiento"]}]}},"uagb_featured_image_src":{"full":["https:\/\/coria.org\/ayuntamiento\/wp-content\/uploads\/2026\/07\/victor-mago-coria-2026.webp",1080,1528,false],"thumbnail":["https:\/\/coria.org\/ayuntamiento\/wp-content\/uploads\/2026\/07\/victor-mago-coria-2026-150x150.webp",150,150,true],"medium":["https:\/\/coria.org\/ayuntamiento\/wp-content\/uploads\/2026\/07\/victor-mago-coria-2026.webp",1080,1528,false],"medium_large":["https:\/\/coria.org\/ayuntamiento\/wp-content\/uploads\/2026\/07\/victor-mago-coria-2026-768x1087.webp",768,1087,true],"large":["https:\/\/coria.org\/ayuntamiento\/wp-content\/uploads\/2026\/07\/victor-mago-coria-2026.webp",1080,1528,false],"thumblist":["https:\/\/coria.org\/ayuntamiento\/wp-content\/uploads\/2026\/07\/victor-mago-coria-2026-300x300.webp",300,300,true],"thumbrelated":["https:\/\/coria.org\/ayuntamiento\/wp-content\/uploads\/2026\/07\/victor-mago-coria-2026-500x500.webp",500,500,true],"meccarouselthumb":["https:\/\/coria.org\/ayuntamiento\/wp-content\/uploads\/2026\/07\/victor-mago-coria-2026-474x324.webp",474,324,true],"gridsquare":["https:\/\/coria.org\/ayuntamiento\/wp-content\/uploads\/2026\/07\/victor-mago-coria-2026-391x260.webp",391,260,true],"tileview":["https:\/\/coria.org\/ayuntamiento\/wp-content\/uploads\/2026\/07\/victor-mago-coria-2026-300x400.webp",300,400,true],"1536x1536":["https:\/\/coria.org\/ayuntamiento\/wp-content\/uploads\/2026\/07\/victor-mago-coria-2026.webp",1080,1528,false],"2048x2048":["https:\/\/coria.org\/ayuntamiento\/wp-content\/uploads\/2026\/07\/victor-mago-coria-2026.webp",1080,1528,false]},"uagb_author_info":{"display_name":"importa","author_link":"https:\/\/coria.org\/ayuntamiento\/index.php\/author\/importa\/"},"uagb_comment_info":0,"uagb_excerpt":"Este viernes 14 de agosto, a las 22:00 horas, la Catedral de Coria ser\u00e1 escenario de una propuesta de magia extrema protagonizada por V\u00edctor Cerro. La ciudad de Coria se prepara para vivir una noche diferente con la celebraci\u00f3n del espect\u00e1culo \u2018La Magia Extrema de V\u00edctor Cerro\u2019, una propuesta que combina magia, riesgo, suspense y&hellip;","_links":{"self":[{"href":"https:\/\/coria.org\/ayuntamiento\/index.php\/wp-json\/wp\/v2\/posts\/67585","targetHints":{"allow":["GET"]}}],"collection":[{"href":"https:\/\/coria.org\/ayuntamiento\/index.php\/wp-json\/wp\/v2\/posts"}],"about":[{"href":"https:\/\/coria.org\/ayuntamiento\/index.php\/wp-json\/wp\/v2\/types\/post"}],"author":[{"embeddable":true,"href":"https:\/\/coria.org\/ayuntamiento\/index.php\/wp-json\/wp\/v2\/users\/1"}],"replies":[{"embeddable":true,"href":"https:\/\/coria.org\/ayuntamiento\/index.php\/wp-json\/wp\/v2\/comments?post=67585"}],"version-history":[{"count":1,"href":"https:\/\/coria.org\/ayuntamiento\/index.php\/wp-json\/wp\/v2\/posts\/67585\/revisions"}],"predecessor-version":[{"id":67586,"href":"https:\/\/coria.org\/ayuntamiento\/index.php\/wp-json\/wp\/v2\/posts\/67585\/revisions\/67586"}],"wp:featuredmedia":[{"embeddable":true,"href":"https:\/\/coria.org\/ayuntamiento\/index.php\/wp-json\/wp\/v2\/media\/67536"}],"wp:attachment":[{"href":"https:\/\/coria.org\/ayuntamiento\/index.php\/wp-json\/wp\/v2\/media?parent=67585"}],"wp:term":[{"taxonomy":"category","embeddable":true,"href":"https:\/\/coria.org\/ayuntamiento\/index.php\/wp-json\/wp\/v2\/categories?post=67585"},{"taxonomy":"post_tag","embeddable":true,"href":"https:\/\/coria.org\/ayuntamiento\/index.php\/wp-json\/wp\/v2\/tags?post=67585"}],"curies":[{"name":"wp","href":"https:\/\/api.w.org\/{rel}","templated":true}]}}