{"id":67091,"date":"2026-07-20T11:03:41","date_gmt":"2026-07-20T09:03:41","guid":{"rendered":"https:\/\/coria.org\/ayuntamiento\/?p=67091"},"modified":"2026-07-31T08:07:52","modified_gmt":"2026-07-31T06:07:52","slug":"el-barrio-de-moscoso-se-prepara-para-vivir-sus-fiestas-con-cuatro-dias-de-actividades-para-todos-los-publicos","status":"publish","type":"post","link":"https:\/\/coria.org\/ayuntamiento\/index.php\/2026\/07\/20\/el-barrio-de-moscoso-se-prepara-para-vivir-sus-fiestas-con-cuatro-dias-de-actividades-para-todos-los-publicos\/","title":{"rendered":"El Barrio de Moscoso se prepara para vivir sus fiestas con cuatro d\u00edas de actividades para todos los p\u00fablicos"},"content":{"rendered":"\n<p class=\"wp-block-paragraph\">Las celebraciones se desarrollar\u00e1n del 23 al 26 de julio con juegos infantiles, conciertos gratuitos y actos religiosos<\/p>\n\n\n<figure class=\"wp-block-post-featured-image\"><img loading=\"lazy\" decoding=\"async\" width=\"1920\" height=\"1440\" src=\"https:\/\/coria.org\/ayuntamiento\/wp-content\/uploads\/2026\/07\/fiestas-moscoso-2026.webp\" class=\"attachment-post-thumbnail size-post-thumbnail wp-post-image\" alt=\"\" style=\"object-fit:cover;\" srcset=\"https:\/\/coria.org\/ayuntamiento\/wp-content\/uploads\/2026\/07\/fiestas-moscoso-2026.webp 1920w, https:\/\/coria.org\/ayuntamiento\/wp-content\/uploads\/2026\/07\/fiestas-moscoso-2026-768x576.webp 768w, https:\/\/coria.org\/ayuntamiento\/wp-content\/uploads\/2026\/07\/fiestas-moscoso-2026-1536x1152.webp 1536w\" sizes=\"auto, (max-width: 1920px) 100vw, 1920px\" \/><\/figure>\n\n\n<p class=\"wp-block-paragraph\">La Asociaci\u00f3n de Vecinos del Barrio de Santiago, m\u00e1s conocido como Barrio de Moscoso, en colaboraci\u00f3n con el Ayuntamiento de Coria, ha presentado la programaci\u00f3n de sus fiestas, una cita que vuelve al calendario festivo de la ciudad y que reunir\u00e1 a vecinos y visitantes durante cuatro jornadas de convivencia, cultura y ocio.<\/p>\n\n\n\n<p class=\"wp-block-paragraph\">La programaci\u00f3n arrancar\u00e1 el jueves 23 de julio con la \u2018Fiesta de los Ni\u00f1os\u2019, que contar\u00e1 con un gran parque acu\u00e1tico instalado en la Plaza del Molino a partir de las 19:00 horas, ofreciendo una tarde de diversi\u00f3n para los m\u00e1s peque\u00f1os. Se recomienda llevar flotador.<\/p>\n\n\n\n<p class=\"wp-block-paragraph\">El viernes 24 de julio, a partir de las diez y cuarto de cuarto de la noche, la Plaza del Gobernador acoger\u00e1 el inicio de la programaci\u00f3n musical con la actuaci\u00f3n de \u2018Extrarradio\u2019, tributo al cantante asturiano Melendi. Posteriormente, sobre las once y cuarto de la noche, tendr\u00e1 lugar el preg\u00f3n de las fiestas, este a\u00f1o a cargo de Jos\u00e9 Garc\u00eda Valiente (Jose Serimar). Adem\u00e1s, durante el preg\u00f3n, se rendir\u00e1 un homenaje a la familia \u201cKarpint\u201d como reconocimiento a su trayectoria profesional y a su vinculaci\u00f3n con el barrio y la ciudad de Coria.<\/p>\n\n\n\n<p class=\"wp-block-paragraph\">Despu\u00e9s llegar\u00e1 el gran concierto de \u2018Extopa\u2019, considerado uno de los tributos m\u00e1s destacados al conocido grupo espa\u00f1ol. Para finalizar, sesi\u00f3n musical del DJ Borja Nieto.<\/p>\n\n\n\n<p class=\"wp-block-paragraph\">La m\u00fasica continuar\u00e1 el s\u00e1bado 25, a partir de las diez de la noche, con la actuaci\u00f3n de El\u00edas Soler, seguida del espect\u00e1culo \u2018La Competencia\u2019, con un recorrido por los grandes \u00e9xitos del pop espa\u00f1ol. El broche final de la jornada lo pondr\u00e1 el grupo \u2018Blood Brothers\u2019, completando una noche de actuaciones pensada para todos los p\u00fablicos.<\/p>\n\n\n\n<p class=\"wp-block-paragraph\">Las fiestas concluir\u00e1n el domingo 26 de julio, con la celebraci\u00f3n de la Santa Misa y posterior procesi\u00f3n de Santiago Ap\u00f3stol, patr\u00f3n del barrio, a la una de la tarde.<\/p>\n\n\n\n<p class=\"wp-block-paragraph\">Durante el recorrido procesional tendr\u00e1 lugar uno de los momentos m\u00e1s emotivos de estas fiestas: el descubrimiento de una placa con la que el Ayuntamiento de Coria y la Asociaci\u00f3n de Vecinos dedicar\u00e1n la Plaza de Granadilla a Jes\u00fas Herrero \u201cChuchi el Obispo\u201d.<\/p>\n\n\n\n<p class=\"wp-block-paragraph\">Con esta programaci\u00f3n, el Ayuntamiento de Coria reafirma su compromiso con la promoci\u00f3n de unas fiestas que fomentan la participaci\u00f3n ciudadana, la convivencia intergeneracional y la dinamizaci\u00f3n de los barrios de la ciudad.<\/p>\n\n\n\n<p class=\"wp-block-paragraph\">Desde el consistorio se invita a vecinos y visitantes a compartir cuatro d\u00edas de convivencia, m\u00fasica, tradici\u00f3n y actividades para toda la familia en unas fiestas que vuelven a convertir al Barrio de Moscoso en un punto de encuentro para la ciudad.<\/p>\n\n\n\n<figure data-wp-context=\"{&quot;imageId&quot;:&quot;6a9bd504c4519&quot;}\" data-wp-interactive=\"core\/image\" data-wp-key=\"6a9bd504c4519\" class=\"wp-block-image size-full is-resized wp-lightbox-container\"><img loading=\"lazy\" decoding=\"async\" width=\"1080\" height=\"1525\" data-wp-class--hide=\"state.isContentHidden\" data-wp-class--show=\"state.isContentVisible\" data-wp-init=\"callbacks.setButtonStyles\" data-wp-on--click=\"actions.showLightbox\" data-wp-on--load=\"callbacks.setButtonStyles\" data-wp-on--pointerdown=\"actions.preloadImage\" data-wp-on--pointerenter=\"actions.preloadImageWithDelay\" data-wp-on--pointerleave=\"actions.cancelPreload\" data-wp-on-window--resize=\"callbacks.setButtonStyles\" src=\"https:\/\/coria.org\/ayuntamiento\/wp-content\/uploads\/2026\/07\/fiestas-moscoso-26.webp\" alt=\"\" class=\"wp-image-66983\" style=\"width:550px;height:auto\" srcset=\"https:\/\/coria.org\/ayuntamiento\/wp-content\/uploads\/2026\/07\/fiestas-moscoso-26.webp 1080w, https:\/\/coria.org\/ayuntamiento\/wp-content\/uploads\/2026\/07\/fiestas-moscoso-26-768x1084.webp 768w\" sizes=\"auto, (max-width: 1080px) 100vw, 1080px\" \/><button\n\t\t\tclass=\"lightbox-trigger\"\n\t\t\ttype=\"button\"\n\t\t\taria-haspopup=\"dialog\"\n\t\t\tdata-wp-bind--aria-label=\"state.thisImage.triggerButtonAriaLabel\"\n\t\t\tdata-wp-init=\"callbacks.initTriggerButton\"\n\t\t\tdata-wp-on--click=\"actions.showLightbox\"\n\t\t\tdata-wp-style--right=\"state.thisImage.buttonRight\"\n\t\t\tdata-wp-style--top=\"state.thisImage.buttonTop\"\n\t\t>\n\t\t\t<svg xmlns=\"http:\/\/www.w3.org\/2000\/svg\" width=\"12\" height=\"12\" fill=\"none\" viewBox=\"0 0 12 12\">\n\t\t\t\t<path fill=\"#fff\" d=\"M2 0a2 2 0 0 0-2 2v2h1.5V2a.5.5 0 0 1 .5-.5h2V0H2Zm2 10.5H2a.5.5 0 0 1-.5-.5V8H0v2a2 2 0 0 0 2 2h2v-1.5ZM8 12v-1.5h2a.5.5 0 0 0 .5-.5V8H12v2a2 2 0 0 1-2 2H8Zm2-12a2 2 0 0 1 2 2v2h-1.5V2a.5.5 0 0 0-.5-.5H8V0h2Z\" \/>\n\t\t\t<\/svg>\n\t\t<\/button><\/figure>\n","protected":false},"excerpt":{"rendered":"<p>Las celebraciones se desarrollar\u00e1n del 23 al 26 de julio con juegos infantiles, conciertos gratuitos y actos religiosos La Asociaci\u00f3n de Vecinos del Barrio de Santiago, m\u00e1s conocido como Barrio de Moscoso, en colaboraci\u00f3n con el Ayuntamiento de Coria, ha presentado la programaci\u00f3n de sus fiestas, una cita que vuelve al calendario festivo de la [&hellip;]<\/p>\n","protected":false},"author":2,"featured_media":67092,"comment_status":"closed","ping_status":"closed","sticky":false,"template":"","format":"standard","meta":{"_uag_custom_page_level_css":"","footnotes":""},"categories":[2],"tags":[567,830],"class_list":["post-67091","post","type-post","status-publish","format-standard","has-post-thumbnail","hentry","category-noticias","tag-fiestas","tag-moscoso"],"yoast_head":"<!-- This site is optimized with the Yoast SEO plugin v28.2 - https:\/\/yoast.com\/product\/yoast-seo-wordpress\/ -->\n<title>El Barrio de Moscoso se prepara para vivir sus fiestas con cuatro d\u00edas de actividades para todos los p\u00fablicos - Ayuntamiento de Coria<\/title>\n<meta name=\"description\" content=\"Las celebraciones se desarrollar\u00e1n del 23 al 26 de julio con juegos infantiles, conciertos gratuitos y actos religiosos\" \/>\n<meta name=\"robots\" content=\"index, follow, max-snippet:-1, max-image-preview:large, max-video-preview:-1\" \/>\n<link rel=\"canonical\" href=\"https:\/\/coria.org\/ayuntamiento\/index.php\/2026\/07\/20\/el-barrio-de-moscoso-se-prepara-para-vivir-sus-fiestas-con-cuatro-dias-de-actividades-para-todos-los-publicos\/\" \/>\n<meta property=\"og:locale\" content=\"es_ES\" \/>\n<meta property=\"og:type\" content=\"article\" \/>\n<meta property=\"og:title\" content=\"El Barrio de Moscoso se prepara para vivir sus fiestas con cuatro d\u00edas de actividades para todos los p\u00fablicos\" \/>\n<meta property=\"og:description\" content=\"Las celebraciones se desarrollar\u00e1n del 23 al 26 de julio con juegos infantiles, conciertos gratuitos y actos religiosos\" \/>\n<meta property=\"og:url\" content=\"https:\/\/coria.org\/ayuntamiento\/index.php\/2026\/07\/20\/el-barrio-de-moscoso-se-prepara-para-vivir-sus-fiestas-con-cuatro-dias-de-actividades-para-todos-los-publicos\/\" \/>\n<meta property=\"og:site_name\" content=\"Ayuntamiento de Coria\" \/>\n<meta property=\"article:publisher\" content=\"https:\/\/www.facebook.com\/Ayuntamiento.de.Coria\" \/>\n<meta property=\"article:published_time\" content=\"2026-07-20T09:03:41+00:00\" \/>\n<meta property=\"article:modified_time\" content=\"2026-07-31T06:07:52+00:00\" \/>\n<meta property=\"og:image\" content=\"https:\/\/coria.org\/ayuntamiento\/wp-content\/uploads\/2026\/07\/fiestas-moscoso-2026.webp\" \/>\n\t<meta property=\"og:image:width\" content=\"1920\" \/>\n\t<meta property=\"og:image:height\" content=\"1440\" \/>\n\t<meta property=\"og:image:type\" content=\"image\/webp\" \/>\n<meta name=\"author\" content=\"ayuntamiento\" \/>\n<meta name=\"twitter:card\" content=\"summary_large_image\" \/>\n<meta name=\"twitter:title\" content=\"El Barrio de Moscoso se prepara para vivir sus fiestas con cuatro d\u00edas de actividades para todos los p\u00fablicos\" \/>\n<meta name=\"twitter:description\" content=\"Las celebraciones se desarrollar\u00e1n del 23 al 26 de julio con juegos infantiles, conciertos gratuitos y actos religiosos\" \/>\n<meta name=\"twitter:image\" content=\"https:\/\/coria.org\/ayuntamiento\/wp-content\/uploads\/2026\/07\/fiestas-moscoso-2026.webp\" \/>\n<meta name=\"twitter:creator\" content=\"@Ayto_de_Coria\" \/>\n<meta name=\"twitter:site\" content=\"@Ayto_de_Coria\" \/>\n<meta name=\"twitter:label1\" content=\"Escrito por\" \/>\n\t<meta name=\"twitter:data1\" content=\"ayuntamiento\" \/>\n\t<meta name=\"twitter:label2\" content=\"Tiempo de lectura\" \/>\n\t<meta name=\"twitter:data2\" content=\"3 minutos\" \/>\n<script type=\"application\/ld+json\" class=\"yoast-schema-graph\">{\"@context\":\"https:\\\/\\\/schema.org\",\"@graph\":[{\"@type\":\"Article\",\"@id\":\"https:\\\/\\\/coria.org\\\/ayuntamiento\\\/index.php\\\/2026\\\/07\\\/20\\\/el-barrio-de-moscoso-se-prepara-para-vivir-sus-fiestas-con-cuatro-dias-de-actividades-para-todos-los-publicos\\\/#article\",\"isPartOf\":{\"@id\":\"https:\\\/\\\/coria.org\\\/ayuntamiento\\\/index.php\\\/2026\\\/07\\\/20\\\/el-barrio-de-moscoso-se-prepara-para-vivir-sus-fiestas-con-cuatro-dias-de-actividades-para-todos-los-publicos\\\/\"},\"author\":{\"name\":\"ayuntamiento\",\"@id\":\"https:\\\/\\\/coria.org\\\/ayuntamiento\\\/#\\\/schema\\\/person\\\/8bd589f0e13e8ae5aa06def7a599d622\"},\"headline\":\"El Barrio de Moscoso se prepara para vivir sus fiestas con cuatro d\u00edas de actividades para todos los p\u00fablicos\",\"datePublished\":\"2026-07-20T09:03:41+00:00\",\"dateModified\":\"2026-07-31T06:07:52+00:00\",\"mainEntityOfPage\":{\"@id\":\"https:\\\/\\\/coria.org\\\/ayuntamiento\\\/index.php\\\/2026\\\/07\\\/20\\\/el-barrio-de-moscoso-se-prepara-para-vivir-sus-fiestas-con-cuatro-dias-de-actividades-para-todos-los-publicos\\\/\"},\"wordCount\":502,\"publisher\":{\"@id\":\"https:\\\/\\\/coria.org\\\/ayuntamiento\\\/#organization\"},\"image\":{\"@id\":\"https:\\\/\\\/coria.org\\\/ayuntamiento\\\/index.php\\\/2026\\\/07\\\/20\\\/el-barrio-de-moscoso-se-prepara-para-vivir-sus-fiestas-con-cuatro-dias-de-actividades-para-todos-los-publicos\\\/#primaryimage\"},\"thumbnailUrl\":\"https:\\\/\\\/coria.org\\\/ayuntamiento\\\/wp-content\\\/uploads\\\/2026\\\/07\\\/fiestas-moscoso-2026.webp\",\"keywords\":[\"fiestas\",\"moscoso\"],\"articleSection\":[\"Noticias\"],\"inLanguage\":\"es\"},{\"@type\":\"WebPage\",\"@id\":\"https:\\\/\\\/coria.org\\\/ayuntamiento\\\/index.php\\\/2026\\\/07\\\/20\\\/el-barrio-de-moscoso-se-prepara-para-vivir-sus-fiestas-con-cuatro-dias-de-actividades-para-todos-los-publicos\\\/\",\"url\":\"https:\\\/\\\/coria.org\\\/ayuntamiento\\\/index.php\\\/2026\\\/07\\\/20\\\/el-barrio-de-moscoso-se-prepara-para-vivir-sus-fiestas-con-cuatro-dias-de-actividades-para-todos-los-publicos\\\/\",\"name\":\"El Barrio de Moscoso se prepara para vivir sus fiestas con cuatro d\u00edas de actividades para todos los p\u00fablicos - Ayuntamiento de Coria\",\"isPartOf\":{\"@id\":\"https:\\\/\\\/coria.org\\\/ayuntamiento\\\/#website\"},\"primaryImageOfPage\":{\"@id\":\"https:\\\/\\\/coria.org\\\/ayuntamiento\\\/index.php\\\/2026\\\/07\\\/20\\\/el-barrio-de-moscoso-se-prepara-para-vivir-sus-fiestas-con-cuatro-dias-de-actividades-para-todos-los-publicos\\\/#primaryimage\"},\"image\":{\"@id\":\"https:\\\/\\\/coria.org\\\/ayuntamiento\\\/index.php\\\/2026\\\/07\\\/20\\\/el-barrio-de-moscoso-se-prepara-para-vivir-sus-fiestas-con-cuatro-dias-de-actividades-para-todos-los-publicos\\\/#primaryimage\"},\"thumbnailUrl\":\"https:\\\/\\\/coria.org\\\/ayuntamiento\\\/wp-content\\\/uploads\\\/2026\\\/07\\\/fiestas-moscoso-2026.webp\",\"datePublished\":\"2026-07-20T09:03:41+00:00\",\"dateModified\":\"2026-07-31T06:07:52+00:00\",\"description\":\"Las celebraciones se desarrollar\u00e1n del 23 al 26 de julio con juegos infantiles, conciertos gratuitos y actos religiosos\",\"breadcrumb\":{\"@id\":\"https:\\\/\\\/coria.org\\\/ayuntamiento\\\/index.php\\\/2026\\\/07\\\/20\\\/el-barrio-de-moscoso-se-prepara-para-vivir-sus-fiestas-con-cuatro-dias-de-actividades-para-todos-los-publicos\\\/#breadcrumb\"},\"inLanguage\":\"es\",\"potentialAction\":[{\"@type\":\"ReadAction\",\"target\":[\"https:\\\/\\\/coria.org\\\/ayuntamiento\\\/index.php\\\/2026\\\/07\\\/20\\\/el-barrio-de-moscoso-se-prepara-para-vivir-sus-fiestas-con-cuatro-dias-de-actividades-para-todos-los-publicos\\\/\"]}]},{\"@type\":\"ImageObject\",\"inLanguage\":\"es\",\"@id\":\"https:\\\/\\\/coria.org\\\/ayuntamiento\\\/index.php\\\/2026\\\/07\\\/20\\\/el-barrio-de-moscoso-se-prepara-para-vivir-sus-fiestas-con-cuatro-dias-de-actividades-para-todos-los-publicos\\\/#primaryimage\",\"url\":\"https:\\\/\\\/coria.org\\\/ayuntamiento\\\/wp-content\\\/uploads\\\/2026\\\/07\\\/fiestas-moscoso-2026.webp\",\"contentUrl\":\"https:\\\/\\\/coria.org\\\/ayuntamiento\\\/wp-content\\\/uploads\\\/2026\\\/07\\\/fiestas-moscoso-2026.webp\",\"width\":1920,\"height\":1440},{\"@type\":\"BreadcrumbList\",\"@id\":\"https:\\\/\\\/coria.org\\\/ayuntamiento\\\/index.php\\\/2026\\\/07\\\/20\\\/el-barrio-de-moscoso-se-prepara-para-vivir-sus-fiestas-con-cuatro-dias-de-actividades-para-todos-los-publicos\\\/#breadcrumb\",\"itemListElement\":[{\"@type\":\"ListItem\",\"position\":1,\"name\":\"Inicio\",\"item\":\"https:\\\/\\\/coria.org\\\/ayuntamiento\\\/\"},{\"@type\":\"ListItem\",\"position\":2,\"name\":\"El Barrio de Moscoso se prepara para vivir sus fiestas con cuatro d\u00edas de actividades para todos los p\u00fablicos\"}]},{\"@type\":\"WebSite\",\"@id\":\"https:\\\/\\\/coria.org\\\/ayuntamiento\\\/#website\",\"url\":\"https:\\\/\\\/coria.org\\\/ayuntamiento\\\/\",\"name\":\"Ayuntamiento de Coria\",\"description\":\"Web oficial del Ayuntamiento de Coria\",\"publisher\":{\"@id\":\"https:\\\/\\\/coria.org\\\/ayuntamiento\\\/#organization\"},\"alternateName\":\"Web Oficial del Ayuntamiento de Coria\",\"potentialAction\":[{\"@type\":\"SearchAction\",\"target\":{\"@type\":\"EntryPoint\",\"urlTemplate\":\"https:\\\/\\\/coria.org\\\/ayuntamiento\\\/?s={search_term_string}\"},\"query-input\":{\"@type\":\"PropertyValueSpecification\",\"valueRequired\":true,\"valueName\":\"search_term_string\"}}],\"inLanguage\":\"es\"},{\"@type\":\"Organization\",\"@id\":\"https:\\\/\\\/coria.org\\\/ayuntamiento\\\/#organization\",\"name\":\"Ayuntamiento de Coria\",\"alternateName\":\"Ayto de Coria\",\"url\":\"https:\\\/\\\/coria.org\\\/ayuntamiento\\\/\",\"logo\":{\"@type\":\"ImageObject\",\"inLanguage\":\"es\",\"@id\":\"https:\\\/\\\/coria.org\\\/ayuntamiento\\\/#\\\/schema\\\/logo\\\/image\\\/\",\"url\":\"https:\\\/\\\/coria.org\\\/ayuntamiento\\\/wp-content\\\/uploads\\\/2020\\\/12\\\/escudo-ayuntamiento-coria.png\",\"contentUrl\":\"https:\\\/\\\/coria.org\\\/ayuntamiento\\\/wp-content\\\/uploads\\\/2020\\\/12\\\/escudo-ayuntamiento-coria.png\",\"width\":511,\"height\":240,\"caption\":\"Ayuntamiento de Coria\"},\"image\":{\"@id\":\"https:\\\/\\\/coria.org\\\/ayuntamiento\\\/#\\\/schema\\\/logo\\\/image\\\/\"},\"sameAs\":[\"https:\\\/\\\/www.facebook.com\\\/Ayuntamiento.de.Coria\",\"https:\\\/\\\/x.com\\\/Ayto_de_Coria\",\"https:\\\/\\\/www.instagram.com\\\/coria.ayuntamiento\\\/\",\"https:\\\/\\\/www.youtube.com\\\/user\\\/AYUNTAMIENTOCORIA\"]},{\"@type\":\"Person\",\"@id\":\"https:\\\/\\\/coria.org\\\/ayuntamiento\\\/#\\\/schema\\\/person\\\/8bd589f0e13e8ae5aa06def7a599d622\",\"name\":\"ayuntamiento\",\"image\":{\"@type\":\"ImageObject\",\"inLanguage\":\"es\",\"@id\":\"https:\\\/\\\/secure.gravatar.com\\\/avatar\\\/966e5ed73cad334adda5c87f49f2547f7082f7292c1b627cbb548744383b391c?s=96&d=mm&r=g\",\"url\":\"https:\\\/\\\/secure.gravatar.com\\\/avatar\\\/966e5ed73cad334adda5c87f49f2547f7082f7292c1b627cbb548744383b391c?s=96&d=mm&r=g\",\"contentUrl\":\"https:\\\/\\\/secure.gravatar.com\\\/avatar\\\/966e5ed73cad334adda5c87f49f2547f7082f7292c1b627cbb548744383b391c?s=96&d=mm&r=g\",\"caption\":\"ayuntamiento\"}}]}<\/script>\n<!-- \/ Yoast SEO plugin. -->","yoast_head_json":{"title":"El Barrio de Moscoso se prepara para vivir sus fiestas con cuatro d\u00edas de actividades para todos los p\u00fablicos - Ayuntamiento de Coria","description":"Las celebraciones se desarrollar\u00e1n del 23 al 26 de julio con juegos infantiles, conciertos gratuitos y actos religiosos","robots":{"index":"index","follow":"follow","max-snippet":"max-snippet:-1","max-image-preview":"max-image-preview:large","max-video-preview":"max-video-preview:-1"},"canonical":"https:\/\/coria.org\/ayuntamiento\/index.php\/2026\/07\/20\/el-barrio-de-moscoso-se-prepara-para-vivir-sus-fiestas-con-cuatro-dias-de-actividades-para-todos-los-publicos\/","og_locale":"es_ES","og_type":"article","og_title":"El Barrio de Moscoso se prepara para vivir sus fiestas con cuatro d\u00edas de actividades para todos los p\u00fablicos","og_description":"Las celebraciones se desarrollar\u00e1n del 23 al 26 de julio con juegos infantiles, conciertos gratuitos y actos religiosos","og_url":"https:\/\/coria.org\/ayuntamiento\/index.php\/2026\/07\/20\/el-barrio-de-moscoso-se-prepara-para-vivir-sus-fiestas-con-cuatro-dias-de-actividades-para-todos-los-publicos\/","og_site_name":"Ayuntamiento de Coria","article_publisher":"https:\/\/www.facebook.com\/Ayuntamiento.de.Coria","article_published_time":"2026-07-20T09:03:41+00:00","article_modified_time":"2026-07-31T06:07:52+00:00","og_image":[{"width":1920,"height":1440,"url":"https:\/\/coria.org\/ayuntamiento\/wp-content\/uploads\/2026\/07\/fiestas-moscoso-2026.webp","type":"image\/webp"}],"author":"ayuntamiento","twitter_card":"summary_large_image","twitter_title":"El Barrio de Moscoso se prepara para vivir sus fiestas con cuatro d\u00edas de actividades para todos los p\u00fablicos","twitter_description":"Las celebraciones se desarrollar\u00e1n del 23 al 26 de julio con juegos infantiles, conciertos gratuitos y actos religiosos","twitter_image":"https:\/\/coria.org\/ayuntamiento\/wp-content\/uploads\/2026\/07\/fiestas-moscoso-2026.webp","twitter_creator":"@Ayto_de_Coria","twitter_site":"@Ayto_de_Coria","twitter_misc":{"Escrito por":"ayuntamiento","Tiempo de lectura":"3 minutos"},"schema":{"@context":"https:\/\/schema.org","@graph":[{"@type":"Article","@id":"https:\/\/coria.org\/ayuntamiento\/index.php\/2026\/07\/20\/el-barrio-de-moscoso-se-prepara-para-vivir-sus-fiestas-con-cuatro-dias-de-actividades-para-todos-los-publicos\/#article","isPartOf":{"@id":"https:\/\/coria.org\/ayuntamiento\/index.php\/2026\/07\/20\/el-barrio-de-moscoso-se-prepara-para-vivir-sus-fiestas-con-cuatro-dias-de-actividades-para-todos-los-publicos\/"},"author":{"name":"ayuntamiento","@id":"https:\/\/coria.org\/ayuntamiento\/#\/schema\/person\/8bd589f0e13e8ae5aa06def7a599d622"},"headline":"El Barrio de Moscoso se prepara para vivir sus fiestas con cuatro d\u00edas de actividades para todos los p\u00fablicos","datePublished":"2026-07-20T09:03:41+00:00","dateModified":"2026-07-31T06:07:52+00:00","mainEntityOfPage":{"@id":"https:\/\/coria.org\/ayuntamiento\/index.php\/2026\/07\/20\/el-barrio-de-moscoso-se-prepara-para-vivir-sus-fiestas-con-cuatro-dias-de-actividades-para-todos-los-publicos\/"},"wordCount":502,"publisher":{"@id":"https:\/\/coria.org\/ayuntamiento\/#organization"},"image":{"@id":"https:\/\/coria.org\/ayuntamiento\/index.php\/2026\/07\/20\/el-barrio-de-moscoso-se-prepara-para-vivir-sus-fiestas-con-cuatro-dias-de-actividades-para-todos-los-publicos\/#primaryimage"},"thumbnailUrl":"https:\/\/coria.org\/ayuntamiento\/wp-content\/uploads\/2026\/07\/fiestas-moscoso-2026.webp","keywords":["fiestas","moscoso"],"articleSection":["Noticias"],"inLanguage":"es"},{"@type":"WebPage","@id":"https:\/\/coria.org\/ayuntamiento\/index.php\/2026\/07\/20\/el-barrio-de-moscoso-se-prepara-para-vivir-sus-fiestas-con-cuatro-dias-de-actividades-para-todos-los-publicos\/","url":"https:\/\/coria.org\/ayuntamiento\/index.php\/2026\/07\/20\/el-barrio-de-moscoso-se-prepara-para-vivir-sus-fiestas-con-cuatro-dias-de-actividades-para-todos-los-publicos\/","name":"El Barrio de Moscoso se prepara para vivir sus fiestas con cuatro d\u00edas de actividades para todos los p\u00fablicos - Ayuntamiento de Coria","isPartOf":{"@id":"https:\/\/coria.org\/ayuntamiento\/#website"},"primaryImageOfPage":{"@id":"https:\/\/coria.org\/ayuntamiento\/index.php\/2026\/07\/20\/el-barrio-de-moscoso-se-prepara-para-vivir-sus-fiestas-con-cuatro-dias-de-actividades-para-todos-los-publicos\/#primaryimage"},"image":{"@id":"https:\/\/coria.org\/ayuntamiento\/index.php\/2026\/07\/20\/el-barrio-de-moscoso-se-prepara-para-vivir-sus-fiestas-con-cuatro-dias-de-actividades-para-todos-los-publicos\/#primaryimage"},"thumbnailUrl":"https:\/\/coria.org\/ayuntamiento\/wp-content\/uploads\/2026\/07\/fiestas-moscoso-2026.webp","datePublished":"2026-07-20T09:03:41+00:00","dateModified":"2026-07-31T06:07:52+00:00","description":"Las celebraciones se desarrollar\u00e1n del 23 al 26 de julio con juegos infantiles, conciertos gratuitos y actos religiosos","breadcrumb":{"@id":"https:\/\/coria.org\/ayuntamiento\/index.php\/2026\/07\/20\/el-barrio-de-moscoso-se-prepara-para-vivir-sus-fiestas-con-cuatro-dias-de-actividades-para-todos-los-publicos\/#breadcrumb"},"inLanguage":"es","potentialAction":[{"@type":"ReadAction","target":["https:\/\/coria.org\/ayuntamiento\/index.php\/2026\/07\/20\/el-barrio-de-moscoso-se-prepara-para-vivir-sus-fiestas-con-cuatro-dias-de-actividades-para-todos-los-publicos\/"]}]},{"@type":"ImageObject","inLanguage":"es","@id":"https:\/\/coria.org\/ayuntamiento\/index.php\/2026\/07\/20\/el-barrio-de-moscoso-se-prepara-para-vivir-sus-fiestas-con-cuatro-dias-de-actividades-para-todos-los-publicos\/#primaryimage","url":"https:\/\/coria.org\/ayuntamiento\/wp-content\/uploads\/2026\/07\/fiestas-moscoso-2026.webp","contentUrl":"https:\/\/coria.org\/ayuntamiento\/wp-content\/uploads\/2026\/07\/fiestas-moscoso-2026.webp","width":1920,"height":1440},{"@type":"BreadcrumbList","@id":"https:\/\/coria.org\/ayuntamiento\/index.php\/2026\/07\/20\/el-barrio-de-moscoso-se-prepara-para-vivir-sus-fiestas-con-cuatro-dias-de-actividades-para-todos-los-publicos\/#breadcrumb","itemListElement":[{"@type":"ListItem","position":1,"name":"Inicio","item":"https:\/\/coria.org\/ayuntamiento\/"},{"@type":"ListItem","position":2,"name":"El Barrio de Moscoso se prepara para vivir sus fiestas con cuatro d\u00edas de actividades para todos los p\u00fablicos"}]},{"@type":"WebSite","@id":"https:\/\/coria.org\/ayuntamiento\/#website","url":"https:\/\/coria.org\/ayuntamiento\/","name":"Ayuntamiento de Coria","description":"Web oficial del Ayuntamiento de Coria","publisher":{"@id":"https:\/\/coria.org\/ayuntamiento\/#organization"},"alternateName":"Web Oficial del Ayuntamiento de Coria","potentialAction":[{"@type":"SearchAction","target":{"@type":"EntryPoint","urlTemplate":"https:\/\/coria.org\/ayuntamiento\/?s={search_term_string}"},"query-input":{"@type":"PropertyValueSpecification","valueRequired":true,"valueName":"search_term_string"}}],"inLanguage":"es"},{"@type":"Organization","@id":"https:\/\/coria.org\/ayuntamiento\/#organization","name":"Ayuntamiento de Coria","alternateName":"Ayto de Coria","url":"https:\/\/coria.org\/ayuntamiento\/","logo":{"@type":"ImageObject","inLanguage":"es","@id":"https:\/\/coria.org\/ayuntamiento\/#\/schema\/logo\/image\/","url":"https:\/\/coria.org\/ayuntamiento\/wp-content\/uploads\/2020\/12\/escudo-ayuntamiento-coria.png","contentUrl":"https:\/\/coria.org\/ayuntamiento\/wp-content\/uploads\/2020\/12\/escudo-ayuntamiento-coria.png","width":511,"height":240,"caption":"Ayuntamiento de Coria"},"image":{"@id":"https:\/\/coria.org\/ayuntamiento\/#\/schema\/logo\/image\/"},"sameAs":["https:\/\/www.facebook.com\/Ayuntamiento.de.Coria","https:\/\/x.com\/Ayto_de_Coria","https:\/\/www.instagram.com\/coria.ayuntamiento\/","https:\/\/www.youtube.com\/user\/AYUNTAMIENTOCORIA"]},{"@type":"Person","@id":"https:\/\/coria.org\/ayuntamiento\/#\/schema\/person\/8bd589f0e13e8ae5aa06def7a599d622","name":"ayuntamiento","image":{"@type":"ImageObject","inLanguage":"es","@id":"https:\/\/secure.gravatar.com\/avatar\/966e5ed73cad334adda5c87f49f2547f7082f7292c1b627cbb548744383b391c?s=96&d=mm&r=g","url":"https:\/\/secure.gravatar.com\/avatar\/966e5ed73cad334adda5c87f49f2547f7082f7292c1b627cbb548744383b391c?s=96&d=mm&r=g","contentUrl":"https:\/\/secure.gravatar.com\/avatar\/966e5ed73cad334adda5c87f49f2547f7082f7292c1b627cbb548744383b391c?s=96&d=mm&r=g","caption":"ayuntamiento"}}]}},"uagb_featured_image_src":{"full":["https:\/\/coria.org\/ayuntamiento\/wp-content\/uploads\/2026\/07\/fiestas-moscoso-2026.webp",1920,1440,false],"thumbnail":["https:\/\/coria.org\/ayuntamiento\/wp-content\/uploads\/2026\/07\/fiestas-moscoso-2026-150x150.webp",150,150,true],"medium":["https:\/\/coria.org\/ayuntamiento\/wp-content\/uploads\/2026\/07\/fiestas-moscoso-2026.webp",1920,1440,false],"medium_large":["https:\/\/coria.org\/ayuntamiento\/wp-content\/uploads\/2026\/07\/fiestas-moscoso-2026-768x576.webp",768,576,true],"large":["https:\/\/coria.org\/ayuntamiento\/wp-content\/uploads\/2026\/07\/fiestas-moscoso-2026.webp",1920,1440,false],"thumblist":["https:\/\/coria.org\/ayuntamiento\/wp-content\/uploads\/2026\/07\/fiestas-moscoso-2026-300x300.webp",300,300,true],"thumbrelated":["https:\/\/coria.org\/ayuntamiento\/wp-content\/uploads\/2026\/07\/fiestas-moscoso-2026-500x500.webp",500,500,true],"meccarouselthumb":["https:\/\/coria.org\/ayuntamiento\/wp-content\/uploads\/2026\/07\/fiestas-moscoso-2026-474x324.webp",474,324,true],"gridsquare":["https:\/\/coria.org\/ayuntamiento\/wp-content\/uploads\/2026\/07\/fiestas-moscoso-2026-391x260.webp",391,260,true],"tileview":["https:\/\/coria.org\/ayuntamiento\/wp-content\/uploads\/2026\/07\/fiestas-moscoso-2026-300x400.webp",300,400,true],"1536x1536":["https:\/\/coria.org\/ayuntamiento\/wp-content\/uploads\/2026\/07\/fiestas-moscoso-2026-1536x1152.webp",1536,1152,true],"2048x2048":["https:\/\/coria.org\/ayuntamiento\/wp-content\/uploads\/2026\/07\/fiestas-moscoso-2026.webp",1920,1440,false]},"uagb_author_info":{"display_name":"ayuntamiento","author_link":"https:\/\/coria.org\/ayuntamiento\/index.php\/author\/ayuntamiento\/"},"uagb_comment_info":0,"uagb_excerpt":"Las celebraciones se desarrollar\u00e1n del 23 al 26 de julio con juegos infantiles, conciertos gratuitos y actos religiosos La Asociaci\u00f3n de Vecinos del Barrio de Santiago, m\u00e1s conocido como Barrio de Moscoso, en colaboraci\u00f3n con el Ayuntamiento de Coria, ha presentado la programaci\u00f3n de sus fiestas, una cita que vuelve al calendario festivo de la&hellip;","_links":{"self":[{"href":"https:\/\/coria.org\/ayuntamiento\/index.php\/wp-json\/wp\/v2\/posts\/67091","targetHints":{"allow":["GET"]}}],"collection":[{"href":"https:\/\/coria.org\/ayuntamiento\/index.php\/wp-json\/wp\/v2\/posts"}],"about":[{"href":"https:\/\/coria.org\/ayuntamiento\/index.php\/wp-json\/wp\/v2\/types\/post"}],"author":[{"embeddable":true,"href":"https:\/\/coria.org\/ayuntamiento\/index.php\/wp-json\/wp\/v2\/users\/2"}],"replies":[{"embeddable":true,"href":"https:\/\/coria.org\/ayuntamiento\/index.php\/wp-json\/wp\/v2\/comments?post=67091"}],"version-history":[{"count":1,"href":"https:\/\/coria.org\/ayuntamiento\/index.php\/wp-json\/wp\/v2\/posts\/67091\/revisions"}],"predecessor-version":[{"id":67215,"href":"https:\/\/coria.org\/ayuntamiento\/index.php\/wp-json\/wp\/v2\/posts\/67091\/revisions\/67215"}],"wp:featuredmedia":[{"embeddable":true,"href":"https:\/\/coria.org\/ayuntamiento\/index.php\/wp-json\/wp\/v2\/media\/67092"}],"wp:attachment":[{"href":"https:\/\/coria.org\/ayuntamiento\/index.php\/wp-json\/wp\/v2\/media?parent=67091"}],"wp:term":[{"taxonomy":"category","embeddable":true,"href":"https:\/\/coria.org\/ayuntamiento\/index.php\/wp-json\/wp\/v2\/categories?post=67091"},{"taxonomy":"post_tag","embeddable":true,"href":"https:\/\/coria.org\/ayuntamiento\/index.php\/wp-json\/wp\/v2\/tags?post=67091"}],"curies":[{"name":"wp","href":"https:\/\/api.w.org\/{rel}","templated":true}]}}