{"id":67081,"date":"2026-07-17T12:38:32","date_gmt":"2026-07-17T10:38:32","guid":{"rendered":"https:\/\/coria.org\/ayuntamiento\/?p=67081"},"modified":"2026-07-31T08:07:52","modified_gmt":"2026-07-31T06:07:52","slug":"arranca-el-festival-internacional-de-teatro-coria-sientela","status":"publish","type":"post","link":"https:\/\/coria.org\/ayuntamiento\/index.php\/2026\/07\/17\/arranca-el-festival-internacional-de-teatro-coria-sientela\/","title":{"rendered":"Arranca el Festival Internacional de Teatro \u201cCoria Si\u00e9ntela\u201d"},"content":{"rendered":"\n<p class=\"wp-block-paragraph\">El Ayuntamiento de Coria hace un balance muy positivo de la primera jornada del Festival Internacional de Teatro \u201cCoria Si\u00e9ntela\u201d, que dio comienzo en la noche de ayer con una excelente acogida por parte del p\u00fablico.<\/p>\n\n\n<figure class=\"wp-block-post-featured-image\"><img loading=\"lazy\" decoding=\"async\" width=\"1920\" height=\"1440\" src=\"https:\/\/coria.org\/ayuntamiento\/wp-content\/uploads\/2026\/07\/festival-teatro-2026.webp\" class=\"attachment-post-thumbnail size-post-thumbnail wp-post-image\" alt=\"\" style=\"object-fit:cover;\" srcset=\"https:\/\/coria.org\/ayuntamiento\/wp-content\/uploads\/2026\/07\/festival-teatro-2026.webp 1920w, https:\/\/coria.org\/ayuntamiento\/wp-content\/uploads\/2026\/07\/festival-teatro-2026-768x576.webp 768w, https:\/\/coria.org\/ayuntamiento\/wp-content\/uploads\/2026\/07\/festival-teatro-2026-1536x1152.webp 1536w\" sizes=\"auto, (max-width: 1920px) 100vw, 1920px\" \/><\/figure>\n\n\n<p class=\"wp-block-paragraph\">La representaci\u00f3n de \u2018Jason y las Furias\u2019, una original revisi\u00f3n contempor\u00e1nea del mito cl\u00e1sico, inaugur\u00f3 esta nueva edici\u00f3n del certamen en el incomparable escenario de la Puerta del Perd\u00f3n de la Catedral, congregando a numerosos asistentes que disfrutaron de una velada en la que el teatro y el patrimonio volvieron a unirse para ofrecer una experiencia cultural \u00fanica.<\/p>\n\n\n\n<p class=\"wp-block-paragraph\">Con este exitoso inicio, el festival reafirma su consolidaci\u00f3n como una de las principales citas culturales del verano en Extremadura, apostando por una programaci\u00f3n de primer nivel que re\u00fane propuestas esc\u00e9nicas de reconocido prestigio nacional e internacional.<\/p>\n\n\n\n<p class=\"wp-block-paragraph\">El Ayuntamiento de Coria invita a vecinos y visitantes a seguir disfrutando de las cinco representaciones que a\u00fan restan por celebrarse en el emblem\u00e1tico entorno de la Puerta del Perd\u00f3n:<\/p>\n\n\n\n<ul class=\"wp-block-list\">\n<li>17 de julio: \u2018War Baby\u2019, un espect\u00e1culo internacional que destaca por su potente lenguaje visual y una cuidada puesta en escena. A las once de la noche.<\/li>\n\n\n\n<li>18 de julio: \u2018La Reina Brava\u2019, de Las Ni\u00f1as de C\u00e1diz, una de las compa\u00f1\u00edas con mayor proyecci\u00f3n del panorama teatral espa\u00f1ol. A las once de la noche.<\/li>\n\n\n\n<li>19 de julio: \u2018La Gitanilla\u2019, un montaje que fusiona flamenco y copla en un homenaje a las ra\u00edces de nuestra tradici\u00f3n musical. A las once y media de la noche.<\/li>\n\n\n\n<li>20 de julio: \u2018Bodas de Sangre\u2019, adaptaci\u00f3n esc\u00e9nica del inmortal texto de Federico Garc\u00eda Lorca. A las once de la noche.<\/li>\n\n\n\n<li>21 de julio: \u2018Volar con los pies en el suelo\u2019, protagonizado por El Brujo, uno de los grandes referentes de la escena espa\u00f1ola. A las once de la noche.<\/li>\n<\/ul>\n\n\n\n<p class=\"wp-block-paragraph\">Junto a la programaci\u00f3n oficial, el Festival Internacional de Teatro \u201cCoria Si\u00e9ntela\u201d contin\u00faa acercando las artes esc\u00e9nicas a las calles del casco hist\u00f3rico con una atractiva programaci\u00f3n de actividades paralelas que convierten la ciudad en un gran escenario al aire libre y refuerzan el car\u00e1cter participativo y abierto de esta cita cultural.<\/p>\n\n\n\n<p class=\"wp-block-paragraph\">La programaci\u00f3n paralela comienza esta tarde, 17 de julio, a las 21:30 horas, con \u2018Druidas. Sabios en la oscuridad\u2019, un espect\u00e1culo itinerante que partir\u00e1 desde la Catedral de Coria para recorrer el casco hist\u00f3rico. A trav\u00e9s de personajes inspirados en la tradici\u00f3n celta, el p\u00fablico podr\u00e1 sumergirse en una experiencia nocturna cargada de misterio, leyendas y ambientaci\u00f3n teatral.<\/p>\n\n\n\n<p class=\"wp-block-paragraph\">El s\u00e1bado 18 de julio, a las 21:00 horas, llegar\u00e1 \u2018Vertumno. Siglo de Oro y risas\u2019, un recorrido teatralizado que fusiona humor, m\u00fasica y la est\u00e9tica del Siglo de Oro espa\u00f1ol, llenando las calles del centro hist\u00f3rico de personajes, color y situaciones c\u00f3micas en una propuesta participativa para todos los p\u00fablicos.<\/p>\n\n\n\n<p class=\"wp-block-paragraph\">La programaci\u00f3n paralela concluir\u00e1 el domingo 19 de julio, a las 11:30 horas, con \u2018Very Big Pulga\u2019, de la compa\u00f1\u00eda Asaco Producciones, un espect\u00e1culo itinerante familiar que sorprender\u00e1 a grandes y peque\u00f1os con un original universo esc\u00e9nico repleto de humor, imaginaci\u00f3n y creatividad.<\/p>\n\n\n\n<p class=\"wp-block-paragraph\">Todas estas actividades tendr\u00e1n como punto de salida la Catedral de Coria y recorrer\u00e1n las principales calles del casco hist\u00f3rico, ofreciendo una oportunidad \u00fanica para disfrutar del teatro en contacto directo con el patrimonio monumental de la ciudad.<\/p>\n\n\n\n<p class=\"wp-block-paragraph\">El Ayuntamiento de Coria contin\u00faa apostando por una programaci\u00f3n cultural de calidad que complemente la intensa actividad desarrollada durante las Fiestas de San Juan y contribuya a dinamizar la ciudad durante los meses de verano, consolidando a Coria como un destino de referencia para el turismo cultural. Con estas actividades paralelas, el festival trasciende el escenario principal y convierte cada rinc\u00f3n del casco hist\u00f3rico en un espacio para la creaci\u00f3n, el encuentro y la participaci\u00f3n ciudadana.<\/p>\n\n\n\n<p class=\"wp-block-paragraph\">Las entradas individuales tienen un precio de 10 euros por espect\u00e1culo, mientras que el abono para disfrutar de todo el festival puede adquirirse por 50 euros. Las localidades est\u00e1n disponibles a trav\u00e9s de la plataforma Giglon.com y de forma presencial en la Oficina de Turismo de Coria.<\/p>\n\n\n\n<p class=\"wp-block-paragraph\">Ante esta extensa programaci\u00f3n, el Ayuntamiento anima a vecinos y visitantes a seguir disfrutando de las representaciones y los pasacalles, con los que el teatro, el patrimonio y la cultura volver\u00e1n a ser los grandes protagonistas del verano cauriense.<\/p>\n\n\n\n<p class=\"wp-block-paragraph\">El Festival Internacional de Teatro \u201cCoria Si\u00e9ntela\u201d est\u00e1 organizado por el Ayuntamiento de Coria, en colaboraci\u00f3n con la Junta de Extremadura, el Centro de las Artes Esc\u00e9nicas y de la M\u00fasica de Extremadura (CEMART) y la Diputaci\u00f3n Provincial de C\u00e1ceres.<\/p>\n\n\n\n<p class=\"wp-block-paragraph\"><\/p>\n","protected":false},"excerpt":{"rendered":"<p>El Ayuntamiento de Coria hace un balance muy positivo de la primera jornada del Festival Internacional de Teatro \u201cCoria Si\u00e9ntela\u201d, que dio comienzo en la noche de ayer con una excelente acogida por parte del p\u00fablico. La representaci\u00f3n de \u2018Jason y las Furias\u2019, una original revisi\u00f3n contempor\u00e1nea del mito cl\u00e1sico, inaugur\u00f3 esta nueva edici\u00f3n del [&hellip;]<\/p>\n","protected":false},"author":2,"featured_media":67082,"comment_status":"closed","ping_status":"closed","sticky":false,"template":"","format":"standard","meta":{"_uag_custom_page_level_css":"","footnotes":""},"categories":[2],"tags":[1465,1221],"class_list":["post-67081","post","type-post","status-publish","format-standard","has-post-thumbnail","hentry","category-noticias","tag-festival-de-teatro","tag-teatro"],"yoast_head":"<!-- This site is optimized with the Yoast SEO plugin v28.2 - https:\/\/yoast.com\/product\/yoast-seo-wordpress\/ -->\n<title>Arranca el Festival Internacional de Teatro \u201cCoria Si\u00e9ntela\u201d - Ayuntamiento de Coria<\/title>\n<meta name=\"description\" content=\"El Ayuntamiento de Coria hace un balance muy positivo de la primera jornada del Festival Internacional de Teatro \u201cCoria Si\u00e9ntela\u201d, que dio comienzo en la noche de ayer con una excelente acogida por parte del p\u00fablico.\" \/>\n<meta name=\"robots\" content=\"index, follow, max-snippet:-1, max-image-preview:large, max-video-preview:-1\" \/>\n<link rel=\"canonical\" href=\"https:\/\/coria.org\/ayuntamiento\/index.php\/2026\/07\/17\/arranca-el-festival-internacional-de-teatro-coria-sientela\/\" \/>\n<meta property=\"og:locale\" content=\"es_ES\" \/>\n<meta property=\"og:type\" content=\"article\" \/>\n<meta property=\"og:title\" content=\"Arranca el Festival Internacional de Teatro \u201cCoria Si\u00e9ntela\u201d\" \/>\n<meta property=\"og:description\" content=\"El Ayuntamiento de Coria hace un balance muy positivo de la primera jornada del Festival Internacional de Teatro \u201cCoria Si\u00e9ntela\u201d, que dio comienzo en la noche de ayer con una excelente acogida por parte del p\u00fablico.\" \/>\n<meta property=\"og:url\" content=\"https:\/\/coria.org\/ayuntamiento\/index.php\/2026\/07\/17\/arranca-el-festival-internacional-de-teatro-coria-sientela\/\" \/>\n<meta property=\"og:site_name\" content=\"Ayuntamiento de Coria\" \/>\n<meta property=\"article:publisher\" content=\"https:\/\/www.facebook.com\/Ayuntamiento.de.Coria\" \/>\n<meta property=\"article:published_time\" content=\"2026-07-17T10:38:32+00:00\" \/>\n<meta property=\"article:modified_time\" content=\"2026-07-31T06:07:52+00:00\" \/>\n<meta property=\"og:image\" content=\"https:\/\/coria.org\/ayuntamiento\/wp-content\/uploads\/2026\/07\/festival-teatro-2026.webp\" \/>\n\t<meta property=\"og:image:width\" content=\"1920\" \/>\n\t<meta property=\"og:image:height\" content=\"1440\" \/>\n\t<meta property=\"og:image:type\" content=\"image\/webp\" \/>\n<meta name=\"author\" content=\"ayuntamiento\" \/>\n<meta name=\"twitter:card\" content=\"summary_large_image\" \/>\n<meta name=\"twitter:title\" content=\"Arranca el Festival Internacional de Teatro \u201cCoria Si\u00e9ntela\u201d\" \/>\n<meta name=\"twitter:description\" content=\"El Ayuntamiento de Coria hace un balance muy positivo de la primera jornada del Festival Internacional de Teatro \u201cCoria Si\u00e9ntela\u201d, que dio comienzo en la noche de ayer con una excelente acogida por parte del p\u00fablico.\" \/>\n<meta name=\"twitter:image\" content=\"https:\/\/coria.org\/ayuntamiento\/wp-content\/uploads\/2026\/07\/festival-teatro-2026.webp\" \/>\n<meta name=\"twitter:creator\" content=\"@Ayto_de_Coria\" \/>\n<meta name=\"twitter:site\" content=\"@Ayto_de_Coria\" \/>\n<meta name=\"twitter:label1\" content=\"Escrito por\" \/>\n\t<meta name=\"twitter:data1\" content=\"ayuntamiento\" \/>\n\t<meta name=\"twitter:label2\" content=\"Tiempo de lectura\" \/>\n\t<meta name=\"twitter:data2\" content=\"4 minutos\" \/>\n<script type=\"application\/ld+json\" class=\"yoast-schema-graph\">{\"@context\":\"https:\\\/\\\/schema.org\",\"@graph\":[{\"@type\":\"Article\",\"@id\":\"https:\\\/\\\/coria.org\\\/ayuntamiento\\\/index.php\\\/2026\\\/07\\\/17\\\/arranca-el-festival-internacional-de-teatro-coria-sientela\\\/#article\",\"isPartOf\":{\"@id\":\"https:\\\/\\\/coria.org\\\/ayuntamiento\\\/index.php\\\/2026\\\/07\\\/17\\\/arranca-el-festival-internacional-de-teatro-coria-sientela\\\/\"},\"author\":{\"name\":\"ayuntamiento\",\"@id\":\"https:\\\/\\\/coria.org\\\/ayuntamiento\\\/#\\\/schema\\\/person\\\/8bd589f0e13e8ae5aa06def7a599d622\"},\"headline\":\"Arranca el Festival Internacional de Teatro \u201cCoria Si\u00e9ntela\u201d\",\"datePublished\":\"2026-07-17T10:38:32+00:00\",\"dateModified\":\"2026-07-31T06:07:52+00:00\",\"mainEntityOfPage\":{\"@id\":\"https:\\\/\\\/coria.org\\\/ayuntamiento\\\/index.php\\\/2026\\\/07\\\/17\\\/arranca-el-festival-internacional-de-teatro-coria-sientela\\\/\"},\"wordCount\":811,\"publisher\":{\"@id\":\"https:\\\/\\\/coria.org\\\/ayuntamiento\\\/#organization\"},\"image\":{\"@id\":\"https:\\\/\\\/coria.org\\\/ayuntamiento\\\/index.php\\\/2026\\\/07\\\/17\\\/arranca-el-festival-internacional-de-teatro-coria-sientela\\\/#primaryimage\"},\"thumbnailUrl\":\"https:\\\/\\\/coria.org\\\/ayuntamiento\\\/wp-content\\\/uploads\\\/2026\\\/07\\\/festival-teatro-2026.webp\",\"keywords\":[\"festival de teatro\",\"teatro\"],\"articleSection\":[\"Noticias\"],\"inLanguage\":\"es\"},{\"@type\":\"WebPage\",\"@id\":\"https:\\\/\\\/coria.org\\\/ayuntamiento\\\/index.php\\\/2026\\\/07\\\/17\\\/arranca-el-festival-internacional-de-teatro-coria-sientela\\\/\",\"url\":\"https:\\\/\\\/coria.org\\\/ayuntamiento\\\/index.php\\\/2026\\\/07\\\/17\\\/arranca-el-festival-internacional-de-teatro-coria-sientela\\\/\",\"name\":\"Arranca el Festival Internacional de Teatro \u201cCoria Si\u00e9ntela\u201d - Ayuntamiento de Coria\",\"isPartOf\":{\"@id\":\"https:\\\/\\\/coria.org\\\/ayuntamiento\\\/#website\"},\"primaryImageOfPage\":{\"@id\":\"https:\\\/\\\/coria.org\\\/ayuntamiento\\\/index.php\\\/2026\\\/07\\\/17\\\/arranca-el-festival-internacional-de-teatro-coria-sientela\\\/#primaryimage\"},\"image\":{\"@id\":\"https:\\\/\\\/coria.org\\\/ayuntamiento\\\/index.php\\\/2026\\\/07\\\/17\\\/arranca-el-festival-internacional-de-teatro-coria-sientela\\\/#primaryimage\"},\"thumbnailUrl\":\"https:\\\/\\\/coria.org\\\/ayuntamiento\\\/wp-content\\\/uploads\\\/2026\\\/07\\\/festival-teatro-2026.webp\",\"datePublished\":\"2026-07-17T10:38:32+00:00\",\"dateModified\":\"2026-07-31T06:07:52+00:00\",\"description\":\"El Ayuntamiento de Coria hace un balance muy positivo de la primera jornada del Festival Internacional de Teatro \u201cCoria Si\u00e9ntela\u201d, que dio comienzo en la noche de ayer con una excelente acogida por parte del p\u00fablico.\",\"breadcrumb\":{\"@id\":\"https:\\\/\\\/coria.org\\\/ayuntamiento\\\/index.php\\\/2026\\\/07\\\/17\\\/arranca-el-festival-internacional-de-teatro-coria-sientela\\\/#breadcrumb\"},\"inLanguage\":\"es\",\"potentialAction\":[{\"@type\":\"ReadAction\",\"target\":[\"https:\\\/\\\/coria.org\\\/ayuntamiento\\\/index.php\\\/2026\\\/07\\\/17\\\/arranca-el-festival-internacional-de-teatro-coria-sientela\\\/\"]}]},{\"@type\":\"ImageObject\",\"inLanguage\":\"es\",\"@id\":\"https:\\\/\\\/coria.org\\\/ayuntamiento\\\/index.php\\\/2026\\\/07\\\/17\\\/arranca-el-festival-internacional-de-teatro-coria-sientela\\\/#primaryimage\",\"url\":\"https:\\\/\\\/coria.org\\\/ayuntamiento\\\/wp-content\\\/uploads\\\/2026\\\/07\\\/festival-teatro-2026.webp\",\"contentUrl\":\"https:\\\/\\\/coria.org\\\/ayuntamiento\\\/wp-content\\\/uploads\\\/2026\\\/07\\\/festival-teatro-2026.webp\",\"width\":1920,\"height\":1440},{\"@type\":\"BreadcrumbList\",\"@id\":\"https:\\\/\\\/coria.org\\\/ayuntamiento\\\/index.php\\\/2026\\\/07\\\/17\\\/arranca-el-festival-internacional-de-teatro-coria-sientela\\\/#breadcrumb\",\"itemListElement\":[{\"@type\":\"ListItem\",\"position\":1,\"name\":\"Inicio\",\"item\":\"https:\\\/\\\/coria.org\\\/ayuntamiento\\\/\"},{\"@type\":\"ListItem\",\"position\":2,\"name\":\"Arranca el Festival Internacional de Teatro \u201cCoria Si\u00e9ntela\u201d\"}]},{\"@type\":\"WebSite\",\"@id\":\"https:\\\/\\\/coria.org\\\/ayuntamiento\\\/#website\",\"url\":\"https:\\\/\\\/coria.org\\\/ayuntamiento\\\/\",\"name\":\"Ayuntamiento de Coria\",\"description\":\"Web oficial del Ayuntamiento de Coria\",\"publisher\":{\"@id\":\"https:\\\/\\\/coria.org\\\/ayuntamiento\\\/#organization\"},\"alternateName\":\"Web Oficial del Ayuntamiento de Coria\",\"potentialAction\":[{\"@type\":\"SearchAction\",\"target\":{\"@type\":\"EntryPoint\",\"urlTemplate\":\"https:\\\/\\\/coria.org\\\/ayuntamiento\\\/?s={search_term_string}\"},\"query-input\":{\"@type\":\"PropertyValueSpecification\",\"valueRequired\":true,\"valueName\":\"search_term_string\"}}],\"inLanguage\":\"es\"},{\"@type\":\"Organization\",\"@id\":\"https:\\\/\\\/coria.org\\\/ayuntamiento\\\/#organization\",\"name\":\"Ayuntamiento de Coria\",\"alternateName\":\"Ayto de Coria\",\"url\":\"https:\\\/\\\/coria.org\\\/ayuntamiento\\\/\",\"logo\":{\"@type\":\"ImageObject\",\"inLanguage\":\"es\",\"@id\":\"https:\\\/\\\/coria.org\\\/ayuntamiento\\\/#\\\/schema\\\/logo\\\/image\\\/\",\"url\":\"https:\\\/\\\/coria.org\\\/ayuntamiento\\\/wp-content\\\/uploads\\\/2020\\\/12\\\/escudo-ayuntamiento-coria.png\",\"contentUrl\":\"https:\\\/\\\/coria.org\\\/ayuntamiento\\\/wp-content\\\/uploads\\\/2020\\\/12\\\/escudo-ayuntamiento-coria.png\",\"width\":511,\"height\":240,\"caption\":\"Ayuntamiento de Coria\"},\"image\":{\"@id\":\"https:\\\/\\\/coria.org\\\/ayuntamiento\\\/#\\\/schema\\\/logo\\\/image\\\/\"},\"sameAs\":[\"https:\\\/\\\/www.facebook.com\\\/Ayuntamiento.de.Coria\",\"https:\\\/\\\/x.com\\\/Ayto_de_Coria\",\"https:\\\/\\\/www.instagram.com\\\/coria.ayuntamiento\\\/\",\"https:\\\/\\\/www.youtube.com\\\/user\\\/AYUNTAMIENTOCORIA\"]},{\"@type\":\"Person\",\"@id\":\"https:\\\/\\\/coria.org\\\/ayuntamiento\\\/#\\\/schema\\\/person\\\/8bd589f0e13e8ae5aa06def7a599d622\",\"name\":\"ayuntamiento\",\"image\":{\"@type\":\"ImageObject\",\"inLanguage\":\"es\",\"@id\":\"https:\\\/\\\/secure.gravatar.com\\\/avatar\\\/966e5ed73cad334adda5c87f49f2547f7082f7292c1b627cbb548744383b391c?s=96&d=mm&r=g\",\"url\":\"https:\\\/\\\/secure.gravatar.com\\\/avatar\\\/966e5ed73cad334adda5c87f49f2547f7082f7292c1b627cbb548744383b391c?s=96&d=mm&r=g\",\"contentUrl\":\"https:\\\/\\\/secure.gravatar.com\\\/avatar\\\/966e5ed73cad334adda5c87f49f2547f7082f7292c1b627cbb548744383b391c?s=96&d=mm&r=g\",\"caption\":\"ayuntamiento\"}}]}<\/script>\n<!-- \/ Yoast SEO plugin. -->","yoast_head_json":{"title":"Arranca el Festival Internacional de Teatro \u201cCoria Si\u00e9ntela\u201d - Ayuntamiento de Coria","description":"El Ayuntamiento de Coria hace un balance muy positivo de la primera jornada del Festival Internacional de Teatro \u201cCoria Si\u00e9ntela\u201d, que dio comienzo en la noche de ayer con una excelente acogida por parte del p\u00fablico.","robots":{"index":"index","follow":"follow","max-snippet":"max-snippet:-1","max-image-preview":"max-image-preview:large","max-video-preview":"max-video-preview:-1"},"canonical":"https:\/\/coria.org\/ayuntamiento\/index.php\/2026\/07\/17\/arranca-el-festival-internacional-de-teatro-coria-sientela\/","og_locale":"es_ES","og_type":"article","og_title":"Arranca el Festival Internacional de Teatro \u201cCoria Si\u00e9ntela\u201d","og_description":"El Ayuntamiento de Coria hace un balance muy positivo de la primera jornada del Festival Internacional de Teatro \u201cCoria Si\u00e9ntela\u201d, que dio comienzo en la noche de ayer con una excelente acogida por parte del p\u00fablico.","og_url":"https:\/\/coria.org\/ayuntamiento\/index.php\/2026\/07\/17\/arranca-el-festival-internacional-de-teatro-coria-sientela\/","og_site_name":"Ayuntamiento de Coria","article_publisher":"https:\/\/www.facebook.com\/Ayuntamiento.de.Coria","article_published_time":"2026-07-17T10:38:32+00:00","article_modified_time":"2026-07-31T06:07:52+00:00","og_image":[{"width":1920,"height":1440,"url":"https:\/\/coria.org\/ayuntamiento\/wp-content\/uploads\/2026\/07\/festival-teatro-2026.webp","type":"image\/webp"}],"author":"ayuntamiento","twitter_card":"summary_large_image","twitter_title":"Arranca el Festival Internacional de Teatro \u201cCoria Si\u00e9ntela\u201d","twitter_description":"El Ayuntamiento de Coria hace un balance muy positivo de la primera jornada del Festival Internacional de Teatro \u201cCoria Si\u00e9ntela\u201d, que dio comienzo en la noche de ayer con una excelente acogida por parte del p\u00fablico.","twitter_image":"https:\/\/coria.org\/ayuntamiento\/wp-content\/uploads\/2026\/07\/festival-teatro-2026.webp","twitter_creator":"@Ayto_de_Coria","twitter_site":"@Ayto_de_Coria","twitter_misc":{"Escrito por":"ayuntamiento","Tiempo de lectura":"4 minutos"},"schema":{"@context":"https:\/\/schema.org","@graph":[{"@type":"Article","@id":"https:\/\/coria.org\/ayuntamiento\/index.php\/2026\/07\/17\/arranca-el-festival-internacional-de-teatro-coria-sientela\/#article","isPartOf":{"@id":"https:\/\/coria.org\/ayuntamiento\/index.php\/2026\/07\/17\/arranca-el-festival-internacional-de-teatro-coria-sientela\/"},"author":{"name":"ayuntamiento","@id":"https:\/\/coria.org\/ayuntamiento\/#\/schema\/person\/8bd589f0e13e8ae5aa06def7a599d622"},"headline":"Arranca el Festival Internacional de Teatro \u201cCoria Si\u00e9ntela\u201d","datePublished":"2026-07-17T10:38:32+00:00","dateModified":"2026-07-31T06:07:52+00:00","mainEntityOfPage":{"@id":"https:\/\/coria.org\/ayuntamiento\/index.php\/2026\/07\/17\/arranca-el-festival-internacional-de-teatro-coria-sientela\/"},"wordCount":811,"publisher":{"@id":"https:\/\/coria.org\/ayuntamiento\/#organization"},"image":{"@id":"https:\/\/coria.org\/ayuntamiento\/index.php\/2026\/07\/17\/arranca-el-festival-internacional-de-teatro-coria-sientela\/#primaryimage"},"thumbnailUrl":"https:\/\/coria.org\/ayuntamiento\/wp-content\/uploads\/2026\/07\/festival-teatro-2026.webp","keywords":["festival de teatro","teatro"],"articleSection":["Noticias"],"inLanguage":"es"},{"@type":"WebPage","@id":"https:\/\/coria.org\/ayuntamiento\/index.php\/2026\/07\/17\/arranca-el-festival-internacional-de-teatro-coria-sientela\/","url":"https:\/\/coria.org\/ayuntamiento\/index.php\/2026\/07\/17\/arranca-el-festival-internacional-de-teatro-coria-sientela\/","name":"Arranca el Festival Internacional de Teatro \u201cCoria Si\u00e9ntela\u201d - Ayuntamiento de Coria","isPartOf":{"@id":"https:\/\/coria.org\/ayuntamiento\/#website"},"primaryImageOfPage":{"@id":"https:\/\/coria.org\/ayuntamiento\/index.php\/2026\/07\/17\/arranca-el-festival-internacional-de-teatro-coria-sientela\/#primaryimage"},"image":{"@id":"https:\/\/coria.org\/ayuntamiento\/index.php\/2026\/07\/17\/arranca-el-festival-internacional-de-teatro-coria-sientela\/#primaryimage"},"thumbnailUrl":"https:\/\/coria.org\/ayuntamiento\/wp-content\/uploads\/2026\/07\/festival-teatro-2026.webp","datePublished":"2026-07-17T10:38:32+00:00","dateModified":"2026-07-31T06:07:52+00:00","description":"El Ayuntamiento de Coria hace un balance muy positivo de la primera jornada del Festival Internacional de Teatro \u201cCoria Si\u00e9ntela\u201d, que dio comienzo en la noche de ayer con una excelente acogida por parte del p\u00fablico.","breadcrumb":{"@id":"https:\/\/coria.org\/ayuntamiento\/index.php\/2026\/07\/17\/arranca-el-festival-internacional-de-teatro-coria-sientela\/#breadcrumb"},"inLanguage":"es","potentialAction":[{"@type":"ReadAction","target":["https:\/\/coria.org\/ayuntamiento\/index.php\/2026\/07\/17\/arranca-el-festival-internacional-de-teatro-coria-sientela\/"]}]},{"@type":"ImageObject","inLanguage":"es","@id":"https:\/\/coria.org\/ayuntamiento\/index.php\/2026\/07\/17\/arranca-el-festival-internacional-de-teatro-coria-sientela\/#primaryimage","url":"https:\/\/coria.org\/ayuntamiento\/wp-content\/uploads\/2026\/07\/festival-teatro-2026.webp","contentUrl":"https:\/\/coria.org\/ayuntamiento\/wp-content\/uploads\/2026\/07\/festival-teatro-2026.webp","width":1920,"height":1440},{"@type":"BreadcrumbList","@id":"https:\/\/coria.org\/ayuntamiento\/index.php\/2026\/07\/17\/arranca-el-festival-internacional-de-teatro-coria-sientela\/#breadcrumb","itemListElement":[{"@type":"ListItem","position":1,"name":"Inicio","item":"https:\/\/coria.org\/ayuntamiento\/"},{"@type":"ListItem","position":2,"name":"Arranca el Festival Internacional de Teatro \u201cCoria Si\u00e9ntela\u201d"}]},{"@type":"WebSite","@id":"https:\/\/coria.org\/ayuntamiento\/#website","url":"https:\/\/coria.org\/ayuntamiento\/","name":"Ayuntamiento de Coria","description":"Web oficial del Ayuntamiento de Coria","publisher":{"@id":"https:\/\/coria.org\/ayuntamiento\/#organization"},"alternateName":"Web Oficial del Ayuntamiento de Coria","potentialAction":[{"@type":"SearchAction","target":{"@type":"EntryPoint","urlTemplate":"https:\/\/coria.org\/ayuntamiento\/?s={search_term_string}"},"query-input":{"@type":"PropertyValueSpecification","valueRequired":true,"valueName":"search_term_string"}}],"inLanguage":"es"},{"@type":"Organization","@id":"https:\/\/coria.org\/ayuntamiento\/#organization","name":"Ayuntamiento de Coria","alternateName":"Ayto de Coria","url":"https:\/\/coria.org\/ayuntamiento\/","logo":{"@type":"ImageObject","inLanguage":"es","@id":"https:\/\/coria.org\/ayuntamiento\/#\/schema\/logo\/image\/","url":"https:\/\/coria.org\/ayuntamiento\/wp-content\/uploads\/2020\/12\/escudo-ayuntamiento-coria.png","contentUrl":"https:\/\/coria.org\/ayuntamiento\/wp-content\/uploads\/2020\/12\/escudo-ayuntamiento-coria.png","width":511,"height":240,"caption":"Ayuntamiento de Coria"},"image":{"@id":"https:\/\/coria.org\/ayuntamiento\/#\/schema\/logo\/image\/"},"sameAs":["https:\/\/www.facebook.com\/Ayuntamiento.de.Coria","https:\/\/x.com\/Ayto_de_Coria","https:\/\/www.instagram.com\/coria.ayuntamiento\/","https:\/\/www.youtube.com\/user\/AYUNTAMIENTOCORIA"]},{"@type":"Person","@id":"https:\/\/coria.org\/ayuntamiento\/#\/schema\/person\/8bd589f0e13e8ae5aa06def7a599d622","name":"ayuntamiento","image":{"@type":"ImageObject","inLanguage":"es","@id":"https:\/\/secure.gravatar.com\/avatar\/966e5ed73cad334adda5c87f49f2547f7082f7292c1b627cbb548744383b391c?s=96&d=mm&r=g","url":"https:\/\/secure.gravatar.com\/avatar\/966e5ed73cad334adda5c87f49f2547f7082f7292c1b627cbb548744383b391c?s=96&d=mm&r=g","contentUrl":"https:\/\/secure.gravatar.com\/avatar\/966e5ed73cad334adda5c87f49f2547f7082f7292c1b627cbb548744383b391c?s=96&d=mm&r=g","caption":"ayuntamiento"}}]}},"uagb_featured_image_src":{"full":["https:\/\/coria.org\/ayuntamiento\/wp-content\/uploads\/2026\/07\/festival-teatro-2026.webp",1920,1440,false],"thumbnail":["https:\/\/coria.org\/ayuntamiento\/wp-content\/uploads\/2026\/07\/festival-teatro-2026-150x150.webp",150,150,true],"medium":["https:\/\/coria.org\/ayuntamiento\/wp-content\/uploads\/2026\/07\/festival-teatro-2026.webp",1920,1440,false],"medium_large":["https:\/\/coria.org\/ayuntamiento\/wp-content\/uploads\/2026\/07\/festival-teatro-2026-768x576.webp",768,576,true],"large":["https:\/\/coria.org\/ayuntamiento\/wp-content\/uploads\/2026\/07\/festival-teatro-2026.webp",1920,1440,false],"thumblist":["https:\/\/coria.org\/ayuntamiento\/wp-content\/uploads\/2026\/07\/festival-teatro-2026-300x300.webp",300,300,true],"thumbrelated":["https:\/\/coria.org\/ayuntamiento\/wp-content\/uploads\/2026\/07\/festival-teatro-2026-500x500.webp",500,500,true],"meccarouselthumb":["https:\/\/coria.org\/ayuntamiento\/wp-content\/uploads\/2026\/07\/festival-teatro-2026-474x324.webp",474,324,true],"gridsquare":["https:\/\/coria.org\/ayuntamiento\/wp-content\/uploads\/2026\/07\/festival-teatro-2026-391x260.webp",391,260,true],"tileview":["https:\/\/coria.org\/ayuntamiento\/wp-content\/uploads\/2026\/07\/festival-teatro-2026-300x400.webp",300,400,true],"1536x1536":["https:\/\/coria.org\/ayuntamiento\/wp-content\/uploads\/2026\/07\/festival-teatro-2026-1536x1152.webp",1536,1152,true],"2048x2048":["https:\/\/coria.org\/ayuntamiento\/wp-content\/uploads\/2026\/07\/festival-teatro-2026.webp",1920,1440,false]},"uagb_author_info":{"display_name":"ayuntamiento","author_link":"https:\/\/coria.org\/ayuntamiento\/index.php\/author\/ayuntamiento\/"},"uagb_comment_info":0,"uagb_excerpt":"El Ayuntamiento de Coria hace un balance muy positivo de la primera jornada del Festival Internacional de Teatro \u201cCoria Si\u00e9ntela\u201d, que dio comienzo en la noche de ayer con una excelente acogida por parte del p\u00fablico. La representaci\u00f3n de \u2018Jason y las Furias\u2019, una original revisi\u00f3n contempor\u00e1nea del mito cl\u00e1sico, inaugur\u00f3 esta nueva edici\u00f3n del&hellip;","_links":{"self":[{"href":"https:\/\/coria.org\/ayuntamiento\/index.php\/wp-json\/wp\/v2\/posts\/67081","targetHints":{"allow":["GET"]}}],"collection":[{"href":"https:\/\/coria.org\/ayuntamiento\/index.php\/wp-json\/wp\/v2\/posts"}],"about":[{"href":"https:\/\/coria.org\/ayuntamiento\/index.php\/wp-json\/wp\/v2\/types\/post"}],"author":[{"embeddable":true,"href":"https:\/\/coria.org\/ayuntamiento\/index.php\/wp-json\/wp\/v2\/users\/2"}],"replies":[{"embeddable":true,"href":"https:\/\/coria.org\/ayuntamiento\/index.php\/wp-json\/wp\/v2\/comments?post=67081"}],"version-history":[{"count":1,"href":"https:\/\/coria.org\/ayuntamiento\/index.php\/wp-json\/wp\/v2\/posts\/67081\/revisions"}],"predecessor-version":[{"id":67216,"href":"https:\/\/coria.org\/ayuntamiento\/index.php\/wp-json\/wp\/v2\/posts\/67081\/revisions\/67216"}],"wp:featuredmedia":[{"embeddable":true,"href":"https:\/\/coria.org\/ayuntamiento\/index.php\/wp-json\/wp\/v2\/media\/67082"}],"wp:attachment":[{"href":"https:\/\/coria.org\/ayuntamiento\/index.php\/wp-json\/wp\/v2\/media?parent=67081"}],"wp:term":[{"taxonomy":"category","embeddable":true,"href":"https:\/\/coria.org\/ayuntamiento\/index.php\/wp-json\/wp\/v2\/categories?post=67081"},{"taxonomy":"post_tag","embeddable":true,"href":"https:\/\/coria.org\/ayuntamiento\/index.php\/wp-json\/wp\/v2\/tags?post=67081"}],"curies":[{"name":"wp","href":"https:\/\/api.w.org\/{rel}","templated":true}]}}