{"id":66576,"date":"2026-04-30T13:59:07","date_gmt":"2026-04-30T11:59:07","guid":{"rendered":"https:\/\/coria.org\/ayuntamiento\/?p=66576"},"modified":"2026-04-30T13:59:42","modified_gmt":"2026-04-30T11:59:42","slug":"el-ayuntamiento-de-coria-expone-los-carteles-participantes-en-el-concurso-de-las-fiestas-de-san-juan-2026","status":"publish","type":"post","link":"https:\/\/coria.org\/ayuntamiento\/index.php\/2026\/04\/30\/el-ayuntamiento-de-coria-expone-los-carteles-participantes-en-el-concurso-de-las-fiestas-de-san-juan-2026\/","title":{"rendered":"El Ayuntamiento de Coria expone los carteles participantes en el Concurso de las Fiestas de San Juan 2026"},"content":{"rendered":"\n<p>El Ayuntamiento de Coria ha abierto al p\u00fablico una exposici\u00f3n con motivo del Concurso de Carteles de las Fiestas de San Juan 2026, en la que podr\u00e1n visitarse las obras participantes en esta edici\u00f3n.<\/p>\n\n\n<figure class=\"wp-block-post-featured-image\"><img loading=\"lazy\" decoding=\"async\" width=\"1920\" height=\"1440\" src=\"https:\/\/coria.org\/ayuntamiento\/wp-content\/uploads\/2026\/04\/exposicion-carteles-sanjuan.webp\" class=\"attachment-post-thumbnail size-post-thumbnail wp-post-image\" alt=\"\" style=\"object-fit:cover;\" srcset=\"https:\/\/coria.org\/ayuntamiento\/wp-content\/uploads\/2026\/04\/exposicion-carteles-sanjuan.webp 1920w, https:\/\/coria.org\/ayuntamiento\/wp-content\/uploads\/2026\/04\/exposicion-carteles-sanjuan-768x576.webp 768w, https:\/\/coria.org\/ayuntamiento\/wp-content\/uploads\/2026\/04\/exposicion-carteles-sanjuan-1536x1152.webp 1536w\" sizes=\"auto, (max-width: 1920px) 100vw, 1920px\" \/><\/figure>\n\n\n<p>La muestra, ubicada en el patio del Ayuntamiento, re\u00fane un total de 14 carteles procedentes de diferentes puntos de Espa\u00f1a \u2014Melide (La Coru\u00f1a), Alfaro (La Rioja), Mutilva (Navarra), Cullera (Valencia), Beniarr\u00e9s (Alicante), Benacaz\u00f3n (Sevilla), Badajoz y Coria (C\u00e1ceres)\u2014 y podr\u00e1 visitarse hasta el pr\u00f3ximo <strong>15 de mayo<\/strong>.<\/p>\n\n\n\n<p>Esta iniciativa ofrece a vecinos y visitantes la oportunidad de disfrutar de la creatividad y el talento de los artistas participantes, as\u00ed como de conocer de cerca las diferentes visiones que interpretan una de las celebraciones m\u00e1s emblem\u00e1ticas de la ciudad.<\/p>\n\n\n\n<p>El jurado, reunido el pasado 5 de marzo, destac\u00f3 la calidad de las obras presentadas, lo que hizo especialmente compleja la elecci\u00f3n del cartel ganador.<\/p>\n\n\n\n<p>El primer premio ha reca\u00eddo en la obra titulada <strong>\u201cEcos de Fuego y Bronce\u201d<\/strong>, del autor cauriense <strong>Alejandro P\u00e9rez Yerpes<\/strong>, una propuesta que recoge la esencia de las fiestas a trav\u00e9s del simbolismo del fuego como elemento central.<\/p>\n\n\n\n<p>Desde el Ayuntamiento de Coria se invita a toda la ciudadan\u00eda a visitar esta exposici\u00f3n, que se convierte en antesala de las Fiestas de San Juan 2026 y en un espacio para poner en valor el arte, la participaci\u00f3n y las tradiciones locales.<\/p>\n","protected":false},"excerpt":{"rendered":"<p>El Ayuntamiento de Coria ha abierto al p\u00fablico una exposici\u00f3n con motivo del Concurso de Carteles de las Fiestas de San Juan 2026, en la que podr\u00e1n visitarse las obras participantes en esta edici\u00f3n. La muestra, ubicada en el patio del Ayuntamiento, re\u00fane un total de 14 carteles procedentes de diferentes puntos de Espa\u00f1a \u2014Melide [&hellip;]<\/p>\n","protected":false},"author":3,"featured_media":66577,"comment_status":"closed","ping_status":"closed","sticky":false,"template":"","format":"standard","meta":{"_uag_custom_page_level_css":"","footnotes":""},"categories":[9,2],"tags":[1129],"class_list":["post-66576","post","type-post","status-publish","format-standard","has-post-thumbnail","hentry","category-destacado","category-noticias","tag-san-juan"],"yoast_head":"<!-- This site is optimized with the Yoast SEO plugin v27.5 - https:\/\/yoast.com\/product\/yoast-seo-wordpress\/ -->\n<title>El Ayuntamiento de Coria expone los carteles participantes en el Concurso de las Fiestas de San Juan 2026 - Ayuntamiento de Coria<\/title>\n<meta name=\"description\" content=\"El Ayuntamiento de Coria ha abierto al p\u00fablico una exposici\u00f3n con motivo del Concurso de Carteles de las Fiestas de San Juan 2026, en la que podr\u00e1n visitarse las obras participantes en esta edici\u00f3n.\" \/>\n<meta name=\"robots\" content=\"index, follow, max-snippet:-1, max-image-preview:large, max-video-preview:-1\" \/>\n<link rel=\"canonical\" href=\"https:\/\/coria.org\/ayuntamiento\/index.php\/2026\/04\/30\/el-ayuntamiento-de-coria-expone-los-carteles-participantes-en-el-concurso-de-las-fiestas-de-san-juan-2026\/\" \/>\n<meta property=\"og:locale\" content=\"es_ES\" \/>\n<meta property=\"og:type\" content=\"article\" \/>\n<meta property=\"og:title\" content=\"El Ayuntamiento de Coria expone los carteles participantes en el Concurso de las Fiestas de San Juan 2026\" \/>\n<meta property=\"og:description\" content=\"El Ayuntamiento de Coria ha abierto al p\u00fablico una exposici\u00f3n con motivo del Concurso de Carteles de las Fiestas de San Juan 2026, en la que podr\u00e1n visitarse las obras participantes en esta edici\u00f3n.\" \/>\n<meta property=\"og:url\" content=\"https:\/\/coria.org\/ayuntamiento\/index.php\/2026\/04\/30\/el-ayuntamiento-de-coria-expone-los-carteles-participantes-en-el-concurso-de-las-fiestas-de-san-juan-2026\/\" \/>\n<meta property=\"og:site_name\" content=\"Ayuntamiento de Coria\" \/>\n<meta property=\"article:publisher\" content=\"https:\/\/www.facebook.com\/Ayuntamiento.de.Coria\" \/>\n<meta property=\"article:published_time\" content=\"2026-04-30T11:59:07+00:00\" \/>\n<meta property=\"article:modified_time\" content=\"2026-04-30T11:59:42+00:00\" \/>\n<meta property=\"og:image\" content=\"https:\/\/coria.org\/ayuntamiento\/wp-content\/uploads\/2026\/04\/exposicion-carteles-sanjuan.webp\" \/>\n\t<meta property=\"og:image:width\" content=\"1920\" \/>\n\t<meta property=\"og:image:height\" content=\"1440\" \/>\n\t<meta property=\"og:image:type\" content=\"image\/webp\" \/>\n<meta name=\"author\" content=\"prensa@coria.org\" \/>\n<meta name=\"twitter:card\" content=\"summary_large_image\" \/>\n<meta name=\"twitter:title\" content=\"El Ayuntamiento de Coria expone los carteles participantes en el Concurso de las Fiestas de San Juan 2026\" \/>\n<meta name=\"twitter:description\" content=\"El Ayuntamiento de Coria ha abierto al p\u00fablico una exposici\u00f3n con motivo del Concurso de Carteles de las Fiestas de San Juan 2026, en la que podr\u00e1n visitarse las obras participantes en esta edici\u00f3n.\" \/>\n<meta name=\"twitter:image\" content=\"https:\/\/coria.org\/ayuntamiento\/wp-content\/uploads\/2026\/04\/exposicion-carteles-sanjuan.webp\" \/>\n<meta name=\"twitter:creator\" content=\"@Ayto_de_Coria\" \/>\n<meta name=\"twitter:site\" content=\"@Ayto_de_Coria\" \/>\n<meta name=\"twitter:label1\" content=\"Escrito por\" \/>\n\t<meta name=\"twitter:data1\" content=\"prensa@coria.org\" \/>\n\t<meta name=\"twitter:label2\" content=\"Tiempo de lectura\" \/>\n\t<meta name=\"twitter:data2\" content=\"2 minutos\" \/>\n<script type=\"application\/ld+json\" class=\"yoast-schema-graph\">{\"@context\":\"https:\\\/\\\/schema.org\",\"@graph\":[{\"@type\":\"Article\",\"@id\":\"https:\\\/\\\/coria.org\\\/ayuntamiento\\\/index.php\\\/2026\\\/04\\\/30\\\/el-ayuntamiento-de-coria-expone-los-carteles-participantes-en-el-concurso-de-las-fiestas-de-san-juan-2026\\\/#article\",\"isPartOf\":{\"@id\":\"https:\\\/\\\/coria.org\\\/ayuntamiento\\\/index.php\\\/2026\\\/04\\\/30\\\/el-ayuntamiento-de-coria-expone-los-carteles-participantes-en-el-concurso-de-las-fiestas-de-san-juan-2026\\\/\"},\"author\":{\"name\":\"prensa@coria.org\",\"@id\":\"https:\\\/\\\/coria.org\\\/ayuntamiento\\\/#\\\/schema\\\/person\\\/e599808bcace6131357c531f55c6b600\"},\"headline\":\"El Ayuntamiento de Coria expone los carteles participantes en el Concurso de las Fiestas de San Juan 2026\",\"datePublished\":\"2026-04-30T11:59:07+00:00\",\"dateModified\":\"2026-04-30T11:59:42+00:00\",\"mainEntityOfPage\":{\"@id\":\"https:\\\/\\\/coria.org\\\/ayuntamiento\\\/index.php\\\/2026\\\/04\\\/30\\\/el-ayuntamiento-de-coria-expone-los-carteles-participantes-en-el-concurso-de-las-fiestas-de-san-juan-2026\\\/\"},\"wordCount\":260,\"publisher\":{\"@id\":\"https:\\\/\\\/coria.org\\\/ayuntamiento\\\/#organization\"},\"image\":{\"@id\":\"https:\\\/\\\/coria.org\\\/ayuntamiento\\\/index.php\\\/2026\\\/04\\\/30\\\/el-ayuntamiento-de-coria-expone-los-carteles-participantes-en-el-concurso-de-las-fiestas-de-san-juan-2026\\\/#primaryimage\"},\"thumbnailUrl\":\"https:\\\/\\\/coria.org\\\/ayuntamiento\\\/wp-content\\\/uploads\\\/2026\\\/04\\\/exposicion-carteles-sanjuan.webp\",\"keywords\":[\"san juan\"],\"articleSection\":[\"Destacado\",\"Noticias\"],\"inLanguage\":\"es\"},{\"@type\":\"WebPage\",\"@id\":\"https:\\\/\\\/coria.org\\\/ayuntamiento\\\/index.php\\\/2026\\\/04\\\/30\\\/el-ayuntamiento-de-coria-expone-los-carteles-participantes-en-el-concurso-de-las-fiestas-de-san-juan-2026\\\/\",\"url\":\"https:\\\/\\\/coria.org\\\/ayuntamiento\\\/index.php\\\/2026\\\/04\\\/30\\\/el-ayuntamiento-de-coria-expone-los-carteles-participantes-en-el-concurso-de-las-fiestas-de-san-juan-2026\\\/\",\"name\":\"El Ayuntamiento de Coria expone los carteles participantes en el Concurso de las Fiestas de San Juan 2026 - Ayuntamiento de Coria\",\"isPartOf\":{\"@id\":\"https:\\\/\\\/coria.org\\\/ayuntamiento\\\/#website\"},\"primaryImageOfPage\":{\"@id\":\"https:\\\/\\\/coria.org\\\/ayuntamiento\\\/index.php\\\/2026\\\/04\\\/30\\\/el-ayuntamiento-de-coria-expone-los-carteles-participantes-en-el-concurso-de-las-fiestas-de-san-juan-2026\\\/#primaryimage\"},\"image\":{\"@id\":\"https:\\\/\\\/coria.org\\\/ayuntamiento\\\/index.php\\\/2026\\\/04\\\/30\\\/el-ayuntamiento-de-coria-expone-los-carteles-participantes-en-el-concurso-de-las-fiestas-de-san-juan-2026\\\/#primaryimage\"},\"thumbnailUrl\":\"https:\\\/\\\/coria.org\\\/ayuntamiento\\\/wp-content\\\/uploads\\\/2026\\\/04\\\/exposicion-carteles-sanjuan.webp\",\"datePublished\":\"2026-04-30T11:59:07+00:00\",\"dateModified\":\"2026-04-30T11:59:42+00:00\",\"description\":\"El Ayuntamiento de Coria ha abierto al p\u00fablico una exposici\u00f3n con motivo del Concurso de Carteles de las Fiestas de San Juan 2026, en la que podr\u00e1n visitarse las obras participantes en esta edici\u00f3n.\",\"breadcrumb\":{\"@id\":\"https:\\\/\\\/coria.org\\\/ayuntamiento\\\/index.php\\\/2026\\\/04\\\/30\\\/el-ayuntamiento-de-coria-expone-los-carteles-participantes-en-el-concurso-de-las-fiestas-de-san-juan-2026\\\/#breadcrumb\"},\"inLanguage\":\"es\",\"potentialAction\":[{\"@type\":\"ReadAction\",\"target\":[\"https:\\\/\\\/coria.org\\\/ayuntamiento\\\/index.php\\\/2026\\\/04\\\/30\\\/el-ayuntamiento-de-coria-expone-los-carteles-participantes-en-el-concurso-de-las-fiestas-de-san-juan-2026\\\/\"]}]},{\"@type\":\"ImageObject\",\"inLanguage\":\"es\",\"@id\":\"https:\\\/\\\/coria.org\\\/ayuntamiento\\\/index.php\\\/2026\\\/04\\\/30\\\/el-ayuntamiento-de-coria-expone-los-carteles-participantes-en-el-concurso-de-las-fiestas-de-san-juan-2026\\\/#primaryimage\",\"url\":\"https:\\\/\\\/coria.org\\\/ayuntamiento\\\/wp-content\\\/uploads\\\/2026\\\/04\\\/exposicion-carteles-sanjuan.webp\",\"contentUrl\":\"https:\\\/\\\/coria.org\\\/ayuntamiento\\\/wp-content\\\/uploads\\\/2026\\\/04\\\/exposicion-carteles-sanjuan.webp\",\"width\":1920,\"height\":1440},{\"@type\":\"BreadcrumbList\",\"@id\":\"https:\\\/\\\/coria.org\\\/ayuntamiento\\\/index.php\\\/2026\\\/04\\\/30\\\/el-ayuntamiento-de-coria-expone-los-carteles-participantes-en-el-concurso-de-las-fiestas-de-san-juan-2026\\\/#breadcrumb\",\"itemListElement\":[{\"@type\":\"ListItem\",\"position\":1,\"name\":\"Inicio\",\"item\":\"https:\\\/\\\/coria.org\\\/ayuntamiento\\\/\"},{\"@type\":\"ListItem\",\"position\":2,\"name\":\"El Ayuntamiento de Coria expone los carteles participantes en el Concurso de las Fiestas de San Juan 2026\"}]},{\"@type\":\"WebSite\",\"@id\":\"https:\\\/\\\/coria.org\\\/ayuntamiento\\\/#website\",\"url\":\"https:\\\/\\\/coria.org\\\/ayuntamiento\\\/\",\"name\":\"Ayuntamiento de Coria\",\"description\":\"Web oficial del Ayuntamiento de Coria\",\"publisher\":{\"@id\":\"https:\\\/\\\/coria.org\\\/ayuntamiento\\\/#organization\"},\"alternateName\":\"Web Oficial del Ayuntamiento de Coria\",\"potentialAction\":[{\"@type\":\"SearchAction\",\"target\":{\"@type\":\"EntryPoint\",\"urlTemplate\":\"https:\\\/\\\/coria.org\\\/ayuntamiento\\\/?s={search_term_string}\"},\"query-input\":{\"@type\":\"PropertyValueSpecification\",\"valueRequired\":true,\"valueName\":\"search_term_string\"}}],\"inLanguage\":\"es\"},{\"@type\":\"Organization\",\"@id\":\"https:\\\/\\\/coria.org\\\/ayuntamiento\\\/#organization\",\"name\":\"Ayuntamiento de Coria\",\"alternateName\":\"Ayto de Coria\",\"url\":\"https:\\\/\\\/coria.org\\\/ayuntamiento\\\/\",\"logo\":{\"@type\":\"ImageObject\",\"inLanguage\":\"es\",\"@id\":\"https:\\\/\\\/coria.org\\\/ayuntamiento\\\/#\\\/schema\\\/logo\\\/image\\\/\",\"url\":\"https:\\\/\\\/coria.org\\\/ayuntamiento\\\/wp-content\\\/uploads\\\/2020\\\/12\\\/escudo-ayuntamiento-coria.png\",\"contentUrl\":\"https:\\\/\\\/coria.org\\\/ayuntamiento\\\/wp-content\\\/uploads\\\/2020\\\/12\\\/escudo-ayuntamiento-coria.png\",\"width\":511,\"height\":240,\"caption\":\"Ayuntamiento de Coria\"},\"image\":{\"@id\":\"https:\\\/\\\/coria.org\\\/ayuntamiento\\\/#\\\/schema\\\/logo\\\/image\\\/\"},\"sameAs\":[\"https:\\\/\\\/www.facebook.com\\\/Ayuntamiento.de.Coria\",\"https:\\\/\\\/x.com\\\/Ayto_de_Coria\",\"https:\\\/\\\/www.instagram.com\\\/coria.ayuntamiento\\\/\",\"https:\\\/\\\/www.youtube.com\\\/user\\\/AYUNTAMIENTOCORIA\"]},{\"@type\":\"Person\",\"@id\":\"https:\\\/\\\/coria.org\\\/ayuntamiento\\\/#\\\/schema\\\/person\\\/e599808bcace6131357c531f55c6b600\",\"name\":\"prensa@coria.org\",\"image\":{\"@type\":\"ImageObject\",\"inLanguage\":\"es\",\"@id\":\"https:\\\/\\\/secure.gravatar.com\\\/avatar\\\/27aedb317acfc6f08831cc400fc47b05e64be7cc19749d7a736bdf9b11b9fc8b?s=96&d=mm&r=g\",\"url\":\"https:\\\/\\\/secure.gravatar.com\\\/avatar\\\/27aedb317acfc6f08831cc400fc47b05e64be7cc19749d7a736bdf9b11b9fc8b?s=96&d=mm&r=g\",\"contentUrl\":\"https:\\\/\\\/secure.gravatar.com\\\/avatar\\\/27aedb317acfc6f08831cc400fc47b05e64be7cc19749d7a736bdf9b11b9fc8b?s=96&d=mm&r=g\",\"caption\":\"prensa@coria.org\"}}]}<\/script>\n<!-- \/ Yoast SEO plugin. -->","yoast_head_json":{"title":"El Ayuntamiento de Coria expone los carteles participantes en el Concurso de las Fiestas de San Juan 2026 - Ayuntamiento de Coria","description":"El Ayuntamiento de Coria ha abierto al p\u00fablico una exposici\u00f3n con motivo del Concurso de Carteles de las Fiestas de San Juan 2026, en la que podr\u00e1n visitarse las obras participantes en esta edici\u00f3n.","robots":{"index":"index","follow":"follow","max-snippet":"max-snippet:-1","max-image-preview":"max-image-preview:large","max-video-preview":"max-video-preview:-1"},"canonical":"https:\/\/coria.org\/ayuntamiento\/index.php\/2026\/04\/30\/el-ayuntamiento-de-coria-expone-los-carteles-participantes-en-el-concurso-de-las-fiestas-de-san-juan-2026\/","og_locale":"es_ES","og_type":"article","og_title":"El Ayuntamiento de Coria expone los carteles participantes en el Concurso de las Fiestas de San Juan 2026","og_description":"El Ayuntamiento de Coria ha abierto al p\u00fablico una exposici\u00f3n con motivo del Concurso de Carteles de las Fiestas de San Juan 2026, en la que podr\u00e1n visitarse las obras participantes en esta edici\u00f3n.","og_url":"https:\/\/coria.org\/ayuntamiento\/index.php\/2026\/04\/30\/el-ayuntamiento-de-coria-expone-los-carteles-participantes-en-el-concurso-de-las-fiestas-de-san-juan-2026\/","og_site_name":"Ayuntamiento de Coria","article_publisher":"https:\/\/www.facebook.com\/Ayuntamiento.de.Coria","article_published_time":"2026-04-30T11:59:07+00:00","article_modified_time":"2026-04-30T11:59:42+00:00","og_image":[{"width":1920,"height":1440,"url":"https:\/\/coria.org\/ayuntamiento\/wp-content\/uploads\/2026\/04\/exposicion-carteles-sanjuan.webp","type":"image\/webp"}],"author":"prensa@coria.org","twitter_card":"summary_large_image","twitter_title":"El Ayuntamiento de Coria expone los carteles participantes en el Concurso de las Fiestas de San Juan 2026","twitter_description":"El Ayuntamiento de Coria ha abierto al p\u00fablico una exposici\u00f3n con motivo del Concurso de Carteles de las Fiestas de San Juan 2026, en la que podr\u00e1n visitarse las obras participantes en esta edici\u00f3n.","twitter_image":"https:\/\/coria.org\/ayuntamiento\/wp-content\/uploads\/2026\/04\/exposicion-carteles-sanjuan.webp","twitter_creator":"@Ayto_de_Coria","twitter_site":"@Ayto_de_Coria","twitter_misc":{"Escrito por":"prensa@coria.org","Tiempo de lectura":"2 minutos"},"schema":{"@context":"https:\/\/schema.org","@graph":[{"@type":"Article","@id":"https:\/\/coria.org\/ayuntamiento\/index.php\/2026\/04\/30\/el-ayuntamiento-de-coria-expone-los-carteles-participantes-en-el-concurso-de-las-fiestas-de-san-juan-2026\/#article","isPartOf":{"@id":"https:\/\/coria.org\/ayuntamiento\/index.php\/2026\/04\/30\/el-ayuntamiento-de-coria-expone-los-carteles-participantes-en-el-concurso-de-las-fiestas-de-san-juan-2026\/"},"author":{"name":"prensa@coria.org","@id":"https:\/\/coria.org\/ayuntamiento\/#\/schema\/person\/e599808bcace6131357c531f55c6b600"},"headline":"El Ayuntamiento de Coria expone los carteles participantes en el Concurso de las Fiestas de San Juan 2026","datePublished":"2026-04-30T11:59:07+00:00","dateModified":"2026-04-30T11:59:42+00:00","mainEntityOfPage":{"@id":"https:\/\/coria.org\/ayuntamiento\/index.php\/2026\/04\/30\/el-ayuntamiento-de-coria-expone-los-carteles-participantes-en-el-concurso-de-las-fiestas-de-san-juan-2026\/"},"wordCount":260,"publisher":{"@id":"https:\/\/coria.org\/ayuntamiento\/#organization"},"image":{"@id":"https:\/\/coria.org\/ayuntamiento\/index.php\/2026\/04\/30\/el-ayuntamiento-de-coria-expone-los-carteles-participantes-en-el-concurso-de-las-fiestas-de-san-juan-2026\/#primaryimage"},"thumbnailUrl":"https:\/\/coria.org\/ayuntamiento\/wp-content\/uploads\/2026\/04\/exposicion-carteles-sanjuan.webp","keywords":["san juan"],"articleSection":["Destacado","Noticias"],"inLanguage":"es"},{"@type":"WebPage","@id":"https:\/\/coria.org\/ayuntamiento\/index.php\/2026\/04\/30\/el-ayuntamiento-de-coria-expone-los-carteles-participantes-en-el-concurso-de-las-fiestas-de-san-juan-2026\/","url":"https:\/\/coria.org\/ayuntamiento\/index.php\/2026\/04\/30\/el-ayuntamiento-de-coria-expone-los-carteles-participantes-en-el-concurso-de-las-fiestas-de-san-juan-2026\/","name":"El Ayuntamiento de Coria expone los carteles participantes en el Concurso de las Fiestas de San Juan 2026 - Ayuntamiento de Coria","isPartOf":{"@id":"https:\/\/coria.org\/ayuntamiento\/#website"},"primaryImageOfPage":{"@id":"https:\/\/coria.org\/ayuntamiento\/index.php\/2026\/04\/30\/el-ayuntamiento-de-coria-expone-los-carteles-participantes-en-el-concurso-de-las-fiestas-de-san-juan-2026\/#primaryimage"},"image":{"@id":"https:\/\/coria.org\/ayuntamiento\/index.php\/2026\/04\/30\/el-ayuntamiento-de-coria-expone-los-carteles-participantes-en-el-concurso-de-las-fiestas-de-san-juan-2026\/#primaryimage"},"thumbnailUrl":"https:\/\/coria.org\/ayuntamiento\/wp-content\/uploads\/2026\/04\/exposicion-carteles-sanjuan.webp","datePublished":"2026-04-30T11:59:07+00:00","dateModified":"2026-04-30T11:59:42+00:00","description":"El Ayuntamiento de Coria ha abierto al p\u00fablico una exposici\u00f3n con motivo del Concurso de Carteles de las Fiestas de San Juan 2026, en la que podr\u00e1n visitarse las obras participantes en esta edici\u00f3n.","breadcrumb":{"@id":"https:\/\/coria.org\/ayuntamiento\/index.php\/2026\/04\/30\/el-ayuntamiento-de-coria-expone-los-carteles-participantes-en-el-concurso-de-las-fiestas-de-san-juan-2026\/#breadcrumb"},"inLanguage":"es","potentialAction":[{"@type":"ReadAction","target":["https:\/\/coria.org\/ayuntamiento\/index.php\/2026\/04\/30\/el-ayuntamiento-de-coria-expone-los-carteles-participantes-en-el-concurso-de-las-fiestas-de-san-juan-2026\/"]}]},{"@type":"ImageObject","inLanguage":"es","@id":"https:\/\/coria.org\/ayuntamiento\/index.php\/2026\/04\/30\/el-ayuntamiento-de-coria-expone-los-carteles-participantes-en-el-concurso-de-las-fiestas-de-san-juan-2026\/#primaryimage","url":"https:\/\/coria.org\/ayuntamiento\/wp-content\/uploads\/2026\/04\/exposicion-carteles-sanjuan.webp","contentUrl":"https:\/\/coria.org\/ayuntamiento\/wp-content\/uploads\/2026\/04\/exposicion-carteles-sanjuan.webp","width":1920,"height":1440},{"@type":"BreadcrumbList","@id":"https:\/\/coria.org\/ayuntamiento\/index.php\/2026\/04\/30\/el-ayuntamiento-de-coria-expone-los-carteles-participantes-en-el-concurso-de-las-fiestas-de-san-juan-2026\/#breadcrumb","itemListElement":[{"@type":"ListItem","position":1,"name":"Inicio","item":"https:\/\/coria.org\/ayuntamiento\/"},{"@type":"ListItem","position":2,"name":"El Ayuntamiento de Coria expone los carteles participantes en el Concurso de las Fiestas de San Juan 2026"}]},{"@type":"WebSite","@id":"https:\/\/coria.org\/ayuntamiento\/#website","url":"https:\/\/coria.org\/ayuntamiento\/","name":"Ayuntamiento de Coria","description":"Web oficial del Ayuntamiento de Coria","publisher":{"@id":"https:\/\/coria.org\/ayuntamiento\/#organization"},"alternateName":"Web Oficial del Ayuntamiento de Coria","potentialAction":[{"@type":"SearchAction","target":{"@type":"EntryPoint","urlTemplate":"https:\/\/coria.org\/ayuntamiento\/?s={search_term_string}"},"query-input":{"@type":"PropertyValueSpecification","valueRequired":true,"valueName":"search_term_string"}}],"inLanguage":"es"},{"@type":"Organization","@id":"https:\/\/coria.org\/ayuntamiento\/#organization","name":"Ayuntamiento de Coria","alternateName":"Ayto de Coria","url":"https:\/\/coria.org\/ayuntamiento\/","logo":{"@type":"ImageObject","inLanguage":"es","@id":"https:\/\/coria.org\/ayuntamiento\/#\/schema\/logo\/image\/","url":"https:\/\/coria.org\/ayuntamiento\/wp-content\/uploads\/2020\/12\/escudo-ayuntamiento-coria.png","contentUrl":"https:\/\/coria.org\/ayuntamiento\/wp-content\/uploads\/2020\/12\/escudo-ayuntamiento-coria.png","width":511,"height":240,"caption":"Ayuntamiento de Coria"},"image":{"@id":"https:\/\/coria.org\/ayuntamiento\/#\/schema\/logo\/image\/"},"sameAs":["https:\/\/www.facebook.com\/Ayuntamiento.de.Coria","https:\/\/x.com\/Ayto_de_Coria","https:\/\/www.instagram.com\/coria.ayuntamiento\/","https:\/\/www.youtube.com\/user\/AYUNTAMIENTOCORIA"]},{"@type":"Person","@id":"https:\/\/coria.org\/ayuntamiento\/#\/schema\/person\/e599808bcace6131357c531f55c6b600","name":"prensa@coria.org","image":{"@type":"ImageObject","inLanguage":"es","@id":"https:\/\/secure.gravatar.com\/avatar\/27aedb317acfc6f08831cc400fc47b05e64be7cc19749d7a736bdf9b11b9fc8b?s=96&d=mm&r=g","url":"https:\/\/secure.gravatar.com\/avatar\/27aedb317acfc6f08831cc400fc47b05e64be7cc19749d7a736bdf9b11b9fc8b?s=96&d=mm&r=g","contentUrl":"https:\/\/secure.gravatar.com\/avatar\/27aedb317acfc6f08831cc400fc47b05e64be7cc19749d7a736bdf9b11b9fc8b?s=96&d=mm&r=g","caption":"prensa@coria.org"}}]}},"uagb_featured_image_src":{"full":["https:\/\/coria.org\/ayuntamiento\/wp-content\/uploads\/2026\/04\/exposicion-carteles-sanjuan.webp",1920,1440,false],"thumbnail":["https:\/\/coria.org\/ayuntamiento\/wp-content\/uploads\/2026\/04\/exposicion-carteles-sanjuan-150x150.webp",150,150,true],"medium":["https:\/\/coria.org\/ayuntamiento\/wp-content\/uploads\/2026\/04\/exposicion-carteles-sanjuan.webp",1920,1440,false],"medium_large":["https:\/\/coria.org\/ayuntamiento\/wp-content\/uploads\/2026\/04\/exposicion-carteles-sanjuan-768x576.webp",768,576,true],"large":["https:\/\/coria.org\/ayuntamiento\/wp-content\/uploads\/2026\/04\/exposicion-carteles-sanjuan.webp",1920,1440,false],"thumblist":["https:\/\/coria.org\/ayuntamiento\/wp-content\/uploads\/2026\/04\/exposicion-carteles-sanjuan-300x300.webp",300,300,true],"thumbrelated":["https:\/\/coria.org\/ayuntamiento\/wp-content\/uploads\/2026\/04\/exposicion-carteles-sanjuan-500x500.webp",500,500,true],"meccarouselthumb":["https:\/\/coria.org\/ayuntamiento\/wp-content\/uploads\/2026\/04\/exposicion-carteles-sanjuan-474x324.webp",474,324,true],"gridsquare":["https:\/\/coria.org\/ayuntamiento\/wp-content\/uploads\/2026\/04\/exposicion-carteles-sanjuan-391x260.webp",391,260,true],"tileview":["https:\/\/coria.org\/ayuntamiento\/wp-content\/uploads\/2026\/04\/exposicion-carteles-sanjuan-300x400.webp",300,400,true],"1536x1536":["https:\/\/coria.org\/ayuntamiento\/wp-content\/uploads\/2026\/04\/exposicion-carteles-sanjuan-1536x1152.webp",1536,1152,true],"2048x2048":["https:\/\/coria.org\/ayuntamiento\/wp-content\/uploads\/2026\/04\/exposicion-carteles-sanjuan.webp",1920,1440,false]},"uagb_author_info":{"display_name":"prensa@coria.org","author_link":"https:\/\/coria.org\/ayuntamiento\/index.php\/author\/prensacoria-org\/"},"uagb_comment_info":0,"uagb_excerpt":"El Ayuntamiento de Coria ha abierto al p\u00fablico una exposici\u00f3n con motivo del Concurso de Carteles de las Fiestas de San Juan 2026, en la que podr\u00e1n visitarse las obras participantes en esta edici\u00f3n. La muestra, ubicada en el patio del Ayuntamiento, re\u00fane un total de 14 carteles procedentes de diferentes puntos de Espa\u00f1a \u2014Melide&hellip;","_links":{"self":[{"href":"https:\/\/coria.org\/ayuntamiento\/index.php\/wp-json\/wp\/v2\/posts\/66576","targetHints":{"allow":["GET"]}}],"collection":[{"href":"https:\/\/coria.org\/ayuntamiento\/index.php\/wp-json\/wp\/v2\/posts"}],"about":[{"href":"https:\/\/coria.org\/ayuntamiento\/index.php\/wp-json\/wp\/v2\/types\/post"}],"author":[{"embeddable":true,"href":"https:\/\/coria.org\/ayuntamiento\/index.php\/wp-json\/wp\/v2\/users\/3"}],"replies":[{"embeddable":true,"href":"https:\/\/coria.org\/ayuntamiento\/index.php\/wp-json\/wp\/v2\/comments?post=66576"}],"version-history":[{"count":1,"href":"https:\/\/coria.org\/ayuntamiento\/index.php\/wp-json\/wp\/v2\/posts\/66576\/revisions"}],"predecessor-version":[{"id":66578,"href":"https:\/\/coria.org\/ayuntamiento\/index.php\/wp-json\/wp\/v2\/posts\/66576\/revisions\/66578"}],"wp:featuredmedia":[{"embeddable":true,"href":"https:\/\/coria.org\/ayuntamiento\/index.php\/wp-json\/wp\/v2\/media\/66577"}],"wp:attachment":[{"href":"https:\/\/coria.org\/ayuntamiento\/index.php\/wp-json\/wp\/v2\/media?parent=66576"}],"wp:term":[{"taxonomy":"category","embeddable":true,"href":"https:\/\/coria.org\/ayuntamiento\/index.php\/wp-json\/wp\/v2\/categories?post=66576"},{"taxonomy":"post_tag","embeddable":true,"href":"https:\/\/coria.org\/ayuntamiento\/index.php\/wp-json\/wp\/v2\/tags?post=66576"}],"curies":[{"name":"wp","href":"https:\/\/api.w.org\/{rel}","templated":true}]}}