{"id":66567,"date":"2026-04-29T11:13:39","date_gmt":"2026-04-29T09:13:39","guid":{"rendered":"https:\/\/coria.org\/ayuntamiento\/?p=66567"},"modified":"2026-04-29T11:13:58","modified_gmt":"2026-04-29T09:13:58","slug":"el-ayuntamiento-de-coria-avanza-en-el-proceso-para-impulsar-la-recuperacion-del-castillo-de-los-duques-de-alba","status":"publish","type":"post","link":"https:\/\/coria.org\/ayuntamiento\/index.php\/2026\/04\/29\/el-ayuntamiento-de-coria-avanza-en-el-proceso-para-impulsar-la-recuperacion-del-castillo-de-los-duques-de-alba\/","title":{"rendered":"El Ayuntamiento de Coria avanza en el proceso para impulsar la recuperaci\u00f3n del Castillo de los Duques de Alba"},"content":{"rendered":"\n<p>La Alcaldesa, Almudena Domingo inicia contactos con la Diputaci\u00f3n Provincial de C\u00e1ceres para estudiar la posible adquisici\u00f3n del inmueble y da los primeros pasos de un proyecto estrat\u00e9gico para la ciudad<\/p>\n\n\n<figure class=\"wp-block-post-featured-image\"><img loading=\"lazy\" decoding=\"async\" width=\"1920\" height=\"1440\" src=\"https:\/\/coria.org\/ayuntamiento\/wp-content\/uploads\/2026\/04\/reunion-castillo.webp\" class=\"attachment-post-thumbnail size-post-thumbnail wp-post-image\" alt=\"\" style=\"object-fit:cover;\" srcset=\"https:\/\/coria.org\/ayuntamiento\/wp-content\/uploads\/2026\/04\/reunion-castillo.webp 1920w, https:\/\/coria.org\/ayuntamiento\/wp-content\/uploads\/2026\/04\/reunion-castillo-768x576.webp 768w, https:\/\/coria.org\/ayuntamiento\/wp-content\/uploads\/2026\/04\/reunion-castillo-1536x1152.webp 1536w\" sizes=\"auto, (max-width: 1920px) 100vw, 1920px\" \/><\/figure>\n\n\n<p>La Alcaldesa de Coria, Almudena Domingo Pirrongelli, ha mantenido recientemente una reuni\u00f3n con el Presidente de la Diputaci\u00f3n Provincial de C\u00e1ceres, Miguel \u00c1ngel Morales para abordar la posible adquisici\u00f3n del <strong>Castillo de los Duques de Alba<\/strong>, un proyecto estrat\u00e9gico orientado a seguir avanzando en la recuperaci\u00f3n y puesta en valor del patrimonio hist\u00f3rico de la ciudad.<\/p>\n\n\n\n<p>Durante el encuentro se plantearon las primeras l\u00edneas de trabajo de un proceso que, aunque se prev\u00e9 largo y complejo, nace con una clara vocaci\u00f3n de futuro y como una iniciativa ilusionante para Coria.<\/p>\n\n\n\n<p>En esta fase inicial, el Presidente de la Diputaci\u00f3n Provincial ha mostrado su respaldo al proyecto, comprometi\u00e9ndose a prestar apoyo al Ayuntamiento mediante asesoramiento t\u00e9cnico y jur\u00eddico para estudiar la viabilidad del proceso y acompa\u00f1ar los primeros pasos de esta iniciativa.<\/p>\n\n\n\n<p>La Alcaldesa ha destacado que esta actuaci\u00f3n se enmarca dentro del compromiso adquirido durante la presente legislatura con la recuperaci\u00f3n del patrimonio hist\u00f3rico local. En este sentido, ha recordado los avances ya logrados en la recuperaci\u00f3n de la muralla, una actuaci\u00f3n prioritaria para el equipo de gobierno, y ha se\u00f1alado que el siguiente gran objetivo es trabajar para hacer posible la recuperaci\u00f3n del castillo.<\/p>\n\n\n\n<p>\u201cSeguimos avanzando en la protecci\u00f3n y recuperaci\u00f3n de nuestro patrimonio, que es mucho y constituye una parte esencial de nuestra identidad y de nuestras oportunidades de desarrollo. Tras los importantes avances en la muralla, el pr\u00f3ximo objetivo es el castillo\u201d, ha se\u00f1alado.<\/p>\n\n\n\n<p>Desde el Ayuntamiento se subraya que la recuperaci\u00f3n del Castillo de los Duques de Alba supondr\u00eda no solo preservar un enclave hist\u00f3rico de enorme valor patrimonial, sino tambi\u00e9n abrir nuevas oportunidades ligadas a la dinamizaci\u00f3n cultural, tur\u00edstica y econ\u00f3mica del municipio.<\/p>\n\n\n\n<p>Con este primer paso, el Consistorio reafirma su apuesta por proyectos estrat\u00e9gicos que contribuyan a construir futuro desde la conservaci\u00f3n y puesta en valor del legado hist\u00f3rico de Coria.<\/p>\n","protected":false},"excerpt":{"rendered":"<p>La Alcaldesa, Almudena Domingo inicia contactos con la Diputaci\u00f3n Provincial de C\u00e1ceres para estudiar la posible adquisici\u00f3n del inmueble y da los primeros pasos de un proyecto estrat\u00e9gico para la ciudad La Alcaldesa de Coria, Almudena Domingo Pirrongelli, ha mantenido recientemente una reuni\u00f3n con el Presidente de la Diputaci\u00f3n Provincial de C\u00e1ceres, Miguel \u00c1ngel Morales [&hellip;]<\/p>\n","protected":false},"author":3,"featured_media":66568,"comment_status":"closed","ping_status":"closed","sticky":false,"template":"","format":"standard","meta":{"_uag_custom_page_level_css":"","footnotes":""},"categories":[9,2],"tags":[270],"class_list":["post-66567","post","type-post","status-publish","format-standard","has-post-thumbnail","hentry","category-destacado","category-noticias","tag-castillo"],"yoast_head":"<!-- This site is optimized with the Yoast SEO plugin v27.5 - https:\/\/yoast.com\/product\/yoast-seo-wordpress\/ -->\n<title>El Ayuntamiento de Coria avanza en el proceso para impulsar la recuperaci\u00f3n del Castillo de los Duques de Alba - Ayuntamiento de Coria<\/title>\n<meta name=\"description\" content=\"La Alcaldesa, Almudena Domingo inicia contactos con la Diputaci\u00f3n Provincial de C\u00e1ceres para estudiar la posible adquisici\u00f3n del inmueble y da los primeros pasos de un proyecto estrat\u00e9gico para la ciudad\" \/>\n<meta name=\"robots\" content=\"index, follow, max-snippet:-1, max-image-preview:large, max-video-preview:-1\" \/>\n<link rel=\"canonical\" href=\"https:\/\/coria.org\/ayuntamiento\/index.php\/2026\/04\/29\/el-ayuntamiento-de-coria-avanza-en-el-proceso-para-impulsar-la-recuperacion-del-castillo-de-los-duques-de-alba\/\" \/>\n<meta property=\"og:locale\" content=\"es_ES\" \/>\n<meta property=\"og:type\" content=\"article\" \/>\n<meta property=\"og:title\" content=\"El Ayuntamiento de Coria avanza en el proceso para impulsar la recuperaci\u00f3n del Castillo de los Duques de Alba\" \/>\n<meta property=\"og:description\" content=\"La Alcaldesa, Almudena Domingo inicia contactos con la Diputaci\u00f3n Provincial de C\u00e1ceres para estudiar la posible adquisici\u00f3n del inmueble y da los primeros pasos de un proyecto estrat\u00e9gico para la ciudad\" \/>\n<meta property=\"og:url\" content=\"https:\/\/coria.org\/ayuntamiento\/index.php\/2026\/04\/29\/el-ayuntamiento-de-coria-avanza-en-el-proceso-para-impulsar-la-recuperacion-del-castillo-de-los-duques-de-alba\/\" \/>\n<meta property=\"og:site_name\" content=\"Ayuntamiento de Coria\" \/>\n<meta property=\"article:publisher\" content=\"https:\/\/www.facebook.com\/Ayuntamiento.de.Coria\" \/>\n<meta property=\"article:published_time\" content=\"2026-04-29T09:13:39+00:00\" \/>\n<meta property=\"article:modified_time\" content=\"2026-04-29T09:13:58+00:00\" \/>\n<meta property=\"og:image\" content=\"https:\/\/coria.org\/ayuntamiento\/wp-content\/uploads\/2026\/04\/reunion-castillo.webp\" \/>\n\t<meta property=\"og:image:width\" content=\"1920\" \/>\n\t<meta property=\"og:image:height\" content=\"1440\" \/>\n\t<meta property=\"og:image:type\" content=\"image\/webp\" \/>\n<meta name=\"author\" content=\"prensa@coria.org\" \/>\n<meta name=\"twitter:card\" content=\"summary_large_image\" \/>\n<meta name=\"twitter:title\" content=\"El Ayuntamiento de Coria avanza en el proceso para impulsar la recuperaci\u00f3n del Castillo de los Duques de Alba\" \/>\n<meta name=\"twitter:description\" content=\"La Alcaldesa, Almudena Domingo inicia contactos con la Diputaci\u00f3n Provincial de C\u00e1ceres para estudiar la posible adquisici\u00f3n del inmueble y da los primeros pasos de un proyecto estrat\u00e9gico para la ciudad\" \/>\n<meta name=\"twitter:image\" content=\"https:\/\/coria.org\/ayuntamiento\/wp-content\/uploads\/2026\/04\/reunion-castillo.webp\" \/>\n<meta name=\"twitter:creator\" content=\"@Ayto_de_Coria\" \/>\n<meta name=\"twitter:site\" content=\"@Ayto_de_Coria\" \/>\n<meta name=\"twitter:label1\" content=\"Escrito por\" \/>\n\t<meta name=\"twitter:data1\" content=\"prensa@coria.org\" \/>\n\t<meta name=\"twitter:label2\" content=\"Tiempo de lectura\" \/>\n\t<meta name=\"twitter:data2\" content=\"2 minutos\" \/>\n<script type=\"application\/ld+json\" class=\"yoast-schema-graph\">{\"@context\":\"https:\\\/\\\/schema.org\",\"@graph\":[{\"@type\":\"Article\",\"@id\":\"https:\\\/\\\/coria.org\\\/ayuntamiento\\\/index.php\\\/2026\\\/04\\\/29\\\/el-ayuntamiento-de-coria-avanza-en-el-proceso-para-impulsar-la-recuperacion-del-castillo-de-los-duques-de-alba\\\/#article\",\"isPartOf\":{\"@id\":\"https:\\\/\\\/coria.org\\\/ayuntamiento\\\/index.php\\\/2026\\\/04\\\/29\\\/el-ayuntamiento-de-coria-avanza-en-el-proceso-para-impulsar-la-recuperacion-del-castillo-de-los-duques-de-alba\\\/\"},\"author\":{\"name\":\"prensa@coria.org\",\"@id\":\"https:\\\/\\\/coria.org\\\/ayuntamiento\\\/#\\\/schema\\\/person\\\/e599808bcace6131357c531f55c6b600\"},\"headline\":\"El Ayuntamiento de Coria avanza en el proceso para impulsar la recuperaci\u00f3n del Castillo de los Duques de Alba\",\"datePublished\":\"2026-04-29T09:13:39+00:00\",\"dateModified\":\"2026-04-29T09:13:58+00:00\",\"mainEntityOfPage\":{\"@id\":\"https:\\\/\\\/coria.org\\\/ayuntamiento\\\/index.php\\\/2026\\\/04\\\/29\\\/el-ayuntamiento-de-coria-avanza-en-el-proceso-para-impulsar-la-recuperacion-del-castillo-de-los-duques-de-alba\\\/\"},\"wordCount\":397,\"publisher\":{\"@id\":\"https:\\\/\\\/coria.org\\\/ayuntamiento\\\/#organization\"},\"image\":{\"@id\":\"https:\\\/\\\/coria.org\\\/ayuntamiento\\\/index.php\\\/2026\\\/04\\\/29\\\/el-ayuntamiento-de-coria-avanza-en-el-proceso-para-impulsar-la-recuperacion-del-castillo-de-los-duques-de-alba\\\/#primaryimage\"},\"thumbnailUrl\":\"https:\\\/\\\/coria.org\\\/ayuntamiento\\\/wp-content\\\/uploads\\\/2026\\\/04\\\/reunion-castillo.webp\",\"keywords\":[\"castillo\"],\"articleSection\":[\"Destacado\",\"Noticias\"],\"inLanguage\":\"es\"},{\"@type\":\"WebPage\",\"@id\":\"https:\\\/\\\/coria.org\\\/ayuntamiento\\\/index.php\\\/2026\\\/04\\\/29\\\/el-ayuntamiento-de-coria-avanza-en-el-proceso-para-impulsar-la-recuperacion-del-castillo-de-los-duques-de-alba\\\/\",\"url\":\"https:\\\/\\\/coria.org\\\/ayuntamiento\\\/index.php\\\/2026\\\/04\\\/29\\\/el-ayuntamiento-de-coria-avanza-en-el-proceso-para-impulsar-la-recuperacion-del-castillo-de-los-duques-de-alba\\\/\",\"name\":\"El Ayuntamiento de Coria avanza en el proceso para impulsar la recuperaci\u00f3n del Castillo de los Duques de Alba - Ayuntamiento de Coria\",\"isPartOf\":{\"@id\":\"https:\\\/\\\/coria.org\\\/ayuntamiento\\\/#website\"},\"primaryImageOfPage\":{\"@id\":\"https:\\\/\\\/coria.org\\\/ayuntamiento\\\/index.php\\\/2026\\\/04\\\/29\\\/el-ayuntamiento-de-coria-avanza-en-el-proceso-para-impulsar-la-recuperacion-del-castillo-de-los-duques-de-alba\\\/#primaryimage\"},\"image\":{\"@id\":\"https:\\\/\\\/coria.org\\\/ayuntamiento\\\/index.php\\\/2026\\\/04\\\/29\\\/el-ayuntamiento-de-coria-avanza-en-el-proceso-para-impulsar-la-recuperacion-del-castillo-de-los-duques-de-alba\\\/#primaryimage\"},\"thumbnailUrl\":\"https:\\\/\\\/coria.org\\\/ayuntamiento\\\/wp-content\\\/uploads\\\/2026\\\/04\\\/reunion-castillo.webp\",\"datePublished\":\"2026-04-29T09:13:39+00:00\",\"dateModified\":\"2026-04-29T09:13:58+00:00\",\"description\":\"La Alcaldesa, Almudena Domingo inicia contactos con la Diputaci\u00f3n Provincial de C\u00e1ceres para estudiar la posible adquisici\u00f3n del inmueble y da los primeros pasos de un proyecto estrat\u00e9gico para la ciudad\",\"breadcrumb\":{\"@id\":\"https:\\\/\\\/coria.org\\\/ayuntamiento\\\/index.php\\\/2026\\\/04\\\/29\\\/el-ayuntamiento-de-coria-avanza-en-el-proceso-para-impulsar-la-recuperacion-del-castillo-de-los-duques-de-alba\\\/#breadcrumb\"},\"inLanguage\":\"es\",\"potentialAction\":[{\"@type\":\"ReadAction\",\"target\":[\"https:\\\/\\\/coria.org\\\/ayuntamiento\\\/index.php\\\/2026\\\/04\\\/29\\\/el-ayuntamiento-de-coria-avanza-en-el-proceso-para-impulsar-la-recuperacion-del-castillo-de-los-duques-de-alba\\\/\"]}]},{\"@type\":\"ImageObject\",\"inLanguage\":\"es\",\"@id\":\"https:\\\/\\\/coria.org\\\/ayuntamiento\\\/index.php\\\/2026\\\/04\\\/29\\\/el-ayuntamiento-de-coria-avanza-en-el-proceso-para-impulsar-la-recuperacion-del-castillo-de-los-duques-de-alba\\\/#primaryimage\",\"url\":\"https:\\\/\\\/coria.org\\\/ayuntamiento\\\/wp-content\\\/uploads\\\/2026\\\/04\\\/reunion-castillo.webp\",\"contentUrl\":\"https:\\\/\\\/coria.org\\\/ayuntamiento\\\/wp-content\\\/uploads\\\/2026\\\/04\\\/reunion-castillo.webp\",\"width\":1920,\"height\":1440},{\"@type\":\"BreadcrumbList\",\"@id\":\"https:\\\/\\\/coria.org\\\/ayuntamiento\\\/index.php\\\/2026\\\/04\\\/29\\\/el-ayuntamiento-de-coria-avanza-en-el-proceso-para-impulsar-la-recuperacion-del-castillo-de-los-duques-de-alba\\\/#breadcrumb\",\"itemListElement\":[{\"@type\":\"ListItem\",\"position\":1,\"name\":\"Inicio\",\"item\":\"https:\\\/\\\/coria.org\\\/ayuntamiento\\\/\"},{\"@type\":\"ListItem\",\"position\":2,\"name\":\"El Ayuntamiento de Coria avanza en el proceso para impulsar la recuperaci\u00f3n del Castillo de los Duques de Alba\"}]},{\"@type\":\"WebSite\",\"@id\":\"https:\\\/\\\/coria.org\\\/ayuntamiento\\\/#website\",\"url\":\"https:\\\/\\\/coria.org\\\/ayuntamiento\\\/\",\"name\":\"Ayuntamiento de Coria\",\"description\":\"Web oficial del Ayuntamiento de Coria\",\"publisher\":{\"@id\":\"https:\\\/\\\/coria.org\\\/ayuntamiento\\\/#organization\"},\"alternateName\":\"Web Oficial del Ayuntamiento de Coria\",\"potentialAction\":[{\"@type\":\"SearchAction\",\"target\":{\"@type\":\"EntryPoint\",\"urlTemplate\":\"https:\\\/\\\/coria.org\\\/ayuntamiento\\\/?s={search_term_string}\"},\"query-input\":{\"@type\":\"PropertyValueSpecification\",\"valueRequired\":true,\"valueName\":\"search_term_string\"}}],\"inLanguage\":\"es\"},{\"@type\":\"Organization\",\"@id\":\"https:\\\/\\\/coria.org\\\/ayuntamiento\\\/#organization\",\"name\":\"Ayuntamiento de Coria\",\"alternateName\":\"Ayto de Coria\",\"url\":\"https:\\\/\\\/coria.org\\\/ayuntamiento\\\/\",\"logo\":{\"@type\":\"ImageObject\",\"inLanguage\":\"es\",\"@id\":\"https:\\\/\\\/coria.org\\\/ayuntamiento\\\/#\\\/schema\\\/logo\\\/image\\\/\",\"url\":\"https:\\\/\\\/coria.org\\\/ayuntamiento\\\/wp-content\\\/uploads\\\/2020\\\/12\\\/escudo-ayuntamiento-coria.png\",\"contentUrl\":\"https:\\\/\\\/coria.org\\\/ayuntamiento\\\/wp-content\\\/uploads\\\/2020\\\/12\\\/escudo-ayuntamiento-coria.png\",\"width\":511,\"height\":240,\"caption\":\"Ayuntamiento de Coria\"},\"image\":{\"@id\":\"https:\\\/\\\/coria.org\\\/ayuntamiento\\\/#\\\/schema\\\/logo\\\/image\\\/\"},\"sameAs\":[\"https:\\\/\\\/www.facebook.com\\\/Ayuntamiento.de.Coria\",\"https:\\\/\\\/x.com\\\/Ayto_de_Coria\",\"https:\\\/\\\/www.instagram.com\\\/coria.ayuntamiento\\\/\",\"https:\\\/\\\/www.youtube.com\\\/user\\\/AYUNTAMIENTOCORIA\"]},{\"@type\":\"Person\",\"@id\":\"https:\\\/\\\/coria.org\\\/ayuntamiento\\\/#\\\/schema\\\/person\\\/e599808bcace6131357c531f55c6b600\",\"name\":\"prensa@coria.org\",\"image\":{\"@type\":\"ImageObject\",\"inLanguage\":\"es\",\"@id\":\"https:\\\/\\\/secure.gravatar.com\\\/avatar\\\/27aedb317acfc6f08831cc400fc47b05e64be7cc19749d7a736bdf9b11b9fc8b?s=96&d=mm&r=g\",\"url\":\"https:\\\/\\\/secure.gravatar.com\\\/avatar\\\/27aedb317acfc6f08831cc400fc47b05e64be7cc19749d7a736bdf9b11b9fc8b?s=96&d=mm&r=g\",\"contentUrl\":\"https:\\\/\\\/secure.gravatar.com\\\/avatar\\\/27aedb317acfc6f08831cc400fc47b05e64be7cc19749d7a736bdf9b11b9fc8b?s=96&d=mm&r=g\",\"caption\":\"prensa@coria.org\"}}]}<\/script>\n<!-- \/ Yoast SEO plugin. -->","yoast_head_json":{"title":"El Ayuntamiento de Coria avanza en el proceso para impulsar la recuperaci\u00f3n del Castillo de los Duques de Alba - Ayuntamiento de Coria","description":"La Alcaldesa, Almudena Domingo inicia contactos con la Diputaci\u00f3n Provincial de C\u00e1ceres para estudiar la posible adquisici\u00f3n del inmueble y da los primeros pasos de un proyecto estrat\u00e9gico para la ciudad","robots":{"index":"index","follow":"follow","max-snippet":"max-snippet:-1","max-image-preview":"max-image-preview:large","max-video-preview":"max-video-preview:-1"},"canonical":"https:\/\/coria.org\/ayuntamiento\/index.php\/2026\/04\/29\/el-ayuntamiento-de-coria-avanza-en-el-proceso-para-impulsar-la-recuperacion-del-castillo-de-los-duques-de-alba\/","og_locale":"es_ES","og_type":"article","og_title":"El Ayuntamiento de Coria avanza en el proceso para impulsar la recuperaci\u00f3n del Castillo de los Duques de Alba","og_description":"La Alcaldesa, Almudena Domingo inicia contactos con la Diputaci\u00f3n Provincial de C\u00e1ceres para estudiar la posible adquisici\u00f3n del inmueble y da los primeros pasos de un proyecto estrat\u00e9gico para la ciudad","og_url":"https:\/\/coria.org\/ayuntamiento\/index.php\/2026\/04\/29\/el-ayuntamiento-de-coria-avanza-en-el-proceso-para-impulsar-la-recuperacion-del-castillo-de-los-duques-de-alba\/","og_site_name":"Ayuntamiento de Coria","article_publisher":"https:\/\/www.facebook.com\/Ayuntamiento.de.Coria","article_published_time":"2026-04-29T09:13:39+00:00","article_modified_time":"2026-04-29T09:13:58+00:00","og_image":[{"width":1920,"height":1440,"url":"https:\/\/coria.org\/ayuntamiento\/wp-content\/uploads\/2026\/04\/reunion-castillo.webp","type":"image\/webp"}],"author":"prensa@coria.org","twitter_card":"summary_large_image","twitter_title":"El Ayuntamiento de Coria avanza en el proceso para impulsar la recuperaci\u00f3n del Castillo de los Duques de Alba","twitter_description":"La Alcaldesa, Almudena Domingo inicia contactos con la Diputaci\u00f3n Provincial de C\u00e1ceres para estudiar la posible adquisici\u00f3n del inmueble y da los primeros pasos de un proyecto estrat\u00e9gico para la ciudad","twitter_image":"https:\/\/coria.org\/ayuntamiento\/wp-content\/uploads\/2026\/04\/reunion-castillo.webp","twitter_creator":"@Ayto_de_Coria","twitter_site":"@Ayto_de_Coria","twitter_misc":{"Escrito por":"prensa@coria.org","Tiempo de lectura":"2 minutos"},"schema":{"@context":"https:\/\/schema.org","@graph":[{"@type":"Article","@id":"https:\/\/coria.org\/ayuntamiento\/index.php\/2026\/04\/29\/el-ayuntamiento-de-coria-avanza-en-el-proceso-para-impulsar-la-recuperacion-del-castillo-de-los-duques-de-alba\/#article","isPartOf":{"@id":"https:\/\/coria.org\/ayuntamiento\/index.php\/2026\/04\/29\/el-ayuntamiento-de-coria-avanza-en-el-proceso-para-impulsar-la-recuperacion-del-castillo-de-los-duques-de-alba\/"},"author":{"name":"prensa@coria.org","@id":"https:\/\/coria.org\/ayuntamiento\/#\/schema\/person\/e599808bcace6131357c531f55c6b600"},"headline":"El Ayuntamiento de Coria avanza en el proceso para impulsar la recuperaci\u00f3n del Castillo de los Duques de Alba","datePublished":"2026-04-29T09:13:39+00:00","dateModified":"2026-04-29T09:13:58+00:00","mainEntityOfPage":{"@id":"https:\/\/coria.org\/ayuntamiento\/index.php\/2026\/04\/29\/el-ayuntamiento-de-coria-avanza-en-el-proceso-para-impulsar-la-recuperacion-del-castillo-de-los-duques-de-alba\/"},"wordCount":397,"publisher":{"@id":"https:\/\/coria.org\/ayuntamiento\/#organization"},"image":{"@id":"https:\/\/coria.org\/ayuntamiento\/index.php\/2026\/04\/29\/el-ayuntamiento-de-coria-avanza-en-el-proceso-para-impulsar-la-recuperacion-del-castillo-de-los-duques-de-alba\/#primaryimage"},"thumbnailUrl":"https:\/\/coria.org\/ayuntamiento\/wp-content\/uploads\/2026\/04\/reunion-castillo.webp","keywords":["castillo"],"articleSection":["Destacado","Noticias"],"inLanguage":"es"},{"@type":"WebPage","@id":"https:\/\/coria.org\/ayuntamiento\/index.php\/2026\/04\/29\/el-ayuntamiento-de-coria-avanza-en-el-proceso-para-impulsar-la-recuperacion-del-castillo-de-los-duques-de-alba\/","url":"https:\/\/coria.org\/ayuntamiento\/index.php\/2026\/04\/29\/el-ayuntamiento-de-coria-avanza-en-el-proceso-para-impulsar-la-recuperacion-del-castillo-de-los-duques-de-alba\/","name":"El Ayuntamiento de Coria avanza en el proceso para impulsar la recuperaci\u00f3n del Castillo de los Duques de Alba - Ayuntamiento de Coria","isPartOf":{"@id":"https:\/\/coria.org\/ayuntamiento\/#website"},"primaryImageOfPage":{"@id":"https:\/\/coria.org\/ayuntamiento\/index.php\/2026\/04\/29\/el-ayuntamiento-de-coria-avanza-en-el-proceso-para-impulsar-la-recuperacion-del-castillo-de-los-duques-de-alba\/#primaryimage"},"image":{"@id":"https:\/\/coria.org\/ayuntamiento\/index.php\/2026\/04\/29\/el-ayuntamiento-de-coria-avanza-en-el-proceso-para-impulsar-la-recuperacion-del-castillo-de-los-duques-de-alba\/#primaryimage"},"thumbnailUrl":"https:\/\/coria.org\/ayuntamiento\/wp-content\/uploads\/2026\/04\/reunion-castillo.webp","datePublished":"2026-04-29T09:13:39+00:00","dateModified":"2026-04-29T09:13:58+00:00","description":"La Alcaldesa, Almudena Domingo inicia contactos con la Diputaci\u00f3n Provincial de C\u00e1ceres para estudiar la posible adquisici\u00f3n del inmueble y da los primeros pasos de un proyecto estrat\u00e9gico para la ciudad","breadcrumb":{"@id":"https:\/\/coria.org\/ayuntamiento\/index.php\/2026\/04\/29\/el-ayuntamiento-de-coria-avanza-en-el-proceso-para-impulsar-la-recuperacion-del-castillo-de-los-duques-de-alba\/#breadcrumb"},"inLanguage":"es","potentialAction":[{"@type":"ReadAction","target":["https:\/\/coria.org\/ayuntamiento\/index.php\/2026\/04\/29\/el-ayuntamiento-de-coria-avanza-en-el-proceso-para-impulsar-la-recuperacion-del-castillo-de-los-duques-de-alba\/"]}]},{"@type":"ImageObject","inLanguage":"es","@id":"https:\/\/coria.org\/ayuntamiento\/index.php\/2026\/04\/29\/el-ayuntamiento-de-coria-avanza-en-el-proceso-para-impulsar-la-recuperacion-del-castillo-de-los-duques-de-alba\/#primaryimage","url":"https:\/\/coria.org\/ayuntamiento\/wp-content\/uploads\/2026\/04\/reunion-castillo.webp","contentUrl":"https:\/\/coria.org\/ayuntamiento\/wp-content\/uploads\/2026\/04\/reunion-castillo.webp","width":1920,"height":1440},{"@type":"BreadcrumbList","@id":"https:\/\/coria.org\/ayuntamiento\/index.php\/2026\/04\/29\/el-ayuntamiento-de-coria-avanza-en-el-proceso-para-impulsar-la-recuperacion-del-castillo-de-los-duques-de-alba\/#breadcrumb","itemListElement":[{"@type":"ListItem","position":1,"name":"Inicio","item":"https:\/\/coria.org\/ayuntamiento\/"},{"@type":"ListItem","position":2,"name":"El Ayuntamiento de Coria avanza en el proceso para impulsar la recuperaci\u00f3n del Castillo de los Duques de Alba"}]},{"@type":"WebSite","@id":"https:\/\/coria.org\/ayuntamiento\/#website","url":"https:\/\/coria.org\/ayuntamiento\/","name":"Ayuntamiento de Coria","description":"Web oficial del Ayuntamiento de Coria","publisher":{"@id":"https:\/\/coria.org\/ayuntamiento\/#organization"},"alternateName":"Web Oficial del Ayuntamiento de Coria","potentialAction":[{"@type":"SearchAction","target":{"@type":"EntryPoint","urlTemplate":"https:\/\/coria.org\/ayuntamiento\/?s={search_term_string}"},"query-input":{"@type":"PropertyValueSpecification","valueRequired":true,"valueName":"search_term_string"}}],"inLanguage":"es"},{"@type":"Organization","@id":"https:\/\/coria.org\/ayuntamiento\/#organization","name":"Ayuntamiento de Coria","alternateName":"Ayto de Coria","url":"https:\/\/coria.org\/ayuntamiento\/","logo":{"@type":"ImageObject","inLanguage":"es","@id":"https:\/\/coria.org\/ayuntamiento\/#\/schema\/logo\/image\/","url":"https:\/\/coria.org\/ayuntamiento\/wp-content\/uploads\/2020\/12\/escudo-ayuntamiento-coria.png","contentUrl":"https:\/\/coria.org\/ayuntamiento\/wp-content\/uploads\/2020\/12\/escudo-ayuntamiento-coria.png","width":511,"height":240,"caption":"Ayuntamiento de Coria"},"image":{"@id":"https:\/\/coria.org\/ayuntamiento\/#\/schema\/logo\/image\/"},"sameAs":["https:\/\/www.facebook.com\/Ayuntamiento.de.Coria","https:\/\/x.com\/Ayto_de_Coria","https:\/\/www.instagram.com\/coria.ayuntamiento\/","https:\/\/www.youtube.com\/user\/AYUNTAMIENTOCORIA"]},{"@type":"Person","@id":"https:\/\/coria.org\/ayuntamiento\/#\/schema\/person\/e599808bcace6131357c531f55c6b600","name":"prensa@coria.org","image":{"@type":"ImageObject","inLanguage":"es","@id":"https:\/\/secure.gravatar.com\/avatar\/27aedb317acfc6f08831cc400fc47b05e64be7cc19749d7a736bdf9b11b9fc8b?s=96&d=mm&r=g","url":"https:\/\/secure.gravatar.com\/avatar\/27aedb317acfc6f08831cc400fc47b05e64be7cc19749d7a736bdf9b11b9fc8b?s=96&d=mm&r=g","contentUrl":"https:\/\/secure.gravatar.com\/avatar\/27aedb317acfc6f08831cc400fc47b05e64be7cc19749d7a736bdf9b11b9fc8b?s=96&d=mm&r=g","caption":"prensa@coria.org"}}]}},"uagb_featured_image_src":{"full":["https:\/\/coria.org\/ayuntamiento\/wp-content\/uploads\/2026\/04\/reunion-castillo.webp",1920,1440,false],"thumbnail":["https:\/\/coria.org\/ayuntamiento\/wp-content\/uploads\/2026\/04\/reunion-castillo-150x150.webp",150,150,true],"medium":["https:\/\/coria.org\/ayuntamiento\/wp-content\/uploads\/2026\/04\/reunion-castillo.webp",1920,1440,false],"medium_large":["https:\/\/coria.org\/ayuntamiento\/wp-content\/uploads\/2026\/04\/reunion-castillo-768x576.webp",768,576,true],"large":["https:\/\/coria.org\/ayuntamiento\/wp-content\/uploads\/2026\/04\/reunion-castillo.webp",1920,1440,false],"thumblist":["https:\/\/coria.org\/ayuntamiento\/wp-content\/uploads\/2026\/04\/reunion-castillo-300x300.webp",300,300,true],"thumbrelated":["https:\/\/coria.org\/ayuntamiento\/wp-content\/uploads\/2026\/04\/reunion-castillo-500x500.webp",500,500,true],"meccarouselthumb":["https:\/\/coria.org\/ayuntamiento\/wp-content\/uploads\/2026\/04\/reunion-castillo-474x324.webp",474,324,true],"gridsquare":["https:\/\/coria.org\/ayuntamiento\/wp-content\/uploads\/2026\/04\/reunion-castillo-391x260.webp",391,260,true],"tileview":["https:\/\/coria.org\/ayuntamiento\/wp-content\/uploads\/2026\/04\/reunion-castillo-300x400.webp",300,400,true],"1536x1536":["https:\/\/coria.org\/ayuntamiento\/wp-content\/uploads\/2026\/04\/reunion-castillo-1536x1152.webp",1536,1152,true],"2048x2048":["https:\/\/coria.org\/ayuntamiento\/wp-content\/uploads\/2026\/04\/reunion-castillo.webp",1920,1440,false]},"uagb_author_info":{"display_name":"prensa@coria.org","author_link":"https:\/\/coria.org\/ayuntamiento\/index.php\/author\/prensacoria-org\/"},"uagb_comment_info":0,"uagb_excerpt":"La Alcaldesa, Almudena Domingo inicia contactos con la Diputaci\u00f3n Provincial de C\u00e1ceres para estudiar la posible adquisici\u00f3n del inmueble y da los primeros pasos de un proyecto estrat\u00e9gico para la ciudad La Alcaldesa de Coria, Almudena Domingo Pirrongelli, ha mantenido recientemente una reuni\u00f3n con el Presidente de la Diputaci\u00f3n Provincial de C\u00e1ceres, Miguel \u00c1ngel Morales&hellip;","_links":{"self":[{"href":"https:\/\/coria.org\/ayuntamiento\/index.php\/wp-json\/wp\/v2\/posts\/66567","targetHints":{"allow":["GET"]}}],"collection":[{"href":"https:\/\/coria.org\/ayuntamiento\/index.php\/wp-json\/wp\/v2\/posts"}],"about":[{"href":"https:\/\/coria.org\/ayuntamiento\/index.php\/wp-json\/wp\/v2\/types\/post"}],"author":[{"embeddable":true,"href":"https:\/\/coria.org\/ayuntamiento\/index.php\/wp-json\/wp\/v2\/users\/3"}],"replies":[{"embeddable":true,"href":"https:\/\/coria.org\/ayuntamiento\/index.php\/wp-json\/wp\/v2\/comments?post=66567"}],"version-history":[{"count":1,"href":"https:\/\/coria.org\/ayuntamiento\/index.php\/wp-json\/wp\/v2\/posts\/66567\/revisions"}],"predecessor-version":[{"id":66569,"href":"https:\/\/coria.org\/ayuntamiento\/index.php\/wp-json\/wp\/v2\/posts\/66567\/revisions\/66569"}],"wp:featuredmedia":[{"embeddable":true,"href":"https:\/\/coria.org\/ayuntamiento\/index.php\/wp-json\/wp\/v2\/media\/66568"}],"wp:attachment":[{"href":"https:\/\/coria.org\/ayuntamiento\/index.php\/wp-json\/wp\/v2\/media?parent=66567"}],"wp:term":[{"taxonomy":"category","embeddable":true,"href":"https:\/\/coria.org\/ayuntamiento\/index.php\/wp-json\/wp\/v2\/categories?post=66567"},{"taxonomy":"post_tag","embeddable":true,"href":"https:\/\/coria.org\/ayuntamiento\/index.php\/wp-json\/wp\/v2\/tags?post=66567"}],"curies":[{"name":"wp","href":"https:\/\/api.w.org\/{rel}","templated":true}]}}