{"id":66517,"date":"2026-04-28T12:04:55","date_gmt":"2026-04-28T10:04:55","guid":{"rendered":"https:\/\/coria.org\/ayuntamiento\/?p=66517"},"modified":"2026-04-28T12:05:20","modified_gmt":"2026-04-28T10:05:20","slug":"coria-celebrara-la-42a-edicion-de-la-subida-a-la-ermita-campo-a-traves-el-proximo-10-de-mayo","status":"publish","type":"post","link":"https:\/\/coria.org\/ayuntamiento\/index.php\/2026\/04\/28\/coria-celebrara-la-42a-edicion-de-la-subida-a-la-ermita-campo-a-traves-el-proximo-10-de-mayo\/","title":{"rendered":"Coria celebrar\u00e1 la 42\u00aa edici\u00f3n de la Subida a la Ermita \u201cCampo a Trav\u00e9s\u201d el pr\u00f3ximo 10 de mayo"},"content":{"rendered":"\n<p>Coria volver\u00e1 a convertirse en punto de encuentro para los amantes del deporte y la naturaleza con la celebraci\u00f3n de la 42\u00aa edici\u00f3n de la Subida a la Ermita \u201cCampo a Trav\u00e9s\u201d, una cita ya tradicional en el calendario deportivo local que tendr\u00e1 lugar el domingo 10 de mayo a las 11:00 horas.<\/p>\n\n\n<figure class=\"wp-block-post-featured-image\"><img loading=\"lazy\" decoding=\"async\" width=\"1920\" height=\"1440\" src=\"https:\/\/coria.org\/ayuntamiento\/wp-content\/uploads\/2026\/04\/subida-ermita.webp\" class=\"attachment-post-thumbnail size-post-thumbnail wp-post-image\" alt=\"\" style=\"object-fit:cover;\" srcset=\"https:\/\/coria.org\/ayuntamiento\/wp-content\/uploads\/2026\/04\/subida-ermita.webp 1920w, https:\/\/coria.org\/ayuntamiento\/wp-content\/uploads\/2026\/04\/subida-ermita-768x576.webp 768w, https:\/\/coria.org\/ayuntamiento\/wp-content\/uploads\/2026\/04\/subida-ermita-1536x1152.webp 1536w\" sizes=\"auto, (max-width: 1920px) 100vw, 1920px\" \/><\/figure>\n\n\n<p>La prueba, organizada por el <strong>Ayuntamiento de Coria<\/strong>, partir\u00e1 desde <strong>Camino de la Virgen<\/strong> y recorrer\u00e1 una distancia de <strong>4,7 kil\u00f3metros<\/strong>, ofreciendo a participantes y p\u00fablico una jornada de deporte popular en un entorno natural privilegiado.<\/p>\n\n\n\n<p>Consolidada como una de las pruebas con mayor trayectoria de la comarca, esta edici\u00f3n vuelve a invitar a corredores y aficionados a disfrutar de una experiencia que combina esfuerzo, convivencia y contacto con la naturaleza bajo el lema <strong>\u201cVen y disfruta corriendo\u201d<\/strong>.<\/p>\n\n\n\n<p>La Subida a la Ermita, que alcanza este a\u00f1o su 42\u00aa edici\u00f3n, mantiene vivo su esp\u00edritu participativo y festivo, reuniendo cada a\u00f1o a deportistas de distintas edades y niveles.<\/p>\n\n\n\n<p>Desde la organizaci\u00f3n animan a vecinos, visitantes y corredores a sumarse a esta jornada deportiva y formar parte de una prueba emblem\u00e1tica para Coria.<\/p>\n\n\n\n<p><strong>Datos de la prueba:<\/strong><\/p>\n\n\n\n<ul class=\"wp-block-list\">\n<li>Evento: 42\u00aa Subida a la Ermita \u201cCampo a Trav\u00e9s\u201d<\/li>\n\n\n\n<li>Fecha: Domingo, 10 de mayo<\/li>\n\n\n\n<li>Hora: 11:00 horas<\/li>\n\n\n\n<li>Salida: Camino de la Virgen<\/li>\n\n\n\n<li>Distancia: 4,7 km<\/li>\n\n\n\n<li>Organiza: Ayuntamiento de Coria<\/li>\n<\/ul>\n\n\n\n<p>M\u00e1s informaci\u00f3n: <a href=\"https:\/\/atletismocauriense.blogspot.com\" type=\"link\" id=\"https:\/\/atletismocauriense.blogspot.com\">atletismocauriense.blogspot.com<\/a><\/p>\n","protected":false},"excerpt":{"rendered":"<p>Coria volver\u00e1 a convertirse en punto de encuentro para los amantes del deporte y la naturaleza con la celebraci\u00f3n de la 42\u00aa edici\u00f3n de la Subida a la Ermita \u201cCampo a Trav\u00e9s\u201d, una cita ya tradicional en el calendario deportivo local que tendr\u00e1 lugar el domingo 10 de mayo a las 11:00 horas. La prueba, [&hellip;]<\/p>\n","protected":false},"author":3,"featured_media":66518,"comment_status":"closed","ping_status":"closed","sticky":false,"template":"","format":"standard","meta":{"_uag_custom_page_level_css":"","footnotes":""},"categories":[9,2],"tags":[403,1195],"class_list":["post-66517","post","type-post","status-publish","format-standard","has-post-thumbnail","hentry","category-destacado","category-noticias","tag-deporte","tag-subida-ermita"],"yoast_head":"<!-- This site is optimized with the Yoast SEO plugin v27.4 - https:\/\/yoast.com\/product\/yoast-seo-wordpress\/ -->\n<title>Coria celebrar\u00e1 la 42\u00aa edici\u00f3n de la Subida a la Ermita \u201cCampo a Trav\u00e9s\u201d el pr\u00f3ximo 10 de mayo - Ayuntamiento de Coria<\/title>\n<meta name=\"description\" content=\"Coria volver\u00e1 a convertirse en punto de encuentro para los amantes del deporte y la naturaleza con la celebraci\u00f3n de la 42\u00aa edici\u00f3n de la Subida a la Ermita \u201cCampo a Trav\u00e9s\u201d, una cita ya tradicional en el calendario deportivo local que tendr\u00e1 lugar el domingo 10 de mayo a las 11:00 horas.\" \/>\n<meta name=\"robots\" content=\"index, follow, max-snippet:-1, max-image-preview:large, max-video-preview:-1\" \/>\n<link rel=\"canonical\" href=\"https:\/\/coria.org\/ayuntamiento\/index.php\/2026\/04\/28\/coria-celebrara-la-42a-edicion-de-la-subida-a-la-ermita-campo-a-traves-el-proximo-10-de-mayo\/\" \/>\n<meta property=\"og:locale\" content=\"es_ES\" \/>\n<meta property=\"og:type\" content=\"article\" \/>\n<meta property=\"og:title\" content=\"Coria celebrar\u00e1 la 42\u00aa edici\u00f3n de la Subida a la Ermita \u201cCampo a Trav\u00e9s\u201d el pr\u00f3ximo 10 de mayo\" \/>\n<meta property=\"og:description\" content=\"Coria volver\u00e1 a convertirse en punto de encuentro para los amantes del deporte y la naturaleza con la celebraci\u00f3n de la 42\u00aa edici\u00f3n de la Subida a la Ermita \u201cCampo a Trav\u00e9s\u201d, una cita ya tradicional en el calendario deportivo local que tendr\u00e1 lugar el domingo 10 de mayo a las 11:00 horas.\" \/>\n<meta property=\"og:url\" content=\"https:\/\/coria.org\/ayuntamiento\/index.php\/2026\/04\/28\/coria-celebrara-la-42a-edicion-de-la-subida-a-la-ermita-campo-a-traves-el-proximo-10-de-mayo\/\" \/>\n<meta property=\"og:site_name\" content=\"Ayuntamiento de Coria\" \/>\n<meta property=\"article:publisher\" content=\"https:\/\/www.facebook.com\/Ayuntamiento.de.Coria\" \/>\n<meta property=\"article:published_time\" content=\"2026-04-28T10:04:55+00:00\" \/>\n<meta property=\"article:modified_time\" content=\"2026-04-28T10:05:20+00:00\" \/>\n<meta property=\"og:image\" content=\"https:\/\/coria.org\/ayuntamiento\/wp-content\/uploads\/2026\/04\/subida-ermita.webp\" \/>\n\t<meta property=\"og:image:width\" content=\"1920\" \/>\n\t<meta property=\"og:image:height\" content=\"1440\" \/>\n\t<meta property=\"og:image:type\" content=\"image\/webp\" \/>\n<meta name=\"author\" content=\"prensa@coria.org\" \/>\n<meta name=\"twitter:card\" content=\"summary_large_image\" \/>\n<meta name=\"twitter:title\" content=\"Coria celebrar\u00e1 la 42\u00aa edici\u00f3n de la Subida a la Ermita \u201cCampo a Trav\u00e9s\u201d el pr\u00f3ximo 10 de mayo\" \/>\n<meta name=\"twitter:description\" content=\"Coria volver\u00e1 a convertirse en punto de encuentro para los amantes del deporte y la naturaleza con la celebraci\u00f3n de la 42\u00aa edici\u00f3n de la Subida a la Ermita \u201cCampo a Trav\u00e9s\u201d, una cita ya tradicional en el calendario deportivo local que tendr\u00e1 lugar el domingo 10 de mayo a las 11:00 horas.\" \/>\n<meta name=\"twitter:image\" content=\"https:\/\/coria.org\/ayuntamiento\/wp-content\/uploads\/2026\/04\/subida-ermita.webp\" \/>\n<meta name=\"twitter:creator\" content=\"@Ayto_de_Coria\" \/>\n<meta name=\"twitter:site\" content=\"@Ayto_de_Coria\" \/>\n<meta name=\"twitter:label1\" content=\"Escrito por\" \/>\n\t<meta name=\"twitter:data1\" content=\"prensa@coria.org\" \/>\n\t<meta name=\"twitter:label2\" content=\"Tiempo de lectura\" \/>\n\t<meta name=\"twitter:data2\" content=\"2 minutos\" \/>\n<script type=\"application\/ld+json\" class=\"yoast-schema-graph\">{\"@context\":\"https:\\\/\\\/schema.org\",\"@graph\":[{\"@type\":\"Article\",\"@id\":\"https:\\\/\\\/coria.org\\\/ayuntamiento\\\/index.php\\\/2026\\\/04\\\/28\\\/coria-celebrara-la-42a-edicion-de-la-subida-a-la-ermita-campo-a-traves-el-proximo-10-de-mayo\\\/#article\",\"isPartOf\":{\"@id\":\"https:\\\/\\\/coria.org\\\/ayuntamiento\\\/index.php\\\/2026\\\/04\\\/28\\\/coria-celebrara-la-42a-edicion-de-la-subida-a-la-ermita-campo-a-traves-el-proximo-10-de-mayo\\\/\"},\"author\":{\"name\":\"prensa@coria.org\",\"@id\":\"https:\\\/\\\/coria.org\\\/ayuntamiento\\\/#\\\/schema\\\/person\\\/e599808bcace6131357c531f55c6b600\"},\"headline\":\"Coria celebrar\u00e1 la 42\u00aa edici\u00f3n de la Subida a la Ermita \u201cCampo a Trav\u00e9s\u201d el pr\u00f3ximo 10 de mayo\",\"datePublished\":\"2026-04-28T10:04:55+00:00\",\"dateModified\":\"2026-04-28T10:05:20+00:00\",\"mainEntityOfPage\":{\"@id\":\"https:\\\/\\\/coria.org\\\/ayuntamiento\\\/index.php\\\/2026\\\/04\\\/28\\\/coria-celebrara-la-42a-edicion-de-la-subida-a-la-ermita-campo-a-traves-el-proximo-10-de-mayo\\\/\"},\"wordCount\":248,\"publisher\":{\"@id\":\"https:\\\/\\\/coria.org\\\/ayuntamiento\\\/#organization\"},\"image\":{\"@id\":\"https:\\\/\\\/coria.org\\\/ayuntamiento\\\/index.php\\\/2026\\\/04\\\/28\\\/coria-celebrara-la-42a-edicion-de-la-subida-a-la-ermita-campo-a-traves-el-proximo-10-de-mayo\\\/#primaryimage\"},\"thumbnailUrl\":\"https:\\\/\\\/coria.org\\\/ayuntamiento\\\/wp-content\\\/uploads\\\/2026\\\/04\\\/subida-ermita.webp\",\"keywords\":[\"deporte\",\"subida ermita\"],\"articleSection\":[\"Destacado\",\"Noticias\"],\"inLanguage\":\"es\"},{\"@type\":\"WebPage\",\"@id\":\"https:\\\/\\\/coria.org\\\/ayuntamiento\\\/index.php\\\/2026\\\/04\\\/28\\\/coria-celebrara-la-42a-edicion-de-la-subida-a-la-ermita-campo-a-traves-el-proximo-10-de-mayo\\\/\",\"url\":\"https:\\\/\\\/coria.org\\\/ayuntamiento\\\/index.php\\\/2026\\\/04\\\/28\\\/coria-celebrara-la-42a-edicion-de-la-subida-a-la-ermita-campo-a-traves-el-proximo-10-de-mayo\\\/\",\"name\":\"Coria celebrar\u00e1 la 42\u00aa edici\u00f3n de la Subida a la Ermita \u201cCampo a Trav\u00e9s\u201d el pr\u00f3ximo 10 de mayo - Ayuntamiento de Coria\",\"isPartOf\":{\"@id\":\"https:\\\/\\\/coria.org\\\/ayuntamiento\\\/#website\"},\"primaryImageOfPage\":{\"@id\":\"https:\\\/\\\/coria.org\\\/ayuntamiento\\\/index.php\\\/2026\\\/04\\\/28\\\/coria-celebrara-la-42a-edicion-de-la-subida-a-la-ermita-campo-a-traves-el-proximo-10-de-mayo\\\/#primaryimage\"},\"image\":{\"@id\":\"https:\\\/\\\/coria.org\\\/ayuntamiento\\\/index.php\\\/2026\\\/04\\\/28\\\/coria-celebrara-la-42a-edicion-de-la-subida-a-la-ermita-campo-a-traves-el-proximo-10-de-mayo\\\/#primaryimage\"},\"thumbnailUrl\":\"https:\\\/\\\/coria.org\\\/ayuntamiento\\\/wp-content\\\/uploads\\\/2026\\\/04\\\/subida-ermita.webp\",\"datePublished\":\"2026-04-28T10:04:55+00:00\",\"dateModified\":\"2026-04-28T10:05:20+00:00\",\"description\":\"Coria volver\u00e1 a convertirse en punto de encuentro para los amantes del deporte y la naturaleza con la celebraci\u00f3n de la 42\u00aa edici\u00f3n de la Subida a la Ermita \u201cCampo a Trav\u00e9s\u201d, una cita ya tradicional en el calendario deportivo local que tendr\u00e1 lugar el domingo 10 de mayo a las 11:00 horas.\",\"breadcrumb\":{\"@id\":\"https:\\\/\\\/coria.org\\\/ayuntamiento\\\/index.php\\\/2026\\\/04\\\/28\\\/coria-celebrara-la-42a-edicion-de-la-subida-a-la-ermita-campo-a-traves-el-proximo-10-de-mayo\\\/#breadcrumb\"},\"inLanguage\":\"es\",\"potentialAction\":[{\"@type\":\"ReadAction\",\"target\":[\"https:\\\/\\\/coria.org\\\/ayuntamiento\\\/index.php\\\/2026\\\/04\\\/28\\\/coria-celebrara-la-42a-edicion-de-la-subida-a-la-ermita-campo-a-traves-el-proximo-10-de-mayo\\\/\"]}]},{\"@type\":\"ImageObject\",\"inLanguage\":\"es\",\"@id\":\"https:\\\/\\\/coria.org\\\/ayuntamiento\\\/index.php\\\/2026\\\/04\\\/28\\\/coria-celebrara-la-42a-edicion-de-la-subida-a-la-ermita-campo-a-traves-el-proximo-10-de-mayo\\\/#primaryimage\",\"url\":\"https:\\\/\\\/coria.org\\\/ayuntamiento\\\/wp-content\\\/uploads\\\/2026\\\/04\\\/subida-ermita.webp\",\"contentUrl\":\"https:\\\/\\\/coria.org\\\/ayuntamiento\\\/wp-content\\\/uploads\\\/2026\\\/04\\\/subida-ermita.webp\",\"width\":1920,\"height\":1440},{\"@type\":\"BreadcrumbList\",\"@id\":\"https:\\\/\\\/coria.org\\\/ayuntamiento\\\/index.php\\\/2026\\\/04\\\/28\\\/coria-celebrara-la-42a-edicion-de-la-subida-a-la-ermita-campo-a-traves-el-proximo-10-de-mayo\\\/#breadcrumb\",\"itemListElement\":[{\"@type\":\"ListItem\",\"position\":1,\"name\":\"Inicio\",\"item\":\"https:\\\/\\\/coria.org\\\/ayuntamiento\\\/\"},{\"@type\":\"ListItem\",\"position\":2,\"name\":\"Coria celebrar\u00e1 la 42\u00aa edici\u00f3n de la Subida a la Ermita \u201cCampo a Trav\u00e9s\u201d el pr\u00f3ximo 10 de mayo\"}]},{\"@type\":\"WebSite\",\"@id\":\"https:\\\/\\\/coria.org\\\/ayuntamiento\\\/#website\",\"url\":\"https:\\\/\\\/coria.org\\\/ayuntamiento\\\/\",\"name\":\"Ayuntamiento de Coria\",\"description\":\"Web oficial del Ayuntamiento de Coria\",\"publisher\":{\"@id\":\"https:\\\/\\\/coria.org\\\/ayuntamiento\\\/#organization\"},\"alternateName\":\"Web Oficial del Ayuntamiento de Coria\",\"potentialAction\":[{\"@type\":\"SearchAction\",\"target\":{\"@type\":\"EntryPoint\",\"urlTemplate\":\"https:\\\/\\\/coria.org\\\/ayuntamiento\\\/?s={search_term_string}\"},\"query-input\":{\"@type\":\"PropertyValueSpecification\",\"valueRequired\":true,\"valueName\":\"search_term_string\"}}],\"inLanguage\":\"es\"},{\"@type\":\"Organization\",\"@id\":\"https:\\\/\\\/coria.org\\\/ayuntamiento\\\/#organization\",\"name\":\"Ayuntamiento de Coria\",\"alternateName\":\"Ayto de Coria\",\"url\":\"https:\\\/\\\/coria.org\\\/ayuntamiento\\\/\",\"logo\":{\"@type\":\"ImageObject\",\"inLanguage\":\"es\",\"@id\":\"https:\\\/\\\/coria.org\\\/ayuntamiento\\\/#\\\/schema\\\/logo\\\/image\\\/\",\"url\":\"https:\\\/\\\/coria.org\\\/ayuntamiento\\\/wp-content\\\/uploads\\\/2020\\\/12\\\/escudo-ayuntamiento-coria.png\",\"contentUrl\":\"https:\\\/\\\/coria.org\\\/ayuntamiento\\\/wp-content\\\/uploads\\\/2020\\\/12\\\/escudo-ayuntamiento-coria.png\",\"width\":511,\"height\":240,\"caption\":\"Ayuntamiento de Coria\"},\"image\":{\"@id\":\"https:\\\/\\\/coria.org\\\/ayuntamiento\\\/#\\\/schema\\\/logo\\\/image\\\/\"},\"sameAs\":[\"https:\\\/\\\/www.facebook.com\\\/Ayuntamiento.de.Coria\",\"https:\\\/\\\/x.com\\\/Ayto_de_Coria\",\"https:\\\/\\\/www.instagram.com\\\/coria.ayuntamiento\\\/\",\"https:\\\/\\\/www.youtube.com\\\/user\\\/AYUNTAMIENTOCORIA\"]},{\"@type\":\"Person\",\"@id\":\"https:\\\/\\\/coria.org\\\/ayuntamiento\\\/#\\\/schema\\\/person\\\/e599808bcace6131357c531f55c6b600\",\"name\":\"prensa@coria.org\",\"image\":{\"@type\":\"ImageObject\",\"inLanguage\":\"es\",\"@id\":\"https:\\\/\\\/secure.gravatar.com\\\/avatar\\\/27aedb317acfc6f08831cc400fc47b05e64be7cc19749d7a736bdf9b11b9fc8b?s=96&d=mm&r=g\",\"url\":\"https:\\\/\\\/secure.gravatar.com\\\/avatar\\\/27aedb317acfc6f08831cc400fc47b05e64be7cc19749d7a736bdf9b11b9fc8b?s=96&d=mm&r=g\",\"contentUrl\":\"https:\\\/\\\/secure.gravatar.com\\\/avatar\\\/27aedb317acfc6f08831cc400fc47b05e64be7cc19749d7a736bdf9b11b9fc8b?s=96&d=mm&r=g\",\"caption\":\"prensa@coria.org\"}}]}<\/script>\n<!-- \/ Yoast SEO plugin. -->","yoast_head_json":{"title":"Coria celebrar\u00e1 la 42\u00aa edici\u00f3n de la Subida a la Ermita \u201cCampo a Trav\u00e9s\u201d el pr\u00f3ximo 10 de mayo - Ayuntamiento de Coria","description":"Coria volver\u00e1 a convertirse en punto de encuentro para los amantes del deporte y la naturaleza con la celebraci\u00f3n de la 42\u00aa edici\u00f3n de la Subida a la Ermita \u201cCampo a Trav\u00e9s\u201d, una cita ya tradicional en el calendario deportivo local que tendr\u00e1 lugar el domingo 10 de mayo a las 11:00 horas.","robots":{"index":"index","follow":"follow","max-snippet":"max-snippet:-1","max-image-preview":"max-image-preview:large","max-video-preview":"max-video-preview:-1"},"canonical":"https:\/\/coria.org\/ayuntamiento\/index.php\/2026\/04\/28\/coria-celebrara-la-42a-edicion-de-la-subida-a-la-ermita-campo-a-traves-el-proximo-10-de-mayo\/","og_locale":"es_ES","og_type":"article","og_title":"Coria celebrar\u00e1 la 42\u00aa edici\u00f3n de la Subida a la Ermita \u201cCampo a Trav\u00e9s\u201d el pr\u00f3ximo 10 de mayo","og_description":"Coria volver\u00e1 a convertirse en punto de encuentro para los amantes del deporte y la naturaleza con la celebraci\u00f3n de la 42\u00aa edici\u00f3n de la Subida a la Ermita \u201cCampo a Trav\u00e9s\u201d, una cita ya tradicional en el calendario deportivo local que tendr\u00e1 lugar el domingo 10 de mayo a las 11:00 horas.","og_url":"https:\/\/coria.org\/ayuntamiento\/index.php\/2026\/04\/28\/coria-celebrara-la-42a-edicion-de-la-subida-a-la-ermita-campo-a-traves-el-proximo-10-de-mayo\/","og_site_name":"Ayuntamiento de Coria","article_publisher":"https:\/\/www.facebook.com\/Ayuntamiento.de.Coria","article_published_time":"2026-04-28T10:04:55+00:00","article_modified_time":"2026-04-28T10:05:20+00:00","og_image":[{"width":1920,"height":1440,"url":"https:\/\/coria.org\/ayuntamiento\/wp-content\/uploads\/2026\/04\/subida-ermita.webp","type":"image\/webp"}],"author":"prensa@coria.org","twitter_card":"summary_large_image","twitter_title":"Coria celebrar\u00e1 la 42\u00aa edici\u00f3n de la Subida a la Ermita \u201cCampo a Trav\u00e9s\u201d el pr\u00f3ximo 10 de mayo","twitter_description":"Coria volver\u00e1 a convertirse en punto de encuentro para los amantes del deporte y la naturaleza con la celebraci\u00f3n de la 42\u00aa edici\u00f3n de la Subida a la Ermita \u201cCampo a Trav\u00e9s\u201d, una cita ya tradicional en el calendario deportivo local que tendr\u00e1 lugar el domingo 10 de mayo a las 11:00 horas.","twitter_image":"https:\/\/coria.org\/ayuntamiento\/wp-content\/uploads\/2026\/04\/subida-ermita.webp","twitter_creator":"@Ayto_de_Coria","twitter_site":"@Ayto_de_Coria","twitter_misc":{"Escrito por":"prensa@coria.org","Tiempo de lectura":"2 minutos"},"schema":{"@context":"https:\/\/schema.org","@graph":[{"@type":"Article","@id":"https:\/\/coria.org\/ayuntamiento\/index.php\/2026\/04\/28\/coria-celebrara-la-42a-edicion-de-la-subida-a-la-ermita-campo-a-traves-el-proximo-10-de-mayo\/#article","isPartOf":{"@id":"https:\/\/coria.org\/ayuntamiento\/index.php\/2026\/04\/28\/coria-celebrara-la-42a-edicion-de-la-subida-a-la-ermita-campo-a-traves-el-proximo-10-de-mayo\/"},"author":{"name":"prensa@coria.org","@id":"https:\/\/coria.org\/ayuntamiento\/#\/schema\/person\/e599808bcace6131357c531f55c6b600"},"headline":"Coria celebrar\u00e1 la 42\u00aa edici\u00f3n de la Subida a la Ermita \u201cCampo a Trav\u00e9s\u201d el pr\u00f3ximo 10 de mayo","datePublished":"2026-04-28T10:04:55+00:00","dateModified":"2026-04-28T10:05:20+00:00","mainEntityOfPage":{"@id":"https:\/\/coria.org\/ayuntamiento\/index.php\/2026\/04\/28\/coria-celebrara-la-42a-edicion-de-la-subida-a-la-ermita-campo-a-traves-el-proximo-10-de-mayo\/"},"wordCount":248,"publisher":{"@id":"https:\/\/coria.org\/ayuntamiento\/#organization"},"image":{"@id":"https:\/\/coria.org\/ayuntamiento\/index.php\/2026\/04\/28\/coria-celebrara-la-42a-edicion-de-la-subida-a-la-ermita-campo-a-traves-el-proximo-10-de-mayo\/#primaryimage"},"thumbnailUrl":"https:\/\/coria.org\/ayuntamiento\/wp-content\/uploads\/2026\/04\/subida-ermita.webp","keywords":["deporte","subida ermita"],"articleSection":["Destacado","Noticias"],"inLanguage":"es"},{"@type":"WebPage","@id":"https:\/\/coria.org\/ayuntamiento\/index.php\/2026\/04\/28\/coria-celebrara-la-42a-edicion-de-la-subida-a-la-ermita-campo-a-traves-el-proximo-10-de-mayo\/","url":"https:\/\/coria.org\/ayuntamiento\/index.php\/2026\/04\/28\/coria-celebrara-la-42a-edicion-de-la-subida-a-la-ermita-campo-a-traves-el-proximo-10-de-mayo\/","name":"Coria celebrar\u00e1 la 42\u00aa edici\u00f3n de la Subida a la Ermita \u201cCampo a Trav\u00e9s\u201d el pr\u00f3ximo 10 de mayo - Ayuntamiento de Coria","isPartOf":{"@id":"https:\/\/coria.org\/ayuntamiento\/#website"},"primaryImageOfPage":{"@id":"https:\/\/coria.org\/ayuntamiento\/index.php\/2026\/04\/28\/coria-celebrara-la-42a-edicion-de-la-subida-a-la-ermita-campo-a-traves-el-proximo-10-de-mayo\/#primaryimage"},"image":{"@id":"https:\/\/coria.org\/ayuntamiento\/index.php\/2026\/04\/28\/coria-celebrara-la-42a-edicion-de-la-subida-a-la-ermita-campo-a-traves-el-proximo-10-de-mayo\/#primaryimage"},"thumbnailUrl":"https:\/\/coria.org\/ayuntamiento\/wp-content\/uploads\/2026\/04\/subida-ermita.webp","datePublished":"2026-04-28T10:04:55+00:00","dateModified":"2026-04-28T10:05:20+00:00","description":"Coria volver\u00e1 a convertirse en punto de encuentro para los amantes del deporte y la naturaleza con la celebraci\u00f3n de la 42\u00aa edici\u00f3n de la Subida a la Ermita \u201cCampo a Trav\u00e9s\u201d, una cita ya tradicional en el calendario deportivo local que tendr\u00e1 lugar el domingo 10 de mayo a las 11:00 horas.","breadcrumb":{"@id":"https:\/\/coria.org\/ayuntamiento\/index.php\/2026\/04\/28\/coria-celebrara-la-42a-edicion-de-la-subida-a-la-ermita-campo-a-traves-el-proximo-10-de-mayo\/#breadcrumb"},"inLanguage":"es","potentialAction":[{"@type":"ReadAction","target":["https:\/\/coria.org\/ayuntamiento\/index.php\/2026\/04\/28\/coria-celebrara-la-42a-edicion-de-la-subida-a-la-ermita-campo-a-traves-el-proximo-10-de-mayo\/"]}]},{"@type":"ImageObject","inLanguage":"es","@id":"https:\/\/coria.org\/ayuntamiento\/index.php\/2026\/04\/28\/coria-celebrara-la-42a-edicion-de-la-subida-a-la-ermita-campo-a-traves-el-proximo-10-de-mayo\/#primaryimage","url":"https:\/\/coria.org\/ayuntamiento\/wp-content\/uploads\/2026\/04\/subida-ermita.webp","contentUrl":"https:\/\/coria.org\/ayuntamiento\/wp-content\/uploads\/2026\/04\/subida-ermita.webp","width":1920,"height":1440},{"@type":"BreadcrumbList","@id":"https:\/\/coria.org\/ayuntamiento\/index.php\/2026\/04\/28\/coria-celebrara-la-42a-edicion-de-la-subida-a-la-ermita-campo-a-traves-el-proximo-10-de-mayo\/#breadcrumb","itemListElement":[{"@type":"ListItem","position":1,"name":"Inicio","item":"https:\/\/coria.org\/ayuntamiento\/"},{"@type":"ListItem","position":2,"name":"Coria celebrar\u00e1 la 42\u00aa edici\u00f3n de la Subida a la Ermita \u201cCampo a Trav\u00e9s\u201d el pr\u00f3ximo 10 de mayo"}]},{"@type":"WebSite","@id":"https:\/\/coria.org\/ayuntamiento\/#website","url":"https:\/\/coria.org\/ayuntamiento\/","name":"Ayuntamiento de Coria","description":"Web oficial del Ayuntamiento de Coria","publisher":{"@id":"https:\/\/coria.org\/ayuntamiento\/#organization"},"alternateName":"Web Oficial del Ayuntamiento de Coria","potentialAction":[{"@type":"SearchAction","target":{"@type":"EntryPoint","urlTemplate":"https:\/\/coria.org\/ayuntamiento\/?s={search_term_string}"},"query-input":{"@type":"PropertyValueSpecification","valueRequired":true,"valueName":"search_term_string"}}],"inLanguage":"es"},{"@type":"Organization","@id":"https:\/\/coria.org\/ayuntamiento\/#organization","name":"Ayuntamiento de Coria","alternateName":"Ayto de Coria","url":"https:\/\/coria.org\/ayuntamiento\/","logo":{"@type":"ImageObject","inLanguage":"es","@id":"https:\/\/coria.org\/ayuntamiento\/#\/schema\/logo\/image\/","url":"https:\/\/coria.org\/ayuntamiento\/wp-content\/uploads\/2020\/12\/escudo-ayuntamiento-coria.png","contentUrl":"https:\/\/coria.org\/ayuntamiento\/wp-content\/uploads\/2020\/12\/escudo-ayuntamiento-coria.png","width":511,"height":240,"caption":"Ayuntamiento de Coria"},"image":{"@id":"https:\/\/coria.org\/ayuntamiento\/#\/schema\/logo\/image\/"},"sameAs":["https:\/\/www.facebook.com\/Ayuntamiento.de.Coria","https:\/\/x.com\/Ayto_de_Coria","https:\/\/www.instagram.com\/coria.ayuntamiento\/","https:\/\/www.youtube.com\/user\/AYUNTAMIENTOCORIA"]},{"@type":"Person","@id":"https:\/\/coria.org\/ayuntamiento\/#\/schema\/person\/e599808bcace6131357c531f55c6b600","name":"prensa@coria.org","image":{"@type":"ImageObject","inLanguage":"es","@id":"https:\/\/secure.gravatar.com\/avatar\/27aedb317acfc6f08831cc400fc47b05e64be7cc19749d7a736bdf9b11b9fc8b?s=96&d=mm&r=g","url":"https:\/\/secure.gravatar.com\/avatar\/27aedb317acfc6f08831cc400fc47b05e64be7cc19749d7a736bdf9b11b9fc8b?s=96&d=mm&r=g","contentUrl":"https:\/\/secure.gravatar.com\/avatar\/27aedb317acfc6f08831cc400fc47b05e64be7cc19749d7a736bdf9b11b9fc8b?s=96&d=mm&r=g","caption":"prensa@coria.org"}}]}},"uagb_featured_image_src":{"full":["https:\/\/coria.org\/ayuntamiento\/wp-content\/uploads\/2026\/04\/subida-ermita.webp",1920,1440,false],"thumbnail":["https:\/\/coria.org\/ayuntamiento\/wp-content\/uploads\/2026\/04\/subida-ermita-150x150.webp",150,150,true],"medium":["https:\/\/coria.org\/ayuntamiento\/wp-content\/uploads\/2026\/04\/subida-ermita.webp",1920,1440,false],"medium_large":["https:\/\/coria.org\/ayuntamiento\/wp-content\/uploads\/2026\/04\/subida-ermita-768x576.webp",768,576,true],"large":["https:\/\/coria.org\/ayuntamiento\/wp-content\/uploads\/2026\/04\/subida-ermita.webp",1920,1440,false],"thumblist":["https:\/\/coria.org\/ayuntamiento\/wp-content\/uploads\/2026\/04\/subida-ermita-300x300.webp",300,300,true],"thumbrelated":["https:\/\/coria.org\/ayuntamiento\/wp-content\/uploads\/2026\/04\/subida-ermita-500x500.webp",500,500,true],"meccarouselthumb":["https:\/\/coria.org\/ayuntamiento\/wp-content\/uploads\/2026\/04\/subida-ermita-474x324.webp",474,324,true],"gridsquare":["https:\/\/coria.org\/ayuntamiento\/wp-content\/uploads\/2026\/04\/subida-ermita-391x260.webp",391,260,true],"tileview":["https:\/\/coria.org\/ayuntamiento\/wp-content\/uploads\/2026\/04\/subida-ermita-300x400.webp",300,400,true],"1536x1536":["https:\/\/coria.org\/ayuntamiento\/wp-content\/uploads\/2026\/04\/subida-ermita-1536x1152.webp",1536,1152,true],"2048x2048":["https:\/\/coria.org\/ayuntamiento\/wp-content\/uploads\/2026\/04\/subida-ermita.webp",1920,1440,false]},"uagb_author_info":{"display_name":"prensa@coria.org","author_link":"https:\/\/coria.org\/ayuntamiento\/index.php\/author\/prensacoria-org\/"},"uagb_comment_info":0,"uagb_excerpt":"Coria volver\u00e1 a convertirse en punto de encuentro para los amantes del deporte y la naturaleza con la celebraci\u00f3n de la 42\u00aa edici\u00f3n de la Subida a la Ermita \u201cCampo a Trav\u00e9s\u201d, una cita ya tradicional en el calendario deportivo local que tendr\u00e1 lugar el domingo 10 de mayo a las 11:00 horas. La prueba,&hellip;","_links":{"self":[{"href":"https:\/\/coria.org\/ayuntamiento\/index.php\/wp-json\/wp\/v2\/posts\/66517","targetHints":{"allow":["GET"]}}],"collection":[{"href":"https:\/\/coria.org\/ayuntamiento\/index.php\/wp-json\/wp\/v2\/posts"}],"about":[{"href":"https:\/\/coria.org\/ayuntamiento\/index.php\/wp-json\/wp\/v2\/types\/post"}],"author":[{"embeddable":true,"href":"https:\/\/coria.org\/ayuntamiento\/index.php\/wp-json\/wp\/v2\/users\/3"}],"replies":[{"embeddable":true,"href":"https:\/\/coria.org\/ayuntamiento\/index.php\/wp-json\/wp\/v2\/comments?post=66517"}],"version-history":[{"count":1,"href":"https:\/\/coria.org\/ayuntamiento\/index.php\/wp-json\/wp\/v2\/posts\/66517\/revisions"}],"predecessor-version":[{"id":66519,"href":"https:\/\/coria.org\/ayuntamiento\/index.php\/wp-json\/wp\/v2\/posts\/66517\/revisions\/66519"}],"wp:featuredmedia":[{"embeddable":true,"href":"https:\/\/coria.org\/ayuntamiento\/index.php\/wp-json\/wp\/v2\/media\/66518"}],"wp:attachment":[{"href":"https:\/\/coria.org\/ayuntamiento\/index.php\/wp-json\/wp\/v2\/media?parent=66517"}],"wp:term":[{"taxonomy":"category","embeddable":true,"href":"https:\/\/coria.org\/ayuntamiento\/index.php\/wp-json\/wp\/v2\/categories?post=66517"},{"taxonomy":"post_tag","embeddable":true,"href":"https:\/\/coria.org\/ayuntamiento\/index.php\/wp-json\/wp\/v2\/tags?post=66517"}],"curies":[{"name":"wp","href":"https:\/\/api.w.org\/{rel}","templated":true}]}}