{"id":66395,"date":"2026-04-08T14:36:51","date_gmt":"2026-04-08T12:36:51","guid":{"rendered":"https:\/\/coria.org\/ayuntamiento\/?p=66395"},"modified":"2026-04-08T14:37:11","modified_gmt":"2026-04-08T12:37:11","slug":"coria-celebra-el-dia-de-la-rosca-con-la-ciudad-de-los-castillos-hinchables-para-los-mas-pequenos","status":"publish","type":"post","link":"https:\/\/coria.org\/ayuntamiento\/index.php\/2026\/04\/08\/coria-celebra-el-dia-de-la-rosca-con-la-ciudad-de-los-castillos-hinchables-para-los-mas-pequenos\/","title":{"rendered":"Coria celebra el D\u00eda de la Rosca con la \u201cCiudad de los Castillos Hinchables\u201d para los m\u00e1s peque\u00f1os"},"content":{"rendered":"\n<p>Ser\u00e1 el pr\u00f3ximo lunes d\u00eda 13 de abril a partir de las 16:00 horas en el Polideportivo Municipal \u201cLa Isla\u201d.<\/p>\n\n\n<figure class=\"wp-block-post-featured-image\"><img loading=\"lazy\" decoding=\"async\" width=\"1920\" height=\"1440\" src=\"https:\/\/coria.org\/ayuntamiento\/wp-content\/uploads\/2025\/04\/dia-rosca.webp\" class=\"attachment-post-thumbnail size-post-thumbnail wp-post-image\" alt=\"\" style=\"object-fit:cover;\" srcset=\"https:\/\/coria.org\/ayuntamiento\/wp-content\/uploads\/2025\/04\/dia-rosca.webp 1920w, https:\/\/coria.org\/ayuntamiento\/wp-content\/uploads\/2025\/04\/dia-rosca-768x576.webp 768w, https:\/\/coria.org\/ayuntamiento\/wp-content\/uploads\/2025\/04\/dia-rosca-1536x1152.webp 1536w\" sizes=\"auto, (max-width: 1920px) 100vw, 1920px\" \/><\/figure>\n\n\n<p>Con el principal objetivo de recuperar nuestras tradiciones, el Ayuntamiento de Coria, a trav\u00e9s del departamento de turismo, se ha propuesto revivir por cuarto a\u00f1o consecutivo, dado el grado y \u00e9xito de aceptaci\u00f3n de los dos a\u00f1os anteriores, uno de los d\u00edas m\u00e1s esperados del a\u00f1o, el <strong>D\u00eda de la Rosca o Lunes de Cruces,<\/strong> este \u00faltimo como se conoce en otras localidades.<\/p>\n\n\n\n<p>Este d\u00eda tiene su origen en las roscas de \u201cbarullo\u201d, roscas artesanas ba\u00f1adas en merengue y decoradas con confites, que las madrinas regalaban a sus ahijados para llevarlos durante la procesi\u00f3n dela Cofrad\u00eda de la Santa y Vera Cruz.<\/p>\n\n\n\n<p>Al terminar, en las inmediaciones de la ciudad, familiares y amigos se reun\u00edan para degustare este peculiar dulce, haciendo de este d\u00eda, un d\u00eda redondo. Son tradiciones que deben perdurar y adaptarse a los nuevos tiempos y demanda.<\/p>\n\n\n\n<p>Para ello, se cre\u00f3 hace ya dos a\u00f1os el \u201cD\u00eda de la Rosca\u201d, pensando en una adaptaci\u00f3n a ese d\u00eda que tan buenos recuerdos nos trae, con el fin de que toda la familia pueda disfrutar, contribuyendo adem\u00e1s a promocionar de manera indirecta a aquellos establecimientos que elaboran este producto este d\u00eda en concreto.<\/p>\n\n\n\n<p>Por tanto, el <strong>lunes 13 de abril se celebrar\u00e1n el D\u00eda de la Rosca <\/strong>con actividades para los m\u00e1s peque\u00f1os. El lugar ideal para esta celebraci\u00f3n ser\u00e1 polideportivo municipal \u201cLa Isla\u201d. Adem\u00e1s de que este d\u00eda est\u00e1 ligado y relacionado a pasarlo en el campo. Pensando tambi\u00e9n en que sea una actividad que puedan conocer las personas que vienen de otras ciudades, el lugar de f\u00e1cil acceso y ubicaci\u00f3n, al que se puede llegar caminando o en diferentes tipos de veh\u00edculos.<\/p>\n\n\n\n<p>La jornada se desarrollar\u00e1 con actividades para los m\u00e1s peque\u00f1os <strong>desde las 16:00 hasta las 20:00 horas, <\/strong>con castillos hinchables que formar\u00e1n la <strong>\u201cCiudad de los Castillos Hinchables\u201d,<\/strong> donde los m\u00e1s peque\u00f1os podr\u00e1n disfrutar de un campo de f\u00fatbol hinchable o un laberinto. Una actividad que podr\u00e1 disfrutarse en familia y que nos har\u00e1 disfrutar de una maravillosa tarde de campo y merendando la rosca que nuestra madrina nos ha regalado. Una actividad que ser\u00e1 totalmente gratuita.<\/p>\n\n\n\n<p>El Ayuntamiento anima a todos los ni\u00f1os a ser part\u00edcipes de ella y seguir viviendo nuestras tradiciones en la Ciudad de Coria, tambi\u00e9n a salir al campo a comer con familiares y amigos la Rosca, un manjar tan delicioso que tenemos en nuestra localidad. \u00a1No olvid\u00e9is vuestras mantas de tiras!<\/p>\n","protected":false},"excerpt":{"rendered":"<p>Ser\u00e1 el pr\u00f3ximo lunes d\u00eda 13 de abril a partir de las 16:00 horas en el Polideportivo Municipal \u201cLa Isla\u201d. Con el principal objetivo de recuperar nuestras tradiciones, el Ayuntamiento de Coria, a trav\u00e9s del departamento de turismo, se ha propuesto revivir por cuarto a\u00f1o consecutivo, dado el grado y \u00e9xito de aceptaci\u00f3n de los [&hellip;]<\/p>\n","protected":false},"author":3,"featured_media":64438,"comment_status":"closed","ping_status":"closed","sticky":false,"template":"","format":"standard","meta":{"_uag_custom_page_level_css":"","footnotes":""},"categories":[9,2],"tags":[1419],"class_list":["post-66395","post","type-post","status-publish","format-standard","has-post-thumbnail","hentry","category-destacado","category-noticias","tag-rosca"],"yoast_head":"<!-- This site is optimized with the Yoast SEO plugin v27.5 - https:\/\/yoast.com\/product\/yoast-seo-wordpress\/ -->\n<title>Coria celebra el D\u00eda de la Rosca con la \u201cCiudad de los Castillos Hinchables\u201d para los m\u00e1s peque\u00f1os - Ayuntamiento de Coria<\/title>\n<meta name=\"description\" content=\"Ser\u00e1 el pr\u00f3ximo lunes d\u00eda 13 de abril a partir de las 16:00 horas en el Polideportivo Municipal \u201cLa Isla\u201d.\" \/>\n<meta name=\"robots\" content=\"index, follow, max-snippet:-1, max-image-preview:large, max-video-preview:-1\" \/>\n<link rel=\"canonical\" href=\"https:\/\/coria.org\/ayuntamiento\/index.php\/2026\/04\/08\/coria-celebra-el-dia-de-la-rosca-con-la-ciudad-de-los-castillos-hinchables-para-los-mas-pequenos\/\" \/>\n<meta property=\"og:locale\" content=\"es_ES\" \/>\n<meta property=\"og:type\" content=\"article\" \/>\n<meta property=\"og:title\" content=\"Coria celebra el D\u00eda de la Rosca con la \u201cCiudad de los Castillos Hinchables\u201d para los m\u00e1s peque\u00f1os\" \/>\n<meta property=\"og:description\" content=\"Ser\u00e1 el pr\u00f3ximo lunes d\u00eda 13 de abril a partir de las 16:00 horas en el Polideportivo Municipal \u201cLa Isla\u201d.\" \/>\n<meta property=\"og:url\" content=\"https:\/\/coria.org\/ayuntamiento\/index.php\/2026\/04\/08\/coria-celebra-el-dia-de-la-rosca-con-la-ciudad-de-los-castillos-hinchables-para-los-mas-pequenos\/\" \/>\n<meta property=\"og:site_name\" content=\"Ayuntamiento de Coria\" \/>\n<meta property=\"article:publisher\" content=\"https:\/\/www.facebook.com\/Ayuntamiento.de.Coria\" \/>\n<meta property=\"article:published_time\" content=\"2026-04-08T12:36:51+00:00\" \/>\n<meta property=\"article:modified_time\" content=\"2026-04-08T12:37:11+00:00\" \/>\n<meta property=\"og:image\" content=\"https:\/\/coria.org\/ayuntamiento\/wp-content\/uploads\/2024\/04\/dia-rosca.jpg\" \/>\n\t<meta property=\"og:image:width\" content=\"1920\" \/>\n\t<meta property=\"og:image:height\" content=\"1440\" \/>\n\t<meta property=\"og:image:type\" content=\"image\/jpeg\" \/>\n<meta name=\"author\" content=\"prensa@coria.org\" \/>\n<meta name=\"twitter:card\" content=\"summary_large_image\" \/>\n<meta name=\"twitter:title\" content=\"Coria celebra el D\u00eda de la Rosca con la \u201cCiudad de los Castillos Hinchables\u201d para los m\u00e1s peque\u00f1os\" \/>\n<meta name=\"twitter:description\" content=\"Ser\u00e1 el pr\u00f3ximo lunes d\u00eda 13 de abril a partir de las 16:00 horas en el Polideportivo Municipal \u201cLa Isla\u201d.\" \/>\n<meta name=\"twitter:image\" content=\"https:\/\/coria.org\/ayuntamiento\/wp-content\/uploads\/2024\/04\/dia-rosca.jpg\" \/>\n<meta name=\"twitter:creator\" content=\"@Ayto_de_Coria\" \/>\n<meta name=\"twitter:site\" content=\"@Ayto_de_Coria\" \/>\n<meta name=\"twitter:label1\" content=\"Escrito por\" \/>\n\t<meta name=\"twitter:data1\" content=\"prensa@coria.org\" \/>\n\t<meta name=\"twitter:label2\" content=\"Tiempo de lectura\" \/>\n\t<meta name=\"twitter:data2\" content=\"3 minutos\" \/>\n<script type=\"application\/ld+json\" class=\"yoast-schema-graph\">{\"@context\":\"https:\\\/\\\/schema.org\",\"@graph\":[{\"@type\":\"Article\",\"@id\":\"https:\\\/\\\/coria.org\\\/ayuntamiento\\\/index.php\\\/2026\\\/04\\\/08\\\/coria-celebra-el-dia-de-la-rosca-con-la-ciudad-de-los-castillos-hinchables-para-los-mas-pequenos\\\/#article\",\"isPartOf\":{\"@id\":\"https:\\\/\\\/coria.org\\\/ayuntamiento\\\/index.php\\\/2026\\\/04\\\/08\\\/coria-celebra-el-dia-de-la-rosca-con-la-ciudad-de-los-castillos-hinchables-para-los-mas-pequenos\\\/\"},\"author\":{\"name\":\"prensa@coria.org\",\"@id\":\"https:\\\/\\\/coria.org\\\/ayuntamiento\\\/#\\\/schema\\\/person\\\/e599808bcace6131357c531f55c6b600\"},\"headline\":\"Coria celebra el D\u00eda de la Rosca con la \u201cCiudad de los Castillos Hinchables\u201d para los m\u00e1s peque\u00f1os\",\"datePublished\":\"2026-04-08T12:36:51+00:00\",\"dateModified\":\"2026-04-08T12:37:11+00:00\",\"mainEntityOfPage\":{\"@id\":\"https:\\\/\\\/coria.org\\\/ayuntamiento\\\/index.php\\\/2026\\\/04\\\/08\\\/coria-celebra-el-dia-de-la-rosca-con-la-ciudad-de-los-castillos-hinchables-para-los-mas-pequenos\\\/\"},\"wordCount\":483,\"publisher\":{\"@id\":\"https:\\\/\\\/coria.org\\\/ayuntamiento\\\/#organization\"},\"image\":{\"@id\":\"https:\\\/\\\/coria.org\\\/ayuntamiento\\\/index.php\\\/2026\\\/04\\\/08\\\/coria-celebra-el-dia-de-la-rosca-con-la-ciudad-de-los-castillos-hinchables-para-los-mas-pequenos\\\/#primaryimage\"},\"thumbnailUrl\":\"https:\\\/\\\/coria.org\\\/ayuntamiento\\\/wp-content\\\/uploads\\\/2025\\\/04\\\/dia-rosca.webp\",\"keywords\":[\"rosca\"],\"articleSection\":[\"Destacado\",\"Noticias\"],\"inLanguage\":\"es\"},{\"@type\":\"WebPage\",\"@id\":\"https:\\\/\\\/coria.org\\\/ayuntamiento\\\/index.php\\\/2026\\\/04\\\/08\\\/coria-celebra-el-dia-de-la-rosca-con-la-ciudad-de-los-castillos-hinchables-para-los-mas-pequenos\\\/\",\"url\":\"https:\\\/\\\/coria.org\\\/ayuntamiento\\\/index.php\\\/2026\\\/04\\\/08\\\/coria-celebra-el-dia-de-la-rosca-con-la-ciudad-de-los-castillos-hinchables-para-los-mas-pequenos\\\/\",\"name\":\"Coria celebra el D\u00eda de la Rosca con la \u201cCiudad de los Castillos Hinchables\u201d para los m\u00e1s peque\u00f1os - Ayuntamiento de Coria\",\"isPartOf\":{\"@id\":\"https:\\\/\\\/coria.org\\\/ayuntamiento\\\/#website\"},\"primaryImageOfPage\":{\"@id\":\"https:\\\/\\\/coria.org\\\/ayuntamiento\\\/index.php\\\/2026\\\/04\\\/08\\\/coria-celebra-el-dia-de-la-rosca-con-la-ciudad-de-los-castillos-hinchables-para-los-mas-pequenos\\\/#primaryimage\"},\"image\":{\"@id\":\"https:\\\/\\\/coria.org\\\/ayuntamiento\\\/index.php\\\/2026\\\/04\\\/08\\\/coria-celebra-el-dia-de-la-rosca-con-la-ciudad-de-los-castillos-hinchables-para-los-mas-pequenos\\\/#primaryimage\"},\"thumbnailUrl\":\"https:\\\/\\\/coria.org\\\/ayuntamiento\\\/wp-content\\\/uploads\\\/2025\\\/04\\\/dia-rosca.webp\",\"datePublished\":\"2026-04-08T12:36:51+00:00\",\"dateModified\":\"2026-04-08T12:37:11+00:00\",\"description\":\"Ser\u00e1 el pr\u00f3ximo lunes d\u00eda 13 de abril a partir de las 16:00 horas en el Polideportivo Municipal \u201cLa Isla\u201d.\",\"breadcrumb\":{\"@id\":\"https:\\\/\\\/coria.org\\\/ayuntamiento\\\/index.php\\\/2026\\\/04\\\/08\\\/coria-celebra-el-dia-de-la-rosca-con-la-ciudad-de-los-castillos-hinchables-para-los-mas-pequenos\\\/#breadcrumb\"},\"inLanguage\":\"es\",\"potentialAction\":[{\"@type\":\"ReadAction\",\"target\":[\"https:\\\/\\\/coria.org\\\/ayuntamiento\\\/index.php\\\/2026\\\/04\\\/08\\\/coria-celebra-el-dia-de-la-rosca-con-la-ciudad-de-los-castillos-hinchables-para-los-mas-pequenos\\\/\"]}]},{\"@type\":\"ImageObject\",\"inLanguage\":\"es\",\"@id\":\"https:\\\/\\\/coria.org\\\/ayuntamiento\\\/index.php\\\/2026\\\/04\\\/08\\\/coria-celebra-el-dia-de-la-rosca-con-la-ciudad-de-los-castillos-hinchables-para-los-mas-pequenos\\\/#primaryimage\",\"url\":\"https:\\\/\\\/coria.org\\\/ayuntamiento\\\/wp-content\\\/uploads\\\/2025\\\/04\\\/dia-rosca.webp\",\"contentUrl\":\"https:\\\/\\\/coria.org\\\/ayuntamiento\\\/wp-content\\\/uploads\\\/2025\\\/04\\\/dia-rosca.webp\",\"width\":1920,\"height\":1440},{\"@type\":\"BreadcrumbList\",\"@id\":\"https:\\\/\\\/coria.org\\\/ayuntamiento\\\/index.php\\\/2026\\\/04\\\/08\\\/coria-celebra-el-dia-de-la-rosca-con-la-ciudad-de-los-castillos-hinchables-para-los-mas-pequenos\\\/#breadcrumb\",\"itemListElement\":[{\"@type\":\"ListItem\",\"position\":1,\"name\":\"Inicio\",\"item\":\"https:\\\/\\\/coria.org\\\/ayuntamiento\\\/\"},{\"@type\":\"ListItem\",\"position\":2,\"name\":\"Coria celebra el D\u00eda de la Rosca con la \u201cCiudad de los Castillos Hinchables\u201d para los m\u00e1s peque\u00f1os\"}]},{\"@type\":\"WebSite\",\"@id\":\"https:\\\/\\\/coria.org\\\/ayuntamiento\\\/#website\",\"url\":\"https:\\\/\\\/coria.org\\\/ayuntamiento\\\/\",\"name\":\"Ayuntamiento de Coria\",\"description\":\"Web oficial del Ayuntamiento de Coria\",\"publisher\":{\"@id\":\"https:\\\/\\\/coria.org\\\/ayuntamiento\\\/#organization\"},\"alternateName\":\"Web Oficial del Ayuntamiento de Coria\",\"potentialAction\":[{\"@type\":\"SearchAction\",\"target\":{\"@type\":\"EntryPoint\",\"urlTemplate\":\"https:\\\/\\\/coria.org\\\/ayuntamiento\\\/?s={search_term_string}\"},\"query-input\":{\"@type\":\"PropertyValueSpecification\",\"valueRequired\":true,\"valueName\":\"search_term_string\"}}],\"inLanguage\":\"es\"},{\"@type\":\"Organization\",\"@id\":\"https:\\\/\\\/coria.org\\\/ayuntamiento\\\/#organization\",\"name\":\"Ayuntamiento de Coria\",\"alternateName\":\"Ayto de Coria\",\"url\":\"https:\\\/\\\/coria.org\\\/ayuntamiento\\\/\",\"logo\":{\"@type\":\"ImageObject\",\"inLanguage\":\"es\",\"@id\":\"https:\\\/\\\/coria.org\\\/ayuntamiento\\\/#\\\/schema\\\/logo\\\/image\\\/\",\"url\":\"https:\\\/\\\/coria.org\\\/ayuntamiento\\\/wp-content\\\/uploads\\\/2020\\\/12\\\/escudo-ayuntamiento-coria.png\",\"contentUrl\":\"https:\\\/\\\/coria.org\\\/ayuntamiento\\\/wp-content\\\/uploads\\\/2020\\\/12\\\/escudo-ayuntamiento-coria.png\",\"width\":511,\"height\":240,\"caption\":\"Ayuntamiento de Coria\"},\"image\":{\"@id\":\"https:\\\/\\\/coria.org\\\/ayuntamiento\\\/#\\\/schema\\\/logo\\\/image\\\/\"},\"sameAs\":[\"https:\\\/\\\/www.facebook.com\\\/Ayuntamiento.de.Coria\",\"https:\\\/\\\/x.com\\\/Ayto_de_Coria\",\"https:\\\/\\\/www.instagram.com\\\/coria.ayuntamiento\\\/\",\"https:\\\/\\\/www.youtube.com\\\/user\\\/AYUNTAMIENTOCORIA\"]},{\"@type\":\"Person\",\"@id\":\"https:\\\/\\\/coria.org\\\/ayuntamiento\\\/#\\\/schema\\\/person\\\/e599808bcace6131357c531f55c6b600\",\"name\":\"prensa@coria.org\",\"image\":{\"@type\":\"ImageObject\",\"inLanguage\":\"es\",\"@id\":\"https:\\\/\\\/secure.gravatar.com\\\/avatar\\\/27aedb317acfc6f08831cc400fc47b05e64be7cc19749d7a736bdf9b11b9fc8b?s=96&d=mm&r=g\",\"url\":\"https:\\\/\\\/secure.gravatar.com\\\/avatar\\\/27aedb317acfc6f08831cc400fc47b05e64be7cc19749d7a736bdf9b11b9fc8b?s=96&d=mm&r=g\",\"contentUrl\":\"https:\\\/\\\/secure.gravatar.com\\\/avatar\\\/27aedb317acfc6f08831cc400fc47b05e64be7cc19749d7a736bdf9b11b9fc8b?s=96&d=mm&r=g\",\"caption\":\"prensa@coria.org\"}}]}<\/script>\n<!-- \/ Yoast SEO plugin. -->","yoast_head_json":{"title":"Coria celebra el D\u00eda de la Rosca con la \u201cCiudad de los Castillos Hinchables\u201d para los m\u00e1s peque\u00f1os - Ayuntamiento de Coria","description":"Ser\u00e1 el pr\u00f3ximo lunes d\u00eda 13 de abril a partir de las 16:00 horas en el Polideportivo Municipal \u201cLa Isla\u201d.","robots":{"index":"index","follow":"follow","max-snippet":"max-snippet:-1","max-image-preview":"max-image-preview:large","max-video-preview":"max-video-preview:-1"},"canonical":"https:\/\/coria.org\/ayuntamiento\/index.php\/2026\/04\/08\/coria-celebra-el-dia-de-la-rosca-con-la-ciudad-de-los-castillos-hinchables-para-los-mas-pequenos\/","og_locale":"es_ES","og_type":"article","og_title":"Coria celebra el D\u00eda de la Rosca con la \u201cCiudad de los Castillos Hinchables\u201d para los m\u00e1s peque\u00f1os","og_description":"Ser\u00e1 el pr\u00f3ximo lunes d\u00eda 13 de abril a partir de las 16:00 horas en el Polideportivo Municipal \u201cLa Isla\u201d.","og_url":"https:\/\/coria.org\/ayuntamiento\/index.php\/2026\/04\/08\/coria-celebra-el-dia-de-la-rosca-con-la-ciudad-de-los-castillos-hinchables-para-los-mas-pequenos\/","og_site_name":"Ayuntamiento de Coria","article_publisher":"https:\/\/www.facebook.com\/Ayuntamiento.de.Coria","article_published_time":"2026-04-08T12:36:51+00:00","article_modified_time":"2026-04-08T12:37:11+00:00","og_image":[{"width":1920,"height":1440,"url":"https:\/\/coria.org\/ayuntamiento\/wp-content\/uploads\/2024\/04\/dia-rosca.jpg","type":"image\/jpeg"}],"author":"prensa@coria.org","twitter_card":"summary_large_image","twitter_title":"Coria celebra el D\u00eda de la Rosca con la \u201cCiudad de los Castillos Hinchables\u201d para los m\u00e1s peque\u00f1os","twitter_description":"Ser\u00e1 el pr\u00f3ximo lunes d\u00eda 13 de abril a partir de las 16:00 horas en el Polideportivo Municipal \u201cLa Isla\u201d.","twitter_image":"https:\/\/coria.org\/ayuntamiento\/wp-content\/uploads\/2024\/04\/dia-rosca.jpg","twitter_creator":"@Ayto_de_Coria","twitter_site":"@Ayto_de_Coria","twitter_misc":{"Escrito por":"prensa@coria.org","Tiempo de lectura":"3 minutos"},"schema":{"@context":"https:\/\/schema.org","@graph":[{"@type":"Article","@id":"https:\/\/coria.org\/ayuntamiento\/index.php\/2026\/04\/08\/coria-celebra-el-dia-de-la-rosca-con-la-ciudad-de-los-castillos-hinchables-para-los-mas-pequenos\/#article","isPartOf":{"@id":"https:\/\/coria.org\/ayuntamiento\/index.php\/2026\/04\/08\/coria-celebra-el-dia-de-la-rosca-con-la-ciudad-de-los-castillos-hinchables-para-los-mas-pequenos\/"},"author":{"name":"prensa@coria.org","@id":"https:\/\/coria.org\/ayuntamiento\/#\/schema\/person\/e599808bcace6131357c531f55c6b600"},"headline":"Coria celebra el D\u00eda de la Rosca con la \u201cCiudad de los Castillos Hinchables\u201d para los m\u00e1s peque\u00f1os","datePublished":"2026-04-08T12:36:51+00:00","dateModified":"2026-04-08T12:37:11+00:00","mainEntityOfPage":{"@id":"https:\/\/coria.org\/ayuntamiento\/index.php\/2026\/04\/08\/coria-celebra-el-dia-de-la-rosca-con-la-ciudad-de-los-castillos-hinchables-para-los-mas-pequenos\/"},"wordCount":483,"publisher":{"@id":"https:\/\/coria.org\/ayuntamiento\/#organization"},"image":{"@id":"https:\/\/coria.org\/ayuntamiento\/index.php\/2026\/04\/08\/coria-celebra-el-dia-de-la-rosca-con-la-ciudad-de-los-castillos-hinchables-para-los-mas-pequenos\/#primaryimage"},"thumbnailUrl":"https:\/\/coria.org\/ayuntamiento\/wp-content\/uploads\/2025\/04\/dia-rosca.webp","keywords":["rosca"],"articleSection":["Destacado","Noticias"],"inLanguage":"es"},{"@type":"WebPage","@id":"https:\/\/coria.org\/ayuntamiento\/index.php\/2026\/04\/08\/coria-celebra-el-dia-de-la-rosca-con-la-ciudad-de-los-castillos-hinchables-para-los-mas-pequenos\/","url":"https:\/\/coria.org\/ayuntamiento\/index.php\/2026\/04\/08\/coria-celebra-el-dia-de-la-rosca-con-la-ciudad-de-los-castillos-hinchables-para-los-mas-pequenos\/","name":"Coria celebra el D\u00eda de la Rosca con la \u201cCiudad de los Castillos Hinchables\u201d para los m\u00e1s peque\u00f1os - Ayuntamiento de Coria","isPartOf":{"@id":"https:\/\/coria.org\/ayuntamiento\/#website"},"primaryImageOfPage":{"@id":"https:\/\/coria.org\/ayuntamiento\/index.php\/2026\/04\/08\/coria-celebra-el-dia-de-la-rosca-con-la-ciudad-de-los-castillos-hinchables-para-los-mas-pequenos\/#primaryimage"},"image":{"@id":"https:\/\/coria.org\/ayuntamiento\/index.php\/2026\/04\/08\/coria-celebra-el-dia-de-la-rosca-con-la-ciudad-de-los-castillos-hinchables-para-los-mas-pequenos\/#primaryimage"},"thumbnailUrl":"https:\/\/coria.org\/ayuntamiento\/wp-content\/uploads\/2025\/04\/dia-rosca.webp","datePublished":"2026-04-08T12:36:51+00:00","dateModified":"2026-04-08T12:37:11+00:00","description":"Ser\u00e1 el pr\u00f3ximo lunes d\u00eda 13 de abril a partir de las 16:00 horas en el Polideportivo Municipal \u201cLa Isla\u201d.","breadcrumb":{"@id":"https:\/\/coria.org\/ayuntamiento\/index.php\/2026\/04\/08\/coria-celebra-el-dia-de-la-rosca-con-la-ciudad-de-los-castillos-hinchables-para-los-mas-pequenos\/#breadcrumb"},"inLanguage":"es","potentialAction":[{"@type":"ReadAction","target":["https:\/\/coria.org\/ayuntamiento\/index.php\/2026\/04\/08\/coria-celebra-el-dia-de-la-rosca-con-la-ciudad-de-los-castillos-hinchables-para-los-mas-pequenos\/"]}]},{"@type":"ImageObject","inLanguage":"es","@id":"https:\/\/coria.org\/ayuntamiento\/index.php\/2026\/04\/08\/coria-celebra-el-dia-de-la-rosca-con-la-ciudad-de-los-castillos-hinchables-para-los-mas-pequenos\/#primaryimage","url":"https:\/\/coria.org\/ayuntamiento\/wp-content\/uploads\/2025\/04\/dia-rosca.webp","contentUrl":"https:\/\/coria.org\/ayuntamiento\/wp-content\/uploads\/2025\/04\/dia-rosca.webp","width":1920,"height":1440},{"@type":"BreadcrumbList","@id":"https:\/\/coria.org\/ayuntamiento\/index.php\/2026\/04\/08\/coria-celebra-el-dia-de-la-rosca-con-la-ciudad-de-los-castillos-hinchables-para-los-mas-pequenos\/#breadcrumb","itemListElement":[{"@type":"ListItem","position":1,"name":"Inicio","item":"https:\/\/coria.org\/ayuntamiento\/"},{"@type":"ListItem","position":2,"name":"Coria celebra el D\u00eda de la Rosca con la \u201cCiudad de los Castillos Hinchables\u201d para los m\u00e1s peque\u00f1os"}]},{"@type":"WebSite","@id":"https:\/\/coria.org\/ayuntamiento\/#website","url":"https:\/\/coria.org\/ayuntamiento\/","name":"Ayuntamiento de Coria","description":"Web oficial del Ayuntamiento de Coria","publisher":{"@id":"https:\/\/coria.org\/ayuntamiento\/#organization"},"alternateName":"Web Oficial del Ayuntamiento de Coria","potentialAction":[{"@type":"SearchAction","target":{"@type":"EntryPoint","urlTemplate":"https:\/\/coria.org\/ayuntamiento\/?s={search_term_string}"},"query-input":{"@type":"PropertyValueSpecification","valueRequired":true,"valueName":"search_term_string"}}],"inLanguage":"es"},{"@type":"Organization","@id":"https:\/\/coria.org\/ayuntamiento\/#organization","name":"Ayuntamiento de Coria","alternateName":"Ayto de Coria","url":"https:\/\/coria.org\/ayuntamiento\/","logo":{"@type":"ImageObject","inLanguage":"es","@id":"https:\/\/coria.org\/ayuntamiento\/#\/schema\/logo\/image\/","url":"https:\/\/coria.org\/ayuntamiento\/wp-content\/uploads\/2020\/12\/escudo-ayuntamiento-coria.png","contentUrl":"https:\/\/coria.org\/ayuntamiento\/wp-content\/uploads\/2020\/12\/escudo-ayuntamiento-coria.png","width":511,"height":240,"caption":"Ayuntamiento de Coria"},"image":{"@id":"https:\/\/coria.org\/ayuntamiento\/#\/schema\/logo\/image\/"},"sameAs":["https:\/\/www.facebook.com\/Ayuntamiento.de.Coria","https:\/\/x.com\/Ayto_de_Coria","https:\/\/www.instagram.com\/coria.ayuntamiento\/","https:\/\/www.youtube.com\/user\/AYUNTAMIENTOCORIA"]},{"@type":"Person","@id":"https:\/\/coria.org\/ayuntamiento\/#\/schema\/person\/e599808bcace6131357c531f55c6b600","name":"prensa@coria.org","image":{"@type":"ImageObject","inLanguage":"es","@id":"https:\/\/secure.gravatar.com\/avatar\/27aedb317acfc6f08831cc400fc47b05e64be7cc19749d7a736bdf9b11b9fc8b?s=96&d=mm&r=g","url":"https:\/\/secure.gravatar.com\/avatar\/27aedb317acfc6f08831cc400fc47b05e64be7cc19749d7a736bdf9b11b9fc8b?s=96&d=mm&r=g","contentUrl":"https:\/\/secure.gravatar.com\/avatar\/27aedb317acfc6f08831cc400fc47b05e64be7cc19749d7a736bdf9b11b9fc8b?s=96&d=mm&r=g","caption":"prensa@coria.org"}}]}},"uagb_featured_image_src":{"full":["https:\/\/coria.org\/ayuntamiento\/wp-content\/uploads\/2025\/04\/dia-rosca.webp",1920,1440,false],"thumbnail":["https:\/\/coria.org\/ayuntamiento\/wp-content\/uploads\/2025\/04\/dia-rosca-150x150.webp",150,150,true],"medium":["https:\/\/coria.org\/ayuntamiento\/wp-content\/uploads\/2025\/04\/dia-rosca.webp",1920,1440,false],"medium_large":["https:\/\/coria.org\/ayuntamiento\/wp-content\/uploads\/2025\/04\/dia-rosca-768x576.webp",768,576,true],"large":["https:\/\/coria.org\/ayuntamiento\/wp-content\/uploads\/2025\/04\/dia-rosca.webp",1920,1440,false],"thumblist":["https:\/\/coria.org\/ayuntamiento\/wp-content\/uploads\/2025\/04\/dia-rosca-300x300.webp",300,300,true],"thumbrelated":["https:\/\/coria.org\/ayuntamiento\/wp-content\/uploads\/2025\/04\/dia-rosca-500x500.webp",500,500,true],"meccarouselthumb":["https:\/\/coria.org\/ayuntamiento\/wp-content\/uploads\/2025\/04\/dia-rosca-474x324.webp",474,324,true],"gridsquare":["https:\/\/coria.org\/ayuntamiento\/wp-content\/uploads\/2025\/04\/dia-rosca-391x260.webp",391,260,true],"tileview":["https:\/\/coria.org\/ayuntamiento\/wp-content\/uploads\/2025\/04\/dia-rosca-300x400.webp",300,400,true],"1536x1536":["https:\/\/coria.org\/ayuntamiento\/wp-content\/uploads\/2025\/04\/dia-rosca-1536x1152.webp",1536,1152,true],"2048x2048":["https:\/\/coria.org\/ayuntamiento\/wp-content\/uploads\/2025\/04\/dia-rosca.webp",1920,1440,false]},"uagb_author_info":{"display_name":"prensa@coria.org","author_link":"https:\/\/coria.org\/ayuntamiento\/index.php\/author\/prensacoria-org\/"},"uagb_comment_info":0,"uagb_excerpt":"Ser\u00e1 el pr\u00f3ximo lunes d\u00eda 13 de abril a partir de las 16:00 horas en el Polideportivo Municipal \u201cLa Isla\u201d. Con el principal objetivo de recuperar nuestras tradiciones, el Ayuntamiento de Coria, a trav\u00e9s del departamento de turismo, se ha propuesto revivir por cuarto a\u00f1o consecutivo, dado el grado y \u00e9xito de aceptaci\u00f3n de los&hellip;","_links":{"self":[{"href":"https:\/\/coria.org\/ayuntamiento\/index.php\/wp-json\/wp\/v2\/posts\/66395","targetHints":{"allow":["GET"]}}],"collection":[{"href":"https:\/\/coria.org\/ayuntamiento\/index.php\/wp-json\/wp\/v2\/posts"}],"about":[{"href":"https:\/\/coria.org\/ayuntamiento\/index.php\/wp-json\/wp\/v2\/types\/post"}],"author":[{"embeddable":true,"href":"https:\/\/coria.org\/ayuntamiento\/index.php\/wp-json\/wp\/v2\/users\/3"}],"replies":[{"embeddable":true,"href":"https:\/\/coria.org\/ayuntamiento\/index.php\/wp-json\/wp\/v2\/comments?post=66395"}],"version-history":[{"count":1,"href":"https:\/\/coria.org\/ayuntamiento\/index.php\/wp-json\/wp\/v2\/posts\/66395\/revisions"}],"predecessor-version":[{"id":66396,"href":"https:\/\/coria.org\/ayuntamiento\/index.php\/wp-json\/wp\/v2\/posts\/66395\/revisions\/66396"}],"wp:featuredmedia":[{"embeddable":true,"href":"https:\/\/coria.org\/ayuntamiento\/index.php\/wp-json\/wp\/v2\/media\/64438"}],"wp:attachment":[{"href":"https:\/\/coria.org\/ayuntamiento\/index.php\/wp-json\/wp\/v2\/media?parent=66395"}],"wp:term":[{"taxonomy":"category","embeddable":true,"href":"https:\/\/coria.org\/ayuntamiento\/index.php\/wp-json\/wp\/v2\/categories?post=66395"},{"taxonomy":"post_tag","embeddable":true,"href":"https:\/\/coria.org\/ayuntamiento\/index.php\/wp-json\/wp\/v2\/tags?post=66395"}],"curies":[{"name":"wp","href":"https:\/\/api.w.org\/{rel}","templated":true}]}}