{"id":66382,"date":"2026-04-07T13:37:46","date_gmt":"2026-04-07T11:37:46","guid":{"rendered":"https:\/\/coria.org\/ayuntamiento\/?p=66382"},"modified":"2026-04-07T13:38:08","modified_gmt":"2026-04-07T11:38:08","slug":"coria-consolida-el-crecimiento-turistico-durante-la-semana-santa-2026-con-un-aumento-de-visitantes","status":"publish","type":"post","link":"https:\/\/coria.org\/ayuntamiento\/index.php\/2026\/04\/07\/coria-consolida-el-crecimiento-turistico-durante-la-semana-santa-2026-con-un-aumento-de-visitantes\/","title":{"rendered":"Coria consolida el crecimiento tur\u00edstico durante la Semana Santa 2026 con un aumento de visitantes"},"content":{"rendered":"\n<p>La Semana Santa Cauriense ha cerrado con un balance muy positivo al registrar un total de 1.595 visitantes en la Oficina de Turismo, lo que supone un incremento de 239 personas respecto al a\u00f1o anterior y confirma la tendencia de crecimiento sostenido del destino.<\/p>\n\n\n<figure class=\"wp-block-post-featured-image\"><img loading=\"lazy\" decoding=\"async\" width=\"1916\" height=\"1440\" src=\"https:\/\/coria.org\/ayuntamiento\/wp-content\/uploads\/2026\/04\/semana-santa-coria.webp\" class=\"attachment-post-thumbnail size-post-thumbnail wp-post-image\" alt=\"\" style=\"object-fit:cover;\" srcset=\"https:\/\/coria.org\/ayuntamiento\/wp-content\/uploads\/2026\/04\/semana-santa-coria.webp 1916w, https:\/\/coria.org\/ayuntamiento\/wp-content\/uploads\/2026\/04\/semana-santa-coria-768x577.webp 768w, https:\/\/coria.org\/ayuntamiento\/wp-content\/uploads\/2026\/04\/semana-santa-coria-1536x1154.webp 1536w\" sizes=\"auto, (max-width: 1916px) 100vw, 1916px\" \/><\/figure>\n\n\n<p>Desde la Oficina de Turismo afirman que, la mayor afluencia se concentr\u00f3 en los d\u00edas centrales de la festividad, favorecida por las buenas condiciones meteorol\u00f3gicas, que facilitaron tanto la llegada de turistas como el desarrollo normal de las actividades programadas. Este contexto ha contribuido a reforzar el posicionamiento de Coria como destino de turismo de interior en auge.<\/p>\n\n\n\n<p>El impacto econ\u00f3mico ha sido notable, con altos niveles de ocupaci\u00f3n en los alojamientos y una repercusi\u00f3n directa en la hosteler\u00eda, el comercio y los servicios locales. El turismo nacional contin\u00faa siendo predominante, representando la gran mayor\u00eda de los visitantes (1.551), con especial presencia de viajeros procedentes de la Comunidad de Madrid, seguida de otras comunidades como Andaluc\u00eda, Castilla y Le\u00f3n, Castilla-La Mancha, Pa\u00eds Vasco y Extremadura. Asimismo, se ha registrado un incremento del turismo internacional, principalmente de Portugal y Reino Unido.<\/p>\n\n\n\n<p>En cuanto al perfil del visitante, se confirma una clara inclinaci\u00f3n hacia un turismo cultural, gastron\u00f3mico y de naturaleza. Los turistas han mostrado un notable inter\u00e9s por el patrimonio hist\u00f3rico-art\u00edstico de la ciudad, as\u00ed como por su oferta gastron\u00f3mica y los espacios naturales del entorno, entre los que destacan el Valle del Alag\u00f3n, el Parque Nacional de Monfrag\u00fce y el Tajo Internacional. Adem\u00e1s, se ha observado una creciente demanda de experiencias de turismo rural y actividades al aire libre en comarcas cercanas como Sierra de Gata, Las Hurdes, Tierras de Granadilla o el Valle del Jerte, coincidiendo con la floraci\u00f3n del cerezo.<\/p>\n\n\n\n<p>Las procesiones, eje central de la Semana Santa cauriense, se han desarrollado con normalidad en el casco hist\u00f3rico, con la participaci\u00f3n de cinco cofrad\u00edas y una destacada afluencia en actos como la Procesi\u00f3n de la Pasi\u00f3n del Se\u00f1or, el Santo Entierro y el Encuentro.<\/p>\n\n\n\n<p>La concejal de Turismo, Patricia Parro, ha valorado muy positivamente los resultados, destacando que \u201clos datos de esta Semana Santa reflejan el trabajo conjunto que se viene realizando para posicionar a Coria como un destino atractivo y competitivo dentro del turismo de interior\u201d. Asimismo, ha subrayado que \u201cel incremento de visitantes y la buena respuesta del sector tur\u00edstico local nos animan a seguir apostando por una oferta basada en la calidad, el patrimonio y la sostenibilidad\u201d.<\/p>\n\n\n\n<p>En relaci\u00f3n con el perfil del visitante, Parro ha se\u00f1alado que \u201ccada vez recibimos un turista m\u00e1s interesado en conocer nuestra historia, disfrutar de nuestra gastronom\u00eda y descubrir el entorno natural que nos rodea, lo que nos permite diversificar la oferta y generar nuevas oportunidades en el territorio\u201d.<\/p>\n\n\n\n<p>En t\u00e9rminos generales, los datos obtenidos reflejan una evoluci\u00f3n positiva del destino, que contin\u00faa consolid\u00e1ndose gracias a la calidad de su patrimonio, su entorno natural y su oferta gastron\u00f3mica, atrayendo a un visitante cada vez m\u00e1s interesado en experiencias culturales y sostenibles.<\/p>\n\n\n\n<p><strong>Visitantes que han pasado por la Oficina Municipal de Turismo:<\/strong><\/p>\n\n\n\n<ul class=\"wp-block-list\">\n<li>Total de visitantes: 1.595<\/li>\n\n\n\n<li>Visitantes nacionales: 1.551<\/li>\n\n\n\n<li>Visitantes internacionales: 44<\/li>\n<\/ul>\n","protected":false},"excerpt":{"rendered":"<p>La Semana Santa Cauriense ha cerrado con un balance muy positivo al registrar un total de 1.595 visitantes en la Oficina de Turismo, lo que supone un incremento de 239 personas respecto al a\u00f1o anterior y confirma la tendencia de crecimiento sostenido del destino. Desde la Oficina de Turismo afirman que, la mayor afluencia se [&hellip;]<\/p>\n","protected":false},"author":3,"featured_media":66383,"comment_status":"open","ping_status":"open","sticky":false,"template":"","format":"standard","meta":{"_uag_custom_page_level_css":"","footnotes":""},"categories":[9,2],"tags":[1154,1265],"class_list":["post-66382","post","type-post","status-publish","format-standard","has-post-thumbnail","hentry","category-destacado","category-noticias","tag-semana-santa","tag-turismo"],"yoast_head":"<!-- This site is optimized with the Yoast SEO plugin v27.5 - https:\/\/yoast.com\/product\/yoast-seo-wordpress\/ -->\n<title>Coria consolida el crecimiento tur\u00edstico durante la Semana Santa 2026 con un aumento de visitantes - Ayuntamiento de Coria<\/title>\n<meta name=\"description\" content=\"La Semana Santa Cauriense ha cerrado con un balance muy positivo al registrar un total de 1.595 visitantes en la Oficina de Turismo, lo que supone un incremento de 239 personas respecto al a\u00f1o anterior y confirma la tendencia de crecimiento sostenido del destino.\" \/>\n<meta name=\"robots\" content=\"index, follow, max-snippet:-1, max-image-preview:large, max-video-preview:-1\" \/>\n<link rel=\"canonical\" href=\"https:\/\/coria.org\/ayuntamiento\/index.php\/2026\/04\/07\/coria-consolida-el-crecimiento-turistico-durante-la-semana-santa-2026-con-un-aumento-de-visitantes\/\" \/>\n<meta property=\"og:locale\" content=\"es_ES\" \/>\n<meta property=\"og:type\" content=\"article\" \/>\n<meta property=\"og:title\" content=\"Coria consolida el crecimiento tur\u00edstico durante la Semana Santa 2026 con un aumento de visitantes\" \/>\n<meta property=\"og:description\" content=\"La Semana Santa Cauriense ha cerrado con un balance muy positivo al registrar un total de 1.595 visitantes en la Oficina de Turismo, lo que supone un incremento de 239 personas respecto al a\u00f1o anterior y confirma la tendencia de crecimiento sostenido del destino.\" \/>\n<meta property=\"og:url\" content=\"https:\/\/coria.org\/ayuntamiento\/index.php\/2026\/04\/07\/coria-consolida-el-crecimiento-turistico-durante-la-semana-santa-2026-con-un-aumento-de-visitantes\/\" \/>\n<meta property=\"og:site_name\" content=\"Ayuntamiento de Coria\" \/>\n<meta property=\"article:publisher\" content=\"https:\/\/www.facebook.com\/Ayuntamiento.de.Coria\" \/>\n<meta property=\"article:published_time\" content=\"2026-04-07T11:37:46+00:00\" \/>\n<meta property=\"article:modified_time\" content=\"2026-04-07T11:38:08+00:00\" \/>\n<meta property=\"og:image\" content=\"https:\/\/coria.org\/ayuntamiento\/wp-content\/uploads\/2026\/04\/semana-santa-coria.webp\" \/>\n\t<meta property=\"og:image:width\" content=\"1916\" \/>\n\t<meta property=\"og:image:height\" content=\"1440\" \/>\n\t<meta property=\"og:image:type\" content=\"image\/webp\" \/>\n<meta name=\"author\" content=\"prensa@coria.org\" \/>\n<meta name=\"twitter:card\" content=\"summary_large_image\" \/>\n<meta name=\"twitter:title\" content=\"Coria consolida el crecimiento tur\u00edstico durante la Semana Santa 2026 con un aumento de visitantes\" \/>\n<meta name=\"twitter:description\" content=\"La Semana Santa Cauriense ha cerrado con un balance muy positivo al registrar un total de 1.595 visitantes en la Oficina de Turismo, lo que supone un incremento de 239 personas respecto al a\u00f1o anterior y confirma la tendencia de crecimiento sostenido del destino.\" \/>\n<meta name=\"twitter:image\" content=\"https:\/\/coria.org\/ayuntamiento\/wp-content\/uploads\/2026\/04\/semana-santa-coria.webp\" \/>\n<meta name=\"twitter:creator\" content=\"@Ayto_de_Coria\" \/>\n<meta name=\"twitter:site\" content=\"@Ayto_de_Coria\" \/>\n<meta name=\"twitter:label1\" content=\"Escrito por\" \/>\n\t<meta name=\"twitter:data1\" content=\"prensa@coria.org\" \/>\n\t<meta name=\"twitter:label2\" content=\"Tiempo de lectura\" \/>\n\t<meta name=\"twitter:data2\" content=\"3 minutos\" \/>\n<script type=\"application\/ld+json\" class=\"yoast-schema-graph\">{\"@context\":\"https:\\\/\\\/schema.org\",\"@graph\":[{\"@type\":\"Article\",\"@id\":\"https:\\\/\\\/coria.org\\\/ayuntamiento\\\/index.php\\\/2026\\\/04\\\/07\\\/coria-consolida-el-crecimiento-turistico-durante-la-semana-santa-2026-con-un-aumento-de-visitantes\\\/#article\",\"isPartOf\":{\"@id\":\"https:\\\/\\\/coria.org\\\/ayuntamiento\\\/index.php\\\/2026\\\/04\\\/07\\\/coria-consolida-el-crecimiento-turistico-durante-la-semana-santa-2026-con-un-aumento-de-visitantes\\\/\"},\"author\":{\"name\":\"prensa@coria.org\",\"@id\":\"https:\\\/\\\/coria.org\\\/ayuntamiento\\\/#\\\/schema\\\/person\\\/e599808bcace6131357c531f55c6b600\"},\"headline\":\"Coria consolida el crecimiento tur\u00edstico durante la Semana Santa 2026 con un aumento de visitantes\",\"datePublished\":\"2026-04-07T11:37:46+00:00\",\"dateModified\":\"2026-04-07T11:38:08+00:00\",\"mainEntityOfPage\":{\"@id\":\"https:\\\/\\\/coria.org\\\/ayuntamiento\\\/index.php\\\/2026\\\/04\\\/07\\\/coria-consolida-el-crecimiento-turistico-durante-la-semana-santa-2026-con-un-aumento-de-visitantes\\\/\"},\"wordCount\":564,\"commentCount\":0,\"publisher\":{\"@id\":\"https:\\\/\\\/coria.org\\\/ayuntamiento\\\/#organization\"},\"image\":{\"@id\":\"https:\\\/\\\/coria.org\\\/ayuntamiento\\\/index.php\\\/2026\\\/04\\\/07\\\/coria-consolida-el-crecimiento-turistico-durante-la-semana-santa-2026-con-un-aumento-de-visitantes\\\/#primaryimage\"},\"thumbnailUrl\":\"https:\\\/\\\/coria.org\\\/ayuntamiento\\\/wp-content\\\/uploads\\\/2026\\\/04\\\/semana-santa-coria.webp\",\"keywords\":[\"semana santa\",\"turismo\"],\"articleSection\":[\"Destacado\",\"Noticias\"],\"inLanguage\":\"es\",\"potentialAction\":[{\"@type\":\"CommentAction\",\"name\":\"Comment\",\"target\":[\"https:\\\/\\\/coria.org\\\/ayuntamiento\\\/index.php\\\/2026\\\/04\\\/07\\\/coria-consolida-el-crecimiento-turistico-durante-la-semana-santa-2026-con-un-aumento-de-visitantes\\\/#respond\"]}]},{\"@type\":\"WebPage\",\"@id\":\"https:\\\/\\\/coria.org\\\/ayuntamiento\\\/index.php\\\/2026\\\/04\\\/07\\\/coria-consolida-el-crecimiento-turistico-durante-la-semana-santa-2026-con-un-aumento-de-visitantes\\\/\",\"url\":\"https:\\\/\\\/coria.org\\\/ayuntamiento\\\/index.php\\\/2026\\\/04\\\/07\\\/coria-consolida-el-crecimiento-turistico-durante-la-semana-santa-2026-con-un-aumento-de-visitantes\\\/\",\"name\":\"Coria consolida el crecimiento tur\u00edstico durante la Semana Santa 2026 con un aumento de visitantes - Ayuntamiento de Coria\",\"isPartOf\":{\"@id\":\"https:\\\/\\\/coria.org\\\/ayuntamiento\\\/#website\"},\"primaryImageOfPage\":{\"@id\":\"https:\\\/\\\/coria.org\\\/ayuntamiento\\\/index.php\\\/2026\\\/04\\\/07\\\/coria-consolida-el-crecimiento-turistico-durante-la-semana-santa-2026-con-un-aumento-de-visitantes\\\/#primaryimage\"},\"image\":{\"@id\":\"https:\\\/\\\/coria.org\\\/ayuntamiento\\\/index.php\\\/2026\\\/04\\\/07\\\/coria-consolida-el-crecimiento-turistico-durante-la-semana-santa-2026-con-un-aumento-de-visitantes\\\/#primaryimage\"},\"thumbnailUrl\":\"https:\\\/\\\/coria.org\\\/ayuntamiento\\\/wp-content\\\/uploads\\\/2026\\\/04\\\/semana-santa-coria.webp\",\"datePublished\":\"2026-04-07T11:37:46+00:00\",\"dateModified\":\"2026-04-07T11:38:08+00:00\",\"description\":\"La Semana Santa Cauriense ha cerrado con un balance muy positivo al registrar un total de 1.595 visitantes en la Oficina de Turismo, lo que supone un incremento de 239 personas respecto al a\u00f1o anterior y confirma la tendencia de crecimiento sostenido del destino.\",\"breadcrumb\":{\"@id\":\"https:\\\/\\\/coria.org\\\/ayuntamiento\\\/index.php\\\/2026\\\/04\\\/07\\\/coria-consolida-el-crecimiento-turistico-durante-la-semana-santa-2026-con-un-aumento-de-visitantes\\\/#breadcrumb\"},\"inLanguage\":\"es\",\"potentialAction\":[{\"@type\":\"ReadAction\",\"target\":[\"https:\\\/\\\/coria.org\\\/ayuntamiento\\\/index.php\\\/2026\\\/04\\\/07\\\/coria-consolida-el-crecimiento-turistico-durante-la-semana-santa-2026-con-un-aumento-de-visitantes\\\/\"]}]},{\"@type\":\"ImageObject\",\"inLanguage\":\"es\",\"@id\":\"https:\\\/\\\/coria.org\\\/ayuntamiento\\\/index.php\\\/2026\\\/04\\\/07\\\/coria-consolida-el-crecimiento-turistico-durante-la-semana-santa-2026-con-un-aumento-de-visitantes\\\/#primaryimage\",\"url\":\"https:\\\/\\\/coria.org\\\/ayuntamiento\\\/wp-content\\\/uploads\\\/2026\\\/04\\\/semana-santa-coria.webp\",\"contentUrl\":\"https:\\\/\\\/coria.org\\\/ayuntamiento\\\/wp-content\\\/uploads\\\/2026\\\/04\\\/semana-santa-coria.webp\",\"width\":1916,\"height\":1440},{\"@type\":\"BreadcrumbList\",\"@id\":\"https:\\\/\\\/coria.org\\\/ayuntamiento\\\/index.php\\\/2026\\\/04\\\/07\\\/coria-consolida-el-crecimiento-turistico-durante-la-semana-santa-2026-con-un-aumento-de-visitantes\\\/#breadcrumb\",\"itemListElement\":[{\"@type\":\"ListItem\",\"position\":1,\"name\":\"Inicio\",\"item\":\"https:\\\/\\\/coria.org\\\/ayuntamiento\\\/\"},{\"@type\":\"ListItem\",\"position\":2,\"name\":\"Coria consolida el crecimiento tur\u00edstico durante la Semana Santa 2026 con un aumento de visitantes\"}]},{\"@type\":\"WebSite\",\"@id\":\"https:\\\/\\\/coria.org\\\/ayuntamiento\\\/#website\",\"url\":\"https:\\\/\\\/coria.org\\\/ayuntamiento\\\/\",\"name\":\"Ayuntamiento de Coria\",\"description\":\"Web oficial del Ayuntamiento de Coria\",\"publisher\":{\"@id\":\"https:\\\/\\\/coria.org\\\/ayuntamiento\\\/#organization\"},\"alternateName\":\"Web Oficial del Ayuntamiento de Coria\",\"potentialAction\":[{\"@type\":\"SearchAction\",\"target\":{\"@type\":\"EntryPoint\",\"urlTemplate\":\"https:\\\/\\\/coria.org\\\/ayuntamiento\\\/?s={search_term_string}\"},\"query-input\":{\"@type\":\"PropertyValueSpecification\",\"valueRequired\":true,\"valueName\":\"search_term_string\"}}],\"inLanguage\":\"es\"},{\"@type\":\"Organization\",\"@id\":\"https:\\\/\\\/coria.org\\\/ayuntamiento\\\/#organization\",\"name\":\"Ayuntamiento de Coria\",\"alternateName\":\"Ayto de Coria\",\"url\":\"https:\\\/\\\/coria.org\\\/ayuntamiento\\\/\",\"logo\":{\"@type\":\"ImageObject\",\"inLanguage\":\"es\",\"@id\":\"https:\\\/\\\/coria.org\\\/ayuntamiento\\\/#\\\/schema\\\/logo\\\/image\\\/\",\"url\":\"https:\\\/\\\/coria.org\\\/ayuntamiento\\\/wp-content\\\/uploads\\\/2020\\\/12\\\/escudo-ayuntamiento-coria.png\",\"contentUrl\":\"https:\\\/\\\/coria.org\\\/ayuntamiento\\\/wp-content\\\/uploads\\\/2020\\\/12\\\/escudo-ayuntamiento-coria.png\",\"width\":511,\"height\":240,\"caption\":\"Ayuntamiento de Coria\"},\"image\":{\"@id\":\"https:\\\/\\\/coria.org\\\/ayuntamiento\\\/#\\\/schema\\\/logo\\\/image\\\/\"},\"sameAs\":[\"https:\\\/\\\/www.facebook.com\\\/Ayuntamiento.de.Coria\",\"https:\\\/\\\/x.com\\\/Ayto_de_Coria\",\"https:\\\/\\\/www.instagram.com\\\/coria.ayuntamiento\\\/\",\"https:\\\/\\\/www.youtube.com\\\/user\\\/AYUNTAMIENTOCORIA\"]},{\"@type\":\"Person\",\"@id\":\"https:\\\/\\\/coria.org\\\/ayuntamiento\\\/#\\\/schema\\\/person\\\/e599808bcace6131357c531f55c6b600\",\"name\":\"prensa@coria.org\",\"image\":{\"@type\":\"ImageObject\",\"inLanguage\":\"es\",\"@id\":\"https:\\\/\\\/secure.gravatar.com\\\/avatar\\\/27aedb317acfc6f08831cc400fc47b05e64be7cc19749d7a736bdf9b11b9fc8b?s=96&d=mm&r=g\",\"url\":\"https:\\\/\\\/secure.gravatar.com\\\/avatar\\\/27aedb317acfc6f08831cc400fc47b05e64be7cc19749d7a736bdf9b11b9fc8b?s=96&d=mm&r=g\",\"contentUrl\":\"https:\\\/\\\/secure.gravatar.com\\\/avatar\\\/27aedb317acfc6f08831cc400fc47b05e64be7cc19749d7a736bdf9b11b9fc8b?s=96&d=mm&r=g\",\"caption\":\"prensa@coria.org\"}}]}<\/script>\n<!-- \/ Yoast SEO plugin. -->","yoast_head_json":{"title":"Coria consolida el crecimiento tur\u00edstico durante la Semana Santa 2026 con un aumento de visitantes - Ayuntamiento de Coria","description":"La Semana Santa Cauriense ha cerrado con un balance muy positivo al registrar un total de 1.595 visitantes en la Oficina de Turismo, lo que supone un incremento de 239 personas respecto al a\u00f1o anterior y confirma la tendencia de crecimiento sostenido del destino.","robots":{"index":"index","follow":"follow","max-snippet":"max-snippet:-1","max-image-preview":"max-image-preview:large","max-video-preview":"max-video-preview:-1"},"canonical":"https:\/\/coria.org\/ayuntamiento\/index.php\/2026\/04\/07\/coria-consolida-el-crecimiento-turistico-durante-la-semana-santa-2026-con-un-aumento-de-visitantes\/","og_locale":"es_ES","og_type":"article","og_title":"Coria consolida el crecimiento tur\u00edstico durante la Semana Santa 2026 con un aumento de visitantes","og_description":"La Semana Santa Cauriense ha cerrado con un balance muy positivo al registrar un total de 1.595 visitantes en la Oficina de Turismo, lo que supone un incremento de 239 personas respecto al a\u00f1o anterior y confirma la tendencia de crecimiento sostenido del destino.","og_url":"https:\/\/coria.org\/ayuntamiento\/index.php\/2026\/04\/07\/coria-consolida-el-crecimiento-turistico-durante-la-semana-santa-2026-con-un-aumento-de-visitantes\/","og_site_name":"Ayuntamiento de Coria","article_publisher":"https:\/\/www.facebook.com\/Ayuntamiento.de.Coria","article_published_time":"2026-04-07T11:37:46+00:00","article_modified_time":"2026-04-07T11:38:08+00:00","og_image":[{"width":1916,"height":1440,"url":"https:\/\/coria.org\/ayuntamiento\/wp-content\/uploads\/2026\/04\/semana-santa-coria.webp","type":"image\/webp"}],"author":"prensa@coria.org","twitter_card":"summary_large_image","twitter_title":"Coria consolida el crecimiento tur\u00edstico durante la Semana Santa 2026 con un aumento de visitantes","twitter_description":"La Semana Santa Cauriense ha cerrado con un balance muy positivo al registrar un total de 1.595 visitantes en la Oficina de Turismo, lo que supone un incremento de 239 personas respecto al a\u00f1o anterior y confirma la tendencia de crecimiento sostenido del destino.","twitter_image":"https:\/\/coria.org\/ayuntamiento\/wp-content\/uploads\/2026\/04\/semana-santa-coria.webp","twitter_creator":"@Ayto_de_Coria","twitter_site":"@Ayto_de_Coria","twitter_misc":{"Escrito por":"prensa@coria.org","Tiempo de lectura":"3 minutos"},"schema":{"@context":"https:\/\/schema.org","@graph":[{"@type":"Article","@id":"https:\/\/coria.org\/ayuntamiento\/index.php\/2026\/04\/07\/coria-consolida-el-crecimiento-turistico-durante-la-semana-santa-2026-con-un-aumento-de-visitantes\/#article","isPartOf":{"@id":"https:\/\/coria.org\/ayuntamiento\/index.php\/2026\/04\/07\/coria-consolida-el-crecimiento-turistico-durante-la-semana-santa-2026-con-un-aumento-de-visitantes\/"},"author":{"name":"prensa@coria.org","@id":"https:\/\/coria.org\/ayuntamiento\/#\/schema\/person\/e599808bcace6131357c531f55c6b600"},"headline":"Coria consolida el crecimiento tur\u00edstico durante la Semana Santa 2026 con un aumento de visitantes","datePublished":"2026-04-07T11:37:46+00:00","dateModified":"2026-04-07T11:38:08+00:00","mainEntityOfPage":{"@id":"https:\/\/coria.org\/ayuntamiento\/index.php\/2026\/04\/07\/coria-consolida-el-crecimiento-turistico-durante-la-semana-santa-2026-con-un-aumento-de-visitantes\/"},"wordCount":564,"commentCount":0,"publisher":{"@id":"https:\/\/coria.org\/ayuntamiento\/#organization"},"image":{"@id":"https:\/\/coria.org\/ayuntamiento\/index.php\/2026\/04\/07\/coria-consolida-el-crecimiento-turistico-durante-la-semana-santa-2026-con-un-aumento-de-visitantes\/#primaryimage"},"thumbnailUrl":"https:\/\/coria.org\/ayuntamiento\/wp-content\/uploads\/2026\/04\/semana-santa-coria.webp","keywords":["semana santa","turismo"],"articleSection":["Destacado","Noticias"],"inLanguage":"es","potentialAction":[{"@type":"CommentAction","name":"Comment","target":["https:\/\/coria.org\/ayuntamiento\/index.php\/2026\/04\/07\/coria-consolida-el-crecimiento-turistico-durante-la-semana-santa-2026-con-un-aumento-de-visitantes\/#respond"]}]},{"@type":"WebPage","@id":"https:\/\/coria.org\/ayuntamiento\/index.php\/2026\/04\/07\/coria-consolida-el-crecimiento-turistico-durante-la-semana-santa-2026-con-un-aumento-de-visitantes\/","url":"https:\/\/coria.org\/ayuntamiento\/index.php\/2026\/04\/07\/coria-consolida-el-crecimiento-turistico-durante-la-semana-santa-2026-con-un-aumento-de-visitantes\/","name":"Coria consolida el crecimiento tur\u00edstico durante la Semana Santa 2026 con un aumento de visitantes - Ayuntamiento de Coria","isPartOf":{"@id":"https:\/\/coria.org\/ayuntamiento\/#website"},"primaryImageOfPage":{"@id":"https:\/\/coria.org\/ayuntamiento\/index.php\/2026\/04\/07\/coria-consolida-el-crecimiento-turistico-durante-la-semana-santa-2026-con-un-aumento-de-visitantes\/#primaryimage"},"image":{"@id":"https:\/\/coria.org\/ayuntamiento\/index.php\/2026\/04\/07\/coria-consolida-el-crecimiento-turistico-durante-la-semana-santa-2026-con-un-aumento-de-visitantes\/#primaryimage"},"thumbnailUrl":"https:\/\/coria.org\/ayuntamiento\/wp-content\/uploads\/2026\/04\/semana-santa-coria.webp","datePublished":"2026-04-07T11:37:46+00:00","dateModified":"2026-04-07T11:38:08+00:00","description":"La Semana Santa Cauriense ha cerrado con un balance muy positivo al registrar un total de 1.595 visitantes en la Oficina de Turismo, lo que supone un incremento de 239 personas respecto al a\u00f1o anterior y confirma la tendencia de crecimiento sostenido del destino.","breadcrumb":{"@id":"https:\/\/coria.org\/ayuntamiento\/index.php\/2026\/04\/07\/coria-consolida-el-crecimiento-turistico-durante-la-semana-santa-2026-con-un-aumento-de-visitantes\/#breadcrumb"},"inLanguage":"es","potentialAction":[{"@type":"ReadAction","target":["https:\/\/coria.org\/ayuntamiento\/index.php\/2026\/04\/07\/coria-consolida-el-crecimiento-turistico-durante-la-semana-santa-2026-con-un-aumento-de-visitantes\/"]}]},{"@type":"ImageObject","inLanguage":"es","@id":"https:\/\/coria.org\/ayuntamiento\/index.php\/2026\/04\/07\/coria-consolida-el-crecimiento-turistico-durante-la-semana-santa-2026-con-un-aumento-de-visitantes\/#primaryimage","url":"https:\/\/coria.org\/ayuntamiento\/wp-content\/uploads\/2026\/04\/semana-santa-coria.webp","contentUrl":"https:\/\/coria.org\/ayuntamiento\/wp-content\/uploads\/2026\/04\/semana-santa-coria.webp","width":1916,"height":1440},{"@type":"BreadcrumbList","@id":"https:\/\/coria.org\/ayuntamiento\/index.php\/2026\/04\/07\/coria-consolida-el-crecimiento-turistico-durante-la-semana-santa-2026-con-un-aumento-de-visitantes\/#breadcrumb","itemListElement":[{"@type":"ListItem","position":1,"name":"Inicio","item":"https:\/\/coria.org\/ayuntamiento\/"},{"@type":"ListItem","position":2,"name":"Coria consolida el crecimiento tur\u00edstico durante la Semana Santa 2026 con un aumento de visitantes"}]},{"@type":"WebSite","@id":"https:\/\/coria.org\/ayuntamiento\/#website","url":"https:\/\/coria.org\/ayuntamiento\/","name":"Ayuntamiento de Coria","description":"Web oficial del Ayuntamiento de Coria","publisher":{"@id":"https:\/\/coria.org\/ayuntamiento\/#organization"},"alternateName":"Web Oficial del Ayuntamiento de Coria","potentialAction":[{"@type":"SearchAction","target":{"@type":"EntryPoint","urlTemplate":"https:\/\/coria.org\/ayuntamiento\/?s={search_term_string}"},"query-input":{"@type":"PropertyValueSpecification","valueRequired":true,"valueName":"search_term_string"}}],"inLanguage":"es"},{"@type":"Organization","@id":"https:\/\/coria.org\/ayuntamiento\/#organization","name":"Ayuntamiento de Coria","alternateName":"Ayto de Coria","url":"https:\/\/coria.org\/ayuntamiento\/","logo":{"@type":"ImageObject","inLanguage":"es","@id":"https:\/\/coria.org\/ayuntamiento\/#\/schema\/logo\/image\/","url":"https:\/\/coria.org\/ayuntamiento\/wp-content\/uploads\/2020\/12\/escudo-ayuntamiento-coria.png","contentUrl":"https:\/\/coria.org\/ayuntamiento\/wp-content\/uploads\/2020\/12\/escudo-ayuntamiento-coria.png","width":511,"height":240,"caption":"Ayuntamiento de Coria"},"image":{"@id":"https:\/\/coria.org\/ayuntamiento\/#\/schema\/logo\/image\/"},"sameAs":["https:\/\/www.facebook.com\/Ayuntamiento.de.Coria","https:\/\/x.com\/Ayto_de_Coria","https:\/\/www.instagram.com\/coria.ayuntamiento\/","https:\/\/www.youtube.com\/user\/AYUNTAMIENTOCORIA"]},{"@type":"Person","@id":"https:\/\/coria.org\/ayuntamiento\/#\/schema\/person\/e599808bcace6131357c531f55c6b600","name":"prensa@coria.org","image":{"@type":"ImageObject","inLanguage":"es","@id":"https:\/\/secure.gravatar.com\/avatar\/27aedb317acfc6f08831cc400fc47b05e64be7cc19749d7a736bdf9b11b9fc8b?s=96&d=mm&r=g","url":"https:\/\/secure.gravatar.com\/avatar\/27aedb317acfc6f08831cc400fc47b05e64be7cc19749d7a736bdf9b11b9fc8b?s=96&d=mm&r=g","contentUrl":"https:\/\/secure.gravatar.com\/avatar\/27aedb317acfc6f08831cc400fc47b05e64be7cc19749d7a736bdf9b11b9fc8b?s=96&d=mm&r=g","caption":"prensa@coria.org"}}]}},"uagb_featured_image_src":{"full":["https:\/\/coria.org\/ayuntamiento\/wp-content\/uploads\/2026\/04\/semana-santa-coria.webp",1916,1440,false],"thumbnail":["https:\/\/coria.org\/ayuntamiento\/wp-content\/uploads\/2026\/04\/semana-santa-coria-150x150.webp",150,150,true],"medium":["https:\/\/coria.org\/ayuntamiento\/wp-content\/uploads\/2026\/04\/semana-santa-coria.webp",1916,1440,false],"medium_large":["https:\/\/coria.org\/ayuntamiento\/wp-content\/uploads\/2026\/04\/semana-santa-coria-768x577.webp",768,577,true],"large":["https:\/\/coria.org\/ayuntamiento\/wp-content\/uploads\/2026\/04\/semana-santa-coria.webp",1916,1440,false],"thumblist":["https:\/\/coria.org\/ayuntamiento\/wp-content\/uploads\/2026\/04\/semana-santa-coria-300x300.webp",300,300,true],"thumbrelated":["https:\/\/coria.org\/ayuntamiento\/wp-content\/uploads\/2026\/04\/semana-santa-coria-500x500.webp",500,500,true],"meccarouselthumb":["https:\/\/coria.org\/ayuntamiento\/wp-content\/uploads\/2026\/04\/semana-santa-coria-474x324.webp",474,324,true],"gridsquare":["https:\/\/coria.org\/ayuntamiento\/wp-content\/uploads\/2026\/04\/semana-santa-coria-391x260.webp",391,260,true],"tileview":["https:\/\/coria.org\/ayuntamiento\/wp-content\/uploads\/2026\/04\/semana-santa-coria-300x400.webp",300,400,true],"1536x1536":["https:\/\/coria.org\/ayuntamiento\/wp-content\/uploads\/2026\/04\/semana-santa-coria-1536x1154.webp",1536,1154,true],"2048x2048":["https:\/\/coria.org\/ayuntamiento\/wp-content\/uploads\/2026\/04\/semana-santa-coria.webp",1916,1440,false]},"uagb_author_info":{"display_name":"prensa@coria.org","author_link":"https:\/\/coria.org\/ayuntamiento\/index.php\/author\/prensacoria-org\/"},"uagb_comment_info":0,"uagb_excerpt":"La Semana Santa Cauriense ha cerrado con un balance muy positivo al registrar un total de 1.595 visitantes en la Oficina de Turismo, lo que supone un incremento de 239 personas respecto al a\u00f1o anterior y confirma la tendencia de crecimiento sostenido del destino. Desde la Oficina de Turismo afirman que, la mayor afluencia se&hellip;","_links":{"self":[{"href":"https:\/\/coria.org\/ayuntamiento\/index.php\/wp-json\/wp\/v2\/posts\/66382","targetHints":{"allow":["GET"]}}],"collection":[{"href":"https:\/\/coria.org\/ayuntamiento\/index.php\/wp-json\/wp\/v2\/posts"}],"about":[{"href":"https:\/\/coria.org\/ayuntamiento\/index.php\/wp-json\/wp\/v2\/types\/post"}],"author":[{"embeddable":true,"href":"https:\/\/coria.org\/ayuntamiento\/index.php\/wp-json\/wp\/v2\/users\/3"}],"replies":[{"embeddable":true,"href":"https:\/\/coria.org\/ayuntamiento\/index.php\/wp-json\/wp\/v2\/comments?post=66382"}],"version-history":[{"count":1,"href":"https:\/\/coria.org\/ayuntamiento\/index.php\/wp-json\/wp\/v2\/posts\/66382\/revisions"}],"predecessor-version":[{"id":66384,"href":"https:\/\/coria.org\/ayuntamiento\/index.php\/wp-json\/wp\/v2\/posts\/66382\/revisions\/66384"}],"wp:featuredmedia":[{"embeddable":true,"href":"https:\/\/coria.org\/ayuntamiento\/index.php\/wp-json\/wp\/v2\/media\/66383"}],"wp:attachment":[{"href":"https:\/\/coria.org\/ayuntamiento\/index.php\/wp-json\/wp\/v2\/media?parent=66382"}],"wp:term":[{"taxonomy":"category","embeddable":true,"href":"https:\/\/coria.org\/ayuntamiento\/index.php\/wp-json\/wp\/v2\/categories?post=66382"},{"taxonomy":"post_tag","embeddable":true,"href":"https:\/\/coria.org\/ayuntamiento\/index.php\/wp-json\/wp\/v2\/tags?post=66382"}],"curies":[{"name":"wp","href":"https:\/\/api.w.org\/{rel}","templated":true}]}}