{"id":66369,"date":"2026-04-06T13:54:58","date_gmt":"2026-04-06T11:54:58","guid":{"rendered":"https:\/\/coria.org\/ayuntamiento\/?p=66369"},"modified":"2026-04-06T13:55:19","modified_gmt":"2026-04-06T11:55:19","slug":"el-ayuntamiento-mejora-la-accesibilidad-con-el-avance-de-las-obras-en-las-calles-garcia-de-galarza-y-calzadilla","status":"publish","type":"post","link":"https:\/\/coria.org\/ayuntamiento\/index.php\/2026\/04\/06\/el-ayuntamiento-mejora-la-accesibilidad-con-el-avance-de-las-obras-en-las-calles-garcia-de-galarza-y-calzadilla\/","title":{"rendered":"El Ayuntamiento mejora la accesibilidad con el avance de las obras en las calles Garc\u00eda de Galarza y Calzadilla"},"content":{"rendered":"\n<p>El Ayuntamiento de Coria contin\u00faa avanzando en las obras de reforma del acerado de la calle Garc\u00eda de Galarza, unos trabajos que ya se encuentran en marcha y progresan de forma favorable dentro del proyecto de pavimentaci\u00f3n de v\u00edas p\u00fablicas del municipio.<\/p>\n\n\n<figure class=\"wp-block-post-featured-image\"><img loading=\"lazy\" decoding=\"async\" width=\"1912\" height=\"1440\" src=\"https:\/\/coria.org\/ayuntamiento\/wp-content\/uploads\/2026\/04\/avance-obras-26.webp\" class=\"attachment-post-thumbnail size-post-thumbnail wp-post-image\" alt=\"\" style=\"object-fit:cover;\" srcset=\"https:\/\/coria.org\/ayuntamiento\/wp-content\/uploads\/2026\/04\/avance-obras-26.webp 1912w, https:\/\/coria.org\/ayuntamiento\/wp-content\/uploads\/2026\/04\/avance-obras-26-768x578.webp 768w, https:\/\/coria.org\/ayuntamiento\/wp-content\/uploads\/2026\/04\/avance-obras-26-1536x1157.webp 1536w\" sizes=\"auto, (max-width: 1912px) 100vw, 1912px\" \/><\/figure>\n\n\n<p>Una actuaci\u00f3n que est\u00e1 permitiendo dar respuesta a una necesidad evidente, ya que el acerado presentaba un notable deterioro debido al paso del tiempo, al elevado tr\u00e1nsito peatonal y de veh\u00edculos y a su reducido ancho.<\/p>\n\n\n\n<p>La intervenci\u00f3n contempla la renovaci\u00f3n integral del acerado para su conversi\u00f3n en plataforma \u00fanica, manteniendo el sentido \u00fanico de circulaci\u00f3n de veh\u00edculos. La calle contar\u00e1 con una banda continua de calzada de tres metros de ancho, quedando ambos laterales destinados al paso peatonal, todo ello al mismo nivel para garantizar la accesibilidad universal.<\/p>\n\n\n\n<p>Asimismo, al inicio de la calle, en su sentido de entrada de veh\u00edculos, se instalar\u00e1 una se\u00f1al de acceso a zona residencial, otorgando prioridad a los itinerarios peatonales. Para favorecer la reducci\u00f3n de la velocidad, se ejecutan bandas de adoqu\u00edn con una inclinaci\u00f3n del 10 % en distintos puntos de la v\u00eda. El proyecto tambi\u00e9n contempla la eliminaci\u00f3n de los aparcamientos existentes, al no disponer la calle del ancho suficiente para compatibilizar circulaci\u00f3n y estacionamiento, as\u00ed como la colocaci\u00f3n de franjas de pavimento direccional en los cruces, destinadas a mejorar la accesibilidad de las personas con discapacidad visual.<\/p>\n\n\n\n<p>La calle Garc\u00eda de Galarza es la principal v\u00eda de acceso al barrio de Moscoso y, en la actualidad, contaba con dos acerados estrechos en sus extremos y un carril asfaltado de sentido \u00fanico. Con esta actuaci\u00f3n se est\u00e1 adaptando la v\u00eda a la normativa vigente en materia de accesibilidad y mejorando la convivencia entre peatones y veh\u00edculos.<\/p>\n\n\n\n<p>La obra cuenta con un presupuesto de 121.815,47 euros y est\u00e1 siendo ejecutada por la empresa Andiajoa S.L..<\/p>\n\n\n\n<p>Para minimizar las molestias, se recomienda a los conductores utilizar como v\u00edas alternativas las calles Juan P\u00e9rez de Coria, Trujillo, Obispo Bonifacio y Bernardino de Coria.<\/p>\n\n\n\n<p>Adem\u00e1s, dentro de este mismo compromiso con la mejora de la accesibilidad urbana, el Ayuntamiento est\u00e1 acometiendo tambi\u00e9n obras de renovaci\u00f3n del acerado en la calle Calzadilla, situada tambi\u00e9n en el barrio de Moscoso, reforzando as\u00ed las actuaciones en esta zona de la ciudad.<\/p>\n\n\n\n<p>Desde el Ayuntamiento de Coria y la Polic\u00eda Local se agradece la colaboraci\u00f3n ciudadana y se ruega respetar la se\u00f1alizaci\u00f3n provisional y circular con precauci\u00f3n durante el transcurso de los trabajos.<\/p>\n","protected":false},"excerpt":{"rendered":"<p>El Ayuntamiento de Coria contin\u00faa avanzando en las obras de reforma del acerado de la calle Garc\u00eda de Galarza, unos trabajos que ya se encuentran en marcha y progresan de forma favorable dentro del proyecto de pavimentaci\u00f3n de v\u00edas p\u00fablicas del municipio. Una actuaci\u00f3n que est\u00e1 permitiendo dar respuesta a una necesidad evidente, ya que [&hellip;]<\/p>\n","protected":false},"author":3,"featured_media":66370,"comment_status":"closed","ping_status":"closed","sticky":false,"template":"","format":"standard","meta":{"_uag_custom_page_level_css":"","footnotes":""},"categories":[9,2],"tags":[883],"class_list":["post-66369","post","type-post","status-publish","format-standard","has-post-thumbnail","hentry","category-destacado","category-noticias","tag-obras"],"yoast_head":"<!-- This site is optimized with the Yoast SEO plugin v27.5 - https:\/\/yoast.com\/product\/yoast-seo-wordpress\/ -->\n<title>El Ayuntamiento mejora la accesibilidad con el avance de las obras en las calles Garc\u00eda de Galarza y Calzadilla - Ayuntamiento de Coria<\/title>\n<meta name=\"description\" content=\"El Ayuntamiento de Coria contin\u00faa avanzando en las obras de reforma del acerado de la calle Garc\u00eda de Galarza, unos trabajos que ya se encuentran en marcha y progresan de forma favorable dentro del proyecto de pavimentaci\u00f3n de v\u00edas p\u00fablicas del municipio.\" \/>\n<meta name=\"robots\" content=\"index, follow, max-snippet:-1, max-image-preview:large, max-video-preview:-1\" \/>\n<link rel=\"canonical\" href=\"https:\/\/coria.org\/ayuntamiento\/index.php\/2026\/04\/06\/el-ayuntamiento-mejora-la-accesibilidad-con-el-avance-de-las-obras-en-las-calles-garcia-de-galarza-y-calzadilla\/\" \/>\n<meta property=\"og:locale\" content=\"es_ES\" \/>\n<meta property=\"og:type\" content=\"article\" \/>\n<meta property=\"og:title\" content=\"El Ayuntamiento mejora la accesibilidad con el avance de las obras en las calles Garc\u00eda de Galarza y Calzadilla\" \/>\n<meta property=\"og:description\" content=\"El Ayuntamiento de Coria contin\u00faa avanzando en las obras de reforma del acerado de la calle Garc\u00eda de Galarza, unos trabajos que ya se encuentran en marcha y progresan de forma favorable dentro del proyecto de pavimentaci\u00f3n de v\u00edas p\u00fablicas del municipio.\" \/>\n<meta property=\"og:url\" content=\"https:\/\/coria.org\/ayuntamiento\/index.php\/2026\/04\/06\/el-ayuntamiento-mejora-la-accesibilidad-con-el-avance-de-las-obras-en-las-calles-garcia-de-galarza-y-calzadilla\/\" \/>\n<meta property=\"og:site_name\" content=\"Ayuntamiento de Coria\" \/>\n<meta property=\"article:publisher\" content=\"https:\/\/www.facebook.com\/Ayuntamiento.de.Coria\" \/>\n<meta property=\"article:published_time\" content=\"2026-04-06T11:54:58+00:00\" \/>\n<meta property=\"article:modified_time\" content=\"2026-04-06T11:55:19+00:00\" \/>\n<meta property=\"og:image\" content=\"https:\/\/coria.org\/ayuntamiento\/wp-content\/uploads\/2026\/04\/avance-obras-26.webp\" \/>\n\t<meta property=\"og:image:width\" content=\"1912\" \/>\n\t<meta property=\"og:image:height\" content=\"1440\" \/>\n\t<meta property=\"og:image:type\" content=\"image\/webp\" \/>\n<meta name=\"author\" content=\"prensa@coria.org\" \/>\n<meta name=\"twitter:card\" content=\"summary_large_image\" \/>\n<meta name=\"twitter:title\" content=\"El Ayuntamiento mejora la accesibilidad con el avance de las obras en las calles Garc\u00eda de Galarza y Calzadilla\" \/>\n<meta name=\"twitter:description\" content=\"El Ayuntamiento de Coria contin\u00faa avanzando en las obras de reforma del acerado de la calle Garc\u00eda de Galarza, unos trabajos que ya se encuentran en marcha y progresan de forma favorable dentro del proyecto de pavimentaci\u00f3n de v\u00edas p\u00fablicas del municipio.\" \/>\n<meta name=\"twitter:image\" content=\"https:\/\/coria.org\/ayuntamiento\/wp-content\/uploads\/2026\/04\/avance-obras-26.webp\" \/>\n<meta name=\"twitter:creator\" content=\"@Ayto_de_Coria\" \/>\n<meta name=\"twitter:site\" content=\"@Ayto_de_Coria\" \/>\n<meta name=\"twitter:label1\" content=\"Escrito por\" \/>\n\t<meta name=\"twitter:data1\" content=\"prensa@coria.org\" \/>\n\t<meta name=\"twitter:label2\" content=\"Tiempo de lectura\" \/>\n\t<meta name=\"twitter:data2\" content=\"3 minutos\" \/>\n<script type=\"application\/ld+json\" class=\"yoast-schema-graph\">{\"@context\":\"https:\\\/\\\/schema.org\",\"@graph\":[{\"@type\":\"Article\",\"@id\":\"https:\\\/\\\/coria.org\\\/ayuntamiento\\\/index.php\\\/2026\\\/04\\\/06\\\/el-ayuntamiento-mejora-la-accesibilidad-con-el-avance-de-las-obras-en-las-calles-garcia-de-galarza-y-calzadilla\\\/#article\",\"isPartOf\":{\"@id\":\"https:\\\/\\\/coria.org\\\/ayuntamiento\\\/index.php\\\/2026\\\/04\\\/06\\\/el-ayuntamiento-mejora-la-accesibilidad-con-el-avance-de-las-obras-en-las-calles-garcia-de-galarza-y-calzadilla\\\/\"},\"author\":{\"name\":\"prensa@coria.org\",\"@id\":\"https:\\\/\\\/coria.org\\\/ayuntamiento\\\/#\\\/schema\\\/person\\\/e599808bcace6131357c531f55c6b600\"},\"headline\":\"El Ayuntamiento mejora la accesibilidad con el avance de las obras en las calles Garc\u00eda de Galarza y Calzadilla\",\"datePublished\":\"2026-04-06T11:54:58+00:00\",\"dateModified\":\"2026-04-06T11:55:19+00:00\",\"mainEntityOfPage\":{\"@id\":\"https:\\\/\\\/coria.org\\\/ayuntamiento\\\/index.php\\\/2026\\\/04\\\/06\\\/el-ayuntamiento-mejora-la-accesibilidad-con-el-avance-de-las-obras-en-las-calles-garcia-de-galarza-y-calzadilla\\\/\"},\"wordCount\":463,\"publisher\":{\"@id\":\"https:\\\/\\\/coria.org\\\/ayuntamiento\\\/#organization\"},\"image\":{\"@id\":\"https:\\\/\\\/coria.org\\\/ayuntamiento\\\/index.php\\\/2026\\\/04\\\/06\\\/el-ayuntamiento-mejora-la-accesibilidad-con-el-avance-de-las-obras-en-las-calles-garcia-de-galarza-y-calzadilla\\\/#primaryimage\"},\"thumbnailUrl\":\"https:\\\/\\\/coria.org\\\/ayuntamiento\\\/wp-content\\\/uploads\\\/2026\\\/04\\\/avance-obras-26.webp\",\"keywords\":[\"obras\"],\"articleSection\":[\"Destacado\",\"Noticias\"],\"inLanguage\":\"es\"},{\"@type\":\"WebPage\",\"@id\":\"https:\\\/\\\/coria.org\\\/ayuntamiento\\\/index.php\\\/2026\\\/04\\\/06\\\/el-ayuntamiento-mejora-la-accesibilidad-con-el-avance-de-las-obras-en-las-calles-garcia-de-galarza-y-calzadilla\\\/\",\"url\":\"https:\\\/\\\/coria.org\\\/ayuntamiento\\\/index.php\\\/2026\\\/04\\\/06\\\/el-ayuntamiento-mejora-la-accesibilidad-con-el-avance-de-las-obras-en-las-calles-garcia-de-galarza-y-calzadilla\\\/\",\"name\":\"El Ayuntamiento mejora la accesibilidad con el avance de las obras en las calles Garc\u00eda de Galarza y Calzadilla - Ayuntamiento de Coria\",\"isPartOf\":{\"@id\":\"https:\\\/\\\/coria.org\\\/ayuntamiento\\\/#website\"},\"primaryImageOfPage\":{\"@id\":\"https:\\\/\\\/coria.org\\\/ayuntamiento\\\/index.php\\\/2026\\\/04\\\/06\\\/el-ayuntamiento-mejora-la-accesibilidad-con-el-avance-de-las-obras-en-las-calles-garcia-de-galarza-y-calzadilla\\\/#primaryimage\"},\"image\":{\"@id\":\"https:\\\/\\\/coria.org\\\/ayuntamiento\\\/index.php\\\/2026\\\/04\\\/06\\\/el-ayuntamiento-mejora-la-accesibilidad-con-el-avance-de-las-obras-en-las-calles-garcia-de-galarza-y-calzadilla\\\/#primaryimage\"},\"thumbnailUrl\":\"https:\\\/\\\/coria.org\\\/ayuntamiento\\\/wp-content\\\/uploads\\\/2026\\\/04\\\/avance-obras-26.webp\",\"datePublished\":\"2026-04-06T11:54:58+00:00\",\"dateModified\":\"2026-04-06T11:55:19+00:00\",\"description\":\"El Ayuntamiento de Coria contin\u00faa avanzando en las obras de reforma del acerado de la calle Garc\u00eda de Galarza, unos trabajos que ya se encuentran en marcha y progresan de forma favorable dentro del proyecto de pavimentaci\u00f3n de v\u00edas p\u00fablicas del municipio.\",\"breadcrumb\":{\"@id\":\"https:\\\/\\\/coria.org\\\/ayuntamiento\\\/index.php\\\/2026\\\/04\\\/06\\\/el-ayuntamiento-mejora-la-accesibilidad-con-el-avance-de-las-obras-en-las-calles-garcia-de-galarza-y-calzadilla\\\/#breadcrumb\"},\"inLanguage\":\"es\",\"potentialAction\":[{\"@type\":\"ReadAction\",\"target\":[\"https:\\\/\\\/coria.org\\\/ayuntamiento\\\/index.php\\\/2026\\\/04\\\/06\\\/el-ayuntamiento-mejora-la-accesibilidad-con-el-avance-de-las-obras-en-las-calles-garcia-de-galarza-y-calzadilla\\\/\"]}]},{\"@type\":\"ImageObject\",\"inLanguage\":\"es\",\"@id\":\"https:\\\/\\\/coria.org\\\/ayuntamiento\\\/index.php\\\/2026\\\/04\\\/06\\\/el-ayuntamiento-mejora-la-accesibilidad-con-el-avance-de-las-obras-en-las-calles-garcia-de-galarza-y-calzadilla\\\/#primaryimage\",\"url\":\"https:\\\/\\\/coria.org\\\/ayuntamiento\\\/wp-content\\\/uploads\\\/2026\\\/04\\\/avance-obras-26.webp\",\"contentUrl\":\"https:\\\/\\\/coria.org\\\/ayuntamiento\\\/wp-content\\\/uploads\\\/2026\\\/04\\\/avance-obras-26.webp\",\"width\":1912,\"height\":1440},{\"@type\":\"BreadcrumbList\",\"@id\":\"https:\\\/\\\/coria.org\\\/ayuntamiento\\\/index.php\\\/2026\\\/04\\\/06\\\/el-ayuntamiento-mejora-la-accesibilidad-con-el-avance-de-las-obras-en-las-calles-garcia-de-galarza-y-calzadilla\\\/#breadcrumb\",\"itemListElement\":[{\"@type\":\"ListItem\",\"position\":1,\"name\":\"Inicio\",\"item\":\"https:\\\/\\\/coria.org\\\/ayuntamiento\\\/\"},{\"@type\":\"ListItem\",\"position\":2,\"name\":\"El Ayuntamiento mejora la accesibilidad con el avance de las obras en las calles Garc\u00eda de Galarza y Calzadilla\"}]},{\"@type\":\"WebSite\",\"@id\":\"https:\\\/\\\/coria.org\\\/ayuntamiento\\\/#website\",\"url\":\"https:\\\/\\\/coria.org\\\/ayuntamiento\\\/\",\"name\":\"Ayuntamiento de Coria\",\"description\":\"Web oficial del Ayuntamiento de Coria\",\"publisher\":{\"@id\":\"https:\\\/\\\/coria.org\\\/ayuntamiento\\\/#organization\"},\"alternateName\":\"Web Oficial del Ayuntamiento de Coria\",\"potentialAction\":[{\"@type\":\"SearchAction\",\"target\":{\"@type\":\"EntryPoint\",\"urlTemplate\":\"https:\\\/\\\/coria.org\\\/ayuntamiento\\\/?s={search_term_string}\"},\"query-input\":{\"@type\":\"PropertyValueSpecification\",\"valueRequired\":true,\"valueName\":\"search_term_string\"}}],\"inLanguage\":\"es\"},{\"@type\":\"Organization\",\"@id\":\"https:\\\/\\\/coria.org\\\/ayuntamiento\\\/#organization\",\"name\":\"Ayuntamiento de Coria\",\"alternateName\":\"Ayto de Coria\",\"url\":\"https:\\\/\\\/coria.org\\\/ayuntamiento\\\/\",\"logo\":{\"@type\":\"ImageObject\",\"inLanguage\":\"es\",\"@id\":\"https:\\\/\\\/coria.org\\\/ayuntamiento\\\/#\\\/schema\\\/logo\\\/image\\\/\",\"url\":\"https:\\\/\\\/coria.org\\\/ayuntamiento\\\/wp-content\\\/uploads\\\/2020\\\/12\\\/escudo-ayuntamiento-coria.png\",\"contentUrl\":\"https:\\\/\\\/coria.org\\\/ayuntamiento\\\/wp-content\\\/uploads\\\/2020\\\/12\\\/escudo-ayuntamiento-coria.png\",\"width\":511,\"height\":240,\"caption\":\"Ayuntamiento de Coria\"},\"image\":{\"@id\":\"https:\\\/\\\/coria.org\\\/ayuntamiento\\\/#\\\/schema\\\/logo\\\/image\\\/\"},\"sameAs\":[\"https:\\\/\\\/www.facebook.com\\\/Ayuntamiento.de.Coria\",\"https:\\\/\\\/x.com\\\/Ayto_de_Coria\",\"https:\\\/\\\/www.instagram.com\\\/coria.ayuntamiento\\\/\",\"https:\\\/\\\/www.youtube.com\\\/user\\\/AYUNTAMIENTOCORIA\"]},{\"@type\":\"Person\",\"@id\":\"https:\\\/\\\/coria.org\\\/ayuntamiento\\\/#\\\/schema\\\/person\\\/e599808bcace6131357c531f55c6b600\",\"name\":\"prensa@coria.org\",\"image\":{\"@type\":\"ImageObject\",\"inLanguage\":\"es\",\"@id\":\"https:\\\/\\\/secure.gravatar.com\\\/avatar\\\/27aedb317acfc6f08831cc400fc47b05e64be7cc19749d7a736bdf9b11b9fc8b?s=96&d=mm&r=g\",\"url\":\"https:\\\/\\\/secure.gravatar.com\\\/avatar\\\/27aedb317acfc6f08831cc400fc47b05e64be7cc19749d7a736bdf9b11b9fc8b?s=96&d=mm&r=g\",\"contentUrl\":\"https:\\\/\\\/secure.gravatar.com\\\/avatar\\\/27aedb317acfc6f08831cc400fc47b05e64be7cc19749d7a736bdf9b11b9fc8b?s=96&d=mm&r=g\",\"caption\":\"prensa@coria.org\"}}]}<\/script>\n<!-- \/ Yoast SEO plugin. -->","yoast_head_json":{"title":"El Ayuntamiento mejora la accesibilidad con el avance de las obras en las calles Garc\u00eda de Galarza y Calzadilla - Ayuntamiento de Coria","description":"El Ayuntamiento de Coria contin\u00faa avanzando en las obras de reforma del acerado de la calle Garc\u00eda de Galarza, unos trabajos que ya se encuentran en marcha y progresan de forma favorable dentro del proyecto de pavimentaci\u00f3n de v\u00edas p\u00fablicas del municipio.","robots":{"index":"index","follow":"follow","max-snippet":"max-snippet:-1","max-image-preview":"max-image-preview:large","max-video-preview":"max-video-preview:-1"},"canonical":"https:\/\/coria.org\/ayuntamiento\/index.php\/2026\/04\/06\/el-ayuntamiento-mejora-la-accesibilidad-con-el-avance-de-las-obras-en-las-calles-garcia-de-galarza-y-calzadilla\/","og_locale":"es_ES","og_type":"article","og_title":"El Ayuntamiento mejora la accesibilidad con el avance de las obras en las calles Garc\u00eda de Galarza y Calzadilla","og_description":"El Ayuntamiento de Coria contin\u00faa avanzando en las obras de reforma del acerado de la calle Garc\u00eda de Galarza, unos trabajos que ya se encuentran en marcha y progresan de forma favorable dentro del proyecto de pavimentaci\u00f3n de v\u00edas p\u00fablicas del municipio.","og_url":"https:\/\/coria.org\/ayuntamiento\/index.php\/2026\/04\/06\/el-ayuntamiento-mejora-la-accesibilidad-con-el-avance-de-las-obras-en-las-calles-garcia-de-galarza-y-calzadilla\/","og_site_name":"Ayuntamiento de Coria","article_publisher":"https:\/\/www.facebook.com\/Ayuntamiento.de.Coria","article_published_time":"2026-04-06T11:54:58+00:00","article_modified_time":"2026-04-06T11:55:19+00:00","og_image":[{"width":1912,"height":1440,"url":"https:\/\/coria.org\/ayuntamiento\/wp-content\/uploads\/2026\/04\/avance-obras-26.webp","type":"image\/webp"}],"author":"prensa@coria.org","twitter_card":"summary_large_image","twitter_title":"El Ayuntamiento mejora la accesibilidad con el avance de las obras en las calles Garc\u00eda de Galarza y Calzadilla","twitter_description":"El Ayuntamiento de Coria contin\u00faa avanzando en las obras de reforma del acerado de la calle Garc\u00eda de Galarza, unos trabajos que ya se encuentran en marcha y progresan de forma favorable dentro del proyecto de pavimentaci\u00f3n de v\u00edas p\u00fablicas del municipio.","twitter_image":"https:\/\/coria.org\/ayuntamiento\/wp-content\/uploads\/2026\/04\/avance-obras-26.webp","twitter_creator":"@Ayto_de_Coria","twitter_site":"@Ayto_de_Coria","twitter_misc":{"Escrito por":"prensa@coria.org","Tiempo de lectura":"3 minutos"},"schema":{"@context":"https:\/\/schema.org","@graph":[{"@type":"Article","@id":"https:\/\/coria.org\/ayuntamiento\/index.php\/2026\/04\/06\/el-ayuntamiento-mejora-la-accesibilidad-con-el-avance-de-las-obras-en-las-calles-garcia-de-galarza-y-calzadilla\/#article","isPartOf":{"@id":"https:\/\/coria.org\/ayuntamiento\/index.php\/2026\/04\/06\/el-ayuntamiento-mejora-la-accesibilidad-con-el-avance-de-las-obras-en-las-calles-garcia-de-galarza-y-calzadilla\/"},"author":{"name":"prensa@coria.org","@id":"https:\/\/coria.org\/ayuntamiento\/#\/schema\/person\/e599808bcace6131357c531f55c6b600"},"headline":"El Ayuntamiento mejora la accesibilidad con el avance de las obras en las calles Garc\u00eda de Galarza y Calzadilla","datePublished":"2026-04-06T11:54:58+00:00","dateModified":"2026-04-06T11:55:19+00:00","mainEntityOfPage":{"@id":"https:\/\/coria.org\/ayuntamiento\/index.php\/2026\/04\/06\/el-ayuntamiento-mejora-la-accesibilidad-con-el-avance-de-las-obras-en-las-calles-garcia-de-galarza-y-calzadilla\/"},"wordCount":463,"publisher":{"@id":"https:\/\/coria.org\/ayuntamiento\/#organization"},"image":{"@id":"https:\/\/coria.org\/ayuntamiento\/index.php\/2026\/04\/06\/el-ayuntamiento-mejora-la-accesibilidad-con-el-avance-de-las-obras-en-las-calles-garcia-de-galarza-y-calzadilla\/#primaryimage"},"thumbnailUrl":"https:\/\/coria.org\/ayuntamiento\/wp-content\/uploads\/2026\/04\/avance-obras-26.webp","keywords":["obras"],"articleSection":["Destacado","Noticias"],"inLanguage":"es"},{"@type":"WebPage","@id":"https:\/\/coria.org\/ayuntamiento\/index.php\/2026\/04\/06\/el-ayuntamiento-mejora-la-accesibilidad-con-el-avance-de-las-obras-en-las-calles-garcia-de-galarza-y-calzadilla\/","url":"https:\/\/coria.org\/ayuntamiento\/index.php\/2026\/04\/06\/el-ayuntamiento-mejora-la-accesibilidad-con-el-avance-de-las-obras-en-las-calles-garcia-de-galarza-y-calzadilla\/","name":"El Ayuntamiento mejora la accesibilidad con el avance de las obras en las calles Garc\u00eda de Galarza y Calzadilla - Ayuntamiento de Coria","isPartOf":{"@id":"https:\/\/coria.org\/ayuntamiento\/#website"},"primaryImageOfPage":{"@id":"https:\/\/coria.org\/ayuntamiento\/index.php\/2026\/04\/06\/el-ayuntamiento-mejora-la-accesibilidad-con-el-avance-de-las-obras-en-las-calles-garcia-de-galarza-y-calzadilla\/#primaryimage"},"image":{"@id":"https:\/\/coria.org\/ayuntamiento\/index.php\/2026\/04\/06\/el-ayuntamiento-mejora-la-accesibilidad-con-el-avance-de-las-obras-en-las-calles-garcia-de-galarza-y-calzadilla\/#primaryimage"},"thumbnailUrl":"https:\/\/coria.org\/ayuntamiento\/wp-content\/uploads\/2026\/04\/avance-obras-26.webp","datePublished":"2026-04-06T11:54:58+00:00","dateModified":"2026-04-06T11:55:19+00:00","description":"El Ayuntamiento de Coria contin\u00faa avanzando en las obras de reforma del acerado de la calle Garc\u00eda de Galarza, unos trabajos que ya se encuentran en marcha y progresan de forma favorable dentro del proyecto de pavimentaci\u00f3n de v\u00edas p\u00fablicas del municipio.","breadcrumb":{"@id":"https:\/\/coria.org\/ayuntamiento\/index.php\/2026\/04\/06\/el-ayuntamiento-mejora-la-accesibilidad-con-el-avance-de-las-obras-en-las-calles-garcia-de-galarza-y-calzadilla\/#breadcrumb"},"inLanguage":"es","potentialAction":[{"@type":"ReadAction","target":["https:\/\/coria.org\/ayuntamiento\/index.php\/2026\/04\/06\/el-ayuntamiento-mejora-la-accesibilidad-con-el-avance-de-las-obras-en-las-calles-garcia-de-galarza-y-calzadilla\/"]}]},{"@type":"ImageObject","inLanguage":"es","@id":"https:\/\/coria.org\/ayuntamiento\/index.php\/2026\/04\/06\/el-ayuntamiento-mejora-la-accesibilidad-con-el-avance-de-las-obras-en-las-calles-garcia-de-galarza-y-calzadilla\/#primaryimage","url":"https:\/\/coria.org\/ayuntamiento\/wp-content\/uploads\/2026\/04\/avance-obras-26.webp","contentUrl":"https:\/\/coria.org\/ayuntamiento\/wp-content\/uploads\/2026\/04\/avance-obras-26.webp","width":1912,"height":1440},{"@type":"BreadcrumbList","@id":"https:\/\/coria.org\/ayuntamiento\/index.php\/2026\/04\/06\/el-ayuntamiento-mejora-la-accesibilidad-con-el-avance-de-las-obras-en-las-calles-garcia-de-galarza-y-calzadilla\/#breadcrumb","itemListElement":[{"@type":"ListItem","position":1,"name":"Inicio","item":"https:\/\/coria.org\/ayuntamiento\/"},{"@type":"ListItem","position":2,"name":"El Ayuntamiento mejora la accesibilidad con el avance de las obras en las calles Garc\u00eda de Galarza y Calzadilla"}]},{"@type":"WebSite","@id":"https:\/\/coria.org\/ayuntamiento\/#website","url":"https:\/\/coria.org\/ayuntamiento\/","name":"Ayuntamiento de Coria","description":"Web oficial del Ayuntamiento de Coria","publisher":{"@id":"https:\/\/coria.org\/ayuntamiento\/#organization"},"alternateName":"Web Oficial del Ayuntamiento de Coria","potentialAction":[{"@type":"SearchAction","target":{"@type":"EntryPoint","urlTemplate":"https:\/\/coria.org\/ayuntamiento\/?s={search_term_string}"},"query-input":{"@type":"PropertyValueSpecification","valueRequired":true,"valueName":"search_term_string"}}],"inLanguage":"es"},{"@type":"Organization","@id":"https:\/\/coria.org\/ayuntamiento\/#organization","name":"Ayuntamiento de Coria","alternateName":"Ayto de Coria","url":"https:\/\/coria.org\/ayuntamiento\/","logo":{"@type":"ImageObject","inLanguage":"es","@id":"https:\/\/coria.org\/ayuntamiento\/#\/schema\/logo\/image\/","url":"https:\/\/coria.org\/ayuntamiento\/wp-content\/uploads\/2020\/12\/escudo-ayuntamiento-coria.png","contentUrl":"https:\/\/coria.org\/ayuntamiento\/wp-content\/uploads\/2020\/12\/escudo-ayuntamiento-coria.png","width":511,"height":240,"caption":"Ayuntamiento de Coria"},"image":{"@id":"https:\/\/coria.org\/ayuntamiento\/#\/schema\/logo\/image\/"},"sameAs":["https:\/\/www.facebook.com\/Ayuntamiento.de.Coria","https:\/\/x.com\/Ayto_de_Coria","https:\/\/www.instagram.com\/coria.ayuntamiento\/","https:\/\/www.youtube.com\/user\/AYUNTAMIENTOCORIA"]},{"@type":"Person","@id":"https:\/\/coria.org\/ayuntamiento\/#\/schema\/person\/e599808bcace6131357c531f55c6b600","name":"prensa@coria.org","image":{"@type":"ImageObject","inLanguage":"es","@id":"https:\/\/secure.gravatar.com\/avatar\/27aedb317acfc6f08831cc400fc47b05e64be7cc19749d7a736bdf9b11b9fc8b?s=96&d=mm&r=g","url":"https:\/\/secure.gravatar.com\/avatar\/27aedb317acfc6f08831cc400fc47b05e64be7cc19749d7a736bdf9b11b9fc8b?s=96&d=mm&r=g","contentUrl":"https:\/\/secure.gravatar.com\/avatar\/27aedb317acfc6f08831cc400fc47b05e64be7cc19749d7a736bdf9b11b9fc8b?s=96&d=mm&r=g","caption":"prensa@coria.org"}}]}},"uagb_featured_image_src":{"full":["https:\/\/coria.org\/ayuntamiento\/wp-content\/uploads\/2026\/04\/avance-obras-26.webp",1912,1440,false],"thumbnail":["https:\/\/coria.org\/ayuntamiento\/wp-content\/uploads\/2026\/04\/avance-obras-26-150x150.webp",150,150,true],"medium":["https:\/\/coria.org\/ayuntamiento\/wp-content\/uploads\/2026\/04\/avance-obras-26.webp",1912,1440,false],"medium_large":["https:\/\/coria.org\/ayuntamiento\/wp-content\/uploads\/2026\/04\/avance-obras-26-768x578.webp",768,578,true],"large":["https:\/\/coria.org\/ayuntamiento\/wp-content\/uploads\/2026\/04\/avance-obras-26.webp",1912,1440,false],"thumblist":["https:\/\/coria.org\/ayuntamiento\/wp-content\/uploads\/2026\/04\/avance-obras-26-300x300.webp",300,300,true],"thumbrelated":["https:\/\/coria.org\/ayuntamiento\/wp-content\/uploads\/2026\/04\/avance-obras-26-500x500.webp",500,500,true],"meccarouselthumb":["https:\/\/coria.org\/ayuntamiento\/wp-content\/uploads\/2026\/04\/avance-obras-26-474x324.webp",474,324,true],"gridsquare":["https:\/\/coria.org\/ayuntamiento\/wp-content\/uploads\/2026\/04\/avance-obras-26-391x260.webp",391,260,true],"tileview":["https:\/\/coria.org\/ayuntamiento\/wp-content\/uploads\/2026\/04\/avance-obras-26-300x400.webp",300,400,true],"1536x1536":["https:\/\/coria.org\/ayuntamiento\/wp-content\/uploads\/2026\/04\/avance-obras-26-1536x1157.webp",1536,1157,true],"2048x2048":["https:\/\/coria.org\/ayuntamiento\/wp-content\/uploads\/2026\/04\/avance-obras-26.webp",1912,1440,false]},"uagb_author_info":{"display_name":"prensa@coria.org","author_link":"https:\/\/coria.org\/ayuntamiento\/index.php\/author\/prensacoria-org\/"},"uagb_comment_info":0,"uagb_excerpt":"El Ayuntamiento de Coria contin\u00faa avanzando en las obras de reforma del acerado de la calle Garc\u00eda de Galarza, unos trabajos que ya se encuentran en marcha y progresan de forma favorable dentro del proyecto de pavimentaci\u00f3n de v\u00edas p\u00fablicas del municipio. Una actuaci\u00f3n que est\u00e1 permitiendo dar respuesta a una necesidad evidente, ya que&hellip;","_links":{"self":[{"href":"https:\/\/coria.org\/ayuntamiento\/index.php\/wp-json\/wp\/v2\/posts\/66369","targetHints":{"allow":["GET"]}}],"collection":[{"href":"https:\/\/coria.org\/ayuntamiento\/index.php\/wp-json\/wp\/v2\/posts"}],"about":[{"href":"https:\/\/coria.org\/ayuntamiento\/index.php\/wp-json\/wp\/v2\/types\/post"}],"author":[{"embeddable":true,"href":"https:\/\/coria.org\/ayuntamiento\/index.php\/wp-json\/wp\/v2\/users\/3"}],"replies":[{"embeddable":true,"href":"https:\/\/coria.org\/ayuntamiento\/index.php\/wp-json\/wp\/v2\/comments?post=66369"}],"version-history":[{"count":1,"href":"https:\/\/coria.org\/ayuntamiento\/index.php\/wp-json\/wp\/v2\/posts\/66369\/revisions"}],"predecessor-version":[{"id":66371,"href":"https:\/\/coria.org\/ayuntamiento\/index.php\/wp-json\/wp\/v2\/posts\/66369\/revisions\/66371"}],"wp:featuredmedia":[{"embeddable":true,"href":"https:\/\/coria.org\/ayuntamiento\/index.php\/wp-json\/wp\/v2\/media\/66370"}],"wp:attachment":[{"href":"https:\/\/coria.org\/ayuntamiento\/index.php\/wp-json\/wp\/v2\/media?parent=66369"}],"wp:term":[{"taxonomy":"category","embeddable":true,"href":"https:\/\/coria.org\/ayuntamiento\/index.php\/wp-json\/wp\/v2\/categories?post=66369"},{"taxonomy":"post_tag","embeddable":true,"href":"https:\/\/coria.org\/ayuntamiento\/index.php\/wp-json\/wp\/v2\/tags?post=66369"}],"curies":[{"name":"wp","href":"https:\/\/api.w.org\/{rel}","templated":true}]}}