{"id":66182,"date":"2026-03-03T13:40:05","date_gmt":"2026-03-03T12:40:05","guid":{"rendered":"https:\/\/coria.org\/ayuntamiento\/?p=66182"},"modified":"2026-03-03T13:40:07","modified_gmt":"2026-03-03T12:40:07","slug":"vi-concurso-taurotapas-fitcoria-2026-del-7-al-8-y-del-14-al-15-de-marzo","status":"publish","type":"post","link":"https:\/\/coria.org\/ayuntamiento\/index.php\/2026\/03\/03\/vi-concurso-taurotapas-fitcoria-2026-del-7-al-8-y-del-14-al-15-de-marzo\/","title":{"rendered":"VI Concurso TauroTapas FitCoria 2026, del 7 al 8 y del 14 al 15 de marzo"},"content":{"rendered":"\n<p>El Ayuntamiento de Coria tiene ya todo preparado para disfrutar del VI Concurso Gastron\u00f3mico TauroTapas FitCoria 2026, que tendr\u00e1 lugar durante los fines de semana del 7 al 8 y del 14 al 15 de marzo.<\/p>\n\n\n<figure class=\"wp-block-post-featured-image\"><img loading=\"lazy\" decoding=\"async\" width=\"1920\" height=\"1280\" src=\"https:\/\/coria.org\/ayuntamiento\/wp-content\/uploads\/2026\/03\/presenta-taurotapas.webp\" class=\"attachment-post-thumbnail size-post-thumbnail wp-post-image\" alt=\"\" style=\"object-fit:cover;\" srcset=\"https:\/\/coria.org\/ayuntamiento\/wp-content\/uploads\/2026\/03\/presenta-taurotapas.webp 1920w, https:\/\/coria.org\/ayuntamiento\/wp-content\/uploads\/2026\/03\/presenta-taurotapas-768x512.webp 768w, https:\/\/coria.org\/ayuntamiento\/wp-content\/uploads\/2026\/03\/presenta-taurotapas-391x260.webp 391w, https:\/\/coria.org\/ayuntamiento\/wp-content\/uploads\/2026\/03\/presenta-taurotapas-1536x1024.webp 1536w\" sizes=\"auto, (max-width: 1920px) 100vw, 1920px\" \/><\/figure>\n\n\n<p>Durante dos fines de semana, Coria se convertir\u00e1 en una gran ruta gastron\u00f3mica donde nuestros bares y restaurantes presentar\u00e1n sus mejores creaciones con la carne del toro ib\u00e9rico de lidia. Una ruta con sabor taurino para los amantes de la gastronom\u00eda de calidad basada en los productos ecol\u00f3gicos naturales.<\/p>\n\n\n\n<p>Un concurso que se celebra con el al objetivo de que el p\u00fablico en general pueda saborear los estupendos men\u00fas y creaciones de tapas gastron\u00f3micas elaboradas con la carne del toro de lidia para ser degustadas, de un bocado, en los establecimientos hosteleros participantes de la localidad coincidiendo con la celebraci\u00f3n de la Feria Internacional del Toro.<\/p>\n\n\n\n<p>Los establecimientos participantes en esta sexta edici\u00f3n son: Restaurante San Crist\u00f3bal, Palacio Ducal de Alba, Restaurante Campana, Restaurante-Cafeter\u00eda Al-Karika, Saborea La Plaza, Arruche, Gastrobar Trucha\u00b4s, caf\u00e9-bar Caurus, caf\u00e9-bar Los Nuevos Deportes y caf\u00e9-bar Candilejas.<\/p>\n\n\n\n<p>Un evento que se celebra con la finalidad de dar a conocer, entre los vecinos y turistas, las bondades que posee la carne del toro ib\u00e9rico de lidia, pues no hay nada m\u00e1s ecol\u00f3gico que este producto natural proveniente de las reses bravas criadas en r\u00e9gimen extensivo de libertad en las dehesas espa\u00f1olas, lo que le confiere una alta valoraci\u00f3n de calidad, tanto desde el punto de vista nutricional, como de otros importantes valores tan destacados como la calificaci\u00f3n distintiva del sello de denominaci\u00f3n de origen de raza aut\u00f3ctona pura, la biodiversidad, la sostenibilidad, la tradicionalidad o la diferenciaci\u00f3n frente a otras carnes for\u00e1neas.<\/p>\n\n\n\n<p>As\u00ed, aquellos clientes que decidan acercarse a cualquiera de los establecimientos que participan en esta edici\u00f3n, podr\u00e1n paladear las estupendas tapas confeccionadas que optan a los galardones o premios de \u201cMejor Tapa\u201d y \u201cTapa M\u00e1s Original\u201d, dotados econ\u00f3micamente con 1.000 euros y 500 euros respectivamente.<\/p>\n\n\n\n<p>Unas tapas que deber\u00e1n ser puestas a disposici\u00f3n de la clientela, entre un horario de exposici\u00f3n y venta de 12:00 a 16:00 horas y, opcionalmente, de 20:00 a 23:00 horas para aquellos establecimientos hosteleros que as\u00ed lo consideren oportuno; siendo el precio establecido por la organizaci\u00f3n, sin excepci\u00f3n, para ser cobrado por cada establecimiento hostelero participante de 2 euros por tapa.<\/p>\n\n\n\n<p>Por consiguiente, desde el Ayuntamiento de Coria se hace extensiva la invitaci\u00f3n a toda la ciudadan\u00eda cauriense y resto de turistas que nos visiten durante estos fines de semana para que, si lo desean, participen de este mundo de sabores taurinos de la dehesa a trav\u00e9s de lo mejor de la gastronom\u00eda de barra y de mesa de cada uno de los establecimientos hosteleros participantes dentro de este IV Concurso Gastron\u00f3mico \u201cTauroTapas FitCoria 2026\u201d.<\/p>\n","protected":false},"excerpt":{"rendered":"<p>El Ayuntamiento de Coria tiene ya todo preparado para disfrutar del VI Concurso Gastron\u00f3mico TauroTapas FitCoria 2026, que tendr\u00e1 lugar durante los fines de semana del 7 al 8 y del 14 al 15 de marzo. Durante dos fines de semana, Coria se convertir\u00e1 en una gran ruta gastron\u00f3mica donde nuestros bares y restaurantes presentar\u00e1n [&hellip;]<\/p>\n","protected":false},"author":3,"featured_media":66183,"comment_status":"open","ping_status":"open","sticky":false,"template":"","format":"standard","meta":{"_uag_custom_page_level_css":"","footnotes":""},"categories":[9,2],"tags":[],"class_list":["post-66182","post","type-post","status-publish","format-standard","has-post-thumbnail","hentry","category-destacado","category-noticias"],"yoast_head":"<!-- This site is optimized with the Yoast SEO plugin v27.5 - https:\/\/yoast.com\/product\/yoast-seo-wordpress\/ -->\n<title>VI Concurso TauroTapas FitCoria 2026, del 7 al 8 y del 14 al 15 de marzo - Ayuntamiento de Coria<\/title>\n<meta name=\"description\" content=\"El Ayuntamiento de Coria tiene ya todo preparado para disfrutar del VI Concurso Gastron\u00f3mico TauroTapas FitCoria 2026, que tendr\u00e1 lugar durante los fines de semana del 7 al 8 y del 14 al 15 de marzo.\" \/>\n<meta name=\"robots\" content=\"index, follow, max-snippet:-1, max-image-preview:large, max-video-preview:-1\" \/>\n<link rel=\"canonical\" href=\"https:\/\/coria.org\/ayuntamiento\/index.php\/2026\/03\/03\/vi-concurso-taurotapas-fitcoria-2026-del-7-al-8-y-del-14-al-15-de-marzo\/\" \/>\n<meta property=\"og:locale\" content=\"es_ES\" \/>\n<meta property=\"og:type\" content=\"article\" \/>\n<meta property=\"og:title\" content=\"VI Concurso TauroTapas FitCoria 2026, del 7 al 8 y del 14 al 15 de marzo\" \/>\n<meta property=\"og:description\" content=\"El Ayuntamiento de Coria tiene ya todo preparado para disfrutar del VI Concurso Gastron\u00f3mico TauroTapas FitCoria 2026, que tendr\u00e1 lugar durante los fines de semana del 7 al 8 y del 14 al 15 de marzo.\" \/>\n<meta property=\"og:url\" content=\"https:\/\/coria.org\/ayuntamiento\/index.php\/2026\/03\/03\/vi-concurso-taurotapas-fitcoria-2026-del-7-al-8-y-del-14-al-15-de-marzo\/\" \/>\n<meta property=\"og:site_name\" content=\"Ayuntamiento de Coria\" \/>\n<meta property=\"article:publisher\" content=\"https:\/\/www.facebook.com\/Ayuntamiento.de.Coria\" \/>\n<meta property=\"article:published_time\" content=\"2026-03-03T12:40:05+00:00\" \/>\n<meta property=\"article:modified_time\" content=\"2026-03-03T12:40:07+00:00\" \/>\n<meta property=\"og:image\" content=\"https:\/\/coria.org\/ayuntamiento\/wp-content\/uploads\/2026\/03\/presenta-taurotapas.webp\" \/>\n\t<meta property=\"og:image:width\" content=\"1920\" \/>\n\t<meta property=\"og:image:height\" content=\"1280\" \/>\n\t<meta property=\"og:image:type\" content=\"image\/webp\" \/>\n<meta name=\"author\" content=\"prensa@coria.org\" \/>\n<meta name=\"twitter:card\" content=\"summary_large_image\" \/>\n<meta name=\"twitter:title\" content=\"VI Concurso TauroTapas FitCoria 2026, del 7 al 8 y del 14 al 15 de marzo\" \/>\n<meta name=\"twitter:description\" content=\"El Ayuntamiento de Coria tiene ya todo preparado para disfrutar del VI Concurso Gastron\u00f3mico TauroTapas FitCoria 2026, que tendr\u00e1 lugar durante los fines de semana del 7 al 8 y del 14 al 15 de marzo.\" \/>\n<meta name=\"twitter:image\" content=\"https:\/\/coria.org\/ayuntamiento\/wp-content\/uploads\/2026\/03\/presenta-taurotapas.webp\" \/>\n<meta name=\"twitter:creator\" content=\"@Ayto_de_Coria\" \/>\n<meta name=\"twitter:site\" content=\"@Ayto_de_Coria\" \/>\n<meta name=\"twitter:label1\" content=\"Escrito por\" \/>\n\t<meta name=\"twitter:data1\" content=\"prensa@coria.org\" \/>\n\t<meta name=\"twitter:label2\" content=\"Tiempo de lectura\" \/>\n\t<meta name=\"twitter:data2\" content=\"3 minutos\" \/>\n<script type=\"application\/ld+json\" class=\"yoast-schema-graph\">{\"@context\":\"https:\\\/\\\/schema.org\",\"@graph\":[{\"@type\":\"Article\",\"@id\":\"https:\\\/\\\/coria.org\\\/ayuntamiento\\\/index.php\\\/2026\\\/03\\\/03\\\/vi-concurso-taurotapas-fitcoria-2026-del-7-al-8-y-del-14-al-15-de-marzo\\\/#article\",\"isPartOf\":{\"@id\":\"https:\\\/\\\/coria.org\\\/ayuntamiento\\\/index.php\\\/2026\\\/03\\\/03\\\/vi-concurso-taurotapas-fitcoria-2026-del-7-al-8-y-del-14-al-15-de-marzo\\\/\"},\"author\":{\"name\":\"prensa@coria.org\",\"@id\":\"https:\\\/\\\/coria.org\\\/ayuntamiento\\\/#\\\/schema\\\/person\\\/e599808bcace6131357c531f55c6b600\"},\"headline\":\"VI Concurso TauroTapas FitCoria 2026, del 7 al 8 y del 14 al 15 de marzo\",\"datePublished\":\"2026-03-03T12:40:05+00:00\",\"dateModified\":\"2026-03-03T12:40:07+00:00\",\"mainEntityOfPage\":{\"@id\":\"https:\\\/\\\/coria.org\\\/ayuntamiento\\\/index.php\\\/2026\\\/03\\\/03\\\/vi-concurso-taurotapas-fitcoria-2026-del-7-al-8-y-del-14-al-15-de-marzo\\\/\"},\"wordCount\":500,\"commentCount\":0,\"publisher\":{\"@id\":\"https:\\\/\\\/coria.org\\\/ayuntamiento\\\/#organization\"},\"image\":{\"@id\":\"https:\\\/\\\/coria.org\\\/ayuntamiento\\\/index.php\\\/2026\\\/03\\\/03\\\/vi-concurso-taurotapas-fitcoria-2026-del-7-al-8-y-del-14-al-15-de-marzo\\\/#primaryimage\"},\"thumbnailUrl\":\"https:\\\/\\\/coria.org\\\/ayuntamiento\\\/wp-content\\\/uploads\\\/2026\\\/03\\\/presenta-taurotapas.webp\",\"articleSection\":[\"Destacado\",\"Noticias\"],\"inLanguage\":\"es\",\"potentialAction\":[{\"@type\":\"CommentAction\",\"name\":\"Comment\",\"target\":[\"https:\\\/\\\/coria.org\\\/ayuntamiento\\\/index.php\\\/2026\\\/03\\\/03\\\/vi-concurso-taurotapas-fitcoria-2026-del-7-al-8-y-del-14-al-15-de-marzo\\\/#respond\"]}]},{\"@type\":\"WebPage\",\"@id\":\"https:\\\/\\\/coria.org\\\/ayuntamiento\\\/index.php\\\/2026\\\/03\\\/03\\\/vi-concurso-taurotapas-fitcoria-2026-del-7-al-8-y-del-14-al-15-de-marzo\\\/\",\"url\":\"https:\\\/\\\/coria.org\\\/ayuntamiento\\\/index.php\\\/2026\\\/03\\\/03\\\/vi-concurso-taurotapas-fitcoria-2026-del-7-al-8-y-del-14-al-15-de-marzo\\\/\",\"name\":\"VI Concurso TauroTapas FitCoria 2026, del 7 al 8 y del 14 al 15 de marzo - Ayuntamiento de Coria\",\"isPartOf\":{\"@id\":\"https:\\\/\\\/coria.org\\\/ayuntamiento\\\/#website\"},\"primaryImageOfPage\":{\"@id\":\"https:\\\/\\\/coria.org\\\/ayuntamiento\\\/index.php\\\/2026\\\/03\\\/03\\\/vi-concurso-taurotapas-fitcoria-2026-del-7-al-8-y-del-14-al-15-de-marzo\\\/#primaryimage\"},\"image\":{\"@id\":\"https:\\\/\\\/coria.org\\\/ayuntamiento\\\/index.php\\\/2026\\\/03\\\/03\\\/vi-concurso-taurotapas-fitcoria-2026-del-7-al-8-y-del-14-al-15-de-marzo\\\/#primaryimage\"},\"thumbnailUrl\":\"https:\\\/\\\/coria.org\\\/ayuntamiento\\\/wp-content\\\/uploads\\\/2026\\\/03\\\/presenta-taurotapas.webp\",\"datePublished\":\"2026-03-03T12:40:05+00:00\",\"dateModified\":\"2026-03-03T12:40:07+00:00\",\"description\":\"El Ayuntamiento de Coria tiene ya todo preparado para disfrutar del VI Concurso Gastron\u00f3mico TauroTapas FitCoria 2026, que tendr\u00e1 lugar durante los fines de semana del 7 al 8 y del 14 al 15 de marzo.\",\"breadcrumb\":{\"@id\":\"https:\\\/\\\/coria.org\\\/ayuntamiento\\\/index.php\\\/2026\\\/03\\\/03\\\/vi-concurso-taurotapas-fitcoria-2026-del-7-al-8-y-del-14-al-15-de-marzo\\\/#breadcrumb\"},\"inLanguage\":\"es\",\"potentialAction\":[{\"@type\":\"ReadAction\",\"target\":[\"https:\\\/\\\/coria.org\\\/ayuntamiento\\\/index.php\\\/2026\\\/03\\\/03\\\/vi-concurso-taurotapas-fitcoria-2026-del-7-al-8-y-del-14-al-15-de-marzo\\\/\"]}]},{\"@type\":\"ImageObject\",\"inLanguage\":\"es\",\"@id\":\"https:\\\/\\\/coria.org\\\/ayuntamiento\\\/index.php\\\/2026\\\/03\\\/03\\\/vi-concurso-taurotapas-fitcoria-2026-del-7-al-8-y-del-14-al-15-de-marzo\\\/#primaryimage\",\"url\":\"https:\\\/\\\/coria.org\\\/ayuntamiento\\\/wp-content\\\/uploads\\\/2026\\\/03\\\/presenta-taurotapas.webp\",\"contentUrl\":\"https:\\\/\\\/coria.org\\\/ayuntamiento\\\/wp-content\\\/uploads\\\/2026\\\/03\\\/presenta-taurotapas.webp\",\"width\":1920,\"height\":1280},{\"@type\":\"BreadcrumbList\",\"@id\":\"https:\\\/\\\/coria.org\\\/ayuntamiento\\\/index.php\\\/2026\\\/03\\\/03\\\/vi-concurso-taurotapas-fitcoria-2026-del-7-al-8-y-del-14-al-15-de-marzo\\\/#breadcrumb\",\"itemListElement\":[{\"@type\":\"ListItem\",\"position\":1,\"name\":\"Inicio\",\"item\":\"https:\\\/\\\/coria.org\\\/ayuntamiento\\\/\"},{\"@type\":\"ListItem\",\"position\":2,\"name\":\"VI Concurso TauroTapas FitCoria 2026, del 7 al 8 y del 14 al 15 de marzo\"}]},{\"@type\":\"WebSite\",\"@id\":\"https:\\\/\\\/coria.org\\\/ayuntamiento\\\/#website\",\"url\":\"https:\\\/\\\/coria.org\\\/ayuntamiento\\\/\",\"name\":\"Ayuntamiento de Coria\",\"description\":\"Web oficial del Ayuntamiento de Coria\",\"publisher\":{\"@id\":\"https:\\\/\\\/coria.org\\\/ayuntamiento\\\/#organization\"},\"alternateName\":\"Web Oficial del Ayuntamiento de Coria\",\"potentialAction\":[{\"@type\":\"SearchAction\",\"target\":{\"@type\":\"EntryPoint\",\"urlTemplate\":\"https:\\\/\\\/coria.org\\\/ayuntamiento\\\/?s={search_term_string}\"},\"query-input\":{\"@type\":\"PropertyValueSpecification\",\"valueRequired\":true,\"valueName\":\"search_term_string\"}}],\"inLanguage\":\"es\"},{\"@type\":\"Organization\",\"@id\":\"https:\\\/\\\/coria.org\\\/ayuntamiento\\\/#organization\",\"name\":\"Ayuntamiento de Coria\",\"alternateName\":\"Ayto de Coria\",\"url\":\"https:\\\/\\\/coria.org\\\/ayuntamiento\\\/\",\"logo\":{\"@type\":\"ImageObject\",\"inLanguage\":\"es\",\"@id\":\"https:\\\/\\\/coria.org\\\/ayuntamiento\\\/#\\\/schema\\\/logo\\\/image\\\/\",\"url\":\"https:\\\/\\\/coria.org\\\/ayuntamiento\\\/wp-content\\\/uploads\\\/2020\\\/12\\\/escudo-ayuntamiento-coria.png\",\"contentUrl\":\"https:\\\/\\\/coria.org\\\/ayuntamiento\\\/wp-content\\\/uploads\\\/2020\\\/12\\\/escudo-ayuntamiento-coria.png\",\"width\":511,\"height\":240,\"caption\":\"Ayuntamiento de Coria\"},\"image\":{\"@id\":\"https:\\\/\\\/coria.org\\\/ayuntamiento\\\/#\\\/schema\\\/logo\\\/image\\\/\"},\"sameAs\":[\"https:\\\/\\\/www.facebook.com\\\/Ayuntamiento.de.Coria\",\"https:\\\/\\\/x.com\\\/Ayto_de_Coria\",\"https:\\\/\\\/www.instagram.com\\\/coria.ayuntamiento\\\/\",\"https:\\\/\\\/www.youtube.com\\\/user\\\/AYUNTAMIENTOCORIA\"]},{\"@type\":\"Person\",\"@id\":\"https:\\\/\\\/coria.org\\\/ayuntamiento\\\/#\\\/schema\\\/person\\\/e599808bcace6131357c531f55c6b600\",\"name\":\"prensa@coria.org\",\"image\":{\"@type\":\"ImageObject\",\"inLanguage\":\"es\",\"@id\":\"https:\\\/\\\/secure.gravatar.com\\\/avatar\\\/27aedb317acfc6f08831cc400fc47b05e64be7cc19749d7a736bdf9b11b9fc8b?s=96&d=mm&r=g\",\"url\":\"https:\\\/\\\/secure.gravatar.com\\\/avatar\\\/27aedb317acfc6f08831cc400fc47b05e64be7cc19749d7a736bdf9b11b9fc8b?s=96&d=mm&r=g\",\"contentUrl\":\"https:\\\/\\\/secure.gravatar.com\\\/avatar\\\/27aedb317acfc6f08831cc400fc47b05e64be7cc19749d7a736bdf9b11b9fc8b?s=96&d=mm&r=g\",\"caption\":\"prensa@coria.org\"}}]}<\/script>\n<!-- \/ Yoast SEO plugin. -->","yoast_head_json":{"title":"VI Concurso TauroTapas FitCoria 2026, del 7 al 8 y del 14 al 15 de marzo - Ayuntamiento de Coria","description":"El Ayuntamiento de Coria tiene ya todo preparado para disfrutar del VI Concurso Gastron\u00f3mico TauroTapas FitCoria 2026, que tendr\u00e1 lugar durante los fines de semana del 7 al 8 y del 14 al 15 de marzo.","robots":{"index":"index","follow":"follow","max-snippet":"max-snippet:-1","max-image-preview":"max-image-preview:large","max-video-preview":"max-video-preview:-1"},"canonical":"https:\/\/coria.org\/ayuntamiento\/index.php\/2026\/03\/03\/vi-concurso-taurotapas-fitcoria-2026-del-7-al-8-y-del-14-al-15-de-marzo\/","og_locale":"es_ES","og_type":"article","og_title":"VI Concurso TauroTapas FitCoria 2026, del 7 al 8 y del 14 al 15 de marzo","og_description":"El Ayuntamiento de Coria tiene ya todo preparado para disfrutar del VI Concurso Gastron\u00f3mico TauroTapas FitCoria 2026, que tendr\u00e1 lugar durante los fines de semana del 7 al 8 y del 14 al 15 de marzo.","og_url":"https:\/\/coria.org\/ayuntamiento\/index.php\/2026\/03\/03\/vi-concurso-taurotapas-fitcoria-2026-del-7-al-8-y-del-14-al-15-de-marzo\/","og_site_name":"Ayuntamiento de Coria","article_publisher":"https:\/\/www.facebook.com\/Ayuntamiento.de.Coria","article_published_time":"2026-03-03T12:40:05+00:00","article_modified_time":"2026-03-03T12:40:07+00:00","og_image":[{"width":1920,"height":1280,"url":"https:\/\/coria.org\/ayuntamiento\/wp-content\/uploads\/2026\/03\/presenta-taurotapas.webp","type":"image\/webp"}],"author":"prensa@coria.org","twitter_card":"summary_large_image","twitter_title":"VI Concurso TauroTapas FitCoria 2026, del 7 al 8 y del 14 al 15 de marzo","twitter_description":"El Ayuntamiento de Coria tiene ya todo preparado para disfrutar del VI Concurso Gastron\u00f3mico TauroTapas FitCoria 2026, que tendr\u00e1 lugar durante los fines de semana del 7 al 8 y del 14 al 15 de marzo.","twitter_image":"https:\/\/coria.org\/ayuntamiento\/wp-content\/uploads\/2026\/03\/presenta-taurotapas.webp","twitter_creator":"@Ayto_de_Coria","twitter_site":"@Ayto_de_Coria","twitter_misc":{"Escrito por":"prensa@coria.org","Tiempo de lectura":"3 minutos"},"schema":{"@context":"https:\/\/schema.org","@graph":[{"@type":"Article","@id":"https:\/\/coria.org\/ayuntamiento\/index.php\/2026\/03\/03\/vi-concurso-taurotapas-fitcoria-2026-del-7-al-8-y-del-14-al-15-de-marzo\/#article","isPartOf":{"@id":"https:\/\/coria.org\/ayuntamiento\/index.php\/2026\/03\/03\/vi-concurso-taurotapas-fitcoria-2026-del-7-al-8-y-del-14-al-15-de-marzo\/"},"author":{"name":"prensa@coria.org","@id":"https:\/\/coria.org\/ayuntamiento\/#\/schema\/person\/e599808bcace6131357c531f55c6b600"},"headline":"VI Concurso TauroTapas FitCoria 2026, del 7 al 8 y del 14 al 15 de marzo","datePublished":"2026-03-03T12:40:05+00:00","dateModified":"2026-03-03T12:40:07+00:00","mainEntityOfPage":{"@id":"https:\/\/coria.org\/ayuntamiento\/index.php\/2026\/03\/03\/vi-concurso-taurotapas-fitcoria-2026-del-7-al-8-y-del-14-al-15-de-marzo\/"},"wordCount":500,"commentCount":0,"publisher":{"@id":"https:\/\/coria.org\/ayuntamiento\/#organization"},"image":{"@id":"https:\/\/coria.org\/ayuntamiento\/index.php\/2026\/03\/03\/vi-concurso-taurotapas-fitcoria-2026-del-7-al-8-y-del-14-al-15-de-marzo\/#primaryimage"},"thumbnailUrl":"https:\/\/coria.org\/ayuntamiento\/wp-content\/uploads\/2026\/03\/presenta-taurotapas.webp","articleSection":["Destacado","Noticias"],"inLanguage":"es","potentialAction":[{"@type":"CommentAction","name":"Comment","target":["https:\/\/coria.org\/ayuntamiento\/index.php\/2026\/03\/03\/vi-concurso-taurotapas-fitcoria-2026-del-7-al-8-y-del-14-al-15-de-marzo\/#respond"]}]},{"@type":"WebPage","@id":"https:\/\/coria.org\/ayuntamiento\/index.php\/2026\/03\/03\/vi-concurso-taurotapas-fitcoria-2026-del-7-al-8-y-del-14-al-15-de-marzo\/","url":"https:\/\/coria.org\/ayuntamiento\/index.php\/2026\/03\/03\/vi-concurso-taurotapas-fitcoria-2026-del-7-al-8-y-del-14-al-15-de-marzo\/","name":"VI Concurso TauroTapas FitCoria 2026, del 7 al 8 y del 14 al 15 de marzo - Ayuntamiento de Coria","isPartOf":{"@id":"https:\/\/coria.org\/ayuntamiento\/#website"},"primaryImageOfPage":{"@id":"https:\/\/coria.org\/ayuntamiento\/index.php\/2026\/03\/03\/vi-concurso-taurotapas-fitcoria-2026-del-7-al-8-y-del-14-al-15-de-marzo\/#primaryimage"},"image":{"@id":"https:\/\/coria.org\/ayuntamiento\/index.php\/2026\/03\/03\/vi-concurso-taurotapas-fitcoria-2026-del-7-al-8-y-del-14-al-15-de-marzo\/#primaryimage"},"thumbnailUrl":"https:\/\/coria.org\/ayuntamiento\/wp-content\/uploads\/2026\/03\/presenta-taurotapas.webp","datePublished":"2026-03-03T12:40:05+00:00","dateModified":"2026-03-03T12:40:07+00:00","description":"El Ayuntamiento de Coria tiene ya todo preparado para disfrutar del VI Concurso Gastron\u00f3mico TauroTapas FitCoria 2026, que tendr\u00e1 lugar durante los fines de semana del 7 al 8 y del 14 al 15 de marzo.","breadcrumb":{"@id":"https:\/\/coria.org\/ayuntamiento\/index.php\/2026\/03\/03\/vi-concurso-taurotapas-fitcoria-2026-del-7-al-8-y-del-14-al-15-de-marzo\/#breadcrumb"},"inLanguage":"es","potentialAction":[{"@type":"ReadAction","target":["https:\/\/coria.org\/ayuntamiento\/index.php\/2026\/03\/03\/vi-concurso-taurotapas-fitcoria-2026-del-7-al-8-y-del-14-al-15-de-marzo\/"]}]},{"@type":"ImageObject","inLanguage":"es","@id":"https:\/\/coria.org\/ayuntamiento\/index.php\/2026\/03\/03\/vi-concurso-taurotapas-fitcoria-2026-del-7-al-8-y-del-14-al-15-de-marzo\/#primaryimage","url":"https:\/\/coria.org\/ayuntamiento\/wp-content\/uploads\/2026\/03\/presenta-taurotapas.webp","contentUrl":"https:\/\/coria.org\/ayuntamiento\/wp-content\/uploads\/2026\/03\/presenta-taurotapas.webp","width":1920,"height":1280},{"@type":"BreadcrumbList","@id":"https:\/\/coria.org\/ayuntamiento\/index.php\/2026\/03\/03\/vi-concurso-taurotapas-fitcoria-2026-del-7-al-8-y-del-14-al-15-de-marzo\/#breadcrumb","itemListElement":[{"@type":"ListItem","position":1,"name":"Inicio","item":"https:\/\/coria.org\/ayuntamiento\/"},{"@type":"ListItem","position":2,"name":"VI Concurso TauroTapas FitCoria 2026, del 7 al 8 y del 14 al 15 de marzo"}]},{"@type":"WebSite","@id":"https:\/\/coria.org\/ayuntamiento\/#website","url":"https:\/\/coria.org\/ayuntamiento\/","name":"Ayuntamiento de Coria","description":"Web oficial del Ayuntamiento de Coria","publisher":{"@id":"https:\/\/coria.org\/ayuntamiento\/#organization"},"alternateName":"Web Oficial del Ayuntamiento de Coria","potentialAction":[{"@type":"SearchAction","target":{"@type":"EntryPoint","urlTemplate":"https:\/\/coria.org\/ayuntamiento\/?s={search_term_string}"},"query-input":{"@type":"PropertyValueSpecification","valueRequired":true,"valueName":"search_term_string"}}],"inLanguage":"es"},{"@type":"Organization","@id":"https:\/\/coria.org\/ayuntamiento\/#organization","name":"Ayuntamiento de Coria","alternateName":"Ayto de Coria","url":"https:\/\/coria.org\/ayuntamiento\/","logo":{"@type":"ImageObject","inLanguage":"es","@id":"https:\/\/coria.org\/ayuntamiento\/#\/schema\/logo\/image\/","url":"https:\/\/coria.org\/ayuntamiento\/wp-content\/uploads\/2020\/12\/escudo-ayuntamiento-coria.png","contentUrl":"https:\/\/coria.org\/ayuntamiento\/wp-content\/uploads\/2020\/12\/escudo-ayuntamiento-coria.png","width":511,"height":240,"caption":"Ayuntamiento de Coria"},"image":{"@id":"https:\/\/coria.org\/ayuntamiento\/#\/schema\/logo\/image\/"},"sameAs":["https:\/\/www.facebook.com\/Ayuntamiento.de.Coria","https:\/\/x.com\/Ayto_de_Coria","https:\/\/www.instagram.com\/coria.ayuntamiento\/","https:\/\/www.youtube.com\/user\/AYUNTAMIENTOCORIA"]},{"@type":"Person","@id":"https:\/\/coria.org\/ayuntamiento\/#\/schema\/person\/e599808bcace6131357c531f55c6b600","name":"prensa@coria.org","image":{"@type":"ImageObject","inLanguage":"es","@id":"https:\/\/secure.gravatar.com\/avatar\/27aedb317acfc6f08831cc400fc47b05e64be7cc19749d7a736bdf9b11b9fc8b?s=96&d=mm&r=g","url":"https:\/\/secure.gravatar.com\/avatar\/27aedb317acfc6f08831cc400fc47b05e64be7cc19749d7a736bdf9b11b9fc8b?s=96&d=mm&r=g","contentUrl":"https:\/\/secure.gravatar.com\/avatar\/27aedb317acfc6f08831cc400fc47b05e64be7cc19749d7a736bdf9b11b9fc8b?s=96&d=mm&r=g","caption":"prensa@coria.org"}}]}},"uagb_featured_image_src":{"full":["https:\/\/coria.org\/ayuntamiento\/wp-content\/uploads\/2026\/03\/presenta-taurotapas.webp",1920,1280,false],"thumbnail":["https:\/\/coria.org\/ayuntamiento\/wp-content\/uploads\/2026\/03\/presenta-taurotapas-150x150.webp",150,150,true],"medium":["https:\/\/coria.org\/ayuntamiento\/wp-content\/uploads\/2026\/03\/presenta-taurotapas.webp",1920,1280,false],"medium_large":["https:\/\/coria.org\/ayuntamiento\/wp-content\/uploads\/2026\/03\/presenta-taurotapas-768x512.webp",768,512,true],"large":["https:\/\/coria.org\/ayuntamiento\/wp-content\/uploads\/2026\/03\/presenta-taurotapas.webp",1920,1280,false],"thumblist":["https:\/\/coria.org\/ayuntamiento\/wp-content\/uploads\/2026\/03\/presenta-taurotapas-300x300.webp",300,300,true],"thumbrelated":["https:\/\/coria.org\/ayuntamiento\/wp-content\/uploads\/2026\/03\/presenta-taurotapas-500x500.webp",500,500,true],"meccarouselthumb":["https:\/\/coria.org\/ayuntamiento\/wp-content\/uploads\/2026\/03\/presenta-taurotapas-474x324.webp",474,324,true],"gridsquare":["https:\/\/coria.org\/ayuntamiento\/wp-content\/uploads\/2026\/03\/presenta-taurotapas-391x260.webp",391,260,true],"tileview":["https:\/\/coria.org\/ayuntamiento\/wp-content\/uploads\/2026\/03\/presenta-taurotapas-300x400.webp",300,400,true],"1536x1536":["https:\/\/coria.org\/ayuntamiento\/wp-content\/uploads\/2026\/03\/presenta-taurotapas-1536x1024.webp",1536,1024,true],"2048x2048":["https:\/\/coria.org\/ayuntamiento\/wp-content\/uploads\/2026\/03\/presenta-taurotapas.webp",1920,1280,false]},"uagb_author_info":{"display_name":"prensa@coria.org","author_link":"https:\/\/coria.org\/ayuntamiento\/index.php\/author\/prensacoria-org\/"},"uagb_comment_info":0,"uagb_excerpt":"El Ayuntamiento de Coria tiene ya todo preparado para disfrutar del VI Concurso Gastron\u00f3mico TauroTapas FitCoria 2026, que tendr\u00e1 lugar durante los fines de semana del 7 al 8 y del 14 al 15 de marzo. Durante dos fines de semana, Coria se convertir\u00e1 en una gran ruta gastron\u00f3mica donde nuestros bares y restaurantes presentar\u00e1n&hellip;","_links":{"self":[{"href":"https:\/\/coria.org\/ayuntamiento\/index.php\/wp-json\/wp\/v2\/posts\/66182","targetHints":{"allow":["GET"]}}],"collection":[{"href":"https:\/\/coria.org\/ayuntamiento\/index.php\/wp-json\/wp\/v2\/posts"}],"about":[{"href":"https:\/\/coria.org\/ayuntamiento\/index.php\/wp-json\/wp\/v2\/types\/post"}],"author":[{"embeddable":true,"href":"https:\/\/coria.org\/ayuntamiento\/index.php\/wp-json\/wp\/v2\/users\/3"}],"replies":[{"embeddable":true,"href":"https:\/\/coria.org\/ayuntamiento\/index.php\/wp-json\/wp\/v2\/comments?post=66182"}],"version-history":[{"count":1,"href":"https:\/\/coria.org\/ayuntamiento\/index.php\/wp-json\/wp\/v2\/posts\/66182\/revisions"}],"predecessor-version":[{"id":66184,"href":"https:\/\/coria.org\/ayuntamiento\/index.php\/wp-json\/wp\/v2\/posts\/66182\/revisions\/66184"}],"wp:featuredmedia":[{"embeddable":true,"href":"https:\/\/coria.org\/ayuntamiento\/index.php\/wp-json\/wp\/v2\/media\/66183"}],"wp:attachment":[{"href":"https:\/\/coria.org\/ayuntamiento\/index.php\/wp-json\/wp\/v2\/media?parent=66182"}],"wp:term":[{"taxonomy":"category","embeddable":true,"href":"https:\/\/coria.org\/ayuntamiento\/index.php\/wp-json\/wp\/v2\/categories?post=66182"},{"taxonomy":"post_tag","embeddable":true,"href":"https:\/\/coria.org\/ayuntamiento\/index.php\/wp-json\/wp\/v2\/tags?post=66182"}],"curies":[{"name":"wp","href":"https:\/\/api.w.org\/{rel}","templated":true}]}}