{"id":66013,"date":"2026-02-02T13:46:16","date_gmt":"2026-02-02T12:46:16","guid":{"rendered":"https:\/\/coria.org\/ayuntamiento\/?p=66013"},"modified":"2026-02-25T12:29:13","modified_gmt":"2026-02-25T11:29:13","slug":"el-ayuntamiento-de-coria-inicia-las-obras-de-reforma-del-acerado-de-la-calle-garcia-de-galarza","status":"publish","type":"post","link":"https:\/\/coria.org\/ayuntamiento\/index.php\/2026\/02\/02\/el-ayuntamiento-de-coria-inicia-las-obras-de-reforma-del-acerado-de-la-calle-garcia-de-galarza\/","title":{"rendered":"El Ayuntamiento de Coria inicia las obras de reforma del acerado de la calle Garc\u00eda de Galarza"},"content":{"rendered":"\n<p>El Ayuntamiento de Coria ha iniciado hoy las obras de reforma del acerado de la calle Garc\u00eda de Galarza, una actuaci\u00f3n incluida dentro del proyecto de pavimentaci\u00f3n de v\u00edas p\u00fablicas y destinada a mejorar la accesibilidad y la seguridad de esta v\u00eda del municipio.<\/p>\n\n\n<figure class=\"wp-block-post-featured-image\"><img loading=\"lazy\" decoding=\"async\" width=\"1920\" height=\"1440\" src=\"https:\/\/coria.org\/ayuntamiento\/wp-content\/uploads\/2026\/02\/obras-galarza.webp\" class=\"attachment-post-thumbnail size-post-thumbnail wp-post-image\" alt=\"\" style=\"object-fit:cover;\" srcset=\"https:\/\/coria.org\/ayuntamiento\/wp-content\/uploads\/2026\/02\/obras-galarza.webp 1920w, https:\/\/coria.org\/ayuntamiento\/wp-content\/uploads\/2026\/02\/obras-galarza-768x576.webp 768w, https:\/\/coria.org\/ayuntamiento\/wp-content\/uploads\/2026\/02\/obras-galarza-1536x1152.webp 1536w\" sizes=\"auto, (max-width: 1920px) 100vw, 1920px\" \/><\/figure>\n\n\n<p>La alcaldesa de Coria, Almudena Domingo, ha destacado que \u201ccon el comienzo de estos trabajos se da respuesta a una necesidad evidente, ya que el acerado presentaba un notable deterioro debido al paso del tiempo, al elevado tr\u00e1nsito peatonal y de veh\u00edculos y a su reducido ancho\u201d.<\/p>\n\n\n\n<p>La intervenci\u00f3n contempla la renovaci\u00f3n integral del acerado para su conversi\u00f3n en plataforma \u00fanica, manteniendo el sentido \u00fanico de circulaci\u00f3n de veh\u00edculos. La calle contar\u00e1 con una banda continua de calzada de tres metros de ancho, quedando ambos laterales destinados al paso peatonal, todo ello al mismo nivel para garantizar la accesibilidad universal.<\/p>\n\n\n\n<p>Asimismo, al inicio de la calle, en su sentido de entrada de veh\u00edculos, se instalar\u00e1 una se\u00f1al de acceso a zona residencial, otorgando prioridad a los itinerarios peatonales. Para favorecer la reducci\u00f3n de la velocidad, se ejecutar\u00e1n bandas de adoqu\u00edn con una inclinaci\u00f3n del 10 % en tres puntos de la v\u00eda. El proyecto tambi\u00e9n contempla la eliminaci\u00f3n de los aparcamientos existentes, al no disponer la calle del ancho suficiente para compatibilizar circulaci\u00f3n y estacionamiento, as\u00ed como la colocaci\u00f3n de franjas de pavimento direccional en los cruces, destinadas a mejorar la accesibilidad de las personas con discapacidad visual.<\/p>\n\n\n\n<p>La calle Garc\u00eda de Galarza es la principal v\u00eda de acceso al barrio de Moscoso y, en la actualidad, cuenta con dos acerados estrechos en sus extremos y un carril asfaltado de sentido \u00fanico. Con esta actuaci\u00f3n se pretende adaptar la v\u00eda a la normativa vigente en materia de accesibilidad y mejorar la convivencia entre peatones y veh\u00edculos.<\/p>\n\n\n\n<p>La obra cuenta con un presupuesto de 121.815,47 euros y se ejecuta por la empresa Andiajoa S.L.<\/p>\n\n\n\n<h4 class=\"wp-block-heading\">Corte de tr\u00e1fico<\/h4>\n\n\n\n<p>Con motivo del inicio de estas obras, el Ayuntamiento de Coria, a trav\u00e9s de la Polic\u00eda Local, ha informado a los vecinos de que se va a llevar a cabo una reorganizaci\u00f3n circunstancial del tr\u00e1fico de veh\u00edculos en distintas zonas de la ciudad. Estas actuaciones afectar\u00e1n principalmente a la calle Garc\u00eda de Galarza, donde se producir\u00e1 un corte temporal de la v\u00eda a la altura de la Plaza de Santiago Ap\u00f3stol, quedando habilitadas las salidas hacia la calle Santa M\u00e1xima y la calle Juan P\u00e9rez de Coria. Asimismo, se establece un corte parcial en la calle Santa Eulalia, en el entorno de la Plaza de Santiago Ap\u00f3stol, manteni\u00e9ndose la salida habilitada por la calle Santa M\u00e1xima.<\/p>\n\n\n\n<p>Con el fin de minimizar las molestias y facilitar la circulaci\u00f3n, se recomienda a los conductores utilizar como v\u00edas alternativas las calles Juan P\u00e9rez de Coria, Trujillo, Obispo Bonifacio y Bernardino de Coria. La zona afectada por las obras se encuentra debidamente se\u00f1alizada, por lo que se ruega a la ciudadan\u00eda que atienda la se\u00f1alizaci\u00f3n provisional y circule con la debida precauci\u00f3n.<\/p>\n\n\n\n<p>Desde el Ayuntamiento de Coria y la Polic\u00eda Local se agradece la colaboraci\u00f3n ciudadana y se piden disculpas por las molestias que estas actuaciones puedan ocasionar.<\/p>\n","protected":false},"excerpt":{"rendered":"<p>El Ayuntamiento de Coria ha iniciado hoy las obras de reforma del acerado de la calle Garc\u00eda de Galarza, una actuaci\u00f3n incluida dentro del proyecto de pavimentaci\u00f3n de v\u00edas p\u00fablicas y destinada a mejorar la accesibilidad y la seguridad de esta v\u00eda del municipio. La alcaldesa de Coria, Almudena Domingo, ha destacado que \u201ccon el [&hellip;]<\/p>\n","protected":false},"author":3,"featured_media":66014,"comment_status":"closed","ping_status":"closed","sticky":false,"template":"","format":"standard","meta":{"_uag_custom_page_level_css":"","footnotes":""},"categories":[2],"tags":[883],"class_list":["post-66013","post","type-post","status-publish","format-standard","has-post-thumbnail","hentry","category-noticias","tag-obras"],"yoast_head":"<!-- This site is optimized with the Yoast SEO plugin v27.5 - https:\/\/yoast.com\/product\/yoast-seo-wordpress\/ -->\n<title>El Ayuntamiento de Coria inicia las obras de reforma del acerado de la calle Garc\u00eda de Galarza - Ayuntamiento de Coria<\/title>\n<meta name=\"description\" content=\"El Ayuntamiento de Coria ha iniciado hoy las obras de reforma del acerado de la calle Garc\u00eda de Galarza, una actuaci\u00f3n incluida dentro del proyecto de pavimentaci\u00f3n de v\u00edas p\u00fablicas y destinada a mejorar la accesibilidad y la seguridad de esta v\u00eda del municipio.\" \/>\n<meta name=\"robots\" content=\"index, follow, max-snippet:-1, max-image-preview:large, max-video-preview:-1\" \/>\n<link rel=\"canonical\" href=\"https:\/\/coria.org\/ayuntamiento\/index.php\/2026\/02\/02\/el-ayuntamiento-de-coria-inicia-las-obras-de-reforma-del-acerado-de-la-calle-garcia-de-galarza\/\" \/>\n<meta property=\"og:locale\" content=\"es_ES\" \/>\n<meta property=\"og:type\" content=\"article\" \/>\n<meta property=\"og:title\" content=\"El Ayuntamiento de Coria inicia las obras de reforma del acerado de la calle Garc\u00eda de Galarza\" \/>\n<meta property=\"og:description\" content=\"El Ayuntamiento de Coria ha iniciado hoy las obras de reforma del acerado de la calle Garc\u00eda de Galarza, una actuaci\u00f3n incluida dentro del proyecto de pavimentaci\u00f3n de v\u00edas p\u00fablicas y destinada a mejorar la accesibilidad y la seguridad de esta v\u00eda del municipio.\" \/>\n<meta property=\"og:url\" content=\"https:\/\/coria.org\/ayuntamiento\/index.php\/2026\/02\/02\/el-ayuntamiento-de-coria-inicia-las-obras-de-reforma-del-acerado-de-la-calle-garcia-de-galarza\/\" \/>\n<meta property=\"og:site_name\" content=\"Ayuntamiento de Coria\" \/>\n<meta property=\"article:publisher\" content=\"https:\/\/www.facebook.com\/Ayuntamiento.de.Coria\" \/>\n<meta property=\"article:published_time\" content=\"2026-02-02T12:46:16+00:00\" \/>\n<meta property=\"article:modified_time\" content=\"2026-02-25T11:29:13+00:00\" \/>\n<meta property=\"og:image\" content=\"https:\/\/coria.org\/ayuntamiento\/wp-content\/uploads\/2026\/02\/obras-galarza.webp\" \/>\n\t<meta property=\"og:image:width\" content=\"1920\" \/>\n\t<meta property=\"og:image:height\" content=\"1440\" \/>\n\t<meta property=\"og:image:type\" content=\"image\/webp\" \/>\n<meta name=\"author\" content=\"prensa@coria.org\" \/>\n<meta name=\"twitter:card\" content=\"summary_large_image\" \/>\n<meta name=\"twitter:title\" content=\"El Ayuntamiento de Coria inicia las obras de reforma del acerado de la calle Garc\u00eda de Galarza\" \/>\n<meta name=\"twitter:description\" content=\"El Ayuntamiento de Coria ha iniciado hoy las obras de reforma del acerado de la calle Garc\u00eda de Galarza, una actuaci\u00f3n incluida dentro del proyecto de pavimentaci\u00f3n de v\u00edas p\u00fablicas y destinada a mejorar la accesibilidad y la seguridad de esta v\u00eda del municipio.\" \/>\n<meta name=\"twitter:image\" content=\"https:\/\/coria.org\/ayuntamiento\/wp-content\/uploads\/2026\/02\/obras-galarza.webp\" \/>\n<meta name=\"twitter:creator\" content=\"@Ayto_de_Coria\" \/>\n<meta name=\"twitter:site\" content=\"@Ayto_de_Coria\" \/>\n<meta name=\"twitter:label1\" content=\"Escrito por\" \/>\n\t<meta name=\"twitter:data1\" content=\"prensa@coria.org\" \/>\n\t<meta name=\"twitter:label2\" content=\"Tiempo de lectura\" \/>\n\t<meta name=\"twitter:data2\" content=\"3 minutos\" \/>\n<script type=\"application\/ld+json\" class=\"yoast-schema-graph\">{\"@context\":\"https:\\\/\\\/schema.org\",\"@graph\":[{\"@type\":\"Article\",\"@id\":\"https:\\\/\\\/coria.org\\\/ayuntamiento\\\/index.php\\\/2026\\\/02\\\/02\\\/el-ayuntamiento-de-coria-inicia-las-obras-de-reforma-del-acerado-de-la-calle-garcia-de-galarza\\\/#article\",\"isPartOf\":{\"@id\":\"https:\\\/\\\/coria.org\\\/ayuntamiento\\\/index.php\\\/2026\\\/02\\\/02\\\/el-ayuntamiento-de-coria-inicia-las-obras-de-reforma-del-acerado-de-la-calle-garcia-de-galarza\\\/\"},\"author\":{\"name\":\"prensa@coria.org\",\"@id\":\"https:\\\/\\\/coria.org\\\/ayuntamiento\\\/#\\\/schema\\\/person\\\/e599808bcace6131357c531f55c6b600\"},\"headline\":\"El Ayuntamiento de Coria inicia las obras de reforma del acerado de la calle Garc\u00eda de Galarza\",\"datePublished\":\"2026-02-02T12:46:16+00:00\",\"dateModified\":\"2026-02-25T11:29:13+00:00\",\"mainEntityOfPage\":{\"@id\":\"https:\\\/\\\/coria.org\\\/ayuntamiento\\\/index.php\\\/2026\\\/02\\\/02\\\/el-ayuntamiento-de-coria-inicia-las-obras-de-reforma-del-acerado-de-la-calle-garcia-de-galarza\\\/\"},\"wordCount\":594,\"publisher\":{\"@id\":\"https:\\\/\\\/coria.org\\\/ayuntamiento\\\/#organization\"},\"image\":{\"@id\":\"https:\\\/\\\/coria.org\\\/ayuntamiento\\\/index.php\\\/2026\\\/02\\\/02\\\/el-ayuntamiento-de-coria-inicia-las-obras-de-reforma-del-acerado-de-la-calle-garcia-de-galarza\\\/#primaryimage\"},\"thumbnailUrl\":\"https:\\\/\\\/coria.org\\\/ayuntamiento\\\/wp-content\\\/uploads\\\/2026\\\/02\\\/obras-galarza.webp\",\"keywords\":[\"obras\"],\"articleSection\":[\"Noticias\"],\"inLanguage\":\"es\"},{\"@type\":\"WebPage\",\"@id\":\"https:\\\/\\\/coria.org\\\/ayuntamiento\\\/index.php\\\/2026\\\/02\\\/02\\\/el-ayuntamiento-de-coria-inicia-las-obras-de-reforma-del-acerado-de-la-calle-garcia-de-galarza\\\/\",\"url\":\"https:\\\/\\\/coria.org\\\/ayuntamiento\\\/index.php\\\/2026\\\/02\\\/02\\\/el-ayuntamiento-de-coria-inicia-las-obras-de-reforma-del-acerado-de-la-calle-garcia-de-galarza\\\/\",\"name\":\"El Ayuntamiento de Coria inicia las obras de reforma del acerado de la calle Garc\u00eda de Galarza - Ayuntamiento de Coria\",\"isPartOf\":{\"@id\":\"https:\\\/\\\/coria.org\\\/ayuntamiento\\\/#website\"},\"primaryImageOfPage\":{\"@id\":\"https:\\\/\\\/coria.org\\\/ayuntamiento\\\/index.php\\\/2026\\\/02\\\/02\\\/el-ayuntamiento-de-coria-inicia-las-obras-de-reforma-del-acerado-de-la-calle-garcia-de-galarza\\\/#primaryimage\"},\"image\":{\"@id\":\"https:\\\/\\\/coria.org\\\/ayuntamiento\\\/index.php\\\/2026\\\/02\\\/02\\\/el-ayuntamiento-de-coria-inicia-las-obras-de-reforma-del-acerado-de-la-calle-garcia-de-galarza\\\/#primaryimage\"},\"thumbnailUrl\":\"https:\\\/\\\/coria.org\\\/ayuntamiento\\\/wp-content\\\/uploads\\\/2026\\\/02\\\/obras-galarza.webp\",\"datePublished\":\"2026-02-02T12:46:16+00:00\",\"dateModified\":\"2026-02-25T11:29:13+00:00\",\"description\":\"El Ayuntamiento de Coria ha iniciado hoy las obras de reforma del acerado de la calle Garc\u00eda de Galarza, una actuaci\u00f3n incluida dentro del proyecto de pavimentaci\u00f3n de v\u00edas p\u00fablicas y destinada a mejorar la accesibilidad y la seguridad de esta v\u00eda del municipio.\",\"breadcrumb\":{\"@id\":\"https:\\\/\\\/coria.org\\\/ayuntamiento\\\/index.php\\\/2026\\\/02\\\/02\\\/el-ayuntamiento-de-coria-inicia-las-obras-de-reforma-del-acerado-de-la-calle-garcia-de-galarza\\\/#breadcrumb\"},\"inLanguage\":\"es\",\"potentialAction\":[{\"@type\":\"ReadAction\",\"target\":[\"https:\\\/\\\/coria.org\\\/ayuntamiento\\\/index.php\\\/2026\\\/02\\\/02\\\/el-ayuntamiento-de-coria-inicia-las-obras-de-reforma-del-acerado-de-la-calle-garcia-de-galarza\\\/\"]}]},{\"@type\":\"ImageObject\",\"inLanguage\":\"es\",\"@id\":\"https:\\\/\\\/coria.org\\\/ayuntamiento\\\/index.php\\\/2026\\\/02\\\/02\\\/el-ayuntamiento-de-coria-inicia-las-obras-de-reforma-del-acerado-de-la-calle-garcia-de-galarza\\\/#primaryimage\",\"url\":\"https:\\\/\\\/coria.org\\\/ayuntamiento\\\/wp-content\\\/uploads\\\/2026\\\/02\\\/obras-galarza.webp\",\"contentUrl\":\"https:\\\/\\\/coria.org\\\/ayuntamiento\\\/wp-content\\\/uploads\\\/2026\\\/02\\\/obras-galarza.webp\",\"width\":1920,\"height\":1440},{\"@type\":\"BreadcrumbList\",\"@id\":\"https:\\\/\\\/coria.org\\\/ayuntamiento\\\/index.php\\\/2026\\\/02\\\/02\\\/el-ayuntamiento-de-coria-inicia-las-obras-de-reforma-del-acerado-de-la-calle-garcia-de-galarza\\\/#breadcrumb\",\"itemListElement\":[{\"@type\":\"ListItem\",\"position\":1,\"name\":\"Inicio\",\"item\":\"https:\\\/\\\/coria.org\\\/ayuntamiento\\\/\"},{\"@type\":\"ListItem\",\"position\":2,\"name\":\"El Ayuntamiento de Coria inicia las obras de reforma del acerado de la calle Garc\u00eda de Galarza\"}]},{\"@type\":\"WebSite\",\"@id\":\"https:\\\/\\\/coria.org\\\/ayuntamiento\\\/#website\",\"url\":\"https:\\\/\\\/coria.org\\\/ayuntamiento\\\/\",\"name\":\"Ayuntamiento de Coria\",\"description\":\"Web oficial del Ayuntamiento de Coria\",\"publisher\":{\"@id\":\"https:\\\/\\\/coria.org\\\/ayuntamiento\\\/#organization\"},\"alternateName\":\"Web Oficial del Ayuntamiento de Coria\",\"potentialAction\":[{\"@type\":\"SearchAction\",\"target\":{\"@type\":\"EntryPoint\",\"urlTemplate\":\"https:\\\/\\\/coria.org\\\/ayuntamiento\\\/?s={search_term_string}\"},\"query-input\":{\"@type\":\"PropertyValueSpecification\",\"valueRequired\":true,\"valueName\":\"search_term_string\"}}],\"inLanguage\":\"es\"},{\"@type\":\"Organization\",\"@id\":\"https:\\\/\\\/coria.org\\\/ayuntamiento\\\/#organization\",\"name\":\"Ayuntamiento de Coria\",\"alternateName\":\"Ayto de Coria\",\"url\":\"https:\\\/\\\/coria.org\\\/ayuntamiento\\\/\",\"logo\":{\"@type\":\"ImageObject\",\"inLanguage\":\"es\",\"@id\":\"https:\\\/\\\/coria.org\\\/ayuntamiento\\\/#\\\/schema\\\/logo\\\/image\\\/\",\"url\":\"https:\\\/\\\/coria.org\\\/ayuntamiento\\\/wp-content\\\/uploads\\\/2020\\\/12\\\/escudo-ayuntamiento-coria.png\",\"contentUrl\":\"https:\\\/\\\/coria.org\\\/ayuntamiento\\\/wp-content\\\/uploads\\\/2020\\\/12\\\/escudo-ayuntamiento-coria.png\",\"width\":511,\"height\":240,\"caption\":\"Ayuntamiento de Coria\"},\"image\":{\"@id\":\"https:\\\/\\\/coria.org\\\/ayuntamiento\\\/#\\\/schema\\\/logo\\\/image\\\/\"},\"sameAs\":[\"https:\\\/\\\/www.facebook.com\\\/Ayuntamiento.de.Coria\",\"https:\\\/\\\/x.com\\\/Ayto_de_Coria\",\"https:\\\/\\\/www.instagram.com\\\/coria.ayuntamiento\\\/\",\"https:\\\/\\\/www.youtube.com\\\/user\\\/AYUNTAMIENTOCORIA\"]},{\"@type\":\"Person\",\"@id\":\"https:\\\/\\\/coria.org\\\/ayuntamiento\\\/#\\\/schema\\\/person\\\/e599808bcace6131357c531f55c6b600\",\"name\":\"prensa@coria.org\",\"image\":{\"@type\":\"ImageObject\",\"inLanguage\":\"es\",\"@id\":\"https:\\\/\\\/secure.gravatar.com\\\/avatar\\\/27aedb317acfc6f08831cc400fc47b05e64be7cc19749d7a736bdf9b11b9fc8b?s=96&d=mm&r=g\",\"url\":\"https:\\\/\\\/secure.gravatar.com\\\/avatar\\\/27aedb317acfc6f08831cc400fc47b05e64be7cc19749d7a736bdf9b11b9fc8b?s=96&d=mm&r=g\",\"contentUrl\":\"https:\\\/\\\/secure.gravatar.com\\\/avatar\\\/27aedb317acfc6f08831cc400fc47b05e64be7cc19749d7a736bdf9b11b9fc8b?s=96&d=mm&r=g\",\"caption\":\"prensa@coria.org\"}}]}<\/script>\n<!-- \/ Yoast SEO plugin. -->","yoast_head_json":{"title":"El Ayuntamiento de Coria inicia las obras de reforma del acerado de la calle Garc\u00eda de Galarza - Ayuntamiento de Coria","description":"El Ayuntamiento de Coria ha iniciado hoy las obras de reforma del acerado de la calle Garc\u00eda de Galarza, una actuaci\u00f3n incluida dentro del proyecto de pavimentaci\u00f3n de v\u00edas p\u00fablicas y destinada a mejorar la accesibilidad y la seguridad de esta v\u00eda del municipio.","robots":{"index":"index","follow":"follow","max-snippet":"max-snippet:-1","max-image-preview":"max-image-preview:large","max-video-preview":"max-video-preview:-1"},"canonical":"https:\/\/coria.org\/ayuntamiento\/index.php\/2026\/02\/02\/el-ayuntamiento-de-coria-inicia-las-obras-de-reforma-del-acerado-de-la-calle-garcia-de-galarza\/","og_locale":"es_ES","og_type":"article","og_title":"El Ayuntamiento de Coria inicia las obras de reforma del acerado de la calle Garc\u00eda de Galarza","og_description":"El Ayuntamiento de Coria ha iniciado hoy las obras de reforma del acerado de la calle Garc\u00eda de Galarza, una actuaci\u00f3n incluida dentro del proyecto de pavimentaci\u00f3n de v\u00edas p\u00fablicas y destinada a mejorar la accesibilidad y la seguridad de esta v\u00eda del municipio.","og_url":"https:\/\/coria.org\/ayuntamiento\/index.php\/2026\/02\/02\/el-ayuntamiento-de-coria-inicia-las-obras-de-reforma-del-acerado-de-la-calle-garcia-de-galarza\/","og_site_name":"Ayuntamiento de Coria","article_publisher":"https:\/\/www.facebook.com\/Ayuntamiento.de.Coria","article_published_time":"2026-02-02T12:46:16+00:00","article_modified_time":"2026-02-25T11:29:13+00:00","og_image":[{"width":1920,"height":1440,"url":"https:\/\/coria.org\/ayuntamiento\/wp-content\/uploads\/2026\/02\/obras-galarza.webp","type":"image\/webp"}],"author":"prensa@coria.org","twitter_card":"summary_large_image","twitter_title":"El Ayuntamiento de Coria inicia las obras de reforma del acerado de la calle Garc\u00eda de Galarza","twitter_description":"El Ayuntamiento de Coria ha iniciado hoy las obras de reforma del acerado de la calle Garc\u00eda de Galarza, una actuaci\u00f3n incluida dentro del proyecto de pavimentaci\u00f3n de v\u00edas p\u00fablicas y destinada a mejorar la accesibilidad y la seguridad de esta v\u00eda del municipio.","twitter_image":"https:\/\/coria.org\/ayuntamiento\/wp-content\/uploads\/2026\/02\/obras-galarza.webp","twitter_creator":"@Ayto_de_Coria","twitter_site":"@Ayto_de_Coria","twitter_misc":{"Escrito por":"prensa@coria.org","Tiempo de lectura":"3 minutos"},"schema":{"@context":"https:\/\/schema.org","@graph":[{"@type":"Article","@id":"https:\/\/coria.org\/ayuntamiento\/index.php\/2026\/02\/02\/el-ayuntamiento-de-coria-inicia-las-obras-de-reforma-del-acerado-de-la-calle-garcia-de-galarza\/#article","isPartOf":{"@id":"https:\/\/coria.org\/ayuntamiento\/index.php\/2026\/02\/02\/el-ayuntamiento-de-coria-inicia-las-obras-de-reforma-del-acerado-de-la-calle-garcia-de-galarza\/"},"author":{"name":"prensa@coria.org","@id":"https:\/\/coria.org\/ayuntamiento\/#\/schema\/person\/e599808bcace6131357c531f55c6b600"},"headline":"El Ayuntamiento de Coria inicia las obras de reforma del acerado de la calle Garc\u00eda de Galarza","datePublished":"2026-02-02T12:46:16+00:00","dateModified":"2026-02-25T11:29:13+00:00","mainEntityOfPage":{"@id":"https:\/\/coria.org\/ayuntamiento\/index.php\/2026\/02\/02\/el-ayuntamiento-de-coria-inicia-las-obras-de-reforma-del-acerado-de-la-calle-garcia-de-galarza\/"},"wordCount":594,"publisher":{"@id":"https:\/\/coria.org\/ayuntamiento\/#organization"},"image":{"@id":"https:\/\/coria.org\/ayuntamiento\/index.php\/2026\/02\/02\/el-ayuntamiento-de-coria-inicia-las-obras-de-reforma-del-acerado-de-la-calle-garcia-de-galarza\/#primaryimage"},"thumbnailUrl":"https:\/\/coria.org\/ayuntamiento\/wp-content\/uploads\/2026\/02\/obras-galarza.webp","keywords":["obras"],"articleSection":["Noticias"],"inLanguage":"es"},{"@type":"WebPage","@id":"https:\/\/coria.org\/ayuntamiento\/index.php\/2026\/02\/02\/el-ayuntamiento-de-coria-inicia-las-obras-de-reforma-del-acerado-de-la-calle-garcia-de-galarza\/","url":"https:\/\/coria.org\/ayuntamiento\/index.php\/2026\/02\/02\/el-ayuntamiento-de-coria-inicia-las-obras-de-reforma-del-acerado-de-la-calle-garcia-de-galarza\/","name":"El Ayuntamiento de Coria inicia las obras de reforma del acerado de la calle Garc\u00eda de Galarza - Ayuntamiento de Coria","isPartOf":{"@id":"https:\/\/coria.org\/ayuntamiento\/#website"},"primaryImageOfPage":{"@id":"https:\/\/coria.org\/ayuntamiento\/index.php\/2026\/02\/02\/el-ayuntamiento-de-coria-inicia-las-obras-de-reforma-del-acerado-de-la-calle-garcia-de-galarza\/#primaryimage"},"image":{"@id":"https:\/\/coria.org\/ayuntamiento\/index.php\/2026\/02\/02\/el-ayuntamiento-de-coria-inicia-las-obras-de-reforma-del-acerado-de-la-calle-garcia-de-galarza\/#primaryimage"},"thumbnailUrl":"https:\/\/coria.org\/ayuntamiento\/wp-content\/uploads\/2026\/02\/obras-galarza.webp","datePublished":"2026-02-02T12:46:16+00:00","dateModified":"2026-02-25T11:29:13+00:00","description":"El Ayuntamiento de Coria ha iniciado hoy las obras de reforma del acerado de la calle Garc\u00eda de Galarza, una actuaci\u00f3n incluida dentro del proyecto de pavimentaci\u00f3n de v\u00edas p\u00fablicas y destinada a mejorar la accesibilidad y la seguridad de esta v\u00eda del municipio.","breadcrumb":{"@id":"https:\/\/coria.org\/ayuntamiento\/index.php\/2026\/02\/02\/el-ayuntamiento-de-coria-inicia-las-obras-de-reforma-del-acerado-de-la-calle-garcia-de-galarza\/#breadcrumb"},"inLanguage":"es","potentialAction":[{"@type":"ReadAction","target":["https:\/\/coria.org\/ayuntamiento\/index.php\/2026\/02\/02\/el-ayuntamiento-de-coria-inicia-las-obras-de-reforma-del-acerado-de-la-calle-garcia-de-galarza\/"]}]},{"@type":"ImageObject","inLanguage":"es","@id":"https:\/\/coria.org\/ayuntamiento\/index.php\/2026\/02\/02\/el-ayuntamiento-de-coria-inicia-las-obras-de-reforma-del-acerado-de-la-calle-garcia-de-galarza\/#primaryimage","url":"https:\/\/coria.org\/ayuntamiento\/wp-content\/uploads\/2026\/02\/obras-galarza.webp","contentUrl":"https:\/\/coria.org\/ayuntamiento\/wp-content\/uploads\/2026\/02\/obras-galarza.webp","width":1920,"height":1440},{"@type":"BreadcrumbList","@id":"https:\/\/coria.org\/ayuntamiento\/index.php\/2026\/02\/02\/el-ayuntamiento-de-coria-inicia-las-obras-de-reforma-del-acerado-de-la-calle-garcia-de-galarza\/#breadcrumb","itemListElement":[{"@type":"ListItem","position":1,"name":"Inicio","item":"https:\/\/coria.org\/ayuntamiento\/"},{"@type":"ListItem","position":2,"name":"El Ayuntamiento de Coria inicia las obras de reforma del acerado de la calle Garc\u00eda de Galarza"}]},{"@type":"WebSite","@id":"https:\/\/coria.org\/ayuntamiento\/#website","url":"https:\/\/coria.org\/ayuntamiento\/","name":"Ayuntamiento de Coria","description":"Web oficial del Ayuntamiento de Coria","publisher":{"@id":"https:\/\/coria.org\/ayuntamiento\/#organization"},"alternateName":"Web Oficial del Ayuntamiento de Coria","potentialAction":[{"@type":"SearchAction","target":{"@type":"EntryPoint","urlTemplate":"https:\/\/coria.org\/ayuntamiento\/?s={search_term_string}"},"query-input":{"@type":"PropertyValueSpecification","valueRequired":true,"valueName":"search_term_string"}}],"inLanguage":"es"},{"@type":"Organization","@id":"https:\/\/coria.org\/ayuntamiento\/#organization","name":"Ayuntamiento de Coria","alternateName":"Ayto de Coria","url":"https:\/\/coria.org\/ayuntamiento\/","logo":{"@type":"ImageObject","inLanguage":"es","@id":"https:\/\/coria.org\/ayuntamiento\/#\/schema\/logo\/image\/","url":"https:\/\/coria.org\/ayuntamiento\/wp-content\/uploads\/2020\/12\/escudo-ayuntamiento-coria.png","contentUrl":"https:\/\/coria.org\/ayuntamiento\/wp-content\/uploads\/2020\/12\/escudo-ayuntamiento-coria.png","width":511,"height":240,"caption":"Ayuntamiento de Coria"},"image":{"@id":"https:\/\/coria.org\/ayuntamiento\/#\/schema\/logo\/image\/"},"sameAs":["https:\/\/www.facebook.com\/Ayuntamiento.de.Coria","https:\/\/x.com\/Ayto_de_Coria","https:\/\/www.instagram.com\/coria.ayuntamiento\/","https:\/\/www.youtube.com\/user\/AYUNTAMIENTOCORIA"]},{"@type":"Person","@id":"https:\/\/coria.org\/ayuntamiento\/#\/schema\/person\/e599808bcace6131357c531f55c6b600","name":"prensa@coria.org","image":{"@type":"ImageObject","inLanguage":"es","@id":"https:\/\/secure.gravatar.com\/avatar\/27aedb317acfc6f08831cc400fc47b05e64be7cc19749d7a736bdf9b11b9fc8b?s=96&d=mm&r=g","url":"https:\/\/secure.gravatar.com\/avatar\/27aedb317acfc6f08831cc400fc47b05e64be7cc19749d7a736bdf9b11b9fc8b?s=96&d=mm&r=g","contentUrl":"https:\/\/secure.gravatar.com\/avatar\/27aedb317acfc6f08831cc400fc47b05e64be7cc19749d7a736bdf9b11b9fc8b?s=96&d=mm&r=g","caption":"prensa@coria.org"}}]}},"uagb_featured_image_src":{"full":["https:\/\/coria.org\/ayuntamiento\/wp-content\/uploads\/2026\/02\/obras-galarza.webp",1920,1440,false],"thumbnail":["https:\/\/coria.org\/ayuntamiento\/wp-content\/uploads\/2026\/02\/obras-galarza-150x150.webp",150,150,true],"medium":["https:\/\/coria.org\/ayuntamiento\/wp-content\/uploads\/2026\/02\/obras-galarza.webp",1920,1440,false],"medium_large":["https:\/\/coria.org\/ayuntamiento\/wp-content\/uploads\/2026\/02\/obras-galarza-768x576.webp",768,576,true],"large":["https:\/\/coria.org\/ayuntamiento\/wp-content\/uploads\/2026\/02\/obras-galarza.webp",1920,1440,false],"thumblist":["https:\/\/coria.org\/ayuntamiento\/wp-content\/uploads\/2026\/02\/obras-galarza-300x300.webp",300,300,true],"thumbrelated":["https:\/\/coria.org\/ayuntamiento\/wp-content\/uploads\/2026\/02\/obras-galarza-500x500.webp",500,500,true],"meccarouselthumb":["https:\/\/coria.org\/ayuntamiento\/wp-content\/uploads\/2026\/02\/obras-galarza-474x324.webp",474,324,true],"gridsquare":["https:\/\/coria.org\/ayuntamiento\/wp-content\/uploads\/2026\/02\/obras-galarza-391x260.webp",391,260,true],"tileview":["https:\/\/coria.org\/ayuntamiento\/wp-content\/uploads\/2026\/02\/obras-galarza-300x400.webp",300,400,true],"1536x1536":["https:\/\/coria.org\/ayuntamiento\/wp-content\/uploads\/2026\/02\/obras-galarza-1536x1152.webp",1536,1152,true],"2048x2048":["https:\/\/coria.org\/ayuntamiento\/wp-content\/uploads\/2026\/02\/obras-galarza.webp",1920,1440,false]},"uagb_author_info":{"display_name":"prensa@coria.org","author_link":"https:\/\/coria.org\/ayuntamiento\/index.php\/author\/prensacoria-org\/"},"uagb_comment_info":0,"uagb_excerpt":"El Ayuntamiento de Coria ha iniciado hoy las obras de reforma del acerado de la calle Garc\u00eda de Galarza, una actuaci\u00f3n incluida dentro del proyecto de pavimentaci\u00f3n de v\u00edas p\u00fablicas y destinada a mejorar la accesibilidad y la seguridad de esta v\u00eda del municipio. La alcaldesa de Coria, Almudena Domingo, ha destacado que \u201ccon el&hellip;","_links":{"self":[{"href":"https:\/\/coria.org\/ayuntamiento\/index.php\/wp-json\/wp\/v2\/posts\/66013","targetHints":{"allow":["GET"]}}],"collection":[{"href":"https:\/\/coria.org\/ayuntamiento\/index.php\/wp-json\/wp\/v2\/posts"}],"about":[{"href":"https:\/\/coria.org\/ayuntamiento\/index.php\/wp-json\/wp\/v2\/types\/post"}],"author":[{"embeddable":true,"href":"https:\/\/coria.org\/ayuntamiento\/index.php\/wp-json\/wp\/v2\/users\/3"}],"replies":[{"embeddable":true,"href":"https:\/\/coria.org\/ayuntamiento\/index.php\/wp-json\/wp\/v2\/comments?post=66013"}],"version-history":[{"count":1,"href":"https:\/\/coria.org\/ayuntamiento\/index.php\/wp-json\/wp\/v2\/posts\/66013\/revisions"}],"predecessor-version":[{"id":66015,"href":"https:\/\/coria.org\/ayuntamiento\/index.php\/wp-json\/wp\/v2\/posts\/66013\/revisions\/66015"}],"wp:featuredmedia":[{"embeddable":true,"href":"https:\/\/coria.org\/ayuntamiento\/index.php\/wp-json\/wp\/v2\/media\/66014"}],"wp:attachment":[{"href":"https:\/\/coria.org\/ayuntamiento\/index.php\/wp-json\/wp\/v2\/media?parent=66013"}],"wp:term":[{"taxonomy":"category","embeddable":true,"href":"https:\/\/coria.org\/ayuntamiento\/index.php\/wp-json\/wp\/v2\/categories?post=66013"},{"taxonomy":"post_tag","embeddable":true,"href":"https:\/\/coria.org\/ayuntamiento\/index.php\/wp-json\/wp\/v2\/tags?post=66013"}],"curies":[{"name":"wp","href":"https:\/\/api.w.org\/{rel}","templated":true}]}}