{"id":65410,"date":"2025-10-02T11:49:28","date_gmt":"2025-10-02T09:49:28","guid":{"rendered":"https:\/\/coria.org\/ayuntamiento\/?p=65410"},"modified":"2025-10-17T11:30:04","modified_gmt":"2025-10-17T09:30:04","slug":"sale-a-licitacion-el-servicio-de-sonido-e-iluminacion-para-eventos-varios-durante-el-ano-2025-2026","status":"publish","type":"post","link":"https:\/\/coria.org\/ayuntamiento\/index.php\/2025\/10\/02\/sale-a-licitacion-el-servicio-de-sonido-e-iluminacion-para-eventos-varios-durante-el-ano-2025-2026\/","title":{"rendered":"Sale a licitaci\u00f3n el servicio de Sonido e Iluminaci\u00f3n para Eventos Varios durante el a\u00f1o 2025-2026"},"content":{"rendered":"\n<p>El Ayuntamiento de Coria saca a licitaci\u00f3n el servicio de Sonido e Iluminaci\u00f3n para Eventos durante el a\u00f1o 2025-2026. es decir, que la duraci\u00f3n del contrato ser\u00e1 de 1 a\u00f1o, con un per\u00edodo de prestaci\u00f3n del servicio entre el 18 de octubre de 2025 y el 30 de abril de 2026, comenzando en el ejercicio 2025.<\/p>\n\n\n<figure class=\"wp-block-post-featured-image\"><img loading=\"lazy\" decoding=\"async\" width=\"1600\" height=\"900\" src=\"https:\/\/coria.org\/ayuntamiento\/wp-content\/uploads\/2025\/10\/evento.webp\" class=\"attachment-post-thumbnail size-post-thumbnail wp-post-image\" alt=\"\" style=\"object-fit:cover;\" srcset=\"https:\/\/coria.org\/ayuntamiento\/wp-content\/uploads\/2025\/10\/evento.webp 1600w, https:\/\/coria.org\/ayuntamiento\/wp-content\/uploads\/2025\/10\/evento-768x432.webp 768w, https:\/\/coria.org\/ayuntamiento\/wp-content\/uploads\/2025\/10\/evento-1536x864.webp 1536w\" sizes=\"auto, (max-width: 1600px) 100vw, 1600px\" \/><\/figure>\n\n\n<p>Las empresas interesadas podr\u00e1n presentar sus solicitudes con toda la documentaci\u00f3n hasta el 16 de octubre del presente.<\/p>\n\n\n\n<p>Cabe destacar que, el Ayuntamiento de Coria organiza diversos eventos deportivos y culturales a lo largo del a\u00f1o, que requieren la instalaci\u00f3n de equipos de sonido, iluminaci\u00f3n e imagen, as\u00ed como de servicios aparejados a dichos eventos. Constituye el objeto del presente contrato, el servicio de equipos de sonido y pantalla de proyecci\u00f3n, as\u00ed como el servicio t\u00e9cnico para el montaje y control de dichos equipos y pantallas para aquellos eventos organizados por el Ayuntamiento de Coria que lo necesiten.<\/p>\n\n\n\n<p>Ha de tenerse presente, que esta Administraci\u00f3n Local no dispone de los materiales o equipos necesarios para el desarrollo de los eventos, ni del personal t\u00e9cnico cualificado que desempe\u00f1e funciones t\u00e9cnicas precisas para el montaje y control de dichos materiales. Por ello, resulta imprescindible contar con la prestaci\u00f3n, por un tercero, de los servicios que son objeto del presente expediente de contrataci\u00f3n que garantice tanto la prestaci\u00f3n del servicio t\u00e9cnico como la aportaci\u00f3n del equipamiento de sonorizaci\u00f3n e imagen necesario para la ejecuci\u00f3n de los distintos actos que se celebre.<\/p>\n\n\n\n<p>Toda la informaci\u00f3n relativa al contrato se encuentra publicada en la Plataforma de contrataci\u00f3n del Sector P\u00fablico.<\/p>\n","protected":false},"excerpt":{"rendered":"<p>El Ayuntamiento de Coria saca a licitaci\u00f3n el servicio de Sonido e Iluminaci\u00f3n para Eventos durante el a\u00f1o 2025-2026. es decir, que la duraci\u00f3n del contrato ser\u00e1 de 1 a\u00f1o, con un per\u00edodo de prestaci\u00f3n del servicio entre el 18 de octubre de 2025 y el 30 de abril de 2026, comenzando en el ejercicio [&hellip;]<\/p>\n","protected":false},"author":2,"featured_media":65411,"comment_status":"closed","ping_status":"closed","sticky":false,"template":"","format":"standard","meta":{"_uag_custom_page_level_css":"","footnotes":""},"categories":[2],"tags":[1859],"class_list":["post-65410","post","type-post","status-publish","format-standard","has-post-thumbnail","hentry","category-noticias","tag-eventos"],"yoast_head":"<!-- This site is optimized with the Yoast SEO plugin v27.5 - https:\/\/yoast.com\/product\/yoast-seo-wordpress\/ -->\n<title>Sale a licitaci\u00f3n el servicio de Sonido e Iluminaci\u00f3n para Eventos Varios durante el a\u00f1o 2025-2026 - Ayuntamiento de Coria<\/title>\n<meta name=\"description\" content=\"El Ayuntamiento de Coria saca a licitaci\u00f3n el servicio de Sonido e Iluminaci\u00f3n para Eventos durante el a\u00f1o 2025-2026. es decir, que la duraci\u00f3n del contrato ser\u00e1 de 1 a\u00f1o, con un per\u00edodo de prestaci\u00f3n del servicio entre el 18 de octubre de 2025 y el 30 de abril de 2026, comenzando en el ejercicio 2025.\" \/>\n<meta name=\"robots\" content=\"index, follow, max-snippet:-1, max-image-preview:large, max-video-preview:-1\" \/>\n<link rel=\"canonical\" href=\"https:\/\/coria.org\/ayuntamiento\/index.php\/2025\/10\/02\/sale-a-licitacion-el-servicio-de-sonido-e-iluminacion-para-eventos-varios-durante-el-ano-2025-2026\/\" \/>\n<meta property=\"og:locale\" content=\"es_ES\" \/>\n<meta property=\"og:type\" content=\"article\" \/>\n<meta property=\"og:title\" content=\"Sale a licitaci\u00f3n el servicio de Sonido e Iluminaci\u00f3n para Eventos Varios durante el a\u00f1o 2025-2026\" \/>\n<meta property=\"og:description\" content=\"El Ayuntamiento de Coria saca a licitaci\u00f3n el servicio de Sonido e Iluminaci\u00f3n para Eventos durante el a\u00f1o 2025-2026. es decir, que la duraci\u00f3n del contrato ser\u00e1 de 1 a\u00f1o, con un per\u00edodo de prestaci\u00f3n del servicio entre el 18 de octubre de 2025 y el 30 de abril de 2026, comenzando en el ejercicio 2025.\" \/>\n<meta property=\"og:url\" content=\"https:\/\/coria.org\/ayuntamiento\/index.php\/2025\/10\/02\/sale-a-licitacion-el-servicio-de-sonido-e-iluminacion-para-eventos-varios-durante-el-ano-2025-2026\/\" \/>\n<meta property=\"og:site_name\" content=\"Ayuntamiento de Coria\" \/>\n<meta property=\"article:publisher\" content=\"https:\/\/www.facebook.com\/Ayuntamiento.de.Coria\" \/>\n<meta property=\"article:published_time\" content=\"2025-10-02T09:49:28+00:00\" \/>\n<meta property=\"article:modified_time\" content=\"2025-10-17T09:30:04+00:00\" \/>\n<meta property=\"og:image\" content=\"https:\/\/coria.org\/ayuntamiento\/wp-content\/uploads\/2025\/10\/evento.webp\" \/>\n\t<meta property=\"og:image:width\" content=\"1600\" \/>\n\t<meta property=\"og:image:height\" content=\"900\" \/>\n\t<meta property=\"og:image:type\" content=\"image\/webp\" \/>\n<meta name=\"author\" content=\"ayuntamiento\" \/>\n<meta name=\"twitter:card\" content=\"summary_large_image\" \/>\n<meta name=\"twitter:title\" content=\"Sale a licitaci\u00f3n el servicio de Sonido e Iluminaci\u00f3n para Eventos Varios durante el a\u00f1o 2025-2026\" \/>\n<meta name=\"twitter:description\" content=\"El Ayuntamiento de Coria saca a licitaci\u00f3n el servicio de Sonido e Iluminaci\u00f3n para Eventos durante el a\u00f1o 2025-2026. es decir, que la duraci\u00f3n del contrato ser\u00e1 de 1 a\u00f1o, con un per\u00edodo de prestaci\u00f3n del servicio entre el 18 de octubre de 2025 y el 30 de abril de 2026, comenzando en el ejercicio 2025.\" \/>\n<meta name=\"twitter:image\" content=\"https:\/\/coria.org\/ayuntamiento\/wp-content\/uploads\/2025\/10\/evento.webp\" \/>\n<meta name=\"twitter:creator\" content=\"@Ayto_de_Coria\" \/>\n<meta name=\"twitter:site\" content=\"@Ayto_de_Coria\" \/>\n<meta name=\"twitter:label1\" content=\"Escrito por\" \/>\n\t<meta name=\"twitter:data1\" content=\"ayuntamiento\" \/>\n\t<meta name=\"twitter:label2\" content=\"Tiempo de lectura\" \/>\n\t<meta name=\"twitter:data2\" content=\"2 minutos\" \/>\n<script type=\"application\/ld+json\" class=\"yoast-schema-graph\">{\"@context\":\"https:\\\/\\\/schema.org\",\"@graph\":[{\"@type\":\"Article\",\"@id\":\"https:\\\/\\\/coria.org\\\/ayuntamiento\\\/index.php\\\/2025\\\/10\\\/02\\\/sale-a-licitacion-el-servicio-de-sonido-e-iluminacion-para-eventos-varios-durante-el-ano-2025-2026\\\/#article\",\"isPartOf\":{\"@id\":\"https:\\\/\\\/coria.org\\\/ayuntamiento\\\/index.php\\\/2025\\\/10\\\/02\\\/sale-a-licitacion-el-servicio-de-sonido-e-iluminacion-para-eventos-varios-durante-el-ano-2025-2026\\\/\"},\"author\":{\"name\":\"ayuntamiento\",\"@id\":\"https:\\\/\\\/coria.org\\\/ayuntamiento\\\/#\\\/schema\\\/person\\\/8bd589f0e13e8ae5aa06def7a599d622\"},\"headline\":\"Sale a licitaci\u00f3n el servicio de Sonido e Iluminaci\u00f3n para Eventos Varios durante el a\u00f1o 2025-2026\",\"datePublished\":\"2025-10-02T09:49:28+00:00\",\"dateModified\":\"2025-10-17T09:30:04+00:00\",\"mainEntityOfPage\":{\"@id\":\"https:\\\/\\\/coria.org\\\/ayuntamiento\\\/index.php\\\/2025\\\/10\\\/02\\\/sale-a-licitacion-el-servicio-de-sonido-e-iluminacion-para-eventos-varios-durante-el-ano-2025-2026\\\/\"},\"wordCount\":301,\"publisher\":{\"@id\":\"https:\\\/\\\/coria.org\\\/ayuntamiento\\\/#organization\"},\"image\":{\"@id\":\"https:\\\/\\\/coria.org\\\/ayuntamiento\\\/index.php\\\/2025\\\/10\\\/02\\\/sale-a-licitacion-el-servicio-de-sonido-e-iluminacion-para-eventos-varios-durante-el-ano-2025-2026\\\/#primaryimage\"},\"thumbnailUrl\":\"https:\\\/\\\/coria.org\\\/ayuntamiento\\\/wp-content\\\/uploads\\\/2025\\\/10\\\/evento.webp\",\"keywords\":[\"eventos\"],\"articleSection\":[\"Noticias\"],\"inLanguage\":\"es\"},{\"@type\":\"WebPage\",\"@id\":\"https:\\\/\\\/coria.org\\\/ayuntamiento\\\/index.php\\\/2025\\\/10\\\/02\\\/sale-a-licitacion-el-servicio-de-sonido-e-iluminacion-para-eventos-varios-durante-el-ano-2025-2026\\\/\",\"url\":\"https:\\\/\\\/coria.org\\\/ayuntamiento\\\/index.php\\\/2025\\\/10\\\/02\\\/sale-a-licitacion-el-servicio-de-sonido-e-iluminacion-para-eventos-varios-durante-el-ano-2025-2026\\\/\",\"name\":\"Sale a licitaci\u00f3n el servicio de Sonido e Iluminaci\u00f3n para Eventos Varios durante el a\u00f1o 2025-2026 - Ayuntamiento de Coria\",\"isPartOf\":{\"@id\":\"https:\\\/\\\/coria.org\\\/ayuntamiento\\\/#website\"},\"primaryImageOfPage\":{\"@id\":\"https:\\\/\\\/coria.org\\\/ayuntamiento\\\/index.php\\\/2025\\\/10\\\/02\\\/sale-a-licitacion-el-servicio-de-sonido-e-iluminacion-para-eventos-varios-durante-el-ano-2025-2026\\\/#primaryimage\"},\"image\":{\"@id\":\"https:\\\/\\\/coria.org\\\/ayuntamiento\\\/index.php\\\/2025\\\/10\\\/02\\\/sale-a-licitacion-el-servicio-de-sonido-e-iluminacion-para-eventos-varios-durante-el-ano-2025-2026\\\/#primaryimage\"},\"thumbnailUrl\":\"https:\\\/\\\/coria.org\\\/ayuntamiento\\\/wp-content\\\/uploads\\\/2025\\\/10\\\/evento.webp\",\"datePublished\":\"2025-10-02T09:49:28+00:00\",\"dateModified\":\"2025-10-17T09:30:04+00:00\",\"description\":\"El Ayuntamiento de Coria saca a licitaci\u00f3n el servicio de Sonido e Iluminaci\u00f3n para Eventos durante el a\u00f1o 2025-2026. es decir, que la duraci\u00f3n del contrato ser\u00e1 de 1 a\u00f1o, con un per\u00edodo de prestaci\u00f3n del servicio entre el 18 de octubre de 2025 y el 30 de abril de 2026, comenzando en el ejercicio 2025.\",\"breadcrumb\":{\"@id\":\"https:\\\/\\\/coria.org\\\/ayuntamiento\\\/index.php\\\/2025\\\/10\\\/02\\\/sale-a-licitacion-el-servicio-de-sonido-e-iluminacion-para-eventos-varios-durante-el-ano-2025-2026\\\/#breadcrumb\"},\"inLanguage\":\"es\",\"potentialAction\":[{\"@type\":\"ReadAction\",\"target\":[\"https:\\\/\\\/coria.org\\\/ayuntamiento\\\/index.php\\\/2025\\\/10\\\/02\\\/sale-a-licitacion-el-servicio-de-sonido-e-iluminacion-para-eventos-varios-durante-el-ano-2025-2026\\\/\"]}]},{\"@type\":\"ImageObject\",\"inLanguage\":\"es\",\"@id\":\"https:\\\/\\\/coria.org\\\/ayuntamiento\\\/index.php\\\/2025\\\/10\\\/02\\\/sale-a-licitacion-el-servicio-de-sonido-e-iluminacion-para-eventos-varios-durante-el-ano-2025-2026\\\/#primaryimage\",\"url\":\"https:\\\/\\\/coria.org\\\/ayuntamiento\\\/wp-content\\\/uploads\\\/2025\\\/10\\\/evento.webp\",\"contentUrl\":\"https:\\\/\\\/coria.org\\\/ayuntamiento\\\/wp-content\\\/uploads\\\/2025\\\/10\\\/evento.webp\",\"width\":1600,\"height\":900},{\"@type\":\"BreadcrumbList\",\"@id\":\"https:\\\/\\\/coria.org\\\/ayuntamiento\\\/index.php\\\/2025\\\/10\\\/02\\\/sale-a-licitacion-el-servicio-de-sonido-e-iluminacion-para-eventos-varios-durante-el-ano-2025-2026\\\/#breadcrumb\",\"itemListElement\":[{\"@type\":\"ListItem\",\"position\":1,\"name\":\"Inicio\",\"item\":\"https:\\\/\\\/coria.org\\\/ayuntamiento\\\/\"},{\"@type\":\"ListItem\",\"position\":2,\"name\":\"Sale a licitaci\u00f3n el servicio de Sonido e Iluminaci\u00f3n para Eventos Varios durante el a\u00f1o 2025-2026\"}]},{\"@type\":\"WebSite\",\"@id\":\"https:\\\/\\\/coria.org\\\/ayuntamiento\\\/#website\",\"url\":\"https:\\\/\\\/coria.org\\\/ayuntamiento\\\/\",\"name\":\"Ayuntamiento de Coria\",\"description\":\"Web oficial del Ayuntamiento de Coria\",\"publisher\":{\"@id\":\"https:\\\/\\\/coria.org\\\/ayuntamiento\\\/#organization\"},\"alternateName\":\"Web Oficial del Ayuntamiento de Coria\",\"potentialAction\":[{\"@type\":\"SearchAction\",\"target\":{\"@type\":\"EntryPoint\",\"urlTemplate\":\"https:\\\/\\\/coria.org\\\/ayuntamiento\\\/?s={search_term_string}\"},\"query-input\":{\"@type\":\"PropertyValueSpecification\",\"valueRequired\":true,\"valueName\":\"search_term_string\"}}],\"inLanguage\":\"es\"},{\"@type\":\"Organization\",\"@id\":\"https:\\\/\\\/coria.org\\\/ayuntamiento\\\/#organization\",\"name\":\"Ayuntamiento de Coria\",\"alternateName\":\"Ayto de Coria\",\"url\":\"https:\\\/\\\/coria.org\\\/ayuntamiento\\\/\",\"logo\":{\"@type\":\"ImageObject\",\"inLanguage\":\"es\",\"@id\":\"https:\\\/\\\/coria.org\\\/ayuntamiento\\\/#\\\/schema\\\/logo\\\/image\\\/\",\"url\":\"https:\\\/\\\/coria.org\\\/ayuntamiento\\\/wp-content\\\/uploads\\\/2020\\\/12\\\/escudo-ayuntamiento-coria.png\",\"contentUrl\":\"https:\\\/\\\/coria.org\\\/ayuntamiento\\\/wp-content\\\/uploads\\\/2020\\\/12\\\/escudo-ayuntamiento-coria.png\",\"width\":511,\"height\":240,\"caption\":\"Ayuntamiento de Coria\"},\"image\":{\"@id\":\"https:\\\/\\\/coria.org\\\/ayuntamiento\\\/#\\\/schema\\\/logo\\\/image\\\/\"},\"sameAs\":[\"https:\\\/\\\/www.facebook.com\\\/Ayuntamiento.de.Coria\",\"https:\\\/\\\/x.com\\\/Ayto_de_Coria\",\"https:\\\/\\\/www.instagram.com\\\/coria.ayuntamiento\\\/\",\"https:\\\/\\\/www.youtube.com\\\/user\\\/AYUNTAMIENTOCORIA\"]},{\"@type\":\"Person\",\"@id\":\"https:\\\/\\\/coria.org\\\/ayuntamiento\\\/#\\\/schema\\\/person\\\/8bd589f0e13e8ae5aa06def7a599d622\",\"name\":\"ayuntamiento\",\"image\":{\"@type\":\"ImageObject\",\"inLanguage\":\"es\",\"@id\":\"https:\\\/\\\/secure.gravatar.com\\\/avatar\\\/966e5ed73cad334adda5c87f49f2547f7082f7292c1b627cbb548744383b391c?s=96&d=mm&r=g\",\"url\":\"https:\\\/\\\/secure.gravatar.com\\\/avatar\\\/966e5ed73cad334adda5c87f49f2547f7082f7292c1b627cbb548744383b391c?s=96&d=mm&r=g\",\"contentUrl\":\"https:\\\/\\\/secure.gravatar.com\\\/avatar\\\/966e5ed73cad334adda5c87f49f2547f7082f7292c1b627cbb548744383b391c?s=96&d=mm&r=g\",\"caption\":\"ayuntamiento\"}}]}<\/script>\n<!-- \/ Yoast SEO plugin. -->","yoast_head_json":{"title":"Sale a licitaci\u00f3n el servicio de Sonido e Iluminaci\u00f3n para Eventos Varios durante el a\u00f1o 2025-2026 - Ayuntamiento de Coria","description":"El Ayuntamiento de Coria saca a licitaci\u00f3n el servicio de Sonido e Iluminaci\u00f3n para Eventos durante el a\u00f1o 2025-2026. es decir, que la duraci\u00f3n del contrato ser\u00e1 de 1 a\u00f1o, con un per\u00edodo de prestaci\u00f3n del servicio entre el 18 de octubre de 2025 y el 30 de abril de 2026, comenzando en el ejercicio 2025.","robots":{"index":"index","follow":"follow","max-snippet":"max-snippet:-1","max-image-preview":"max-image-preview:large","max-video-preview":"max-video-preview:-1"},"canonical":"https:\/\/coria.org\/ayuntamiento\/index.php\/2025\/10\/02\/sale-a-licitacion-el-servicio-de-sonido-e-iluminacion-para-eventos-varios-durante-el-ano-2025-2026\/","og_locale":"es_ES","og_type":"article","og_title":"Sale a licitaci\u00f3n el servicio de Sonido e Iluminaci\u00f3n para Eventos Varios durante el a\u00f1o 2025-2026","og_description":"El Ayuntamiento de Coria saca a licitaci\u00f3n el servicio de Sonido e Iluminaci\u00f3n para Eventos durante el a\u00f1o 2025-2026. es decir, que la duraci\u00f3n del contrato ser\u00e1 de 1 a\u00f1o, con un per\u00edodo de prestaci\u00f3n del servicio entre el 18 de octubre de 2025 y el 30 de abril de 2026, comenzando en el ejercicio 2025.","og_url":"https:\/\/coria.org\/ayuntamiento\/index.php\/2025\/10\/02\/sale-a-licitacion-el-servicio-de-sonido-e-iluminacion-para-eventos-varios-durante-el-ano-2025-2026\/","og_site_name":"Ayuntamiento de Coria","article_publisher":"https:\/\/www.facebook.com\/Ayuntamiento.de.Coria","article_published_time":"2025-10-02T09:49:28+00:00","article_modified_time":"2025-10-17T09:30:04+00:00","og_image":[{"width":1600,"height":900,"url":"https:\/\/coria.org\/ayuntamiento\/wp-content\/uploads\/2025\/10\/evento.webp","type":"image\/webp"}],"author":"ayuntamiento","twitter_card":"summary_large_image","twitter_title":"Sale a licitaci\u00f3n el servicio de Sonido e Iluminaci\u00f3n para Eventos Varios durante el a\u00f1o 2025-2026","twitter_description":"El Ayuntamiento de Coria saca a licitaci\u00f3n el servicio de Sonido e Iluminaci\u00f3n para Eventos durante el a\u00f1o 2025-2026. es decir, que la duraci\u00f3n del contrato ser\u00e1 de 1 a\u00f1o, con un per\u00edodo de prestaci\u00f3n del servicio entre el 18 de octubre de 2025 y el 30 de abril de 2026, comenzando en el ejercicio 2025.","twitter_image":"https:\/\/coria.org\/ayuntamiento\/wp-content\/uploads\/2025\/10\/evento.webp","twitter_creator":"@Ayto_de_Coria","twitter_site":"@Ayto_de_Coria","twitter_misc":{"Escrito por":"ayuntamiento","Tiempo de lectura":"2 minutos"},"schema":{"@context":"https:\/\/schema.org","@graph":[{"@type":"Article","@id":"https:\/\/coria.org\/ayuntamiento\/index.php\/2025\/10\/02\/sale-a-licitacion-el-servicio-de-sonido-e-iluminacion-para-eventos-varios-durante-el-ano-2025-2026\/#article","isPartOf":{"@id":"https:\/\/coria.org\/ayuntamiento\/index.php\/2025\/10\/02\/sale-a-licitacion-el-servicio-de-sonido-e-iluminacion-para-eventos-varios-durante-el-ano-2025-2026\/"},"author":{"name":"ayuntamiento","@id":"https:\/\/coria.org\/ayuntamiento\/#\/schema\/person\/8bd589f0e13e8ae5aa06def7a599d622"},"headline":"Sale a licitaci\u00f3n el servicio de Sonido e Iluminaci\u00f3n para Eventos Varios durante el a\u00f1o 2025-2026","datePublished":"2025-10-02T09:49:28+00:00","dateModified":"2025-10-17T09:30:04+00:00","mainEntityOfPage":{"@id":"https:\/\/coria.org\/ayuntamiento\/index.php\/2025\/10\/02\/sale-a-licitacion-el-servicio-de-sonido-e-iluminacion-para-eventos-varios-durante-el-ano-2025-2026\/"},"wordCount":301,"publisher":{"@id":"https:\/\/coria.org\/ayuntamiento\/#organization"},"image":{"@id":"https:\/\/coria.org\/ayuntamiento\/index.php\/2025\/10\/02\/sale-a-licitacion-el-servicio-de-sonido-e-iluminacion-para-eventos-varios-durante-el-ano-2025-2026\/#primaryimage"},"thumbnailUrl":"https:\/\/coria.org\/ayuntamiento\/wp-content\/uploads\/2025\/10\/evento.webp","keywords":["eventos"],"articleSection":["Noticias"],"inLanguage":"es"},{"@type":"WebPage","@id":"https:\/\/coria.org\/ayuntamiento\/index.php\/2025\/10\/02\/sale-a-licitacion-el-servicio-de-sonido-e-iluminacion-para-eventos-varios-durante-el-ano-2025-2026\/","url":"https:\/\/coria.org\/ayuntamiento\/index.php\/2025\/10\/02\/sale-a-licitacion-el-servicio-de-sonido-e-iluminacion-para-eventos-varios-durante-el-ano-2025-2026\/","name":"Sale a licitaci\u00f3n el servicio de Sonido e Iluminaci\u00f3n para Eventos Varios durante el a\u00f1o 2025-2026 - Ayuntamiento de Coria","isPartOf":{"@id":"https:\/\/coria.org\/ayuntamiento\/#website"},"primaryImageOfPage":{"@id":"https:\/\/coria.org\/ayuntamiento\/index.php\/2025\/10\/02\/sale-a-licitacion-el-servicio-de-sonido-e-iluminacion-para-eventos-varios-durante-el-ano-2025-2026\/#primaryimage"},"image":{"@id":"https:\/\/coria.org\/ayuntamiento\/index.php\/2025\/10\/02\/sale-a-licitacion-el-servicio-de-sonido-e-iluminacion-para-eventos-varios-durante-el-ano-2025-2026\/#primaryimage"},"thumbnailUrl":"https:\/\/coria.org\/ayuntamiento\/wp-content\/uploads\/2025\/10\/evento.webp","datePublished":"2025-10-02T09:49:28+00:00","dateModified":"2025-10-17T09:30:04+00:00","description":"El Ayuntamiento de Coria saca a licitaci\u00f3n el servicio de Sonido e Iluminaci\u00f3n para Eventos durante el a\u00f1o 2025-2026. es decir, que la duraci\u00f3n del contrato ser\u00e1 de 1 a\u00f1o, con un per\u00edodo de prestaci\u00f3n del servicio entre el 18 de octubre de 2025 y el 30 de abril de 2026, comenzando en el ejercicio 2025.","breadcrumb":{"@id":"https:\/\/coria.org\/ayuntamiento\/index.php\/2025\/10\/02\/sale-a-licitacion-el-servicio-de-sonido-e-iluminacion-para-eventos-varios-durante-el-ano-2025-2026\/#breadcrumb"},"inLanguage":"es","potentialAction":[{"@type":"ReadAction","target":["https:\/\/coria.org\/ayuntamiento\/index.php\/2025\/10\/02\/sale-a-licitacion-el-servicio-de-sonido-e-iluminacion-para-eventos-varios-durante-el-ano-2025-2026\/"]}]},{"@type":"ImageObject","inLanguage":"es","@id":"https:\/\/coria.org\/ayuntamiento\/index.php\/2025\/10\/02\/sale-a-licitacion-el-servicio-de-sonido-e-iluminacion-para-eventos-varios-durante-el-ano-2025-2026\/#primaryimage","url":"https:\/\/coria.org\/ayuntamiento\/wp-content\/uploads\/2025\/10\/evento.webp","contentUrl":"https:\/\/coria.org\/ayuntamiento\/wp-content\/uploads\/2025\/10\/evento.webp","width":1600,"height":900},{"@type":"BreadcrumbList","@id":"https:\/\/coria.org\/ayuntamiento\/index.php\/2025\/10\/02\/sale-a-licitacion-el-servicio-de-sonido-e-iluminacion-para-eventos-varios-durante-el-ano-2025-2026\/#breadcrumb","itemListElement":[{"@type":"ListItem","position":1,"name":"Inicio","item":"https:\/\/coria.org\/ayuntamiento\/"},{"@type":"ListItem","position":2,"name":"Sale a licitaci\u00f3n el servicio de Sonido e Iluminaci\u00f3n para Eventos Varios durante el a\u00f1o 2025-2026"}]},{"@type":"WebSite","@id":"https:\/\/coria.org\/ayuntamiento\/#website","url":"https:\/\/coria.org\/ayuntamiento\/","name":"Ayuntamiento de Coria","description":"Web oficial del Ayuntamiento de Coria","publisher":{"@id":"https:\/\/coria.org\/ayuntamiento\/#organization"},"alternateName":"Web Oficial del Ayuntamiento de Coria","potentialAction":[{"@type":"SearchAction","target":{"@type":"EntryPoint","urlTemplate":"https:\/\/coria.org\/ayuntamiento\/?s={search_term_string}"},"query-input":{"@type":"PropertyValueSpecification","valueRequired":true,"valueName":"search_term_string"}}],"inLanguage":"es"},{"@type":"Organization","@id":"https:\/\/coria.org\/ayuntamiento\/#organization","name":"Ayuntamiento de Coria","alternateName":"Ayto de Coria","url":"https:\/\/coria.org\/ayuntamiento\/","logo":{"@type":"ImageObject","inLanguage":"es","@id":"https:\/\/coria.org\/ayuntamiento\/#\/schema\/logo\/image\/","url":"https:\/\/coria.org\/ayuntamiento\/wp-content\/uploads\/2020\/12\/escudo-ayuntamiento-coria.png","contentUrl":"https:\/\/coria.org\/ayuntamiento\/wp-content\/uploads\/2020\/12\/escudo-ayuntamiento-coria.png","width":511,"height":240,"caption":"Ayuntamiento de Coria"},"image":{"@id":"https:\/\/coria.org\/ayuntamiento\/#\/schema\/logo\/image\/"},"sameAs":["https:\/\/www.facebook.com\/Ayuntamiento.de.Coria","https:\/\/x.com\/Ayto_de_Coria","https:\/\/www.instagram.com\/coria.ayuntamiento\/","https:\/\/www.youtube.com\/user\/AYUNTAMIENTOCORIA"]},{"@type":"Person","@id":"https:\/\/coria.org\/ayuntamiento\/#\/schema\/person\/8bd589f0e13e8ae5aa06def7a599d622","name":"ayuntamiento","image":{"@type":"ImageObject","inLanguage":"es","@id":"https:\/\/secure.gravatar.com\/avatar\/966e5ed73cad334adda5c87f49f2547f7082f7292c1b627cbb548744383b391c?s=96&d=mm&r=g","url":"https:\/\/secure.gravatar.com\/avatar\/966e5ed73cad334adda5c87f49f2547f7082f7292c1b627cbb548744383b391c?s=96&d=mm&r=g","contentUrl":"https:\/\/secure.gravatar.com\/avatar\/966e5ed73cad334adda5c87f49f2547f7082f7292c1b627cbb548744383b391c?s=96&d=mm&r=g","caption":"ayuntamiento"}}]}},"uagb_featured_image_src":{"full":["https:\/\/coria.org\/ayuntamiento\/wp-content\/uploads\/2025\/10\/evento.webp",1600,900,false],"thumbnail":["https:\/\/coria.org\/ayuntamiento\/wp-content\/uploads\/2025\/10\/evento-150x150.webp",150,150,true],"medium":["https:\/\/coria.org\/ayuntamiento\/wp-content\/uploads\/2025\/10\/evento.webp",1600,900,false],"medium_large":["https:\/\/coria.org\/ayuntamiento\/wp-content\/uploads\/2025\/10\/evento-768x432.webp",768,432,true],"large":["https:\/\/coria.org\/ayuntamiento\/wp-content\/uploads\/2025\/10\/evento.webp",1600,900,false],"thumblist":["https:\/\/coria.org\/ayuntamiento\/wp-content\/uploads\/2025\/10\/evento-300x300.webp",300,300,true],"thumbrelated":["https:\/\/coria.org\/ayuntamiento\/wp-content\/uploads\/2025\/10\/evento-500x500.webp",500,500,true],"meccarouselthumb":["https:\/\/coria.org\/ayuntamiento\/wp-content\/uploads\/2025\/10\/evento-474x324.webp",474,324,true],"gridsquare":["https:\/\/coria.org\/ayuntamiento\/wp-content\/uploads\/2025\/10\/evento-391x260.webp",391,260,true],"tileview":["https:\/\/coria.org\/ayuntamiento\/wp-content\/uploads\/2025\/10\/evento-300x400.webp",300,400,true],"1536x1536":["https:\/\/coria.org\/ayuntamiento\/wp-content\/uploads\/2025\/10\/evento-1536x864.webp",1536,864,true],"2048x2048":["https:\/\/coria.org\/ayuntamiento\/wp-content\/uploads\/2025\/10\/evento.webp",1600,900,false]},"uagb_author_info":{"display_name":"ayuntamiento","author_link":"https:\/\/coria.org\/ayuntamiento\/index.php\/author\/ayuntamiento\/"},"uagb_comment_info":0,"uagb_excerpt":"El Ayuntamiento de Coria saca a licitaci\u00f3n el servicio de Sonido e Iluminaci\u00f3n para Eventos durante el a\u00f1o 2025-2026. es decir, que la duraci\u00f3n del contrato ser\u00e1 de 1 a\u00f1o, con un per\u00edodo de prestaci\u00f3n del servicio entre el 18 de octubre de 2025 y el 30 de abril de 2026, comenzando en el ejercicio&hellip;","_links":{"self":[{"href":"https:\/\/coria.org\/ayuntamiento\/index.php\/wp-json\/wp\/v2\/posts\/65410","targetHints":{"allow":["GET"]}}],"collection":[{"href":"https:\/\/coria.org\/ayuntamiento\/index.php\/wp-json\/wp\/v2\/posts"}],"about":[{"href":"https:\/\/coria.org\/ayuntamiento\/index.php\/wp-json\/wp\/v2\/types\/post"}],"author":[{"embeddable":true,"href":"https:\/\/coria.org\/ayuntamiento\/index.php\/wp-json\/wp\/v2\/users\/2"}],"replies":[{"embeddable":true,"href":"https:\/\/coria.org\/ayuntamiento\/index.php\/wp-json\/wp\/v2\/comments?post=65410"}],"version-history":[{"count":0,"href":"https:\/\/coria.org\/ayuntamiento\/index.php\/wp-json\/wp\/v2\/posts\/65410\/revisions"}],"wp:featuredmedia":[{"embeddable":true,"href":"https:\/\/coria.org\/ayuntamiento\/index.php\/wp-json\/wp\/v2\/media\/65411"}],"wp:attachment":[{"href":"https:\/\/coria.org\/ayuntamiento\/index.php\/wp-json\/wp\/v2\/media?parent=65410"}],"wp:term":[{"taxonomy":"category","embeddable":true,"href":"https:\/\/coria.org\/ayuntamiento\/index.php\/wp-json\/wp\/v2\/categories?post=65410"},{"taxonomy":"post_tag","embeddable":true,"href":"https:\/\/coria.org\/ayuntamiento\/index.php\/wp-json\/wp\/v2\/tags?post=65410"}],"curies":[{"name":"wp","href":"https:\/\/api.w.org\/{rel}","templated":true}]}}