{"id":64686,"date":"2025-05-30T14:18:03","date_gmt":"2025-05-30T12:18:03","guid":{"rendered":"https:\/\/coria.org\/ayuntamiento\/?p=64686"},"modified":"2025-09-11T14:15:37","modified_gmt":"2025-09-11T12:15:37","slug":"abierto-el-plazo-de-inscripcion-para-los-ciclos-formativos-en-los-centros-de-educacion-secundaria-de-coria","status":"publish","type":"post","link":"https:\/\/coria.org\/ayuntamiento\/index.php\/2025\/05\/30\/abierto-el-plazo-de-inscripcion-para-los-ciclos-formativos-en-los-centros-de-educacion-secundaria-de-coria\/","title":{"rendered":"Abierto el plazo de inscripci\u00f3n para los ciclos formativos en los centros de educaci\u00f3n secundaria de Coria"},"content":{"rendered":"\n<p>Los centros educativos de secundaria de la ciudad abren el plazo de admisi\u00f3n para cursar ciclos formativos de grado b\u00e1sico, medio y superior ofertados por el IES Alag\u00f3n e IES Caurium.<\/p>\n\n\n<figure class=\"wp-block-post-featured-image\"><img loading=\"lazy\" decoding=\"async\" width=\"1920\" height=\"1080\" src=\"https:\/\/coria.org\/ayuntamiento\/wp-content\/uploads\/2025\/05\/ciclos-formativos-2025.webp\" class=\"attachment-post-thumbnail size-post-thumbnail wp-post-image\" alt=\"\" style=\"object-fit:cover;\" srcset=\"https:\/\/coria.org\/ayuntamiento\/wp-content\/uploads\/2025\/05\/ciclos-formativos-2025.webp 1920w, https:\/\/coria.org\/ayuntamiento\/wp-content\/uploads\/2025\/05\/ciclos-formativos-2025-768x432.webp 768w, https:\/\/coria.org\/ayuntamiento\/wp-content\/uploads\/2025\/05\/ciclos-formativos-2025-1536x864.webp 1536w\" sizes=\"auto, (max-width: 1920px) 100vw, 1920px\" \/><\/figure>\n\n\n<p><strong>El plazo abarca desde el d\u00eda 29 de mayo y finaliza el 26 de junio. <\/strong>Toda aquella persona que necesite m\u00e1s informaci\u00f3n u orientaci\u00f3n, puede acudir al departamento de orientaci\u00f3n de cada uno de los institutos.<\/p>\n\n\n\n<p>Adem\u00e1s de los ya existentes en cada uno de los centros educativos de la ciudad, cabe recordar que, el IES Caurium incorpora el grado medio de Instalaciones de Telecomunicaciones, mientras que el IES Alag\u00f3n dispondr\u00e1 del grado medio de Electromec\u00e1nica de Maquinaria.<\/p>\n\n\n\n<p>Por tanto, la Ciudad de Coria contar\u00e1 con dos nuevos ciclos formativos de Formaci\u00f3n Profesional de grado medio, de cara al curso acad\u00e9mico 2025\/2026, en los dos institutos existentes en el municipio.<\/p>\n\n\n\n<p>El IES Caurium ofrecer\u00e1 el grado medio de Instalaciones de Telecomunicaciones; una formaci\u00f3n dirigida al montaje y mantenimiento de infraestructuras de telecomunicaciones, sistemas de videovigilancia (CCTV) y seguridad electr\u00f3nica; sonorizaci\u00f3n, megafon\u00eda y dom\u00f3tica, adem\u00e1s de soporte de equipos inform\u00e1ticos.<\/p>\n\n\n\n<p>Por otra parte, el IES Alag\u00f3n implantar\u00e1 el grado medio de Electromec\u00e1nica de Maquinaria; una titulaci\u00f3n con la que se pretende que el alumnado aprenda a localizar aver\u00edas en los sistemas mec\u00e1nicos, hidr\u00e1ulicos, neum\u00e1ticos y el\u00e9ctrico-electr\u00f3nicos y de maquinaria, y, a su vez, reparar los motores t\u00e9rmicos y sus sistemas auxiliares.<\/p>\n\n\n\n<p>La Alcaldesa de la Ciudad, Almudena Domingo, ha agradecido el compromiso de la Junta de Extremadura con la mejora de la oferta educativa en nuestro municipio. \u201cEs una apuesta por una Formaci\u00f3n Profesional de calidad, que se adapta al mercado laboral y refuerza el posicionamiento de Coria como referente comarcal en el \u00e1mbito educativo\u201d, ha destacado la primer edil.<\/p>\n","protected":false},"excerpt":{"rendered":"<p>Los centros educativos de secundaria de la ciudad abren el plazo de admisi\u00f3n para cursar ciclos formativos de grado b\u00e1sico, medio y superior ofertados por el IES Alag\u00f3n e IES Caurium. El plazo abarca desde el d\u00eda 29 de mayo y finaliza el 26 de junio. Toda aquella persona que necesite m\u00e1s informaci\u00f3n u orientaci\u00f3n, [&hellip;]<\/p>\n","protected":false},"author":2,"featured_media":64689,"comment_status":"closed","ping_status":"closed","sticky":false,"template":"","format":"standard","meta":{"_uag_custom_page_level_css":"","footnotes":""},"categories":[2],"tags":[584],"class_list":["post-64686","post","type-post","status-publish","format-standard","has-post-thumbnail","hentry","category-noticias","tag-formacion"],"yoast_head":"<!-- This site is optimized with the Yoast SEO plugin v27.5 - https:\/\/yoast.com\/product\/yoast-seo-wordpress\/ -->\n<title>Abierto el plazo de inscripci\u00f3n para los ciclos formativos en los centros de educaci\u00f3n secundaria de Coria - Ayuntamiento de Coria<\/title>\n<meta name=\"description\" content=\"Los centros educativos de secundaria de la ciudad abren el plazo de admisi\u00f3n para cursar ciclos formativos de grado b\u00e1sico, medio y superior ofertados por el IES Alag\u00f3n e IES Caurium.\" \/>\n<meta name=\"robots\" content=\"index, follow, max-snippet:-1, max-image-preview:large, max-video-preview:-1\" \/>\n<link rel=\"canonical\" href=\"https:\/\/coria.org\/ayuntamiento\/index.php\/2025\/05\/30\/abierto-el-plazo-de-inscripcion-para-los-ciclos-formativos-en-los-centros-de-educacion-secundaria-de-coria\/\" \/>\n<meta property=\"og:locale\" content=\"es_ES\" \/>\n<meta property=\"og:type\" content=\"article\" \/>\n<meta property=\"og:title\" content=\"Abierto el plazo de inscripci\u00f3n para los ciclos formativos en los centros de educaci\u00f3n secundaria de Coria\" \/>\n<meta property=\"og:description\" content=\"Los centros educativos de secundaria de la ciudad abren el plazo de admisi\u00f3n para cursar ciclos formativos de grado b\u00e1sico, medio y superior ofertados por el IES Alag\u00f3n e IES Caurium.\" \/>\n<meta property=\"og:url\" content=\"https:\/\/coria.org\/ayuntamiento\/index.php\/2025\/05\/30\/abierto-el-plazo-de-inscripcion-para-los-ciclos-formativos-en-los-centros-de-educacion-secundaria-de-coria\/\" \/>\n<meta property=\"og:site_name\" content=\"Ayuntamiento de Coria\" \/>\n<meta property=\"article:publisher\" content=\"https:\/\/www.facebook.com\/Ayuntamiento.de.Coria\" \/>\n<meta property=\"article:published_time\" content=\"2025-05-30T12:18:03+00:00\" \/>\n<meta property=\"article:modified_time\" content=\"2025-09-11T12:15:37+00:00\" \/>\n<meta property=\"og:image\" content=\"https:\/\/coria.org\/ayuntamiento\/wp-content\/uploads\/2025\/05\/ciclos-formativos-2025.webp\" \/>\n\t<meta property=\"og:image:width\" content=\"1920\" \/>\n\t<meta property=\"og:image:height\" content=\"1080\" \/>\n\t<meta property=\"og:image:type\" content=\"image\/webp\" \/>\n<meta name=\"author\" content=\"ayuntamiento\" \/>\n<meta name=\"twitter:card\" content=\"summary_large_image\" \/>\n<meta name=\"twitter:title\" content=\"Los centros educativos de secundaria de la ciudad abren el plazo de admisi\u00f3n para cursar ciclos formativos de grado b\u00e1sico, medio y superior ofertados por el IES Alag\u00f3n e IES Caurium.\" \/>\n<meta name=\"twitter:image\" content=\"https:\/\/coria.org\/ayuntamiento\/wp-content\/uploads\/2025\/05\/ciclos-formativos-2025.webp\" \/>\n<meta name=\"twitter:creator\" content=\"@Ayto_de_Coria\" \/>\n<meta name=\"twitter:site\" content=\"@Ayto_de_Coria\" \/>\n<meta name=\"twitter:label1\" content=\"Escrito por\" \/>\n\t<meta name=\"twitter:data1\" content=\"ayuntamiento\" \/>\n\t<meta name=\"twitter:label2\" content=\"Tiempo de lectura\" \/>\n\t<meta name=\"twitter:data2\" content=\"2 minutos\" \/>\n<script type=\"application\/ld+json\" class=\"yoast-schema-graph\">{\"@context\":\"https:\\\/\\\/schema.org\",\"@graph\":[{\"@type\":\"Article\",\"@id\":\"https:\\\/\\\/coria.org\\\/ayuntamiento\\\/index.php\\\/2025\\\/05\\\/30\\\/abierto-el-plazo-de-inscripcion-para-los-ciclos-formativos-en-los-centros-de-educacion-secundaria-de-coria\\\/#article\",\"isPartOf\":{\"@id\":\"https:\\\/\\\/coria.org\\\/ayuntamiento\\\/index.php\\\/2025\\\/05\\\/30\\\/abierto-el-plazo-de-inscripcion-para-los-ciclos-formativos-en-los-centros-de-educacion-secundaria-de-coria\\\/\"},\"author\":{\"name\":\"ayuntamiento\",\"@id\":\"https:\\\/\\\/coria.org\\\/ayuntamiento\\\/#\\\/schema\\\/person\\\/8bd589f0e13e8ae5aa06def7a599d622\"},\"headline\":\"Abierto el plazo de inscripci\u00f3n para los ciclos formativos en los centros de educaci\u00f3n secundaria de Coria\",\"datePublished\":\"2025-05-30T12:18:03+00:00\",\"dateModified\":\"2025-09-11T12:15:37+00:00\",\"mainEntityOfPage\":{\"@id\":\"https:\\\/\\\/coria.org\\\/ayuntamiento\\\/index.php\\\/2025\\\/05\\\/30\\\/abierto-el-plazo-de-inscripcion-para-los-ciclos-formativos-en-los-centros-de-educacion-secundaria-de-coria\\\/\"},\"wordCount\":337,\"publisher\":{\"@id\":\"https:\\\/\\\/coria.org\\\/ayuntamiento\\\/#organization\"},\"image\":{\"@id\":\"https:\\\/\\\/coria.org\\\/ayuntamiento\\\/index.php\\\/2025\\\/05\\\/30\\\/abierto-el-plazo-de-inscripcion-para-los-ciclos-formativos-en-los-centros-de-educacion-secundaria-de-coria\\\/#primaryimage\"},\"thumbnailUrl\":\"https:\\\/\\\/coria.org\\\/ayuntamiento\\\/wp-content\\\/uploads\\\/2025\\\/05\\\/ciclos-formativos-2025.webp\",\"keywords\":[\"formacion\"],\"articleSection\":[\"Noticias\"],\"inLanguage\":\"es\"},{\"@type\":\"WebPage\",\"@id\":\"https:\\\/\\\/coria.org\\\/ayuntamiento\\\/index.php\\\/2025\\\/05\\\/30\\\/abierto-el-plazo-de-inscripcion-para-los-ciclos-formativos-en-los-centros-de-educacion-secundaria-de-coria\\\/\",\"url\":\"https:\\\/\\\/coria.org\\\/ayuntamiento\\\/index.php\\\/2025\\\/05\\\/30\\\/abierto-el-plazo-de-inscripcion-para-los-ciclos-formativos-en-los-centros-de-educacion-secundaria-de-coria\\\/\",\"name\":\"Abierto el plazo de inscripci\u00f3n para los ciclos formativos en los centros de educaci\u00f3n secundaria de Coria - Ayuntamiento de Coria\",\"isPartOf\":{\"@id\":\"https:\\\/\\\/coria.org\\\/ayuntamiento\\\/#website\"},\"primaryImageOfPage\":{\"@id\":\"https:\\\/\\\/coria.org\\\/ayuntamiento\\\/index.php\\\/2025\\\/05\\\/30\\\/abierto-el-plazo-de-inscripcion-para-los-ciclos-formativos-en-los-centros-de-educacion-secundaria-de-coria\\\/#primaryimage\"},\"image\":{\"@id\":\"https:\\\/\\\/coria.org\\\/ayuntamiento\\\/index.php\\\/2025\\\/05\\\/30\\\/abierto-el-plazo-de-inscripcion-para-los-ciclos-formativos-en-los-centros-de-educacion-secundaria-de-coria\\\/#primaryimage\"},\"thumbnailUrl\":\"https:\\\/\\\/coria.org\\\/ayuntamiento\\\/wp-content\\\/uploads\\\/2025\\\/05\\\/ciclos-formativos-2025.webp\",\"datePublished\":\"2025-05-30T12:18:03+00:00\",\"dateModified\":\"2025-09-11T12:15:37+00:00\",\"description\":\"Los centros educativos de secundaria de la ciudad abren el plazo de admisi\u00f3n para cursar ciclos formativos de grado b\u00e1sico, medio y superior ofertados por el IES Alag\u00f3n e IES Caurium.\",\"breadcrumb\":{\"@id\":\"https:\\\/\\\/coria.org\\\/ayuntamiento\\\/index.php\\\/2025\\\/05\\\/30\\\/abierto-el-plazo-de-inscripcion-para-los-ciclos-formativos-en-los-centros-de-educacion-secundaria-de-coria\\\/#breadcrumb\"},\"inLanguage\":\"es\",\"potentialAction\":[{\"@type\":\"ReadAction\",\"target\":[\"https:\\\/\\\/coria.org\\\/ayuntamiento\\\/index.php\\\/2025\\\/05\\\/30\\\/abierto-el-plazo-de-inscripcion-para-los-ciclos-formativos-en-los-centros-de-educacion-secundaria-de-coria\\\/\"]}]},{\"@type\":\"ImageObject\",\"inLanguage\":\"es\",\"@id\":\"https:\\\/\\\/coria.org\\\/ayuntamiento\\\/index.php\\\/2025\\\/05\\\/30\\\/abierto-el-plazo-de-inscripcion-para-los-ciclos-formativos-en-los-centros-de-educacion-secundaria-de-coria\\\/#primaryimage\",\"url\":\"https:\\\/\\\/coria.org\\\/ayuntamiento\\\/wp-content\\\/uploads\\\/2025\\\/05\\\/ciclos-formativos-2025.webp\",\"contentUrl\":\"https:\\\/\\\/coria.org\\\/ayuntamiento\\\/wp-content\\\/uploads\\\/2025\\\/05\\\/ciclos-formativos-2025.webp\",\"width\":1920,\"height\":1080},{\"@type\":\"BreadcrumbList\",\"@id\":\"https:\\\/\\\/coria.org\\\/ayuntamiento\\\/index.php\\\/2025\\\/05\\\/30\\\/abierto-el-plazo-de-inscripcion-para-los-ciclos-formativos-en-los-centros-de-educacion-secundaria-de-coria\\\/#breadcrumb\",\"itemListElement\":[{\"@type\":\"ListItem\",\"position\":1,\"name\":\"Inicio\",\"item\":\"https:\\\/\\\/coria.org\\\/ayuntamiento\\\/\"},{\"@type\":\"ListItem\",\"position\":2,\"name\":\"Abierto el plazo de inscripci\u00f3n para los ciclos formativos en los centros de educaci\u00f3n secundaria de Coria\"}]},{\"@type\":\"WebSite\",\"@id\":\"https:\\\/\\\/coria.org\\\/ayuntamiento\\\/#website\",\"url\":\"https:\\\/\\\/coria.org\\\/ayuntamiento\\\/\",\"name\":\"Ayuntamiento de Coria\",\"description\":\"Web oficial del Ayuntamiento de Coria\",\"publisher\":{\"@id\":\"https:\\\/\\\/coria.org\\\/ayuntamiento\\\/#organization\"},\"alternateName\":\"Web Oficial del Ayuntamiento de Coria\",\"potentialAction\":[{\"@type\":\"SearchAction\",\"target\":{\"@type\":\"EntryPoint\",\"urlTemplate\":\"https:\\\/\\\/coria.org\\\/ayuntamiento\\\/?s={search_term_string}\"},\"query-input\":{\"@type\":\"PropertyValueSpecification\",\"valueRequired\":true,\"valueName\":\"search_term_string\"}}],\"inLanguage\":\"es\"},{\"@type\":\"Organization\",\"@id\":\"https:\\\/\\\/coria.org\\\/ayuntamiento\\\/#organization\",\"name\":\"Ayuntamiento de Coria\",\"alternateName\":\"Ayto de Coria\",\"url\":\"https:\\\/\\\/coria.org\\\/ayuntamiento\\\/\",\"logo\":{\"@type\":\"ImageObject\",\"inLanguage\":\"es\",\"@id\":\"https:\\\/\\\/coria.org\\\/ayuntamiento\\\/#\\\/schema\\\/logo\\\/image\\\/\",\"url\":\"https:\\\/\\\/coria.org\\\/ayuntamiento\\\/wp-content\\\/uploads\\\/2020\\\/12\\\/escudo-ayuntamiento-coria.png\",\"contentUrl\":\"https:\\\/\\\/coria.org\\\/ayuntamiento\\\/wp-content\\\/uploads\\\/2020\\\/12\\\/escudo-ayuntamiento-coria.png\",\"width\":511,\"height\":240,\"caption\":\"Ayuntamiento de Coria\"},\"image\":{\"@id\":\"https:\\\/\\\/coria.org\\\/ayuntamiento\\\/#\\\/schema\\\/logo\\\/image\\\/\"},\"sameAs\":[\"https:\\\/\\\/www.facebook.com\\\/Ayuntamiento.de.Coria\",\"https:\\\/\\\/x.com\\\/Ayto_de_Coria\",\"https:\\\/\\\/www.instagram.com\\\/coria.ayuntamiento\\\/\",\"https:\\\/\\\/www.youtube.com\\\/user\\\/AYUNTAMIENTOCORIA\"]},{\"@type\":\"Person\",\"@id\":\"https:\\\/\\\/coria.org\\\/ayuntamiento\\\/#\\\/schema\\\/person\\\/8bd589f0e13e8ae5aa06def7a599d622\",\"name\":\"ayuntamiento\",\"image\":{\"@type\":\"ImageObject\",\"inLanguage\":\"es\",\"@id\":\"https:\\\/\\\/secure.gravatar.com\\\/avatar\\\/966e5ed73cad334adda5c87f49f2547f7082f7292c1b627cbb548744383b391c?s=96&d=mm&r=g\",\"url\":\"https:\\\/\\\/secure.gravatar.com\\\/avatar\\\/966e5ed73cad334adda5c87f49f2547f7082f7292c1b627cbb548744383b391c?s=96&d=mm&r=g\",\"contentUrl\":\"https:\\\/\\\/secure.gravatar.com\\\/avatar\\\/966e5ed73cad334adda5c87f49f2547f7082f7292c1b627cbb548744383b391c?s=96&d=mm&r=g\",\"caption\":\"ayuntamiento\"}}]}<\/script>\n<!-- \/ Yoast SEO plugin. -->","yoast_head_json":{"title":"Abierto el plazo de inscripci\u00f3n para los ciclos formativos en los centros de educaci\u00f3n secundaria de Coria - Ayuntamiento de Coria","description":"Los centros educativos de secundaria de la ciudad abren el plazo de admisi\u00f3n para cursar ciclos formativos de grado b\u00e1sico, medio y superior ofertados por el IES Alag\u00f3n e IES Caurium.","robots":{"index":"index","follow":"follow","max-snippet":"max-snippet:-1","max-image-preview":"max-image-preview:large","max-video-preview":"max-video-preview:-1"},"canonical":"https:\/\/coria.org\/ayuntamiento\/index.php\/2025\/05\/30\/abierto-el-plazo-de-inscripcion-para-los-ciclos-formativos-en-los-centros-de-educacion-secundaria-de-coria\/","og_locale":"es_ES","og_type":"article","og_title":"Abierto el plazo de inscripci\u00f3n para los ciclos formativos en los centros de educaci\u00f3n secundaria de Coria","og_description":"Los centros educativos de secundaria de la ciudad abren el plazo de admisi\u00f3n para cursar ciclos formativos de grado b\u00e1sico, medio y superior ofertados por el IES Alag\u00f3n e IES Caurium.","og_url":"https:\/\/coria.org\/ayuntamiento\/index.php\/2025\/05\/30\/abierto-el-plazo-de-inscripcion-para-los-ciclos-formativos-en-los-centros-de-educacion-secundaria-de-coria\/","og_site_name":"Ayuntamiento de Coria","article_publisher":"https:\/\/www.facebook.com\/Ayuntamiento.de.Coria","article_published_time":"2025-05-30T12:18:03+00:00","article_modified_time":"2025-09-11T12:15:37+00:00","og_image":[{"width":1920,"height":1080,"url":"https:\/\/coria.org\/ayuntamiento\/wp-content\/uploads\/2025\/05\/ciclos-formativos-2025.webp","type":"image\/webp"}],"author":"ayuntamiento","twitter_card":"summary_large_image","twitter_title":"Los centros educativos de secundaria de la ciudad abren el plazo de admisi\u00f3n para cursar ciclos formativos de grado b\u00e1sico, medio y superior ofertados por el IES Alag\u00f3n e IES Caurium.","twitter_image":"https:\/\/coria.org\/ayuntamiento\/wp-content\/uploads\/2025\/05\/ciclos-formativos-2025.webp","twitter_creator":"@Ayto_de_Coria","twitter_site":"@Ayto_de_Coria","twitter_misc":{"Escrito por":"ayuntamiento","Tiempo de lectura":"2 minutos"},"schema":{"@context":"https:\/\/schema.org","@graph":[{"@type":"Article","@id":"https:\/\/coria.org\/ayuntamiento\/index.php\/2025\/05\/30\/abierto-el-plazo-de-inscripcion-para-los-ciclos-formativos-en-los-centros-de-educacion-secundaria-de-coria\/#article","isPartOf":{"@id":"https:\/\/coria.org\/ayuntamiento\/index.php\/2025\/05\/30\/abierto-el-plazo-de-inscripcion-para-los-ciclos-formativos-en-los-centros-de-educacion-secundaria-de-coria\/"},"author":{"name":"ayuntamiento","@id":"https:\/\/coria.org\/ayuntamiento\/#\/schema\/person\/8bd589f0e13e8ae5aa06def7a599d622"},"headline":"Abierto el plazo de inscripci\u00f3n para los ciclos formativos en los centros de educaci\u00f3n secundaria de Coria","datePublished":"2025-05-30T12:18:03+00:00","dateModified":"2025-09-11T12:15:37+00:00","mainEntityOfPage":{"@id":"https:\/\/coria.org\/ayuntamiento\/index.php\/2025\/05\/30\/abierto-el-plazo-de-inscripcion-para-los-ciclos-formativos-en-los-centros-de-educacion-secundaria-de-coria\/"},"wordCount":337,"publisher":{"@id":"https:\/\/coria.org\/ayuntamiento\/#organization"},"image":{"@id":"https:\/\/coria.org\/ayuntamiento\/index.php\/2025\/05\/30\/abierto-el-plazo-de-inscripcion-para-los-ciclos-formativos-en-los-centros-de-educacion-secundaria-de-coria\/#primaryimage"},"thumbnailUrl":"https:\/\/coria.org\/ayuntamiento\/wp-content\/uploads\/2025\/05\/ciclos-formativos-2025.webp","keywords":["formacion"],"articleSection":["Noticias"],"inLanguage":"es"},{"@type":"WebPage","@id":"https:\/\/coria.org\/ayuntamiento\/index.php\/2025\/05\/30\/abierto-el-plazo-de-inscripcion-para-los-ciclos-formativos-en-los-centros-de-educacion-secundaria-de-coria\/","url":"https:\/\/coria.org\/ayuntamiento\/index.php\/2025\/05\/30\/abierto-el-plazo-de-inscripcion-para-los-ciclos-formativos-en-los-centros-de-educacion-secundaria-de-coria\/","name":"Abierto el plazo de inscripci\u00f3n para los ciclos formativos en los centros de educaci\u00f3n secundaria de Coria - Ayuntamiento de Coria","isPartOf":{"@id":"https:\/\/coria.org\/ayuntamiento\/#website"},"primaryImageOfPage":{"@id":"https:\/\/coria.org\/ayuntamiento\/index.php\/2025\/05\/30\/abierto-el-plazo-de-inscripcion-para-los-ciclos-formativos-en-los-centros-de-educacion-secundaria-de-coria\/#primaryimage"},"image":{"@id":"https:\/\/coria.org\/ayuntamiento\/index.php\/2025\/05\/30\/abierto-el-plazo-de-inscripcion-para-los-ciclos-formativos-en-los-centros-de-educacion-secundaria-de-coria\/#primaryimage"},"thumbnailUrl":"https:\/\/coria.org\/ayuntamiento\/wp-content\/uploads\/2025\/05\/ciclos-formativos-2025.webp","datePublished":"2025-05-30T12:18:03+00:00","dateModified":"2025-09-11T12:15:37+00:00","description":"Los centros educativos de secundaria de la ciudad abren el plazo de admisi\u00f3n para cursar ciclos formativos de grado b\u00e1sico, medio y superior ofertados por el IES Alag\u00f3n e IES Caurium.","breadcrumb":{"@id":"https:\/\/coria.org\/ayuntamiento\/index.php\/2025\/05\/30\/abierto-el-plazo-de-inscripcion-para-los-ciclos-formativos-en-los-centros-de-educacion-secundaria-de-coria\/#breadcrumb"},"inLanguage":"es","potentialAction":[{"@type":"ReadAction","target":["https:\/\/coria.org\/ayuntamiento\/index.php\/2025\/05\/30\/abierto-el-plazo-de-inscripcion-para-los-ciclos-formativos-en-los-centros-de-educacion-secundaria-de-coria\/"]}]},{"@type":"ImageObject","inLanguage":"es","@id":"https:\/\/coria.org\/ayuntamiento\/index.php\/2025\/05\/30\/abierto-el-plazo-de-inscripcion-para-los-ciclos-formativos-en-los-centros-de-educacion-secundaria-de-coria\/#primaryimage","url":"https:\/\/coria.org\/ayuntamiento\/wp-content\/uploads\/2025\/05\/ciclos-formativos-2025.webp","contentUrl":"https:\/\/coria.org\/ayuntamiento\/wp-content\/uploads\/2025\/05\/ciclos-formativos-2025.webp","width":1920,"height":1080},{"@type":"BreadcrumbList","@id":"https:\/\/coria.org\/ayuntamiento\/index.php\/2025\/05\/30\/abierto-el-plazo-de-inscripcion-para-los-ciclos-formativos-en-los-centros-de-educacion-secundaria-de-coria\/#breadcrumb","itemListElement":[{"@type":"ListItem","position":1,"name":"Inicio","item":"https:\/\/coria.org\/ayuntamiento\/"},{"@type":"ListItem","position":2,"name":"Abierto el plazo de inscripci\u00f3n para los ciclos formativos en los centros de educaci\u00f3n secundaria de Coria"}]},{"@type":"WebSite","@id":"https:\/\/coria.org\/ayuntamiento\/#website","url":"https:\/\/coria.org\/ayuntamiento\/","name":"Ayuntamiento de Coria","description":"Web oficial del Ayuntamiento de Coria","publisher":{"@id":"https:\/\/coria.org\/ayuntamiento\/#organization"},"alternateName":"Web Oficial del Ayuntamiento de Coria","potentialAction":[{"@type":"SearchAction","target":{"@type":"EntryPoint","urlTemplate":"https:\/\/coria.org\/ayuntamiento\/?s={search_term_string}"},"query-input":{"@type":"PropertyValueSpecification","valueRequired":true,"valueName":"search_term_string"}}],"inLanguage":"es"},{"@type":"Organization","@id":"https:\/\/coria.org\/ayuntamiento\/#organization","name":"Ayuntamiento de Coria","alternateName":"Ayto de Coria","url":"https:\/\/coria.org\/ayuntamiento\/","logo":{"@type":"ImageObject","inLanguage":"es","@id":"https:\/\/coria.org\/ayuntamiento\/#\/schema\/logo\/image\/","url":"https:\/\/coria.org\/ayuntamiento\/wp-content\/uploads\/2020\/12\/escudo-ayuntamiento-coria.png","contentUrl":"https:\/\/coria.org\/ayuntamiento\/wp-content\/uploads\/2020\/12\/escudo-ayuntamiento-coria.png","width":511,"height":240,"caption":"Ayuntamiento de Coria"},"image":{"@id":"https:\/\/coria.org\/ayuntamiento\/#\/schema\/logo\/image\/"},"sameAs":["https:\/\/www.facebook.com\/Ayuntamiento.de.Coria","https:\/\/x.com\/Ayto_de_Coria","https:\/\/www.instagram.com\/coria.ayuntamiento\/","https:\/\/www.youtube.com\/user\/AYUNTAMIENTOCORIA"]},{"@type":"Person","@id":"https:\/\/coria.org\/ayuntamiento\/#\/schema\/person\/8bd589f0e13e8ae5aa06def7a599d622","name":"ayuntamiento","image":{"@type":"ImageObject","inLanguage":"es","@id":"https:\/\/secure.gravatar.com\/avatar\/966e5ed73cad334adda5c87f49f2547f7082f7292c1b627cbb548744383b391c?s=96&d=mm&r=g","url":"https:\/\/secure.gravatar.com\/avatar\/966e5ed73cad334adda5c87f49f2547f7082f7292c1b627cbb548744383b391c?s=96&d=mm&r=g","contentUrl":"https:\/\/secure.gravatar.com\/avatar\/966e5ed73cad334adda5c87f49f2547f7082f7292c1b627cbb548744383b391c?s=96&d=mm&r=g","caption":"ayuntamiento"}}]}},"uagb_featured_image_src":{"full":["https:\/\/coria.org\/ayuntamiento\/wp-content\/uploads\/2025\/05\/ciclos-formativos-2025.webp",1920,1080,false],"thumbnail":["https:\/\/coria.org\/ayuntamiento\/wp-content\/uploads\/2025\/05\/ciclos-formativos-2025-150x150.webp",150,150,true],"medium":["https:\/\/coria.org\/ayuntamiento\/wp-content\/uploads\/2025\/05\/ciclos-formativos-2025.webp",1920,1080,false],"medium_large":["https:\/\/coria.org\/ayuntamiento\/wp-content\/uploads\/2025\/05\/ciclos-formativos-2025-768x432.webp",768,432,true],"large":["https:\/\/coria.org\/ayuntamiento\/wp-content\/uploads\/2025\/05\/ciclos-formativos-2025.webp",1920,1080,false],"thumblist":["https:\/\/coria.org\/ayuntamiento\/wp-content\/uploads\/2025\/05\/ciclos-formativos-2025-300x300.webp",300,300,true],"thumbrelated":["https:\/\/coria.org\/ayuntamiento\/wp-content\/uploads\/2025\/05\/ciclos-formativos-2025-500x500.webp",500,500,true],"meccarouselthumb":["https:\/\/coria.org\/ayuntamiento\/wp-content\/uploads\/2025\/05\/ciclos-formativos-2025-474x324.webp",474,324,true],"gridsquare":["https:\/\/coria.org\/ayuntamiento\/wp-content\/uploads\/2025\/05\/ciclos-formativos-2025-391x260.webp",391,260,true],"tileview":["https:\/\/coria.org\/ayuntamiento\/wp-content\/uploads\/2025\/05\/ciclos-formativos-2025-300x400.webp",300,400,true],"1536x1536":["https:\/\/coria.org\/ayuntamiento\/wp-content\/uploads\/2025\/05\/ciclos-formativos-2025-1536x864.webp",1536,864,true],"2048x2048":["https:\/\/coria.org\/ayuntamiento\/wp-content\/uploads\/2025\/05\/ciclos-formativos-2025.webp",1920,1080,false]},"uagb_author_info":{"display_name":"ayuntamiento","author_link":"https:\/\/coria.org\/ayuntamiento\/index.php\/author\/ayuntamiento\/"},"uagb_comment_info":0,"uagb_excerpt":"Los centros educativos de secundaria de la ciudad abren el plazo de admisi\u00f3n para cursar ciclos formativos de grado b\u00e1sico, medio y superior ofertados por el IES Alag\u00f3n e IES Caurium. El plazo abarca desde el d\u00eda 29 de mayo y finaliza el 26 de junio. Toda aquella persona que necesite m\u00e1s informaci\u00f3n u orientaci\u00f3n,&hellip;","_links":{"self":[{"href":"https:\/\/coria.org\/ayuntamiento\/index.php\/wp-json\/wp\/v2\/posts\/64686","targetHints":{"allow":["GET"]}}],"collection":[{"href":"https:\/\/coria.org\/ayuntamiento\/index.php\/wp-json\/wp\/v2\/posts"}],"about":[{"href":"https:\/\/coria.org\/ayuntamiento\/index.php\/wp-json\/wp\/v2\/types\/post"}],"author":[{"embeddable":true,"href":"https:\/\/coria.org\/ayuntamiento\/index.php\/wp-json\/wp\/v2\/users\/2"}],"replies":[{"embeddable":true,"href":"https:\/\/coria.org\/ayuntamiento\/index.php\/wp-json\/wp\/v2\/comments?post=64686"}],"version-history":[{"count":0,"href":"https:\/\/coria.org\/ayuntamiento\/index.php\/wp-json\/wp\/v2\/posts\/64686\/revisions"}],"wp:featuredmedia":[{"embeddable":true,"href":"https:\/\/coria.org\/ayuntamiento\/index.php\/wp-json\/wp\/v2\/media\/64689"}],"wp:attachment":[{"href":"https:\/\/coria.org\/ayuntamiento\/index.php\/wp-json\/wp\/v2\/media?parent=64686"}],"wp:term":[{"taxonomy":"category","embeddable":true,"href":"https:\/\/coria.org\/ayuntamiento\/index.php\/wp-json\/wp\/v2\/categories?post=64686"},{"taxonomy":"post_tag","embeddable":true,"href":"https:\/\/coria.org\/ayuntamiento\/index.php\/wp-json\/wp\/v2\/tags?post=64686"}],"curies":[{"name":"wp","href":"https:\/\/api.w.org\/{rel}","templated":true}]}}