{"id":64448,"date":"2025-04-25T10:40:20","date_gmt":"2025-04-25T08:40:20","guid":{"rendered":"https:\/\/coria.org\/ayuntamiento\/?p=64448"},"modified":"2025-09-11T14:15:41","modified_gmt":"2025-09-11T12:15:41","slug":"bases-del-concurso-que-regiran-los-premios-del-xxviii-concurso-internacional-de-guitarra-ciudad-de-coria-2025","status":"publish","type":"post","link":"https:\/\/coria.org\/ayuntamiento\/index.php\/2025\/04\/25\/bases-del-concurso-que-regiran-los-premios-del-xxviii-concurso-internacional-de-guitarra-ciudad-de-coria-2025\/","title":{"rendered":"Bases del concurso que regir\u00e1n los premios del XXVIII Concurso Internacional de Guitarra \u201cCiudad de Coria\u201d 2025"},"content":{"rendered":"\n<p>El Bolet\u00edn Oficial de la Provincia (BOP), ha publicado este mi\u00e9rcoles, el extracto de la convocatoria que regir\u00e1 la participaci\u00f3n en los Premios del XXVIII Concurso Internacional de Guitarra \u201cCiudad de Coria\u201d 2025 que se celebrar\u00e1 el pr\u00f3ximo mes de agosto.<\/p>\n\n\n<figure class=\"wp-block-post-featured-image\"><img loading=\"lazy\" decoding=\"async\" width=\"1920\" height=\"1440\" src=\"https:\/\/coria.org\/ayuntamiento\/wp-content\/uploads\/2025\/04\/concierto-guitarra.webp\" class=\"attachment-post-thumbnail size-post-thumbnail wp-post-image\" alt=\"\" style=\"object-fit:cover;\" srcset=\"https:\/\/coria.org\/ayuntamiento\/wp-content\/uploads\/2025\/04\/concierto-guitarra.webp 1920w, https:\/\/coria.org\/ayuntamiento\/wp-content\/uploads\/2025\/04\/concierto-guitarra-768x576.webp 768w, https:\/\/coria.org\/ayuntamiento\/wp-content\/uploads\/2025\/04\/concierto-guitarra-1536x1152.webp 1536w\" sizes=\"auto, (max-width: 1920px) 100vw, 1920px\" \/><\/figure>\n\n\n<p>La convocatoria tiene por objeto establecer la regulaci\u00f3n y las normas que han de regir la participaci\u00f3n en los premios del XXVIII Concurso Internacional de Guitarra \u201cCiudad de Coria\u201d 2025, y las obligaciones que se deriven de ello.<\/p>\n\n\n\n<p>Podr\u00e1n ser beneficiarios de estos premios los alumnos matriculados en el Festival Internacional de Guitarra \u201cCiudad de Coria\u201d 2025. El Concurso \u201cJunior\u201d se celebrar\u00e1 el 7 de agosto de 2025 y el Concurso \u201cSenior\u201d contar\u00e1 con varias fases: Prueba Eliminatoria, el d\u00eda 6 de agosto, Prueba Semifinales el 7 de agosto y la Final el d\u00eda 8 de agosto.<\/p>\n\n\n\n<p>Podr\u00e1n participar todos los guitarristas matriculados en las siguientes modalidades:<\/p>\n\n\n\n<p>MODALIDAD A: ALUMNO\/A ACTIVO\/A.<\/p>\n\n\n\n<p>MODALIDAD B: ALUMNO\/A OYENTE + CONCURSO.<\/p>\n\n\n\n<p>Se exceptuar\u00e1 el alumno ganador del primer premio de las anteriores ediciones.<\/p>\n\n\n\n<p>El Concurso contar\u00e1 con dos categor\u00edas: Concurso \u201cJunior\u201d y Concurso \u201cSenior\u201d.<\/p>\n\n\n\n<p>Las personas interesadas en participar en los Premios del Concurso Internacional de Guitarra \u201cCiudad de Coria\u201d 2025, deber\u00e1n cumplimentar el formulario publicado en la web del Festival: <strong><a href=\"https:\/\/guitarracoria.com\">www.guitarracoria.com<\/a><\/strong><\/p>\n\n\n\n<p>Los premios ser\u00e1n los siguientes:<\/p>\n\n\n\n<p>Primer Premio:<\/p>\n\n\n\n<ul class=\"wp-block-list\">\n<li>500 \u20ac en efectivo.<\/li>\n\n\n\n<li>Matr\u00edcula gratuita en el XXVIII Festival Internacional de Guitarra \u201cCiudad de Coria\u201d.<\/li>\n<\/ul>\n\n\n\n<p>Segundo y Tercer Premio:<\/p>\n\n\n\n<p>&#8211; Premios del Concurso \u201cSenior.\u201d<\/p>\n\n\n\n<p>Primer Premio:<\/p>\n\n\n\n<ul class=\"wp-block-list\">\n<li>5.000 \u20ac en efectivo.<\/li>\n\n\n\n<li>Guitarra de Concierto del Luthier Jos\u00e9 Rodr\u00edguez Pe\u00f1a valorada en 6.000 \u20ac.<\/li>\n\n\n\n<li>Concierto en Alemania.<\/li>\n\n\n\n<li>Concierto en el XXIX Festival Internacional de Guitarra \u201cCiudad de Coria\u201d.<\/li>\n<\/ul>\n\n\n\n<p>Segundo Premio:<\/p>\n\n\n\n<ul class=\"wp-block-list\">\n<li>1.200 \u20ac.<\/li>\n<\/ul>\n\n\n\n<p>Tercer Premio:<\/p>\n\n\n\n<ul class=\"wp-block-list\">\n<li>600 \u20ac.<\/li>\n<\/ul>\n\n\n\n<p>Cuarto Premio:<\/p>\n\n\n\n<ul class=\"wp-block-list\">\n<li>150 \u20ac.<\/li>\n<\/ul>\n\n\n\n<p>Premio del P\u00fablico.<\/p>\n\n\n\n<p>El Premio del P\u00fablico consistir\u00e1 en 200 \u20ac acumulables a cualquier otro.<\/p>\n\n\n\n<p>&#8211; Premio al Mejor Clasificado Residente en la Comunidad Aut\u00f3noma de Extremadura.<\/p>\n\n\n\n<p>Matr\u00edcula gratuita en el XXIX Festival Internacional de Guitarra \u201cCiudad de Coria\u201d.<\/p>\n\n\n\n<p>El importe total de los premios en met\u00e1lico ser\u00e1 de 7.650 euros, distribuidos como se se\u00f1ala la base s\u00e9ptima de esta convocatoria, que se imputar\u00e1n al presupuesto de gasto de 2025, a la partida 334.48101.<\/p>\n\n\n\n<p>Estos premios estar\u00e1n condicionados a la concesi\u00f3n de la subvenci\u00f3n por parte de la Junta de Extremadura, para la realizaci\u00f3n del Concurso Internacional de Guitarra \u201cCiudad de Coria\u201d 2025.<\/p>\n","protected":false},"excerpt":{"rendered":"<p>El Bolet\u00edn Oficial de la Provincia (BOP), ha publicado este mi\u00e9rcoles, el extracto de la convocatoria que regir\u00e1 la participaci\u00f3n en los Premios del XXVIII Concurso Internacional de Guitarra \u201cCiudad de Coria\u201d 2025 que se celebrar\u00e1 el pr\u00f3ximo mes de agosto. La convocatoria tiene por objeto establecer la regulaci\u00f3n y las normas que han de [&hellip;]<\/p>\n","protected":false},"author":2,"featured_media":64449,"comment_status":"closed","ping_status":"closed","sticky":false,"template":"","format":"standard","meta":{"_uag_custom_page_level_css":"","footnotes":""},"categories":[2],"tags":[1454],"class_list":["post-64448","post","type-post","status-publish","format-standard","has-post-thumbnail","hentry","category-noticias","tag-concurso-de-guitarra"],"yoast_head":"<!-- This site is optimized with the Yoast SEO plugin v27.4 - https:\/\/yoast.com\/product\/yoast-seo-wordpress\/ -->\n<title>Bases del concurso que regir\u00e1n los premios del XXVIII Concurso Internacional de Guitarra \u201cCiudad de Coria\u201d 2025 - Ayuntamiento de Coria<\/title>\n<meta name=\"description\" content=\"El Bolet\u00edn Oficial de la Provincia (BOP), ha publicado este mi\u00e9rcoles, el extracto de la convocatoria que regir\u00e1 la participaci\u00f3n en los Premios del XXVIII Concurso Internacional de Guitarra \u201cCiudad de Coria\u201d 2025 que se celebrar\u00e1 el pr\u00f3ximo mes de agosto.\" \/>\n<meta name=\"robots\" content=\"index, follow, max-snippet:-1, max-image-preview:large, max-video-preview:-1\" \/>\n<link rel=\"canonical\" href=\"https:\/\/coria.org\/ayuntamiento\/index.php\/2025\/04\/25\/bases-del-concurso-que-regiran-los-premios-del-xxviii-concurso-internacional-de-guitarra-ciudad-de-coria-2025\/\" \/>\n<meta property=\"og:locale\" content=\"es_ES\" \/>\n<meta property=\"og:type\" content=\"article\" \/>\n<meta property=\"og:title\" content=\"Bases del concurso que regir\u00e1n los premios del XXVIII Concurso Internacional de Guitarra \u201cCiudad de Coria\u201d 2025\" \/>\n<meta property=\"og:description\" content=\"El Bolet\u00edn Oficial de la Provincia (BOP), ha publicado este mi\u00e9rcoles, el extracto de la convocatoria que regir\u00e1 la participaci\u00f3n en los Premios del XXVIII Concurso Internacional de Guitarra \u201cCiudad de Coria\u201d 2025 que se celebrar\u00e1 el pr\u00f3ximo mes de agosto.\" \/>\n<meta property=\"og:url\" content=\"https:\/\/coria.org\/ayuntamiento\/index.php\/2025\/04\/25\/bases-del-concurso-que-regiran-los-premios-del-xxviii-concurso-internacional-de-guitarra-ciudad-de-coria-2025\/\" \/>\n<meta property=\"og:site_name\" content=\"Ayuntamiento de Coria\" \/>\n<meta property=\"article:publisher\" content=\"https:\/\/www.facebook.com\/Ayuntamiento.de.Coria\" \/>\n<meta property=\"article:published_time\" content=\"2025-04-25T08:40:20+00:00\" \/>\n<meta property=\"article:modified_time\" content=\"2025-09-11T12:15:41+00:00\" \/>\n<meta property=\"og:image\" content=\"https:\/\/coria.org\/ayuntamiento\/wp-content\/uploads\/2025\/04\/concierto-guitarra.webp\" \/>\n\t<meta property=\"og:image:width\" content=\"1920\" \/>\n\t<meta property=\"og:image:height\" content=\"1440\" \/>\n\t<meta property=\"og:image:type\" content=\"image\/webp\" \/>\n<meta name=\"author\" content=\"ayuntamiento\" \/>\n<meta name=\"twitter:card\" content=\"summary_large_image\" \/>\n<meta name=\"twitter:title\" content=\"Bases del concurso que regir\u00e1n los premios del XXVIII Concurso Internacional de Guitarra \u201cCiudad de Coria\u201d 2025\" \/>\n<meta name=\"twitter:description\" content=\"El Bolet\u00edn Oficial de la Provincia (BOP), ha publicado este mi\u00e9rcoles, el extracto de la convocatoria que regir\u00e1 la participaci\u00f3n en los Premios del XXVIII Concurso Internacional de Guitarra \u201cCiudad de Coria\u201d 2025 que se celebrar\u00e1 el pr\u00f3ximo mes de agosto.\" \/>\n<meta name=\"twitter:image\" content=\"https:\/\/coria.org\/ayuntamiento\/wp-content\/uploads\/2025\/04\/concierto-guitarra.webp\" \/>\n<meta name=\"twitter:creator\" content=\"@Ayto_de_Coria\" \/>\n<meta name=\"twitter:site\" content=\"@Ayto_de_Coria\" \/>\n<meta name=\"twitter:label1\" content=\"Escrito por\" \/>\n\t<meta name=\"twitter:data1\" content=\"ayuntamiento\" \/>\n\t<meta name=\"twitter:label2\" content=\"Tiempo de lectura\" \/>\n\t<meta name=\"twitter:data2\" content=\"2 minutos\" \/>\n<script type=\"application\/ld+json\" class=\"yoast-schema-graph\">{\"@context\":\"https:\\\/\\\/schema.org\",\"@graph\":[{\"@type\":\"Article\",\"@id\":\"https:\\\/\\\/coria.org\\\/ayuntamiento\\\/index.php\\\/2025\\\/04\\\/25\\\/bases-del-concurso-que-regiran-los-premios-del-xxviii-concurso-internacional-de-guitarra-ciudad-de-coria-2025\\\/#article\",\"isPartOf\":{\"@id\":\"https:\\\/\\\/coria.org\\\/ayuntamiento\\\/index.php\\\/2025\\\/04\\\/25\\\/bases-del-concurso-que-regiran-los-premios-del-xxviii-concurso-internacional-de-guitarra-ciudad-de-coria-2025\\\/\"},\"author\":{\"name\":\"ayuntamiento\",\"@id\":\"https:\\\/\\\/coria.org\\\/ayuntamiento\\\/#\\\/schema\\\/person\\\/8bd589f0e13e8ae5aa06def7a599d622\"},\"headline\":\"Bases del concurso que regir\u00e1n los premios del XXVIII Concurso Internacional de Guitarra \u201cCiudad de Coria\u201d 2025\",\"datePublished\":\"2025-04-25T08:40:20+00:00\",\"dateModified\":\"2025-09-11T12:15:41+00:00\",\"mainEntityOfPage\":{\"@id\":\"https:\\\/\\\/coria.org\\\/ayuntamiento\\\/index.php\\\/2025\\\/04\\\/25\\\/bases-del-concurso-que-regiran-los-premios-del-xxviii-concurso-internacional-de-guitarra-ciudad-de-coria-2025\\\/\"},\"wordCount\":410,\"publisher\":{\"@id\":\"https:\\\/\\\/coria.org\\\/ayuntamiento\\\/#organization\"},\"image\":{\"@id\":\"https:\\\/\\\/coria.org\\\/ayuntamiento\\\/index.php\\\/2025\\\/04\\\/25\\\/bases-del-concurso-que-regiran-los-premios-del-xxviii-concurso-internacional-de-guitarra-ciudad-de-coria-2025\\\/#primaryimage\"},\"thumbnailUrl\":\"https:\\\/\\\/coria.org\\\/ayuntamiento\\\/wp-content\\\/uploads\\\/2025\\\/04\\\/concierto-guitarra.webp\",\"keywords\":[\"concurso de guitarra\"],\"articleSection\":[\"Noticias\"],\"inLanguage\":\"es\"},{\"@type\":\"WebPage\",\"@id\":\"https:\\\/\\\/coria.org\\\/ayuntamiento\\\/index.php\\\/2025\\\/04\\\/25\\\/bases-del-concurso-que-regiran-los-premios-del-xxviii-concurso-internacional-de-guitarra-ciudad-de-coria-2025\\\/\",\"url\":\"https:\\\/\\\/coria.org\\\/ayuntamiento\\\/index.php\\\/2025\\\/04\\\/25\\\/bases-del-concurso-que-regiran-los-premios-del-xxviii-concurso-internacional-de-guitarra-ciudad-de-coria-2025\\\/\",\"name\":\"Bases del concurso que regir\u00e1n los premios del XXVIII Concurso Internacional de Guitarra \u201cCiudad de Coria\u201d 2025 - Ayuntamiento de Coria\",\"isPartOf\":{\"@id\":\"https:\\\/\\\/coria.org\\\/ayuntamiento\\\/#website\"},\"primaryImageOfPage\":{\"@id\":\"https:\\\/\\\/coria.org\\\/ayuntamiento\\\/index.php\\\/2025\\\/04\\\/25\\\/bases-del-concurso-que-regiran-los-premios-del-xxviii-concurso-internacional-de-guitarra-ciudad-de-coria-2025\\\/#primaryimage\"},\"image\":{\"@id\":\"https:\\\/\\\/coria.org\\\/ayuntamiento\\\/index.php\\\/2025\\\/04\\\/25\\\/bases-del-concurso-que-regiran-los-premios-del-xxviii-concurso-internacional-de-guitarra-ciudad-de-coria-2025\\\/#primaryimage\"},\"thumbnailUrl\":\"https:\\\/\\\/coria.org\\\/ayuntamiento\\\/wp-content\\\/uploads\\\/2025\\\/04\\\/concierto-guitarra.webp\",\"datePublished\":\"2025-04-25T08:40:20+00:00\",\"dateModified\":\"2025-09-11T12:15:41+00:00\",\"description\":\"El Bolet\u00edn Oficial de la Provincia (BOP), ha publicado este mi\u00e9rcoles, el extracto de la convocatoria que regir\u00e1 la participaci\u00f3n en los Premios del XXVIII Concurso Internacional de Guitarra \u201cCiudad de Coria\u201d 2025 que se celebrar\u00e1 el pr\u00f3ximo mes de agosto.\",\"breadcrumb\":{\"@id\":\"https:\\\/\\\/coria.org\\\/ayuntamiento\\\/index.php\\\/2025\\\/04\\\/25\\\/bases-del-concurso-que-regiran-los-premios-del-xxviii-concurso-internacional-de-guitarra-ciudad-de-coria-2025\\\/#breadcrumb\"},\"inLanguage\":\"es\",\"potentialAction\":[{\"@type\":\"ReadAction\",\"target\":[\"https:\\\/\\\/coria.org\\\/ayuntamiento\\\/index.php\\\/2025\\\/04\\\/25\\\/bases-del-concurso-que-regiran-los-premios-del-xxviii-concurso-internacional-de-guitarra-ciudad-de-coria-2025\\\/\"]}]},{\"@type\":\"ImageObject\",\"inLanguage\":\"es\",\"@id\":\"https:\\\/\\\/coria.org\\\/ayuntamiento\\\/index.php\\\/2025\\\/04\\\/25\\\/bases-del-concurso-que-regiran-los-premios-del-xxviii-concurso-internacional-de-guitarra-ciudad-de-coria-2025\\\/#primaryimage\",\"url\":\"https:\\\/\\\/coria.org\\\/ayuntamiento\\\/wp-content\\\/uploads\\\/2025\\\/04\\\/concierto-guitarra.webp\",\"contentUrl\":\"https:\\\/\\\/coria.org\\\/ayuntamiento\\\/wp-content\\\/uploads\\\/2025\\\/04\\\/concierto-guitarra.webp\",\"width\":1920,\"height\":1440},{\"@type\":\"BreadcrumbList\",\"@id\":\"https:\\\/\\\/coria.org\\\/ayuntamiento\\\/index.php\\\/2025\\\/04\\\/25\\\/bases-del-concurso-que-regiran-los-premios-del-xxviii-concurso-internacional-de-guitarra-ciudad-de-coria-2025\\\/#breadcrumb\",\"itemListElement\":[{\"@type\":\"ListItem\",\"position\":1,\"name\":\"Inicio\",\"item\":\"https:\\\/\\\/coria.org\\\/ayuntamiento\\\/\"},{\"@type\":\"ListItem\",\"position\":2,\"name\":\"Bases del concurso que regir\u00e1n los premios del XXVIII Concurso Internacional de Guitarra \u201cCiudad de Coria\u201d 2025\"}]},{\"@type\":\"WebSite\",\"@id\":\"https:\\\/\\\/coria.org\\\/ayuntamiento\\\/#website\",\"url\":\"https:\\\/\\\/coria.org\\\/ayuntamiento\\\/\",\"name\":\"Ayuntamiento de Coria\",\"description\":\"Web oficial del Ayuntamiento de Coria\",\"publisher\":{\"@id\":\"https:\\\/\\\/coria.org\\\/ayuntamiento\\\/#organization\"},\"alternateName\":\"Web Oficial del Ayuntamiento de Coria\",\"potentialAction\":[{\"@type\":\"SearchAction\",\"target\":{\"@type\":\"EntryPoint\",\"urlTemplate\":\"https:\\\/\\\/coria.org\\\/ayuntamiento\\\/?s={search_term_string}\"},\"query-input\":{\"@type\":\"PropertyValueSpecification\",\"valueRequired\":true,\"valueName\":\"search_term_string\"}}],\"inLanguage\":\"es\"},{\"@type\":\"Organization\",\"@id\":\"https:\\\/\\\/coria.org\\\/ayuntamiento\\\/#organization\",\"name\":\"Ayuntamiento de Coria\",\"alternateName\":\"Ayto de Coria\",\"url\":\"https:\\\/\\\/coria.org\\\/ayuntamiento\\\/\",\"logo\":{\"@type\":\"ImageObject\",\"inLanguage\":\"es\",\"@id\":\"https:\\\/\\\/coria.org\\\/ayuntamiento\\\/#\\\/schema\\\/logo\\\/image\\\/\",\"url\":\"https:\\\/\\\/coria.org\\\/ayuntamiento\\\/wp-content\\\/uploads\\\/2020\\\/12\\\/escudo-ayuntamiento-coria.png\",\"contentUrl\":\"https:\\\/\\\/coria.org\\\/ayuntamiento\\\/wp-content\\\/uploads\\\/2020\\\/12\\\/escudo-ayuntamiento-coria.png\",\"width\":511,\"height\":240,\"caption\":\"Ayuntamiento de Coria\"},\"image\":{\"@id\":\"https:\\\/\\\/coria.org\\\/ayuntamiento\\\/#\\\/schema\\\/logo\\\/image\\\/\"},\"sameAs\":[\"https:\\\/\\\/www.facebook.com\\\/Ayuntamiento.de.Coria\",\"https:\\\/\\\/x.com\\\/Ayto_de_Coria\",\"https:\\\/\\\/www.instagram.com\\\/coria.ayuntamiento\\\/\",\"https:\\\/\\\/www.youtube.com\\\/user\\\/AYUNTAMIENTOCORIA\"]},{\"@type\":\"Person\",\"@id\":\"https:\\\/\\\/coria.org\\\/ayuntamiento\\\/#\\\/schema\\\/person\\\/8bd589f0e13e8ae5aa06def7a599d622\",\"name\":\"ayuntamiento\",\"image\":{\"@type\":\"ImageObject\",\"inLanguage\":\"es\",\"@id\":\"https:\\\/\\\/secure.gravatar.com\\\/avatar\\\/966e5ed73cad334adda5c87f49f2547f7082f7292c1b627cbb548744383b391c?s=96&d=mm&r=g\",\"url\":\"https:\\\/\\\/secure.gravatar.com\\\/avatar\\\/966e5ed73cad334adda5c87f49f2547f7082f7292c1b627cbb548744383b391c?s=96&d=mm&r=g\",\"contentUrl\":\"https:\\\/\\\/secure.gravatar.com\\\/avatar\\\/966e5ed73cad334adda5c87f49f2547f7082f7292c1b627cbb548744383b391c?s=96&d=mm&r=g\",\"caption\":\"ayuntamiento\"}}]}<\/script>\n<!-- \/ Yoast SEO plugin. -->","yoast_head_json":{"title":"Bases del concurso que regir\u00e1n los premios del XXVIII Concurso Internacional de Guitarra \u201cCiudad de Coria\u201d 2025 - Ayuntamiento de Coria","description":"El Bolet\u00edn Oficial de la Provincia (BOP), ha publicado este mi\u00e9rcoles, el extracto de la convocatoria que regir\u00e1 la participaci\u00f3n en los Premios del XXVIII Concurso Internacional de Guitarra \u201cCiudad de Coria\u201d 2025 que se celebrar\u00e1 el pr\u00f3ximo mes de agosto.","robots":{"index":"index","follow":"follow","max-snippet":"max-snippet:-1","max-image-preview":"max-image-preview:large","max-video-preview":"max-video-preview:-1"},"canonical":"https:\/\/coria.org\/ayuntamiento\/index.php\/2025\/04\/25\/bases-del-concurso-que-regiran-los-premios-del-xxviii-concurso-internacional-de-guitarra-ciudad-de-coria-2025\/","og_locale":"es_ES","og_type":"article","og_title":"Bases del concurso que regir\u00e1n los premios del XXVIII Concurso Internacional de Guitarra \u201cCiudad de Coria\u201d 2025","og_description":"El Bolet\u00edn Oficial de la Provincia (BOP), ha publicado este mi\u00e9rcoles, el extracto de la convocatoria que regir\u00e1 la participaci\u00f3n en los Premios del XXVIII Concurso Internacional de Guitarra \u201cCiudad de Coria\u201d 2025 que se celebrar\u00e1 el pr\u00f3ximo mes de agosto.","og_url":"https:\/\/coria.org\/ayuntamiento\/index.php\/2025\/04\/25\/bases-del-concurso-que-regiran-los-premios-del-xxviii-concurso-internacional-de-guitarra-ciudad-de-coria-2025\/","og_site_name":"Ayuntamiento de Coria","article_publisher":"https:\/\/www.facebook.com\/Ayuntamiento.de.Coria","article_published_time":"2025-04-25T08:40:20+00:00","article_modified_time":"2025-09-11T12:15:41+00:00","og_image":[{"width":1920,"height":1440,"url":"https:\/\/coria.org\/ayuntamiento\/wp-content\/uploads\/2025\/04\/concierto-guitarra.webp","type":"image\/webp"}],"author":"ayuntamiento","twitter_card":"summary_large_image","twitter_title":"Bases del concurso que regir\u00e1n los premios del XXVIII Concurso Internacional de Guitarra \u201cCiudad de Coria\u201d 2025","twitter_description":"El Bolet\u00edn Oficial de la Provincia (BOP), ha publicado este mi\u00e9rcoles, el extracto de la convocatoria que regir\u00e1 la participaci\u00f3n en los Premios del XXVIII Concurso Internacional de Guitarra \u201cCiudad de Coria\u201d 2025 que se celebrar\u00e1 el pr\u00f3ximo mes de agosto.","twitter_image":"https:\/\/coria.org\/ayuntamiento\/wp-content\/uploads\/2025\/04\/concierto-guitarra.webp","twitter_creator":"@Ayto_de_Coria","twitter_site":"@Ayto_de_Coria","twitter_misc":{"Escrito por":"ayuntamiento","Tiempo de lectura":"2 minutos"},"schema":{"@context":"https:\/\/schema.org","@graph":[{"@type":"Article","@id":"https:\/\/coria.org\/ayuntamiento\/index.php\/2025\/04\/25\/bases-del-concurso-que-regiran-los-premios-del-xxviii-concurso-internacional-de-guitarra-ciudad-de-coria-2025\/#article","isPartOf":{"@id":"https:\/\/coria.org\/ayuntamiento\/index.php\/2025\/04\/25\/bases-del-concurso-que-regiran-los-premios-del-xxviii-concurso-internacional-de-guitarra-ciudad-de-coria-2025\/"},"author":{"name":"ayuntamiento","@id":"https:\/\/coria.org\/ayuntamiento\/#\/schema\/person\/8bd589f0e13e8ae5aa06def7a599d622"},"headline":"Bases del concurso que regir\u00e1n los premios del XXVIII Concurso Internacional de Guitarra \u201cCiudad de Coria\u201d 2025","datePublished":"2025-04-25T08:40:20+00:00","dateModified":"2025-09-11T12:15:41+00:00","mainEntityOfPage":{"@id":"https:\/\/coria.org\/ayuntamiento\/index.php\/2025\/04\/25\/bases-del-concurso-que-regiran-los-premios-del-xxviii-concurso-internacional-de-guitarra-ciudad-de-coria-2025\/"},"wordCount":410,"publisher":{"@id":"https:\/\/coria.org\/ayuntamiento\/#organization"},"image":{"@id":"https:\/\/coria.org\/ayuntamiento\/index.php\/2025\/04\/25\/bases-del-concurso-que-regiran-los-premios-del-xxviii-concurso-internacional-de-guitarra-ciudad-de-coria-2025\/#primaryimage"},"thumbnailUrl":"https:\/\/coria.org\/ayuntamiento\/wp-content\/uploads\/2025\/04\/concierto-guitarra.webp","keywords":["concurso de guitarra"],"articleSection":["Noticias"],"inLanguage":"es"},{"@type":"WebPage","@id":"https:\/\/coria.org\/ayuntamiento\/index.php\/2025\/04\/25\/bases-del-concurso-que-regiran-los-premios-del-xxviii-concurso-internacional-de-guitarra-ciudad-de-coria-2025\/","url":"https:\/\/coria.org\/ayuntamiento\/index.php\/2025\/04\/25\/bases-del-concurso-que-regiran-los-premios-del-xxviii-concurso-internacional-de-guitarra-ciudad-de-coria-2025\/","name":"Bases del concurso que regir\u00e1n los premios del XXVIII Concurso Internacional de Guitarra \u201cCiudad de Coria\u201d 2025 - Ayuntamiento de Coria","isPartOf":{"@id":"https:\/\/coria.org\/ayuntamiento\/#website"},"primaryImageOfPage":{"@id":"https:\/\/coria.org\/ayuntamiento\/index.php\/2025\/04\/25\/bases-del-concurso-que-regiran-los-premios-del-xxviii-concurso-internacional-de-guitarra-ciudad-de-coria-2025\/#primaryimage"},"image":{"@id":"https:\/\/coria.org\/ayuntamiento\/index.php\/2025\/04\/25\/bases-del-concurso-que-regiran-los-premios-del-xxviii-concurso-internacional-de-guitarra-ciudad-de-coria-2025\/#primaryimage"},"thumbnailUrl":"https:\/\/coria.org\/ayuntamiento\/wp-content\/uploads\/2025\/04\/concierto-guitarra.webp","datePublished":"2025-04-25T08:40:20+00:00","dateModified":"2025-09-11T12:15:41+00:00","description":"El Bolet\u00edn Oficial de la Provincia (BOP), ha publicado este mi\u00e9rcoles, el extracto de la convocatoria que regir\u00e1 la participaci\u00f3n en los Premios del XXVIII Concurso Internacional de Guitarra \u201cCiudad de Coria\u201d 2025 que se celebrar\u00e1 el pr\u00f3ximo mes de agosto.","breadcrumb":{"@id":"https:\/\/coria.org\/ayuntamiento\/index.php\/2025\/04\/25\/bases-del-concurso-que-regiran-los-premios-del-xxviii-concurso-internacional-de-guitarra-ciudad-de-coria-2025\/#breadcrumb"},"inLanguage":"es","potentialAction":[{"@type":"ReadAction","target":["https:\/\/coria.org\/ayuntamiento\/index.php\/2025\/04\/25\/bases-del-concurso-que-regiran-los-premios-del-xxviii-concurso-internacional-de-guitarra-ciudad-de-coria-2025\/"]}]},{"@type":"ImageObject","inLanguage":"es","@id":"https:\/\/coria.org\/ayuntamiento\/index.php\/2025\/04\/25\/bases-del-concurso-que-regiran-los-premios-del-xxviii-concurso-internacional-de-guitarra-ciudad-de-coria-2025\/#primaryimage","url":"https:\/\/coria.org\/ayuntamiento\/wp-content\/uploads\/2025\/04\/concierto-guitarra.webp","contentUrl":"https:\/\/coria.org\/ayuntamiento\/wp-content\/uploads\/2025\/04\/concierto-guitarra.webp","width":1920,"height":1440},{"@type":"BreadcrumbList","@id":"https:\/\/coria.org\/ayuntamiento\/index.php\/2025\/04\/25\/bases-del-concurso-que-regiran-los-premios-del-xxviii-concurso-internacional-de-guitarra-ciudad-de-coria-2025\/#breadcrumb","itemListElement":[{"@type":"ListItem","position":1,"name":"Inicio","item":"https:\/\/coria.org\/ayuntamiento\/"},{"@type":"ListItem","position":2,"name":"Bases del concurso que regir\u00e1n los premios del XXVIII Concurso Internacional de Guitarra \u201cCiudad de Coria\u201d 2025"}]},{"@type":"WebSite","@id":"https:\/\/coria.org\/ayuntamiento\/#website","url":"https:\/\/coria.org\/ayuntamiento\/","name":"Ayuntamiento de Coria","description":"Web oficial del Ayuntamiento de Coria","publisher":{"@id":"https:\/\/coria.org\/ayuntamiento\/#organization"},"alternateName":"Web Oficial del Ayuntamiento de Coria","potentialAction":[{"@type":"SearchAction","target":{"@type":"EntryPoint","urlTemplate":"https:\/\/coria.org\/ayuntamiento\/?s={search_term_string}"},"query-input":{"@type":"PropertyValueSpecification","valueRequired":true,"valueName":"search_term_string"}}],"inLanguage":"es"},{"@type":"Organization","@id":"https:\/\/coria.org\/ayuntamiento\/#organization","name":"Ayuntamiento de Coria","alternateName":"Ayto de Coria","url":"https:\/\/coria.org\/ayuntamiento\/","logo":{"@type":"ImageObject","inLanguage":"es","@id":"https:\/\/coria.org\/ayuntamiento\/#\/schema\/logo\/image\/","url":"https:\/\/coria.org\/ayuntamiento\/wp-content\/uploads\/2020\/12\/escudo-ayuntamiento-coria.png","contentUrl":"https:\/\/coria.org\/ayuntamiento\/wp-content\/uploads\/2020\/12\/escudo-ayuntamiento-coria.png","width":511,"height":240,"caption":"Ayuntamiento de Coria"},"image":{"@id":"https:\/\/coria.org\/ayuntamiento\/#\/schema\/logo\/image\/"},"sameAs":["https:\/\/www.facebook.com\/Ayuntamiento.de.Coria","https:\/\/x.com\/Ayto_de_Coria","https:\/\/www.instagram.com\/coria.ayuntamiento\/","https:\/\/www.youtube.com\/user\/AYUNTAMIENTOCORIA"]},{"@type":"Person","@id":"https:\/\/coria.org\/ayuntamiento\/#\/schema\/person\/8bd589f0e13e8ae5aa06def7a599d622","name":"ayuntamiento","image":{"@type":"ImageObject","inLanguage":"es","@id":"https:\/\/secure.gravatar.com\/avatar\/966e5ed73cad334adda5c87f49f2547f7082f7292c1b627cbb548744383b391c?s=96&d=mm&r=g","url":"https:\/\/secure.gravatar.com\/avatar\/966e5ed73cad334adda5c87f49f2547f7082f7292c1b627cbb548744383b391c?s=96&d=mm&r=g","contentUrl":"https:\/\/secure.gravatar.com\/avatar\/966e5ed73cad334adda5c87f49f2547f7082f7292c1b627cbb548744383b391c?s=96&d=mm&r=g","caption":"ayuntamiento"}}]}},"uagb_featured_image_src":{"full":["https:\/\/coria.org\/ayuntamiento\/wp-content\/uploads\/2025\/04\/concierto-guitarra.webp",1920,1440,false],"thumbnail":["https:\/\/coria.org\/ayuntamiento\/wp-content\/uploads\/2025\/04\/concierto-guitarra-150x150.webp",150,150,true],"medium":["https:\/\/coria.org\/ayuntamiento\/wp-content\/uploads\/2025\/04\/concierto-guitarra.webp",1920,1440,false],"medium_large":["https:\/\/coria.org\/ayuntamiento\/wp-content\/uploads\/2025\/04\/concierto-guitarra-768x576.webp",768,576,true],"large":["https:\/\/coria.org\/ayuntamiento\/wp-content\/uploads\/2025\/04\/concierto-guitarra.webp",1920,1440,false],"thumblist":["https:\/\/coria.org\/ayuntamiento\/wp-content\/uploads\/2025\/04\/concierto-guitarra-300x300.webp",300,300,true],"thumbrelated":["https:\/\/coria.org\/ayuntamiento\/wp-content\/uploads\/2025\/04\/concierto-guitarra-500x500.webp",500,500,true],"meccarouselthumb":["https:\/\/coria.org\/ayuntamiento\/wp-content\/uploads\/2025\/04\/concierto-guitarra-474x324.webp",474,324,true],"gridsquare":["https:\/\/coria.org\/ayuntamiento\/wp-content\/uploads\/2025\/04\/concierto-guitarra-391x260.webp",391,260,true],"tileview":["https:\/\/coria.org\/ayuntamiento\/wp-content\/uploads\/2025\/04\/concierto-guitarra-300x400.webp",300,400,true],"1536x1536":["https:\/\/coria.org\/ayuntamiento\/wp-content\/uploads\/2025\/04\/concierto-guitarra-1536x1152.webp",1536,1152,true],"2048x2048":["https:\/\/coria.org\/ayuntamiento\/wp-content\/uploads\/2025\/04\/concierto-guitarra.webp",1920,1440,false]},"uagb_author_info":{"display_name":"ayuntamiento","author_link":"https:\/\/coria.org\/ayuntamiento\/index.php\/author\/ayuntamiento\/"},"uagb_comment_info":0,"uagb_excerpt":"El Bolet\u00edn Oficial de la Provincia (BOP), ha publicado este mi\u00e9rcoles, el extracto de la convocatoria que regir\u00e1 la participaci\u00f3n en los Premios del XXVIII Concurso Internacional de Guitarra \u201cCiudad de Coria\u201d 2025 que se celebrar\u00e1 el pr\u00f3ximo mes de agosto. La convocatoria tiene por objeto establecer la regulaci\u00f3n y las normas que han de&hellip;","_links":{"self":[{"href":"https:\/\/coria.org\/ayuntamiento\/index.php\/wp-json\/wp\/v2\/posts\/64448","targetHints":{"allow":["GET"]}}],"collection":[{"href":"https:\/\/coria.org\/ayuntamiento\/index.php\/wp-json\/wp\/v2\/posts"}],"about":[{"href":"https:\/\/coria.org\/ayuntamiento\/index.php\/wp-json\/wp\/v2\/types\/post"}],"author":[{"embeddable":true,"href":"https:\/\/coria.org\/ayuntamiento\/index.php\/wp-json\/wp\/v2\/users\/2"}],"replies":[{"embeddable":true,"href":"https:\/\/coria.org\/ayuntamiento\/index.php\/wp-json\/wp\/v2\/comments?post=64448"}],"version-history":[{"count":0,"href":"https:\/\/coria.org\/ayuntamiento\/index.php\/wp-json\/wp\/v2\/posts\/64448\/revisions"}],"wp:featuredmedia":[{"embeddable":true,"href":"https:\/\/coria.org\/ayuntamiento\/index.php\/wp-json\/wp\/v2\/media\/64449"}],"wp:attachment":[{"href":"https:\/\/coria.org\/ayuntamiento\/index.php\/wp-json\/wp\/v2\/media?parent=64448"}],"wp:term":[{"taxonomy":"category","embeddable":true,"href":"https:\/\/coria.org\/ayuntamiento\/index.php\/wp-json\/wp\/v2\/categories?post=64448"},{"taxonomy":"post_tag","embeddable":true,"href":"https:\/\/coria.org\/ayuntamiento\/index.php\/wp-json\/wp\/v2\/tags?post=64448"}],"curies":[{"name":"wp","href":"https:\/\/api.w.org\/{rel}","templated":true}]}}