{"id":64437,"date":"2025-04-23T14:25:16","date_gmt":"2025-04-23T12:25:16","guid":{"rendered":"https:\/\/coria.org\/ayuntamiento\/?p=64437"},"modified":"2025-09-11T14:15:41","modified_gmt":"2025-09-11T12:15:41","slug":"coria-celebra-el-dia-de-la-rosca-con-taller-de-globoflexia-y-actividades-para-los-mas-pequenos","status":"publish","type":"post","link":"https:\/\/coria.org\/ayuntamiento\/index.php\/2025\/04\/23\/coria-celebra-el-dia-de-la-rosca-con-taller-de-globoflexia-y-actividades-para-los-mas-pequenos\/","title":{"rendered":"Coria celebra el D\u00eda de la Rosca con taller de globoflexia y actividades para los m\u00e1s peque\u00f1os"},"content":{"rendered":"\n<p>Ser\u00e1 el pr\u00f3ximo lunes d\u00eda 28 de abril a las 18:00 horas en el \u201cantiguo\u201d Camping de Paseo de La Isla.<\/p>\n\n\n<figure class=\"wp-block-post-featured-image\"><img loading=\"lazy\" decoding=\"async\" width=\"1920\" height=\"1440\" src=\"https:\/\/coria.org\/ayuntamiento\/wp-content\/uploads\/2025\/04\/dia-rosca.webp\" class=\"attachment-post-thumbnail size-post-thumbnail wp-post-image\" alt=\"\" style=\"object-fit:cover;\" srcset=\"https:\/\/coria.org\/ayuntamiento\/wp-content\/uploads\/2025\/04\/dia-rosca.webp 1920w, https:\/\/coria.org\/ayuntamiento\/wp-content\/uploads\/2025\/04\/dia-rosca-768x576.webp 768w, https:\/\/coria.org\/ayuntamiento\/wp-content\/uploads\/2025\/04\/dia-rosca-1536x1152.webp 1536w\" sizes=\"auto, (max-width: 1920px) 100vw, 1920px\" \/><\/figure>\n\n\n<p>Con el principal objetivo de recuperar nuestras tradiciones, el Ayuntamiento de Coria, a trav\u00e9s del departamento de turismo, se ha propuesto revivir por tercer a\u00f1o consecutivo, dado el grado y \u00e9xito de aceptaci\u00f3n de los dos a\u00f1os anteriores, uno de los d\u00edas m\u00e1s esperados del a\u00f1o, el <strong>d\u00eda de la Rosca o Lunes de Cruces,<\/strong> como se conoce en otras localidades.<\/p>\n\n\n\n<p>Este d\u00eda tiene su origen en las roscas de \u201cbarullo\u201d, roscas artesanas ba\u00f1adas en merengue y decoradas con confites, que las madrinas regalaban a sus ahijados para llevarlos durante la procesi\u00f3n dela Cofrad\u00eda de la Santa y Vera Cruz.<\/p>\n\n\n\n<p>Al terminar, en las inmediaciones de la ciudad, familiares y amigos se reun\u00edan para degustare este peculiar dulce, haciendo de este d\u00eda, un d\u00eda redondo. Son tradiciones que deben perdurar y adaptarse a los nuevos tiempos y demanda.<\/p>\n\n\n\n<p>Para ello, se cre\u00f3 hace ya dos a\u00f1os el \u201cD\u00eda de la Rosca\u201d, pensando en una adaptaci\u00f3n a ese d\u00eda que tan buenos recuerdos nos trae, con el fin de que toda la familia pueda disfrutar, contribuyendo adem\u00e1s a promocionar de manera indirecta a aquellos establecimientos que elaboran este producto este d\u00eda en concreto.<\/p>\n\n\n\n<p>Por tanto, el lunes 28 de abril se celebrar\u00e1n el D\u00eda de la Rosca con actividades para los m\u00e1s peque\u00f1os. El lugar ideal para esta celebraci\u00f3n ser\u00e1 el espacio del \u201cantiguo camping\u201d, un lugar de campo, pero cerca de la ciudad. Con espacio en el interior por si la climatolog\u00eda impidiese celebrarlo fuera.<\/p>\n\n\n\n<p>Adem\u00e1s de que este d\u00eda est\u00e1 ligado y relacionado a pasarlo en el campo. Pensando tambi\u00e9n en que sea una actividad que puedan conocer las personas que vienen de otras ciudades, el lugar de f\u00e1cil acceso y ubicaci\u00f3n, al que se puede llegar caminando o en diferentes tipos de veh\u00edculos.<\/p>\n\n\n\n<p>La jornada se desarrollar\u00e1 con actividades para los m\u00e1s peque\u00f1os desde las 18 horas, con un Taller de Globoflexia \u201ccrea, infla y deja volar tu imaginaci\u00f3n\u201d, con el cauriense Javier Carr\u00f3n, una actividad que podr\u00e1 disfrutarse en familia. Una iniciativa que nos har\u00e1 disfrutar de una maravillosa tarde de campo con los m\u00e1s peque\u00f1os y merendando la rosca que nuestra madrina nos ha regalado. Una actividad que ser\u00e1 totalmente gratuita.<\/p>\n\n\n\n<p>El Ayuntamiento anima a todos los ni\u00f1os a ser part\u00edcipes de ella y seguir viviendo nuestras tradiciones en la Ciudad de Coria, tambi\u00e9n a salir al campo a comer con familiares y amigos la Rosca, un manjar tan delicioso que tenemos en nuestra localidad. \u00a1No olvid\u00e9is vuestras mantas de tiras!<\/p>\n\n\n\n<div style=\"height:50px\" aria-hidden=\"true\" class=\"wp-block-spacer\"><\/div>\n\n\n\n<figure data-wp-context=\"{&quot;imageId&quot;:&quot;69ec663b93bb9&quot;}\" data-wp-interactive=\"core\/image\" data-wp-key=\"69ec663b93bb9\" class=\"wp-block-image size-full is-resized wp-lightbox-container\"><img loading=\"lazy\" decoding=\"async\" width=\"1080\" height=\"1350\" data-wp-class--hide=\"state.isContentHidden\" data-wp-class--show=\"state.isContentVisible\" data-wp-init=\"callbacks.setButtonStyles\" data-wp-on--click=\"actions.showLightbox\" data-wp-on--load=\"callbacks.setButtonStyles\" data-wp-on-window--resize=\"callbacks.setButtonStyles\" src=\"https:\/\/coria.org\/ayuntamiento\/wp-content\/uploads\/2025\/04\/globoflexia-25.webp\" alt=\"\" class=\"wp-image-64439\" style=\"width:413px;height:auto\" srcset=\"https:\/\/coria.org\/ayuntamiento\/wp-content\/uploads\/2025\/04\/globoflexia-25.webp 1080w, https:\/\/coria.org\/ayuntamiento\/wp-content\/uploads\/2025\/04\/globoflexia-25-768x960.webp 768w\" sizes=\"auto, (max-width: 1080px) 100vw, 1080px\" \/><button\n\t\t\tclass=\"lightbox-trigger\"\n\t\t\ttype=\"button\"\n\t\t\taria-haspopup=\"dialog\"\n\t\t\taria-label=\"Agrandar\"\n\t\t\tdata-wp-init=\"callbacks.initTriggerButton\"\n\t\t\tdata-wp-on--click=\"actions.showLightbox\"\n\t\t\tdata-wp-style--right=\"state.imageButtonRight\"\n\t\t\tdata-wp-style--top=\"state.imageButtonTop\"\n\t\t>\n\t\t\t<svg xmlns=\"http:\/\/www.w3.org\/2000\/svg\" width=\"12\" height=\"12\" fill=\"none\" viewBox=\"0 0 12 12\">\n\t\t\t\t<path fill=\"#fff\" d=\"M2 0a2 2 0 0 0-2 2v2h1.5V2a.5.5 0 0 1 .5-.5h2V0H2Zm2 10.5H2a.5.5 0 0 1-.5-.5V8H0v2a2 2 0 0 0 2 2h2v-1.5ZM8 12v-1.5h2a.5.5 0 0 0 .5-.5V8H12v2a2 2 0 0 1-2 2H8Zm2-12a2 2 0 0 1 2 2v2h-1.5V2a.5.5 0 0 0-.5-.5H8V0h2Z\" \/>\n\t\t\t<\/svg>\n\t\t<\/button><\/figure>\n","protected":false},"excerpt":{"rendered":"<p>Ser\u00e1 el pr\u00f3ximo lunes d\u00eda 28 de abril a las 18:00 horas en el \u201cantiguo\u201d Camping de Paseo de La Isla. Con el principal objetivo de recuperar nuestras tradiciones, el Ayuntamiento de Coria, a trav\u00e9s del departamento de turismo, se ha propuesto revivir por tercer a\u00f1o consecutivo, dado el grado y \u00e9xito de aceptaci\u00f3n de [&hellip;]<\/p>\n","protected":false},"author":2,"featured_media":64438,"comment_status":"closed","ping_status":"closed","sticky":false,"template":"","format":"standard","meta":{"_uag_custom_page_level_css":"","footnotes":""},"categories":[2],"tags":[1419],"class_list":["post-64437","post","type-post","status-publish","format-standard","has-post-thumbnail","hentry","category-noticias","tag-rosca"],"yoast_head":"<!-- This site is optimized with the Yoast SEO plugin v27.4 - https:\/\/yoast.com\/product\/yoast-seo-wordpress\/ -->\n<title>Coria celebra el D\u00eda de la Rosca con taller de globoflexia y actividades para los m\u00e1s peque\u00f1os - Ayuntamiento de Coria<\/title>\n<meta name=\"description\" content=\"Ser\u00e1 el pr\u00f3ximo lunes d\u00eda 28 de abril a las 18:00 horas en el \u201cantiguo\u201d Camping de Paseo de La Isla.\" \/>\n<meta name=\"robots\" content=\"index, follow, max-snippet:-1, max-image-preview:large, max-video-preview:-1\" \/>\n<link rel=\"canonical\" href=\"https:\/\/coria.org\/ayuntamiento\/index.php\/2025\/04\/23\/coria-celebra-el-dia-de-la-rosca-con-taller-de-globoflexia-y-actividades-para-los-mas-pequenos\/\" \/>\n<meta property=\"og:locale\" content=\"es_ES\" \/>\n<meta property=\"og:type\" content=\"article\" \/>\n<meta property=\"og:title\" content=\"Coria celebra el D\u00eda de la Rosca con taller de globoflexia y actividades para los m\u00e1s peque\u00f1os\" \/>\n<meta property=\"og:description\" content=\"Ser\u00e1 el pr\u00f3ximo lunes d\u00eda 28 de abril a las 18:00 horas en el \u201cantiguo\u201d Camping de Paseo de La Isla.\" \/>\n<meta property=\"og:url\" content=\"https:\/\/coria.org\/ayuntamiento\/index.php\/2025\/04\/23\/coria-celebra-el-dia-de-la-rosca-con-taller-de-globoflexia-y-actividades-para-los-mas-pequenos\/\" \/>\n<meta property=\"og:site_name\" content=\"Ayuntamiento de Coria\" \/>\n<meta property=\"article:publisher\" content=\"https:\/\/www.facebook.com\/Ayuntamiento.de.Coria\" \/>\n<meta property=\"article:published_time\" content=\"2025-04-23T12:25:16+00:00\" \/>\n<meta property=\"article:modified_time\" content=\"2025-09-11T12:15:41+00:00\" \/>\n<meta property=\"og:image\" content=\"https:\/\/coria.org\/ayuntamiento\/wp-content\/uploads\/2025\/04\/dia-rosca.webp\" \/>\n\t<meta property=\"og:image:width\" content=\"1920\" \/>\n\t<meta property=\"og:image:height\" content=\"1440\" \/>\n\t<meta property=\"og:image:type\" content=\"image\/webp\" \/>\n<meta name=\"author\" content=\"ayuntamiento\" \/>\n<meta name=\"twitter:card\" content=\"summary_large_image\" \/>\n<meta name=\"twitter:title\" content=\"Coria celebra el D\u00eda de la Rosca con taller de globoflexia y actividades para los m\u00e1s peque\u00f1os\" \/>\n<meta name=\"twitter:description\" content=\"Ser\u00e1 el pr\u00f3ximo lunes d\u00eda 28 de abril a las 18:00 horas en el \u201cantiguo\u201d Camping de Paseo de La Isla.\" \/>\n<meta name=\"twitter:image\" content=\"https:\/\/coria.org\/ayuntamiento\/wp-content\/uploads\/2025\/04\/dia-rosca.webp\" \/>\n<meta name=\"twitter:creator\" content=\"@Ayto_de_Coria\" \/>\n<meta name=\"twitter:site\" content=\"@Ayto_de_Coria\" \/>\n<meta name=\"twitter:label1\" content=\"Escrito por\" \/>\n\t<meta name=\"twitter:data1\" content=\"ayuntamiento\" \/>\n\t<meta name=\"twitter:label2\" content=\"Tiempo de lectura\" \/>\n\t<meta name=\"twitter:data2\" content=\"3 minutos\" \/>\n<script type=\"application\/ld+json\" class=\"yoast-schema-graph\">{\"@context\":\"https:\\\/\\\/schema.org\",\"@graph\":[{\"@type\":\"Article\",\"@id\":\"https:\\\/\\\/coria.org\\\/ayuntamiento\\\/index.php\\\/2025\\\/04\\\/23\\\/coria-celebra-el-dia-de-la-rosca-con-taller-de-globoflexia-y-actividades-para-los-mas-pequenos\\\/#article\",\"isPartOf\":{\"@id\":\"https:\\\/\\\/coria.org\\\/ayuntamiento\\\/index.php\\\/2025\\\/04\\\/23\\\/coria-celebra-el-dia-de-la-rosca-con-taller-de-globoflexia-y-actividades-para-los-mas-pequenos\\\/\"},\"author\":{\"name\":\"ayuntamiento\",\"@id\":\"https:\\\/\\\/coria.org\\\/ayuntamiento\\\/#\\\/schema\\\/person\\\/8bd589f0e13e8ae5aa06def7a599d622\"},\"headline\":\"Coria celebra el D\u00eda de la Rosca con taller de globoflexia y actividades para los m\u00e1s peque\u00f1os\",\"datePublished\":\"2025-04-23T12:25:16+00:00\",\"dateModified\":\"2025-09-11T12:15:41+00:00\",\"mainEntityOfPage\":{\"@id\":\"https:\\\/\\\/coria.org\\\/ayuntamiento\\\/index.php\\\/2025\\\/04\\\/23\\\/coria-celebra-el-dia-de-la-rosca-con-taller-de-globoflexia-y-actividades-para-los-mas-pequenos\\\/\"},\"wordCount\":497,\"publisher\":{\"@id\":\"https:\\\/\\\/coria.org\\\/ayuntamiento\\\/#organization\"},\"image\":{\"@id\":\"https:\\\/\\\/coria.org\\\/ayuntamiento\\\/index.php\\\/2025\\\/04\\\/23\\\/coria-celebra-el-dia-de-la-rosca-con-taller-de-globoflexia-y-actividades-para-los-mas-pequenos\\\/#primaryimage\"},\"thumbnailUrl\":\"https:\\\/\\\/coria.org\\\/ayuntamiento\\\/wp-content\\\/uploads\\\/2025\\\/04\\\/dia-rosca.webp\",\"keywords\":[\"rosca\"],\"articleSection\":[\"Noticias\"],\"inLanguage\":\"es\"},{\"@type\":\"WebPage\",\"@id\":\"https:\\\/\\\/coria.org\\\/ayuntamiento\\\/index.php\\\/2025\\\/04\\\/23\\\/coria-celebra-el-dia-de-la-rosca-con-taller-de-globoflexia-y-actividades-para-los-mas-pequenos\\\/\",\"url\":\"https:\\\/\\\/coria.org\\\/ayuntamiento\\\/index.php\\\/2025\\\/04\\\/23\\\/coria-celebra-el-dia-de-la-rosca-con-taller-de-globoflexia-y-actividades-para-los-mas-pequenos\\\/\",\"name\":\"Coria celebra el D\u00eda de la Rosca con taller de globoflexia y actividades para los m\u00e1s peque\u00f1os - Ayuntamiento de Coria\",\"isPartOf\":{\"@id\":\"https:\\\/\\\/coria.org\\\/ayuntamiento\\\/#website\"},\"primaryImageOfPage\":{\"@id\":\"https:\\\/\\\/coria.org\\\/ayuntamiento\\\/index.php\\\/2025\\\/04\\\/23\\\/coria-celebra-el-dia-de-la-rosca-con-taller-de-globoflexia-y-actividades-para-los-mas-pequenos\\\/#primaryimage\"},\"image\":{\"@id\":\"https:\\\/\\\/coria.org\\\/ayuntamiento\\\/index.php\\\/2025\\\/04\\\/23\\\/coria-celebra-el-dia-de-la-rosca-con-taller-de-globoflexia-y-actividades-para-los-mas-pequenos\\\/#primaryimage\"},\"thumbnailUrl\":\"https:\\\/\\\/coria.org\\\/ayuntamiento\\\/wp-content\\\/uploads\\\/2025\\\/04\\\/dia-rosca.webp\",\"datePublished\":\"2025-04-23T12:25:16+00:00\",\"dateModified\":\"2025-09-11T12:15:41+00:00\",\"description\":\"Ser\u00e1 el pr\u00f3ximo lunes d\u00eda 28 de abril a las 18:00 horas en el \u201cantiguo\u201d Camping de Paseo de La Isla.\",\"breadcrumb\":{\"@id\":\"https:\\\/\\\/coria.org\\\/ayuntamiento\\\/index.php\\\/2025\\\/04\\\/23\\\/coria-celebra-el-dia-de-la-rosca-con-taller-de-globoflexia-y-actividades-para-los-mas-pequenos\\\/#breadcrumb\"},\"inLanguage\":\"es\",\"potentialAction\":[{\"@type\":\"ReadAction\",\"target\":[\"https:\\\/\\\/coria.org\\\/ayuntamiento\\\/index.php\\\/2025\\\/04\\\/23\\\/coria-celebra-el-dia-de-la-rosca-con-taller-de-globoflexia-y-actividades-para-los-mas-pequenos\\\/\"]}]},{\"@type\":\"ImageObject\",\"inLanguage\":\"es\",\"@id\":\"https:\\\/\\\/coria.org\\\/ayuntamiento\\\/index.php\\\/2025\\\/04\\\/23\\\/coria-celebra-el-dia-de-la-rosca-con-taller-de-globoflexia-y-actividades-para-los-mas-pequenos\\\/#primaryimage\",\"url\":\"https:\\\/\\\/coria.org\\\/ayuntamiento\\\/wp-content\\\/uploads\\\/2025\\\/04\\\/dia-rosca.webp\",\"contentUrl\":\"https:\\\/\\\/coria.org\\\/ayuntamiento\\\/wp-content\\\/uploads\\\/2025\\\/04\\\/dia-rosca.webp\",\"width\":1920,\"height\":1440},{\"@type\":\"BreadcrumbList\",\"@id\":\"https:\\\/\\\/coria.org\\\/ayuntamiento\\\/index.php\\\/2025\\\/04\\\/23\\\/coria-celebra-el-dia-de-la-rosca-con-taller-de-globoflexia-y-actividades-para-los-mas-pequenos\\\/#breadcrumb\",\"itemListElement\":[{\"@type\":\"ListItem\",\"position\":1,\"name\":\"Inicio\",\"item\":\"https:\\\/\\\/coria.org\\\/ayuntamiento\\\/\"},{\"@type\":\"ListItem\",\"position\":2,\"name\":\"Coria celebra el D\u00eda de la Rosca con taller de globoflexia y actividades para los m\u00e1s peque\u00f1os\"}]},{\"@type\":\"WebSite\",\"@id\":\"https:\\\/\\\/coria.org\\\/ayuntamiento\\\/#website\",\"url\":\"https:\\\/\\\/coria.org\\\/ayuntamiento\\\/\",\"name\":\"Ayuntamiento de Coria\",\"description\":\"Web oficial del Ayuntamiento de Coria\",\"publisher\":{\"@id\":\"https:\\\/\\\/coria.org\\\/ayuntamiento\\\/#organization\"},\"alternateName\":\"Web Oficial del Ayuntamiento de Coria\",\"potentialAction\":[{\"@type\":\"SearchAction\",\"target\":{\"@type\":\"EntryPoint\",\"urlTemplate\":\"https:\\\/\\\/coria.org\\\/ayuntamiento\\\/?s={search_term_string}\"},\"query-input\":{\"@type\":\"PropertyValueSpecification\",\"valueRequired\":true,\"valueName\":\"search_term_string\"}}],\"inLanguage\":\"es\"},{\"@type\":\"Organization\",\"@id\":\"https:\\\/\\\/coria.org\\\/ayuntamiento\\\/#organization\",\"name\":\"Ayuntamiento de Coria\",\"alternateName\":\"Ayto de Coria\",\"url\":\"https:\\\/\\\/coria.org\\\/ayuntamiento\\\/\",\"logo\":{\"@type\":\"ImageObject\",\"inLanguage\":\"es\",\"@id\":\"https:\\\/\\\/coria.org\\\/ayuntamiento\\\/#\\\/schema\\\/logo\\\/image\\\/\",\"url\":\"https:\\\/\\\/coria.org\\\/ayuntamiento\\\/wp-content\\\/uploads\\\/2020\\\/12\\\/escudo-ayuntamiento-coria.png\",\"contentUrl\":\"https:\\\/\\\/coria.org\\\/ayuntamiento\\\/wp-content\\\/uploads\\\/2020\\\/12\\\/escudo-ayuntamiento-coria.png\",\"width\":511,\"height\":240,\"caption\":\"Ayuntamiento de Coria\"},\"image\":{\"@id\":\"https:\\\/\\\/coria.org\\\/ayuntamiento\\\/#\\\/schema\\\/logo\\\/image\\\/\"},\"sameAs\":[\"https:\\\/\\\/www.facebook.com\\\/Ayuntamiento.de.Coria\",\"https:\\\/\\\/x.com\\\/Ayto_de_Coria\",\"https:\\\/\\\/www.instagram.com\\\/coria.ayuntamiento\\\/\",\"https:\\\/\\\/www.youtube.com\\\/user\\\/AYUNTAMIENTOCORIA\"]},{\"@type\":\"Person\",\"@id\":\"https:\\\/\\\/coria.org\\\/ayuntamiento\\\/#\\\/schema\\\/person\\\/8bd589f0e13e8ae5aa06def7a599d622\",\"name\":\"ayuntamiento\",\"image\":{\"@type\":\"ImageObject\",\"inLanguage\":\"es\",\"@id\":\"https:\\\/\\\/secure.gravatar.com\\\/avatar\\\/966e5ed73cad334adda5c87f49f2547f7082f7292c1b627cbb548744383b391c?s=96&d=mm&r=g\",\"url\":\"https:\\\/\\\/secure.gravatar.com\\\/avatar\\\/966e5ed73cad334adda5c87f49f2547f7082f7292c1b627cbb548744383b391c?s=96&d=mm&r=g\",\"contentUrl\":\"https:\\\/\\\/secure.gravatar.com\\\/avatar\\\/966e5ed73cad334adda5c87f49f2547f7082f7292c1b627cbb548744383b391c?s=96&d=mm&r=g\",\"caption\":\"ayuntamiento\"}}]}<\/script>\n<!-- \/ Yoast SEO plugin. -->","yoast_head_json":{"title":"Coria celebra el D\u00eda de la Rosca con taller de globoflexia y actividades para los m\u00e1s peque\u00f1os - Ayuntamiento de Coria","description":"Ser\u00e1 el pr\u00f3ximo lunes d\u00eda 28 de abril a las 18:00 horas en el \u201cantiguo\u201d Camping de Paseo de La Isla.","robots":{"index":"index","follow":"follow","max-snippet":"max-snippet:-1","max-image-preview":"max-image-preview:large","max-video-preview":"max-video-preview:-1"},"canonical":"https:\/\/coria.org\/ayuntamiento\/index.php\/2025\/04\/23\/coria-celebra-el-dia-de-la-rosca-con-taller-de-globoflexia-y-actividades-para-los-mas-pequenos\/","og_locale":"es_ES","og_type":"article","og_title":"Coria celebra el D\u00eda de la Rosca con taller de globoflexia y actividades para los m\u00e1s peque\u00f1os","og_description":"Ser\u00e1 el pr\u00f3ximo lunes d\u00eda 28 de abril a las 18:00 horas en el \u201cantiguo\u201d Camping de Paseo de La Isla.","og_url":"https:\/\/coria.org\/ayuntamiento\/index.php\/2025\/04\/23\/coria-celebra-el-dia-de-la-rosca-con-taller-de-globoflexia-y-actividades-para-los-mas-pequenos\/","og_site_name":"Ayuntamiento de Coria","article_publisher":"https:\/\/www.facebook.com\/Ayuntamiento.de.Coria","article_published_time":"2025-04-23T12:25:16+00:00","article_modified_time":"2025-09-11T12:15:41+00:00","og_image":[{"width":1920,"height":1440,"url":"https:\/\/coria.org\/ayuntamiento\/wp-content\/uploads\/2025\/04\/dia-rosca.webp","type":"image\/webp"}],"author":"ayuntamiento","twitter_card":"summary_large_image","twitter_title":"Coria celebra el D\u00eda de la Rosca con taller de globoflexia y actividades para los m\u00e1s peque\u00f1os","twitter_description":"Ser\u00e1 el pr\u00f3ximo lunes d\u00eda 28 de abril a las 18:00 horas en el \u201cantiguo\u201d Camping de Paseo de La Isla.","twitter_image":"https:\/\/coria.org\/ayuntamiento\/wp-content\/uploads\/2025\/04\/dia-rosca.webp","twitter_creator":"@Ayto_de_Coria","twitter_site":"@Ayto_de_Coria","twitter_misc":{"Escrito por":"ayuntamiento","Tiempo de lectura":"3 minutos"},"schema":{"@context":"https:\/\/schema.org","@graph":[{"@type":"Article","@id":"https:\/\/coria.org\/ayuntamiento\/index.php\/2025\/04\/23\/coria-celebra-el-dia-de-la-rosca-con-taller-de-globoflexia-y-actividades-para-los-mas-pequenos\/#article","isPartOf":{"@id":"https:\/\/coria.org\/ayuntamiento\/index.php\/2025\/04\/23\/coria-celebra-el-dia-de-la-rosca-con-taller-de-globoflexia-y-actividades-para-los-mas-pequenos\/"},"author":{"name":"ayuntamiento","@id":"https:\/\/coria.org\/ayuntamiento\/#\/schema\/person\/8bd589f0e13e8ae5aa06def7a599d622"},"headline":"Coria celebra el D\u00eda de la Rosca con taller de globoflexia y actividades para los m\u00e1s peque\u00f1os","datePublished":"2025-04-23T12:25:16+00:00","dateModified":"2025-09-11T12:15:41+00:00","mainEntityOfPage":{"@id":"https:\/\/coria.org\/ayuntamiento\/index.php\/2025\/04\/23\/coria-celebra-el-dia-de-la-rosca-con-taller-de-globoflexia-y-actividades-para-los-mas-pequenos\/"},"wordCount":497,"publisher":{"@id":"https:\/\/coria.org\/ayuntamiento\/#organization"},"image":{"@id":"https:\/\/coria.org\/ayuntamiento\/index.php\/2025\/04\/23\/coria-celebra-el-dia-de-la-rosca-con-taller-de-globoflexia-y-actividades-para-los-mas-pequenos\/#primaryimage"},"thumbnailUrl":"https:\/\/coria.org\/ayuntamiento\/wp-content\/uploads\/2025\/04\/dia-rosca.webp","keywords":["rosca"],"articleSection":["Noticias"],"inLanguage":"es"},{"@type":"WebPage","@id":"https:\/\/coria.org\/ayuntamiento\/index.php\/2025\/04\/23\/coria-celebra-el-dia-de-la-rosca-con-taller-de-globoflexia-y-actividades-para-los-mas-pequenos\/","url":"https:\/\/coria.org\/ayuntamiento\/index.php\/2025\/04\/23\/coria-celebra-el-dia-de-la-rosca-con-taller-de-globoflexia-y-actividades-para-los-mas-pequenos\/","name":"Coria celebra el D\u00eda de la Rosca con taller de globoflexia y actividades para los m\u00e1s peque\u00f1os - Ayuntamiento de Coria","isPartOf":{"@id":"https:\/\/coria.org\/ayuntamiento\/#website"},"primaryImageOfPage":{"@id":"https:\/\/coria.org\/ayuntamiento\/index.php\/2025\/04\/23\/coria-celebra-el-dia-de-la-rosca-con-taller-de-globoflexia-y-actividades-para-los-mas-pequenos\/#primaryimage"},"image":{"@id":"https:\/\/coria.org\/ayuntamiento\/index.php\/2025\/04\/23\/coria-celebra-el-dia-de-la-rosca-con-taller-de-globoflexia-y-actividades-para-los-mas-pequenos\/#primaryimage"},"thumbnailUrl":"https:\/\/coria.org\/ayuntamiento\/wp-content\/uploads\/2025\/04\/dia-rosca.webp","datePublished":"2025-04-23T12:25:16+00:00","dateModified":"2025-09-11T12:15:41+00:00","description":"Ser\u00e1 el pr\u00f3ximo lunes d\u00eda 28 de abril a las 18:00 horas en el \u201cantiguo\u201d Camping de Paseo de La Isla.","breadcrumb":{"@id":"https:\/\/coria.org\/ayuntamiento\/index.php\/2025\/04\/23\/coria-celebra-el-dia-de-la-rosca-con-taller-de-globoflexia-y-actividades-para-los-mas-pequenos\/#breadcrumb"},"inLanguage":"es","potentialAction":[{"@type":"ReadAction","target":["https:\/\/coria.org\/ayuntamiento\/index.php\/2025\/04\/23\/coria-celebra-el-dia-de-la-rosca-con-taller-de-globoflexia-y-actividades-para-los-mas-pequenos\/"]}]},{"@type":"ImageObject","inLanguage":"es","@id":"https:\/\/coria.org\/ayuntamiento\/index.php\/2025\/04\/23\/coria-celebra-el-dia-de-la-rosca-con-taller-de-globoflexia-y-actividades-para-los-mas-pequenos\/#primaryimage","url":"https:\/\/coria.org\/ayuntamiento\/wp-content\/uploads\/2025\/04\/dia-rosca.webp","contentUrl":"https:\/\/coria.org\/ayuntamiento\/wp-content\/uploads\/2025\/04\/dia-rosca.webp","width":1920,"height":1440},{"@type":"BreadcrumbList","@id":"https:\/\/coria.org\/ayuntamiento\/index.php\/2025\/04\/23\/coria-celebra-el-dia-de-la-rosca-con-taller-de-globoflexia-y-actividades-para-los-mas-pequenos\/#breadcrumb","itemListElement":[{"@type":"ListItem","position":1,"name":"Inicio","item":"https:\/\/coria.org\/ayuntamiento\/"},{"@type":"ListItem","position":2,"name":"Coria celebra el D\u00eda de la Rosca con taller de globoflexia y actividades para los m\u00e1s peque\u00f1os"}]},{"@type":"WebSite","@id":"https:\/\/coria.org\/ayuntamiento\/#website","url":"https:\/\/coria.org\/ayuntamiento\/","name":"Ayuntamiento de Coria","description":"Web oficial del Ayuntamiento de Coria","publisher":{"@id":"https:\/\/coria.org\/ayuntamiento\/#organization"},"alternateName":"Web Oficial del Ayuntamiento de Coria","potentialAction":[{"@type":"SearchAction","target":{"@type":"EntryPoint","urlTemplate":"https:\/\/coria.org\/ayuntamiento\/?s={search_term_string}"},"query-input":{"@type":"PropertyValueSpecification","valueRequired":true,"valueName":"search_term_string"}}],"inLanguage":"es"},{"@type":"Organization","@id":"https:\/\/coria.org\/ayuntamiento\/#organization","name":"Ayuntamiento de Coria","alternateName":"Ayto de Coria","url":"https:\/\/coria.org\/ayuntamiento\/","logo":{"@type":"ImageObject","inLanguage":"es","@id":"https:\/\/coria.org\/ayuntamiento\/#\/schema\/logo\/image\/","url":"https:\/\/coria.org\/ayuntamiento\/wp-content\/uploads\/2020\/12\/escudo-ayuntamiento-coria.png","contentUrl":"https:\/\/coria.org\/ayuntamiento\/wp-content\/uploads\/2020\/12\/escudo-ayuntamiento-coria.png","width":511,"height":240,"caption":"Ayuntamiento de Coria"},"image":{"@id":"https:\/\/coria.org\/ayuntamiento\/#\/schema\/logo\/image\/"},"sameAs":["https:\/\/www.facebook.com\/Ayuntamiento.de.Coria","https:\/\/x.com\/Ayto_de_Coria","https:\/\/www.instagram.com\/coria.ayuntamiento\/","https:\/\/www.youtube.com\/user\/AYUNTAMIENTOCORIA"]},{"@type":"Person","@id":"https:\/\/coria.org\/ayuntamiento\/#\/schema\/person\/8bd589f0e13e8ae5aa06def7a599d622","name":"ayuntamiento","image":{"@type":"ImageObject","inLanguage":"es","@id":"https:\/\/secure.gravatar.com\/avatar\/966e5ed73cad334adda5c87f49f2547f7082f7292c1b627cbb548744383b391c?s=96&d=mm&r=g","url":"https:\/\/secure.gravatar.com\/avatar\/966e5ed73cad334adda5c87f49f2547f7082f7292c1b627cbb548744383b391c?s=96&d=mm&r=g","contentUrl":"https:\/\/secure.gravatar.com\/avatar\/966e5ed73cad334adda5c87f49f2547f7082f7292c1b627cbb548744383b391c?s=96&d=mm&r=g","caption":"ayuntamiento"}}]}},"uagb_featured_image_src":{"full":["https:\/\/coria.org\/ayuntamiento\/wp-content\/uploads\/2025\/04\/dia-rosca.webp",1920,1440,false],"thumbnail":["https:\/\/coria.org\/ayuntamiento\/wp-content\/uploads\/2025\/04\/dia-rosca-150x150.webp",150,150,true],"medium":["https:\/\/coria.org\/ayuntamiento\/wp-content\/uploads\/2025\/04\/dia-rosca.webp",1920,1440,false],"medium_large":["https:\/\/coria.org\/ayuntamiento\/wp-content\/uploads\/2025\/04\/dia-rosca-768x576.webp",768,576,true],"large":["https:\/\/coria.org\/ayuntamiento\/wp-content\/uploads\/2025\/04\/dia-rosca.webp",1920,1440,false],"thumblist":["https:\/\/coria.org\/ayuntamiento\/wp-content\/uploads\/2025\/04\/dia-rosca-300x300.webp",300,300,true],"thumbrelated":["https:\/\/coria.org\/ayuntamiento\/wp-content\/uploads\/2025\/04\/dia-rosca-500x500.webp",500,500,true],"meccarouselthumb":["https:\/\/coria.org\/ayuntamiento\/wp-content\/uploads\/2025\/04\/dia-rosca-474x324.webp",474,324,true],"gridsquare":["https:\/\/coria.org\/ayuntamiento\/wp-content\/uploads\/2025\/04\/dia-rosca-391x260.webp",391,260,true],"tileview":["https:\/\/coria.org\/ayuntamiento\/wp-content\/uploads\/2025\/04\/dia-rosca-300x400.webp",300,400,true],"1536x1536":["https:\/\/coria.org\/ayuntamiento\/wp-content\/uploads\/2025\/04\/dia-rosca-1536x1152.webp",1536,1152,true],"2048x2048":["https:\/\/coria.org\/ayuntamiento\/wp-content\/uploads\/2025\/04\/dia-rosca.webp",1920,1440,false]},"uagb_author_info":{"display_name":"ayuntamiento","author_link":"https:\/\/coria.org\/ayuntamiento\/index.php\/author\/ayuntamiento\/"},"uagb_comment_info":0,"uagb_excerpt":"Ser\u00e1 el pr\u00f3ximo lunes d\u00eda 28 de abril a las 18:00 horas en el \u201cantiguo\u201d Camping de Paseo de La Isla. Con el principal objetivo de recuperar nuestras tradiciones, el Ayuntamiento de Coria, a trav\u00e9s del departamento de turismo, se ha propuesto revivir por tercer a\u00f1o consecutivo, dado el grado y \u00e9xito de aceptaci\u00f3n de&hellip;","_links":{"self":[{"href":"https:\/\/coria.org\/ayuntamiento\/index.php\/wp-json\/wp\/v2\/posts\/64437","targetHints":{"allow":["GET"]}}],"collection":[{"href":"https:\/\/coria.org\/ayuntamiento\/index.php\/wp-json\/wp\/v2\/posts"}],"about":[{"href":"https:\/\/coria.org\/ayuntamiento\/index.php\/wp-json\/wp\/v2\/types\/post"}],"author":[{"embeddable":true,"href":"https:\/\/coria.org\/ayuntamiento\/index.php\/wp-json\/wp\/v2\/users\/2"}],"replies":[{"embeddable":true,"href":"https:\/\/coria.org\/ayuntamiento\/index.php\/wp-json\/wp\/v2\/comments?post=64437"}],"version-history":[{"count":0,"href":"https:\/\/coria.org\/ayuntamiento\/index.php\/wp-json\/wp\/v2\/posts\/64437\/revisions"}],"wp:featuredmedia":[{"embeddable":true,"href":"https:\/\/coria.org\/ayuntamiento\/index.php\/wp-json\/wp\/v2\/media\/64438"}],"wp:attachment":[{"href":"https:\/\/coria.org\/ayuntamiento\/index.php\/wp-json\/wp\/v2\/media?parent=64437"}],"wp:term":[{"taxonomy":"category","embeddable":true,"href":"https:\/\/coria.org\/ayuntamiento\/index.php\/wp-json\/wp\/v2\/categories?post=64437"},{"taxonomy":"post_tag","embeddable":true,"href":"https:\/\/coria.org\/ayuntamiento\/index.php\/wp-json\/wp\/v2\/tags?post=64437"}],"curies":[{"name":"wp","href":"https:\/\/api.w.org\/{rel}","templated":true}]}}