{"id":64421,"date":"2025-04-22T10:36:05","date_gmt":"2025-04-22T08:36:05","guid":{"rendered":"https:\/\/coria.org\/ayuntamiento\/?p=64421"},"modified":"2025-09-11T14:15:41","modified_gmt":"2025-09-11T12:15:41","slug":"xi-jornada-de-la-discapacidad-con-el-toro-bravo-2025","status":"publish","type":"post","link":"https:\/\/coria.org\/ayuntamiento\/index.php\/2025\/04\/22\/xi-jornada-de-la-discapacidad-con-el-toro-bravo-2025\/","title":{"rendered":"XI Jornada de la Discapacidad con el Toro Bravo 2025"},"content":{"rendered":"\n<p>La Asociaci\u00f3n \u201cAXPAY\u201d, Asociaci\u00f3n para la integraci\u00f3n de personas con discapacidad de Coria y Comarca, San Ignacio de Loyola, presenta el programa que el pr\u00f3ximo d\u00eda 24 de Abril, Jueves, tiene previsto en la XI Jornada de la Discapacidad con el Toro Bravo 2025. En colaboraci\u00f3n con el Centro de Formaci\u00f3n del Medio Rural de Moraleja.<\/p>\n\n\n<figure class=\"wp-block-post-featured-image\"><img loading=\"lazy\" decoding=\"async\" width=\"1919\" height=\"1440\" src=\"https:\/\/coria.org\/ayuntamiento\/wp-content\/uploads\/2025\/04\/jornadas-toro-axpay.webp\" class=\"attachment-post-thumbnail size-post-thumbnail wp-post-image\" alt=\"\" style=\"object-fit:cover;\" srcset=\"https:\/\/coria.org\/ayuntamiento\/wp-content\/uploads\/2025\/04\/jornadas-toro-axpay.webp 1919w, https:\/\/coria.org\/ayuntamiento\/wp-content\/uploads\/2025\/04\/jornadas-toro-axpay-768x576.webp 768w, https:\/\/coria.org\/ayuntamiento\/wp-content\/uploads\/2025\/04\/jornadas-toro-axpay-1536x1153.webp 1536w\" sizes=\"auto, (max-width: 1919px) 100vw, 1919px\" \/><\/figure>\n\n\n<h4 class=\"wp-block-heading\">Programa<\/h4>\n\n\n\n<p>10h30 &#8211; <strong>Recepci\u00f3n y bienvenida de todos los invitados<\/strong> en el sal\u00f3n de actos del Centro del Medio Rural de Moraleja ubicado en la Avenida Lusitania n\u00ba 208 de Moraleja. y, en el mismo lugar, el Centro les presentar\u00e1 a los invitados todas las actividades y cursos que realizan durante todo el a\u00f1o.<\/p>\n\n\n\n<p>11h30 \u2013 El Centro de Formaci\u00f3n del Medio Rural de Moraleja nos obsequiar\u00e1 a cada invitado con un caldito y zumos, en el jard\u00edn de su centro.<\/p>\n\n\n\n<p>Seguidamente, nos trasladaremos a la finca: \u201cEl Espinel\u201d que esta esta ubicada en la carretera EX-108 km 93.3 a la izquierda direcci\u00f3n Moraleja-Coria.<\/p>\n\n\n\n<p>Se invitar\u00e1n a las escuelas taurinas de la zona que lidiar\u00e1n 2 becerras facilitadas por la finca del espinel<\/p>\n\n\n\n<p>13h30 &#8211; Se celebrar\u00e1 una <strong>Misa Extreme\u00f1a de Campa\u00f1a<\/strong> para el que desee asistir.<\/p>\n\n\n\n<p>14h15 \u2013 <strong>Comida<\/strong>: Axpay les suministrar\u00e1 la comida elaborada all\u00ed mismo que consiste en una paella de carne, pan, agua y postre, tambi\u00e9n habr\u00e1 gazpacho para todos los participantes, del Centro de Formaci\u00f3n de Moraleja y la asociaci\u00f3n AXPAY (si alguna persona tiene alguna intolerancia alimenticia, deber\u00e1 traerse su comida).<\/p>\n\n\n\n<p>El trabajo de campo con el toro bravo, que llevar\u00e1n a cabo los alumnos del curso de Auxiliar de Mayoral de Reses de Lidia y curso de ganader\u00eda y atenci\u00f3n en sanidad animal, del Centro de Formaci\u00f3n del Medio Rural de Moraleja, donde realizar\u00e1n apartado y manejo de ganado bravo.<\/p>\n\n\n\n<p>Seguidamente los invitados podr\u00e1n montar a caballo como en otros a\u00f1os.<\/p>\n","protected":false},"excerpt":{"rendered":"<p>La Asociaci\u00f3n \u201cAXPAY\u201d, Asociaci\u00f3n para la integraci\u00f3n de personas con discapacidad de Coria y Comarca, San Ignacio de Loyola, presenta el programa que el pr\u00f3ximo d\u00eda 24 de Abril, Jueves, tiene previsto en la XI Jornada de la Discapacidad con el Toro Bravo 2025. En colaboraci\u00f3n con el Centro de Formaci\u00f3n del Medio Rural de [&hellip;]<\/p>\n","protected":false},"author":2,"featured_media":64422,"comment_status":"closed","ping_status":"closed","sticky":false,"template":"","format":"standard","meta":{"_uag_custom_page_level_css":"","footnotes":""},"categories":[2],"tags":[438,1247],"class_list":["post-64421","post","type-post","status-publish","format-standard","has-post-thumbnail","hentry","category-noticias","tag-discapacidad","tag-toro"],"yoast_head":"<!-- This site is optimized with the Yoast SEO plugin v27.4 - https:\/\/yoast.com\/product\/yoast-seo-wordpress\/ -->\n<title>XI Jornada de la Discapacidad con el Toro Bravo 2025 - Ayuntamiento de Coria<\/title>\n<meta name=\"description\" content=\"La Asociaci\u00f3n \u201cAXPAY\u201d, Asociaci\u00f3n para la integraci\u00f3n de personas con discapacidad de Coria y Comarca, San Ignacio de Loyola, presenta el programa que el pr\u00f3ximo d\u00eda 24 de Abril, Jueves, tiene previsto en la XI Jornada de la Discapacidad con el Toro Bravo 2025. En colaboraci\u00f3n con el Centro de Formaci\u00f3n del Medio Rural de Moraleja.\" \/>\n<meta name=\"robots\" content=\"index, follow, max-snippet:-1, max-image-preview:large, max-video-preview:-1\" \/>\n<link rel=\"canonical\" href=\"https:\/\/coria.org\/ayuntamiento\/index.php\/2025\/04\/22\/xi-jornada-de-la-discapacidad-con-el-toro-bravo-2025\/\" \/>\n<meta property=\"og:locale\" content=\"es_ES\" \/>\n<meta property=\"og:type\" content=\"article\" \/>\n<meta property=\"og:title\" content=\"XI Jornada de la Discapacidad con el Toro Bravo 2025\" \/>\n<meta property=\"og:description\" content=\"La Asociaci\u00f3n \u201cAXPAY\u201d, Asociaci\u00f3n para la integraci\u00f3n de personas con discapacidad de Coria y Comarca, San Ignacio de Loyola, presenta el programa que el pr\u00f3ximo d\u00eda 24 de Abril, Jueves, tiene previsto en la XI Jornada de la Discapacidad con el Toro Bravo 2025. En colaboraci\u00f3n con el Centro de Formaci\u00f3n del Medio Rural de Moraleja.\" \/>\n<meta property=\"og:url\" content=\"https:\/\/coria.org\/ayuntamiento\/index.php\/2025\/04\/22\/xi-jornada-de-la-discapacidad-con-el-toro-bravo-2025\/\" \/>\n<meta property=\"og:site_name\" content=\"Ayuntamiento de Coria\" \/>\n<meta property=\"article:publisher\" content=\"https:\/\/www.facebook.com\/Ayuntamiento.de.Coria\" \/>\n<meta property=\"article:published_time\" content=\"2025-04-22T08:36:05+00:00\" \/>\n<meta property=\"article:modified_time\" content=\"2025-09-11T12:15:41+00:00\" \/>\n<meta property=\"og:image\" content=\"https:\/\/coria.org\/ayuntamiento\/wp-content\/uploads\/2025\/04\/jornadas-toro-axpay.webp\" \/>\n\t<meta property=\"og:image:width\" content=\"1919\" \/>\n\t<meta property=\"og:image:height\" content=\"1440\" \/>\n\t<meta property=\"og:image:type\" content=\"image\/webp\" \/>\n<meta name=\"author\" content=\"ayuntamiento\" \/>\n<meta name=\"twitter:card\" content=\"summary_large_image\" \/>\n<meta name=\"twitter:title\" content=\"XI Jornada de la Discapacidad con el Toro Bravo 2025\" \/>\n<meta name=\"twitter:description\" content=\"La Asociaci\u00f3n \u201cAXPAY\u201d, Asociaci\u00f3n para la integraci\u00f3n de personas con discapacidad de Coria y Comarca, San Ignacio de Loyola, presenta el programa que el pr\u00f3ximo d\u00eda 24 de Abril, Jueves, tiene previsto en la XI Jornada de la Discapacidad con el Toro Bravo 2025. En colaboraci\u00f3n con el Centro de Formaci\u00f3n del Medio Rural de Moraleja.\" \/>\n<meta name=\"twitter:image\" content=\"https:\/\/coria.org\/ayuntamiento\/wp-content\/uploads\/2025\/04\/jornadas-toro-axpay.webp\" \/>\n<meta name=\"twitter:creator\" content=\"@Ayto_de_Coria\" \/>\n<meta name=\"twitter:site\" content=\"@Ayto_de_Coria\" \/>\n<meta name=\"twitter:label1\" content=\"Escrito por\" \/>\n\t<meta name=\"twitter:data1\" content=\"ayuntamiento\" \/>\n\t<meta name=\"twitter:label2\" content=\"Tiempo de lectura\" \/>\n\t<meta name=\"twitter:data2\" content=\"2 minutos\" \/>\n<script type=\"application\/ld+json\" class=\"yoast-schema-graph\">{\"@context\":\"https:\\\/\\\/schema.org\",\"@graph\":[{\"@type\":\"Article\",\"@id\":\"https:\\\/\\\/coria.org\\\/ayuntamiento\\\/index.php\\\/2025\\\/04\\\/22\\\/xi-jornada-de-la-discapacidad-con-el-toro-bravo-2025\\\/#article\",\"isPartOf\":{\"@id\":\"https:\\\/\\\/coria.org\\\/ayuntamiento\\\/index.php\\\/2025\\\/04\\\/22\\\/xi-jornada-de-la-discapacidad-con-el-toro-bravo-2025\\\/\"},\"author\":{\"name\":\"ayuntamiento\",\"@id\":\"https:\\\/\\\/coria.org\\\/ayuntamiento\\\/#\\\/schema\\\/person\\\/8bd589f0e13e8ae5aa06def7a599d622\"},\"headline\":\"XI Jornada de la Discapacidad con el Toro Bravo 2025\",\"datePublished\":\"2025-04-22T08:36:05+00:00\",\"dateModified\":\"2025-09-11T12:15:41+00:00\",\"mainEntityOfPage\":{\"@id\":\"https:\\\/\\\/coria.org\\\/ayuntamiento\\\/index.php\\\/2025\\\/04\\\/22\\\/xi-jornada-de-la-discapacidad-con-el-toro-bravo-2025\\\/\"},\"wordCount\":333,\"publisher\":{\"@id\":\"https:\\\/\\\/coria.org\\\/ayuntamiento\\\/#organization\"},\"image\":{\"@id\":\"https:\\\/\\\/coria.org\\\/ayuntamiento\\\/index.php\\\/2025\\\/04\\\/22\\\/xi-jornada-de-la-discapacidad-con-el-toro-bravo-2025\\\/#primaryimage\"},\"thumbnailUrl\":\"https:\\\/\\\/coria.org\\\/ayuntamiento\\\/wp-content\\\/uploads\\\/2025\\\/04\\\/jornadas-toro-axpay.webp\",\"keywords\":[\"discapacidad\",\"toro\"],\"articleSection\":[\"Noticias\"],\"inLanguage\":\"es\"},{\"@type\":\"WebPage\",\"@id\":\"https:\\\/\\\/coria.org\\\/ayuntamiento\\\/index.php\\\/2025\\\/04\\\/22\\\/xi-jornada-de-la-discapacidad-con-el-toro-bravo-2025\\\/\",\"url\":\"https:\\\/\\\/coria.org\\\/ayuntamiento\\\/index.php\\\/2025\\\/04\\\/22\\\/xi-jornada-de-la-discapacidad-con-el-toro-bravo-2025\\\/\",\"name\":\"XI Jornada de la Discapacidad con el Toro Bravo 2025 - Ayuntamiento de Coria\",\"isPartOf\":{\"@id\":\"https:\\\/\\\/coria.org\\\/ayuntamiento\\\/#website\"},\"primaryImageOfPage\":{\"@id\":\"https:\\\/\\\/coria.org\\\/ayuntamiento\\\/index.php\\\/2025\\\/04\\\/22\\\/xi-jornada-de-la-discapacidad-con-el-toro-bravo-2025\\\/#primaryimage\"},\"image\":{\"@id\":\"https:\\\/\\\/coria.org\\\/ayuntamiento\\\/index.php\\\/2025\\\/04\\\/22\\\/xi-jornada-de-la-discapacidad-con-el-toro-bravo-2025\\\/#primaryimage\"},\"thumbnailUrl\":\"https:\\\/\\\/coria.org\\\/ayuntamiento\\\/wp-content\\\/uploads\\\/2025\\\/04\\\/jornadas-toro-axpay.webp\",\"datePublished\":\"2025-04-22T08:36:05+00:00\",\"dateModified\":\"2025-09-11T12:15:41+00:00\",\"description\":\"La Asociaci\u00f3n \u201cAXPAY\u201d, Asociaci\u00f3n para la integraci\u00f3n de personas con discapacidad de Coria y Comarca, San Ignacio de Loyola, presenta el programa que el pr\u00f3ximo d\u00eda 24 de Abril, Jueves, tiene previsto en la XI Jornada de la Discapacidad con el Toro Bravo 2025. En colaboraci\u00f3n con el Centro de Formaci\u00f3n del Medio Rural de Moraleja.\",\"breadcrumb\":{\"@id\":\"https:\\\/\\\/coria.org\\\/ayuntamiento\\\/index.php\\\/2025\\\/04\\\/22\\\/xi-jornada-de-la-discapacidad-con-el-toro-bravo-2025\\\/#breadcrumb\"},\"inLanguage\":\"es\",\"potentialAction\":[{\"@type\":\"ReadAction\",\"target\":[\"https:\\\/\\\/coria.org\\\/ayuntamiento\\\/index.php\\\/2025\\\/04\\\/22\\\/xi-jornada-de-la-discapacidad-con-el-toro-bravo-2025\\\/\"]}]},{\"@type\":\"ImageObject\",\"inLanguage\":\"es\",\"@id\":\"https:\\\/\\\/coria.org\\\/ayuntamiento\\\/index.php\\\/2025\\\/04\\\/22\\\/xi-jornada-de-la-discapacidad-con-el-toro-bravo-2025\\\/#primaryimage\",\"url\":\"https:\\\/\\\/coria.org\\\/ayuntamiento\\\/wp-content\\\/uploads\\\/2025\\\/04\\\/jornadas-toro-axpay.webp\",\"contentUrl\":\"https:\\\/\\\/coria.org\\\/ayuntamiento\\\/wp-content\\\/uploads\\\/2025\\\/04\\\/jornadas-toro-axpay.webp\",\"width\":1919,\"height\":1440},{\"@type\":\"BreadcrumbList\",\"@id\":\"https:\\\/\\\/coria.org\\\/ayuntamiento\\\/index.php\\\/2025\\\/04\\\/22\\\/xi-jornada-de-la-discapacidad-con-el-toro-bravo-2025\\\/#breadcrumb\",\"itemListElement\":[{\"@type\":\"ListItem\",\"position\":1,\"name\":\"Inicio\",\"item\":\"https:\\\/\\\/coria.org\\\/ayuntamiento\\\/\"},{\"@type\":\"ListItem\",\"position\":2,\"name\":\"XI Jornada de la Discapacidad con el Toro Bravo 2025\"}]},{\"@type\":\"WebSite\",\"@id\":\"https:\\\/\\\/coria.org\\\/ayuntamiento\\\/#website\",\"url\":\"https:\\\/\\\/coria.org\\\/ayuntamiento\\\/\",\"name\":\"Ayuntamiento de Coria\",\"description\":\"Web oficial del Ayuntamiento de Coria\",\"publisher\":{\"@id\":\"https:\\\/\\\/coria.org\\\/ayuntamiento\\\/#organization\"},\"alternateName\":\"Web Oficial del Ayuntamiento de Coria\",\"potentialAction\":[{\"@type\":\"SearchAction\",\"target\":{\"@type\":\"EntryPoint\",\"urlTemplate\":\"https:\\\/\\\/coria.org\\\/ayuntamiento\\\/?s={search_term_string}\"},\"query-input\":{\"@type\":\"PropertyValueSpecification\",\"valueRequired\":true,\"valueName\":\"search_term_string\"}}],\"inLanguage\":\"es\"},{\"@type\":\"Organization\",\"@id\":\"https:\\\/\\\/coria.org\\\/ayuntamiento\\\/#organization\",\"name\":\"Ayuntamiento de Coria\",\"alternateName\":\"Ayto de Coria\",\"url\":\"https:\\\/\\\/coria.org\\\/ayuntamiento\\\/\",\"logo\":{\"@type\":\"ImageObject\",\"inLanguage\":\"es\",\"@id\":\"https:\\\/\\\/coria.org\\\/ayuntamiento\\\/#\\\/schema\\\/logo\\\/image\\\/\",\"url\":\"https:\\\/\\\/coria.org\\\/ayuntamiento\\\/wp-content\\\/uploads\\\/2020\\\/12\\\/escudo-ayuntamiento-coria.png\",\"contentUrl\":\"https:\\\/\\\/coria.org\\\/ayuntamiento\\\/wp-content\\\/uploads\\\/2020\\\/12\\\/escudo-ayuntamiento-coria.png\",\"width\":511,\"height\":240,\"caption\":\"Ayuntamiento de Coria\"},\"image\":{\"@id\":\"https:\\\/\\\/coria.org\\\/ayuntamiento\\\/#\\\/schema\\\/logo\\\/image\\\/\"},\"sameAs\":[\"https:\\\/\\\/www.facebook.com\\\/Ayuntamiento.de.Coria\",\"https:\\\/\\\/x.com\\\/Ayto_de_Coria\",\"https:\\\/\\\/www.instagram.com\\\/coria.ayuntamiento\\\/\",\"https:\\\/\\\/www.youtube.com\\\/user\\\/AYUNTAMIENTOCORIA\"]},{\"@type\":\"Person\",\"@id\":\"https:\\\/\\\/coria.org\\\/ayuntamiento\\\/#\\\/schema\\\/person\\\/8bd589f0e13e8ae5aa06def7a599d622\",\"name\":\"ayuntamiento\",\"image\":{\"@type\":\"ImageObject\",\"inLanguage\":\"es\",\"@id\":\"https:\\\/\\\/secure.gravatar.com\\\/avatar\\\/966e5ed73cad334adda5c87f49f2547f7082f7292c1b627cbb548744383b391c?s=96&d=mm&r=g\",\"url\":\"https:\\\/\\\/secure.gravatar.com\\\/avatar\\\/966e5ed73cad334adda5c87f49f2547f7082f7292c1b627cbb548744383b391c?s=96&d=mm&r=g\",\"contentUrl\":\"https:\\\/\\\/secure.gravatar.com\\\/avatar\\\/966e5ed73cad334adda5c87f49f2547f7082f7292c1b627cbb548744383b391c?s=96&d=mm&r=g\",\"caption\":\"ayuntamiento\"}}]}<\/script>\n<!-- \/ Yoast SEO plugin. -->","yoast_head_json":{"title":"XI Jornada de la Discapacidad con el Toro Bravo 2025 - Ayuntamiento de Coria","description":"La Asociaci\u00f3n \u201cAXPAY\u201d, Asociaci\u00f3n para la integraci\u00f3n de personas con discapacidad de Coria y Comarca, San Ignacio de Loyola, presenta el programa que el pr\u00f3ximo d\u00eda 24 de Abril, Jueves, tiene previsto en la XI Jornada de la Discapacidad con el Toro Bravo 2025. En colaboraci\u00f3n con el Centro de Formaci\u00f3n del Medio Rural de Moraleja.","robots":{"index":"index","follow":"follow","max-snippet":"max-snippet:-1","max-image-preview":"max-image-preview:large","max-video-preview":"max-video-preview:-1"},"canonical":"https:\/\/coria.org\/ayuntamiento\/index.php\/2025\/04\/22\/xi-jornada-de-la-discapacidad-con-el-toro-bravo-2025\/","og_locale":"es_ES","og_type":"article","og_title":"XI Jornada de la Discapacidad con el Toro Bravo 2025","og_description":"La Asociaci\u00f3n \u201cAXPAY\u201d, Asociaci\u00f3n para la integraci\u00f3n de personas con discapacidad de Coria y Comarca, San Ignacio de Loyola, presenta el programa que el pr\u00f3ximo d\u00eda 24 de Abril, Jueves, tiene previsto en la XI Jornada de la Discapacidad con el Toro Bravo 2025. En colaboraci\u00f3n con el Centro de Formaci\u00f3n del Medio Rural de Moraleja.","og_url":"https:\/\/coria.org\/ayuntamiento\/index.php\/2025\/04\/22\/xi-jornada-de-la-discapacidad-con-el-toro-bravo-2025\/","og_site_name":"Ayuntamiento de Coria","article_publisher":"https:\/\/www.facebook.com\/Ayuntamiento.de.Coria","article_published_time":"2025-04-22T08:36:05+00:00","article_modified_time":"2025-09-11T12:15:41+00:00","og_image":[{"width":1919,"height":1440,"url":"https:\/\/coria.org\/ayuntamiento\/wp-content\/uploads\/2025\/04\/jornadas-toro-axpay.webp","type":"image\/webp"}],"author":"ayuntamiento","twitter_card":"summary_large_image","twitter_title":"XI Jornada de la Discapacidad con el Toro Bravo 2025","twitter_description":"La Asociaci\u00f3n \u201cAXPAY\u201d, Asociaci\u00f3n para la integraci\u00f3n de personas con discapacidad de Coria y Comarca, San Ignacio de Loyola, presenta el programa que el pr\u00f3ximo d\u00eda 24 de Abril, Jueves, tiene previsto en la XI Jornada de la Discapacidad con el Toro Bravo 2025. En colaboraci\u00f3n con el Centro de Formaci\u00f3n del Medio Rural de Moraleja.","twitter_image":"https:\/\/coria.org\/ayuntamiento\/wp-content\/uploads\/2025\/04\/jornadas-toro-axpay.webp","twitter_creator":"@Ayto_de_Coria","twitter_site":"@Ayto_de_Coria","twitter_misc":{"Escrito por":"ayuntamiento","Tiempo de lectura":"2 minutos"},"schema":{"@context":"https:\/\/schema.org","@graph":[{"@type":"Article","@id":"https:\/\/coria.org\/ayuntamiento\/index.php\/2025\/04\/22\/xi-jornada-de-la-discapacidad-con-el-toro-bravo-2025\/#article","isPartOf":{"@id":"https:\/\/coria.org\/ayuntamiento\/index.php\/2025\/04\/22\/xi-jornada-de-la-discapacidad-con-el-toro-bravo-2025\/"},"author":{"name":"ayuntamiento","@id":"https:\/\/coria.org\/ayuntamiento\/#\/schema\/person\/8bd589f0e13e8ae5aa06def7a599d622"},"headline":"XI Jornada de la Discapacidad con el Toro Bravo 2025","datePublished":"2025-04-22T08:36:05+00:00","dateModified":"2025-09-11T12:15:41+00:00","mainEntityOfPage":{"@id":"https:\/\/coria.org\/ayuntamiento\/index.php\/2025\/04\/22\/xi-jornada-de-la-discapacidad-con-el-toro-bravo-2025\/"},"wordCount":333,"publisher":{"@id":"https:\/\/coria.org\/ayuntamiento\/#organization"},"image":{"@id":"https:\/\/coria.org\/ayuntamiento\/index.php\/2025\/04\/22\/xi-jornada-de-la-discapacidad-con-el-toro-bravo-2025\/#primaryimage"},"thumbnailUrl":"https:\/\/coria.org\/ayuntamiento\/wp-content\/uploads\/2025\/04\/jornadas-toro-axpay.webp","keywords":["discapacidad","toro"],"articleSection":["Noticias"],"inLanguage":"es"},{"@type":"WebPage","@id":"https:\/\/coria.org\/ayuntamiento\/index.php\/2025\/04\/22\/xi-jornada-de-la-discapacidad-con-el-toro-bravo-2025\/","url":"https:\/\/coria.org\/ayuntamiento\/index.php\/2025\/04\/22\/xi-jornada-de-la-discapacidad-con-el-toro-bravo-2025\/","name":"XI Jornada de la Discapacidad con el Toro Bravo 2025 - Ayuntamiento de Coria","isPartOf":{"@id":"https:\/\/coria.org\/ayuntamiento\/#website"},"primaryImageOfPage":{"@id":"https:\/\/coria.org\/ayuntamiento\/index.php\/2025\/04\/22\/xi-jornada-de-la-discapacidad-con-el-toro-bravo-2025\/#primaryimage"},"image":{"@id":"https:\/\/coria.org\/ayuntamiento\/index.php\/2025\/04\/22\/xi-jornada-de-la-discapacidad-con-el-toro-bravo-2025\/#primaryimage"},"thumbnailUrl":"https:\/\/coria.org\/ayuntamiento\/wp-content\/uploads\/2025\/04\/jornadas-toro-axpay.webp","datePublished":"2025-04-22T08:36:05+00:00","dateModified":"2025-09-11T12:15:41+00:00","description":"La Asociaci\u00f3n \u201cAXPAY\u201d, Asociaci\u00f3n para la integraci\u00f3n de personas con discapacidad de Coria y Comarca, San Ignacio de Loyola, presenta el programa que el pr\u00f3ximo d\u00eda 24 de Abril, Jueves, tiene previsto en la XI Jornada de la Discapacidad con el Toro Bravo 2025. En colaboraci\u00f3n con el Centro de Formaci\u00f3n del Medio Rural de Moraleja.","breadcrumb":{"@id":"https:\/\/coria.org\/ayuntamiento\/index.php\/2025\/04\/22\/xi-jornada-de-la-discapacidad-con-el-toro-bravo-2025\/#breadcrumb"},"inLanguage":"es","potentialAction":[{"@type":"ReadAction","target":["https:\/\/coria.org\/ayuntamiento\/index.php\/2025\/04\/22\/xi-jornada-de-la-discapacidad-con-el-toro-bravo-2025\/"]}]},{"@type":"ImageObject","inLanguage":"es","@id":"https:\/\/coria.org\/ayuntamiento\/index.php\/2025\/04\/22\/xi-jornada-de-la-discapacidad-con-el-toro-bravo-2025\/#primaryimage","url":"https:\/\/coria.org\/ayuntamiento\/wp-content\/uploads\/2025\/04\/jornadas-toro-axpay.webp","contentUrl":"https:\/\/coria.org\/ayuntamiento\/wp-content\/uploads\/2025\/04\/jornadas-toro-axpay.webp","width":1919,"height":1440},{"@type":"BreadcrumbList","@id":"https:\/\/coria.org\/ayuntamiento\/index.php\/2025\/04\/22\/xi-jornada-de-la-discapacidad-con-el-toro-bravo-2025\/#breadcrumb","itemListElement":[{"@type":"ListItem","position":1,"name":"Inicio","item":"https:\/\/coria.org\/ayuntamiento\/"},{"@type":"ListItem","position":2,"name":"XI Jornada de la Discapacidad con el Toro Bravo 2025"}]},{"@type":"WebSite","@id":"https:\/\/coria.org\/ayuntamiento\/#website","url":"https:\/\/coria.org\/ayuntamiento\/","name":"Ayuntamiento de Coria","description":"Web oficial del Ayuntamiento de Coria","publisher":{"@id":"https:\/\/coria.org\/ayuntamiento\/#organization"},"alternateName":"Web Oficial del Ayuntamiento de Coria","potentialAction":[{"@type":"SearchAction","target":{"@type":"EntryPoint","urlTemplate":"https:\/\/coria.org\/ayuntamiento\/?s={search_term_string}"},"query-input":{"@type":"PropertyValueSpecification","valueRequired":true,"valueName":"search_term_string"}}],"inLanguage":"es"},{"@type":"Organization","@id":"https:\/\/coria.org\/ayuntamiento\/#organization","name":"Ayuntamiento de Coria","alternateName":"Ayto de Coria","url":"https:\/\/coria.org\/ayuntamiento\/","logo":{"@type":"ImageObject","inLanguage":"es","@id":"https:\/\/coria.org\/ayuntamiento\/#\/schema\/logo\/image\/","url":"https:\/\/coria.org\/ayuntamiento\/wp-content\/uploads\/2020\/12\/escudo-ayuntamiento-coria.png","contentUrl":"https:\/\/coria.org\/ayuntamiento\/wp-content\/uploads\/2020\/12\/escudo-ayuntamiento-coria.png","width":511,"height":240,"caption":"Ayuntamiento de Coria"},"image":{"@id":"https:\/\/coria.org\/ayuntamiento\/#\/schema\/logo\/image\/"},"sameAs":["https:\/\/www.facebook.com\/Ayuntamiento.de.Coria","https:\/\/x.com\/Ayto_de_Coria","https:\/\/www.instagram.com\/coria.ayuntamiento\/","https:\/\/www.youtube.com\/user\/AYUNTAMIENTOCORIA"]},{"@type":"Person","@id":"https:\/\/coria.org\/ayuntamiento\/#\/schema\/person\/8bd589f0e13e8ae5aa06def7a599d622","name":"ayuntamiento","image":{"@type":"ImageObject","inLanguage":"es","@id":"https:\/\/secure.gravatar.com\/avatar\/966e5ed73cad334adda5c87f49f2547f7082f7292c1b627cbb548744383b391c?s=96&d=mm&r=g","url":"https:\/\/secure.gravatar.com\/avatar\/966e5ed73cad334adda5c87f49f2547f7082f7292c1b627cbb548744383b391c?s=96&d=mm&r=g","contentUrl":"https:\/\/secure.gravatar.com\/avatar\/966e5ed73cad334adda5c87f49f2547f7082f7292c1b627cbb548744383b391c?s=96&d=mm&r=g","caption":"ayuntamiento"}}]}},"uagb_featured_image_src":{"full":["https:\/\/coria.org\/ayuntamiento\/wp-content\/uploads\/2025\/04\/jornadas-toro-axpay.webp",1919,1440,false],"thumbnail":["https:\/\/coria.org\/ayuntamiento\/wp-content\/uploads\/2025\/04\/jornadas-toro-axpay-150x150.webp",150,150,true],"medium":["https:\/\/coria.org\/ayuntamiento\/wp-content\/uploads\/2025\/04\/jornadas-toro-axpay.webp",1919,1440,false],"medium_large":["https:\/\/coria.org\/ayuntamiento\/wp-content\/uploads\/2025\/04\/jornadas-toro-axpay-768x576.webp",768,576,true],"large":["https:\/\/coria.org\/ayuntamiento\/wp-content\/uploads\/2025\/04\/jornadas-toro-axpay.webp",1919,1440,false],"thumblist":["https:\/\/coria.org\/ayuntamiento\/wp-content\/uploads\/2025\/04\/jornadas-toro-axpay-300x300.webp",300,300,true],"thumbrelated":["https:\/\/coria.org\/ayuntamiento\/wp-content\/uploads\/2025\/04\/jornadas-toro-axpay-500x500.webp",500,500,true],"meccarouselthumb":["https:\/\/coria.org\/ayuntamiento\/wp-content\/uploads\/2025\/04\/jornadas-toro-axpay-474x324.webp",474,324,true],"gridsquare":["https:\/\/coria.org\/ayuntamiento\/wp-content\/uploads\/2025\/04\/jornadas-toro-axpay-391x260.webp",391,260,true],"tileview":["https:\/\/coria.org\/ayuntamiento\/wp-content\/uploads\/2025\/04\/jornadas-toro-axpay-300x400.webp",300,400,true],"1536x1536":["https:\/\/coria.org\/ayuntamiento\/wp-content\/uploads\/2025\/04\/jornadas-toro-axpay-1536x1153.webp",1536,1153,true],"2048x2048":["https:\/\/coria.org\/ayuntamiento\/wp-content\/uploads\/2025\/04\/jornadas-toro-axpay.webp",1919,1440,false]},"uagb_author_info":{"display_name":"ayuntamiento","author_link":"https:\/\/coria.org\/ayuntamiento\/index.php\/author\/ayuntamiento\/"},"uagb_comment_info":0,"uagb_excerpt":"La Asociaci\u00f3n \u201cAXPAY\u201d, Asociaci\u00f3n para la integraci\u00f3n de personas con discapacidad de Coria y Comarca, San Ignacio de Loyola, presenta el programa que el pr\u00f3ximo d\u00eda 24 de Abril, Jueves, tiene previsto en la XI Jornada de la Discapacidad con el Toro Bravo 2025. En colaboraci\u00f3n con el Centro de Formaci\u00f3n del Medio Rural de&hellip;","_links":{"self":[{"href":"https:\/\/coria.org\/ayuntamiento\/index.php\/wp-json\/wp\/v2\/posts\/64421","targetHints":{"allow":["GET"]}}],"collection":[{"href":"https:\/\/coria.org\/ayuntamiento\/index.php\/wp-json\/wp\/v2\/posts"}],"about":[{"href":"https:\/\/coria.org\/ayuntamiento\/index.php\/wp-json\/wp\/v2\/types\/post"}],"author":[{"embeddable":true,"href":"https:\/\/coria.org\/ayuntamiento\/index.php\/wp-json\/wp\/v2\/users\/2"}],"replies":[{"embeddable":true,"href":"https:\/\/coria.org\/ayuntamiento\/index.php\/wp-json\/wp\/v2\/comments?post=64421"}],"version-history":[{"count":0,"href":"https:\/\/coria.org\/ayuntamiento\/index.php\/wp-json\/wp\/v2\/posts\/64421\/revisions"}],"wp:featuredmedia":[{"embeddable":true,"href":"https:\/\/coria.org\/ayuntamiento\/index.php\/wp-json\/wp\/v2\/media\/64422"}],"wp:attachment":[{"href":"https:\/\/coria.org\/ayuntamiento\/index.php\/wp-json\/wp\/v2\/media?parent=64421"}],"wp:term":[{"taxonomy":"category","embeddable":true,"href":"https:\/\/coria.org\/ayuntamiento\/index.php\/wp-json\/wp\/v2\/categories?post=64421"},{"taxonomy":"post_tag","embeddable":true,"href":"https:\/\/coria.org\/ayuntamiento\/index.php\/wp-json\/wp\/v2\/tags?post=64421"}],"curies":[{"name":"wp","href":"https:\/\/api.w.org\/{rel}","templated":true}]}}