{"id":64177,"date":"2025-03-17T14:32:29","date_gmt":"2025-03-17T13:32:29","guid":{"rendered":"https:\/\/coria.org\/ayuntamiento\/?p=64177"},"modified":"2025-09-11T14:15:45","modified_gmt":"2025-09-11T12:15:45","slug":"el-abanderado-de-las-fiestas-de-san-juan-2025-anuncia-las-ganaderias-que-se-lidiaran-en-coria-sus-proximos-sanjuanes","status":"publish","type":"post","link":"https:\/\/coria.org\/ayuntamiento\/index.php\/2025\/03\/17\/el-abanderado-de-las-fiestas-de-san-juan-2025-anuncia-las-ganaderias-que-se-lidiaran-en-coria-sus-proximos-sanjuanes\/","title":{"rendered":"El Abanderado de las Fiestas de San Juan 2025 anuncia las ganader\u00edas que se lidiar\u00e1n en Coria sus pr\u00f3ximos Sanjuanes"},"content":{"rendered":"\n<p>El Abanderado de las Fiestas de San Juan 2025, Mart\u00edn Franco, junto a la Alcaldesa de Coria, Almudena Domingo, ha presentado esta ma\u00f1ana en rueda de prensa, las Ganader\u00edas que lidiar\u00e1n toros en las Tradicionales Fiestas de San Juan que se celebrar\u00e1n del 23 al 29 de junio.<\/p>\n\n\n<figure class=\"wp-block-post-featured-image\"><img loading=\"lazy\" decoding=\"async\" width=\"1920\" height=\"1440\" src=\"https:\/\/coria.org\/ayuntamiento\/wp-content\/uploads\/2025\/03\/ganaderias-sanjuan-25.webp\" class=\"attachment-post-thumbnail size-post-thumbnail wp-post-image\" alt=\"\" style=\"object-fit:cover;\" srcset=\"https:\/\/coria.org\/ayuntamiento\/wp-content\/uploads\/2025\/03\/ganaderias-sanjuan-25.webp 1920w, https:\/\/coria.org\/ayuntamiento\/wp-content\/uploads\/2025\/03\/ganaderias-sanjuan-25-768x576.webp 768w, https:\/\/coria.org\/ayuntamiento\/wp-content\/uploads\/2025\/03\/ganaderias-sanjuan-25-1536x1152.webp 1536w\" sizes=\"auto, (max-width: 1920px) 100vw, 1920px\" \/><\/figure>\n\n\n<p>El Abanderado ha comenzado su intervenci\u00f3n afirmando que, \u201cla selecci\u00f3n de los toros que \u00e9l ha protagonizado como figura del abanderado y en representaci\u00f3n del Ayuntamiento de Coria, ha sido por un car\u00e1cter muy marcado desde el punto de vista del aficionado, procurando que no se repitiera ning\u00fan hierro y con encastes distintos\u201d, ha dicho.<\/p>\n\n\n\n<p>Mart\u00edn ha a\u00f1adido que, como abanderado ha buscado \u201cla variedad y el inter\u00e9s de cada uno de los encastes por su distintas morfolog\u00eda, comportamiento, con lo cual, puede mejorar aun m\u00e1s si cabe las Fiestas de San Juan, teniendo en cuenta las caracter\u00edsticas de las reses que necesita Coria\u201d. \u201cEsto ha supuesto un mayor trabajo y esfuerzo, ya que la elecci\u00f3n ha sido complicada, pero a la vez, creo que va a ser fruct\u00edfera\u201d, ha resaltado.<\/p>\n\n\n\n<p>De esta manera, Mart\u00edn ha comenzado a nombrar cada una de las ganader\u00edas, la primera de ellas ha ser\u00e1 <strong>D. Enrique Serrano,<\/strong> una ganader\u00eda asidua a las Fiestas de San Juan, ha dicho, con encaste Contreras, a m\u00ed particularmente me gusta mucho y son unos toros que suelen funcionar muy bien en nuestra ciudad por su gran capacidad f\u00edsica y fondo de bravura\u201d, ha destacado.<\/p>\n\n\n\n<p>En segundo lugar, <strong>L\u00f3pez Gibaja,<\/strong> una ganader\u00eda que lidiar\u00e1 por primera vez en Coria, con encaste Salvador Domeq. \u201cUna ganader\u00eda a la que le tengo especial cari\u00f1o porque la conozco desde sus inicios\u201d, ha recalcado.<\/p>\n\n\n\n<p>\u201cLa ganader\u00eda portuguesa de <strong>Sobral,<\/strong> tambi\u00e9n estar\u00e1 presente en los pr\u00f3ximos Sanjuanes, con procedencia Cebada Gago y Marqu\u00e9s de Domeq que, a trav\u00e9s de su selecci\u00f3n han hecho un toro \u00fanico y diferente, desde mi punto de vista ha mejorado incluso su propia procedencia\u201d, ha afirmado.<\/p>\n\n\n\n<p>En siguiente lugar, <strong>Ganader\u00eda Monteviejo, \u201c<\/strong>tambi\u00e9n conocida por todos los caurienses, asidua aqu\u00ed, una ganader\u00eda que genera expectaci\u00f3n y temor a partes iguales\u201d.<\/p>\n\n\n\n<p>Adem\u00e1s, el Abanderado de este a\u00f1o tambi\u00e9n ha querido contar con la <strong>Ganader\u00eda Reta de Casta Navarra.<\/strong> Una ganader\u00eda, ha dicho, formada por diferentes procedencias de casta pura navarra. \u201cSu caracter\u00edstica principal es que va a ser la primera vez en su historia que lidie un toro en festejos populares con un toro cerril, un toro que no ha sido toreado ni tentado y que va directamente a lidia y posterior sacrificio\u201d, ha explicado.<\/p>\n\n\n\n<p>Por \u00faltimo, la <strong>Ganader\u00eda de Ana Romero, <\/strong>encaste Santa Coloma, \u201cun encaste que me encanta, ha sido apuesta por \u00e9l y conf\u00edo mucho en este toro\u201d. Una ganader\u00eda que tampoco ha lidiado nunca en las Fiestas de San Juan, con lo que desconocemos c\u00f3mo se va a comportar en nuestras calles\u201d.<\/p>\n\n\n\n<p>El Abanderado ha aprovechado la ocasi\u00f3n para agradecer a todos y cada uno de los ganaderos que van a lidiar en Coria en las pr\u00f3ximas Fiestas de San Juan.<\/p>\n\n\n\n<p>Por su parte, la Alcaldesa de la Ciudad, ha querido mostrar nuevamente su apoyo al Abanderado de las Fiestas de San Juan y ha agradecido su trabajo y esfuerzo por organizar las Fiestas m\u00e1s importantes de la Ciudad.<\/p>\n\n\n\n<iframe loading=\"lazy\" width=\"560\" height=\"315\" src=\"https:\/\/www.youtube-nocookie.com\/embed\/y6MY61VPW0A?si=BHLsxxQMXliExyf8\" title=\"YouTube video player\" frameborder=\"0\" allow=\"accelerometer; autoplay; clipboard-write; encrypted-media; gyroscope; picture-in-picture; web-share\" referrerpolicy=\"strict-origin-when-cross-origin\" allowfullscreen><\/iframe>\n","protected":false},"excerpt":{"rendered":"<p>El Abanderado de las Fiestas de San Juan 2025, Mart\u00edn Franco, junto a la Alcaldesa de Coria, Almudena Domingo, ha presentado esta ma\u00f1ana en rueda de prensa, las Ganader\u00edas que lidiar\u00e1n toros en las Tradicionales Fiestas de San Juan que se celebrar\u00e1n del 23 al 29 de junio. El Abanderado ha comenzado su intervenci\u00f3n afirmando [&hellip;]<\/p>\n","protected":false},"author":2,"featured_media":64178,"comment_status":"closed","ping_status":"closed","sticky":false,"template":"","format":"standard","meta":{"_uag_custom_page_level_css":"","footnotes":""},"categories":[2],"tags":[1136,1137],"class_list":["post-64177","post","type-post","status-publish","format-standard","has-post-thumbnail","hentry","category-noticias","tag-sanjuan","tag-sanjuanes"],"yoast_head":"<!-- This site is optimized with the Yoast SEO plugin v27.5 - https:\/\/yoast.com\/product\/yoast-seo-wordpress\/ -->\n<title>El Abanderado de las Fiestas de San Juan 2025 anuncia las ganader\u00edas que se lidiar\u00e1n en Coria sus pr\u00f3ximos Sanjuanes - Ayuntamiento de Coria<\/title>\n<meta name=\"description\" content=\"El Abanderado de las Fiestas de San Juan 2025, Mart\u00edn Franco, junto a la Alcaldesa de Coria, Almudena Domingo, ha presentado esta ma\u00f1ana en rueda de prensa, las Ganader\u00edas que lidiar\u00e1n toros en las Tradicionales Fiestas de San Juan que se celebrar\u00e1n del 23 al 29 de junio.\" \/>\n<meta name=\"robots\" content=\"index, follow, max-snippet:-1, max-image-preview:large, max-video-preview:-1\" \/>\n<link rel=\"canonical\" href=\"https:\/\/coria.org\/ayuntamiento\/index.php\/2025\/03\/17\/el-abanderado-de-las-fiestas-de-san-juan-2025-anuncia-las-ganaderias-que-se-lidiaran-en-coria-sus-proximos-sanjuanes\/\" \/>\n<meta property=\"og:locale\" content=\"es_ES\" \/>\n<meta property=\"og:type\" content=\"article\" \/>\n<meta property=\"og:title\" content=\"El Abanderado de las Fiestas de San Juan 2025 anuncia las ganader\u00edas que se lidiar\u00e1n en Coria sus pr\u00f3ximos Sanjuanes\" \/>\n<meta property=\"og:description\" content=\"El Abanderado de las Fiestas de San Juan 2025, Mart\u00edn Franco, junto a la Alcaldesa de Coria, Almudena Domingo, ha presentado esta ma\u00f1ana en rueda de prensa, las Ganader\u00edas que lidiar\u00e1n toros en las Tradicionales Fiestas de San Juan que se celebrar\u00e1n del 23 al 29 de junio.\" \/>\n<meta property=\"og:url\" content=\"https:\/\/coria.org\/ayuntamiento\/index.php\/2025\/03\/17\/el-abanderado-de-las-fiestas-de-san-juan-2025-anuncia-las-ganaderias-que-se-lidiaran-en-coria-sus-proximos-sanjuanes\/\" \/>\n<meta property=\"og:site_name\" content=\"Ayuntamiento de Coria\" \/>\n<meta property=\"article:publisher\" content=\"https:\/\/www.facebook.com\/Ayuntamiento.de.Coria\" \/>\n<meta property=\"article:published_time\" content=\"2025-03-17T13:32:29+00:00\" \/>\n<meta property=\"article:modified_time\" content=\"2025-09-11T12:15:45+00:00\" \/>\n<meta property=\"og:image\" content=\"https:\/\/coria.org\/ayuntamiento\/wp-content\/uploads\/2025\/03\/ganaderias-sanjuan-25.webp\" \/>\n\t<meta property=\"og:image:width\" content=\"1920\" \/>\n\t<meta property=\"og:image:height\" content=\"1440\" \/>\n\t<meta property=\"og:image:type\" content=\"image\/webp\" \/>\n<meta name=\"author\" content=\"ayuntamiento\" \/>\n<meta name=\"twitter:card\" content=\"summary_large_image\" \/>\n<meta name=\"twitter:title\" content=\"El Abanderado de las Fiestas de San Juan 2025 anuncia las ganader\u00edas que se lidiar\u00e1n en Coria sus pr\u00f3ximos Sanjuanes\" \/>\n<meta name=\"twitter:description\" content=\"El Abanderado de las Fiestas de San Juan 2025, Mart\u00edn Franco, junto a la Alcaldesa de Coria, Almudena Domingo, ha presentado esta ma\u00f1ana en rueda de prensa, las Ganader\u00edas que lidiar\u00e1n toros en las Tradicionales Fiestas de San Juan que se celebrar\u00e1n del 23 al 29 de junio.\" \/>\n<meta name=\"twitter:image\" content=\"https:\/\/coria.org\/ayuntamiento\/wp-content\/uploads\/2025\/03\/ganaderias-sanjuan-25.webp\" \/>\n<meta name=\"twitter:creator\" content=\"@Ayto_de_Coria\" \/>\n<meta name=\"twitter:site\" content=\"@Ayto_de_Coria\" \/>\n<meta name=\"twitter:label1\" content=\"Escrito por\" \/>\n\t<meta name=\"twitter:data1\" content=\"ayuntamiento\" \/>\n\t<meta name=\"twitter:label2\" content=\"Tiempo de lectura\" \/>\n\t<meta name=\"twitter:data2\" content=\"3 minutos\" \/>\n<script type=\"application\/ld+json\" class=\"yoast-schema-graph\">{\"@context\":\"https:\\\/\\\/schema.org\",\"@graph\":[{\"@type\":\"Article\",\"@id\":\"https:\\\/\\\/coria.org\\\/ayuntamiento\\\/index.php\\\/2025\\\/03\\\/17\\\/el-abanderado-de-las-fiestas-de-san-juan-2025-anuncia-las-ganaderias-que-se-lidiaran-en-coria-sus-proximos-sanjuanes\\\/#article\",\"isPartOf\":{\"@id\":\"https:\\\/\\\/coria.org\\\/ayuntamiento\\\/index.php\\\/2025\\\/03\\\/17\\\/el-abanderado-de-las-fiestas-de-san-juan-2025-anuncia-las-ganaderias-que-se-lidiaran-en-coria-sus-proximos-sanjuanes\\\/\"},\"author\":{\"name\":\"ayuntamiento\",\"@id\":\"https:\\\/\\\/coria.org\\\/ayuntamiento\\\/#\\\/schema\\\/person\\\/8bd589f0e13e8ae5aa06def7a599d622\"},\"headline\":\"El Abanderado de las Fiestas de San Juan 2025 anuncia las ganader\u00edas que se lidiar\u00e1n en Coria sus pr\u00f3ximos Sanjuanes\",\"datePublished\":\"2025-03-17T13:32:29+00:00\",\"dateModified\":\"2025-09-11T12:15:45+00:00\",\"mainEntityOfPage\":{\"@id\":\"https:\\\/\\\/coria.org\\\/ayuntamiento\\\/index.php\\\/2025\\\/03\\\/17\\\/el-abanderado-de-las-fiestas-de-san-juan-2025-anuncia-las-ganaderias-que-se-lidiaran-en-coria-sus-proximos-sanjuanes\\\/\"},\"wordCount\":608,\"publisher\":{\"@id\":\"https:\\\/\\\/coria.org\\\/ayuntamiento\\\/#organization\"},\"image\":{\"@id\":\"https:\\\/\\\/coria.org\\\/ayuntamiento\\\/index.php\\\/2025\\\/03\\\/17\\\/el-abanderado-de-las-fiestas-de-san-juan-2025-anuncia-las-ganaderias-que-se-lidiaran-en-coria-sus-proximos-sanjuanes\\\/#primaryimage\"},\"thumbnailUrl\":\"https:\\\/\\\/coria.org\\\/ayuntamiento\\\/wp-content\\\/uploads\\\/2025\\\/03\\\/ganaderias-sanjuan-25.webp\",\"keywords\":[\"sanjuan\",\"sanjuanes\"],\"articleSection\":[\"Noticias\"],\"inLanguage\":\"es\"},{\"@type\":\"WebPage\",\"@id\":\"https:\\\/\\\/coria.org\\\/ayuntamiento\\\/index.php\\\/2025\\\/03\\\/17\\\/el-abanderado-de-las-fiestas-de-san-juan-2025-anuncia-las-ganaderias-que-se-lidiaran-en-coria-sus-proximos-sanjuanes\\\/\",\"url\":\"https:\\\/\\\/coria.org\\\/ayuntamiento\\\/index.php\\\/2025\\\/03\\\/17\\\/el-abanderado-de-las-fiestas-de-san-juan-2025-anuncia-las-ganaderias-que-se-lidiaran-en-coria-sus-proximos-sanjuanes\\\/\",\"name\":\"El Abanderado de las Fiestas de San Juan 2025 anuncia las ganader\u00edas que se lidiar\u00e1n en Coria sus pr\u00f3ximos Sanjuanes - Ayuntamiento de Coria\",\"isPartOf\":{\"@id\":\"https:\\\/\\\/coria.org\\\/ayuntamiento\\\/#website\"},\"primaryImageOfPage\":{\"@id\":\"https:\\\/\\\/coria.org\\\/ayuntamiento\\\/index.php\\\/2025\\\/03\\\/17\\\/el-abanderado-de-las-fiestas-de-san-juan-2025-anuncia-las-ganaderias-que-se-lidiaran-en-coria-sus-proximos-sanjuanes\\\/#primaryimage\"},\"image\":{\"@id\":\"https:\\\/\\\/coria.org\\\/ayuntamiento\\\/index.php\\\/2025\\\/03\\\/17\\\/el-abanderado-de-las-fiestas-de-san-juan-2025-anuncia-las-ganaderias-que-se-lidiaran-en-coria-sus-proximos-sanjuanes\\\/#primaryimage\"},\"thumbnailUrl\":\"https:\\\/\\\/coria.org\\\/ayuntamiento\\\/wp-content\\\/uploads\\\/2025\\\/03\\\/ganaderias-sanjuan-25.webp\",\"datePublished\":\"2025-03-17T13:32:29+00:00\",\"dateModified\":\"2025-09-11T12:15:45+00:00\",\"description\":\"El Abanderado de las Fiestas de San Juan 2025, Mart\u00edn Franco, junto a la Alcaldesa de Coria, Almudena Domingo, ha presentado esta ma\u00f1ana en rueda de prensa, las Ganader\u00edas que lidiar\u00e1n toros en las Tradicionales Fiestas de San Juan que se celebrar\u00e1n del 23 al 29 de junio.\",\"breadcrumb\":{\"@id\":\"https:\\\/\\\/coria.org\\\/ayuntamiento\\\/index.php\\\/2025\\\/03\\\/17\\\/el-abanderado-de-las-fiestas-de-san-juan-2025-anuncia-las-ganaderias-que-se-lidiaran-en-coria-sus-proximos-sanjuanes\\\/#breadcrumb\"},\"inLanguage\":\"es\",\"potentialAction\":[{\"@type\":\"ReadAction\",\"target\":[\"https:\\\/\\\/coria.org\\\/ayuntamiento\\\/index.php\\\/2025\\\/03\\\/17\\\/el-abanderado-de-las-fiestas-de-san-juan-2025-anuncia-las-ganaderias-que-se-lidiaran-en-coria-sus-proximos-sanjuanes\\\/\"]}]},{\"@type\":\"ImageObject\",\"inLanguage\":\"es\",\"@id\":\"https:\\\/\\\/coria.org\\\/ayuntamiento\\\/index.php\\\/2025\\\/03\\\/17\\\/el-abanderado-de-las-fiestas-de-san-juan-2025-anuncia-las-ganaderias-que-se-lidiaran-en-coria-sus-proximos-sanjuanes\\\/#primaryimage\",\"url\":\"https:\\\/\\\/coria.org\\\/ayuntamiento\\\/wp-content\\\/uploads\\\/2025\\\/03\\\/ganaderias-sanjuan-25.webp\",\"contentUrl\":\"https:\\\/\\\/coria.org\\\/ayuntamiento\\\/wp-content\\\/uploads\\\/2025\\\/03\\\/ganaderias-sanjuan-25.webp\",\"width\":1920,\"height\":1440},{\"@type\":\"BreadcrumbList\",\"@id\":\"https:\\\/\\\/coria.org\\\/ayuntamiento\\\/index.php\\\/2025\\\/03\\\/17\\\/el-abanderado-de-las-fiestas-de-san-juan-2025-anuncia-las-ganaderias-que-se-lidiaran-en-coria-sus-proximos-sanjuanes\\\/#breadcrumb\",\"itemListElement\":[{\"@type\":\"ListItem\",\"position\":1,\"name\":\"Inicio\",\"item\":\"https:\\\/\\\/coria.org\\\/ayuntamiento\\\/\"},{\"@type\":\"ListItem\",\"position\":2,\"name\":\"El Abanderado de las Fiestas de San Juan 2025 anuncia las ganader\u00edas que se lidiar\u00e1n en Coria sus pr\u00f3ximos Sanjuanes\"}]},{\"@type\":\"WebSite\",\"@id\":\"https:\\\/\\\/coria.org\\\/ayuntamiento\\\/#website\",\"url\":\"https:\\\/\\\/coria.org\\\/ayuntamiento\\\/\",\"name\":\"Ayuntamiento de Coria\",\"description\":\"Web oficial del Ayuntamiento de Coria\",\"publisher\":{\"@id\":\"https:\\\/\\\/coria.org\\\/ayuntamiento\\\/#organization\"},\"alternateName\":\"Web Oficial del Ayuntamiento de Coria\",\"potentialAction\":[{\"@type\":\"SearchAction\",\"target\":{\"@type\":\"EntryPoint\",\"urlTemplate\":\"https:\\\/\\\/coria.org\\\/ayuntamiento\\\/?s={search_term_string}\"},\"query-input\":{\"@type\":\"PropertyValueSpecification\",\"valueRequired\":true,\"valueName\":\"search_term_string\"}}],\"inLanguage\":\"es\"},{\"@type\":\"Organization\",\"@id\":\"https:\\\/\\\/coria.org\\\/ayuntamiento\\\/#organization\",\"name\":\"Ayuntamiento de Coria\",\"alternateName\":\"Ayto de Coria\",\"url\":\"https:\\\/\\\/coria.org\\\/ayuntamiento\\\/\",\"logo\":{\"@type\":\"ImageObject\",\"inLanguage\":\"es\",\"@id\":\"https:\\\/\\\/coria.org\\\/ayuntamiento\\\/#\\\/schema\\\/logo\\\/image\\\/\",\"url\":\"https:\\\/\\\/coria.org\\\/ayuntamiento\\\/wp-content\\\/uploads\\\/2020\\\/12\\\/escudo-ayuntamiento-coria.png\",\"contentUrl\":\"https:\\\/\\\/coria.org\\\/ayuntamiento\\\/wp-content\\\/uploads\\\/2020\\\/12\\\/escudo-ayuntamiento-coria.png\",\"width\":511,\"height\":240,\"caption\":\"Ayuntamiento de Coria\"},\"image\":{\"@id\":\"https:\\\/\\\/coria.org\\\/ayuntamiento\\\/#\\\/schema\\\/logo\\\/image\\\/\"},\"sameAs\":[\"https:\\\/\\\/www.facebook.com\\\/Ayuntamiento.de.Coria\",\"https:\\\/\\\/x.com\\\/Ayto_de_Coria\",\"https:\\\/\\\/www.instagram.com\\\/coria.ayuntamiento\\\/\",\"https:\\\/\\\/www.youtube.com\\\/user\\\/AYUNTAMIENTOCORIA\"]},{\"@type\":\"Person\",\"@id\":\"https:\\\/\\\/coria.org\\\/ayuntamiento\\\/#\\\/schema\\\/person\\\/8bd589f0e13e8ae5aa06def7a599d622\",\"name\":\"ayuntamiento\",\"image\":{\"@type\":\"ImageObject\",\"inLanguage\":\"es\",\"@id\":\"https:\\\/\\\/secure.gravatar.com\\\/avatar\\\/966e5ed73cad334adda5c87f49f2547f7082f7292c1b627cbb548744383b391c?s=96&d=mm&r=g\",\"url\":\"https:\\\/\\\/secure.gravatar.com\\\/avatar\\\/966e5ed73cad334adda5c87f49f2547f7082f7292c1b627cbb548744383b391c?s=96&d=mm&r=g\",\"contentUrl\":\"https:\\\/\\\/secure.gravatar.com\\\/avatar\\\/966e5ed73cad334adda5c87f49f2547f7082f7292c1b627cbb548744383b391c?s=96&d=mm&r=g\",\"caption\":\"ayuntamiento\"}}]}<\/script>\n<!-- \/ Yoast SEO plugin. -->","yoast_head_json":{"title":"El Abanderado de las Fiestas de San Juan 2025 anuncia las ganader\u00edas que se lidiar\u00e1n en Coria sus pr\u00f3ximos Sanjuanes - Ayuntamiento de Coria","description":"El Abanderado de las Fiestas de San Juan 2025, Mart\u00edn Franco, junto a la Alcaldesa de Coria, Almudena Domingo, ha presentado esta ma\u00f1ana en rueda de prensa, las Ganader\u00edas que lidiar\u00e1n toros en las Tradicionales Fiestas de San Juan que se celebrar\u00e1n del 23 al 29 de junio.","robots":{"index":"index","follow":"follow","max-snippet":"max-snippet:-1","max-image-preview":"max-image-preview:large","max-video-preview":"max-video-preview:-1"},"canonical":"https:\/\/coria.org\/ayuntamiento\/index.php\/2025\/03\/17\/el-abanderado-de-las-fiestas-de-san-juan-2025-anuncia-las-ganaderias-que-se-lidiaran-en-coria-sus-proximos-sanjuanes\/","og_locale":"es_ES","og_type":"article","og_title":"El Abanderado de las Fiestas de San Juan 2025 anuncia las ganader\u00edas que se lidiar\u00e1n en Coria sus pr\u00f3ximos Sanjuanes","og_description":"El Abanderado de las Fiestas de San Juan 2025, Mart\u00edn Franco, junto a la Alcaldesa de Coria, Almudena Domingo, ha presentado esta ma\u00f1ana en rueda de prensa, las Ganader\u00edas que lidiar\u00e1n toros en las Tradicionales Fiestas de San Juan que se celebrar\u00e1n del 23 al 29 de junio.","og_url":"https:\/\/coria.org\/ayuntamiento\/index.php\/2025\/03\/17\/el-abanderado-de-las-fiestas-de-san-juan-2025-anuncia-las-ganaderias-que-se-lidiaran-en-coria-sus-proximos-sanjuanes\/","og_site_name":"Ayuntamiento de Coria","article_publisher":"https:\/\/www.facebook.com\/Ayuntamiento.de.Coria","article_published_time":"2025-03-17T13:32:29+00:00","article_modified_time":"2025-09-11T12:15:45+00:00","og_image":[{"width":1920,"height":1440,"url":"https:\/\/coria.org\/ayuntamiento\/wp-content\/uploads\/2025\/03\/ganaderias-sanjuan-25.webp","type":"image\/webp"}],"author":"ayuntamiento","twitter_card":"summary_large_image","twitter_title":"El Abanderado de las Fiestas de San Juan 2025 anuncia las ganader\u00edas que se lidiar\u00e1n en Coria sus pr\u00f3ximos Sanjuanes","twitter_description":"El Abanderado de las Fiestas de San Juan 2025, Mart\u00edn Franco, junto a la Alcaldesa de Coria, Almudena Domingo, ha presentado esta ma\u00f1ana en rueda de prensa, las Ganader\u00edas que lidiar\u00e1n toros en las Tradicionales Fiestas de San Juan que se celebrar\u00e1n del 23 al 29 de junio.","twitter_image":"https:\/\/coria.org\/ayuntamiento\/wp-content\/uploads\/2025\/03\/ganaderias-sanjuan-25.webp","twitter_creator":"@Ayto_de_Coria","twitter_site":"@Ayto_de_Coria","twitter_misc":{"Escrito por":"ayuntamiento","Tiempo de lectura":"3 minutos"},"schema":{"@context":"https:\/\/schema.org","@graph":[{"@type":"Article","@id":"https:\/\/coria.org\/ayuntamiento\/index.php\/2025\/03\/17\/el-abanderado-de-las-fiestas-de-san-juan-2025-anuncia-las-ganaderias-que-se-lidiaran-en-coria-sus-proximos-sanjuanes\/#article","isPartOf":{"@id":"https:\/\/coria.org\/ayuntamiento\/index.php\/2025\/03\/17\/el-abanderado-de-las-fiestas-de-san-juan-2025-anuncia-las-ganaderias-que-se-lidiaran-en-coria-sus-proximos-sanjuanes\/"},"author":{"name":"ayuntamiento","@id":"https:\/\/coria.org\/ayuntamiento\/#\/schema\/person\/8bd589f0e13e8ae5aa06def7a599d622"},"headline":"El Abanderado de las Fiestas de San Juan 2025 anuncia las ganader\u00edas que se lidiar\u00e1n en Coria sus pr\u00f3ximos Sanjuanes","datePublished":"2025-03-17T13:32:29+00:00","dateModified":"2025-09-11T12:15:45+00:00","mainEntityOfPage":{"@id":"https:\/\/coria.org\/ayuntamiento\/index.php\/2025\/03\/17\/el-abanderado-de-las-fiestas-de-san-juan-2025-anuncia-las-ganaderias-que-se-lidiaran-en-coria-sus-proximos-sanjuanes\/"},"wordCount":608,"publisher":{"@id":"https:\/\/coria.org\/ayuntamiento\/#organization"},"image":{"@id":"https:\/\/coria.org\/ayuntamiento\/index.php\/2025\/03\/17\/el-abanderado-de-las-fiestas-de-san-juan-2025-anuncia-las-ganaderias-que-se-lidiaran-en-coria-sus-proximos-sanjuanes\/#primaryimage"},"thumbnailUrl":"https:\/\/coria.org\/ayuntamiento\/wp-content\/uploads\/2025\/03\/ganaderias-sanjuan-25.webp","keywords":["sanjuan","sanjuanes"],"articleSection":["Noticias"],"inLanguage":"es"},{"@type":"WebPage","@id":"https:\/\/coria.org\/ayuntamiento\/index.php\/2025\/03\/17\/el-abanderado-de-las-fiestas-de-san-juan-2025-anuncia-las-ganaderias-que-se-lidiaran-en-coria-sus-proximos-sanjuanes\/","url":"https:\/\/coria.org\/ayuntamiento\/index.php\/2025\/03\/17\/el-abanderado-de-las-fiestas-de-san-juan-2025-anuncia-las-ganaderias-que-se-lidiaran-en-coria-sus-proximos-sanjuanes\/","name":"El Abanderado de las Fiestas de San Juan 2025 anuncia las ganader\u00edas que se lidiar\u00e1n en Coria sus pr\u00f3ximos Sanjuanes - Ayuntamiento de Coria","isPartOf":{"@id":"https:\/\/coria.org\/ayuntamiento\/#website"},"primaryImageOfPage":{"@id":"https:\/\/coria.org\/ayuntamiento\/index.php\/2025\/03\/17\/el-abanderado-de-las-fiestas-de-san-juan-2025-anuncia-las-ganaderias-que-se-lidiaran-en-coria-sus-proximos-sanjuanes\/#primaryimage"},"image":{"@id":"https:\/\/coria.org\/ayuntamiento\/index.php\/2025\/03\/17\/el-abanderado-de-las-fiestas-de-san-juan-2025-anuncia-las-ganaderias-que-se-lidiaran-en-coria-sus-proximos-sanjuanes\/#primaryimage"},"thumbnailUrl":"https:\/\/coria.org\/ayuntamiento\/wp-content\/uploads\/2025\/03\/ganaderias-sanjuan-25.webp","datePublished":"2025-03-17T13:32:29+00:00","dateModified":"2025-09-11T12:15:45+00:00","description":"El Abanderado de las Fiestas de San Juan 2025, Mart\u00edn Franco, junto a la Alcaldesa de Coria, Almudena Domingo, ha presentado esta ma\u00f1ana en rueda de prensa, las Ganader\u00edas que lidiar\u00e1n toros en las Tradicionales Fiestas de San Juan que se celebrar\u00e1n del 23 al 29 de junio.","breadcrumb":{"@id":"https:\/\/coria.org\/ayuntamiento\/index.php\/2025\/03\/17\/el-abanderado-de-las-fiestas-de-san-juan-2025-anuncia-las-ganaderias-que-se-lidiaran-en-coria-sus-proximos-sanjuanes\/#breadcrumb"},"inLanguage":"es","potentialAction":[{"@type":"ReadAction","target":["https:\/\/coria.org\/ayuntamiento\/index.php\/2025\/03\/17\/el-abanderado-de-las-fiestas-de-san-juan-2025-anuncia-las-ganaderias-que-se-lidiaran-en-coria-sus-proximos-sanjuanes\/"]}]},{"@type":"ImageObject","inLanguage":"es","@id":"https:\/\/coria.org\/ayuntamiento\/index.php\/2025\/03\/17\/el-abanderado-de-las-fiestas-de-san-juan-2025-anuncia-las-ganaderias-que-se-lidiaran-en-coria-sus-proximos-sanjuanes\/#primaryimage","url":"https:\/\/coria.org\/ayuntamiento\/wp-content\/uploads\/2025\/03\/ganaderias-sanjuan-25.webp","contentUrl":"https:\/\/coria.org\/ayuntamiento\/wp-content\/uploads\/2025\/03\/ganaderias-sanjuan-25.webp","width":1920,"height":1440},{"@type":"BreadcrumbList","@id":"https:\/\/coria.org\/ayuntamiento\/index.php\/2025\/03\/17\/el-abanderado-de-las-fiestas-de-san-juan-2025-anuncia-las-ganaderias-que-se-lidiaran-en-coria-sus-proximos-sanjuanes\/#breadcrumb","itemListElement":[{"@type":"ListItem","position":1,"name":"Inicio","item":"https:\/\/coria.org\/ayuntamiento\/"},{"@type":"ListItem","position":2,"name":"El Abanderado de las Fiestas de San Juan 2025 anuncia las ganader\u00edas que se lidiar\u00e1n en Coria sus pr\u00f3ximos Sanjuanes"}]},{"@type":"WebSite","@id":"https:\/\/coria.org\/ayuntamiento\/#website","url":"https:\/\/coria.org\/ayuntamiento\/","name":"Ayuntamiento de Coria","description":"Web oficial del Ayuntamiento de Coria","publisher":{"@id":"https:\/\/coria.org\/ayuntamiento\/#organization"},"alternateName":"Web Oficial del Ayuntamiento de Coria","potentialAction":[{"@type":"SearchAction","target":{"@type":"EntryPoint","urlTemplate":"https:\/\/coria.org\/ayuntamiento\/?s={search_term_string}"},"query-input":{"@type":"PropertyValueSpecification","valueRequired":true,"valueName":"search_term_string"}}],"inLanguage":"es"},{"@type":"Organization","@id":"https:\/\/coria.org\/ayuntamiento\/#organization","name":"Ayuntamiento de Coria","alternateName":"Ayto de Coria","url":"https:\/\/coria.org\/ayuntamiento\/","logo":{"@type":"ImageObject","inLanguage":"es","@id":"https:\/\/coria.org\/ayuntamiento\/#\/schema\/logo\/image\/","url":"https:\/\/coria.org\/ayuntamiento\/wp-content\/uploads\/2020\/12\/escudo-ayuntamiento-coria.png","contentUrl":"https:\/\/coria.org\/ayuntamiento\/wp-content\/uploads\/2020\/12\/escudo-ayuntamiento-coria.png","width":511,"height":240,"caption":"Ayuntamiento de Coria"},"image":{"@id":"https:\/\/coria.org\/ayuntamiento\/#\/schema\/logo\/image\/"},"sameAs":["https:\/\/www.facebook.com\/Ayuntamiento.de.Coria","https:\/\/x.com\/Ayto_de_Coria","https:\/\/www.instagram.com\/coria.ayuntamiento\/","https:\/\/www.youtube.com\/user\/AYUNTAMIENTOCORIA"]},{"@type":"Person","@id":"https:\/\/coria.org\/ayuntamiento\/#\/schema\/person\/8bd589f0e13e8ae5aa06def7a599d622","name":"ayuntamiento","image":{"@type":"ImageObject","inLanguage":"es","@id":"https:\/\/secure.gravatar.com\/avatar\/966e5ed73cad334adda5c87f49f2547f7082f7292c1b627cbb548744383b391c?s=96&d=mm&r=g","url":"https:\/\/secure.gravatar.com\/avatar\/966e5ed73cad334adda5c87f49f2547f7082f7292c1b627cbb548744383b391c?s=96&d=mm&r=g","contentUrl":"https:\/\/secure.gravatar.com\/avatar\/966e5ed73cad334adda5c87f49f2547f7082f7292c1b627cbb548744383b391c?s=96&d=mm&r=g","caption":"ayuntamiento"}}]}},"uagb_featured_image_src":{"full":["https:\/\/coria.org\/ayuntamiento\/wp-content\/uploads\/2025\/03\/ganaderias-sanjuan-25.webp",1920,1440,false],"thumbnail":["https:\/\/coria.org\/ayuntamiento\/wp-content\/uploads\/2025\/03\/ganaderias-sanjuan-25-150x150.webp",150,150,true],"medium":["https:\/\/coria.org\/ayuntamiento\/wp-content\/uploads\/2025\/03\/ganaderias-sanjuan-25.webp",1920,1440,false],"medium_large":["https:\/\/coria.org\/ayuntamiento\/wp-content\/uploads\/2025\/03\/ganaderias-sanjuan-25-768x576.webp",768,576,true],"large":["https:\/\/coria.org\/ayuntamiento\/wp-content\/uploads\/2025\/03\/ganaderias-sanjuan-25.webp",1920,1440,false],"thumblist":["https:\/\/coria.org\/ayuntamiento\/wp-content\/uploads\/2025\/03\/ganaderias-sanjuan-25-300x300.webp",300,300,true],"thumbrelated":["https:\/\/coria.org\/ayuntamiento\/wp-content\/uploads\/2025\/03\/ganaderias-sanjuan-25-500x500.webp",500,500,true],"meccarouselthumb":["https:\/\/coria.org\/ayuntamiento\/wp-content\/uploads\/2025\/03\/ganaderias-sanjuan-25-474x324.webp",474,324,true],"gridsquare":["https:\/\/coria.org\/ayuntamiento\/wp-content\/uploads\/2025\/03\/ganaderias-sanjuan-25-391x260.webp",391,260,true],"tileview":["https:\/\/coria.org\/ayuntamiento\/wp-content\/uploads\/2025\/03\/ganaderias-sanjuan-25-300x400.webp",300,400,true],"1536x1536":["https:\/\/coria.org\/ayuntamiento\/wp-content\/uploads\/2025\/03\/ganaderias-sanjuan-25-1536x1152.webp",1536,1152,true],"2048x2048":["https:\/\/coria.org\/ayuntamiento\/wp-content\/uploads\/2025\/03\/ganaderias-sanjuan-25.webp",1920,1440,false]},"uagb_author_info":{"display_name":"ayuntamiento","author_link":"https:\/\/coria.org\/ayuntamiento\/index.php\/author\/ayuntamiento\/"},"uagb_comment_info":0,"uagb_excerpt":"El Abanderado de las Fiestas de San Juan 2025, Mart\u00edn Franco, junto a la Alcaldesa de Coria, Almudena Domingo, ha presentado esta ma\u00f1ana en rueda de prensa, las Ganader\u00edas que lidiar\u00e1n toros en las Tradicionales Fiestas de San Juan que se celebrar\u00e1n del 23 al 29 de junio. El Abanderado ha comenzado su intervenci\u00f3n afirmando&hellip;","_links":{"self":[{"href":"https:\/\/coria.org\/ayuntamiento\/index.php\/wp-json\/wp\/v2\/posts\/64177","targetHints":{"allow":["GET"]}}],"collection":[{"href":"https:\/\/coria.org\/ayuntamiento\/index.php\/wp-json\/wp\/v2\/posts"}],"about":[{"href":"https:\/\/coria.org\/ayuntamiento\/index.php\/wp-json\/wp\/v2\/types\/post"}],"author":[{"embeddable":true,"href":"https:\/\/coria.org\/ayuntamiento\/index.php\/wp-json\/wp\/v2\/users\/2"}],"replies":[{"embeddable":true,"href":"https:\/\/coria.org\/ayuntamiento\/index.php\/wp-json\/wp\/v2\/comments?post=64177"}],"version-history":[{"count":0,"href":"https:\/\/coria.org\/ayuntamiento\/index.php\/wp-json\/wp\/v2\/posts\/64177\/revisions"}],"wp:featuredmedia":[{"embeddable":true,"href":"https:\/\/coria.org\/ayuntamiento\/index.php\/wp-json\/wp\/v2\/media\/64178"}],"wp:attachment":[{"href":"https:\/\/coria.org\/ayuntamiento\/index.php\/wp-json\/wp\/v2\/media?parent=64177"}],"wp:term":[{"taxonomy":"category","embeddable":true,"href":"https:\/\/coria.org\/ayuntamiento\/index.php\/wp-json\/wp\/v2\/categories?post=64177"},{"taxonomy":"post_tag","embeddable":true,"href":"https:\/\/coria.org\/ayuntamiento\/index.php\/wp-json\/wp\/v2\/tags?post=64177"}],"curies":[{"name":"wp","href":"https:\/\/api.w.org\/{rel}","templated":true}]}}