{"id":63499,"date":"2024-11-27T14:52:58","date_gmt":"2024-11-27T13:52:58","guid":{"rendered":"https:\/\/coria.org\/ayuntamiento\/?p=63499"},"modified":"2025-09-11T14:15:56","modified_gmt":"2025-09-11T12:15:56","slug":"publicadas-las-bases-de-la-convocatoria-del-xxxv-premio-cuentos-ciudad-de-coria-2025","status":"publish","type":"post","link":"https:\/\/coria.org\/ayuntamiento\/index.php\/2024\/11\/27\/publicadas-las-bases-de-la-convocatoria-del-xxxv-premio-cuentos-ciudad-de-coria-2025\/","title":{"rendered":"Publicadas las bases de la convocatoria del XXXV Premio Cuentos \u201cCiudad de Coria\u201d 2025"},"content":{"rendered":"\n<p>El Bolet\u00edn Oficial de la Provincia ha publicado recientemente las bases de la convocatoria para la concesi\u00f3n del XXXV Premio Cuentos \u201cCiudad de Coria\u201d 2025, por un importe de 3.000 euros.<\/p>\n\n\n<figure class=\"wp-block-post-featured-image\"><img loading=\"lazy\" decoding=\"async\" width=\"1916\" height=\"1440\" src=\"https:\/\/coria.org\/ayuntamiento\/wp-content\/uploads\/2024\/11\/certamen-cuentos-coria.webp\" class=\"attachment-post-thumbnail size-post-thumbnail wp-post-image\" alt=\"\" style=\"object-fit:cover;\" srcset=\"https:\/\/coria.org\/ayuntamiento\/wp-content\/uploads\/2024\/11\/certamen-cuentos-coria.webp 1916w, https:\/\/coria.org\/ayuntamiento\/wp-content\/uploads\/2024\/11\/certamen-cuentos-coria-768x577.webp 768w, https:\/\/coria.org\/ayuntamiento\/wp-content\/uploads\/2024\/11\/certamen-cuentos-coria-1536x1154.webp 1536w\" sizes=\"auto, (max-width: 1916px) 100vw, 1916px\" \/><\/figure>\n\n\n<p>El plazo de solicitud para presentar los trabajos finalizar\u00e1 el d\u00eda 30 de enero de 2025, a las 23;59 horas, cuya entrega ser\u00e1 a trav\u00e9s de la p\u00e1gina web de Diputaci\u00f3n Provincial de C\u00e1ceres: <a href=\"https:\/\/certamenes.dip.caceres.es\/\">https:\/\/certamenes.dip.caceres.es<\/a>.<\/p>\n\n\n\n<p>Podr\u00e1n concurrir a este premio todos los autores mayores de edad que lo deseen, de cualquier nacionalidad, siempre y cuando no hay resultado ganadores de este certamen con anterioridad. Las obras deber\u00e1n ser escritas en castellano.<\/p>\n\n\n\n<p>Se establece un premio \u00fanico e indivisible dotado con 3.000 euros, as\u00ed como la publicaci\u00f3n de la obra ganadora.<\/p>\n\n\n\n<p>Las bases de la convocatoria est\u00e1n expuestas en el tabl\u00f3n de anuncios virtual de la Diputaci\u00f3n Provincial de C\u00e1ceres, en la siguiente direcci\u00f3n: <a href=\"https:\/\/sede.dip-caceres.es\/\">https:\/\/sede.dip-caceres.es<\/a> y en la p\u00e1gina web del \u00c1rea de Cultura de la Diputaci\u00f3n Provincial de C\u00e1ceres: <a href=\"https:\/\/cultura.dip-caceres.es\/\">https:\/\/cultura.dip-caceres.es\/<\/a>.<\/p>\n\n\n\n<p><\/p>\n","protected":false},"excerpt":{"rendered":"<p>El Bolet\u00edn Oficial de la Provincia ha publicado recientemente las bases de la convocatoria para la concesi\u00f3n del XXXV Premio Cuentos \u201cCiudad de Coria\u201d 2025, por un importe de 3.000 euros. El plazo de solicitud para presentar los trabajos finalizar\u00e1 el d\u00eda 30 de enero de 2025, a las 23;59 horas, cuya entrega ser\u00e1 a [&hellip;]<\/p>\n","protected":false},"author":2,"featured_media":63500,"comment_status":"open","ping_status":"open","sticky":false,"template":"","format":"standard","meta":{"_uag_custom_page_level_css":"","footnotes":""},"categories":[2],"tags":[],"class_list":["post-63499","post","type-post","status-publish","format-standard","has-post-thumbnail","hentry","category-noticias"],"yoast_head":"<!-- This site is optimized with the Yoast SEO plugin v27.5 - https:\/\/yoast.com\/product\/yoast-seo-wordpress\/ -->\n<title>Publicadas las bases de la convocatoria del XXXV Premio Cuentos \u201cCiudad de Coria\u201d 2025 - Ayuntamiento de Coria<\/title>\n<meta name=\"robots\" content=\"index, follow, max-snippet:-1, max-image-preview:large, max-video-preview:-1\" \/>\n<link rel=\"canonical\" href=\"https:\/\/coria.org\/ayuntamiento\/index.php\/2024\/11\/27\/publicadas-las-bases-de-la-convocatoria-del-xxxv-premio-cuentos-ciudad-de-coria-2025\/\" \/>\n<meta property=\"og:locale\" content=\"es_ES\" \/>\n<meta property=\"og:type\" content=\"article\" \/>\n<meta property=\"og:title\" content=\"Publicadas las bases de la convocatoria del XXXV Premio Cuentos \u201cCiudad de Coria\u201d 2025\" \/>\n<meta property=\"og:description\" content=\"El Bolet\u00edn Oficial de la Provincia ha publicado recientemente las bases de la convocatoria para la concesi\u00f3n del XXXV Premio Cuentos \u201cCiudad de Coria\u201d 2025, por un importe de 3.000 euros.\" \/>\n<meta property=\"og:url\" content=\"https:\/\/coria.org\/ayuntamiento\/index.php\/2024\/11\/27\/publicadas-las-bases-de-la-convocatoria-del-xxxv-premio-cuentos-ciudad-de-coria-2025\/\" \/>\n<meta property=\"og:site_name\" content=\"Ayuntamiento de Coria\" \/>\n<meta property=\"article:publisher\" content=\"https:\/\/www.facebook.com\/Ayuntamiento.de.Coria\" \/>\n<meta property=\"article:published_time\" content=\"2024-11-27T13:52:58+00:00\" \/>\n<meta property=\"article:modified_time\" content=\"2025-09-11T12:15:56+00:00\" \/>\n<meta property=\"og:image\" content=\"https:\/\/coria.org\/ayuntamiento\/wp-content\/uploads\/2024\/11\/certamen-cuentos-coria.webp\" \/>\n\t<meta property=\"og:image:width\" content=\"1916\" \/>\n\t<meta property=\"og:image:height\" content=\"1440\" \/>\n\t<meta property=\"og:image:type\" content=\"image\/webp\" \/>\n<meta name=\"author\" content=\"ayuntamiento\" \/>\n<meta name=\"twitter:card\" content=\"summary_large_image\" \/>\n<meta name=\"twitter:title\" content=\"Publicadas las bases de la convocatoria del XXXV Premio Cuentos \u201cCiudad de Coria\u201d 2025\" \/>\n<meta name=\"twitter:description\" content=\"El Bolet\u00edn Oficial de la Provincia ha publicado recientemente las bases de la convocatoria para la concesi\u00f3n del XXXV Premio Cuentos \u201cCiudad de Coria\u201d 2025, por un importe de 3.000 euros.\" \/>\n<meta name=\"twitter:image\" content=\"https:\/\/coria.org\/ayuntamiento\/wp-content\/uploads\/2024\/11\/certamen-cuentos-coria.webp\" \/>\n<meta name=\"twitter:creator\" content=\"@Ayto_de_Coria\" \/>\n<meta name=\"twitter:site\" content=\"@Ayto_de_Coria\" \/>\n<meta name=\"twitter:label1\" content=\"Escrito por\" \/>\n\t<meta name=\"twitter:data1\" content=\"ayuntamiento\" \/>\n\t<meta name=\"twitter:label2\" content=\"Tiempo de lectura\" \/>\n\t<meta name=\"twitter:data2\" content=\"1 minuto\" \/>\n<script type=\"application\/ld+json\" class=\"yoast-schema-graph\">{\"@context\":\"https:\\\/\\\/schema.org\",\"@graph\":[{\"@type\":\"Article\",\"@id\":\"https:\\\/\\\/coria.org\\\/ayuntamiento\\\/index.php\\\/2024\\\/11\\\/27\\\/publicadas-las-bases-de-la-convocatoria-del-xxxv-premio-cuentos-ciudad-de-coria-2025\\\/#article\",\"isPartOf\":{\"@id\":\"https:\\\/\\\/coria.org\\\/ayuntamiento\\\/index.php\\\/2024\\\/11\\\/27\\\/publicadas-las-bases-de-la-convocatoria-del-xxxv-premio-cuentos-ciudad-de-coria-2025\\\/\"},\"author\":{\"name\":\"ayuntamiento\",\"@id\":\"https:\\\/\\\/coria.org\\\/ayuntamiento\\\/#\\\/schema\\\/person\\\/8bd589f0e13e8ae5aa06def7a599d622\"},\"headline\":\"Publicadas las bases de la convocatoria del XXXV Premio Cuentos \u201cCiudad de Coria\u201d 2025\",\"datePublished\":\"2024-11-27T13:52:58+00:00\",\"dateModified\":\"2025-09-11T12:15:56+00:00\",\"mainEntityOfPage\":{\"@id\":\"https:\\\/\\\/coria.org\\\/ayuntamiento\\\/index.php\\\/2024\\\/11\\\/27\\\/publicadas-las-bases-de-la-convocatoria-del-xxxv-premio-cuentos-ciudad-de-coria-2025\\\/\"},\"wordCount\":196,\"commentCount\":0,\"publisher\":{\"@id\":\"https:\\\/\\\/coria.org\\\/ayuntamiento\\\/#organization\"},\"image\":{\"@id\":\"https:\\\/\\\/coria.org\\\/ayuntamiento\\\/index.php\\\/2024\\\/11\\\/27\\\/publicadas-las-bases-de-la-convocatoria-del-xxxv-premio-cuentos-ciudad-de-coria-2025\\\/#primaryimage\"},\"thumbnailUrl\":\"https:\\\/\\\/coria.org\\\/ayuntamiento\\\/wp-content\\\/uploads\\\/2024\\\/11\\\/certamen-cuentos-coria.webp\",\"articleSection\":[\"Noticias\"],\"inLanguage\":\"es\",\"potentialAction\":[{\"@type\":\"CommentAction\",\"name\":\"Comment\",\"target\":[\"https:\\\/\\\/coria.org\\\/ayuntamiento\\\/index.php\\\/2024\\\/11\\\/27\\\/publicadas-las-bases-de-la-convocatoria-del-xxxv-premio-cuentos-ciudad-de-coria-2025\\\/#respond\"]}]},{\"@type\":\"WebPage\",\"@id\":\"https:\\\/\\\/coria.org\\\/ayuntamiento\\\/index.php\\\/2024\\\/11\\\/27\\\/publicadas-las-bases-de-la-convocatoria-del-xxxv-premio-cuentos-ciudad-de-coria-2025\\\/\",\"url\":\"https:\\\/\\\/coria.org\\\/ayuntamiento\\\/index.php\\\/2024\\\/11\\\/27\\\/publicadas-las-bases-de-la-convocatoria-del-xxxv-premio-cuentos-ciudad-de-coria-2025\\\/\",\"name\":\"Publicadas las bases de la convocatoria del XXXV Premio Cuentos \u201cCiudad de Coria\u201d 2025 - Ayuntamiento de Coria\",\"isPartOf\":{\"@id\":\"https:\\\/\\\/coria.org\\\/ayuntamiento\\\/#website\"},\"primaryImageOfPage\":{\"@id\":\"https:\\\/\\\/coria.org\\\/ayuntamiento\\\/index.php\\\/2024\\\/11\\\/27\\\/publicadas-las-bases-de-la-convocatoria-del-xxxv-premio-cuentos-ciudad-de-coria-2025\\\/#primaryimage\"},\"image\":{\"@id\":\"https:\\\/\\\/coria.org\\\/ayuntamiento\\\/index.php\\\/2024\\\/11\\\/27\\\/publicadas-las-bases-de-la-convocatoria-del-xxxv-premio-cuentos-ciudad-de-coria-2025\\\/#primaryimage\"},\"thumbnailUrl\":\"https:\\\/\\\/coria.org\\\/ayuntamiento\\\/wp-content\\\/uploads\\\/2024\\\/11\\\/certamen-cuentos-coria.webp\",\"datePublished\":\"2024-11-27T13:52:58+00:00\",\"dateModified\":\"2025-09-11T12:15:56+00:00\",\"breadcrumb\":{\"@id\":\"https:\\\/\\\/coria.org\\\/ayuntamiento\\\/index.php\\\/2024\\\/11\\\/27\\\/publicadas-las-bases-de-la-convocatoria-del-xxxv-premio-cuentos-ciudad-de-coria-2025\\\/#breadcrumb\"},\"inLanguage\":\"es\",\"potentialAction\":[{\"@type\":\"ReadAction\",\"target\":[\"https:\\\/\\\/coria.org\\\/ayuntamiento\\\/index.php\\\/2024\\\/11\\\/27\\\/publicadas-las-bases-de-la-convocatoria-del-xxxv-premio-cuentos-ciudad-de-coria-2025\\\/\"]}]},{\"@type\":\"ImageObject\",\"inLanguage\":\"es\",\"@id\":\"https:\\\/\\\/coria.org\\\/ayuntamiento\\\/index.php\\\/2024\\\/11\\\/27\\\/publicadas-las-bases-de-la-convocatoria-del-xxxv-premio-cuentos-ciudad-de-coria-2025\\\/#primaryimage\",\"url\":\"https:\\\/\\\/coria.org\\\/ayuntamiento\\\/wp-content\\\/uploads\\\/2024\\\/11\\\/certamen-cuentos-coria.webp\",\"contentUrl\":\"https:\\\/\\\/coria.org\\\/ayuntamiento\\\/wp-content\\\/uploads\\\/2024\\\/11\\\/certamen-cuentos-coria.webp\",\"width\":1916,\"height\":1440},{\"@type\":\"BreadcrumbList\",\"@id\":\"https:\\\/\\\/coria.org\\\/ayuntamiento\\\/index.php\\\/2024\\\/11\\\/27\\\/publicadas-las-bases-de-la-convocatoria-del-xxxv-premio-cuentos-ciudad-de-coria-2025\\\/#breadcrumb\",\"itemListElement\":[{\"@type\":\"ListItem\",\"position\":1,\"name\":\"Inicio\",\"item\":\"https:\\\/\\\/coria.org\\\/ayuntamiento\\\/\"},{\"@type\":\"ListItem\",\"position\":2,\"name\":\"Publicadas las bases de la convocatoria del XXXV Premio Cuentos \u201cCiudad de Coria\u201d 2025\"}]},{\"@type\":\"WebSite\",\"@id\":\"https:\\\/\\\/coria.org\\\/ayuntamiento\\\/#website\",\"url\":\"https:\\\/\\\/coria.org\\\/ayuntamiento\\\/\",\"name\":\"Ayuntamiento de Coria\",\"description\":\"Web oficial del Ayuntamiento de Coria\",\"publisher\":{\"@id\":\"https:\\\/\\\/coria.org\\\/ayuntamiento\\\/#organization\"},\"alternateName\":\"Web Oficial del Ayuntamiento de Coria\",\"potentialAction\":[{\"@type\":\"SearchAction\",\"target\":{\"@type\":\"EntryPoint\",\"urlTemplate\":\"https:\\\/\\\/coria.org\\\/ayuntamiento\\\/?s={search_term_string}\"},\"query-input\":{\"@type\":\"PropertyValueSpecification\",\"valueRequired\":true,\"valueName\":\"search_term_string\"}}],\"inLanguage\":\"es\"},{\"@type\":\"Organization\",\"@id\":\"https:\\\/\\\/coria.org\\\/ayuntamiento\\\/#organization\",\"name\":\"Ayuntamiento de Coria\",\"alternateName\":\"Ayto de Coria\",\"url\":\"https:\\\/\\\/coria.org\\\/ayuntamiento\\\/\",\"logo\":{\"@type\":\"ImageObject\",\"inLanguage\":\"es\",\"@id\":\"https:\\\/\\\/coria.org\\\/ayuntamiento\\\/#\\\/schema\\\/logo\\\/image\\\/\",\"url\":\"https:\\\/\\\/coria.org\\\/ayuntamiento\\\/wp-content\\\/uploads\\\/2020\\\/12\\\/escudo-ayuntamiento-coria.png\",\"contentUrl\":\"https:\\\/\\\/coria.org\\\/ayuntamiento\\\/wp-content\\\/uploads\\\/2020\\\/12\\\/escudo-ayuntamiento-coria.png\",\"width\":511,\"height\":240,\"caption\":\"Ayuntamiento de Coria\"},\"image\":{\"@id\":\"https:\\\/\\\/coria.org\\\/ayuntamiento\\\/#\\\/schema\\\/logo\\\/image\\\/\"},\"sameAs\":[\"https:\\\/\\\/www.facebook.com\\\/Ayuntamiento.de.Coria\",\"https:\\\/\\\/x.com\\\/Ayto_de_Coria\",\"https:\\\/\\\/www.instagram.com\\\/coria.ayuntamiento\\\/\",\"https:\\\/\\\/www.youtube.com\\\/user\\\/AYUNTAMIENTOCORIA\"]},{\"@type\":\"Person\",\"@id\":\"https:\\\/\\\/coria.org\\\/ayuntamiento\\\/#\\\/schema\\\/person\\\/8bd589f0e13e8ae5aa06def7a599d622\",\"name\":\"ayuntamiento\",\"image\":{\"@type\":\"ImageObject\",\"inLanguage\":\"es\",\"@id\":\"https:\\\/\\\/secure.gravatar.com\\\/avatar\\\/966e5ed73cad334adda5c87f49f2547f7082f7292c1b627cbb548744383b391c?s=96&d=mm&r=g\",\"url\":\"https:\\\/\\\/secure.gravatar.com\\\/avatar\\\/966e5ed73cad334adda5c87f49f2547f7082f7292c1b627cbb548744383b391c?s=96&d=mm&r=g\",\"contentUrl\":\"https:\\\/\\\/secure.gravatar.com\\\/avatar\\\/966e5ed73cad334adda5c87f49f2547f7082f7292c1b627cbb548744383b391c?s=96&d=mm&r=g\",\"caption\":\"ayuntamiento\"}}]}<\/script>\n<!-- \/ Yoast SEO plugin. -->","yoast_head_json":{"title":"Publicadas las bases de la convocatoria del XXXV Premio Cuentos \u201cCiudad de Coria\u201d 2025 - Ayuntamiento de Coria","robots":{"index":"index","follow":"follow","max-snippet":"max-snippet:-1","max-image-preview":"max-image-preview:large","max-video-preview":"max-video-preview:-1"},"canonical":"https:\/\/coria.org\/ayuntamiento\/index.php\/2024\/11\/27\/publicadas-las-bases-de-la-convocatoria-del-xxxv-premio-cuentos-ciudad-de-coria-2025\/","og_locale":"es_ES","og_type":"article","og_title":"Publicadas las bases de la convocatoria del XXXV Premio Cuentos \u201cCiudad de Coria\u201d 2025","og_description":"El Bolet\u00edn Oficial de la Provincia ha publicado recientemente las bases de la convocatoria para la concesi\u00f3n del XXXV Premio Cuentos \u201cCiudad de Coria\u201d 2025, por un importe de 3.000 euros.","og_url":"https:\/\/coria.org\/ayuntamiento\/index.php\/2024\/11\/27\/publicadas-las-bases-de-la-convocatoria-del-xxxv-premio-cuentos-ciudad-de-coria-2025\/","og_site_name":"Ayuntamiento de Coria","article_publisher":"https:\/\/www.facebook.com\/Ayuntamiento.de.Coria","article_published_time":"2024-11-27T13:52:58+00:00","article_modified_time":"2025-09-11T12:15:56+00:00","og_image":[{"width":1916,"height":1440,"url":"https:\/\/coria.org\/ayuntamiento\/wp-content\/uploads\/2024\/11\/certamen-cuentos-coria.webp","type":"image\/webp"}],"author":"ayuntamiento","twitter_card":"summary_large_image","twitter_title":"Publicadas las bases de la convocatoria del XXXV Premio Cuentos \u201cCiudad de Coria\u201d 2025","twitter_description":"El Bolet\u00edn Oficial de la Provincia ha publicado recientemente las bases de la convocatoria para la concesi\u00f3n del XXXV Premio Cuentos \u201cCiudad de Coria\u201d 2025, por un importe de 3.000 euros.","twitter_image":"https:\/\/coria.org\/ayuntamiento\/wp-content\/uploads\/2024\/11\/certamen-cuentos-coria.webp","twitter_creator":"@Ayto_de_Coria","twitter_site":"@Ayto_de_Coria","twitter_misc":{"Escrito por":"ayuntamiento","Tiempo de lectura":"1 minuto"},"schema":{"@context":"https:\/\/schema.org","@graph":[{"@type":"Article","@id":"https:\/\/coria.org\/ayuntamiento\/index.php\/2024\/11\/27\/publicadas-las-bases-de-la-convocatoria-del-xxxv-premio-cuentos-ciudad-de-coria-2025\/#article","isPartOf":{"@id":"https:\/\/coria.org\/ayuntamiento\/index.php\/2024\/11\/27\/publicadas-las-bases-de-la-convocatoria-del-xxxv-premio-cuentos-ciudad-de-coria-2025\/"},"author":{"name":"ayuntamiento","@id":"https:\/\/coria.org\/ayuntamiento\/#\/schema\/person\/8bd589f0e13e8ae5aa06def7a599d622"},"headline":"Publicadas las bases de la convocatoria del XXXV Premio Cuentos \u201cCiudad de Coria\u201d 2025","datePublished":"2024-11-27T13:52:58+00:00","dateModified":"2025-09-11T12:15:56+00:00","mainEntityOfPage":{"@id":"https:\/\/coria.org\/ayuntamiento\/index.php\/2024\/11\/27\/publicadas-las-bases-de-la-convocatoria-del-xxxv-premio-cuentos-ciudad-de-coria-2025\/"},"wordCount":196,"commentCount":0,"publisher":{"@id":"https:\/\/coria.org\/ayuntamiento\/#organization"},"image":{"@id":"https:\/\/coria.org\/ayuntamiento\/index.php\/2024\/11\/27\/publicadas-las-bases-de-la-convocatoria-del-xxxv-premio-cuentos-ciudad-de-coria-2025\/#primaryimage"},"thumbnailUrl":"https:\/\/coria.org\/ayuntamiento\/wp-content\/uploads\/2024\/11\/certamen-cuentos-coria.webp","articleSection":["Noticias"],"inLanguage":"es","potentialAction":[{"@type":"CommentAction","name":"Comment","target":["https:\/\/coria.org\/ayuntamiento\/index.php\/2024\/11\/27\/publicadas-las-bases-de-la-convocatoria-del-xxxv-premio-cuentos-ciudad-de-coria-2025\/#respond"]}]},{"@type":"WebPage","@id":"https:\/\/coria.org\/ayuntamiento\/index.php\/2024\/11\/27\/publicadas-las-bases-de-la-convocatoria-del-xxxv-premio-cuentos-ciudad-de-coria-2025\/","url":"https:\/\/coria.org\/ayuntamiento\/index.php\/2024\/11\/27\/publicadas-las-bases-de-la-convocatoria-del-xxxv-premio-cuentos-ciudad-de-coria-2025\/","name":"Publicadas las bases de la convocatoria del XXXV Premio Cuentos \u201cCiudad de Coria\u201d 2025 - Ayuntamiento de Coria","isPartOf":{"@id":"https:\/\/coria.org\/ayuntamiento\/#website"},"primaryImageOfPage":{"@id":"https:\/\/coria.org\/ayuntamiento\/index.php\/2024\/11\/27\/publicadas-las-bases-de-la-convocatoria-del-xxxv-premio-cuentos-ciudad-de-coria-2025\/#primaryimage"},"image":{"@id":"https:\/\/coria.org\/ayuntamiento\/index.php\/2024\/11\/27\/publicadas-las-bases-de-la-convocatoria-del-xxxv-premio-cuentos-ciudad-de-coria-2025\/#primaryimage"},"thumbnailUrl":"https:\/\/coria.org\/ayuntamiento\/wp-content\/uploads\/2024\/11\/certamen-cuentos-coria.webp","datePublished":"2024-11-27T13:52:58+00:00","dateModified":"2025-09-11T12:15:56+00:00","breadcrumb":{"@id":"https:\/\/coria.org\/ayuntamiento\/index.php\/2024\/11\/27\/publicadas-las-bases-de-la-convocatoria-del-xxxv-premio-cuentos-ciudad-de-coria-2025\/#breadcrumb"},"inLanguage":"es","potentialAction":[{"@type":"ReadAction","target":["https:\/\/coria.org\/ayuntamiento\/index.php\/2024\/11\/27\/publicadas-las-bases-de-la-convocatoria-del-xxxv-premio-cuentos-ciudad-de-coria-2025\/"]}]},{"@type":"ImageObject","inLanguage":"es","@id":"https:\/\/coria.org\/ayuntamiento\/index.php\/2024\/11\/27\/publicadas-las-bases-de-la-convocatoria-del-xxxv-premio-cuentos-ciudad-de-coria-2025\/#primaryimage","url":"https:\/\/coria.org\/ayuntamiento\/wp-content\/uploads\/2024\/11\/certamen-cuentos-coria.webp","contentUrl":"https:\/\/coria.org\/ayuntamiento\/wp-content\/uploads\/2024\/11\/certamen-cuentos-coria.webp","width":1916,"height":1440},{"@type":"BreadcrumbList","@id":"https:\/\/coria.org\/ayuntamiento\/index.php\/2024\/11\/27\/publicadas-las-bases-de-la-convocatoria-del-xxxv-premio-cuentos-ciudad-de-coria-2025\/#breadcrumb","itemListElement":[{"@type":"ListItem","position":1,"name":"Inicio","item":"https:\/\/coria.org\/ayuntamiento\/"},{"@type":"ListItem","position":2,"name":"Publicadas las bases de la convocatoria del XXXV Premio Cuentos \u201cCiudad de Coria\u201d 2025"}]},{"@type":"WebSite","@id":"https:\/\/coria.org\/ayuntamiento\/#website","url":"https:\/\/coria.org\/ayuntamiento\/","name":"Ayuntamiento de Coria","description":"Web oficial del Ayuntamiento de Coria","publisher":{"@id":"https:\/\/coria.org\/ayuntamiento\/#organization"},"alternateName":"Web Oficial del Ayuntamiento de Coria","potentialAction":[{"@type":"SearchAction","target":{"@type":"EntryPoint","urlTemplate":"https:\/\/coria.org\/ayuntamiento\/?s={search_term_string}"},"query-input":{"@type":"PropertyValueSpecification","valueRequired":true,"valueName":"search_term_string"}}],"inLanguage":"es"},{"@type":"Organization","@id":"https:\/\/coria.org\/ayuntamiento\/#organization","name":"Ayuntamiento de Coria","alternateName":"Ayto de Coria","url":"https:\/\/coria.org\/ayuntamiento\/","logo":{"@type":"ImageObject","inLanguage":"es","@id":"https:\/\/coria.org\/ayuntamiento\/#\/schema\/logo\/image\/","url":"https:\/\/coria.org\/ayuntamiento\/wp-content\/uploads\/2020\/12\/escudo-ayuntamiento-coria.png","contentUrl":"https:\/\/coria.org\/ayuntamiento\/wp-content\/uploads\/2020\/12\/escudo-ayuntamiento-coria.png","width":511,"height":240,"caption":"Ayuntamiento de Coria"},"image":{"@id":"https:\/\/coria.org\/ayuntamiento\/#\/schema\/logo\/image\/"},"sameAs":["https:\/\/www.facebook.com\/Ayuntamiento.de.Coria","https:\/\/x.com\/Ayto_de_Coria","https:\/\/www.instagram.com\/coria.ayuntamiento\/","https:\/\/www.youtube.com\/user\/AYUNTAMIENTOCORIA"]},{"@type":"Person","@id":"https:\/\/coria.org\/ayuntamiento\/#\/schema\/person\/8bd589f0e13e8ae5aa06def7a599d622","name":"ayuntamiento","image":{"@type":"ImageObject","inLanguage":"es","@id":"https:\/\/secure.gravatar.com\/avatar\/966e5ed73cad334adda5c87f49f2547f7082f7292c1b627cbb548744383b391c?s=96&d=mm&r=g","url":"https:\/\/secure.gravatar.com\/avatar\/966e5ed73cad334adda5c87f49f2547f7082f7292c1b627cbb548744383b391c?s=96&d=mm&r=g","contentUrl":"https:\/\/secure.gravatar.com\/avatar\/966e5ed73cad334adda5c87f49f2547f7082f7292c1b627cbb548744383b391c?s=96&d=mm&r=g","caption":"ayuntamiento"}}]}},"uagb_featured_image_src":{"full":["https:\/\/coria.org\/ayuntamiento\/wp-content\/uploads\/2024\/11\/certamen-cuentos-coria.webp",1916,1440,false],"thumbnail":["https:\/\/coria.org\/ayuntamiento\/wp-content\/uploads\/2024\/11\/certamen-cuentos-coria-150x150.webp",150,150,true],"medium":["https:\/\/coria.org\/ayuntamiento\/wp-content\/uploads\/2024\/11\/certamen-cuentos-coria.webp",1916,1440,false],"medium_large":["https:\/\/coria.org\/ayuntamiento\/wp-content\/uploads\/2024\/11\/certamen-cuentos-coria-768x577.webp",768,577,true],"large":["https:\/\/coria.org\/ayuntamiento\/wp-content\/uploads\/2024\/11\/certamen-cuentos-coria.webp",1916,1440,false],"thumblist":["https:\/\/coria.org\/ayuntamiento\/wp-content\/uploads\/2024\/11\/certamen-cuentos-coria-300x300.webp",300,300,true],"thumbrelated":["https:\/\/coria.org\/ayuntamiento\/wp-content\/uploads\/2024\/11\/certamen-cuentos-coria-500x500.webp",500,500,true],"meccarouselthumb":["https:\/\/coria.org\/ayuntamiento\/wp-content\/uploads\/2024\/11\/certamen-cuentos-coria-474x324.webp",474,324,true],"gridsquare":["https:\/\/coria.org\/ayuntamiento\/wp-content\/uploads\/2024\/11\/certamen-cuentos-coria-391x260.webp",391,260,true],"tileview":["https:\/\/coria.org\/ayuntamiento\/wp-content\/uploads\/2024\/11\/certamen-cuentos-coria-300x400.webp",300,400,true],"1536x1536":["https:\/\/coria.org\/ayuntamiento\/wp-content\/uploads\/2024\/11\/certamen-cuentos-coria-1536x1154.webp",1536,1154,true],"2048x2048":["https:\/\/coria.org\/ayuntamiento\/wp-content\/uploads\/2024\/11\/certamen-cuentos-coria.webp",1916,1440,false]},"uagb_author_info":{"display_name":"ayuntamiento","author_link":"https:\/\/coria.org\/ayuntamiento\/index.php\/author\/ayuntamiento\/"},"uagb_comment_info":0,"uagb_excerpt":"El Bolet\u00edn Oficial de la Provincia ha publicado recientemente las bases de la convocatoria para la concesi\u00f3n del XXXV Premio Cuentos \u201cCiudad de Coria\u201d 2025, por un importe de 3.000 euros. El plazo de solicitud para presentar los trabajos finalizar\u00e1 el d\u00eda 30 de enero de 2025, a las 23;59 horas, cuya entrega ser\u00e1 a&hellip;","_links":{"self":[{"href":"https:\/\/coria.org\/ayuntamiento\/index.php\/wp-json\/wp\/v2\/posts\/63499","targetHints":{"allow":["GET"]}}],"collection":[{"href":"https:\/\/coria.org\/ayuntamiento\/index.php\/wp-json\/wp\/v2\/posts"}],"about":[{"href":"https:\/\/coria.org\/ayuntamiento\/index.php\/wp-json\/wp\/v2\/types\/post"}],"author":[{"embeddable":true,"href":"https:\/\/coria.org\/ayuntamiento\/index.php\/wp-json\/wp\/v2\/users\/2"}],"replies":[{"embeddable":true,"href":"https:\/\/coria.org\/ayuntamiento\/index.php\/wp-json\/wp\/v2\/comments?post=63499"}],"version-history":[{"count":0,"href":"https:\/\/coria.org\/ayuntamiento\/index.php\/wp-json\/wp\/v2\/posts\/63499\/revisions"}],"wp:featuredmedia":[{"embeddable":true,"href":"https:\/\/coria.org\/ayuntamiento\/index.php\/wp-json\/wp\/v2\/media\/63500"}],"wp:attachment":[{"href":"https:\/\/coria.org\/ayuntamiento\/index.php\/wp-json\/wp\/v2\/media?parent=63499"}],"wp:term":[{"taxonomy":"category","embeddable":true,"href":"https:\/\/coria.org\/ayuntamiento\/index.php\/wp-json\/wp\/v2\/categories?post=63499"},{"taxonomy":"post_tag","embeddable":true,"href":"https:\/\/coria.org\/ayuntamiento\/index.php\/wp-json\/wp\/v2\/tags?post=63499"}],"curies":[{"name":"wp","href":"https:\/\/api.w.org\/{rel}","templated":true}]}}