{"id":63171,"date":"2024-11-07T13:28:32","date_gmt":"2024-11-07T12:28:32","guid":{"rendered":"https:\/\/coria.org\/ayuntamiento\/?p=63171"},"modified":"2025-09-11T14:15:57","modified_gmt":"2025-09-11T12:15:57","slug":"clausura-del-xix-certamen-de-teatro-no-profesional-ciudad-de-coria","status":"publish","type":"post","link":"https:\/\/coria.org\/ayuntamiento\/index.php\/2024\/11\/07\/clausura-del-xix-certamen-de-teatro-no-profesional-ciudad-de-coria\/","title":{"rendered":"Clausura del XIX Certamen de Teatro No Profesional \u201cCiudad de Coria\u201d"},"content":{"rendered":"\n<p>La ciudad de Coria se prepara para la celebraci\u00f3n de la clausura del XIX Certamen de Teatro No Profesional \u201cCiudad de Coria\u201d que tendr\u00e1 lugar este viernes d\u00eda 8 de noviembre a las 20:30h en la casa de cultura.<\/p>\n\n\n\n<figure data-wp-context=\"{&quot;imageId&quot;:&quot;69f3585ebafa8&quot;}\" data-wp-interactive=\"core\/image\" data-wp-key=\"69f3585ebafa8\" class=\"wp-block-image alignleft size-full is-resized wp-lightbox-container\"><img loading=\"lazy\" decoding=\"async\" width=\"1131\" height=\"1600\" data-wp-class--hide=\"state.isContentHidden\" data-wp-class--show=\"state.isContentVisible\" data-wp-init=\"callbacks.setButtonStyles\" data-wp-on--click=\"actions.showLightbox\" data-wp-on--load=\"callbacks.setButtonStyles\" data-wp-on-window--resize=\"callbacks.setButtonStyles\" src=\"https:\/\/coria.org\/ayuntamiento\/wp-content\/uploads\/2024\/11\/clausura-teatro-2024.webp\" alt=\"\" class=\"wp-image-63172\" style=\"width:265px;height:auto\" srcset=\"https:\/\/coria.org\/ayuntamiento\/wp-content\/uploads\/2024\/11\/clausura-teatro-2024.webp 1131w, https:\/\/coria.org\/ayuntamiento\/wp-content\/uploads\/2024\/11\/clausura-teatro-2024-768x1086.webp 768w, https:\/\/coria.org\/ayuntamiento\/wp-content\/uploads\/2024\/11\/clausura-teatro-2024-1086x1536.webp 1086w\" sizes=\"auto, (max-width: 1131px) 100vw, 1131px\" \/><button\n\t\t\tclass=\"lightbox-trigger\"\n\t\t\ttype=\"button\"\n\t\t\taria-haspopup=\"dialog\"\n\t\t\taria-label=\"Agrandar\"\n\t\t\tdata-wp-init=\"callbacks.initTriggerButton\"\n\t\t\tdata-wp-on--click=\"actions.showLightbox\"\n\t\t\tdata-wp-style--right=\"state.imageButtonRight\"\n\t\t\tdata-wp-style--top=\"state.imageButtonTop\"\n\t\t>\n\t\t\t<svg xmlns=\"http:\/\/www.w3.org\/2000\/svg\" width=\"12\" height=\"12\" fill=\"none\" viewBox=\"0 0 12 12\">\n\t\t\t\t<path fill=\"#fff\" d=\"M2 0a2 2 0 0 0-2 2v2h1.5V2a.5.5 0 0 1 .5-.5h2V0H2Zm2 10.5H2a.5.5 0 0 1-.5-.5V8H0v2a2 2 0 0 0 2 2h2v-1.5ZM8 12v-1.5h2a.5.5 0 0 0 .5-.5V8H12v2a2 2 0 0 1-2 2H8Zm2-12a2 2 0 0 1 2 2v2h-1.5V2a.5.5 0 0 0-.5-.5H8V0h2Z\" \/>\n\t\t\t<\/svg>\n\t\t<\/button><\/figure>\n\n\n\n<p>En evento servir\u00e1 para hacer la entrega de premios a los ganadores a la Mejor Direcci\u00f3n, Mejor interpretaci\u00f3n masculina, Mejor interpretaci\u00f3n femenina, Mejor escenograf\u00eda, Mejor vestuario y Premio especial del p\u00fablico.<\/p>\n\n\n\n<p>En esta edici\u00f3n han participado un total de cuatro obras de una veintena de solicitudes que se presentaron para acudir a esta cita en la Ciudad de Coria.<\/p>\n\n\n\n<p>Las obras representadas durante el mes de octubre han sido: Ninette y un Se\u00f1or de Murcia, Autopsia de la Felicidad, Historias que no suceden y La Celestina 1905.<\/p>\n\n\n\n<p>Al acto de clausura asistir\u00e1 la Alcaldesa de Coria, Almudena Domingo acompa\u00f1ada de la concejal de Cultura, Patricia Alfonso.<\/p>\n\n\n\n<p>Al finalizar el acto se representar\u00e1 la obra \u201cCamino del para\u00edso\u201d de Teatro Guirigai.<\/p>\n","protected":false},"excerpt":{"rendered":"<p>La ciudad de Coria se prepara para la celebraci\u00f3n de la clausura del XIX Certamen de Teatro No Profesional \u201cCiudad de Coria\u201d que tendr\u00e1 lugar este viernes d\u00eda 8 de noviembre a las 20:30h en la casa de cultura. En evento servir\u00e1 para hacer la entrega de premios a los ganadores a la Mejor Direcci\u00f3n, [&hellip;]<\/p>\n","protected":false},"author":2,"featured_media":63172,"comment_status":"closed","ping_status":"closed","sticky":false,"template":"","format":"standard","meta":{"_uag_custom_page_level_css":"","footnotes":""},"categories":[2],"tags":[1221],"class_list":["post-63171","post","type-post","status-publish","format-standard","has-post-thumbnail","hentry","category-noticias","tag-teatro"],"yoast_head":"<!-- This site is optimized with the Yoast SEO plugin v27.5 - https:\/\/yoast.com\/product\/yoast-seo-wordpress\/ -->\n<title>Clausura del XIX Certamen de Teatro No Profesional \u201cCiudad de Coria\u201d - Ayuntamiento de Coria<\/title>\n<meta name=\"description\" content=\"La ciudad de Coria se prepara para la celebraci\u00f3n de la clausura del XIX Certamen de Teatro No Profesional \u201cCiudad de Coria\u201d que tendr\u00e1 lugar este viernes d\u00eda 8 de noviembre a las 20:30h en la casa de cultura.\" \/>\n<meta name=\"robots\" content=\"index, follow, max-snippet:-1, max-image-preview:large, max-video-preview:-1\" \/>\n<link rel=\"canonical\" href=\"https:\/\/coria.org\/ayuntamiento\/index.php\/2024\/11\/07\/clausura-del-xix-certamen-de-teatro-no-profesional-ciudad-de-coria\/\" \/>\n<meta property=\"og:locale\" content=\"es_ES\" \/>\n<meta property=\"og:type\" content=\"article\" \/>\n<meta property=\"og:title\" content=\"Clausura del XIX Certamen de Teatro No Profesional \u201cCiudad de Coria\u201d\" \/>\n<meta property=\"og:description\" content=\"La ciudad de Coria se prepara para la celebraci\u00f3n de la clausura del XIX Certamen de Teatro No Profesional \u201cCiudad de Coria\u201d que tendr\u00e1 lugar este viernes d\u00eda 8 de noviembre a las 20:30h en la casa de cultura.\" \/>\n<meta property=\"og:url\" content=\"https:\/\/coria.org\/ayuntamiento\/index.php\/2024\/11\/07\/clausura-del-xix-certamen-de-teatro-no-profesional-ciudad-de-coria\/\" \/>\n<meta property=\"og:site_name\" content=\"Ayuntamiento de Coria\" \/>\n<meta property=\"article:publisher\" content=\"https:\/\/www.facebook.com\/Ayuntamiento.de.Coria\" \/>\n<meta property=\"article:published_time\" content=\"2024-11-07T12:28:32+00:00\" \/>\n<meta property=\"article:modified_time\" content=\"2025-09-11T12:15:57+00:00\" \/>\n<meta property=\"og:image\" content=\"https:\/\/coria.org\/ayuntamiento\/wp-content\/uploads\/2024\/11\/clausura-teatro-2024.webp\" \/>\n\t<meta property=\"og:image:width\" content=\"1131\" \/>\n\t<meta property=\"og:image:height\" content=\"1600\" \/>\n\t<meta property=\"og:image:type\" content=\"image\/webp\" \/>\n<meta name=\"author\" content=\"ayuntamiento\" \/>\n<meta name=\"twitter:card\" content=\"summary_large_image\" \/>\n<meta name=\"twitter:creator\" content=\"@Ayto_de_Coria\" \/>\n<meta name=\"twitter:site\" content=\"@Ayto_de_Coria\" \/>\n<meta name=\"twitter:label1\" content=\"Escrito por\" \/>\n\t<meta name=\"twitter:data1\" content=\"ayuntamiento\" \/>\n\t<meta name=\"twitter:label2\" content=\"Tiempo de lectura\" \/>\n\t<meta name=\"twitter:data2\" content=\"2 minutos\" \/>\n<script type=\"application\/ld+json\" class=\"yoast-schema-graph\">{\"@context\":\"https:\\\/\\\/schema.org\",\"@graph\":[{\"@type\":\"Article\",\"@id\":\"https:\\\/\\\/coria.org\\\/ayuntamiento\\\/index.php\\\/2024\\\/11\\\/07\\\/clausura-del-xix-certamen-de-teatro-no-profesional-ciudad-de-coria\\\/#article\",\"isPartOf\":{\"@id\":\"https:\\\/\\\/coria.org\\\/ayuntamiento\\\/index.php\\\/2024\\\/11\\\/07\\\/clausura-del-xix-certamen-de-teatro-no-profesional-ciudad-de-coria\\\/\"},\"author\":{\"name\":\"ayuntamiento\",\"@id\":\"https:\\\/\\\/coria.org\\\/ayuntamiento\\\/#\\\/schema\\\/person\\\/8bd589f0e13e8ae5aa06def7a599d622\"},\"headline\":\"Clausura del XIX Certamen de Teatro No Profesional \u201cCiudad de Coria\u201d\",\"datePublished\":\"2024-11-07T12:28:32+00:00\",\"dateModified\":\"2025-09-11T12:15:57+00:00\",\"mainEntityOfPage\":{\"@id\":\"https:\\\/\\\/coria.org\\\/ayuntamiento\\\/index.php\\\/2024\\\/11\\\/07\\\/clausura-del-xix-certamen-de-teatro-no-profesional-ciudad-de-coria\\\/\"},\"wordCount\":179,\"publisher\":{\"@id\":\"https:\\\/\\\/coria.org\\\/ayuntamiento\\\/#organization\"},\"image\":{\"@id\":\"https:\\\/\\\/coria.org\\\/ayuntamiento\\\/index.php\\\/2024\\\/11\\\/07\\\/clausura-del-xix-certamen-de-teatro-no-profesional-ciudad-de-coria\\\/#primaryimage\"},\"thumbnailUrl\":\"https:\\\/\\\/coria.org\\\/ayuntamiento\\\/wp-content\\\/uploads\\\/2024\\\/11\\\/clausura-teatro-2024.webp\",\"keywords\":[\"teatro\"],\"articleSection\":[\"Noticias\"],\"inLanguage\":\"es\"},{\"@type\":\"WebPage\",\"@id\":\"https:\\\/\\\/coria.org\\\/ayuntamiento\\\/index.php\\\/2024\\\/11\\\/07\\\/clausura-del-xix-certamen-de-teatro-no-profesional-ciudad-de-coria\\\/\",\"url\":\"https:\\\/\\\/coria.org\\\/ayuntamiento\\\/index.php\\\/2024\\\/11\\\/07\\\/clausura-del-xix-certamen-de-teatro-no-profesional-ciudad-de-coria\\\/\",\"name\":\"Clausura del XIX Certamen de Teatro No Profesional \u201cCiudad de Coria\u201d - Ayuntamiento de Coria\",\"isPartOf\":{\"@id\":\"https:\\\/\\\/coria.org\\\/ayuntamiento\\\/#website\"},\"primaryImageOfPage\":{\"@id\":\"https:\\\/\\\/coria.org\\\/ayuntamiento\\\/index.php\\\/2024\\\/11\\\/07\\\/clausura-del-xix-certamen-de-teatro-no-profesional-ciudad-de-coria\\\/#primaryimage\"},\"image\":{\"@id\":\"https:\\\/\\\/coria.org\\\/ayuntamiento\\\/index.php\\\/2024\\\/11\\\/07\\\/clausura-del-xix-certamen-de-teatro-no-profesional-ciudad-de-coria\\\/#primaryimage\"},\"thumbnailUrl\":\"https:\\\/\\\/coria.org\\\/ayuntamiento\\\/wp-content\\\/uploads\\\/2024\\\/11\\\/clausura-teatro-2024.webp\",\"datePublished\":\"2024-11-07T12:28:32+00:00\",\"dateModified\":\"2025-09-11T12:15:57+00:00\",\"description\":\"La ciudad de Coria se prepara para la celebraci\u00f3n de la clausura del XIX Certamen de Teatro No Profesional \u201cCiudad de Coria\u201d que tendr\u00e1 lugar este viernes d\u00eda 8 de noviembre a las 20:30h en la casa de cultura.\",\"breadcrumb\":{\"@id\":\"https:\\\/\\\/coria.org\\\/ayuntamiento\\\/index.php\\\/2024\\\/11\\\/07\\\/clausura-del-xix-certamen-de-teatro-no-profesional-ciudad-de-coria\\\/#breadcrumb\"},\"inLanguage\":\"es\",\"potentialAction\":[{\"@type\":\"ReadAction\",\"target\":[\"https:\\\/\\\/coria.org\\\/ayuntamiento\\\/index.php\\\/2024\\\/11\\\/07\\\/clausura-del-xix-certamen-de-teatro-no-profesional-ciudad-de-coria\\\/\"]}]},{\"@type\":\"ImageObject\",\"inLanguage\":\"es\",\"@id\":\"https:\\\/\\\/coria.org\\\/ayuntamiento\\\/index.php\\\/2024\\\/11\\\/07\\\/clausura-del-xix-certamen-de-teatro-no-profesional-ciudad-de-coria\\\/#primaryimage\",\"url\":\"https:\\\/\\\/coria.org\\\/ayuntamiento\\\/wp-content\\\/uploads\\\/2024\\\/11\\\/clausura-teatro-2024.webp\",\"contentUrl\":\"https:\\\/\\\/coria.org\\\/ayuntamiento\\\/wp-content\\\/uploads\\\/2024\\\/11\\\/clausura-teatro-2024.webp\",\"width\":1131,\"height\":1600},{\"@type\":\"BreadcrumbList\",\"@id\":\"https:\\\/\\\/coria.org\\\/ayuntamiento\\\/index.php\\\/2024\\\/11\\\/07\\\/clausura-del-xix-certamen-de-teatro-no-profesional-ciudad-de-coria\\\/#breadcrumb\",\"itemListElement\":[{\"@type\":\"ListItem\",\"position\":1,\"name\":\"Inicio\",\"item\":\"https:\\\/\\\/coria.org\\\/ayuntamiento\\\/\"},{\"@type\":\"ListItem\",\"position\":2,\"name\":\"Clausura del XIX Certamen de Teatro No Profesional \u201cCiudad de Coria\u201d\"}]},{\"@type\":\"WebSite\",\"@id\":\"https:\\\/\\\/coria.org\\\/ayuntamiento\\\/#website\",\"url\":\"https:\\\/\\\/coria.org\\\/ayuntamiento\\\/\",\"name\":\"Ayuntamiento de Coria\",\"description\":\"Web oficial del Ayuntamiento de Coria\",\"publisher\":{\"@id\":\"https:\\\/\\\/coria.org\\\/ayuntamiento\\\/#organization\"},\"alternateName\":\"Web Oficial del Ayuntamiento de Coria\",\"potentialAction\":[{\"@type\":\"SearchAction\",\"target\":{\"@type\":\"EntryPoint\",\"urlTemplate\":\"https:\\\/\\\/coria.org\\\/ayuntamiento\\\/?s={search_term_string}\"},\"query-input\":{\"@type\":\"PropertyValueSpecification\",\"valueRequired\":true,\"valueName\":\"search_term_string\"}}],\"inLanguage\":\"es\"},{\"@type\":\"Organization\",\"@id\":\"https:\\\/\\\/coria.org\\\/ayuntamiento\\\/#organization\",\"name\":\"Ayuntamiento de Coria\",\"alternateName\":\"Ayto de Coria\",\"url\":\"https:\\\/\\\/coria.org\\\/ayuntamiento\\\/\",\"logo\":{\"@type\":\"ImageObject\",\"inLanguage\":\"es\",\"@id\":\"https:\\\/\\\/coria.org\\\/ayuntamiento\\\/#\\\/schema\\\/logo\\\/image\\\/\",\"url\":\"https:\\\/\\\/coria.org\\\/ayuntamiento\\\/wp-content\\\/uploads\\\/2020\\\/12\\\/escudo-ayuntamiento-coria.png\",\"contentUrl\":\"https:\\\/\\\/coria.org\\\/ayuntamiento\\\/wp-content\\\/uploads\\\/2020\\\/12\\\/escudo-ayuntamiento-coria.png\",\"width\":511,\"height\":240,\"caption\":\"Ayuntamiento de Coria\"},\"image\":{\"@id\":\"https:\\\/\\\/coria.org\\\/ayuntamiento\\\/#\\\/schema\\\/logo\\\/image\\\/\"},\"sameAs\":[\"https:\\\/\\\/www.facebook.com\\\/Ayuntamiento.de.Coria\",\"https:\\\/\\\/x.com\\\/Ayto_de_Coria\",\"https:\\\/\\\/www.instagram.com\\\/coria.ayuntamiento\\\/\",\"https:\\\/\\\/www.youtube.com\\\/user\\\/AYUNTAMIENTOCORIA\"]},{\"@type\":\"Person\",\"@id\":\"https:\\\/\\\/coria.org\\\/ayuntamiento\\\/#\\\/schema\\\/person\\\/8bd589f0e13e8ae5aa06def7a599d622\",\"name\":\"ayuntamiento\",\"image\":{\"@type\":\"ImageObject\",\"inLanguage\":\"es\",\"@id\":\"https:\\\/\\\/secure.gravatar.com\\\/avatar\\\/966e5ed73cad334adda5c87f49f2547f7082f7292c1b627cbb548744383b391c?s=96&d=mm&r=g\",\"url\":\"https:\\\/\\\/secure.gravatar.com\\\/avatar\\\/966e5ed73cad334adda5c87f49f2547f7082f7292c1b627cbb548744383b391c?s=96&d=mm&r=g\",\"contentUrl\":\"https:\\\/\\\/secure.gravatar.com\\\/avatar\\\/966e5ed73cad334adda5c87f49f2547f7082f7292c1b627cbb548744383b391c?s=96&d=mm&r=g\",\"caption\":\"ayuntamiento\"}}]}<\/script>\n<!-- \/ Yoast SEO plugin. -->","yoast_head_json":{"title":"Clausura del XIX Certamen de Teatro No Profesional \u201cCiudad de Coria\u201d - Ayuntamiento de Coria","description":"La ciudad de Coria se prepara para la celebraci\u00f3n de la clausura del XIX Certamen de Teatro No Profesional \u201cCiudad de Coria\u201d que tendr\u00e1 lugar este viernes d\u00eda 8 de noviembre a las 20:30h en la casa de cultura.","robots":{"index":"index","follow":"follow","max-snippet":"max-snippet:-1","max-image-preview":"max-image-preview:large","max-video-preview":"max-video-preview:-1"},"canonical":"https:\/\/coria.org\/ayuntamiento\/index.php\/2024\/11\/07\/clausura-del-xix-certamen-de-teatro-no-profesional-ciudad-de-coria\/","og_locale":"es_ES","og_type":"article","og_title":"Clausura del XIX Certamen de Teatro No Profesional \u201cCiudad de Coria\u201d","og_description":"La ciudad de Coria se prepara para la celebraci\u00f3n de la clausura del XIX Certamen de Teatro No Profesional \u201cCiudad de Coria\u201d que tendr\u00e1 lugar este viernes d\u00eda 8 de noviembre a las 20:30h en la casa de cultura.","og_url":"https:\/\/coria.org\/ayuntamiento\/index.php\/2024\/11\/07\/clausura-del-xix-certamen-de-teatro-no-profesional-ciudad-de-coria\/","og_site_name":"Ayuntamiento de Coria","article_publisher":"https:\/\/www.facebook.com\/Ayuntamiento.de.Coria","article_published_time":"2024-11-07T12:28:32+00:00","article_modified_time":"2025-09-11T12:15:57+00:00","og_image":[{"width":1131,"height":1600,"url":"https:\/\/coria.org\/ayuntamiento\/wp-content\/uploads\/2024\/11\/clausura-teatro-2024.webp","type":"image\/webp"}],"author":"ayuntamiento","twitter_card":"summary_large_image","twitter_creator":"@Ayto_de_Coria","twitter_site":"@Ayto_de_Coria","twitter_misc":{"Escrito por":"ayuntamiento","Tiempo de lectura":"2 minutos"},"schema":{"@context":"https:\/\/schema.org","@graph":[{"@type":"Article","@id":"https:\/\/coria.org\/ayuntamiento\/index.php\/2024\/11\/07\/clausura-del-xix-certamen-de-teatro-no-profesional-ciudad-de-coria\/#article","isPartOf":{"@id":"https:\/\/coria.org\/ayuntamiento\/index.php\/2024\/11\/07\/clausura-del-xix-certamen-de-teatro-no-profesional-ciudad-de-coria\/"},"author":{"name":"ayuntamiento","@id":"https:\/\/coria.org\/ayuntamiento\/#\/schema\/person\/8bd589f0e13e8ae5aa06def7a599d622"},"headline":"Clausura del XIX Certamen de Teatro No Profesional \u201cCiudad de Coria\u201d","datePublished":"2024-11-07T12:28:32+00:00","dateModified":"2025-09-11T12:15:57+00:00","mainEntityOfPage":{"@id":"https:\/\/coria.org\/ayuntamiento\/index.php\/2024\/11\/07\/clausura-del-xix-certamen-de-teatro-no-profesional-ciudad-de-coria\/"},"wordCount":179,"publisher":{"@id":"https:\/\/coria.org\/ayuntamiento\/#organization"},"image":{"@id":"https:\/\/coria.org\/ayuntamiento\/index.php\/2024\/11\/07\/clausura-del-xix-certamen-de-teatro-no-profesional-ciudad-de-coria\/#primaryimage"},"thumbnailUrl":"https:\/\/coria.org\/ayuntamiento\/wp-content\/uploads\/2024\/11\/clausura-teatro-2024.webp","keywords":["teatro"],"articleSection":["Noticias"],"inLanguage":"es"},{"@type":"WebPage","@id":"https:\/\/coria.org\/ayuntamiento\/index.php\/2024\/11\/07\/clausura-del-xix-certamen-de-teatro-no-profesional-ciudad-de-coria\/","url":"https:\/\/coria.org\/ayuntamiento\/index.php\/2024\/11\/07\/clausura-del-xix-certamen-de-teatro-no-profesional-ciudad-de-coria\/","name":"Clausura del XIX Certamen de Teatro No Profesional \u201cCiudad de Coria\u201d - Ayuntamiento de Coria","isPartOf":{"@id":"https:\/\/coria.org\/ayuntamiento\/#website"},"primaryImageOfPage":{"@id":"https:\/\/coria.org\/ayuntamiento\/index.php\/2024\/11\/07\/clausura-del-xix-certamen-de-teatro-no-profesional-ciudad-de-coria\/#primaryimage"},"image":{"@id":"https:\/\/coria.org\/ayuntamiento\/index.php\/2024\/11\/07\/clausura-del-xix-certamen-de-teatro-no-profesional-ciudad-de-coria\/#primaryimage"},"thumbnailUrl":"https:\/\/coria.org\/ayuntamiento\/wp-content\/uploads\/2024\/11\/clausura-teatro-2024.webp","datePublished":"2024-11-07T12:28:32+00:00","dateModified":"2025-09-11T12:15:57+00:00","description":"La ciudad de Coria se prepara para la celebraci\u00f3n de la clausura del XIX Certamen de Teatro No Profesional \u201cCiudad de Coria\u201d que tendr\u00e1 lugar este viernes d\u00eda 8 de noviembre a las 20:30h en la casa de cultura.","breadcrumb":{"@id":"https:\/\/coria.org\/ayuntamiento\/index.php\/2024\/11\/07\/clausura-del-xix-certamen-de-teatro-no-profesional-ciudad-de-coria\/#breadcrumb"},"inLanguage":"es","potentialAction":[{"@type":"ReadAction","target":["https:\/\/coria.org\/ayuntamiento\/index.php\/2024\/11\/07\/clausura-del-xix-certamen-de-teatro-no-profesional-ciudad-de-coria\/"]}]},{"@type":"ImageObject","inLanguage":"es","@id":"https:\/\/coria.org\/ayuntamiento\/index.php\/2024\/11\/07\/clausura-del-xix-certamen-de-teatro-no-profesional-ciudad-de-coria\/#primaryimage","url":"https:\/\/coria.org\/ayuntamiento\/wp-content\/uploads\/2024\/11\/clausura-teatro-2024.webp","contentUrl":"https:\/\/coria.org\/ayuntamiento\/wp-content\/uploads\/2024\/11\/clausura-teatro-2024.webp","width":1131,"height":1600},{"@type":"BreadcrumbList","@id":"https:\/\/coria.org\/ayuntamiento\/index.php\/2024\/11\/07\/clausura-del-xix-certamen-de-teatro-no-profesional-ciudad-de-coria\/#breadcrumb","itemListElement":[{"@type":"ListItem","position":1,"name":"Inicio","item":"https:\/\/coria.org\/ayuntamiento\/"},{"@type":"ListItem","position":2,"name":"Clausura del XIX Certamen de Teatro No Profesional \u201cCiudad de Coria\u201d"}]},{"@type":"WebSite","@id":"https:\/\/coria.org\/ayuntamiento\/#website","url":"https:\/\/coria.org\/ayuntamiento\/","name":"Ayuntamiento de Coria","description":"Web oficial del Ayuntamiento de Coria","publisher":{"@id":"https:\/\/coria.org\/ayuntamiento\/#organization"},"alternateName":"Web Oficial del Ayuntamiento de Coria","potentialAction":[{"@type":"SearchAction","target":{"@type":"EntryPoint","urlTemplate":"https:\/\/coria.org\/ayuntamiento\/?s={search_term_string}"},"query-input":{"@type":"PropertyValueSpecification","valueRequired":true,"valueName":"search_term_string"}}],"inLanguage":"es"},{"@type":"Organization","@id":"https:\/\/coria.org\/ayuntamiento\/#organization","name":"Ayuntamiento de Coria","alternateName":"Ayto de Coria","url":"https:\/\/coria.org\/ayuntamiento\/","logo":{"@type":"ImageObject","inLanguage":"es","@id":"https:\/\/coria.org\/ayuntamiento\/#\/schema\/logo\/image\/","url":"https:\/\/coria.org\/ayuntamiento\/wp-content\/uploads\/2020\/12\/escudo-ayuntamiento-coria.png","contentUrl":"https:\/\/coria.org\/ayuntamiento\/wp-content\/uploads\/2020\/12\/escudo-ayuntamiento-coria.png","width":511,"height":240,"caption":"Ayuntamiento de Coria"},"image":{"@id":"https:\/\/coria.org\/ayuntamiento\/#\/schema\/logo\/image\/"},"sameAs":["https:\/\/www.facebook.com\/Ayuntamiento.de.Coria","https:\/\/x.com\/Ayto_de_Coria","https:\/\/www.instagram.com\/coria.ayuntamiento\/","https:\/\/www.youtube.com\/user\/AYUNTAMIENTOCORIA"]},{"@type":"Person","@id":"https:\/\/coria.org\/ayuntamiento\/#\/schema\/person\/8bd589f0e13e8ae5aa06def7a599d622","name":"ayuntamiento","image":{"@type":"ImageObject","inLanguage":"es","@id":"https:\/\/secure.gravatar.com\/avatar\/966e5ed73cad334adda5c87f49f2547f7082f7292c1b627cbb548744383b391c?s=96&d=mm&r=g","url":"https:\/\/secure.gravatar.com\/avatar\/966e5ed73cad334adda5c87f49f2547f7082f7292c1b627cbb548744383b391c?s=96&d=mm&r=g","contentUrl":"https:\/\/secure.gravatar.com\/avatar\/966e5ed73cad334adda5c87f49f2547f7082f7292c1b627cbb548744383b391c?s=96&d=mm&r=g","caption":"ayuntamiento"}}]}},"uagb_featured_image_src":{"full":["https:\/\/coria.org\/ayuntamiento\/wp-content\/uploads\/2024\/11\/clausura-teatro-2024.webp",1131,1600,false],"thumbnail":["https:\/\/coria.org\/ayuntamiento\/wp-content\/uploads\/2024\/11\/clausura-teatro-2024-150x150.webp",150,150,true],"medium":["https:\/\/coria.org\/ayuntamiento\/wp-content\/uploads\/2024\/11\/clausura-teatro-2024.webp",1131,1600,false],"medium_large":["https:\/\/coria.org\/ayuntamiento\/wp-content\/uploads\/2024\/11\/clausura-teatro-2024-768x1086.webp",768,1086,true],"large":["https:\/\/coria.org\/ayuntamiento\/wp-content\/uploads\/2024\/11\/clausura-teatro-2024.webp",1131,1600,false],"thumblist":["https:\/\/coria.org\/ayuntamiento\/wp-content\/uploads\/2024\/11\/clausura-teatro-2024-300x300.webp",300,300,true],"thumbrelated":["https:\/\/coria.org\/ayuntamiento\/wp-content\/uploads\/2024\/11\/clausura-teatro-2024-500x500.webp",500,500,true],"meccarouselthumb":["https:\/\/coria.org\/ayuntamiento\/wp-content\/uploads\/2024\/11\/clausura-teatro-2024-474x324.webp",474,324,true],"gridsquare":["https:\/\/coria.org\/ayuntamiento\/wp-content\/uploads\/2024\/11\/clausura-teatro-2024-391x260.webp",391,260,true],"tileview":["https:\/\/coria.org\/ayuntamiento\/wp-content\/uploads\/2024\/11\/clausura-teatro-2024-300x400.webp",300,400,true],"1536x1536":["https:\/\/coria.org\/ayuntamiento\/wp-content\/uploads\/2024\/11\/clausura-teatro-2024-1086x1536.webp",1086,1536,true],"2048x2048":["https:\/\/coria.org\/ayuntamiento\/wp-content\/uploads\/2024\/11\/clausura-teatro-2024.webp",1131,1600,false]},"uagb_author_info":{"display_name":"ayuntamiento","author_link":"https:\/\/coria.org\/ayuntamiento\/index.php\/author\/ayuntamiento\/"},"uagb_comment_info":0,"uagb_excerpt":"La ciudad de Coria se prepara para la celebraci\u00f3n de la clausura del XIX Certamen de Teatro No Profesional \u201cCiudad de Coria\u201d que tendr\u00e1 lugar este viernes d\u00eda 8 de noviembre a las 20:30h en la casa de cultura. En evento servir\u00e1 para hacer la entrega de premios a los ganadores a la Mejor Direcci\u00f3n,&hellip;","_links":{"self":[{"href":"https:\/\/coria.org\/ayuntamiento\/index.php\/wp-json\/wp\/v2\/posts\/63171","targetHints":{"allow":["GET"]}}],"collection":[{"href":"https:\/\/coria.org\/ayuntamiento\/index.php\/wp-json\/wp\/v2\/posts"}],"about":[{"href":"https:\/\/coria.org\/ayuntamiento\/index.php\/wp-json\/wp\/v2\/types\/post"}],"author":[{"embeddable":true,"href":"https:\/\/coria.org\/ayuntamiento\/index.php\/wp-json\/wp\/v2\/users\/2"}],"replies":[{"embeddable":true,"href":"https:\/\/coria.org\/ayuntamiento\/index.php\/wp-json\/wp\/v2\/comments?post=63171"}],"version-history":[{"count":0,"href":"https:\/\/coria.org\/ayuntamiento\/index.php\/wp-json\/wp\/v2\/posts\/63171\/revisions"}],"wp:featuredmedia":[{"embeddable":true,"href":"https:\/\/coria.org\/ayuntamiento\/index.php\/wp-json\/wp\/v2\/media\/63172"}],"wp:attachment":[{"href":"https:\/\/coria.org\/ayuntamiento\/index.php\/wp-json\/wp\/v2\/media?parent=63171"}],"wp:term":[{"taxonomy":"category","embeddable":true,"href":"https:\/\/coria.org\/ayuntamiento\/index.php\/wp-json\/wp\/v2\/categories?post=63171"},{"taxonomy":"post_tag","embeddable":true,"href":"https:\/\/coria.org\/ayuntamiento\/index.php\/wp-json\/wp\/v2\/tags?post=63171"}],"curies":[{"name":"wp","href":"https:\/\/api.w.org\/{rel}","templated":true}]}}