{"id":62844,"date":"2024-10-16T12:00:00","date_gmt":"2024-10-16T10:00:00","guid":{"rendered":"https:\/\/coria.org\/ayuntamiento\/?p=62844"},"modified":"2025-09-11T14:15:59","modified_gmt":"2025-09-11T12:15:59","slug":"coria-acogera-las-i-olimpiadas-escolares-para-la-promocion-de-la-actividad-fisico-deportiva","status":"publish","type":"post","link":"https:\/\/coria.org\/ayuntamiento\/index.php\/2024\/10\/16\/coria-acogera-las-i-olimpiadas-escolares-para-la-promocion-de-la-actividad-fisico-deportiva\/","title":{"rendered":"Coria acoger\u00e1 las I Olimpiadas Escolares para la promoci\u00f3n de la actividad f\u00edsico-deportiva"},"content":{"rendered":"\n<p>El Ayuntamiento de Coria, a trav\u00e9s de la Concejal\u00eda de deportes y, junto con la Agrupaci\u00f3n Deportiva Escolar \u201cValle del Alag\u00f3n\u201d, informa sobre el evento deportivo que se tiene previsto organizar entre los diversos Centros Educativos de Coria (I.E.S. Alag\u00f3n, I.E.S. Caurium, C.E.I.P. Camilo Hern\u00e1ndez, C.E.I.P. Virgen de Argeme, C.E.I.P. Zurbar\u00e1n, Sagrado Coraz\u00f3n), Puebla de Argeme (C.E.I.P. La Acequia), Rinc\u00f3n del Obispo (C.E.I.P. San Jos\u00e9 Obrero) e I.E.S. Galisteo.<\/p>\n\n\n\n<figure data-wp-context=\"{&quot;imageId&quot;:&quot;69ec4dee5f9dd&quot;}\" data-wp-interactive=\"core\/image\" data-wp-key=\"69ec4dee5f9dd\" class=\"wp-block-image alignleft size-full is-resized wp-lightbox-container\"><img loading=\"lazy\" decoding=\"async\" width=\"1357\" height=\"1920\" data-wp-class--hide=\"state.isContentHidden\" data-wp-class--show=\"state.isContentVisible\" data-wp-init=\"callbacks.setButtonStyles\" data-wp-on--click=\"actions.showLightbox\" data-wp-on--load=\"callbacks.setButtonStyles\" data-wp-on-window--resize=\"callbacks.setButtonStyles\" src=\"https:\/\/coria.org\/ayuntamiento\/wp-content\/uploads\/2024\/10\/olimpiadas-coria-24.webp\" alt=\"\" class=\"wp-image-62845\" style=\"width:320px;height:auto\" srcset=\"https:\/\/coria.org\/ayuntamiento\/wp-content\/uploads\/2024\/10\/olimpiadas-coria-24.webp 1357w, https:\/\/coria.org\/ayuntamiento\/wp-content\/uploads\/2024\/10\/olimpiadas-coria-24-768x1087.webp 768w, https:\/\/coria.org\/ayuntamiento\/wp-content\/uploads\/2024\/10\/olimpiadas-coria-24-1086x1536.webp 1086w\" sizes=\"auto, (max-width: 1357px) 100vw, 1357px\" \/><button\n\t\t\tclass=\"lightbox-trigger\"\n\t\t\ttype=\"button\"\n\t\t\taria-haspopup=\"dialog\"\n\t\t\taria-label=\"Agrandar\"\n\t\t\tdata-wp-init=\"callbacks.initTriggerButton\"\n\t\t\tdata-wp-on--click=\"actions.showLightbox\"\n\t\t\tdata-wp-style--right=\"state.imageButtonRight\"\n\t\t\tdata-wp-style--top=\"state.imageButtonTop\"\n\t\t>\n\t\t\t<svg xmlns=\"http:\/\/www.w3.org\/2000\/svg\" width=\"12\" height=\"12\" fill=\"none\" viewBox=\"0 0 12 12\">\n\t\t\t\t<path fill=\"#fff\" d=\"M2 0a2 2 0 0 0-2 2v2h1.5V2a.5.5 0 0 1 .5-.5h2V0H2Zm2 10.5H2a.5.5 0 0 1-.5-.5V8H0v2a2 2 0 0 0 2 2h2v-1.5ZM8 12v-1.5h2a.5.5 0 0 0 .5-.5V8H12v2a2 2 0 0 1-2 2H8Zm2-12a2 2 0 0 1 2 2v2h-1.5V2a.5.5 0 0 0-.5-.5H8V0h2Z\" \/>\n\t\t\t<\/svg>\n\t\t<\/button><\/figure>\n\n\n\n<p>Se trata de la Primera Edici\u00f3n de las Olimpiadas Escolares que se llevar\u00e1 a cabo en la localidad cauriense el pr\u00f3ximo mi\u00e9rcoles 30 de octubre a partir de las 10:00 horas en el Polideportivo Municipal, y donde participar\u00e1n 280 ni\u00f1@s.<\/p>\n\n\n\n<p>Este evento tiene como finalidad la promoci\u00f3n de la actividad f\u00edsico-deportiva entre el alumnado de los diversos Centros Educativos, practicando diversas modalidades deportivas como son: atletismo, baloncesto, beisbol, colpbol, hockey, f\u00fatbol, tenis, p\u00e1del, y voleibol, adem\u00e1s de juegos populares.<\/p>\n\n\n\n<p>Una actividad que se desarrollar\u00e1 gracias a la colaboraci\u00f3n de las entidades: CPR de Coria, Club de Tenis Cauria, Picky Padel, Club Baloncesto Ciudad de Coria, Club Deportivo Coria y Fitness Cauria.<\/p>\n","protected":false},"excerpt":{"rendered":"<p>El Ayuntamiento de Coria, a trav\u00e9s de la Concejal\u00eda de deportes y, junto con la Agrupaci\u00f3n Deportiva Escolar \u201cValle del Alag\u00f3n\u201d, informa sobre el evento deportivo que se tiene previsto organizar entre los diversos Centros Educativos de Coria (I.E.S. Alag\u00f3n, I.E.S. Caurium, C.E.I.P. Camilo Hern\u00e1ndez, C.E.I.P. Virgen de Argeme, C.E.I.P. Zurbar\u00e1n, Sagrado Coraz\u00f3n), Puebla de [&hellip;]<\/p>\n","protected":false},"author":2,"featured_media":62845,"comment_status":"closed","ping_status":"closed","sticky":false,"template":"","format":"standard","meta":{"_uag_custom_page_level_css":"","footnotes":""},"categories":[2],"tags":[403],"class_list":["post-62844","post","type-post","status-publish","format-standard","has-post-thumbnail","hentry","category-noticias","tag-deporte"],"yoast_head":"<!-- This site is optimized with the Yoast SEO plugin v27.4 - https:\/\/yoast.com\/product\/yoast-seo-wordpress\/ -->\n<title>Coria acoger\u00e1 las I Olimpiadas Escolares para la promoci\u00f3n de la actividad f\u00edsico-deportiva - Ayuntamiento de Coria<\/title>\n<meta name=\"description\" content=\"El Ayuntamiento de Coria, a trav\u00e9s de la Concejal\u00eda de deportes y, junto con la Agrupaci\u00f3n Deportiva Escolar \u201cValle del Alag\u00f3n\u201d, informa sobre el evento deportivo que se tiene previsto organizar entre los diversos Centros Educativos de Coria (I.E.S. Alag\u00f3n, I.E.S. Caurium, C.E.I.P. Camilo Hern\u00e1ndez, C.E.I.P. Virgen de Argeme, C.E.I.P. Zurbar\u00e1n, Sagrado Coraz\u00f3n), Puebla de Argeme (C.E.I.P. La Acequia), Rinc\u00f3n del Obispo (C.E.I.P. San Jos\u00e9 Obrero) e I.E.S. Galisteo.\" \/>\n<meta name=\"robots\" content=\"index, follow, max-snippet:-1, max-image-preview:large, max-video-preview:-1\" \/>\n<link rel=\"canonical\" href=\"https:\/\/coria.org\/ayuntamiento\/index.php\/2024\/10\/16\/coria-acogera-las-i-olimpiadas-escolares-para-la-promocion-de-la-actividad-fisico-deportiva\/\" \/>\n<meta property=\"og:locale\" content=\"es_ES\" \/>\n<meta property=\"og:type\" content=\"article\" \/>\n<meta property=\"og:title\" content=\"Coria acoger\u00e1 las I Olimpiadas Escolares para la promoci\u00f3n de la actividad f\u00edsico-deportiva\" \/>\n<meta property=\"og:description\" content=\"El Ayuntamiento de Coria, a trav\u00e9s de la Concejal\u00eda de deportes y, junto con la Agrupaci\u00f3n Deportiva Escolar \u201cValle del Alag\u00f3n\u201d, informa sobre el evento deportivo que se tiene previsto organizar entre los diversos Centros Educativos de Coria (I.E.S. Alag\u00f3n, I.E.S. Caurium, C.E.I.P. Camilo Hern\u00e1ndez, C.E.I.P. Virgen de Argeme, C.E.I.P. Zurbar\u00e1n, Sagrado Coraz\u00f3n), Puebla de Argeme (C.E.I.P. La Acequia), Rinc\u00f3n del Obispo (C.E.I.P. San Jos\u00e9 Obrero) e I.E.S. Galisteo.\" \/>\n<meta property=\"og:url\" content=\"https:\/\/coria.org\/ayuntamiento\/index.php\/2024\/10\/16\/coria-acogera-las-i-olimpiadas-escolares-para-la-promocion-de-la-actividad-fisico-deportiva\/\" \/>\n<meta property=\"og:site_name\" content=\"Ayuntamiento de Coria\" \/>\n<meta property=\"article:publisher\" content=\"https:\/\/www.facebook.com\/Ayuntamiento.de.Coria\" \/>\n<meta property=\"article:published_time\" content=\"2024-10-16T10:00:00+00:00\" \/>\n<meta property=\"article:modified_time\" content=\"2025-09-11T12:15:59+00:00\" \/>\n<meta property=\"og:image\" content=\"https:\/\/coria.org\/ayuntamiento\/wp-content\/uploads\/2024\/10\/olimpiadas-coria-24.webp\" \/>\n\t<meta property=\"og:image:width\" content=\"1357\" \/>\n\t<meta property=\"og:image:height\" content=\"1920\" \/>\n\t<meta property=\"og:image:type\" content=\"image\/webp\" \/>\n<meta name=\"author\" content=\"ayuntamiento\" \/>\n<meta name=\"twitter:card\" content=\"summary_large_image\" \/>\n<meta name=\"twitter:title\" content=\"Coria acoger\u00e1 las I Olimpiadas Escolares para la promoci\u00f3n de la actividad f\u00edsico-deportiva\" \/>\n<meta name=\"twitter:description\" content=\"El Ayuntamiento de Coria, a trav\u00e9s de la Concejal\u00eda de deportes y, junto con la Agrupaci\u00f3n Deportiva Escolar \u201cValle del Alag\u00f3n\u201d, informa sobre el evento deportivo que se tiene previsto organizar entre los diversos Centros Educativos de Coria (I.E.S. Alag\u00f3n, I.E.S. Caurium, C.E.I.P. Camilo Hern\u00e1ndez, C.E.I.P. Virgen de Argeme, C.E.I.P. Zurbar\u00e1n, Sagrado Coraz\u00f3n), Puebla de Argeme (C.E.I.P. La Acequia), Rinc\u00f3n del Obispo (C.E.I.P. San Jos\u00e9 Obrero) e I.E.S. Galisteo.\" \/>\n<meta name=\"twitter:image\" content=\"https:\/\/coria.org\/ayuntamiento\/wp-content\/uploads\/2024\/10\/olimpiadas-coria-24.webp\" \/>\n<meta name=\"twitter:creator\" content=\"@Ayto_de_Coria\" \/>\n<meta name=\"twitter:site\" content=\"@Ayto_de_Coria\" \/>\n<meta name=\"twitter:label1\" content=\"Escrito por\" \/>\n\t<meta name=\"twitter:data1\" content=\"ayuntamiento\" \/>\n\t<meta name=\"twitter:label2\" content=\"Tiempo de lectura\" \/>\n\t<meta name=\"twitter:data2\" content=\"2 minutos\" \/>\n<script type=\"application\/ld+json\" class=\"yoast-schema-graph\">{\"@context\":\"https:\\\/\\\/schema.org\",\"@graph\":[{\"@type\":\"Article\",\"@id\":\"https:\\\/\\\/coria.org\\\/ayuntamiento\\\/index.php\\\/2024\\\/10\\\/16\\\/coria-acogera-las-i-olimpiadas-escolares-para-la-promocion-de-la-actividad-fisico-deportiva\\\/#article\",\"isPartOf\":{\"@id\":\"https:\\\/\\\/coria.org\\\/ayuntamiento\\\/index.php\\\/2024\\\/10\\\/16\\\/coria-acogera-las-i-olimpiadas-escolares-para-la-promocion-de-la-actividad-fisico-deportiva\\\/\"},\"author\":{\"name\":\"ayuntamiento\",\"@id\":\"https:\\\/\\\/coria.org\\\/ayuntamiento\\\/#\\\/schema\\\/person\\\/8bd589f0e13e8ae5aa06def7a599d622\"},\"headline\":\"Coria acoger\u00e1 las I Olimpiadas Escolares para la promoci\u00f3n de la actividad f\u00edsico-deportiva\",\"datePublished\":\"2024-10-16T10:00:00+00:00\",\"dateModified\":\"2025-09-11T12:15:59+00:00\",\"mainEntityOfPage\":{\"@id\":\"https:\\\/\\\/coria.org\\\/ayuntamiento\\\/index.php\\\/2024\\\/10\\\/16\\\/coria-acogera-las-i-olimpiadas-escolares-para-la-promocion-de-la-actividad-fisico-deportiva\\\/\"},\"wordCount\":233,\"publisher\":{\"@id\":\"https:\\\/\\\/coria.org\\\/ayuntamiento\\\/#organization\"},\"image\":{\"@id\":\"https:\\\/\\\/coria.org\\\/ayuntamiento\\\/index.php\\\/2024\\\/10\\\/16\\\/coria-acogera-las-i-olimpiadas-escolares-para-la-promocion-de-la-actividad-fisico-deportiva\\\/#primaryimage\"},\"thumbnailUrl\":\"https:\\\/\\\/coria.org\\\/ayuntamiento\\\/wp-content\\\/uploads\\\/2024\\\/10\\\/olimpiadas-coria-24.webp\",\"keywords\":[\"deporte\"],\"articleSection\":[\"Noticias\"],\"inLanguage\":\"es\"},{\"@type\":\"WebPage\",\"@id\":\"https:\\\/\\\/coria.org\\\/ayuntamiento\\\/index.php\\\/2024\\\/10\\\/16\\\/coria-acogera-las-i-olimpiadas-escolares-para-la-promocion-de-la-actividad-fisico-deportiva\\\/\",\"url\":\"https:\\\/\\\/coria.org\\\/ayuntamiento\\\/index.php\\\/2024\\\/10\\\/16\\\/coria-acogera-las-i-olimpiadas-escolares-para-la-promocion-de-la-actividad-fisico-deportiva\\\/\",\"name\":\"Coria acoger\u00e1 las I Olimpiadas Escolares para la promoci\u00f3n de la actividad f\u00edsico-deportiva - Ayuntamiento de Coria\",\"isPartOf\":{\"@id\":\"https:\\\/\\\/coria.org\\\/ayuntamiento\\\/#website\"},\"primaryImageOfPage\":{\"@id\":\"https:\\\/\\\/coria.org\\\/ayuntamiento\\\/index.php\\\/2024\\\/10\\\/16\\\/coria-acogera-las-i-olimpiadas-escolares-para-la-promocion-de-la-actividad-fisico-deportiva\\\/#primaryimage\"},\"image\":{\"@id\":\"https:\\\/\\\/coria.org\\\/ayuntamiento\\\/index.php\\\/2024\\\/10\\\/16\\\/coria-acogera-las-i-olimpiadas-escolares-para-la-promocion-de-la-actividad-fisico-deportiva\\\/#primaryimage\"},\"thumbnailUrl\":\"https:\\\/\\\/coria.org\\\/ayuntamiento\\\/wp-content\\\/uploads\\\/2024\\\/10\\\/olimpiadas-coria-24.webp\",\"datePublished\":\"2024-10-16T10:00:00+00:00\",\"dateModified\":\"2025-09-11T12:15:59+00:00\",\"description\":\"El Ayuntamiento de Coria, a trav\u00e9s de la Concejal\u00eda de deportes y, junto con la Agrupaci\u00f3n Deportiva Escolar \u201cValle del Alag\u00f3n\u201d, informa sobre el evento deportivo que se tiene previsto organizar entre los diversos Centros Educativos de Coria (I.E.S. Alag\u00f3n, I.E.S. Caurium, C.E.I.P. Camilo Hern\u00e1ndez, C.E.I.P. Virgen de Argeme, C.E.I.P. Zurbar\u00e1n, Sagrado Coraz\u00f3n), Puebla de Argeme (C.E.I.P. La Acequia), Rinc\u00f3n del Obispo (C.E.I.P. San Jos\u00e9 Obrero) e I.E.S. Galisteo.\",\"breadcrumb\":{\"@id\":\"https:\\\/\\\/coria.org\\\/ayuntamiento\\\/index.php\\\/2024\\\/10\\\/16\\\/coria-acogera-las-i-olimpiadas-escolares-para-la-promocion-de-la-actividad-fisico-deportiva\\\/#breadcrumb\"},\"inLanguage\":\"es\",\"potentialAction\":[{\"@type\":\"ReadAction\",\"target\":[\"https:\\\/\\\/coria.org\\\/ayuntamiento\\\/index.php\\\/2024\\\/10\\\/16\\\/coria-acogera-las-i-olimpiadas-escolares-para-la-promocion-de-la-actividad-fisico-deportiva\\\/\"]}]},{\"@type\":\"ImageObject\",\"inLanguage\":\"es\",\"@id\":\"https:\\\/\\\/coria.org\\\/ayuntamiento\\\/index.php\\\/2024\\\/10\\\/16\\\/coria-acogera-las-i-olimpiadas-escolares-para-la-promocion-de-la-actividad-fisico-deportiva\\\/#primaryimage\",\"url\":\"https:\\\/\\\/coria.org\\\/ayuntamiento\\\/wp-content\\\/uploads\\\/2024\\\/10\\\/olimpiadas-coria-24.webp\",\"contentUrl\":\"https:\\\/\\\/coria.org\\\/ayuntamiento\\\/wp-content\\\/uploads\\\/2024\\\/10\\\/olimpiadas-coria-24.webp\",\"width\":1357,\"height\":1920},{\"@type\":\"BreadcrumbList\",\"@id\":\"https:\\\/\\\/coria.org\\\/ayuntamiento\\\/index.php\\\/2024\\\/10\\\/16\\\/coria-acogera-las-i-olimpiadas-escolares-para-la-promocion-de-la-actividad-fisico-deportiva\\\/#breadcrumb\",\"itemListElement\":[{\"@type\":\"ListItem\",\"position\":1,\"name\":\"Inicio\",\"item\":\"https:\\\/\\\/coria.org\\\/ayuntamiento\\\/\"},{\"@type\":\"ListItem\",\"position\":2,\"name\":\"Coria acoger\u00e1 las I Olimpiadas Escolares para la promoci\u00f3n de la actividad f\u00edsico-deportiva\"}]},{\"@type\":\"WebSite\",\"@id\":\"https:\\\/\\\/coria.org\\\/ayuntamiento\\\/#website\",\"url\":\"https:\\\/\\\/coria.org\\\/ayuntamiento\\\/\",\"name\":\"Ayuntamiento de Coria\",\"description\":\"Web oficial del Ayuntamiento de Coria\",\"publisher\":{\"@id\":\"https:\\\/\\\/coria.org\\\/ayuntamiento\\\/#organization\"},\"alternateName\":\"Web Oficial del Ayuntamiento de Coria\",\"potentialAction\":[{\"@type\":\"SearchAction\",\"target\":{\"@type\":\"EntryPoint\",\"urlTemplate\":\"https:\\\/\\\/coria.org\\\/ayuntamiento\\\/?s={search_term_string}\"},\"query-input\":{\"@type\":\"PropertyValueSpecification\",\"valueRequired\":true,\"valueName\":\"search_term_string\"}}],\"inLanguage\":\"es\"},{\"@type\":\"Organization\",\"@id\":\"https:\\\/\\\/coria.org\\\/ayuntamiento\\\/#organization\",\"name\":\"Ayuntamiento de Coria\",\"alternateName\":\"Ayto de Coria\",\"url\":\"https:\\\/\\\/coria.org\\\/ayuntamiento\\\/\",\"logo\":{\"@type\":\"ImageObject\",\"inLanguage\":\"es\",\"@id\":\"https:\\\/\\\/coria.org\\\/ayuntamiento\\\/#\\\/schema\\\/logo\\\/image\\\/\",\"url\":\"https:\\\/\\\/coria.org\\\/ayuntamiento\\\/wp-content\\\/uploads\\\/2020\\\/12\\\/escudo-ayuntamiento-coria.png\",\"contentUrl\":\"https:\\\/\\\/coria.org\\\/ayuntamiento\\\/wp-content\\\/uploads\\\/2020\\\/12\\\/escudo-ayuntamiento-coria.png\",\"width\":511,\"height\":240,\"caption\":\"Ayuntamiento de Coria\"},\"image\":{\"@id\":\"https:\\\/\\\/coria.org\\\/ayuntamiento\\\/#\\\/schema\\\/logo\\\/image\\\/\"},\"sameAs\":[\"https:\\\/\\\/www.facebook.com\\\/Ayuntamiento.de.Coria\",\"https:\\\/\\\/x.com\\\/Ayto_de_Coria\",\"https:\\\/\\\/www.instagram.com\\\/coria.ayuntamiento\\\/\",\"https:\\\/\\\/www.youtube.com\\\/user\\\/AYUNTAMIENTOCORIA\"]},{\"@type\":\"Person\",\"@id\":\"https:\\\/\\\/coria.org\\\/ayuntamiento\\\/#\\\/schema\\\/person\\\/8bd589f0e13e8ae5aa06def7a599d622\",\"name\":\"ayuntamiento\",\"image\":{\"@type\":\"ImageObject\",\"inLanguage\":\"es\",\"@id\":\"https:\\\/\\\/secure.gravatar.com\\\/avatar\\\/966e5ed73cad334adda5c87f49f2547f7082f7292c1b627cbb548744383b391c?s=96&d=mm&r=g\",\"url\":\"https:\\\/\\\/secure.gravatar.com\\\/avatar\\\/966e5ed73cad334adda5c87f49f2547f7082f7292c1b627cbb548744383b391c?s=96&d=mm&r=g\",\"contentUrl\":\"https:\\\/\\\/secure.gravatar.com\\\/avatar\\\/966e5ed73cad334adda5c87f49f2547f7082f7292c1b627cbb548744383b391c?s=96&d=mm&r=g\",\"caption\":\"ayuntamiento\"}}]}<\/script>\n<!-- \/ Yoast SEO plugin. -->","yoast_head_json":{"title":"Coria acoger\u00e1 las I Olimpiadas Escolares para la promoci\u00f3n de la actividad f\u00edsico-deportiva - Ayuntamiento de Coria","description":"El Ayuntamiento de Coria, a trav\u00e9s de la Concejal\u00eda de deportes y, junto con la Agrupaci\u00f3n Deportiva Escolar \u201cValle del Alag\u00f3n\u201d, informa sobre el evento deportivo que se tiene previsto organizar entre los diversos Centros Educativos de Coria (I.E.S. Alag\u00f3n, I.E.S. Caurium, C.E.I.P. Camilo Hern\u00e1ndez, C.E.I.P. Virgen de Argeme, C.E.I.P. Zurbar\u00e1n, Sagrado Coraz\u00f3n), Puebla de Argeme (C.E.I.P. La Acequia), Rinc\u00f3n del Obispo (C.E.I.P. San Jos\u00e9 Obrero) e I.E.S. Galisteo.","robots":{"index":"index","follow":"follow","max-snippet":"max-snippet:-1","max-image-preview":"max-image-preview:large","max-video-preview":"max-video-preview:-1"},"canonical":"https:\/\/coria.org\/ayuntamiento\/index.php\/2024\/10\/16\/coria-acogera-las-i-olimpiadas-escolares-para-la-promocion-de-la-actividad-fisico-deportiva\/","og_locale":"es_ES","og_type":"article","og_title":"Coria acoger\u00e1 las I Olimpiadas Escolares para la promoci\u00f3n de la actividad f\u00edsico-deportiva","og_description":"El Ayuntamiento de Coria, a trav\u00e9s de la Concejal\u00eda de deportes y, junto con la Agrupaci\u00f3n Deportiva Escolar \u201cValle del Alag\u00f3n\u201d, informa sobre el evento deportivo que se tiene previsto organizar entre los diversos Centros Educativos de Coria (I.E.S. Alag\u00f3n, I.E.S. Caurium, C.E.I.P. Camilo Hern\u00e1ndez, C.E.I.P. Virgen de Argeme, C.E.I.P. Zurbar\u00e1n, Sagrado Coraz\u00f3n), Puebla de Argeme (C.E.I.P. La Acequia), Rinc\u00f3n del Obispo (C.E.I.P. San Jos\u00e9 Obrero) e I.E.S. Galisteo.","og_url":"https:\/\/coria.org\/ayuntamiento\/index.php\/2024\/10\/16\/coria-acogera-las-i-olimpiadas-escolares-para-la-promocion-de-la-actividad-fisico-deportiva\/","og_site_name":"Ayuntamiento de Coria","article_publisher":"https:\/\/www.facebook.com\/Ayuntamiento.de.Coria","article_published_time":"2024-10-16T10:00:00+00:00","article_modified_time":"2025-09-11T12:15:59+00:00","og_image":[{"width":1357,"height":1920,"url":"https:\/\/coria.org\/ayuntamiento\/wp-content\/uploads\/2024\/10\/olimpiadas-coria-24.webp","type":"image\/webp"}],"author":"ayuntamiento","twitter_card":"summary_large_image","twitter_title":"Coria acoger\u00e1 las I Olimpiadas Escolares para la promoci\u00f3n de la actividad f\u00edsico-deportiva","twitter_description":"El Ayuntamiento de Coria, a trav\u00e9s de la Concejal\u00eda de deportes y, junto con la Agrupaci\u00f3n Deportiva Escolar \u201cValle del Alag\u00f3n\u201d, informa sobre el evento deportivo que se tiene previsto organizar entre los diversos Centros Educativos de Coria (I.E.S. Alag\u00f3n, I.E.S. Caurium, C.E.I.P. Camilo Hern\u00e1ndez, C.E.I.P. Virgen de Argeme, C.E.I.P. Zurbar\u00e1n, Sagrado Coraz\u00f3n), Puebla de Argeme (C.E.I.P. La Acequia), Rinc\u00f3n del Obispo (C.E.I.P. San Jos\u00e9 Obrero) e I.E.S. Galisteo.","twitter_image":"https:\/\/coria.org\/ayuntamiento\/wp-content\/uploads\/2024\/10\/olimpiadas-coria-24.webp","twitter_creator":"@Ayto_de_Coria","twitter_site":"@Ayto_de_Coria","twitter_misc":{"Escrito por":"ayuntamiento","Tiempo de lectura":"2 minutos"},"schema":{"@context":"https:\/\/schema.org","@graph":[{"@type":"Article","@id":"https:\/\/coria.org\/ayuntamiento\/index.php\/2024\/10\/16\/coria-acogera-las-i-olimpiadas-escolares-para-la-promocion-de-la-actividad-fisico-deportiva\/#article","isPartOf":{"@id":"https:\/\/coria.org\/ayuntamiento\/index.php\/2024\/10\/16\/coria-acogera-las-i-olimpiadas-escolares-para-la-promocion-de-la-actividad-fisico-deportiva\/"},"author":{"name":"ayuntamiento","@id":"https:\/\/coria.org\/ayuntamiento\/#\/schema\/person\/8bd589f0e13e8ae5aa06def7a599d622"},"headline":"Coria acoger\u00e1 las I Olimpiadas Escolares para la promoci\u00f3n de la actividad f\u00edsico-deportiva","datePublished":"2024-10-16T10:00:00+00:00","dateModified":"2025-09-11T12:15:59+00:00","mainEntityOfPage":{"@id":"https:\/\/coria.org\/ayuntamiento\/index.php\/2024\/10\/16\/coria-acogera-las-i-olimpiadas-escolares-para-la-promocion-de-la-actividad-fisico-deportiva\/"},"wordCount":233,"publisher":{"@id":"https:\/\/coria.org\/ayuntamiento\/#organization"},"image":{"@id":"https:\/\/coria.org\/ayuntamiento\/index.php\/2024\/10\/16\/coria-acogera-las-i-olimpiadas-escolares-para-la-promocion-de-la-actividad-fisico-deportiva\/#primaryimage"},"thumbnailUrl":"https:\/\/coria.org\/ayuntamiento\/wp-content\/uploads\/2024\/10\/olimpiadas-coria-24.webp","keywords":["deporte"],"articleSection":["Noticias"],"inLanguage":"es"},{"@type":"WebPage","@id":"https:\/\/coria.org\/ayuntamiento\/index.php\/2024\/10\/16\/coria-acogera-las-i-olimpiadas-escolares-para-la-promocion-de-la-actividad-fisico-deportiva\/","url":"https:\/\/coria.org\/ayuntamiento\/index.php\/2024\/10\/16\/coria-acogera-las-i-olimpiadas-escolares-para-la-promocion-de-la-actividad-fisico-deportiva\/","name":"Coria acoger\u00e1 las I Olimpiadas Escolares para la promoci\u00f3n de la actividad f\u00edsico-deportiva - Ayuntamiento de Coria","isPartOf":{"@id":"https:\/\/coria.org\/ayuntamiento\/#website"},"primaryImageOfPage":{"@id":"https:\/\/coria.org\/ayuntamiento\/index.php\/2024\/10\/16\/coria-acogera-las-i-olimpiadas-escolares-para-la-promocion-de-la-actividad-fisico-deportiva\/#primaryimage"},"image":{"@id":"https:\/\/coria.org\/ayuntamiento\/index.php\/2024\/10\/16\/coria-acogera-las-i-olimpiadas-escolares-para-la-promocion-de-la-actividad-fisico-deportiva\/#primaryimage"},"thumbnailUrl":"https:\/\/coria.org\/ayuntamiento\/wp-content\/uploads\/2024\/10\/olimpiadas-coria-24.webp","datePublished":"2024-10-16T10:00:00+00:00","dateModified":"2025-09-11T12:15:59+00:00","description":"El Ayuntamiento de Coria, a trav\u00e9s de la Concejal\u00eda de deportes y, junto con la Agrupaci\u00f3n Deportiva Escolar \u201cValle del Alag\u00f3n\u201d, informa sobre el evento deportivo que se tiene previsto organizar entre los diversos Centros Educativos de Coria (I.E.S. Alag\u00f3n, I.E.S. Caurium, C.E.I.P. Camilo Hern\u00e1ndez, C.E.I.P. Virgen de Argeme, C.E.I.P. Zurbar\u00e1n, Sagrado Coraz\u00f3n), Puebla de Argeme (C.E.I.P. La Acequia), Rinc\u00f3n del Obispo (C.E.I.P. San Jos\u00e9 Obrero) e I.E.S. Galisteo.","breadcrumb":{"@id":"https:\/\/coria.org\/ayuntamiento\/index.php\/2024\/10\/16\/coria-acogera-las-i-olimpiadas-escolares-para-la-promocion-de-la-actividad-fisico-deportiva\/#breadcrumb"},"inLanguage":"es","potentialAction":[{"@type":"ReadAction","target":["https:\/\/coria.org\/ayuntamiento\/index.php\/2024\/10\/16\/coria-acogera-las-i-olimpiadas-escolares-para-la-promocion-de-la-actividad-fisico-deportiva\/"]}]},{"@type":"ImageObject","inLanguage":"es","@id":"https:\/\/coria.org\/ayuntamiento\/index.php\/2024\/10\/16\/coria-acogera-las-i-olimpiadas-escolares-para-la-promocion-de-la-actividad-fisico-deportiva\/#primaryimage","url":"https:\/\/coria.org\/ayuntamiento\/wp-content\/uploads\/2024\/10\/olimpiadas-coria-24.webp","contentUrl":"https:\/\/coria.org\/ayuntamiento\/wp-content\/uploads\/2024\/10\/olimpiadas-coria-24.webp","width":1357,"height":1920},{"@type":"BreadcrumbList","@id":"https:\/\/coria.org\/ayuntamiento\/index.php\/2024\/10\/16\/coria-acogera-las-i-olimpiadas-escolares-para-la-promocion-de-la-actividad-fisico-deportiva\/#breadcrumb","itemListElement":[{"@type":"ListItem","position":1,"name":"Inicio","item":"https:\/\/coria.org\/ayuntamiento\/"},{"@type":"ListItem","position":2,"name":"Coria acoger\u00e1 las I Olimpiadas Escolares para la promoci\u00f3n de la actividad f\u00edsico-deportiva"}]},{"@type":"WebSite","@id":"https:\/\/coria.org\/ayuntamiento\/#website","url":"https:\/\/coria.org\/ayuntamiento\/","name":"Ayuntamiento de Coria","description":"Web oficial del Ayuntamiento de Coria","publisher":{"@id":"https:\/\/coria.org\/ayuntamiento\/#organization"},"alternateName":"Web Oficial del Ayuntamiento de Coria","potentialAction":[{"@type":"SearchAction","target":{"@type":"EntryPoint","urlTemplate":"https:\/\/coria.org\/ayuntamiento\/?s={search_term_string}"},"query-input":{"@type":"PropertyValueSpecification","valueRequired":true,"valueName":"search_term_string"}}],"inLanguage":"es"},{"@type":"Organization","@id":"https:\/\/coria.org\/ayuntamiento\/#organization","name":"Ayuntamiento de Coria","alternateName":"Ayto de Coria","url":"https:\/\/coria.org\/ayuntamiento\/","logo":{"@type":"ImageObject","inLanguage":"es","@id":"https:\/\/coria.org\/ayuntamiento\/#\/schema\/logo\/image\/","url":"https:\/\/coria.org\/ayuntamiento\/wp-content\/uploads\/2020\/12\/escudo-ayuntamiento-coria.png","contentUrl":"https:\/\/coria.org\/ayuntamiento\/wp-content\/uploads\/2020\/12\/escudo-ayuntamiento-coria.png","width":511,"height":240,"caption":"Ayuntamiento de Coria"},"image":{"@id":"https:\/\/coria.org\/ayuntamiento\/#\/schema\/logo\/image\/"},"sameAs":["https:\/\/www.facebook.com\/Ayuntamiento.de.Coria","https:\/\/x.com\/Ayto_de_Coria","https:\/\/www.instagram.com\/coria.ayuntamiento\/","https:\/\/www.youtube.com\/user\/AYUNTAMIENTOCORIA"]},{"@type":"Person","@id":"https:\/\/coria.org\/ayuntamiento\/#\/schema\/person\/8bd589f0e13e8ae5aa06def7a599d622","name":"ayuntamiento","image":{"@type":"ImageObject","inLanguage":"es","@id":"https:\/\/secure.gravatar.com\/avatar\/966e5ed73cad334adda5c87f49f2547f7082f7292c1b627cbb548744383b391c?s=96&d=mm&r=g","url":"https:\/\/secure.gravatar.com\/avatar\/966e5ed73cad334adda5c87f49f2547f7082f7292c1b627cbb548744383b391c?s=96&d=mm&r=g","contentUrl":"https:\/\/secure.gravatar.com\/avatar\/966e5ed73cad334adda5c87f49f2547f7082f7292c1b627cbb548744383b391c?s=96&d=mm&r=g","caption":"ayuntamiento"}}]}},"uagb_featured_image_src":{"full":["https:\/\/coria.org\/ayuntamiento\/wp-content\/uploads\/2024\/10\/olimpiadas-coria-24.webp",1357,1920,false],"thumbnail":["https:\/\/coria.org\/ayuntamiento\/wp-content\/uploads\/2024\/10\/olimpiadas-coria-24-150x150.webp",150,150,true],"medium":["https:\/\/coria.org\/ayuntamiento\/wp-content\/uploads\/2024\/10\/olimpiadas-coria-24.webp",1357,1920,false],"medium_large":["https:\/\/coria.org\/ayuntamiento\/wp-content\/uploads\/2024\/10\/olimpiadas-coria-24-768x1087.webp",768,1087,true],"large":["https:\/\/coria.org\/ayuntamiento\/wp-content\/uploads\/2024\/10\/olimpiadas-coria-24.webp",1357,1920,false],"thumblist":["https:\/\/coria.org\/ayuntamiento\/wp-content\/uploads\/2024\/10\/olimpiadas-coria-24-300x300.webp",300,300,true],"thumbrelated":["https:\/\/coria.org\/ayuntamiento\/wp-content\/uploads\/2024\/10\/olimpiadas-coria-24-500x500.webp",500,500,true],"meccarouselthumb":["https:\/\/coria.org\/ayuntamiento\/wp-content\/uploads\/2024\/10\/olimpiadas-coria-24-474x324.webp",474,324,true],"gridsquare":["https:\/\/coria.org\/ayuntamiento\/wp-content\/uploads\/2024\/10\/olimpiadas-coria-24-391x260.webp",391,260,true],"tileview":["https:\/\/coria.org\/ayuntamiento\/wp-content\/uploads\/2024\/10\/olimpiadas-coria-24-300x400.webp",300,400,true],"1536x1536":["https:\/\/coria.org\/ayuntamiento\/wp-content\/uploads\/2024\/10\/olimpiadas-coria-24-1086x1536.webp",1086,1536,true],"2048x2048":["https:\/\/coria.org\/ayuntamiento\/wp-content\/uploads\/2024\/10\/olimpiadas-coria-24.webp",1357,1920,false]},"uagb_author_info":{"display_name":"ayuntamiento","author_link":"https:\/\/coria.org\/ayuntamiento\/index.php\/author\/ayuntamiento\/"},"uagb_comment_info":0,"uagb_excerpt":"El Ayuntamiento de Coria, a trav\u00e9s de la Concejal\u00eda de deportes y, junto con la Agrupaci\u00f3n Deportiva Escolar \u201cValle del Alag\u00f3n\u201d, informa sobre el evento deportivo que se tiene previsto organizar entre los diversos Centros Educativos de Coria (I.E.S. Alag\u00f3n, I.E.S. Caurium, C.E.I.P. Camilo Hern\u00e1ndez, C.E.I.P. Virgen de Argeme, C.E.I.P. Zurbar\u00e1n, Sagrado Coraz\u00f3n), Puebla de&hellip;","_links":{"self":[{"href":"https:\/\/coria.org\/ayuntamiento\/index.php\/wp-json\/wp\/v2\/posts\/62844","targetHints":{"allow":["GET"]}}],"collection":[{"href":"https:\/\/coria.org\/ayuntamiento\/index.php\/wp-json\/wp\/v2\/posts"}],"about":[{"href":"https:\/\/coria.org\/ayuntamiento\/index.php\/wp-json\/wp\/v2\/types\/post"}],"author":[{"embeddable":true,"href":"https:\/\/coria.org\/ayuntamiento\/index.php\/wp-json\/wp\/v2\/users\/2"}],"replies":[{"embeddable":true,"href":"https:\/\/coria.org\/ayuntamiento\/index.php\/wp-json\/wp\/v2\/comments?post=62844"}],"version-history":[{"count":0,"href":"https:\/\/coria.org\/ayuntamiento\/index.php\/wp-json\/wp\/v2\/posts\/62844\/revisions"}],"wp:featuredmedia":[{"embeddable":true,"href":"https:\/\/coria.org\/ayuntamiento\/index.php\/wp-json\/wp\/v2\/media\/62845"}],"wp:attachment":[{"href":"https:\/\/coria.org\/ayuntamiento\/index.php\/wp-json\/wp\/v2\/media?parent=62844"}],"wp:term":[{"taxonomy":"category","embeddable":true,"href":"https:\/\/coria.org\/ayuntamiento\/index.php\/wp-json\/wp\/v2\/categories?post=62844"},{"taxonomy":"post_tag","embeddable":true,"href":"https:\/\/coria.org\/ayuntamiento\/index.php\/wp-json\/wp\/v2\/tags?post=62844"}],"curies":[{"name":"wp","href":"https:\/\/api.w.org\/{rel}","templated":true}]}}