{"id":62842,"date":"2024-10-16T10:14:24","date_gmt":"2024-10-16T08:14:24","guid":{"rendered":"https:\/\/coria.org\/ayuntamiento\/?p=62842"},"modified":"2025-09-11T14:15:59","modified_gmt":"2025-09-11T12:15:59","slug":"convocatoria-pleno-ordinario-de-octubre-de-2024","status":"publish","type":"post","link":"https:\/\/coria.org\/ayuntamiento\/index.php\/2024\/10\/16\/convocatoria-pleno-ordinario-de-octubre-de-2024\/","title":{"rendered":"Convocatoria Pleno Ordinario de Octubre de 2024"},"content":{"rendered":"\n<p>Hoy mi\u00e9rcoles 16 de octubre de 2024 tendr\u00e1 lugar el Pleno Ordinario del Ayuntamiento de Coria.<\/p>\n\n\n<figure class=\"wp-block-post-featured-image\"><img loading=\"lazy\" decoding=\"async\" width=\"1024\" height=\"576\" src=\"https:\/\/coria.org\/ayuntamiento\/wp-content\/uploads\/2015\/10\/ayto.webp\" class=\"attachment-post-thumbnail size-post-thumbnail wp-post-image\" alt=\"\" style=\"object-fit:cover;\" srcset=\"https:\/\/coria.org\/ayuntamiento\/wp-content\/uploads\/2015\/10\/ayto.webp 1024w, https:\/\/coria.org\/ayuntamiento\/wp-content\/uploads\/2015\/10\/ayto-768x432.webp 768w\" sizes=\"auto, (max-width: 1024px) 100vw, 1024px\" \/><\/figure>\n\n\n<p>La Sra. Alcaldesa de la Ciudad de Coria ha dictado una Resoluci\u00f3n que, copiada literalmente, es del siguiente tenor:<\/p>\n\n\n\n<p>\u201cVista la relaci\u00f3n de expedientes conclusos dispuestos por la Secretaria, de conformidad con lo establecido en el art\u00edculo 82 del Real Decreto 2568\/1986, de 28 de noviembre, por el que se aprueba el Reglamento de Organizaci\u00f3n, Funcionamiento y R\u00e9gimen Jur\u00eddico de las Entidades Locales <strong>HE RESUELTO<\/strong>:<\/p>\n\n\n\n<p><strong>PRIMERO<\/strong>.- Convocar a los Sres. Concejales para celebrar en la Casa Consistorial <strong>SESI\u00d3N PLENARIA ORDINARIA, A LAS 20:00 HORAS DEL MI\u00c9RCOLES D\u00cdA 16 DE OCTUBRE DE 2024<\/strong>, y si no asistiera n\u00famero suficiente para celebrar sesi\u00f3n, celebrarla en segunda convocatoria, dos d\u00edas m\u00e1s tarde, a la misma<br>hora.<\/p>\n\n\n\n<p><strong>SEGUNDO<\/strong>.- Que por Secretar\u00eda se lleven a cabo los tr\u00e1mites oportunos para la convocatoria y notificaci\u00f3n de los miembros de la Corporaci\u00f3n, seg\u00fan lo acordado en sesi\u00f3n plenaria de fecha 22 de junio de 2023.<\/p>\n\n\n\n<p><strong>TERCERO<\/strong>.- Fijar el siguiente<\/p>\n\n\n\n<p class=\"has-text-align-center\"><strong>ORDEN DEL D\u00cdA<\/strong><\/p>\n\n\n\n<p>1.- Aprobaci\u00f3n del Acta de la sesi\u00f3n anterior de fecha 18 de septiembre de 2024.<\/p>\n\n\n\n<p>2.- Concesi\u00f3n de la \u201cMedalla de la Muy Noble y Muy Leal Ciudad de Coria\u201d 2024 y \u201cPremio al Cauriense del A\u00f1o\u201d 2024. Exp. 2617\/2024.<\/p>\n\n\n\n<p>3.- Aprobaci\u00f3n y autorizaci\u00f3n para la firma del Convenio de Colaboraci\u00f3n entre el Excmo. Ayuntamiento de Coria y el Instituto de la Juventud de Extremadura sobre la realizaci\u00f3n de programas dirigidos a la juventud y dinamizaci\u00f3n en la zona. Exp. 2508\/2024.<\/p>\n\n\n\n<p>4.- Aprobaci\u00f3n del acuerdo de pr\u00f3rroga y actualizaci\u00f3n de la financiaci\u00f3n, para el a\u00f1o 2025, del Convenio de Colaboraci\u00f3n entre la Consejer\u00eda de Salud y Servicios Sociales de la Junta de Extremadura y los Ayuntamientos de Coria y Cilleros, en la prestaci\u00f3n de informaci\u00f3n, valoraci\u00f3n y orientaci\u00f3n de los Servicios Sociales de Atenci\u00f3n Social B\u00e1sica. Exp. 2730\/2024.<\/p>\n\n\n\n<p>5.- Renuncia, exenci\u00f3n del canon y devoluci\u00f3n de fianza, del puesto 6 y de las c\u00e1maras frigor\u00edficas 2 y 3 del Mercado Municipal de Abastos de Coria (C\u00e1ceres). Exp. 2117\/2024.<\/p>\n\n\n\n<p>6.- Concesi\u00f3n de uso privativo de dominio p\u00fablico de los puestos vacantes del Mercado Municipal de Abastos de Coria (C\u00e1ceres). Exp. 2582\/2024.<\/p>\n\n\n\n<p>7.- Desafectaci\u00f3n de vivienda en Plaza del Arado, 6, de Rinc\u00f3n del Obispo. Exp. 2656\/2024.<\/p>\n\n\n\n<p>8.- Solicitud de cesi\u00f3n en propiedad a este Ayuntamiento de la finca registral 4.203, terrenos donados en su d\u00eda a la Obra Sindical \u201cColonizaci\u00f3n\u201d de la Delegaci\u00f3n Nacional de Sindicatos, sitos en el paraje \u201cLa Isla\u201d. Exp. 1821\/2018.<\/p>\n\n\n\n<p>9.- Modificaci\u00f3n del Inventario General de Bienes. Exp. 2622\/2024.<\/p>\n\n\n\n<p>10.- Daci\u00f3n de cuenta al Pleno de la renuncia al cargo de Concejala. Exp. 1620\/2023.<\/p>\n\n\n\n<p>11.- Solicitud de cesi\u00f3n administrativa gratuita de finca registral 6.565, al sitio de Rinc\u00f3n del Obispo y Zarzoso, propiedad de la Junta de Extremadura. Exp. 2842\/2024.<\/p>\n\n\n\n<p>12.- Informes y Resoluciones de la Alcald\u00eda.<\/p>\n\n\n\n<p>13.- Ruegos y Preguntas.\u201d<\/p>\n","protected":false},"excerpt":{"rendered":"<p>Hoy mi\u00e9rcoles 16 de octubre de 2024 tendr\u00e1 lugar el Pleno Ordinario del Ayuntamiento de Coria. La Sra. Alcaldesa de la Ciudad de Coria ha dictado una Resoluci\u00f3n que, copiada literalmente, es del siguiente tenor: \u201cVista la relaci\u00f3n de expedientes conclusos dispuestos por la Secretaria, de conformidad con lo establecido en el art\u00edculo 82 del [&hellip;]<\/p>\n","protected":false},"author":2,"featured_media":62456,"comment_status":"closed","ping_status":"closed","sticky":false,"template":"","format":"standard","meta":{"_uag_custom_page_level_css":"","footnotes":""},"categories":[2],"tags":[976],"class_list":["post-62842","post","type-post","status-publish","format-standard","has-post-thumbnail","hentry","category-noticias","tag-pleno"],"yoast_head":"<!-- This site is optimized with the Yoast SEO plugin v27.4 - https:\/\/yoast.com\/product\/yoast-seo-wordpress\/ -->\n<title>Convocatoria Pleno Ordinario de Octubre de 2024 - Ayuntamiento de Coria<\/title>\n<meta name=\"description\" content=\"Hoy mi\u00e9rcoles 16 de octubre de 2024 tendr\u00e1 lugar el Pleno Ordinario del Ayuntamiento de Coria.\" \/>\n<meta name=\"robots\" content=\"index, follow, max-snippet:-1, max-image-preview:large, max-video-preview:-1\" \/>\n<link rel=\"canonical\" href=\"https:\/\/coria.org\/ayuntamiento\/index.php\/2024\/10\/16\/convocatoria-pleno-ordinario-de-octubre-de-2024\/\" \/>\n<meta property=\"og:locale\" content=\"es_ES\" \/>\n<meta property=\"og:type\" content=\"article\" \/>\n<meta property=\"og:title\" content=\"Convocatoria Pleno Ordinario de Octubre de 2024\" \/>\n<meta property=\"og:description\" content=\"Hoy mi\u00e9rcoles 16 de octubre de 2024 tendr\u00e1 lugar el Pleno Ordinario del Ayuntamiento de Coria.\" \/>\n<meta property=\"og:url\" content=\"https:\/\/coria.org\/ayuntamiento\/index.php\/2024\/10\/16\/convocatoria-pleno-ordinario-de-octubre-de-2024\/\" \/>\n<meta property=\"og:site_name\" content=\"Ayuntamiento de Coria\" \/>\n<meta property=\"article:publisher\" content=\"https:\/\/www.facebook.com\/Ayuntamiento.de.Coria\" \/>\n<meta property=\"article:published_time\" content=\"2024-10-16T08:14:24+00:00\" \/>\n<meta property=\"article:modified_time\" content=\"2025-09-11T12:15:59+00:00\" \/>\n<meta property=\"og:image\" content=\"https:\/\/coria.org\/ayuntamiento\/wp-content\/uploads\/2015\/10\/ayto.webp\" \/>\n\t<meta property=\"og:image:width\" content=\"1024\" \/>\n\t<meta property=\"og:image:height\" content=\"576\" \/>\n\t<meta property=\"og:image:type\" content=\"image\/webp\" \/>\n<meta name=\"author\" content=\"ayuntamiento\" \/>\n<meta name=\"twitter:card\" content=\"summary_large_image\" \/>\n<meta name=\"twitter:title\" content=\"Convocatoria Pleno Ordinario de Octubre de 2024\" \/>\n<meta name=\"twitter:description\" content=\"Hoy mi\u00e9rcoles 16 de octubre de 2024 tendr\u00e1 lugar el Pleno Ordinario del Ayuntamiento de Coria.\" \/>\n<meta name=\"twitter:creator\" content=\"@Ayto_de_Coria\" \/>\n<meta name=\"twitter:site\" content=\"@Ayto_de_Coria\" \/>\n<meta name=\"twitter:label1\" content=\"Escrito por\" \/>\n\t<meta name=\"twitter:data1\" content=\"ayuntamiento\" \/>\n\t<meta name=\"twitter:label2\" content=\"Tiempo de lectura\" \/>\n\t<meta name=\"twitter:data2\" content=\"3 minutos\" \/>\n<script type=\"application\/ld+json\" class=\"yoast-schema-graph\">{\"@context\":\"https:\\\/\\\/schema.org\",\"@graph\":[{\"@type\":\"Article\",\"@id\":\"https:\\\/\\\/coria.org\\\/ayuntamiento\\\/index.php\\\/2024\\\/10\\\/16\\\/convocatoria-pleno-ordinario-de-octubre-de-2024\\\/#article\",\"isPartOf\":{\"@id\":\"https:\\\/\\\/coria.org\\\/ayuntamiento\\\/index.php\\\/2024\\\/10\\\/16\\\/convocatoria-pleno-ordinario-de-octubre-de-2024\\\/\"},\"author\":{\"name\":\"ayuntamiento\",\"@id\":\"https:\\\/\\\/coria.org\\\/ayuntamiento\\\/#\\\/schema\\\/person\\\/8bd589f0e13e8ae5aa06def7a599d622\"},\"headline\":\"Convocatoria Pleno Ordinario de Octubre de 2024\",\"datePublished\":\"2024-10-16T08:14:24+00:00\",\"dateModified\":\"2025-09-11T12:15:59+00:00\",\"mainEntityOfPage\":{\"@id\":\"https:\\\/\\\/coria.org\\\/ayuntamiento\\\/index.php\\\/2024\\\/10\\\/16\\\/convocatoria-pleno-ordinario-de-octubre-de-2024\\\/\"},\"wordCount\":514,\"publisher\":{\"@id\":\"https:\\\/\\\/coria.org\\\/ayuntamiento\\\/#organization\"},\"image\":{\"@id\":\"https:\\\/\\\/coria.org\\\/ayuntamiento\\\/index.php\\\/2024\\\/10\\\/16\\\/convocatoria-pleno-ordinario-de-octubre-de-2024\\\/#primaryimage\"},\"thumbnailUrl\":\"https:\\\/\\\/coria.org\\\/ayuntamiento\\\/wp-content\\\/uploads\\\/2015\\\/10\\\/ayto.webp\",\"keywords\":[\"pleno\"],\"articleSection\":[\"Noticias\"],\"inLanguage\":\"es\"},{\"@type\":\"WebPage\",\"@id\":\"https:\\\/\\\/coria.org\\\/ayuntamiento\\\/index.php\\\/2024\\\/10\\\/16\\\/convocatoria-pleno-ordinario-de-octubre-de-2024\\\/\",\"url\":\"https:\\\/\\\/coria.org\\\/ayuntamiento\\\/index.php\\\/2024\\\/10\\\/16\\\/convocatoria-pleno-ordinario-de-octubre-de-2024\\\/\",\"name\":\"Convocatoria Pleno Ordinario de Octubre de 2024 - Ayuntamiento de Coria\",\"isPartOf\":{\"@id\":\"https:\\\/\\\/coria.org\\\/ayuntamiento\\\/#website\"},\"primaryImageOfPage\":{\"@id\":\"https:\\\/\\\/coria.org\\\/ayuntamiento\\\/index.php\\\/2024\\\/10\\\/16\\\/convocatoria-pleno-ordinario-de-octubre-de-2024\\\/#primaryimage\"},\"image\":{\"@id\":\"https:\\\/\\\/coria.org\\\/ayuntamiento\\\/index.php\\\/2024\\\/10\\\/16\\\/convocatoria-pleno-ordinario-de-octubre-de-2024\\\/#primaryimage\"},\"thumbnailUrl\":\"https:\\\/\\\/coria.org\\\/ayuntamiento\\\/wp-content\\\/uploads\\\/2015\\\/10\\\/ayto.webp\",\"datePublished\":\"2024-10-16T08:14:24+00:00\",\"dateModified\":\"2025-09-11T12:15:59+00:00\",\"description\":\"Hoy mi\u00e9rcoles 16 de octubre de 2024 tendr\u00e1 lugar el Pleno Ordinario del Ayuntamiento de Coria.\",\"breadcrumb\":{\"@id\":\"https:\\\/\\\/coria.org\\\/ayuntamiento\\\/index.php\\\/2024\\\/10\\\/16\\\/convocatoria-pleno-ordinario-de-octubre-de-2024\\\/#breadcrumb\"},\"inLanguage\":\"es\",\"potentialAction\":[{\"@type\":\"ReadAction\",\"target\":[\"https:\\\/\\\/coria.org\\\/ayuntamiento\\\/index.php\\\/2024\\\/10\\\/16\\\/convocatoria-pleno-ordinario-de-octubre-de-2024\\\/\"]}]},{\"@type\":\"ImageObject\",\"inLanguage\":\"es\",\"@id\":\"https:\\\/\\\/coria.org\\\/ayuntamiento\\\/index.php\\\/2024\\\/10\\\/16\\\/convocatoria-pleno-ordinario-de-octubre-de-2024\\\/#primaryimage\",\"url\":\"https:\\\/\\\/coria.org\\\/ayuntamiento\\\/wp-content\\\/uploads\\\/2015\\\/10\\\/ayto.webp\",\"contentUrl\":\"https:\\\/\\\/coria.org\\\/ayuntamiento\\\/wp-content\\\/uploads\\\/2015\\\/10\\\/ayto.webp\",\"width\":1024,\"height\":576},{\"@type\":\"BreadcrumbList\",\"@id\":\"https:\\\/\\\/coria.org\\\/ayuntamiento\\\/index.php\\\/2024\\\/10\\\/16\\\/convocatoria-pleno-ordinario-de-octubre-de-2024\\\/#breadcrumb\",\"itemListElement\":[{\"@type\":\"ListItem\",\"position\":1,\"name\":\"Inicio\",\"item\":\"https:\\\/\\\/coria.org\\\/ayuntamiento\\\/\"},{\"@type\":\"ListItem\",\"position\":2,\"name\":\"Convocatoria Pleno Ordinario de Octubre de 2024\"}]},{\"@type\":\"WebSite\",\"@id\":\"https:\\\/\\\/coria.org\\\/ayuntamiento\\\/#website\",\"url\":\"https:\\\/\\\/coria.org\\\/ayuntamiento\\\/\",\"name\":\"Ayuntamiento de Coria\",\"description\":\"Web oficial del Ayuntamiento de Coria\",\"publisher\":{\"@id\":\"https:\\\/\\\/coria.org\\\/ayuntamiento\\\/#organization\"},\"alternateName\":\"Web Oficial del Ayuntamiento de Coria\",\"potentialAction\":[{\"@type\":\"SearchAction\",\"target\":{\"@type\":\"EntryPoint\",\"urlTemplate\":\"https:\\\/\\\/coria.org\\\/ayuntamiento\\\/?s={search_term_string}\"},\"query-input\":{\"@type\":\"PropertyValueSpecification\",\"valueRequired\":true,\"valueName\":\"search_term_string\"}}],\"inLanguage\":\"es\"},{\"@type\":\"Organization\",\"@id\":\"https:\\\/\\\/coria.org\\\/ayuntamiento\\\/#organization\",\"name\":\"Ayuntamiento de Coria\",\"alternateName\":\"Ayto de Coria\",\"url\":\"https:\\\/\\\/coria.org\\\/ayuntamiento\\\/\",\"logo\":{\"@type\":\"ImageObject\",\"inLanguage\":\"es\",\"@id\":\"https:\\\/\\\/coria.org\\\/ayuntamiento\\\/#\\\/schema\\\/logo\\\/image\\\/\",\"url\":\"https:\\\/\\\/coria.org\\\/ayuntamiento\\\/wp-content\\\/uploads\\\/2020\\\/12\\\/escudo-ayuntamiento-coria.png\",\"contentUrl\":\"https:\\\/\\\/coria.org\\\/ayuntamiento\\\/wp-content\\\/uploads\\\/2020\\\/12\\\/escudo-ayuntamiento-coria.png\",\"width\":511,\"height\":240,\"caption\":\"Ayuntamiento de Coria\"},\"image\":{\"@id\":\"https:\\\/\\\/coria.org\\\/ayuntamiento\\\/#\\\/schema\\\/logo\\\/image\\\/\"},\"sameAs\":[\"https:\\\/\\\/www.facebook.com\\\/Ayuntamiento.de.Coria\",\"https:\\\/\\\/x.com\\\/Ayto_de_Coria\",\"https:\\\/\\\/www.instagram.com\\\/coria.ayuntamiento\\\/\",\"https:\\\/\\\/www.youtube.com\\\/user\\\/AYUNTAMIENTOCORIA\"]},{\"@type\":\"Person\",\"@id\":\"https:\\\/\\\/coria.org\\\/ayuntamiento\\\/#\\\/schema\\\/person\\\/8bd589f0e13e8ae5aa06def7a599d622\",\"name\":\"ayuntamiento\",\"image\":{\"@type\":\"ImageObject\",\"inLanguage\":\"es\",\"@id\":\"https:\\\/\\\/secure.gravatar.com\\\/avatar\\\/966e5ed73cad334adda5c87f49f2547f7082f7292c1b627cbb548744383b391c?s=96&d=mm&r=g\",\"url\":\"https:\\\/\\\/secure.gravatar.com\\\/avatar\\\/966e5ed73cad334adda5c87f49f2547f7082f7292c1b627cbb548744383b391c?s=96&d=mm&r=g\",\"contentUrl\":\"https:\\\/\\\/secure.gravatar.com\\\/avatar\\\/966e5ed73cad334adda5c87f49f2547f7082f7292c1b627cbb548744383b391c?s=96&d=mm&r=g\",\"caption\":\"ayuntamiento\"}}]}<\/script>\n<!-- \/ Yoast SEO plugin. -->","yoast_head_json":{"title":"Convocatoria Pleno Ordinario de Octubre de 2024 - Ayuntamiento de Coria","description":"Hoy mi\u00e9rcoles 16 de octubre de 2024 tendr\u00e1 lugar el Pleno Ordinario del Ayuntamiento de Coria.","robots":{"index":"index","follow":"follow","max-snippet":"max-snippet:-1","max-image-preview":"max-image-preview:large","max-video-preview":"max-video-preview:-1"},"canonical":"https:\/\/coria.org\/ayuntamiento\/index.php\/2024\/10\/16\/convocatoria-pleno-ordinario-de-octubre-de-2024\/","og_locale":"es_ES","og_type":"article","og_title":"Convocatoria Pleno Ordinario de Octubre de 2024","og_description":"Hoy mi\u00e9rcoles 16 de octubre de 2024 tendr\u00e1 lugar el Pleno Ordinario del Ayuntamiento de Coria.","og_url":"https:\/\/coria.org\/ayuntamiento\/index.php\/2024\/10\/16\/convocatoria-pleno-ordinario-de-octubre-de-2024\/","og_site_name":"Ayuntamiento de Coria","article_publisher":"https:\/\/www.facebook.com\/Ayuntamiento.de.Coria","article_published_time":"2024-10-16T08:14:24+00:00","article_modified_time":"2025-09-11T12:15:59+00:00","og_image":[{"width":1024,"height":576,"url":"https:\/\/coria.org\/ayuntamiento\/wp-content\/uploads\/2015\/10\/ayto.webp","type":"image\/webp"}],"author":"ayuntamiento","twitter_card":"summary_large_image","twitter_title":"Convocatoria Pleno Ordinario de Octubre de 2024","twitter_description":"Hoy mi\u00e9rcoles 16 de octubre de 2024 tendr\u00e1 lugar el Pleno Ordinario del Ayuntamiento de Coria.","twitter_creator":"@Ayto_de_Coria","twitter_site":"@Ayto_de_Coria","twitter_misc":{"Escrito por":"ayuntamiento","Tiempo de lectura":"3 minutos"},"schema":{"@context":"https:\/\/schema.org","@graph":[{"@type":"Article","@id":"https:\/\/coria.org\/ayuntamiento\/index.php\/2024\/10\/16\/convocatoria-pleno-ordinario-de-octubre-de-2024\/#article","isPartOf":{"@id":"https:\/\/coria.org\/ayuntamiento\/index.php\/2024\/10\/16\/convocatoria-pleno-ordinario-de-octubre-de-2024\/"},"author":{"name":"ayuntamiento","@id":"https:\/\/coria.org\/ayuntamiento\/#\/schema\/person\/8bd589f0e13e8ae5aa06def7a599d622"},"headline":"Convocatoria Pleno Ordinario de Octubre de 2024","datePublished":"2024-10-16T08:14:24+00:00","dateModified":"2025-09-11T12:15:59+00:00","mainEntityOfPage":{"@id":"https:\/\/coria.org\/ayuntamiento\/index.php\/2024\/10\/16\/convocatoria-pleno-ordinario-de-octubre-de-2024\/"},"wordCount":514,"publisher":{"@id":"https:\/\/coria.org\/ayuntamiento\/#organization"},"image":{"@id":"https:\/\/coria.org\/ayuntamiento\/index.php\/2024\/10\/16\/convocatoria-pleno-ordinario-de-octubre-de-2024\/#primaryimage"},"thumbnailUrl":"https:\/\/coria.org\/ayuntamiento\/wp-content\/uploads\/2015\/10\/ayto.webp","keywords":["pleno"],"articleSection":["Noticias"],"inLanguage":"es"},{"@type":"WebPage","@id":"https:\/\/coria.org\/ayuntamiento\/index.php\/2024\/10\/16\/convocatoria-pleno-ordinario-de-octubre-de-2024\/","url":"https:\/\/coria.org\/ayuntamiento\/index.php\/2024\/10\/16\/convocatoria-pleno-ordinario-de-octubre-de-2024\/","name":"Convocatoria Pleno Ordinario de Octubre de 2024 - Ayuntamiento de Coria","isPartOf":{"@id":"https:\/\/coria.org\/ayuntamiento\/#website"},"primaryImageOfPage":{"@id":"https:\/\/coria.org\/ayuntamiento\/index.php\/2024\/10\/16\/convocatoria-pleno-ordinario-de-octubre-de-2024\/#primaryimage"},"image":{"@id":"https:\/\/coria.org\/ayuntamiento\/index.php\/2024\/10\/16\/convocatoria-pleno-ordinario-de-octubre-de-2024\/#primaryimage"},"thumbnailUrl":"https:\/\/coria.org\/ayuntamiento\/wp-content\/uploads\/2015\/10\/ayto.webp","datePublished":"2024-10-16T08:14:24+00:00","dateModified":"2025-09-11T12:15:59+00:00","description":"Hoy mi\u00e9rcoles 16 de octubre de 2024 tendr\u00e1 lugar el Pleno Ordinario del Ayuntamiento de Coria.","breadcrumb":{"@id":"https:\/\/coria.org\/ayuntamiento\/index.php\/2024\/10\/16\/convocatoria-pleno-ordinario-de-octubre-de-2024\/#breadcrumb"},"inLanguage":"es","potentialAction":[{"@type":"ReadAction","target":["https:\/\/coria.org\/ayuntamiento\/index.php\/2024\/10\/16\/convocatoria-pleno-ordinario-de-octubre-de-2024\/"]}]},{"@type":"ImageObject","inLanguage":"es","@id":"https:\/\/coria.org\/ayuntamiento\/index.php\/2024\/10\/16\/convocatoria-pleno-ordinario-de-octubre-de-2024\/#primaryimage","url":"https:\/\/coria.org\/ayuntamiento\/wp-content\/uploads\/2015\/10\/ayto.webp","contentUrl":"https:\/\/coria.org\/ayuntamiento\/wp-content\/uploads\/2015\/10\/ayto.webp","width":1024,"height":576},{"@type":"BreadcrumbList","@id":"https:\/\/coria.org\/ayuntamiento\/index.php\/2024\/10\/16\/convocatoria-pleno-ordinario-de-octubre-de-2024\/#breadcrumb","itemListElement":[{"@type":"ListItem","position":1,"name":"Inicio","item":"https:\/\/coria.org\/ayuntamiento\/"},{"@type":"ListItem","position":2,"name":"Convocatoria Pleno Ordinario de Octubre de 2024"}]},{"@type":"WebSite","@id":"https:\/\/coria.org\/ayuntamiento\/#website","url":"https:\/\/coria.org\/ayuntamiento\/","name":"Ayuntamiento de Coria","description":"Web oficial del Ayuntamiento de Coria","publisher":{"@id":"https:\/\/coria.org\/ayuntamiento\/#organization"},"alternateName":"Web Oficial del Ayuntamiento de Coria","potentialAction":[{"@type":"SearchAction","target":{"@type":"EntryPoint","urlTemplate":"https:\/\/coria.org\/ayuntamiento\/?s={search_term_string}"},"query-input":{"@type":"PropertyValueSpecification","valueRequired":true,"valueName":"search_term_string"}}],"inLanguage":"es"},{"@type":"Organization","@id":"https:\/\/coria.org\/ayuntamiento\/#organization","name":"Ayuntamiento de Coria","alternateName":"Ayto de Coria","url":"https:\/\/coria.org\/ayuntamiento\/","logo":{"@type":"ImageObject","inLanguage":"es","@id":"https:\/\/coria.org\/ayuntamiento\/#\/schema\/logo\/image\/","url":"https:\/\/coria.org\/ayuntamiento\/wp-content\/uploads\/2020\/12\/escudo-ayuntamiento-coria.png","contentUrl":"https:\/\/coria.org\/ayuntamiento\/wp-content\/uploads\/2020\/12\/escudo-ayuntamiento-coria.png","width":511,"height":240,"caption":"Ayuntamiento de Coria"},"image":{"@id":"https:\/\/coria.org\/ayuntamiento\/#\/schema\/logo\/image\/"},"sameAs":["https:\/\/www.facebook.com\/Ayuntamiento.de.Coria","https:\/\/x.com\/Ayto_de_Coria","https:\/\/www.instagram.com\/coria.ayuntamiento\/","https:\/\/www.youtube.com\/user\/AYUNTAMIENTOCORIA"]},{"@type":"Person","@id":"https:\/\/coria.org\/ayuntamiento\/#\/schema\/person\/8bd589f0e13e8ae5aa06def7a599d622","name":"ayuntamiento","image":{"@type":"ImageObject","inLanguage":"es","@id":"https:\/\/secure.gravatar.com\/avatar\/966e5ed73cad334adda5c87f49f2547f7082f7292c1b627cbb548744383b391c?s=96&d=mm&r=g","url":"https:\/\/secure.gravatar.com\/avatar\/966e5ed73cad334adda5c87f49f2547f7082f7292c1b627cbb548744383b391c?s=96&d=mm&r=g","contentUrl":"https:\/\/secure.gravatar.com\/avatar\/966e5ed73cad334adda5c87f49f2547f7082f7292c1b627cbb548744383b391c?s=96&d=mm&r=g","caption":"ayuntamiento"}}]}},"uagb_featured_image_src":{"full":["https:\/\/coria.org\/ayuntamiento\/wp-content\/uploads\/2015\/10\/ayto.webp",1024,576,false],"thumbnail":["https:\/\/coria.org\/ayuntamiento\/wp-content\/uploads\/2015\/10\/ayto-150x150.webp",150,150,true],"medium":["https:\/\/coria.org\/ayuntamiento\/wp-content\/uploads\/2015\/10\/ayto.webp",1024,576,false],"medium_large":["https:\/\/coria.org\/ayuntamiento\/wp-content\/uploads\/2015\/10\/ayto-768x432.webp",768,432,true],"large":["https:\/\/coria.org\/ayuntamiento\/wp-content\/uploads\/2015\/10\/ayto.webp",1024,576,false],"thumblist":["https:\/\/coria.org\/ayuntamiento\/wp-content\/uploads\/2015\/10\/ayto-300x300.webp",300,300,true],"thumbrelated":["https:\/\/coria.org\/ayuntamiento\/wp-content\/uploads\/2015\/10\/ayto-500x500.webp",500,500,true],"meccarouselthumb":["https:\/\/coria.org\/ayuntamiento\/wp-content\/uploads\/2015\/10\/ayto-474x324.webp",474,324,true],"gridsquare":["https:\/\/coria.org\/ayuntamiento\/wp-content\/uploads\/2015\/10\/ayto-391x260.webp",391,260,true],"tileview":["https:\/\/coria.org\/ayuntamiento\/wp-content\/uploads\/2015\/10\/ayto-300x400.webp",300,400,true],"1536x1536":["https:\/\/coria.org\/ayuntamiento\/wp-content\/uploads\/2015\/10\/ayto.webp",1024,576,false],"2048x2048":["https:\/\/coria.org\/ayuntamiento\/wp-content\/uploads\/2015\/10\/ayto.webp",1024,576,false]},"uagb_author_info":{"display_name":"ayuntamiento","author_link":"https:\/\/coria.org\/ayuntamiento\/index.php\/author\/ayuntamiento\/"},"uagb_comment_info":0,"uagb_excerpt":"Hoy mi\u00e9rcoles 16 de octubre de 2024 tendr\u00e1 lugar el Pleno Ordinario del Ayuntamiento de Coria. La Sra. Alcaldesa de la Ciudad de Coria ha dictado una Resoluci\u00f3n que, copiada literalmente, es del siguiente tenor: \u201cVista la relaci\u00f3n de expedientes conclusos dispuestos por la Secretaria, de conformidad con lo establecido en el art\u00edculo 82 del&hellip;","_links":{"self":[{"href":"https:\/\/coria.org\/ayuntamiento\/index.php\/wp-json\/wp\/v2\/posts\/62842","targetHints":{"allow":["GET"]}}],"collection":[{"href":"https:\/\/coria.org\/ayuntamiento\/index.php\/wp-json\/wp\/v2\/posts"}],"about":[{"href":"https:\/\/coria.org\/ayuntamiento\/index.php\/wp-json\/wp\/v2\/types\/post"}],"author":[{"embeddable":true,"href":"https:\/\/coria.org\/ayuntamiento\/index.php\/wp-json\/wp\/v2\/users\/2"}],"replies":[{"embeddable":true,"href":"https:\/\/coria.org\/ayuntamiento\/index.php\/wp-json\/wp\/v2\/comments?post=62842"}],"version-history":[{"count":0,"href":"https:\/\/coria.org\/ayuntamiento\/index.php\/wp-json\/wp\/v2\/posts\/62842\/revisions"}],"wp:featuredmedia":[{"embeddable":true,"href":"https:\/\/coria.org\/ayuntamiento\/index.php\/wp-json\/wp\/v2\/media\/62456"}],"wp:attachment":[{"href":"https:\/\/coria.org\/ayuntamiento\/index.php\/wp-json\/wp\/v2\/media?parent=62842"}],"wp:term":[{"taxonomy":"category","embeddable":true,"href":"https:\/\/coria.org\/ayuntamiento\/index.php\/wp-json\/wp\/v2\/categories?post=62842"},{"taxonomy":"post_tag","embeddable":true,"href":"https:\/\/coria.org\/ayuntamiento\/index.php\/wp-json\/wp\/v2\/tags?post=62842"}],"curies":[{"name":"wp","href":"https:\/\/api.w.org\/{rel}","templated":true}]}}