{"id":61668,"date":"2024-06-04T13:58:46","date_gmt":"2024-06-04T11:58:46","guid":{"rendered":"https:\/\/turismocoria.es\/importacion\/?p=61668"},"modified":"2025-04-10T14:58:04","modified_gmt":"2025-04-10T12:58:04","slug":"la-ciudad-de-coria-abrira-las-piscinas-municipales-el-proximo-22-de-junio","status":"publish","type":"post","link":"https:\/\/coria.org\/ayuntamiento\/index.php\/2024\/06\/04\/la-ciudad-de-coria-abrira-las-piscinas-municipales-el-proximo-22-de-junio\/","title":{"rendered":"La ciudad de Coria abrir\u00e1 las piscinas municipales el pr\u00f3ximo 22 de junio"},"content":{"rendered":"\n<p>Las piscinas municipales de Coria, Rinc\u00f3n del Obispo y Puebla de Argeme abrir\u00e1n sus puertas el d\u00eda 22 de junio. La fecha se ha retrasado levemente debido a las obras que est\u00e1n siendo realizadas en las instalaciones. El horario de las piscinas ser\u00e1 el mismo que el de a\u00f1os anteriores, de 12:00 a 21:00 horas.<\/p>\n\n\n<figure class=\"wp-block-post-featured-image\"><img loading=\"lazy\" decoding=\"async\" width=\"1920\" height=\"1440\" src=\"https:\/\/coria.org\/ayuntamiento\/wp-content\/uploads\/2024\/07\/apertura-piscinas-24.jpg\" class=\"attachment-post-thumbnail size-post-thumbnail wp-post-image\" alt=\"\" style=\"object-fit:cover;\" srcset=\"https:\/\/coria.org\/ayuntamiento\/wp-content\/uploads\/2024\/07\/apertura-piscinas-24.jpg 1920w, https:\/\/coria.org\/ayuntamiento\/wp-content\/uploads\/2024\/07\/apertura-piscinas-24-300x225.jpg 300w, https:\/\/coria.org\/ayuntamiento\/wp-content\/uploads\/2024\/07\/apertura-piscinas-24-1024x768.jpg 1024w, https:\/\/coria.org\/ayuntamiento\/wp-content\/uploads\/2024\/07\/apertura-piscinas-24-768x576.jpg 768w, https:\/\/coria.org\/ayuntamiento\/wp-content\/uploads\/2024\/07\/apertura-piscinas-24-1536x1152.jpg 1536w\" sizes=\"auto, (max-width: 1920px) 100vw, 1920px\" \/><\/figure>\n\n\n<p>Otro elemento que se mantiene es el precio de las tarifas. Por un lado, los ni\u00f1os de 0 a 3 a\u00f1os tendr\u00e1n entrada gratuita; los menores de 4 a 13 a\u00f1os, los jubilados y las personas con discapacidad reconocida de al menos un 33% deben pagar 1 euro al d\u00eda y todos los mayores de 14 a\u00f1os ser\u00e1n 2 euros. Adem\u00e1s, las personas que sean familia numerosa acreditada tendr\u00e1n un descuento del 50% exclusivamente en las entradas diarias.<\/p>\n\n\n\n<p>Por otro lado, los abonos individuales ser\u00e1n por 15 d\u00edas y tendr\u00e1n un precio de 9 euros para ni\u00f1os de 4 a 13 a\u00f1os. Para los mayores de 14 a\u00f1os la cuant\u00eda ser\u00e1 de 18 euros, pero el de personas jubiladas tendr\u00e1 un precio de 15 euros. Los titulares del carn\u00e9 joven tendr\u00e1n un descuento del 50% en funci\u00f3n de la tasa que corresponda . Los abonos para las personas con discapacidad reconocida de al menos un 33% y titulares del carn\u00e9 joven pagar\u00e1n 9 euros. Siguen estando los abonos colectivos de 3 miembros por 36 euros y 48 euros para los de 4 miembros.<\/p>\n\n\n\n<p>Adem\u00e1s, esta temporada seguir\u00e1n estando los cursos de nataci\u00f3n para todas las edades, el curso de mantenimiento en el agua y el acuaerobic para los adultos. Todo esto durante los meses de julio y agosto.<\/p>\n","protected":false},"excerpt":{"rendered":"<p>Las piscinas municipales de Coria, Rinc\u00f3n del Obispo y Puebla de Argeme abrir\u00e1n sus puertas el d\u00eda 22 de junio. La fecha se ha retrasado levemente debido a las obras que est\u00e1n siendo realizadas en las instalaciones. El horario de las piscinas ser\u00e1 el mismo que el de a\u00f1os anteriores, de 12:00 a 21:00 horas. [&hellip;]<\/p>\n","protected":false},"author":2,"featured_media":61669,"comment_status":"closed","ping_status":"closed","sticky":false,"template":"","format":"standard","meta":{"_uag_custom_page_level_css":"","footnotes":""},"categories":[2],"tags":[964],"class_list":["post-61668","post","type-post","status-publish","format-standard","has-post-thumbnail","hentry","category-noticias","tag-piscinas"],"yoast_head":"<!-- This site is optimized with the Yoast SEO plugin v27.4 - https:\/\/yoast.com\/product\/yoast-seo-wordpress\/ -->\n<title>La ciudad de Coria abrir\u00e1 las piscinas municipales el pr\u00f3ximo 22 de junio - Ayuntamiento de Coria<\/title>\n<meta name=\"robots\" content=\"index, follow, max-snippet:-1, max-image-preview:large, max-video-preview:-1\" \/>\n<link rel=\"canonical\" href=\"https:\/\/coria.org\/ayuntamiento\/index.php\/2024\/06\/04\/la-ciudad-de-coria-abrira-las-piscinas-municipales-el-proximo-22-de-junio\/\" \/>\n<meta property=\"og:locale\" content=\"es_ES\" \/>\n<meta property=\"og:type\" content=\"article\" \/>\n<meta property=\"og:title\" content=\"La ciudad de Coria abrir\u00e1 las piscinas municipales el pr\u00f3ximo 22 de junio - Ayuntamiento de Coria\" \/>\n<meta property=\"og:description\" content=\"Las piscinas municipales de Coria, Rinc\u00f3n del Obispo y Puebla de Argeme abrir\u00e1n sus puertas el d\u00eda 22 de junio. La fecha se ha retrasado levemente debido a las obras que est\u00e1n siendo realizadas en las instalaciones. El horario de las piscinas ser\u00e1 el mismo que el de a\u00f1os anteriores, de 12:00 a 21:00 horas. [&hellip;]\" \/>\n<meta property=\"og:url\" content=\"https:\/\/coria.org\/ayuntamiento\/index.php\/2024\/06\/04\/la-ciudad-de-coria-abrira-las-piscinas-municipales-el-proximo-22-de-junio\/\" \/>\n<meta property=\"og:site_name\" content=\"Ayuntamiento de Coria\" \/>\n<meta property=\"article:publisher\" content=\"https:\/\/www.facebook.com\/Ayuntamiento.de.Coria\" \/>\n<meta property=\"article:published_time\" content=\"2024-06-04T11:58:46+00:00\" \/>\n<meta property=\"article:modified_time\" content=\"2025-04-10T12:58:04+00:00\" \/>\n<meta property=\"og:image\" content=\"https:\/\/coria.org\/ayuntamiento\/wp-content\/uploads\/2024\/07\/apertura-piscinas-24.jpg\" \/>\n\t<meta property=\"og:image:width\" content=\"1920\" \/>\n\t<meta property=\"og:image:height\" content=\"1440\" \/>\n\t<meta property=\"og:image:type\" content=\"image\/jpeg\" \/>\n<meta name=\"author\" content=\"ayuntamiento\" \/>\n<meta name=\"twitter:card\" content=\"summary_large_image\" \/>\n<meta name=\"twitter:creator\" content=\"@Ayto_de_Coria\" \/>\n<meta name=\"twitter:site\" content=\"@Ayto_de_Coria\" \/>\n<meta name=\"twitter:label1\" content=\"Escrito por\" \/>\n\t<meta name=\"twitter:data1\" content=\"ayuntamiento\" \/>\n\t<meta name=\"twitter:label2\" content=\"Tiempo de lectura\" \/>\n\t<meta name=\"twitter:data2\" content=\"1 minuto\" \/>\n<script type=\"application\/ld+json\" class=\"yoast-schema-graph\">{\"@context\":\"https:\\\/\\\/schema.org\",\"@graph\":[{\"@type\":\"Article\",\"@id\":\"https:\\\/\\\/coria.org\\\/ayuntamiento\\\/index.php\\\/2024\\\/06\\\/04\\\/la-ciudad-de-coria-abrira-las-piscinas-municipales-el-proximo-22-de-junio\\\/#article\",\"isPartOf\":{\"@id\":\"https:\\\/\\\/coria.org\\\/ayuntamiento\\\/index.php\\\/2024\\\/06\\\/04\\\/la-ciudad-de-coria-abrira-las-piscinas-municipales-el-proximo-22-de-junio\\\/\"},\"author\":{\"name\":\"ayuntamiento\",\"@id\":\"https:\\\/\\\/coria.org\\\/ayuntamiento\\\/#\\\/schema\\\/person\\\/8bd589f0e13e8ae5aa06def7a599d622\"},\"headline\":\"La ciudad de Coria abrir\u00e1 las piscinas municipales el pr\u00f3ximo 22 de junio\",\"datePublished\":\"2024-06-04T11:58:46+00:00\",\"dateModified\":\"2025-04-10T12:58:04+00:00\",\"mainEntityOfPage\":{\"@id\":\"https:\\\/\\\/coria.org\\\/ayuntamiento\\\/index.php\\\/2024\\\/06\\\/04\\\/la-ciudad-de-coria-abrira-las-piscinas-municipales-el-proximo-22-de-junio\\\/\"},\"wordCount\":286,\"publisher\":{\"@id\":\"https:\\\/\\\/coria.org\\\/ayuntamiento\\\/#organization\"},\"image\":{\"@id\":\"https:\\\/\\\/coria.org\\\/ayuntamiento\\\/index.php\\\/2024\\\/06\\\/04\\\/la-ciudad-de-coria-abrira-las-piscinas-municipales-el-proximo-22-de-junio\\\/#primaryimage\"},\"thumbnailUrl\":\"https:\\\/\\\/coria.org\\\/ayuntamiento\\\/wp-content\\\/uploads\\\/2024\\\/07\\\/apertura-piscinas-24.jpg\",\"keywords\":[\"piscinas\"],\"articleSection\":[\"Noticias\"],\"inLanguage\":\"es\"},{\"@type\":\"WebPage\",\"@id\":\"https:\\\/\\\/coria.org\\\/ayuntamiento\\\/index.php\\\/2024\\\/06\\\/04\\\/la-ciudad-de-coria-abrira-las-piscinas-municipales-el-proximo-22-de-junio\\\/\",\"url\":\"https:\\\/\\\/coria.org\\\/ayuntamiento\\\/index.php\\\/2024\\\/06\\\/04\\\/la-ciudad-de-coria-abrira-las-piscinas-municipales-el-proximo-22-de-junio\\\/\",\"name\":\"La ciudad de Coria abrir\u00e1 las piscinas municipales el pr\u00f3ximo 22 de junio - Ayuntamiento de Coria\",\"isPartOf\":{\"@id\":\"https:\\\/\\\/coria.org\\\/ayuntamiento\\\/#website\"},\"primaryImageOfPage\":{\"@id\":\"https:\\\/\\\/coria.org\\\/ayuntamiento\\\/index.php\\\/2024\\\/06\\\/04\\\/la-ciudad-de-coria-abrira-las-piscinas-municipales-el-proximo-22-de-junio\\\/#primaryimage\"},\"image\":{\"@id\":\"https:\\\/\\\/coria.org\\\/ayuntamiento\\\/index.php\\\/2024\\\/06\\\/04\\\/la-ciudad-de-coria-abrira-las-piscinas-municipales-el-proximo-22-de-junio\\\/#primaryimage\"},\"thumbnailUrl\":\"https:\\\/\\\/coria.org\\\/ayuntamiento\\\/wp-content\\\/uploads\\\/2024\\\/07\\\/apertura-piscinas-24.jpg\",\"datePublished\":\"2024-06-04T11:58:46+00:00\",\"dateModified\":\"2025-04-10T12:58:04+00:00\",\"breadcrumb\":{\"@id\":\"https:\\\/\\\/coria.org\\\/ayuntamiento\\\/index.php\\\/2024\\\/06\\\/04\\\/la-ciudad-de-coria-abrira-las-piscinas-municipales-el-proximo-22-de-junio\\\/#breadcrumb\"},\"inLanguage\":\"es\",\"potentialAction\":[{\"@type\":\"ReadAction\",\"target\":[\"https:\\\/\\\/coria.org\\\/ayuntamiento\\\/index.php\\\/2024\\\/06\\\/04\\\/la-ciudad-de-coria-abrira-las-piscinas-municipales-el-proximo-22-de-junio\\\/\"]}]},{\"@type\":\"ImageObject\",\"inLanguage\":\"es\",\"@id\":\"https:\\\/\\\/coria.org\\\/ayuntamiento\\\/index.php\\\/2024\\\/06\\\/04\\\/la-ciudad-de-coria-abrira-las-piscinas-municipales-el-proximo-22-de-junio\\\/#primaryimage\",\"url\":\"https:\\\/\\\/coria.org\\\/ayuntamiento\\\/wp-content\\\/uploads\\\/2024\\\/07\\\/apertura-piscinas-24.jpg\",\"contentUrl\":\"https:\\\/\\\/coria.org\\\/ayuntamiento\\\/wp-content\\\/uploads\\\/2024\\\/07\\\/apertura-piscinas-24.jpg\",\"width\":1920,\"height\":1440},{\"@type\":\"BreadcrumbList\",\"@id\":\"https:\\\/\\\/coria.org\\\/ayuntamiento\\\/index.php\\\/2024\\\/06\\\/04\\\/la-ciudad-de-coria-abrira-las-piscinas-municipales-el-proximo-22-de-junio\\\/#breadcrumb\",\"itemListElement\":[{\"@type\":\"ListItem\",\"position\":1,\"name\":\"Inicio\",\"item\":\"https:\\\/\\\/coria.org\\\/ayuntamiento\\\/\"},{\"@type\":\"ListItem\",\"position\":2,\"name\":\"La ciudad de Coria abrir\u00e1 las piscinas municipales el pr\u00f3ximo 22 de junio\"}]},{\"@type\":\"WebSite\",\"@id\":\"https:\\\/\\\/coria.org\\\/ayuntamiento\\\/#website\",\"url\":\"https:\\\/\\\/coria.org\\\/ayuntamiento\\\/\",\"name\":\"Ayuntamiento de Coria\",\"description\":\"Web oficial del Ayuntamiento de Coria\",\"publisher\":{\"@id\":\"https:\\\/\\\/coria.org\\\/ayuntamiento\\\/#organization\"},\"alternateName\":\"Web Oficial del Ayuntamiento de Coria\",\"potentialAction\":[{\"@type\":\"SearchAction\",\"target\":{\"@type\":\"EntryPoint\",\"urlTemplate\":\"https:\\\/\\\/coria.org\\\/ayuntamiento\\\/?s={search_term_string}\"},\"query-input\":{\"@type\":\"PropertyValueSpecification\",\"valueRequired\":true,\"valueName\":\"search_term_string\"}}],\"inLanguage\":\"es\"},{\"@type\":\"Organization\",\"@id\":\"https:\\\/\\\/coria.org\\\/ayuntamiento\\\/#organization\",\"name\":\"Ayuntamiento de Coria\",\"alternateName\":\"Ayto de Coria\",\"url\":\"https:\\\/\\\/coria.org\\\/ayuntamiento\\\/\",\"logo\":{\"@type\":\"ImageObject\",\"inLanguage\":\"es\",\"@id\":\"https:\\\/\\\/coria.org\\\/ayuntamiento\\\/#\\\/schema\\\/logo\\\/image\\\/\",\"url\":\"https:\\\/\\\/coria.org\\\/ayuntamiento\\\/wp-content\\\/uploads\\\/2020\\\/12\\\/escudo-ayuntamiento-coria.png\",\"contentUrl\":\"https:\\\/\\\/coria.org\\\/ayuntamiento\\\/wp-content\\\/uploads\\\/2020\\\/12\\\/escudo-ayuntamiento-coria.png\",\"width\":511,\"height\":240,\"caption\":\"Ayuntamiento de Coria\"},\"image\":{\"@id\":\"https:\\\/\\\/coria.org\\\/ayuntamiento\\\/#\\\/schema\\\/logo\\\/image\\\/\"},\"sameAs\":[\"https:\\\/\\\/www.facebook.com\\\/Ayuntamiento.de.Coria\",\"https:\\\/\\\/x.com\\\/Ayto_de_Coria\",\"https:\\\/\\\/www.instagram.com\\\/coria.ayuntamiento\\\/\",\"https:\\\/\\\/www.youtube.com\\\/user\\\/AYUNTAMIENTOCORIA\"]},{\"@type\":\"Person\",\"@id\":\"https:\\\/\\\/coria.org\\\/ayuntamiento\\\/#\\\/schema\\\/person\\\/8bd589f0e13e8ae5aa06def7a599d622\",\"name\":\"ayuntamiento\",\"image\":{\"@type\":\"ImageObject\",\"inLanguage\":\"es\",\"@id\":\"https:\\\/\\\/secure.gravatar.com\\\/avatar\\\/966e5ed73cad334adda5c87f49f2547f7082f7292c1b627cbb548744383b391c?s=96&d=mm&r=g\",\"url\":\"https:\\\/\\\/secure.gravatar.com\\\/avatar\\\/966e5ed73cad334adda5c87f49f2547f7082f7292c1b627cbb548744383b391c?s=96&d=mm&r=g\",\"contentUrl\":\"https:\\\/\\\/secure.gravatar.com\\\/avatar\\\/966e5ed73cad334adda5c87f49f2547f7082f7292c1b627cbb548744383b391c?s=96&d=mm&r=g\",\"caption\":\"ayuntamiento\"}}]}<\/script>\n<!-- \/ Yoast SEO plugin. -->","yoast_head_json":{"title":"La ciudad de Coria abrir\u00e1 las piscinas municipales el pr\u00f3ximo 22 de junio - Ayuntamiento de Coria","robots":{"index":"index","follow":"follow","max-snippet":"max-snippet:-1","max-image-preview":"max-image-preview:large","max-video-preview":"max-video-preview:-1"},"canonical":"https:\/\/coria.org\/ayuntamiento\/index.php\/2024\/06\/04\/la-ciudad-de-coria-abrira-las-piscinas-municipales-el-proximo-22-de-junio\/","og_locale":"es_ES","og_type":"article","og_title":"La ciudad de Coria abrir\u00e1 las piscinas municipales el pr\u00f3ximo 22 de junio - Ayuntamiento de Coria","og_description":"Las piscinas municipales de Coria, Rinc\u00f3n del Obispo y Puebla de Argeme abrir\u00e1n sus puertas el d\u00eda 22 de junio. La fecha se ha retrasado levemente debido a las obras que est\u00e1n siendo realizadas en las instalaciones. El horario de las piscinas ser\u00e1 el mismo que el de a\u00f1os anteriores, de 12:00 a 21:00 horas. [&hellip;]","og_url":"https:\/\/coria.org\/ayuntamiento\/index.php\/2024\/06\/04\/la-ciudad-de-coria-abrira-las-piscinas-municipales-el-proximo-22-de-junio\/","og_site_name":"Ayuntamiento de Coria","article_publisher":"https:\/\/www.facebook.com\/Ayuntamiento.de.Coria","article_published_time":"2024-06-04T11:58:46+00:00","article_modified_time":"2025-04-10T12:58:04+00:00","og_image":[{"width":1920,"height":1440,"url":"https:\/\/coria.org\/ayuntamiento\/wp-content\/uploads\/2024\/07\/apertura-piscinas-24.jpg","type":"image\/jpeg"}],"author":"ayuntamiento","twitter_card":"summary_large_image","twitter_creator":"@Ayto_de_Coria","twitter_site":"@Ayto_de_Coria","twitter_misc":{"Escrito por":"ayuntamiento","Tiempo de lectura":"1 minuto"},"schema":{"@context":"https:\/\/schema.org","@graph":[{"@type":"Article","@id":"https:\/\/coria.org\/ayuntamiento\/index.php\/2024\/06\/04\/la-ciudad-de-coria-abrira-las-piscinas-municipales-el-proximo-22-de-junio\/#article","isPartOf":{"@id":"https:\/\/coria.org\/ayuntamiento\/index.php\/2024\/06\/04\/la-ciudad-de-coria-abrira-las-piscinas-municipales-el-proximo-22-de-junio\/"},"author":{"name":"ayuntamiento","@id":"https:\/\/coria.org\/ayuntamiento\/#\/schema\/person\/8bd589f0e13e8ae5aa06def7a599d622"},"headline":"La ciudad de Coria abrir\u00e1 las piscinas municipales el pr\u00f3ximo 22 de junio","datePublished":"2024-06-04T11:58:46+00:00","dateModified":"2025-04-10T12:58:04+00:00","mainEntityOfPage":{"@id":"https:\/\/coria.org\/ayuntamiento\/index.php\/2024\/06\/04\/la-ciudad-de-coria-abrira-las-piscinas-municipales-el-proximo-22-de-junio\/"},"wordCount":286,"publisher":{"@id":"https:\/\/coria.org\/ayuntamiento\/#organization"},"image":{"@id":"https:\/\/coria.org\/ayuntamiento\/index.php\/2024\/06\/04\/la-ciudad-de-coria-abrira-las-piscinas-municipales-el-proximo-22-de-junio\/#primaryimage"},"thumbnailUrl":"https:\/\/coria.org\/ayuntamiento\/wp-content\/uploads\/2024\/07\/apertura-piscinas-24.jpg","keywords":["piscinas"],"articleSection":["Noticias"],"inLanguage":"es"},{"@type":"WebPage","@id":"https:\/\/coria.org\/ayuntamiento\/index.php\/2024\/06\/04\/la-ciudad-de-coria-abrira-las-piscinas-municipales-el-proximo-22-de-junio\/","url":"https:\/\/coria.org\/ayuntamiento\/index.php\/2024\/06\/04\/la-ciudad-de-coria-abrira-las-piscinas-municipales-el-proximo-22-de-junio\/","name":"La ciudad de Coria abrir\u00e1 las piscinas municipales el pr\u00f3ximo 22 de junio - Ayuntamiento de Coria","isPartOf":{"@id":"https:\/\/coria.org\/ayuntamiento\/#website"},"primaryImageOfPage":{"@id":"https:\/\/coria.org\/ayuntamiento\/index.php\/2024\/06\/04\/la-ciudad-de-coria-abrira-las-piscinas-municipales-el-proximo-22-de-junio\/#primaryimage"},"image":{"@id":"https:\/\/coria.org\/ayuntamiento\/index.php\/2024\/06\/04\/la-ciudad-de-coria-abrira-las-piscinas-municipales-el-proximo-22-de-junio\/#primaryimage"},"thumbnailUrl":"https:\/\/coria.org\/ayuntamiento\/wp-content\/uploads\/2024\/07\/apertura-piscinas-24.jpg","datePublished":"2024-06-04T11:58:46+00:00","dateModified":"2025-04-10T12:58:04+00:00","breadcrumb":{"@id":"https:\/\/coria.org\/ayuntamiento\/index.php\/2024\/06\/04\/la-ciudad-de-coria-abrira-las-piscinas-municipales-el-proximo-22-de-junio\/#breadcrumb"},"inLanguage":"es","potentialAction":[{"@type":"ReadAction","target":["https:\/\/coria.org\/ayuntamiento\/index.php\/2024\/06\/04\/la-ciudad-de-coria-abrira-las-piscinas-municipales-el-proximo-22-de-junio\/"]}]},{"@type":"ImageObject","inLanguage":"es","@id":"https:\/\/coria.org\/ayuntamiento\/index.php\/2024\/06\/04\/la-ciudad-de-coria-abrira-las-piscinas-municipales-el-proximo-22-de-junio\/#primaryimage","url":"https:\/\/coria.org\/ayuntamiento\/wp-content\/uploads\/2024\/07\/apertura-piscinas-24.jpg","contentUrl":"https:\/\/coria.org\/ayuntamiento\/wp-content\/uploads\/2024\/07\/apertura-piscinas-24.jpg","width":1920,"height":1440},{"@type":"BreadcrumbList","@id":"https:\/\/coria.org\/ayuntamiento\/index.php\/2024\/06\/04\/la-ciudad-de-coria-abrira-las-piscinas-municipales-el-proximo-22-de-junio\/#breadcrumb","itemListElement":[{"@type":"ListItem","position":1,"name":"Inicio","item":"https:\/\/coria.org\/ayuntamiento\/"},{"@type":"ListItem","position":2,"name":"La ciudad de Coria abrir\u00e1 las piscinas municipales el pr\u00f3ximo 22 de junio"}]},{"@type":"WebSite","@id":"https:\/\/coria.org\/ayuntamiento\/#website","url":"https:\/\/coria.org\/ayuntamiento\/","name":"Ayuntamiento de Coria","description":"Web oficial del Ayuntamiento de Coria","publisher":{"@id":"https:\/\/coria.org\/ayuntamiento\/#organization"},"alternateName":"Web Oficial del Ayuntamiento de Coria","potentialAction":[{"@type":"SearchAction","target":{"@type":"EntryPoint","urlTemplate":"https:\/\/coria.org\/ayuntamiento\/?s={search_term_string}"},"query-input":{"@type":"PropertyValueSpecification","valueRequired":true,"valueName":"search_term_string"}}],"inLanguage":"es"},{"@type":"Organization","@id":"https:\/\/coria.org\/ayuntamiento\/#organization","name":"Ayuntamiento de Coria","alternateName":"Ayto de Coria","url":"https:\/\/coria.org\/ayuntamiento\/","logo":{"@type":"ImageObject","inLanguage":"es","@id":"https:\/\/coria.org\/ayuntamiento\/#\/schema\/logo\/image\/","url":"https:\/\/coria.org\/ayuntamiento\/wp-content\/uploads\/2020\/12\/escudo-ayuntamiento-coria.png","contentUrl":"https:\/\/coria.org\/ayuntamiento\/wp-content\/uploads\/2020\/12\/escudo-ayuntamiento-coria.png","width":511,"height":240,"caption":"Ayuntamiento de Coria"},"image":{"@id":"https:\/\/coria.org\/ayuntamiento\/#\/schema\/logo\/image\/"},"sameAs":["https:\/\/www.facebook.com\/Ayuntamiento.de.Coria","https:\/\/x.com\/Ayto_de_Coria","https:\/\/www.instagram.com\/coria.ayuntamiento\/","https:\/\/www.youtube.com\/user\/AYUNTAMIENTOCORIA"]},{"@type":"Person","@id":"https:\/\/coria.org\/ayuntamiento\/#\/schema\/person\/8bd589f0e13e8ae5aa06def7a599d622","name":"ayuntamiento","image":{"@type":"ImageObject","inLanguage":"es","@id":"https:\/\/secure.gravatar.com\/avatar\/966e5ed73cad334adda5c87f49f2547f7082f7292c1b627cbb548744383b391c?s=96&d=mm&r=g","url":"https:\/\/secure.gravatar.com\/avatar\/966e5ed73cad334adda5c87f49f2547f7082f7292c1b627cbb548744383b391c?s=96&d=mm&r=g","contentUrl":"https:\/\/secure.gravatar.com\/avatar\/966e5ed73cad334adda5c87f49f2547f7082f7292c1b627cbb548744383b391c?s=96&d=mm&r=g","caption":"ayuntamiento"}}]}},"uagb_featured_image_src":{"full":["https:\/\/coria.org\/ayuntamiento\/wp-content\/uploads\/2024\/07\/apertura-piscinas-24.jpg",1920,1440,false],"thumbnail":["https:\/\/coria.org\/ayuntamiento\/wp-content\/uploads\/2024\/07\/apertura-piscinas-24-150x150.jpg",150,150,true],"medium":["https:\/\/coria.org\/ayuntamiento\/wp-content\/uploads\/2024\/07\/apertura-piscinas-24-300x225.jpg",300,225,true],"medium_large":["https:\/\/coria.org\/ayuntamiento\/wp-content\/uploads\/2024\/07\/apertura-piscinas-24-768x576.jpg",768,576,true],"large":["https:\/\/coria.org\/ayuntamiento\/wp-content\/uploads\/2024\/07\/apertura-piscinas-24-1024x768.jpg",1024,768,true],"thumblist":["https:\/\/coria.org\/ayuntamiento\/wp-content\/uploads\/2024\/07\/apertura-piscinas-24-300x300.jpg",300,300,true],"thumbrelated":["https:\/\/coria.org\/ayuntamiento\/wp-content\/uploads\/2024\/07\/apertura-piscinas-24-500x500.jpg",500,500,true],"meccarouselthumb":["https:\/\/coria.org\/ayuntamiento\/wp-content\/uploads\/2024\/07\/apertura-piscinas-24-474x324.jpg",474,324,true],"gridsquare":["https:\/\/coria.org\/ayuntamiento\/wp-content\/uploads\/2024\/07\/apertura-piscinas-24-391x260.jpg",391,260,true],"tileview":["https:\/\/coria.org\/ayuntamiento\/wp-content\/uploads\/2024\/07\/apertura-piscinas-24-300x400.jpg",300,400,true],"1536x1536":["https:\/\/coria.org\/ayuntamiento\/wp-content\/uploads\/2024\/07\/apertura-piscinas-24-1536x1152.jpg",1536,1152,true],"2048x2048":["https:\/\/coria.org\/ayuntamiento\/wp-content\/uploads\/2024\/07\/apertura-piscinas-24.jpg",1920,1440,false]},"uagb_author_info":{"display_name":"ayuntamiento","author_link":"https:\/\/coria.org\/ayuntamiento\/index.php\/author\/ayuntamiento\/"},"uagb_comment_info":0,"uagb_excerpt":"Las piscinas municipales de Coria, Rinc\u00f3n del Obispo y Puebla de Argeme abrir\u00e1n sus puertas el d\u00eda 22 de junio. La fecha se ha retrasado levemente debido a las obras que est\u00e1n siendo realizadas en las instalaciones. El horario de las piscinas ser\u00e1 el mismo que el de a\u00f1os anteriores, de 12:00 a 21:00 horas.&hellip;","_links":{"self":[{"href":"https:\/\/coria.org\/ayuntamiento\/index.php\/wp-json\/wp\/v2\/posts\/61668","targetHints":{"allow":["GET"]}}],"collection":[{"href":"https:\/\/coria.org\/ayuntamiento\/index.php\/wp-json\/wp\/v2\/posts"}],"about":[{"href":"https:\/\/coria.org\/ayuntamiento\/index.php\/wp-json\/wp\/v2\/types\/post"}],"author":[{"embeddable":true,"href":"https:\/\/coria.org\/ayuntamiento\/index.php\/wp-json\/wp\/v2\/users\/2"}],"replies":[{"embeddable":true,"href":"https:\/\/coria.org\/ayuntamiento\/index.php\/wp-json\/wp\/v2\/comments?post=61668"}],"version-history":[{"count":0,"href":"https:\/\/coria.org\/ayuntamiento\/index.php\/wp-json\/wp\/v2\/posts\/61668\/revisions"}],"wp:featuredmedia":[{"embeddable":true,"href":"https:\/\/coria.org\/ayuntamiento\/index.php\/wp-json\/wp\/v2\/media\/61669"}],"wp:attachment":[{"href":"https:\/\/coria.org\/ayuntamiento\/index.php\/wp-json\/wp\/v2\/media?parent=61668"}],"wp:term":[{"taxonomy":"category","embeddable":true,"href":"https:\/\/coria.org\/ayuntamiento\/index.php\/wp-json\/wp\/v2\/categories?post=61668"},{"taxonomy":"post_tag","embeddable":true,"href":"https:\/\/coria.org\/ayuntamiento\/index.php\/wp-json\/wp\/v2\/tags?post=61668"}],"curies":[{"name":"wp","href":"https:\/\/api.w.org\/{rel}","templated":true}]}}