{"id":61666,"date":"2024-06-03T13:55:53","date_gmt":"2024-06-03T11:55:53","guid":{"rendered":"https:\/\/turismocoria.es\/importacion\/?p=61666"},"modified":"2025-04-10T14:58:04","modified_gmt":"2025-04-10T12:58:04","slug":"la-ciudad-de-coria-acogera-el-curso-de-formacion-descentralizada-del-cgpj-en-extremadura","status":"publish","type":"post","link":"https:\/\/coria.org\/ayuntamiento\/index.php\/2024\/06\/03\/la-ciudad-de-coria-acogera-el-curso-de-formacion-descentralizada-del-cgpj-en-extremadura\/","title":{"rendered":"La Ciudad de Coria acoger\u00e1 el Curso de formaci\u00f3n descentralizada del CGPJ en Extremadura"},"content":{"rendered":"\n<p>La Ciudad de Coria ser\u00e1 el escenario del Curso de Formaci\u00f3n Territorial Descentralizada que organiza el CGPJ de Extremadura. Una formaci\u00f3n destinada a jueces de la regi\u00f3n que se dar\u00e1n cita en la localidad cauriense los pr\u00f3ximos d\u00edas 5, 6 y 7 de junio.<\/p>\n\n\n<figure class=\"wp-block-post-featured-image\"><img loading=\"lazy\" decoding=\"async\" width=\"1024\" height=\"576\" src=\"https:\/\/coria.org\/ayuntamiento\/wp-content\/uploads\/2022\/02\/ayto.jpg\" class=\"attachment-post-thumbnail size-post-thumbnail wp-post-image\" alt=\"\" style=\"object-fit:cover;\" srcset=\"https:\/\/coria.org\/ayuntamiento\/wp-content\/uploads\/2022\/02\/ayto.jpg 1024w, https:\/\/coria.org\/ayuntamiento\/wp-content\/uploads\/2022\/02\/ayto-300x169.jpg 300w, https:\/\/coria.org\/ayuntamiento\/wp-content\/uploads\/2022\/02\/ayto-768x432.jpg 768w\" sizes=\"auto, (max-width: 1024px) 100vw, 1024px\" \/><\/figure>\n\n\n<p>El curso, denominado \u201cNovedades jurisprudenciales y legislativas\u201d ser\u00e1 inaugurado el mi\u00e9rcoles, 5 de junio en el sal\u00f3n de plenos del consistorio, por D\u00f1a. Mar\u00eda F\u00e9lix Tena Arag\u00f3n, Presidenta del Tribunal Superior de Justicia de Extremadura, junto con la Alcaldesa de la Coria, Almudena Domingo Pirrongelli.<\/p>\n\n\n\n<p>El mismo mi\u00e9rcoles, a las 18:15h, el Presidente de la sala 2\u00aa del Tribunal Supremo, D. Manuel Marchena G\u00f3mez, realizar\u00e1 una ponencia que lleva por t\u00edtulo, \u201cImplicaciones legales de la Inteligencia Artificial\u201d.<\/p>\n\n\n\n<p>El curso se extender\u00e1 hasta el viernes d\u00eda 7 de junio, y contar\u00e1 con la presencia de magistrados de relevancia en nuestra comunidad aut\u00f3noma, como Isabel P\u00e9rez, Magistrada del Juzgado de Menores n\u00ba1 de C\u00e1ceres, Valent\u00edn P\u00e9rez, Magistrado de la Secci\u00f3n 2\u00aa 8Penal) de la Audiencia Provincial de C\u00e1ceres, Lourdes Barroso, Magistrada del Juzgado de 1\u00aa Instancia e Instrucci\u00f3n n.\u00ba 2 y Jueza Decana de Plasencia, Carmen Romero, Magistrada del juzgado de lo Contencioso-Administrativo n\u00ba2 y Jueza Decana de Plasencia, Noem\u00ed Bermejo Curiel, Magistrada del Juzgado de 1\u00aa Instancia n\u00ba3 de C\u00e1ceres, Pilar Garc\u00eda, Secretaria Coordinadora de C\u00e1ceres, Patricia Guti\u00e9rrez, Jueza del Juzgado de Primera Instancia e Instrucci\u00f3n n\u00ba2 de Trujillo y Delegada de Discapacidad del Tribunal Superior de Justicia de Extremadura, \u00c1ngeles Blanco, Asesora jur\u00eddica de Fundaci\u00f3n CERMI Mujeres y \u00c1ngel Juanes, Magistrado. Vicepresidente del Tribunal Supremo de 2014 a 2019.<br>La clausura del curso ser\u00e1 presidida por D\u00f1a. Mar\u00eda F\u00e9lix Tena, Presidenta del Tribunal Superior de Justicia de Extremadura.<\/p>\n\n\n\n<p>La Alcaldesa de la Ciudad, ha declarado que \u201ces un honor para nuestra ciudad acoger el curso de formaci\u00f3n territorial descentralizada del Consejo General del poder Judicial (CGPJ). Esta iniciativa no solo subraya la importancia de la formaci\u00f3n continua para nuestros jueces y magistrados, sino que tambi\u00e9n resalta el compromiso del CGPJ con la descentralizaci\u00f3n y la accesibilidad a la educaci\u00f3n judicial en toda Espa\u00f1a\u201d.<\/p>\n\n\n\n<p>\u201cLa celebraci\u00f3n de este curso en Coria es una oportunidad \u00fanica para que nuestros profesionales del derecho se beneficien de una formaci\u00f3n de alta calidad sin necesidad de desplazarse a grandes centros urbanos. Adem\u00e1s, esperamos que la presencia de jueces y magistrados fomente el intercambio de experiencias mutuo de conocimientos\u201d, ha se\u00f1alado.<\/p>\n\n\n\n<p>La primera edil ha querido agradecer al CGPJ por elegir la ciudad como sede de este importante evento. \u201cEstamos convencidos de que esta formaci\u00f3n tendr\u00e1 un impacto positivo y duradero, y esperamos seguir colaborando con el CGPJ en futuras ediciones\u201d, ha concluido.<\/p>\n","protected":false},"excerpt":{"rendered":"<p>La Ciudad de Coria ser\u00e1 el escenario del Curso de Formaci\u00f3n Territorial Descentralizada que organiza el CGPJ de Extremadura. Una formaci\u00f3n destinada a jueces de la regi\u00f3n que se dar\u00e1n cita en la localidad cauriense los pr\u00f3ximos d\u00edas 5, 6 y 7 de junio. El curso, denominado \u201cNovedades jurisprudenciales y legislativas\u201d ser\u00e1 inaugurado el mi\u00e9rcoles, [&hellip;]<\/p>\n","protected":false},"author":2,"featured_media":1758,"comment_status":"closed","ping_status":"closed","sticky":false,"template":"","format":"standard","meta":{"_uag_custom_page_level_css":"","footnotes":""},"categories":[2],"tags":[393],"class_list":["post-61666","post","type-post","status-publish","format-standard","has-post-thumbnail","hentry","category-noticias","tag-curso"],"yoast_head":"<!-- This site is optimized with the Yoast SEO plugin v27.4 - https:\/\/yoast.com\/product\/yoast-seo-wordpress\/ -->\n<title>La Ciudad de Coria acoger\u00e1 el Curso de formaci\u00f3n descentralizada del CGPJ en Extremadura - Ayuntamiento de Coria<\/title>\n<meta name=\"robots\" content=\"index, follow, max-snippet:-1, max-image-preview:large, max-video-preview:-1\" \/>\n<link rel=\"canonical\" href=\"https:\/\/coria.org\/ayuntamiento\/index.php\/2024\/06\/03\/la-ciudad-de-coria-acogera-el-curso-de-formacion-descentralizada-del-cgpj-en-extremadura\/\" \/>\n<meta property=\"og:locale\" content=\"es_ES\" \/>\n<meta property=\"og:type\" content=\"article\" \/>\n<meta property=\"og:title\" content=\"La Ciudad de Coria acoger\u00e1 el Curso de formaci\u00f3n descentralizada del CGPJ en Extremadura - Ayuntamiento de Coria\" \/>\n<meta property=\"og:description\" content=\"La Ciudad de Coria ser\u00e1 el escenario del Curso de Formaci\u00f3n Territorial Descentralizada que organiza el CGPJ de Extremadura. Una formaci\u00f3n destinada a jueces de la regi\u00f3n que se dar\u00e1n cita en la localidad cauriense los pr\u00f3ximos d\u00edas 5, 6 y 7 de junio. El curso, denominado \u201cNovedades jurisprudenciales y legislativas\u201d ser\u00e1 inaugurado el mi\u00e9rcoles, [&hellip;]\" \/>\n<meta property=\"og:url\" content=\"https:\/\/coria.org\/ayuntamiento\/index.php\/2024\/06\/03\/la-ciudad-de-coria-acogera-el-curso-de-formacion-descentralizada-del-cgpj-en-extremadura\/\" \/>\n<meta property=\"og:site_name\" content=\"Ayuntamiento de Coria\" \/>\n<meta property=\"article:publisher\" content=\"https:\/\/www.facebook.com\/Ayuntamiento.de.Coria\" \/>\n<meta property=\"article:published_time\" content=\"2024-06-03T11:55:53+00:00\" \/>\n<meta property=\"article:modified_time\" content=\"2025-04-10T12:58:04+00:00\" \/>\n<meta property=\"og:image\" content=\"https:\/\/coria.org\/ayuntamiento\/wp-content\/uploads\/2022\/02\/ayto.jpg\" \/>\n\t<meta property=\"og:image:width\" content=\"1024\" \/>\n\t<meta property=\"og:image:height\" content=\"576\" \/>\n\t<meta property=\"og:image:type\" content=\"image\/jpeg\" \/>\n<meta name=\"author\" content=\"ayuntamiento\" \/>\n<meta name=\"twitter:card\" content=\"summary_large_image\" \/>\n<meta name=\"twitter:creator\" content=\"@Ayto_de_Coria\" \/>\n<meta name=\"twitter:site\" content=\"@Ayto_de_Coria\" \/>\n<meta name=\"twitter:label1\" content=\"Escrito por\" \/>\n\t<meta name=\"twitter:data1\" content=\"ayuntamiento\" \/>\n\t<meta name=\"twitter:label2\" content=\"Tiempo de lectura\" \/>\n\t<meta name=\"twitter:data2\" content=\"2 minutos\" \/>\n<script type=\"application\/ld+json\" class=\"yoast-schema-graph\">{\"@context\":\"https:\\\/\\\/schema.org\",\"@graph\":[{\"@type\":\"Article\",\"@id\":\"https:\\\/\\\/coria.org\\\/ayuntamiento\\\/index.php\\\/2024\\\/06\\\/03\\\/la-ciudad-de-coria-acogera-el-curso-de-formacion-descentralizada-del-cgpj-en-extremadura\\\/#article\",\"isPartOf\":{\"@id\":\"https:\\\/\\\/coria.org\\\/ayuntamiento\\\/index.php\\\/2024\\\/06\\\/03\\\/la-ciudad-de-coria-acogera-el-curso-de-formacion-descentralizada-del-cgpj-en-extremadura\\\/\"},\"author\":{\"name\":\"ayuntamiento\",\"@id\":\"https:\\\/\\\/coria.org\\\/ayuntamiento\\\/#\\\/schema\\\/person\\\/8bd589f0e13e8ae5aa06def7a599d622\"},\"headline\":\"La Ciudad de Coria acoger\u00e1 el Curso de formaci\u00f3n descentralizada del CGPJ en Extremadura\",\"datePublished\":\"2024-06-03T11:55:53+00:00\",\"dateModified\":\"2025-04-10T12:58:04+00:00\",\"mainEntityOfPage\":{\"@id\":\"https:\\\/\\\/coria.org\\\/ayuntamiento\\\/index.php\\\/2024\\\/06\\\/03\\\/la-ciudad-de-coria-acogera-el-curso-de-formacion-descentralizada-del-cgpj-en-extremadura\\\/\"},\"wordCount\":489,\"publisher\":{\"@id\":\"https:\\\/\\\/coria.org\\\/ayuntamiento\\\/#organization\"},\"image\":{\"@id\":\"https:\\\/\\\/coria.org\\\/ayuntamiento\\\/index.php\\\/2024\\\/06\\\/03\\\/la-ciudad-de-coria-acogera-el-curso-de-formacion-descentralizada-del-cgpj-en-extremadura\\\/#primaryimage\"},\"thumbnailUrl\":\"https:\\\/\\\/coria.org\\\/ayuntamiento\\\/wp-content\\\/uploads\\\/2022\\\/02\\\/ayto.jpg\",\"keywords\":[\"curso\"],\"articleSection\":[\"Noticias\"],\"inLanguage\":\"es\"},{\"@type\":\"WebPage\",\"@id\":\"https:\\\/\\\/coria.org\\\/ayuntamiento\\\/index.php\\\/2024\\\/06\\\/03\\\/la-ciudad-de-coria-acogera-el-curso-de-formacion-descentralizada-del-cgpj-en-extremadura\\\/\",\"url\":\"https:\\\/\\\/coria.org\\\/ayuntamiento\\\/index.php\\\/2024\\\/06\\\/03\\\/la-ciudad-de-coria-acogera-el-curso-de-formacion-descentralizada-del-cgpj-en-extremadura\\\/\",\"name\":\"La Ciudad de Coria acoger\u00e1 el Curso de formaci\u00f3n descentralizada del CGPJ en Extremadura - Ayuntamiento de Coria\",\"isPartOf\":{\"@id\":\"https:\\\/\\\/coria.org\\\/ayuntamiento\\\/#website\"},\"primaryImageOfPage\":{\"@id\":\"https:\\\/\\\/coria.org\\\/ayuntamiento\\\/index.php\\\/2024\\\/06\\\/03\\\/la-ciudad-de-coria-acogera-el-curso-de-formacion-descentralizada-del-cgpj-en-extremadura\\\/#primaryimage\"},\"image\":{\"@id\":\"https:\\\/\\\/coria.org\\\/ayuntamiento\\\/index.php\\\/2024\\\/06\\\/03\\\/la-ciudad-de-coria-acogera-el-curso-de-formacion-descentralizada-del-cgpj-en-extremadura\\\/#primaryimage\"},\"thumbnailUrl\":\"https:\\\/\\\/coria.org\\\/ayuntamiento\\\/wp-content\\\/uploads\\\/2022\\\/02\\\/ayto.jpg\",\"datePublished\":\"2024-06-03T11:55:53+00:00\",\"dateModified\":\"2025-04-10T12:58:04+00:00\",\"breadcrumb\":{\"@id\":\"https:\\\/\\\/coria.org\\\/ayuntamiento\\\/index.php\\\/2024\\\/06\\\/03\\\/la-ciudad-de-coria-acogera-el-curso-de-formacion-descentralizada-del-cgpj-en-extremadura\\\/#breadcrumb\"},\"inLanguage\":\"es\",\"potentialAction\":[{\"@type\":\"ReadAction\",\"target\":[\"https:\\\/\\\/coria.org\\\/ayuntamiento\\\/index.php\\\/2024\\\/06\\\/03\\\/la-ciudad-de-coria-acogera-el-curso-de-formacion-descentralizada-del-cgpj-en-extremadura\\\/\"]}]},{\"@type\":\"ImageObject\",\"inLanguage\":\"es\",\"@id\":\"https:\\\/\\\/coria.org\\\/ayuntamiento\\\/index.php\\\/2024\\\/06\\\/03\\\/la-ciudad-de-coria-acogera-el-curso-de-formacion-descentralizada-del-cgpj-en-extremadura\\\/#primaryimage\",\"url\":\"https:\\\/\\\/coria.org\\\/ayuntamiento\\\/wp-content\\\/uploads\\\/2022\\\/02\\\/ayto.jpg\",\"contentUrl\":\"https:\\\/\\\/coria.org\\\/ayuntamiento\\\/wp-content\\\/uploads\\\/2022\\\/02\\\/ayto.jpg\",\"width\":1024,\"height\":576},{\"@type\":\"BreadcrumbList\",\"@id\":\"https:\\\/\\\/coria.org\\\/ayuntamiento\\\/index.php\\\/2024\\\/06\\\/03\\\/la-ciudad-de-coria-acogera-el-curso-de-formacion-descentralizada-del-cgpj-en-extremadura\\\/#breadcrumb\",\"itemListElement\":[{\"@type\":\"ListItem\",\"position\":1,\"name\":\"Inicio\",\"item\":\"https:\\\/\\\/coria.org\\\/ayuntamiento\\\/\"},{\"@type\":\"ListItem\",\"position\":2,\"name\":\"La Ciudad de Coria acoger\u00e1 el Curso de formaci\u00f3n descentralizada del CGPJ en Extremadura\"}]},{\"@type\":\"WebSite\",\"@id\":\"https:\\\/\\\/coria.org\\\/ayuntamiento\\\/#website\",\"url\":\"https:\\\/\\\/coria.org\\\/ayuntamiento\\\/\",\"name\":\"Ayuntamiento de Coria\",\"description\":\"Web oficial del Ayuntamiento de Coria\",\"publisher\":{\"@id\":\"https:\\\/\\\/coria.org\\\/ayuntamiento\\\/#organization\"},\"alternateName\":\"Web Oficial del Ayuntamiento de Coria\",\"potentialAction\":[{\"@type\":\"SearchAction\",\"target\":{\"@type\":\"EntryPoint\",\"urlTemplate\":\"https:\\\/\\\/coria.org\\\/ayuntamiento\\\/?s={search_term_string}\"},\"query-input\":{\"@type\":\"PropertyValueSpecification\",\"valueRequired\":true,\"valueName\":\"search_term_string\"}}],\"inLanguage\":\"es\"},{\"@type\":\"Organization\",\"@id\":\"https:\\\/\\\/coria.org\\\/ayuntamiento\\\/#organization\",\"name\":\"Ayuntamiento de Coria\",\"alternateName\":\"Ayto de Coria\",\"url\":\"https:\\\/\\\/coria.org\\\/ayuntamiento\\\/\",\"logo\":{\"@type\":\"ImageObject\",\"inLanguage\":\"es\",\"@id\":\"https:\\\/\\\/coria.org\\\/ayuntamiento\\\/#\\\/schema\\\/logo\\\/image\\\/\",\"url\":\"https:\\\/\\\/coria.org\\\/ayuntamiento\\\/wp-content\\\/uploads\\\/2020\\\/12\\\/escudo-ayuntamiento-coria.png\",\"contentUrl\":\"https:\\\/\\\/coria.org\\\/ayuntamiento\\\/wp-content\\\/uploads\\\/2020\\\/12\\\/escudo-ayuntamiento-coria.png\",\"width\":511,\"height\":240,\"caption\":\"Ayuntamiento de Coria\"},\"image\":{\"@id\":\"https:\\\/\\\/coria.org\\\/ayuntamiento\\\/#\\\/schema\\\/logo\\\/image\\\/\"},\"sameAs\":[\"https:\\\/\\\/www.facebook.com\\\/Ayuntamiento.de.Coria\",\"https:\\\/\\\/x.com\\\/Ayto_de_Coria\",\"https:\\\/\\\/www.instagram.com\\\/coria.ayuntamiento\\\/\",\"https:\\\/\\\/www.youtube.com\\\/user\\\/AYUNTAMIENTOCORIA\"]},{\"@type\":\"Person\",\"@id\":\"https:\\\/\\\/coria.org\\\/ayuntamiento\\\/#\\\/schema\\\/person\\\/8bd589f0e13e8ae5aa06def7a599d622\",\"name\":\"ayuntamiento\",\"image\":{\"@type\":\"ImageObject\",\"inLanguage\":\"es\",\"@id\":\"https:\\\/\\\/secure.gravatar.com\\\/avatar\\\/966e5ed73cad334adda5c87f49f2547f7082f7292c1b627cbb548744383b391c?s=96&d=mm&r=g\",\"url\":\"https:\\\/\\\/secure.gravatar.com\\\/avatar\\\/966e5ed73cad334adda5c87f49f2547f7082f7292c1b627cbb548744383b391c?s=96&d=mm&r=g\",\"contentUrl\":\"https:\\\/\\\/secure.gravatar.com\\\/avatar\\\/966e5ed73cad334adda5c87f49f2547f7082f7292c1b627cbb548744383b391c?s=96&d=mm&r=g\",\"caption\":\"ayuntamiento\"}}]}<\/script>\n<!-- \/ Yoast SEO plugin. -->","yoast_head_json":{"title":"La Ciudad de Coria acoger\u00e1 el Curso de formaci\u00f3n descentralizada del CGPJ en Extremadura - Ayuntamiento de Coria","robots":{"index":"index","follow":"follow","max-snippet":"max-snippet:-1","max-image-preview":"max-image-preview:large","max-video-preview":"max-video-preview:-1"},"canonical":"https:\/\/coria.org\/ayuntamiento\/index.php\/2024\/06\/03\/la-ciudad-de-coria-acogera-el-curso-de-formacion-descentralizada-del-cgpj-en-extremadura\/","og_locale":"es_ES","og_type":"article","og_title":"La Ciudad de Coria acoger\u00e1 el Curso de formaci\u00f3n descentralizada del CGPJ en Extremadura - Ayuntamiento de Coria","og_description":"La Ciudad de Coria ser\u00e1 el escenario del Curso de Formaci\u00f3n Territorial Descentralizada que organiza el CGPJ de Extremadura. Una formaci\u00f3n destinada a jueces de la regi\u00f3n que se dar\u00e1n cita en la localidad cauriense los pr\u00f3ximos d\u00edas 5, 6 y 7 de junio. El curso, denominado \u201cNovedades jurisprudenciales y legislativas\u201d ser\u00e1 inaugurado el mi\u00e9rcoles, [&hellip;]","og_url":"https:\/\/coria.org\/ayuntamiento\/index.php\/2024\/06\/03\/la-ciudad-de-coria-acogera-el-curso-de-formacion-descentralizada-del-cgpj-en-extremadura\/","og_site_name":"Ayuntamiento de Coria","article_publisher":"https:\/\/www.facebook.com\/Ayuntamiento.de.Coria","article_published_time":"2024-06-03T11:55:53+00:00","article_modified_time":"2025-04-10T12:58:04+00:00","og_image":[{"width":1024,"height":576,"url":"https:\/\/coria.org\/ayuntamiento\/wp-content\/uploads\/2022\/02\/ayto.jpg","type":"image\/jpeg"}],"author":"ayuntamiento","twitter_card":"summary_large_image","twitter_creator":"@Ayto_de_Coria","twitter_site":"@Ayto_de_Coria","twitter_misc":{"Escrito por":"ayuntamiento","Tiempo de lectura":"2 minutos"},"schema":{"@context":"https:\/\/schema.org","@graph":[{"@type":"Article","@id":"https:\/\/coria.org\/ayuntamiento\/index.php\/2024\/06\/03\/la-ciudad-de-coria-acogera-el-curso-de-formacion-descentralizada-del-cgpj-en-extremadura\/#article","isPartOf":{"@id":"https:\/\/coria.org\/ayuntamiento\/index.php\/2024\/06\/03\/la-ciudad-de-coria-acogera-el-curso-de-formacion-descentralizada-del-cgpj-en-extremadura\/"},"author":{"name":"ayuntamiento","@id":"https:\/\/coria.org\/ayuntamiento\/#\/schema\/person\/8bd589f0e13e8ae5aa06def7a599d622"},"headline":"La Ciudad de Coria acoger\u00e1 el Curso de formaci\u00f3n descentralizada del CGPJ en Extremadura","datePublished":"2024-06-03T11:55:53+00:00","dateModified":"2025-04-10T12:58:04+00:00","mainEntityOfPage":{"@id":"https:\/\/coria.org\/ayuntamiento\/index.php\/2024\/06\/03\/la-ciudad-de-coria-acogera-el-curso-de-formacion-descentralizada-del-cgpj-en-extremadura\/"},"wordCount":489,"publisher":{"@id":"https:\/\/coria.org\/ayuntamiento\/#organization"},"image":{"@id":"https:\/\/coria.org\/ayuntamiento\/index.php\/2024\/06\/03\/la-ciudad-de-coria-acogera-el-curso-de-formacion-descentralizada-del-cgpj-en-extremadura\/#primaryimage"},"thumbnailUrl":"https:\/\/coria.org\/ayuntamiento\/wp-content\/uploads\/2022\/02\/ayto.jpg","keywords":["curso"],"articleSection":["Noticias"],"inLanguage":"es"},{"@type":"WebPage","@id":"https:\/\/coria.org\/ayuntamiento\/index.php\/2024\/06\/03\/la-ciudad-de-coria-acogera-el-curso-de-formacion-descentralizada-del-cgpj-en-extremadura\/","url":"https:\/\/coria.org\/ayuntamiento\/index.php\/2024\/06\/03\/la-ciudad-de-coria-acogera-el-curso-de-formacion-descentralizada-del-cgpj-en-extremadura\/","name":"La Ciudad de Coria acoger\u00e1 el Curso de formaci\u00f3n descentralizada del CGPJ en Extremadura - Ayuntamiento de Coria","isPartOf":{"@id":"https:\/\/coria.org\/ayuntamiento\/#website"},"primaryImageOfPage":{"@id":"https:\/\/coria.org\/ayuntamiento\/index.php\/2024\/06\/03\/la-ciudad-de-coria-acogera-el-curso-de-formacion-descentralizada-del-cgpj-en-extremadura\/#primaryimage"},"image":{"@id":"https:\/\/coria.org\/ayuntamiento\/index.php\/2024\/06\/03\/la-ciudad-de-coria-acogera-el-curso-de-formacion-descentralizada-del-cgpj-en-extremadura\/#primaryimage"},"thumbnailUrl":"https:\/\/coria.org\/ayuntamiento\/wp-content\/uploads\/2022\/02\/ayto.jpg","datePublished":"2024-06-03T11:55:53+00:00","dateModified":"2025-04-10T12:58:04+00:00","breadcrumb":{"@id":"https:\/\/coria.org\/ayuntamiento\/index.php\/2024\/06\/03\/la-ciudad-de-coria-acogera-el-curso-de-formacion-descentralizada-del-cgpj-en-extremadura\/#breadcrumb"},"inLanguage":"es","potentialAction":[{"@type":"ReadAction","target":["https:\/\/coria.org\/ayuntamiento\/index.php\/2024\/06\/03\/la-ciudad-de-coria-acogera-el-curso-de-formacion-descentralizada-del-cgpj-en-extremadura\/"]}]},{"@type":"ImageObject","inLanguage":"es","@id":"https:\/\/coria.org\/ayuntamiento\/index.php\/2024\/06\/03\/la-ciudad-de-coria-acogera-el-curso-de-formacion-descentralizada-del-cgpj-en-extremadura\/#primaryimage","url":"https:\/\/coria.org\/ayuntamiento\/wp-content\/uploads\/2022\/02\/ayto.jpg","contentUrl":"https:\/\/coria.org\/ayuntamiento\/wp-content\/uploads\/2022\/02\/ayto.jpg","width":1024,"height":576},{"@type":"BreadcrumbList","@id":"https:\/\/coria.org\/ayuntamiento\/index.php\/2024\/06\/03\/la-ciudad-de-coria-acogera-el-curso-de-formacion-descentralizada-del-cgpj-en-extremadura\/#breadcrumb","itemListElement":[{"@type":"ListItem","position":1,"name":"Inicio","item":"https:\/\/coria.org\/ayuntamiento\/"},{"@type":"ListItem","position":2,"name":"La Ciudad de Coria acoger\u00e1 el Curso de formaci\u00f3n descentralizada del CGPJ en Extremadura"}]},{"@type":"WebSite","@id":"https:\/\/coria.org\/ayuntamiento\/#website","url":"https:\/\/coria.org\/ayuntamiento\/","name":"Ayuntamiento de Coria","description":"Web oficial del Ayuntamiento de Coria","publisher":{"@id":"https:\/\/coria.org\/ayuntamiento\/#organization"},"alternateName":"Web Oficial del Ayuntamiento de Coria","potentialAction":[{"@type":"SearchAction","target":{"@type":"EntryPoint","urlTemplate":"https:\/\/coria.org\/ayuntamiento\/?s={search_term_string}"},"query-input":{"@type":"PropertyValueSpecification","valueRequired":true,"valueName":"search_term_string"}}],"inLanguage":"es"},{"@type":"Organization","@id":"https:\/\/coria.org\/ayuntamiento\/#organization","name":"Ayuntamiento de Coria","alternateName":"Ayto de Coria","url":"https:\/\/coria.org\/ayuntamiento\/","logo":{"@type":"ImageObject","inLanguage":"es","@id":"https:\/\/coria.org\/ayuntamiento\/#\/schema\/logo\/image\/","url":"https:\/\/coria.org\/ayuntamiento\/wp-content\/uploads\/2020\/12\/escudo-ayuntamiento-coria.png","contentUrl":"https:\/\/coria.org\/ayuntamiento\/wp-content\/uploads\/2020\/12\/escudo-ayuntamiento-coria.png","width":511,"height":240,"caption":"Ayuntamiento de Coria"},"image":{"@id":"https:\/\/coria.org\/ayuntamiento\/#\/schema\/logo\/image\/"},"sameAs":["https:\/\/www.facebook.com\/Ayuntamiento.de.Coria","https:\/\/x.com\/Ayto_de_Coria","https:\/\/www.instagram.com\/coria.ayuntamiento\/","https:\/\/www.youtube.com\/user\/AYUNTAMIENTOCORIA"]},{"@type":"Person","@id":"https:\/\/coria.org\/ayuntamiento\/#\/schema\/person\/8bd589f0e13e8ae5aa06def7a599d622","name":"ayuntamiento","image":{"@type":"ImageObject","inLanguage":"es","@id":"https:\/\/secure.gravatar.com\/avatar\/966e5ed73cad334adda5c87f49f2547f7082f7292c1b627cbb548744383b391c?s=96&d=mm&r=g","url":"https:\/\/secure.gravatar.com\/avatar\/966e5ed73cad334adda5c87f49f2547f7082f7292c1b627cbb548744383b391c?s=96&d=mm&r=g","contentUrl":"https:\/\/secure.gravatar.com\/avatar\/966e5ed73cad334adda5c87f49f2547f7082f7292c1b627cbb548744383b391c?s=96&d=mm&r=g","caption":"ayuntamiento"}}]}},"uagb_featured_image_src":{"full":["https:\/\/coria.org\/ayuntamiento\/wp-content\/uploads\/2022\/02\/ayto.jpg",1024,576,false],"thumbnail":["https:\/\/coria.org\/ayuntamiento\/wp-content\/uploads\/2022\/02\/ayto-150x150.jpg",150,150,true],"medium":["https:\/\/coria.org\/ayuntamiento\/wp-content\/uploads\/2022\/02\/ayto-300x169.jpg",300,169,true],"medium_large":["https:\/\/coria.org\/ayuntamiento\/wp-content\/uploads\/2022\/02\/ayto-768x432.jpg",768,432,true],"large":["https:\/\/coria.org\/ayuntamiento\/wp-content\/uploads\/2022\/02\/ayto.jpg",1024,576,false],"thumblist":["https:\/\/coria.org\/ayuntamiento\/wp-content\/uploads\/2022\/02\/ayto.jpg",300,169,false],"thumbrelated":["https:\/\/coria.org\/ayuntamiento\/wp-content\/uploads\/2022\/02\/ayto.jpg",500,281,false],"meccarouselthumb":["https:\/\/coria.org\/ayuntamiento\/wp-content\/uploads\/2022\/02\/ayto.jpg",474,267,false],"gridsquare":["https:\/\/coria.org\/ayuntamiento\/wp-content\/uploads\/2022\/02\/ayto.jpg",391,220,false],"tileview":["https:\/\/coria.org\/ayuntamiento\/wp-content\/uploads\/2022\/02\/ayto.jpg",300,169,false],"1536x1536":["https:\/\/coria.org\/ayuntamiento\/wp-content\/uploads\/2022\/02\/ayto.jpg",1024,576,false],"2048x2048":["https:\/\/coria.org\/ayuntamiento\/wp-content\/uploads\/2022\/02\/ayto.jpg",1024,576,false]},"uagb_author_info":{"display_name":"ayuntamiento","author_link":"https:\/\/coria.org\/ayuntamiento\/index.php\/author\/ayuntamiento\/"},"uagb_comment_info":0,"uagb_excerpt":"La Ciudad de Coria ser\u00e1 el escenario del Curso de Formaci\u00f3n Territorial Descentralizada que organiza el CGPJ de Extremadura. Una formaci\u00f3n destinada a jueces de la regi\u00f3n que se dar\u00e1n cita en la localidad cauriense los pr\u00f3ximos d\u00edas 5, 6 y 7 de junio. El curso, denominado \u201cNovedades jurisprudenciales y legislativas\u201d ser\u00e1 inaugurado el mi\u00e9rcoles,&hellip;","_links":{"self":[{"href":"https:\/\/coria.org\/ayuntamiento\/index.php\/wp-json\/wp\/v2\/posts\/61666","targetHints":{"allow":["GET"]}}],"collection":[{"href":"https:\/\/coria.org\/ayuntamiento\/index.php\/wp-json\/wp\/v2\/posts"}],"about":[{"href":"https:\/\/coria.org\/ayuntamiento\/index.php\/wp-json\/wp\/v2\/types\/post"}],"author":[{"embeddable":true,"href":"https:\/\/coria.org\/ayuntamiento\/index.php\/wp-json\/wp\/v2\/users\/2"}],"replies":[{"embeddable":true,"href":"https:\/\/coria.org\/ayuntamiento\/index.php\/wp-json\/wp\/v2\/comments?post=61666"}],"version-history":[{"count":0,"href":"https:\/\/coria.org\/ayuntamiento\/index.php\/wp-json\/wp\/v2\/posts\/61666\/revisions"}],"wp:featuredmedia":[{"embeddable":true,"href":"https:\/\/coria.org\/ayuntamiento\/index.php\/wp-json\/wp\/v2\/media\/1758"}],"wp:attachment":[{"href":"https:\/\/coria.org\/ayuntamiento\/index.php\/wp-json\/wp\/v2\/media?parent=61666"}],"wp:term":[{"taxonomy":"category","embeddable":true,"href":"https:\/\/coria.org\/ayuntamiento\/index.php\/wp-json\/wp\/v2\/categories?post=61666"},{"taxonomy":"post_tag","embeddable":true,"href":"https:\/\/coria.org\/ayuntamiento\/index.php\/wp-json\/wp\/v2\/tags?post=61666"}],"curies":[{"name":"wp","href":"https:\/\/api.w.org\/{rel}","templated":true}]}}