{"id":61660,"date":"2024-05-30T14:42:30","date_gmt":"2024-05-30T12:42:30","guid":{"rendered":"https:\/\/turismocoria.es\/importacion\/?p=61660"},"modified":"2025-04-10T14:58:04","modified_gmt":"2025-04-10T12:58:04","slug":"coria-celebra-el-tradicional-corpus-crhisti-con-la-procesion-y-el-nombramiento-del-abanderado-de-las-fiestas-de-san-juan-2024","status":"publish","type":"post","link":"https:\/\/coria.org\/ayuntamiento\/index.php\/2024\/05\/30\/coria-celebra-el-tradicional-corpus-crhisti-con-la-procesion-y-el-nombramiento-del-abanderado-de-las-fiestas-de-san-juan-2024\/","title":{"rendered":"Coria celebra el Tradicional Corpus Crhisti con la procesi\u00f3n y el nombramiento del Abanderado de las Fiestas de San Juan 2024"},"content":{"rendered":"\n<p>El pr\u00f3ximo domingo d\u00eda 2 de junio, la Ciudad de Coria se vestir\u00e1 de gala para celebrar la festividad del Corpus Crhisti, una de las celebraciones religiosas m\u00e1s importantes del calendario lit\u00fargico cat\u00f3lico.<\/p>\n\n\n<figure class=\"wp-block-post-featured-image\"><img loading=\"lazy\" decoding=\"async\" width=\"1920\" height=\"1440\" src=\"https:\/\/coria.org\/ayuntamiento\/wp-content\/uploads\/2024\/07\/dia-corpus-coria.jpg\" class=\"attachment-post-thumbnail size-post-thumbnail wp-post-image\" alt=\"\" style=\"object-fit:cover;\" srcset=\"https:\/\/coria.org\/ayuntamiento\/wp-content\/uploads\/2024\/07\/dia-corpus-coria.jpg 1920w, https:\/\/coria.org\/ayuntamiento\/wp-content\/uploads\/2024\/07\/dia-corpus-coria-300x225.jpg 300w, https:\/\/coria.org\/ayuntamiento\/wp-content\/uploads\/2024\/07\/dia-corpus-coria-1024x768.jpg 1024w, https:\/\/coria.org\/ayuntamiento\/wp-content\/uploads\/2024\/07\/dia-corpus-coria-768x576.jpg 768w, https:\/\/coria.org\/ayuntamiento\/wp-content\/uploads\/2024\/07\/dia-corpus-coria-1536x1152.jpg 1536w\" sizes=\"auto, (max-width: 1920px) 100vw, 1920px\" \/><\/figure>\n\n\n<p>El evento comenzar\u00e1 a las 18:00h, con la Eucarist\u00eda, oficiada por el Excmo. y Rvdmo. Mons. Jes\u00fas Pulido Arriero, en la Sta. Iglesia Catedral de Mar\u00eda de la Asunci\u00f3n y posteriormente Procesi\u00f3n del Corpus Christi que partir\u00e1 desde la Catedral y recorrer\u00e1 las principales calles del Casco Hist\u00f3rico de la ciudad.<\/p>\n\n\n\n<p>Una vez finalizada la procesi\u00f3n, a las 20:30h se celebrar\u00e1 el acto institucional para dar cuenta del nombramiento del Abanderado de las Fiestas de San Juan 2024, efectuado el pasado mes de julio de 2023 en pleno ordinario que recay\u00f3 en el concejal, Alberto Jos\u00e9 D\u00edaz L\u00f3pez. A continuaci\u00f3n ser\u00e1 la presentaci\u00f3n p\u00fablica desde el balc\u00f3n del ayuntamiento del Abanderado, Reina y Damas de Honor de las Fiestas de San Juan, con la tirada de cohetes por parte del Abanderado.<\/p>\n\n\n\n<p>Seguidamente, el Abanderado har\u00e1 una invitaci\u00f3n popular a perrunillas, gazpacho y ponche en la plaza de Santiago, en el Barrio de Moscoso. La verbena del Abanderado, que se celebrar\u00e1 la noche previa, tendr\u00e1 lugar al final de la carretera de Montehermoso, cerca del barrio del Abanderado, quien ha querido retomar tradiciones de San Juan.<\/p>\n","protected":false},"excerpt":{"rendered":"<p>El pr\u00f3ximo domingo d\u00eda 2 de junio, la Ciudad de Coria se vestir\u00e1 de gala para celebrar la festividad del Corpus Crhisti, una de las celebraciones religiosas m\u00e1s importantes del calendario lit\u00fargico cat\u00f3lico. El evento comenzar\u00e1 a las 18:00h, con la Eucarist\u00eda, oficiada por el Excmo. y Rvdmo. Mons. Jes\u00fas Pulido Arriero, en la Sta. [&hellip;]<\/p>\n","protected":false},"author":2,"featured_media":61661,"comment_status":"closed","ping_status":"closed","sticky":false,"template":"","format":"standard","meta":{"_uag_custom_page_level_css":"","footnotes":""},"categories":[2],"tags":[368,369],"class_list":["post-61660","post","type-post","status-publish","format-standard","has-post-thumbnail","hentry","category-noticias","tag-corpus","tag-corpus-christi"],"yoast_head":"<!-- This site is optimized with the Yoast SEO plugin v27.4 - https:\/\/yoast.com\/product\/yoast-seo-wordpress\/ -->\n<title>Coria celebra el Tradicional Corpus Crhisti con la procesi\u00f3n y el nombramiento del Abanderado de las Fiestas de San Juan 2024 - Ayuntamiento de Coria<\/title>\n<meta name=\"robots\" content=\"index, follow, max-snippet:-1, max-image-preview:large, max-video-preview:-1\" \/>\n<link rel=\"canonical\" href=\"https:\/\/coria.org\/ayuntamiento\/index.php\/2024\/05\/30\/coria-celebra-el-tradicional-corpus-crhisti-con-la-procesion-y-el-nombramiento-del-abanderado-de-las-fiestas-de-san-juan-2024\/\" \/>\n<meta property=\"og:locale\" content=\"es_ES\" \/>\n<meta property=\"og:type\" content=\"article\" \/>\n<meta property=\"og:title\" content=\"Coria celebra el Tradicional Corpus Crhisti con la procesi\u00f3n y el nombramiento del Abanderado de las Fiestas de San Juan 2024 - Ayuntamiento de Coria\" \/>\n<meta property=\"og:description\" content=\"El pr\u00f3ximo domingo d\u00eda 2 de junio, la Ciudad de Coria se vestir\u00e1 de gala para celebrar la festividad del Corpus Crhisti, una de las celebraciones religiosas m\u00e1s importantes del calendario lit\u00fargico cat\u00f3lico. El evento comenzar\u00e1 a las 18:00h, con la Eucarist\u00eda, oficiada por el Excmo. y Rvdmo. Mons. Jes\u00fas Pulido Arriero, en la Sta. [&hellip;]\" \/>\n<meta property=\"og:url\" content=\"https:\/\/coria.org\/ayuntamiento\/index.php\/2024\/05\/30\/coria-celebra-el-tradicional-corpus-crhisti-con-la-procesion-y-el-nombramiento-del-abanderado-de-las-fiestas-de-san-juan-2024\/\" \/>\n<meta property=\"og:site_name\" content=\"Ayuntamiento de Coria\" \/>\n<meta property=\"article:publisher\" content=\"https:\/\/www.facebook.com\/Ayuntamiento.de.Coria\" \/>\n<meta property=\"article:published_time\" content=\"2024-05-30T12:42:30+00:00\" \/>\n<meta property=\"article:modified_time\" content=\"2025-04-10T12:58:04+00:00\" \/>\n<meta property=\"og:image\" content=\"https:\/\/coria.org\/ayuntamiento\/wp-content\/uploads\/2024\/07\/dia-corpus-coria.jpg\" \/>\n\t<meta property=\"og:image:width\" content=\"1920\" \/>\n\t<meta property=\"og:image:height\" content=\"1440\" \/>\n\t<meta property=\"og:image:type\" content=\"image\/jpeg\" \/>\n<meta name=\"author\" content=\"ayuntamiento\" \/>\n<meta name=\"twitter:card\" content=\"summary_large_image\" \/>\n<meta name=\"twitter:creator\" content=\"@Ayto_de_Coria\" \/>\n<meta name=\"twitter:site\" content=\"@Ayto_de_Coria\" \/>\n<meta name=\"twitter:label1\" content=\"Escrito por\" \/>\n\t<meta name=\"twitter:data1\" content=\"ayuntamiento\" \/>\n\t<meta name=\"twitter:label2\" content=\"Tiempo de lectura\" \/>\n\t<meta name=\"twitter:data2\" content=\"1 minuto\" \/>\n<script type=\"application\/ld+json\" class=\"yoast-schema-graph\">{\"@context\":\"https:\\\/\\\/schema.org\",\"@graph\":[{\"@type\":\"Article\",\"@id\":\"https:\\\/\\\/coria.org\\\/ayuntamiento\\\/index.php\\\/2024\\\/05\\\/30\\\/coria-celebra-el-tradicional-corpus-crhisti-con-la-procesion-y-el-nombramiento-del-abanderado-de-las-fiestas-de-san-juan-2024\\\/#article\",\"isPartOf\":{\"@id\":\"https:\\\/\\\/coria.org\\\/ayuntamiento\\\/index.php\\\/2024\\\/05\\\/30\\\/coria-celebra-el-tradicional-corpus-crhisti-con-la-procesion-y-el-nombramiento-del-abanderado-de-las-fiestas-de-san-juan-2024\\\/\"},\"author\":{\"name\":\"ayuntamiento\",\"@id\":\"https:\\\/\\\/coria.org\\\/ayuntamiento\\\/#\\\/schema\\\/person\\\/8bd589f0e13e8ae5aa06def7a599d622\"},\"headline\":\"Coria celebra el Tradicional Corpus Crhisti con la procesi\u00f3n y el nombramiento del Abanderado de las Fiestas de San Juan 2024\",\"datePublished\":\"2024-05-30T12:42:30+00:00\",\"dateModified\":\"2025-04-10T12:58:04+00:00\",\"mainEntityOfPage\":{\"@id\":\"https:\\\/\\\/coria.org\\\/ayuntamiento\\\/index.php\\\/2024\\\/05\\\/30\\\/coria-celebra-el-tradicional-corpus-crhisti-con-la-procesion-y-el-nombramiento-del-abanderado-de-las-fiestas-de-san-juan-2024\\\/\"},\"wordCount\":255,\"publisher\":{\"@id\":\"https:\\\/\\\/coria.org\\\/ayuntamiento\\\/#organization\"},\"image\":{\"@id\":\"https:\\\/\\\/coria.org\\\/ayuntamiento\\\/index.php\\\/2024\\\/05\\\/30\\\/coria-celebra-el-tradicional-corpus-crhisti-con-la-procesion-y-el-nombramiento-del-abanderado-de-las-fiestas-de-san-juan-2024\\\/#primaryimage\"},\"thumbnailUrl\":\"https:\\\/\\\/coria.org\\\/ayuntamiento\\\/wp-content\\\/uploads\\\/2024\\\/07\\\/dia-corpus-coria.jpg\",\"keywords\":[\"corpus\",\"Corpus Christi\"],\"articleSection\":[\"Noticias\"],\"inLanguage\":\"es\"},{\"@type\":\"WebPage\",\"@id\":\"https:\\\/\\\/coria.org\\\/ayuntamiento\\\/index.php\\\/2024\\\/05\\\/30\\\/coria-celebra-el-tradicional-corpus-crhisti-con-la-procesion-y-el-nombramiento-del-abanderado-de-las-fiestas-de-san-juan-2024\\\/\",\"url\":\"https:\\\/\\\/coria.org\\\/ayuntamiento\\\/index.php\\\/2024\\\/05\\\/30\\\/coria-celebra-el-tradicional-corpus-crhisti-con-la-procesion-y-el-nombramiento-del-abanderado-de-las-fiestas-de-san-juan-2024\\\/\",\"name\":\"Coria celebra el Tradicional Corpus Crhisti con la procesi\u00f3n y el nombramiento del Abanderado de las Fiestas de San Juan 2024 - Ayuntamiento de Coria\",\"isPartOf\":{\"@id\":\"https:\\\/\\\/coria.org\\\/ayuntamiento\\\/#website\"},\"primaryImageOfPage\":{\"@id\":\"https:\\\/\\\/coria.org\\\/ayuntamiento\\\/index.php\\\/2024\\\/05\\\/30\\\/coria-celebra-el-tradicional-corpus-crhisti-con-la-procesion-y-el-nombramiento-del-abanderado-de-las-fiestas-de-san-juan-2024\\\/#primaryimage\"},\"image\":{\"@id\":\"https:\\\/\\\/coria.org\\\/ayuntamiento\\\/index.php\\\/2024\\\/05\\\/30\\\/coria-celebra-el-tradicional-corpus-crhisti-con-la-procesion-y-el-nombramiento-del-abanderado-de-las-fiestas-de-san-juan-2024\\\/#primaryimage\"},\"thumbnailUrl\":\"https:\\\/\\\/coria.org\\\/ayuntamiento\\\/wp-content\\\/uploads\\\/2024\\\/07\\\/dia-corpus-coria.jpg\",\"datePublished\":\"2024-05-30T12:42:30+00:00\",\"dateModified\":\"2025-04-10T12:58:04+00:00\",\"breadcrumb\":{\"@id\":\"https:\\\/\\\/coria.org\\\/ayuntamiento\\\/index.php\\\/2024\\\/05\\\/30\\\/coria-celebra-el-tradicional-corpus-crhisti-con-la-procesion-y-el-nombramiento-del-abanderado-de-las-fiestas-de-san-juan-2024\\\/#breadcrumb\"},\"inLanguage\":\"es\",\"potentialAction\":[{\"@type\":\"ReadAction\",\"target\":[\"https:\\\/\\\/coria.org\\\/ayuntamiento\\\/index.php\\\/2024\\\/05\\\/30\\\/coria-celebra-el-tradicional-corpus-crhisti-con-la-procesion-y-el-nombramiento-del-abanderado-de-las-fiestas-de-san-juan-2024\\\/\"]}]},{\"@type\":\"ImageObject\",\"inLanguage\":\"es\",\"@id\":\"https:\\\/\\\/coria.org\\\/ayuntamiento\\\/index.php\\\/2024\\\/05\\\/30\\\/coria-celebra-el-tradicional-corpus-crhisti-con-la-procesion-y-el-nombramiento-del-abanderado-de-las-fiestas-de-san-juan-2024\\\/#primaryimage\",\"url\":\"https:\\\/\\\/coria.org\\\/ayuntamiento\\\/wp-content\\\/uploads\\\/2024\\\/07\\\/dia-corpus-coria.jpg\",\"contentUrl\":\"https:\\\/\\\/coria.org\\\/ayuntamiento\\\/wp-content\\\/uploads\\\/2024\\\/07\\\/dia-corpus-coria.jpg\",\"width\":1920,\"height\":1440},{\"@type\":\"BreadcrumbList\",\"@id\":\"https:\\\/\\\/coria.org\\\/ayuntamiento\\\/index.php\\\/2024\\\/05\\\/30\\\/coria-celebra-el-tradicional-corpus-crhisti-con-la-procesion-y-el-nombramiento-del-abanderado-de-las-fiestas-de-san-juan-2024\\\/#breadcrumb\",\"itemListElement\":[{\"@type\":\"ListItem\",\"position\":1,\"name\":\"Inicio\",\"item\":\"https:\\\/\\\/coria.org\\\/ayuntamiento\\\/\"},{\"@type\":\"ListItem\",\"position\":2,\"name\":\"Coria celebra el Tradicional Corpus Crhisti con la procesi\u00f3n y el nombramiento del Abanderado de las Fiestas de San Juan 2024\"}]},{\"@type\":\"WebSite\",\"@id\":\"https:\\\/\\\/coria.org\\\/ayuntamiento\\\/#website\",\"url\":\"https:\\\/\\\/coria.org\\\/ayuntamiento\\\/\",\"name\":\"Ayuntamiento de Coria\",\"description\":\"Web oficial del Ayuntamiento de Coria\",\"publisher\":{\"@id\":\"https:\\\/\\\/coria.org\\\/ayuntamiento\\\/#organization\"},\"alternateName\":\"Web Oficial del Ayuntamiento de Coria\",\"potentialAction\":[{\"@type\":\"SearchAction\",\"target\":{\"@type\":\"EntryPoint\",\"urlTemplate\":\"https:\\\/\\\/coria.org\\\/ayuntamiento\\\/?s={search_term_string}\"},\"query-input\":{\"@type\":\"PropertyValueSpecification\",\"valueRequired\":true,\"valueName\":\"search_term_string\"}}],\"inLanguage\":\"es\"},{\"@type\":\"Organization\",\"@id\":\"https:\\\/\\\/coria.org\\\/ayuntamiento\\\/#organization\",\"name\":\"Ayuntamiento de Coria\",\"alternateName\":\"Ayto de Coria\",\"url\":\"https:\\\/\\\/coria.org\\\/ayuntamiento\\\/\",\"logo\":{\"@type\":\"ImageObject\",\"inLanguage\":\"es\",\"@id\":\"https:\\\/\\\/coria.org\\\/ayuntamiento\\\/#\\\/schema\\\/logo\\\/image\\\/\",\"url\":\"https:\\\/\\\/coria.org\\\/ayuntamiento\\\/wp-content\\\/uploads\\\/2020\\\/12\\\/escudo-ayuntamiento-coria.png\",\"contentUrl\":\"https:\\\/\\\/coria.org\\\/ayuntamiento\\\/wp-content\\\/uploads\\\/2020\\\/12\\\/escudo-ayuntamiento-coria.png\",\"width\":511,\"height\":240,\"caption\":\"Ayuntamiento de Coria\"},\"image\":{\"@id\":\"https:\\\/\\\/coria.org\\\/ayuntamiento\\\/#\\\/schema\\\/logo\\\/image\\\/\"},\"sameAs\":[\"https:\\\/\\\/www.facebook.com\\\/Ayuntamiento.de.Coria\",\"https:\\\/\\\/x.com\\\/Ayto_de_Coria\",\"https:\\\/\\\/www.instagram.com\\\/coria.ayuntamiento\\\/\",\"https:\\\/\\\/www.youtube.com\\\/user\\\/AYUNTAMIENTOCORIA\"]},{\"@type\":\"Person\",\"@id\":\"https:\\\/\\\/coria.org\\\/ayuntamiento\\\/#\\\/schema\\\/person\\\/8bd589f0e13e8ae5aa06def7a599d622\",\"name\":\"ayuntamiento\",\"image\":{\"@type\":\"ImageObject\",\"inLanguage\":\"es\",\"@id\":\"https:\\\/\\\/secure.gravatar.com\\\/avatar\\\/966e5ed73cad334adda5c87f49f2547f7082f7292c1b627cbb548744383b391c?s=96&d=mm&r=g\",\"url\":\"https:\\\/\\\/secure.gravatar.com\\\/avatar\\\/966e5ed73cad334adda5c87f49f2547f7082f7292c1b627cbb548744383b391c?s=96&d=mm&r=g\",\"contentUrl\":\"https:\\\/\\\/secure.gravatar.com\\\/avatar\\\/966e5ed73cad334adda5c87f49f2547f7082f7292c1b627cbb548744383b391c?s=96&d=mm&r=g\",\"caption\":\"ayuntamiento\"}}]}<\/script>\n<!-- \/ Yoast SEO plugin. -->","yoast_head_json":{"title":"Coria celebra el Tradicional Corpus Crhisti con la procesi\u00f3n y el nombramiento del Abanderado de las Fiestas de San Juan 2024 - Ayuntamiento de Coria","robots":{"index":"index","follow":"follow","max-snippet":"max-snippet:-1","max-image-preview":"max-image-preview:large","max-video-preview":"max-video-preview:-1"},"canonical":"https:\/\/coria.org\/ayuntamiento\/index.php\/2024\/05\/30\/coria-celebra-el-tradicional-corpus-crhisti-con-la-procesion-y-el-nombramiento-del-abanderado-de-las-fiestas-de-san-juan-2024\/","og_locale":"es_ES","og_type":"article","og_title":"Coria celebra el Tradicional Corpus Crhisti con la procesi\u00f3n y el nombramiento del Abanderado de las Fiestas de San Juan 2024 - Ayuntamiento de Coria","og_description":"El pr\u00f3ximo domingo d\u00eda 2 de junio, la Ciudad de Coria se vestir\u00e1 de gala para celebrar la festividad del Corpus Crhisti, una de las celebraciones religiosas m\u00e1s importantes del calendario lit\u00fargico cat\u00f3lico. El evento comenzar\u00e1 a las 18:00h, con la Eucarist\u00eda, oficiada por el Excmo. y Rvdmo. Mons. Jes\u00fas Pulido Arriero, en la Sta. [&hellip;]","og_url":"https:\/\/coria.org\/ayuntamiento\/index.php\/2024\/05\/30\/coria-celebra-el-tradicional-corpus-crhisti-con-la-procesion-y-el-nombramiento-del-abanderado-de-las-fiestas-de-san-juan-2024\/","og_site_name":"Ayuntamiento de Coria","article_publisher":"https:\/\/www.facebook.com\/Ayuntamiento.de.Coria","article_published_time":"2024-05-30T12:42:30+00:00","article_modified_time":"2025-04-10T12:58:04+00:00","og_image":[{"width":1920,"height":1440,"url":"https:\/\/coria.org\/ayuntamiento\/wp-content\/uploads\/2024\/07\/dia-corpus-coria.jpg","type":"image\/jpeg"}],"author":"ayuntamiento","twitter_card":"summary_large_image","twitter_creator":"@Ayto_de_Coria","twitter_site":"@Ayto_de_Coria","twitter_misc":{"Escrito por":"ayuntamiento","Tiempo de lectura":"1 minuto"},"schema":{"@context":"https:\/\/schema.org","@graph":[{"@type":"Article","@id":"https:\/\/coria.org\/ayuntamiento\/index.php\/2024\/05\/30\/coria-celebra-el-tradicional-corpus-crhisti-con-la-procesion-y-el-nombramiento-del-abanderado-de-las-fiestas-de-san-juan-2024\/#article","isPartOf":{"@id":"https:\/\/coria.org\/ayuntamiento\/index.php\/2024\/05\/30\/coria-celebra-el-tradicional-corpus-crhisti-con-la-procesion-y-el-nombramiento-del-abanderado-de-las-fiestas-de-san-juan-2024\/"},"author":{"name":"ayuntamiento","@id":"https:\/\/coria.org\/ayuntamiento\/#\/schema\/person\/8bd589f0e13e8ae5aa06def7a599d622"},"headline":"Coria celebra el Tradicional Corpus Crhisti con la procesi\u00f3n y el nombramiento del Abanderado de las Fiestas de San Juan 2024","datePublished":"2024-05-30T12:42:30+00:00","dateModified":"2025-04-10T12:58:04+00:00","mainEntityOfPage":{"@id":"https:\/\/coria.org\/ayuntamiento\/index.php\/2024\/05\/30\/coria-celebra-el-tradicional-corpus-crhisti-con-la-procesion-y-el-nombramiento-del-abanderado-de-las-fiestas-de-san-juan-2024\/"},"wordCount":255,"publisher":{"@id":"https:\/\/coria.org\/ayuntamiento\/#organization"},"image":{"@id":"https:\/\/coria.org\/ayuntamiento\/index.php\/2024\/05\/30\/coria-celebra-el-tradicional-corpus-crhisti-con-la-procesion-y-el-nombramiento-del-abanderado-de-las-fiestas-de-san-juan-2024\/#primaryimage"},"thumbnailUrl":"https:\/\/coria.org\/ayuntamiento\/wp-content\/uploads\/2024\/07\/dia-corpus-coria.jpg","keywords":["corpus","Corpus Christi"],"articleSection":["Noticias"],"inLanguage":"es"},{"@type":"WebPage","@id":"https:\/\/coria.org\/ayuntamiento\/index.php\/2024\/05\/30\/coria-celebra-el-tradicional-corpus-crhisti-con-la-procesion-y-el-nombramiento-del-abanderado-de-las-fiestas-de-san-juan-2024\/","url":"https:\/\/coria.org\/ayuntamiento\/index.php\/2024\/05\/30\/coria-celebra-el-tradicional-corpus-crhisti-con-la-procesion-y-el-nombramiento-del-abanderado-de-las-fiestas-de-san-juan-2024\/","name":"Coria celebra el Tradicional Corpus Crhisti con la procesi\u00f3n y el nombramiento del Abanderado de las Fiestas de San Juan 2024 - Ayuntamiento de Coria","isPartOf":{"@id":"https:\/\/coria.org\/ayuntamiento\/#website"},"primaryImageOfPage":{"@id":"https:\/\/coria.org\/ayuntamiento\/index.php\/2024\/05\/30\/coria-celebra-el-tradicional-corpus-crhisti-con-la-procesion-y-el-nombramiento-del-abanderado-de-las-fiestas-de-san-juan-2024\/#primaryimage"},"image":{"@id":"https:\/\/coria.org\/ayuntamiento\/index.php\/2024\/05\/30\/coria-celebra-el-tradicional-corpus-crhisti-con-la-procesion-y-el-nombramiento-del-abanderado-de-las-fiestas-de-san-juan-2024\/#primaryimage"},"thumbnailUrl":"https:\/\/coria.org\/ayuntamiento\/wp-content\/uploads\/2024\/07\/dia-corpus-coria.jpg","datePublished":"2024-05-30T12:42:30+00:00","dateModified":"2025-04-10T12:58:04+00:00","breadcrumb":{"@id":"https:\/\/coria.org\/ayuntamiento\/index.php\/2024\/05\/30\/coria-celebra-el-tradicional-corpus-crhisti-con-la-procesion-y-el-nombramiento-del-abanderado-de-las-fiestas-de-san-juan-2024\/#breadcrumb"},"inLanguage":"es","potentialAction":[{"@type":"ReadAction","target":["https:\/\/coria.org\/ayuntamiento\/index.php\/2024\/05\/30\/coria-celebra-el-tradicional-corpus-crhisti-con-la-procesion-y-el-nombramiento-del-abanderado-de-las-fiestas-de-san-juan-2024\/"]}]},{"@type":"ImageObject","inLanguage":"es","@id":"https:\/\/coria.org\/ayuntamiento\/index.php\/2024\/05\/30\/coria-celebra-el-tradicional-corpus-crhisti-con-la-procesion-y-el-nombramiento-del-abanderado-de-las-fiestas-de-san-juan-2024\/#primaryimage","url":"https:\/\/coria.org\/ayuntamiento\/wp-content\/uploads\/2024\/07\/dia-corpus-coria.jpg","contentUrl":"https:\/\/coria.org\/ayuntamiento\/wp-content\/uploads\/2024\/07\/dia-corpus-coria.jpg","width":1920,"height":1440},{"@type":"BreadcrumbList","@id":"https:\/\/coria.org\/ayuntamiento\/index.php\/2024\/05\/30\/coria-celebra-el-tradicional-corpus-crhisti-con-la-procesion-y-el-nombramiento-del-abanderado-de-las-fiestas-de-san-juan-2024\/#breadcrumb","itemListElement":[{"@type":"ListItem","position":1,"name":"Inicio","item":"https:\/\/coria.org\/ayuntamiento\/"},{"@type":"ListItem","position":2,"name":"Coria celebra el Tradicional Corpus Crhisti con la procesi\u00f3n y el nombramiento del Abanderado de las Fiestas de San Juan 2024"}]},{"@type":"WebSite","@id":"https:\/\/coria.org\/ayuntamiento\/#website","url":"https:\/\/coria.org\/ayuntamiento\/","name":"Ayuntamiento de Coria","description":"Web oficial del Ayuntamiento de Coria","publisher":{"@id":"https:\/\/coria.org\/ayuntamiento\/#organization"},"alternateName":"Web Oficial del Ayuntamiento de Coria","potentialAction":[{"@type":"SearchAction","target":{"@type":"EntryPoint","urlTemplate":"https:\/\/coria.org\/ayuntamiento\/?s={search_term_string}"},"query-input":{"@type":"PropertyValueSpecification","valueRequired":true,"valueName":"search_term_string"}}],"inLanguage":"es"},{"@type":"Organization","@id":"https:\/\/coria.org\/ayuntamiento\/#organization","name":"Ayuntamiento de Coria","alternateName":"Ayto de Coria","url":"https:\/\/coria.org\/ayuntamiento\/","logo":{"@type":"ImageObject","inLanguage":"es","@id":"https:\/\/coria.org\/ayuntamiento\/#\/schema\/logo\/image\/","url":"https:\/\/coria.org\/ayuntamiento\/wp-content\/uploads\/2020\/12\/escudo-ayuntamiento-coria.png","contentUrl":"https:\/\/coria.org\/ayuntamiento\/wp-content\/uploads\/2020\/12\/escudo-ayuntamiento-coria.png","width":511,"height":240,"caption":"Ayuntamiento de Coria"},"image":{"@id":"https:\/\/coria.org\/ayuntamiento\/#\/schema\/logo\/image\/"},"sameAs":["https:\/\/www.facebook.com\/Ayuntamiento.de.Coria","https:\/\/x.com\/Ayto_de_Coria","https:\/\/www.instagram.com\/coria.ayuntamiento\/","https:\/\/www.youtube.com\/user\/AYUNTAMIENTOCORIA"]},{"@type":"Person","@id":"https:\/\/coria.org\/ayuntamiento\/#\/schema\/person\/8bd589f0e13e8ae5aa06def7a599d622","name":"ayuntamiento","image":{"@type":"ImageObject","inLanguage":"es","@id":"https:\/\/secure.gravatar.com\/avatar\/966e5ed73cad334adda5c87f49f2547f7082f7292c1b627cbb548744383b391c?s=96&d=mm&r=g","url":"https:\/\/secure.gravatar.com\/avatar\/966e5ed73cad334adda5c87f49f2547f7082f7292c1b627cbb548744383b391c?s=96&d=mm&r=g","contentUrl":"https:\/\/secure.gravatar.com\/avatar\/966e5ed73cad334adda5c87f49f2547f7082f7292c1b627cbb548744383b391c?s=96&d=mm&r=g","caption":"ayuntamiento"}}]}},"uagb_featured_image_src":{"full":["https:\/\/coria.org\/ayuntamiento\/wp-content\/uploads\/2024\/07\/dia-corpus-coria.jpg",1920,1440,false],"thumbnail":["https:\/\/coria.org\/ayuntamiento\/wp-content\/uploads\/2024\/07\/dia-corpus-coria-150x150.jpg",150,150,true],"medium":["https:\/\/coria.org\/ayuntamiento\/wp-content\/uploads\/2024\/07\/dia-corpus-coria-300x225.jpg",300,225,true],"medium_large":["https:\/\/coria.org\/ayuntamiento\/wp-content\/uploads\/2024\/07\/dia-corpus-coria-768x576.jpg",768,576,true],"large":["https:\/\/coria.org\/ayuntamiento\/wp-content\/uploads\/2024\/07\/dia-corpus-coria-1024x768.jpg",1024,768,true],"thumblist":["https:\/\/coria.org\/ayuntamiento\/wp-content\/uploads\/2024\/07\/dia-corpus-coria-300x300.jpg",300,300,true],"thumbrelated":["https:\/\/coria.org\/ayuntamiento\/wp-content\/uploads\/2024\/07\/dia-corpus-coria-500x500.jpg",500,500,true],"meccarouselthumb":["https:\/\/coria.org\/ayuntamiento\/wp-content\/uploads\/2024\/07\/dia-corpus-coria-474x324.jpg",474,324,true],"gridsquare":["https:\/\/coria.org\/ayuntamiento\/wp-content\/uploads\/2024\/07\/dia-corpus-coria-391x260.jpg",391,260,true],"tileview":["https:\/\/coria.org\/ayuntamiento\/wp-content\/uploads\/2024\/07\/dia-corpus-coria-300x400.jpg",300,400,true],"1536x1536":["https:\/\/coria.org\/ayuntamiento\/wp-content\/uploads\/2024\/07\/dia-corpus-coria-1536x1152.jpg",1536,1152,true],"2048x2048":["https:\/\/coria.org\/ayuntamiento\/wp-content\/uploads\/2024\/07\/dia-corpus-coria.jpg",1920,1440,false]},"uagb_author_info":{"display_name":"ayuntamiento","author_link":"https:\/\/coria.org\/ayuntamiento\/index.php\/author\/ayuntamiento\/"},"uagb_comment_info":0,"uagb_excerpt":"El pr\u00f3ximo domingo d\u00eda 2 de junio, la Ciudad de Coria se vestir\u00e1 de gala para celebrar la festividad del Corpus Crhisti, una de las celebraciones religiosas m\u00e1s importantes del calendario lit\u00fargico cat\u00f3lico. El evento comenzar\u00e1 a las 18:00h, con la Eucarist\u00eda, oficiada por el Excmo. y Rvdmo. Mons. Jes\u00fas Pulido Arriero, en la Sta.&hellip;","_links":{"self":[{"href":"https:\/\/coria.org\/ayuntamiento\/index.php\/wp-json\/wp\/v2\/posts\/61660","targetHints":{"allow":["GET"]}}],"collection":[{"href":"https:\/\/coria.org\/ayuntamiento\/index.php\/wp-json\/wp\/v2\/posts"}],"about":[{"href":"https:\/\/coria.org\/ayuntamiento\/index.php\/wp-json\/wp\/v2\/types\/post"}],"author":[{"embeddable":true,"href":"https:\/\/coria.org\/ayuntamiento\/index.php\/wp-json\/wp\/v2\/users\/2"}],"replies":[{"embeddable":true,"href":"https:\/\/coria.org\/ayuntamiento\/index.php\/wp-json\/wp\/v2\/comments?post=61660"}],"version-history":[{"count":0,"href":"https:\/\/coria.org\/ayuntamiento\/index.php\/wp-json\/wp\/v2\/posts\/61660\/revisions"}],"wp:featuredmedia":[{"embeddable":true,"href":"https:\/\/coria.org\/ayuntamiento\/index.php\/wp-json\/wp\/v2\/media\/61661"}],"wp:attachment":[{"href":"https:\/\/coria.org\/ayuntamiento\/index.php\/wp-json\/wp\/v2\/media?parent=61660"}],"wp:term":[{"taxonomy":"category","embeddable":true,"href":"https:\/\/coria.org\/ayuntamiento\/index.php\/wp-json\/wp\/v2\/categories?post=61660"},{"taxonomy":"post_tag","embeddable":true,"href":"https:\/\/coria.org\/ayuntamiento\/index.php\/wp-json\/wp\/v2\/tags?post=61660"}],"curies":[{"name":"wp","href":"https:\/\/api.w.org\/{rel}","templated":true}]}}