{"id":61641,"date":"2024-05-24T14:35:22","date_gmt":"2024-05-24T12:35:22","guid":{"rendered":"https:\/\/turismocoria.es\/importacion\/?p=61641"},"modified":"2025-04-10T14:58:05","modified_gmt":"2025-04-10T12:58:05","slug":"el-brujo-volvera-a-actuar-en-el-festival-internacional-de-teatro-coria-sientela","status":"publish","type":"post","link":"https:\/\/coria.org\/ayuntamiento\/index.php\/2024\/05\/24\/el-brujo-volvera-a-actuar-en-el-festival-internacional-de-teatro-coria-sientela\/","title":{"rendered":"El Brujo volver\u00e1 a actuar en el Festival Internacional de Teatro \u201cCoria Si\u00e9ntela\u201d"},"content":{"rendered":"\n<p>Esta ma\u00f1ana ha tenido lugar la presentaci\u00f3n en rueda de prensa del Festival Internacional de Teatro \u201cCoria Si\u00e9ntela\u201d, que se celebrar\u00e1 del 18 al 23 de julio del presente.<\/p>\n\n\n<figure class=\"wp-block-post-featured-image\"><img loading=\"lazy\" decoding=\"async\" width=\"1920\" height=\"1440\" src=\"https:\/\/coria.org\/ayuntamiento\/wp-content\/uploads\/2024\/06\/Irdp-festival-teatro-24.jpg\" class=\"attachment-post-thumbnail size-post-thumbnail wp-post-image\" alt=\"\" style=\"object-fit:cover;\" srcset=\"https:\/\/coria.org\/ayuntamiento\/wp-content\/uploads\/2024\/06\/Irdp-festival-teatro-24.jpg 1920w, https:\/\/coria.org\/ayuntamiento\/wp-content\/uploads\/2024\/06\/Irdp-festival-teatro-24-300x225.jpg 300w, https:\/\/coria.org\/ayuntamiento\/wp-content\/uploads\/2024\/06\/Irdp-festival-teatro-24-1024x768.jpg 1024w, https:\/\/coria.org\/ayuntamiento\/wp-content\/uploads\/2024\/06\/Irdp-festival-teatro-24-768x576.jpg 768w, https:\/\/coria.org\/ayuntamiento\/wp-content\/uploads\/2024\/06\/Irdp-festival-teatro-24-1536x1152.jpg 1536w\" sizes=\"auto, (max-width: 1920px) 100vw, 1920px\" \/><\/figure>\n\n\n<p>La Alcaldesa de la Ciudad, Almudena Domingo Pirrongelli, junto a la concejal de cultura, Patricia Alfonso Barrios, ha sido la encargada de dar a conocer cada una de las obras que este a\u00f1o se representar\u00e1n en este festival que cumple ya la edici\u00f3n n\u00famero doce.<\/p>\n\n\n\n<figure data-wp-context=\"{&quot;imageId&quot;:&quot;69f4d5e751c9a&quot;}\" data-wp-interactive=\"core\/image\" data-wp-key=\"69f4d5e751c9a\" class=\"wp-block-image alignleft size-large is-resized wp-lightbox-container\"><img loading=\"lazy\" decoding=\"async\" width=\"724\" height=\"1024\" data-wp-class--hide=\"state.isContentHidden\" data-wp-class--show=\"state.isContentVisible\" data-wp-init=\"callbacks.setButtonStyles\" data-wp-on--click=\"actions.showLightbox\" data-wp-on--load=\"callbacks.setButtonStyles\" data-wp-on-window--resize=\"callbacks.setButtonStyles\" src=\"https:\/\/coria.org\/ayuntamiento\/wp-content\/uploads\/2024\/06\/festival-internacional-de-teatro-2024-724x1024.jpg\" alt=\"\" class=\"wp-image-61643\" style=\"width:451px;height:auto\" srcset=\"https:\/\/coria.org\/ayuntamiento\/wp-content\/uploads\/2024\/06\/festival-internacional-de-teatro-2024-724x1024.jpg 724w, https:\/\/coria.org\/ayuntamiento\/wp-content\/uploads\/2024\/06\/festival-internacional-de-teatro-2024-212x300.jpg 212w, https:\/\/coria.org\/ayuntamiento\/wp-content\/uploads\/2024\/06\/festival-internacional-de-teatro-2024-768x1086.jpg 768w, https:\/\/coria.org\/ayuntamiento\/wp-content\/uploads\/2024\/06\/festival-internacional-de-teatro-2024-1086x1536.jpg 1086w, https:\/\/coria.org\/ayuntamiento\/wp-content\/uploads\/2024\/06\/festival-internacional-de-teatro-2024-1448x2048.jpg 1448w, https:\/\/coria.org\/ayuntamiento\/wp-content\/uploads\/2024\/06\/festival-internacional-de-teatro-2024-scaled.jpg 1810w\" sizes=\"auto, (max-width: 724px) 100vw, 724px\" \/><button\n\t\t\tclass=\"lightbox-trigger\"\n\t\t\ttype=\"button\"\n\t\t\taria-haspopup=\"dialog\"\n\t\t\taria-label=\"Agrandar\"\n\t\t\tdata-wp-init=\"callbacks.initTriggerButton\"\n\t\t\tdata-wp-on--click=\"actions.showLightbox\"\n\t\t\tdata-wp-style--right=\"state.imageButtonRight\"\n\t\t\tdata-wp-style--top=\"state.imageButtonTop\"\n\t\t>\n\t\t\t<svg xmlns=\"http:\/\/www.w3.org\/2000\/svg\" width=\"12\" height=\"12\" fill=\"none\" viewBox=\"0 0 12 12\">\n\t\t\t\t<path fill=\"#fff\" d=\"M2 0a2 2 0 0 0-2 2v2h1.5V2a.5.5 0 0 1 .5-.5h2V0H2Zm2 10.5H2a.5.5 0 0 1-.5-.5V8H0v2a2 2 0 0 0 2 2h2v-1.5ZM8 12v-1.5h2a.5.5 0 0 0 .5-.5V8H12v2a2 2 0 0 1-2 2H8Zm2-12a2 2 0 0 1 2 2v2h-1.5V2a.5.5 0 0 0-.5-.5H8V0h2Z\" \/>\n\t\t\t<\/svg>\n\t\t<\/button><\/figure>\n\n\n\n<p>El Festival de Coria subir\u00e1 el tel\u00f3n el 18 de julio a las 23:00h con <strong>\u201cEl regalo de Zeus\u201d<\/strong>, de Concha Rodr\u00edguez, una coproducci\u00f3n del Festival Clasico de M\u00e9rida, Entrearte Al-Badulaque y La Estampa Teatro. Se trata de una de las grandes producciones teatrales que fue estrenada el pasado a\u00f1o en el Festival de M\u00e9rida. Emma Ozores Y Juan Meseguer son los protagonistas de una comedia mitol\u00f3gica para toda la familia.<\/p>\n\n\n\n<p>El viernes, 19 de julio, tras el \u00e9xito el pasado a\u00f1o de Maestr\u00edsimo, la compa\u00f1\u00eda Yllana vuelve con <strong>\u201cThe Opera Locos\u201d<\/strong>, premio Max de las Artes Esc\u00e9nicas 2019 a Mejor Espect\u00e1culo Musical. Esta obra es un espect\u00e1culo c\u00f3mico oper\u00edstico que fusiona los grandes \u00e9xitos de la \u00f3pera con otros \u00e9xitos musicales de la forma m\u00e1s original. Una experiencia nueva y diferente.<\/p>\n\n\n\n<p>El s\u00e1bado, 20 de julio, es el turno de la compa\u00f1\u00eda Teatro del Temple, con la representaci\u00f3n de <strong>\u201cEdipo\u201d<\/strong>, de S\u00f3focles. Edipo es una tragedia griega en estado puro, en la que se narra la historia de Edipo y Yucasta. Una historia que se eleva a lo universal como sucede con los grandes cl\u00e1sicos. De su lectura emanan y trascienden valores que nos siguen identificando por lo que puede considerarse como un cl\u00e1sico actual que nos hace reflexionar sobre preguntas esenciales de la vida.<\/p>\n\n\n\n<p>El domingo, 21 de julio, la compa\u00f1\u00eda extreme\u00f1a Karlik Danza Teatro, nos traer\u00e1 <strong>\u201cLa leyenda del lago de los cisnes\u201d<\/strong>. Versi\u00f3n teatral que narra el cuento original de la leyenda de la princesa cisne que inspira el lago de los cisnes de Tchaikovsky. Un fascinante espect\u00e1culo que ofrece adem\u00e1s unas bell\u00edsimas coreograf\u00edas en fusi\u00f3n de danza cl\u00e1sica y contempor\u00e1nea.<\/p>\n\n\n\n<p>El lunes, 22, <strong>\u201cEl Enigma de Shakespeare\u201d<\/strong>. Una comedia de teatro del poniente. Es una historia que comienza con un final y no con un final cualquiera, comienza con la muerte de William Shakespeare.<\/p>\n\n\n\n<p>Cierra el tel\u00f3n de Coria el martes, 23 de julio, El Brujo, con la obra que estrenar\u00e1 el 10 de julio en M\u00e9rida, <strong>\u201cIconos o la exploraci\u00f3n del destino\u201d<\/strong>. Es un mon\u00f3logo de humor que reflexiona sobre el destino en la tragedia griega, donde el lenguaje y los recursos de la comedia se confrontan con los argumentos de las tragedias cl\u00e1sicas m\u00e1s conocidas.<\/p>\n\n\n\n<p>Las entradas, seg\u00fan ha adelantado la concejal de cultura, se pondr\u00e1n a la venta a trav\u00e9s de la p\u00e1gina web: <a href=\"https:\/\/www.giglon.com\">https:\/\/www.giglon.com<\/a> y en la Oficina de Turismo a partir del d\u00eda 1 de junio y sus precios (10 euros cada obra y 50 euros el abono para los seis d\u00edas).<\/p>\n\n\n\n<p>Todas las obras se representar\u00e1n el la Puerta del Perd\u00f3n de la Catedral y comenzar\u00e1n a las 23:00 horas.<\/p>\n\n\n\n<p>En cuanto a las actividades paralelas, Patricia Alfonso ha destacado que se llevar\u00e1n a cabo varios espect\u00e1culos destinados a los m\u00e1s peque\u00f1os, que se traducen en talleres infantiles y representaciones teatrales.<\/p>\n\n\n\n<p>La Alcaldesa de la Ciudad y la concejal de cultura, han animado a todos a participar en este festival de teatro que est\u00e1 ya m\u00e1s que consolidado en el norte de la provincia de C\u00e1ceres cuyo objetivo no es otro que acercar la cultura a la ciudad y ser una fuente de enriquecimiento para seguir atrayendo turismo a nuestra localidad.<\/p>\n","protected":false},"excerpt":{"rendered":"<p>Esta ma\u00f1ana ha tenido lugar la presentaci\u00f3n en rueda de prensa del Festival Internacional de Teatro \u201cCoria Si\u00e9ntela\u201d, que se celebrar\u00e1 del 18 al 23 de julio del presente. La Alcaldesa de la Ciudad, Almudena Domingo Pirrongelli, junto a la concejal de cultura, Patricia Alfonso Barrios, ha sido la encargada de dar a conocer cada [&hellip;]<\/p>\n","protected":false},"author":2,"featured_media":61642,"comment_status":"closed","ping_status":"closed","sticky":false,"template":"","format":"standard","meta":{"_uag_custom_page_level_css":"","footnotes":""},"categories":[2],"tags":[561,1221],"class_list":["post-61641","post","type-post","status-publish","format-standard","has-post-thumbnail","hentry","category-noticias","tag-festival","tag-teatro"],"yoast_head":"<!-- This site is optimized with the Yoast SEO plugin v27.5 - https:\/\/yoast.com\/product\/yoast-seo-wordpress\/ -->\n<title>El Brujo volver\u00e1 a actuar en el Festival Internacional de Teatro \u201cCoria Si\u00e9ntela\u201d - Ayuntamiento de Coria<\/title>\n<meta name=\"robots\" content=\"index, follow, max-snippet:-1, max-image-preview:large, max-video-preview:-1\" \/>\n<link rel=\"canonical\" href=\"https:\/\/coria.org\/ayuntamiento\/index.php\/2024\/05\/24\/el-brujo-volvera-a-actuar-en-el-festival-internacional-de-teatro-coria-sientela\/\" \/>\n<meta property=\"og:locale\" content=\"es_ES\" \/>\n<meta property=\"og:type\" content=\"article\" \/>\n<meta property=\"og:title\" content=\"El Brujo volver\u00e1 a actuar en el Festival Internacional de Teatro \u201cCoria Si\u00e9ntela\u201d - Ayuntamiento de Coria\" \/>\n<meta property=\"og:description\" content=\"Esta ma\u00f1ana ha tenido lugar la presentaci\u00f3n en rueda de prensa del Festival Internacional de Teatro \u201cCoria Si\u00e9ntela\u201d, que se celebrar\u00e1 del 18 al 23 de julio del presente. La Alcaldesa de la Ciudad, Almudena Domingo Pirrongelli, junto a la concejal de cultura, Patricia Alfonso Barrios, ha sido la encargada de dar a conocer cada [&hellip;]\" \/>\n<meta property=\"og:url\" content=\"https:\/\/coria.org\/ayuntamiento\/index.php\/2024\/05\/24\/el-brujo-volvera-a-actuar-en-el-festival-internacional-de-teatro-coria-sientela\/\" \/>\n<meta property=\"og:site_name\" content=\"Ayuntamiento de Coria\" \/>\n<meta property=\"article:publisher\" content=\"https:\/\/www.facebook.com\/Ayuntamiento.de.Coria\" \/>\n<meta property=\"article:published_time\" content=\"2024-05-24T12:35:22+00:00\" \/>\n<meta property=\"article:modified_time\" content=\"2025-04-10T12:58:05+00:00\" \/>\n<meta property=\"og:image\" content=\"https:\/\/coria.org\/ayuntamiento\/wp-content\/uploads\/2024\/06\/Irdp-festival-teatro-24.jpg\" \/>\n\t<meta property=\"og:image:width\" content=\"1920\" \/>\n\t<meta property=\"og:image:height\" content=\"1440\" \/>\n\t<meta property=\"og:image:type\" content=\"image\/jpeg\" \/>\n<meta name=\"author\" content=\"ayuntamiento\" \/>\n<meta name=\"twitter:card\" content=\"summary_large_image\" \/>\n<meta name=\"twitter:creator\" content=\"@Ayto_de_Coria\" \/>\n<meta name=\"twitter:site\" content=\"@Ayto_de_Coria\" \/>\n<meta name=\"twitter:label1\" content=\"Escrito por\" \/>\n\t<meta name=\"twitter:data1\" content=\"ayuntamiento\" \/>\n\t<meta name=\"twitter:label2\" content=\"Tiempo de lectura\" \/>\n\t<meta name=\"twitter:data2\" content=\"3 minutos\" \/>\n<script type=\"application\/ld+json\" class=\"yoast-schema-graph\">{\"@context\":\"https:\\\/\\\/schema.org\",\"@graph\":[{\"@type\":\"Article\",\"@id\":\"https:\\\/\\\/coria.org\\\/ayuntamiento\\\/index.php\\\/2024\\\/05\\\/24\\\/el-brujo-volvera-a-actuar-en-el-festival-internacional-de-teatro-coria-sientela\\\/#article\",\"isPartOf\":{\"@id\":\"https:\\\/\\\/coria.org\\\/ayuntamiento\\\/index.php\\\/2024\\\/05\\\/24\\\/el-brujo-volvera-a-actuar-en-el-festival-internacional-de-teatro-coria-sientela\\\/\"},\"author\":{\"name\":\"ayuntamiento\",\"@id\":\"https:\\\/\\\/coria.org\\\/ayuntamiento\\\/#\\\/schema\\\/person\\\/8bd589f0e13e8ae5aa06def7a599d622\"},\"headline\":\"El Brujo volver\u00e1 a actuar en el Festival Internacional de Teatro \u201cCoria Si\u00e9ntela\u201d\",\"datePublished\":\"2024-05-24T12:35:22+00:00\",\"dateModified\":\"2025-04-10T12:58:05+00:00\",\"mainEntityOfPage\":{\"@id\":\"https:\\\/\\\/coria.org\\\/ayuntamiento\\\/index.php\\\/2024\\\/05\\\/24\\\/el-brujo-volvera-a-actuar-en-el-festival-internacional-de-teatro-coria-sientela\\\/\"},\"wordCount\":669,\"publisher\":{\"@id\":\"https:\\\/\\\/coria.org\\\/ayuntamiento\\\/#organization\"},\"image\":{\"@id\":\"https:\\\/\\\/coria.org\\\/ayuntamiento\\\/index.php\\\/2024\\\/05\\\/24\\\/el-brujo-volvera-a-actuar-en-el-festival-internacional-de-teatro-coria-sientela\\\/#primaryimage\"},\"thumbnailUrl\":\"https:\\\/\\\/coria.org\\\/ayuntamiento\\\/wp-content\\\/uploads\\\/2024\\\/06\\\/Irdp-festival-teatro-24.jpg\",\"keywords\":[\"festival\",\"teatro\"],\"articleSection\":[\"Noticias\"],\"inLanguage\":\"es\"},{\"@type\":\"WebPage\",\"@id\":\"https:\\\/\\\/coria.org\\\/ayuntamiento\\\/index.php\\\/2024\\\/05\\\/24\\\/el-brujo-volvera-a-actuar-en-el-festival-internacional-de-teatro-coria-sientela\\\/\",\"url\":\"https:\\\/\\\/coria.org\\\/ayuntamiento\\\/index.php\\\/2024\\\/05\\\/24\\\/el-brujo-volvera-a-actuar-en-el-festival-internacional-de-teatro-coria-sientela\\\/\",\"name\":\"El Brujo volver\u00e1 a actuar en el Festival Internacional de Teatro \u201cCoria Si\u00e9ntela\u201d - Ayuntamiento de Coria\",\"isPartOf\":{\"@id\":\"https:\\\/\\\/coria.org\\\/ayuntamiento\\\/#website\"},\"primaryImageOfPage\":{\"@id\":\"https:\\\/\\\/coria.org\\\/ayuntamiento\\\/index.php\\\/2024\\\/05\\\/24\\\/el-brujo-volvera-a-actuar-en-el-festival-internacional-de-teatro-coria-sientela\\\/#primaryimage\"},\"image\":{\"@id\":\"https:\\\/\\\/coria.org\\\/ayuntamiento\\\/index.php\\\/2024\\\/05\\\/24\\\/el-brujo-volvera-a-actuar-en-el-festival-internacional-de-teatro-coria-sientela\\\/#primaryimage\"},\"thumbnailUrl\":\"https:\\\/\\\/coria.org\\\/ayuntamiento\\\/wp-content\\\/uploads\\\/2024\\\/06\\\/Irdp-festival-teatro-24.jpg\",\"datePublished\":\"2024-05-24T12:35:22+00:00\",\"dateModified\":\"2025-04-10T12:58:05+00:00\",\"breadcrumb\":{\"@id\":\"https:\\\/\\\/coria.org\\\/ayuntamiento\\\/index.php\\\/2024\\\/05\\\/24\\\/el-brujo-volvera-a-actuar-en-el-festival-internacional-de-teatro-coria-sientela\\\/#breadcrumb\"},\"inLanguage\":\"es\",\"potentialAction\":[{\"@type\":\"ReadAction\",\"target\":[\"https:\\\/\\\/coria.org\\\/ayuntamiento\\\/index.php\\\/2024\\\/05\\\/24\\\/el-brujo-volvera-a-actuar-en-el-festival-internacional-de-teatro-coria-sientela\\\/\"]}]},{\"@type\":\"ImageObject\",\"inLanguage\":\"es\",\"@id\":\"https:\\\/\\\/coria.org\\\/ayuntamiento\\\/index.php\\\/2024\\\/05\\\/24\\\/el-brujo-volvera-a-actuar-en-el-festival-internacional-de-teatro-coria-sientela\\\/#primaryimage\",\"url\":\"https:\\\/\\\/coria.org\\\/ayuntamiento\\\/wp-content\\\/uploads\\\/2024\\\/06\\\/Irdp-festival-teatro-24.jpg\",\"contentUrl\":\"https:\\\/\\\/coria.org\\\/ayuntamiento\\\/wp-content\\\/uploads\\\/2024\\\/06\\\/Irdp-festival-teatro-24.jpg\",\"width\":1920,\"height\":1440},{\"@type\":\"BreadcrumbList\",\"@id\":\"https:\\\/\\\/coria.org\\\/ayuntamiento\\\/index.php\\\/2024\\\/05\\\/24\\\/el-brujo-volvera-a-actuar-en-el-festival-internacional-de-teatro-coria-sientela\\\/#breadcrumb\",\"itemListElement\":[{\"@type\":\"ListItem\",\"position\":1,\"name\":\"Inicio\",\"item\":\"https:\\\/\\\/coria.org\\\/ayuntamiento\\\/\"},{\"@type\":\"ListItem\",\"position\":2,\"name\":\"El Brujo volver\u00e1 a actuar en el Festival Internacional de Teatro \u201cCoria Si\u00e9ntela\u201d\"}]},{\"@type\":\"WebSite\",\"@id\":\"https:\\\/\\\/coria.org\\\/ayuntamiento\\\/#website\",\"url\":\"https:\\\/\\\/coria.org\\\/ayuntamiento\\\/\",\"name\":\"Ayuntamiento de Coria\",\"description\":\"Web oficial del Ayuntamiento de Coria\",\"publisher\":{\"@id\":\"https:\\\/\\\/coria.org\\\/ayuntamiento\\\/#organization\"},\"alternateName\":\"Web Oficial del Ayuntamiento de Coria\",\"potentialAction\":[{\"@type\":\"SearchAction\",\"target\":{\"@type\":\"EntryPoint\",\"urlTemplate\":\"https:\\\/\\\/coria.org\\\/ayuntamiento\\\/?s={search_term_string}\"},\"query-input\":{\"@type\":\"PropertyValueSpecification\",\"valueRequired\":true,\"valueName\":\"search_term_string\"}}],\"inLanguage\":\"es\"},{\"@type\":\"Organization\",\"@id\":\"https:\\\/\\\/coria.org\\\/ayuntamiento\\\/#organization\",\"name\":\"Ayuntamiento de Coria\",\"alternateName\":\"Ayto de Coria\",\"url\":\"https:\\\/\\\/coria.org\\\/ayuntamiento\\\/\",\"logo\":{\"@type\":\"ImageObject\",\"inLanguage\":\"es\",\"@id\":\"https:\\\/\\\/coria.org\\\/ayuntamiento\\\/#\\\/schema\\\/logo\\\/image\\\/\",\"url\":\"https:\\\/\\\/coria.org\\\/ayuntamiento\\\/wp-content\\\/uploads\\\/2020\\\/12\\\/escudo-ayuntamiento-coria.png\",\"contentUrl\":\"https:\\\/\\\/coria.org\\\/ayuntamiento\\\/wp-content\\\/uploads\\\/2020\\\/12\\\/escudo-ayuntamiento-coria.png\",\"width\":511,\"height\":240,\"caption\":\"Ayuntamiento de Coria\"},\"image\":{\"@id\":\"https:\\\/\\\/coria.org\\\/ayuntamiento\\\/#\\\/schema\\\/logo\\\/image\\\/\"},\"sameAs\":[\"https:\\\/\\\/www.facebook.com\\\/Ayuntamiento.de.Coria\",\"https:\\\/\\\/x.com\\\/Ayto_de_Coria\",\"https:\\\/\\\/www.instagram.com\\\/coria.ayuntamiento\\\/\",\"https:\\\/\\\/www.youtube.com\\\/user\\\/AYUNTAMIENTOCORIA\"]},{\"@type\":\"Person\",\"@id\":\"https:\\\/\\\/coria.org\\\/ayuntamiento\\\/#\\\/schema\\\/person\\\/8bd589f0e13e8ae5aa06def7a599d622\",\"name\":\"ayuntamiento\",\"image\":{\"@type\":\"ImageObject\",\"inLanguage\":\"es\",\"@id\":\"https:\\\/\\\/secure.gravatar.com\\\/avatar\\\/966e5ed73cad334adda5c87f49f2547f7082f7292c1b627cbb548744383b391c?s=96&d=mm&r=g\",\"url\":\"https:\\\/\\\/secure.gravatar.com\\\/avatar\\\/966e5ed73cad334adda5c87f49f2547f7082f7292c1b627cbb548744383b391c?s=96&d=mm&r=g\",\"contentUrl\":\"https:\\\/\\\/secure.gravatar.com\\\/avatar\\\/966e5ed73cad334adda5c87f49f2547f7082f7292c1b627cbb548744383b391c?s=96&d=mm&r=g\",\"caption\":\"ayuntamiento\"}}]}<\/script>\n<!-- \/ Yoast SEO plugin. -->","yoast_head_json":{"title":"El Brujo volver\u00e1 a actuar en el Festival Internacional de Teatro \u201cCoria Si\u00e9ntela\u201d - Ayuntamiento de Coria","robots":{"index":"index","follow":"follow","max-snippet":"max-snippet:-1","max-image-preview":"max-image-preview:large","max-video-preview":"max-video-preview:-1"},"canonical":"https:\/\/coria.org\/ayuntamiento\/index.php\/2024\/05\/24\/el-brujo-volvera-a-actuar-en-el-festival-internacional-de-teatro-coria-sientela\/","og_locale":"es_ES","og_type":"article","og_title":"El Brujo volver\u00e1 a actuar en el Festival Internacional de Teatro \u201cCoria Si\u00e9ntela\u201d - Ayuntamiento de Coria","og_description":"Esta ma\u00f1ana ha tenido lugar la presentaci\u00f3n en rueda de prensa del Festival Internacional de Teatro \u201cCoria Si\u00e9ntela\u201d, que se celebrar\u00e1 del 18 al 23 de julio del presente. La Alcaldesa de la Ciudad, Almudena Domingo Pirrongelli, junto a la concejal de cultura, Patricia Alfonso Barrios, ha sido la encargada de dar a conocer cada [&hellip;]","og_url":"https:\/\/coria.org\/ayuntamiento\/index.php\/2024\/05\/24\/el-brujo-volvera-a-actuar-en-el-festival-internacional-de-teatro-coria-sientela\/","og_site_name":"Ayuntamiento de Coria","article_publisher":"https:\/\/www.facebook.com\/Ayuntamiento.de.Coria","article_published_time":"2024-05-24T12:35:22+00:00","article_modified_time":"2025-04-10T12:58:05+00:00","og_image":[{"width":1920,"height":1440,"url":"https:\/\/coria.org\/ayuntamiento\/wp-content\/uploads\/2024\/06\/Irdp-festival-teatro-24.jpg","type":"image\/jpeg"}],"author":"ayuntamiento","twitter_card":"summary_large_image","twitter_creator":"@Ayto_de_Coria","twitter_site":"@Ayto_de_Coria","twitter_misc":{"Escrito por":"ayuntamiento","Tiempo de lectura":"3 minutos"},"schema":{"@context":"https:\/\/schema.org","@graph":[{"@type":"Article","@id":"https:\/\/coria.org\/ayuntamiento\/index.php\/2024\/05\/24\/el-brujo-volvera-a-actuar-en-el-festival-internacional-de-teatro-coria-sientela\/#article","isPartOf":{"@id":"https:\/\/coria.org\/ayuntamiento\/index.php\/2024\/05\/24\/el-brujo-volvera-a-actuar-en-el-festival-internacional-de-teatro-coria-sientela\/"},"author":{"name":"ayuntamiento","@id":"https:\/\/coria.org\/ayuntamiento\/#\/schema\/person\/8bd589f0e13e8ae5aa06def7a599d622"},"headline":"El Brujo volver\u00e1 a actuar en el Festival Internacional de Teatro \u201cCoria Si\u00e9ntela\u201d","datePublished":"2024-05-24T12:35:22+00:00","dateModified":"2025-04-10T12:58:05+00:00","mainEntityOfPage":{"@id":"https:\/\/coria.org\/ayuntamiento\/index.php\/2024\/05\/24\/el-brujo-volvera-a-actuar-en-el-festival-internacional-de-teatro-coria-sientela\/"},"wordCount":669,"publisher":{"@id":"https:\/\/coria.org\/ayuntamiento\/#organization"},"image":{"@id":"https:\/\/coria.org\/ayuntamiento\/index.php\/2024\/05\/24\/el-brujo-volvera-a-actuar-en-el-festival-internacional-de-teatro-coria-sientela\/#primaryimage"},"thumbnailUrl":"https:\/\/coria.org\/ayuntamiento\/wp-content\/uploads\/2024\/06\/Irdp-festival-teatro-24.jpg","keywords":["festival","teatro"],"articleSection":["Noticias"],"inLanguage":"es"},{"@type":"WebPage","@id":"https:\/\/coria.org\/ayuntamiento\/index.php\/2024\/05\/24\/el-brujo-volvera-a-actuar-en-el-festival-internacional-de-teatro-coria-sientela\/","url":"https:\/\/coria.org\/ayuntamiento\/index.php\/2024\/05\/24\/el-brujo-volvera-a-actuar-en-el-festival-internacional-de-teatro-coria-sientela\/","name":"El Brujo volver\u00e1 a actuar en el Festival Internacional de Teatro \u201cCoria Si\u00e9ntela\u201d - Ayuntamiento de Coria","isPartOf":{"@id":"https:\/\/coria.org\/ayuntamiento\/#website"},"primaryImageOfPage":{"@id":"https:\/\/coria.org\/ayuntamiento\/index.php\/2024\/05\/24\/el-brujo-volvera-a-actuar-en-el-festival-internacional-de-teatro-coria-sientela\/#primaryimage"},"image":{"@id":"https:\/\/coria.org\/ayuntamiento\/index.php\/2024\/05\/24\/el-brujo-volvera-a-actuar-en-el-festival-internacional-de-teatro-coria-sientela\/#primaryimage"},"thumbnailUrl":"https:\/\/coria.org\/ayuntamiento\/wp-content\/uploads\/2024\/06\/Irdp-festival-teatro-24.jpg","datePublished":"2024-05-24T12:35:22+00:00","dateModified":"2025-04-10T12:58:05+00:00","breadcrumb":{"@id":"https:\/\/coria.org\/ayuntamiento\/index.php\/2024\/05\/24\/el-brujo-volvera-a-actuar-en-el-festival-internacional-de-teatro-coria-sientela\/#breadcrumb"},"inLanguage":"es","potentialAction":[{"@type":"ReadAction","target":["https:\/\/coria.org\/ayuntamiento\/index.php\/2024\/05\/24\/el-brujo-volvera-a-actuar-en-el-festival-internacional-de-teatro-coria-sientela\/"]}]},{"@type":"ImageObject","inLanguage":"es","@id":"https:\/\/coria.org\/ayuntamiento\/index.php\/2024\/05\/24\/el-brujo-volvera-a-actuar-en-el-festival-internacional-de-teatro-coria-sientela\/#primaryimage","url":"https:\/\/coria.org\/ayuntamiento\/wp-content\/uploads\/2024\/06\/Irdp-festival-teatro-24.jpg","contentUrl":"https:\/\/coria.org\/ayuntamiento\/wp-content\/uploads\/2024\/06\/Irdp-festival-teatro-24.jpg","width":1920,"height":1440},{"@type":"BreadcrumbList","@id":"https:\/\/coria.org\/ayuntamiento\/index.php\/2024\/05\/24\/el-brujo-volvera-a-actuar-en-el-festival-internacional-de-teatro-coria-sientela\/#breadcrumb","itemListElement":[{"@type":"ListItem","position":1,"name":"Inicio","item":"https:\/\/coria.org\/ayuntamiento\/"},{"@type":"ListItem","position":2,"name":"El Brujo volver\u00e1 a actuar en el Festival Internacional de Teatro \u201cCoria Si\u00e9ntela\u201d"}]},{"@type":"WebSite","@id":"https:\/\/coria.org\/ayuntamiento\/#website","url":"https:\/\/coria.org\/ayuntamiento\/","name":"Ayuntamiento de Coria","description":"Web oficial del Ayuntamiento de Coria","publisher":{"@id":"https:\/\/coria.org\/ayuntamiento\/#organization"},"alternateName":"Web Oficial del Ayuntamiento de Coria","potentialAction":[{"@type":"SearchAction","target":{"@type":"EntryPoint","urlTemplate":"https:\/\/coria.org\/ayuntamiento\/?s={search_term_string}"},"query-input":{"@type":"PropertyValueSpecification","valueRequired":true,"valueName":"search_term_string"}}],"inLanguage":"es"},{"@type":"Organization","@id":"https:\/\/coria.org\/ayuntamiento\/#organization","name":"Ayuntamiento de Coria","alternateName":"Ayto de Coria","url":"https:\/\/coria.org\/ayuntamiento\/","logo":{"@type":"ImageObject","inLanguage":"es","@id":"https:\/\/coria.org\/ayuntamiento\/#\/schema\/logo\/image\/","url":"https:\/\/coria.org\/ayuntamiento\/wp-content\/uploads\/2020\/12\/escudo-ayuntamiento-coria.png","contentUrl":"https:\/\/coria.org\/ayuntamiento\/wp-content\/uploads\/2020\/12\/escudo-ayuntamiento-coria.png","width":511,"height":240,"caption":"Ayuntamiento de Coria"},"image":{"@id":"https:\/\/coria.org\/ayuntamiento\/#\/schema\/logo\/image\/"},"sameAs":["https:\/\/www.facebook.com\/Ayuntamiento.de.Coria","https:\/\/x.com\/Ayto_de_Coria","https:\/\/www.instagram.com\/coria.ayuntamiento\/","https:\/\/www.youtube.com\/user\/AYUNTAMIENTOCORIA"]},{"@type":"Person","@id":"https:\/\/coria.org\/ayuntamiento\/#\/schema\/person\/8bd589f0e13e8ae5aa06def7a599d622","name":"ayuntamiento","image":{"@type":"ImageObject","inLanguage":"es","@id":"https:\/\/secure.gravatar.com\/avatar\/966e5ed73cad334adda5c87f49f2547f7082f7292c1b627cbb548744383b391c?s=96&d=mm&r=g","url":"https:\/\/secure.gravatar.com\/avatar\/966e5ed73cad334adda5c87f49f2547f7082f7292c1b627cbb548744383b391c?s=96&d=mm&r=g","contentUrl":"https:\/\/secure.gravatar.com\/avatar\/966e5ed73cad334adda5c87f49f2547f7082f7292c1b627cbb548744383b391c?s=96&d=mm&r=g","caption":"ayuntamiento"}}]}},"uagb_featured_image_src":{"full":["https:\/\/coria.org\/ayuntamiento\/wp-content\/uploads\/2024\/06\/Irdp-festival-teatro-24.jpg",1920,1440,false],"thumbnail":["https:\/\/coria.org\/ayuntamiento\/wp-content\/uploads\/2024\/06\/Irdp-festival-teatro-24-150x150.jpg",150,150,true],"medium":["https:\/\/coria.org\/ayuntamiento\/wp-content\/uploads\/2024\/06\/Irdp-festival-teatro-24-300x225.jpg",300,225,true],"medium_large":["https:\/\/coria.org\/ayuntamiento\/wp-content\/uploads\/2024\/06\/Irdp-festival-teatro-24-768x576.jpg",768,576,true],"large":["https:\/\/coria.org\/ayuntamiento\/wp-content\/uploads\/2024\/06\/Irdp-festival-teatro-24-1024x768.jpg",1024,768,true],"thumblist":["https:\/\/coria.org\/ayuntamiento\/wp-content\/uploads\/2024\/06\/Irdp-festival-teatro-24-300x300.jpg",300,300,true],"thumbrelated":["https:\/\/coria.org\/ayuntamiento\/wp-content\/uploads\/2024\/06\/Irdp-festival-teatro-24-500x500.jpg",500,500,true],"meccarouselthumb":["https:\/\/coria.org\/ayuntamiento\/wp-content\/uploads\/2024\/06\/Irdp-festival-teatro-24-474x324.jpg",474,324,true],"gridsquare":["https:\/\/coria.org\/ayuntamiento\/wp-content\/uploads\/2024\/06\/Irdp-festival-teatro-24-391x260.jpg",391,260,true],"tileview":["https:\/\/coria.org\/ayuntamiento\/wp-content\/uploads\/2024\/06\/Irdp-festival-teatro-24-300x400.jpg",300,400,true],"1536x1536":["https:\/\/coria.org\/ayuntamiento\/wp-content\/uploads\/2024\/06\/Irdp-festival-teatro-24-1536x1152.jpg",1536,1152,true],"2048x2048":["https:\/\/coria.org\/ayuntamiento\/wp-content\/uploads\/2024\/06\/Irdp-festival-teatro-24.jpg",1920,1440,false]},"uagb_author_info":{"display_name":"ayuntamiento","author_link":"https:\/\/coria.org\/ayuntamiento\/index.php\/author\/ayuntamiento\/"},"uagb_comment_info":0,"uagb_excerpt":"Esta ma\u00f1ana ha tenido lugar la presentaci\u00f3n en rueda de prensa del Festival Internacional de Teatro \u201cCoria Si\u00e9ntela\u201d, que se celebrar\u00e1 del 18 al 23 de julio del presente. La Alcaldesa de la Ciudad, Almudena Domingo Pirrongelli, junto a la concejal de cultura, Patricia Alfonso Barrios, ha sido la encargada de dar a conocer cada&hellip;","_links":{"self":[{"href":"https:\/\/coria.org\/ayuntamiento\/index.php\/wp-json\/wp\/v2\/posts\/61641","targetHints":{"allow":["GET"]}}],"collection":[{"href":"https:\/\/coria.org\/ayuntamiento\/index.php\/wp-json\/wp\/v2\/posts"}],"about":[{"href":"https:\/\/coria.org\/ayuntamiento\/index.php\/wp-json\/wp\/v2\/types\/post"}],"author":[{"embeddable":true,"href":"https:\/\/coria.org\/ayuntamiento\/index.php\/wp-json\/wp\/v2\/users\/2"}],"replies":[{"embeddable":true,"href":"https:\/\/coria.org\/ayuntamiento\/index.php\/wp-json\/wp\/v2\/comments?post=61641"}],"version-history":[{"count":0,"href":"https:\/\/coria.org\/ayuntamiento\/index.php\/wp-json\/wp\/v2\/posts\/61641\/revisions"}],"wp:featuredmedia":[{"embeddable":true,"href":"https:\/\/coria.org\/ayuntamiento\/index.php\/wp-json\/wp\/v2\/media\/61642"}],"wp:attachment":[{"href":"https:\/\/coria.org\/ayuntamiento\/index.php\/wp-json\/wp\/v2\/media?parent=61641"}],"wp:term":[{"taxonomy":"category","embeddable":true,"href":"https:\/\/coria.org\/ayuntamiento\/index.php\/wp-json\/wp\/v2\/categories?post=61641"},{"taxonomy":"post_tag","embeddable":true,"href":"https:\/\/coria.org\/ayuntamiento\/index.php\/wp-json\/wp\/v2\/tags?post=61641"}],"curies":[{"name":"wp","href":"https:\/\/api.w.org\/{rel}","templated":true}]}}