{"id":59237,"date":"2024-02-26T12:54:14","date_gmt":"2024-02-26T11:54:14","guid":{"rendered":"https:\/\/turismocoria.es\/importacion\/?p=59237"},"modified":"2024-02-27T12:54:43","modified_gmt":"2024-02-27T11:54:43","slug":"el-miercoles-28-de-febrero-se-celebrara-en-coria-la-primera-prueba-promocion-de-orientacion-intercentros","status":"publish","type":"post","link":"https:\/\/coria.org\/ayuntamiento\/index.php\/2024\/02\/26\/el-miercoles-28-de-febrero-se-celebrara-en-coria-la-primera-prueba-promocion-de-orientacion-intercentros\/","title":{"rendered":"El mi\u00e9rcoles 28 de febrero se celebrar\u00e1 en Coria la primera prueba Promoci\u00f3n de Orientaci\u00f3n Intercentros"},"content":{"rendered":"\n<p>El pr\u00f3ximo 28 de febrero se llevar\u00e1 a cabo en la ciudad de Coria la primera prueba de Orientaci\u00f3n de Promoci\u00f3n Intercentros, en la modalidad O-Pie, d\u00f3nde se dar\u00e1n cita m\u00e1s de 350 alumnos de los \u00faltimos niveles de Primaria y primeros de Secundaria de todos los centros educativos de Coria, Puebla de Argeme y Rinc\u00f3n del Obispo: (CEIP Zurbar\u00e1n, CEIP Camilo Hern\u00e1ndez, CEIP Virgen de Argeme, Colegio Sagrado Coraz\u00f3n, IES Alag\u00f3n, IES Caurium, CEIP San Jos\u00e9 Obrero, CEIP La Acequia.<\/p>\n\n\n\n<figure class=\"wp-block-image alignleft size-full is-resized\"><img loading=\"lazy\" decoding=\"async\" width=\"822\" height=\"1024\" src=\"https:\/\/coria.org\/ayuntamiento\/wp-content\/uploads\/2024\/02\/cto-orientacion-2024.jpg\" alt=\"\" class=\"wp-image-59238\" style=\"width:318px;height:auto\" srcset=\"https:\/\/coria.org\/ayuntamiento\/wp-content\/uploads\/2024\/02\/cto-orientacion-2024.jpg 822w, https:\/\/coria.org\/ayuntamiento\/wp-content\/uploads\/2024\/02\/cto-orientacion-2024-241x300.jpg 241w, https:\/\/coria.org\/ayuntamiento\/wp-content\/uploads\/2024\/02\/cto-orientacion-2024-768x957.jpg 768w\" sizes=\"auto, (max-width: 822px) 100vw, 822px\" \/><\/figure>\n\n\n\n<p>La actividad se desarrollar\u00e1 partir de las 10:30 horas en la zona del Paseo de \u201cLa Isla\u201d y Polideportivo Municipal, donde se llevar\u00e1 a cabo una jornada de convivencia y aprendizaje en torno a dicho deporte, en la modalidad individual como por parejas.<\/p>\n\n\n\n<p>El evento ser\u00e1 organizado por la Federaci\u00f3n Extreme\u00f1a de Orientaci\u00f3n (FEXO) y el Club Sinrumbo O-Coria, y gracias a la implicaci\u00f3n y colaboraci\u00f3n de la Asociaci\u00f3n Deportiva \u201cValle del Alag\u00f3n\u201d que representa a los Centros Educativos locales, al Excmo. Ayuntamiento de Coria, as\u00ed como del C.P.R. de Coria, y Polic\u00eda Local, los cuales son claves para poder llevar a cabo este evento de promoci\u00f3n.<\/p>\n\n\n\n<p>Todos los Centros Educativos, Instituciones y clubes se han volcado desde el primer momento para poner en valor la Orientaci\u00f3n, modalidad deportiva que cada vez est\u00e1 m\u00e1s en auge en nuestra Comunidad, capaz de impulsar el uso racional y el disfrute de nuestro medio natural. La Federaci\u00f3n Extreme\u00f1a de Orientaci\u00f3n apuesta por el Deporte Escolar en nuestra localidad, ya que el 12 de marzo se disputar\u00e1 en la ciudad Cauriense, concretamente en el paraje de la dehesa boyal de \u201cMinguez\u201d, el Campeonato de Extremadura de Orientaci\u00f3n de Centros Escolares, donde j\u00f3venes orientadores de nuestra regi\u00f3n competir\u00e1n por convertirse en los mejores de la Regi\u00f3n y clasificarse para el Campeonato de Espa\u00f1a Escolar.<\/p>\n","protected":false},"excerpt":{"rendered":"<p>El pr\u00f3ximo 28 de febrero se llevar\u00e1 a cabo en la ciudad de Coria la primera prueba de Orientaci\u00f3n de Promoci\u00f3n Intercentros, en la modalidad O-Pie, d\u00f3nde se dar\u00e1n cita m\u00e1s de 350 alumnos de los \u00faltimos niveles de Primaria y primeros de Secundaria de todos los centros educativos de Coria, Puebla de Argeme y [&hellip;]<\/p>\n","protected":false},"author":2,"featured_media":59238,"comment_status":"closed","ping_status":"closed","sticky":false,"template":"","format":"standard","meta":{"_uag_custom_page_level_css":"","footnotes":""},"categories":[2],"tags":[910],"class_list":["post-59237","post","type-post","status-publish","format-standard","has-post-thumbnail","hentry","category-noticias","tag-orientacion"],"yoast_head":"<!-- This site is optimized with the Yoast SEO plugin v27.4 - https:\/\/yoast.com\/product\/yoast-seo-wordpress\/ -->\n<title>El mi\u00e9rcoles 28 de febrero se celebrar\u00e1 en Coria la primera prueba Promoci\u00f3n de Orientaci\u00f3n Intercentros - Ayuntamiento de Coria<\/title>\n<meta name=\"robots\" content=\"index, follow, max-snippet:-1, max-image-preview:large, max-video-preview:-1\" \/>\n<link rel=\"canonical\" href=\"https:\/\/coria.org\/ayuntamiento\/index.php\/2024\/02\/26\/el-miercoles-28-de-febrero-se-celebrara-en-coria-la-primera-prueba-promocion-de-orientacion-intercentros\/\" \/>\n<meta property=\"og:locale\" content=\"es_ES\" \/>\n<meta property=\"og:type\" content=\"article\" \/>\n<meta property=\"og:title\" content=\"El mi\u00e9rcoles 28 de febrero se celebrar\u00e1 en Coria la primera prueba Promoci\u00f3n de Orientaci\u00f3n Intercentros - Ayuntamiento de Coria\" \/>\n<meta property=\"og:description\" content=\"El pr\u00f3ximo 28 de febrero se llevar\u00e1 a cabo en la ciudad de Coria la primera prueba de Orientaci\u00f3n de Promoci\u00f3n Intercentros, en la modalidad O-Pie, d\u00f3nde se dar\u00e1n cita m\u00e1s de 350 alumnos de los \u00faltimos niveles de Primaria y primeros de Secundaria de todos los centros educativos de Coria, Puebla de Argeme y [&hellip;]\" \/>\n<meta property=\"og:url\" content=\"https:\/\/coria.org\/ayuntamiento\/index.php\/2024\/02\/26\/el-miercoles-28-de-febrero-se-celebrara-en-coria-la-primera-prueba-promocion-de-orientacion-intercentros\/\" \/>\n<meta property=\"og:site_name\" content=\"Ayuntamiento de Coria\" \/>\n<meta property=\"article:publisher\" content=\"https:\/\/www.facebook.com\/Ayuntamiento.de.Coria\" \/>\n<meta property=\"article:published_time\" content=\"2024-02-26T11:54:14+00:00\" \/>\n<meta property=\"article:modified_time\" content=\"2024-02-27T11:54:43+00:00\" \/>\n<meta property=\"og:image\" content=\"https:\/\/coria.org\/ayuntamiento\/wp-content\/uploads\/2024\/02\/cto-orientacion-2024.jpg\" \/>\n\t<meta property=\"og:image:width\" content=\"822\" \/>\n\t<meta property=\"og:image:height\" content=\"1024\" \/>\n\t<meta property=\"og:image:type\" content=\"image\/jpeg\" \/>\n<meta name=\"author\" content=\"ayuntamiento\" \/>\n<meta name=\"twitter:card\" content=\"summary_large_image\" \/>\n<meta name=\"twitter:creator\" content=\"@Ayto_de_Coria\" \/>\n<meta name=\"twitter:site\" content=\"@Ayto_de_Coria\" \/>\n<meta name=\"twitter:label1\" content=\"Escrito por\" \/>\n\t<meta name=\"twitter:data1\" content=\"ayuntamiento\" \/>\n\t<meta name=\"twitter:label2\" content=\"Tiempo de lectura\" \/>\n\t<meta name=\"twitter:data2\" content=\"2 minutos\" \/>\n<script type=\"application\/ld+json\" class=\"yoast-schema-graph\">{\"@context\":\"https:\\\/\\\/schema.org\",\"@graph\":[{\"@type\":\"Article\",\"@id\":\"https:\\\/\\\/coria.org\\\/ayuntamiento\\\/index.php\\\/2024\\\/02\\\/26\\\/el-miercoles-28-de-febrero-se-celebrara-en-coria-la-primera-prueba-promocion-de-orientacion-intercentros\\\/#article\",\"isPartOf\":{\"@id\":\"https:\\\/\\\/coria.org\\\/ayuntamiento\\\/index.php\\\/2024\\\/02\\\/26\\\/el-miercoles-28-de-febrero-se-celebrara-en-coria-la-primera-prueba-promocion-de-orientacion-intercentros\\\/\"},\"author\":{\"name\":\"ayuntamiento\",\"@id\":\"https:\\\/\\\/coria.org\\\/ayuntamiento\\\/#\\\/schema\\\/person\\\/8bd589f0e13e8ae5aa06def7a599d622\"},\"headline\":\"El mi\u00e9rcoles 28 de febrero se celebrar\u00e1 en Coria la primera prueba Promoci\u00f3n de Orientaci\u00f3n Intercentros\",\"datePublished\":\"2024-02-26T11:54:14+00:00\",\"dateModified\":\"2024-02-27T11:54:43+00:00\",\"mainEntityOfPage\":{\"@id\":\"https:\\\/\\\/coria.org\\\/ayuntamiento\\\/index.php\\\/2024\\\/02\\\/26\\\/el-miercoles-28-de-febrero-se-celebrara-en-coria-la-primera-prueba-promocion-de-orientacion-intercentros\\\/\"},\"wordCount\":347,\"publisher\":{\"@id\":\"https:\\\/\\\/coria.org\\\/ayuntamiento\\\/#organization\"},\"image\":{\"@id\":\"https:\\\/\\\/coria.org\\\/ayuntamiento\\\/index.php\\\/2024\\\/02\\\/26\\\/el-miercoles-28-de-febrero-se-celebrara-en-coria-la-primera-prueba-promocion-de-orientacion-intercentros\\\/#primaryimage\"},\"thumbnailUrl\":\"https:\\\/\\\/coria.org\\\/ayuntamiento\\\/wp-content\\\/uploads\\\/2024\\\/02\\\/cto-orientacion-2024.jpg\",\"keywords\":[\"orientacion\"],\"articleSection\":[\"Noticias\"],\"inLanguage\":\"es\"},{\"@type\":\"WebPage\",\"@id\":\"https:\\\/\\\/coria.org\\\/ayuntamiento\\\/index.php\\\/2024\\\/02\\\/26\\\/el-miercoles-28-de-febrero-se-celebrara-en-coria-la-primera-prueba-promocion-de-orientacion-intercentros\\\/\",\"url\":\"https:\\\/\\\/coria.org\\\/ayuntamiento\\\/index.php\\\/2024\\\/02\\\/26\\\/el-miercoles-28-de-febrero-se-celebrara-en-coria-la-primera-prueba-promocion-de-orientacion-intercentros\\\/\",\"name\":\"El mi\u00e9rcoles 28 de febrero se celebrar\u00e1 en Coria la primera prueba Promoci\u00f3n de Orientaci\u00f3n Intercentros - Ayuntamiento de Coria\",\"isPartOf\":{\"@id\":\"https:\\\/\\\/coria.org\\\/ayuntamiento\\\/#website\"},\"primaryImageOfPage\":{\"@id\":\"https:\\\/\\\/coria.org\\\/ayuntamiento\\\/index.php\\\/2024\\\/02\\\/26\\\/el-miercoles-28-de-febrero-se-celebrara-en-coria-la-primera-prueba-promocion-de-orientacion-intercentros\\\/#primaryimage\"},\"image\":{\"@id\":\"https:\\\/\\\/coria.org\\\/ayuntamiento\\\/index.php\\\/2024\\\/02\\\/26\\\/el-miercoles-28-de-febrero-se-celebrara-en-coria-la-primera-prueba-promocion-de-orientacion-intercentros\\\/#primaryimage\"},\"thumbnailUrl\":\"https:\\\/\\\/coria.org\\\/ayuntamiento\\\/wp-content\\\/uploads\\\/2024\\\/02\\\/cto-orientacion-2024.jpg\",\"datePublished\":\"2024-02-26T11:54:14+00:00\",\"dateModified\":\"2024-02-27T11:54:43+00:00\",\"breadcrumb\":{\"@id\":\"https:\\\/\\\/coria.org\\\/ayuntamiento\\\/index.php\\\/2024\\\/02\\\/26\\\/el-miercoles-28-de-febrero-se-celebrara-en-coria-la-primera-prueba-promocion-de-orientacion-intercentros\\\/#breadcrumb\"},\"inLanguage\":\"es\",\"potentialAction\":[{\"@type\":\"ReadAction\",\"target\":[\"https:\\\/\\\/coria.org\\\/ayuntamiento\\\/index.php\\\/2024\\\/02\\\/26\\\/el-miercoles-28-de-febrero-se-celebrara-en-coria-la-primera-prueba-promocion-de-orientacion-intercentros\\\/\"]}]},{\"@type\":\"ImageObject\",\"inLanguage\":\"es\",\"@id\":\"https:\\\/\\\/coria.org\\\/ayuntamiento\\\/index.php\\\/2024\\\/02\\\/26\\\/el-miercoles-28-de-febrero-se-celebrara-en-coria-la-primera-prueba-promocion-de-orientacion-intercentros\\\/#primaryimage\",\"url\":\"https:\\\/\\\/coria.org\\\/ayuntamiento\\\/wp-content\\\/uploads\\\/2024\\\/02\\\/cto-orientacion-2024.jpg\",\"contentUrl\":\"https:\\\/\\\/coria.org\\\/ayuntamiento\\\/wp-content\\\/uploads\\\/2024\\\/02\\\/cto-orientacion-2024.jpg\",\"width\":822,\"height\":1024},{\"@type\":\"BreadcrumbList\",\"@id\":\"https:\\\/\\\/coria.org\\\/ayuntamiento\\\/index.php\\\/2024\\\/02\\\/26\\\/el-miercoles-28-de-febrero-se-celebrara-en-coria-la-primera-prueba-promocion-de-orientacion-intercentros\\\/#breadcrumb\",\"itemListElement\":[{\"@type\":\"ListItem\",\"position\":1,\"name\":\"Inicio\",\"item\":\"https:\\\/\\\/coria.org\\\/ayuntamiento\\\/\"},{\"@type\":\"ListItem\",\"position\":2,\"name\":\"El mi\u00e9rcoles 28 de febrero se celebrar\u00e1 en Coria la primera prueba Promoci\u00f3n de Orientaci\u00f3n Intercentros\"}]},{\"@type\":\"WebSite\",\"@id\":\"https:\\\/\\\/coria.org\\\/ayuntamiento\\\/#website\",\"url\":\"https:\\\/\\\/coria.org\\\/ayuntamiento\\\/\",\"name\":\"Ayuntamiento de Coria\",\"description\":\"Web oficial del Ayuntamiento de Coria\",\"publisher\":{\"@id\":\"https:\\\/\\\/coria.org\\\/ayuntamiento\\\/#organization\"},\"alternateName\":\"Web Oficial del Ayuntamiento de Coria\",\"potentialAction\":[{\"@type\":\"SearchAction\",\"target\":{\"@type\":\"EntryPoint\",\"urlTemplate\":\"https:\\\/\\\/coria.org\\\/ayuntamiento\\\/?s={search_term_string}\"},\"query-input\":{\"@type\":\"PropertyValueSpecification\",\"valueRequired\":true,\"valueName\":\"search_term_string\"}}],\"inLanguage\":\"es\"},{\"@type\":\"Organization\",\"@id\":\"https:\\\/\\\/coria.org\\\/ayuntamiento\\\/#organization\",\"name\":\"Ayuntamiento de Coria\",\"alternateName\":\"Ayto de Coria\",\"url\":\"https:\\\/\\\/coria.org\\\/ayuntamiento\\\/\",\"logo\":{\"@type\":\"ImageObject\",\"inLanguage\":\"es\",\"@id\":\"https:\\\/\\\/coria.org\\\/ayuntamiento\\\/#\\\/schema\\\/logo\\\/image\\\/\",\"url\":\"https:\\\/\\\/coria.org\\\/ayuntamiento\\\/wp-content\\\/uploads\\\/2020\\\/12\\\/escudo-ayuntamiento-coria.png\",\"contentUrl\":\"https:\\\/\\\/coria.org\\\/ayuntamiento\\\/wp-content\\\/uploads\\\/2020\\\/12\\\/escudo-ayuntamiento-coria.png\",\"width\":511,\"height\":240,\"caption\":\"Ayuntamiento de Coria\"},\"image\":{\"@id\":\"https:\\\/\\\/coria.org\\\/ayuntamiento\\\/#\\\/schema\\\/logo\\\/image\\\/\"},\"sameAs\":[\"https:\\\/\\\/www.facebook.com\\\/Ayuntamiento.de.Coria\",\"https:\\\/\\\/x.com\\\/Ayto_de_Coria\",\"https:\\\/\\\/www.instagram.com\\\/coria.ayuntamiento\\\/\",\"https:\\\/\\\/www.youtube.com\\\/user\\\/AYUNTAMIENTOCORIA\"]},{\"@type\":\"Person\",\"@id\":\"https:\\\/\\\/coria.org\\\/ayuntamiento\\\/#\\\/schema\\\/person\\\/8bd589f0e13e8ae5aa06def7a599d622\",\"name\":\"ayuntamiento\",\"image\":{\"@type\":\"ImageObject\",\"inLanguage\":\"es\",\"@id\":\"https:\\\/\\\/secure.gravatar.com\\\/avatar\\\/966e5ed73cad334adda5c87f49f2547f7082f7292c1b627cbb548744383b391c?s=96&d=mm&r=g\",\"url\":\"https:\\\/\\\/secure.gravatar.com\\\/avatar\\\/966e5ed73cad334adda5c87f49f2547f7082f7292c1b627cbb548744383b391c?s=96&d=mm&r=g\",\"contentUrl\":\"https:\\\/\\\/secure.gravatar.com\\\/avatar\\\/966e5ed73cad334adda5c87f49f2547f7082f7292c1b627cbb548744383b391c?s=96&d=mm&r=g\",\"caption\":\"ayuntamiento\"}}]}<\/script>\n<!-- \/ Yoast SEO plugin. -->","yoast_head_json":{"title":"El mi\u00e9rcoles 28 de febrero se celebrar\u00e1 en Coria la primera prueba Promoci\u00f3n de Orientaci\u00f3n Intercentros - Ayuntamiento de Coria","robots":{"index":"index","follow":"follow","max-snippet":"max-snippet:-1","max-image-preview":"max-image-preview:large","max-video-preview":"max-video-preview:-1"},"canonical":"https:\/\/coria.org\/ayuntamiento\/index.php\/2024\/02\/26\/el-miercoles-28-de-febrero-se-celebrara-en-coria-la-primera-prueba-promocion-de-orientacion-intercentros\/","og_locale":"es_ES","og_type":"article","og_title":"El mi\u00e9rcoles 28 de febrero se celebrar\u00e1 en Coria la primera prueba Promoci\u00f3n de Orientaci\u00f3n Intercentros - Ayuntamiento de Coria","og_description":"El pr\u00f3ximo 28 de febrero se llevar\u00e1 a cabo en la ciudad de Coria la primera prueba de Orientaci\u00f3n de Promoci\u00f3n Intercentros, en la modalidad O-Pie, d\u00f3nde se dar\u00e1n cita m\u00e1s de 350 alumnos de los \u00faltimos niveles de Primaria y primeros de Secundaria de todos los centros educativos de Coria, Puebla de Argeme y [&hellip;]","og_url":"https:\/\/coria.org\/ayuntamiento\/index.php\/2024\/02\/26\/el-miercoles-28-de-febrero-se-celebrara-en-coria-la-primera-prueba-promocion-de-orientacion-intercentros\/","og_site_name":"Ayuntamiento de Coria","article_publisher":"https:\/\/www.facebook.com\/Ayuntamiento.de.Coria","article_published_time":"2024-02-26T11:54:14+00:00","article_modified_time":"2024-02-27T11:54:43+00:00","og_image":[{"width":822,"height":1024,"url":"https:\/\/coria.org\/ayuntamiento\/wp-content\/uploads\/2024\/02\/cto-orientacion-2024.jpg","type":"image\/jpeg"}],"author":"ayuntamiento","twitter_card":"summary_large_image","twitter_creator":"@Ayto_de_Coria","twitter_site":"@Ayto_de_Coria","twitter_misc":{"Escrito por":"ayuntamiento","Tiempo de lectura":"2 minutos"},"schema":{"@context":"https:\/\/schema.org","@graph":[{"@type":"Article","@id":"https:\/\/coria.org\/ayuntamiento\/index.php\/2024\/02\/26\/el-miercoles-28-de-febrero-se-celebrara-en-coria-la-primera-prueba-promocion-de-orientacion-intercentros\/#article","isPartOf":{"@id":"https:\/\/coria.org\/ayuntamiento\/index.php\/2024\/02\/26\/el-miercoles-28-de-febrero-se-celebrara-en-coria-la-primera-prueba-promocion-de-orientacion-intercentros\/"},"author":{"name":"ayuntamiento","@id":"https:\/\/coria.org\/ayuntamiento\/#\/schema\/person\/8bd589f0e13e8ae5aa06def7a599d622"},"headline":"El mi\u00e9rcoles 28 de febrero se celebrar\u00e1 en Coria la primera prueba Promoci\u00f3n de Orientaci\u00f3n Intercentros","datePublished":"2024-02-26T11:54:14+00:00","dateModified":"2024-02-27T11:54:43+00:00","mainEntityOfPage":{"@id":"https:\/\/coria.org\/ayuntamiento\/index.php\/2024\/02\/26\/el-miercoles-28-de-febrero-se-celebrara-en-coria-la-primera-prueba-promocion-de-orientacion-intercentros\/"},"wordCount":347,"publisher":{"@id":"https:\/\/coria.org\/ayuntamiento\/#organization"},"image":{"@id":"https:\/\/coria.org\/ayuntamiento\/index.php\/2024\/02\/26\/el-miercoles-28-de-febrero-se-celebrara-en-coria-la-primera-prueba-promocion-de-orientacion-intercentros\/#primaryimage"},"thumbnailUrl":"https:\/\/coria.org\/ayuntamiento\/wp-content\/uploads\/2024\/02\/cto-orientacion-2024.jpg","keywords":["orientacion"],"articleSection":["Noticias"],"inLanguage":"es"},{"@type":"WebPage","@id":"https:\/\/coria.org\/ayuntamiento\/index.php\/2024\/02\/26\/el-miercoles-28-de-febrero-se-celebrara-en-coria-la-primera-prueba-promocion-de-orientacion-intercentros\/","url":"https:\/\/coria.org\/ayuntamiento\/index.php\/2024\/02\/26\/el-miercoles-28-de-febrero-se-celebrara-en-coria-la-primera-prueba-promocion-de-orientacion-intercentros\/","name":"El mi\u00e9rcoles 28 de febrero se celebrar\u00e1 en Coria la primera prueba Promoci\u00f3n de Orientaci\u00f3n Intercentros - Ayuntamiento de Coria","isPartOf":{"@id":"https:\/\/coria.org\/ayuntamiento\/#website"},"primaryImageOfPage":{"@id":"https:\/\/coria.org\/ayuntamiento\/index.php\/2024\/02\/26\/el-miercoles-28-de-febrero-se-celebrara-en-coria-la-primera-prueba-promocion-de-orientacion-intercentros\/#primaryimage"},"image":{"@id":"https:\/\/coria.org\/ayuntamiento\/index.php\/2024\/02\/26\/el-miercoles-28-de-febrero-se-celebrara-en-coria-la-primera-prueba-promocion-de-orientacion-intercentros\/#primaryimage"},"thumbnailUrl":"https:\/\/coria.org\/ayuntamiento\/wp-content\/uploads\/2024\/02\/cto-orientacion-2024.jpg","datePublished":"2024-02-26T11:54:14+00:00","dateModified":"2024-02-27T11:54:43+00:00","breadcrumb":{"@id":"https:\/\/coria.org\/ayuntamiento\/index.php\/2024\/02\/26\/el-miercoles-28-de-febrero-se-celebrara-en-coria-la-primera-prueba-promocion-de-orientacion-intercentros\/#breadcrumb"},"inLanguage":"es","potentialAction":[{"@type":"ReadAction","target":["https:\/\/coria.org\/ayuntamiento\/index.php\/2024\/02\/26\/el-miercoles-28-de-febrero-se-celebrara-en-coria-la-primera-prueba-promocion-de-orientacion-intercentros\/"]}]},{"@type":"ImageObject","inLanguage":"es","@id":"https:\/\/coria.org\/ayuntamiento\/index.php\/2024\/02\/26\/el-miercoles-28-de-febrero-se-celebrara-en-coria-la-primera-prueba-promocion-de-orientacion-intercentros\/#primaryimage","url":"https:\/\/coria.org\/ayuntamiento\/wp-content\/uploads\/2024\/02\/cto-orientacion-2024.jpg","contentUrl":"https:\/\/coria.org\/ayuntamiento\/wp-content\/uploads\/2024\/02\/cto-orientacion-2024.jpg","width":822,"height":1024},{"@type":"BreadcrumbList","@id":"https:\/\/coria.org\/ayuntamiento\/index.php\/2024\/02\/26\/el-miercoles-28-de-febrero-se-celebrara-en-coria-la-primera-prueba-promocion-de-orientacion-intercentros\/#breadcrumb","itemListElement":[{"@type":"ListItem","position":1,"name":"Inicio","item":"https:\/\/coria.org\/ayuntamiento\/"},{"@type":"ListItem","position":2,"name":"El mi\u00e9rcoles 28 de febrero se celebrar\u00e1 en Coria la primera prueba Promoci\u00f3n de Orientaci\u00f3n Intercentros"}]},{"@type":"WebSite","@id":"https:\/\/coria.org\/ayuntamiento\/#website","url":"https:\/\/coria.org\/ayuntamiento\/","name":"Ayuntamiento de Coria","description":"Web oficial del Ayuntamiento de Coria","publisher":{"@id":"https:\/\/coria.org\/ayuntamiento\/#organization"},"alternateName":"Web Oficial del Ayuntamiento de Coria","potentialAction":[{"@type":"SearchAction","target":{"@type":"EntryPoint","urlTemplate":"https:\/\/coria.org\/ayuntamiento\/?s={search_term_string}"},"query-input":{"@type":"PropertyValueSpecification","valueRequired":true,"valueName":"search_term_string"}}],"inLanguage":"es"},{"@type":"Organization","@id":"https:\/\/coria.org\/ayuntamiento\/#organization","name":"Ayuntamiento de Coria","alternateName":"Ayto de Coria","url":"https:\/\/coria.org\/ayuntamiento\/","logo":{"@type":"ImageObject","inLanguage":"es","@id":"https:\/\/coria.org\/ayuntamiento\/#\/schema\/logo\/image\/","url":"https:\/\/coria.org\/ayuntamiento\/wp-content\/uploads\/2020\/12\/escudo-ayuntamiento-coria.png","contentUrl":"https:\/\/coria.org\/ayuntamiento\/wp-content\/uploads\/2020\/12\/escudo-ayuntamiento-coria.png","width":511,"height":240,"caption":"Ayuntamiento de Coria"},"image":{"@id":"https:\/\/coria.org\/ayuntamiento\/#\/schema\/logo\/image\/"},"sameAs":["https:\/\/www.facebook.com\/Ayuntamiento.de.Coria","https:\/\/x.com\/Ayto_de_Coria","https:\/\/www.instagram.com\/coria.ayuntamiento\/","https:\/\/www.youtube.com\/user\/AYUNTAMIENTOCORIA"]},{"@type":"Person","@id":"https:\/\/coria.org\/ayuntamiento\/#\/schema\/person\/8bd589f0e13e8ae5aa06def7a599d622","name":"ayuntamiento","image":{"@type":"ImageObject","inLanguage":"es","@id":"https:\/\/secure.gravatar.com\/avatar\/966e5ed73cad334adda5c87f49f2547f7082f7292c1b627cbb548744383b391c?s=96&d=mm&r=g","url":"https:\/\/secure.gravatar.com\/avatar\/966e5ed73cad334adda5c87f49f2547f7082f7292c1b627cbb548744383b391c?s=96&d=mm&r=g","contentUrl":"https:\/\/secure.gravatar.com\/avatar\/966e5ed73cad334adda5c87f49f2547f7082f7292c1b627cbb548744383b391c?s=96&d=mm&r=g","caption":"ayuntamiento"}}]}},"uagb_featured_image_src":{"full":["https:\/\/coria.org\/ayuntamiento\/wp-content\/uploads\/2024\/02\/cto-orientacion-2024.jpg",822,1024,false],"thumbnail":["https:\/\/coria.org\/ayuntamiento\/wp-content\/uploads\/2024\/02\/cto-orientacion-2024-150x150.jpg",150,150,true],"medium":["https:\/\/coria.org\/ayuntamiento\/wp-content\/uploads\/2024\/02\/cto-orientacion-2024-241x300.jpg",241,300,true],"medium_large":["https:\/\/coria.org\/ayuntamiento\/wp-content\/uploads\/2024\/02\/cto-orientacion-2024-768x957.jpg",768,957,true],"large":["https:\/\/coria.org\/ayuntamiento\/wp-content\/uploads\/2024\/02\/cto-orientacion-2024.jpg",822,1024,false],"thumblist":["https:\/\/coria.org\/ayuntamiento\/wp-content\/uploads\/2024\/02\/cto-orientacion-2024-300x300.jpg",300,300,true],"thumbrelated":["https:\/\/coria.org\/ayuntamiento\/wp-content\/uploads\/2024\/02\/cto-orientacion-2024-500x500.jpg",500,500,true],"meccarouselthumb":["https:\/\/coria.org\/ayuntamiento\/wp-content\/uploads\/2024\/02\/cto-orientacion-2024-474x324.jpg",474,324,true],"gridsquare":["https:\/\/coria.org\/ayuntamiento\/wp-content\/uploads\/2024\/02\/cto-orientacion-2024-391x260.jpg",391,260,true],"tileview":["https:\/\/coria.org\/ayuntamiento\/wp-content\/uploads\/2024\/02\/cto-orientacion-2024-300x400.jpg",300,400,true],"1536x1536":["https:\/\/coria.org\/ayuntamiento\/wp-content\/uploads\/2024\/02\/cto-orientacion-2024.jpg",822,1024,false],"2048x2048":["https:\/\/coria.org\/ayuntamiento\/wp-content\/uploads\/2024\/02\/cto-orientacion-2024.jpg",822,1024,false]},"uagb_author_info":{"display_name":"ayuntamiento","author_link":"https:\/\/coria.org\/ayuntamiento\/index.php\/author\/ayuntamiento\/"},"uagb_comment_info":0,"uagb_excerpt":"El pr\u00f3ximo 28 de febrero se llevar\u00e1 a cabo en la ciudad de Coria la primera prueba de Orientaci\u00f3n de Promoci\u00f3n Intercentros, en la modalidad O-Pie, d\u00f3nde se dar\u00e1n cita m\u00e1s de 350 alumnos de los \u00faltimos niveles de Primaria y primeros de Secundaria de todos los centros educativos de Coria, Puebla de Argeme y&hellip;","_links":{"self":[{"href":"https:\/\/coria.org\/ayuntamiento\/index.php\/wp-json\/wp\/v2\/posts\/59237","targetHints":{"allow":["GET"]}}],"collection":[{"href":"https:\/\/coria.org\/ayuntamiento\/index.php\/wp-json\/wp\/v2\/posts"}],"about":[{"href":"https:\/\/coria.org\/ayuntamiento\/index.php\/wp-json\/wp\/v2\/types\/post"}],"author":[{"embeddable":true,"href":"https:\/\/coria.org\/ayuntamiento\/index.php\/wp-json\/wp\/v2\/users\/2"}],"replies":[{"embeddable":true,"href":"https:\/\/coria.org\/ayuntamiento\/index.php\/wp-json\/wp\/v2\/comments?post=59237"}],"version-history":[{"count":0,"href":"https:\/\/coria.org\/ayuntamiento\/index.php\/wp-json\/wp\/v2\/posts\/59237\/revisions"}],"wp:featuredmedia":[{"embeddable":true,"href":"https:\/\/coria.org\/ayuntamiento\/index.php\/wp-json\/wp\/v2\/media\/59238"}],"wp:attachment":[{"href":"https:\/\/coria.org\/ayuntamiento\/index.php\/wp-json\/wp\/v2\/media?parent=59237"}],"wp:term":[{"taxonomy":"category","embeddable":true,"href":"https:\/\/coria.org\/ayuntamiento\/index.php\/wp-json\/wp\/v2\/categories?post=59237"},{"taxonomy":"post_tag","embeddable":true,"href":"https:\/\/coria.org\/ayuntamiento\/index.php\/wp-json\/wp\/v2\/tags?post=59237"}],"curies":[{"name":"wp","href":"https:\/\/api.w.org\/{rel}","templated":true}]}}