{"id":59233,"date":"2024-02-23T11:00:28","date_gmt":"2024-02-23T10:00:28","guid":{"rendered":"https:\/\/turismocoria.es\/importacion\/?p=59233"},"modified":"2024-04-16T13:03:02","modified_gmt":"2024-04-16T11:03:02","slug":"cayetano-rivera-diego-urdiales-paco-urena-gines-marin-y-alejandro-mora-presentes-en-la-feria-internacional-del-toro-de-coria","status":"publish","type":"post","link":"https:\/\/coria.org\/ayuntamiento\/index.php\/2024\/02\/23\/cayetano-rivera-diego-urdiales-paco-urena-gines-marin-y-alejandro-mora-presentes-en-la-feria-internacional-del-toro-de-coria\/","title":{"rendered":"Cayetano Rivera, Diego Urdiales, Paco Ure\u00f1a, Gin\u00e9s Mar\u00edn y Alejandro Mora, presentes en la Feria Internacional del Toro de Coria"},"content":{"rendered":"\n<p>Esta ma\u00f1ana, el sal\u00f3n del plenos del Ayuntamiento de Coria, ha sido testigo un a\u00f1o m\u00e1s de la presentaci\u00f3n del Cartel Taurino de la Feria Internacional del Toro, FITCORIA, por parte de la Alcaldesa de la Ciudad, Almudena Domingo Pirrongelli y el empresario taurino y adjudicatario de la Feria, Alberto Manuel Hornos Valiente.<\/p>\n\n\n<figure class=\"wp-block-post-featured-image\"><img loading=\"lazy\" decoding=\"async\" width=\"2560\" height=\"1517\" src=\"https:\/\/coria.org\/ayuntamiento\/wp-content\/uploads\/2024\/02\/rdp-fitcoria-2024-scaled.jpg\" class=\"attachment-post-thumbnail size-post-thumbnail wp-post-image\" alt=\"\" style=\"object-fit:cover;\" srcset=\"https:\/\/coria.org\/ayuntamiento\/wp-content\/uploads\/2024\/02\/rdp-fitcoria-2024-scaled.jpg 2560w, https:\/\/coria.org\/ayuntamiento\/wp-content\/uploads\/2024\/02\/rdp-fitcoria-2024-300x178.jpg 300w, https:\/\/coria.org\/ayuntamiento\/wp-content\/uploads\/2024\/02\/rdp-fitcoria-2024-1024x607.jpg 1024w, https:\/\/coria.org\/ayuntamiento\/wp-content\/uploads\/2024\/02\/rdp-fitcoria-2024-768x455.jpg 768w, https:\/\/coria.org\/ayuntamiento\/wp-content\/uploads\/2024\/02\/rdp-fitcoria-2024-1536x910.jpg 1536w, https:\/\/coria.org\/ayuntamiento\/wp-content\/uploads\/2024\/02\/rdp-fitcoria-2024-2048x1214.jpg 2048w\" sizes=\"auto, (max-width: 2560px) 100vw, 2560px\" \/><\/figure>\n\n\n<p>La Feria, que tendr\u00e1 lugar los d\u00edas 8, 9 y 10 de marzo, contar\u00e1 con una amplia programaci\u00f3n taurina y cultural, en la que el Ayuntamiento de Coria ha colaborado, junto con la empresa organizadora, Grupo Ceber Tauro S.L.U., para que esta octava edici\u00f3n sea todo un \u00e9xito, al igual que en las ocasiones anteriores.<\/p>\n\n\n\n<p>La Alcaldesa ha comenzado su intervenci\u00f3n destacando que la feria naci\u00f3 con el objetivo de continuar en el tiempo, algo que se est\u00e1 consiguiendo gracias a todas las personas que lo hacen posible, Alberto Manuel como empresario y todos los aficionados que asisten cada a\u00f1o a disfrutar de un fin de semana taurino en nuestra ciudad.<\/p>\n\n\n\n<p>Un evento taurino, dice, ya m\u00e1s que consolidado en la localidad, de car\u00e1cter tur\u00edstico-cultural y socio econ\u00f3mico, que ha alcanzado un importante \u00e9xito de participaci\u00f3n de visitantes en las ediciones anteriores, lo que ha conseguido convertir a la ciudad de Coria en la capital del mundo del Toro durante la celebraci\u00f3n de la misma a mediados del mes de marzo.<\/p>\n\n\n\n<p>Por todo ello, sigue diciendo Almudena, desde el Ayuntamiento queremos seguir apostando por este tipo de iniciativas taurinas, apoyando a los empresarios, en este caso a Grupo Ceber Tauro, quien organiza esta feria tan importante para la ciudad, con gran esfuerzo, cada a\u00f1o m\u00e1s, pero siempre latente la ilusi\u00f3n por el mundo del toro para que Coria tenga lo que se merece, una gran feria en la que, nuevamente este a\u00f1o vamos a poder disfrutar de un gran y amplio programa de actividades durante tres d\u00edas y de un importante cartel.<\/p>\n\n\n\n<p>La Alcaldesa ha anunciado algunas de las actividades m\u00e1s importantes con las que contar\u00e1 la feria. El viernes, se celebrar\u00e1 un a\u00f1o m\u00e1s la novillada sin picadores en clase pr\u00e1ctica con los novilleros locales y alumnos de la Escuela de Tauromaquia de Badajoz, Manuel Le\u00f3n y Jorge Hurtado, el s\u00e1bado ser\u00e1 el festival taurino con picadores para matadores de toros y el domingo contaremos con un espect\u00e1culo de recortadores.<\/p>\n\n\n\n<p>El festival contar\u00e1 con importantes figuras del toreo como Cayetano Rivera, Diego Urdiales, Paco Ure\u00f1a, Gin\u00e9s Mar\u00edn, Alejandro Mora, y el novillero Julio M\u00e9ndez por ser el triunfador del III Desaf\u00edo de Escuelas Taurinas Ciudad de Coria. Domingo ha destacado que se trata de un cartel completo, con figuras importantes del toreo, que vendr\u00e1n a Coria, algunos por primera vez, otros ya han estado, a hacernos disfrutar del arte unido con el toro, este animal que consideramos el protagonista de esta feria, de la ciudad y que defendemos siempre sin complejo.<\/p>\n\n\n\n<p>Almudena ha finalizado dando las gracias al empresario, Alberto Manuel, a todas las personas que est\u00e1n detr\u00e1s de la organizaci\u00f3n por hacer posible esta feria y, ha hecho una invitaci\u00f3n especial a todos los amantes del mundo del toro para que disfruten de todas las actividades programadas.<\/p>\n\n\n\n<p>Al acto de presentaci\u00f3n de la feria, tambi\u00e9n han asistido el torero Alejandro Mora, el recortador Dani Plata, el dise\u00f1ador de la ilustraci\u00f3n del cartel anunciador del festival taurino, Arturo P\u00e9rez, la dise\u00f1adora Emma Prieto, concejales del equipo de gobierno y p\u00fablico en general.<\/p>\n\n\n\n<p>Por su parte, Alberto Manuel Hornos ha destacado que se trata de la octava edici\u00f3n de la feria, un evento que cuenta con una base s\u00f3lida para continuar un a\u00f1o m\u00e1s con la celebraci\u00f3n de este evento taurino. Es un esfuerzo grande el que se hace para que todo est\u00e9 listo en un fin de semana en el que nos visitan varias figuras del toreo ya que no es f\u00e1cil iniciar una temporada taurina. Intentamos que el cartel sea lo m\u00e1s atractivo posible para atraer al m\u00e1ximo p\u00fablico, ha dicho.<\/p>\n\n\n\n<p>Hornos ha deseado que sea un cartel del agrado de todos. Ha querido agradecer la disponibilidad de los toreros que vendr\u00e1n a Coria, sin ellos no ser\u00eda posible esta feria con un nivel tan alto.<\/p>\n\n\n\n<figure class=\"wp-block-image alignleft size-full is-resized\"><a href=\"https:\/\/youtu.be\/8TsaM7JMAkU\" target=\"_blank\" rel=\"noreferrer noopener\"><img loading=\"lazy\" decoding=\"async\" width=\"1024\" height=\"576\" src=\"https:\/\/coria.org\/ayuntamiento\/wp-content\/uploads\/2024\/02\/you-fit-244.jpg\" alt=\"\" class=\"wp-image-59235\" style=\"width:501px;height:auto\" srcset=\"https:\/\/coria.org\/ayuntamiento\/wp-content\/uploads\/2024\/02\/you-fit-244.jpg 1024w, https:\/\/coria.org\/ayuntamiento\/wp-content\/uploads\/2024\/02\/you-fit-244-300x169.jpg 300w, https:\/\/coria.org\/ayuntamiento\/wp-content\/uploads\/2024\/02\/you-fit-244-768x432.jpg 768w\" sizes=\"auto, (max-width: 1024px) 100vw, 1024px\" \/><\/a><\/figure>\n\n\n\n<p>Ha destacado tambi\u00e9n la novillada sin picadores del viernes, un apoyo que queremos continuar dando a los alumnos de la Escuela Taurina de Badajoz y a sus alumnos locales, que la feria sea un trampol\u00edn para que a estos chicos les sirva en un futuro y que puedan llegar a estar presentes, no solo en el cartel de esta feria sino en los carteles de las ferias m\u00e1s importantes del mundo del toro.<\/p>\n\n\n\n<p>La feria est\u00e1 enriquecida con varias actividades taurinas, por ello tambi\u00e9n contamos cada a\u00f1o con un espect\u00e1culo de recortadores, no podemos olvidar a este tipo de toreros y tambi\u00e9n tienen un espacio en la feria de Coria.<br>Por tanto, a\u00f1ade, tres festejos Taurinos que, si el tiempo lo permite ser\u00e1 una feria de gran \u00e9xito. Tambi\u00e9n ha adelantado que el resto de la programaci\u00f3n se dar\u00e1 a conocer la pr\u00f3xima semana.<\/p>\n\n\n\n<p>Alberto ha agradecido la colaboraci\u00f3n de Arturo P\u00e9rez, con su ilustraci\u00f3n en el cartel taurino y, ha deseado que los asistentes disfruten de cada una de las actividades programadas, debe ser una feria de todos.<\/p>\n","protected":false},"excerpt":{"rendered":"<p>Esta ma\u00f1ana, el sal\u00f3n del plenos del Ayuntamiento de Coria, ha sido testigo un a\u00f1o m\u00e1s de la presentaci\u00f3n del Cartel Taurino de la Feria Internacional del Toro, FITCORIA, por parte de la Alcaldesa de la Ciudad, Almudena Domingo Pirrongelli y el empresario taurino y adjudicatario de la Feria, Alberto Manuel Hornos Valiente. La Feria, [&hellip;]<\/p>\n","protected":false},"author":2,"featured_media":59234,"comment_status":"closed","ping_status":"closed","sticky":false,"template":"","format":"standard","meta":{"_uag_custom_page_level_css":"","footnotes":""},"categories":[2],"tags":[574],"class_list":["post-59233","post","type-post","status-publish","format-standard","has-post-thumbnail","hentry","category-noticias","tag-fitcoria"],"yoast_head":"<!-- This site is optimized with the Yoast SEO plugin v27.4 - https:\/\/yoast.com\/product\/yoast-seo-wordpress\/ -->\n<title>Cayetano Rivera, Diego Urdiales, Paco Ure\u00f1a, Gin\u00e9s Mar\u00edn y Alejandro Mora, presentes en la Feria Internacional del Toro de Coria - Ayuntamiento de Coria<\/title>\n<meta name=\"robots\" content=\"index, follow, max-snippet:-1, max-image-preview:large, max-video-preview:-1\" \/>\n<link rel=\"canonical\" href=\"https:\/\/coria.org\/ayuntamiento\/index.php\/2024\/02\/23\/cayetano-rivera-diego-urdiales-paco-urena-gines-marin-y-alejandro-mora-presentes-en-la-feria-internacional-del-toro-de-coria\/\" \/>\n<meta property=\"og:locale\" content=\"es_ES\" \/>\n<meta property=\"og:type\" content=\"article\" \/>\n<meta property=\"og:title\" content=\"Cayetano Rivera, Diego Urdiales, Paco Ure\u00f1a, Gin\u00e9s Mar\u00edn y Alejandro Mora, presentes en la Feria Internacional del Toro de Coria - Ayuntamiento de Coria\" \/>\n<meta property=\"og:description\" content=\"Esta ma\u00f1ana, el sal\u00f3n del plenos del Ayuntamiento de Coria, ha sido testigo un a\u00f1o m\u00e1s de la presentaci\u00f3n del Cartel Taurino de la Feria Internacional del Toro, FITCORIA, por parte de la Alcaldesa de la Ciudad, Almudena Domingo Pirrongelli y el empresario taurino y adjudicatario de la Feria, Alberto Manuel Hornos Valiente. La Feria, [&hellip;]\" \/>\n<meta property=\"og:url\" content=\"https:\/\/coria.org\/ayuntamiento\/index.php\/2024\/02\/23\/cayetano-rivera-diego-urdiales-paco-urena-gines-marin-y-alejandro-mora-presentes-en-la-feria-internacional-del-toro-de-coria\/\" \/>\n<meta property=\"og:site_name\" content=\"Ayuntamiento de Coria\" \/>\n<meta property=\"article:publisher\" content=\"https:\/\/www.facebook.com\/Ayuntamiento.de.Coria\" \/>\n<meta property=\"article:published_time\" content=\"2024-02-23T10:00:28+00:00\" \/>\n<meta property=\"article:modified_time\" content=\"2024-04-16T11:03:02+00:00\" \/>\n<meta property=\"og:image\" content=\"https:\/\/coria.org\/ayuntamiento\/wp-content\/uploads\/2024\/02\/rdp-fitcoria-2024-scaled.jpg\" \/>\n\t<meta property=\"og:image:width\" content=\"2560\" \/>\n\t<meta property=\"og:image:height\" content=\"1517\" \/>\n\t<meta property=\"og:image:type\" content=\"image\/jpeg\" \/>\n<meta name=\"author\" content=\"ayuntamiento\" \/>\n<meta name=\"twitter:card\" content=\"summary_large_image\" \/>\n<meta name=\"twitter:creator\" content=\"@Ayto_de_Coria\" \/>\n<meta name=\"twitter:site\" content=\"@Ayto_de_Coria\" \/>\n<meta name=\"twitter:label1\" content=\"Escrito por\" \/>\n\t<meta name=\"twitter:data1\" content=\"ayuntamiento\" \/>\n\t<meta name=\"twitter:label2\" content=\"Tiempo de lectura\" \/>\n\t<meta name=\"twitter:data2\" content=\"5 minutos\" \/>\n<script type=\"application\/ld+json\" class=\"yoast-schema-graph\">{\"@context\":\"https:\\\/\\\/schema.org\",\"@graph\":[{\"@type\":\"Article\",\"@id\":\"https:\\\/\\\/coria.org\\\/ayuntamiento\\\/index.php\\\/2024\\\/02\\\/23\\\/cayetano-rivera-diego-urdiales-paco-urena-gines-marin-y-alejandro-mora-presentes-en-la-feria-internacional-del-toro-de-coria\\\/#article\",\"isPartOf\":{\"@id\":\"https:\\\/\\\/coria.org\\\/ayuntamiento\\\/index.php\\\/2024\\\/02\\\/23\\\/cayetano-rivera-diego-urdiales-paco-urena-gines-marin-y-alejandro-mora-presentes-en-la-feria-internacional-del-toro-de-coria\\\/\"},\"author\":{\"name\":\"ayuntamiento\",\"@id\":\"https:\\\/\\\/coria.org\\\/ayuntamiento\\\/#\\\/schema\\\/person\\\/8bd589f0e13e8ae5aa06def7a599d622\"},\"headline\":\"Cayetano Rivera, Diego Urdiales, Paco Ure\u00f1a, Gin\u00e9s Mar\u00edn y Alejandro Mora, presentes en la Feria Internacional del Toro de Coria\",\"datePublished\":\"2024-02-23T10:00:28+00:00\",\"dateModified\":\"2024-04-16T11:03:02+00:00\",\"mainEntityOfPage\":{\"@id\":\"https:\\\/\\\/coria.org\\\/ayuntamiento\\\/index.php\\\/2024\\\/02\\\/23\\\/cayetano-rivera-diego-urdiales-paco-urena-gines-marin-y-alejandro-mora-presentes-en-la-feria-internacional-del-toro-de-coria\\\/\"},\"wordCount\":962,\"publisher\":{\"@id\":\"https:\\\/\\\/coria.org\\\/ayuntamiento\\\/#organization\"},\"image\":{\"@id\":\"https:\\\/\\\/coria.org\\\/ayuntamiento\\\/index.php\\\/2024\\\/02\\\/23\\\/cayetano-rivera-diego-urdiales-paco-urena-gines-marin-y-alejandro-mora-presentes-en-la-feria-internacional-del-toro-de-coria\\\/#primaryimage\"},\"thumbnailUrl\":\"https:\\\/\\\/coria.org\\\/ayuntamiento\\\/wp-content\\\/uploads\\\/2024\\\/02\\\/rdp-fitcoria-2024-scaled.jpg\",\"keywords\":[\"fitcoria\"],\"articleSection\":[\"Noticias\"],\"inLanguage\":\"es\"},{\"@type\":\"WebPage\",\"@id\":\"https:\\\/\\\/coria.org\\\/ayuntamiento\\\/index.php\\\/2024\\\/02\\\/23\\\/cayetano-rivera-diego-urdiales-paco-urena-gines-marin-y-alejandro-mora-presentes-en-la-feria-internacional-del-toro-de-coria\\\/\",\"url\":\"https:\\\/\\\/coria.org\\\/ayuntamiento\\\/index.php\\\/2024\\\/02\\\/23\\\/cayetano-rivera-diego-urdiales-paco-urena-gines-marin-y-alejandro-mora-presentes-en-la-feria-internacional-del-toro-de-coria\\\/\",\"name\":\"Cayetano Rivera, Diego Urdiales, Paco Ure\u00f1a, Gin\u00e9s Mar\u00edn y Alejandro Mora, presentes en la Feria Internacional del Toro de Coria - Ayuntamiento de Coria\",\"isPartOf\":{\"@id\":\"https:\\\/\\\/coria.org\\\/ayuntamiento\\\/#website\"},\"primaryImageOfPage\":{\"@id\":\"https:\\\/\\\/coria.org\\\/ayuntamiento\\\/index.php\\\/2024\\\/02\\\/23\\\/cayetano-rivera-diego-urdiales-paco-urena-gines-marin-y-alejandro-mora-presentes-en-la-feria-internacional-del-toro-de-coria\\\/#primaryimage\"},\"image\":{\"@id\":\"https:\\\/\\\/coria.org\\\/ayuntamiento\\\/index.php\\\/2024\\\/02\\\/23\\\/cayetano-rivera-diego-urdiales-paco-urena-gines-marin-y-alejandro-mora-presentes-en-la-feria-internacional-del-toro-de-coria\\\/#primaryimage\"},\"thumbnailUrl\":\"https:\\\/\\\/coria.org\\\/ayuntamiento\\\/wp-content\\\/uploads\\\/2024\\\/02\\\/rdp-fitcoria-2024-scaled.jpg\",\"datePublished\":\"2024-02-23T10:00:28+00:00\",\"dateModified\":\"2024-04-16T11:03:02+00:00\",\"breadcrumb\":{\"@id\":\"https:\\\/\\\/coria.org\\\/ayuntamiento\\\/index.php\\\/2024\\\/02\\\/23\\\/cayetano-rivera-diego-urdiales-paco-urena-gines-marin-y-alejandro-mora-presentes-en-la-feria-internacional-del-toro-de-coria\\\/#breadcrumb\"},\"inLanguage\":\"es\",\"potentialAction\":[{\"@type\":\"ReadAction\",\"target\":[\"https:\\\/\\\/coria.org\\\/ayuntamiento\\\/index.php\\\/2024\\\/02\\\/23\\\/cayetano-rivera-diego-urdiales-paco-urena-gines-marin-y-alejandro-mora-presentes-en-la-feria-internacional-del-toro-de-coria\\\/\"]}]},{\"@type\":\"ImageObject\",\"inLanguage\":\"es\",\"@id\":\"https:\\\/\\\/coria.org\\\/ayuntamiento\\\/index.php\\\/2024\\\/02\\\/23\\\/cayetano-rivera-diego-urdiales-paco-urena-gines-marin-y-alejandro-mora-presentes-en-la-feria-internacional-del-toro-de-coria\\\/#primaryimage\",\"url\":\"https:\\\/\\\/coria.org\\\/ayuntamiento\\\/wp-content\\\/uploads\\\/2024\\\/02\\\/rdp-fitcoria-2024-scaled.jpg\",\"contentUrl\":\"https:\\\/\\\/coria.org\\\/ayuntamiento\\\/wp-content\\\/uploads\\\/2024\\\/02\\\/rdp-fitcoria-2024-scaled.jpg\",\"width\":2560,\"height\":1517},{\"@type\":\"BreadcrumbList\",\"@id\":\"https:\\\/\\\/coria.org\\\/ayuntamiento\\\/index.php\\\/2024\\\/02\\\/23\\\/cayetano-rivera-diego-urdiales-paco-urena-gines-marin-y-alejandro-mora-presentes-en-la-feria-internacional-del-toro-de-coria\\\/#breadcrumb\",\"itemListElement\":[{\"@type\":\"ListItem\",\"position\":1,\"name\":\"Inicio\",\"item\":\"https:\\\/\\\/coria.org\\\/ayuntamiento\\\/\"},{\"@type\":\"ListItem\",\"position\":2,\"name\":\"Cayetano Rivera, Diego Urdiales, Paco Ure\u00f1a, Gin\u00e9s Mar\u00edn y Alejandro Mora, presentes en la Feria Internacional del Toro de Coria\"}]},{\"@type\":\"WebSite\",\"@id\":\"https:\\\/\\\/coria.org\\\/ayuntamiento\\\/#website\",\"url\":\"https:\\\/\\\/coria.org\\\/ayuntamiento\\\/\",\"name\":\"Ayuntamiento de Coria\",\"description\":\"Web oficial del Ayuntamiento de Coria\",\"publisher\":{\"@id\":\"https:\\\/\\\/coria.org\\\/ayuntamiento\\\/#organization\"},\"alternateName\":\"Web Oficial del Ayuntamiento de Coria\",\"potentialAction\":[{\"@type\":\"SearchAction\",\"target\":{\"@type\":\"EntryPoint\",\"urlTemplate\":\"https:\\\/\\\/coria.org\\\/ayuntamiento\\\/?s={search_term_string}\"},\"query-input\":{\"@type\":\"PropertyValueSpecification\",\"valueRequired\":true,\"valueName\":\"search_term_string\"}}],\"inLanguage\":\"es\"},{\"@type\":\"Organization\",\"@id\":\"https:\\\/\\\/coria.org\\\/ayuntamiento\\\/#organization\",\"name\":\"Ayuntamiento de Coria\",\"alternateName\":\"Ayto de Coria\",\"url\":\"https:\\\/\\\/coria.org\\\/ayuntamiento\\\/\",\"logo\":{\"@type\":\"ImageObject\",\"inLanguage\":\"es\",\"@id\":\"https:\\\/\\\/coria.org\\\/ayuntamiento\\\/#\\\/schema\\\/logo\\\/image\\\/\",\"url\":\"https:\\\/\\\/coria.org\\\/ayuntamiento\\\/wp-content\\\/uploads\\\/2020\\\/12\\\/escudo-ayuntamiento-coria.png\",\"contentUrl\":\"https:\\\/\\\/coria.org\\\/ayuntamiento\\\/wp-content\\\/uploads\\\/2020\\\/12\\\/escudo-ayuntamiento-coria.png\",\"width\":511,\"height\":240,\"caption\":\"Ayuntamiento de Coria\"},\"image\":{\"@id\":\"https:\\\/\\\/coria.org\\\/ayuntamiento\\\/#\\\/schema\\\/logo\\\/image\\\/\"},\"sameAs\":[\"https:\\\/\\\/www.facebook.com\\\/Ayuntamiento.de.Coria\",\"https:\\\/\\\/x.com\\\/Ayto_de_Coria\",\"https:\\\/\\\/www.instagram.com\\\/coria.ayuntamiento\\\/\",\"https:\\\/\\\/www.youtube.com\\\/user\\\/AYUNTAMIENTOCORIA\"]},{\"@type\":\"Person\",\"@id\":\"https:\\\/\\\/coria.org\\\/ayuntamiento\\\/#\\\/schema\\\/person\\\/8bd589f0e13e8ae5aa06def7a599d622\",\"name\":\"ayuntamiento\",\"image\":{\"@type\":\"ImageObject\",\"inLanguage\":\"es\",\"@id\":\"https:\\\/\\\/secure.gravatar.com\\\/avatar\\\/966e5ed73cad334adda5c87f49f2547f7082f7292c1b627cbb548744383b391c?s=96&d=mm&r=g\",\"url\":\"https:\\\/\\\/secure.gravatar.com\\\/avatar\\\/966e5ed73cad334adda5c87f49f2547f7082f7292c1b627cbb548744383b391c?s=96&d=mm&r=g\",\"contentUrl\":\"https:\\\/\\\/secure.gravatar.com\\\/avatar\\\/966e5ed73cad334adda5c87f49f2547f7082f7292c1b627cbb548744383b391c?s=96&d=mm&r=g\",\"caption\":\"ayuntamiento\"}}]}<\/script>\n<!-- \/ Yoast SEO plugin. -->","yoast_head_json":{"title":"Cayetano Rivera, Diego Urdiales, Paco Ure\u00f1a, Gin\u00e9s Mar\u00edn y Alejandro Mora, presentes en la Feria Internacional del Toro de Coria - Ayuntamiento de Coria","robots":{"index":"index","follow":"follow","max-snippet":"max-snippet:-1","max-image-preview":"max-image-preview:large","max-video-preview":"max-video-preview:-1"},"canonical":"https:\/\/coria.org\/ayuntamiento\/index.php\/2024\/02\/23\/cayetano-rivera-diego-urdiales-paco-urena-gines-marin-y-alejandro-mora-presentes-en-la-feria-internacional-del-toro-de-coria\/","og_locale":"es_ES","og_type":"article","og_title":"Cayetano Rivera, Diego Urdiales, Paco Ure\u00f1a, Gin\u00e9s Mar\u00edn y Alejandro Mora, presentes en la Feria Internacional del Toro de Coria - Ayuntamiento de Coria","og_description":"Esta ma\u00f1ana, el sal\u00f3n del plenos del Ayuntamiento de Coria, ha sido testigo un a\u00f1o m\u00e1s de la presentaci\u00f3n del Cartel Taurino de la Feria Internacional del Toro, FITCORIA, por parte de la Alcaldesa de la Ciudad, Almudena Domingo Pirrongelli y el empresario taurino y adjudicatario de la Feria, Alberto Manuel Hornos Valiente. La Feria, [&hellip;]","og_url":"https:\/\/coria.org\/ayuntamiento\/index.php\/2024\/02\/23\/cayetano-rivera-diego-urdiales-paco-urena-gines-marin-y-alejandro-mora-presentes-en-la-feria-internacional-del-toro-de-coria\/","og_site_name":"Ayuntamiento de Coria","article_publisher":"https:\/\/www.facebook.com\/Ayuntamiento.de.Coria","article_published_time":"2024-02-23T10:00:28+00:00","article_modified_time":"2024-04-16T11:03:02+00:00","og_image":[{"width":2560,"height":1517,"url":"https:\/\/coria.org\/ayuntamiento\/wp-content\/uploads\/2024\/02\/rdp-fitcoria-2024-scaled.jpg","type":"image\/jpeg"}],"author":"ayuntamiento","twitter_card":"summary_large_image","twitter_creator":"@Ayto_de_Coria","twitter_site":"@Ayto_de_Coria","twitter_misc":{"Escrito por":"ayuntamiento","Tiempo de lectura":"5 minutos"},"schema":{"@context":"https:\/\/schema.org","@graph":[{"@type":"Article","@id":"https:\/\/coria.org\/ayuntamiento\/index.php\/2024\/02\/23\/cayetano-rivera-diego-urdiales-paco-urena-gines-marin-y-alejandro-mora-presentes-en-la-feria-internacional-del-toro-de-coria\/#article","isPartOf":{"@id":"https:\/\/coria.org\/ayuntamiento\/index.php\/2024\/02\/23\/cayetano-rivera-diego-urdiales-paco-urena-gines-marin-y-alejandro-mora-presentes-en-la-feria-internacional-del-toro-de-coria\/"},"author":{"name":"ayuntamiento","@id":"https:\/\/coria.org\/ayuntamiento\/#\/schema\/person\/8bd589f0e13e8ae5aa06def7a599d622"},"headline":"Cayetano Rivera, Diego Urdiales, Paco Ure\u00f1a, Gin\u00e9s Mar\u00edn y Alejandro Mora, presentes en la Feria Internacional del Toro de Coria","datePublished":"2024-02-23T10:00:28+00:00","dateModified":"2024-04-16T11:03:02+00:00","mainEntityOfPage":{"@id":"https:\/\/coria.org\/ayuntamiento\/index.php\/2024\/02\/23\/cayetano-rivera-diego-urdiales-paco-urena-gines-marin-y-alejandro-mora-presentes-en-la-feria-internacional-del-toro-de-coria\/"},"wordCount":962,"publisher":{"@id":"https:\/\/coria.org\/ayuntamiento\/#organization"},"image":{"@id":"https:\/\/coria.org\/ayuntamiento\/index.php\/2024\/02\/23\/cayetano-rivera-diego-urdiales-paco-urena-gines-marin-y-alejandro-mora-presentes-en-la-feria-internacional-del-toro-de-coria\/#primaryimage"},"thumbnailUrl":"https:\/\/coria.org\/ayuntamiento\/wp-content\/uploads\/2024\/02\/rdp-fitcoria-2024-scaled.jpg","keywords":["fitcoria"],"articleSection":["Noticias"],"inLanguage":"es"},{"@type":"WebPage","@id":"https:\/\/coria.org\/ayuntamiento\/index.php\/2024\/02\/23\/cayetano-rivera-diego-urdiales-paco-urena-gines-marin-y-alejandro-mora-presentes-en-la-feria-internacional-del-toro-de-coria\/","url":"https:\/\/coria.org\/ayuntamiento\/index.php\/2024\/02\/23\/cayetano-rivera-diego-urdiales-paco-urena-gines-marin-y-alejandro-mora-presentes-en-la-feria-internacional-del-toro-de-coria\/","name":"Cayetano Rivera, Diego Urdiales, Paco Ure\u00f1a, Gin\u00e9s Mar\u00edn y Alejandro Mora, presentes en la Feria Internacional del Toro de Coria - Ayuntamiento de Coria","isPartOf":{"@id":"https:\/\/coria.org\/ayuntamiento\/#website"},"primaryImageOfPage":{"@id":"https:\/\/coria.org\/ayuntamiento\/index.php\/2024\/02\/23\/cayetano-rivera-diego-urdiales-paco-urena-gines-marin-y-alejandro-mora-presentes-en-la-feria-internacional-del-toro-de-coria\/#primaryimage"},"image":{"@id":"https:\/\/coria.org\/ayuntamiento\/index.php\/2024\/02\/23\/cayetano-rivera-diego-urdiales-paco-urena-gines-marin-y-alejandro-mora-presentes-en-la-feria-internacional-del-toro-de-coria\/#primaryimage"},"thumbnailUrl":"https:\/\/coria.org\/ayuntamiento\/wp-content\/uploads\/2024\/02\/rdp-fitcoria-2024-scaled.jpg","datePublished":"2024-02-23T10:00:28+00:00","dateModified":"2024-04-16T11:03:02+00:00","breadcrumb":{"@id":"https:\/\/coria.org\/ayuntamiento\/index.php\/2024\/02\/23\/cayetano-rivera-diego-urdiales-paco-urena-gines-marin-y-alejandro-mora-presentes-en-la-feria-internacional-del-toro-de-coria\/#breadcrumb"},"inLanguage":"es","potentialAction":[{"@type":"ReadAction","target":["https:\/\/coria.org\/ayuntamiento\/index.php\/2024\/02\/23\/cayetano-rivera-diego-urdiales-paco-urena-gines-marin-y-alejandro-mora-presentes-en-la-feria-internacional-del-toro-de-coria\/"]}]},{"@type":"ImageObject","inLanguage":"es","@id":"https:\/\/coria.org\/ayuntamiento\/index.php\/2024\/02\/23\/cayetano-rivera-diego-urdiales-paco-urena-gines-marin-y-alejandro-mora-presentes-en-la-feria-internacional-del-toro-de-coria\/#primaryimage","url":"https:\/\/coria.org\/ayuntamiento\/wp-content\/uploads\/2024\/02\/rdp-fitcoria-2024-scaled.jpg","contentUrl":"https:\/\/coria.org\/ayuntamiento\/wp-content\/uploads\/2024\/02\/rdp-fitcoria-2024-scaled.jpg","width":2560,"height":1517},{"@type":"BreadcrumbList","@id":"https:\/\/coria.org\/ayuntamiento\/index.php\/2024\/02\/23\/cayetano-rivera-diego-urdiales-paco-urena-gines-marin-y-alejandro-mora-presentes-en-la-feria-internacional-del-toro-de-coria\/#breadcrumb","itemListElement":[{"@type":"ListItem","position":1,"name":"Inicio","item":"https:\/\/coria.org\/ayuntamiento\/"},{"@type":"ListItem","position":2,"name":"Cayetano Rivera, Diego Urdiales, Paco Ure\u00f1a, Gin\u00e9s Mar\u00edn y Alejandro Mora, presentes en la Feria Internacional del Toro de Coria"}]},{"@type":"WebSite","@id":"https:\/\/coria.org\/ayuntamiento\/#website","url":"https:\/\/coria.org\/ayuntamiento\/","name":"Ayuntamiento de Coria","description":"Web oficial del Ayuntamiento de Coria","publisher":{"@id":"https:\/\/coria.org\/ayuntamiento\/#organization"},"alternateName":"Web Oficial del Ayuntamiento de Coria","potentialAction":[{"@type":"SearchAction","target":{"@type":"EntryPoint","urlTemplate":"https:\/\/coria.org\/ayuntamiento\/?s={search_term_string}"},"query-input":{"@type":"PropertyValueSpecification","valueRequired":true,"valueName":"search_term_string"}}],"inLanguage":"es"},{"@type":"Organization","@id":"https:\/\/coria.org\/ayuntamiento\/#organization","name":"Ayuntamiento de Coria","alternateName":"Ayto de Coria","url":"https:\/\/coria.org\/ayuntamiento\/","logo":{"@type":"ImageObject","inLanguage":"es","@id":"https:\/\/coria.org\/ayuntamiento\/#\/schema\/logo\/image\/","url":"https:\/\/coria.org\/ayuntamiento\/wp-content\/uploads\/2020\/12\/escudo-ayuntamiento-coria.png","contentUrl":"https:\/\/coria.org\/ayuntamiento\/wp-content\/uploads\/2020\/12\/escudo-ayuntamiento-coria.png","width":511,"height":240,"caption":"Ayuntamiento de Coria"},"image":{"@id":"https:\/\/coria.org\/ayuntamiento\/#\/schema\/logo\/image\/"},"sameAs":["https:\/\/www.facebook.com\/Ayuntamiento.de.Coria","https:\/\/x.com\/Ayto_de_Coria","https:\/\/www.instagram.com\/coria.ayuntamiento\/","https:\/\/www.youtube.com\/user\/AYUNTAMIENTOCORIA"]},{"@type":"Person","@id":"https:\/\/coria.org\/ayuntamiento\/#\/schema\/person\/8bd589f0e13e8ae5aa06def7a599d622","name":"ayuntamiento","image":{"@type":"ImageObject","inLanguage":"es","@id":"https:\/\/secure.gravatar.com\/avatar\/966e5ed73cad334adda5c87f49f2547f7082f7292c1b627cbb548744383b391c?s=96&d=mm&r=g","url":"https:\/\/secure.gravatar.com\/avatar\/966e5ed73cad334adda5c87f49f2547f7082f7292c1b627cbb548744383b391c?s=96&d=mm&r=g","contentUrl":"https:\/\/secure.gravatar.com\/avatar\/966e5ed73cad334adda5c87f49f2547f7082f7292c1b627cbb548744383b391c?s=96&d=mm&r=g","caption":"ayuntamiento"}}]}},"uagb_featured_image_src":{"full":["https:\/\/coria.org\/ayuntamiento\/wp-content\/uploads\/2024\/02\/rdp-fitcoria-2024-scaled.jpg",2560,1517,false],"thumbnail":["https:\/\/coria.org\/ayuntamiento\/wp-content\/uploads\/2024\/02\/rdp-fitcoria-2024-150x150.jpg",150,150,true],"medium":["https:\/\/coria.org\/ayuntamiento\/wp-content\/uploads\/2024\/02\/rdp-fitcoria-2024-300x178.jpg",300,178,true],"medium_large":["https:\/\/coria.org\/ayuntamiento\/wp-content\/uploads\/2024\/02\/rdp-fitcoria-2024-768x455.jpg",768,455,true],"large":["https:\/\/coria.org\/ayuntamiento\/wp-content\/uploads\/2024\/02\/rdp-fitcoria-2024-1024x607.jpg",1024,607,true],"thumblist":["https:\/\/coria.org\/ayuntamiento\/wp-content\/uploads\/2024\/02\/rdp-fitcoria-2024-300x300.jpg",300,300,true],"thumbrelated":["https:\/\/coria.org\/ayuntamiento\/wp-content\/uploads\/2024\/02\/rdp-fitcoria-2024-500x500.jpg",500,500,true],"meccarouselthumb":["https:\/\/coria.org\/ayuntamiento\/wp-content\/uploads\/2024\/02\/rdp-fitcoria-2024-474x324.jpg",474,324,true],"gridsquare":["https:\/\/coria.org\/ayuntamiento\/wp-content\/uploads\/2024\/02\/rdp-fitcoria-2024-391x260.jpg",391,260,true],"tileview":["https:\/\/coria.org\/ayuntamiento\/wp-content\/uploads\/2024\/02\/rdp-fitcoria-2024-300x400.jpg",300,400,true],"1536x1536":["https:\/\/coria.org\/ayuntamiento\/wp-content\/uploads\/2024\/02\/rdp-fitcoria-2024-1536x910.jpg",1536,910,true],"2048x2048":["https:\/\/coria.org\/ayuntamiento\/wp-content\/uploads\/2024\/02\/rdp-fitcoria-2024-2048x1214.jpg",2048,1214,true]},"uagb_author_info":{"display_name":"ayuntamiento","author_link":"https:\/\/coria.org\/ayuntamiento\/index.php\/author\/ayuntamiento\/"},"uagb_comment_info":0,"uagb_excerpt":"Esta ma\u00f1ana, el sal\u00f3n del plenos del Ayuntamiento de Coria, ha sido testigo un a\u00f1o m\u00e1s de la presentaci\u00f3n del Cartel Taurino de la Feria Internacional del Toro, FITCORIA, por parte de la Alcaldesa de la Ciudad, Almudena Domingo Pirrongelli y el empresario taurino y adjudicatario de la Feria, Alberto Manuel Hornos Valiente. La Feria,&hellip;","_links":{"self":[{"href":"https:\/\/coria.org\/ayuntamiento\/index.php\/wp-json\/wp\/v2\/posts\/59233","targetHints":{"allow":["GET"]}}],"collection":[{"href":"https:\/\/coria.org\/ayuntamiento\/index.php\/wp-json\/wp\/v2\/posts"}],"about":[{"href":"https:\/\/coria.org\/ayuntamiento\/index.php\/wp-json\/wp\/v2\/types\/post"}],"author":[{"embeddable":true,"href":"https:\/\/coria.org\/ayuntamiento\/index.php\/wp-json\/wp\/v2\/users\/2"}],"replies":[{"embeddable":true,"href":"https:\/\/coria.org\/ayuntamiento\/index.php\/wp-json\/wp\/v2\/comments?post=59233"}],"version-history":[{"count":0,"href":"https:\/\/coria.org\/ayuntamiento\/index.php\/wp-json\/wp\/v2\/posts\/59233\/revisions"}],"wp:featuredmedia":[{"embeddable":true,"href":"https:\/\/coria.org\/ayuntamiento\/index.php\/wp-json\/wp\/v2\/media\/59234"}],"wp:attachment":[{"href":"https:\/\/coria.org\/ayuntamiento\/index.php\/wp-json\/wp\/v2\/media?parent=59233"}],"wp:term":[{"taxonomy":"category","embeddable":true,"href":"https:\/\/coria.org\/ayuntamiento\/index.php\/wp-json\/wp\/v2\/categories?post=59233"},{"taxonomy":"post_tag","embeddable":true,"href":"https:\/\/coria.org\/ayuntamiento\/index.php\/wp-json\/wp\/v2\/tags?post=59233"}],"curies":[{"name":"wp","href":"https:\/\/api.w.org\/{rel}","templated":true}]}}