{"id":58170,"date":"2024-02-07T14:00:52","date_gmt":"2024-02-07T13:00:52","guid":{"rendered":"https:\/\/turismocoria.es\/importacion\/?p=58170"},"modified":"2024-02-27T13:19:45","modified_gmt":"2024-02-27T12:19:45","slug":"coria-acogera-el-cto-extremadura-duatlon-contrarreloj-por-equipos-5o-duatlon-diego-paredes","status":"publish","type":"post","link":"https:\/\/coria.org\/ayuntamiento\/index.php\/2024\/02\/07\/coria-acogera-el-cto-extremadura-duatlon-contrarreloj-por-equipos-5o-duatlon-diego-paredes\/","title":{"rendered":"Coria acoger\u00e1 el Cto. Extremadura Duatl\u00f3n contrarreloj por equipos \u201c5\u00ba Duatl\u00f3n DIEGO PAREDES\u201d"},"content":{"rendered":"\n<p>El Ayuntamiento de Coria, a trav\u00e9s de la Concejal\u00eda de Deportes, ha organizado la quinta edici\u00f3n del Duatl\u00f3n Sprint coincidiendo con el tercer memorial \u201cDiego Paredes\u201d, que se celebrar\u00e1 el d\u00eda 3 de marzo.<\/p>\n\n\n<figure class=\"wp-block-post-featured-image\"><img loading=\"lazy\" decoding=\"async\" width=\"2560\" height=\"1514\" src=\"https:\/\/coria.org\/ayuntamiento\/wp-content\/uploads\/2024\/02\/rdp-duatlon-24-scaled.jpg\" class=\"attachment-post-thumbnail size-post-thumbnail wp-post-image\" alt=\"\" style=\"object-fit:cover;\" srcset=\"https:\/\/coria.org\/ayuntamiento\/wp-content\/uploads\/2024\/02\/rdp-duatlon-24-scaled.jpg 2560w, https:\/\/coria.org\/ayuntamiento\/wp-content\/uploads\/2024\/02\/rdp-duatlon-24-300x177.jpg 300w, https:\/\/coria.org\/ayuntamiento\/wp-content\/uploads\/2024\/02\/rdp-duatlon-24-1024x605.jpg 1024w, https:\/\/coria.org\/ayuntamiento\/wp-content\/uploads\/2024\/02\/rdp-duatlon-24-768x454.jpg 768w, https:\/\/coria.org\/ayuntamiento\/wp-content\/uploads\/2024\/02\/rdp-duatlon-24-1536x908.jpg 1536w, https:\/\/coria.org\/ayuntamiento\/wp-content\/uploads\/2024\/02\/rdp-duatlon-24-2048x1211.jpg 2048w\" sizes=\"auto, (max-width: 2560px) 100vw, 2560px\" \/><\/figure>\n\n\n<p>La prueba ha sido presentada esta ma\u00f1ana en el Ayuntamiento, de la mano de la Alcaldesa de la Ciudad, Almudena Domingo, el Concejal de Deportes, Juan Manuel Guti\u00e9rrez y el Presidente de la Federaci\u00f3n Extreme\u00f1a de Triatl\u00f3n, Jos\u00e9 Manuel Tovar. A la presentaci\u00f3n han asistido representantes del Club Atletismo Coria y del Club Triatl\u00f3n Coria, Larissa Alves y Luis Marcos P\u00e9rez.<\/p>\n\n\n\n<p>El concejal del \u00e1rea ha adelantado que, como novedad este a\u00f1o, la prueba se desarrollar\u00e1 en el formato de contrarreloj por equipos, siendo a su vez, por segundo a\u00f1o consecutivo, campeonato de Extremadura.<\/p>\n\n\n\n<p>Guti\u00e9rrez ha explicado que, esta competici\u00f3n se desarrollar\u00e1 con las distancias: 4,5 km. carrera a pie + 21 km. de ciclismo en carrera + 3 km carrera a pie; donde el casco hist\u00f3rico de la Ciudad y su entorno ser\u00e1 el escenario m\u00e1s emblem\u00e1tico y propicio para el desarrollo de la prueba deportiva, siendo la hora de inicio a las 11:30 horas.<\/p>\n\n\n\n<p>Esta modalidad de contrarreloj por equipos, se realiza en equipos compuestos entre cuatro o seis duatletas, los cuales se pueden combinar desde deportistas de categor\u00eda juvenil hasta veteranos, pudiendo ser masculinos, femeninos o mixtos.<\/p>\n\n\n\n<p>Por su parte, la Alcaldesa, ha querido agradecer el apoyo y confianza por parte de la Federaci\u00f3n Extreme\u00f1a de Triatl\u00f3n al otorgar al Ayuntamiento de Coria la organizaci\u00f3n de dicha prueba, as\u00ed como a la Direcci\u00f3n General de Deportes de la Junta de Extremadura de formar parte del Circuito Extreme\u00f1o de Triatl\u00f3n y Duatl\u00f3n \u201cDeporte y Naturaleza\u201d. Una prueba, ha recalcado que se organiza desde el Ayuntamiento con la colaboraci\u00f3n t\u00e9cnica de la Federaci\u00f3n Extreme\u00f1a de Triatl\u00f3n adem\u00e1s de la colaboraci\u00f3n del Club de Triatl\u00f3n Coria.<\/p>\n\n\n\n<p>El Presidente de la Federaci\u00f3n Extreme\u00f1a, Jos\u00e9 Manuel Tovar, ha destacado que se trata de una prueba que en el calendario est\u00e1 ya m\u00e1s que consolidada y que los deportistas est\u00e1n ya esperando, los deportistas sab\u00edan que Coria ser\u00eda uno de las ciudades elegidas para celebrar uno de los campeonatos auton\u00f3micos en la categor\u00eda contrarreloj por equipos, con un m\u00ednimo de cuatro deportistas y un m\u00e1ximo de seis que hacen la prueba juntos y cada equipo lucha por llegar en el menor tiempo posible\u201d.<\/p>\n\n\n\n<figure class=\"wp-block-image alignleft size-full is-resized\"><a href=\"https:\/\/youtu.be\/GzdFv0kA6Vk?si=2EV8LxNSrefFaIb3\" target=\"_blank\" rel=\"noreferrer noopener\"><img loading=\"lazy\" decoding=\"async\" width=\"1024\" height=\"576\" src=\"https:\/\/coria.org\/ayuntamiento\/wp-content\/uploads\/2024\/02\/you-rdp-duatlon.jpg\" alt=\"\" class=\"wp-image-58172\" style=\"width:554px;height:auto\" srcset=\"https:\/\/coria.org\/ayuntamiento\/wp-content\/uploads\/2024\/02\/you-rdp-duatlon.jpg 1024w, https:\/\/coria.org\/ayuntamiento\/wp-content\/uploads\/2024\/02\/you-rdp-duatlon-300x169.jpg 300w, https:\/\/coria.org\/ayuntamiento\/wp-content\/uploads\/2024\/02\/you-rdp-duatlon-768x432.jpg 768w\" sizes=\"auto, (max-width: 1024px) 100vw, 1024px\" \/><\/a><\/figure>\n\n\n\n<p>\u201cUna prueba en la que no solo participar\u00e1n clubes de la regi\u00f3n sino clubes de fuera de ella, como Madrid, Salamanca o, incluso hasta de Lugo\u201d, ha adelantado.<\/p>\n\n\n\n<p>Desde la Federaci\u00f3n \u201cestamos muy contentos de volver a arrancar aqu\u00ed en Coria la que ser\u00e1 la primera prueba en la modalidad de duatl\u00f3n de carretera y para nosotros es una temporada de pasi\u00f3n y disfrute por este tipo de competiciones que se desarrollan en un marco casi \u00fanico\u201d, ha dicho.<\/p>\n\n\n\n<p>Asimismo, Tovar ha destacado que, con motivo de la celebraci\u00f3n del Duatl\u00f3n \u201cDiego Paredes\u201d, el Ayuntamiento, junto con la colaboraci\u00f3n de la Federaci\u00f3n Extreme\u00f1a de Triatl\u00f3n y el Club Triatl\u00f3n Coria, llevar\u00e1n a cabo el d\u00eda antes, s\u00e1bado d\u00eda 2 de marzo, en la casa de cultura a partir de las 17:30h, una prueba de promoci\u00f3n denominada Baby Duatl\u00f3n, para los m\u00e1s peque\u00f1os, donde podr\u00e1n participar ni\u00f1os a partir de los 2 a\u00f1os, con diferentes distancias en funci\u00f3n de las edades.<\/p>\n\n\n\n<p>Esta actividad est\u00e1 destinada a ni\u00f1os, con la finalidad de dar a conocer y promover esta modalidad deportiva.<\/p>\n\n\n\n<p>Las personas interesadas pueden formalizar su inscripci\u00f3n en la p\u00e1gina web <a href=\"https:\/\/www.triatlonextremadura.com\" target=\"_blank\" rel=\"noreferrer noopener\">https:\/\/www.triatlonextremadura.com<\/a> y en <a href=\"https:\/\/deportescoria.blogspot.com\/\" target=\"_blank\" rel=\"noreferrer noopener\">https:\/\/deportescoria.blogspot.com\/<\/a><\/p>\n","protected":false},"excerpt":{"rendered":"<p>El Ayuntamiento de Coria, a trav\u00e9s de la Concejal\u00eda de Deportes, ha organizado la quinta edici\u00f3n del Duatl\u00f3n Sprint coincidiendo con el tercer memorial \u201cDiego Paredes\u201d, que se celebrar\u00e1 el d\u00eda 3 de marzo. La prueba ha sido presentada esta ma\u00f1ana en el Ayuntamiento, de la mano de la Alcaldesa de la Ciudad, Almudena Domingo, [&hellip;]<\/p>\n","protected":false},"author":2,"featured_media":58171,"comment_status":"closed","ping_status":"closed","sticky":false,"template":"","format":"standard","meta":{"_uag_custom_page_level_css":"","footnotes":""},"categories":[2],"tags":[453],"class_list":["post-58170","post","type-post","status-publish","format-standard","has-post-thumbnail","hentry","category-noticias","tag-duatlon-sprint"],"yoast_head":"<!-- This site is optimized with the Yoast SEO plugin v27.5 - https:\/\/yoast.com\/product\/yoast-seo-wordpress\/ -->\n<title>Coria acoger\u00e1 el Cto. Extremadura Duatl\u00f3n contrarreloj por equipos \u201c5\u00ba Duatl\u00f3n DIEGO PAREDES\u201d - Ayuntamiento de Coria<\/title>\n<meta name=\"robots\" content=\"index, follow, max-snippet:-1, max-image-preview:large, max-video-preview:-1\" \/>\n<link rel=\"canonical\" href=\"https:\/\/coria.org\/ayuntamiento\/index.php\/2024\/02\/07\/coria-acogera-el-cto-extremadura-duatlon-contrarreloj-por-equipos-5o-duatlon-diego-paredes\/\" \/>\n<meta property=\"og:locale\" content=\"es_ES\" \/>\n<meta property=\"og:type\" content=\"article\" \/>\n<meta property=\"og:title\" content=\"Coria acoger\u00e1 el Cto. Extremadura Duatl\u00f3n contrarreloj por equipos \u201c5\u00ba Duatl\u00f3n DIEGO PAREDES\u201d - Ayuntamiento de Coria\" \/>\n<meta property=\"og:description\" content=\"El Ayuntamiento de Coria, a trav\u00e9s de la Concejal\u00eda de Deportes, ha organizado la quinta edici\u00f3n del Duatl\u00f3n Sprint coincidiendo con el tercer memorial \u201cDiego Paredes\u201d, que se celebrar\u00e1 el d\u00eda 3 de marzo. La prueba ha sido presentada esta ma\u00f1ana en el Ayuntamiento, de la mano de la Alcaldesa de la Ciudad, Almudena Domingo, [&hellip;]\" \/>\n<meta property=\"og:url\" content=\"https:\/\/coria.org\/ayuntamiento\/index.php\/2024\/02\/07\/coria-acogera-el-cto-extremadura-duatlon-contrarreloj-por-equipos-5o-duatlon-diego-paredes\/\" \/>\n<meta property=\"og:site_name\" content=\"Ayuntamiento de Coria\" \/>\n<meta property=\"article:publisher\" content=\"https:\/\/www.facebook.com\/Ayuntamiento.de.Coria\" \/>\n<meta property=\"article:published_time\" content=\"2024-02-07T13:00:52+00:00\" \/>\n<meta property=\"article:modified_time\" content=\"2024-02-27T12:19:45+00:00\" \/>\n<meta property=\"og:image\" content=\"https:\/\/coria.org\/ayuntamiento\/wp-content\/uploads\/2024\/02\/rdp-duatlon-24-scaled.jpg\" \/>\n\t<meta property=\"og:image:width\" content=\"2560\" \/>\n\t<meta property=\"og:image:height\" content=\"1514\" \/>\n\t<meta property=\"og:image:type\" content=\"image\/jpeg\" \/>\n<meta name=\"author\" content=\"ayuntamiento\" \/>\n<meta name=\"twitter:card\" content=\"summary_large_image\" \/>\n<meta name=\"twitter:creator\" content=\"@Ayto_de_Coria\" \/>\n<meta name=\"twitter:site\" content=\"@Ayto_de_Coria\" \/>\n<meta name=\"twitter:label1\" content=\"Escrito por\" \/>\n\t<meta name=\"twitter:data1\" content=\"ayuntamiento\" \/>\n\t<meta name=\"twitter:label2\" content=\"Tiempo de lectura\" \/>\n\t<meta name=\"twitter:data2\" content=\"3 minutos\" \/>\n<script type=\"application\/ld+json\" class=\"yoast-schema-graph\">{\"@context\":\"https:\\\/\\\/schema.org\",\"@graph\":[{\"@type\":\"Article\",\"@id\":\"https:\\\/\\\/coria.org\\\/ayuntamiento\\\/index.php\\\/2024\\\/02\\\/07\\\/coria-acogera-el-cto-extremadura-duatlon-contrarreloj-por-equipos-5o-duatlon-diego-paredes\\\/#article\",\"isPartOf\":{\"@id\":\"https:\\\/\\\/coria.org\\\/ayuntamiento\\\/index.php\\\/2024\\\/02\\\/07\\\/coria-acogera-el-cto-extremadura-duatlon-contrarreloj-por-equipos-5o-duatlon-diego-paredes\\\/\"},\"author\":{\"name\":\"ayuntamiento\",\"@id\":\"https:\\\/\\\/coria.org\\\/ayuntamiento\\\/#\\\/schema\\\/person\\\/8bd589f0e13e8ae5aa06def7a599d622\"},\"headline\":\"Coria acoger\u00e1 el Cto. Extremadura Duatl\u00f3n contrarreloj por equipos \u201c5\u00ba Duatl\u00f3n DIEGO PAREDES\u201d\",\"datePublished\":\"2024-02-07T13:00:52+00:00\",\"dateModified\":\"2024-02-27T12:19:45+00:00\",\"mainEntityOfPage\":{\"@id\":\"https:\\\/\\\/coria.org\\\/ayuntamiento\\\/index.php\\\/2024\\\/02\\\/07\\\/coria-acogera-el-cto-extremadura-duatlon-contrarreloj-por-equipos-5o-duatlon-diego-paredes\\\/\"},\"wordCount\":672,\"publisher\":{\"@id\":\"https:\\\/\\\/coria.org\\\/ayuntamiento\\\/#organization\"},\"image\":{\"@id\":\"https:\\\/\\\/coria.org\\\/ayuntamiento\\\/index.php\\\/2024\\\/02\\\/07\\\/coria-acogera-el-cto-extremadura-duatlon-contrarreloj-por-equipos-5o-duatlon-diego-paredes\\\/#primaryimage\"},\"thumbnailUrl\":\"https:\\\/\\\/coria.org\\\/ayuntamiento\\\/wp-content\\\/uploads\\\/2024\\\/02\\\/rdp-duatlon-24-scaled.jpg\",\"keywords\":[\"duatlon sprint\"],\"articleSection\":[\"Noticias\"],\"inLanguage\":\"es\"},{\"@type\":\"WebPage\",\"@id\":\"https:\\\/\\\/coria.org\\\/ayuntamiento\\\/index.php\\\/2024\\\/02\\\/07\\\/coria-acogera-el-cto-extremadura-duatlon-contrarreloj-por-equipos-5o-duatlon-diego-paredes\\\/\",\"url\":\"https:\\\/\\\/coria.org\\\/ayuntamiento\\\/index.php\\\/2024\\\/02\\\/07\\\/coria-acogera-el-cto-extremadura-duatlon-contrarreloj-por-equipos-5o-duatlon-diego-paredes\\\/\",\"name\":\"Coria acoger\u00e1 el Cto. Extremadura Duatl\u00f3n contrarreloj por equipos \u201c5\u00ba Duatl\u00f3n DIEGO PAREDES\u201d - Ayuntamiento de Coria\",\"isPartOf\":{\"@id\":\"https:\\\/\\\/coria.org\\\/ayuntamiento\\\/#website\"},\"primaryImageOfPage\":{\"@id\":\"https:\\\/\\\/coria.org\\\/ayuntamiento\\\/index.php\\\/2024\\\/02\\\/07\\\/coria-acogera-el-cto-extremadura-duatlon-contrarreloj-por-equipos-5o-duatlon-diego-paredes\\\/#primaryimage\"},\"image\":{\"@id\":\"https:\\\/\\\/coria.org\\\/ayuntamiento\\\/index.php\\\/2024\\\/02\\\/07\\\/coria-acogera-el-cto-extremadura-duatlon-contrarreloj-por-equipos-5o-duatlon-diego-paredes\\\/#primaryimage\"},\"thumbnailUrl\":\"https:\\\/\\\/coria.org\\\/ayuntamiento\\\/wp-content\\\/uploads\\\/2024\\\/02\\\/rdp-duatlon-24-scaled.jpg\",\"datePublished\":\"2024-02-07T13:00:52+00:00\",\"dateModified\":\"2024-02-27T12:19:45+00:00\",\"breadcrumb\":{\"@id\":\"https:\\\/\\\/coria.org\\\/ayuntamiento\\\/index.php\\\/2024\\\/02\\\/07\\\/coria-acogera-el-cto-extremadura-duatlon-contrarreloj-por-equipos-5o-duatlon-diego-paredes\\\/#breadcrumb\"},\"inLanguage\":\"es\",\"potentialAction\":[{\"@type\":\"ReadAction\",\"target\":[\"https:\\\/\\\/coria.org\\\/ayuntamiento\\\/index.php\\\/2024\\\/02\\\/07\\\/coria-acogera-el-cto-extremadura-duatlon-contrarreloj-por-equipos-5o-duatlon-diego-paredes\\\/\"]}]},{\"@type\":\"ImageObject\",\"inLanguage\":\"es\",\"@id\":\"https:\\\/\\\/coria.org\\\/ayuntamiento\\\/index.php\\\/2024\\\/02\\\/07\\\/coria-acogera-el-cto-extremadura-duatlon-contrarreloj-por-equipos-5o-duatlon-diego-paredes\\\/#primaryimage\",\"url\":\"https:\\\/\\\/coria.org\\\/ayuntamiento\\\/wp-content\\\/uploads\\\/2024\\\/02\\\/rdp-duatlon-24-scaled.jpg\",\"contentUrl\":\"https:\\\/\\\/coria.org\\\/ayuntamiento\\\/wp-content\\\/uploads\\\/2024\\\/02\\\/rdp-duatlon-24-scaled.jpg\",\"width\":2560,\"height\":1514},{\"@type\":\"BreadcrumbList\",\"@id\":\"https:\\\/\\\/coria.org\\\/ayuntamiento\\\/index.php\\\/2024\\\/02\\\/07\\\/coria-acogera-el-cto-extremadura-duatlon-contrarreloj-por-equipos-5o-duatlon-diego-paredes\\\/#breadcrumb\",\"itemListElement\":[{\"@type\":\"ListItem\",\"position\":1,\"name\":\"Inicio\",\"item\":\"https:\\\/\\\/coria.org\\\/ayuntamiento\\\/\"},{\"@type\":\"ListItem\",\"position\":2,\"name\":\"Coria acoger\u00e1 el Cto. Extremadura Duatl\u00f3n contrarreloj por equipos \u201c5\u00ba Duatl\u00f3n DIEGO PAREDES\u201d\"}]},{\"@type\":\"WebSite\",\"@id\":\"https:\\\/\\\/coria.org\\\/ayuntamiento\\\/#website\",\"url\":\"https:\\\/\\\/coria.org\\\/ayuntamiento\\\/\",\"name\":\"Ayuntamiento de Coria\",\"description\":\"Web oficial del Ayuntamiento de Coria\",\"publisher\":{\"@id\":\"https:\\\/\\\/coria.org\\\/ayuntamiento\\\/#organization\"},\"alternateName\":\"Web Oficial del Ayuntamiento de Coria\",\"potentialAction\":[{\"@type\":\"SearchAction\",\"target\":{\"@type\":\"EntryPoint\",\"urlTemplate\":\"https:\\\/\\\/coria.org\\\/ayuntamiento\\\/?s={search_term_string}\"},\"query-input\":{\"@type\":\"PropertyValueSpecification\",\"valueRequired\":true,\"valueName\":\"search_term_string\"}}],\"inLanguage\":\"es\"},{\"@type\":\"Organization\",\"@id\":\"https:\\\/\\\/coria.org\\\/ayuntamiento\\\/#organization\",\"name\":\"Ayuntamiento de Coria\",\"alternateName\":\"Ayto de Coria\",\"url\":\"https:\\\/\\\/coria.org\\\/ayuntamiento\\\/\",\"logo\":{\"@type\":\"ImageObject\",\"inLanguage\":\"es\",\"@id\":\"https:\\\/\\\/coria.org\\\/ayuntamiento\\\/#\\\/schema\\\/logo\\\/image\\\/\",\"url\":\"https:\\\/\\\/coria.org\\\/ayuntamiento\\\/wp-content\\\/uploads\\\/2020\\\/12\\\/escudo-ayuntamiento-coria.png\",\"contentUrl\":\"https:\\\/\\\/coria.org\\\/ayuntamiento\\\/wp-content\\\/uploads\\\/2020\\\/12\\\/escudo-ayuntamiento-coria.png\",\"width\":511,\"height\":240,\"caption\":\"Ayuntamiento de Coria\"},\"image\":{\"@id\":\"https:\\\/\\\/coria.org\\\/ayuntamiento\\\/#\\\/schema\\\/logo\\\/image\\\/\"},\"sameAs\":[\"https:\\\/\\\/www.facebook.com\\\/Ayuntamiento.de.Coria\",\"https:\\\/\\\/x.com\\\/Ayto_de_Coria\",\"https:\\\/\\\/www.instagram.com\\\/coria.ayuntamiento\\\/\",\"https:\\\/\\\/www.youtube.com\\\/user\\\/AYUNTAMIENTOCORIA\"]},{\"@type\":\"Person\",\"@id\":\"https:\\\/\\\/coria.org\\\/ayuntamiento\\\/#\\\/schema\\\/person\\\/8bd589f0e13e8ae5aa06def7a599d622\",\"name\":\"ayuntamiento\",\"image\":{\"@type\":\"ImageObject\",\"inLanguage\":\"es\",\"@id\":\"https:\\\/\\\/secure.gravatar.com\\\/avatar\\\/966e5ed73cad334adda5c87f49f2547f7082f7292c1b627cbb548744383b391c?s=96&d=mm&r=g\",\"url\":\"https:\\\/\\\/secure.gravatar.com\\\/avatar\\\/966e5ed73cad334adda5c87f49f2547f7082f7292c1b627cbb548744383b391c?s=96&d=mm&r=g\",\"contentUrl\":\"https:\\\/\\\/secure.gravatar.com\\\/avatar\\\/966e5ed73cad334adda5c87f49f2547f7082f7292c1b627cbb548744383b391c?s=96&d=mm&r=g\",\"caption\":\"ayuntamiento\"}}]}<\/script>\n<!-- \/ Yoast SEO plugin. -->","yoast_head_json":{"title":"Coria acoger\u00e1 el Cto. Extremadura Duatl\u00f3n contrarreloj por equipos \u201c5\u00ba Duatl\u00f3n DIEGO PAREDES\u201d - Ayuntamiento de Coria","robots":{"index":"index","follow":"follow","max-snippet":"max-snippet:-1","max-image-preview":"max-image-preview:large","max-video-preview":"max-video-preview:-1"},"canonical":"https:\/\/coria.org\/ayuntamiento\/index.php\/2024\/02\/07\/coria-acogera-el-cto-extremadura-duatlon-contrarreloj-por-equipos-5o-duatlon-diego-paredes\/","og_locale":"es_ES","og_type":"article","og_title":"Coria acoger\u00e1 el Cto. Extremadura Duatl\u00f3n contrarreloj por equipos \u201c5\u00ba Duatl\u00f3n DIEGO PAREDES\u201d - Ayuntamiento de Coria","og_description":"El Ayuntamiento de Coria, a trav\u00e9s de la Concejal\u00eda de Deportes, ha organizado la quinta edici\u00f3n del Duatl\u00f3n Sprint coincidiendo con el tercer memorial \u201cDiego Paredes\u201d, que se celebrar\u00e1 el d\u00eda 3 de marzo. La prueba ha sido presentada esta ma\u00f1ana en el Ayuntamiento, de la mano de la Alcaldesa de la Ciudad, Almudena Domingo, [&hellip;]","og_url":"https:\/\/coria.org\/ayuntamiento\/index.php\/2024\/02\/07\/coria-acogera-el-cto-extremadura-duatlon-contrarreloj-por-equipos-5o-duatlon-diego-paredes\/","og_site_name":"Ayuntamiento de Coria","article_publisher":"https:\/\/www.facebook.com\/Ayuntamiento.de.Coria","article_published_time":"2024-02-07T13:00:52+00:00","article_modified_time":"2024-02-27T12:19:45+00:00","og_image":[{"width":2560,"height":1514,"url":"https:\/\/coria.org\/ayuntamiento\/wp-content\/uploads\/2024\/02\/rdp-duatlon-24-scaled.jpg","type":"image\/jpeg"}],"author":"ayuntamiento","twitter_card":"summary_large_image","twitter_creator":"@Ayto_de_Coria","twitter_site":"@Ayto_de_Coria","twitter_misc":{"Escrito por":"ayuntamiento","Tiempo de lectura":"3 minutos"},"schema":{"@context":"https:\/\/schema.org","@graph":[{"@type":"Article","@id":"https:\/\/coria.org\/ayuntamiento\/index.php\/2024\/02\/07\/coria-acogera-el-cto-extremadura-duatlon-contrarreloj-por-equipos-5o-duatlon-diego-paredes\/#article","isPartOf":{"@id":"https:\/\/coria.org\/ayuntamiento\/index.php\/2024\/02\/07\/coria-acogera-el-cto-extremadura-duatlon-contrarreloj-por-equipos-5o-duatlon-diego-paredes\/"},"author":{"name":"ayuntamiento","@id":"https:\/\/coria.org\/ayuntamiento\/#\/schema\/person\/8bd589f0e13e8ae5aa06def7a599d622"},"headline":"Coria acoger\u00e1 el Cto. Extremadura Duatl\u00f3n contrarreloj por equipos \u201c5\u00ba Duatl\u00f3n DIEGO PAREDES\u201d","datePublished":"2024-02-07T13:00:52+00:00","dateModified":"2024-02-27T12:19:45+00:00","mainEntityOfPage":{"@id":"https:\/\/coria.org\/ayuntamiento\/index.php\/2024\/02\/07\/coria-acogera-el-cto-extremadura-duatlon-contrarreloj-por-equipos-5o-duatlon-diego-paredes\/"},"wordCount":672,"publisher":{"@id":"https:\/\/coria.org\/ayuntamiento\/#organization"},"image":{"@id":"https:\/\/coria.org\/ayuntamiento\/index.php\/2024\/02\/07\/coria-acogera-el-cto-extremadura-duatlon-contrarreloj-por-equipos-5o-duatlon-diego-paredes\/#primaryimage"},"thumbnailUrl":"https:\/\/coria.org\/ayuntamiento\/wp-content\/uploads\/2024\/02\/rdp-duatlon-24-scaled.jpg","keywords":["duatlon sprint"],"articleSection":["Noticias"],"inLanguage":"es"},{"@type":"WebPage","@id":"https:\/\/coria.org\/ayuntamiento\/index.php\/2024\/02\/07\/coria-acogera-el-cto-extremadura-duatlon-contrarreloj-por-equipos-5o-duatlon-diego-paredes\/","url":"https:\/\/coria.org\/ayuntamiento\/index.php\/2024\/02\/07\/coria-acogera-el-cto-extremadura-duatlon-contrarreloj-por-equipos-5o-duatlon-diego-paredes\/","name":"Coria acoger\u00e1 el Cto. Extremadura Duatl\u00f3n contrarreloj por equipos \u201c5\u00ba Duatl\u00f3n DIEGO PAREDES\u201d - Ayuntamiento de Coria","isPartOf":{"@id":"https:\/\/coria.org\/ayuntamiento\/#website"},"primaryImageOfPage":{"@id":"https:\/\/coria.org\/ayuntamiento\/index.php\/2024\/02\/07\/coria-acogera-el-cto-extremadura-duatlon-contrarreloj-por-equipos-5o-duatlon-diego-paredes\/#primaryimage"},"image":{"@id":"https:\/\/coria.org\/ayuntamiento\/index.php\/2024\/02\/07\/coria-acogera-el-cto-extremadura-duatlon-contrarreloj-por-equipos-5o-duatlon-diego-paredes\/#primaryimage"},"thumbnailUrl":"https:\/\/coria.org\/ayuntamiento\/wp-content\/uploads\/2024\/02\/rdp-duatlon-24-scaled.jpg","datePublished":"2024-02-07T13:00:52+00:00","dateModified":"2024-02-27T12:19:45+00:00","breadcrumb":{"@id":"https:\/\/coria.org\/ayuntamiento\/index.php\/2024\/02\/07\/coria-acogera-el-cto-extremadura-duatlon-contrarreloj-por-equipos-5o-duatlon-diego-paredes\/#breadcrumb"},"inLanguage":"es","potentialAction":[{"@type":"ReadAction","target":["https:\/\/coria.org\/ayuntamiento\/index.php\/2024\/02\/07\/coria-acogera-el-cto-extremadura-duatlon-contrarreloj-por-equipos-5o-duatlon-diego-paredes\/"]}]},{"@type":"ImageObject","inLanguage":"es","@id":"https:\/\/coria.org\/ayuntamiento\/index.php\/2024\/02\/07\/coria-acogera-el-cto-extremadura-duatlon-contrarreloj-por-equipos-5o-duatlon-diego-paredes\/#primaryimage","url":"https:\/\/coria.org\/ayuntamiento\/wp-content\/uploads\/2024\/02\/rdp-duatlon-24-scaled.jpg","contentUrl":"https:\/\/coria.org\/ayuntamiento\/wp-content\/uploads\/2024\/02\/rdp-duatlon-24-scaled.jpg","width":2560,"height":1514},{"@type":"BreadcrumbList","@id":"https:\/\/coria.org\/ayuntamiento\/index.php\/2024\/02\/07\/coria-acogera-el-cto-extremadura-duatlon-contrarreloj-por-equipos-5o-duatlon-diego-paredes\/#breadcrumb","itemListElement":[{"@type":"ListItem","position":1,"name":"Inicio","item":"https:\/\/coria.org\/ayuntamiento\/"},{"@type":"ListItem","position":2,"name":"Coria acoger\u00e1 el Cto. Extremadura Duatl\u00f3n contrarreloj por equipos \u201c5\u00ba Duatl\u00f3n DIEGO PAREDES\u201d"}]},{"@type":"WebSite","@id":"https:\/\/coria.org\/ayuntamiento\/#website","url":"https:\/\/coria.org\/ayuntamiento\/","name":"Ayuntamiento de Coria","description":"Web oficial del Ayuntamiento de Coria","publisher":{"@id":"https:\/\/coria.org\/ayuntamiento\/#organization"},"alternateName":"Web Oficial del Ayuntamiento de Coria","potentialAction":[{"@type":"SearchAction","target":{"@type":"EntryPoint","urlTemplate":"https:\/\/coria.org\/ayuntamiento\/?s={search_term_string}"},"query-input":{"@type":"PropertyValueSpecification","valueRequired":true,"valueName":"search_term_string"}}],"inLanguage":"es"},{"@type":"Organization","@id":"https:\/\/coria.org\/ayuntamiento\/#organization","name":"Ayuntamiento de Coria","alternateName":"Ayto de Coria","url":"https:\/\/coria.org\/ayuntamiento\/","logo":{"@type":"ImageObject","inLanguage":"es","@id":"https:\/\/coria.org\/ayuntamiento\/#\/schema\/logo\/image\/","url":"https:\/\/coria.org\/ayuntamiento\/wp-content\/uploads\/2020\/12\/escudo-ayuntamiento-coria.png","contentUrl":"https:\/\/coria.org\/ayuntamiento\/wp-content\/uploads\/2020\/12\/escudo-ayuntamiento-coria.png","width":511,"height":240,"caption":"Ayuntamiento de Coria"},"image":{"@id":"https:\/\/coria.org\/ayuntamiento\/#\/schema\/logo\/image\/"},"sameAs":["https:\/\/www.facebook.com\/Ayuntamiento.de.Coria","https:\/\/x.com\/Ayto_de_Coria","https:\/\/www.instagram.com\/coria.ayuntamiento\/","https:\/\/www.youtube.com\/user\/AYUNTAMIENTOCORIA"]},{"@type":"Person","@id":"https:\/\/coria.org\/ayuntamiento\/#\/schema\/person\/8bd589f0e13e8ae5aa06def7a599d622","name":"ayuntamiento","image":{"@type":"ImageObject","inLanguage":"es","@id":"https:\/\/secure.gravatar.com\/avatar\/966e5ed73cad334adda5c87f49f2547f7082f7292c1b627cbb548744383b391c?s=96&d=mm&r=g","url":"https:\/\/secure.gravatar.com\/avatar\/966e5ed73cad334adda5c87f49f2547f7082f7292c1b627cbb548744383b391c?s=96&d=mm&r=g","contentUrl":"https:\/\/secure.gravatar.com\/avatar\/966e5ed73cad334adda5c87f49f2547f7082f7292c1b627cbb548744383b391c?s=96&d=mm&r=g","caption":"ayuntamiento"}}]}},"uagb_featured_image_src":{"full":["https:\/\/coria.org\/ayuntamiento\/wp-content\/uploads\/2024\/02\/rdp-duatlon-24-scaled.jpg",2560,1514,false],"thumbnail":["https:\/\/coria.org\/ayuntamiento\/wp-content\/uploads\/2024\/02\/rdp-duatlon-24-150x150.jpg",150,150,true],"medium":["https:\/\/coria.org\/ayuntamiento\/wp-content\/uploads\/2024\/02\/rdp-duatlon-24-300x177.jpg",300,177,true],"medium_large":["https:\/\/coria.org\/ayuntamiento\/wp-content\/uploads\/2024\/02\/rdp-duatlon-24-768x454.jpg",768,454,true],"large":["https:\/\/coria.org\/ayuntamiento\/wp-content\/uploads\/2024\/02\/rdp-duatlon-24-1024x605.jpg",1024,605,true],"thumblist":["https:\/\/coria.org\/ayuntamiento\/wp-content\/uploads\/2024\/02\/rdp-duatlon-24-300x300.jpg",300,300,true],"thumbrelated":["https:\/\/coria.org\/ayuntamiento\/wp-content\/uploads\/2024\/02\/rdp-duatlon-24-500x500.jpg",500,500,true],"meccarouselthumb":["https:\/\/coria.org\/ayuntamiento\/wp-content\/uploads\/2024\/02\/rdp-duatlon-24-474x324.jpg",474,324,true],"gridsquare":["https:\/\/coria.org\/ayuntamiento\/wp-content\/uploads\/2024\/02\/rdp-duatlon-24-391x260.jpg",391,260,true],"tileview":["https:\/\/coria.org\/ayuntamiento\/wp-content\/uploads\/2024\/02\/rdp-duatlon-24-300x400.jpg",300,400,true],"1536x1536":["https:\/\/coria.org\/ayuntamiento\/wp-content\/uploads\/2024\/02\/rdp-duatlon-24-1536x908.jpg",1536,908,true],"2048x2048":["https:\/\/coria.org\/ayuntamiento\/wp-content\/uploads\/2024\/02\/rdp-duatlon-24-2048x1211.jpg",2048,1211,true]},"uagb_author_info":{"display_name":"ayuntamiento","author_link":"https:\/\/coria.org\/ayuntamiento\/index.php\/author\/ayuntamiento\/"},"uagb_comment_info":0,"uagb_excerpt":"El Ayuntamiento de Coria, a trav\u00e9s de la Concejal\u00eda de Deportes, ha organizado la quinta edici\u00f3n del Duatl\u00f3n Sprint coincidiendo con el tercer memorial \u201cDiego Paredes\u201d, que se celebrar\u00e1 el d\u00eda 3 de marzo. La prueba ha sido presentada esta ma\u00f1ana en el Ayuntamiento, de la mano de la Alcaldesa de la Ciudad, Almudena Domingo,&hellip;","_links":{"self":[{"href":"https:\/\/coria.org\/ayuntamiento\/index.php\/wp-json\/wp\/v2\/posts\/58170","targetHints":{"allow":["GET"]}}],"collection":[{"href":"https:\/\/coria.org\/ayuntamiento\/index.php\/wp-json\/wp\/v2\/posts"}],"about":[{"href":"https:\/\/coria.org\/ayuntamiento\/index.php\/wp-json\/wp\/v2\/types\/post"}],"author":[{"embeddable":true,"href":"https:\/\/coria.org\/ayuntamiento\/index.php\/wp-json\/wp\/v2\/users\/2"}],"replies":[{"embeddable":true,"href":"https:\/\/coria.org\/ayuntamiento\/index.php\/wp-json\/wp\/v2\/comments?post=58170"}],"version-history":[{"count":0,"href":"https:\/\/coria.org\/ayuntamiento\/index.php\/wp-json\/wp\/v2\/posts\/58170\/revisions"}],"wp:featuredmedia":[{"embeddable":true,"href":"https:\/\/coria.org\/ayuntamiento\/index.php\/wp-json\/wp\/v2\/media\/58171"}],"wp:attachment":[{"href":"https:\/\/coria.org\/ayuntamiento\/index.php\/wp-json\/wp\/v2\/media?parent=58170"}],"wp:term":[{"taxonomy":"category","embeddable":true,"href":"https:\/\/coria.org\/ayuntamiento\/index.php\/wp-json\/wp\/v2\/categories?post=58170"},{"taxonomy":"post_tag","embeddable":true,"href":"https:\/\/coria.org\/ayuntamiento\/index.php\/wp-json\/wp\/v2\/tags?post=58170"}],"curies":[{"name":"wp","href":"https:\/\/api.w.org\/{rel}","templated":true}]}}