{"id":57757,"date":"2023-12-29T11:00:17","date_gmt":"2023-12-29T10:00:17","guid":{"rendered":"https:\/\/turismocoria.es\/importacion\/?p=57757"},"modified":"2023-12-29T13:32:52","modified_gmt":"2023-12-29T12:32:52","slug":"coria-contara-con-su-feria-internacional-del-toro-en-el-mes-de-marzo","status":"publish","type":"post","link":"https:\/\/coria.org\/ayuntamiento\/index.php\/2023\/12\/29\/coria-contara-con-su-feria-internacional-del-toro-en-el-mes-de-marzo\/","title":{"rendered":"Coria contar\u00e1 con su Feria Internacional del Toro en el mes de marzo"},"content":{"rendered":"\n<p>El Ayuntamiento de Coria confirma que nuevamente en el a\u00f1o 2024 se celebrar\u00e1 la Feria Internacional del Toro en Coria.<\/p>\n\n\n<figure class=\"wp-block-post-featured-image\"><img loading=\"lazy\" decoding=\"async\" width=\"2480\" height=\"1868\" src=\"https:\/\/coria.org\/ayuntamiento\/wp-content\/uploads\/2023\/12\/feria-toro.jpg\" class=\"attachment-post-thumbnail size-post-thumbnail wp-post-image\" alt=\"\" style=\"object-fit:cover;\" srcset=\"https:\/\/coria.org\/ayuntamiento\/wp-content\/uploads\/2023\/12\/feria-toro.jpg 2480w, https:\/\/coria.org\/ayuntamiento\/wp-content\/uploads\/2023\/12\/feria-toro-300x226.jpg 300w, https:\/\/coria.org\/ayuntamiento\/wp-content\/uploads\/2023\/12\/feria-toro-1024x771.jpg 1024w, https:\/\/coria.org\/ayuntamiento\/wp-content\/uploads\/2023\/12\/feria-toro-768x578.jpg 768w, https:\/\/coria.org\/ayuntamiento\/wp-content\/uploads\/2023\/12\/feria-toro-50x38.jpg 50w, https:\/\/coria.org\/ayuntamiento\/wp-content\/uploads\/2023\/12\/feria-toro-1600x1205.jpg 1600w, https:\/\/coria.org\/ayuntamiento\/wp-content\/uploads\/2023\/12\/feria-toro-1536x1157.jpg 1536w, https:\/\/coria.org\/ayuntamiento\/wp-content\/uploads\/2023\/12\/feria-toro-2048x1543.jpg 2048w\" sizes=\"auto, (max-width: 2480px) 100vw, 2480px\" \/><\/figure>\n\n\n<p>En la ma\u00f1ana de ayer, la empresa adjudicataria Grupo Ceber Tauro SLU, ha solicitado la pr\u00f3rroga del contrato de prestaciones para la organizaci\u00f3n de la VIII FITCORIA 2024.<\/p>\n\n\n\n<p>En este caso esta prevista que se celebre los d\u00edas 8, 9 y 10 de marzo, contar\u00e1 con espect\u00e1culos taurinos, l\u00fadicos, musicales, conferencias, exposiciones y stands comerciales como viene siendo habitual.<\/p>\n\n\n\n<p>La Alcaldesa ha manifestado que poco a poco es una feria que se va consolidando y que ella seguir\u00e1 apostando para que vaya a m\u00e1s a\u00f1o tras a\u00f1o.<\/p>\n","protected":false},"excerpt":{"rendered":"<p>El Ayuntamiento de Coria confirma que nuevamente en el a\u00f1o 2024 se celebrar\u00e1 la Feria Internacional del Toro en Coria. En la ma\u00f1ana de ayer, la empresa adjudicataria Grupo Ceber Tauro SLU, ha solicitado la pr\u00f3rroga del contrato de prestaciones para la organizaci\u00f3n de la VIII FITCORIA 2024. En este caso esta prevista que se [&hellip;]<\/p>\n","protected":false},"author":2,"featured_media":57758,"comment_status":"closed","ping_status":"closed","sticky":false,"template":"","format":"standard","meta":{"_uag_custom_page_level_css":"","footnotes":""},"categories":[2],"tags":[1511,559,574,1247],"class_list":["post-57757","post","type-post","status-publish","format-standard","has-post-thumbnail","hentry","category-noticias","tag-1511","tag-feria","tag-fitcoria","tag-toro"],"yoast_head":"<!-- This site is optimized with the Yoast SEO plugin v27.4 - https:\/\/yoast.com\/product\/yoast-seo-wordpress\/ -->\n<title>Coria contar\u00e1 con su Feria Internacional del Toro en el mes de marzo - Ayuntamiento de Coria<\/title>\n<meta name=\"robots\" content=\"index, follow, max-snippet:-1, max-image-preview:large, max-video-preview:-1\" \/>\n<link rel=\"canonical\" href=\"https:\/\/coria.org\/ayuntamiento\/index.php\/2023\/12\/29\/coria-contara-con-su-feria-internacional-del-toro-en-el-mes-de-marzo\/\" \/>\n<meta property=\"og:locale\" content=\"es_ES\" \/>\n<meta property=\"og:type\" content=\"article\" \/>\n<meta property=\"og:title\" content=\"Coria contar\u00e1 con su Feria Internacional del Toro en el mes de marzo - Ayuntamiento de Coria\" \/>\n<meta property=\"og:description\" content=\"El Ayuntamiento de Coria confirma que nuevamente en el a\u00f1o 2024 se celebrar\u00e1 la Feria Internacional del Toro en Coria. En la ma\u00f1ana de ayer, la empresa adjudicataria Grupo Ceber Tauro SLU, ha solicitado la pr\u00f3rroga del contrato de prestaciones para la organizaci\u00f3n de la VIII FITCORIA 2024. En este caso esta prevista que se [&hellip;]\" \/>\n<meta property=\"og:url\" content=\"https:\/\/coria.org\/ayuntamiento\/index.php\/2023\/12\/29\/coria-contara-con-su-feria-internacional-del-toro-en-el-mes-de-marzo\/\" \/>\n<meta property=\"og:site_name\" content=\"Ayuntamiento de Coria\" \/>\n<meta property=\"article:publisher\" content=\"https:\/\/www.facebook.com\/Ayuntamiento.de.Coria\" \/>\n<meta property=\"article:published_time\" content=\"2023-12-29T10:00:17+00:00\" \/>\n<meta property=\"article:modified_time\" content=\"2023-12-29T12:32:52+00:00\" \/>\n<meta property=\"og:image\" content=\"https:\/\/coria.org\/ayuntamiento\/wp-content\/uploads\/2023\/12\/feria-toro.jpg\" \/>\n\t<meta property=\"og:image:width\" content=\"2480\" \/>\n\t<meta property=\"og:image:height\" content=\"1868\" \/>\n\t<meta property=\"og:image:type\" content=\"image\/jpeg\" \/>\n<meta name=\"author\" content=\"ayuntamiento\" \/>\n<meta name=\"twitter:card\" content=\"summary_large_image\" \/>\n<meta name=\"twitter:creator\" content=\"@Ayto_de_Coria\" \/>\n<meta name=\"twitter:site\" content=\"@Ayto_de_Coria\" \/>\n<meta name=\"twitter:label1\" content=\"Escrito por\" \/>\n\t<meta name=\"twitter:data1\" content=\"ayuntamiento\" \/>\n\t<meta name=\"twitter:label2\" content=\"Tiempo de lectura\" \/>\n\t<meta name=\"twitter:data2\" content=\"1 minuto\" \/>\n<script type=\"application\/ld+json\" class=\"yoast-schema-graph\">{\"@context\":\"https:\\\/\\\/schema.org\",\"@graph\":[{\"@type\":\"Article\",\"@id\":\"https:\\\/\\\/coria.org\\\/ayuntamiento\\\/index.php\\\/2023\\\/12\\\/29\\\/coria-contara-con-su-feria-internacional-del-toro-en-el-mes-de-marzo\\\/#article\",\"isPartOf\":{\"@id\":\"https:\\\/\\\/coria.org\\\/ayuntamiento\\\/index.php\\\/2023\\\/12\\\/29\\\/coria-contara-con-su-feria-internacional-del-toro-en-el-mes-de-marzo\\\/\"},\"author\":{\"name\":\"ayuntamiento\",\"@id\":\"https:\\\/\\\/coria.org\\\/ayuntamiento\\\/#\\\/schema\\\/person\\\/8bd589f0e13e8ae5aa06def7a599d622\"},\"headline\":\"Coria contar\u00e1 con su Feria Internacional del Toro en el mes de marzo\",\"datePublished\":\"2023-12-29T10:00:17+00:00\",\"dateModified\":\"2023-12-29T12:32:52+00:00\",\"mainEntityOfPage\":{\"@id\":\"https:\\\/\\\/coria.org\\\/ayuntamiento\\\/index.php\\\/2023\\\/12\\\/29\\\/coria-contara-con-su-feria-internacional-del-toro-en-el-mes-de-marzo\\\/\"},\"wordCount\":125,\"publisher\":{\"@id\":\"https:\\\/\\\/coria.org\\\/ayuntamiento\\\/#organization\"},\"image\":{\"@id\":\"https:\\\/\\\/coria.org\\\/ayuntamiento\\\/index.php\\\/2023\\\/12\\\/29\\\/coria-contara-con-su-feria-internacional-del-toro-en-el-mes-de-marzo\\\/#primaryimage\"},\"thumbnailUrl\":\"https:\\\/\\\/coria.org\\\/ayuntamiento\\\/wp-content\\\/uploads\\\/2023\\\/12\\\/feria-toro.jpg\",\"keywords\":[\"2024\",\"feria\",\"fitcoria\",\"toro\"],\"articleSection\":[\"Noticias\"],\"inLanguage\":\"es\"},{\"@type\":\"WebPage\",\"@id\":\"https:\\\/\\\/coria.org\\\/ayuntamiento\\\/index.php\\\/2023\\\/12\\\/29\\\/coria-contara-con-su-feria-internacional-del-toro-en-el-mes-de-marzo\\\/\",\"url\":\"https:\\\/\\\/coria.org\\\/ayuntamiento\\\/index.php\\\/2023\\\/12\\\/29\\\/coria-contara-con-su-feria-internacional-del-toro-en-el-mes-de-marzo\\\/\",\"name\":\"Coria contar\u00e1 con su Feria Internacional del Toro en el mes de marzo - Ayuntamiento de Coria\",\"isPartOf\":{\"@id\":\"https:\\\/\\\/coria.org\\\/ayuntamiento\\\/#website\"},\"primaryImageOfPage\":{\"@id\":\"https:\\\/\\\/coria.org\\\/ayuntamiento\\\/index.php\\\/2023\\\/12\\\/29\\\/coria-contara-con-su-feria-internacional-del-toro-en-el-mes-de-marzo\\\/#primaryimage\"},\"image\":{\"@id\":\"https:\\\/\\\/coria.org\\\/ayuntamiento\\\/index.php\\\/2023\\\/12\\\/29\\\/coria-contara-con-su-feria-internacional-del-toro-en-el-mes-de-marzo\\\/#primaryimage\"},\"thumbnailUrl\":\"https:\\\/\\\/coria.org\\\/ayuntamiento\\\/wp-content\\\/uploads\\\/2023\\\/12\\\/feria-toro.jpg\",\"datePublished\":\"2023-12-29T10:00:17+00:00\",\"dateModified\":\"2023-12-29T12:32:52+00:00\",\"breadcrumb\":{\"@id\":\"https:\\\/\\\/coria.org\\\/ayuntamiento\\\/index.php\\\/2023\\\/12\\\/29\\\/coria-contara-con-su-feria-internacional-del-toro-en-el-mes-de-marzo\\\/#breadcrumb\"},\"inLanguage\":\"es\",\"potentialAction\":[{\"@type\":\"ReadAction\",\"target\":[\"https:\\\/\\\/coria.org\\\/ayuntamiento\\\/index.php\\\/2023\\\/12\\\/29\\\/coria-contara-con-su-feria-internacional-del-toro-en-el-mes-de-marzo\\\/\"]}]},{\"@type\":\"ImageObject\",\"inLanguage\":\"es\",\"@id\":\"https:\\\/\\\/coria.org\\\/ayuntamiento\\\/index.php\\\/2023\\\/12\\\/29\\\/coria-contara-con-su-feria-internacional-del-toro-en-el-mes-de-marzo\\\/#primaryimage\",\"url\":\"https:\\\/\\\/coria.org\\\/ayuntamiento\\\/wp-content\\\/uploads\\\/2023\\\/12\\\/feria-toro.jpg\",\"contentUrl\":\"https:\\\/\\\/coria.org\\\/ayuntamiento\\\/wp-content\\\/uploads\\\/2023\\\/12\\\/feria-toro.jpg\",\"width\":2480,\"height\":1868},{\"@type\":\"BreadcrumbList\",\"@id\":\"https:\\\/\\\/coria.org\\\/ayuntamiento\\\/index.php\\\/2023\\\/12\\\/29\\\/coria-contara-con-su-feria-internacional-del-toro-en-el-mes-de-marzo\\\/#breadcrumb\",\"itemListElement\":[{\"@type\":\"ListItem\",\"position\":1,\"name\":\"Inicio\",\"item\":\"https:\\\/\\\/coria.org\\\/ayuntamiento\\\/\"},{\"@type\":\"ListItem\",\"position\":2,\"name\":\"Coria contar\u00e1 con su Feria Internacional del Toro en el mes de marzo\"}]},{\"@type\":\"WebSite\",\"@id\":\"https:\\\/\\\/coria.org\\\/ayuntamiento\\\/#website\",\"url\":\"https:\\\/\\\/coria.org\\\/ayuntamiento\\\/\",\"name\":\"Ayuntamiento de Coria\",\"description\":\"Web oficial del Ayuntamiento de Coria\",\"publisher\":{\"@id\":\"https:\\\/\\\/coria.org\\\/ayuntamiento\\\/#organization\"},\"alternateName\":\"Web Oficial del Ayuntamiento de Coria\",\"potentialAction\":[{\"@type\":\"SearchAction\",\"target\":{\"@type\":\"EntryPoint\",\"urlTemplate\":\"https:\\\/\\\/coria.org\\\/ayuntamiento\\\/?s={search_term_string}\"},\"query-input\":{\"@type\":\"PropertyValueSpecification\",\"valueRequired\":true,\"valueName\":\"search_term_string\"}}],\"inLanguage\":\"es\"},{\"@type\":\"Organization\",\"@id\":\"https:\\\/\\\/coria.org\\\/ayuntamiento\\\/#organization\",\"name\":\"Ayuntamiento de Coria\",\"alternateName\":\"Ayto de Coria\",\"url\":\"https:\\\/\\\/coria.org\\\/ayuntamiento\\\/\",\"logo\":{\"@type\":\"ImageObject\",\"inLanguage\":\"es\",\"@id\":\"https:\\\/\\\/coria.org\\\/ayuntamiento\\\/#\\\/schema\\\/logo\\\/image\\\/\",\"url\":\"https:\\\/\\\/coria.org\\\/ayuntamiento\\\/wp-content\\\/uploads\\\/2020\\\/12\\\/escudo-ayuntamiento-coria.png\",\"contentUrl\":\"https:\\\/\\\/coria.org\\\/ayuntamiento\\\/wp-content\\\/uploads\\\/2020\\\/12\\\/escudo-ayuntamiento-coria.png\",\"width\":511,\"height\":240,\"caption\":\"Ayuntamiento de Coria\"},\"image\":{\"@id\":\"https:\\\/\\\/coria.org\\\/ayuntamiento\\\/#\\\/schema\\\/logo\\\/image\\\/\"},\"sameAs\":[\"https:\\\/\\\/www.facebook.com\\\/Ayuntamiento.de.Coria\",\"https:\\\/\\\/x.com\\\/Ayto_de_Coria\",\"https:\\\/\\\/www.instagram.com\\\/coria.ayuntamiento\\\/\",\"https:\\\/\\\/www.youtube.com\\\/user\\\/AYUNTAMIENTOCORIA\"]},{\"@type\":\"Person\",\"@id\":\"https:\\\/\\\/coria.org\\\/ayuntamiento\\\/#\\\/schema\\\/person\\\/8bd589f0e13e8ae5aa06def7a599d622\",\"name\":\"ayuntamiento\",\"image\":{\"@type\":\"ImageObject\",\"inLanguage\":\"es\",\"@id\":\"https:\\\/\\\/secure.gravatar.com\\\/avatar\\\/966e5ed73cad334adda5c87f49f2547f7082f7292c1b627cbb548744383b391c?s=96&d=mm&r=g\",\"url\":\"https:\\\/\\\/secure.gravatar.com\\\/avatar\\\/966e5ed73cad334adda5c87f49f2547f7082f7292c1b627cbb548744383b391c?s=96&d=mm&r=g\",\"contentUrl\":\"https:\\\/\\\/secure.gravatar.com\\\/avatar\\\/966e5ed73cad334adda5c87f49f2547f7082f7292c1b627cbb548744383b391c?s=96&d=mm&r=g\",\"caption\":\"ayuntamiento\"}}]}<\/script>\n<!-- \/ Yoast SEO plugin. -->","yoast_head_json":{"title":"Coria contar\u00e1 con su Feria Internacional del Toro en el mes de marzo - Ayuntamiento de Coria","robots":{"index":"index","follow":"follow","max-snippet":"max-snippet:-1","max-image-preview":"max-image-preview:large","max-video-preview":"max-video-preview:-1"},"canonical":"https:\/\/coria.org\/ayuntamiento\/index.php\/2023\/12\/29\/coria-contara-con-su-feria-internacional-del-toro-en-el-mes-de-marzo\/","og_locale":"es_ES","og_type":"article","og_title":"Coria contar\u00e1 con su Feria Internacional del Toro en el mes de marzo - Ayuntamiento de Coria","og_description":"El Ayuntamiento de Coria confirma que nuevamente en el a\u00f1o 2024 se celebrar\u00e1 la Feria Internacional del Toro en Coria. En la ma\u00f1ana de ayer, la empresa adjudicataria Grupo Ceber Tauro SLU, ha solicitado la pr\u00f3rroga del contrato de prestaciones para la organizaci\u00f3n de la VIII FITCORIA 2024. En este caso esta prevista que se [&hellip;]","og_url":"https:\/\/coria.org\/ayuntamiento\/index.php\/2023\/12\/29\/coria-contara-con-su-feria-internacional-del-toro-en-el-mes-de-marzo\/","og_site_name":"Ayuntamiento de Coria","article_publisher":"https:\/\/www.facebook.com\/Ayuntamiento.de.Coria","article_published_time":"2023-12-29T10:00:17+00:00","article_modified_time":"2023-12-29T12:32:52+00:00","og_image":[{"width":2480,"height":1868,"url":"https:\/\/coria.org\/ayuntamiento\/wp-content\/uploads\/2023\/12\/feria-toro.jpg","type":"image\/jpeg"}],"author":"ayuntamiento","twitter_card":"summary_large_image","twitter_creator":"@Ayto_de_Coria","twitter_site":"@Ayto_de_Coria","twitter_misc":{"Escrito por":"ayuntamiento","Tiempo de lectura":"1 minuto"},"schema":{"@context":"https:\/\/schema.org","@graph":[{"@type":"Article","@id":"https:\/\/coria.org\/ayuntamiento\/index.php\/2023\/12\/29\/coria-contara-con-su-feria-internacional-del-toro-en-el-mes-de-marzo\/#article","isPartOf":{"@id":"https:\/\/coria.org\/ayuntamiento\/index.php\/2023\/12\/29\/coria-contara-con-su-feria-internacional-del-toro-en-el-mes-de-marzo\/"},"author":{"name":"ayuntamiento","@id":"https:\/\/coria.org\/ayuntamiento\/#\/schema\/person\/8bd589f0e13e8ae5aa06def7a599d622"},"headline":"Coria contar\u00e1 con su Feria Internacional del Toro en el mes de marzo","datePublished":"2023-12-29T10:00:17+00:00","dateModified":"2023-12-29T12:32:52+00:00","mainEntityOfPage":{"@id":"https:\/\/coria.org\/ayuntamiento\/index.php\/2023\/12\/29\/coria-contara-con-su-feria-internacional-del-toro-en-el-mes-de-marzo\/"},"wordCount":125,"publisher":{"@id":"https:\/\/coria.org\/ayuntamiento\/#organization"},"image":{"@id":"https:\/\/coria.org\/ayuntamiento\/index.php\/2023\/12\/29\/coria-contara-con-su-feria-internacional-del-toro-en-el-mes-de-marzo\/#primaryimage"},"thumbnailUrl":"https:\/\/coria.org\/ayuntamiento\/wp-content\/uploads\/2023\/12\/feria-toro.jpg","keywords":["2024","feria","fitcoria","toro"],"articleSection":["Noticias"],"inLanguage":"es"},{"@type":"WebPage","@id":"https:\/\/coria.org\/ayuntamiento\/index.php\/2023\/12\/29\/coria-contara-con-su-feria-internacional-del-toro-en-el-mes-de-marzo\/","url":"https:\/\/coria.org\/ayuntamiento\/index.php\/2023\/12\/29\/coria-contara-con-su-feria-internacional-del-toro-en-el-mes-de-marzo\/","name":"Coria contar\u00e1 con su Feria Internacional del Toro en el mes de marzo - Ayuntamiento de Coria","isPartOf":{"@id":"https:\/\/coria.org\/ayuntamiento\/#website"},"primaryImageOfPage":{"@id":"https:\/\/coria.org\/ayuntamiento\/index.php\/2023\/12\/29\/coria-contara-con-su-feria-internacional-del-toro-en-el-mes-de-marzo\/#primaryimage"},"image":{"@id":"https:\/\/coria.org\/ayuntamiento\/index.php\/2023\/12\/29\/coria-contara-con-su-feria-internacional-del-toro-en-el-mes-de-marzo\/#primaryimage"},"thumbnailUrl":"https:\/\/coria.org\/ayuntamiento\/wp-content\/uploads\/2023\/12\/feria-toro.jpg","datePublished":"2023-12-29T10:00:17+00:00","dateModified":"2023-12-29T12:32:52+00:00","breadcrumb":{"@id":"https:\/\/coria.org\/ayuntamiento\/index.php\/2023\/12\/29\/coria-contara-con-su-feria-internacional-del-toro-en-el-mes-de-marzo\/#breadcrumb"},"inLanguage":"es","potentialAction":[{"@type":"ReadAction","target":["https:\/\/coria.org\/ayuntamiento\/index.php\/2023\/12\/29\/coria-contara-con-su-feria-internacional-del-toro-en-el-mes-de-marzo\/"]}]},{"@type":"ImageObject","inLanguage":"es","@id":"https:\/\/coria.org\/ayuntamiento\/index.php\/2023\/12\/29\/coria-contara-con-su-feria-internacional-del-toro-en-el-mes-de-marzo\/#primaryimage","url":"https:\/\/coria.org\/ayuntamiento\/wp-content\/uploads\/2023\/12\/feria-toro.jpg","contentUrl":"https:\/\/coria.org\/ayuntamiento\/wp-content\/uploads\/2023\/12\/feria-toro.jpg","width":2480,"height":1868},{"@type":"BreadcrumbList","@id":"https:\/\/coria.org\/ayuntamiento\/index.php\/2023\/12\/29\/coria-contara-con-su-feria-internacional-del-toro-en-el-mes-de-marzo\/#breadcrumb","itemListElement":[{"@type":"ListItem","position":1,"name":"Inicio","item":"https:\/\/coria.org\/ayuntamiento\/"},{"@type":"ListItem","position":2,"name":"Coria contar\u00e1 con su Feria Internacional del Toro en el mes de marzo"}]},{"@type":"WebSite","@id":"https:\/\/coria.org\/ayuntamiento\/#website","url":"https:\/\/coria.org\/ayuntamiento\/","name":"Ayuntamiento de Coria","description":"Web oficial del Ayuntamiento de Coria","publisher":{"@id":"https:\/\/coria.org\/ayuntamiento\/#organization"},"alternateName":"Web Oficial del Ayuntamiento de Coria","potentialAction":[{"@type":"SearchAction","target":{"@type":"EntryPoint","urlTemplate":"https:\/\/coria.org\/ayuntamiento\/?s={search_term_string}"},"query-input":{"@type":"PropertyValueSpecification","valueRequired":true,"valueName":"search_term_string"}}],"inLanguage":"es"},{"@type":"Organization","@id":"https:\/\/coria.org\/ayuntamiento\/#organization","name":"Ayuntamiento de Coria","alternateName":"Ayto de Coria","url":"https:\/\/coria.org\/ayuntamiento\/","logo":{"@type":"ImageObject","inLanguage":"es","@id":"https:\/\/coria.org\/ayuntamiento\/#\/schema\/logo\/image\/","url":"https:\/\/coria.org\/ayuntamiento\/wp-content\/uploads\/2020\/12\/escudo-ayuntamiento-coria.png","contentUrl":"https:\/\/coria.org\/ayuntamiento\/wp-content\/uploads\/2020\/12\/escudo-ayuntamiento-coria.png","width":511,"height":240,"caption":"Ayuntamiento de Coria"},"image":{"@id":"https:\/\/coria.org\/ayuntamiento\/#\/schema\/logo\/image\/"},"sameAs":["https:\/\/www.facebook.com\/Ayuntamiento.de.Coria","https:\/\/x.com\/Ayto_de_Coria","https:\/\/www.instagram.com\/coria.ayuntamiento\/","https:\/\/www.youtube.com\/user\/AYUNTAMIENTOCORIA"]},{"@type":"Person","@id":"https:\/\/coria.org\/ayuntamiento\/#\/schema\/person\/8bd589f0e13e8ae5aa06def7a599d622","name":"ayuntamiento","image":{"@type":"ImageObject","inLanguage":"es","@id":"https:\/\/secure.gravatar.com\/avatar\/966e5ed73cad334adda5c87f49f2547f7082f7292c1b627cbb548744383b391c?s=96&d=mm&r=g","url":"https:\/\/secure.gravatar.com\/avatar\/966e5ed73cad334adda5c87f49f2547f7082f7292c1b627cbb548744383b391c?s=96&d=mm&r=g","contentUrl":"https:\/\/secure.gravatar.com\/avatar\/966e5ed73cad334adda5c87f49f2547f7082f7292c1b627cbb548744383b391c?s=96&d=mm&r=g","caption":"ayuntamiento"}}]}},"uagb_featured_image_src":{"full":["https:\/\/coria.org\/ayuntamiento\/wp-content\/uploads\/2023\/12\/feria-toro.jpg",2480,1868,false],"thumbnail":["https:\/\/coria.org\/ayuntamiento\/wp-content\/uploads\/2023\/12\/feria-toro-150x150.jpg",150,150,true],"medium":["https:\/\/coria.org\/ayuntamiento\/wp-content\/uploads\/2023\/12\/feria-toro-300x226.jpg",300,226,true],"medium_large":["https:\/\/coria.org\/ayuntamiento\/wp-content\/uploads\/2023\/12\/feria-toro-768x578.jpg",768,578,true],"large":["https:\/\/coria.org\/ayuntamiento\/wp-content\/uploads\/2023\/12\/feria-toro-1024x771.jpg",1024,771,true],"thumblist":["https:\/\/coria.org\/ayuntamiento\/wp-content\/uploads\/2023\/12\/feria-toro.jpg",300,226,false],"thumbrelated":["https:\/\/coria.org\/ayuntamiento\/wp-content\/uploads\/2023\/12\/feria-toro.jpg",500,377,false],"meccarouselthumb":["https:\/\/coria.org\/ayuntamiento\/wp-content\/uploads\/2023\/12\/feria-toro.jpg",430,324,false],"gridsquare":["https:\/\/coria.org\/ayuntamiento\/wp-content\/uploads\/2023\/12\/feria-toro.jpg",345,260,false],"tileview":["https:\/\/coria.org\/ayuntamiento\/wp-content\/uploads\/2023\/12\/feria-toro.jpg",300,226,false],"1536x1536":["https:\/\/coria.org\/ayuntamiento\/wp-content\/uploads\/2023\/12\/feria-toro-1536x1157.jpg",1536,1157,true],"2048x2048":["https:\/\/coria.org\/ayuntamiento\/wp-content\/uploads\/2023\/12\/feria-toro-2048x1543.jpg",2048,1543,true]},"uagb_author_info":{"display_name":"ayuntamiento","author_link":"https:\/\/coria.org\/ayuntamiento\/index.php\/author\/ayuntamiento\/"},"uagb_comment_info":0,"uagb_excerpt":"El Ayuntamiento de Coria confirma que nuevamente en el a\u00f1o 2024 se celebrar\u00e1 la Feria Internacional del Toro en Coria. En la ma\u00f1ana de ayer, la empresa adjudicataria Grupo Ceber Tauro SLU, ha solicitado la pr\u00f3rroga del contrato de prestaciones para la organizaci\u00f3n de la VIII FITCORIA 2024. En este caso esta prevista que se&hellip;","_links":{"self":[{"href":"https:\/\/coria.org\/ayuntamiento\/index.php\/wp-json\/wp\/v2\/posts\/57757","targetHints":{"allow":["GET"]}}],"collection":[{"href":"https:\/\/coria.org\/ayuntamiento\/index.php\/wp-json\/wp\/v2\/posts"}],"about":[{"href":"https:\/\/coria.org\/ayuntamiento\/index.php\/wp-json\/wp\/v2\/types\/post"}],"author":[{"embeddable":true,"href":"https:\/\/coria.org\/ayuntamiento\/index.php\/wp-json\/wp\/v2\/users\/2"}],"replies":[{"embeddable":true,"href":"https:\/\/coria.org\/ayuntamiento\/index.php\/wp-json\/wp\/v2\/comments?post=57757"}],"version-history":[{"count":0,"href":"https:\/\/coria.org\/ayuntamiento\/index.php\/wp-json\/wp\/v2\/posts\/57757\/revisions"}],"wp:featuredmedia":[{"embeddable":true,"href":"https:\/\/coria.org\/ayuntamiento\/index.php\/wp-json\/wp\/v2\/media\/57758"}],"wp:attachment":[{"href":"https:\/\/coria.org\/ayuntamiento\/index.php\/wp-json\/wp\/v2\/media?parent=57757"}],"wp:term":[{"taxonomy":"category","embeddable":true,"href":"https:\/\/coria.org\/ayuntamiento\/index.php\/wp-json\/wp\/v2\/categories?post=57757"},{"taxonomy":"post_tag","embeddable":true,"href":"https:\/\/coria.org\/ayuntamiento\/index.php\/wp-json\/wp\/v2\/tags?post=57757"}],"curies":[{"name":"wp","href":"https:\/\/api.w.org\/{rel}","templated":true}]}}