{"id":57551,"date":"2023-11-17T08:34:58","date_gmt":"2023-11-17T07:34:58","guid":{"rendered":"https:\/\/turismocoria.es\/importacion\/?p=57551"},"modified":"2023-11-22T08:35:29","modified_gmt":"2023-11-22T07:35:29","slug":"coria-saldra-la-calle-para-conmemorar-el-dia-internacional-de-la-eliminacion-de-la-violencia-de-genero","status":"publish","type":"post","link":"https:\/\/coria.org\/ayuntamiento\/index.php\/2023\/11\/17\/coria-saldra-la-calle-para-conmemorar-el-dia-internacional-de-la-eliminacion-de-la-violencia-de-genero\/","title":{"rendered":"Coria saldr\u00e1 la calle para conmemorar el D\u00eda Internacional de la Eliminaci\u00f3n de la Violencia de G\u00e9nero"},"content":{"rendered":"\n<p>La Asociaci\u00f3n de Mujeres de Coria y Comarca, con su Presidenta Amparo S\u00e1nchez, en colaboraci\u00f3n con el Ayuntamiento de Coria, ha dado a conocer la programaci\u00f3n de los actos que se celebrar\u00e1n en Coria el pr\u00f3ximo s\u00e1bado d\u00eda 25 de noviembre con motivo de la conmemoraci\u00f3n del D\u00eda Internacional de la Eliminaci\u00f3n de la Violencia contra la Mujer.<\/p>\n\n\n<figure class=\"wp-block-post-featured-image\"><img loading=\"lazy\" decoding=\"async\" width=\"1024\" height=\"768\" src=\"https:\/\/coria.org\/ayuntamiento\/wp-content\/uploads\/2023\/11\/actos-genero-23.jpg\" class=\"attachment-post-thumbnail size-post-thumbnail wp-post-image\" alt=\"\" style=\"object-fit:cover;\" srcset=\"https:\/\/coria.org\/ayuntamiento\/wp-content\/uploads\/2023\/11\/actos-genero-23.jpg 1024w, https:\/\/coria.org\/ayuntamiento\/wp-content\/uploads\/2023\/11\/actos-genero-23-300x225.jpg 300w, https:\/\/coria.org\/ayuntamiento\/wp-content\/uploads\/2023\/11\/actos-genero-23-768x576.jpg 768w, https:\/\/coria.org\/ayuntamiento\/wp-content\/uploads\/2023\/11\/actos-genero-23-50x38.jpg 50w\" sizes=\"auto, (max-width: 1024px) 100vw, 1024px\" \/><\/figure>\n\n\n<p>El concejal del \u00e1rea, Ra\u00fal S\u00e1nchez, ha explicado que este a\u00f1o, desde el ayuntamiento, se van a distribuir 500 libretas entre los vecinos de Coria, Puebla y Rinc\u00f3n y en los centros escolares. Adem\u00e1s, se repartir\u00e1n pa\u00f1uelos morados el mismo d\u00eda de la marcha.<\/p>\n\n\n\n<p>Ra\u00fal S\u00e1nchez ha explicado que las libretas llevar\u00e1n consigo el mensaje de \u201cStop Violencia\u201d mensaje que la sociedad debe tener siempre cerca. \u201cQueremos concienciar a todos por igual, sin distinci\u00f3n. Que la educaci\u00f3n y el respeto es para todos\u201d, ha destacado el concejal.<\/p>\n\n\n\n<p>La Presidenta de la Asociaci\u00f3n de Mujeres de Coria y Comarca, Amparo S\u00e1nchez, ha anunciado que, el s\u00e1bado 25, tendr\u00e1 lugar la Marcha Morada, con salida a las 17:00 h., desde la casa de cultura y llegada a la misma ubicaci\u00f3n. A continuaci\u00f3n, se proceder\u00e1 a la lectura del manifiesto con motivo del 25N. La marcha recorrer\u00e1 las diferentes avenidas, calles del casco hist\u00f3rico y plazas de la ciudad.<\/p>\n\n\n\n<p>Al finalizar, en la misma plaza de la Solidaridad, los asistentes podr\u00e1n disfrutar de la actuaci\u00f3n de la artista local, Diana Mart\u00edn. La presidenta del colectivo de mujeres ha deseado que la gente salga a la calle \u201cpara que se vea que esto no puede continuar as\u00ed, que seguimos luchando\u201d.<\/p>\n\n\n\n<p>Desde el Ayuntamiento de Coria se anuncia que el Puente de Hierro de nuestra localidad se te\u00f1ir\u00e1 de morado con motivo de este d\u00eda.<\/p>\n","protected":false},"excerpt":{"rendered":"<p>La Asociaci\u00f3n de Mujeres de Coria y Comarca, con su Presidenta Amparo S\u00e1nchez, en colaboraci\u00f3n con el Ayuntamiento de Coria, ha dado a conocer la programaci\u00f3n de los actos que se celebrar\u00e1n en Coria el pr\u00f3ximo s\u00e1bado d\u00eda 25 de noviembre con motivo de la conmemoraci\u00f3n del D\u00eda Internacional de la Eliminaci\u00f3n de la Violencia [&hellip;]<\/p>\n","protected":false},"author":2,"featured_media":57552,"comment_status":"closed","ping_status":"closed","sticky":false,"template":"","format":"standard","meta":{"_uag_custom_page_level_css":"","footnotes":""},"categories":[2],"tags":[421,610,1314],"class_list":["post-57551","post","type-post","status-publish","format-standard","has-post-thumbnail","hentry","category-noticias","tag-dia","tag-genero","tag-violencia"],"yoast_head":"<!-- This site is optimized with the Yoast SEO plugin v27.4 - https:\/\/yoast.com\/product\/yoast-seo-wordpress\/ -->\n<title>Coria saldr\u00e1 la calle para conmemorar el D\u00eda Internacional de la Eliminaci\u00f3n de la Violencia de G\u00e9nero - Ayuntamiento de Coria<\/title>\n<meta name=\"robots\" content=\"index, follow, max-snippet:-1, max-image-preview:large, max-video-preview:-1\" \/>\n<link rel=\"canonical\" href=\"https:\/\/coria.org\/ayuntamiento\/index.php\/2023\/11\/17\/coria-saldra-la-calle-para-conmemorar-el-dia-internacional-de-la-eliminacion-de-la-violencia-de-genero\/\" \/>\n<meta property=\"og:locale\" content=\"es_ES\" \/>\n<meta property=\"og:type\" content=\"article\" \/>\n<meta property=\"og:title\" content=\"Coria saldr\u00e1 la calle para conmemorar el D\u00eda Internacional de la Eliminaci\u00f3n de la Violencia de G\u00e9nero - Ayuntamiento de Coria\" \/>\n<meta property=\"og:description\" content=\"La Asociaci\u00f3n de Mujeres de Coria y Comarca, con su Presidenta Amparo S\u00e1nchez, en colaboraci\u00f3n con el Ayuntamiento de Coria, ha dado a conocer la programaci\u00f3n de los actos que se celebrar\u00e1n en Coria el pr\u00f3ximo s\u00e1bado d\u00eda 25 de noviembre con motivo de la conmemoraci\u00f3n del D\u00eda Internacional de la Eliminaci\u00f3n de la Violencia [&hellip;]\" \/>\n<meta property=\"og:url\" content=\"https:\/\/coria.org\/ayuntamiento\/index.php\/2023\/11\/17\/coria-saldra-la-calle-para-conmemorar-el-dia-internacional-de-la-eliminacion-de-la-violencia-de-genero\/\" \/>\n<meta property=\"og:site_name\" content=\"Ayuntamiento de Coria\" \/>\n<meta property=\"article:publisher\" content=\"https:\/\/www.facebook.com\/Ayuntamiento.de.Coria\" \/>\n<meta property=\"article:published_time\" content=\"2023-11-17T07:34:58+00:00\" \/>\n<meta property=\"article:modified_time\" content=\"2023-11-22T07:35:29+00:00\" \/>\n<meta property=\"og:image\" content=\"https:\/\/coria.org\/ayuntamiento\/wp-content\/uploads\/2023\/11\/actos-genero-23.jpg\" \/>\n\t<meta property=\"og:image:width\" content=\"1024\" \/>\n\t<meta property=\"og:image:height\" content=\"768\" \/>\n\t<meta property=\"og:image:type\" content=\"image\/jpeg\" \/>\n<meta name=\"author\" content=\"ayuntamiento\" \/>\n<meta name=\"twitter:card\" content=\"summary_large_image\" \/>\n<meta name=\"twitter:creator\" content=\"@Ayto_de_Coria\" \/>\n<meta name=\"twitter:site\" content=\"@Ayto_de_Coria\" \/>\n<meta name=\"twitter:label1\" content=\"Escrito por\" \/>\n\t<meta name=\"twitter:data1\" content=\"ayuntamiento\" \/>\n\t<meta name=\"twitter:label2\" content=\"Tiempo de lectura\" \/>\n\t<meta name=\"twitter:data2\" content=\"2 minutos\" \/>\n<script type=\"application\/ld+json\" class=\"yoast-schema-graph\">{\"@context\":\"https:\\\/\\\/schema.org\",\"@graph\":[{\"@type\":\"Article\",\"@id\":\"https:\\\/\\\/coria.org\\\/ayuntamiento\\\/index.php\\\/2023\\\/11\\\/17\\\/coria-saldra-la-calle-para-conmemorar-el-dia-internacional-de-la-eliminacion-de-la-violencia-de-genero\\\/#article\",\"isPartOf\":{\"@id\":\"https:\\\/\\\/coria.org\\\/ayuntamiento\\\/index.php\\\/2023\\\/11\\\/17\\\/coria-saldra-la-calle-para-conmemorar-el-dia-internacional-de-la-eliminacion-de-la-violencia-de-genero\\\/\"},\"author\":{\"name\":\"ayuntamiento\",\"@id\":\"https:\\\/\\\/coria.org\\\/ayuntamiento\\\/#\\\/schema\\\/person\\\/8bd589f0e13e8ae5aa06def7a599d622\"},\"headline\":\"Coria saldr\u00e1 la calle para conmemorar el D\u00eda Internacional de la Eliminaci\u00f3n de la Violencia de G\u00e9nero\",\"datePublished\":\"2023-11-17T07:34:58+00:00\",\"dateModified\":\"2023-11-22T07:35:29+00:00\",\"mainEntityOfPage\":{\"@id\":\"https:\\\/\\\/coria.org\\\/ayuntamiento\\\/index.php\\\/2023\\\/11\\\/17\\\/coria-saldra-la-calle-para-conmemorar-el-dia-internacional-de-la-eliminacion-de-la-violencia-de-genero\\\/\"},\"wordCount\":339,\"publisher\":{\"@id\":\"https:\\\/\\\/coria.org\\\/ayuntamiento\\\/#organization\"},\"image\":{\"@id\":\"https:\\\/\\\/coria.org\\\/ayuntamiento\\\/index.php\\\/2023\\\/11\\\/17\\\/coria-saldra-la-calle-para-conmemorar-el-dia-internacional-de-la-eliminacion-de-la-violencia-de-genero\\\/#primaryimage\"},\"thumbnailUrl\":\"https:\\\/\\\/coria.org\\\/ayuntamiento\\\/wp-content\\\/uploads\\\/2023\\\/11\\\/actos-genero-23.jpg\",\"keywords\":[\"dia\",\"genero\",\"violencia\"],\"articleSection\":[\"Noticias\"],\"inLanguage\":\"es\"},{\"@type\":\"WebPage\",\"@id\":\"https:\\\/\\\/coria.org\\\/ayuntamiento\\\/index.php\\\/2023\\\/11\\\/17\\\/coria-saldra-la-calle-para-conmemorar-el-dia-internacional-de-la-eliminacion-de-la-violencia-de-genero\\\/\",\"url\":\"https:\\\/\\\/coria.org\\\/ayuntamiento\\\/index.php\\\/2023\\\/11\\\/17\\\/coria-saldra-la-calle-para-conmemorar-el-dia-internacional-de-la-eliminacion-de-la-violencia-de-genero\\\/\",\"name\":\"Coria saldr\u00e1 la calle para conmemorar el D\u00eda Internacional de la Eliminaci\u00f3n de la Violencia de G\u00e9nero - Ayuntamiento de Coria\",\"isPartOf\":{\"@id\":\"https:\\\/\\\/coria.org\\\/ayuntamiento\\\/#website\"},\"primaryImageOfPage\":{\"@id\":\"https:\\\/\\\/coria.org\\\/ayuntamiento\\\/index.php\\\/2023\\\/11\\\/17\\\/coria-saldra-la-calle-para-conmemorar-el-dia-internacional-de-la-eliminacion-de-la-violencia-de-genero\\\/#primaryimage\"},\"image\":{\"@id\":\"https:\\\/\\\/coria.org\\\/ayuntamiento\\\/index.php\\\/2023\\\/11\\\/17\\\/coria-saldra-la-calle-para-conmemorar-el-dia-internacional-de-la-eliminacion-de-la-violencia-de-genero\\\/#primaryimage\"},\"thumbnailUrl\":\"https:\\\/\\\/coria.org\\\/ayuntamiento\\\/wp-content\\\/uploads\\\/2023\\\/11\\\/actos-genero-23.jpg\",\"datePublished\":\"2023-11-17T07:34:58+00:00\",\"dateModified\":\"2023-11-22T07:35:29+00:00\",\"breadcrumb\":{\"@id\":\"https:\\\/\\\/coria.org\\\/ayuntamiento\\\/index.php\\\/2023\\\/11\\\/17\\\/coria-saldra-la-calle-para-conmemorar-el-dia-internacional-de-la-eliminacion-de-la-violencia-de-genero\\\/#breadcrumb\"},\"inLanguage\":\"es\",\"potentialAction\":[{\"@type\":\"ReadAction\",\"target\":[\"https:\\\/\\\/coria.org\\\/ayuntamiento\\\/index.php\\\/2023\\\/11\\\/17\\\/coria-saldra-la-calle-para-conmemorar-el-dia-internacional-de-la-eliminacion-de-la-violencia-de-genero\\\/\"]}]},{\"@type\":\"ImageObject\",\"inLanguage\":\"es\",\"@id\":\"https:\\\/\\\/coria.org\\\/ayuntamiento\\\/index.php\\\/2023\\\/11\\\/17\\\/coria-saldra-la-calle-para-conmemorar-el-dia-internacional-de-la-eliminacion-de-la-violencia-de-genero\\\/#primaryimage\",\"url\":\"https:\\\/\\\/coria.org\\\/ayuntamiento\\\/wp-content\\\/uploads\\\/2023\\\/11\\\/actos-genero-23.jpg\",\"contentUrl\":\"https:\\\/\\\/coria.org\\\/ayuntamiento\\\/wp-content\\\/uploads\\\/2023\\\/11\\\/actos-genero-23.jpg\",\"width\":1024,\"height\":768},{\"@type\":\"BreadcrumbList\",\"@id\":\"https:\\\/\\\/coria.org\\\/ayuntamiento\\\/index.php\\\/2023\\\/11\\\/17\\\/coria-saldra-la-calle-para-conmemorar-el-dia-internacional-de-la-eliminacion-de-la-violencia-de-genero\\\/#breadcrumb\",\"itemListElement\":[{\"@type\":\"ListItem\",\"position\":1,\"name\":\"Inicio\",\"item\":\"https:\\\/\\\/coria.org\\\/ayuntamiento\\\/\"},{\"@type\":\"ListItem\",\"position\":2,\"name\":\"Coria saldr\u00e1 la calle para conmemorar el D\u00eda Internacional de la Eliminaci\u00f3n de la Violencia de G\u00e9nero\"}]},{\"@type\":\"WebSite\",\"@id\":\"https:\\\/\\\/coria.org\\\/ayuntamiento\\\/#website\",\"url\":\"https:\\\/\\\/coria.org\\\/ayuntamiento\\\/\",\"name\":\"Ayuntamiento de Coria\",\"description\":\"Web oficial del Ayuntamiento de Coria\",\"publisher\":{\"@id\":\"https:\\\/\\\/coria.org\\\/ayuntamiento\\\/#organization\"},\"alternateName\":\"Web Oficial del Ayuntamiento de Coria\",\"potentialAction\":[{\"@type\":\"SearchAction\",\"target\":{\"@type\":\"EntryPoint\",\"urlTemplate\":\"https:\\\/\\\/coria.org\\\/ayuntamiento\\\/?s={search_term_string}\"},\"query-input\":{\"@type\":\"PropertyValueSpecification\",\"valueRequired\":true,\"valueName\":\"search_term_string\"}}],\"inLanguage\":\"es\"},{\"@type\":\"Organization\",\"@id\":\"https:\\\/\\\/coria.org\\\/ayuntamiento\\\/#organization\",\"name\":\"Ayuntamiento de Coria\",\"alternateName\":\"Ayto de Coria\",\"url\":\"https:\\\/\\\/coria.org\\\/ayuntamiento\\\/\",\"logo\":{\"@type\":\"ImageObject\",\"inLanguage\":\"es\",\"@id\":\"https:\\\/\\\/coria.org\\\/ayuntamiento\\\/#\\\/schema\\\/logo\\\/image\\\/\",\"url\":\"https:\\\/\\\/coria.org\\\/ayuntamiento\\\/wp-content\\\/uploads\\\/2020\\\/12\\\/escudo-ayuntamiento-coria.png\",\"contentUrl\":\"https:\\\/\\\/coria.org\\\/ayuntamiento\\\/wp-content\\\/uploads\\\/2020\\\/12\\\/escudo-ayuntamiento-coria.png\",\"width\":511,\"height\":240,\"caption\":\"Ayuntamiento de Coria\"},\"image\":{\"@id\":\"https:\\\/\\\/coria.org\\\/ayuntamiento\\\/#\\\/schema\\\/logo\\\/image\\\/\"},\"sameAs\":[\"https:\\\/\\\/www.facebook.com\\\/Ayuntamiento.de.Coria\",\"https:\\\/\\\/x.com\\\/Ayto_de_Coria\",\"https:\\\/\\\/www.instagram.com\\\/coria.ayuntamiento\\\/\",\"https:\\\/\\\/www.youtube.com\\\/user\\\/AYUNTAMIENTOCORIA\"]},{\"@type\":\"Person\",\"@id\":\"https:\\\/\\\/coria.org\\\/ayuntamiento\\\/#\\\/schema\\\/person\\\/8bd589f0e13e8ae5aa06def7a599d622\",\"name\":\"ayuntamiento\",\"image\":{\"@type\":\"ImageObject\",\"inLanguage\":\"es\",\"@id\":\"https:\\\/\\\/secure.gravatar.com\\\/avatar\\\/966e5ed73cad334adda5c87f49f2547f7082f7292c1b627cbb548744383b391c?s=96&d=mm&r=g\",\"url\":\"https:\\\/\\\/secure.gravatar.com\\\/avatar\\\/966e5ed73cad334adda5c87f49f2547f7082f7292c1b627cbb548744383b391c?s=96&d=mm&r=g\",\"contentUrl\":\"https:\\\/\\\/secure.gravatar.com\\\/avatar\\\/966e5ed73cad334adda5c87f49f2547f7082f7292c1b627cbb548744383b391c?s=96&d=mm&r=g\",\"caption\":\"ayuntamiento\"}}]}<\/script>\n<!-- \/ Yoast SEO plugin. -->","yoast_head_json":{"title":"Coria saldr\u00e1 la calle para conmemorar el D\u00eda Internacional de la Eliminaci\u00f3n de la Violencia de G\u00e9nero - Ayuntamiento de Coria","robots":{"index":"index","follow":"follow","max-snippet":"max-snippet:-1","max-image-preview":"max-image-preview:large","max-video-preview":"max-video-preview:-1"},"canonical":"https:\/\/coria.org\/ayuntamiento\/index.php\/2023\/11\/17\/coria-saldra-la-calle-para-conmemorar-el-dia-internacional-de-la-eliminacion-de-la-violencia-de-genero\/","og_locale":"es_ES","og_type":"article","og_title":"Coria saldr\u00e1 la calle para conmemorar el D\u00eda Internacional de la Eliminaci\u00f3n de la Violencia de G\u00e9nero - Ayuntamiento de Coria","og_description":"La Asociaci\u00f3n de Mujeres de Coria y Comarca, con su Presidenta Amparo S\u00e1nchez, en colaboraci\u00f3n con el Ayuntamiento de Coria, ha dado a conocer la programaci\u00f3n de los actos que se celebrar\u00e1n en Coria el pr\u00f3ximo s\u00e1bado d\u00eda 25 de noviembre con motivo de la conmemoraci\u00f3n del D\u00eda Internacional de la Eliminaci\u00f3n de la Violencia [&hellip;]","og_url":"https:\/\/coria.org\/ayuntamiento\/index.php\/2023\/11\/17\/coria-saldra-la-calle-para-conmemorar-el-dia-internacional-de-la-eliminacion-de-la-violencia-de-genero\/","og_site_name":"Ayuntamiento de Coria","article_publisher":"https:\/\/www.facebook.com\/Ayuntamiento.de.Coria","article_published_time":"2023-11-17T07:34:58+00:00","article_modified_time":"2023-11-22T07:35:29+00:00","og_image":[{"width":1024,"height":768,"url":"https:\/\/coria.org\/ayuntamiento\/wp-content\/uploads\/2023\/11\/actos-genero-23.jpg","type":"image\/jpeg"}],"author":"ayuntamiento","twitter_card":"summary_large_image","twitter_creator":"@Ayto_de_Coria","twitter_site":"@Ayto_de_Coria","twitter_misc":{"Escrito por":"ayuntamiento","Tiempo de lectura":"2 minutos"},"schema":{"@context":"https:\/\/schema.org","@graph":[{"@type":"Article","@id":"https:\/\/coria.org\/ayuntamiento\/index.php\/2023\/11\/17\/coria-saldra-la-calle-para-conmemorar-el-dia-internacional-de-la-eliminacion-de-la-violencia-de-genero\/#article","isPartOf":{"@id":"https:\/\/coria.org\/ayuntamiento\/index.php\/2023\/11\/17\/coria-saldra-la-calle-para-conmemorar-el-dia-internacional-de-la-eliminacion-de-la-violencia-de-genero\/"},"author":{"name":"ayuntamiento","@id":"https:\/\/coria.org\/ayuntamiento\/#\/schema\/person\/8bd589f0e13e8ae5aa06def7a599d622"},"headline":"Coria saldr\u00e1 la calle para conmemorar el D\u00eda Internacional de la Eliminaci\u00f3n de la Violencia de G\u00e9nero","datePublished":"2023-11-17T07:34:58+00:00","dateModified":"2023-11-22T07:35:29+00:00","mainEntityOfPage":{"@id":"https:\/\/coria.org\/ayuntamiento\/index.php\/2023\/11\/17\/coria-saldra-la-calle-para-conmemorar-el-dia-internacional-de-la-eliminacion-de-la-violencia-de-genero\/"},"wordCount":339,"publisher":{"@id":"https:\/\/coria.org\/ayuntamiento\/#organization"},"image":{"@id":"https:\/\/coria.org\/ayuntamiento\/index.php\/2023\/11\/17\/coria-saldra-la-calle-para-conmemorar-el-dia-internacional-de-la-eliminacion-de-la-violencia-de-genero\/#primaryimage"},"thumbnailUrl":"https:\/\/coria.org\/ayuntamiento\/wp-content\/uploads\/2023\/11\/actos-genero-23.jpg","keywords":["dia","genero","violencia"],"articleSection":["Noticias"],"inLanguage":"es"},{"@type":"WebPage","@id":"https:\/\/coria.org\/ayuntamiento\/index.php\/2023\/11\/17\/coria-saldra-la-calle-para-conmemorar-el-dia-internacional-de-la-eliminacion-de-la-violencia-de-genero\/","url":"https:\/\/coria.org\/ayuntamiento\/index.php\/2023\/11\/17\/coria-saldra-la-calle-para-conmemorar-el-dia-internacional-de-la-eliminacion-de-la-violencia-de-genero\/","name":"Coria saldr\u00e1 la calle para conmemorar el D\u00eda Internacional de la Eliminaci\u00f3n de la Violencia de G\u00e9nero - Ayuntamiento de Coria","isPartOf":{"@id":"https:\/\/coria.org\/ayuntamiento\/#website"},"primaryImageOfPage":{"@id":"https:\/\/coria.org\/ayuntamiento\/index.php\/2023\/11\/17\/coria-saldra-la-calle-para-conmemorar-el-dia-internacional-de-la-eliminacion-de-la-violencia-de-genero\/#primaryimage"},"image":{"@id":"https:\/\/coria.org\/ayuntamiento\/index.php\/2023\/11\/17\/coria-saldra-la-calle-para-conmemorar-el-dia-internacional-de-la-eliminacion-de-la-violencia-de-genero\/#primaryimage"},"thumbnailUrl":"https:\/\/coria.org\/ayuntamiento\/wp-content\/uploads\/2023\/11\/actos-genero-23.jpg","datePublished":"2023-11-17T07:34:58+00:00","dateModified":"2023-11-22T07:35:29+00:00","breadcrumb":{"@id":"https:\/\/coria.org\/ayuntamiento\/index.php\/2023\/11\/17\/coria-saldra-la-calle-para-conmemorar-el-dia-internacional-de-la-eliminacion-de-la-violencia-de-genero\/#breadcrumb"},"inLanguage":"es","potentialAction":[{"@type":"ReadAction","target":["https:\/\/coria.org\/ayuntamiento\/index.php\/2023\/11\/17\/coria-saldra-la-calle-para-conmemorar-el-dia-internacional-de-la-eliminacion-de-la-violencia-de-genero\/"]}]},{"@type":"ImageObject","inLanguage":"es","@id":"https:\/\/coria.org\/ayuntamiento\/index.php\/2023\/11\/17\/coria-saldra-la-calle-para-conmemorar-el-dia-internacional-de-la-eliminacion-de-la-violencia-de-genero\/#primaryimage","url":"https:\/\/coria.org\/ayuntamiento\/wp-content\/uploads\/2023\/11\/actos-genero-23.jpg","contentUrl":"https:\/\/coria.org\/ayuntamiento\/wp-content\/uploads\/2023\/11\/actos-genero-23.jpg","width":1024,"height":768},{"@type":"BreadcrumbList","@id":"https:\/\/coria.org\/ayuntamiento\/index.php\/2023\/11\/17\/coria-saldra-la-calle-para-conmemorar-el-dia-internacional-de-la-eliminacion-de-la-violencia-de-genero\/#breadcrumb","itemListElement":[{"@type":"ListItem","position":1,"name":"Inicio","item":"https:\/\/coria.org\/ayuntamiento\/"},{"@type":"ListItem","position":2,"name":"Coria saldr\u00e1 la calle para conmemorar el D\u00eda Internacional de la Eliminaci\u00f3n de la Violencia de G\u00e9nero"}]},{"@type":"WebSite","@id":"https:\/\/coria.org\/ayuntamiento\/#website","url":"https:\/\/coria.org\/ayuntamiento\/","name":"Ayuntamiento de Coria","description":"Web oficial del Ayuntamiento de Coria","publisher":{"@id":"https:\/\/coria.org\/ayuntamiento\/#organization"},"alternateName":"Web Oficial del Ayuntamiento de Coria","potentialAction":[{"@type":"SearchAction","target":{"@type":"EntryPoint","urlTemplate":"https:\/\/coria.org\/ayuntamiento\/?s={search_term_string}"},"query-input":{"@type":"PropertyValueSpecification","valueRequired":true,"valueName":"search_term_string"}}],"inLanguage":"es"},{"@type":"Organization","@id":"https:\/\/coria.org\/ayuntamiento\/#organization","name":"Ayuntamiento de Coria","alternateName":"Ayto de Coria","url":"https:\/\/coria.org\/ayuntamiento\/","logo":{"@type":"ImageObject","inLanguage":"es","@id":"https:\/\/coria.org\/ayuntamiento\/#\/schema\/logo\/image\/","url":"https:\/\/coria.org\/ayuntamiento\/wp-content\/uploads\/2020\/12\/escudo-ayuntamiento-coria.png","contentUrl":"https:\/\/coria.org\/ayuntamiento\/wp-content\/uploads\/2020\/12\/escudo-ayuntamiento-coria.png","width":511,"height":240,"caption":"Ayuntamiento de Coria"},"image":{"@id":"https:\/\/coria.org\/ayuntamiento\/#\/schema\/logo\/image\/"},"sameAs":["https:\/\/www.facebook.com\/Ayuntamiento.de.Coria","https:\/\/x.com\/Ayto_de_Coria","https:\/\/www.instagram.com\/coria.ayuntamiento\/","https:\/\/www.youtube.com\/user\/AYUNTAMIENTOCORIA"]},{"@type":"Person","@id":"https:\/\/coria.org\/ayuntamiento\/#\/schema\/person\/8bd589f0e13e8ae5aa06def7a599d622","name":"ayuntamiento","image":{"@type":"ImageObject","inLanguage":"es","@id":"https:\/\/secure.gravatar.com\/avatar\/966e5ed73cad334adda5c87f49f2547f7082f7292c1b627cbb548744383b391c?s=96&d=mm&r=g","url":"https:\/\/secure.gravatar.com\/avatar\/966e5ed73cad334adda5c87f49f2547f7082f7292c1b627cbb548744383b391c?s=96&d=mm&r=g","contentUrl":"https:\/\/secure.gravatar.com\/avatar\/966e5ed73cad334adda5c87f49f2547f7082f7292c1b627cbb548744383b391c?s=96&d=mm&r=g","caption":"ayuntamiento"}}]}},"uagb_featured_image_src":{"full":["https:\/\/coria.org\/ayuntamiento\/wp-content\/uploads\/2023\/11\/actos-genero-23.jpg",1024,768,false],"thumbnail":["https:\/\/coria.org\/ayuntamiento\/wp-content\/uploads\/2023\/11\/actos-genero-23-150x150.jpg",150,150,true],"medium":["https:\/\/coria.org\/ayuntamiento\/wp-content\/uploads\/2023\/11\/actos-genero-23-300x225.jpg",300,225,true],"medium_large":["https:\/\/coria.org\/ayuntamiento\/wp-content\/uploads\/2023\/11\/actos-genero-23-768x576.jpg",768,576,true],"large":["https:\/\/coria.org\/ayuntamiento\/wp-content\/uploads\/2023\/11\/actos-genero-23.jpg",1024,768,false],"thumblist":["https:\/\/coria.org\/ayuntamiento\/wp-content\/uploads\/2023\/11\/actos-genero-23.jpg",300,225,false],"thumbrelated":["https:\/\/coria.org\/ayuntamiento\/wp-content\/uploads\/2023\/11\/actos-genero-23.jpg",500,375,false],"meccarouselthumb":["https:\/\/coria.org\/ayuntamiento\/wp-content\/uploads\/2023\/11\/actos-genero-23.jpg",432,324,false],"gridsquare":["https:\/\/coria.org\/ayuntamiento\/wp-content\/uploads\/2023\/11\/actos-genero-23.jpg",347,260,false],"tileview":["https:\/\/coria.org\/ayuntamiento\/wp-content\/uploads\/2023\/11\/actos-genero-23.jpg",300,225,false],"1536x1536":["https:\/\/coria.org\/ayuntamiento\/wp-content\/uploads\/2023\/11\/actos-genero-23.jpg",1024,768,false],"2048x2048":["https:\/\/coria.org\/ayuntamiento\/wp-content\/uploads\/2023\/11\/actos-genero-23.jpg",1024,768,false]},"uagb_author_info":{"display_name":"ayuntamiento","author_link":"https:\/\/coria.org\/ayuntamiento\/index.php\/author\/ayuntamiento\/"},"uagb_comment_info":0,"uagb_excerpt":"La Asociaci\u00f3n de Mujeres de Coria y Comarca, con su Presidenta Amparo S\u00e1nchez, en colaboraci\u00f3n con el Ayuntamiento de Coria, ha dado a conocer la programaci\u00f3n de los actos que se celebrar\u00e1n en Coria el pr\u00f3ximo s\u00e1bado d\u00eda 25 de noviembre con motivo de la conmemoraci\u00f3n del D\u00eda Internacional de la Eliminaci\u00f3n de la Violencia&hellip;","_links":{"self":[{"href":"https:\/\/coria.org\/ayuntamiento\/index.php\/wp-json\/wp\/v2\/posts\/57551","targetHints":{"allow":["GET"]}}],"collection":[{"href":"https:\/\/coria.org\/ayuntamiento\/index.php\/wp-json\/wp\/v2\/posts"}],"about":[{"href":"https:\/\/coria.org\/ayuntamiento\/index.php\/wp-json\/wp\/v2\/types\/post"}],"author":[{"embeddable":true,"href":"https:\/\/coria.org\/ayuntamiento\/index.php\/wp-json\/wp\/v2\/users\/2"}],"replies":[{"embeddable":true,"href":"https:\/\/coria.org\/ayuntamiento\/index.php\/wp-json\/wp\/v2\/comments?post=57551"}],"version-history":[{"count":0,"href":"https:\/\/coria.org\/ayuntamiento\/index.php\/wp-json\/wp\/v2\/posts\/57551\/revisions"}],"wp:featuredmedia":[{"embeddable":true,"href":"https:\/\/coria.org\/ayuntamiento\/index.php\/wp-json\/wp\/v2\/media\/57552"}],"wp:attachment":[{"href":"https:\/\/coria.org\/ayuntamiento\/index.php\/wp-json\/wp\/v2\/media?parent=57551"}],"wp:term":[{"taxonomy":"category","embeddable":true,"href":"https:\/\/coria.org\/ayuntamiento\/index.php\/wp-json\/wp\/v2\/categories?post=57551"},{"taxonomy":"post_tag","embeddable":true,"href":"https:\/\/coria.org\/ayuntamiento\/index.php\/wp-json\/wp\/v2\/tags?post=57551"}],"curies":[{"name":"wp","href":"https:\/\/api.w.org\/{rel}","templated":true}]}}