{"id":57445,"date":"2023-10-31T14:49:59","date_gmt":"2023-10-31T13:49:59","guid":{"rendered":"https:\/\/turismocoria.es\/importacion\/?p=57445"},"modified":"2023-10-31T14:51:51","modified_gmt":"2023-10-31T13:51:51","slug":"curso-de-mini-videos-para-redes-sociales-y-el-fenomeno-de-la-viralidad","status":"publish","type":"post","link":"https:\/\/coria.org\/ayuntamiento\/index.php\/2023\/10\/31\/curso-de-mini-videos-para-redes-sociales-y-el-fenomeno-de-la-viralidad\/","title":{"rendered":"Curso de mini v\u00eddeos para redes sociales y el fen\u00f3meno de la viralidad"},"content":{"rendered":"\n<p>La Universidad Popular de Coria organiza un curso de formaci\u00f3n en redes sociales para los pr\u00f3ximos d\u00edas 6 y 7 de noviembre.<\/p>\n\n\n<figure class=\"wp-block-post-featured-image\"><img loading=\"lazy\" decoding=\"async\" width=\"1080\" height=\"1080\" src=\"https:\/\/coria.org\/ayuntamiento\/wp-content\/uploads\/2023\/10\/formacion-mini-videos.png\" class=\"attachment-post-thumbnail size-post-thumbnail wp-post-image\" alt=\"\" style=\"object-fit:cover;\" srcset=\"https:\/\/coria.org\/ayuntamiento\/wp-content\/uploads\/2023\/10\/formacion-mini-videos.png 1080w, https:\/\/coria.org\/ayuntamiento\/wp-content\/uploads\/2023\/10\/formacion-mini-videos-300x300.png 300w, https:\/\/coria.org\/ayuntamiento\/wp-content\/uploads\/2023\/10\/formacion-mini-videos-1024x1024.png 1024w, https:\/\/coria.org\/ayuntamiento\/wp-content\/uploads\/2023\/10\/formacion-mini-videos-150x150.png 150w, https:\/\/coria.org\/ayuntamiento\/wp-content\/uploads\/2023\/10\/formacion-mini-videos-768x768.png 768w, https:\/\/coria.org\/ayuntamiento\/wp-content\/uploads\/2023\/10\/formacion-mini-videos-600x600.png 600w\" sizes=\"auto, (max-width: 1080px) 100vw, 1080px\" \/><\/figure>\n\n\n<p>El curso tratara de formar en la realizaci\u00f3n de mini v\u00eddeos para redes sociales y el fen\u00f3meno de la viralidad. Est\u00e1 destinado a personas mayores de 16 a\u00f1os independientemente de su situaci\u00f3n laboral.<\/p>\n\n\n\n<p>Los contenidos del curso ser\u00e1, por un lado, analizar el fen\u00f3meno viral de los v\u00eddeos cortos en redes sociales, comunicar tu mensaje en un v\u00eddeo, crear v\u00eddeos desde la c\u00e1mara del m\u00f3vil y desde diferentes redes sociales y, por otro lado, editar los v\u00eddeos a trav\u00e9s de la APP Capcut.<\/p>\n\n\n\n<p>El \u00fanico requisito para participar en el curso, ser\u00e1 llevar el m\u00f3vil con suficiente bater\u00eda. La formaci\u00f3n se desarrollar\u00e1 lunes y martes, 6 y 7 de noviembre en horario de 20:30 a 22:30 horas en el Sal\u00f3n de Plenos del Ayuntamiento de Coria.<\/p>\n\n\n\n<p>Las Inscripciones podr\u00e1n formalizarse a trav\u00e9s del siguiente formulario y en el 671 49 69 23: <a href=\"https:\/\/forms.gle\/7jRTj81tF22yPPzeA\" target=\"_blank\" rel=\"noreferrer noopener\">https:\/\/forms.gle\/7jRTj81tF22yPPzeA<\/a><\/p>\n","protected":false},"excerpt":{"rendered":"<p>La Universidad Popular de Coria organiza un curso de formaci\u00f3n en redes sociales para los pr\u00f3ximos d\u00edas 6 y 7 de noviembre. El curso tratara de formar en la realizaci\u00f3n de mini v\u00eddeos para redes sociales y el fen\u00f3meno de la viralidad. Est\u00e1 destinado a personas mayores de 16 a\u00f1os independientemente de su situaci\u00f3n laboral. [&hellip;]<\/p>\n","protected":false},"author":2,"featured_media":57446,"comment_status":"closed","ping_status":"closed","sticky":false,"template":"","format":"standard","meta":{"_uag_custom_page_level_css":"","footnotes":""},"categories":[2],"tags":[1106,1588],"class_list":["post-57445","post","type-post","status-publish","format-standard","has-post-thumbnail","hentry","category-noticias","tag-rrss","tag-videos"],"yoast_head":"<!-- This site is optimized with the Yoast SEO plugin v27.4 - https:\/\/yoast.com\/product\/yoast-seo-wordpress\/ -->\n<title>Curso de mini v\u00eddeos para redes sociales y el fen\u00f3meno de la viralidad - Ayuntamiento de Coria<\/title>\n<meta name=\"robots\" content=\"index, follow, max-snippet:-1, max-image-preview:large, max-video-preview:-1\" \/>\n<link rel=\"canonical\" href=\"https:\/\/coria.org\/ayuntamiento\/index.php\/2023\/10\/31\/curso-de-mini-videos-para-redes-sociales-y-el-fenomeno-de-la-viralidad\/\" \/>\n<meta property=\"og:locale\" content=\"es_ES\" \/>\n<meta property=\"og:type\" content=\"article\" \/>\n<meta property=\"og:title\" content=\"Curso de mini v\u00eddeos para redes sociales y el fen\u00f3meno de la viralidad - Ayuntamiento de Coria\" \/>\n<meta property=\"og:description\" content=\"La Universidad Popular de Coria organiza un curso de formaci\u00f3n en redes sociales para los pr\u00f3ximos d\u00edas 6 y 7 de noviembre. El curso tratara de formar en la realizaci\u00f3n de mini v\u00eddeos para redes sociales y el fen\u00f3meno de la viralidad. Est\u00e1 destinado a personas mayores de 16 a\u00f1os independientemente de su situaci\u00f3n laboral. [&hellip;]\" \/>\n<meta property=\"og:url\" content=\"https:\/\/coria.org\/ayuntamiento\/index.php\/2023\/10\/31\/curso-de-mini-videos-para-redes-sociales-y-el-fenomeno-de-la-viralidad\/\" \/>\n<meta property=\"og:site_name\" content=\"Ayuntamiento de Coria\" \/>\n<meta property=\"article:publisher\" content=\"https:\/\/www.facebook.com\/Ayuntamiento.de.Coria\" \/>\n<meta property=\"article:published_time\" content=\"2023-10-31T13:49:59+00:00\" \/>\n<meta property=\"article:modified_time\" content=\"2023-10-31T13:51:51+00:00\" \/>\n<meta property=\"og:image\" content=\"https:\/\/coria.org\/ayuntamiento\/wp-content\/uploads\/2023\/10\/formacion-mini-videos.png\" \/>\n\t<meta property=\"og:image:width\" content=\"1080\" \/>\n\t<meta property=\"og:image:height\" content=\"1080\" \/>\n\t<meta property=\"og:image:type\" content=\"image\/png\" \/>\n<meta name=\"author\" content=\"ayuntamiento\" \/>\n<meta name=\"twitter:card\" content=\"summary_large_image\" \/>\n<meta name=\"twitter:creator\" content=\"@Ayto_de_Coria\" \/>\n<meta name=\"twitter:site\" content=\"@Ayto_de_Coria\" \/>\n<meta name=\"twitter:label1\" content=\"Escrito por\" \/>\n\t<meta name=\"twitter:data1\" content=\"ayuntamiento\" \/>\n\t<meta name=\"twitter:label2\" content=\"Tiempo de lectura\" \/>\n\t<meta name=\"twitter:data2\" content=\"1 minuto\" \/>\n<script type=\"application\/ld+json\" class=\"yoast-schema-graph\">{\"@context\":\"https:\\\/\\\/schema.org\",\"@graph\":[{\"@type\":\"Article\",\"@id\":\"https:\\\/\\\/coria.org\\\/ayuntamiento\\\/index.php\\\/2023\\\/10\\\/31\\\/curso-de-mini-videos-para-redes-sociales-y-el-fenomeno-de-la-viralidad\\\/#article\",\"isPartOf\":{\"@id\":\"https:\\\/\\\/coria.org\\\/ayuntamiento\\\/index.php\\\/2023\\\/10\\\/31\\\/curso-de-mini-videos-para-redes-sociales-y-el-fenomeno-de-la-viralidad\\\/\"},\"author\":{\"name\":\"ayuntamiento\",\"@id\":\"https:\\\/\\\/coria.org\\\/ayuntamiento\\\/#\\\/schema\\\/person\\\/8bd589f0e13e8ae5aa06def7a599d622\"},\"headline\":\"Curso de mini v\u00eddeos para redes sociales y el fen\u00f3meno de la viralidad\",\"datePublished\":\"2023-10-31T13:49:59+00:00\",\"dateModified\":\"2023-10-31T13:51:51+00:00\",\"mainEntityOfPage\":{\"@id\":\"https:\\\/\\\/coria.org\\\/ayuntamiento\\\/index.php\\\/2023\\\/10\\\/31\\\/curso-de-mini-videos-para-redes-sociales-y-el-fenomeno-de-la-viralidad\\\/\"},\"wordCount\":196,\"publisher\":{\"@id\":\"https:\\\/\\\/coria.org\\\/ayuntamiento\\\/#organization\"},\"image\":{\"@id\":\"https:\\\/\\\/coria.org\\\/ayuntamiento\\\/index.php\\\/2023\\\/10\\\/31\\\/curso-de-mini-videos-para-redes-sociales-y-el-fenomeno-de-la-viralidad\\\/#primaryimage\"},\"thumbnailUrl\":\"https:\\\/\\\/coria.org\\\/ayuntamiento\\\/wp-content\\\/uploads\\\/2023\\\/10\\\/formacion-mini-videos.png\",\"keywords\":[\"rrss\",\"videos\"],\"articleSection\":[\"Noticias\"],\"inLanguage\":\"es\"},{\"@type\":\"WebPage\",\"@id\":\"https:\\\/\\\/coria.org\\\/ayuntamiento\\\/index.php\\\/2023\\\/10\\\/31\\\/curso-de-mini-videos-para-redes-sociales-y-el-fenomeno-de-la-viralidad\\\/\",\"url\":\"https:\\\/\\\/coria.org\\\/ayuntamiento\\\/index.php\\\/2023\\\/10\\\/31\\\/curso-de-mini-videos-para-redes-sociales-y-el-fenomeno-de-la-viralidad\\\/\",\"name\":\"Curso de mini v\u00eddeos para redes sociales y el fen\u00f3meno de la viralidad - Ayuntamiento de Coria\",\"isPartOf\":{\"@id\":\"https:\\\/\\\/coria.org\\\/ayuntamiento\\\/#website\"},\"primaryImageOfPage\":{\"@id\":\"https:\\\/\\\/coria.org\\\/ayuntamiento\\\/index.php\\\/2023\\\/10\\\/31\\\/curso-de-mini-videos-para-redes-sociales-y-el-fenomeno-de-la-viralidad\\\/#primaryimage\"},\"image\":{\"@id\":\"https:\\\/\\\/coria.org\\\/ayuntamiento\\\/index.php\\\/2023\\\/10\\\/31\\\/curso-de-mini-videos-para-redes-sociales-y-el-fenomeno-de-la-viralidad\\\/#primaryimage\"},\"thumbnailUrl\":\"https:\\\/\\\/coria.org\\\/ayuntamiento\\\/wp-content\\\/uploads\\\/2023\\\/10\\\/formacion-mini-videos.png\",\"datePublished\":\"2023-10-31T13:49:59+00:00\",\"dateModified\":\"2023-10-31T13:51:51+00:00\",\"breadcrumb\":{\"@id\":\"https:\\\/\\\/coria.org\\\/ayuntamiento\\\/index.php\\\/2023\\\/10\\\/31\\\/curso-de-mini-videos-para-redes-sociales-y-el-fenomeno-de-la-viralidad\\\/#breadcrumb\"},\"inLanguage\":\"es\",\"potentialAction\":[{\"@type\":\"ReadAction\",\"target\":[\"https:\\\/\\\/coria.org\\\/ayuntamiento\\\/index.php\\\/2023\\\/10\\\/31\\\/curso-de-mini-videos-para-redes-sociales-y-el-fenomeno-de-la-viralidad\\\/\"]}]},{\"@type\":\"ImageObject\",\"inLanguage\":\"es\",\"@id\":\"https:\\\/\\\/coria.org\\\/ayuntamiento\\\/index.php\\\/2023\\\/10\\\/31\\\/curso-de-mini-videos-para-redes-sociales-y-el-fenomeno-de-la-viralidad\\\/#primaryimage\",\"url\":\"https:\\\/\\\/coria.org\\\/ayuntamiento\\\/wp-content\\\/uploads\\\/2023\\\/10\\\/formacion-mini-videos.png\",\"contentUrl\":\"https:\\\/\\\/coria.org\\\/ayuntamiento\\\/wp-content\\\/uploads\\\/2023\\\/10\\\/formacion-mini-videos.png\",\"width\":1080,\"height\":1080},{\"@type\":\"BreadcrumbList\",\"@id\":\"https:\\\/\\\/coria.org\\\/ayuntamiento\\\/index.php\\\/2023\\\/10\\\/31\\\/curso-de-mini-videos-para-redes-sociales-y-el-fenomeno-de-la-viralidad\\\/#breadcrumb\",\"itemListElement\":[{\"@type\":\"ListItem\",\"position\":1,\"name\":\"Inicio\",\"item\":\"https:\\\/\\\/coria.org\\\/ayuntamiento\\\/\"},{\"@type\":\"ListItem\",\"position\":2,\"name\":\"Curso de mini v\u00eddeos para redes sociales y el fen\u00f3meno de la viralidad\"}]},{\"@type\":\"WebSite\",\"@id\":\"https:\\\/\\\/coria.org\\\/ayuntamiento\\\/#website\",\"url\":\"https:\\\/\\\/coria.org\\\/ayuntamiento\\\/\",\"name\":\"Ayuntamiento de Coria\",\"description\":\"Web oficial del Ayuntamiento de Coria\",\"publisher\":{\"@id\":\"https:\\\/\\\/coria.org\\\/ayuntamiento\\\/#organization\"},\"alternateName\":\"Web Oficial del Ayuntamiento de Coria\",\"potentialAction\":[{\"@type\":\"SearchAction\",\"target\":{\"@type\":\"EntryPoint\",\"urlTemplate\":\"https:\\\/\\\/coria.org\\\/ayuntamiento\\\/?s={search_term_string}\"},\"query-input\":{\"@type\":\"PropertyValueSpecification\",\"valueRequired\":true,\"valueName\":\"search_term_string\"}}],\"inLanguage\":\"es\"},{\"@type\":\"Organization\",\"@id\":\"https:\\\/\\\/coria.org\\\/ayuntamiento\\\/#organization\",\"name\":\"Ayuntamiento de Coria\",\"alternateName\":\"Ayto de Coria\",\"url\":\"https:\\\/\\\/coria.org\\\/ayuntamiento\\\/\",\"logo\":{\"@type\":\"ImageObject\",\"inLanguage\":\"es\",\"@id\":\"https:\\\/\\\/coria.org\\\/ayuntamiento\\\/#\\\/schema\\\/logo\\\/image\\\/\",\"url\":\"https:\\\/\\\/coria.org\\\/ayuntamiento\\\/wp-content\\\/uploads\\\/2020\\\/12\\\/escudo-ayuntamiento-coria.png\",\"contentUrl\":\"https:\\\/\\\/coria.org\\\/ayuntamiento\\\/wp-content\\\/uploads\\\/2020\\\/12\\\/escudo-ayuntamiento-coria.png\",\"width\":511,\"height\":240,\"caption\":\"Ayuntamiento de Coria\"},\"image\":{\"@id\":\"https:\\\/\\\/coria.org\\\/ayuntamiento\\\/#\\\/schema\\\/logo\\\/image\\\/\"},\"sameAs\":[\"https:\\\/\\\/www.facebook.com\\\/Ayuntamiento.de.Coria\",\"https:\\\/\\\/x.com\\\/Ayto_de_Coria\",\"https:\\\/\\\/www.instagram.com\\\/coria.ayuntamiento\\\/\",\"https:\\\/\\\/www.youtube.com\\\/user\\\/AYUNTAMIENTOCORIA\"]},{\"@type\":\"Person\",\"@id\":\"https:\\\/\\\/coria.org\\\/ayuntamiento\\\/#\\\/schema\\\/person\\\/8bd589f0e13e8ae5aa06def7a599d622\",\"name\":\"ayuntamiento\",\"image\":{\"@type\":\"ImageObject\",\"inLanguage\":\"es\",\"@id\":\"https:\\\/\\\/secure.gravatar.com\\\/avatar\\\/966e5ed73cad334adda5c87f49f2547f7082f7292c1b627cbb548744383b391c?s=96&d=mm&r=g\",\"url\":\"https:\\\/\\\/secure.gravatar.com\\\/avatar\\\/966e5ed73cad334adda5c87f49f2547f7082f7292c1b627cbb548744383b391c?s=96&d=mm&r=g\",\"contentUrl\":\"https:\\\/\\\/secure.gravatar.com\\\/avatar\\\/966e5ed73cad334adda5c87f49f2547f7082f7292c1b627cbb548744383b391c?s=96&d=mm&r=g\",\"caption\":\"ayuntamiento\"}}]}<\/script>\n<!-- \/ Yoast SEO plugin. -->","yoast_head_json":{"title":"Curso de mini v\u00eddeos para redes sociales y el fen\u00f3meno de la viralidad - Ayuntamiento de Coria","robots":{"index":"index","follow":"follow","max-snippet":"max-snippet:-1","max-image-preview":"max-image-preview:large","max-video-preview":"max-video-preview:-1"},"canonical":"https:\/\/coria.org\/ayuntamiento\/index.php\/2023\/10\/31\/curso-de-mini-videos-para-redes-sociales-y-el-fenomeno-de-la-viralidad\/","og_locale":"es_ES","og_type":"article","og_title":"Curso de mini v\u00eddeos para redes sociales y el fen\u00f3meno de la viralidad - Ayuntamiento de Coria","og_description":"La Universidad Popular de Coria organiza un curso de formaci\u00f3n en redes sociales para los pr\u00f3ximos d\u00edas 6 y 7 de noviembre. El curso tratara de formar en la realizaci\u00f3n de mini v\u00eddeos para redes sociales y el fen\u00f3meno de la viralidad. Est\u00e1 destinado a personas mayores de 16 a\u00f1os independientemente de su situaci\u00f3n laboral. [&hellip;]","og_url":"https:\/\/coria.org\/ayuntamiento\/index.php\/2023\/10\/31\/curso-de-mini-videos-para-redes-sociales-y-el-fenomeno-de-la-viralidad\/","og_site_name":"Ayuntamiento de Coria","article_publisher":"https:\/\/www.facebook.com\/Ayuntamiento.de.Coria","article_published_time":"2023-10-31T13:49:59+00:00","article_modified_time":"2023-10-31T13:51:51+00:00","og_image":[{"width":1080,"height":1080,"url":"https:\/\/coria.org\/ayuntamiento\/wp-content\/uploads\/2023\/10\/formacion-mini-videos.png","type":"image\/png"}],"author":"ayuntamiento","twitter_card":"summary_large_image","twitter_creator":"@Ayto_de_Coria","twitter_site":"@Ayto_de_Coria","twitter_misc":{"Escrito por":"ayuntamiento","Tiempo de lectura":"1 minuto"},"schema":{"@context":"https:\/\/schema.org","@graph":[{"@type":"Article","@id":"https:\/\/coria.org\/ayuntamiento\/index.php\/2023\/10\/31\/curso-de-mini-videos-para-redes-sociales-y-el-fenomeno-de-la-viralidad\/#article","isPartOf":{"@id":"https:\/\/coria.org\/ayuntamiento\/index.php\/2023\/10\/31\/curso-de-mini-videos-para-redes-sociales-y-el-fenomeno-de-la-viralidad\/"},"author":{"name":"ayuntamiento","@id":"https:\/\/coria.org\/ayuntamiento\/#\/schema\/person\/8bd589f0e13e8ae5aa06def7a599d622"},"headline":"Curso de mini v\u00eddeos para redes sociales y el fen\u00f3meno de la viralidad","datePublished":"2023-10-31T13:49:59+00:00","dateModified":"2023-10-31T13:51:51+00:00","mainEntityOfPage":{"@id":"https:\/\/coria.org\/ayuntamiento\/index.php\/2023\/10\/31\/curso-de-mini-videos-para-redes-sociales-y-el-fenomeno-de-la-viralidad\/"},"wordCount":196,"publisher":{"@id":"https:\/\/coria.org\/ayuntamiento\/#organization"},"image":{"@id":"https:\/\/coria.org\/ayuntamiento\/index.php\/2023\/10\/31\/curso-de-mini-videos-para-redes-sociales-y-el-fenomeno-de-la-viralidad\/#primaryimage"},"thumbnailUrl":"https:\/\/coria.org\/ayuntamiento\/wp-content\/uploads\/2023\/10\/formacion-mini-videos.png","keywords":["rrss","videos"],"articleSection":["Noticias"],"inLanguage":"es"},{"@type":"WebPage","@id":"https:\/\/coria.org\/ayuntamiento\/index.php\/2023\/10\/31\/curso-de-mini-videos-para-redes-sociales-y-el-fenomeno-de-la-viralidad\/","url":"https:\/\/coria.org\/ayuntamiento\/index.php\/2023\/10\/31\/curso-de-mini-videos-para-redes-sociales-y-el-fenomeno-de-la-viralidad\/","name":"Curso de mini v\u00eddeos para redes sociales y el fen\u00f3meno de la viralidad - Ayuntamiento de Coria","isPartOf":{"@id":"https:\/\/coria.org\/ayuntamiento\/#website"},"primaryImageOfPage":{"@id":"https:\/\/coria.org\/ayuntamiento\/index.php\/2023\/10\/31\/curso-de-mini-videos-para-redes-sociales-y-el-fenomeno-de-la-viralidad\/#primaryimage"},"image":{"@id":"https:\/\/coria.org\/ayuntamiento\/index.php\/2023\/10\/31\/curso-de-mini-videos-para-redes-sociales-y-el-fenomeno-de-la-viralidad\/#primaryimage"},"thumbnailUrl":"https:\/\/coria.org\/ayuntamiento\/wp-content\/uploads\/2023\/10\/formacion-mini-videos.png","datePublished":"2023-10-31T13:49:59+00:00","dateModified":"2023-10-31T13:51:51+00:00","breadcrumb":{"@id":"https:\/\/coria.org\/ayuntamiento\/index.php\/2023\/10\/31\/curso-de-mini-videos-para-redes-sociales-y-el-fenomeno-de-la-viralidad\/#breadcrumb"},"inLanguage":"es","potentialAction":[{"@type":"ReadAction","target":["https:\/\/coria.org\/ayuntamiento\/index.php\/2023\/10\/31\/curso-de-mini-videos-para-redes-sociales-y-el-fenomeno-de-la-viralidad\/"]}]},{"@type":"ImageObject","inLanguage":"es","@id":"https:\/\/coria.org\/ayuntamiento\/index.php\/2023\/10\/31\/curso-de-mini-videos-para-redes-sociales-y-el-fenomeno-de-la-viralidad\/#primaryimage","url":"https:\/\/coria.org\/ayuntamiento\/wp-content\/uploads\/2023\/10\/formacion-mini-videos.png","contentUrl":"https:\/\/coria.org\/ayuntamiento\/wp-content\/uploads\/2023\/10\/formacion-mini-videos.png","width":1080,"height":1080},{"@type":"BreadcrumbList","@id":"https:\/\/coria.org\/ayuntamiento\/index.php\/2023\/10\/31\/curso-de-mini-videos-para-redes-sociales-y-el-fenomeno-de-la-viralidad\/#breadcrumb","itemListElement":[{"@type":"ListItem","position":1,"name":"Inicio","item":"https:\/\/coria.org\/ayuntamiento\/"},{"@type":"ListItem","position":2,"name":"Curso de mini v\u00eddeos para redes sociales y el fen\u00f3meno de la viralidad"}]},{"@type":"WebSite","@id":"https:\/\/coria.org\/ayuntamiento\/#website","url":"https:\/\/coria.org\/ayuntamiento\/","name":"Ayuntamiento de Coria","description":"Web oficial del Ayuntamiento de Coria","publisher":{"@id":"https:\/\/coria.org\/ayuntamiento\/#organization"},"alternateName":"Web Oficial del Ayuntamiento de Coria","potentialAction":[{"@type":"SearchAction","target":{"@type":"EntryPoint","urlTemplate":"https:\/\/coria.org\/ayuntamiento\/?s={search_term_string}"},"query-input":{"@type":"PropertyValueSpecification","valueRequired":true,"valueName":"search_term_string"}}],"inLanguage":"es"},{"@type":"Organization","@id":"https:\/\/coria.org\/ayuntamiento\/#organization","name":"Ayuntamiento de Coria","alternateName":"Ayto de Coria","url":"https:\/\/coria.org\/ayuntamiento\/","logo":{"@type":"ImageObject","inLanguage":"es","@id":"https:\/\/coria.org\/ayuntamiento\/#\/schema\/logo\/image\/","url":"https:\/\/coria.org\/ayuntamiento\/wp-content\/uploads\/2020\/12\/escudo-ayuntamiento-coria.png","contentUrl":"https:\/\/coria.org\/ayuntamiento\/wp-content\/uploads\/2020\/12\/escudo-ayuntamiento-coria.png","width":511,"height":240,"caption":"Ayuntamiento de Coria"},"image":{"@id":"https:\/\/coria.org\/ayuntamiento\/#\/schema\/logo\/image\/"},"sameAs":["https:\/\/www.facebook.com\/Ayuntamiento.de.Coria","https:\/\/x.com\/Ayto_de_Coria","https:\/\/www.instagram.com\/coria.ayuntamiento\/","https:\/\/www.youtube.com\/user\/AYUNTAMIENTOCORIA"]},{"@type":"Person","@id":"https:\/\/coria.org\/ayuntamiento\/#\/schema\/person\/8bd589f0e13e8ae5aa06def7a599d622","name":"ayuntamiento","image":{"@type":"ImageObject","inLanguage":"es","@id":"https:\/\/secure.gravatar.com\/avatar\/966e5ed73cad334adda5c87f49f2547f7082f7292c1b627cbb548744383b391c?s=96&d=mm&r=g","url":"https:\/\/secure.gravatar.com\/avatar\/966e5ed73cad334adda5c87f49f2547f7082f7292c1b627cbb548744383b391c?s=96&d=mm&r=g","contentUrl":"https:\/\/secure.gravatar.com\/avatar\/966e5ed73cad334adda5c87f49f2547f7082f7292c1b627cbb548744383b391c?s=96&d=mm&r=g","caption":"ayuntamiento"}}]}},"uagb_featured_image_src":{"full":["https:\/\/coria.org\/ayuntamiento\/wp-content\/uploads\/2023\/10\/formacion-mini-videos.png",1080,1080,false],"thumbnail":["https:\/\/coria.org\/ayuntamiento\/wp-content\/uploads\/2023\/10\/formacion-mini-videos-150x150.png",150,150,true],"medium":["https:\/\/coria.org\/ayuntamiento\/wp-content\/uploads\/2023\/10\/formacion-mini-videos-300x300.png",300,300,true],"medium_large":["https:\/\/coria.org\/ayuntamiento\/wp-content\/uploads\/2023\/10\/formacion-mini-videos-768x768.png",768,768,true],"large":["https:\/\/coria.org\/ayuntamiento\/wp-content\/uploads\/2023\/10\/formacion-mini-videos-1024x1024.png",1024,1024,true],"thumblist":["https:\/\/coria.org\/ayuntamiento\/wp-content\/uploads\/2023\/10\/formacion-mini-videos.png",300,300,false],"thumbrelated":["https:\/\/coria.org\/ayuntamiento\/wp-content\/uploads\/2023\/10\/formacion-mini-videos.png",500,500,false],"meccarouselthumb":["https:\/\/coria.org\/ayuntamiento\/wp-content\/uploads\/2023\/10\/formacion-mini-videos.png",324,324,false],"gridsquare":["https:\/\/coria.org\/ayuntamiento\/wp-content\/uploads\/2023\/10\/formacion-mini-videos.png",260,260,false],"tileview":["https:\/\/coria.org\/ayuntamiento\/wp-content\/uploads\/2023\/10\/formacion-mini-videos.png",300,300,false],"1536x1536":["https:\/\/coria.org\/ayuntamiento\/wp-content\/uploads\/2023\/10\/formacion-mini-videos.png",1080,1080,false],"2048x2048":["https:\/\/coria.org\/ayuntamiento\/wp-content\/uploads\/2023\/10\/formacion-mini-videos.png",1080,1080,false]},"uagb_author_info":{"display_name":"ayuntamiento","author_link":"https:\/\/coria.org\/ayuntamiento\/index.php\/author\/ayuntamiento\/"},"uagb_comment_info":0,"uagb_excerpt":"La Universidad Popular de Coria organiza un curso de formaci\u00f3n en redes sociales para los pr\u00f3ximos d\u00edas 6 y 7 de noviembre. El curso tratara de formar en la realizaci\u00f3n de mini v\u00eddeos para redes sociales y el fen\u00f3meno de la viralidad. Est\u00e1 destinado a personas mayores de 16 a\u00f1os independientemente de su situaci\u00f3n laboral.&hellip;","_links":{"self":[{"href":"https:\/\/coria.org\/ayuntamiento\/index.php\/wp-json\/wp\/v2\/posts\/57445","targetHints":{"allow":["GET"]}}],"collection":[{"href":"https:\/\/coria.org\/ayuntamiento\/index.php\/wp-json\/wp\/v2\/posts"}],"about":[{"href":"https:\/\/coria.org\/ayuntamiento\/index.php\/wp-json\/wp\/v2\/types\/post"}],"author":[{"embeddable":true,"href":"https:\/\/coria.org\/ayuntamiento\/index.php\/wp-json\/wp\/v2\/users\/2"}],"replies":[{"embeddable":true,"href":"https:\/\/coria.org\/ayuntamiento\/index.php\/wp-json\/wp\/v2\/comments?post=57445"}],"version-history":[{"count":0,"href":"https:\/\/coria.org\/ayuntamiento\/index.php\/wp-json\/wp\/v2\/posts\/57445\/revisions"}],"wp:featuredmedia":[{"embeddable":true,"href":"https:\/\/coria.org\/ayuntamiento\/index.php\/wp-json\/wp\/v2\/media\/57446"}],"wp:attachment":[{"href":"https:\/\/coria.org\/ayuntamiento\/index.php\/wp-json\/wp\/v2\/media?parent=57445"}],"wp:term":[{"taxonomy":"category","embeddable":true,"href":"https:\/\/coria.org\/ayuntamiento\/index.php\/wp-json\/wp\/v2\/categories?post=57445"},{"taxonomy":"post_tag","embeddable":true,"href":"https:\/\/coria.org\/ayuntamiento\/index.php\/wp-json\/wp\/v2\/tags?post=57445"}],"curies":[{"name":"wp","href":"https:\/\/api.w.org\/{rel}","templated":true}]}}