{"id":57441,"date":"2023-10-31T09:16:21","date_gmt":"2023-10-31T08:16:21","guid":{"rendered":"https:\/\/turismocoria.es\/importacion\/?p=57441"},"modified":"2023-10-31T09:20:15","modified_gmt":"2023-10-31T08:20:15","slug":"participa-en-la-repoblacion-forestal-de-la-dehesa-de-minguez-con-cambio-energetico-y-planta-tu-arbol","status":"publish","type":"post","link":"https:\/\/coria.org\/ayuntamiento\/index.php\/2023\/10\/31\/participa-en-la-repoblacion-forestal-de-la-dehesa-de-minguez-con-cambio-energetico-y-planta-tu-arbol\/","title":{"rendered":"Participa en la repoblaci\u00f3n forestal de la Dehesa de M\u00ednguez con Cambio Energ\u00e9tico y planta tu \u00e1rbol"},"content":{"rendered":"\n<p>El pr\u00f3ximo 1 de noviembre, con motivo de la tradicional Chaquet\u00eda, la empresa cauriense cumplir\u00e1 con su compromiso de plantar dos \u00e1rboles por cada instalaci\u00f3n realizada en la Compra Colectiva del Valle del Alag\u00f3n.<\/p>\n\n\n<figure class=\"wp-block-post-featured-image\"><img loading=\"lazy\" decoding=\"async\" width=\"1024\" height=\"768\" src=\"https:\/\/coria.org\/ayuntamiento\/wp-content\/uploads\/2023\/10\/repoblacion-forestal.jpg\" class=\"attachment-post-thumbnail size-post-thumbnail wp-post-image\" alt=\"\" style=\"object-fit:cover;\" srcset=\"https:\/\/coria.org\/ayuntamiento\/wp-content\/uploads\/2023\/10\/repoblacion-forestal.jpg 1024w, https:\/\/coria.org\/ayuntamiento\/wp-content\/uploads\/2023\/10\/repoblacion-forestal-300x225.jpg 300w, https:\/\/coria.org\/ayuntamiento\/wp-content\/uploads\/2023\/10\/repoblacion-forestal-768x576.jpg 768w\" sizes=\"auto, (max-width: 1024px) 100vw, 1024px\" \/><\/figure>\n\n\n<p>La empresa cauriense celebrar\u00e1 el pr\u00f3ximo 1 de noviembre una repoblaci\u00f3n forestal en la Dehesa de M\u00ednguez en una jornada festiva con motivo de la tradicional Chaquet\u00eda en la que quiere que participes plantando tu propio \u00e1rbol. Este d\u00eda cumplir\u00e1 con su compromiso de plantar dos \u00e1rboles por cada instalaci\u00f3n realizada en la Compra Colectiva de paneles solares, que tuvo lugar el pasado mes de abril.<\/p>\n\n\n\n<p>Cambio Energ\u00e9tico ya consigui\u00f3 que el Valle del Alag\u00f3n se convirtiera en el Valle del Sol gracias a las m\u00e1s de 100 instalaciones realizadas la pasada primavera. Para reforzar el enfoque medioambiental y sus valores, desde la empresa cauriense se comprometieron a hacer una repoblaci\u00f3n forestal en la Dehesa de M\u00ednguez. Ahora Cambio Energ\u00e9tico se ha propuesto aprovechar esta actividad para recuperar una tradici\u00f3n casi perdida y muy arraigada en nuestra tierra, la Chaquet\u00eda.<\/p>\n\n\n\n<p>El encargado de dar el pistoletazo de salida a la actividad ser\u00e1 Renato \u00c1lvarez, de El Huerto de Renato, que participar\u00e1 de forma activa compartiendo con los asistentes sus conocimientos sobre el mundo de la bot\u00e1nica y dando algunos consejos a la hora de la plantaci\u00f3n.<\/p>\n\n\n\n<p>Se trata de celebrar un d\u00eda de campo en el que los asistentes podr\u00e1n llevar su propia Chaquet\u00eda y para el que la empresa tiene organizadas diferentes actividades de concienciaci\u00f3n con el medioambiente. Ser\u00e1 una jornada festiva que pretenden que se conserve en el tiempo y conseguir que el 1 de noviembre los caurienses vuelvan a salir al campo a comer sus frutos de temporada.<\/p>\n\n\n\n<p>En este proyecto Cambio Energ\u00e9tico contar\u00e1 con la colaboraci\u00f3n de la Delegaci\u00f3n de Coria de AOEX, quienes tendr\u00e1n un puesto de casta\u00f1as asadas y cuya recaudaci\u00f3n ser\u00e1 integra para la Asociaci\u00f3n. Tambi\u00e9n colabora el Ayuntamiento de Coria.<\/p>\n\n\n\n<p>La organizaci\u00f3n dispondr\u00e1 y proporcionar\u00e1 tanto los \u00e1rboles como todas las herramientas necesarias para realizar la plantaci\u00f3n, los asistentes solo tendr\u00e1n que recordar donde est\u00e1 su \u00e1rbol.<\/p>\n","protected":false},"excerpt":{"rendered":"<p>El pr\u00f3ximo 1 de noviembre, con motivo de la tradicional Chaquet\u00eda, la empresa cauriense cumplir\u00e1 con su compromiso de plantar dos \u00e1rboles por cada instalaci\u00f3n realizada en la Compra Colectiva del Valle del Alag\u00f3n. La empresa cauriense celebrar\u00e1 el pr\u00f3ximo 1 de noviembre una repoblaci\u00f3n forestal en la Dehesa de M\u00ednguez en una jornada festiva [&hellip;]<\/p>\n","protected":false},"author":2,"featured_media":57442,"comment_status":"closed","ping_status":"closed","sticky":false,"template":"","format":"standard","meta":{"_uag_custom_page_level_css":"","footnotes":""},"categories":[2],"tags":[1587,1586,1585],"class_list":["post-57441","post","type-post","status-publish","format-standard","has-post-thumbnail","hentry","category-noticias","tag-cambio-energetico","tag-forestal","tag-repoblacion"],"yoast_head":"<!-- This site is optimized with the Yoast SEO plugin v27.4 - https:\/\/yoast.com\/product\/yoast-seo-wordpress\/ -->\n<title>Participa en la repoblaci\u00f3n forestal de la Dehesa de M\u00ednguez con Cambio Energ\u00e9tico y planta tu \u00e1rbol - Ayuntamiento de Coria<\/title>\n<meta name=\"robots\" content=\"index, follow, max-snippet:-1, max-image-preview:large, max-video-preview:-1\" \/>\n<link rel=\"canonical\" href=\"https:\/\/coria.org\/ayuntamiento\/index.php\/2023\/10\/31\/participa-en-la-repoblacion-forestal-de-la-dehesa-de-minguez-con-cambio-energetico-y-planta-tu-arbol\/\" \/>\n<meta property=\"og:locale\" content=\"es_ES\" \/>\n<meta property=\"og:type\" content=\"article\" \/>\n<meta property=\"og:title\" content=\"Participa en la repoblaci\u00f3n forestal de la Dehesa de M\u00ednguez con Cambio Energ\u00e9tico y planta tu \u00e1rbol - Ayuntamiento de Coria\" \/>\n<meta property=\"og:description\" content=\"El pr\u00f3ximo 1 de noviembre, con motivo de la tradicional Chaquet\u00eda, la empresa cauriense cumplir\u00e1 con su compromiso de plantar dos \u00e1rboles por cada instalaci\u00f3n realizada en la Compra Colectiva del Valle del Alag\u00f3n. La empresa cauriense celebrar\u00e1 el pr\u00f3ximo 1 de noviembre una repoblaci\u00f3n forestal en la Dehesa de M\u00ednguez en una jornada festiva [&hellip;]\" \/>\n<meta property=\"og:url\" content=\"https:\/\/coria.org\/ayuntamiento\/index.php\/2023\/10\/31\/participa-en-la-repoblacion-forestal-de-la-dehesa-de-minguez-con-cambio-energetico-y-planta-tu-arbol\/\" \/>\n<meta property=\"og:site_name\" content=\"Ayuntamiento de Coria\" \/>\n<meta property=\"article:publisher\" content=\"https:\/\/www.facebook.com\/Ayuntamiento.de.Coria\" \/>\n<meta property=\"article:published_time\" content=\"2023-10-31T08:16:21+00:00\" \/>\n<meta property=\"article:modified_time\" content=\"2023-10-31T08:20:15+00:00\" \/>\n<meta property=\"og:image\" content=\"https:\/\/coria.org\/ayuntamiento\/wp-content\/uploads\/2023\/10\/repoblacion-forestal.jpg\" \/>\n\t<meta property=\"og:image:width\" content=\"1024\" \/>\n\t<meta property=\"og:image:height\" content=\"768\" \/>\n\t<meta property=\"og:image:type\" content=\"image\/jpeg\" \/>\n<meta name=\"author\" content=\"ayuntamiento\" \/>\n<meta name=\"twitter:card\" content=\"summary_large_image\" \/>\n<meta name=\"twitter:creator\" content=\"@Ayto_de_Coria\" \/>\n<meta name=\"twitter:site\" content=\"@Ayto_de_Coria\" \/>\n<meta name=\"twitter:label1\" content=\"Escrito por\" \/>\n\t<meta name=\"twitter:data1\" content=\"ayuntamiento\" \/>\n\t<meta name=\"twitter:label2\" content=\"Tiempo de lectura\" \/>\n\t<meta name=\"twitter:data2\" content=\"2 minutos\" \/>\n<script type=\"application\/ld+json\" class=\"yoast-schema-graph\">{\"@context\":\"https:\\\/\\\/schema.org\",\"@graph\":[{\"@type\":\"Article\",\"@id\":\"https:\\\/\\\/coria.org\\\/ayuntamiento\\\/index.php\\\/2023\\\/10\\\/31\\\/participa-en-la-repoblacion-forestal-de-la-dehesa-de-minguez-con-cambio-energetico-y-planta-tu-arbol\\\/#article\",\"isPartOf\":{\"@id\":\"https:\\\/\\\/coria.org\\\/ayuntamiento\\\/index.php\\\/2023\\\/10\\\/31\\\/participa-en-la-repoblacion-forestal-de-la-dehesa-de-minguez-con-cambio-energetico-y-planta-tu-arbol\\\/\"},\"author\":{\"name\":\"ayuntamiento\",\"@id\":\"https:\\\/\\\/coria.org\\\/ayuntamiento\\\/#\\\/schema\\\/person\\\/8bd589f0e13e8ae5aa06def7a599d622\"},\"headline\":\"Participa en la repoblaci\u00f3n forestal de la Dehesa de M\u00ednguez con Cambio Energ\u00e9tico y planta tu \u00e1rbol\",\"datePublished\":\"2023-10-31T08:16:21+00:00\",\"dateModified\":\"2023-10-31T08:20:15+00:00\",\"mainEntityOfPage\":{\"@id\":\"https:\\\/\\\/coria.org\\\/ayuntamiento\\\/index.php\\\/2023\\\/10\\\/31\\\/participa-en-la-repoblacion-forestal-de-la-dehesa-de-minguez-con-cambio-energetico-y-planta-tu-arbol\\\/\"},\"wordCount\":400,\"publisher\":{\"@id\":\"https:\\\/\\\/coria.org\\\/ayuntamiento\\\/#organization\"},\"image\":{\"@id\":\"https:\\\/\\\/coria.org\\\/ayuntamiento\\\/index.php\\\/2023\\\/10\\\/31\\\/participa-en-la-repoblacion-forestal-de-la-dehesa-de-minguez-con-cambio-energetico-y-planta-tu-arbol\\\/#primaryimage\"},\"thumbnailUrl\":\"https:\\\/\\\/coria.org\\\/ayuntamiento\\\/wp-content\\\/uploads\\\/2023\\\/10\\\/repoblacion-forestal.jpg\",\"keywords\":[\"cambio energetico\",\"forestal\",\"repoblacion\"],\"articleSection\":[\"Noticias\"],\"inLanguage\":\"es\"},{\"@type\":\"WebPage\",\"@id\":\"https:\\\/\\\/coria.org\\\/ayuntamiento\\\/index.php\\\/2023\\\/10\\\/31\\\/participa-en-la-repoblacion-forestal-de-la-dehesa-de-minguez-con-cambio-energetico-y-planta-tu-arbol\\\/\",\"url\":\"https:\\\/\\\/coria.org\\\/ayuntamiento\\\/index.php\\\/2023\\\/10\\\/31\\\/participa-en-la-repoblacion-forestal-de-la-dehesa-de-minguez-con-cambio-energetico-y-planta-tu-arbol\\\/\",\"name\":\"Participa en la repoblaci\u00f3n forestal de la Dehesa de M\u00ednguez con Cambio Energ\u00e9tico y planta tu \u00e1rbol - Ayuntamiento de Coria\",\"isPartOf\":{\"@id\":\"https:\\\/\\\/coria.org\\\/ayuntamiento\\\/#website\"},\"primaryImageOfPage\":{\"@id\":\"https:\\\/\\\/coria.org\\\/ayuntamiento\\\/index.php\\\/2023\\\/10\\\/31\\\/participa-en-la-repoblacion-forestal-de-la-dehesa-de-minguez-con-cambio-energetico-y-planta-tu-arbol\\\/#primaryimage\"},\"image\":{\"@id\":\"https:\\\/\\\/coria.org\\\/ayuntamiento\\\/index.php\\\/2023\\\/10\\\/31\\\/participa-en-la-repoblacion-forestal-de-la-dehesa-de-minguez-con-cambio-energetico-y-planta-tu-arbol\\\/#primaryimage\"},\"thumbnailUrl\":\"https:\\\/\\\/coria.org\\\/ayuntamiento\\\/wp-content\\\/uploads\\\/2023\\\/10\\\/repoblacion-forestal.jpg\",\"datePublished\":\"2023-10-31T08:16:21+00:00\",\"dateModified\":\"2023-10-31T08:20:15+00:00\",\"breadcrumb\":{\"@id\":\"https:\\\/\\\/coria.org\\\/ayuntamiento\\\/index.php\\\/2023\\\/10\\\/31\\\/participa-en-la-repoblacion-forestal-de-la-dehesa-de-minguez-con-cambio-energetico-y-planta-tu-arbol\\\/#breadcrumb\"},\"inLanguage\":\"es\",\"potentialAction\":[{\"@type\":\"ReadAction\",\"target\":[\"https:\\\/\\\/coria.org\\\/ayuntamiento\\\/index.php\\\/2023\\\/10\\\/31\\\/participa-en-la-repoblacion-forestal-de-la-dehesa-de-minguez-con-cambio-energetico-y-planta-tu-arbol\\\/\"]}]},{\"@type\":\"ImageObject\",\"inLanguage\":\"es\",\"@id\":\"https:\\\/\\\/coria.org\\\/ayuntamiento\\\/index.php\\\/2023\\\/10\\\/31\\\/participa-en-la-repoblacion-forestal-de-la-dehesa-de-minguez-con-cambio-energetico-y-planta-tu-arbol\\\/#primaryimage\",\"url\":\"https:\\\/\\\/coria.org\\\/ayuntamiento\\\/wp-content\\\/uploads\\\/2023\\\/10\\\/repoblacion-forestal.jpg\",\"contentUrl\":\"https:\\\/\\\/coria.org\\\/ayuntamiento\\\/wp-content\\\/uploads\\\/2023\\\/10\\\/repoblacion-forestal.jpg\",\"width\":1024,\"height\":768},{\"@type\":\"BreadcrumbList\",\"@id\":\"https:\\\/\\\/coria.org\\\/ayuntamiento\\\/index.php\\\/2023\\\/10\\\/31\\\/participa-en-la-repoblacion-forestal-de-la-dehesa-de-minguez-con-cambio-energetico-y-planta-tu-arbol\\\/#breadcrumb\",\"itemListElement\":[{\"@type\":\"ListItem\",\"position\":1,\"name\":\"Inicio\",\"item\":\"https:\\\/\\\/coria.org\\\/ayuntamiento\\\/\"},{\"@type\":\"ListItem\",\"position\":2,\"name\":\"Participa en la repoblaci\u00f3n forestal de la Dehesa de M\u00ednguez con Cambio Energ\u00e9tico y planta tu \u00e1rbol\"}]},{\"@type\":\"WebSite\",\"@id\":\"https:\\\/\\\/coria.org\\\/ayuntamiento\\\/#website\",\"url\":\"https:\\\/\\\/coria.org\\\/ayuntamiento\\\/\",\"name\":\"Ayuntamiento de Coria\",\"description\":\"Web oficial del Ayuntamiento de Coria\",\"publisher\":{\"@id\":\"https:\\\/\\\/coria.org\\\/ayuntamiento\\\/#organization\"},\"alternateName\":\"Web Oficial del Ayuntamiento de Coria\",\"potentialAction\":[{\"@type\":\"SearchAction\",\"target\":{\"@type\":\"EntryPoint\",\"urlTemplate\":\"https:\\\/\\\/coria.org\\\/ayuntamiento\\\/?s={search_term_string}\"},\"query-input\":{\"@type\":\"PropertyValueSpecification\",\"valueRequired\":true,\"valueName\":\"search_term_string\"}}],\"inLanguage\":\"es\"},{\"@type\":\"Organization\",\"@id\":\"https:\\\/\\\/coria.org\\\/ayuntamiento\\\/#organization\",\"name\":\"Ayuntamiento de Coria\",\"alternateName\":\"Ayto de Coria\",\"url\":\"https:\\\/\\\/coria.org\\\/ayuntamiento\\\/\",\"logo\":{\"@type\":\"ImageObject\",\"inLanguage\":\"es\",\"@id\":\"https:\\\/\\\/coria.org\\\/ayuntamiento\\\/#\\\/schema\\\/logo\\\/image\\\/\",\"url\":\"https:\\\/\\\/coria.org\\\/ayuntamiento\\\/wp-content\\\/uploads\\\/2020\\\/12\\\/escudo-ayuntamiento-coria.png\",\"contentUrl\":\"https:\\\/\\\/coria.org\\\/ayuntamiento\\\/wp-content\\\/uploads\\\/2020\\\/12\\\/escudo-ayuntamiento-coria.png\",\"width\":511,\"height\":240,\"caption\":\"Ayuntamiento de Coria\"},\"image\":{\"@id\":\"https:\\\/\\\/coria.org\\\/ayuntamiento\\\/#\\\/schema\\\/logo\\\/image\\\/\"},\"sameAs\":[\"https:\\\/\\\/www.facebook.com\\\/Ayuntamiento.de.Coria\",\"https:\\\/\\\/x.com\\\/Ayto_de_Coria\",\"https:\\\/\\\/www.instagram.com\\\/coria.ayuntamiento\\\/\",\"https:\\\/\\\/www.youtube.com\\\/user\\\/AYUNTAMIENTOCORIA\"]},{\"@type\":\"Person\",\"@id\":\"https:\\\/\\\/coria.org\\\/ayuntamiento\\\/#\\\/schema\\\/person\\\/8bd589f0e13e8ae5aa06def7a599d622\",\"name\":\"ayuntamiento\",\"image\":{\"@type\":\"ImageObject\",\"inLanguage\":\"es\",\"@id\":\"https:\\\/\\\/secure.gravatar.com\\\/avatar\\\/966e5ed73cad334adda5c87f49f2547f7082f7292c1b627cbb548744383b391c?s=96&d=mm&r=g\",\"url\":\"https:\\\/\\\/secure.gravatar.com\\\/avatar\\\/966e5ed73cad334adda5c87f49f2547f7082f7292c1b627cbb548744383b391c?s=96&d=mm&r=g\",\"contentUrl\":\"https:\\\/\\\/secure.gravatar.com\\\/avatar\\\/966e5ed73cad334adda5c87f49f2547f7082f7292c1b627cbb548744383b391c?s=96&d=mm&r=g\",\"caption\":\"ayuntamiento\"}}]}<\/script>\n<!-- \/ Yoast SEO plugin. -->","yoast_head_json":{"title":"Participa en la repoblaci\u00f3n forestal de la Dehesa de M\u00ednguez con Cambio Energ\u00e9tico y planta tu \u00e1rbol - Ayuntamiento de Coria","robots":{"index":"index","follow":"follow","max-snippet":"max-snippet:-1","max-image-preview":"max-image-preview:large","max-video-preview":"max-video-preview:-1"},"canonical":"https:\/\/coria.org\/ayuntamiento\/index.php\/2023\/10\/31\/participa-en-la-repoblacion-forestal-de-la-dehesa-de-minguez-con-cambio-energetico-y-planta-tu-arbol\/","og_locale":"es_ES","og_type":"article","og_title":"Participa en la repoblaci\u00f3n forestal de la Dehesa de M\u00ednguez con Cambio Energ\u00e9tico y planta tu \u00e1rbol - Ayuntamiento de Coria","og_description":"El pr\u00f3ximo 1 de noviembre, con motivo de la tradicional Chaquet\u00eda, la empresa cauriense cumplir\u00e1 con su compromiso de plantar dos \u00e1rboles por cada instalaci\u00f3n realizada en la Compra Colectiva del Valle del Alag\u00f3n. La empresa cauriense celebrar\u00e1 el pr\u00f3ximo 1 de noviembre una repoblaci\u00f3n forestal en la Dehesa de M\u00ednguez en una jornada festiva [&hellip;]","og_url":"https:\/\/coria.org\/ayuntamiento\/index.php\/2023\/10\/31\/participa-en-la-repoblacion-forestal-de-la-dehesa-de-minguez-con-cambio-energetico-y-planta-tu-arbol\/","og_site_name":"Ayuntamiento de Coria","article_publisher":"https:\/\/www.facebook.com\/Ayuntamiento.de.Coria","article_published_time":"2023-10-31T08:16:21+00:00","article_modified_time":"2023-10-31T08:20:15+00:00","og_image":[{"width":1024,"height":768,"url":"https:\/\/coria.org\/ayuntamiento\/wp-content\/uploads\/2023\/10\/repoblacion-forestal.jpg","type":"image\/jpeg"}],"author":"ayuntamiento","twitter_card":"summary_large_image","twitter_creator":"@Ayto_de_Coria","twitter_site":"@Ayto_de_Coria","twitter_misc":{"Escrito por":"ayuntamiento","Tiempo de lectura":"2 minutos"},"schema":{"@context":"https:\/\/schema.org","@graph":[{"@type":"Article","@id":"https:\/\/coria.org\/ayuntamiento\/index.php\/2023\/10\/31\/participa-en-la-repoblacion-forestal-de-la-dehesa-de-minguez-con-cambio-energetico-y-planta-tu-arbol\/#article","isPartOf":{"@id":"https:\/\/coria.org\/ayuntamiento\/index.php\/2023\/10\/31\/participa-en-la-repoblacion-forestal-de-la-dehesa-de-minguez-con-cambio-energetico-y-planta-tu-arbol\/"},"author":{"name":"ayuntamiento","@id":"https:\/\/coria.org\/ayuntamiento\/#\/schema\/person\/8bd589f0e13e8ae5aa06def7a599d622"},"headline":"Participa en la repoblaci\u00f3n forestal de la Dehesa de M\u00ednguez con Cambio Energ\u00e9tico y planta tu \u00e1rbol","datePublished":"2023-10-31T08:16:21+00:00","dateModified":"2023-10-31T08:20:15+00:00","mainEntityOfPage":{"@id":"https:\/\/coria.org\/ayuntamiento\/index.php\/2023\/10\/31\/participa-en-la-repoblacion-forestal-de-la-dehesa-de-minguez-con-cambio-energetico-y-planta-tu-arbol\/"},"wordCount":400,"publisher":{"@id":"https:\/\/coria.org\/ayuntamiento\/#organization"},"image":{"@id":"https:\/\/coria.org\/ayuntamiento\/index.php\/2023\/10\/31\/participa-en-la-repoblacion-forestal-de-la-dehesa-de-minguez-con-cambio-energetico-y-planta-tu-arbol\/#primaryimage"},"thumbnailUrl":"https:\/\/coria.org\/ayuntamiento\/wp-content\/uploads\/2023\/10\/repoblacion-forestal.jpg","keywords":["cambio energetico","forestal","repoblacion"],"articleSection":["Noticias"],"inLanguage":"es"},{"@type":"WebPage","@id":"https:\/\/coria.org\/ayuntamiento\/index.php\/2023\/10\/31\/participa-en-la-repoblacion-forestal-de-la-dehesa-de-minguez-con-cambio-energetico-y-planta-tu-arbol\/","url":"https:\/\/coria.org\/ayuntamiento\/index.php\/2023\/10\/31\/participa-en-la-repoblacion-forestal-de-la-dehesa-de-minguez-con-cambio-energetico-y-planta-tu-arbol\/","name":"Participa en la repoblaci\u00f3n forestal de la Dehesa de M\u00ednguez con Cambio Energ\u00e9tico y planta tu \u00e1rbol - Ayuntamiento de Coria","isPartOf":{"@id":"https:\/\/coria.org\/ayuntamiento\/#website"},"primaryImageOfPage":{"@id":"https:\/\/coria.org\/ayuntamiento\/index.php\/2023\/10\/31\/participa-en-la-repoblacion-forestal-de-la-dehesa-de-minguez-con-cambio-energetico-y-planta-tu-arbol\/#primaryimage"},"image":{"@id":"https:\/\/coria.org\/ayuntamiento\/index.php\/2023\/10\/31\/participa-en-la-repoblacion-forestal-de-la-dehesa-de-minguez-con-cambio-energetico-y-planta-tu-arbol\/#primaryimage"},"thumbnailUrl":"https:\/\/coria.org\/ayuntamiento\/wp-content\/uploads\/2023\/10\/repoblacion-forestal.jpg","datePublished":"2023-10-31T08:16:21+00:00","dateModified":"2023-10-31T08:20:15+00:00","breadcrumb":{"@id":"https:\/\/coria.org\/ayuntamiento\/index.php\/2023\/10\/31\/participa-en-la-repoblacion-forestal-de-la-dehesa-de-minguez-con-cambio-energetico-y-planta-tu-arbol\/#breadcrumb"},"inLanguage":"es","potentialAction":[{"@type":"ReadAction","target":["https:\/\/coria.org\/ayuntamiento\/index.php\/2023\/10\/31\/participa-en-la-repoblacion-forestal-de-la-dehesa-de-minguez-con-cambio-energetico-y-planta-tu-arbol\/"]}]},{"@type":"ImageObject","inLanguage":"es","@id":"https:\/\/coria.org\/ayuntamiento\/index.php\/2023\/10\/31\/participa-en-la-repoblacion-forestal-de-la-dehesa-de-minguez-con-cambio-energetico-y-planta-tu-arbol\/#primaryimage","url":"https:\/\/coria.org\/ayuntamiento\/wp-content\/uploads\/2023\/10\/repoblacion-forestal.jpg","contentUrl":"https:\/\/coria.org\/ayuntamiento\/wp-content\/uploads\/2023\/10\/repoblacion-forestal.jpg","width":1024,"height":768},{"@type":"BreadcrumbList","@id":"https:\/\/coria.org\/ayuntamiento\/index.php\/2023\/10\/31\/participa-en-la-repoblacion-forestal-de-la-dehesa-de-minguez-con-cambio-energetico-y-planta-tu-arbol\/#breadcrumb","itemListElement":[{"@type":"ListItem","position":1,"name":"Inicio","item":"https:\/\/coria.org\/ayuntamiento\/"},{"@type":"ListItem","position":2,"name":"Participa en la repoblaci\u00f3n forestal de la Dehesa de M\u00ednguez con Cambio Energ\u00e9tico y planta tu \u00e1rbol"}]},{"@type":"WebSite","@id":"https:\/\/coria.org\/ayuntamiento\/#website","url":"https:\/\/coria.org\/ayuntamiento\/","name":"Ayuntamiento de Coria","description":"Web oficial del Ayuntamiento de Coria","publisher":{"@id":"https:\/\/coria.org\/ayuntamiento\/#organization"},"alternateName":"Web Oficial del Ayuntamiento de Coria","potentialAction":[{"@type":"SearchAction","target":{"@type":"EntryPoint","urlTemplate":"https:\/\/coria.org\/ayuntamiento\/?s={search_term_string}"},"query-input":{"@type":"PropertyValueSpecification","valueRequired":true,"valueName":"search_term_string"}}],"inLanguage":"es"},{"@type":"Organization","@id":"https:\/\/coria.org\/ayuntamiento\/#organization","name":"Ayuntamiento de Coria","alternateName":"Ayto de Coria","url":"https:\/\/coria.org\/ayuntamiento\/","logo":{"@type":"ImageObject","inLanguage":"es","@id":"https:\/\/coria.org\/ayuntamiento\/#\/schema\/logo\/image\/","url":"https:\/\/coria.org\/ayuntamiento\/wp-content\/uploads\/2020\/12\/escudo-ayuntamiento-coria.png","contentUrl":"https:\/\/coria.org\/ayuntamiento\/wp-content\/uploads\/2020\/12\/escudo-ayuntamiento-coria.png","width":511,"height":240,"caption":"Ayuntamiento de Coria"},"image":{"@id":"https:\/\/coria.org\/ayuntamiento\/#\/schema\/logo\/image\/"},"sameAs":["https:\/\/www.facebook.com\/Ayuntamiento.de.Coria","https:\/\/x.com\/Ayto_de_Coria","https:\/\/www.instagram.com\/coria.ayuntamiento\/","https:\/\/www.youtube.com\/user\/AYUNTAMIENTOCORIA"]},{"@type":"Person","@id":"https:\/\/coria.org\/ayuntamiento\/#\/schema\/person\/8bd589f0e13e8ae5aa06def7a599d622","name":"ayuntamiento","image":{"@type":"ImageObject","inLanguage":"es","@id":"https:\/\/secure.gravatar.com\/avatar\/966e5ed73cad334adda5c87f49f2547f7082f7292c1b627cbb548744383b391c?s=96&d=mm&r=g","url":"https:\/\/secure.gravatar.com\/avatar\/966e5ed73cad334adda5c87f49f2547f7082f7292c1b627cbb548744383b391c?s=96&d=mm&r=g","contentUrl":"https:\/\/secure.gravatar.com\/avatar\/966e5ed73cad334adda5c87f49f2547f7082f7292c1b627cbb548744383b391c?s=96&d=mm&r=g","caption":"ayuntamiento"}}]}},"uagb_featured_image_src":{"full":["https:\/\/coria.org\/ayuntamiento\/wp-content\/uploads\/2023\/10\/repoblacion-forestal.jpg",1024,768,false],"thumbnail":["https:\/\/coria.org\/ayuntamiento\/wp-content\/uploads\/2023\/10\/repoblacion-forestal-150x150.jpg",150,150,true],"medium":["https:\/\/coria.org\/ayuntamiento\/wp-content\/uploads\/2023\/10\/repoblacion-forestal-300x225.jpg",300,225,true],"medium_large":["https:\/\/coria.org\/ayuntamiento\/wp-content\/uploads\/2023\/10\/repoblacion-forestal-768x576.jpg",768,576,true],"large":["https:\/\/coria.org\/ayuntamiento\/wp-content\/uploads\/2023\/10\/repoblacion-forestal.jpg",1024,768,false],"thumblist":["https:\/\/coria.org\/ayuntamiento\/wp-content\/uploads\/2023\/10\/repoblacion-forestal.jpg",300,225,false],"thumbrelated":["https:\/\/coria.org\/ayuntamiento\/wp-content\/uploads\/2023\/10\/repoblacion-forestal.jpg",500,375,false],"meccarouselthumb":["https:\/\/coria.org\/ayuntamiento\/wp-content\/uploads\/2023\/10\/repoblacion-forestal.jpg",432,324,false],"gridsquare":["https:\/\/coria.org\/ayuntamiento\/wp-content\/uploads\/2023\/10\/repoblacion-forestal.jpg",347,260,false],"tileview":["https:\/\/coria.org\/ayuntamiento\/wp-content\/uploads\/2023\/10\/repoblacion-forestal.jpg",300,225,false],"1536x1536":["https:\/\/coria.org\/ayuntamiento\/wp-content\/uploads\/2023\/10\/repoblacion-forestal.jpg",1024,768,false],"2048x2048":["https:\/\/coria.org\/ayuntamiento\/wp-content\/uploads\/2023\/10\/repoblacion-forestal.jpg",1024,768,false]},"uagb_author_info":{"display_name":"ayuntamiento","author_link":"https:\/\/coria.org\/ayuntamiento\/index.php\/author\/ayuntamiento\/"},"uagb_comment_info":0,"uagb_excerpt":"El pr\u00f3ximo 1 de noviembre, con motivo de la tradicional Chaquet\u00eda, la empresa cauriense cumplir\u00e1 con su compromiso de plantar dos \u00e1rboles por cada instalaci\u00f3n realizada en la Compra Colectiva del Valle del Alag\u00f3n. La empresa cauriense celebrar\u00e1 el pr\u00f3ximo 1 de noviembre una repoblaci\u00f3n forestal en la Dehesa de M\u00ednguez en una jornada festiva&hellip;","_links":{"self":[{"href":"https:\/\/coria.org\/ayuntamiento\/index.php\/wp-json\/wp\/v2\/posts\/57441","targetHints":{"allow":["GET"]}}],"collection":[{"href":"https:\/\/coria.org\/ayuntamiento\/index.php\/wp-json\/wp\/v2\/posts"}],"about":[{"href":"https:\/\/coria.org\/ayuntamiento\/index.php\/wp-json\/wp\/v2\/types\/post"}],"author":[{"embeddable":true,"href":"https:\/\/coria.org\/ayuntamiento\/index.php\/wp-json\/wp\/v2\/users\/2"}],"replies":[{"embeddable":true,"href":"https:\/\/coria.org\/ayuntamiento\/index.php\/wp-json\/wp\/v2\/comments?post=57441"}],"version-history":[{"count":0,"href":"https:\/\/coria.org\/ayuntamiento\/index.php\/wp-json\/wp\/v2\/posts\/57441\/revisions"}],"wp:featuredmedia":[{"embeddable":true,"href":"https:\/\/coria.org\/ayuntamiento\/index.php\/wp-json\/wp\/v2\/media\/57442"}],"wp:attachment":[{"href":"https:\/\/coria.org\/ayuntamiento\/index.php\/wp-json\/wp\/v2\/media?parent=57441"}],"wp:term":[{"taxonomy":"category","embeddable":true,"href":"https:\/\/coria.org\/ayuntamiento\/index.php\/wp-json\/wp\/v2\/categories?post=57441"},{"taxonomy":"post_tag","embeddable":true,"href":"https:\/\/coria.org\/ayuntamiento\/index.php\/wp-json\/wp\/v2\/tags?post=57441"}],"curies":[{"name":"wp","href":"https:\/\/api.w.org\/{rel}","templated":true}]}}