{"id":57438,"date":"2023-10-27T09:12:30","date_gmt":"2023-10-27T07:12:30","guid":{"rendered":"https:\/\/turismocoria.es\/importacion\/?p=57438"},"modified":"2023-10-31T09:20:15","modified_gmt":"2023-10-31T08:20:15","slug":"la-ciudad-de-coria-contara-con-un-centro-circular-fab-al-objeto-de-generar-nuevas-oportunidades-empresariales","status":"publish","type":"post","link":"https:\/\/coria.org\/ayuntamiento\/index.php\/2023\/10\/27\/la-ciudad-de-coria-contara-con-un-centro-circular-fab-al-objeto-de-generar-nuevas-oportunidades-empresariales\/","title":{"rendered":"La ciudad de Coria contar\u00e1 con un centro Circular FAB al objeto de generar nuevas oportunidades empresariales"},"content":{"rendered":"\n<p>La Ciudad de Coria contar\u00e1 con un Centro Circular FAB, un espacio abierto de innovaci\u00f3n territorial, experimentaci\u00f3n y demostraci\u00f3n para las nuevas tecnolog\u00edas y metodolog\u00edas, tanto para la comunidad educativa y el tejido asociativo como para el sector empresarial.<\/p>\n\n\n<figure class=\"wp-block-post-featured-image\"><img loading=\"lazy\" decoding=\"async\" width=\"1019\" height=\"768\" src=\"https:\/\/coria.org\/ayuntamiento\/wp-content\/uploads\/2023\/10\/fab-coria.jpg\" class=\"attachment-post-thumbnail size-post-thumbnail wp-post-image\" alt=\"\" style=\"object-fit:cover;\" srcset=\"https:\/\/coria.org\/ayuntamiento\/wp-content\/uploads\/2023\/10\/fab-coria.jpg 1019w, https:\/\/coria.org\/ayuntamiento\/wp-content\/uploads\/2023\/10\/fab-coria-300x226.jpg 300w, https:\/\/coria.org\/ayuntamiento\/wp-content\/uploads\/2023\/10\/fab-coria-768x579.jpg 768w\" sizes=\"auto, (max-width: 1019px) 100vw, 1019px\" \/><\/figure>\n\n\n<p>En centro ser\u00e1 un espacio colaborativo en el que poder compartir conocimientos y soluciones que den respuesta a necesidades sociales globales desde la tecnolog\u00eda y los propios municipios.<\/p>\n\n\n\n<p>Coria es una de las cinco nuevas localidades beneficiarias de una ayuda de 60.000 euros, de la Diputaci\u00f3n Provincial de C\u00e1ceres, para la puesta en marcha de este centro circular. Con esta aportaci\u00f3n, el Ayuntamiento de Coria adecuar\u00e1 una sala ubicada en la casa de cultura, con equipamiento y mobiliario necesario para comenzar a funcionar y ofrecer este servicio en la ciudad.<\/p>\n\n\n\n<p>En definitiva, ser\u00e1 un espacio abierto de innovaci\u00f3n, con el objetivo de ayudar a las personas y las empresas de Coria a incorporarse a la Cuarta Revoluci\u00f3n Industrial, poniendo a disposici\u00f3n de la ciudadan\u00eda una serie de actividades, tecnolog\u00edas y recursos para inventar su empleo y forma de ganarse la vida.<\/p>\n\n\n\n<p>Estos centros de Circular FAB, est\u00e1n vinculados a la red espa\u00f1ola de Centros de Innovaci\u00f3n Territorial, tras el convenio firmado con el Ministerio para la Transici\u00f3n Ecol\u00f3gica y el Reto Demogr\u00e1fico.<\/p>\n","protected":false},"excerpt":{"rendered":"<p>La Ciudad de Coria contar\u00e1 con un Centro Circular FAB, un espacio abierto de innovaci\u00f3n territorial, experimentaci\u00f3n y demostraci\u00f3n para las nuevas tecnolog\u00edas y metodolog\u00edas, tanto para la comunidad educativa y el tejido asociativo como para el sector empresarial. En centro ser\u00e1 un espacio colaborativo en el que poder compartir conocimientos y soluciones que den [&hellip;]<\/p>\n","protected":false},"author":2,"featured_media":57439,"comment_status":"closed","ping_status":"closed","sticky":false,"template":"","format":"standard","meta":{"_uag_custom_page_level_css":"","footnotes":""},"categories":[2],"tags":[285,1584],"class_list":["post-57438","post","type-post","status-publish","format-standard","has-post-thumbnail","hentry","category-noticias","tag-centro","tag-fab"],"yoast_head":"<!-- This site is optimized with the Yoast SEO plugin v27.4 - https:\/\/yoast.com\/product\/yoast-seo-wordpress\/ -->\n<title>La ciudad de Coria contar\u00e1 con un centro Circular FAB al objeto de generar nuevas oportunidades empresariales - Ayuntamiento de Coria<\/title>\n<meta name=\"robots\" content=\"index, follow, max-snippet:-1, max-image-preview:large, max-video-preview:-1\" \/>\n<link rel=\"canonical\" href=\"https:\/\/coria.org\/ayuntamiento\/index.php\/2023\/10\/27\/la-ciudad-de-coria-contara-con-un-centro-circular-fab-al-objeto-de-generar-nuevas-oportunidades-empresariales\/\" \/>\n<meta property=\"og:locale\" content=\"es_ES\" \/>\n<meta property=\"og:type\" content=\"article\" \/>\n<meta property=\"og:title\" content=\"La ciudad de Coria contar\u00e1 con un centro Circular FAB al objeto de generar nuevas oportunidades empresariales - Ayuntamiento de Coria\" \/>\n<meta property=\"og:description\" content=\"La Ciudad de Coria contar\u00e1 con un Centro Circular FAB, un espacio abierto de innovaci\u00f3n territorial, experimentaci\u00f3n y demostraci\u00f3n para las nuevas tecnolog\u00edas y metodolog\u00edas, tanto para la comunidad educativa y el tejido asociativo como para el sector empresarial. En centro ser\u00e1 un espacio colaborativo en el que poder compartir conocimientos y soluciones que den [&hellip;]\" \/>\n<meta property=\"og:url\" content=\"https:\/\/coria.org\/ayuntamiento\/index.php\/2023\/10\/27\/la-ciudad-de-coria-contara-con-un-centro-circular-fab-al-objeto-de-generar-nuevas-oportunidades-empresariales\/\" \/>\n<meta property=\"og:site_name\" content=\"Ayuntamiento de Coria\" \/>\n<meta property=\"article:publisher\" content=\"https:\/\/www.facebook.com\/Ayuntamiento.de.Coria\" \/>\n<meta property=\"article:published_time\" content=\"2023-10-27T07:12:30+00:00\" \/>\n<meta property=\"article:modified_time\" content=\"2023-10-31T08:20:15+00:00\" \/>\n<meta property=\"og:image\" content=\"https:\/\/coria.org\/ayuntamiento\/wp-content\/uploads\/2023\/10\/fab-coria.jpg\" \/>\n\t<meta property=\"og:image:width\" content=\"1019\" \/>\n\t<meta property=\"og:image:height\" content=\"768\" \/>\n\t<meta property=\"og:image:type\" content=\"image\/jpeg\" \/>\n<meta name=\"author\" content=\"ayuntamiento\" \/>\n<meta name=\"twitter:card\" content=\"summary_large_image\" \/>\n<meta name=\"twitter:creator\" content=\"@Ayto_de_Coria\" \/>\n<meta name=\"twitter:site\" content=\"@Ayto_de_Coria\" \/>\n<meta name=\"twitter:label1\" content=\"Escrito por\" \/>\n\t<meta name=\"twitter:data1\" content=\"ayuntamiento\" \/>\n\t<meta name=\"twitter:label2\" content=\"Tiempo de lectura\" \/>\n\t<meta name=\"twitter:data2\" content=\"1 minuto\" \/>\n<script type=\"application\/ld+json\" class=\"yoast-schema-graph\">{\"@context\":\"https:\\\/\\\/schema.org\",\"@graph\":[{\"@type\":\"Article\",\"@id\":\"https:\\\/\\\/coria.org\\\/ayuntamiento\\\/index.php\\\/2023\\\/10\\\/27\\\/la-ciudad-de-coria-contara-con-un-centro-circular-fab-al-objeto-de-generar-nuevas-oportunidades-empresariales\\\/#article\",\"isPartOf\":{\"@id\":\"https:\\\/\\\/coria.org\\\/ayuntamiento\\\/index.php\\\/2023\\\/10\\\/27\\\/la-ciudad-de-coria-contara-con-un-centro-circular-fab-al-objeto-de-generar-nuevas-oportunidades-empresariales\\\/\"},\"author\":{\"name\":\"ayuntamiento\",\"@id\":\"https:\\\/\\\/coria.org\\\/ayuntamiento\\\/#\\\/schema\\\/person\\\/8bd589f0e13e8ae5aa06def7a599d622\"},\"headline\":\"La ciudad de Coria contar\u00e1 con un centro Circular FAB al objeto de generar nuevas oportunidades empresariales\",\"datePublished\":\"2023-10-27T07:12:30+00:00\",\"dateModified\":\"2023-10-31T08:20:15+00:00\",\"mainEntityOfPage\":{\"@id\":\"https:\\\/\\\/coria.org\\\/ayuntamiento\\\/index.php\\\/2023\\\/10\\\/27\\\/la-ciudad-de-coria-contara-con-un-centro-circular-fab-al-objeto-de-generar-nuevas-oportunidades-empresariales\\\/\"},\"wordCount\":247,\"publisher\":{\"@id\":\"https:\\\/\\\/coria.org\\\/ayuntamiento\\\/#organization\"},\"image\":{\"@id\":\"https:\\\/\\\/coria.org\\\/ayuntamiento\\\/index.php\\\/2023\\\/10\\\/27\\\/la-ciudad-de-coria-contara-con-un-centro-circular-fab-al-objeto-de-generar-nuevas-oportunidades-empresariales\\\/#primaryimage\"},\"thumbnailUrl\":\"https:\\\/\\\/coria.org\\\/ayuntamiento\\\/wp-content\\\/uploads\\\/2023\\\/10\\\/fab-coria.jpg\",\"keywords\":[\"centro\",\"fab\"],\"articleSection\":[\"Noticias\"],\"inLanguage\":\"es\"},{\"@type\":\"WebPage\",\"@id\":\"https:\\\/\\\/coria.org\\\/ayuntamiento\\\/index.php\\\/2023\\\/10\\\/27\\\/la-ciudad-de-coria-contara-con-un-centro-circular-fab-al-objeto-de-generar-nuevas-oportunidades-empresariales\\\/\",\"url\":\"https:\\\/\\\/coria.org\\\/ayuntamiento\\\/index.php\\\/2023\\\/10\\\/27\\\/la-ciudad-de-coria-contara-con-un-centro-circular-fab-al-objeto-de-generar-nuevas-oportunidades-empresariales\\\/\",\"name\":\"La ciudad de Coria contar\u00e1 con un centro Circular FAB al objeto de generar nuevas oportunidades empresariales - Ayuntamiento de Coria\",\"isPartOf\":{\"@id\":\"https:\\\/\\\/coria.org\\\/ayuntamiento\\\/#website\"},\"primaryImageOfPage\":{\"@id\":\"https:\\\/\\\/coria.org\\\/ayuntamiento\\\/index.php\\\/2023\\\/10\\\/27\\\/la-ciudad-de-coria-contara-con-un-centro-circular-fab-al-objeto-de-generar-nuevas-oportunidades-empresariales\\\/#primaryimage\"},\"image\":{\"@id\":\"https:\\\/\\\/coria.org\\\/ayuntamiento\\\/index.php\\\/2023\\\/10\\\/27\\\/la-ciudad-de-coria-contara-con-un-centro-circular-fab-al-objeto-de-generar-nuevas-oportunidades-empresariales\\\/#primaryimage\"},\"thumbnailUrl\":\"https:\\\/\\\/coria.org\\\/ayuntamiento\\\/wp-content\\\/uploads\\\/2023\\\/10\\\/fab-coria.jpg\",\"datePublished\":\"2023-10-27T07:12:30+00:00\",\"dateModified\":\"2023-10-31T08:20:15+00:00\",\"breadcrumb\":{\"@id\":\"https:\\\/\\\/coria.org\\\/ayuntamiento\\\/index.php\\\/2023\\\/10\\\/27\\\/la-ciudad-de-coria-contara-con-un-centro-circular-fab-al-objeto-de-generar-nuevas-oportunidades-empresariales\\\/#breadcrumb\"},\"inLanguage\":\"es\",\"potentialAction\":[{\"@type\":\"ReadAction\",\"target\":[\"https:\\\/\\\/coria.org\\\/ayuntamiento\\\/index.php\\\/2023\\\/10\\\/27\\\/la-ciudad-de-coria-contara-con-un-centro-circular-fab-al-objeto-de-generar-nuevas-oportunidades-empresariales\\\/\"]}]},{\"@type\":\"ImageObject\",\"inLanguage\":\"es\",\"@id\":\"https:\\\/\\\/coria.org\\\/ayuntamiento\\\/index.php\\\/2023\\\/10\\\/27\\\/la-ciudad-de-coria-contara-con-un-centro-circular-fab-al-objeto-de-generar-nuevas-oportunidades-empresariales\\\/#primaryimage\",\"url\":\"https:\\\/\\\/coria.org\\\/ayuntamiento\\\/wp-content\\\/uploads\\\/2023\\\/10\\\/fab-coria.jpg\",\"contentUrl\":\"https:\\\/\\\/coria.org\\\/ayuntamiento\\\/wp-content\\\/uploads\\\/2023\\\/10\\\/fab-coria.jpg\",\"width\":1019,\"height\":768},{\"@type\":\"BreadcrumbList\",\"@id\":\"https:\\\/\\\/coria.org\\\/ayuntamiento\\\/index.php\\\/2023\\\/10\\\/27\\\/la-ciudad-de-coria-contara-con-un-centro-circular-fab-al-objeto-de-generar-nuevas-oportunidades-empresariales\\\/#breadcrumb\",\"itemListElement\":[{\"@type\":\"ListItem\",\"position\":1,\"name\":\"Inicio\",\"item\":\"https:\\\/\\\/coria.org\\\/ayuntamiento\\\/\"},{\"@type\":\"ListItem\",\"position\":2,\"name\":\"La ciudad de Coria contar\u00e1 con un centro Circular FAB al objeto de generar nuevas oportunidades empresariales\"}]},{\"@type\":\"WebSite\",\"@id\":\"https:\\\/\\\/coria.org\\\/ayuntamiento\\\/#website\",\"url\":\"https:\\\/\\\/coria.org\\\/ayuntamiento\\\/\",\"name\":\"Ayuntamiento de Coria\",\"description\":\"Web oficial del Ayuntamiento de Coria\",\"publisher\":{\"@id\":\"https:\\\/\\\/coria.org\\\/ayuntamiento\\\/#organization\"},\"alternateName\":\"Web Oficial del Ayuntamiento de Coria\",\"potentialAction\":[{\"@type\":\"SearchAction\",\"target\":{\"@type\":\"EntryPoint\",\"urlTemplate\":\"https:\\\/\\\/coria.org\\\/ayuntamiento\\\/?s={search_term_string}\"},\"query-input\":{\"@type\":\"PropertyValueSpecification\",\"valueRequired\":true,\"valueName\":\"search_term_string\"}}],\"inLanguage\":\"es\"},{\"@type\":\"Organization\",\"@id\":\"https:\\\/\\\/coria.org\\\/ayuntamiento\\\/#organization\",\"name\":\"Ayuntamiento de Coria\",\"alternateName\":\"Ayto de Coria\",\"url\":\"https:\\\/\\\/coria.org\\\/ayuntamiento\\\/\",\"logo\":{\"@type\":\"ImageObject\",\"inLanguage\":\"es\",\"@id\":\"https:\\\/\\\/coria.org\\\/ayuntamiento\\\/#\\\/schema\\\/logo\\\/image\\\/\",\"url\":\"https:\\\/\\\/coria.org\\\/ayuntamiento\\\/wp-content\\\/uploads\\\/2020\\\/12\\\/escudo-ayuntamiento-coria.png\",\"contentUrl\":\"https:\\\/\\\/coria.org\\\/ayuntamiento\\\/wp-content\\\/uploads\\\/2020\\\/12\\\/escudo-ayuntamiento-coria.png\",\"width\":511,\"height\":240,\"caption\":\"Ayuntamiento de Coria\"},\"image\":{\"@id\":\"https:\\\/\\\/coria.org\\\/ayuntamiento\\\/#\\\/schema\\\/logo\\\/image\\\/\"},\"sameAs\":[\"https:\\\/\\\/www.facebook.com\\\/Ayuntamiento.de.Coria\",\"https:\\\/\\\/x.com\\\/Ayto_de_Coria\",\"https:\\\/\\\/www.instagram.com\\\/coria.ayuntamiento\\\/\",\"https:\\\/\\\/www.youtube.com\\\/user\\\/AYUNTAMIENTOCORIA\"]},{\"@type\":\"Person\",\"@id\":\"https:\\\/\\\/coria.org\\\/ayuntamiento\\\/#\\\/schema\\\/person\\\/8bd589f0e13e8ae5aa06def7a599d622\",\"name\":\"ayuntamiento\",\"image\":{\"@type\":\"ImageObject\",\"inLanguage\":\"es\",\"@id\":\"https:\\\/\\\/secure.gravatar.com\\\/avatar\\\/966e5ed73cad334adda5c87f49f2547f7082f7292c1b627cbb548744383b391c?s=96&d=mm&r=g\",\"url\":\"https:\\\/\\\/secure.gravatar.com\\\/avatar\\\/966e5ed73cad334adda5c87f49f2547f7082f7292c1b627cbb548744383b391c?s=96&d=mm&r=g\",\"contentUrl\":\"https:\\\/\\\/secure.gravatar.com\\\/avatar\\\/966e5ed73cad334adda5c87f49f2547f7082f7292c1b627cbb548744383b391c?s=96&d=mm&r=g\",\"caption\":\"ayuntamiento\"}}]}<\/script>\n<!-- \/ Yoast SEO plugin. -->","yoast_head_json":{"title":"La ciudad de Coria contar\u00e1 con un centro Circular FAB al objeto de generar nuevas oportunidades empresariales - Ayuntamiento de Coria","robots":{"index":"index","follow":"follow","max-snippet":"max-snippet:-1","max-image-preview":"max-image-preview:large","max-video-preview":"max-video-preview:-1"},"canonical":"https:\/\/coria.org\/ayuntamiento\/index.php\/2023\/10\/27\/la-ciudad-de-coria-contara-con-un-centro-circular-fab-al-objeto-de-generar-nuevas-oportunidades-empresariales\/","og_locale":"es_ES","og_type":"article","og_title":"La ciudad de Coria contar\u00e1 con un centro Circular FAB al objeto de generar nuevas oportunidades empresariales - Ayuntamiento de Coria","og_description":"La Ciudad de Coria contar\u00e1 con un Centro Circular FAB, un espacio abierto de innovaci\u00f3n territorial, experimentaci\u00f3n y demostraci\u00f3n para las nuevas tecnolog\u00edas y metodolog\u00edas, tanto para la comunidad educativa y el tejido asociativo como para el sector empresarial. En centro ser\u00e1 un espacio colaborativo en el que poder compartir conocimientos y soluciones que den [&hellip;]","og_url":"https:\/\/coria.org\/ayuntamiento\/index.php\/2023\/10\/27\/la-ciudad-de-coria-contara-con-un-centro-circular-fab-al-objeto-de-generar-nuevas-oportunidades-empresariales\/","og_site_name":"Ayuntamiento de Coria","article_publisher":"https:\/\/www.facebook.com\/Ayuntamiento.de.Coria","article_published_time":"2023-10-27T07:12:30+00:00","article_modified_time":"2023-10-31T08:20:15+00:00","og_image":[{"width":1019,"height":768,"url":"https:\/\/coria.org\/ayuntamiento\/wp-content\/uploads\/2023\/10\/fab-coria.jpg","type":"image\/jpeg"}],"author":"ayuntamiento","twitter_card":"summary_large_image","twitter_creator":"@Ayto_de_Coria","twitter_site":"@Ayto_de_Coria","twitter_misc":{"Escrito por":"ayuntamiento","Tiempo de lectura":"1 minuto"},"schema":{"@context":"https:\/\/schema.org","@graph":[{"@type":"Article","@id":"https:\/\/coria.org\/ayuntamiento\/index.php\/2023\/10\/27\/la-ciudad-de-coria-contara-con-un-centro-circular-fab-al-objeto-de-generar-nuevas-oportunidades-empresariales\/#article","isPartOf":{"@id":"https:\/\/coria.org\/ayuntamiento\/index.php\/2023\/10\/27\/la-ciudad-de-coria-contara-con-un-centro-circular-fab-al-objeto-de-generar-nuevas-oportunidades-empresariales\/"},"author":{"name":"ayuntamiento","@id":"https:\/\/coria.org\/ayuntamiento\/#\/schema\/person\/8bd589f0e13e8ae5aa06def7a599d622"},"headline":"La ciudad de Coria contar\u00e1 con un centro Circular FAB al objeto de generar nuevas oportunidades empresariales","datePublished":"2023-10-27T07:12:30+00:00","dateModified":"2023-10-31T08:20:15+00:00","mainEntityOfPage":{"@id":"https:\/\/coria.org\/ayuntamiento\/index.php\/2023\/10\/27\/la-ciudad-de-coria-contara-con-un-centro-circular-fab-al-objeto-de-generar-nuevas-oportunidades-empresariales\/"},"wordCount":247,"publisher":{"@id":"https:\/\/coria.org\/ayuntamiento\/#organization"},"image":{"@id":"https:\/\/coria.org\/ayuntamiento\/index.php\/2023\/10\/27\/la-ciudad-de-coria-contara-con-un-centro-circular-fab-al-objeto-de-generar-nuevas-oportunidades-empresariales\/#primaryimage"},"thumbnailUrl":"https:\/\/coria.org\/ayuntamiento\/wp-content\/uploads\/2023\/10\/fab-coria.jpg","keywords":["centro","fab"],"articleSection":["Noticias"],"inLanguage":"es"},{"@type":"WebPage","@id":"https:\/\/coria.org\/ayuntamiento\/index.php\/2023\/10\/27\/la-ciudad-de-coria-contara-con-un-centro-circular-fab-al-objeto-de-generar-nuevas-oportunidades-empresariales\/","url":"https:\/\/coria.org\/ayuntamiento\/index.php\/2023\/10\/27\/la-ciudad-de-coria-contara-con-un-centro-circular-fab-al-objeto-de-generar-nuevas-oportunidades-empresariales\/","name":"La ciudad de Coria contar\u00e1 con un centro Circular FAB al objeto de generar nuevas oportunidades empresariales - Ayuntamiento de Coria","isPartOf":{"@id":"https:\/\/coria.org\/ayuntamiento\/#website"},"primaryImageOfPage":{"@id":"https:\/\/coria.org\/ayuntamiento\/index.php\/2023\/10\/27\/la-ciudad-de-coria-contara-con-un-centro-circular-fab-al-objeto-de-generar-nuevas-oportunidades-empresariales\/#primaryimage"},"image":{"@id":"https:\/\/coria.org\/ayuntamiento\/index.php\/2023\/10\/27\/la-ciudad-de-coria-contara-con-un-centro-circular-fab-al-objeto-de-generar-nuevas-oportunidades-empresariales\/#primaryimage"},"thumbnailUrl":"https:\/\/coria.org\/ayuntamiento\/wp-content\/uploads\/2023\/10\/fab-coria.jpg","datePublished":"2023-10-27T07:12:30+00:00","dateModified":"2023-10-31T08:20:15+00:00","breadcrumb":{"@id":"https:\/\/coria.org\/ayuntamiento\/index.php\/2023\/10\/27\/la-ciudad-de-coria-contara-con-un-centro-circular-fab-al-objeto-de-generar-nuevas-oportunidades-empresariales\/#breadcrumb"},"inLanguage":"es","potentialAction":[{"@type":"ReadAction","target":["https:\/\/coria.org\/ayuntamiento\/index.php\/2023\/10\/27\/la-ciudad-de-coria-contara-con-un-centro-circular-fab-al-objeto-de-generar-nuevas-oportunidades-empresariales\/"]}]},{"@type":"ImageObject","inLanguage":"es","@id":"https:\/\/coria.org\/ayuntamiento\/index.php\/2023\/10\/27\/la-ciudad-de-coria-contara-con-un-centro-circular-fab-al-objeto-de-generar-nuevas-oportunidades-empresariales\/#primaryimage","url":"https:\/\/coria.org\/ayuntamiento\/wp-content\/uploads\/2023\/10\/fab-coria.jpg","contentUrl":"https:\/\/coria.org\/ayuntamiento\/wp-content\/uploads\/2023\/10\/fab-coria.jpg","width":1019,"height":768},{"@type":"BreadcrumbList","@id":"https:\/\/coria.org\/ayuntamiento\/index.php\/2023\/10\/27\/la-ciudad-de-coria-contara-con-un-centro-circular-fab-al-objeto-de-generar-nuevas-oportunidades-empresariales\/#breadcrumb","itemListElement":[{"@type":"ListItem","position":1,"name":"Inicio","item":"https:\/\/coria.org\/ayuntamiento\/"},{"@type":"ListItem","position":2,"name":"La ciudad de Coria contar\u00e1 con un centro Circular FAB al objeto de generar nuevas oportunidades empresariales"}]},{"@type":"WebSite","@id":"https:\/\/coria.org\/ayuntamiento\/#website","url":"https:\/\/coria.org\/ayuntamiento\/","name":"Ayuntamiento de Coria","description":"Web oficial del Ayuntamiento de Coria","publisher":{"@id":"https:\/\/coria.org\/ayuntamiento\/#organization"},"alternateName":"Web Oficial del Ayuntamiento de Coria","potentialAction":[{"@type":"SearchAction","target":{"@type":"EntryPoint","urlTemplate":"https:\/\/coria.org\/ayuntamiento\/?s={search_term_string}"},"query-input":{"@type":"PropertyValueSpecification","valueRequired":true,"valueName":"search_term_string"}}],"inLanguage":"es"},{"@type":"Organization","@id":"https:\/\/coria.org\/ayuntamiento\/#organization","name":"Ayuntamiento de Coria","alternateName":"Ayto de Coria","url":"https:\/\/coria.org\/ayuntamiento\/","logo":{"@type":"ImageObject","inLanguage":"es","@id":"https:\/\/coria.org\/ayuntamiento\/#\/schema\/logo\/image\/","url":"https:\/\/coria.org\/ayuntamiento\/wp-content\/uploads\/2020\/12\/escudo-ayuntamiento-coria.png","contentUrl":"https:\/\/coria.org\/ayuntamiento\/wp-content\/uploads\/2020\/12\/escudo-ayuntamiento-coria.png","width":511,"height":240,"caption":"Ayuntamiento de Coria"},"image":{"@id":"https:\/\/coria.org\/ayuntamiento\/#\/schema\/logo\/image\/"},"sameAs":["https:\/\/www.facebook.com\/Ayuntamiento.de.Coria","https:\/\/x.com\/Ayto_de_Coria","https:\/\/www.instagram.com\/coria.ayuntamiento\/","https:\/\/www.youtube.com\/user\/AYUNTAMIENTOCORIA"]},{"@type":"Person","@id":"https:\/\/coria.org\/ayuntamiento\/#\/schema\/person\/8bd589f0e13e8ae5aa06def7a599d622","name":"ayuntamiento","image":{"@type":"ImageObject","inLanguage":"es","@id":"https:\/\/secure.gravatar.com\/avatar\/966e5ed73cad334adda5c87f49f2547f7082f7292c1b627cbb548744383b391c?s=96&d=mm&r=g","url":"https:\/\/secure.gravatar.com\/avatar\/966e5ed73cad334adda5c87f49f2547f7082f7292c1b627cbb548744383b391c?s=96&d=mm&r=g","contentUrl":"https:\/\/secure.gravatar.com\/avatar\/966e5ed73cad334adda5c87f49f2547f7082f7292c1b627cbb548744383b391c?s=96&d=mm&r=g","caption":"ayuntamiento"}}]}},"uagb_featured_image_src":{"full":["https:\/\/coria.org\/ayuntamiento\/wp-content\/uploads\/2023\/10\/fab-coria.jpg",1019,768,false],"thumbnail":["https:\/\/coria.org\/ayuntamiento\/wp-content\/uploads\/2023\/10\/fab-coria-150x150.jpg",150,150,true],"medium":["https:\/\/coria.org\/ayuntamiento\/wp-content\/uploads\/2023\/10\/fab-coria-300x226.jpg",300,226,true],"medium_large":["https:\/\/coria.org\/ayuntamiento\/wp-content\/uploads\/2023\/10\/fab-coria-768x579.jpg",768,579,true],"large":["https:\/\/coria.org\/ayuntamiento\/wp-content\/uploads\/2023\/10\/fab-coria.jpg",1019,768,false],"thumblist":["https:\/\/coria.org\/ayuntamiento\/wp-content\/uploads\/2023\/10\/fab-coria.jpg",300,226,false],"thumbrelated":["https:\/\/coria.org\/ayuntamiento\/wp-content\/uploads\/2023\/10\/fab-coria.jpg",500,377,false],"meccarouselthumb":["https:\/\/coria.org\/ayuntamiento\/wp-content\/uploads\/2023\/10\/fab-coria.jpg",430,324,false],"gridsquare":["https:\/\/coria.org\/ayuntamiento\/wp-content\/uploads\/2023\/10\/fab-coria.jpg",345,260,false],"tileview":["https:\/\/coria.org\/ayuntamiento\/wp-content\/uploads\/2023\/10\/fab-coria.jpg",300,226,false],"1536x1536":["https:\/\/coria.org\/ayuntamiento\/wp-content\/uploads\/2023\/10\/fab-coria.jpg",1019,768,false],"2048x2048":["https:\/\/coria.org\/ayuntamiento\/wp-content\/uploads\/2023\/10\/fab-coria.jpg",1019,768,false]},"uagb_author_info":{"display_name":"ayuntamiento","author_link":"https:\/\/coria.org\/ayuntamiento\/index.php\/author\/ayuntamiento\/"},"uagb_comment_info":0,"uagb_excerpt":"La Ciudad de Coria contar\u00e1 con un Centro Circular FAB, un espacio abierto de innovaci\u00f3n territorial, experimentaci\u00f3n y demostraci\u00f3n para las nuevas tecnolog\u00edas y metodolog\u00edas, tanto para la comunidad educativa y el tejido asociativo como para el sector empresarial. En centro ser\u00e1 un espacio colaborativo en el que poder compartir conocimientos y soluciones que den&hellip;","_links":{"self":[{"href":"https:\/\/coria.org\/ayuntamiento\/index.php\/wp-json\/wp\/v2\/posts\/57438","targetHints":{"allow":["GET"]}}],"collection":[{"href":"https:\/\/coria.org\/ayuntamiento\/index.php\/wp-json\/wp\/v2\/posts"}],"about":[{"href":"https:\/\/coria.org\/ayuntamiento\/index.php\/wp-json\/wp\/v2\/types\/post"}],"author":[{"embeddable":true,"href":"https:\/\/coria.org\/ayuntamiento\/index.php\/wp-json\/wp\/v2\/users\/2"}],"replies":[{"embeddable":true,"href":"https:\/\/coria.org\/ayuntamiento\/index.php\/wp-json\/wp\/v2\/comments?post=57438"}],"version-history":[{"count":0,"href":"https:\/\/coria.org\/ayuntamiento\/index.php\/wp-json\/wp\/v2\/posts\/57438\/revisions"}],"wp:featuredmedia":[{"embeddable":true,"href":"https:\/\/coria.org\/ayuntamiento\/index.php\/wp-json\/wp\/v2\/media\/57439"}],"wp:attachment":[{"href":"https:\/\/coria.org\/ayuntamiento\/index.php\/wp-json\/wp\/v2\/media?parent=57438"}],"wp:term":[{"taxonomy":"category","embeddable":true,"href":"https:\/\/coria.org\/ayuntamiento\/index.php\/wp-json\/wp\/v2\/categories?post=57438"},{"taxonomy":"post_tag","embeddable":true,"href":"https:\/\/coria.org\/ayuntamiento\/index.php\/wp-json\/wp\/v2\/tags?post=57438"}],"curies":[{"name":"wp","href":"https:\/\/api.w.org\/{rel}","templated":true}]}}