{"id":57423,"date":"2023-10-24T14:50:03","date_gmt":"2023-10-24T12:50:03","guid":{"rendered":"https:\/\/turismocoria.es\/importacion\/?p=57423"},"modified":"2024-01-23T14:18:49","modified_gmt":"2024-01-23T13:18:49","slug":"alba-sanchez-y-ricardo-vela-se-proclaman-ganadores-de-la-primera-edicion-del-10k-5k","status":"publish","type":"post","link":"https:\/\/coria.org\/ayuntamiento\/index.php\/2023\/10\/24\/alba-sanchez-y-ricardo-vela-se-proclaman-ganadores-de-la-primera-edicion-del-10k-5k\/","title":{"rendered":"Alba S\u00e1nchez y Ricardo Vela, se proclaman ganadores de la Primera Edici\u00f3n del 10K-5K"},"content":{"rendered":"\n<p>El pasado s\u00e1bado 21 de octubre se celebraba la Primera edici\u00f3n del 10K-5K<\/p>\n\n\n<figure class=\"wp-block-post-featured-image\"><img loading=\"lazy\" decoding=\"async\" width=\"1024\" height=\"768\" src=\"https:\/\/coria.org\/ayuntamiento\/wp-content\/uploads\/2023\/10\/Ganadores-10k-5k.jpg\" class=\"attachment-post-thumbnail size-post-thumbnail wp-post-image\" alt=\"\" style=\"object-fit:cover;\" srcset=\"https:\/\/coria.org\/ayuntamiento\/wp-content\/uploads\/2023\/10\/Ganadores-10k-5k.jpg 1024w, https:\/\/coria.org\/ayuntamiento\/wp-content\/uploads\/2023\/10\/Ganadores-10k-5k-300x225.jpg 300w, https:\/\/coria.org\/ayuntamiento\/wp-content\/uploads\/2023\/10\/Ganadores-10k-5k-768x576.jpg 768w\" sizes=\"auto, (max-width: 1024px) 100vw, 1024px\" \/><\/figure>\n\n\n<p>Adem\u00e1s, contamos con la presencia de 21 clubes: C.D. Runners Barre\u00f1os, Iteam, Team Isla Sport, Club Andiajoa Torrejoncillo, Club Atletismo Coria, Club Triatl\u00f3n Coria, Atletas Populares Valle del Alag\u00f3n, Victores, Fondistas Moralo, Atletas Populares de Plasencia, Club Atletismo Plasencia, CEFOT-1, Grupo GECO, Cidade de Lugo Fluvial, Triatl\u00f3n Valdebebas, Escuela Atletismo Monfrag\u00fce, Ecolive System, Club Atletismo Lynze, Triatl\u00f3n Don Benito, Club Uniao Idanhense, Zapatones Running.<\/p>\n\n\n\n<p>Una de las grandes novedades de la prueba era su versi\u00f3n nocturna, con un circuito trazado por vueltas totalmente urbano, aprovechando el incomparable casco hist\u00f3rico que le daba cierto encanto al paso de los corredores por los importantes monumentos arquitect\u00f3nicos que guarda la muralla milenaria.<\/p>\n\n\n\n<p>Otra de las peculiaridades que presentaba el evento, era el apoyo a favor de la VIII \u00abMarcha Rosa\u00bb celebrada el mismo d\u00eda para conmemorar el D\u00eda Internacional del C\u00e1ncer de Mama, organizada por AOEX delegaci\u00f3n de Coria.<\/p>\n\n\n\n<p>En cuanto a la CLASIFICACI\u00d3N GENERAL, el podium femenino del 10K estuvo representada por las corredoras:<\/p>\n\n\n\n<ol class=\"wp-block-list\">\n<li>ALBA S\u00c1NCHEZ DOMINGUEZ, con un tiempo de 46:35.<\/li>\n\n\n\n<li>CRISTINA APARICIO SALADO, del club Fondistas Moralo, con un tiempo de 46:46.<\/li>\n\n\n\n<li>INMACULADA GARC\u00cdA S\u00c1NCHEZ, de Coria, con un tiempo de 48:04.<\/li>\n<\/ol>\n\n\n\n<p>En el podium masculino del 10K:<\/p>\n\n\n\n<ol class=\"wp-block-list\">\n<li>RICARDO VELA DOM\u00cdNGUEZ, del club Team Isla Sport, con un tiempo de 37:50.<\/li>\n\n\n\n<li>NUNO PIRES, del club Uniao Idanhense, con un tiempo 37:56.<\/li>\n\n\n\n<li>\u00d3SCAR G\u00d3MEZ GARC\u00cdA, del CEFOT-1, con un tiempo 39:56.<\/li>\n<\/ol>\n\n\n\n<p>En la prueba del 5K el podium femenino:<\/p>\n\n\n\n<ol class=\"wp-block-list\">\n<li>AURORA VAQUERO CALVO, del Club Triatl\u00f3n Don Benito, con un tiempo 20:35.<\/li>\n\n\n\n<li>IRENE S\u00c1NCHEZ, del club Atletismo Coria, tiempo 22:28.<\/li>\n\n\n\n<li>ANDREA CHORRO RODR\u00cdGUEZ, del Club Triatl\u00f3n Coria, tiempo 22:35.<\/li>\n<\/ol>\n\n\n\n<p>El podium masculino del 5K:<\/p>\n\n\n\n<ol class=\"wp-block-list\">\n<li>MARIO DE LA VEGA SAN MIGUEL, del club Triatl\u00f3n Coria, tiempo 16:35.<\/li>\n\n\n\n<li>DANIEL MARTINS, del club Uniao Idanhense, tiempo 16:35.<\/li>\n\n\n\n<li>DAVID HERN\u00c1NDEZ ALFONSO, de Coria, tiempo 17:24.<\/li>\n<\/ol>\n\n\n\n<p>Agradecer el patrocinio de la Direcci\u00f3n General de Deportes de la Junta de Extremadura, siendo una prueba perteneciente al Circuito de Diversidad Urbana 2023, Cahersa Ferreter\u00eda Industrial y Cidacos. De igual forma, mostrar el agradecimiento de la colaboraci\u00f3n de: Pulsaciones.net, Bodegas Valdepe\u00f1as, Club Atletismo Coria, Asociaci\u00f3n Pe\u00f1a La Geta, Club Sin Rumbo O-Coria, Club Ciclista Cauriense, Guardia Civil, Polic\u00eda Local, Protecci\u00f3n Civil, Cruz Roja, Conyser, y al Servicio Municipal del Voluntariado de Coria.<\/p>\n","protected":false},"excerpt":{"rendered":"<p>El pasado s\u00e1bado 21 de octubre se celebraba la Primera edici\u00f3n del 10K-5K Adem\u00e1s, contamos con la presencia de 21 clubes: C.D. Runners Barre\u00f1os, Iteam, Team Isla Sport, Club Andiajoa Torrejoncillo, Club Atletismo Coria, Club Triatl\u00f3n Coria, Atletas Populares Valle del Alag\u00f3n, Victores, Fondistas Moralo, Atletas Populares de Plasencia, Club Atletismo Plasencia, CEFOT-1, Grupo GECO, [&hellip;]<\/p>\n","protected":false},"author":2,"featured_media":57424,"comment_status":"closed","ping_status":"closed","sticky":false,"template":"","format":"standard","meta":{"_uag_custom_page_level_css":"","footnotes":""},"categories":[2],"tags":[13,38,148,403,605],"class_list":["post-57423","post","type-post","status-publish","format-standard","has-post-thumbnail","hentry","category-noticias","tag-10k","tag-5k","tag-atletismo","tag-deporte","tag-ganadores"],"yoast_head":"<!-- This site is optimized with the Yoast SEO plugin v27.5 - https:\/\/yoast.com\/product\/yoast-seo-wordpress\/ -->\n<title>Alba S\u00e1nchez y Ricardo Vela, se proclaman ganadores de la Primera Edici\u00f3n del 10K-5K - Ayuntamiento de Coria<\/title>\n<meta name=\"robots\" content=\"index, follow, max-snippet:-1, max-image-preview:large, max-video-preview:-1\" \/>\n<link rel=\"canonical\" href=\"https:\/\/coria.org\/ayuntamiento\/index.php\/2023\/10\/24\/alba-sanchez-y-ricardo-vela-se-proclaman-ganadores-de-la-primera-edicion-del-10k-5k\/\" \/>\n<meta property=\"og:locale\" content=\"es_ES\" \/>\n<meta property=\"og:type\" content=\"article\" \/>\n<meta property=\"og:title\" content=\"Alba S\u00e1nchez y Ricardo Vela, se proclaman ganadores de la Primera Edici\u00f3n del 10K-5K - Ayuntamiento de Coria\" \/>\n<meta property=\"og:description\" content=\"El pasado s\u00e1bado 21 de octubre se celebraba la Primera edici\u00f3n del 10K-5K Adem\u00e1s, contamos con la presencia de 21 clubes: C.D. Runners Barre\u00f1os, Iteam, Team Isla Sport, Club Andiajoa Torrejoncillo, Club Atletismo Coria, Club Triatl\u00f3n Coria, Atletas Populares Valle del Alag\u00f3n, Victores, Fondistas Moralo, Atletas Populares de Plasencia, Club Atletismo Plasencia, CEFOT-1, Grupo GECO, [&hellip;]\" \/>\n<meta property=\"og:url\" content=\"https:\/\/coria.org\/ayuntamiento\/index.php\/2023\/10\/24\/alba-sanchez-y-ricardo-vela-se-proclaman-ganadores-de-la-primera-edicion-del-10k-5k\/\" \/>\n<meta property=\"og:site_name\" content=\"Ayuntamiento de Coria\" \/>\n<meta property=\"article:publisher\" content=\"https:\/\/www.facebook.com\/Ayuntamiento.de.Coria\" \/>\n<meta property=\"article:published_time\" content=\"2023-10-24T12:50:03+00:00\" \/>\n<meta property=\"article:modified_time\" content=\"2024-01-23T13:18:49+00:00\" \/>\n<meta property=\"og:image\" content=\"https:\/\/coria.org\/ayuntamiento\/wp-content\/uploads\/2023\/10\/Ganadores-10k-5k.jpg\" \/>\n\t<meta property=\"og:image:width\" content=\"1024\" \/>\n\t<meta property=\"og:image:height\" content=\"768\" \/>\n\t<meta property=\"og:image:type\" content=\"image\/jpeg\" \/>\n<meta name=\"author\" content=\"ayuntamiento\" \/>\n<meta name=\"twitter:card\" content=\"summary_large_image\" \/>\n<meta name=\"twitter:creator\" content=\"@Ayto_de_Coria\" \/>\n<meta name=\"twitter:site\" content=\"@Ayto_de_Coria\" \/>\n<meta name=\"twitter:label1\" content=\"Escrito por\" \/>\n\t<meta name=\"twitter:data1\" content=\"ayuntamiento\" \/>\n\t<meta name=\"twitter:label2\" content=\"Tiempo de lectura\" \/>\n\t<meta name=\"twitter:data2\" content=\"2 minutos\" \/>\n<script type=\"application\/ld+json\" class=\"yoast-schema-graph\">{\"@context\":\"https:\\\/\\\/schema.org\",\"@graph\":[{\"@type\":\"Article\",\"@id\":\"https:\\\/\\\/coria.org\\\/ayuntamiento\\\/index.php\\\/2023\\\/10\\\/24\\\/alba-sanchez-y-ricardo-vela-se-proclaman-ganadores-de-la-primera-edicion-del-10k-5k\\\/#article\",\"isPartOf\":{\"@id\":\"https:\\\/\\\/coria.org\\\/ayuntamiento\\\/index.php\\\/2023\\\/10\\\/24\\\/alba-sanchez-y-ricardo-vela-se-proclaman-ganadores-de-la-primera-edicion-del-10k-5k\\\/\"},\"author\":{\"name\":\"ayuntamiento\",\"@id\":\"https:\\\/\\\/coria.org\\\/ayuntamiento\\\/#\\\/schema\\\/person\\\/8bd589f0e13e8ae5aa06def7a599d622\"},\"headline\":\"Alba S\u00e1nchez y Ricardo Vela, se proclaman ganadores de la Primera Edici\u00f3n del 10K-5K\",\"datePublished\":\"2023-10-24T12:50:03+00:00\",\"dateModified\":\"2024-01-23T13:18:49+00:00\",\"mainEntityOfPage\":{\"@id\":\"https:\\\/\\\/coria.org\\\/ayuntamiento\\\/index.php\\\/2023\\\/10\\\/24\\\/alba-sanchez-y-ricardo-vela-se-proclaman-ganadores-de-la-primera-edicion-del-10k-5k\\\/\"},\"wordCount\":427,\"publisher\":{\"@id\":\"https:\\\/\\\/coria.org\\\/ayuntamiento\\\/#organization\"},\"image\":{\"@id\":\"https:\\\/\\\/coria.org\\\/ayuntamiento\\\/index.php\\\/2023\\\/10\\\/24\\\/alba-sanchez-y-ricardo-vela-se-proclaman-ganadores-de-la-primera-edicion-del-10k-5k\\\/#primaryimage\"},\"thumbnailUrl\":\"https:\\\/\\\/coria.org\\\/ayuntamiento\\\/wp-content\\\/uploads\\\/2023\\\/10\\\/Ganadores-10k-5k.jpg\",\"keywords\":[\"10k\",\"5k\",\"atletismo\",\"deporte\",\"ganadores\"],\"articleSection\":[\"Noticias\"],\"inLanguage\":\"es\"},{\"@type\":\"WebPage\",\"@id\":\"https:\\\/\\\/coria.org\\\/ayuntamiento\\\/index.php\\\/2023\\\/10\\\/24\\\/alba-sanchez-y-ricardo-vela-se-proclaman-ganadores-de-la-primera-edicion-del-10k-5k\\\/\",\"url\":\"https:\\\/\\\/coria.org\\\/ayuntamiento\\\/index.php\\\/2023\\\/10\\\/24\\\/alba-sanchez-y-ricardo-vela-se-proclaman-ganadores-de-la-primera-edicion-del-10k-5k\\\/\",\"name\":\"Alba S\u00e1nchez y Ricardo Vela, se proclaman ganadores de la Primera Edici\u00f3n del 10K-5K - Ayuntamiento de Coria\",\"isPartOf\":{\"@id\":\"https:\\\/\\\/coria.org\\\/ayuntamiento\\\/#website\"},\"primaryImageOfPage\":{\"@id\":\"https:\\\/\\\/coria.org\\\/ayuntamiento\\\/index.php\\\/2023\\\/10\\\/24\\\/alba-sanchez-y-ricardo-vela-se-proclaman-ganadores-de-la-primera-edicion-del-10k-5k\\\/#primaryimage\"},\"image\":{\"@id\":\"https:\\\/\\\/coria.org\\\/ayuntamiento\\\/index.php\\\/2023\\\/10\\\/24\\\/alba-sanchez-y-ricardo-vela-se-proclaman-ganadores-de-la-primera-edicion-del-10k-5k\\\/#primaryimage\"},\"thumbnailUrl\":\"https:\\\/\\\/coria.org\\\/ayuntamiento\\\/wp-content\\\/uploads\\\/2023\\\/10\\\/Ganadores-10k-5k.jpg\",\"datePublished\":\"2023-10-24T12:50:03+00:00\",\"dateModified\":\"2024-01-23T13:18:49+00:00\",\"breadcrumb\":{\"@id\":\"https:\\\/\\\/coria.org\\\/ayuntamiento\\\/index.php\\\/2023\\\/10\\\/24\\\/alba-sanchez-y-ricardo-vela-se-proclaman-ganadores-de-la-primera-edicion-del-10k-5k\\\/#breadcrumb\"},\"inLanguage\":\"es\",\"potentialAction\":[{\"@type\":\"ReadAction\",\"target\":[\"https:\\\/\\\/coria.org\\\/ayuntamiento\\\/index.php\\\/2023\\\/10\\\/24\\\/alba-sanchez-y-ricardo-vela-se-proclaman-ganadores-de-la-primera-edicion-del-10k-5k\\\/\"]}]},{\"@type\":\"ImageObject\",\"inLanguage\":\"es\",\"@id\":\"https:\\\/\\\/coria.org\\\/ayuntamiento\\\/index.php\\\/2023\\\/10\\\/24\\\/alba-sanchez-y-ricardo-vela-se-proclaman-ganadores-de-la-primera-edicion-del-10k-5k\\\/#primaryimage\",\"url\":\"https:\\\/\\\/coria.org\\\/ayuntamiento\\\/wp-content\\\/uploads\\\/2023\\\/10\\\/Ganadores-10k-5k.jpg\",\"contentUrl\":\"https:\\\/\\\/coria.org\\\/ayuntamiento\\\/wp-content\\\/uploads\\\/2023\\\/10\\\/Ganadores-10k-5k.jpg\",\"width\":1024,\"height\":768},{\"@type\":\"BreadcrumbList\",\"@id\":\"https:\\\/\\\/coria.org\\\/ayuntamiento\\\/index.php\\\/2023\\\/10\\\/24\\\/alba-sanchez-y-ricardo-vela-se-proclaman-ganadores-de-la-primera-edicion-del-10k-5k\\\/#breadcrumb\",\"itemListElement\":[{\"@type\":\"ListItem\",\"position\":1,\"name\":\"Inicio\",\"item\":\"https:\\\/\\\/coria.org\\\/ayuntamiento\\\/\"},{\"@type\":\"ListItem\",\"position\":2,\"name\":\"Alba S\u00e1nchez y Ricardo Vela, se proclaman ganadores de la Primera Edici\u00f3n del 10K-5K\"}]},{\"@type\":\"WebSite\",\"@id\":\"https:\\\/\\\/coria.org\\\/ayuntamiento\\\/#website\",\"url\":\"https:\\\/\\\/coria.org\\\/ayuntamiento\\\/\",\"name\":\"Ayuntamiento de Coria\",\"description\":\"Web oficial del Ayuntamiento de Coria\",\"publisher\":{\"@id\":\"https:\\\/\\\/coria.org\\\/ayuntamiento\\\/#organization\"},\"alternateName\":\"Web Oficial del Ayuntamiento de Coria\",\"potentialAction\":[{\"@type\":\"SearchAction\",\"target\":{\"@type\":\"EntryPoint\",\"urlTemplate\":\"https:\\\/\\\/coria.org\\\/ayuntamiento\\\/?s={search_term_string}\"},\"query-input\":{\"@type\":\"PropertyValueSpecification\",\"valueRequired\":true,\"valueName\":\"search_term_string\"}}],\"inLanguage\":\"es\"},{\"@type\":\"Organization\",\"@id\":\"https:\\\/\\\/coria.org\\\/ayuntamiento\\\/#organization\",\"name\":\"Ayuntamiento de Coria\",\"alternateName\":\"Ayto de Coria\",\"url\":\"https:\\\/\\\/coria.org\\\/ayuntamiento\\\/\",\"logo\":{\"@type\":\"ImageObject\",\"inLanguage\":\"es\",\"@id\":\"https:\\\/\\\/coria.org\\\/ayuntamiento\\\/#\\\/schema\\\/logo\\\/image\\\/\",\"url\":\"https:\\\/\\\/coria.org\\\/ayuntamiento\\\/wp-content\\\/uploads\\\/2020\\\/12\\\/escudo-ayuntamiento-coria.png\",\"contentUrl\":\"https:\\\/\\\/coria.org\\\/ayuntamiento\\\/wp-content\\\/uploads\\\/2020\\\/12\\\/escudo-ayuntamiento-coria.png\",\"width\":511,\"height\":240,\"caption\":\"Ayuntamiento de Coria\"},\"image\":{\"@id\":\"https:\\\/\\\/coria.org\\\/ayuntamiento\\\/#\\\/schema\\\/logo\\\/image\\\/\"},\"sameAs\":[\"https:\\\/\\\/www.facebook.com\\\/Ayuntamiento.de.Coria\",\"https:\\\/\\\/x.com\\\/Ayto_de_Coria\",\"https:\\\/\\\/www.instagram.com\\\/coria.ayuntamiento\\\/\",\"https:\\\/\\\/www.youtube.com\\\/user\\\/AYUNTAMIENTOCORIA\"]},{\"@type\":\"Person\",\"@id\":\"https:\\\/\\\/coria.org\\\/ayuntamiento\\\/#\\\/schema\\\/person\\\/8bd589f0e13e8ae5aa06def7a599d622\",\"name\":\"ayuntamiento\",\"image\":{\"@type\":\"ImageObject\",\"inLanguage\":\"es\",\"@id\":\"https:\\\/\\\/secure.gravatar.com\\\/avatar\\\/966e5ed73cad334adda5c87f49f2547f7082f7292c1b627cbb548744383b391c?s=96&d=mm&r=g\",\"url\":\"https:\\\/\\\/secure.gravatar.com\\\/avatar\\\/966e5ed73cad334adda5c87f49f2547f7082f7292c1b627cbb548744383b391c?s=96&d=mm&r=g\",\"contentUrl\":\"https:\\\/\\\/secure.gravatar.com\\\/avatar\\\/966e5ed73cad334adda5c87f49f2547f7082f7292c1b627cbb548744383b391c?s=96&d=mm&r=g\",\"caption\":\"ayuntamiento\"}}]}<\/script>\n<!-- \/ Yoast SEO plugin. -->","yoast_head_json":{"title":"Alba S\u00e1nchez y Ricardo Vela, se proclaman ganadores de la Primera Edici\u00f3n del 10K-5K - Ayuntamiento de Coria","robots":{"index":"index","follow":"follow","max-snippet":"max-snippet:-1","max-image-preview":"max-image-preview:large","max-video-preview":"max-video-preview:-1"},"canonical":"https:\/\/coria.org\/ayuntamiento\/index.php\/2023\/10\/24\/alba-sanchez-y-ricardo-vela-se-proclaman-ganadores-de-la-primera-edicion-del-10k-5k\/","og_locale":"es_ES","og_type":"article","og_title":"Alba S\u00e1nchez y Ricardo Vela, se proclaman ganadores de la Primera Edici\u00f3n del 10K-5K - Ayuntamiento de Coria","og_description":"El pasado s\u00e1bado 21 de octubre se celebraba la Primera edici\u00f3n del 10K-5K Adem\u00e1s, contamos con la presencia de 21 clubes: C.D. Runners Barre\u00f1os, Iteam, Team Isla Sport, Club Andiajoa Torrejoncillo, Club Atletismo Coria, Club Triatl\u00f3n Coria, Atletas Populares Valle del Alag\u00f3n, Victores, Fondistas Moralo, Atletas Populares de Plasencia, Club Atletismo Plasencia, CEFOT-1, Grupo GECO, [&hellip;]","og_url":"https:\/\/coria.org\/ayuntamiento\/index.php\/2023\/10\/24\/alba-sanchez-y-ricardo-vela-se-proclaman-ganadores-de-la-primera-edicion-del-10k-5k\/","og_site_name":"Ayuntamiento de Coria","article_publisher":"https:\/\/www.facebook.com\/Ayuntamiento.de.Coria","article_published_time":"2023-10-24T12:50:03+00:00","article_modified_time":"2024-01-23T13:18:49+00:00","og_image":[{"width":1024,"height":768,"url":"https:\/\/coria.org\/ayuntamiento\/wp-content\/uploads\/2023\/10\/Ganadores-10k-5k.jpg","type":"image\/jpeg"}],"author":"ayuntamiento","twitter_card":"summary_large_image","twitter_creator":"@Ayto_de_Coria","twitter_site":"@Ayto_de_Coria","twitter_misc":{"Escrito por":"ayuntamiento","Tiempo de lectura":"2 minutos"},"schema":{"@context":"https:\/\/schema.org","@graph":[{"@type":"Article","@id":"https:\/\/coria.org\/ayuntamiento\/index.php\/2023\/10\/24\/alba-sanchez-y-ricardo-vela-se-proclaman-ganadores-de-la-primera-edicion-del-10k-5k\/#article","isPartOf":{"@id":"https:\/\/coria.org\/ayuntamiento\/index.php\/2023\/10\/24\/alba-sanchez-y-ricardo-vela-se-proclaman-ganadores-de-la-primera-edicion-del-10k-5k\/"},"author":{"name":"ayuntamiento","@id":"https:\/\/coria.org\/ayuntamiento\/#\/schema\/person\/8bd589f0e13e8ae5aa06def7a599d622"},"headline":"Alba S\u00e1nchez y Ricardo Vela, se proclaman ganadores de la Primera Edici\u00f3n del 10K-5K","datePublished":"2023-10-24T12:50:03+00:00","dateModified":"2024-01-23T13:18:49+00:00","mainEntityOfPage":{"@id":"https:\/\/coria.org\/ayuntamiento\/index.php\/2023\/10\/24\/alba-sanchez-y-ricardo-vela-se-proclaman-ganadores-de-la-primera-edicion-del-10k-5k\/"},"wordCount":427,"publisher":{"@id":"https:\/\/coria.org\/ayuntamiento\/#organization"},"image":{"@id":"https:\/\/coria.org\/ayuntamiento\/index.php\/2023\/10\/24\/alba-sanchez-y-ricardo-vela-se-proclaman-ganadores-de-la-primera-edicion-del-10k-5k\/#primaryimage"},"thumbnailUrl":"https:\/\/coria.org\/ayuntamiento\/wp-content\/uploads\/2023\/10\/Ganadores-10k-5k.jpg","keywords":["10k","5k","atletismo","deporte","ganadores"],"articleSection":["Noticias"],"inLanguage":"es"},{"@type":"WebPage","@id":"https:\/\/coria.org\/ayuntamiento\/index.php\/2023\/10\/24\/alba-sanchez-y-ricardo-vela-se-proclaman-ganadores-de-la-primera-edicion-del-10k-5k\/","url":"https:\/\/coria.org\/ayuntamiento\/index.php\/2023\/10\/24\/alba-sanchez-y-ricardo-vela-se-proclaman-ganadores-de-la-primera-edicion-del-10k-5k\/","name":"Alba S\u00e1nchez y Ricardo Vela, se proclaman ganadores de la Primera Edici\u00f3n del 10K-5K - Ayuntamiento de Coria","isPartOf":{"@id":"https:\/\/coria.org\/ayuntamiento\/#website"},"primaryImageOfPage":{"@id":"https:\/\/coria.org\/ayuntamiento\/index.php\/2023\/10\/24\/alba-sanchez-y-ricardo-vela-se-proclaman-ganadores-de-la-primera-edicion-del-10k-5k\/#primaryimage"},"image":{"@id":"https:\/\/coria.org\/ayuntamiento\/index.php\/2023\/10\/24\/alba-sanchez-y-ricardo-vela-se-proclaman-ganadores-de-la-primera-edicion-del-10k-5k\/#primaryimage"},"thumbnailUrl":"https:\/\/coria.org\/ayuntamiento\/wp-content\/uploads\/2023\/10\/Ganadores-10k-5k.jpg","datePublished":"2023-10-24T12:50:03+00:00","dateModified":"2024-01-23T13:18:49+00:00","breadcrumb":{"@id":"https:\/\/coria.org\/ayuntamiento\/index.php\/2023\/10\/24\/alba-sanchez-y-ricardo-vela-se-proclaman-ganadores-de-la-primera-edicion-del-10k-5k\/#breadcrumb"},"inLanguage":"es","potentialAction":[{"@type":"ReadAction","target":["https:\/\/coria.org\/ayuntamiento\/index.php\/2023\/10\/24\/alba-sanchez-y-ricardo-vela-se-proclaman-ganadores-de-la-primera-edicion-del-10k-5k\/"]}]},{"@type":"ImageObject","inLanguage":"es","@id":"https:\/\/coria.org\/ayuntamiento\/index.php\/2023\/10\/24\/alba-sanchez-y-ricardo-vela-se-proclaman-ganadores-de-la-primera-edicion-del-10k-5k\/#primaryimage","url":"https:\/\/coria.org\/ayuntamiento\/wp-content\/uploads\/2023\/10\/Ganadores-10k-5k.jpg","contentUrl":"https:\/\/coria.org\/ayuntamiento\/wp-content\/uploads\/2023\/10\/Ganadores-10k-5k.jpg","width":1024,"height":768},{"@type":"BreadcrumbList","@id":"https:\/\/coria.org\/ayuntamiento\/index.php\/2023\/10\/24\/alba-sanchez-y-ricardo-vela-se-proclaman-ganadores-de-la-primera-edicion-del-10k-5k\/#breadcrumb","itemListElement":[{"@type":"ListItem","position":1,"name":"Inicio","item":"https:\/\/coria.org\/ayuntamiento\/"},{"@type":"ListItem","position":2,"name":"Alba S\u00e1nchez y Ricardo Vela, se proclaman ganadores de la Primera Edici\u00f3n del 10K-5K"}]},{"@type":"WebSite","@id":"https:\/\/coria.org\/ayuntamiento\/#website","url":"https:\/\/coria.org\/ayuntamiento\/","name":"Ayuntamiento de Coria","description":"Web oficial del Ayuntamiento de Coria","publisher":{"@id":"https:\/\/coria.org\/ayuntamiento\/#organization"},"alternateName":"Web Oficial del Ayuntamiento de Coria","potentialAction":[{"@type":"SearchAction","target":{"@type":"EntryPoint","urlTemplate":"https:\/\/coria.org\/ayuntamiento\/?s={search_term_string}"},"query-input":{"@type":"PropertyValueSpecification","valueRequired":true,"valueName":"search_term_string"}}],"inLanguage":"es"},{"@type":"Organization","@id":"https:\/\/coria.org\/ayuntamiento\/#organization","name":"Ayuntamiento de Coria","alternateName":"Ayto de Coria","url":"https:\/\/coria.org\/ayuntamiento\/","logo":{"@type":"ImageObject","inLanguage":"es","@id":"https:\/\/coria.org\/ayuntamiento\/#\/schema\/logo\/image\/","url":"https:\/\/coria.org\/ayuntamiento\/wp-content\/uploads\/2020\/12\/escudo-ayuntamiento-coria.png","contentUrl":"https:\/\/coria.org\/ayuntamiento\/wp-content\/uploads\/2020\/12\/escudo-ayuntamiento-coria.png","width":511,"height":240,"caption":"Ayuntamiento de Coria"},"image":{"@id":"https:\/\/coria.org\/ayuntamiento\/#\/schema\/logo\/image\/"},"sameAs":["https:\/\/www.facebook.com\/Ayuntamiento.de.Coria","https:\/\/x.com\/Ayto_de_Coria","https:\/\/www.instagram.com\/coria.ayuntamiento\/","https:\/\/www.youtube.com\/user\/AYUNTAMIENTOCORIA"]},{"@type":"Person","@id":"https:\/\/coria.org\/ayuntamiento\/#\/schema\/person\/8bd589f0e13e8ae5aa06def7a599d622","name":"ayuntamiento","image":{"@type":"ImageObject","inLanguage":"es","@id":"https:\/\/secure.gravatar.com\/avatar\/966e5ed73cad334adda5c87f49f2547f7082f7292c1b627cbb548744383b391c?s=96&d=mm&r=g","url":"https:\/\/secure.gravatar.com\/avatar\/966e5ed73cad334adda5c87f49f2547f7082f7292c1b627cbb548744383b391c?s=96&d=mm&r=g","contentUrl":"https:\/\/secure.gravatar.com\/avatar\/966e5ed73cad334adda5c87f49f2547f7082f7292c1b627cbb548744383b391c?s=96&d=mm&r=g","caption":"ayuntamiento"}}]}},"uagb_featured_image_src":{"full":["https:\/\/coria.org\/ayuntamiento\/wp-content\/uploads\/2023\/10\/Ganadores-10k-5k.jpg",1024,768,false],"thumbnail":["https:\/\/coria.org\/ayuntamiento\/wp-content\/uploads\/2023\/10\/Ganadores-10k-5k-150x150.jpg",150,150,true],"medium":["https:\/\/coria.org\/ayuntamiento\/wp-content\/uploads\/2023\/10\/Ganadores-10k-5k-300x225.jpg",300,225,true],"medium_large":["https:\/\/coria.org\/ayuntamiento\/wp-content\/uploads\/2023\/10\/Ganadores-10k-5k-768x576.jpg",768,576,true],"large":["https:\/\/coria.org\/ayuntamiento\/wp-content\/uploads\/2023\/10\/Ganadores-10k-5k.jpg",1024,768,false],"thumblist":["https:\/\/coria.org\/ayuntamiento\/wp-content\/uploads\/2023\/10\/Ganadores-10k-5k.jpg",300,225,false],"thumbrelated":["https:\/\/coria.org\/ayuntamiento\/wp-content\/uploads\/2023\/10\/Ganadores-10k-5k.jpg",500,375,false],"meccarouselthumb":["https:\/\/coria.org\/ayuntamiento\/wp-content\/uploads\/2023\/10\/Ganadores-10k-5k.jpg",432,324,false],"gridsquare":["https:\/\/coria.org\/ayuntamiento\/wp-content\/uploads\/2023\/10\/Ganadores-10k-5k.jpg",347,260,false],"tileview":["https:\/\/coria.org\/ayuntamiento\/wp-content\/uploads\/2023\/10\/Ganadores-10k-5k.jpg",300,225,false],"1536x1536":["https:\/\/coria.org\/ayuntamiento\/wp-content\/uploads\/2023\/10\/Ganadores-10k-5k.jpg",1024,768,false],"2048x2048":["https:\/\/coria.org\/ayuntamiento\/wp-content\/uploads\/2023\/10\/Ganadores-10k-5k.jpg",1024,768,false]},"uagb_author_info":{"display_name":"ayuntamiento","author_link":"https:\/\/coria.org\/ayuntamiento\/index.php\/author\/ayuntamiento\/"},"uagb_comment_info":0,"uagb_excerpt":"El pasado s\u00e1bado 21 de octubre se celebraba la Primera edici\u00f3n del 10K-5K Adem\u00e1s, contamos con la presencia de 21 clubes: C.D. Runners Barre\u00f1os, Iteam, Team Isla Sport, Club Andiajoa Torrejoncillo, Club Atletismo Coria, Club Triatl\u00f3n Coria, Atletas Populares Valle del Alag\u00f3n, Victores, Fondistas Moralo, Atletas Populares de Plasencia, Club Atletismo Plasencia, CEFOT-1, Grupo GECO,&hellip;","_links":{"self":[{"href":"https:\/\/coria.org\/ayuntamiento\/index.php\/wp-json\/wp\/v2\/posts\/57423","targetHints":{"allow":["GET"]}}],"collection":[{"href":"https:\/\/coria.org\/ayuntamiento\/index.php\/wp-json\/wp\/v2\/posts"}],"about":[{"href":"https:\/\/coria.org\/ayuntamiento\/index.php\/wp-json\/wp\/v2\/types\/post"}],"author":[{"embeddable":true,"href":"https:\/\/coria.org\/ayuntamiento\/index.php\/wp-json\/wp\/v2\/users\/2"}],"replies":[{"embeddable":true,"href":"https:\/\/coria.org\/ayuntamiento\/index.php\/wp-json\/wp\/v2\/comments?post=57423"}],"version-history":[{"count":0,"href":"https:\/\/coria.org\/ayuntamiento\/index.php\/wp-json\/wp\/v2\/posts\/57423\/revisions"}],"wp:featuredmedia":[{"embeddable":true,"href":"https:\/\/coria.org\/ayuntamiento\/index.php\/wp-json\/wp\/v2\/media\/57424"}],"wp:attachment":[{"href":"https:\/\/coria.org\/ayuntamiento\/index.php\/wp-json\/wp\/v2\/media?parent=57423"}],"wp:term":[{"taxonomy":"category","embeddable":true,"href":"https:\/\/coria.org\/ayuntamiento\/index.php\/wp-json\/wp\/v2\/categories?post=57423"},{"taxonomy":"post_tag","embeddable":true,"href":"https:\/\/coria.org\/ayuntamiento\/index.php\/wp-json\/wp\/v2\/tags?post=57423"}],"curies":[{"name":"wp","href":"https:\/\/api.w.org\/{rel}","templated":true}]}}