{"id":51723,"date":"2010-06-10T00:00:00","date_gmt":"2010-06-09T22:00:00","guid":{"rendered":"https:\/\/ayuntamiento.coriaenimagenes.com\/iii-jornadas-de-puertas-abiertas-del-poligono-industrial-los-rosales-2\/"},"modified":"2023-11-16T11:25:09","modified_gmt":"2023-11-16T10:25:09","slug":"iii-jornadas-de-puertas-abiertas-del-poligono-industrial-los-rosales-2","status":"publish","type":"post","link":"https:\/\/coria.org\/ayuntamiento\/index.php\/2010\/06\/10\/iii-jornadas-de-puertas-abiertas-del-poligono-industrial-los-rosales-2\/","title":{"rendered":"III Jornadas de Puertas Abiertas del Pol\u00edgono Industrial \u00abLos Rosales\u00bb"},"content":{"rendered":"\n<p><b>Se comunica a los medios de comunicaci\u00f3n que ma\u00f1ana, d\u00eda 11 de junio a las 10:30 horas, visitar\u00e1n las III Jornadas de Puertas Abiertas organizadas por la Entidad de Conservaci\u00f3n del Pol\u00edgono Industrial \u00abLos Rosales\u00bb, el Sr. Director General de Comercio de la Junta de Extremadura, D. Pedro Antonio Jara Gal\u00e1n, y el Sr. Alcalde-Presidente, D. Juan Valle Barbero.<\/b><\/p>\n\n\n\n<p><b><\/b>Atender\u00e1n a los medios en el Restaurante Los Rosales a las 10:45h. de la ma\u00f1ana.<\/p>\n\n\n\n<p>Agradeciendo de antemano su asistencia<br \/>Excmo. Ayuntamiento de Coria<\/p>\n","protected":false},"excerpt":{"rendered":"<p>Se comunica a los medios de comunicaci\u00f3n que ma\u00f1ana, d\u00eda 11 de junio a las 10:30 horas, visitar\u00e1n las III Jornadas de Puertas Abiertas organizadas por la Entidad de Conservaci\u00f3n del Pol\u00edgono Industrial \u00abLos Rosales\u00bb, el Sr. Director General de Comercio de la Junta de Extremadura, D. Pedro Antonio Jara Gal\u00e1n, y el Sr. Alcalde-Presidente, [&hellip;]<\/p>\n","protected":false},"author":2,"featured_media":0,"comment_status":"closed","ping_status":"closed","sticky":false,"template":"","format":"standard","meta":{"_uag_custom_page_level_css":"","footnotes":""},"categories":[2],"tags":[698,756],"class_list":["post-51723","post","type-post","status-publish","format-standard","hentry","category-noticias","tag-jornadas","tag-los-rosales"],"yoast_head":"<!-- This site is optimized with the Yoast SEO plugin v27.4 - https:\/\/yoast.com\/product\/yoast-seo-wordpress\/ -->\n<title>III Jornadas de Puertas Abiertas del Pol\u00edgono Industrial &quot;Los Rosales&quot; - Ayuntamiento de Coria<\/title>\n<meta name=\"robots\" content=\"index, follow, max-snippet:-1, max-image-preview:large, max-video-preview:-1\" \/>\n<link rel=\"canonical\" href=\"https:\/\/coria.org\/ayuntamiento\/index.php\/2010\/06\/10\/iii-jornadas-de-puertas-abiertas-del-poligono-industrial-los-rosales-2\/\" \/>\n<meta property=\"og:locale\" content=\"es_ES\" \/>\n<meta property=\"og:type\" content=\"article\" \/>\n<meta property=\"og:title\" content=\"III Jornadas de Puertas Abiertas del Pol\u00edgono Industrial &quot;Los Rosales&quot; - Ayuntamiento de Coria\" \/>\n<meta property=\"og:description\" content=\"Se comunica a los medios de comunicaci\u00f3n que ma\u00f1ana, d\u00eda 11 de junio a las 10:30 horas, visitar\u00e1n las III Jornadas de Puertas Abiertas organizadas por la Entidad de Conservaci\u00f3n del Pol\u00edgono Industrial \u00abLos Rosales\u00bb, el Sr. Director General de Comercio de la Junta de Extremadura, D. Pedro Antonio Jara Gal\u00e1n, y el Sr. Alcalde-Presidente, [&hellip;]\" \/>\n<meta property=\"og:url\" content=\"https:\/\/coria.org\/ayuntamiento\/index.php\/2010\/06\/10\/iii-jornadas-de-puertas-abiertas-del-poligono-industrial-los-rosales-2\/\" \/>\n<meta property=\"og:site_name\" content=\"Ayuntamiento de Coria\" \/>\n<meta property=\"article:publisher\" content=\"https:\/\/www.facebook.com\/Ayuntamiento.de.Coria\" \/>\n<meta property=\"article:published_time\" content=\"2010-06-09T22:00:00+00:00\" \/>\n<meta property=\"article:modified_time\" content=\"2023-11-16T10:25:09+00:00\" \/>\n<meta name=\"author\" content=\"ayuntamiento\" \/>\n<meta name=\"twitter:card\" content=\"summary_large_image\" \/>\n<meta name=\"twitter:creator\" content=\"@Ayto_de_Coria\" \/>\n<meta name=\"twitter:site\" content=\"@Ayto_de_Coria\" \/>\n<meta name=\"twitter:label1\" content=\"Escrito por\" \/>\n\t<meta name=\"twitter:data1\" content=\"ayuntamiento\" \/>\n<script type=\"application\/ld+json\" class=\"yoast-schema-graph\">{\"@context\":\"https:\\\/\\\/schema.org\",\"@graph\":[{\"@type\":\"Article\",\"@id\":\"https:\\\/\\\/coria.org\\\/ayuntamiento\\\/index.php\\\/2010\\\/06\\\/10\\\/iii-jornadas-de-puertas-abiertas-del-poligono-industrial-los-rosales-2\\\/#article\",\"isPartOf\":{\"@id\":\"https:\\\/\\\/coria.org\\\/ayuntamiento\\\/index.php\\\/2010\\\/06\\\/10\\\/iii-jornadas-de-puertas-abiertas-del-poligono-industrial-los-rosales-2\\\/\"},\"author\":{\"name\":\"ayuntamiento\",\"@id\":\"https:\\\/\\\/coria.org\\\/ayuntamiento\\\/#\\\/schema\\\/person\\\/8bd589f0e13e8ae5aa06def7a599d622\"},\"headline\":\"III Jornadas de Puertas Abiertas del Pol\u00edgono Industrial \u00abLos Rosales\u00bb\",\"datePublished\":\"2010-06-09T22:00:00+00:00\",\"dateModified\":\"2023-11-16T10:25:09+00:00\",\"mainEntityOfPage\":{\"@id\":\"https:\\\/\\\/coria.org\\\/ayuntamiento\\\/index.php\\\/2010\\\/06\\\/10\\\/iii-jornadas-de-puertas-abiertas-del-poligono-industrial-los-rosales-2\\\/\"},\"wordCount\":100,\"publisher\":{\"@id\":\"https:\\\/\\\/coria.org\\\/ayuntamiento\\\/#organization\"},\"keywords\":[\"jornadas\",\"los rosales\"],\"articleSection\":[\"Noticias\"],\"inLanguage\":\"es\"},{\"@type\":\"WebPage\",\"@id\":\"https:\\\/\\\/coria.org\\\/ayuntamiento\\\/index.php\\\/2010\\\/06\\\/10\\\/iii-jornadas-de-puertas-abiertas-del-poligono-industrial-los-rosales-2\\\/\",\"url\":\"https:\\\/\\\/coria.org\\\/ayuntamiento\\\/index.php\\\/2010\\\/06\\\/10\\\/iii-jornadas-de-puertas-abiertas-del-poligono-industrial-los-rosales-2\\\/\",\"name\":\"III Jornadas de Puertas Abiertas del Pol\u00edgono Industrial \\\"Los Rosales\\\" - Ayuntamiento de Coria\",\"isPartOf\":{\"@id\":\"https:\\\/\\\/coria.org\\\/ayuntamiento\\\/#website\"},\"datePublished\":\"2010-06-09T22:00:00+00:00\",\"dateModified\":\"2023-11-16T10:25:09+00:00\",\"breadcrumb\":{\"@id\":\"https:\\\/\\\/coria.org\\\/ayuntamiento\\\/index.php\\\/2010\\\/06\\\/10\\\/iii-jornadas-de-puertas-abiertas-del-poligono-industrial-los-rosales-2\\\/#breadcrumb\"},\"inLanguage\":\"es\",\"potentialAction\":[{\"@type\":\"ReadAction\",\"target\":[\"https:\\\/\\\/coria.org\\\/ayuntamiento\\\/index.php\\\/2010\\\/06\\\/10\\\/iii-jornadas-de-puertas-abiertas-del-poligono-industrial-los-rosales-2\\\/\"]}]},{\"@type\":\"BreadcrumbList\",\"@id\":\"https:\\\/\\\/coria.org\\\/ayuntamiento\\\/index.php\\\/2010\\\/06\\\/10\\\/iii-jornadas-de-puertas-abiertas-del-poligono-industrial-los-rosales-2\\\/#breadcrumb\",\"itemListElement\":[{\"@type\":\"ListItem\",\"position\":1,\"name\":\"Inicio\",\"item\":\"https:\\\/\\\/coria.org\\\/ayuntamiento\\\/\"},{\"@type\":\"ListItem\",\"position\":2,\"name\":\"III Jornadas de Puertas Abiertas del Pol\u00edgono Industrial \u00abLos Rosales\u00bb\"}]},{\"@type\":\"WebSite\",\"@id\":\"https:\\\/\\\/coria.org\\\/ayuntamiento\\\/#website\",\"url\":\"https:\\\/\\\/coria.org\\\/ayuntamiento\\\/\",\"name\":\"Ayuntamiento de Coria\",\"description\":\"Web oficial del Ayuntamiento de Coria\",\"publisher\":{\"@id\":\"https:\\\/\\\/coria.org\\\/ayuntamiento\\\/#organization\"},\"alternateName\":\"Web Oficial del Ayuntamiento de Coria\",\"potentialAction\":[{\"@type\":\"SearchAction\",\"target\":{\"@type\":\"EntryPoint\",\"urlTemplate\":\"https:\\\/\\\/coria.org\\\/ayuntamiento\\\/?s={search_term_string}\"},\"query-input\":{\"@type\":\"PropertyValueSpecification\",\"valueRequired\":true,\"valueName\":\"search_term_string\"}}],\"inLanguage\":\"es\"},{\"@type\":\"Organization\",\"@id\":\"https:\\\/\\\/coria.org\\\/ayuntamiento\\\/#organization\",\"name\":\"Ayuntamiento de Coria\",\"alternateName\":\"Ayto de Coria\",\"url\":\"https:\\\/\\\/coria.org\\\/ayuntamiento\\\/\",\"logo\":{\"@type\":\"ImageObject\",\"inLanguage\":\"es\",\"@id\":\"https:\\\/\\\/coria.org\\\/ayuntamiento\\\/#\\\/schema\\\/logo\\\/image\\\/\",\"url\":\"https:\\\/\\\/coria.org\\\/ayuntamiento\\\/wp-content\\\/uploads\\\/2020\\\/12\\\/escudo-ayuntamiento-coria.png\",\"contentUrl\":\"https:\\\/\\\/coria.org\\\/ayuntamiento\\\/wp-content\\\/uploads\\\/2020\\\/12\\\/escudo-ayuntamiento-coria.png\",\"width\":511,\"height\":240,\"caption\":\"Ayuntamiento de Coria\"},\"image\":{\"@id\":\"https:\\\/\\\/coria.org\\\/ayuntamiento\\\/#\\\/schema\\\/logo\\\/image\\\/\"},\"sameAs\":[\"https:\\\/\\\/www.facebook.com\\\/Ayuntamiento.de.Coria\",\"https:\\\/\\\/x.com\\\/Ayto_de_Coria\",\"https:\\\/\\\/www.instagram.com\\\/coria.ayuntamiento\\\/\",\"https:\\\/\\\/www.youtube.com\\\/user\\\/AYUNTAMIENTOCORIA\"]},{\"@type\":\"Person\",\"@id\":\"https:\\\/\\\/coria.org\\\/ayuntamiento\\\/#\\\/schema\\\/person\\\/8bd589f0e13e8ae5aa06def7a599d622\",\"name\":\"ayuntamiento\",\"image\":{\"@type\":\"ImageObject\",\"inLanguage\":\"es\",\"@id\":\"https:\\\/\\\/secure.gravatar.com\\\/avatar\\\/966e5ed73cad334adda5c87f49f2547f7082f7292c1b627cbb548744383b391c?s=96&d=mm&r=g\",\"url\":\"https:\\\/\\\/secure.gravatar.com\\\/avatar\\\/966e5ed73cad334adda5c87f49f2547f7082f7292c1b627cbb548744383b391c?s=96&d=mm&r=g\",\"contentUrl\":\"https:\\\/\\\/secure.gravatar.com\\\/avatar\\\/966e5ed73cad334adda5c87f49f2547f7082f7292c1b627cbb548744383b391c?s=96&d=mm&r=g\",\"caption\":\"ayuntamiento\"}}]}<\/script>\n<!-- \/ Yoast SEO plugin. -->","yoast_head_json":{"title":"III Jornadas de Puertas Abiertas del Pol\u00edgono Industrial \"Los Rosales\" - Ayuntamiento de Coria","robots":{"index":"index","follow":"follow","max-snippet":"max-snippet:-1","max-image-preview":"max-image-preview:large","max-video-preview":"max-video-preview:-1"},"canonical":"https:\/\/coria.org\/ayuntamiento\/index.php\/2010\/06\/10\/iii-jornadas-de-puertas-abiertas-del-poligono-industrial-los-rosales-2\/","og_locale":"es_ES","og_type":"article","og_title":"III Jornadas de Puertas Abiertas del Pol\u00edgono Industrial \"Los Rosales\" - Ayuntamiento de Coria","og_description":"Se comunica a los medios de comunicaci\u00f3n que ma\u00f1ana, d\u00eda 11 de junio a las 10:30 horas, visitar\u00e1n las III Jornadas de Puertas Abiertas organizadas por la Entidad de Conservaci\u00f3n del Pol\u00edgono Industrial \u00abLos Rosales\u00bb, el Sr. Director General de Comercio de la Junta de Extremadura, D. Pedro Antonio Jara Gal\u00e1n, y el Sr. Alcalde-Presidente, [&hellip;]","og_url":"https:\/\/coria.org\/ayuntamiento\/index.php\/2010\/06\/10\/iii-jornadas-de-puertas-abiertas-del-poligono-industrial-los-rosales-2\/","og_site_name":"Ayuntamiento de Coria","article_publisher":"https:\/\/www.facebook.com\/Ayuntamiento.de.Coria","article_published_time":"2010-06-09T22:00:00+00:00","article_modified_time":"2023-11-16T10:25:09+00:00","author":"ayuntamiento","twitter_card":"summary_large_image","twitter_creator":"@Ayto_de_Coria","twitter_site":"@Ayto_de_Coria","twitter_misc":{"Escrito por":"ayuntamiento"},"schema":{"@context":"https:\/\/schema.org","@graph":[{"@type":"Article","@id":"https:\/\/coria.org\/ayuntamiento\/index.php\/2010\/06\/10\/iii-jornadas-de-puertas-abiertas-del-poligono-industrial-los-rosales-2\/#article","isPartOf":{"@id":"https:\/\/coria.org\/ayuntamiento\/index.php\/2010\/06\/10\/iii-jornadas-de-puertas-abiertas-del-poligono-industrial-los-rosales-2\/"},"author":{"name":"ayuntamiento","@id":"https:\/\/coria.org\/ayuntamiento\/#\/schema\/person\/8bd589f0e13e8ae5aa06def7a599d622"},"headline":"III Jornadas de Puertas Abiertas del Pol\u00edgono Industrial \u00abLos Rosales\u00bb","datePublished":"2010-06-09T22:00:00+00:00","dateModified":"2023-11-16T10:25:09+00:00","mainEntityOfPage":{"@id":"https:\/\/coria.org\/ayuntamiento\/index.php\/2010\/06\/10\/iii-jornadas-de-puertas-abiertas-del-poligono-industrial-los-rosales-2\/"},"wordCount":100,"publisher":{"@id":"https:\/\/coria.org\/ayuntamiento\/#organization"},"keywords":["jornadas","los rosales"],"articleSection":["Noticias"],"inLanguage":"es"},{"@type":"WebPage","@id":"https:\/\/coria.org\/ayuntamiento\/index.php\/2010\/06\/10\/iii-jornadas-de-puertas-abiertas-del-poligono-industrial-los-rosales-2\/","url":"https:\/\/coria.org\/ayuntamiento\/index.php\/2010\/06\/10\/iii-jornadas-de-puertas-abiertas-del-poligono-industrial-los-rosales-2\/","name":"III Jornadas de Puertas Abiertas del Pol\u00edgono Industrial \"Los Rosales\" - Ayuntamiento de Coria","isPartOf":{"@id":"https:\/\/coria.org\/ayuntamiento\/#website"},"datePublished":"2010-06-09T22:00:00+00:00","dateModified":"2023-11-16T10:25:09+00:00","breadcrumb":{"@id":"https:\/\/coria.org\/ayuntamiento\/index.php\/2010\/06\/10\/iii-jornadas-de-puertas-abiertas-del-poligono-industrial-los-rosales-2\/#breadcrumb"},"inLanguage":"es","potentialAction":[{"@type":"ReadAction","target":["https:\/\/coria.org\/ayuntamiento\/index.php\/2010\/06\/10\/iii-jornadas-de-puertas-abiertas-del-poligono-industrial-los-rosales-2\/"]}]},{"@type":"BreadcrumbList","@id":"https:\/\/coria.org\/ayuntamiento\/index.php\/2010\/06\/10\/iii-jornadas-de-puertas-abiertas-del-poligono-industrial-los-rosales-2\/#breadcrumb","itemListElement":[{"@type":"ListItem","position":1,"name":"Inicio","item":"https:\/\/coria.org\/ayuntamiento\/"},{"@type":"ListItem","position":2,"name":"III Jornadas de Puertas Abiertas del Pol\u00edgono Industrial \u00abLos Rosales\u00bb"}]},{"@type":"WebSite","@id":"https:\/\/coria.org\/ayuntamiento\/#website","url":"https:\/\/coria.org\/ayuntamiento\/","name":"Ayuntamiento de Coria","description":"Web oficial del Ayuntamiento de Coria","publisher":{"@id":"https:\/\/coria.org\/ayuntamiento\/#organization"},"alternateName":"Web Oficial del Ayuntamiento de Coria","potentialAction":[{"@type":"SearchAction","target":{"@type":"EntryPoint","urlTemplate":"https:\/\/coria.org\/ayuntamiento\/?s={search_term_string}"},"query-input":{"@type":"PropertyValueSpecification","valueRequired":true,"valueName":"search_term_string"}}],"inLanguage":"es"},{"@type":"Organization","@id":"https:\/\/coria.org\/ayuntamiento\/#organization","name":"Ayuntamiento de Coria","alternateName":"Ayto de Coria","url":"https:\/\/coria.org\/ayuntamiento\/","logo":{"@type":"ImageObject","inLanguage":"es","@id":"https:\/\/coria.org\/ayuntamiento\/#\/schema\/logo\/image\/","url":"https:\/\/coria.org\/ayuntamiento\/wp-content\/uploads\/2020\/12\/escudo-ayuntamiento-coria.png","contentUrl":"https:\/\/coria.org\/ayuntamiento\/wp-content\/uploads\/2020\/12\/escudo-ayuntamiento-coria.png","width":511,"height":240,"caption":"Ayuntamiento de Coria"},"image":{"@id":"https:\/\/coria.org\/ayuntamiento\/#\/schema\/logo\/image\/"},"sameAs":["https:\/\/www.facebook.com\/Ayuntamiento.de.Coria","https:\/\/x.com\/Ayto_de_Coria","https:\/\/www.instagram.com\/coria.ayuntamiento\/","https:\/\/www.youtube.com\/user\/AYUNTAMIENTOCORIA"]},{"@type":"Person","@id":"https:\/\/coria.org\/ayuntamiento\/#\/schema\/person\/8bd589f0e13e8ae5aa06def7a599d622","name":"ayuntamiento","image":{"@type":"ImageObject","inLanguage":"es","@id":"https:\/\/secure.gravatar.com\/avatar\/966e5ed73cad334adda5c87f49f2547f7082f7292c1b627cbb548744383b391c?s=96&d=mm&r=g","url":"https:\/\/secure.gravatar.com\/avatar\/966e5ed73cad334adda5c87f49f2547f7082f7292c1b627cbb548744383b391c?s=96&d=mm&r=g","contentUrl":"https:\/\/secure.gravatar.com\/avatar\/966e5ed73cad334adda5c87f49f2547f7082f7292c1b627cbb548744383b391c?s=96&d=mm&r=g","caption":"ayuntamiento"}}]}},"uagb_featured_image_src":{"full":false,"thumbnail":false,"medium":false,"medium_large":false,"large":false,"thumblist":false,"thumbrelated":false,"meccarouselthumb":false,"gridsquare":false,"tileview":false,"1536x1536":false,"2048x2048":false},"uagb_author_info":{"display_name":"ayuntamiento","author_link":"https:\/\/coria.org\/ayuntamiento\/index.php\/author\/ayuntamiento\/"},"uagb_comment_info":0,"uagb_excerpt":"Se comunica a los medios de comunicaci\u00f3n que ma\u00f1ana, d\u00eda 11 de junio a las 10:30 horas, visitar\u00e1n las III Jornadas de Puertas Abiertas organizadas por la Entidad de Conservaci\u00f3n del Pol\u00edgono Industrial \u00abLos Rosales\u00bb, el Sr. Director General de Comercio de la Junta de Extremadura, D. Pedro Antonio Jara Gal\u00e1n, y el Sr. Alcalde-Presidente,&hellip;","_links":{"self":[{"href":"https:\/\/coria.org\/ayuntamiento\/index.php\/wp-json\/wp\/v2\/posts\/51723","targetHints":{"allow":["GET"]}}],"collection":[{"href":"https:\/\/coria.org\/ayuntamiento\/index.php\/wp-json\/wp\/v2\/posts"}],"about":[{"href":"https:\/\/coria.org\/ayuntamiento\/index.php\/wp-json\/wp\/v2\/types\/post"}],"author":[{"embeddable":true,"href":"https:\/\/coria.org\/ayuntamiento\/index.php\/wp-json\/wp\/v2\/users\/2"}],"replies":[{"embeddable":true,"href":"https:\/\/coria.org\/ayuntamiento\/index.php\/wp-json\/wp\/v2\/comments?post=51723"}],"version-history":[{"count":0,"href":"https:\/\/coria.org\/ayuntamiento\/index.php\/wp-json\/wp\/v2\/posts\/51723\/revisions"}],"wp:attachment":[{"href":"https:\/\/coria.org\/ayuntamiento\/index.php\/wp-json\/wp\/v2\/media?parent=51723"}],"wp:term":[{"taxonomy":"category","embeddable":true,"href":"https:\/\/coria.org\/ayuntamiento\/index.php\/wp-json\/wp\/v2\/categories?post=51723"},{"taxonomy":"post_tag","embeddable":true,"href":"https:\/\/coria.org\/ayuntamiento\/index.php\/wp-json\/wp\/v2\/tags?post=51723"}],"curies":[{"name":"wp","href":"https:\/\/api.w.org\/{rel}","templated":true}]}}