{"id":43807,"date":"2023-06-21T08:56:47","date_gmt":"2023-06-21T06:56:47","guid":{"rendered":"https:\/\/turismocoria.es\/importacion\/index.php\/2023\/06\/21\/convocatoria-del-pleno-extraordinario-de-junio-de-2023\/"},"modified":"2023-10-31T09:20:24","modified_gmt":"2023-10-31T08:20:24","slug":"convocatoria-del-pleno-extraordinario-de-junio-de-2023","status":"publish","type":"post","link":"https:\/\/coria.org\/ayuntamiento\/index.php\/2023\/06\/21\/convocatoria-del-pleno-extraordinario-de-junio-de-2023\/","title":{"rendered":"Convocatoria del Pleno Extraordinario de junio de 2023"},"content":{"rendered":"\n<p>El jueves 22 de junio de 2023 tendr\u00e1 lugar el Pleno Extraordinario del Ayuntamiento de Coria.<\/p>\n\n\n<figure class=\"wp-block-post-featured-image\"><img loading=\"lazy\" decoding=\"async\" width=\"1024\" height=\"576\" src=\"https:\/\/coria.org\/ayuntamiento\/wp-content\/uploads\/2022\/02\/ayto.jpg\" class=\"attachment-post-thumbnail size-post-thumbnail wp-post-image\" alt=\"\" style=\"object-fit:cover;\" srcset=\"https:\/\/coria.org\/ayuntamiento\/wp-content\/uploads\/2022\/02\/ayto.jpg 1024w, https:\/\/coria.org\/ayuntamiento\/wp-content\/uploads\/2022\/02\/ayto-300x169.jpg 300w, https:\/\/coria.org\/ayuntamiento\/wp-content\/uploads\/2022\/02\/ayto-768x432.jpg 768w\" sizes=\"auto, (max-width: 1024px) 100vw, 1024px\" \/><\/figure>\n\n\n<p>La Sra. Alcaldesa de la Ciudad de Coria ha dictado una Resoluci\u00f3n que, copiada literalmente, es del siguiente tenor:<\/p>\n\n\n\n<p>\u201cConstituido formalmente este Ayuntamiento el d\u00eda 17 de junio de 2023, para dar cumplimiento a lo dispuesto en el art\u00edculo 38 del Reglamento de Organizaci\u00f3n, Funcionamiento y R\u00e9gimen Jur\u00eddico de las Entidades Locales de 28 de noviembre de 1986, se convoca a<\/p>\n\n\n\n<p class=\\\"has-text-align-center\\\"><strong>SESI\u00d3N EXTRAORDINARIA DEL PLENO MUNICIPAL<\/strong><\/p>\n\n\n\n<p>para las 13:00 horas del d\u00eda 22 de junio de 2023, a fin de tratar y resolver los asuntos incluidos en el siguiente<\/p>\n\n\n\n<p class=\\\"has-text-align-center\\\"><strong>ORDEN DEL D\u00cdA<\/strong><\/p>\n\n\n\n<p>1.- Fijaci\u00f3n de la periodicidad de las sesiones ordinarias del Pleno.<\/p>\n\n\n\n<p>2.- Creaci\u00f3n y composici\u00f3n de las Comisiones Informativas Permanentes y Especial de Cuentas.<\/p>\n\n\n\n<p>3.- Convocatorias a \u00f3rganos colegiados a trav\u00e9s de Sede Electr\u00f3nica.<\/p>\n\n\n\n<p>4.- Nombramiento de representantes de la Corporaci\u00f3n en \u00f3rganos colegiados que sean de la competencia del Pleno.<\/p>\n\n\n\n<p>5.- Fijaci\u00f3n de las cuant\u00edas por asistencia a Plenos, Comisiones Informativas y Junta de Gobierno Local.<\/p>\n\n\n\n<p>6.- Designaci\u00f3n de puestos que se desempe\u00f1ar\u00e1n en dedicaci\u00f3n exclusiva o parcial.<\/p>\n\n\n\n<p>7.- Determinaci\u00f3n del n\u00famero, caracter\u00edsticas y retribuciones del Personal eventual o de confianza.<\/p>\n\n\n\n<p>8.- Conocimiento de Resoluci\u00f3n de la Alcald\u00eda sobre nombramiento de Tenientes de Alcalde.<\/p>\n\n\n\n<p>9.- Conocimiento de Resoluci\u00f3n de la Alcald\u00eda sobre nombramiento de miembros de la Junta de Gobierno Local y delegaciones en dicho \u00f3rgano.<\/p>\n\n\n\n<p>10.- Conocimiento de Resoluci\u00f3n de la Alcald\u00eda sobre nombramiento de Concejales Delegados.<\/p>\n\n\n\n<p>11.- Conocimiento de Resoluci\u00f3n de la Alcald\u00eda sobre nombramiento de representantes personales de la Alcald\u00eda en Puebla de Argeme y Rinc\u00f3n del Obispo.<\/p>\n\n\n\n<p>12.- Daci\u00f3n de cuentas de los Grupos Pol\u00edticos constituidos.<\/p>\n\n\n\n<p>13.- Informes y Resoluciones de la Alcald\u00eda.\u201d<\/p>\n\n\n\n<p>Lo que comunico para su conocimiento y efecto.<\/p>\n","protected":false},"excerpt":{"rendered":"<p>El jueves 22 de junio de 2023 tendr\u00e1 lugar el Pleno Extraordinario del Ayuntamiento de Coria. La Sra. Alcaldesa de la Ciudad de Coria ha dictado una Resoluci\u00f3n que, copiada literalmente, es del siguiente tenor: \u201cConstituido formalmente este Ayuntamiento el d\u00eda 17 de junio de 2023, para dar cumplimiento a lo dispuesto en el art\u00edculo [&hellip;]<\/p>\n","protected":false},"author":2,"featured_media":1758,"comment_status":"closed","ping_status":"closed","sticky":false,"template":"","format":"standard","meta":{"_uag_custom_page_level_css":"","footnotes":""},"categories":[2],"tags":[545,1535,976],"class_list":["post-43807","post","type-post","status-publish","format-standard","has-post-thumbnail","hentry","category-noticias","tag-extraordinario","tag-organizacion","tag-pleno"],"yoast_head":"<!-- This site is optimized with the Yoast SEO plugin v27.4 - https:\/\/yoast.com\/product\/yoast-seo-wordpress\/ -->\n<title>Convocatoria del Pleno Extraordinario de junio de 2023 - Ayuntamiento de Coria<\/title>\n<meta name=\"robots\" content=\"index, follow, max-snippet:-1, max-image-preview:large, max-video-preview:-1\" \/>\n<link rel=\"canonical\" href=\"https:\/\/coria.org\/ayuntamiento\/index.php\/2023\/06\/21\/convocatoria-del-pleno-extraordinario-de-junio-de-2023\/\" \/>\n<meta property=\"og:locale\" content=\"es_ES\" \/>\n<meta property=\"og:type\" content=\"article\" \/>\n<meta property=\"og:title\" content=\"Convocatoria del Pleno Extraordinario de junio de 2023 - Ayuntamiento de Coria\" \/>\n<meta property=\"og:description\" content=\"El jueves 22 de junio de 2023 tendr\u00e1 lugar el Pleno Extraordinario del Ayuntamiento de Coria. La Sra. Alcaldesa de la Ciudad de Coria ha dictado una Resoluci\u00f3n que, copiada literalmente, es del siguiente tenor: \u201cConstituido formalmente este Ayuntamiento el d\u00eda 17 de junio de 2023, para dar cumplimiento a lo dispuesto en el art\u00edculo [&hellip;]\" \/>\n<meta property=\"og:url\" content=\"https:\/\/coria.org\/ayuntamiento\/index.php\/2023\/06\/21\/convocatoria-del-pleno-extraordinario-de-junio-de-2023\/\" \/>\n<meta property=\"og:site_name\" content=\"Ayuntamiento de Coria\" \/>\n<meta property=\"article:publisher\" content=\"https:\/\/www.facebook.com\/Ayuntamiento.de.Coria\" \/>\n<meta property=\"article:published_time\" content=\"2023-06-21T06:56:47+00:00\" \/>\n<meta property=\"article:modified_time\" content=\"2023-10-31T08:20:24+00:00\" \/>\n<meta property=\"og:image\" content=\"https:\/\/coria.org\/ayuntamiento\/wp-content\/uploads\/2022\/02\/ayto.jpg\" \/>\n\t<meta property=\"og:image:width\" content=\"1024\" \/>\n\t<meta property=\"og:image:height\" content=\"576\" \/>\n\t<meta property=\"og:image:type\" content=\"image\/jpeg\" \/>\n<meta name=\"author\" content=\"ayuntamiento\" \/>\n<meta name=\"twitter:card\" content=\"summary_large_image\" \/>\n<meta name=\"twitter:creator\" content=\"@Ayto_de_Coria\" \/>\n<meta name=\"twitter:site\" content=\"@Ayto_de_Coria\" \/>\n<meta name=\"twitter:label1\" content=\"Escrito por\" \/>\n\t<meta name=\"twitter:data1\" content=\"ayuntamiento\" \/>\n\t<meta name=\"twitter:label2\" content=\"Tiempo de lectura\" \/>\n\t<meta name=\"twitter:data2\" content=\"2 minutos\" \/>\n<script type=\"application\/ld+json\" class=\"yoast-schema-graph\">{\"@context\":\"https:\\\/\\\/schema.org\",\"@graph\":[{\"@type\":\"Article\",\"@id\":\"https:\\\/\\\/coria.org\\\/ayuntamiento\\\/index.php\\\/2023\\\/06\\\/21\\\/convocatoria-del-pleno-extraordinario-de-junio-de-2023\\\/#article\",\"isPartOf\":{\"@id\":\"https:\\\/\\\/coria.org\\\/ayuntamiento\\\/index.php\\\/2023\\\/06\\\/21\\\/convocatoria-del-pleno-extraordinario-de-junio-de-2023\\\/\"},\"author\":{\"name\":\"ayuntamiento\",\"@id\":\"https:\\\/\\\/coria.org\\\/ayuntamiento\\\/#\\\/schema\\\/person\\\/8bd589f0e13e8ae5aa06def7a599d622\"},\"headline\":\"Convocatoria del Pleno Extraordinario de junio de 2023\",\"datePublished\":\"2023-06-21T06:56:47+00:00\",\"dateModified\":\"2023-10-31T08:20:24+00:00\",\"mainEntityOfPage\":{\"@id\":\"https:\\\/\\\/coria.org\\\/ayuntamiento\\\/index.php\\\/2023\\\/06\\\/21\\\/convocatoria-del-pleno-extraordinario-de-junio-de-2023\\\/\"},\"wordCount\":328,\"publisher\":{\"@id\":\"https:\\\/\\\/coria.org\\\/ayuntamiento\\\/#organization\"},\"image\":{\"@id\":\"https:\\\/\\\/coria.org\\\/ayuntamiento\\\/index.php\\\/2023\\\/06\\\/21\\\/convocatoria-del-pleno-extraordinario-de-junio-de-2023\\\/#primaryimage\"},\"thumbnailUrl\":\"https:\\\/\\\/coria.org\\\/ayuntamiento\\\/wp-content\\\/uploads\\\/2022\\\/02\\\/ayto.jpg\",\"keywords\":[\"extraordinario\",\"organizacion\",\"pleno\"],\"articleSection\":[\"Noticias\"],\"inLanguage\":\"es\"},{\"@type\":\"WebPage\",\"@id\":\"https:\\\/\\\/coria.org\\\/ayuntamiento\\\/index.php\\\/2023\\\/06\\\/21\\\/convocatoria-del-pleno-extraordinario-de-junio-de-2023\\\/\",\"url\":\"https:\\\/\\\/coria.org\\\/ayuntamiento\\\/index.php\\\/2023\\\/06\\\/21\\\/convocatoria-del-pleno-extraordinario-de-junio-de-2023\\\/\",\"name\":\"Convocatoria del Pleno Extraordinario de junio de 2023 - Ayuntamiento de Coria\",\"isPartOf\":{\"@id\":\"https:\\\/\\\/coria.org\\\/ayuntamiento\\\/#website\"},\"primaryImageOfPage\":{\"@id\":\"https:\\\/\\\/coria.org\\\/ayuntamiento\\\/index.php\\\/2023\\\/06\\\/21\\\/convocatoria-del-pleno-extraordinario-de-junio-de-2023\\\/#primaryimage\"},\"image\":{\"@id\":\"https:\\\/\\\/coria.org\\\/ayuntamiento\\\/index.php\\\/2023\\\/06\\\/21\\\/convocatoria-del-pleno-extraordinario-de-junio-de-2023\\\/#primaryimage\"},\"thumbnailUrl\":\"https:\\\/\\\/coria.org\\\/ayuntamiento\\\/wp-content\\\/uploads\\\/2022\\\/02\\\/ayto.jpg\",\"datePublished\":\"2023-06-21T06:56:47+00:00\",\"dateModified\":\"2023-10-31T08:20:24+00:00\",\"breadcrumb\":{\"@id\":\"https:\\\/\\\/coria.org\\\/ayuntamiento\\\/index.php\\\/2023\\\/06\\\/21\\\/convocatoria-del-pleno-extraordinario-de-junio-de-2023\\\/#breadcrumb\"},\"inLanguage\":\"es\",\"potentialAction\":[{\"@type\":\"ReadAction\",\"target\":[\"https:\\\/\\\/coria.org\\\/ayuntamiento\\\/index.php\\\/2023\\\/06\\\/21\\\/convocatoria-del-pleno-extraordinario-de-junio-de-2023\\\/\"]}]},{\"@type\":\"ImageObject\",\"inLanguage\":\"es\",\"@id\":\"https:\\\/\\\/coria.org\\\/ayuntamiento\\\/index.php\\\/2023\\\/06\\\/21\\\/convocatoria-del-pleno-extraordinario-de-junio-de-2023\\\/#primaryimage\",\"url\":\"https:\\\/\\\/coria.org\\\/ayuntamiento\\\/wp-content\\\/uploads\\\/2022\\\/02\\\/ayto.jpg\",\"contentUrl\":\"https:\\\/\\\/coria.org\\\/ayuntamiento\\\/wp-content\\\/uploads\\\/2022\\\/02\\\/ayto.jpg\",\"width\":1024,\"height\":576},{\"@type\":\"BreadcrumbList\",\"@id\":\"https:\\\/\\\/coria.org\\\/ayuntamiento\\\/index.php\\\/2023\\\/06\\\/21\\\/convocatoria-del-pleno-extraordinario-de-junio-de-2023\\\/#breadcrumb\",\"itemListElement\":[{\"@type\":\"ListItem\",\"position\":1,\"name\":\"Inicio\",\"item\":\"https:\\\/\\\/coria.org\\\/ayuntamiento\\\/\"},{\"@type\":\"ListItem\",\"position\":2,\"name\":\"Convocatoria del Pleno Extraordinario de junio de 2023\"}]},{\"@type\":\"WebSite\",\"@id\":\"https:\\\/\\\/coria.org\\\/ayuntamiento\\\/#website\",\"url\":\"https:\\\/\\\/coria.org\\\/ayuntamiento\\\/\",\"name\":\"Ayuntamiento de Coria\",\"description\":\"Web oficial del Ayuntamiento de Coria\",\"publisher\":{\"@id\":\"https:\\\/\\\/coria.org\\\/ayuntamiento\\\/#organization\"},\"alternateName\":\"Web Oficial del Ayuntamiento de Coria\",\"potentialAction\":[{\"@type\":\"SearchAction\",\"target\":{\"@type\":\"EntryPoint\",\"urlTemplate\":\"https:\\\/\\\/coria.org\\\/ayuntamiento\\\/?s={search_term_string}\"},\"query-input\":{\"@type\":\"PropertyValueSpecification\",\"valueRequired\":true,\"valueName\":\"search_term_string\"}}],\"inLanguage\":\"es\"},{\"@type\":\"Organization\",\"@id\":\"https:\\\/\\\/coria.org\\\/ayuntamiento\\\/#organization\",\"name\":\"Ayuntamiento de Coria\",\"alternateName\":\"Ayto de Coria\",\"url\":\"https:\\\/\\\/coria.org\\\/ayuntamiento\\\/\",\"logo\":{\"@type\":\"ImageObject\",\"inLanguage\":\"es\",\"@id\":\"https:\\\/\\\/coria.org\\\/ayuntamiento\\\/#\\\/schema\\\/logo\\\/image\\\/\",\"url\":\"https:\\\/\\\/coria.org\\\/ayuntamiento\\\/wp-content\\\/uploads\\\/2020\\\/12\\\/escudo-ayuntamiento-coria.png\",\"contentUrl\":\"https:\\\/\\\/coria.org\\\/ayuntamiento\\\/wp-content\\\/uploads\\\/2020\\\/12\\\/escudo-ayuntamiento-coria.png\",\"width\":511,\"height\":240,\"caption\":\"Ayuntamiento de Coria\"},\"image\":{\"@id\":\"https:\\\/\\\/coria.org\\\/ayuntamiento\\\/#\\\/schema\\\/logo\\\/image\\\/\"},\"sameAs\":[\"https:\\\/\\\/www.facebook.com\\\/Ayuntamiento.de.Coria\",\"https:\\\/\\\/x.com\\\/Ayto_de_Coria\",\"https:\\\/\\\/www.instagram.com\\\/coria.ayuntamiento\\\/\",\"https:\\\/\\\/www.youtube.com\\\/user\\\/AYUNTAMIENTOCORIA\"]},{\"@type\":\"Person\",\"@id\":\"https:\\\/\\\/coria.org\\\/ayuntamiento\\\/#\\\/schema\\\/person\\\/8bd589f0e13e8ae5aa06def7a599d622\",\"name\":\"ayuntamiento\",\"image\":{\"@type\":\"ImageObject\",\"inLanguage\":\"es\",\"@id\":\"https:\\\/\\\/secure.gravatar.com\\\/avatar\\\/966e5ed73cad334adda5c87f49f2547f7082f7292c1b627cbb548744383b391c?s=96&d=mm&r=g\",\"url\":\"https:\\\/\\\/secure.gravatar.com\\\/avatar\\\/966e5ed73cad334adda5c87f49f2547f7082f7292c1b627cbb548744383b391c?s=96&d=mm&r=g\",\"contentUrl\":\"https:\\\/\\\/secure.gravatar.com\\\/avatar\\\/966e5ed73cad334adda5c87f49f2547f7082f7292c1b627cbb548744383b391c?s=96&d=mm&r=g\",\"caption\":\"ayuntamiento\"}}]}<\/script>\n<!-- \/ Yoast SEO plugin. -->","yoast_head_json":{"title":"Convocatoria del Pleno Extraordinario de junio de 2023 - Ayuntamiento de Coria","robots":{"index":"index","follow":"follow","max-snippet":"max-snippet:-1","max-image-preview":"max-image-preview:large","max-video-preview":"max-video-preview:-1"},"canonical":"https:\/\/coria.org\/ayuntamiento\/index.php\/2023\/06\/21\/convocatoria-del-pleno-extraordinario-de-junio-de-2023\/","og_locale":"es_ES","og_type":"article","og_title":"Convocatoria del Pleno Extraordinario de junio de 2023 - Ayuntamiento de Coria","og_description":"El jueves 22 de junio de 2023 tendr\u00e1 lugar el Pleno Extraordinario del Ayuntamiento de Coria. La Sra. Alcaldesa de la Ciudad de Coria ha dictado una Resoluci\u00f3n que, copiada literalmente, es del siguiente tenor: \u201cConstituido formalmente este Ayuntamiento el d\u00eda 17 de junio de 2023, para dar cumplimiento a lo dispuesto en el art\u00edculo [&hellip;]","og_url":"https:\/\/coria.org\/ayuntamiento\/index.php\/2023\/06\/21\/convocatoria-del-pleno-extraordinario-de-junio-de-2023\/","og_site_name":"Ayuntamiento de Coria","article_publisher":"https:\/\/www.facebook.com\/Ayuntamiento.de.Coria","article_published_time":"2023-06-21T06:56:47+00:00","article_modified_time":"2023-10-31T08:20:24+00:00","og_image":[{"width":1024,"height":576,"url":"https:\/\/coria.org\/ayuntamiento\/wp-content\/uploads\/2022\/02\/ayto.jpg","type":"image\/jpeg"}],"author":"ayuntamiento","twitter_card":"summary_large_image","twitter_creator":"@Ayto_de_Coria","twitter_site":"@Ayto_de_Coria","twitter_misc":{"Escrito por":"ayuntamiento","Tiempo de lectura":"2 minutos"},"schema":{"@context":"https:\/\/schema.org","@graph":[{"@type":"Article","@id":"https:\/\/coria.org\/ayuntamiento\/index.php\/2023\/06\/21\/convocatoria-del-pleno-extraordinario-de-junio-de-2023\/#article","isPartOf":{"@id":"https:\/\/coria.org\/ayuntamiento\/index.php\/2023\/06\/21\/convocatoria-del-pleno-extraordinario-de-junio-de-2023\/"},"author":{"name":"ayuntamiento","@id":"https:\/\/coria.org\/ayuntamiento\/#\/schema\/person\/8bd589f0e13e8ae5aa06def7a599d622"},"headline":"Convocatoria del Pleno Extraordinario de junio de 2023","datePublished":"2023-06-21T06:56:47+00:00","dateModified":"2023-10-31T08:20:24+00:00","mainEntityOfPage":{"@id":"https:\/\/coria.org\/ayuntamiento\/index.php\/2023\/06\/21\/convocatoria-del-pleno-extraordinario-de-junio-de-2023\/"},"wordCount":328,"publisher":{"@id":"https:\/\/coria.org\/ayuntamiento\/#organization"},"image":{"@id":"https:\/\/coria.org\/ayuntamiento\/index.php\/2023\/06\/21\/convocatoria-del-pleno-extraordinario-de-junio-de-2023\/#primaryimage"},"thumbnailUrl":"https:\/\/coria.org\/ayuntamiento\/wp-content\/uploads\/2022\/02\/ayto.jpg","keywords":["extraordinario","organizacion","pleno"],"articleSection":["Noticias"],"inLanguage":"es"},{"@type":"WebPage","@id":"https:\/\/coria.org\/ayuntamiento\/index.php\/2023\/06\/21\/convocatoria-del-pleno-extraordinario-de-junio-de-2023\/","url":"https:\/\/coria.org\/ayuntamiento\/index.php\/2023\/06\/21\/convocatoria-del-pleno-extraordinario-de-junio-de-2023\/","name":"Convocatoria del Pleno Extraordinario de junio de 2023 - Ayuntamiento de Coria","isPartOf":{"@id":"https:\/\/coria.org\/ayuntamiento\/#website"},"primaryImageOfPage":{"@id":"https:\/\/coria.org\/ayuntamiento\/index.php\/2023\/06\/21\/convocatoria-del-pleno-extraordinario-de-junio-de-2023\/#primaryimage"},"image":{"@id":"https:\/\/coria.org\/ayuntamiento\/index.php\/2023\/06\/21\/convocatoria-del-pleno-extraordinario-de-junio-de-2023\/#primaryimage"},"thumbnailUrl":"https:\/\/coria.org\/ayuntamiento\/wp-content\/uploads\/2022\/02\/ayto.jpg","datePublished":"2023-06-21T06:56:47+00:00","dateModified":"2023-10-31T08:20:24+00:00","breadcrumb":{"@id":"https:\/\/coria.org\/ayuntamiento\/index.php\/2023\/06\/21\/convocatoria-del-pleno-extraordinario-de-junio-de-2023\/#breadcrumb"},"inLanguage":"es","potentialAction":[{"@type":"ReadAction","target":["https:\/\/coria.org\/ayuntamiento\/index.php\/2023\/06\/21\/convocatoria-del-pleno-extraordinario-de-junio-de-2023\/"]}]},{"@type":"ImageObject","inLanguage":"es","@id":"https:\/\/coria.org\/ayuntamiento\/index.php\/2023\/06\/21\/convocatoria-del-pleno-extraordinario-de-junio-de-2023\/#primaryimage","url":"https:\/\/coria.org\/ayuntamiento\/wp-content\/uploads\/2022\/02\/ayto.jpg","contentUrl":"https:\/\/coria.org\/ayuntamiento\/wp-content\/uploads\/2022\/02\/ayto.jpg","width":1024,"height":576},{"@type":"BreadcrumbList","@id":"https:\/\/coria.org\/ayuntamiento\/index.php\/2023\/06\/21\/convocatoria-del-pleno-extraordinario-de-junio-de-2023\/#breadcrumb","itemListElement":[{"@type":"ListItem","position":1,"name":"Inicio","item":"https:\/\/coria.org\/ayuntamiento\/"},{"@type":"ListItem","position":2,"name":"Convocatoria del Pleno Extraordinario de junio de 2023"}]},{"@type":"WebSite","@id":"https:\/\/coria.org\/ayuntamiento\/#website","url":"https:\/\/coria.org\/ayuntamiento\/","name":"Ayuntamiento de Coria","description":"Web oficial del Ayuntamiento de Coria","publisher":{"@id":"https:\/\/coria.org\/ayuntamiento\/#organization"},"alternateName":"Web Oficial del Ayuntamiento de Coria","potentialAction":[{"@type":"SearchAction","target":{"@type":"EntryPoint","urlTemplate":"https:\/\/coria.org\/ayuntamiento\/?s={search_term_string}"},"query-input":{"@type":"PropertyValueSpecification","valueRequired":true,"valueName":"search_term_string"}}],"inLanguage":"es"},{"@type":"Organization","@id":"https:\/\/coria.org\/ayuntamiento\/#organization","name":"Ayuntamiento de Coria","alternateName":"Ayto de Coria","url":"https:\/\/coria.org\/ayuntamiento\/","logo":{"@type":"ImageObject","inLanguage":"es","@id":"https:\/\/coria.org\/ayuntamiento\/#\/schema\/logo\/image\/","url":"https:\/\/coria.org\/ayuntamiento\/wp-content\/uploads\/2020\/12\/escudo-ayuntamiento-coria.png","contentUrl":"https:\/\/coria.org\/ayuntamiento\/wp-content\/uploads\/2020\/12\/escudo-ayuntamiento-coria.png","width":511,"height":240,"caption":"Ayuntamiento de Coria"},"image":{"@id":"https:\/\/coria.org\/ayuntamiento\/#\/schema\/logo\/image\/"},"sameAs":["https:\/\/www.facebook.com\/Ayuntamiento.de.Coria","https:\/\/x.com\/Ayto_de_Coria","https:\/\/www.instagram.com\/coria.ayuntamiento\/","https:\/\/www.youtube.com\/user\/AYUNTAMIENTOCORIA"]},{"@type":"Person","@id":"https:\/\/coria.org\/ayuntamiento\/#\/schema\/person\/8bd589f0e13e8ae5aa06def7a599d622","name":"ayuntamiento","image":{"@type":"ImageObject","inLanguage":"es","@id":"https:\/\/secure.gravatar.com\/avatar\/966e5ed73cad334adda5c87f49f2547f7082f7292c1b627cbb548744383b391c?s=96&d=mm&r=g","url":"https:\/\/secure.gravatar.com\/avatar\/966e5ed73cad334adda5c87f49f2547f7082f7292c1b627cbb548744383b391c?s=96&d=mm&r=g","contentUrl":"https:\/\/secure.gravatar.com\/avatar\/966e5ed73cad334adda5c87f49f2547f7082f7292c1b627cbb548744383b391c?s=96&d=mm&r=g","caption":"ayuntamiento"}}]}},"uagb_featured_image_src":{"full":["https:\/\/coria.org\/ayuntamiento\/wp-content\/uploads\/2022\/02\/ayto.jpg",1024,576,false],"thumbnail":["https:\/\/coria.org\/ayuntamiento\/wp-content\/uploads\/2022\/02\/ayto-150x150.jpg",150,150,true],"medium":["https:\/\/coria.org\/ayuntamiento\/wp-content\/uploads\/2022\/02\/ayto-300x169.jpg",300,169,true],"medium_large":["https:\/\/coria.org\/ayuntamiento\/wp-content\/uploads\/2022\/02\/ayto-768x432.jpg",768,432,true],"large":["https:\/\/coria.org\/ayuntamiento\/wp-content\/uploads\/2022\/02\/ayto.jpg",1024,576,false],"thumblist":["https:\/\/coria.org\/ayuntamiento\/wp-content\/uploads\/2022\/02\/ayto.jpg",300,169,false],"thumbrelated":["https:\/\/coria.org\/ayuntamiento\/wp-content\/uploads\/2022\/02\/ayto.jpg",500,281,false],"meccarouselthumb":["https:\/\/coria.org\/ayuntamiento\/wp-content\/uploads\/2022\/02\/ayto.jpg",474,267,false],"gridsquare":["https:\/\/coria.org\/ayuntamiento\/wp-content\/uploads\/2022\/02\/ayto.jpg",391,220,false],"tileview":["https:\/\/coria.org\/ayuntamiento\/wp-content\/uploads\/2022\/02\/ayto.jpg",300,169,false],"1536x1536":["https:\/\/coria.org\/ayuntamiento\/wp-content\/uploads\/2022\/02\/ayto.jpg",1024,576,false],"2048x2048":["https:\/\/coria.org\/ayuntamiento\/wp-content\/uploads\/2022\/02\/ayto.jpg",1024,576,false]},"uagb_author_info":{"display_name":"ayuntamiento","author_link":"https:\/\/coria.org\/ayuntamiento\/index.php\/author\/ayuntamiento\/"},"uagb_comment_info":0,"uagb_excerpt":"El jueves 22 de junio de 2023 tendr\u00e1 lugar el Pleno Extraordinario del Ayuntamiento de Coria. La Sra. Alcaldesa de la Ciudad de Coria ha dictado una Resoluci\u00f3n que, copiada literalmente, es del siguiente tenor: \u201cConstituido formalmente este Ayuntamiento el d\u00eda 17 de junio de 2023, para dar cumplimiento a lo dispuesto en el art\u00edculo&hellip;","_links":{"self":[{"href":"https:\/\/coria.org\/ayuntamiento\/index.php\/wp-json\/wp\/v2\/posts\/43807","targetHints":{"allow":["GET"]}}],"collection":[{"href":"https:\/\/coria.org\/ayuntamiento\/index.php\/wp-json\/wp\/v2\/posts"}],"about":[{"href":"https:\/\/coria.org\/ayuntamiento\/index.php\/wp-json\/wp\/v2\/types\/post"}],"author":[{"embeddable":true,"href":"https:\/\/coria.org\/ayuntamiento\/index.php\/wp-json\/wp\/v2\/users\/2"}],"replies":[{"embeddable":true,"href":"https:\/\/coria.org\/ayuntamiento\/index.php\/wp-json\/wp\/v2\/comments?post=43807"}],"version-history":[{"count":0,"href":"https:\/\/coria.org\/ayuntamiento\/index.php\/wp-json\/wp\/v2\/posts\/43807\/revisions"}],"wp:featuredmedia":[{"embeddable":true,"href":"https:\/\/coria.org\/ayuntamiento\/index.php\/wp-json\/wp\/v2\/media\/1758"}],"wp:attachment":[{"href":"https:\/\/coria.org\/ayuntamiento\/index.php\/wp-json\/wp\/v2\/media?parent=43807"}],"wp:term":[{"taxonomy":"category","embeddable":true,"href":"https:\/\/coria.org\/ayuntamiento\/index.php\/wp-json\/wp\/v2\/categories?post=43807"},{"taxonomy":"post_tag","embeddable":true,"href":"https:\/\/coria.org\/ayuntamiento\/index.php\/wp-json\/wp\/v2\/tags?post=43807"}],"curies":[{"name":"wp","href":"https:\/\/api.w.org\/{rel}","templated":true}]}}