{"id":42899,"date":"2023-05-08T14:12:07","date_gmt":"2023-05-08T12:12:07","guid":{"rendered":"https:\/\/ayuntamiento.coriaenimagenes.com\/?p=42899"},"modified":"2023-10-31T09:20:27","modified_gmt":"2023-10-31T08:20:27","slug":"puebla-de-argeme-celebrara-sus-fiestas-en-honor-a-la-virgen-de-argeme-del-11-al-15-de-mayo","status":"publish","type":"post","link":"https:\/\/coria.org\/ayuntamiento\/index.php\/2023\/05\/08\/puebla-de-argeme-celebrara-sus-fiestas-en-honor-a-la-virgen-de-argeme-del-11-al-15-de-mayo\/","title":{"rendered":"Puebla de Argeme celebrar\u00e1 sus fiestas en honor a la Virgen de Argeme del 11 al 15 de mayo"},"content":{"rendered":"\n<p>Las ganader\u00edas que estar\u00e1n presentes este a\u00f1o en las fiestas ser\u00e1n: D\u00f1a. Elia Hern\u00e1ndez, Jos\u00e9 Luis Bertol, Antonio Rom\u00e1n y Los Entresijos de Ra\u00fal Mah\u00edllo<\/p>\n\n\n<figure class=\"wp-block-post-featured-image\"><img loading=\"lazy\" decoding=\"async\" width=\"1024\" height=\"768\" src=\"https:\/\/coria.org\/ayuntamiento\/wp-content\/uploads\/2023\/05\/Fiestas-Puebla.jpg\" class=\"attachment-post-thumbnail size-post-thumbnail wp-post-image\" alt=\"\" style=\"object-fit:cover;\" srcset=\"https:\/\/coria.org\/ayuntamiento\/wp-content\/uploads\/2023\/05\/Fiestas-Puebla.jpg 1024w, https:\/\/coria.org\/ayuntamiento\/wp-content\/uploads\/2023\/05\/Fiestas-Puebla-300x225.jpg 300w, https:\/\/coria.org\/ayuntamiento\/wp-content\/uploads\/2023\/05\/Fiestas-Puebla-768x576.jpg 768w\" sizes=\"auto, (max-width: 1024px) 100vw, 1024px\" \/><\/figure>\n\n\n<p>El Ayuntamiento de Coria ultima los detalles para disfrutar de las fiestas patronales en Puebla de Argeme que comenzar\u00e1n el pr\u00f3ximo jueves d\u00eda 11 y se prolongar\u00e1n hasta el d\u00eda 15 de mayo.<\/p>\n\n\n\n<p>Los festejos comenzar\u00e1n con la actuaci\u00f3n de la Escuela de Baile de Natasha Pulido (flamencombaile urbano,\u2026), ser\u00e1 a las 21h.<\/p>\n\n\n\n<p>El viernes a las 18h ser\u00e1 la tradicional tirada de cohetes de Inicio de Fiestas, y seguidamente se lidiar\u00e1 un toro y una vaca por las calles, a las 19h. El mismo d\u00eda, a las 21h Extrarradio con Dj Xarpi, una actuaci\u00f3n donada por las pe\u00f1as \u201cGente Dyc y Libertarias, ser\u00e1 en el aparcamiento de las piscinas. La noche finalizar\u00e1 con la actuaci\u00f3n musical de la orquesta \u201cTukan Brass\u201d en la carpa municipal.<\/p>\n\n\n\n<p>La madrugada del s\u00e1bado, a las 2h, se lidiar\u00e1 un toro por las calles y, a las 03:10h actuaci\u00f3n musical con la orquesta \u201cTukan Brass\u201d. A las 09:30h se realizar\u00e1 la salida del encierro de bueyes mansos, con llegada del encierro a las 11h por la calle Jara. A las 12h ser\u00e1 la Misa y Procesi\u00f3n de la Virgen de Argeme con Vino de Honor al finalizar en la casa de cultura. Una vez finalizado este acto, la charanga har\u00e1 un recorrido por los bares y las pe\u00f1as del pueblo. A las 19h se lidiar\u00e1 un toro y una vaca por las calles y a las 23:30h actuar\u00e1 el Dj Josete Garc\u00eda. Al finalizar esta actuaci\u00f3n contaremos con la presencia de Kike Luna.<\/p>\n\n\n\n<p>La madrugada del domingo, a las 02:00h se lidiar\u00e1 un toro por las calles y a esa misma hora habr\u00e1 un concierto de Barroso y DAVID Deseo. A las 03:15h habr\u00e1 una sesi\u00f3n de Dj, Koral S\u00e1nchez, Markann y \u00d1aki D\u00edaz. A las 11:00h habr\u00e1 una Misa. Siendo a las 12:30 la lidia del toro por las calles.<\/p>\n\n\n\n<p>Este a\u00f1o tambi\u00e9n se celebrar\u00e1 el tradicional Encierro infantil Did\u00e1ctico con Bueyes Mansos menores de dos a\u00f1os, ser\u00e1 a las 13:50h del domingo por la zona del recorrido del toro.<\/p>\n\n\n\n<p>A las 19h se lidiar\u00e1 un toro y una vaca por las calles y, a las 23:59h amenizar\u00e1 la noche la Banda de M\u00fasica \u201cCa\u00f1oneros\u201d, con versiones de \u201cLa Movida\u201d de los a\u00f1os 80 y 90. A continuaci\u00f3n sesi\u00f3n de Dj con \u201cZarrapos\u201d.<\/p>\n\n\n\n<p>Las fiestas finalizar\u00e1n el lunes d\u00eda 15 de mayo con la Romer\u00eda en el Santuario de la Virgen de Argeme. A las 17h se celebrar\u00e1 un espect\u00e1culo infantil de toros hinchables y otro espect\u00e1culo de animaci\u00f3n infantil con fiesta de la espuma. A las 19h se lidiar\u00e1 un toro y una vaca por las calles y a las 21h espect\u00e1culo de variedades en el sal\u00f3n de la casa de cultura. Las fiestas se despedir\u00e1n con Fuegos Artificiales.<\/p>\n","protected":false},"excerpt":{"rendered":"<p>Las ganader\u00edas que estar\u00e1n presentes este a\u00f1o en las fiestas ser\u00e1n: D\u00f1a. Elia Hern\u00e1ndez, Jos\u00e9 Luis Bertol, Antonio Rom\u00e1n y Los Entresijos de Ra\u00fal Mah\u00edllo El Ayuntamiento de Coria ultima los detalles para disfrutar de las fiestas patronales en Puebla de Argeme que comenzar\u00e1n el pr\u00f3ximo jueves d\u00eda 11 y se prolongar\u00e1n hasta el d\u00eda [&hellip;]<\/p>\n","protected":false},"author":2,"featured_media":42900,"comment_status":"closed","ping_status":"closed","sticky":false,"template":"","format":"standard","meta":{"_uag_custom_page_level_css":"","footnotes":""},"categories":[2],"tags":[565,1030],"class_list":["post-42899","post","type-post","status-publish","format-standard","has-post-thumbnail","hentry","category-noticias","tag-fiesta","tag-puebla-de-argeme"],"yoast_head":"<!-- This site is optimized with the Yoast SEO plugin v27.5 - https:\/\/yoast.com\/product\/yoast-seo-wordpress\/ -->\n<title>Puebla de Argeme celebrar\u00e1 sus fiestas en honor a la Virgen de Argeme del 11 al 15 de mayo - Ayuntamiento de Coria<\/title>\n<meta name=\"robots\" content=\"index, follow, max-snippet:-1, max-image-preview:large, max-video-preview:-1\" \/>\n<link rel=\"canonical\" href=\"https:\/\/coria.org\/ayuntamiento\/index.php\/2023\/05\/08\/puebla-de-argeme-celebrara-sus-fiestas-en-honor-a-la-virgen-de-argeme-del-11-al-15-de-mayo\/\" \/>\n<meta property=\"og:locale\" content=\"es_ES\" \/>\n<meta property=\"og:type\" content=\"article\" \/>\n<meta property=\"og:title\" content=\"Puebla de Argeme celebrar\u00e1 sus fiestas en honor a la Virgen de Argeme del 11 al 15 de mayo - Ayuntamiento de Coria\" \/>\n<meta property=\"og:description\" content=\"Las ganader\u00edas que estar\u00e1n presentes este a\u00f1o en las fiestas ser\u00e1n: D\u00f1a. Elia Hern\u00e1ndez, Jos\u00e9 Luis Bertol, Antonio Rom\u00e1n y Los Entresijos de Ra\u00fal Mah\u00edllo El Ayuntamiento de Coria ultima los detalles para disfrutar de las fiestas patronales en Puebla de Argeme que comenzar\u00e1n el pr\u00f3ximo jueves d\u00eda 11 y se prolongar\u00e1n hasta el d\u00eda [&hellip;]\" \/>\n<meta property=\"og:url\" content=\"https:\/\/coria.org\/ayuntamiento\/index.php\/2023\/05\/08\/puebla-de-argeme-celebrara-sus-fiestas-en-honor-a-la-virgen-de-argeme-del-11-al-15-de-mayo\/\" \/>\n<meta property=\"og:site_name\" content=\"Ayuntamiento de Coria\" \/>\n<meta property=\"article:publisher\" content=\"https:\/\/www.facebook.com\/Ayuntamiento.de.Coria\" \/>\n<meta property=\"article:published_time\" content=\"2023-05-08T12:12:07+00:00\" \/>\n<meta property=\"article:modified_time\" content=\"2023-10-31T08:20:27+00:00\" \/>\n<meta property=\"og:image\" content=\"https:\/\/coria.org\/ayuntamiento\/wp-content\/uploads\/2023\/05\/Fiestas-Puebla.jpg\" \/>\n\t<meta property=\"og:image:width\" content=\"1024\" \/>\n\t<meta property=\"og:image:height\" content=\"768\" \/>\n\t<meta property=\"og:image:type\" content=\"image\/jpeg\" \/>\n<meta name=\"author\" content=\"ayuntamiento\" \/>\n<meta name=\"twitter:card\" content=\"summary_large_image\" \/>\n<meta name=\"twitter:creator\" content=\"@Ayto_de_Coria\" \/>\n<meta name=\"twitter:site\" content=\"@Ayto_de_Coria\" \/>\n<meta name=\"twitter:label1\" content=\"Escrito por\" \/>\n\t<meta name=\"twitter:data1\" content=\"ayuntamiento\" \/>\n\t<meta name=\"twitter:label2\" content=\"Tiempo de lectura\" \/>\n\t<meta name=\"twitter:data2\" content=\"3 minutos\" \/>\n<script type=\"application\/ld+json\" class=\"yoast-schema-graph\">{\"@context\":\"https:\\\/\\\/schema.org\",\"@graph\":[{\"@type\":\"Article\",\"@id\":\"https:\\\/\\\/coria.org\\\/ayuntamiento\\\/index.php\\\/2023\\\/05\\\/08\\\/puebla-de-argeme-celebrara-sus-fiestas-en-honor-a-la-virgen-de-argeme-del-11-al-15-de-mayo\\\/#article\",\"isPartOf\":{\"@id\":\"https:\\\/\\\/coria.org\\\/ayuntamiento\\\/index.php\\\/2023\\\/05\\\/08\\\/puebla-de-argeme-celebrara-sus-fiestas-en-honor-a-la-virgen-de-argeme-del-11-al-15-de-mayo\\\/\"},\"author\":{\"name\":\"ayuntamiento\",\"@id\":\"https:\\\/\\\/coria.org\\\/ayuntamiento\\\/#\\\/schema\\\/person\\\/8bd589f0e13e8ae5aa06def7a599d622\"},\"headline\":\"Puebla de Argeme celebrar\u00e1 sus fiestas en honor a la Virgen de Argeme del 11 al 15 de mayo\",\"datePublished\":\"2023-05-08T12:12:07+00:00\",\"dateModified\":\"2023-10-31T08:20:27+00:00\",\"mainEntityOfPage\":{\"@id\":\"https:\\\/\\\/coria.org\\\/ayuntamiento\\\/index.php\\\/2023\\\/05\\\/08\\\/puebla-de-argeme-celebrara-sus-fiestas-en-honor-a-la-virgen-de-argeme-del-11-al-15-de-mayo\\\/\"},\"wordCount\":540,\"publisher\":{\"@id\":\"https:\\\/\\\/coria.org\\\/ayuntamiento\\\/#organization\"},\"image\":{\"@id\":\"https:\\\/\\\/coria.org\\\/ayuntamiento\\\/index.php\\\/2023\\\/05\\\/08\\\/puebla-de-argeme-celebrara-sus-fiestas-en-honor-a-la-virgen-de-argeme-del-11-al-15-de-mayo\\\/#primaryimage\"},\"thumbnailUrl\":\"https:\\\/\\\/coria.org\\\/ayuntamiento\\\/wp-content\\\/uploads\\\/2023\\\/05\\\/Fiestas-Puebla.jpg\",\"keywords\":[\"fiesta\",\"puebla de argeme\"],\"articleSection\":[\"Noticias\"],\"inLanguage\":\"es\"},{\"@type\":\"WebPage\",\"@id\":\"https:\\\/\\\/coria.org\\\/ayuntamiento\\\/index.php\\\/2023\\\/05\\\/08\\\/puebla-de-argeme-celebrara-sus-fiestas-en-honor-a-la-virgen-de-argeme-del-11-al-15-de-mayo\\\/\",\"url\":\"https:\\\/\\\/coria.org\\\/ayuntamiento\\\/index.php\\\/2023\\\/05\\\/08\\\/puebla-de-argeme-celebrara-sus-fiestas-en-honor-a-la-virgen-de-argeme-del-11-al-15-de-mayo\\\/\",\"name\":\"Puebla de Argeme celebrar\u00e1 sus fiestas en honor a la Virgen de Argeme del 11 al 15 de mayo - Ayuntamiento de Coria\",\"isPartOf\":{\"@id\":\"https:\\\/\\\/coria.org\\\/ayuntamiento\\\/#website\"},\"primaryImageOfPage\":{\"@id\":\"https:\\\/\\\/coria.org\\\/ayuntamiento\\\/index.php\\\/2023\\\/05\\\/08\\\/puebla-de-argeme-celebrara-sus-fiestas-en-honor-a-la-virgen-de-argeme-del-11-al-15-de-mayo\\\/#primaryimage\"},\"image\":{\"@id\":\"https:\\\/\\\/coria.org\\\/ayuntamiento\\\/index.php\\\/2023\\\/05\\\/08\\\/puebla-de-argeme-celebrara-sus-fiestas-en-honor-a-la-virgen-de-argeme-del-11-al-15-de-mayo\\\/#primaryimage\"},\"thumbnailUrl\":\"https:\\\/\\\/coria.org\\\/ayuntamiento\\\/wp-content\\\/uploads\\\/2023\\\/05\\\/Fiestas-Puebla.jpg\",\"datePublished\":\"2023-05-08T12:12:07+00:00\",\"dateModified\":\"2023-10-31T08:20:27+00:00\",\"breadcrumb\":{\"@id\":\"https:\\\/\\\/coria.org\\\/ayuntamiento\\\/index.php\\\/2023\\\/05\\\/08\\\/puebla-de-argeme-celebrara-sus-fiestas-en-honor-a-la-virgen-de-argeme-del-11-al-15-de-mayo\\\/#breadcrumb\"},\"inLanguage\":\"es\",\"potentialAction\":[{\"@type\":\"ReadAction\",\"target\":[\"https:\\\/\\\/coria.org\\\/ayuntamiento\\\/index.php\\\/2023\\\/05\\\/08\\\/puebla-de-argeme-celebrara-sus-fiestas-en-honor-a-la-virgen-de-argeme-del-11-al-15-de-mayo\\\/\"]}]},{\"@type\":\"ImageObject\",\"inLanguage\":\"es\",\"@id\":\"https:\\\/\\\/coria.org\\\/ayuntamiento\\\/index.php\\\/2023\\\/05\\\/08\\\/puebla-de-argeme-celebrara-sus-fiestas-en-honor-a-la-virgen-de-argeme-del-11-al-15-de-mayo\\\/#primaryimage\",\"url\":\"https:\\\/\\\/coria.org\\\/ayuntamiento\\\/wp-content\\\/uploads\\\/2023\\\/05\\\/Fiestas-Puebla.jpg\",\"contentUrl\":\"https:\\\/\\\/coria.org\\\/ayuntamiento\\\/wp-content\\\/uploads\\\/2023\\\/05\\\/Fiestas-Puebla.jpg\",\"width\":1024,\"height\":768},{\"@type\":\"BreadcrumbList\",\"@id\":\"https:\\\/\\\/coria.org\\\/ayuntamiento\\\/index.php\\\/2023\\\/05\\\/08\\\/puebla-de-argeme-celebrara-sus-fiestas-en-honor-a-la-virgen-de-argeme-del-11-al-15-de-mayo\\\/#breadcrumb\",\"itemListElement\":[{\"@type\":\"ListItem\",\"position\":1,\"name\":\"Inicio\",\"item\":\"https:\\\/\\\/coria.org\\\/ayuntamiento\\\/\"},{\"@type\":\"ListItem\",\"position\":2,\"name\":\"Puebla de Argeme celebrar\u00e1 sus fiestas en honor a la Virgen de Argeme del 11 al 15 de mayo\"}]},{\"@type\":\"WebSite\",\"@id\":\"https:\\\/\\\/coria.org\\\/ayuntamiento\\\/#website\",\"url\":\"https:\\\/\\\/coria.org\\\/ayuntamiento\\\/\",\"name\":\"Ayuntamiento de Coria\",\"description\":\"Web oficial del Ayuntamiento de Coria\",\"publisher\":{\"@id\":\"https:\\\/\\\/coria.org\\\/ayuntamiento\\\/#organization\"},\"alternateName\":\"Web Oficial del Ayuntamiento de Coria\",\"potentialAction\":[{\"@type\":\"SearchAction\",\"target\":{\"@type\":\"EntryPoint\",\"urlTemplate\":\"https:\\\/\\\/coria.org\\\/ayuntamiento\\\/?s={search_term_string}\"},\"query-input\":{\"@type\":\"PropertyValueSpecification\",\"valueRequired\":true,\"valueName\":\"search_term_string\"}}],\"inLanguage\":\"es\"},{\"@type\":\"Organization\",\"@id\":\"https:\\\/\\\/coria.org\\\/ayuntamiento\\\/#organization\",\"name\":\"Ayuntamiento de Coria\",\"alternateName\":\"Ayto de Coria\",\"url\":\"https:\\\/\\\/coria.org\\\/ayuntamiento\\\/\",\"logo\":{\"@type\":\"ImageObject\",\"inLanguage\":\"es\",\"@id\":\"https:\\\/\\\/coria.org\\\/ayuntamiento\\\/#\\\/schema\\\/logo\\\/image\\\/\",\"url\":\"https:\\\/\\\/coria.org\\\/ayuntamiento\\\/wp-content\\\/uploads\\\/2020\\\/12\\\/escudo-ayuntamiento-coria.png\",\"contentUrl\":\"https:\\\/\\\/coria.org\\\/ayuntamiento\\\/wp-content\\\/uploads\\\/2020\\\/12\\\/escudo-ayuntamiento-coria.png\",\"width\":511,\"height\":240,\"caption\":\"Ayuntamiento de Coria\"},\"image\":{\"@id\":\"https:\\\/\\\/coria.org\\\/ayuntamiento\\\/#\\\/schema\\\/logo\\\/image\\\/\"},\"sameAs\":[\"https:\\\/\\\/www.facebook.com\\\/Ayuntamiento.de.Coria\",\"https:\\\/\\\/x.com\\\/Ayto_de_Coria\",\"https:\\\/\\\/www.instagram.com\\\/coria.ayuntamiento\\\/\",\"https:\\\/\\\/www.youtube.com\\\/user\\\/AYUNTAMIENTOCORIA\"]},{\"@type\":\"Person\",\"@id\":\"https:\\\/\\\/coria.org\\\/ayuntamiento\\\/#\\\/schema\\\/person\\\/8bd589f0e13e8ae5aa06def7a599d622\",\"name\":\"ayuntamiento\",\"image\":{\"@type\":\"ImageObject\",\"inLanguage\":\"es\",\"@id\":\"https:\\\/\\\/secure.gravatar.com\\\/avatar\\\/966e5ed73cad334adda5c87f49f2547f7082f7292c1b627cbb548744383b391c?s=96&d=mm&r=g\",\"url\":\"https:\\\/\\\/secure.gravatar.com\\\/avatar\\\/966e5ed73cad334adda5c87f49f2547f7082f7292c1b627cbb548744383b391c?s=96&d=mm&r=g\",\"contentUrl\":\"https:\\\/\\\/secure.gravatar.com\\\/avatar\\\/966e5ed73cad334adda5c87f49f2547f7082f7292c1b627cbb548744383b391c?s=96&d=mm&r=g\",\"caption\":\"ayuntamiento\"}}]}<\/script>\n<!-- \/ Yoast SEO plugin. -->","yoast_head_json":{"title":"Puebla de Argeme celebrar\u00e1 sus fiestas en honor a la Virgen de Argeme del 11 al 15 de mayo - Ayuntamiento de Coria","robots":{"index":"index","follow":"follow","max-snippet":"max-snippet:-1","max-image-preview":"max-image-preview:large","max-video-preview":"max-video-preview:-1"},"canonical":"https:\/\/coria.org\/ayuntamiento\/index.php\/2023\/05\/08\/puebla-de-argeme-celebrara-sus-fiestas-en-honor-a-la-virgen-de-argeme-del-11-al-15-de-mayo\/","og_locale":"es_ES","og_type":"article","og_title":"Puebla de Argeme celebrar\u00e1 sus fiestas en honor a la Virgen de Argeme del 11 al 15 de mayo - Ayuntamiento de Coria","og_description":"Las ganader\u00edas que estar\u00e1n presentes este a\u00f1o en las fiestas ser\u00e1n: D\u00f1a. Elia Hern\u00e1ndez, Jos\u00e9 Luis Bertol, Antonio Rom\u00e1n y Los Entresijos de Ra\u00fal Mah\u00edllo El Ayuntamiento de Coria ultima los detalles para disfrutar de las fiestas patronales en Puebla de Argeme que comenzar\u00e1n el pr\u00f3ximo jueves d\u00eda 11 y se prolongar\u00e1n hasta el d\u00eda [&hellip;]","og_url":"https:\/\/coria.org\/ayuntamiento\/index.php\/2023\/05\/08\/puebla-de-argeme-celebrara-sus-fiestas-en-honor-a-la-virgen-de-argeme-del-11-al-15-de-mayo\/","og_site_name":"Ayuntamiento de Coria","article_publisher":"https:\/\/www.facebook.com\/Ayuntamiento.de.Coria","article_published_time":"2023-05-08T12:12:07+00:00","article_modified_time":"2023-10-31T08:20:27+00:00","og_image":[{"width":1024,"height":768,"url":"https:\/\/coria.org\/ayuntamiento\/wp-content\/uploads\/2023\/05\/Fiestas-Puebla.jpg","type":"image\/jpeg"}],"author":"ayuntamiento","twitter_card":"summary_large_image","twitter_creator":"@Ayto_de_Coria","twitter_site":"@Ayto_de_Coria","twitter_misc":{"Escrito por":"ayuntamiento","Tiempo de lectura":"3 minutos"},"schema":{"@context":"https:\/\/schema.org","@graph":[{"@type":"Article","@id":"https:\/\/coria.org\/ayuntamiento\/index.php\/2023\/05\/08\/puebla-de-argeme-celebrara-sus-fiestas-en-honor-a-la-virgen-de-argeme-del-11-al-15-de-mayo\/#article","isPartOf":{"@id":"https:\/\/coria.org\/ayuntamiento\/index.php\/2023\/05\/08\/puebla-de-argeme-celebrara-sus-fiestas-en-honor-a-la-virgen-de-argeme-del-11-al-15-de-mayo\/"},"author":{"name":"ayuntamiento","@id":"https:\/\/coria.org\/ayuntamiento\/#\/schema\/person\/8bd589f0e13e8ae5aa06def7a599d622"},"headline":"Puebla de Argeme celebrar\u00e1 sus fiestas en honor a la Virgen de Argeme del 11 al 15 de mayo","datePublished":"2023-05-08T12:12:07+00:00","dateModified":"2023-10-31T08:20:27+00:00","mainEntityOfPage":{"@id":"https:\/\/coria.org\/ayuntamiento\/index.php\/2023\/05\/08\/puebla-de-argeme-celebrara-sus-fiestas-en-honor-a-la-virgen-de-argeme-del-11-al-15-de-mayo\/"},"wordCount":540,"publisher":{"@id":"https:\/\/coria.org\/ayuntamiento\/#organization"},"image":{"@id":"https:\/\/coria.org\/ayuntamiento\/index.php\/2023\/05\/08\/puebla-de-argeme-celebrara-sus-fiestas-en-honor-a-la-virgen-de-argeme-del-11-al-15-de-mayo\/#primaryimage"},"thumbnailUrl":"https:\/\/coria.org\/ayuntamiento\/wp-content\/uploads\/2023\/05\/Fiestas-Puebla.jpg","keywords":["fiesta","puebla de argeme"],"articleSection":["Noticias"],"inLanguage":"es"},{"@type":"WebPage","@id":"https:\/\/coria.org\/ayuntamiento\/index.php\/2023\/05\/08\/puebla-de-argeme-celebrara-sus-fiestas-en-honor-a-la-virgen-de-argeme-del-11-al-15-de-mayo\/","url":"https:\/\/coria.org\/ayuntamiento\/index.php\/2023\/05\/08\/puebla-de-argeme-celebrara-sus-fiestas-en-honor-a-la-virgen-de-argeme-del-11-al-15-de-mayo\/","name":"Puebla de Argeme celebrar\u00e1 sus fiestas en honor a la Virgen de Argeme del 11 al 15 de mayo - Ayuntamiento de Coria","isPartOf":{"@id":"https:\/\/coria.org\/ayuntamiento\/#website"},"primaryImageOfPage":{"@id":"https:\/\/coria.org\/ayuntamiento\/index.php\/2023\/05\/08\/puebla-de-argeme-celebrara-sus-fiestas-en-honor-a-la-virgen-de-argeme-del-11-al-15-de-mayo\/#primaryimage"},"image":{"@id":"https:\/\/coria.org\/ayuntamiento\/index.php\/2023\/05\/08\/puebla-de-argeme-celebrara-sus-fiestas-en-honor-a-la-virgen-de-argeme-del-11-al-15-de-mayo\/#primaryimage"},"thumbnailUrl":"https:\/\/coria.org\/ayuntamiento\/wp-content\/uploads\/2023\/05\/Fiestas-Puebla.jpg","datePublished":"2023-05-08T12:12:07+00:00","dateModified":"2023-10-31T08:20:27+00:00","breadcrumb":{"@id":"https:\/\/coria.org\/ayuntamiento\/index.php\/2023\/05\/08\/puebla-de-argeme-celebrara-sus-fiestas-en-honor-a-la-virgen-de-argeme-del-11-al-15-de-mayo\/#breadcrumb"},"inLanguage":"es","potentialAction":[{"@type":"ReadAction","target":["https:\/\/coria.org\/ayuntamiento\/index.php\/2023\/05\/08\/puebla-de-argeme-celebrara-sus-fiestas-en-honor-a-la-virgen-de-argeme-del-11-al-15-de-mayo\/"]}]},{"@type":"ImageObject","inLanguage":"es","@id":"https:\/\/coria.org\/ayuntamiento\/index.php\/2023\/05\/08\/puebla-de-argeme-celebrara-sus-fiestas-en-honor-a-la-virgen-de-argeme-del-11-al-15-de-mayo\/#primaryimage","url":"https:\/\/coria.org\/ayuntamiento\/wp-content\/uploads\/2023\/05\/Fiestas-Puebla.jpg","contentUrl":"https:\/\/coria.org\/ayuntamiento\/wp-content\/uploads\/2023\/05\/Fiestas-Puebla.jpg","width":1024,"height":768},{"@type":"BreadcrumbList","@id":"https:\/\/coria.org\/ayuntamiento\/index.php\/2023\/05\/08\/puebla-de-argeme-celebrara-sus-fiestas-en-honor-a-la-virgen-de-argeme-del-11-al-15-de-mayo\/#breadcrumb","itemListElement":[{"@type":"ListItem","position":1,"name":"Inicio","item":"https:\/\/coria.org\/ayuntamiento\/"},{"@type":"ListItem","position":2,"name":"Puebla de Argeme celebrar\u00e1 sus fiestas en honor a la Virgen de Argeme del 11 al 15 de mayo"}]},{"@type":"WebSite","@id":"https:\/\/coria.org\/ayuntamiento\/#website","url":"https:\/\/coria.org\/ayuntamiento\/","name":"Ayuntamiento de Coria","description":"Web oficial del Ayuntamiento de Coria","publisher":{"@id":"https:\/\/coria.org\/ayuntamiento\/#organization"},"alternateName":"Web Oficial del Ayuntamiento de Coria","potentialAction":[{"@type":"SearchAction","target":{"@type":"EntryPoint","urlTemplate":"https:\/\/coria.org\/ayuntamiento\/?s={search_term_string}"},"query-input":{"@type":"PropertyValueSpecification","valueRequired":true,"valueName":"search_term_string"}}],"inLanguage":"es"},{"@type":"Organization","@id":"https:\/\/coria.org\/ayuntamiento\/#organization","name":"Ayuntamiento de Coria","alternateName":"Ayto de Coria","url":"https:\/\/coria.org\/ayuntamiento\/","logo":{"@type":"ImageObject","inLanguage":"es","@id":"https:\/\/coria.org\/ayuntamiento\/#\/schema\/logo\/image\/","url":"https:\/\/coria.org\/ayuntamiento\/wp-content\/uploads\/2020\/12\/escudo-ayuntamiento-coria.png","contentUrl":"https:\/\/coria.org\/ayuntamiento\/wp-content\/uploads\/2020\/12\/escudo-ayuntamiento-coria.png","width":511,"height":240,"caption":"Ayuntamiento de Coria"},"image":{"@id":"https:\/\/coria.org\/ayuntamiento\/#\/schema\/logo\/image\/"},"sameAs":["https:\/\/www.facebook.com\/Ayuntamiento.de.Coria","https:\/\/x.com\/Ayto_de_Coria","https:\/\/www.instagram.com\/coria.ayuntamiento\/","https:\/\/www.youtube.com\/user\/AYUNTAMIENTOCORIA"]},{"@type":"Person","@id":"https:\/\/coria.org\/ayuntamiento\/#\/schema\/person\/8bd589f0e13e8ae5aa06def7a599d622","name":"ayuntamiento","image":{"@type":"ImageObject","inLanguage":"es","@id":"https:\/\/secure.gravatar.com\/avatar\/966e5ed73cad334adda5c87f49f2547f7082f7292c1b627cbb548744383b391c?s=96&d=mm&r=g","url":"https:\/\/secure.gravatar.com\/avatar\/966e5ed73cad334adda5c87f49f2547f7082f7292c1b627cbb548744383b391c?s=96&d=mm&r=g","contentUrl":"https:\/\/secure.gravatar.com\/avatar\/966e5ed73cad334adda5c87f49f2547f7082f7292c1b627cbb548744383b391c?s=96&d=mm&r=g","caption":"ayuntamiento"}}]}},"uagb_featured_image_src":{"full":["https:\/\/coria.org\/ayuntamiento\/wp-content\/uploads\/2023\/05\/Fiestas-Puebla.jpg",1024,768,false],"thumbnail":["https:\/\/coria.org\/ayuntamiento\/wp-content\/uploads\/2023\/05\/Fiestas-Puebla-150x150.jpg",150,150,true],"medium":["https:\/\/coria.org\/ayuntamiento\/wp-content\/uploads\/2023\/05\/Fiestas-Puebla-300x225.jpg",300,225,true],"medium_large":["https:\/\/coria.org\/ayuntamiento\/wp-content\/uploads\/2023\/05\/Fiestas-Puebla-768x576.jpg",768,576,true],"large":["https:\/\/coria.org\/ayuntamiento\/wp-content\/uploads\/2023\/05\/Fiestas-Puebla.jpg",1024,768,false],"thumblist":["https:\/\/coria.org\/ayuntamiento\/wp-content\/uploads\/2023\/05\/Fiestas-Puebla.jpg",300,225,false],"thumbrelated":["https:\/\/coria.org\/ayuntamiento\/wp-content\/uploads\/2023\/05\/Fiestas-Puebla.jpg",500,375,false],"meccarouselthumb":["https:\/\/coria.org\/ayuntamiento\/wp-content\/uploads\/2023\/05\/Fiestas-Puebla.jpg",432,324,false],"gridsquare":["https:\/\/coria.org\/ayuntamiento\/wp-content\/uploads\/2023\/05\/Fiestas-Puebla.jpg",347,260,false],"tileview":["https:\/\/coria.org\/ayuntamiento\/wp-content\/uploads\/2023\/05\/Fiestas-Puebla.jpg",300,225,false],"1536x1536":["https:\/\/coria.org\/ayuntamiento\/wp-content\/uploads\/2023\/05\/Fiestas-Puebla.jpg",1024,768,false],"2048x2048":["https:\/\/coria.org\/ayuntamiento\/wp-content\/uploads\/2023\/05\/Fiestas-Puebla.jpg",1024,768,false]},"uagb_author_info":{"display_name":"ayuntamiento","author_link":"https:\/\/coria.org\/ayuntamiento\/index.php\/author\/ayuntamiento\/"},"uagb_comment_info":0,"uagb_excerpt":"Las ganader\u00edas que estar\u00e1n presentes este a\u00f1o en las fiestas ser\u00e1n: D\u00f1a. Elia Hern\u00e1ndez, Jos\u00e9 Luis Bertol, Antonio Rom\u00e1n y Los Entresijos de Ra\u00fal Mah\u00edllo El Ayuntamiento de Coria ultima los detalles para disfrutar de las fiestas patronales en Puebla de Argeme que comenzar\u00e1n el pr\u00f3ximo jueves d\u00eda 11 y se prolongar\u00e1n hasta el d\u00eda&hellip;","_links":{"self":[{"href":"https:\/\/coria.org\/ayuntamiento\/index.php\/wp-json\/wp\/v2\/posts\/42899","targetHints":{"allow":["GET"]}}],"collection":[{"href":"https:\/\/coria.org\/ayuntamiento\/index.php\/wp-json\/wp\/v2\/posts"}],"about":[{"href":"https:\/\/coria.org\/ayuntamiento\/index.php\/wp-json\/wp\/v2\/types\/post"}],"author":[{"embeddable":true,"href":"https:\/\/coria.org\/ayuntamiento\/index.php\/wp-json\/wp\/v2\/users\/2"}],"replies":[{"embeddable":true,"href":"https:\/\/coria.org\/ayuntamiento\/index.php\/wp-json\/wp\/v2\/comments?post=42899"}],"version-history":[{"count":0,"href":"https:\/\/coria.org\/ayuntamiento\/index.php\/wp-json\/wp\/v2\/posts\/42899\/revisions"}],"wp:featuredmedia":[{"embeddable":true,"href":"https:\/\/coria.org\/ayuntamiento\/index.php\/wp-json\/wp\/v2\/media\/42900"}],"wp:attachment":[{"href":"https:\/\/coria.org\/ayuntamiento\/index.php\/wp-json\/wp\/v2\/media?parent=42899"}],"wp:term":[{"taxonomy":"category","embeddable":true,"href":"https:\/\/coria.org\/ayuntamiento\/index.php\/wp-json\/wp\/v2\/categories?post=42899"},{"taxonomy":"post_tag","embeddable":true,"href":"https:\/\/coria.org\/ayuntamiento\/index.php\/wp-json\/wp\/v2\/tags?post=42899"}],"curies":[{"name":"wp","href":"https:\/\/api.w.org\/{rel}","templated":true}]}}