{"id":42069,"date":"2023-04-17T13:50:48","date_gmt":"2023-04-17T11:50:48","guid":{"rendered":"https:\/\/ayuntamiento.coriaenimagenes.com\/?p=42069"},"modified":"2023-10-31T09:20:29","modified_gmt":"2023-10-31T08:20:29","slug":"todo-listo-para-el-arranque-de-las-obras-de-viales-en-el-interior-del-parque-de-cadenetas-de-coria","status":"publish","type":"post","link":"https:\/\/coria.org\/ayuntamiento\/index.php\/2023\/04\/17\/todo-listo-para-el-arranque-de-las-obras-de-viales-en-el-interior-del-parque-de-cadenetas-de-coria\/","title":{"rendered":"Todo listo para el arranque de las obras de viales en el interior del parque de cadenetas de Coria"},"content":{"rendered":"\n<p>El Ayuntamiento de Coria est\u00e1 a punto de comenzar las obras de pavimentaci\u00f3n de viales en el interior del parque de cadenetas. Los trabajos han sido adjudicados a la empresa Hormi-impul, S.L.U., con un presupuesto que asciende a 108.007,53 euros.<\/p>\n\n\n<figure class=\"wp-block-post-featured-image\"><img loading=\"lazy\" decoding=\"async\" width=\"800\" height=\"629\" src=\"https:\/\/coria.org\/ayuntamiento\/wp-content\/uploads\/2022\/11\/cadenetas.jpg\" class=\"attachment-post-thumbnail size-post-thumbnail wp-post-image\" alt=\"\" style=\"object-fit:cover;\" srcset=\"https:\/\/coria.org\/ayuntamiento\/wp-content\/uploads\/2022\/11\/cadenetas.jpg 800w, https:\/\/coria.org\/ayuntamiento\/wp-content\/uploads\/2022\/11\/cadenetas-300x236.jpg 300w, https:\/\/coria.org\/ayuntamiento\/wp-content\/uploads\/2022\/11\/cadenetas-768x604.jpg 768w\" sizes=\"auto, (max-width: 800px) 100vw, 800px\" \/><\/figure>\n\n\n<p>Con las obras se prev\u00e9 la adaptaci\u00f3n y mejora de la situaci\u00f3n actual de parte de los viales existentes en el parque de cadenetas y que dan acceso a las distintas zonas del mismo mediante su pavimentaci\u00f3n. Concretamente, los viales objeto de las actuaciones ser\u00e1n 1, 2, 3 y 6. en la actualidad, los viales presentan pavimento irregular de terrizo continuo natural, el cual, presenta claros defectos de planeidad y homogeneidad.<\/p>\n\n\n\n<p>Los viales actualmente se encuentran delimitados por un bordillo especial de hormig\u00f3n coloreado. La mayor parte de dicho bordillo se encuentra en buen estado de conservaci\u00f3n, sin embargo hay zonas que necesitan ser sustituidas. Por ello se instalar\u00e1 un bordillo de hormig\u00f3n coloreado, con perfil especial para jardiner\u00eda. Incluyendo la excavaci\u00f3n necesaria, el rejuntado y su limpieza.<\/p>\n\n\n\n<p>En las zonas indicadas se ejecutar\u00e1 una capa de zahorra artificial, extendida y compacta, incluso preparaci\u00f3n de la superficie de acabado, que servir\u00e1 como base a la solera.<\/p>\n\n\n\n<p>Asimismo, sobre la base de zahorra se ejecutar\u00e1 en cada una de las zonas indicadas una solera de hormig\u00f3n armado de 15 cm de espesor con mallazo. A esta solera se le aplicar\u00e1 un tratamiento superficial a fin de conseguir un acabado semipulido mediante pulidora mec\u00e1nica.<\/p>\n","protected":false},"excerpt":{"rendered":"<p>El Ayuntamiento de Coria est\u00e1 a punto de comenzar las obras de pavimentaci\u00f3n de viales en el interior del parque de cadenetas. Los trabajos han sido adjudicados a la empresa Hormi-impul, S.L.U., con un presupuesto que asciende a 108.007,53 euros. Con las obras se prev\u00e9 la adaptaci\u00f3n y mejora de la situaci\u00f3n actual de parte [&hellip;]<\/p>\n","protected":false},"author":2,"featured_media":39383,"comment_status":"closed","ping_status":"closed","sticky":false,"template":"","format":"standard","meta":{"_uag_custom_page_level_css":"","footnotes":""},"categories":[2],"tags":[222],"class_list":["post-42069","post","type-post","status-publish","format-standard","has-post-thumbnail","hentry","category-noticias","tag-cadenetas"],"yoast_head":"<!-- This site is optimized with the Yoast SEO plugin v27.4 - https:\/\/yoast.com\/product\/yoast-seo-wordpress\/ -->\n<title>Todo listo para el arranque de las obras de viales en el interior del parque de cadenetas de Coria - Ayuntamiento de Coria<\/title>\n<meta name=\"robots\" content=\"index, follow, max-snippet:-1, max-image-preview:large, max-video-preview:-1\" \/>\n<link rel=\"canonical\" href=\"https:\/\/coria.org\/ayuntamiento\/index.php\/2023\/04\/17\/todo-listo-para-el-arranque-de-las-obras-de-viales-en-el-interior-del-parque-de-cadenetas-de-coria\/\" \/>\n<meta property=\"og:locale\" content=\"es_ES\" \/>\n<meta property=\"og:type\" content=\"article\" \/>\n<meta property=\"og:title\" content=\"Todo listo para el arranque de las obras de viales en el interior del parque de cadenetas de Coria - Ayuntamiento de Coria\" \/>\n<meta property=\"og:description\" content=\"El Ayuntamiento de Coria est\u00e1 a punto de comenzar las obras de pavimentaci\u00f3n de viales en el interior del parque de cadenetas. Los trabajos han sido adjudicados a la empresa Hormi-impul, S.L.U., con un presupuesto que asciende a 108.007,53 euros. Con las obras se prev\u00e9 la adaptaci\u00f3n y mejora de la situaci\u00f3n actual de parte [&hellip;]\" \/>\n<meta property=\"og:url\" content=\"https:\/\/coria.org\/ayuntamiento\/index.php\/2023\/04\/17\/todo-listo-para-el-arranque-de-las-obras-de-viales-en-el-interior-del-parque-de-cadenetas-de-coria\/\" \/>\n<meta property=\"og:site_name\" content=\"Ayuntamiento de Coria\" \/>\n<meta property=\"article:publisher\" content=\"https:\/\/www.facebook.com\/Ayuntamiento.de.Coria\" \/>\n<meta property=\"article:published_time\" content=\"2023-04-17T11:50:48+00:00\" \/>\n<meta property=\"article:modified_time\" content=\"2023-10-31T08:20:29+00:00\" \/>\n<meta property=\"og:image\" content=\"https:\/\/coria.org\/ayuntamiento\/wp-content\/uploads\/2022\/11\/cadenetas.jpg\" \/>\n\t<meta property=\"og:image:width\" content=\"800\" \/>\n\t<meta property=\"og:image:height\" content=\"629\" \/>\n\t<meta property=\"og:image:type\" content=\"image\/jpeg\" \/>\n<meta name=\"author\" content=\"ayuntamiento\" \/>\n<meta name=\"twitter:card\" content=\"summary_large_image\" \/>\n<meta name=\"twitter:creator\" content=\"@Ayto_de_Coria\" \/>\n<meta name=\"twitter:site\" content=\"@Ayto_de_Coria\" \/>\n<meta name=\"twitter:label1\" content=\"Escrito por\" \/>\n\t<meta name=\"twitter:data1\" content=\"ayuntamiento\" \/>\n\t<meta name=\"twitter:label2\" content=\"Tiempo de lectura\" \/>\n\t<meta name=\"twitter:data2\" content=\"1 minuto\" \/>\n<script type=\"application\/ld+json\" class=\"yoast-schema-graph\">{\"@context\":\"https:\\\/\\\/schema.org\",\"@graph\":[{\"@type\":\"Article\",\"@id\":\"https:\\\/\\\/coria.org\\\/ayuntamiento\\\/index.php\\\/2023\\\/04\\\/17\\\/todo-listo-para-el-arranque-de-las-obras-de-viales-en-el-interior-del-parque-de-cadenetas-de-coria\\\/#article\",\"isPartOf\":{\"@id\":\"https:\\\/\\\/coria.org\\\/ayuntamiento\\\/index.php\\\/2023\\\/04\\\/17\\\/todo-listo-para-el-arranque-de-las-obras-de-viales-en-el-interior-del-parque-de-cadenetas-de-coria\\\/\"},\"author\":{\"name\":\"ayuntamiento\",\"@id\":\"https:\\\/\\\/coria.org\\\/ayuntamiento\\\/#\\\/schema\\\/person\\\/8bd589f0e13e8ae5aa06def7a599d622\"},\"headline\":\"Todo listo para el arranque de las obras de viales en el interior del parque de cadenetas de Coria\",\"datePublished\":\"2023-04-17T11:50:48+00:00\",\"dateModified\":\"2023-10-31T08:20:29+00:00\",\"mainEntityOfPage\":{\"@id\":\"https:\\\/\\\/coria.org\\\/ayuntamiento\\\/index.php\\\/2023\\\/04\\\/17\\\/todo-listo-para-el-arranque-de-las-obras-de-viales-en-el-interior-del-parque-de-cadenetas-de-coria\\\/\"},\"wordCount\":270,\"publisher\":{\"@id\":\"https:\\\/\\\/coria.org\\\/ayuntamiento\\\/#organization\"},\"image\":{\"@id\":\"https:\\\/\\\/coria.org\\\/ayuntamiento\\\/index.php\\\/2023\\\/04\\\/17\\\/todo-listo-para-el-arranque-de-las-obras-de-viales-en-el-interior-del-parque-de-cadenetas-de-coria\\\/#primaryimage\"},\"thumbnailUrl\":\"https:\\\/\\\/coria.org\\\/ayuntamiento\\\/wp-content\\\/uploads\\\/2022\\\/11\\\/cadenetas.jpg\",\"keywords\":[\"cadenetas\"],\"articleSection\":[\"Noticias\"],\"inLanguage\":\"es\"},{\"@type\":\"WebPage\",\"@id\":\"https:\\\/\\\/coria.org\\\/ayuntamiento\\\/index.php\\\/2023\\\/04\\\/17\\\/todo-listo-para-el-arranque-de-las-obras-de-viales-en-el-interior-del-parque-de-cadenetas-de-coria\\\/\",\"url\":\"https:\\\/\\\/coria.org\\\/ayuntamiento\\\/index.php\\\/2023\\\/04\\\/17\\\/todo-listo-para-el-arranque-de-las-obras-de-viales-en-el-interior-del-parque-de-cadenetas-de-coria\\\/\",\"name\":\"Todo listo para el arranque de las obras de viales en el interior del parque de cadenetas de Coria - Ayuntamiento de Coria\",\"isPartOf\":{\"@id\":\"https:\\\/\\\/coria.org\\\/ayuntamiento\\\/#website\"},\"primaryImageOfPage\":{\"@id\":\"https:\\\/\\\/coria.org\\\/ayuntamiento\\\/index.php\\\/2023\\\/04\\\/17\\\/todo-listo-para-el-arranque-de-las-obras-de-viales-en-el-interior-del-parque-de-cadenetas-de-coria\\\/#primaryimage\"},\"image\":{\"@id\":\"https:\\\/\\\/coria.org\\\/ayuntamiento\\\/index.php\\\/2023\\\/04\\\/17\\\/todo-listo-para-el-arranque-de-las-obras-de-viales-en-el-interior-del-parque-de-cadenetas-de-coria\\\/#primaryimage\"},\"thumbnailUrl\":\"https:\\\/\\\/coria.org\\\/ayuntamiento\\\/wp-content\\\/uploads\\\/2022\\\/11\\\/cadenetas.jpg\",\"datePublished\":\"2023-04-17T11:50:48+00:00\",\"dateModified\":\"2023-10-31T08:20:29+00:00\",\"breadcrumb\":{\"@id\":\"https:\\\/\\\/coria.org\\\/ayuntamiento\\\/index.php\\\/2023\\\/04\\\/17\\\/todo-listo-para-el-arranque-de-las-obras-de-viales-en-el-interior-del-parque-de-cadenetas-de-coria\\\/#breadcrumb\"},\"inLanguage\":\"es\",\"potentialAction\":[{\"@type\":\"ReadAction\",\"target\":[\"https:\\\/\\\/coria.org\\\/ayuntamiento\\\/index.php\\\/2023\\\/04\\\/17\\\/todo-listo-para-el-arranque-de-las-obras-de-viales-en-el-interior-del-parque-de-cadenetas-de-coria\\\/\"]}]},{\"@type\":\"ImageObject\",\"inLanguage\":\"es\",\"@id\":\"https:\\\/\\\/coria.org\\\/ayuntamiento\\\/index.php\\\/2023\\\/04\\\/17\\\/todo-listo-para-el-arranque-de-las-obras-de-viales-en-el-interior-del-parque-de-cadenetas-de-coria\\\/#primaryimage\",\"url\":\"https:\\\/\\\/coria.org\\\/ayuntamiento\\\/wp-content\\\/uploads\\\/2022\\\/11\\\/cadenetas.jpg\",\"contentUrl\":\"https:\\\/\\\/coria.org\\\/ayuntamiento\\\/wp-content\\\/uploads\\\/2022\\\/11\\\/cadenetas.jpg\",\"width\":800,\"height\":629},{\"@type\":\"BreadcrumbList\",\"@id\":\"https:\\\/\\\/coria.org\\\/ayuntamiento\\\/index.php\\\/2023\\\/04\\\/17\\\/todo-listo-para-el-arranque-de-las-obras-de-viales-en-el-interior-del-parque-de-cadenetas-de-coria\\\/#breadcrumb\",\"itemListElement\":[{\"@type\":\"ListItem\",\"position\":1,\"name\":\"Inicio\",\"item\":\"https:\\\/\\\/coria.org\\\/ayuntamiento\\\/\"},{\"@type\":\"ListItem\",\"position\":2,\"name\":\"Todo listo para el arranque de las obras de viales en el interior del parque de cadenetas de Coria\"}]},{\"@type\":\"WebSite\",\"@id\":\"https:\\\/\\\/coria.org\\\/ayuntamiento\\\/#website\",\"url\":\"https:\\\/\\\/coria.org\\\/ayuntamiento\\\/\",\"name\":\"Ayuntamiento de Coria\",\"description\":\"Web oficial del Ayuntamiento de Coria\",\"publisher\":{\"@id\":\"https:\\\/\\\/coria.org\\\/ayuntamiento\\\/#organization\"},\"alternateName\":\"Web Oficial del Ayuntamiento de Coria\",\"potentialAction\":[{\"@type\":\"SearchAction\",\"target\":{\"@type\":\"EntryPoint\",\"urlTemplate\":\"https:\\\/\\\/coria.org\\\/ayuntamiento\\\/?s={search_term_string}\"},\"query-input\":{\"@type\":\"PropertyValueSpecification\",\"valueRequired\":true,\"valueName\":\"search_term_string\"}}],\"inLanguage\":\"es\"},{\"@type\":\"Organization\",\"@id\":\"https:\\\/\\\/coria.org\\\/ayuntamiento\\\/#organization\",\"name\":\"Ayuntamiento de Coria\",\"alternateName\":\"Ayto de Coria\",\"url\":\"https:\\\/\\\/coria.org\\\/ayuntamiento\\\/\",\"logo\":{\"@type\":\"ImageObject\",\"inLanguage\":\"es\",\"@id\":\"https:\\\/\\\/coria.org\\\/ayuntamiento\\\/#\\\/schema\\\/logo\\\/image\\\/\",\"url\":\"https:\\\/\\\/coria.org\\\/ayuntamiento\\\/wp-content\\\/uploads\\\/2020\\\/12\\\/escudo-ayuntamiento-coria.png\",\"contentUrl\":\"https:\\\/\\\/coria.org\\\/ayuntamiento\\\/wp-content\\\/uploads\\\/2020\\\/12\\\/escudo-ayuntamiento-coria.png\",\"width\":511,\"height\":240,\"caption\":\"Ayuntamiento de Coria\"},\"image\":{\"@id\":\"https:\\\/\\\/coria.org\\\/ayuntamiento\\\/#\\\/schema\\\/logo\\\/image\\\/\"},\"sameAs\":[\"https:\\\/\\\/www.facebook.com\\\/Ayuntamiento.de.Coria\",\"https:\\\/\\\/x.com\\\/Ayto_de_Coria\",\"https:\\\/\\\/www.instagram.com\\\/coria.ayuntamiento\\\/\",\"https:\\\/\\\/www.youtube.com\\\/user\\\/AYUNTAMIENTOCORIA\"]},{\"@type\":\"Person\",\"@id\":\"https:\\\/\\\/coria.org\\\/ayuntamiento\\\/#\\\/schema\\\/person\\\/8bd589f0e13e8ae5aa06def7a599d622\",\"name\":\"ayuntamiento\",\"image\":{\"@type\":\"ImageObject\",\"inLanguage\":\"es\",\"@id\":\"https:\\\/\\\/secure.gravatar.com\\\/avatar\\\/966e5ed73cad334adda5c87f49f2547f7082f7292c1b627cbb548744383b391c?s=96&d=mm&r=g\",\"url\":\"https:\\\/\\\/secure.gravatar.com\\\/avatar\\\/966e5ed73cad334adda5c87f49f2547f7082f7292c1b627cbb548744383b391c?s=96&d=mm&r=g\",\"contentUrl\":\"https:\\\/\\\/secure.gravatar.com\\\/avatar\\\/966e5ed73cad334adda5c87f49f2547f7082f7292c1b627cbb548744383b391c?s=96&d=mm&r=g\",\"caption\":\"ayuntamiento\"}}]}<\/script>\n<!-- \/ Yoast SEO plugin. -->","yoast_head_json":{"title":"Todo listo para el arranque de las obras de viales en el interior del parque de cadenetas de Coria - Ayuntamiento de Coria","robots":{"index":"index","follow":"follow","max-snippet":"max-snippet:-1","max-image-preview":"max-image-preview:large","max-video-preview":"max-video-preview:-1"},"canonical":"https:\/\/coria.org\/ayuntamiento\/index.php\/2023\/04\/17\/todo-listo-para-el-arranque-de-las-obras-de-viales-en-el-interior-del-parque-de-cadenetas-de-coria\/","og_locale":"es_ES","og_type":"article","og_title":"Todo listo para el arranque de las obras de viales en el interior del parque de cadenetas de Coria - Ayuntamiento de Coria","og_description":"El Ayuntamiento de Coria est\u00e1 a punto de comenzar las obras de pavimentaci\u00f3n de viales en el interior del parque de cadenetas. Los trabajos han sido adjudicados a la empresa Hormi-impul, S.L.U., con un presupuesto que asciende a 108.007,53 euros. Con las obras se prev\u00e9 la adaptaci\u00f3n y mejora de la situaci\u00f3n actual de parte [&hellip;]","og_url":"https:\/\/coria.org\/ayuntamiento\/index.php\/2023\/04\/17\/todo-listo-para-el-arranque-de-las-obras-de-viales-en-el-interior-del-parque-de-cadenetas-de-coria\/","og_site_name":"Ayuntamiento de Coria","article_publisher":"https:\/\/www.facebook.com\/Ayuntamiento.de.Coria","article_published_time":"2023-04-17T11:50:48+00:00","article_modified_time":"2023-10-31T08:20:29+00:00","og_image":[{"width":800,"height":629,"url":"https:\/\/coria.org\/ayuntamiento\/wp-content\/uploads\/2022\/11\/cadenetas.jpg","type":"image\/jpeg"}],"author":"ayuntamiento","twitter_card":"summary_large_image","twitter_creator":"@Ayto_de_Coria","twitter_site":"@Ayto_de_Coria","twitter_misc":{"Escrito por":"ayuntamiento","Tiempo de lectura":"1 minuto"},"schema":{"@context":"https:\/\/schema.org","@graph":[{"@type":"Article","@id":"https:\/\/coria.org\/ayuntamiento\/index.php\/2023\/04\/17\/todo-listo-para-el-arranque-de-las-obras-de-viales-en-el-interior-del-parque-de-cadenetas-de-coria\/#article","isPartOf":{"@id":"https:\/\/coria.org\/ayuntamiento\/index.php\/2023\/04\/17\/todo-listo-para-el-arranque-de-las-obras-de-viales-en-el-interior-del-parque-de-cadenetas-de-coria\/"},"author":{"name":"ayuntamiento","@id":"https:\/\/coria.org\/ayuntamiento\/#\/schema\/person\/8bd589f0e13e8ae5aa06def7a599d622"},"headline":"Todo listo para el arranque de las obras de viales en el interior del parque de cadenetas de Coria","datePublished":"2023-04-17T11:50:48+00:00","dateModified":"2023-10-31T08:20:29+00:00","mainEntityOfPage":{"@id":"https:\/\/coria.org\/ayuntamiento\/index.php\/2023\/04\/17\/todo-listo-para-el-arranque-de-las-obras-de-viales-en-el-interior-del-parque-de-cadenetas-de-coria\/"},"wordCount":270,"publisher":{"@id":"https:\/\/coria.org\/ayuntamiento\/#organization"},"image":{"@id":"https:\/\/coria.org\/ayuntamiento\/index.php\/2023\/04\/17\/todo-listo-para-el-arranque-de-las-obras-de-viales-en-el-interior-del-parque-de-cadenetas-de-coria\/#primaryimage"},"thumbnailUrl":"https:\/\/coria.org\/ayuntamiento\/wp-content\/uploads\/2022\/11\/cadenetas.jpg","keywords":["cadenetas"],"articleSection":["Noticias"],"inLanguage":"es"},{"@type":"WebPage","@id":"https:\/\/coria.org\/ayuntamiento\/index.php\/2023\/04\/17\/todo-listo-para-el-arranque-de-las-obras-de-viales-en-el-interior-del-parque-de-cadenetas-de-coria\/","url":"https:\/\/coria.org\/ayuntamiento\/index.php\/2023\/04\/17\/todo-listo-para-el-arranque-de-las-obras-de-viales-en-el-interior-del-parque-de-cadenetas-de-coria\/","name":"Todo listo para el arranque de las obras de viales en el interior del parque de cadenetas de Coria - Ayuntamiento de Coria","isPartOf":{"@id":"https:\/\/coria.org\/ayuntamiento\/#website"},"primaryImageOfPage":{"@id":"https:\/\/coria.org\/ayuntamiento\/index.php\/2023\/04\/17\/todo-listo-para-el-arranque-de-las-obras-de-viales-en-el-interior-del-parque-de-cadenetas-de-coria\/#primaryimage"},"image":{"@id":"https:\/\/coria.org\/ayuntamiento\/index.php\/2023\/04\/17\/todo-listo-para-el-arranque-de-las-obras-de-viales-en-el-interior-del-parque-de-cadenetas-de-coria\/#primaryimage"},"thumbnailUrl":"https:\/\/coria.org\/ayuntamiento\/wp-content\/uploads\/2022\/11\/cadenetas.jpg","datePublished":"2023-04-17T11:50:48+00:00","dateModified":"2023-10-31T08:20:29+00:00","breadcrumb":{"@id":"https:\/\/coria.org\/ayuntamiento\/index.php\/2023\/04\/17\/todo-listo-para-el-arranque-de-las-obras-de-viales-en-el-interior-del-parque-de-cadenetas-de-coria\/#breadcrumb"},"inLanguage":"es","potentialAction":[{"@type":"ReadAction","target":["https:\/\/coria.org\/ayuntamiento\/index.php\/2023\/04\/17\/todo-listo-para-el-arranque-de-las-obras-de-viales-en-el-interior-del-parque-de-cadenetas-de-coria\/"]}]},{"@type":"ImageObject","inLanguage":"es","@id":"https:\/\/coria.org\/ayuntamiento\/index.php\/2023\/04\/17\/todo-listo-para-el-arranque-de-las-obras-de-viales-en-el-interior-del-parque-de-cadenetas-de-coria\/#primaryimage","url":"https:\/\/coria.org\/ayuntamiento\/wp-content\/uploads\/2022\/11\/cadenetas.jpg","contentUrl":"https:\/\/coria.org\/ayuntamiento\/wp-content\/uploads\/2022\/11\/cadenetas.jpg","width":800,"height":629},{"@type":"BreadcrumbList","@id":"https:\/\/coria.org\/ayuntamiento\/index.php\/2023\/04\/17\/todo-listo-para-el-arranque-de-las-obras-de-viales-en-el-interior-del-parque-de-cadenetas-de-coria\/#breadcrumb","itemListElement":[{"@type":"ListItem","position":1,"name":"Inicio","item":"https:\/\/coria.org\/ayuntamiento\/"},{"@type":"ListItem","position":2,"name":"Todo listo para el arranque de las obras de viales en el interior del parque de cadenetas de Coria"}]},{"@type":"WebSite","@id":"https:\/\/coria.org\/ayuntamiento\/#website","url":"https:\/\/coria.org\/ayuntamiento\/","name":"Ayuntamiento de Coria","description":"Web oficial del Ayuntamiento de Coria","publisher":{"@id":"https:\/\/coria.org\/ayuntamiento\/#organization"},"alternateName":"Web Oficial del Ayuntamiento de Coria","potentialAction":[{"@type":"SearchAction","target":{"@type":"EntryPoint","urlTemplate":"https:\/\/coria.org\/ayuntamiento\/?s={search_term_string}"},"query-input":{"@type":"PropertyValueSpecification","valueRequired":true,"valueName":"search_term_string"}}],"inLanguage":"es"},{"@type":"Organization","@id":"https:\/\/coria.org\/ayuntamiento\/#organization","name":"Ayuntamiento de Coria","alternateName":"Ayto de Coria","url":"https:\/\/coria.org\/ayuntamiento\/","logo":{"@type":"ImageObject","inLanguage":"es","@id":"https:\/\/coria.org\/ayuntamiento\/#\/schema\/logo\/image\/","url":"https:\/\/coria.org\/ayuntamiento\/wp-content\/uploads\/2020\/12\/escudo-ayuntamiento-coria.png","contentUrl":"https:\/\/coria.org\/ayuntamiento\/wp-content\/uploads\/2020\/12\/escudo-ayuntamiento-coria.png","width":511,"height":240,"caption":"Ayuntamiento de Coria"},"image":{"@id":"https:\/\/coria.org\/ayuntamiento\/#\/schema\/logo\/image\/"},"sameAs":["https:\/\/www.facebook.com\/Ayuntamiento.de.Coria","https:\/\/x.com\/Ayto_de_Coria","https:\/\/www.instagram.com\/coria.ayuntamiento\/","https:\/\/www.youtube.com\/user\/AYUNTAMIENTOCORIA"]},{"@type":"Person","@id":"https:\/\/coria.org\/ayuntamiento\/#\/schema\/person\/8bd589f0e13e8ae5aa06def7a599d622","name":"ayuntamiento","image":{"@type":"ImageObject","inLanguage":"es","@id":"https:\/\/secure.gravatar.com\/avatar\/966e5ed73cad334adda5c87f49f2547f7082f7292c1b627cbb548744383b391c?s=96&d=mm&r=g","url":"https:\/\/secure.gravatar.com\/avatar\/966e5ed73cad334adda5c87f49f2547f7082f7292c1b627cbb548744383b391c?s=96&d=mm&r=g","contentUrl":"https:\/\/secure.gravatar.com\/avatar\/966e5ed73cad334adda5c87f49f2547f7082f7292c1b627cbb548744383b391c?s=96&d=mm&r=g","caption":"ayuntamiento"}}]}},"uagb_featured_image_src":{"full":["https:\/\/coria.org\/ayuntamiento\/wp-content\/uploads\/2022\/11\/cadenetas.jpg",800,629,false],"thumbnail":["https:\/\/coria.org\/ayuntamiento\/wp-content\/uploads\/2022\/11\/cadenetas-150x150.jpg",150,150,true],"medium":["https:\/\/coria.org\/ayuntamiento\/wp-content\/uploads\/2022\/11\/cadenetas-300x236.jpg",300,236,true],"medium_large":["https:\/\/coria.org\/ayuntamiento\/wp-content\/uploads\/2022\/11\/cadenetas-768x604.jpg",768,604,true],"large":["https:\/\/coria.org\/ayuntamiento\/wp-content\/uploads\/2022\/11\/cadenetas.jpg",800,629,false],"thumblist":["https:\/\/coria.org\/ayuntamiento\/wp-content\/uploads\/2022\/11\/cadenetas.jpg",300,236,false],"thumbrelated":["https:\/\/coria.org\/ayuntamiento\/wp-content\/uploads\/2022\/11\/cadenetas.jpg",500,393,false],"meccarouselthumb":["https:\/\/coria.org\/ayuntamiento\/wp-content\/uploads\/2022\/11\/cadenetas.jpg",412,324,false],"gridsquare":["https:\/\/coria.org\/ayuntamiento\/wp-content\/uploads\/2022\/11\/cadenetas.jpg",331,260,false],"tileview":["https:\/\/coria.org\/ayuntamiento\/wp-content\/uploads\/2022\/11\/cadenetas.jpg",300,236,false],"1536x1536":["https:\/\/coria.org\/ayuntamiento\/wp-content\/uploads\/2022\/11\/cadenetas.jpg",800,629,false],"2048x2048":["https:\/\/coria.org\/ayuntamiento\/wp-content\/uploads\/2022\/11\/cadenetas.jpg",800,629,false]},"uagb_author_info":{"display_name":"ayuntamiento","author_link":"https:\/\/coria.org\/ayuntamiento\/index.php\/author\/ayuntamiento\/"},"uagb_comment_info":0,"uagb_excerpt":"El Ayuntamiento de Coria est\u00e1 a punto de comenzar las obras de pavimentaci\u00f3n de viales en el interior del parque de cadenetas. Los trabajos han sido adjudicados a la empresa Hormi-impul, S.L.U., con un presupuesto que asciende a 108.007,53 euros. Con las obras se prev\u00e9 la adaptaci\u00f3n y mejora de la situaci\u00f3n actual de parte&hellip;","_links":{"self":[{"href":"https:\/\/coria.org\/ayuntamiento\/index.php\/wp-json\/wp\/v2\/posts\/42069","targetHints":{"allow":["GET"]}}],"collection":[{"href":"https:\/\/coria.org\/ayuntamiento\/index.php\/wp-json\/wp\/v2\/posts"}],"about":[{"href":"https:\/\/coria.org\/ayuntamiento\/index.php\/wp-json\/wp\/v2\/types\/post"}],"author":[{"embeddable":true,"href":"https:\/\/coria.org\/ayuntamiento\/index.php\/wp-json\/wp\/v2\/users\/2"}],"replies":[{"embeddable":true,"href":"https:\/\/coria.org\/ayuntamiento\/index.php\/wp-json\/wp\/v2\/comments?post=42069"}],"version-history":[{"count":0,"href":"https:\/\/coria.org\/ayuntamiento\/index.php\/wp-json\/wp\/v2\/posts\/42069\/revisions"}],"wp:featuredmedia":[{"embeddable":true,"href":"https:\/\/coria.org\/ayuntamiento\/index.php\/wp-json\/wp\/v2\/media\/39383"}],"wp:attachment":[{"href":"https:\/\/coria.org\/ayuntamiento\/index.php\/wp-json\/wp\/v2\/media?parent=42069"}],"wp:term":[{"taxonomy":"category","embeddable":true,"href":"https:\/\/coria.org\/ayuntamiento\/index.php\/wp-json\/wp\/v2\/categories?post=42069"},{"taxonomy":"post_tag","embeddable":true,"href":"https:\/\/coria.org\/ayuntamiento\/index.php\/wp-json\/wp\/v2\/tags?post=42069"}],"curies":[{"name":"wp","href":"https:\/\/api.w.org\/{rel}","templated":true}]}}