{"id":41198,"date":"2023-03-17T14:59:54","date_gmt":"2023-03-17T13:59:54","guid":{"rendered":"https:\/\/ayuntamiento.coriaenimagenes.com\/?p=41198"},"modified":"2023-10-31T09:20:33","modified_gmt":"2023-10-31T08:20:33","slug":"la-biblioteca-municipal-celebra-el-dia-internacional-de-la-poesia-con-actividades-para-los-mas-pequenos","status":"publish","type":"post","link":"https:\/\/coria.org\/ayuntamiento\/index.php\/2023\/03\/17\/la-biblioteca-municipal-celebra-el-dia-internacional-de-la-poesia-con-actividades-para-los-mas-pequenos\/","title":{"rendered":"La Biblioteca Municipal celebra el D\u00eda Internacional de la Poes\u00eda con actividades para los m\u00e1s peque\u00f1os"},"content":{"rendered":"\n<p>La Biblioteca Municipal de Coria, Rafael S\u00e1nchez Ferlosio, organiza varias actividades para la pr\u00f3xima semana con motivo de la celebraci\u00f3n del D\u00eda Internacional de la Poes\u00eda, el pr\u00f3ximo 21 de marzo.<\/p>\n\n\n<figure class=\"wp-block-post-featured-image\"><img loading=\"lazy\" decoding=\"async\" width=\"1024\" height=\"724\" src=\"https:\/\/coria.org\/ayuntamiento\/wp-content\/uploads\/2023\/03\/para-bebes.jpg\" class=\"attachment-post-thumbnail size-post-thumbnail wp-post-image\" alt=\"\" style=\"object-fit:cover;\" srcset=\"https:\/\/coria.org\/ayuntamiento\/wp-content\/uploads\/2023\/03\/para-bebes.jpg 1024w, https:\/\/coria.org\/ayuntamiento\/wp-content\/uploads\/2023\/03\/para-bebes-300x212.jpg 300w, https:\/\/coria.org\/ayuntamiento\/wp-content\/uploads\/2023\/03\/para-bebes-768x543.jpg 768w\" sizes=\"auto, (max-width: 1024px) 100vw, 1024px\" \/><\/figure>\n\n\n<p>En concreto, el mismo d\u00eda 21, por la ma\u00f1ana, la biblioteca anunciar\u00e1 los ganadores del concurso de lectura de poemas en voz alta \u201cRecita(dos).<\/p>\n\n\n\n<p>Por la tarde disfrutaremos del cuentacuentos para beb\u00e9s (0-3 a\u00f1os) \u201cCuando me arrimo a la rima\u201d con Patxidifuso. Se llevar\u00e1n a cabo dos sesiones, de 30 minutos de duraci\u00f3n cada una, para que las familias seleccionen el horario mejor. La entrada es libre hasta completar aforo, adem\u00e1s solicitamos que acompa\u00f1e a cada beb\u00e9 un adulto solamente, ya que el espacio es reducido. A las 15:15 y a las 18:00h.<\/p>\n\n\n\n<p>Son muchos los beneficios de leer y recitar poemas a los m\u00e1s peque\u00f1os como, estimular el desarrollo emocional y cognitivo, estimula el desarrollo del lenguaje, aumenta el vocabulario, recitar poes\u00eda mejora la dicci\u00f3n, entre otras.<\/p>\n\n\n\n<p>En las Agencias de Lectura de Puebla de Argeme y Rinc\u00f3n del Obispo se leer\u00e1n poemas a trav\u00e9s de la megafon\u00eda disponible en cada localidad.<\/p>\n","protected":false},"excerpt":{"rendered":"<p>La Biblioteca Municipal de Coria, Rafael S\u00e1nchez Ferlosio, organiza varias actividades para la pr\u00f3xima semana con motivo de la celebraci\u00f3n del D\u00eda Internacional de la Poes\u00eda, el pr\u00f3ximo 21 de marzo. En concreto, el mismo d\u00eda 21, por la ma\u00f1ana, la biblioteca anunciar\u00e1 los ganadores del concurso de lectura de poemas en voz alta \u201cRecita(dos). [&hellip;]<\/p>\n","protected":false},"author":2,"featured_media":41200,"comment_status":"closed","ping_status":"closed","sticky":false,"template":"","format":"standard","meta":{"_uag_custom_page_level_css":"","footnotes":""},"categories":[2],"tags":[421,979],"class_list":["post-41198","post","type-post","status-publish","format-standard","has-post-thumbnail","hentry","category-noticias","tag-dia","tag-poesia"],"yoast_head":"<!-- This site is optimized with the Yoast SEO plugin v27.4 - https:\/\/yoast.com\/product\/yoast-seo-wordpress\/ -->\n<title>La Biblioteca Municipal celebra el D\u00eda Internacional de la Poes\u00eda con actividades para los m\u00e1s peque\u00f1os - Ayuntamiento de Coria<\/title>\n<meta name=\"robots\" content=\"index, follow, max-snippet:-1, max-image-preview:large, max-video-preview:-1\" \/>\n<link rel=\"canonical\" href=\"https:\/\/coria.org\/ayuntamiento\/index.php\/2023\/03\/17\/la-biblioteca-municipal-celebra-el-dia-internacional-de-la-poesia-con-actividades-para-los-mas-pequenos\/\" \/>\n<meta property=\"og:locale\" content=\"es_ES\" \/>\n<meta property=\"og:type\" content=\"article\" \/>\n<meta property=\"og:title\" content=\"La Biblioteca Municipal celebra el D\u00eda Internacional de la Poes\u00eda con actividades para los m\u00e1s peque\u00f1os - Ayuntamiento de Coria\" \/>\n<meta property=\"og:description\" content=\"La Biblioteca Municipal de Coria, Rafael S\u00e1nchez Ferlosio, organiza varias actividades para la pr\u00f3xima semana con motivo de la celebraci\u00f3n del D\u00eda Internacional de la Poes\u00eda, el pr\u00f3ximo 21 de marzo. En concreto, el mismo d\u00eda 21, por la ma\u00f1ana, la biblioteca anunciar\u00e1 los ganadores del concurso de lectura de poemas en voz alta \u201cRecita(dos). [&hellip;]\" \/>\n<meta property=\"og:url\" content=\"https:\/\/coria.org\/ayuntamiento\/index.php\/2023\/03\/17\/la-biblioteca-municipal-celebra-el-dia-internacional-de-la-poesia-con-actividades-para-los-mas-pequenos\/\" \/>\n<meta property=\"og:site_name\" content=\"Ayuntamiento de Coria\" \/>\n<meta property=\"article:publisher\" content=\"https:\/\/www.facebook.com\/Ayuntamiento.de.Coria\" \/>\n<meta property=\"article:published_time\" content=\"2023-03-17T13:59:54+00:00\" \/>\n<meta property=\"article:modified_time\" content=\"2023-10-31T08:20:33+00:00\" \/>\n<meta property=\"og:image\" content=\"https:\/\/coria.org\/ayuntamiento\/wp-content\/uploads\/2023\/03\/para-bebes.jpg\" \/>\n\t<meta property=\"og:image:width\" content=\"1024\" \/>\n\t<meta property=\"og:image:height\" content=\"724\" \/>\n\t<meta property=\"og:image:type\" content=\"image\/jpeg\" \/>\n<meta name=\"author\" content=\"ayuntamiento\" \/>\n<meta name=\"twitter:card\" content=\"summary_large_image\" \/>\n<meta name=\"twitter:creator\" content=\"@Ayto_de_Coria\" \/>\n<meta name=\"twitter:site\" content=\"@Ayto_de_Coria\" \/>\n<meta name=\"twitter:label1\" content=\"Escrito por\" \/>\n\t<meta name=\"twitter:data1\" content=\"ayuntamiento\" \/>\n\t<meta name=\"twitter:label2\" content=\"Tiempo de lectura\" \/>\n\t<meta name=\"twitter:data2\" content=\"1 minuto\" \/>\n<script type=\"application\/ld+json\" class=\"yoast-schema-graph\">{\"@context\":\"https:\\\/\\\/schema.org\",\"@graph\":[{\"@type\":\"Article\",\"@id\":\"https:\\\/\\\/coria.org\\\/ayuntamiento\\\/index.php\\\/2023\\\/03\\\/17\\\/la-biblioteca-municipal-celebra-el-dia-internacional-de-la-poesia-con-actividades-para-los-mas-pequenos\\\/#article\",\"isPartOf\":{\"@id\":\"https:\\\/\\\/coria.org\\\/ayuntamiento\\\/index.php\\\/2023\\\/03\\\/17\\\/la-biblioteca-municipal-celebra-el-dia-internacional-de-la-poesia-con-actividades-para-los-mas-pequenos\\\/\"},\"author\":{\"name\":\"ayuntamiento\",\"@id\":\"https:\\\/\\\/coria.org\\\/ayuntamiento\\\/#\\\/schema\\\/person\\\/8bd589f0e13e8ae5aa06def7a599d622\"},\"headline\":\"La Biblioteca Municipal celebra el D\u00eda Internacional de la Poes\u00eda con actividades para los m\u00e1s peque\u00f1os\",\"datePublished\":\"2023-03-17T13:59:54+00:00\",\"dateModified\":\"2023-10-31T08:20:33+00:00\",\"mainEntityOfPage\":{\"@id\":\"https:\\\/\\\/coria.org\\\/ayuntamiento\\\/index.php\\\/2023\\\/03\\\/17\\\/la-biblioteca-municipal-celebra-el-dia-internacional-de-la-poesia-con-actividades-para-los-mas-pequenos\\\/\"},\"wordCount\":223,\"publisher\":{\"@id\":\"https:\\\/\\\/coria.org\\\/ayuntamiento\\\/#organization\"},\"image\":{\"@id\":\"https:\\\/\\\/coria.org\\\/ayuntamiento\\\/index.php\\\/2023\\\/03\\\/17\\\/la-biblioteca-municipal-celebra-el-dia-internacional-de-la-poesia-con-actividades-para-los-mas-pequenos\\\/#primaryimage\"},\"thumbnailUrl\":\"https:\\\/\\\/coria.org\\\/ayuntamiento\\\/wp-content\\\/uploads\\\/2023\\\/03\\\/para-bebes.jpg\",\"keywords\":[\"dia\",\"poesia\"],\"articleSection\":[\"Noticias\"],\"inLanguage\":\"es\"},{\"@type\":\"WebPage\",\"@id\":\"https:\\\/\\\/coria.org\\\/ayuntamiento\\\/index.php\\\/2023\\\/03\\\/17\\\/la-biblioteca-municipal-celebra-el-dia-internacional-de-la-poesia-con-actividades-para-los-mas-pequenos\\\/\",\"url\":\"https:\\\/\\\/coria.org\\\/ayuntamiento\\\/index.php\\\/2023\\\/03\\\/17\\\/la-biblioteca-municipal-celebra-el-dia-internacional-de-la-poesia-con-actividades-para-los-mas-pequenos\\\/\",\"name\":\"La Biblioteca Municipal celebra el D\u00eda Internacional de la Poes\u00eda con actividades para los m\u00e1s peque\u00f1os - Ayuntamiento de Coria\",\"isPartOf\":{\"@id\":\"https:\\\/\\\/coria.org\\\/ayuntamiento\\\/#website\"},\"primaryImageOfPage\":{\"@id\":\"https:\\\/\\\/coria.org\\\/ayuntamiento\\\/index.php\\\/2023\\\/03\\\/17\\\/la-biblioteca-municipal-celebra-el-dia-internacional-de-la-poesia-con-actividades-para-los-mas-pequenos\\\/#primaryimage\"},\"image\":{\"@id\":\"https:\\\/\\\/coria.org\\\/ayuntamiento\\\/index.php\\\/2023\\\/03\\\/17\\\/la-biblioteca-municipal-celebra-el-dia-internacional-de-la-poesia-con-actividades-para-los-mas-pequenos\\\/#primaryimage\"},\"thumbnailUrl\":\"https:\\\/\\\/coria.org\\\/ayuntamiento\\\/wp-content\\\/uploads\\\/2023\\\/03\\\/para-bebes.jpg\",\"datePublished\":\"2023-03-17T13:59:54+00:00\",\"dateModified\":\"2023-10-31T08:20:33+00:00\",\"breadcrumb\":{\"@id\":\"https:\\\/\\\/coria.org\\\/ayuntamiento\\\/index.php\\\/2023\\\/03\\\/17\\\/la-biblioteca-municipal-celebra-el-dia-internacional-de-la-poesia-con-actividades-para-los-mas-pequenos\\\/#breadcrumb\"},\"inLanguage\":\"es\",\"potentialAction\":[{\"@type\":\"ReadAction\",\"target\":[\"https:\\\/\\\/coria.org\\\/ayuntamiento\\\/index.php\\\/2023\\\/03\\\/17\\\/la-biblioteca-municipal-celebra-el-dia-internacional-de-la-poesia-con-actividades-para-los-mas-pequenos\\\/\"]}]},{\"@type\":\"ImageObject\",\"inLanguage\":\"es\",\"@id\":\"https:\\\/\\\/coria.org\\\/ayuntamiento\\\/index.php\\\/2023\\\/03\\\/17\\\/la-biblioteca-municipal-celebra-el-dia-internacional-de-la-poesia-con-actividades-para-los-mas-pequenos\\\/#primaryimage\",\"url\":\"https:\\\/\\\/coria.org\\\/ayuntamiento\\\/wp-content\\\/uploads\\\/2023\\\/03\\\/para-bebes.jpg\",\"contentUrl\":\"https:\\\/\\\/coria.org\\\/ayuntamiento\\\/wp-content\\\/uploads\\\/2023\\\/03\\\/para-bebes.jpg\",\"width\":1024,\"height\":724,\"caption\":\"xr:d:DAFbyVKCLVc:5,j:4418725481,t:23022717\"},{\"@type\":\"BreadcrumbList\",\"@id\":\"https:\\\/\\\/coria.org\\\/ayuntamiento\\\/index.php\\\/2023\\\/03\\\/17\\\/la-biblioteca-municipal-celebra-el-dia-internacional-de-la-poesia-con-actividades-para-los-mas-pequenos\\\/#breadcrumb\",\"itemListElement\":[{\"@type\":\"ListItem\",\"position\":1,\"name\":\"Inicio\",\"item\":\"https:\\\/\\\/coria.org\\\/ayuntamiento\\\/\"},{\"@type\":\"ListItem\",\"position\":2,\"name\":\"La Biblioteca Municipal celebra el D\u00eda Internacional de la Poes\u00eda con actividades para los m\u00e1s peque\u00f1os\"}]},{\"@type\":\"WebSite\",\"@id\":\"https:\\\/\\\/coria.org\\\/ayuntamiento\\\/#website\",\"url\":\"https:\\\/\\\/coria.org\\\/ayuntamiento\\\/\",\"name\":\"Ayuntamiento de Coria\",\"description\":\"Web oficial del Ayuntamiento de Coria\",\"publisher\":{\"@id\":\"https:\\\/\\\/coria.org\\\/ayuntamiento\\\/#organization\"},\"alternateName\":\"Web Oficial del Ayuntamiento de Coria\",\"potentialAction\":[{\"@type\":\"SearchAction\",\"target\":{\"@type\":\"EntryPoint\",\"urlTemplate\":\"https:\\\/\\\/coria.org\\\/ayuntamiento\\\/?s={search_term_string}\"},\"query-input\":{\"@type\":\"PropertyValueSpecification\",\"valueRequired\":true,\"valueName\":\"search_term_string\"}}],\"inLanguage\":\"es\"},{\"@type\":\"Organization\",\"@id\":\"https:\\\/\\\/coria.org\\\/ayuntamiento\\\/#organization\",\"name\":\"Ayuntamiento de Coria\",\"alternateName\":\"Ayto de Coria\",\"url\":\"https:\\\/\\\/coria.org\\\/ayuntamiento\\\/\",\"logo\":{\"@type\":\"ImageObject\",\"inLanguage\":\"es\",\"@id\":\"https:\\\/\\\/coria.org\\\/ayuntamiento\\\/#\\\/schema\\\/logo\\\/image\\\/\",\"url\":\"https:\\\/\\\/coria.org\\\/ayuntamiento\\\/wp-content\\\/uploads\\\/2020\\\/12\\\/escudo-ayuntamiento-coria.png\",\"contentUrl\":\"https:\\\/\\\/coria.org\\\/ayuntamiento\\\/wp-content\\\/uploads\\\/2020\\\/12\\\/escudo-ayuntamiento-coria.png\",\"width\":511,\"height\":240,\"caption\":\"Ayuntamiento de Coria\"},\"image\":{\"@id\":\"https:\\\/\\\/coria.org\\\/ayuntamiento\\\/#\\\/schema\\\/logo\\\/image\\\/\"},\"sameAs\":[\"https:\\\/\\\/www.facebook.com\\\/Ayuntamiento.de.Coria\",\"https:\\\/\\\/x.com\\\/Ayto_de_Coria\",\"https:\\\/\\\/www.instagram.com\\\/coria.ayuntamiento\\\/\",\"https:\\\/\\\/www.youtube.com\\\/user\\\/AYUNTAMIENTOCORIA\"]},{\"@type\":\"Person\",\"@id\":\"https:\\\/\\\/coria.org\\\/ayuntamiento\\\/#\\\/schema\\\/person\\\/8bd589f0e13e8ae5aa06def7a599d622\",\"name\":\"ayuntamiento\",\"image\":{\"@type\":\"ImageObject\",\"inLanguage\":\"es\",\"@id\":\"https:\\\/\\\/secure.gravatar.com\\\/avatar\\\/966e5ed73cad334adda5c87f49f2547f7082f7292c1b627cbb548744383b391c?s=96&d=mm&r=g\",\"url\":\"https:\\\/\\\/secure.gravatar.com\\\/avatar\\\/966e5ed73cad334adda5c87f49f2547f7082f7292c1b627cbb548744383b391c?s=96&d=mm&r=g\",\"contentUrl\":\"https:\\\/\\\/secure.gravatar.com\\\/avatar\\\/966e5ed73cad334adda5c87f49f2547f7082f7292c1b627cbb548744383b391c?s=96&d=mm&r=g\",\"caption\":\"ayuntamiento\"}}]}<\/script>\n<!-- \/ Yoast SEO plugin. -->","yoast_head_json":{"title":"La Biblioteca Municipal celebra el D\u00eda Internacional de la Poes\u00eda con actividades para los m\u00e1s peque\u00f1os - Ayuntamiento de Coria","robots":{"index":"index","follow":"follow","max-snippet":"max-snippet:-1","max-image-preview":"max-image-preview:large","max-video-preview":"max-video-preview:-1"},"canonical":"https:\/\/coria.org\/ayuntamiento\/index.php\/2023\/03\/17\/la-biblioteca-municipal-celebra-el-dia-internacional-de-la-poesia-con-actividades-para-los-mas-pequenos\/","og_locale":"es_ES","og_type":"article","og_title":"La Biblioteca Municipal celebra el D\u00eda Internacional de la Poes\u00eda con actividades para los m\u00e1s peque\u00f1os - Ayuntamiento de Coria","og_description":"La Biblioteca Municipal de Coria, Rafael S\u00e1nchez Ferlosio, organiza varias actividades para la pr\u00f3xima semana con motivo de la celebraci\u00f3n del D\u00eda Internacional de la Poes\u00eda, el pr\u00f3ximo 21 de marzo. En concreto, el mismo d\u00eda 21, por la ma\u00f1ana, la biblioteca anunciar\u00e1 los ganadores del concurso de lectura de poemas en voz alta \u201cRecita(dos). [&hellip;]","og_url":"https:\/\/coria.org\/ayuntamiento\/index.php\/2023\/03\/17\/la-biblioteca-municipal-celebra-el-dia-internacional-de-la-poesia-con-actividades-para-los-mas-pequenos\/","og_site_name":"Ayuntamiento de Coria","article_publisher":"https:\/\/www.facebook.com\/Ayuntamiento.de.Coria","article_published_time":"2023-03-17T13:59:54+00:00","article_modified_time":"2023-10-31T08:20:33+00:00","og_image":[{"width":1024,"height":724,"url":"https:\/\/coria.org\/ayuntamiento\/wp-content\/uploads\/2023\/03\/para-bebes.jpg","type":"image\/jpeg"}],"author":"ayuntamiento","twitter_card":"summary_large_image","twitter_creator":"@Ayto_de_Coria","twitter_site":"@Ayto_de_Coria","twitter_misc":{"Escrito por":"ayuntamiento","Tiempo de lectura":"1 minuto"},"schema":{"@context":"https:\/\/schema.org","@graph":[{"@type":"Article","@id":"https:\/\/coria.org\/ayuntamiento\/index.php\/2023\/03\/17\/la-biblioteca-municipal-celebra-el-dia-internacional-de-la-poesia-con-actividades-para-los-mas-pequenos\/#article","isPartOf":{"@id":"https:\/\/coria.org\/ayuntamiento\/index.php\/2023\/03\/17\/la-biblioteca-municipal-celebra-el-dia-internacional-de-la-poesia-con-actividades-para-los-mas-pequenos\/"},"author":{"name":"ayuntamiento","@id":"https:\/\/coria.org\/ayuntamiento\/#\/schema\/person\/8bd589f0e13e8ae5aa06def7a599d622"},"headline":"La Biblioteca Municipal celebra el D\u00eda Internacional de la Poes\u00eda con actividades para los m\u00e1s peque\u00f1os","datePublished":"2023-03-17T13:59:54+00:00","dateModified":"2023-10-31T08:20:33+00:00","mainEntityOfPage":{"@id":"https:\/\/coria.org\/ayuntamiento\/index.php\/2023\/03\/17\/la-biblioteca-municipal-celebra-el-dia-internacional-de-la-poesia-con-actividades-para-los-mas-pequenos\/"},"wordCount":223,"publisher":{"@id":"https:\/\/coria.org\/ayuntamiento\/#organization"},"image":{"@id":"https:\/\/coria.org\/ayuntamiento\/index.php\/2023\/03\/17\/la-biblioteca-municipal-celebra-el-dia-internacional-de-la-poesia-con-actividades-para-los-mas-pequenos\/#primaryimage"},"thumbnailUrl":"https:\/\/coria.org\/ayuntamiento\/wp-content\/uploads\/2023\/03\/para-bebes.jpg","keywords":["dia","poesia"],"articleSection":["Noticias"],"inLanguage":"es"},{"@type":"WebPage","@id":"https:\/\/coria.org\/ayuntamiento\/index.php\/2023\/03\/17\/la-biblioteca-municipal-celebra-el-dia-internacional-de-la-poesia-con-actividades-para-los-mas-pequenos\/","url":"https:\/\/coria.org\/ayuntamiento\/index.php\/2023\/03\/17\/la-biblioteca-municipal-celebra-el-dia-internacional-de-la-poesia-con-actividades-para-los-mas-pequenos\/","name":"La Biblioteca Municipal celebra el D\u00eda Internacional de la Poes\u00eda con actividades para los m\u00e1s peque\u00f1os - Ayuntamiento de Coria","isPartOf":{"@id":"https:\/\/coria.org\/ayuntamiento\/#website"},"primaryImageOfPage":{"@id":"https:\/\/coria.org\/ayuntamiento\/index.php\/2023\/03\/17\/la-biblioteca-municipal-celebra-el-dia-internacional-de-la-poesia-con-actividades-para-los-mas-pequenos\/#primaryimage"},"image":{"@id":"https:\/\/coria.org\/ayuntamiento\/index.php\/2023\/03\/17\/la-biblioteca-municipal-celebra-el-dia-internacional-de-la-poesia-con-actividades-para-los-mas-pequenos\/#primaryimage"},"thumbnailUrl":"https:\/\/coria.org\/ayuntamiento\/wp-content\/uploads\/2023\/03\/para-bebes.jpg","datePublished":"2023-03-17T13:59:54+00:00","dateModified":"2023-10-31T08:20:33+00:00","breadcrumb":{"@id":"https:\/\/coria.org\/ayuntamiento\/index.php\/2023\/03\/17\/la-biblioteca-municipal-celebra-el-dia-internacional-de-la-poesia-con-actividades-para-los-mas-pequenos\/#breadcrumb"},"inLanguage":"es","potentialAction":[{"@type":"ReadAction","target":["https:\/\/coria.org\/ayuntamiento\/index.php\/2023\/03\/17\/la-biblioteca-municipal-celebra-el-dia-internacional-de-la-poesia-con-actividades-para-los-mas-pequenos\/"]}]},{"@type":"ImageObject","inLanguage":"es","@id":"https:\/\/coria.org\/ayuntamiento\/index.php\/2023\/03\/17\/la-biblioteca-municipal-celebra-el-dia-internacional-de-la-poesia-con-actividades-para-los-mas-pequenos\/#primaryimage","url":"https:\/\/coria.org\/ayuntamiento\/wp-content\/uploads\/2023\/03\/para-bebes.jpg","contentUrl":"https:\/\/coria.org\/ayuntamiento\/wp-content\/uploads\/2023\/03\/para-bebes.jpg","width":1024,"height":724,"caption":"xr:d:DAFbyVKCLVc:5,j:4418725481,t:23022717"},{"@type":"BreadcrumbList","@id":"https:\/\/coria.org\/ayuntamiento\/index.php\/2023\/03\/17\/la-biblioteca-municipal-celebra-el-dia-internacional-de-la-poesia-con-actividades-para-los-mas-pequenos\/#breadcrumb","itemListElement":[{"@type":"ListItem","position":1,"name":"Inicio","item":"https:\/\/coria.org\/ayuntamiento\/"},{"@type":"ListItem","position":2,"name":"La Biblioteca Municipal celebra el D\u00eda Internacional de la Poes\u00eda con actividades para los m\u00e1s peque\u00f1os"}]},{"@type":"WebSite","@id":"https:\/\/coria.org\/ayuntamiento\/#website","url":"https:\/\/coria.org\/ayuntamiento\/","name":"Ayuntamiento de Coria","description":"Web oficial del Ayuntamiento de Coria","publisher":{"@id":"https:\/\/coria.org\/ayuntamiento\/#organization"},"alternateName":"Web Oficial del Ayuntamiento de Coria","potentialAction":[{"@type":"SearchAction","target":{"@type":"EntryPoint","urlTemplate":"https:\/\/coria.org\/ayuntamiento\/?s={search_term_string}"},"query-input":{"@type":"PropertyValueSpecification","valueRequired":true,"valueName":"search_term_string"}}],"inLanguage":"es"},{"@type":"Organization","@id":"https:\/\/coria.org\/ayuntamiento\/#organization","name":"Ayuntamiento de Coria","alternateName":"Ayto de Coria","url":"https:\/\/coria.org\/ayuntamiento\/","logo":{"@type":"ImageObject","inLanguage":"es","@id":"https:\/\/coria.org\/ayuntamiento\/#\/schema\/logo\/image\/","url":"https:\/\/coria.org\/ayuntamiento\/wp-content\/uploads\/2020\/12\/escudo-ayuntamiento-coria.png","contentUrl":"https:\/\/coria.org\/ayuntamiento\/wp-content\/uploads\/2020\/12\/escudo-ayuntamiento-coria.png","width":511,"height":240,"caption":"Ayuntamiento de Coria"},"image":{"@id":"https:\/\/coria.org\/ayuntamiento\/#\/schema\/logo\/image\/"},"sameAs":["https:\/\/www.facebook.com\/Ayuntamiento.de.Coria","https:\/\/x.com\/Ayto_de_Coria","https:\/\/www.instagram.com\/coria.ayuntamiento\/","https:\/\/www.youtube.com\/user\/AYUNTAMIENTOCORIA"]},{"@type":"Person","@id":"https:\/\/coria.org\/ayuntamiento\/#\/schema\/person\/8bd589f0e13e8ae5aa06def7a599d622","name":"ayuntamiento","image":{"@type":"ImageObject","inLanguage":"es","@id":"https:\/\/secure.gravatar.com\/avatar\/966e5ed73cad334adda5c87f49f2547f7082f7292c1b627cbb548744383b391c?s=96&d=mm&r=g","url":"https:\/\/secure.gravatar.com\/avatar\/966e5ed73cad334adda5c87f49f2547f7082f7292c1b627cbb548744383b391c?s=96&d=mm&r=g","contentUrl":"https:\/\/secure.gravatar.com\/avatar\/966e5ed73cad334adda5c87f49f2547f7082f7292c1b627cbb548744383b391c?s=96&d=mm&r=g","caption":"ayuntamiento"}}]}},"uagb_featured_image_src":{"full":["https:\/\/coria.org\/ayuntamiento\/wp-content\/uploads\/2023\/03\/para-bebes.jpg",1024,724,false],"thumbnail":["https:\/\/coria.org\/ayuntamiento\/wp-content\/uploads\/2023\/03\/para-bebes-150x150.jpg",150,150,true],"medium":["https:\/\/coria.org\/ayuntamiento\/wp-content\/uploads\/2023\/03\/para-bebes-300x212.jpg",300,212,true],"medium_large":["https:\/\/coria.org\/ayuntamiento\/wp-content\/uploads\/2023\/03\/para-bebes-768x543.jpg",768,543,true],"large":["https:\/\/coria.org\/ayuntamiento\/wp-content\/uploads\/2023\/03\/para-bebes.jpg",1024,724,false],"thumblist":["https:\/\/coria.org\/ayuntamiento\/wp-content\/uploads\/2023\/03\/para-bebes.jpg",300,212,false],"thumbrelated":["https:\/\/coria.org\/ayuntamiento\/wp-content\/uploads\/2023\/03\/para-bebes.jpg",500,354,false],"meccarouselthumb":["https:\/\/coria.org\/ayuntamiento\/wp-content\/uploads\/2023\/03\/para-bebes.jpg",458,324,false],"gridsquare":["https:\/\/coria.org\/ayuntamiento\/wp-content\/uploads\/2023\/03\/para-bebes.jpg",368,260,false],"tileview":["https:\/\/coria.org\/ayuntamiento\/wp-content\/uploads\/2023\/03\/para-bebes.jpg",300,212,false],"1536x1536":["https:\/\/coria.org\/ayuntamiento\/wp-content\/uploads\/2023\/03\/para-bebes.jpg",1024,724,false],"2048x2048":["https:\/\/coria.org\/ayuntamiento\/wp-content\/uploads\/2023\/03\/para-bebes.jpg",1024,724,false]},"uagb_author_info":{"display_name":"ayuntamiento","author_link":"https:\/\/coria.org\/ayuntamiento\/index.php\/author\/ayuntamiento\/"},"uagb_comment_info":0,"uagb_excerpt":"La Biblioteca Municipal de Coria, Rafael S\u00e1nchez Ferlosio, organiza varias actividades para la pr\u00f3xima semana con motivo de la celebraci\u00f3n del D\u00eda Internacional de la Poes\u00eda, el pr\u00f3ximo 21 de marzo. En concreto, el mismo d\u00eda 21, por la ma\u00f1ana, la biblioteca anunciar\u00e1 los ganadores del concurso de lectura de poemas en voz alta \u201cRecita(dos).&hellip;","_links":{"self":[{"href":"https:\/\/coria.org\/ayuntamiento\/index.php\/wp-json\/wp\/v2\/posts\/41198","targetHints":{"allow":["GET"]}}],"collection":[{"href":"https:\/\/coria.org\/ayuntamiento\/index.php\/wp-json\/wp\/v2\/posts"}],"about":[{"href":"https:\/\/coria.org\/ayuntamiento\/index.php\/wp-json\/wp\/v2\/types\/post"}],"author":[{"embeddable":true,"href":"https:\/\/coria.org\/ayuntamiento\/index.php\/wp-json\/wp\/v2\/users\/2"}],"replies":[{"embeddable":true,"href":"https:\/\/coria.org\/ayuntamiento\/index.php\/wp-json\/wp\/v2\/comments?post=41198"}],"version-history":[{"count":0,"href":"https:\/\/coria.org\/ayuntamiento\/index.php\/wp-json\/wp\/v2\/posts\/41198\/revisions"}],"wp:featuredmedia":[{"embeddable":true,"href":"https:\/\/coria.org\/ayuntamiento\/index.php\/wp-json\/wp\/v2\/media\/41200"}],"wp:attachment":[{"href":"https:\/\/coria.org\/ayuntamiento\/index.php\/wp-json\/wp\/v2\/media?parent=41198"}],"wp:term":[{"taxonomy":"category","embeddable":true,"href":"https:\/\/coria.org\/ayuntamiento\/index.php\/wp-json\/wp\/v2\/categories?post=41198"},{"taxonomy":"post_tag","embeddable":true,"href":"https:\/\/coria.org\/ayuntamiento\/index.php\/wp-json\/wp\/v2\/tags?post=41198"}],"curies":[{"name":"wp","href":"https:\/\/api.w.org\/{rel}","templated":true}]}}