{"id":41172,"date":"2023-03-16T14:50:09","date_gmt":"2023-03-16T13:50:09","guid":{"rendered":"https:\/\/ayuntamiento.coriaenimagenes.com\/?p=41172"},"modified":"2024-02-14T10:38:49","modified_gmt":"2024-02-14T09:38:49","slug":"asecoc-organiza-la-semana-de-la-empresa-y-del-emprendimiento","status":"publish","type":"post","link":"https:\/\/coria.org\/ayuntamiento\/index.php\/2023\/03\/16\/asecoc-organiza-la-semana-de-la-empresa-y-del-emprendimiento\/","title":{"rendered":"ASECOC organiza la \u201cSemana de la Empresa y del Emprendimiento\u201d"},"content":{"rendered":"\n<p>La Asociaci\u00f3n Empresarial de Coria y Comarca (ASECOC) organiza la denominada \u201cSEMANA DE LA EMPRESA Y DEL EMPRENDIMIENTO\u201d, en la que, con el apoyo de las empresas asociadas Cambio Energ\u00e9tico y Dentality Coria y la colaboraci\u00f3n del Ayuntamiento de Coria y la C\u00e1mara de Comercio de C\u00e1ceres, tendr\u00e1 lugar durante la semana del 20 al 24 de marzo.<\/p>\n\n\n\n<figure class=\"wp-block-image alignleft size-large is-resized\"><img loading=\"lazy\" decoding=\"async\" width=\"731\" height=\"1024\" src=\"https:\/\/coria.org\/ayuntamiento\/wp-content\/uploads\/2023\/03\/Semana-Empresa-Asecoc-731x1024.jpg\" alt=\"\" class=\"wp-image-41173\" style=\"width:448px;height:auto\" srcset=\"https:\/\/coria.org\/ayuntamiento\/wp-content\/uploads\/2023\/03\/Semana-Empresa-Asecoc-731x1024.jpg 731w, https:\/\/coria.org\/ayuntamiento\/wp-content\/uploads\/2023\/03\/Semana-Empresa-Asecoc-214x300.jpg 214w, https:\/\/coria.org\/ayuntamiento\/wp-content\/uploads\/2023\/03\/Semana-Empresa-Asecoc-768x1075.jpg 768w, https:\/\/coria.org\/ayuntamiento\/wp-content\/uploads\/2023\/03\/Semana-Empresa-Asecoc-1097x1536.jpg 1097w, https:\/\/coria.org\/ayuntamiento\/wp-content\/uploads\/2023\/03\/Semana-Empresa-Asecoc-1463x2048.jpg 1463w, https:\/\/coria.org\/ayuntamiento\/wp-content\/uploads\/2023\/03\/Semana-Empresa-Asecoc.jpg 1488w\" sizes=\"auto, (max-width: 731px) 100vw, 731px\" \/><\/figure>\n\n\n\n<p>De esta manera, ASECOC, acercar\u00e1, principalmente, al alumnado de fin de ciclos de Formaci\u00f3n Profesional, \u00faltimo curso de Secundaria y Bachillerato, as\u00ed como a todas aquellas personas interesadas en iniciar un proyecto empresarial, la promoci\u00f3n y dinamizaci\u00f3n de los valores relacionados con el emprendimiento y la empresa en el que se resaltar\u00e1 la importancia de la empresa como elemento de progreso, desarrollo econ\u00f3mico y de generaci\u00f3n de empleo de una manera tangible.<\/p>\n\n\n\n<p>Para lograr este cometido, ASECOC, ha programado la realizaci\u00f3n de talleres, diferentes conferencias con ponentes de reconocido prestigio y t\u00e9cnicos especialistas en las materias que se tratar\u00e1n y otras actividades organizadas con el prop\u00f3sito de hacer que los asistentes descubran el mundo de la empresa y del emprendimiento, adem\u00e1s, contado de primera mano por sus actores protagonistas exponiendo sus misiones, actividades y compartiendo una visi\u00f3n real sobre el terreno.<\/p>\n\n\n\n<p>La programaci\u00f3n concluir\u00e1 con la celebraci\u00f3n de los V PREMIOS ASECOC, con el que se rinde un merecido reconocimiento y homenaje a empresarios que por su gran relevancia, dedicaci\u00f3n, trayectoria y aportaci\u00f3n al desarrollo empresarial y a la sociedad merecen ser distinguidos.<\/p>\n\n\n\n<p>En esta ocasi\u00f3n, ser\u00e1n cinco los empresarios\/as honrados con este reconocimiento que se desarrollar\u00e1 en el marco de una Cena de Gala Empresarial en la que asistir\u00e1n representantes de las Administraciones P\u00fablicas Auton\u00f3mica, Provincial y Local, as\u00ed como representantes de entidades y organizaciones empresariales de la Regi\u00f3n, dem\u00e1s personalidades, empresarios y acompa\u00f1antes, premiados y familiares y amigos, entre otros.<\/p>\n\n\n\n<p>En definitiva, ser\u00e1 una semana de difusi\u00f3n y promoci\u00f3n de la empresa y del favorecimiento por el emprendimiento que pueda redundar en un mayor inter\u00e9s para el acceso de las personas a apostar por invertir en su propio negocio propiciando con ello el crecimiento y desarrollo econ\u00f3mico de nuestra Comarca, al resultar los empresarios los \u00fanicos generadores de riqueza y empleo del territorio, fijando, indudablemente, poblaci\u00f3n.<\/p>\n","protected":false},"excerpt":{"rendered":"<p>La Asociaci\u00f3n Empresarial de Coria y Comarca (ASECOC) organiza la denominada \u201cSEMANA DE LA EMPRESA Y DEL EMPRENDIMIENTO\u201d, en la que, con el apoyo de las empresas asociadas Cambio Energ\u00e9tico y Dentality Coria y la colaboraci\u00f3n del Ayuntamiento de Coria y la C\u00e1mara de Comercio de C\u00e1ceres, tendr\u00e1 lugar durante la semana del 20 al [&hellip;]<\/p>\n","protected":false},"author":2,"featured_media":41173,"comment_status":"closed","ping_status":"closed","sticky":false,"template":"","format":"standard","meta":{"_uag_custom_page_level_css":"","footnotes":""},"categories":[2],"tags":[141,482,483,1153],"class_list":["post-41172","post","type-post","status-publish","format-standard","has-post-thumbnail","hentry","category-noticias","tag-asecoc","tag-emprendimiento","tag-empresa","tag-semana"],"yoast_head":"<!-- This site is optimized with the Yoast SEO plugin v27.4 - https:\/\/yoast.com\/product\/yoast-seo-wordpress\/ -->\n<title>ASECOC organiza la \u201cSemana de la Empresa y del Emprendimiento\u201d - Ayuntamiento de Coria<\/title>\n<meta name=\"robots\" content=\"index, follow, max-snippet:-1, max-image-preview:large, max-video-preview:-1\" \/>\n<link rel=\"canonical\" href=\"https:\/\/coria.org\/ayuntamiento\/index.php\/2023\/03\/16\/asecoc-organiza-la-semana-de-la-empresa-y-del-emprendimiento\/\" \/>\n<meta property=\"og:locale\" content=\"es_ES\" \/>\n<meta property=\"og:type\" content=\"article\" \/>\n<meta property=\"og:title\" content=\"ASECOC organiza la \u201cSemana de la Empresa y del Emprendimiento\u201d - Ayuntamiento de Coria\" \/>\n<meta property=\"og:description\" content=\"La Asociaci\u00f3n Empresarial de Coria y Comarca (ASECOC) organiza la denominada \u201cSEMANA DE LA EMPRESA Y DEL EMPRENDIMIENTO\u201d, en la que, con el apoyo de las empresas asociadas Cambio Energ\u00e9tico y Dentality Coria y la colaboraci\u00f3n del Ayuntamiento de Coria y la C\u00e1mara de Comercio de C\u00e1ceres, tendr\u00e1 lugar durante la semana del 20 al [&hellip;]\" \/>\n<meta property=\"og:url\" content=\"https:\/\/coria.org\/ayuntamiento\/index.php\/2023\/03\/16\/asecoc-organiza-la-semana-de-la-empresa-y-del-emprendimiento\/\" \/>\n<meta property=\"og:site_name\" content=\"Ayuntamiento de Coria\" \/>\n<meta property=\"article:publisher\" content=\"https:\/\/www.facebook.com\/Ayuntamiento.de.Coria\" \/>\n<meta property=\"article:published_time\" content=\"2023-03-16T13:50:09+00:00\" \/>\n<meta property=\"article:modified_time\" content=\"2024-02-14T09:38:49+00:00\" \/>\n<meta property=\"og:image\" content=\"https:\/\/coria.org\/ayuntamiento\/wp-content\/uploads\/2023\/03\/Semana-Empresa-Asecoc.jpg\" \/>\n\t<meta property=\"og:image:width\" content=\"1488\" \/>\n\t<meta property=\"og:image:height\" content=\"2083\" \/>\n\t<meta property=\"og:image:type\" content=\"image\/jpeg\" \/>\n<meta name=\"author\" content=\"ayuntamiento\" \/>\n<meta name=\"twitter:card\" content=\"summary_large_image\" \/>\n<meta name=\"twitter:creator\" content=\"@Ayto_de_Coria\" \/>\n<meta name=\"twitter:site\" content=\"@Ayto_de_Coria\" \/>\n<meta name=\"twitter:label1\" content=\"Escrito por\" \/>\n\t<meta name=\"twitter:data1\" content=\"ayuntamiento\" \/>\n\t<meta name=\"twitter:label2\" content=\"Tiempo de lectura\" \/>\n\t<meta name=\"twitter:data2\" content=\"2 minutos\" \/>\n<script type=\"application\/ld+json\" class=\"yoast-schema-graph\">{\"@context\":\"https:\\\/\\\/schema.org\",\"@graph\":[{\"@type\":\"Article\",\"@id\":\"https:\\\/\\\/coria.org\\\/ayuntamiento\\\/index.php\\\/2023\\\/03\\\/16\\\/asecoc-organiza-la-semana-de-la-empresa-y-del-emprendimiento\\\/#article\",\"isPartOf\":{\"@id\":\"https:\\\/\\\/coria.org\\\/ayuntamiento\\\/index.php\\\/2023\\\/03\\\/16\\\/asecoc-organiza-la-semana-de-la-empresa-y-del-emprendimiento\\\/\"},\"author\":{\"name\":\"ayuntamiento\",\"@id\":\"https:\\\/\\\/coria.org\\\/ayuntamiento\\\/#\\\/schema\\\/person\\\/8bd589f0e13e8ae5aa06def7a599d622\"},\"headline\":\"ASECOC organiza la \u201cSemana de la Empresa y del Emprendimiento\u201d\",\"datePublished\":\"2023-03-16T13:50:09+00:00\",\"dateModified\":\"2024-02-14T09:38:49+00:00\",\"mainEntityOfPage\":{\"@id\":\"https:\\\/\\\/coria.org\\\/ayuntamiento\\\/index.php\\\/2023\\\/03\\\/16\\\/asecoc-organiza-la-semana-de-la-empresa-y-del-emprendimiento\\\/\"},\"wordCount\":408,\"publisher\":{\"@id\":\"https:\\\/\\\/coria.org\\\/ayuntamiento\\\/#organization\"},\"image\":{\"@id\":\"https:\\\/\\\/coria.org\\\/ayuntamiento\\\/index.php\\\/2023\\\/03\\\/16\\\/asecoc-organiza-la-semana-de-la-empresa-y-del-emprendimiento\\\/#primaryimage\"},\"thumbnailUrl\":\"https:\\\/\\\/coria.org\\\/ayuntamiento\\\/wp-content\\\/uploads\\\/2023\\\/03\\\/Semana-Empresa-Asecoc.jpg\",\"keywords\":[\"asecoc\",\"emprendimiento\",\"empresa\",\"semana\"],\"articleSection\":[\"Noticias\"],\"inLanguage\":\"es\"},{\"@type\":\"WebPage\",\"@id\":\"https:\\\/\\\/coria.org\\\/ayuntamiento\\\/index.php\\\/2023\\\/03\\\/16\\\/asecoc-organiza-la-semana-de-la-empresa-y-del-emprendimiento\\\/\",\"url\":\"https:\\\/\\\/coria.org\\\/ayuntamiento\\\/index.php\\\/2023\\\/03\\\/16\\\/asecoc-organiza-la-semana-de-la-empresa-y-del-emprendimiento\\\/\",\"name\":\"ASECOC organiza la \u201cSemana de la Empresa y del Emprendimiento\u201d - Ayuntamiento de Coria\",\"isPartOf\":{\"@id\":\"https:\\\/\\\/coria.org\\\/ayuntamiento\\\/#website\"},\"primaryImageOfPage\":{\"@id\":\"https:\\\/\\\/coria.org\\\/ayuntamiento\\\/index.php\\\/2023\\\/03\\\/16\\\/asecoc-organiza-la-semana-de-la-empresa-y-del-emprendimiento\\\/#primaryimage\"},\"image\":{\"@id\":\"https:\\\/\\\/coria.org\\\/ayuntamiento\\\/index.php\\\/2023\\\/03\\\/16\\\/asecoc-organiza-la-semana-de-la-empresa-y-del-emprendimiento\\\/#primaryimage\"},\"thumbnailUrl\":\"https:\\\/\\\/coria.org\\\/ayuntamiento\\\/wp-content\\\/uploads\\\/2023\\\/03\\\/Semana-Empresa-Asecoc.jpg\",\"datePublished\":\"2023-03-16T13:50:09+00:00\",\"dateModified\":\"2024-02-14T09:38:49+00:00\",\"breadcrumb\":{\"@id\":\"https:\\\/\\\/coria.org\\\/ayuntamiento\\\/index.php\\\/2023\\\/03\\\/16\\\/asecoc-organiza-la-semana-de-la-empresa-y-del-emprendimiento\\\/#breadcrumb\"},\"inLanguage\":\"es\",\"potentialAction\":[{\"@type\":\"ReadAction\",\"target\":[\"https:\\\/\\\/coria.org\\\/ayuntamiento\\\/index.php\\\/2023\\\/03\\\/16\\\/asecoc-organiza-la-semana-de-la-empresa-y-del-emprendimiento\\\/\"]}]},{\"@type\":\"ImageObject\",\"inLanguage\":\"es\",\"@id\":\"https:\\\/\\\/coria.org\\\/ayuntamiento\\\/index.php\\\/2023\\\/03\\\/16\\\/asecoc-organiza-la-semana-de-la-empresa-y-del-emprendimiento\\\/#primaryimage\",\"url\":\"https:\\\/\\\/coria.org\\\/ayuntamiento\\\/wp-content\\\/uploads\\\/2023\\\/03\\\/Semana-Empresa-Asecoc.jpg\",\"contentUrl\":\"https:\\\/\\\/coria.org\\\/ayuntamiento\\\/wp-content\\\/uploads\\\/2023\\\/03\\\/Semana-Empresa-Asecoc.jpg\",\"width\":1488,\"height\":2083},{\"@type\":\"BreadcrumbList\",\"@id\":\"https:\\\/\\\/coria.org\\\/ayuntamiento\\\/index.php\\\/2023\\\/03\\\/16\\\/asecoc-organiza-la-semana-de-la-empresa-y-del-emprendimiento\\\/#breadcrumb\",\"itemListElement\":[{\"@type\":\"ListItem\",\"position\":1,\"name\":\"Inicio\",\"item\":\"https:\\\/\\\/coria.org\\\/ayuntamiento\\\/\"},{\"@type\":\"ListItem\",\"position\":2,\"name\":\"ASECOC organiza la \u201cSemana de la Empresa y del Emprendimiento\u201d\"}]},{\"@type\":\"WebSite\",\"@id\":\"https:\\\/\\\/coria.org\\\/ayuntamiento\\\/#website\",\"url\":\"https:\\\/\\\/coria.org\\\/ayuntamiento\\\/\",\"name\":\"Ayuntamiento de Coria\",\"description\":\"Web oficial del Ayuntamiento de Coria\",\"publisher\":{\"@id\":\"https:\\\/\\\/coria.org\\\/ayuntamiento\\\/#organization\"},\"alternateName\":\"Web Oficial del Ayuntamiento de Coria\",\"potentialAction\":[{\"@type\":\"SearchAction\",\"target\":{\"@type\":\"EntryPoint\",\"urlTemplate\":\"https:\\\/\\\/coria.org\\\/ayuntamiento\\\/?s={search_term_string}\"},\"query-input\":{\"@type\":\"PropertyValueSpecification\",\"valueRequired\":true,\"valueName\":\"search_term_string\"}}],\"inLanguage\":\"es\"},{\"@type\":\"Organization\",\"@id\":\"https:\\\/\\\/coria.org\\\/ayuntamiento\\\/#organization\",\"name\":\"Ayuntamiento de Coria\",\"alternateName\":\"Ayto de Coria\",\"url\":\"https:\\\/\\\/coria.org\\\/ayuntamiento\\\/\",\"logo\":{\"@type\":\"ImageObject\",\"inLanguage\":\"es\",\"@id\":\"https:\\\/\\\/coria.org\\\/ayuntamiento\\\/#\\\/schema\\\/logo\\\/image\\\/\",\"url\":\"https:\\\/\\\/coria.org\\\/ayuntamiento\\\/wp-content\\\/uploads\\\/2020\\\/12\\\/escudo-ayuntamiento-coria.png\",\"contentUrl\":\"https:\\\/\\\/coria.org\\\/ayuntamiento\\\/wp-content\\\/uploads\\\/2020\\\/12\\\/escudo-ayuntamiento-coria.png\",\"width\":511,\"height\":240,\"caption\":\"Ayuntamiento de Coria\"},\"image\":{\"@id\":\"https:\\\/\\\/coria.org\\\/ayuntamiento\\\/#\\\/schema\\\/logo\\\/image\\\/\"},\"sameAs\":[\"https:\\\/\\\/www.facebook.com\\\/Ayuntamiento.de.Coria\",\"https:\\\/\\\/x.com\\\/Ayto_de_Coria\",\"https:\\\/\\\/www.instagram.com\\\/coria.ayuntamiento\\\/\",\"https:\\\/\\\/www.youtube.com\\\/user\\\/AYUNTAMIENTOCORIA\"]},{\"@type\":\"Person\",\"@id\":\"https:\\\/\\\/coria.org\\\/ayuntamiento\\\/#\\\/schema\\\/person\\\/8bd589f0e13e8ae5aa06def7a599d622\",\"name\":\"ayuntamiento\",\"image\":{\"@type\":\"ImageObject\",\"inLanguage\":\"es\",\"@id\":\"https:\\\/\\\/secure.gravatar.com\\\/avatar\\\/966e5ed73cad334adda5c87f49f2547f7082f7292c1b627cbb548744383b391c?s=96&d=mm&r=g\",\"url\":\"https:\\\/\\\/secure.gravatar.com\\\/avatar\\\/966e5ed73cad334adda5c87f49f2547f7082f7292c1b627cbb548744383b391c?s=96&d=mm&r=g\",\"contentUrl\":\"https:\\\/\\\/secure.gravatar.com\\\/avatar\\\/966e5ed73cad334adda5c87f49f2547f7082f7292c1b627cbb548744383b391c?s=96&d=mm&r=g\",\"caption\":\"ayuntamiento\"}}]}<\/script>\n<!-- \/ Yoast SEO plugin. -->","yoast_head_json":{"title":"ASECOC organiza la \u201cSemana de la Empresa y del Emprendimiento\u201d - Ayuntamiento de Coria","robots":{"index":"index","follow":"follow","max-snippet":"max-snippet:-1","max-image-preview":"max-image-preview:large","max-video-preview":"max-video-preview:-1"},"canonical":"https:\/\/coria.org\/ayuntamiento\/index.php\/2023\/03\/16\/asecoc-organiza-la-semana-de-la-empresa-y-del-emprendimiento\/","og_locale":"es_ES","og_type":"article","og_title":"ASECOC organiza la \u201cSemana de la Empresa y del Emprendimiento\u201d - Ayuntamiento de Coria","og_description":"La Asociaci\u00f3n Empresarial de Coria y Comarca (ASECOC) organiza la denominada \u201cSEMANA DE LA EMPRESA Y DEL EMPRENDIMIENTO\u201d, en la que, con el apoyo de las empresas asociadas Cambio Energ\u00e9tico y Dentality Coria y la colaboraci\u00f3n del Ayuntamiento de Coria y la C\u00e1mara de Comercio de C\u00e1ceres, tendr\u00e1 lugar durante la semana del 20 al [&hellip;]","og_url":"https:\/\/coria.org\/ayuntamiento\/index.php\/2023\/03\/16\/asecoc-organiza-la-semana-de-la-empresa-y-del-emprendimiento\/","og_site_name":"Ayuntamiento de Coria","article_publisher":"https:\/\/www.facebook.com\/Ayuntamiento.de.Coria","article_published_time":"2023-03-16T13:50:09+00:00","article_modified_time":"2024-02-14T09:38:49+00:00","og_image":[{"width":1488,"height":2083,"url":"https:\/\/coria.org\/ayuntamiento\/wp-content\/uploads\/2023\/03\/Semana-Empresa-Asecoc.jpg","type":"image\/jpeg"}],"author":"ayuntamiento","twitter_card":"summary_large_image","twitter_creator":"@Ayto_de_Coria","twitter_site":"@Ayto_de_Coria","twitter_misc":{"Escrito por":"ayuntamiento","Tiempo de lectura":"2 minutos"},"schema":{"@context":"https:\/\/schema.org","@graph":[{"@type":"Article","@id":"https:\/\/coria.org\/ayuntamiento\/index.php\/2023\/03\/16\/asecoc-organiza-la-semana-de-la-empresa-y-del-emprendimiento\/#article","isPartOf":{"@id":"https:\/\/coria.org\/ayuntamiento\/index.php\/2023\/03\/16\/asecoc-organiza-la-semana-de-la-empresa-y-del-emprendimiento\/"},"author":{"name":"ayuntamiento","@id":"https:\/\/coria.org\/ayuntamiento\/#\/schema\/person\/8bd589f0e13e8ae5aa06def7a599d622"},"headline":"ASECOC organiza la \u201cSemana de la Empresa y del Emprendimiento\u201d","datePublished":"2023-03-16T13:50:09+00:00","dateModified":"2024-02-14T09:38:49+00:00","mainEntityOfPage":{"@id":"https:\/\/coria.org\/ayuntamiento\/index.php\/2023\/03\/16\/asecoc-organiza-la-semana-de-la-empresa-y-del-emprendimiento\/"},"wordCount":408,"publisher":{"@id":"https:\/\/coria.org\/ayuntamiento\/#organization"},"image":{"@id":"https:\/\/coria.org\/ayuntamiento\/index.php\/2023\/03\/16\/asecoc-organiza-la-semana-de-la-empresa-y-del-emprendimiento\/#primaryimage"},"thumbnailUrl":"https:\/\/coria.org\/ayuntamiento\/wp-content\/uploads\/2023\/03\/Semana-Empresa-Asecoc.jpg","keywords":["asecoc","emprendimiento","empresa","semana"],"articleSection":["Noticias"],"inLanguage":"es"},{"@type":"WebPage","@id":"https:\/\/coria.org\/ayuntamiento\/index.php\/2023\/03\/16\/asecoc-organiza-la-semana-de-la-empresa-y-del-emprendimiento\/","url":"https:\/\/coria.org\/ayuntamiento\/index.php\/2023\/03\/16\/asecoc-organiza-la-semana-de-la-empresa-y-del-emprendimiento\/","name":"ASECOC organiza la \u201cSemana de la Empresa y del Emprendimiento\u201d - Ayuntamiento de Coria","isPartOf":{"@id":"https:\/\/coria.org\/ayuntamiento\/#website"},"primaryImageOfPage":{"@id":"https:\/\/coria.org\/ayuntamiento\/index.php\/2023\/03\/16\/asecoc-organiza-la-semana-de-la-empresa-y-del-emprendimiento\/#primaryimage"},"image":{"@id":"https:\/\/coria.org\/ayuntamiento\/index.php\/2023\/03\/16\/asecoc-organiza-la-semana-de-la-empresa-y-del-emprendimiento\/#primaryimage"},"thumbnailUrl":"https:\/\/coria.org\/ayuntamiento\/wp-content\/uploads\/2023\/03\/Semana-Empresa-Asecoc.jpg","datePublished":"2023-03-16T13:50:09+00:00","dateModified":"2024-02-14T09:38:49+00:00","breadcrumb":{"@id":"https:\/\/coria.org\/ayuntamiento\/index.php\/2023\/03\/16\/asecoc-organiza-la-semana-de-la-empresa-y-del-emprendimiento\/#breadcrumb"},"inLanguage":"es","potentialAction":[{"@type":"ReadAction","target":["https:\/\/coria.org\/ayuntamiento\/index.php\/2023\/03\/16\/asecoc-organiza-la-semana-de-la-empresa-y-del-emprendimiento\/"]}]},{"@type":"ImageObject","inLanguage":"es","@id":"https:\/\/coria.org\/ayuntamiento\/index.php\/2023\/03\/16\/asecoc-organiza-la-semana-de-la-empresa-y-del-emprendimiento\/#primaryimage","url":"https:\/\/coria.org\/ayuntamiento\/wp-content\/uploads\/2023\/03\/Semana-Empresa-Asecoc.jpg","contentUrl":"https:\/\/coria.org\/ayuntamiento\/wp-content\/uploads\/2023\/03\/Semana-Empresa-Asecoc.jpg","width":1488,"height":2083},{"@type":"BreadcrumbList","@id":"https:\/\/coria.org\/ayuntamiento\/index.php\/2023\/03\/16\/asecoc-organiza-la-semana-de-la-empresa-y-del-emprendimiento\/#breadcrumb","itemListElement":[{"@type":"ListItem","position":1,"name":"Inicio","item":"https:\/\/coria.org\/ayuntamiento\/"},{"@type":"ListItem","position":2,"name":"ASECOC organiza la \u201cSemana de la Empresa y del Emprendimiento\u201d"}]},{"@type":"WebSite","@id":"https:\/\/coria.org\/ayuntamiento\/#website","url":"https:\/\/coria.org\/ayuntamiento\/","name":"Ayuntamiento de Coria","description":"Web oficial del Ayuntamiento de Coria","publisher":{"@id":"https:\/\/coria.org\/ayuntamiento\/#organization"},"alternateName":"Web Oficial del Ayuntamiento de Coria","potentialAction":[{"@type":"SearchAction","target":{"@type":"EntryPoint","urlTemplate":"https:\/\/coria.org\/ayuntamiento\/?s={search_term_string}"},"query-input":{"@type":"PropertyValueSpecification","valueRequired":true,"valueName":"search_term_string"}}],"inLanguage":"es"},{"@type":"Organization","@id":"https:\/\/coria.org\/ayuntamiento\/#organization","name":"Ayuntamiento de Coria","alternateName":"Ayto de Coria","url":"https:\/\/coria.org\/ayuntamiento\/","logo":{"@type":"ImageObject","inLanguage":"es","@id":"https:\/\/coria.org\/ayuntamiento\/#\/schema\/logo\/image\/","url":"https:\/\/coria.org\/ayuntamiento\/wp-content\/uploads\/2020\/12\/escudo-ayuntamiento-coria.png","contentUrl":"https:\/\/coria.org\/ayuntamiento\/wp-content\/uploads\/2020\/12\/escudo-ayuntamiento-coria.png","width":511,"height":240,"caption":"Ayuntamiento de Coria"},"image":{"@id":"https:\/\/coria.org\/ayuntamiento\/#\/schema\/logo\/image\/"},"sameAs":["https:\/\/www.facebook.com\/Ayuntamiento.de.Coria","https:\/\/x.com\/Ayto_de_Coria","https:\/\/www.instagram.com\/coria.ayuntamiento\/","https:\/\/www.youtube.com\/user\/AYUNTAMIENTOCORIA"]},{"@type":"Person","@id":"https:\/\/coria.org\/ayuntamiento\/#\/schema\/person\/8bd589f0e13e8ae5aa06def7a599d622","name":"ayuntamiento","image":{"@type":"ImageObject","inLanguage":"es","@id":"https:\/\/secure.gravatar.com\/avatar\/966e5ed73cad334adda5c87f49f2547f7082f7292c1b627cbb548744383b391c?s=96&d=mm&r=g","url":"https:\/\/secure.gravatar.com\/avatar\/966e5ed73cad334adda5c87f49f2547f7082f7292c1b627cbb548744383b391c?s=96&d=mm&r=g","contentUrl":"https:\/\/secure.gravatar.com\/avatar\/966e5ed73cad334adda5c87f49f2547f7082f7292c1b627cbb548744383b391c?s=96&d=mm&r=g","caption":"ayuntamiento"}}]}},"uagb_featured_image_src":{"full":["https:\/\/coria.org\/ayuntamiento\/wp-content\/uploads\/2023\/03\/Semana-Empresa-Asecoc.jpg",1488,2083,false],"thumbnail":["https:\/\/coria.org\/ayuntamiento\/wp-content\/uploads\/2023\/03\/Semana-Empresa-Asecoc-150x150.jpg",150,150,true],"medium":["https:\/\/coria.org\/ayuntamiento\/wp-content\/uploads\/2023\/03\/Semana-Empresa-Asecoc-214x300.jpg",214,300,true],"medium_large":["https:\/\/coria.org\/ayuntamiento\/wp-content\/uploads\/2023\/03\/Semana-Empresa-Asecoc-768x1075.jpg",768,1075,true],"large":["https:\/\/coria.org\/ayuntamiento\/wp-content\/uploads\/2023\/03\/Semana-Empresa-Asecoc-731x1024.jpg",731,1024,true],"thumblist":["https:\/\/coria.org\/ayuntamiento\/wp-content\/uploads\/2023\/03\/Semana-Empresa-Asecoc.jpg",214,300,false],"thumbrelated":["https:\/\/coria.org\/ayuntamiento\/wp-content\/uploads\/2023\/03\/Semana-Empresa-Asecoc.jpg",357,500,false],"meccarouselthumb":["https:\/\/coria.org\/ayuntamiento\/wp-content\/uploads\/2023\/03\/Semana-Empresa-Asecoc.jpg",231,324,false],"gridsquare":["https:\/\/coria.org\/ayuntamiento\/wp-content\/uploads\/2023\/03\/Semana-Empresa-Asecoc.jpg",186,260,false],"tileview":["https:\/\/coria.org\/ayuntamiento\/wp-content\/uploads\/2023\/03\/Semana-Empresa-Asecoc.jpg",286,400,false],"1536x1536":["https:\/\/coria.org\/ayuntamiento\/wp-content\/uploads\/2023\/03\/Semana-Empresa-Asecoc-1097x1536.jpg",1097,1536,true],"2048x2048":["https:\/\/coria.org\/ayuntamiento\/wp-content\/uploads\/2023\/03\/Semana-Empresa-Asecoc-1463x2048.jpg",1463,2048,true]},"uagb_author_info":{"display_name":"ayuntamiento","author_link":"https:\/\/coria.org\/ayuntamiento\/index.php\/author\/ayuntamiento\/"},"uagb_comment_info":0,"uagb_excerpt":"La Asociaci\u00f3n Empresarial de Coria y Comarca (ASECOC) organiza la denominada \u201cSEMANA DE LA EMPRESA Y DEL EMPRENDIMIENTO\u201d, en la que, con el apoyo de las empresas asociadas Cambio Energ\u00e9tico y Dentality Coria y la colaboraci\u00f3n del Ayuntamiento de Coria y la C\u00e1mara de Comercio de C\u00e1ceres, tendr\u00e1 lugar durante la semana del 20 al&hellip;","_links":{"self":[{"href":"https:\/\/coria.org\/ayuntamiento\/index.php\/wp-json\/wp\/v2\/posts\/41172","targetHints":{"allow":["GET"]}}],"collection":[{"href":"https:\/\/coria.org\/ayuntamiento\/index.php\/wp-json\/wp\/v2\/posts"}],"about":[{"href":"https:\/\/coria.org\/ayuntamiento\/index.php\/wp-json\/wp\/v2\/types\/post"}],"author":[{"embeddable":true,"href":"https:\/\/coria.org\/ayuntamiento\/index.php\/wp-json\/wp\/v2\/users\/2"}],"replies":[{"embeddable":true,"href":"https:\/\/coria.org\/ayuntamiento\/index.php\/wp-json\/wp\/v2\/comments?post=41172"}],"version-history":[{"count":0,"href":"https:\/\/coria.org\/ayuntamiento\/index.php\/wp-json\/wp\/v2\/posts\/41172\/revisions"}],"wp:featuredmedia":[{"embeddable":true,"href":"https:\/\/coria.org\/ayuntamiento\/index.php\/wp-json\/wp\/v2\/media\/41173"}],"wp:attachment":[{"href":"https:\/\/coria.org\/ayuntamiento\/index.php\/wp-json\/wp\/v2\/media?parent=41172"}],"wp:term":[{"taxonomy":"category","embeddable":true,"href":"https:\/\/coria.org\/ayuntamiento\/index.php\/wp-json\/wp\/v2\/categories?post=41172"},{"taxonomy":"post_tag","embeddable":true,"href":"https:\/\/coria.org\/ayuntamiento\/index.php\/wp-json\/wp\/v2\/tags?post=41172"}],"curies":[{"name":"wp","href":"https:\/\/api.w.org\/{rel}","templated":true}]}}