{"id":39550,"date":"2022-12-19T13:00:25","date_gmt":"2022-12-19T12:00:25","guid":{"rendered":"https:\/\/ayuntamiento.coriaenimagenes.com\/?p=39550"},"modified":"2024-02-19T14:32:36","modified_gmt":"2024-02-19T13:32:36","slug":"todo-preparado-para-recibir-a-la-real-sociedad-en-el-campo-de-futbol-de-la-isla","status":"publish","type":"post","link":"https:\/\/coria.org\/ayuntamiento\/index.php\/2022\/12\/19\/todo-preparado-para-recibir-a-la-real-sociedad-en-el-campo-de-futbol-de-la-isla\/","title":{"rendered":"Todo preparado para recibir a la Real Sociedad en el Campo de F\u00fatbol de la Isla"},"content":{"rendered":"\n<p>El mi\u00e9rcoles 21 de diciembre a las 21h, se disputar\u00e1 el esperado partido de la Copa del Rey en segunda eliminatoria entre el Club Deportivo Coria y la Real Sociedad de F\u00fatbol.<\/p>\n\n\n<figure class=\"wp-block-post-featured-image\"><img loading=\"lazy\" decoding=\"async\" width=\"2048\" height=\"1536\" src=\"https:\/\/coria.org\/ayuntamiento\/wp-content\/uploads\/2022\/12\/copa-del-rey.jpg\" class=\"attachment-post-thumbnail size-post-thumbnail wp-post-image\" alt=\"\" style=\"object-fit:cover;\" srcset=\"https:\/\/coria.org\/ayuntamiento\/wp-content\/uploads\/2022\/12\/copa-del-rey.jpg 2048w, https:\/\/coria.org\/ayuntamiento\/wp-content\/uploads\/2022\/12\/copa-del-rey-300x225.jpg 300w, https:\/\/coria.org\/ayuntamiento\/wp-content\/uploads\/2022\/12\/copa-del-rey-1024x768.jpg 1024w, https:\/\/coria.org\/ayuntamiento\/wp-content\/uploads\/2022\/12\/copa-del-rey-768x576.jpg 768w, https:\/\/coria.org\/ayuntamiento\/wp-content\/uploads\/2022\/12\/copa-del-rey-1536x1152.jpg 1536w\" sizes=\"auto, (max-width: 2048px) 100vw, 2048px\" \/><\/figure>\n\n\n<p>En la ma\u00f1ana de este lunes 19 de diciembre, en el sal\u00f3n de plenos del Ayuntamiento de Coria, el Alcalde, Jos\u00e9 Manuel Garc\u00eda Ballestero, junto al Presidente del Club Deportivo Coria, han han comparecido ante los medios de comunicaci\u00f3n para explicar la log\u00edstica y el ambiente que se est\u00e1 viviendo en Coria los d\u00edas previos al partido de la Copa del Rey entre el CD Coria-Real Sociedad de F\u00fatbol.<\/p>\n\n\n\n<p>El Alcalde de la ciudad, Jos\u00e9 Manuel Garc\u00eda Ballestero ha agradecido en primer lugar el gran trabajo y esfuerzo realizado durante todos estos d\u00edas por la directiva del Club Cauriense, \u201csupone mucho esfuerzo organizar un partido de estas caracter\u00edsticas, en un campo que tiene una capacidad para unas 1300 personas se ha adaptado para 4000 localidades\u201d. Es un partido muy importante para el CD Coria y para nuestra ciudad, en lo deportivo y tambi\u00e9n en el \u00e1mbito tur\u00edstico. Ser\u00e1 un d\u00eda de fiesta que pido a todos lo disfruten con respeto.<\/p>\n\n\n\n<p>Ballestero tambi\u00e9n ha querido agradecer la presencia del Presidente de la Real Sociedad de F\u00fatbol que nos acompa\u00f1ar\u00e1 en este partido. Ha finalizado deseando que el Coria pueda continuar la andadura y que sobre todo disfrute de esa gran experiencia.<\/p>\n\n\n\n<p>Por su parte, el Presidente del Club, Aurelio Guti\u00e9rrez, ha adelantado que han sido meses de mucho trabajo, el campo vivir\u00e1 el pr\u00f3ximo mi\u00e9rcoles un fest\u00edn deportivo, ganemos o perdamos, para nosotros ya es un regalo el haber llegado hasta aqu\u00ed y poder disfrutar de un equipo del nivel de la Real.<\/p>\n\n\n\n<p>El presidente del Clu se siente orgulloso por trabajo realizado y est\u00e1n felices por haber llegado hasta aqu\u00ed. \u201cSomos un club humilde y familiar que llevamos trabajando muchos d\u00edas para que la Real se sienta como en su casa\u201d, ha a\u00f1adido.<\/p>\n\n\n\n<p>Por \u00faltimo, Guti\u00e9rrez ha querido agradecer el apoyo de todas las instituciones en especial al Ayuntamiento de Coria y a su concejal de obras, Juan Jos\u00e9 Alc\u00f3n, quien ha estado pendiente de toda la organizaci\u00f3n en el campo.<\/p>\n\n\n\n<p>Lely ha hecho un llamamiento a la afici\u00f3n de Coria y comarca y ha pedido tambi\u00e9n un buen comportamiento de todos en el desarrollo del partido y que esa noche no se olvide nunca.<\/p>\n\n\n\n<figure class=\"wp-block-image alignleft size-full is-resized\"><a href=\"https:\/\/youtu.be\/mm-IHFNdN0c\" target=\"_blank\" rel=\"noreferrer noopener\"><img loading=\"lazy\" decoding=\"async\" src=\"https:\/\/coria.org\/ayuntamiento\/wp-content\/uploads\/2022\/12\/youcoparey.jpg\" alt=\"\" class=\"wp-image-39552\" width=\"512\" height=\"288\" srcset=\"https:\/\/coria.org\/ayuntamiento\/wp-content\/uploads\/2022\/12\/youcoparey.jpg 1024w, https:\/\/coria.org\/ayuntamiento\/wp-content\/uploads\/2022\/12\/youcoparey-300x169.jpg 300w, https:\/\/coria.org\/ayuntamiento\/wp-content\/uploads\/2022\/12\/youcoparey-768x432.jpg 768w\" sizes=\"auto, (max-width: 512px) 100vw, 512px\" \/><\/a><\/figure>\n\n\n\n<p>El campo de \u201cLa Isla\u201d contar\u00e1 con nuevas gradas que se han instalado para el partido que sumar\u00e1n un total de 4000 localidades, adem\u00e1s se han colocado plataformas especiales para facilitar el trabajo a los medios de comunicaci\u00f3n, especialmente a las televisiones.<\/p>\n\n\n\n<p>En cuanto a los jugadores, ellos est\u00e1n con ganas y mucha ilusi\u00f3n por jugar este partido tan importante para ellos. Ser\u00e1 un partido dif\u00edcil, ha asegurado pero conf\u00edo en que podemos poner las cosas dif\u00edciles a la Real.<\/p>\n\n\n\n<p>Hay que recordar que, ante las lluvias ca\u00eddas en los \u00faltimos d\u00edas, se ruega a los aficionados a bajar sin coche o que hagan uso de los autobuses que saldr\u00e1n desde la estaci\u00f3n de autobuses, con recogida tambi\u00e9n al finalizar el partido. Los equipos llegar\u00e1n entre hora o hora y media antes del partido aunque esto a\u00fan est\u00e1 por confirmar, ha recordado el presidente.<\/p>\n\n\n\n<p>Adem\u00e1s, se recuerda que las taquillas se abrir\u00e1n a partir de las 17h y la apertura de puertas al p\u00fablico ser\u00e1 a las 18:30h.<\/p>\n","protected":false},"excerpt":{"rendered":"<p>El mi\u00e9rcoles 21 de diciembre a las 21h, se disputar\u00e1 el esperado partido de la Copa del Rey en segunda eliminatoria entre el Club Deportivo Coria y la Real Sociedad de F\u00fatbol. En la ma\u00f1ana de este lunes 19 de diciembre, en el sal\u00f3n de plenos del Ayuntamiento de Coria, el Alcalde, Jos\u00e9 Manuel Garc\u00eda [&hellip;]<\/p>\n","protected":false},"author":2,"featured_media":39551,"comment_status":"closed","ping_status":"closed","sticky":false,"template":"","format":"standard","meta":{"_uag_custom_page_level_css":"","footnotes":""},"categories":[2],"tags":[281,364,3,1046,1085],"class_list":["post-39550","post","type-post","status-publish","format-standard","has-post-thumbnail","hentry","category-noticias","tag-cd-coria","tag-copa","tag-coria","tag-real-sociedad","tag-rey"],"yoast_head":"<!-- This site is optimized with the Yoast SEO plugin v27.4 - https:\/\/yoast.com\/product\/yoast-seo-wordpress\/ -->\n<title>Todo preparado para recibir a la Real Sociedad en el Campo de F\u00fatbol de la Isla - Ayuntamiento de Coria<\/title>\n<meta name=\"robots\" content=\"index, follow, max-snippet:-1, max-image-preview:large, max-video-preview:-1\" \/>\n<link rel=\"canonical\" href=\"https:\/\/coria.org\/ayuntamiento\/index.php\/2022\/12\/19\/todo-preparado-para-recibir-a-la-real-sociedad-en-el-campo-de-futbol-de-la-isla\/\" \/>\n<meta property=\"og:locale\" content=\"es_ES\" \/>\n<meta property=\"og:type\" content=\"article\" \/>\n<meta property=\"og:title\" content=\"Todo preparado para recibir a la Real Sociedad en el Campo de F\u00fatbol de la Isla - Ayuntamiento de Coria\" \/>\n<meta property=\"og:description\" content=\"El mi\u00e9rcoles 21 de diciembre a las 21h, se disputar\u00e1 el esperado partido de la Copa del Rey en segunda eliminatoria entre el Club Deportivo Coria y la Real Sociedad de F\u00fatbol. En la ma\u00f1ana de este lunes 19 de diciembre, en el sal\u00f3n de plenos del Ayuntamiento de Coria, el Alcalde, Jos\u00e9 Manuel Garc\u00eda [&hellip;]\" \/>\n<meta property=\"og:url\" content=\"https:\/\/coria.org\/ayuntamiento\/index.php\/2022\/12\/19\/todo-preparado-para-recibir-a-la-real-sociedad-en-el-campo-de-futbol-de-la-isla\/\" \/>\n<meta property=\"og:site_name\" content=\"Ayuntamiento de Coria\" \/>\n<meta property=\"article:publisher\" content=\"https:\/\/www.facebook.com\/Ayuntamiento.de.Coria\" \/>\n<meta property=\"article:published_time\" content=\"2022-12-19T12:00:25+00:00\" \/>\n<meta property=\"article:modified_time\" content=\"2024-02-19T13:32:36+00:00\" \/>\n<meta property=\"og:image\" content=\"https:\/\/coria.org\/ayuntamiento\/wp-content\/uploads\/2022\/12\/copa-del-rey.jpg\" \/>\n\t<meta property=\"og:image:width\" content=\"2048\" \/>\n\t<meta property=\"og:image:height\" content=\"1536\" \/>\n\t<meta property=\"og:image:type\" content=\"image\/jpeg\" \/>\n<meta name=\"author\" content=\"ayuntamiento\" \/>\n<meta name=\"twitter:card\" content=\"summary_large_image\" \/>\n<meta name=\"twitter:creator\" content=\"@Ayto_de_Coria\" \/>\n<meta name=\"twitter:site\" content=\"@Ayto_de_Coria\" \/>\n<meta name=\"twitter:label1\" content=\"Escrito por\" \/>\n\t<meta name=\"twitter:data1\" content=\"ayuntamiento\" \/>\n\t<meta name=\"twitter:label2\" content=\"Tiempo de lectura\" \/>\n\t<meta name=\"twitter:data2\" content=\"3 minutos\" \/>\n<script type=\"application\/ld+json\" class=\"yoast-schema-graph\">{\"@context\":\"https:\\\/\\\/schema.org\",\"@graph\":[{\"@type\":\"Article\",\"@id\":\"https:\\\/\\\/coria.org\\\/ayuntamiento\\\/index.php\\\/2022\\\/12\\\/19\\\/todo-preparado-para-recibir-a-la-real-sociedad-en-el-campo-de-futbol-de-la-isla\\\/#article\",\"isPartOf\":{\"@id\":\"https:\\\/\\\/coria.org\\\/ayuntamiento\\\/index.php\\\/2022\\\/12\\\/19\\\/todo-preparado-para-recibir-a-la-real-sociedad-en-el-campo-de-futbol-de-la-isla\\\/\"},\"author\":{\"name\":\"ayuntamiento\",\"@id\":\"https:\\\/\\\/coria.org\\\/ayuntamiento\\\/#\\\/schema\\\/person\\\/8bd589f0e13e8ae5aa06def7a599d622\"},\"headline\":\"Todo preparado para recibir a la Real Sociedad en el Campo de F\u00fatbol de la Isla\",\"datePublished\":\"2022-12-19T12:00:25+00:00\",\"dateModified\":\"2024-02-19T13:32:36+00:00\",\"mainEntityOfPage\":{\"@id\":\"https:\\\/\\\/coria.org\\\/ayuntamiento\\\/index.php\\\/2022\\\/12\\\/19\\\/todo-preparado-para-recibir-a-la-real-sociedad-en-el-campo-de-futbol-de-la-isla\\\/\"},\"wordCount\":625,\"publisher\":{\"@id\":\"https:\\\/\\\/coria.org\\\/ayuntamiento\\\/#organization\"},\"image\":{\"@id\":\"https:\\\/\\\/coria.org\\\/ayuntamiento\\\/index.php\\\/2022\\\/12\\\/19\\\/todo-preparado-para-recibir-a-la-real-sociedad-en-el-campo-de-futbol-de-la-isla\\\/#primaryimage\"},\"thumbnailUrl\":\"https:\\\/\\\/coria.org\\\/ayuntamiento\\\/wp-content\\\/uploads\\\/2022\\\/12\\\/copa-del-rey.jpg\",\"keywords\":[\"cd coria\",\"copa\",\"coria\",\"real sociedad\",\"rey\"],\"articleSection\":[\"Noticias\"],\"inLanguage\":\"es\"},{\"@type\":\"WebPage\",\"@id\":\"https:\\\/\\\/coria.org\\\/ayuntamiento\\\/index.php\\\/2022\\\/12\\\/19\\\/todo-preparado-para-recibir-a-la-real-sociedad-en-el-campo-de-futbol-de-la-isla\\\/\",\"url\":\"https:\\\/\\\/coria.org\\\/ayuntamiento\\\/index.php\\\/2022\\\/12\\\/19\\\/todo-preparado-para-recibir-a-la-real-sociedad-en-el-campo-de-futbol-de-la-isla\\\/\",\"name\":\"Todo preparado para recibir a la Real Sociedad en el Campo de F\u00fatbol de la Isla - Ayuntamiento de Coria\",\"isPartOf\":{\"@id\":\"https:\\\/\\\/coria.org\\\/ayuntamiento\\\/#website\"},\"primaryImageOfPage\":{\"@id\":\"https:\\\/\\\/coria.org\\\/ayuntamiento\\\/index.php\\\/2022\\\/12\\\/19\\\/todo-preparado-para-recibir-a-la-real-sociedad-en-el-campo-de-futbol-de-la-isla\\\/#primaryimage\"},\"image\":{\"@id\":\"https:\\\/\\\/coria.org\\\/ayuntamiento\\\/index.php\\\/2022\\\/12\\\/19\\\/todo-preparado-para-recibir-a-la-real-sociedad-en-el-campo-de-futbol-de-la-isla\\\/#primaryimage\"},\"thumbnailUrl\":\"https:\\\/\\\/coria.org\\\/ayuntamiento\\\/wp-content\\\/uploads\\\/2022\\\/12\\\/copa-del-rey.jpg\",\"datePublished\":\"2022-12-19T12:00:25+00:00\",\"dateModified\":\"2024-02-19T13:32:36+00:00\",\"breadcrumb\":{\"@id\":\"https:\\\/\\\/coria.org\\\/ayuntamiento\\\/index.php\\\/2022\\\/12\\\/19\\\/todo-preparado-para-recibir-a-la-real-sociedad-en-el-campo-de-futbol-de-la-isla\\\/#breadcrumb\"},\"inLanguage\":\"es\",\"potentialAction\":[{\"@type\":\"ReadAction\",\"target\":[\"https:\\\/\\\/coria.org\\\/ayuntamiento\\\/index.php\\\/2022\\\/12\\\/19\\\/todo-preparado-para-recibir-a-la-real-sociedad-en-el-campo-de-futbol-de-la-isla\\\/\"]}]},{\"@type\":\"ImageObject\",\"inLanguage\":\"es\",\"@id\":\"https:\\\/\\\/coria.org\\\/ayuntamiento\\\/index.php\\\/2022\\\/12\\\/19\\\/todo-preparado-para-recibir-a-la-real-sociedad-en-el-campo-de-futbol-de-la-isla\\\/#primaryimage\",\"url\":\"https:\\\/\\\/coria.org\\\/ayuntamiento\\\/wp-content\\\/uploads\\\/2022\\\/12\\\/copa-del-rey.jpg\",\"contentUrl\":\"https:\\\/\\\/coria.org\\\/ayuntamiento\\\/wp-content\\\/uploads\\\/2022\\\/12\\\/copa-del-rey.jpg\",\"width\":2048,\"height\":1536},{\"@type\":\"BreadcrumbList\",\"@id\":\"https:\\\/\\\/coria.org\\\/ayuntamiento\\\/index.php\\\/2022\\\/12\\\/19\\\/todo-preparado-para-recibir-a-la-real-sociedad-en-el-campo-de-futbol-de-la-isla\\\/#breadcrumb\",\"itemListElement\":[{\"@type\":\"ListItem\",\"position\":1,\"name\":\"Inicio\",\"item\":\"https:\\\/\\\/coria.org\\\/ayuntamiento\\\/\"},{\"@type\":\"ListItem\",\"position\":2,\"name\":\"Todo preparado para recibir a la Real Sociedad en el Campo de F\u00fatbol de la Isla\"}]},{\"@type\":\"WebSite\",\"@id\":\"https:\\\/\\\/coria.org\\\/ayuntamiento\\\/#website\",\"url\":\"https:\\\/\\\/coria.org\\\/ayuntamiento\\\/\",\"name\":\"Ayuntamiento de Coria\",\"description\":\"Web oficial del Ayuntamiento de Coria\",\"publisher\":{\"@id\":\"https:\\\/\\\/coria.org\\\/ayuntamiento\\\/#organization\"},\"alternateName\":\"Web Oficial del Ayuntamiento de Coria\",\"potentialAction\":[{\"@type\":\"SearchAction\",\"target\":{\"@type\":\"EntryPoint\",\"urlTemplate\":\"https:\\\/\\\/coria.org\\\/ayuntamiento\\\/?s={search_term_string}\"},\"query-input\":{\"@type\":\"PropertyValueSpecification\",\"valueRequired\":true,\"valueName\":\"search_term_string\"}}],\"inLanguage\":\"es\"},{\"@type\":\"Organization\",\"@id\":\"https:\\\/\\\/coria.org\\\/ayuntamiento\\\/#organization\",\"name\":\"Ayuntamiento de Coria\",\"alternateName\":\"Ayto de Coria\",\"url\":\"https:\\\/\\\/coria.org\\\/ayuntamiento\\\/\",\"logo\":{\"@type\":\"ImageObject\",\"inLanguage\":\"es\",\"@id\":\"https:\\\/\\\/coria.org\\\/ayuntamiento\\\/#\\\/schema\\\/logo\\\/image\\\/\",\"url\":\"https:\\\/\\\/coria.org\\\/ayuntamiento\\\/wp-content\\\/uploads\\\/2020\\\/12\\\/escudo-ayuntamiento-coria.png\",\"contentUrl\":\"https:\\\/\\\/coria.org\\\/ayuntamiento\\\/wp-content\\\/uploads\\\/2020\\\/12\\\/escudo-ayuntamiento-coria.png\",\"width\":511,\"height\":240,\"caption\":\"Ayuntamiento de Coria\"},\"image\":{\"@id\":\"https:\\\/\\\/coria.org\\\/ayuntamiento\\\/#\\\/schema\\\/logo\\\/image\\\/\"},\"sameAs\":[\"https:\\\/\\\/www.facebook.com\\\/Ayuntamiento.de.Coria\",\"https:\\\/\\\/x.com\\\/Ayto_de_Coria\",\"https:\\\/\\\/www.instagram.com\\\/coria.ayuntamiento\\\/\",\"https:\\\/\\\/www.youtube.com\\\/user\\\/AYUNTAMIENTOCORIA\"]},{\"@type\":\"Person\",\"@id\":\"https:\\\/\\\/coria.org\\\/ayuntamiento\\\/#\\\/schema\\\/person\\\/8bd589f0e13e8ae5aa06def7a599d622\",\"name\":\"ayuntamiento\",\"image\":{\"@type\":\"ImageObject\",\"inLanguage\":\"es\",\"@id\":\"https:\\\/\\\/secure.gravatar.com\\\/avatar\\\/966e5ed73cad334adda5c87f49f2547f7082f7292c1b627cbb548744383b391c?s=96&d=mm&r=g\",\"url\":\"https:\\\/\\\/secure.gravatar.com\\\/avatar\\\/966e5ed73cad334adda5c87f49f2547f7082f7292c1b627cbb548744383b391c?s=96&d=mm&r=g\",\"contentUrl\":\"https:\\\/\\\/secure.gravatar.com\\\/avatar\\\/966e5ed73cad334adda5c87f49f2547f7082f7292c1b627cbb548744383b391c?s=96&d=mm&r=g\",\"caption\":\"ayuntamiento\"}}]}<\/script>\n<!-- \/ Yoast SEO plugin. -->","yoast_head_json":{"title":"Todo preparado para recibir a la Real Sociedad en el Campo de F\u00fatbol de la Isla - Ayuntamiento de Coria","robots":{"index":"index","follow":"follow","max-snippet":"max-snippet:-1","max-image-preview":"max-image-preview:large","max-video-preview":"max-video-preview:-1"},"canonical":"https:\/\/coria.org\/ayuntamiento\/index.php\/2022\/12\/19\/todo-preparado-para-recibir-a-la-real-sociedad-en-el-campo-de-futbol-de-la-isla\/","og_locale":"es_ES","og_type":"article","og_title":"Todo preparado para recibir a la Real Sociedad en el Campo de F\u00fatbol de la Isla - Ayuntamiento de Coria","og_description":"El mi\u00e9rcoles 21 de diciembre a las 21h, se disputar\u00e1 el esperado partido de la Copa del Rey en segunda eliminatoria entre el Club Deportivo Coria y la Real Sociedad de F\u00fatbol. En la ma\u00f1ana de este lunes 19 de diciembre, en el sal\u00f3n de plenos del Ayuntamiento de Coria, el Alcalde, Jos\u00e9 Manuel Garc\u00eda [&hellip;]","og_url":"https:\/\/coria.org\/ayuntamiento\/index.php\/2022\/12\/19\/todo-preparado-para-recibir-a-la-real-sociedad-en-el-campo-de-futbol-de-la-isla\/","og_site_name":"Ayuntamiento de Coria","article_publisher":"https:\/\/www.facebook.com\/Ayuntamiento.de.Coria","article_published_time":"2022-12-19T12:00:25+00:00","article_modified_time":"2024-02-19T13:32:36+00:00","og_image":[{"width":2048,"height":1536,"url":"https:\/\/coria.org\/ayuntamiento\/wp-content\/uploads\/2022\/12\/copa-del-rey.jpg","type":"image\/jpeg"}],"author":"ayuntamiento","twitter_card":"summary_large_image","twitter_creator":"@Ayto_de_Coria","twitter_site":"@Ayto_de_Coria","twitter_misc":{"Escrito por":"ayuntamiento","Tiempo de lectura":"3 minutos"},"schema":{"@context":"https:\/\/schema.org","@graph":[{"@type":"Article","@id":"https:\/\/coria.org\/ayuntamiento\/index.php\/2022\/12\/19\/todo-preparado-para-recibir-a-la-real-sociedad-en-el-campo-de-futbol-de-la-isla\/#article","isPartOf":{"@id":"https:\/\/coria.org\/ayuntamiento\/index.php\/2022\/12\/19\/todo-preparado-para-recibir-a-la-real-sociedad-en-el-campo-de-futbol-de-la-isla\/"},"author":{"name":"ayuntamiento","@id":"https:\/\/coria.org\/ayuntamiento\/#\/schema\/person\/8bd589f0e13e8ae5aa06def7a599d622"},"headline":"Todo preparado para recibir a la Real Sociedad en el Campo de F\u00fatbol de la Isla","datePublished":"2022-12-19T12:00:25+00:00","dateModified":"2024-02-19T13:32:36+00:00","mainEntityOfPage":{"@id":"https:\/\/coria.org\/ayuntamiento\/index.php\/2022\/12\/19\/todo-preparado-para-recibir-a-la-real-sociedad-en-el-campo-de-futbol-de-la-isla\/"},"wordCount":625,"publisher":{"@id":"https:\/\/coria.org\/ayuntamiento\/#organization"},"image":{"@id":"https:\/\/coria.org\/ayuntamiento\/index.php\/2022\/12\/19\/todo-preparado-para-recibir-a-la-real-sociedad-en-el-campo-de-futbol-de-la-isla\/#primaryimage"},"thumbnailUrl":"https:\/\/coria.org\/ayuntamiento\/wp-content\/uploads\/2022\/12\/copa-del-rey.jpg","keywords":["cd coria","copa","coria","real sociedad","rey"],"articleSection":["Noticias"],"inLanguage":"es"},{"@type":"WebPage","@id":"https:\/\/coria.org\/ayuntamiento\/index.php\/2022\/12\/19\/todo-preparado-para-recibir-a-la-real-sociedad-en-el-campo-de-futbol-de-la-isla\/","url":"https:\/\/coria.org\/ayuntamiento\/index.php\/2022\/12\/19\/todo-preparado-para-recibir-a-la-real-sociedad-en-el-campo-de-futbol-de-la-isla\/","name":"Todo preparado para recibir a la Real Sociedad en el Campo de F\u00fatbol de la Isla - Ayuntamiento de Coria","isPartOf":{"@id":"https:\/\/coria.org\/ayuntamiento\/#website"},"primaryImageOfPage":{"@id":"https:\/\/coria.org\/ayuntamiento\/index.php\/2022\/12\/19\/todo-preparado-para-recibir-a-la-real-sociedad-en-el-campo-de-futbol-de-la-isla\/#primaryimage"},"image":{"@id":"https:\/\/coria.org\/ayuntamiento\/index.php\/2022\/12\/19\/todo-preparado-para-recibir-a-la-real-sociedad-en-el-campo-de-futbol-de-la-isla\/#primaryimage"},"thumbnailUrl":"https:\/\/coria.org\/ayuntamiento\/wp-content\/uploads\/2022\/12\/copa-del-rey.jpg","datePublished":"2022-12-19T12:00:25+00:00","dateModified":"2024-02-19T13:32:36+00:00","breadcrumb":{"@id":"https:\/\/coria.org\/ayuntamiento\/index.php\/2022\/12\/19\/todo-preparado-para-recibir-a-la-real-sociedad-en-el-campo-de-futbol-de-la-isla\/#breadcrumb"},"inLanguage":"es","potentialAction":[{"@type":"ReadAction","target":["https:\/\/coria.org\/ayuntamiento\/index.php\/2022\/12\/19\/todo-preparado-para-recibir-a-la-real-sociedad-en-el-campo-de-futbol-de-la-isla\/"]}]},{"@type":"ImageObject","inLanguage":"es","@id":"https:\/\/coria.org\/ayuntamiento\/index.php\/2022\/12\/19\/todo-preparado-para-recibir-a-la-real-sociedad-en-el-campo-de-futbol-de-la-isla\/#primaryimage","url":"https:\/\/coria.org\/ayuntamiento\/wp-content\/uploads\/2022\/12\/copa-del-rey.jpg","contentUrl":"https:\/\/coria.org\/ayuntamiento\/wp-content\/uploads\/2022\/12\/copa-del-rey.jpg","width":2048,"height":1536},{"@type":"BreadcrumbList","@id":"https:\/\/coria.org\/ayuntamiento\/index.php\/2022\/12\/19\/todo-preparado-para-recibir-a-la-real-sociedad-en-el-campo-de-futbol-de-la-isla\/#breadcrumb","itemListElement":[{"@type":"ListItem","position":1,"name":"Inicio","item":"https:\/\/coria.org\/ayuntamiento\/"},{"@type":"ListItem","position":2,"name":"Todo preparado para recibir a la Real Sociedad en el Campo de F\u00fatbol de la Isla"}]},{"@type":"WebSite","@id":"https:\/\/coria.org\/ayuntamiento\/#website","url":"https:\/\/coria.org\/ayuntamiento\/","name":"Ayuntamiento de Coria","description":"Web oficial del Ayuntamiento de Coria","publisher":{"@id":"https:\/\/coria.org\/ayuntamiento\/#organization"},"alternateName":"Web Oficial del Ayuntamiento de Coria","potentialAction":[{"@type":"SearchAction","target":{"@type":"EntryPoint","urlTemplate":"https:\/\/coria.org\/ayuntamiento\/?s={search_term_string}"},"query-input":{"@type":"PropertyValueSpecification","valueRequired":true,"valueName":"search_term_string"}}],"inLanguage":"es"},{"@type":"Organization","@id":"https:\/\/coria.org\/ayuntamiento\/#organization","name":"Ayuntamiento de Coria","alternateName":"Ayto de Coria","url":"https:\/\/coria.org\/ayuntamiento\/","logo":{"@type":"ImageObject","inLanguage":"es","@id":"https:\/\/coria.org\/ayuntamiento\/#\/schema\/logo\/image\/","url":"https:\/\/coria.org\/ayuntamiento\/wp-content\/uploads\/2020\/12\/escudo-ayuntamiento-coria.png","contentUrl":"https:\/\/coria.org\/ayuntamiento\/wp-content\/uploads\/2020\/12\/escudo-ayuntamiento-coria.png","width":511,"height":240,"caption":"Ayuntamiento de Coria"},"image":{"@id":"https:\/\/coria.org\/ayuntamiento\/#\/schema\/logo\/image\/"},"sameAs":["https:\/\/www.facebook.com\/Ayuntamiento.de.Coria","https:\/\/x.com\/Ayto_de_Coria","https:\/\/www.instagram.com\/coria.ayuntamiento\/","https:\/\/www.youtube.com\/user\/AYUNTAMIENTOCORIA"]},{"@type":"Person","@id":"https:\/\/coria.org\/ayuntamiento\/#\/schema\/person\/8bd589f0e13e8ae5aa06def7a599d622","name":"ayuntamiento","image":{"@type":"ImageObject","inLanguage":"es","@id":"https:\/\/secure.gravatar.com\/avatar\/966e5ed73cad334adda5c87f49f2547f7082f7292c1b627cbb548744383b391c?s=96&d=mm&r=g","url":"https:\/\/secure.gravatar.com\/avatar\/966e5ed73cad334adda5c87f49f2547f7082f7292c1b627cbb548744383b391c?s=96&d=mm&r=g","contentUrl":"https:\/\/secure.gravatar.com\/avatar\/966e5ed73cad334adda5c87f49f2547f7082f7292c1b627cbb548744383b391c?s=96&d=mm&r=g","caption":"ayuntamiento"}}]}},"uagb_featured_image_src":{"full":["https:\/\/coria.org\/ayuntamiento\/wp-content\/uploads\/2022\/12\/copa-del-rey.jpg",2048,1536,false],"thumbnail":["https:\/\/coria.org\/ayuntamiento\/wp-content\/uploads\/2022\/12\/copa-del-rey-150x150.jpg",150,150,true],"medium":["https:\/\/coria.org\/ayuntamiento\/wp-content\/uploads\/2022\/12\/copa-del-rey-300x225.jpg",300,225,true],"medium_large":["https:\/\/coria.org\/ayuntamiento\/wp-content\/uploads\/2022\/12\/copa-del-rey-768x576.jpg",768,576,true],"large":["https:\/\/coria.org\/ayuntamiento\/wp-content\/uploads\/2022\/12\/copa-del-rey-1024x768.jpg",1024,768,true],"thumblist":["https:\/\/coria.org\/ayuntamiento\/wp-content\/uploads\/2022\/12\/copa-del-rey.jpg",300,225,false],"thumbrelated":["https:\/\/coria.org\/ayuntamiento\/wp-content\/uploads\/2022\/12\/copa-del-rey.jpg",500,375,false],"meccarouselthumb":["https:\/\/coria.org\/ayuntamiento\/wp-content\/uploads\/2022\/12\/copa-del-rey.jpg",432,324,false],"gridsquare":["https:\/\/coria.org\/ayuntamiento\/wp-content\/uploads\/2022\/12\/copa-del-rey.jpg",347,260,false],"tileview":["https:\/\/coria.org\/ayuntamiento\/wp-content\/uploads\/2022\/12\/copa-del-rey.jpg",300,225,false],"1536x1536":["https:\/\/coria.org\/ayuntamiento\/wp-content\/uploads\/2022\/12\/copa-del-rey-1536x1152.jpg",1536,1152,true],"2048x2048":["https:\/\/coria.org\/ayuntamiento\/wp-content\/uploads\/2022\/12\/copa-del-rey.jpg",2048,1536,false]},"uagb_author_info":{"display_name":"ayuntamiento","author_link":"https:\/\/coria.org\/ayuntamiento\/index.php\/author\/ayuntamiento\/"},"uagb_comment_info":0,"uagb_excerpt":"El mi\u00e9rcoles 21 de diciembre a las 21h, se disputar\u00e1 el esperado partido de la Copa del Rey en segunda eliminatoria entre el Club Deportivo Coria y la Real Sociedad de F\u00fatbol. En la ma\u00f1ana de este lunes 19 de diciembre, en el sal\u00f3n de plenos del Ayuntamiento de Coria, el Alcalde, Jos\u00e9 Manuel Garc\u00eda&hellip;","_links":{"self":[{"href":"https:\/\/coria.org\/ayuntamiento\/index.php\/wp-json\/wp\/v2\/posts\/39550","targetHints":{"allow":["GET"]}}],"collection":[{"href":"https:\/\/coria.org\/ayuntamiento\/index.php\/wp-json\/wp\/v2\/posts"}],"about":[{"href":"https:\/\/coria.org\/ayuntamiento\/index.php\/wp-json\/wp\/v2\/types\/post"}],"author":[{"embeddable":true,"href":"https:\/\/coria.org\/ayuntamiento\/index.php\/wp-json\/wp\/v2\/users\/2"}],"replies":[{"embeddable":true,"href":"https:\/\/coria.org\/ayuntamiento\/index.php\/wp-json\/wp\/v2\/comments?post=39550"}],"version-history":[{"count":0,"href":"https:\/\/coria.org\/ayuntamiento\/index.php\/wp-json\/wp\/v2\/posts\/39550\/revisions"}],"wp:featuredmedia":[{"embeddable":true,"href":"https:\/\/coria.org\/ayuntamiento\/index.php\/wp-json\/wp\/v2\/media\/39551"}],"wp:attachment":[{"href":"https:\/\/coria.org\/ayuntamiento\/index.php\/wp-json\/wp\/v2\/media?parent=39550"}],"wp:term":[{"taxonomy":"category","embeddable":true,"href":"https:\/\/coria.org\/ayuntamiento\/index.php\/wp-json\/wp\/v2\/categories?post=39550"},{"taxonomy":"post_tag","embeddable":true,"href":"https:\/\/coria.org\/ayuntamiento\/index.php\/wp-json\/wp\/v2\/tags?post=39550"}],"curies":[{"name":"wp","href":"https:\/\/api.w.org\/{rel}","templated":true}]}}