{"id":39388,"date":"2022-11-07T12:10:37","date_gmt":"2022-11-07T11:10:37","guid":{"rendered":"https:\/\/ayuntamiento.coriaenimagenes.com\/?p=39388"},"modified":"2023-10-31T09:20:47","modified_gmt":"2023-10-31T08:20:47","slug":"el-ayuntamiento-hace-una-recepcion-oficial-a-los-alumnos-del-proyecto-erasmus-bibliotecas-humanas-que-construyen-una-ciudadania-para-un-mundo-mejor","status":"publish","type":"post","link":"https:\/\/coria.org\/ayuntamiento\/index.php\/2022\/11\/07\/el-ayuntamiento-hace-una-recepcion-oficial-a-los-alumnos-del-proyecto-erasmus-bibliotecas-humanas-que-construyen-una-ciudadania-para-un-mundo-mejor\/","title":{"rendered":"El Ayuntamiento hace una recepci\u00f3n oficial a los alumnos del proyecto Erasmus+, \u201cBibliotecas humanas que construyen una ciudadan\u00eda para un mundo mejor\u201d"},"content":{"rendered":"\n<p>La Teniente de Alcalde, Almudena Domingo Pirrongelli, ha recibido en la ma\u00f1ana de este lunes al grupo de estudiantes participantes en el proyecto Erasmus+, \u201cBibliotecas humanas que construyen una ciudadan\u00eda para un mundo mejor\u201d, y venidos de Sevilla, B\u00e9lgica, Italia y Francia.<\/p>\n\n\n<figure class=\"wp-block-post-featured-image\"><img loading=\"lazy\" decoding=\"async\" width=\"1024\" height=\"768\" src=\"https:\/\/coria.org\/ayuntamiento\/wp-content\/uploads\/2022\/11\/erasmus.jpg\" class=\"attachment-post-thumbnail size-post-thumbnail wp-post-image\" alt=\"\" style=\"object-fit:cover;\" srcset=\"https:\/\/coria.org\/ayuntamiento\/wp-content\/uploads\/2022\/11\/erasmus.jpg 1024w, https:\/\/coria.org\/ayuntamiento\/wp-content\/uploads\/2022\/11\/erasmus-300x225.jpg 300w, https:\/\/coria.org\/ayuntamiento\/wp-content\/uploads\/2022\/11\/erasmus-768x576.jpg 768w\" sizes=\"auto, (max-width: 1024px) 100vw, 1024px\" \/><\/figure>\n\n\n<p>Cabe recordar que, el IES Alag\u00f3n de Coria est\u00e1 desarrollando el proyecto Erasmus+, \u201cBibliotecas humanas que construyen una ciudadan\u00eda para un mundo mejor\u201d, con alumnos de 4\u00ba ESO junto con el IES \u201cMurillo\u201d de Sevilla, el \u201cAth\u00e9n\u00e9e Royal de Beaumont\u201d (B\u00e9lgica), el Istituto Tecnico Statale per il settore economico \u00abRaffaele Piria-Ferraris\/Da Empoli\u00bb (Italia) y el Lyc\u00e9e Polyvalent \u201cLouis Armand\u201d (Francia).<br \/>Este proyecto busca provocar el encuentro de los alumnos con la diversidad de lo humano para evitar as\u00ed que se encierren en prejuicios y estereotipos. El objetivo del proyecto es triple: por un lado disminuir la discriminaci\u00f3n entre los j\u00f3venes celebrando la diferencia y promoviendo el di\u00e1logo, la empat\u00eda, la tolerancia, la comprensi\u00f3n hacia personas provenientes de diferentes estilos de vida o culturas y que, en condiciones normales, no hablar\u00edan entre ellas. Por otro, visibilizar las acciones positivas que realiza la gente por el bien com\u00fan, y que nuestros estudiantes descubran -a trav\u00e9s de contactos personales- a personas que trabajan concretamente en la construcci\u00f3n de una sociedad y de una escuela m\u00e1s inclusivas. Y, por \u00faltimo, ir a\u00fan m\u00e1s lejos: hacer que los alumnos pasen a la acci\u00f3n y que se comprometan activamente en la construcci\u00f3n de un mundo mejor.<\/p>\n\n\n\n<p><br \/>En el proyecto se pretende construir una biblioteca virtual de \u201clibros humanos\u201d. En esta plataforma se podr\u00e1n encontrar tanto testimonios de personas ejemplares por su experiencia de vida, como ebooks o booktrailers realizados \u2013a partir de los \u201clibros humanos \u201c- por los alumnos. La primera etapa consistir\u00e1 en buscar a grandes testigos a los que los alumnos entrevistar\u00e1n. Tambi\u00e9n se establecer\u00e1 una colaboraci\u00f3n con las bibliotecas de nuestras ciudades para que se hagan eco de nuestra iniciativa proponiendo en su sede encuentros con libros humanos.<br \/>En el acto de recepci\u00f3n que ha sido en el sal\u00f3n de plenos, Almudena ha hablado de la importancia de este tipo de proyectos entre los m\u00e1s j\u00f3venes y ha dado la enhorabuena al IES Alag\u00f3n por esta iniciativa. Asimismo ha explicado a los asistentes la importancia de la ciudad y ha deseado una bonita estancia en Coria.<\/p>\n","protected":false},"excerpt":{"rendered":"<p>La Teniente de Alcalde, Almudena Domingo Pirrongelli, ha recibido en la ma\u00f1ana de este lunes al grupo de estudiantes participantes en el proyecto Erasmus+, \u201cBibliotecas humanas que construyen una ciudadan\u00eda para un mundo mejor\u201d, y venidos de Sevilla, B\u00e9lgica, Italia y Francia. Cabe recordar que, el IES Alag\u00f3n de Coria est\u00e1 desarrollando el proyecto Erasmus+, [&hellip;]<\/p>\n","protected":false},"author":2,"featured_media":39389,"comment_status":"closed","ping_status":"closed","sticky":false,"template":"","format":"standard","meta":{"_uag_custom_page_level_css":"","footnotes":""},"categories":[2],"tags":[504,4],"class_list":["post-39388","post","type-post","status-publish","format-standard","has-post-thumbnail","hentry","category-noticias","tag-erasmus","tag-extremadura"],"yoast_head":"<!-- This site is optimized with the Yoast SEO plugin v27.4 - https:\/\/yoast.com\/product\/yoast-seo-wordpress\/ -->\n<title>El Ayuntamiento hace una recepci\u00f3n oficial a los alumnos del proyecto Erasmus+, \u201cBibliotecas humanas que construyen una ciudadan\u00eda para un mundo mejor\u201d - Ayuntamiento de Coria<\/title>\n<meta name=\"robots\" content=\"index, follow, max-snippet:-1, max-image-preview:large, max-video-preview:-1\" \/>\n<link rel=\"canonical\" href=\"https:\/\/coria.org\/ayuntamiento\/index.php\/2022\/11\/07\/el-ayuntamiento-hace-una-recepcion-oficial-a-los-alumnos-del-proyecto-erasmus-bibliotecas-humanas-que-construyen-una-ciudadania-para-un-mundo-mejor\/\" \/>\n<meta property=\"og:locale\" content=\"es_ES\" \/>\n<meta property=\"og:type\" content=\"article\" \/>\n<meta property=\"og:title\" content=\"El Ayuntamiento hace una recepci\u00f3n oficial a los alumnos del proyecto Erasmus+, \u201cBibliotecas humanas que construyen una ciudadan\u00eda para un mundo mejor\u201d - Ayuntamiento de Coria\" \/>\n<meta property=\"og:description\" content=\"La Teniente de Alcalde, Almudena Domingo Pirrongelli, ha recibido en la ma\u00f1ana de este lunes al grupo de estudiantes participantes en el proyecto Erasmus+, \u201cBibliotecas humanas que construyen una ciudadan\u00eda para un mundo mejor\u201d, y venidos de Sevilla, B\u00e9lgica, Italia y Francia. Cabe recordar que, el IES Alag\u00f3n de Coria est\u00e1 desarrollando el proyecto Erasmus+, [&hellip;]\" \/>\n<meta property=\"og:url\" content=\"https:\/\/coria.org\/ayuntamiento\/index.php\/2022\/11\/07\/el-ayuntamiento-hace-una-recepcion-oficial-a-los-alumnos-del-proyecto-erasmus-bibliotecas-humanas-que-construyen-una-ciudadania-para-un-mundo-mejor\/\" \/>\n<meta property=\"og:site_name\" content=\"Ayuntamiento de Coria\" \/>\n<meta property=\"article:publisher\" content=\"https:\/\/www.facebook.com\/Ayuntamiento.de.Coria\" \/>\n<meta property=\"article:published_time\" content=\"2022-11-07T11:10:37+00:00\" \/>\n<meta property=\"article:modified_time\" content=\"2023-10-31T08:20:47+00:00\" \/>\n<meta property=\"og:image\" content=\"https:\/\/coria.org\/ayuntamiento\/wp-content\/uploads\/2022\/11\/erasmus.jpg\" \/>\n\t<meta property=\"og:image:width\" content=\"1024\" \/>\n\t<meta property=\"og:image:height\" content=\"768\" \/>\n\t<meta property=\"og:image:type\" content=\"image\/jpeg\" \/>\n<meta name=\"author\" content=\"ayuntamiento\" \/>\n<meta name=\"twitter:card\" content=\"summary_large_image\" \/>\n<meta name=\"twitter:creator\" content=\"@Ayto_de_Coria\" \/>\n<meta name=\"twitter:site\" content=\"@Ayto_de_Coria\" \/>\n<meta name=\"twitter:label1\" content=\"Escrito por\" \/>\n\t<meta name=\"twitter:data1\" content=\"ayuntamiento\" \/>\n\t<meta name=\"twitter:label2\" content=\"Tiempo de lectura\" \/>\n\t<meta name=\"twitter:data2\" content=\"2 minutos\" \/>\n<script type=\"application\/ld+json\" class=\"yoast-schema-graph\">{\"@context\":\"https:\\\/\\\/schema.org\",\"@graph\":[{\"@type\":\"Article\",\"@id\":\"https:\\\/\\\/coria.org\\\/ayuntamiento\\\/index.php\\\/2022\\\/11\\\/07\\\/el-ayuntamiento-hace-una-recepcion-oficial-a-los-alumnos-del-proyecto-erasmus-bibliotecas-humanas-que-construyen-una-ciudadania-para-un-mundo-mejor\\\/#article\",\"isPartOf\":{\"@id\":\"https:\\\/\\\/coria.org\\\/ayuntamiento\\\/index.php\\\/2022\\\/11\\\/07\\\/el-ayuntamiento-hace-una-recepcion-oficial-a-los-alumnos-del-proyecto-erasmus-bibliotecas-humanas-que-construyen-una-ciudadania-para-un-mundo-mejor\\\/\"},\"author\":{\"name\":\"ayuntamiento\",\"@id\":\"https:\\\/\\\/coria.org\\\/ayuntamiento\\\/#\\\/schema\\\/person\\\/8bd589f0e13e8ae5aa06def7a599d622\"},\"headline\":\"El Ayuntamiento hace una recepci\u00f3n oficial a los alumnos del proyecto Erasmus+, \u201cBibliotecas humanas que construyen una ciudadan\u00eda para un mundo mejor\u201d\",\"datePublished\":\"2022-11-07T11:10:37+00:00\",\"dateModified\":\"2023-10-31T08:20:47+00:00\",\"mainEntityOfPage\":{\"@id\":\"https:\\\/\\\/coria.org\\\/ayuntamiento\\\/index.php\\\/2022\\\/11\\\/07\\\/el-ayuntamiento-hace-una-recepcion-oficial-a-los-alumnos-del-proyecto-erasmus-bibliotecas-humanas-que-construyen-una-ciudadania-para-un-mundo-mejor\\\/\"},\"wordCount\":441,\"publisher\":{\"@id\":\"https:\\\/\\\/coria.org\\\/ayuntamiento\\\/#organization\"},\"image\":{\"@id\":\"https:\\\/\\\/coria.org\\\/ayuntamiento\\\/index.php\\\/2022\\\/11\\\/07\\\/el-ayuntamiento-hace-una-recepcion-oficial-a-los-alumnos-del-proyecto-erasmus-bibliotecas-humanas-que-construyen-una-ciudadania-para-un-mundo-mejor\\\/#primaryimage\"},\"thumbnailUrl\":\"https:\\\/\\\/coria.org\\\/ayuntamiento\\\/wp-content\\\/uploads\\\/2022\\\/11\\\/erasmus.jpg\",\"keywords\":[\"erasmus\",\"extremadura\"],\"articleSection\":[\"Noticias\"],\"inLanguage\":\"es\"},{\"@type\":\"WebPage\",\"@id\":\"https:\\\/\\\/coria.org\\\/ayuntamiento\\\/index.php\\\/2022\\\/11\\\/07\\\/el-ayuntamiento-hace-una-recepcion-oficial-a-los-alumnos-del-proyecto-erasmus-bibliotecas-humanas-que-construyen-una-ciudadania-para-un-mundo-mejor\\\/\",\"url\":\"https:\\\/\\\/coria.org\\\/ayuntamiento\\\/index.php\\\/2022\\\/11\\\/07\\\/el-ayuntamiento-hace-una-recepcion-oficial-a-los-alumnos-del-proyecto-erasmus-bibliotecas-humanas-que-construyen-una-ciudadania-para-un-mundo-mejor\\\/\",\"name\":\"El Ayuntamiento hace una recepci\u00f3n oficial a los alumnos del proyecto Erasmus+, \u201cBibliotecas humanas que construyen una ciudadan\u00eda para un mundo mejor\u201d - Ayuntamiento de Coria\",\"isPartOf\":{\"@id\":\"https:\\\/\\\/coria.org\\\/ayuntamiento\\\/#website\"},\"primaryImageOfPage\":{\"@id\":\"https:\\\/\\\/coria.org\\\/ayuntamiento\\\/index.php\\\/2022\\\/11\\\/07\\\/el-ayuntamiento-hace-una-recepcion-oficial-a-los-alumnos-del-proyecto-erasmus-bibliotecas-humanas-que-construyen-una-ciudadania-para-un-mundo-mejor\\\/#primaryimage\"},\"image\":{\"@id\":\"https:\\\/\\\/coria.org\\\/ayuntamiento\\\/index.php\\\/2022\\\/11\\\/07\\\/el-ayuntamiento-hace-una-recepcion-oficial-a-los-alumnos-del-proyecto-erasmus-bibliotecas-humanas-que-construyen-una-ciudadania-para-un-mundo-mejor\\\/#primaryimage\"},\"thumbnailUrl\":\"https:\\\/\\\/coria.org\\\/ayuntamiento\\\/wp-content\\\/uploads\\\/2022\\\/11\\\/erasmus.jpg\",\"datePublished\":\"2022-11-07T11:10:37+00:00\",\"dateModified\":\"2023-10-31T08:20:47+00:00\",\"breadcrumb\":{\"@id\":\"https:\\\/\\\/coria.org\\\/ayuntamiento\\\/index.php\\\/2022\\\/11\\\/07\\\/el-ayuntamiento-hace-una-recepcion-oficial-a-los-alumnos-del-proyecto-erasmus-bibliotecas-humanas-que-construyen-una-ciudadania-para-un-mundo-mejor\\\/#breadcrumb\"},\"inLanguage\":\"es\",\"potentialAction\":[{\"@type\":\"ReadAction\",\"target\":[\"https:\\\/\\\/coria.org\\\/ayuntamiento\\\/index.php\\\/2022\\\/11\\\/07\\\/el-ayuntamiento-hace-una-recepcion-oficial-a-los-alumnos-del-proyecto-erasmus-bibliotecas-humanas-que-construyen-una-ciudadania-para-un-mundo-mejor\\\/\"]}]},{\"@type\":\"ImageObject\",\"inLanguage\":\"es\",\"@id\":\"https:\\\/\\\/coria.org\\\/ayuntamiento\\\/index.php\\\/2022\\\/11\\\/07\\\/el-ayuntamiento-hace-una-recepcion-oficial-a-los-alumnos-del-proyecto-erasmus-bibliotecas-humanas-que-construyen-una-ciudadania-para-un-mundo-mejor\\\/#primaryimage\",\"url\":\"https:\\\/\\\/coria.org\\\/ayuntamiento\\\/wp-content\\\/uploads\\\/2022\\\/11\\\/erasmus.jpg\",\"contentUrl\":\"https:\\\/\\\/coria.org\\\/ayuntamiento\\\/wp-content\\\/uploads\\\/2022\\\/11\\\/erasmus.jpg\",\"width\":1024,\"height\":768},{\"@type\":\"BreadcrumbList\",\"@id\":\"https:\\\/\\\/coria.org\\\/ayuntamiento\\\/index.php\\\/2022\\\/11\\\/07\\\/el-ayuntamiento-hace-una-recepcion-oficial-a-los-alumnos-del-proyecto-erasmus-bibliotecas-humanas-que-construyen-una-ciudadania-para-un-mundo-mejor\\\/#breadcrumb\",\"itemListElement\":[{\"@type\":\"ListItem\",\"position\":1,\"name\":\"Inicio\",\"item\":\"https:\\\/\\\/coria.org\\\/ayuntamiento\\\/\"},{\"@type\":\"ListItem\",\"position\":2,\"name\":\"El Ayuntamiento hace una recepci\u00f3n oficial a los alumnos del proyecto Erasmus+, \u201cBibliotecas humanas que construyen una ciudadan\u00eda para un mundo mejor\u201d\"}]},{\"@type\":\"WebSite\",\"@id\":\"https:\\\/\\\/coria.org\\\/ayuntamiento\\\/#website\",\"url\":\"https:\\\/\\\/coria.org\\\/ayuntamiento\\\/\",\"name\":\"Ayuntamiento de Coria\",\"description\":\"Web oficial del Ayuntamiento de Coria\",\"publisher\":{\"@id\":\"https:\\\/\\\/coria.org\\\/ayuntamiento\\\/#organization\"},\"alternateName\":\"Web Oficial del Ayuntamiento de Coria\",\"potentialAction\":[{\"@type\":\"SearchAction\",\"target\":{\"@type\":\"EntryPoint\",\"urlTemplate\":\"https:\\\/\\\/coria.org\\\/ayuntamiento\\\/?s={search_term_string}\"},\"query-input\":{\"@type\":\"PropertyValueSpecification\",\"valueRequired\":true,\"valueName\":\"search_term_string\"}}],\"inLanguage\":\"es\"},{\"@type\":\"Organization\",\"@id\":\"https:\\\/\\\/coria.org\\\/ayuntamiento\\\/#organization\",\"name\":\"Ayuntamiento de Coria\",\"alternateName\":\"Ayto de Coria\",\"url\":\"https:\\\/\\\/coria.org\\\/ayuntamiento\\\/\",\"logo\":{\"@type\":\"ImageObject\",\"inLanguage\":\"es\",\"@id\":\"https:\\\/\\\/coria.org\\\/ayuntamiento\\\/#\\\/schema\\\/logo\\\/image\\\/\",\"url\":\"https:\\\/\\\/coria.org\\\/ayuntamiento\\\/wp-content\\\/uploads\\\/2020\\\/12\\\/escudo-ayuntamiento-coria.png\",\"contentUrl\":\"https:\\\/\\\/coria.org\\\/ayuntamiento\\\/wp-content\\\/uploads\\\/2020\\\/12\\\/escudo-ayuntamiento-coria.png\",\"width\":511,\"height\":240,\"caption\":\"Ayuntamiento de Coria\"},\"image\":{\"@id\":\"https:\\\/\\\/coria.org\\\/ayuntamiento\\\/#\\\/schema\\\/logo\\\/image\\\/\"},\"sameAs\":[\"https:\\\/\\\/www.facebook.com\\\/Ayuntamiento.de.Coria\",\"https:\\\/\\\/x.com\\\/Ayto_de_Coria\",\"https:\\\/\\\/www.instagram.com\\\/coria.ayuntamiento\\\/\",\"https:\\\/\\\/www.youtube.com\\\/user\\\/AYUNTAMIENTOCORIA\"]},{\"@type\":\"Person\",\"@id\":\"https:\\\/\\\/coria.org\\\/ayuntamiento\\\/#\\\/schema\\\/person\\\/8bd589f0e13e8ae5aa06def7a599d622\",\"name\":\"ayuntamiento\",\"image\":{\"@type\":\"ImageObject\",\"inLanguage\":\"es\",\"@id\":\"https:\\\/\\\/secure.gravatar.com\\\/avatar\\\/966e5ed73cad334adda5c87f49f2547f7082f7292c1b627cbb548744383b391c?s=96&d=mm&r=g\",\"url\":\"https:\\\/\\\/secure.gravatar.com\\\/avatar\\\/966e5ed73cad334adda5c87f49f2547f7082f7292c1b627cbb548744383b391c?s=96&d=mm&r=g\",\"contentUrl\":\"https:\\\/\\\/secure.gravatar.com\\\/avatar\\\/966e5ed73cad334adda5c87f49f2547f7082f7292c1b627cbb548744383b391c?s=96&d=mm&r=g\",\"caption\":\"ayuntamiento\"}}]}<\/script>\n<!-- \/ Yoast SEO plugin. -->","yoast_head_json":{"title":"El Ayuntamiento hace una recepci\u00f3n oficial a los alumnos del proyecto Erasmus+, \u201cBibliotecas humanas que construyen una ciudadan\u00eda para un mundo mejor\u201d - Ayuntamiento de Coria","robots":{"index":"index","follow":"follow","max-snippet":"max-snippet:-1","max-image-preview":"max-image-preview:large","max-video-preview":"max-video-preview:-1"},"canonical":"https:\/\/coria.org\/ayuntamiento\/index.php\/2022\/11\/07\/el-ayuntamiento-hace-una-recepcion-oficial-a-los-alumnos-del-proyecto-erasmus-bibliotecas-humanas-que-construyen-una-ciudadania-para-un-mundo-mejor\/","og_locale":"es_ES","og_type":"article","og_title":"El Ayuntamiento hace una recepci\u00f3n oficial a los alumnos del proyecto Erasmus+, \u201cBibliotecas humanas que construyen una ciudadan\u00eda para un mundo mejor\u201d - Ayuntamiento de Coria","og_description":"La Teniente de Alcalde, Almudena Domingo Pirrongelli, ha recibido en la ma\u00f1ana de este lunes al grupo de estudiantes participantes en el proyecto Erasmus+, \u201cBibliotecas humanas que construyen una ciudadan\u00eda para un mundo mejor\u201d, y venidos de Sevilla, B\u00e9lgica, Italia y Francia. Cabe recordar que, el IES Alag\u00f3n de Coria est\u00e1 desarrollando el proyecto Erasmus+, [&hellip;]","og_url":"https:\/\/coria.org\/ayuntamiento\/index.php\/2022\/11\/07\/el-ayuntamiento-hace-una-recepcion-oficial-a-los-alumnos-del-proyecto-erasmus-bibliotecas-humanas-que-construyen-una-ciudadania-para-un-mundo-mejor\/","og_site_name":"Ayuntamiento de Coria","article_publisher":"https:\/\/www.facebook.com\/Ayuntamiento.de.Coria","article_published_time":"2022-11-07T11:10:37+00:00","article_modified_time":"2023-10-31T08:20:47+00:00","og_image":[{"width":1024,"height":768,"url":"https:\/\/coria.org\/ayuntamiento\/wp-content\/uploads\/2022\/11\/erasmus.jpg","type":"image\/jpeg"}],"author":"ayuntamiento","twitter_card":"summary_large_image","twitter_creator":"@Ayto_de_Coria","twitter_site":"@Ayto_de_Coria","twitter_misc":{"Escrito por":"ayuntamiento","Tiempo de lectura":"2 minutos"},"schema":{"@context":"https:\/\/schema.org","@graph":[{"@type":"Article","@id":"https:\/\/coria.org\/ayuntamiento\/index.php\/2022\/11\/07\/el-ayuntamiento-hace-una-recepcion-oficial-a-los-alumnos-del-proyecto-erasmus-bibliotecas-humanas-que-construyen-una-ciudadania-para-un-mundo-mejor\/#article","isPartOf":{"@id":"https:\/\/coria.org\/ayuntamiento\/index.php\/2022\/11\/07\/el-ayuntamiento-hace-una-recepcion-oficial-a-los-alumnos-del-proyecto-erasmus-bibliotecas-humanas-que-construyen-una-ciudadania-para-un-mundo-mejor\/"},"author":{"name":"ayuntamiento","@id":"https:\/\/coria.org\/ayuntamiento\/#\/schema\/person\/8bd589f0e13e8ae5aa06def7a599d622"},"headline":"El Ayuntamiento hace una recepci\u00f3n oficial a los alumnos del proyecto Erasmus+, \u201cBibliotecas humanas que construyen una ciudadan\u00eda para un mundo mejor\u201d","datePublished":"2022-11-07T11:10:37+00:00","dateModified":"2023-10-31T08:20:47+00:00","mainEntityOfPage":{"@id":"https:\/\/coria.org\/ayuntamiento\/index.php\/2022\/11\/07\/el-ayuntamiento-hace-una-recepcion-oficial-a-los-alumnos-del-proyecto-erasmus-bibliotecas-humanas-que-construyen-una-ciudadania-para-un-mundo-mejor\/"},"wordCount":441,"publisher":{"@id":"https:\/\/coria.org\/ayuntamiento\/#organization"},"image":{"@id":"https:\/\/coria.org\/ayuntamiento\/index.php\/2022\/11\/07\/el-ayuntamiento-hace-una-recepcion-oficial-a-los-alumnos-del-proyecto-erasmus-bibliotecas-humanas-que-construyen-una-ciudadania-para-un-mundo-mejor\/#primaryimage"},"thumbnailUrl":"https:\/\/coria.org\/ayuntamiento\/wp-content\/uploads\/2022\/11\/erasmus.jpg","keywords":["erasmus","extremadura"],"articleSection":["Noticias"],"inLanguage":"es"},{"@type":"WebPage","@id":"https:\/\/coria.org\/ayuntamiento\/index.php\/2022\/11\/07\/el-ayuntamiento-hace-una-recepcion-oficial-a-los-alumnos-del-proyecto-erasmus-bibliotecas-humanas-que-construyen-una-ciudadania-para-un-mundo-mejor\/","url":"https:\/\/coria.org\/ayuntamiento\/index.php\/2022\/11\/07\/el-ayuntamiento-hace-una-recepcion-oficial-a-los-alumnos-del-proyecto-erasmus-bibliotecas-humanas-que-construyen-una-ciudadania-para-un-mundo-mejor\/","name":"El Ayuntamiento hace una recepci\u00f3n oficial a los alumnos del proyecto Erasmus+, \u201cBibliotecas humanas que construyen una ciudadan\u00eda para un mundo mejor\u201d - Ayuntamiento de Coria","isPartOf":{"@id":"https:\/\/coria.org\/ayuntamiento\/#website"},"primaryImageOfPage":{"@id":"https:\/\/coria.org\/ayuntamiento\/index.php\/2022\/11\/07\/el-ayuntamiento-hace-una-recepcion-oficial-a-los-alumnos-del-proyecto-erasmus-bibliotecas-humanas-que-construyen-una-ciudadania-para-un-mundo-mejor\/#primaryimage"},"image":{"@id":"https:\/\/coria.org\/ayuntamiento\/index.php\/2022\/11\/07\/el-ayuntamiento-hace-una-recepcion-oficial-a-los-alumnos-del-proyecto-erasmus-bibliotecas-humanas-que-construyen-una-ciudadania-para-un-mundo-mejor\/#primaryimage"},"thumbnailUrl":"https:\/\/coria.org\/ayuntamiento\/wp-content\/uploads\/2022\/11\/erasmus.jpg","datePublished":"2022-11-07T11:10:37+00:00","dateModified":"2023-10-31T08:20:47+00:00","breadcrumb":{"@id":"https:\/\/coria.org\/ayuntamiento\/index.php\/2022\/11\/07\/el-ayuntamiento-hace-una-recepcion-oficial-a-los-alumnos-del-proyecto-erasmus-bibliotecas-humanas-que-construyen-una-ciudadania-para-un-mundo-mejor\/#breadcrumb"},"inLanguage":"es","potentialAction":[{"@type":"ReadAction","target":["https:\/\/coria.org\/ayuntamiento\/index.php\/2022\/11\/07\/el-ayuntamiento-hace-una-recepcion-oficial-a-los-alumnos-del-proyecto-erasmus-bibliotecas-humanas-que-construyen-una-ciudadania-para-un-mundo-mejor\/"]}]},{"@type":"ImageObject","inLanguage":"es","@id":"https:\/\/coria.org\/ayuntamiento\/index.php\/2022\/11\/07\/el-ayuntamiento-hace-una-recepcion-oficial-a-los-alumnos-del-proyecto-erasmus-bibliotecas-humanas-que-construyen-una-ciudadania-para-un-mundo-mejor\/#primaryimage","url":"https:\/\/coria.org\/ayuntamiento\/wp-content\/uploads\/2022\/11\/erasmus.jpg","contentUrl":"https:\/\/coria.org\/ayuntamiento\/wp-content\/uploads\/2022\/11\/erasmus.jpg","width":1024,"height":768},{"@type":"BreadcrumbList","@id":"https:\/\/coria.org\/ayuntamiento\/index.php\/2022\/11\/07\/el-ayuntamiento-hace-una-recepcion-oficial-a-los-alumnos-del-proyecto-erasmus-bibliotecas-humanas-que-construyen-una-ciudadania-para-un-mundo-mejor\/#breadcrumb","itemListElement":[{"@type":"ListItem","position":1,"name":"Inicio","item":"https:\/\/coria.org\/ayuntamiento\/"},{"@type":"ListItem","position":2,"name":"El Ayuntamiento hace una recepci\u00f3n oficial a los alumnos del proyecto Erasmus+, \u201cBibliotecas humanas que construyen una ciudadan\u00eda para un mundo mejor\u201d"}]},{"@type":"WebSite","@id":"https:\/\/coria.org\/ayuntamiento\/#website","url":"https:\/\/coria.org\/ayuntamiento\/","name":"Ayuntamiento de Coria","description":"Web oficial del Ayuntamiento de Coria","publisher":{"@id":"https:\/\/coria.org\/ayuntamiento\/#organization"},"alternateName":"Web Oficial del Ayuntamiento de Coria","potentialAction":[{"@type":"SearchAction","target":{"@type":"EntryPoint","urlTemplate":"https:\/\/coria.org\/ayuntamiento\/?s={search_term_string}"},"query-input":{"@type":"PropertyValueSpecification","valueRequired":true,"valueName":"search_term_string"}}],"inLanguage":"es"},{"@type":"Organization","@id":"https:\/\/coria.org\/ayuntamiento\/#organization","name":"Ayuntamiento de Coria","alternateName":"Ayto de Coria","url":"https:\/\/coria.org\/ayuntamiento\/","logo":{"@type":"ImageObject","inLanguage":"es","@id":"https:\/\/coria.org\/ayuntamiento\/#\/schema\/logo\/image\/","url":"https:\/\/coria.org\/ayuntamiento\/wp-content\/uploads\/2020\/12\/escudo-ayuntamiento-coria.png","contentUrl":"https:\/\/coria.org\/ayuntamiento\/wp-content\/uploads\/2020\/12\/escudo-ayuntamiento-coria.png","width":511,"height":240,"caption":"Ayuntamiento de Coria"},"image":{"@id":"https:\/\/coria.org\/ayuntamiento\/#\/schema\/logo\/image\/"},"sameAs":["https:\/\/www.facebook.com\/Ayuntamiento.de.Coria","https:\/\/x.com\/Ayto_de_Coria","https:\/\/www.instagram.com\/coria.ayuntamiento\/","https:\/\/www.youtube.com\/user\/AYUNTAMIENTOCORIA"]},{"@type":"Person","@id":"https:\/\/coria.org\/ayuntamiento\/#\/schema\/person\/8bd589f0e13e8ae5aa06def7a599d622","name":"ayuntamiento","image":{"@type":"ImageObject","inLanguage":"es","@id":"https:\/\/secure.gravatar.com\/avatar\/966e5ed73cad334adda5c87f49f2547f7082f7292c1b627cbb548744383b391c?s=96&d=mm&r=g","url":"https:\/\/secure.gravatar.com\/avatar\/966e5ed73cad334adda5c87f49f2547f7082f7292c1b627cbb548744383b391c?s=96&d=mm&r=g","contentUrl":"https:\/\/secure.gravatar.com\/avatar\/966e5ed73cad334adda5c87f49f2547f7082f7292c1b627cbb548744383b391c?s=96&d=mm&r=g","caption":"ayuntamiento"}}]}},"uagb_featured_image_src":{"full":["https:\/\/coria.org\/ayuntamiento\/wp-content\/uploads\/2022\/11\/erasmus.jpg",1024,768,false],"thumbnail":["https:\/\/coria.org\/ayuntamiento\/wp-content\/uploads\/2022\/11\/erasmus-150x150.jpg",150,150,true],"medium":["https:\/\/coria.org\/ayuntamiento\/wp-content\/uploads\/2022\/11\/erasmus-300x225.jpg",300,225,true],"medium_large":["https:\/\/coria.org\/ayuntamiento\/wp-content\/uploads\/2022\/11\/erasmus-768x576.jpg",768,576,true],"large":["https:\/\/coria.org\/ayuntamiento\/wp-content\/uploads\/2022\/11\/erasmus.jpg",1024,768,false],"thumblist":["https:\/\/coria.org\/ayuntamiento\/wp-content\/uploads\/2022\/11\/erasmus.jpg",300,225,false],"thumbrelated":["https:\/\/coria.org\/ayuntamiento\/wp-content\/uploads\/2022\/11\/erasmus.jpg",500,375,false],"meccarouselthumb":["https:\/\/coria.org\/ayuntamiento\/wp-content\/uploads\/2022\/11\/erasmus.jpg",432,324,false],"gridsquare":["https:\/\/coria.org\/ayuntamiento\/wp-content\/uploads\/2022\/11\/erasmus.jpg",347,260,false],"tileview":["https:\/\/coria.org\/ayuntamiento\/wp-content\/uploads\/2022\/11\/erasmus.jpg",300,225,false],"1536x1536":["https:\/\/coria.org\/ayuntamiento\/wp-content\/uploads\/2022\/11\/erasmus.jpg",1024,768,false],"2048x2048":["https:\/\/coria.org\/ayuntamiento\/wp-content\/uploads\/2022\/11\/erasmus.jpg",1024,768,false]},"uagb_author_info":{"display_name":"ayuntamiento","author_link":"https:\/\/coria.org\/ayuntamiento\/index.php\/author\/ayuntamiento\/"},"uagb_comment_info":0,"uagb_excerpt":"La Teniente de Alcalde, Almudena Domingo Pirrongelli, ha recibido en la ma\u00f1ana de este lunes al grupo de estudiantes participantes en el proyecto Erasmus+, \u201cBibliotecas humanas que construyen una ciudadan\u00eda para un mundo mejor\u201d, y venidos de Sevilla, B\u00e9lgica, Italia y Francia. Cabe recordar que, el IES Alag\u00f3n de Coria est\u00e1 desarrollando el proyecto Erasmus+,&hellip;","_links":{"self":[{"href":"https:\/\/coria.org\/ayuntamiento\/index.php\/wp-json\/wp\/v2\/posts\/39388","targetHints":{"allow":["GET"]}}],"collection":[{"href":"https:\/\/coria.org\/ayuntamiento\/index.php\/wp-json\/wp\/v2\/posts"}],"about":[{"href":"https:\/\/coria.org\/ayuntamiento\/index.php\/wp-json\/wp\/v2\/types\/post"}],"author":[{"embeddable":true,"href":"https:\/\/coria.org\/ayuntamiento\/index.php\/wp-json\/wp\/v2\/users\/2"}],"replies":[{"embeddable":true,"href":"https:\/\/coria.org\/ayuntamiento\/index.php\/wp-json\/wp\/v2\/comments?post=39388"}],"version-history":[{"count":0,"href":"https:\/\/coria.org\/ayuntamiento\/index.php\/wp-json\/wp\/v2\/posts\/39388\/revisions"}],"wp:featuredmedia":[{"embeddable":true,"href":"https:\/\/coria.org\/ayuntamiento\/index.php\/wp-json\/wp\/v2\/media\/39389"}],"wp:attachment":[{"href":"https:\/\/coria.org\/ayuntamiento\/index.php\/wp-json\/wp\/v2\/media?parent=39388"}],"wp:term":[{"taxonomy":"category","embeddable":true,"href":"https:\/\/coria.org\/ayuntamiento\/index.php\/wp-json\/wp\/v2\/categories?post=39388"},{"taxonomy":"post_tag","embeddable":true,"href":"https:\/\/coria.org\/ayuntamiento\/index.php\/wp-json\/wp\/v2\/tags?post=39388"}],"curies":[{"name":"wp","href":"https:\/\/api.w.org\/{rel}","templated":true}]}}