{"id":37131,"date":"2022-04-12T14:31:15","date_gmt":"2022-04-12T12:31:15","guid":{"rendered":"https:\/\/ayuntamiento.coriaenimagenes.com\/?p=37131"},"modified":"2023-09-18T11:26:04","modified_gmt":"2023-09-18T09:26:04","slug":"rincon-del-obispo-ya-prepara-su-vii-festival-de-las-flores-del-23-al-25-de-abril-de-2022","status":"publish","type":"post","link":"https:\/\/coria.org\/ayuntamiento\/index.php\/2022\/04\/12\/rincon-del-obispo-ya-prepara-su-vii-festival-de-las-flores-del-23-al-25-de-abril-de-2022\/","title":{"rendered":"Rinc\u00f3n del Obispo ya prepara su VII Festival de las Flores del 23 al 25 de abril de 2022"},"content":{"rendered":"\n<p>Rinc\u00f3n del Obispo ya est\u00e1 inmerso en los preparativos de la s\u00e9ptima edici\u00f3n del Festival de las Flores que este a\u00f1o se celebrar\u00e1 del 23 al 25 de abril.<\/p>\n\n\n<figure class=\"wp-block-post-featured-image\"><img loading=\"lazy\" decoding=\"async\" width=\"2560\" height=\"1440\" src=\"https:\/\/coria.org\/ayuntamiento\/wp-content\/uploads\/2022\/04\/FESTIVAL-DE-LAS-FLORES-RINCON-scaled-1.jpg\" class=\"attachment-post-thumbnail size-post-thumbnail wp-post-image\" alt=\"\" style=\"object-fit:cover;\" srcset=\"https:\/\/coria.org\/ayuntamiento\/wp-content\/uploads\/2022\/04\/FESTIVAL-DE-LAS-FLORES-RINCON-scaled-1.jpg 2560w, https:\/\/coria.org\/ayuntamiento\/wp-content\/uploads\/2022\/04\/FESTIVAL-DE-LAS-FLORES-RINCON-scaled-1-300x169.jpg 300w, https:\/\/coria.org\/ayuntamiento\/wp-content\/uploads\/2022\/04\/FESTIVAL-DE-LAS-FLORES-RINCON-scaled-1-1024x576.jpg 1024w, https:\/\/coria.org\/ayuntamiento\/wp-content\/uploads\/2022\/04\/FESTIVAL-DE-LAS-FLORES-RINCON-scaled-1-768x432.jpg 768w, https:\/\/coria.org\/ayuntamiento\/wp-content\/uploads\/2022\/04\/FESTIVAL-DE-LAS-FLORES-RINCON-scaled-1-1536x864.jpg 1536w, https:\/\/coria.org\/ayuntamiento\/wp-content\/uploads\/2022\/04\/FESTIVAL-DE-LAS-FLORES-RINCON-scaled-1-2048x1152.jpg 2048w\" sizes=\"auto, (max-width: 2560px) 100vw, 2560px\" \/><\/figure>\n\n\n<p>La programaci\u00f3n comenzar\u00e1 el jueves d\u00eda 25 con la XXI Marcha a pie \u201cSubida a la Ermita\u201d, ser\u00e1 a las 18:00 horas. Una actividad enmarcada dentro del programa deportivo de la concejal\u00eda de deportes del Ayuntamiento de Coria.<\/p>\n\n\n\n<p>El viernes d\u00eda 22 de abril a las 12:30 horas, ser\u00e1 la inauguraci\u00f3n del Festival a cargo del Alcalde de Coria, Jos\u00e9 Manuel Garc\u00eda Ballestero y la Alcaldesa Ped\u00e1nea, Mar\u00eda Teresa Rodr\u00edguez Pacheco. Tras el acto de inauguraci\u00f3n las autoridades realizar\u00e1n un recorrido por las calles y portales engalanados. A las 17:00 horas se realizar\u00e1 un taller de jabones y a las 22:00 horas habr\u00e1 un espect\u00e1culo con el grupo \u201cTaconazo y Ol\u00e9\u201d.<\/p>\n\n\n\n<p>El s\u00e1bado d\u00eda 23, a las 10:00 horas comenzar\u00e1 el torneo de petanca. A continuaci\u00f3n habr\u00e1 un caf\u00e9 organizado por las asociaciones de Rinc\u00f3n y a las 14:00 horas habr\u00e1 comida para los asistentes. Por la tarde, a las 20:00 horas habr\u00e1 una actuaci\u00f3n del grupo de baile \u201c.<\/p>\n\n\n\n<p>El domingo 24 de abril a las 12:00 horas se celebrar\u00e1 una Misa y Ofrenda Floral. Por la tarde, a las 18:30 horas habr\u00e1 actuaciones de los acordeonistas de Coria y comarca y, a continuaci\u00f3n se realizar\u00e1 la entrega de premios del Concurso de los Portales Floridos.<\/p>\n\n\n\n<p>La programaci\u00f3n finalizar\u00e1 el lunes d\u00eda 25 a las 17:30 horas con un cuentacuentos y marionetas.<\/p>\n","protected":false},"excerpt":{"rendered":"<p>Rinc\u00f3n del Obispo ya est\u00e1 inmerso en los preparativos de la s\u00e9ptima edici\u00f3n del Festival de las Flores que este a\u00f1o se celebrar\u00e1 del 23 al 25 de abril. La programaci\u00f3n comenzar\u00e1 el jueves d\u00eda 25 con la XXI Marcha a pie \u201cSubida a la Ermita\u201d, ser\u00e1 a las 18:00 horas. Una actividad enmarcada dentro [&hellip;]<\/p>\n","protected":false},"author":2,"featured_media":37132,"comment_status":"closed","ping_status":"closed","sticky":false,"template":"","format":"standard","meta":{"_uag_custom_page_level_css":"","footnotes":""},"categories":[2],"tags":[3,4,562,1092,1094],"class_list":["post-37131","post","type-post","status-publish","format-standard","has-post-thumbnail","hentry","category-noticias","tag-coria","tag-extremadura","tag-festival-de-las-flores","tag-rincon","tag-rincon-del-obispo"],"yoast_head":"<!-- This site is optimized with the Yoast SEO plugin v27.4 - https:\/\/yoast.com\/product\/yoast-seo-wordpress\/ -->\n<title>Rinc\u00f3n del Obispo ya prepara su VII Festival de las Flores del 23 al 25 de abril de 2022 - Ayuntamiento de Coria<\/title>\n<meta name=\"robots\" content=\"index, follow, max-snippet:-1, max-image-preview:large, max-video-preview:-1\" \/>\n<link rel=\"canonical\" href=\"https:\/\/coria.org\/ayuntamiento\/index.php\/2022\/04\/12\/rincon-del-obispo-ya-prepara-su-vii-festival-de-las-flores-del-23-al-25-de-abril-de-2022\/\" \/>\n<meta property=\"og:locale\" content=\"es_ES\" \/>\n<meta property=\"og:type\" content=\"article\" \/>\n<meta property=\"og:title\" content=\"Rinc\u00f3n del Obispo ya prepara su VII Festival de las Flores del 23 al 25 de abril de 2022 - Ayuntamiento de Coria\" \/>\n<meta property=\"og:description\" content=\"Rinc\u00f3n del Obispo ya est\u00e1 inmerso en los preparativos de la s\u00e9ptima edici\u00f3n del Festival de las Flores que este a\u00f1o se celebrar\u00e1 del 23 al 25 de abril. La programaci\u00f3n comenzar\u00e1 el jueves d\u00eda 25 con la XXI Marcha a pie \u201cSubida a la Ermita\u201d, ser\u00e1 a las 18:00 horas. Una actividad enmarcada dentro [&hellip;]\" \/>\n<meta property=\"og:url\" content=\"https:\/\/coria.org\/ayuntamiento\/index.php\/2022\/04\/12\/rincon-del-obispo-ya-prepara-su-vii-festival-de-las-flores-del-23-al-25-de-abril-de-2022\/\" \/>\n<meta property=\"og:site_name\" content=\"Ayuntamiento de Coria\" \/>\n<meta property=\"article:publisher\" content=\"https:\/\/www.facebook.com\/Ayuntamiento.de.Coria\" \/>\n<meta property=\"article:published_time\" content=\"2022-04-12T12:31:15+00:00\" \/>\n<meta property=\"article:modified_time\" content=\"2023-09-18T09:26:04+00:00\" \/>\n<meta property=\"og:image\" content=\"https:\/\/coria.org\/ayuntamiento\/wp-content\/uploads\/2022\/04\/FESTIVAL-DE-LAS-FLORES-RINCON-scaled-1.jpg\" \/>\n\t<meta property=\"og:image:width\" content=\"2560\" \/>\n\t<meta property=\"og:image:height\" content=\"1440\" \/>\n\t<meta property=\"og:image:type\" content=\"image\/jpeg\" \/>\n<meta name=\"author\" content=\"ayuntamiento\" \/>\n<meta name=\"twitter:card\" content=\"summary_large_image\" \/>\n<meta name=\"twitter:creator\" content=\"@Ayto_de_Coria\" \/>\n<meta name=\"twitter:site\" content=\"@Ayto_de_Coria\" \/>\n<meta name=\"twitter:label1\" content=\"Escrito por\" \/>\n\t<meta name=\"twitter:data1\" content=\"ayuntamiento\" \/>\n\t<meta name=\"twitter:label2\" content=\"Tiempo de lectura\" \/>\n\t<meta name=\"twitter:data2\" content=\"1 minuto\" \/>\n<script type=\"application\/ld+json\" class=\"yoast-schema-graph\">{\"@context\":\"https:\\\/\\\/schema.org\",\"@graph\":[{\"@type\":\"Article\",\"@id\":\"https:\\\/\\\/coria.org\\\/ayuntamiento\\\/index.php\\\/2022\\\/04\\\/12\\\/rincon-del-obispo-ya-prepara-su-vii-festival-de-las-flores-del-23-al-25-de-abril-de-2022\\\/#article\",\"isPartOf\":{\"@id\":\"https:\\\/\\\/coria.org\\\/ayuntamiento\\\/index.php\\\/2022\\\/04\\\/12\\\/rincon-del-obispo-ya-prepara-su-vii-festival-de-las-flores-del-23-al-25-de-abril-de-2022\\\/\"},\"author\":{\"name\":\"ayuntamiento\",\"@id\":\"https:\\\/\\\/coria.org\\\/ayuntamiento\\\/#\\\/schema\\\/person\\\/8bd589f0e13e8ae5aa06def7a599d622\"},\"headline\":\"Rinc\u00f3n del Obispo ya prepara su VII Festival de las Flores del 23 al 25 de abril de 2022\",\"datePublished\":\"2022-04-12T12:31:15+00:00\",\"dateModified\":\"2023-09-18T09:26:04+00:00\",\"mainEntityOfPage\":{\"@id\":\"https:\\\/\\\/coria.org\\\/ayuntamiento\\\/index.php\\\/2022\\\/04\\\/12\\\/rincon-del-obispo-ya-prepara-su-vii-festival-de-las-flores-del-23-al-25-de-abril-de-2022\\\/\"},\"wordCount\":275,\"publisher\":{\"@id\":\"https:\\\/\\\/coria.org\\\/ayuntamiento\\\/#organization\"},\"image\":{\"@id\":\"https:\\\/\\\/coria.org\\\/ayuntamiento\\\/index.php\\\/2022\\\/04\\\/12\\\/rincon-del-obispo-ya-prepara-su-vii-festival-de-las-flores-del-23-al-25-de-abril-de-2022\\\/#primaryimage\"},\"thumbnailUrl\":\"https:\\\/\\\/coria.org\\\/ayuntamiento\\\/wp-content\\\/uploads\\\/2022\\\/04\\\/FESTIVAL-DE-LAS-FLORES-RINCON-scaled-1.jpg\",\"keywords\":[\"coria\",\"extremadura\",\"festival de las flores\",\"rincon\",\"rincon del obispo\"],\"articleSection\":[\"Noticias\"],\"inLanguage\":\"es\"},{\"@type\":\"WebPage\",\"@id\":\"https:\\\/\\\/coria.org\\\/ayuntamiento\\\/index.php\\\/2022\\\/04\\\/12\\\/rincon-del-obispo-ya-prepara-su-vii-festival-de-las-flores-del-23-al-25-de-abril-de-2022\\\/\",\"url\":\"https:\\\/\\\/coria.org\\\/ayuntamiento\\\/index.php\\\/2022\\\/04\\\/12\\\/rincon-del-obispo-ya-prepara-su-vii-festival-de-las-flores-del-23-al-25-de-abril-de-2022\\\/\",\"name\":\"Rinc\u00f3n del Obispo ya prepara su VII Festival de las Flores del 23 al 25 de abril de 2022 - Ayuntamiento de Coria\",\"isPartOf\":{\"@id\":\"https:\\\/\\\/coria.org\\\/ayuntamiento\\\/#website\"},\"primaryImageOfPage\":{\"@id\":\"https:\\\/\\\/coria.org\\\/ayuntamiento\\\/index.php\\\/2022\\\/04\\\/12\\\/rincon-del-obispo-ya-prepara-su-vii-festival-de-las-flores-del-23-al-25-de-abril-de-2022\\\/#primaryimage\"},\"image\":{\"@id\":\"https:\\\/\\\/coria.org\\\/ayuntamiento\\\/index.php\\\/2022\\\/04\\\/12\\\/rincon-del-obispo-ya-prepara-su-vii-festival-de-las-flores-del-23-al-25-de-abril-de-2022\\\/#primaryimage\"},\"thumbnailUrl\":\"https:\\\/\\\/coria.org\\\/ayuntamiento\\\/wp-content\\\/uploads\\\/2022\\\/04\\\/FESTIVAL-DE-LAS-FLORES-RINCON-scaled-1.jpg\",\"datePublished\":\"2022-04-12T12:31:15+00:00\",\"dateModified\":\"2023-09-18T09:26:04+00:00\",\"breadcrumb\":{\"@id\":\"https:\\\/\\\/coria.org\\\/ayuntamiento\\\/index.php\\\/2022\\\/04\\\/12\\\/rincon-del-obispo-ya-prepara-su-vii-festival-de-las-flores-del-23-al-25-de-abril-de-2022\\\/#breadcrumb\"},\"inLanguage\":\"es\",\"potentialAction\":[{\"@type\":\"ReadAction\",\"target\":[\"https:\\\/\\\/coria.org\\\/ayuntamiento\\\/index.php\\\/2022\\\/04\\\/12\\\/rincon-del-obispo-ya-prepara-su-vii-festival-de-las-flores-del-23-al-25-de-abril-de-2022\\\/\"]}]},{\"@type\":\"ImageObject\",\"inLanguage\":\"es\",\"@id\":\"https:\\\/\\\/coria.org\\\/ayuntamiento\\\/index.php\\\/2022\\\/04\\\/12\\\/rincon-del-obispo-ya-prepara-su-vii-festival-de-las-flores-del-23-al-25-de-abril-de-2022\\\/#primaryimage\",\"url\":\"https:\\\/\\\/coria.org\\\/ayuntamiento\\\/wp-content\\\/uploads\\\/2022\\\/04\\\/FESTIVAL-DE-LAS-FLORES-RINCON-scaled-1.jpg\",\"contentUrl\":\"https:\\\/\\\/coria.org\\\/ayuntamiento\\\/wp-content\\\/uploads\\\/2022\\\/04\\\/FESTIVAL-DE-LAS-FLORES-RINCON-scaled-1.jpg\",\"width\":2560,\"height\":1440},{\"@type\":\"BreadcrumbList\",\"@id\":\"https:\\\/\\\/coria.org\\\/ayuntamiento\\\/index.php\\\/2022\\\/04\\\/12\\\/rincon-del-obispo-ya-prepara-su-vii-festival-de-las-flores-del-23-al-25-de-abril-de-2022\\\/#breadcrumb\",\"itemListElement\":[{\"@type\":\"ListItem\",\"position\":1,\"name\":\"Inicio\",\"item\":\"https:\\\/\\\/coria.org\\\/ayuntamiento\\\/\"},{\"@type\":\"ListItem\",\"position\":2,\"name\":\"Rinc\u00f3n del Obispo ya prepara su VII Festival de las Flores del 23 al 25 de abril de 2022\"}]},{\"@type\":\"WebSite\",\"@id\":\"https:\\\/\\\/coria.org\\\/ayuntamiento\\\/#website\",\"url\":\"https:\\\/\\\/coria.org\\\/ayuntamiento\\\/\",\"name\":\"Ayuntamiento de Coria\",\"description\":\"Web oficial del Ayuntamiento de Coria\",\"publisher\":{\"@id\":\"https:\\\/\\\/coria.org\\\/ayuntamiento\\\/#organization\"},\"alternateName\":\"Web Oficial del Ayuntamiento de Coria\",\"potentialAction\":[{\"@type\":\"SearchAction\",\"target\":{\"@type\":\"EntryPoint\",\"urlTemplate\":\"https:\\\/\\\/coria.org\\\/ayuntamiento\\\/?s={search_term_string}\"},\"query-input\":{\"@type\":\"PropertyValueSpecification\",\"valueRequired\":true,\"valueName\":\"search_term_string\"}}],\"inLanguage\":\"es\"},{\"@type\":\"Organization\",\"@id\":\"https:\\\/\\\/coria.org\\\/ayuntamiento\\\/#organization\",\"name\":\"Ayuntamiento de Coria\",\"alternateName\":\"Ayto de Coria\",\"url\":\"https:\\\/\\\/coria.org\\\/ayuntamiento\\\/\",\"logo\":{\"@type\":\"ImageObject\",\"inLanguage\":\"es\",\"@id\":\"https:\\\/\\\/coria.org\\\/ayuntamiento\\\/#\\\/schema\\\/logo\\\/image\\\/\",\"url\":\"https:\\\/\\\/coria.org\\\/ayuntamiento\\\/wp-content\\\/uploads\\\/2020\\\/12\\\/escudo-ayuntamiento-coria.png\",\"contentUrl\":\"https:\\\/\\\/coria.org\\\/ayuntamiento\\\/wp-content\\\/uploads\\\/2020\\\/12\\\/escudo-ayuntamiento-coria.png\",\"width\":511,\"height\":240,\"caption\":\"Ayuntamiento de Coria\"},\"image\":{\"@id\":\"https:\\\/\\\/coria.org\\\/ayuntamiento\\\/#\\\/schema\\\/logo\\\/image\\\/\"},\"sameAs\":[\"https:\\\/\\\/www.facebook.com\\\/Ayuntamiento.de.Coria\",\"https:\\\/\\\/x.com\\\/Ayto_de_Coria\",\"https:\\\/\\\/www.instagram.com\\\/coria.ayuntamiento\\\/\",\"https:\\\/\\\/www.youtube.com\\\/user\\\/AYUNTAMIENTOCORIA\"]},{\"@type\":\"Person\",\"@id\":\"https:\\\/\\\/coria.org\\\/ayuntamiento\\\/#\\\/schema\\\/person\\\/8bd589f0e13e8ae5aa06def7a599d622\",\"name\":\"ayuntamiento\",\"image\":{\"@type\":\"ImageObject\",\"inLanguage\":\"es\",\"@id\":\"https:\\\/\\\/secure.gravatar.com\\\/avatar\\\/966e5ed73cad334adda5c87f49f2547f7082f7292c1b627cbb548744383b391c?s=96&d=mm&r=g\",\"url\":\"https:\\\/\\\/secure.gravatar.com\\\/avatar\\\/966e5ed73cad334adda5c87f49f2547f7082f7292c1b627cbb548744383b391c?s=96&d=mm&r=g\",\"contentUrl\":\"https:\\\/\\\/secure.gravatar.com\\\/avatar\\\/966e5ed73cad334adda5c87f49f2547f7082f7292c1b627cbb548744383b391c?s=96&d=mm&r=g\",\"caption\":\"ayuntamiento\"}}]}<\/script>\n<!-- \/ Yoast SEO plugin. -->","yoast_head_json":{"title":"Rinc\u00f3n del Obispo ya prepara su VII Festival de las Flores del 23 al 25 de abril de 2022 - Ayuntamiento de Coria","robots":{"index":"index","follow":"follow","max-snippet":"max-snippet:-1","max-image-preview":"max-image-preview:large","max-video-preview":"max-video-preview:-1"},"canonical":"https:\/\/coria.org\/ayuntamiento\/index.php\/2022\/04\/12\/rincon-del-obispo-ya-prepara-su-vii-festival-de-las-flores-del-23-al-25-de-abril-de-2022\/","og_locale":"es_ES","og_type":"article","og_title":"Rinc\u00f3n del Obispo ya prepara su VII Festival de las Flores del 23 al 25 de abril de 2022 - Ayuntamiento de Coria","og_description":"Rinc\u00f3n del Obispo ya est\u00e1 inmerso en los preparativos de la s\u00e9ptima edici\u00f3n del Festival de las Flores que este a\u00f1o se celebrar\u00e1 del 23 al 25 de abril. La programaci\u00f3n comenzar\u00e1 el jueves d\u00eda 25 con la XXI Marcha a pie \u201cSubida a la Ermita\u201d, ser\u00e1 a las 18:00 horas. Una actividad enmarcada dentro [&hellip;]","og_url":"https:\/\/coria.org\/ayuntamiento\/index.php\/2022\/04\/12\/rincon-del-obispo-ya-prepara-su-vii-festival-de-las-flores-del-23-al-25-de-abril-de-2022\/","og_site_name":"Ayuntamiento de Coria","article_publisher":"https:\/\/www.facebook.com\/Ayuntamiento.de.Coria","article_published_time":"2022-04-12T12:31:15+00:00","article_modified_time":"2023-09-18T09:26:04+00:00","og_image":[{"width":2560,"height":1440,"url":"https:\/\/coria.org\/ayuntamiento\/wp-content\/uploads\/2022\/04\/FESTIVAL-DE-LAS-FLORES-RINCON-scaled-1.jpg","type":"image\/jpeg"}],"author":"ayuntamiento","twitter_card":"summary_large_image","twitter_creator":"@Ayto_de_Coria","twitter_site":"@Ayto_de_Coria","twitter_misc":{"Escrito por":"ayuntamiento","Tiempo de lectura":"1 minuto"},"schema":{"@context":"https:\/\/schema.org","@graph":[{"@type":"Article","@id":"https:\/\/coria.org\/ayuntamiento\/index.php\/2022\/04\/12\/rincon-del-obispo-ya-prepara-su-vii-festival-de-las-flores-del-23-al-25-de-abril-de-2022\/#article","isPartOf":{"@id":"https:\/\/coria.org\/ayuntamiento\/index.php\/2022\/04\/12\/rincon-del-obispo-ya-prepara-su-vii-festival-de-las-flores-del-23-al-25-de-abril-de-2022\/"},"author":{"name":"ayuntamiento","@id":"https:\/\/coria.org\/ayuntamiento\/#\/schema\/person\/8bd589f0e13e8ae5aa06def7a599d622"},"headline":"Rinc\u00f3n del Obispo ya prepara su VII Festival de las Flores del 23 al 25 de abril de 2022","datePublished":"2022-04-12T12:31:15+00:00","dateModified":"2023-09-18T09:26:04+00:00","mainEntityOfPage":{"@id":"https:\/\/coria.org\/ayuntamiento\/index.php\/2022\/04\/12\/rincon-del-obispo-ya-prepara-su-vii-festival-de-las-flores-del-23-al-25-de-abril-de-2022\/"},"wordCount":275,"publisher":{"@id":"https:\/\/coria.org\/ayuntamiento\/#organization"},"image":{"@id":"https:\/\/coria.org\/ayuntamiento\/index.php\/2022\/04\/12\/rincon-del-obispo-ya-prepara-su-vii-festival-de-las-flores-del-23-al-25-de-abril-de-2022\/#primaryimage"},"thumbnailUrl":"https:\/\/coria.org\/ayuntamiento\/wp-content\/uploads\/2022\/04\/FESTIVAL-DE-LAS-FLORES-RINCON-scaled-1.jpg","keywords":["coria","extremadura","festival de las flores","rincon","rincon del obispo"],"articleSection":["Noticias"],"inLanguage":"es"},{"@type":"WebPage","@id":"https:\/\/coria.org\/ayuntamiento\/index.php\/2022\/04\/12\/rincon-del-obispo-ya-prepara-su-vii-festival-de-las-flores-del-23-al-25-de-abril-de-2022\/","url":"https:\/\/coria.org\/ayuntamiento\/index.php\/2022\/04\/12\/rincon-del-obispo-ya-prepara-su-vii-festival-de-las-flores-del-23-al-25-de-abril-de-2022\/","name":"Rinc\u00f3n del Obispo ya prepara su VII Festival de las Flores del 23 al 25 de abril de 2022 - Ayuntamiento de Coria","isPartOf":{"@id":"https:\/\/coria.org\/ayuntamiento\/#website"},"primaryImageOfPage":{"@id":"https:\/\/coria.org\/ayuntamiento\/index.php\/2022\/04\/12\/rincon-del-obispo-ya-prepara-su-vii-festival-de-las-flores-del-23-al-25-de-abril-de-2022\/#primaryimage"},"image":{"@id":"https:\/\/coria.org\/ayuntamiento\/index.php\/2022\/04\/12\/rincon-del-obispo-ya-prepara-su-vii-festival-de-las-flores-del-23-al-25-de-abril-de-2022\/#primaryimage"},"thumbnailUrl":"https:\/\/coria.org\/ayuntamiento\/wp-content\/uploads\/2022\/04\/FESTIVAL-DE-LAS-FLORES-RINCON-scaled-1.jpg","datePublished":"2022-04-12T12:31:15+00:00","dateModified":"2023-09-18T09:26:04+00:00","breadcrumb":{"@id":"https:\/\/coria.org\/ayuntamiento\/index.php\/2022\/04\/12\/rincon-del-obispo-ya-prepara-su-vii-festival-de-las-flores-del-23-al-25-de-abril-de-2022\/#breadcrumb"},"inLanguage":"es","potentialAction":[{"@type":"ReadAction","target":["https:\/\/coria.org\/ayuntamiento\/index.php\/2022\/04\/12\/rincon-del-obispo-ya-prepara-su-vii-festival-de-las-flores-del-23-al-25-de-abril-de-2022\/"]}]},{"@type":"ImageObject","inLanguage":"es","@id":"https:\/\/coria.org\/ayuntamiento\/index.php\/2022\/04\/12\/rincon-del-obispo-ya-prepara-su-vii-festival-de-las-flores-del-23-al-25-de-abril-de-2022\/#primaryimage","url":"https:\/\/coria.org\/ayuntamiento\/wp-content\/uploads\/2022\/04\/FESTIVAL-DE-LAS-FLORES-RINCON-scaled-1.jpg","contentUrl":"https:\/\/coria.org\/ayuntamiento\/wp-content\/uploads\/2022\/04\/FESTIVAL-DE-LAS-FLORES-RINCON-scaled-1.jpg","width":2560,"height":1440},{"@type":"BreadcrumbList","@id":"https:\/\/coria.org\/ayuntamiento\/index.php\/2022\/04\/12\/rincon-del-obispo-ya-prepara-su-vii-festival-de-las-flores-del-23-al-25-de-abril-de-2022\/#breadcrumb","itemListElement":[{"@type":"ListItem","position":1,"name":"Inicio","item":"https:\/\/coria.org\/ayuntamiento\/"},{"@type":"ListItem","position":2,"name":"Rinc\u00f3n del Obispo ya prepara su VII Festival de las Flores del 23 al 25 de abril de 2022"}]},{"@type":"WebSite","@id":"https:\/\/coria.org\/ayuntamiento\/#website","url":"https:\/\/coria.org\/ayuntamiento\/","name":"Ayuntamiento de Coria","description":"Web oficial del Ayuntamiento de Coria","publisher":{"@id":"https:\/\/coria.org\/ayuntamiento\/#organization"},"alternateName":"Web Oficial del Ayuntamiento de Coria","potentialAction":[{"@type":"SearchAction","target":{"@type":"EntryPoint","urlTemplate":"https:\/\/coria.org\/ayuntamiento\/?s={search_term_string}"},"query-input":{"@type":"PropertyValueSpecification","valueRequired":true,"valueName":"search_term_string"}}],"inLanguage":"es"},{"@type":"Organization","@id":"https:\/\/coria.org\/ayuntamiento\/#organization","name":"Ayuntamiento de Coria","alternateName":"Ayto de Coria","url":"https:\/\/coria.org\/ayuntamiento\/","logo":{"@type":"ImageObject","inLanguage":"es","@id":"https:\/\/coria.org\/ayuntamiento\/#\/schema\/logo\/image\/","url":"https:\/\/coria.org\/ayuntamiento\/wp-content\/uploads\/2020\/12\/escudo-ayuntamiento-coria.png","contentUrl":"https:\/\/coria.org\/ayuntamiento\/wp-content\/uploads\/2020\/12\/escudo-ayuntamiento-coria.png","width":511,"height":240,"caption":"Ayuntamiento de Coria"},"image":{"@id":"https:\/\/coria.org\/ayuntamiento\/#\/schema\/logo\/image\/"},"sameAs":["https:\/\/www.facebook.com\/Ayuntamiento.de.Coria","https:\/\/x.com\/Ayto_de_Coria","https:\/\/www.instagram.com\/coria.ayuntamiento\/","https:\/\/www.youtube.com\/user\/AYUNTAMIENTOCORIA"]},{"@type":"Person","@id":"https:\/\/coria.org\/ayuntamiento\/#\/schema\/person\/8bd589f0e13e8ae5aa06def7a599d622","name":"ayuntamiento","image":{"@type":"ImageObject","inLanguage":"es","@id":"https:\/\/secure.gravatar.com\/avatar\/966e5ed73cad334adda5c87f49f2547f7082f7292c1b627cbb548744383b391c?s=96&d=mm&r=g","url":"https:\/\/secure.gravatar.com\/avatar\/966e5ed73cad334adda5c87f49f2547f7082f7292c1b627cbb548744383b391c?s=96&d=mm&r=g","contentUrl":"https:\/\/secure.gravatar.com\/avatar\/966e5ed73cad334adda5c87f49f2547f7082f7292c1b627cbb548744383b391c?s=96&d=mm&r=g","caption":"ayuntamiento"}}]}},"uagb_featured_image_src":{"full":["https:\/\/coria.org\/ayuntamiento\/wp-content\/uploads\/2022\/04\/FESTIVAL-DE-LAS-FLORES-RINCON-scaled-1.jpg",2560,1440,false],"thumbnail":["https:\/\/coria.org\/ayuntamiento\/wp-content\/uploads\/2022\/04\/FESTIVAL-DE-LAS-FLORES-RINCON-scaled-1-150x150.jpg",150,150,true],"medium":["https:\/\/coria.org\/ayuntamiento\/wp-content\/uploads\/2022\/04\/FESTIVAL-DE-LAS-FLORES-RINCON-scaled-1-300x169.jpg",300,169,true],"medium_large":["https:\/\/coria.org\/ayuntamiento\/wp-content\/uploads\/2022\/04\/FESTIVAL-DE-LAS-FLORES-RINCON-scaled-1-768x432.jpg",768,432,true],"large":["https:\/\/coria.org\/ayuntamiento\/wp-content\/uploads\/2022\/04\/FESTIVAL-DE-LAS-FLORES-RINCON-scaled-1-1024x576.jpg",1024,576,true],"thumblist":["https:\/\/coria.org\/ayuntamiento\/wp-content\/uploads\/2022\/04\/FESTIVAL-DE-LAS-FLORES-RINCON-scaled-1.jpg",300,169,false],"thumbrelated":["https:\/\/coria.org\/ayuntamiento\/wp-content\/uploads\/2022\/04\/FESTIVAL-DE-LAS-FLORES-RINCON-scaled-1.jpg",500,281,false],"meccarouselthumb":["https:\/\/coria.org\/ayuntamiento\/wp-content\/uploads\/2022\/04\/FESTIVAL-DE-LAS-FLORES-RINCON-scaled-1.jpg",474,267,false],"gridsquare":["https:\/\/coria.org\/ayuntamiento\/wp-content\/uploads\/2022\/04\/FESTIVAL-DE-LAS-FLORES-RINCON-scaled-1.jpg",391,220,false],"tileview":["https:\/\/coria.org\/ayuntamiento\/wp-content\/uploads\/2022\/04\/FESTIVAL-DE-LAS-FLORES-RINCON-scaled-1.jpg",300,169,false],"1536x1536":["https:\/\/coria.org\/ayuntamiento\/wp-content\/uploads\/2022\/04\/FESTIVAL-DE-LAS-FLORES-RINCON-scaled-1-1536x864.jpg",1536,864,true],"2048x2048":["https:\/\/coria.org\/ayuntamiento\/wp-content\/uploads\/2022\/04\/FESTIVAL-DE-LAS-FLORES-RINCON-scaled-1-2048x1152.jpg",2048,1152,true]},"uagb_author_info":{"display_name":"ayuntamiento","author_link":"https:\/\/coria.org\/ayuntamiento\/index.php\/author\/ayuntamiento\/"},"uagb_comment_info":0,"uagb_excerpt":"Rinc\u00f3n del Obispo ya est\u00e1 inmerso en los preparativos de la s\u00e9ptima edici\u00f3n del Festival de las Flores que este a\u00f1o se celebrar\u00e1 del 23 al 25 de abril. La programaci\u00f3n comenzar\u00e1 el jueves d\u00eda 25 con la XXI Marcha a pie \u201cSubida a la Ermita\u201d, ser\u00e1 a las 18:00 horas. Una actividad enmarcada dentro&hellip;","_links":{"self":[{"href":"https:\/\/coria.org\/ayuntamiento\/index.php\/wp-json\/wp\/v2\/posts\/37131","targetHints":{"allow":["GET"]}}],"collection":[{"href":"https:\/\/coria.org\/ayuntamiento\/index.php\/wp-json\/wp\/v2\/posts"}],"about":[{"href":"https:\/\/coria.org\/ayuntamiento\/index.php\/wp-json\/wp\/v2\/types\/post"}],"author":[{"embeddable":true,"href":"https:\/\/coria.org\/ayuntamiento\/index.php\/wp-json\/wp\/v2\/users\/2"}],"replies":[{"embeddable":true,"href":"https:\/\/coria.org\/ayuntamiento\/index.php\/wp-json\/wp\/v2\/comments?post=37131"}],"version-history":[{"count":0,"href":"https:\/\/coria.org\/ayuntamiento\/index.php\/wp-json\/wp\/v2\/posts\/37131\/revisions"}],"wp:featuredmedia":[{"embeddable":true,"href":"https:\/\/coria.org\/ayuntamiento\/index.php\/wp-json\/wp\/v2\/media\/37132"}],"wp:attachment":[{"href":"https:\/\/coria.org\/ayuntamiento\/index.php\/wp-json\/wp\/v2\/media?parent=37131"}],"wp:term":[{"taxonomy":"category","embeddable":true,"href":"https:\/\/coria.org\/ayuntamiento\/index.php\/wp-json\/wp\/v2\/categories?post=37131"},{"taxonomy":"post_tag","embeddable":true,"href":"https:\/\/coria.org\/ayuntamiento\/index.php\/wp-json\/wp\/v2\/tags?post=37131"}],"curies":[{"name":"wp","href":"https:\/\/api.w.org\/{rel}","templated":true}]}}