{"id":35735,"date":"2021-10-04T00:00:00","date_gmt":"2021-10-04T00:00:00","guid":{"rendered":"https:\/\/ayuntamiento.coriaenimagenes.com\/javier-canelada-alvarado-y-marta-alvarez-garcia-ganadores-de-la-xii-media-maraton-ciudad-de-coria-3\/"},"modified":"2023-09-18T12:18:14","modified_gmt":"2023-09-18T10:18:14","slug":"javier-canelada-alvarado-y-marta-alvarez-garcia-ganadores-de-la-xii-media-maraton-ciudad-de-coria-3","status":"publish","type":"post","link":"https:\/\/coria.org\/ayuntamiento\/index.php\/2021\/10\/04\/javier-canelada-alvarado-y-marta-alvarez-garcia-ganadores-de-la-xii-media-maraton-ciudad-de-coria-3\/","title":{"rendered":"Javier Canelada Alvarado y Marta \u00c1lvarez Garc\u00eda, ganadores de la XII Media Marat\u00f3n \u00abCiudad de Coria\u00bb"},"content":{"rendered":"\n<p><b>Rui Manuel Santos Pereira y Teresa \u00c1valo Calleja se llevaron el triunfo en el VII Cross Urbano \u00abSubida del Cubo\u00bb<\/b><\/p>\n\n\n<figure class=\"wp-block-post-featured-image\"><img loading=\"lazy\" decoding=\"async\" width=\"1080\" height=\"850\" src=\"https:\/\/coria.org\/ayuntamiento\/wp-content\/uploads\/2021\/10\/Salida-Media-Maraton-I.jpg\" class=\"attachment-post-thumbnail size-post-thumbnail wp-post-image\" alt=\"\" style=\"object-fit:cover;\" srcset=\"https:\/\/coria.org\/ayuntamiento\/wp-content\/uploads\/2021\/10\/Salida-Media-Maraton-I.jpg 1080w, https:\/\/coria.org\/ayuntamiento\/wp-content\/uploads\/2021\/10\/Salida-Media-Maraton-I-300x236.jpg 300w, https:\/\/coria.org\/ayuntamiento\/wp-content\/uploads\/2021\/10\/Salida-Media-Maraton-I-1024x806.jpg 1024w, https:\/\/coria.org\/ayuntamiento\/wp-content\/uploads\/2021\/10\/Salida-Media-Maraton-I-768x604.jpg 768w\" sizes=\"auto, (max-width: 1080px) 100vw, 1080px\" \/><\/figure>\n\n\n<p>En la tarde de ayer, s\u00e1bado 2 de octubre, la Ciudad de Coria celebr\u00f3 la XII Media Marat\u00f3n \u00abCiudad de Coria\u00bb y el VII Cross Urbano \u00abSubida del Cubo\u00bb, ambas actividades organizadas por el Ayuntamiento de Coria, a trav\u00e9s de la concejal\u00eda de Deportes y el Club de Atletismo Coria.<\/p>\n\n\n\n<p>Un total de 107 corredores participaron en la XII Media Marat\u00f3n \u00abCiudad de Coria\u00bb. De ellos el primero en llegar a meta fue Javier Canelada Alvarado con un tiempo de 1 hora 17 minutos y 34 segundos, en categor\u00eda femenina el triunfo fue para la cauriense Marta \u00c1lvarez Garc\u00eda que tard\u00f3 en llegar a meta 1 hora 44 minutos y 51 segundos.<br \/>En segunda posici\u00f3n quedaron Jorge Campos Pizarro y Celia D\u00edaz D\u00edaz; los metales de bronce fueron a parar a Jos\u00e9 Antonio Ambrosio Duarte y Mar\u00eda Luisa Ramos Gonz\u00e1lez<\/p>\n\n\n\n<p>Esta XII Media Marat\u00f3n \u00abCiudad de Coria\u00bb cont\u00f3 con 35 participantes de nuestra localidad. El atleta local con mejor tiempo fue Juli\u00e1n D\u00edaz Rico y la mejor atleta femenina fue Marta \u00c1lvarez Garc\u00eda.<\/p>\n\n\n\n<p>La procedencia de los atletas fue muy variada, tanto de localidades extreme\u00f1as como de otras comunidades: Aceh\u00fache, Alan\u00eds (Sevilla), Alburquerque, Aldehuela del Jerte, Almendralejo, Arenas de San Pedro (\u00c1vila), Badajoz, Burguillos del Cerro, C\u00e1ceres, Casar de C\u00e1ceres, Cilleros, Dos Hermanas (Sevilla), Eljas, Encinarejo de C\u00f3rdoba (C\u00f3rdoba), Guadalupe, Guijo de Coria, Humanes de Madrid, Moheda de Gata, Losar de la Vera, Madrid, Madro\u00f1era, Malpartida de C\u00e1ceres, M\u00e9rida, Montehermoso, Moraleja, M\u00f3stoles (Madrid), Navalmoral de la Mata, Plasencia, Playa de Gand\u00eda, Rinc\u00f3n del Obispo, Rosalejo, Salamanca, Santiago de Compostela, Talayuela, Torrejoncillo, Tres Cantos (Madrid), Trujillo, Carbajosa, Valdeobispo, Valencia del Mombuey, Villanueva de la Sierra y Villanueva del Fresno.<\/p>\n\n\n\n<p>Un total de 17 clubes participaron: Club Triatl\u00f3n Coria, Club Triatl\u00f3n San Vicente\u00f1o, Correcaminos Carbajosa, CorrerPatr\u00e1s.com, Cross Mae Fitness, Escuela Triatl\u00f3n Plasencia, Fox Runners, Grupo Atletismo Gredos de Monta\u00f1a, Guillen Sport, Los Barruecos, Navalmarat\u00f3n, Pueblo Munihumana, Rufos Teams, Team Isla Sport, Tomate Running, Verticalia y Zapatones Running.<\/p>\n\n\n\n<p>El VII Cross Urbano \u00abSubida del Cubo\u00bb cont\u00f3 con 50 participantes en su totalidad. De ellos, el ganador fue Rui Manuel Santos Pereira con un tiempo de 34 minutos y 55 segundos. En categor\u00eda femenina el triunfo fue para Teresa \u00c1valo Calleja con un tiempo total de 47 minutos. <br \/>Las segundas posiciones fueron para Julio Antonio Iglesias Vicente y Laura Gonz\u00e1lez Atanes; Carlos Belmonte S\u00e1nchez y Mar\u00eda Jos\u00e9 S\u00e1nchez Terr\u00f3n terminaron en tercera posici\u00f3n.<\/p>\n\n\n\n<p>La Ciudad de Coria qued\u00f3 representada por 27 atletas. Otras localidades con presencia en esta prueba fueron: Alburquerque, Almaraz, C\u00e1ceres, Casar de C\u00e1ceres, Casar de Palomero, Castelo Branco, Barco de \u00c1vila, Malpartida de C\u00e1ceres, Mirabel, Montehermoso, Moraleja, Navalmoral de la Mata, Piornal y Trujillo.<\/p>\n\n\n\n<p>Los clubes participantes en esta prueba fueron: Arte Fisio, Asociaci\u00f3n Geco, Asociaci\u00f3n Cultural da Senhora do Desterro, Atletismo San Jos\u00e9, Atletas Populares de Alburquerque, Atletismo Coria, Los Barruecos, Atletismo San Jorge, Casa Benfica Castelo Branco, Club Marat\u00f3n C\u00e1ceres, Escuela Atletismo Plasencia, Fondistas Moralo, Sin Rumbo Orientaci\u00f3n Coria, Pcky Padel, Triatl\u00f3n Coria y Zapatones Running.<\/p>\n","protected":false},"excerpt":{"rendered":"<p>Rui Manuel Santos Pereira y Teresa \u00c1valo Calleja se llevaron el triunfo en el VII Cross Urbano \u00abSubida del Cubo\u00bb En la tarde de ayer, s\u00e1bado 2 de octubre, la Ciudad de Coria celebr\u00f3 la XII Media Marat\u00f3n \u00abCiudad de Coria\u00bb y el VII Cross Urbano \u00abSubida del Cubo\u00bb, ambas actividades organizadas por el Ayuntamiento [&hellip;]<\/p>\n","protected":false},"author":2,"featured_media":37833,"comment_status":"closed","ping_status":"closed","sticky":false,"template":"","format":"standard","meta":{"_uag_custom_page_level_css":"","footnotes":""},"categories":[2],"tags":[26,3,4,775],"class_list":["post-35735","post","type-post","status-publish","format-standard","has-post-thumbnail","hentry","category-noticias","tag-26","tag-coria","tag-extremadura","tag-maraton"],"yoast_head":"<!-- This site is optimized with the Yoast SEO plugin v27.5 - https:\/\/yoast.com\/product\/yoast-seo-wordpress\/ -->\n<title>Javier Canelada Alvarado y Marta \u00c1lvarez Garc\u00eda, ganadores de la XII Media Marat\u00f3n &quot;Ciudad de Coria&quot; - Ayuntamiento de Coria<\/title>\n<meta name=\"robots\" content=\"index, follow, max-snippet:-1, max-image-preview:large, max-video-preview:-1\" \/>\n<link rel=\"canonical\" href=\"https:\/\/coria.org\/ayuntamiento\/index.php\/2021\/10\/04\/javier-canelada-alvarado-y-marta-alvarez-garcia-ganadores-de-la-xii-media-maraton-ciudad-de-coria-3\/\" \/>\n<meta property=\"og:locale\" content=\"es_ES\" \/>\n<meta property=\"og:type\" content=\"article\" \/>\n<meta property=\"og:title\" content=\"Javier Canelada Alvarado y Marta \u00c1lvarez Garc\u00eda, ganadores de la XII Media Marat\u00f3n &quot;Ciudad de Coria&quot; - Ayuntamiento de Coria\" \/>\n<meta property=\"og:description\" content=\"Rui Manuel Santos Pereira y Teresa \u00c1valo Calleja se llevaron el triunfo en el VII Cross Urbano \u00abSubida del Cubo\u00bb En la tarde de ayer, s\u00e1bado 2 de octubre, la Ciudad de Coria celebr\u00f3 la XII Media Marat\u00f3n \u00abCiudad de Coria\u00bb y el VII Cross Urbano \u00abSubida del Cubo\u00bb, ambas actividades organizadas por el Ayuntamiento [&hellip;]\" \/>\n<meta property=\"og:url\" content=\"https:\/\/coria.org\/ayuntamiento\/index.php\/2021\/10\/04\/javier-canelada-alvarado-y-marta-alvarez-garcia-ganadores-de-la-xii-media-maraton-ciudad-de-coria-3\/\" \/>\n<meta property=\"og:site_name\" content=\"Ayuntamiento de Coria\" \/>\n<meta property=\"article:publisher\" content=\"https:\/\/www.facebook.com\/Ayuntamiento.de.Coria\" \/>\n<meta property=\"article:published_time\" content=\"2021-10-04T00:00:00+00:00\" \/>\n<meta property=\"article:modified_time\" content=\"2023-09-18T10:18:14+00:00\" \/>\n<meta property=\"og:image\" content=\"https:\/\/coria.org\/ayuntamiento\/wp-content\/uploads\/2021\/10\/Salida-Media-Maraton-I.jpg\" \/>\n\t<meta property=\"og:image:width\" content=\"1080\" \/>\n\t<meta property=\"og:image:height\" content=\"850\" \/>\n\t<meta property=\"og:image:type\" content=\"image\/jpeg\" \/>\n<meta name=\"author\" content=\"ayuntamiento\" \/>\n<meta name=\"twitter:card\" content=\"summary_large_image\" \/>\n<meta name=\"twitter:creator\" content=\"@Ayto_de_Coria\" \/>\n<meta name=\"twitter:site\" content=\"@Ayto_de_Coria\" \/>\n<meta name=\"twitter:label1\" content=\"Escrito por\" \/>\n\t<meta name=\"twitter:data1\" content=\"ayuntamiento\" \/>\n\t<meta name=\"twitter:label2\" content=\"Tiempo de lectura\" \/>\n\t<meta name=\"twitter:data2\" content=\"3 minutos\" \/>\n<script type=\"application\/ld+json\" class=\"yoast-schema-graph\">{\"@context\":\"https:\\\/\\\/schema.org\",\"@graph\":[{\"@type\":\"Article\",\"@id\":\"https:\\\/\\\/coria.org\\\/ayuntamiento\\\/index.php\\\/2021\\\/10\\\/04\\\/javier-canelada-alvarado-y-marta-alvarez-garcia-ganadores-de-la-xii-media-maraton-ciudad-de-coria-3\\\/#article\",\"isPartOf\":{\"@id\":\"https:\\\/\\\/coria.org\\\/ayuntamiento\\\/index.php\\\/2021\\\/10\\\/04\\\/javier-canelada-alvarado-y-marta-alvarez-garcia-ganadores-de-la-xii-media-maraton-ciudad-de-coria-3\\\/\"},\"author\":{\"name\":\"ayuntamiento\",\"@id\":\"https:\\\/\\\/coria.org\\\/ayuntamiento\\\/#\\\/schema\\\/person\\\/8bd589f0e13e8ae5aa06def7a599d622\"},\"headline\":\"Javier Canelada Alvarado y Marta \u00c1lvarez Garc\u00eda, ganadores de la XII Media Marat\u00f3n \u00abCiudad de Coria\u00bb\",\"datePublished\":\"2021-10-04T00:00:00+00:00\",\"dateModified\":\"2023-09-18T10:18:14+00:00\",\"mainEntityOfPage\":{\"@id\":\"https:\\\/\\\/coria.org\\\/ayuntamiento\\\/index.php\\\/2021\\\/10\\\/04\\\/javier-canelada-alvarado-y-marta-alvarez-garcia-ganadores-de-la-xii-media-maraton-ciudad-de-coria-3\\\/\"},\"wordCount\":573,\"publisher\":{\"@id\":\"https:\\\/\\\/coria.org\\\/ayuntamiento\\\/#organization\"},\"image\":{\"@id\":\"https:\\\/\\\/coria.org\\\/ayuntamiento\\\/index.php\\\/2021\\\/10\\\/04\\\/javier-canelada-alvarado-y-marta-alvarez-garcia-ganadores-de-la-xii-media-maraton-ciudad-de-coria-3\\\/#primaryimage\"},\"thumbnailUrl\":\"https:\\\/\\\/coria.org\\\/ayuntamiento\\\/wp-content\\\/uploads\\\/2021\\\/10\\\/Salida-Media-Maraton-I.jpg\",\"keywords\":[\"2021\",\"coria\",\"extremadura\",\"maraton\"],\"articleSection\":[\"Noticias\"],\"inLanguage\":\"es\"},{\"@type\":\"WebPage\",\"@id\":\"https:\\\/\\\/coria.org\\\/ayuntamiento\\\/index.php\\\/2021\\\/10\\\/04\\\/javier-canelada-alvarado-y-marta-alvarez-garcia-ganadores-de-la-xii-media-maraton-ciudad-de-coria-3\\\/\",\"url\":\"https:\\\/\\\/coria.org\\\/ayuntamiento\\\/index.php\\\/2021\\\/10\\\/04\\\/javier-canelada-alvarado-y-marta-alvarez-garcia-ganadores-de-la-xii-media-maraton-ciudad-de-coria-3\\\/\",\"name\":\"Javier Canelada Alvarado y Marta \u00c1lvarez Garc\u00eda, ganadores de la XII Media Marat\u00f3n \\\"Ciudad de Coria\\\" - Ayuntamiento de Coria\",\"isPartOf\":{\"@id\":\"https:\\\/\\\/coria.org\\\/ayuntamiento\\\/#website\"},\"primaryImageOfPage\":{\"@id\":\"https:\\\/\\\/coria.org\\\/ayuntamiento\\\/index.php\\\/2021\\\/10\\\/04\\\/javier-canelada-alvarado-y-marta-alvarez-garcia-ganadores-de-la-xii-media-maraton-ciudad-de-coria-3\\\/#primaryimage\"},\"image\":{\"@id\":\"https:\\\/\\\/coria.org\\\/ayuntamiento\\\/index.php\\\/2021\\\/10\\\/04\\\/javier-canelada-alvarado-y-marta-alvarez-garcia-ganadores-de-la-xii-media-maraton-ciudad-de-coria-3\\\/#primaryimage\"},\"thumbnailUrl\":\"https:\\\/\\\/coria.org\\\/ayuntamiento\\\/wp-content\\\/uploads\\\/2021\\\/10\\\/Salida-Media-Maraton-I.jpg\",\"datePublished\":\"2021-10-04T00:00:00+00:00\",\"dateModified\":\"2023-09-18T10:18:14+00:00\",\"breadcrumb\":{\"@id\":\"https:\\\/\\\/coria.org\\\/ayuntamiento\\\/index.php\\\/2021\\\/10\\\/04\\\/javier-canelada-alvarado-y-marta-alvarez-garcia-ganadores-de-la-xii-media-maraton-ciudad-de-coria-3\\\/#breadcrumb\"},\"inLanguage\":\"es\",\"potentialAction\":[{\"@type\":\"ReadAction\",\"target\":[\"https:\\\/\\\/coria.org\\\/ayuntamiento\\\/index.php\\\/2021\\\/10\\\/04\\\/javier-canelada-alvarado-y-marta-alvarez-garcia-ganadores-de-la-xii-media-maraton-ciudad-de-coria-3\\\/\"]}]},{\"@type\":\"ImageObject\",\"inLanguage\":\"es\",\"@id\":\"https:\\\/\\\/coria.org\\\/ayuntamiento\\\/index.php\\\/2021\\\/10\\\/04\\\/javier-canelada-alvarado-y-marta-alvarez-garcia-ganadores-de-la-xii-media-maraton-ciudad-de-coria-3\\\/#primaryimage\",\"url\":\"https:\\\/\\\/coria.org\\\/ayuntamiento\\\/wp-content\\\/uploads\\\/2021\\\/10\\\/Salida-Media-Maraton-I.jpg\",\"contentUrl\":\"https:\\\/\\\/coria.org\\\/ayuntamiento\\\/wp-content\\\/uploads\\\/2021\\\/10\\\/Salida-Media-Maraton-I.jpg\",\"width\":1080,\"height\":850},{\"@type\":\"BreadcrumbList\",\"@id\":\"https:\\\/\\\/coria.org\\\/ayuntamiento\\\/index.php\\\/2021\\\/10\\\/04\\\/javier-canelada-alvarado-y-marta-alvarez-garcia-ganadores-de-la-xii-media-maraton-ciudad-de-coria-3\\\/#breadcrumb\",\"itemListElement\":[{\"@type\":\"ListItem\",\"position\":1,\"name\":\"Inicio\",\"item\":\"https:\\\/\\\/coria.org\\\/ayuntamiento\\\/\"},{\"@type\":\"ListItem\",\"position\":2,\"name\":\"Javier Canelada Alvarado y Marta \u00c1lvarez Garc\u00eda, ganadores de la XII Media Marat\u00f3n \u00abCiudad de Coria\u00bb\"}]},{\"@type\":\"WebSite\",\"@id\":\"https:\\\/\\\/coria.org\\\/ayuntamiento\\\/#website\",\"url\":\"https:\\\/\\\/coria.org\\\/ayuntamiento\\\/\",\"name\":\"Ayuntamiento de Coria\",\"description\":\"Web oficial del Ayuntamiento de Coria\",\"publisher\":{\"@id\":\"https:\\\/\\\/coria.org\\\/ayuntamiento\\\/#organization\"},\"alternateName\":\"Web Oficial del Ayuntamiento de Coria\",\"potentialAction\":[{\"@type\":\"SearchAction\",\"target\":{\"@type\":\"EntryPoint\",\"urlTemplate\":\"https:\\\/\\\/coria.org\\\/ayuntamiento\\\/?s={search_term_string}\"},\"query-input\":{\"@type\":\"PropertyValueSpecification\",\"valueRequired\":true,\"valueName\":\"search_term_string\"}}],\"inLanguage\":\"es\"},{\"@type\":\"Organization\",\"@id\":\"https:\\\/\\\/coria.org\\\/ayuntamiento\\\/#organization\",\"name\":\"Ayuntamiento de Coria\",\"alternateName\":\"Ayto de Coria\",\"url\":\"https:\\\/\\\/coria.org\\\/ayuntamiento\\\/\",\"logo\":{\"@type\":\"ImageObject\",\"inLanguage\":\"es\",\"@id\":\"https:\\\/\\\/coria.org\\\/ayuntamiento\\\/#\\\/schema\\\/logo\\\/image\\\/\",\"url\":\"https:\\\/\\\/coria.org\\\/ayuntamiento\\\/wp-content\\\/uploads\\\/2020\\\/12\\\/escudo-ayuntamiento-coria.png\",\"contentUrl\":\"https:\\\/\\\/coria.org\\\/ayuntamiento\\\/wp-content\\\/uploads\\\/2020\\\/12\\\/escudo-ayuntamiento-coria.png\",\"width\":511,\"height\":240,\"caption\":\"Ayuntamiento de Coria\"},\"image\":{\"@id\":\"https:\\\/\\\/coria.org\\\/ayuntamiento\\\/#\\\/schema\\\/logo\\\/image\\\/\"},\"sameAs\":[\"https:\\\/\\\/www.facebook.com\\\/Ayuntamiento.de.Coria\",\"https:\\\/\\\/x.com\\\/Ayto_de_Coria\",\"https:\\\/\\\/www.instagram.com\\\/coria.ayuntamiento\\\/\",\"https:\\\/\\\/www.youtube.com\\\/user\\\/AYUNTAMIENTOCORIA\"]},{\"@type\":\"Person\",\"@id\":\"https:\\\/\\\/coria.org\\\/ayuntamiento\\\/#\\\/schema\\\/person\\\/8bd589f0e13e8ae5aa06def7a599d622\",\"name\":\"ayuntamiento\",\"image\":{\"@type\":\"ImageObject\",\"inLanguage\":\"es\",\"@id\":\"https:\\\/\\\/secure.gravatar.com\\\/avatar\\\/966e5ed73cad334adda5c87f49f2547f7082f7292c1b627cbb548744383b391c?s=96&d=mm&r=g\",\"url\":\"https:\\\/\\\/secure.gravatar.com\\\/avatar\\\/966e5ed73cad334adda5c87f49f2547f7082f7292c1b627cbb548744383b391c?s=96&d=mm&r=g\",\"contentUrl\":\"https:\\\/\\\/secure.gravatar.com\\\/avatar\\\/966e5ed73cad334adda5c87f49f2547f7082f7292c1b627cbb548744383b391c?s=96&d=mm&r=g\",\"caption\":\"ayuntamiento\"}}]}<\/script>\n<!-- \/ Yoast SEO plugin. -->","yoast_head_json":{"title":"Javier Canelada Alvarado y Marta \u00c1lvarez Garc\u00eda, ganadores de la XII Media Marat\u00f3n \"Ciudad de Coria\" - Ayuntamiento de Coria","robots":{"index":"index","follow":"follow","max-snippet":"max-snippet:-1","max-image-preview":"max-image-preview:large","max-video-preview":"max-video-preview:-1"},"canonical":"https:\/\/coria.org\/ayuntamiento\/index.php\/2021\/10\/04\/javier-canelada-alvarado-y-marta-alvarez-garcia-ganadores-de-la-xii-media-maraton-ciudad-de-coria-3\/","og_locale":"es_ES","og_type":"article","og_title":"Javier Canelada Alvarado y Marta \u00c1lvarez Garc\u00eda, ganadores de la XII Media Marat\u00f3n \"Ciudad de Coria\" - Ayuntamiento de Coria","og_description":"Rui Manuel Santos Pereira y Teresa \u00c1valo Calleja se llevaron el triunfo en el VII Cross Urbano \u00abSubida del Cubo\u00bb En la tarde de ayer, s\u00e1bado 2 de octubre, la Ciudad de Coria celebr\u00f3 la XII Media Marat\u00f3n \u00abCiudad de Coria\u00bb y el VII Cross Urbano \u00abSubida del Cubo\u00bb, ambas actividades organizadas por el Ayuntamiento [&hellip;]","og_url":"https:\/\/coria.org\/ayuntamiento\/index.php\/2021\/10\/04\/javier-canelada-alvarado-y-marta-alvarez-garcia-ganadores-de-la-xii-media-maraton-ciudad-de-coria-3\/","og_site_name":"Ayuntamiento de Coria","article_publisher":"https:\/\/www.facebook.com\/Ayuntamiento.de.Coria","article_published_time":"2021-10-04T00:00:00+00:00","article_modified_time":"2023-09-18T10:18:14+00:00","og_image":[{"width":1080,"height":850,"url":"https:\/\/coria.org\/ayuntamiento\/wp-content\/uploads\/2021\/10\/Salida-Media-Maraton-I.jpg","type":"image\/jpeg"}],"author":"ayuntamiento","twitter_card":"summary_large_image","twitter_creator":"@Ayto_de_Coria","twitter_site":"@Ayto_de_Coria","twitter_misc":{"Escrito por":"ayuntamiento","Tiempo de lectura":"3 minutos"},"schema":{"@context":"https:\/\/schema.org","@graph":[{"@type":"Article","@id":"https:\/\/coria.org\/ayuntamiento\/index.php\/2021\/10\/04\/javier-canelada-alvarado-y-marta-alvarez-garcia-ganadores-de-la-xii-media-maraton-ciudad-de-coria-3\/#article","isPartOf":{"@id":"https:\/\/coria.org\/ayuntamiento\/index.php\/2021\/10\/04\/javier-canelada-alvarado-y-marta-alvarez-garcia-ganadores-de-la-xii-media-maraton-ciudad-de-coria-3\/"},"author":{"name":"ayuntamiento","@id":"https:\/\/coria.org\/ayuntamiento\/#\/schema\/person\/8bd589f0e13e8ae5aa06def7a599d622"},"headline":"Javier Canelada Alvarado y Marta \u00c1lvarez Garc\u00eda, ganadores de la XII Media Marat\u00f3n \u00abCiudad de Coria\u00bb","datePublished":"2021-10-04T00:00:00+00:00","dateModified":"2023-09-18T10:18:14+00:00","mainEntityOfPage":{"@id":"https:\/\/coria.org\/ayuntamiento\/index.php\/2021\/10\/04\/javier-canelada-alvarado-y-marta-alvarez-garcia-ganadores-de-la-xii-media-maraton-ciudad-de-coria-3\/"},"wordCount":573,"publisher":{"@id":"https:\/\/coria.org\/ayuntamiento\/#organization"},"image":{"@id":"https:\/\/coria.org\/ayuntamiento\/index.php\/2021\/10\/04\/javier-canelada-alvarado-y-marta-alvarez-garcia-ganadores-de-la-xii-media-maraton-ciudad-de-coria-3\/#primaryimage"},"thumbnailUrl":"https:\/\/coria.org\/ayuntamiento\/wp-content\/uploads\/2021\/10\/Salida-Media-Maraton-I.jpg","keywords":["2021","coria","extremadura","maraton"],"articleSection":["Noticias"],"inLanguage":"es"},{"@type":"WebPage","@id":"https:\/\/coria.org\/ayuntamiento\/index.php\/2021\/10\/04\/javier-canelada-alvarado-y-marta-alvarez-garcia-ganadores-de-la-xii-media-maraton-ciudad-de-coria-3\/","url":"https:\/\/coria.org\/ayuntamiento\/index.php\/2021\/10\/04\/javier-canelada-alvarado-y-marta-alvarez-garcia-ganadores-de-la-xii-media-maraton-ciudad-de-coria-3\/","name":"Javier Canelada Alvarado y Marta \u00c1lvarez Garc\u00eda, ganadores de la XII Media Marat\u00f3n \"Ciudad de Coria\" - Ayuntamiento de Coria","isPartOf":{"@id":"https:\/\/coria.org\/ayuntamiento\/#website"},"primaryImageOfPage":{"@id":"https:\/\/coria.org\/ayuntamiento\/index.php\/2021\/10\/04\/javier-canelada-alvarado-y-marta-alvarez-garcia-ganadores-de-la-xii-media-maraton-ciudad-de-coria-3\/#primaryimage"},"image":{"@id":"https:\/\/coria.org\/ayuntamiento\/index.php\/2021\/10\/04\/javier-canelada-alvarado-y-marta-alvarez-garcia-ganadores-de-la-xii-media-maraton-ciudad-de-coria-3\/#primaryimage"},"thumbnailUrl":"https:\/\/coria.org\/ayuntamiento\/wp-content\/uploads\/2021\/10\/Salida-Media-Maraton-I.jpg","datePublished":"2021-10-04T00:00:00+00:00","dateModified":"2023-09-18T10:18:14+00:00","breadcrumb":{"@id":"https:\/\/coria.org\/ayuntamiento\/index.php\/2021\/10\/04\/javier-canelada-alvarado-y-marta-alvarez-garcia-ganadores-de-la-xii-media-maraton-ciudad-de-coria-3\/#breadcrumb"},"inLanguage":"es","potentialAction":[{"@type":"ReadAction","target":["https:\/\/coria.org\/ayuntamiento\/index.php\/2021\/10\/04\/javier-canelada-alvarado-y-marta-alvarez-garcia-ganadores-de-la-xii-media-maraton-ciudad-de-coria-3\/"]}]},{"@type":"ImageObject","inLanguage":"es","@id":"https:\/\/coria.org\/ayuntamiento\/index.php\/2021\/10\/04\/javier-canelada-alvarado-y-marta-alvarez-garcia-ganadores-de-la-xii-media-maraton-ciudad-de-coria-3\/#primaryimage","url":"https:\/\/coria.org\/ayuntamiento\/wp-content\/uploads\/2021\/10\/Salida-Media-Maraton-I.jpg","contentUrl":"https:\/\/coria.org\/ayuntamiento\/wp-content\/uploads\/2021\/10\/Salida-Media-Maraton-I.jpg","width":1080,"height":850},{"@type":"BreadcrumbList","@id":"https:\/\/coria.org\/ayuntamiento\/index.php\/2021\/10\/04\/javier-canelada-alvarado-y-marta-alvarez-garcia-ganadores-de-la-xii-media-maraton-ciudad-de-coria-3\/#breadcrumb","itemListElement":[{"@type":"ListItem","position":1,"name":"Inicio","item":"https:\/\/coria.org\/ayuntamiento\/"},{"@type":"ListItem","position":2,"name":"Javier Canelada Alvarado y Marta \u00c1lvarez Garc\u00eda, ganadores de la XII Media Marat\u00f3n \u00abCiudad de Coria\u00bb"}]},{"@type":"WebSite","@id":"https:\/\/coria.org\/ayuntamiento\/#website","url":"https:\/\/coria.org\/ayuntamiento\/","name":"Ayuntamiento de Coria","description":"Web oficial del Ayuntamiento de Coria","publisher":{"@id":"https:\/\/coria.org\/ayuntamiento\/#organization"},"alternateName":"Web Oficial del Ayuntamiento de Coria","potentialAction":[{"@type":"SearchAction","target":{"@type":"EntryPoint","urlTemplate":"https:\/\/coria.org\/ayuntamiento\/?s={search_term_string}"},"query-input":{"@type":"PropertyValueSpecification","valueRequired":true,"valueName":"search_term_string"}}],"inLanguage":"es"},{"@type":"Organization","@id":"https:\/\/coria.org\/ayuntamiento\/#organization","name":"Ayuntamiento de Coria","alternateName":"Ayto de Coria","url":"https:\/\/coria.org\/ayuntamiento\/","logo":{"@type":"ImageObject","inLanguage":"es","@id":"https:\/\/coria.org\/ayuntamiento\/#\/schema\/logo\/image\/","url":"https:\/\/coria.org\/ayuntamiento\/wp-content\/uploads\/2020\/12\/escudo-ayuntamiento-coria.png","contentUrl":"https:\/\/coria.org\/ayuntamiento\/wp-content\/uploads\/2020\/12\/escudo-ayuntamiento-coria.png","width":511,"height":240,"caption":"Ayuntamiento de Coria"},"image":{"@id":"https:\/\/coria.org\/ayuntamiento\/#\/schema\/logo\/image\/"},"sameAs":["https:\/\/www.facebook.com\/Ayuntamiento.de.Coria","https:\/\/x.com\/Ayto_de_Coria","https:\/\/www.instagram.com\/coria.ayuntamiento\/","https:\/\/www.youtube.com\/user\/AYUNTAMIENTOCORIA"]},{"@type":"Person","@id":"https:\/\/coria.org\/ayuntamiento\/#\/schema\/person\/8bd589f0e13e8ae5aa06def7a599d622","name":"ayuntamiento","image":{"@type":"ImageObject","inLanguage":"es","@id":"https:\/\/secure.gravatar.com\/avatar\/966e5ed73cad334adda5c87f49f2547f7082f7292c1b627cbb548744383b391c?s=96&d=mm&r=g","url":"https:\/\/secure.gravatar.com\/avatar\/966e5ed73cad334adda5c87f49f2547f7082f7292c1b627cbb548744383b391c?s=96&d=mm&r=g","contentUrl":"https:\/\/secure.gravatar.com\/avatar\/966e5ed73cad334adda5c87f49f2547f7082f7292c1b627cbb548744383b391c?s=96&d=mm&r=g","caption":"ayuntamiento"}}]}},"uagb_featured_image_src":{"full":["https:\/\/coria.org\/ayuntamiento\/wp-content\/uploads\/2021\/10\/Salida-Media-Maraton-I.jpg",1080,850,false],"thumbnail":["https:\/\/coria.org\/ayuntamiento\/wp-content\/uploads\/2021\/10\/Salida-Media-Maraton-I-150x150.jpg",150,150,true],"medium":["https:\/\/coria.org\/ayuntamiento\/wp-content\/uploads\/2021\/10\/Salida-Media-Maraton-I-300x236.jpg",300,236,true],"medium_large":["https:\/\/coria.org\/ayuntamiento\/wp-content\/uploads\/2021\/10\/Salida-Media-Maraton-I-768x604.jpg",768,604,true],"large":["https:\/\/coria.org\/ayuntamiento\/wp-content\/uploads\/2021\/10\/Salida-Media-Maraton-I-1024x806.jpg",1024,806,true],"thumblist":["https:\/\/coria.org\/ayuntamiento\/wp-content\/uploads\/2021\/10\/Salida-Media-Maraton-I.jpg",300,236,false],"thumbrelated":["https:\/\/coria.org\/ayuntamiento\/wp-content\/uploads\/2021\/10\/Salida-Media-Maraton-I.jpg",500,394,false],"meccarouselthumb":["https:\/\/coria.org\/ayuntamiento\/wp-content\/uploads\/2021\/10\/Salida-Media-Maraton-I.jpg",412,324,false],"gridsquare":["https:\/\/coria.org\/ayuntamiento\/wp-content\/uploads\/2021\/10\/Salida-Media-Maraton-I.jpg",330,260,false],"tileview":["https:\/\/coria.org\/ayuntamiento\/wp-content\/uploads\/2021\/10\/Salida-Media-Maraton-I.jpg",300,236,false],"1536x1536":["https:\/\/coria.org\/ayuntamiento\/wp-content\/uploads\/2021\/10\/Salida-Media-Maraton-I.jpg",1080,850,false],"2048x2048":["https:\/\/coria.org\/ayuntamiento\/wp-content\/uploads\/2021\/10\/Salida-Media-Maraton-I.jpg",1080,850,false]},"uagb_author_info":{"display_name":"ayuntamiento","author_link":"https:\/\/coria.org\/ayuntamiento\/index.php\/author\/ayuntamiento\/"},"uagb_comment_info":0,"uagb_excerpt":"Rui Manuel Santos Pereira y Teresa \u00c1valo Calleja se llevaron el triunfo en el VII Cross Urbano \u00abSubida del Cubo\u00bb En la tarde de ayer, s\u00e1bado 2 de octubre, la Ciudad de Coria celebr\u00f3 la XII Media Marat\u00f3n \u00abCiudad de Coria\u00bb y el VII Cross Urbano \u00abSubida del Cubo\u00bb, ambas actividades organizadas por el Ayuntamiento&hellip;","_links":{"self":[{"href":"https:\/\/coria.org\/ayuntamiento\/index.php\/wp-json\/wp\/v2\/posts\/35735","targetHints":{"allow":["GET"]}}],"collection":[{"href":"https:\/\/coria.org\/ayuntamiento\/index.php\/wp-json\/wp\/v2\/posts"}],"about":[{"href":"https:\/\/coria.org\/ayuntamiento\/index.php\/wp-json\/wp\/v2\/types\/post"}],"author":[{"embeddable":true,"href":"https:\/\/coria.org\/ayuntamiento\/index.php\/wp-json\/wp\/v2\/users\/2"}],"replies":[{"embeddable":true,"href":"https:\/\/coria.org\/ayuntamiento\/index.php\/wp-json\/wp\/v2\/comments?post=35735"}],"version-history":[{"count":0,"href":"https:\/\/coria.org\/ayuntamiento\/index.php\/wp-json\/wp\/v2\/posts\/35735\/revisions"}],"wp:featuredmedia":[{"embeddable":true,"href":"https:\/\/coria.org\/ayuntamiento\/index.php\/wp-json\/wp\/v2\/media\/37833"}],"wp:attachment":[{"href":"https:\/\/coria.org\/ayuntamiento\/index.php\/wp-json\/wp\/v2\/media?parent=35735"}],"wp:term":[{"taxonomy":"category","embeddable":true,"href":"https:\/\/coria.org\/ayuntamiento\/index.php\/wp-json\/wp\/v2\/categories?post=35735"},{"taxonomy":"post_tag","embeddable":true,"href":"https:\/\/coria.org\/ayuntamiento\/index.php\/wp-json\/wp\/v2\/tags?post=35735"}],"curies":[{"name":"wp","href":"https:\/\/api.w.org\/{rel}","templated":true}]}}