{"id":35551,"date":"2018-02-16T00:00:00","date_gmt":"2018-02-16T00:00:00","guid":{"rendered":"https:\/\/ayuntamiento.coriaenimagenes.com\/la-x-media-maraton-ciudad-de-coria-se-celebrara-el-dia-21-de-abril-con-novedades-3\/"},"modified":"2023-09-18T12:34:47","modified_gmt":"2023-09-18T10:34:47","slug":"la-x-media-maraton-ciudad-de-coria-se-celebrara-el-dia-21-de-abril-con-novedades-3","status":"publish","type":"post","link":"https:\/\/coria.org\/ayuntamiento\/index.php\/2018\/02\/16\/la-x-media-maraton-ciudad-de-coria-se-celebrara-el-dia-21-de-abril-con-novedades-3\/","title":{"rendered":"La X Media Marat\u00f3n \u00abCiudad de Coria\u00bb se celebrar\u00e1 el d\u00eda 21 de abril con novedades"},"content":{"rendered":"\n<p><b>La Concejal\u00eda de Deportes del Ayuntamiento de Coria y el Club Atletismo Coria, ya est\u00e1n inmersos en la organizaci\u00f3n de la X edici\u00f3n de la Media Marat\u00f3n \u00abCiudad de Coria\u00bb que tendr\u00e1 lugar el d\u00eda 21 de abril de 2018, a partir de las 18.30h.<\/b><\/p>\n\n<figure class=\"wp-block-post-featured-image\"><img loading=\"lazy\" decoding=\"async\" width=\"800\" height=\"474\" src=\"https:\/\/coria.org\/ayuntamiento\/wp-content\/uploads\/2022\/02\/image-268.jpeg\" class=\"attachment-post-thumbnail size-post-thumbnail wp-post-image\" alt=\"\" style=\"object-fit:cover;\" srcset=\"https:\/\/coria.org\/ayuntamiento\/wp-content\/uploads\/2022\/02\/image-268.jpeg 800w, https:\/\/coria.org\/ayuntamiento\/wp-content\/uploads\/2022\/02\/image-268-300x178.jpeg 300w, https:\/\/coria.org\/ayuntamiento\/wp-content\/uploads\/2022\/02\/image-268-768x455.jpeg 768w\" sizes=\"auto, (max-width: 800px) 100vw, 800px\" \/><\/figure>\n\n<p>La prueba, como desde sus inicios, forma parte del Circuito de Grandes Carreras de Extremadura 2018. Asimismo, de forma paralela, se organizar\u00e1 el IV Cross Urbano \u00abSubida al Cubo\u00bb bajo la distancia de 10 km y con la misma hora de salida que la Media.<\/p>\n\n\n<p>Otra de las novedades que se introducen en esta edici\u00f3n es el cambio del<br \/>lugar de salida y meta, que estar\u00e1 ubicado en la Plaza de la Paz (cerca de la Jefatura de la Polic\u00eda Local), con el fin de poder contar con mayor n\u00famero de p\u00fablico presente. De igual forma, la secretar\u00eda para la recogida de dorsales, bolsas conmemorativas y guarda ropa, se har\u00e1 dentro del Mercado Municipal de Abastos que se encuentra en las proximidades de la misma plaza.<\/p>\n\n\n<p>Cabe destacar que durante la jornada matinal del d\u00eda 21 de abril, en la misma Plaza de la Paz, se llevar\u00e1 a cabo un Cross de Promoci\u00f3n para las categor\u00edas chupete, pre-benjamin, benjam\u00edn, alev\u00edn e infantil, adem\u00e1s de contar con hinchables como complemento recreativo para los ni\u00f1os que se acerquen a lo largo de la jornada.<\/p>\n\n\n<p>Otra de las iniciativas, planteadas por el Club Atletismo Coria, es la celebraci\u00f3n de una Charla-Coloquio abierta a todos los interesados donde se tratar\u00e1 el tema \u00abAfrontar una Media Marat\u00f3n\u00bb, impartida por Try-It Studio. Esta jornada se llevar\u00e1 a cabo el viernes 20 de abril a partir de las 20:30 horas en la Casa de Cultura de Coria.<\/p>\n","protected":false},"excerpt":{"rendered":"<p>La Concejal\u00eda de Deportes del Ayuntamiento de Coria y el Club Atletismo Coria, ya est\u00e1n inmersos en la organizaci\u00f3n de la X edici\u00f3n de la Media Marat\u00f3n \u00abCiudad de Coria\u00bb que tendr\u00e1 lugar el d\u00eda 21 de abril de 2018, a partir de las 18.30h. La prueba, como desde sus inicios, forma parte del Circuito [&hellip;]<\/p>\n","protected":false},"author":2,"featured_media":28276,"comment_status":"closed","ping_status":"closed","sticky":false,"template":"","format":"standard","meta":{"_uag_custom_page_level_css":"","footnotes":""},"categories":[2],"tags":[3,4],"class_list":["post-35551","post","type-post","status-publish","format-standard","has-post-thumbnail","hentry","category-noticias","tag-coria","tag-extremadura"],"yoast_head":"<!-- This site is optimized with the Yoast SEO plugin v27.4 - https:\/\/yoast.com\/product\/yoast-seo-wordpress\/ -->\n<title>La X Media Marat\u00f3n &quot;Ciudad de Coria&quot; se celebrar\u00e1 el d\u00eda 21 de abril con novedades - Ayuntamiento de Coria<\/title>\n<meta name=\"robots\" content=\"index, follow, max-snippet:-1, max-image-preview:large, max-video-preview:-1\" \/>\n<link rel=\"canonical\" href=\"https:\/\/coria.org\/ayuntamiento\/index.php\/2018\/02\/16\/la-x-media-maraton-ciudad-de-coria-se-celebrara-el-dia-21-de-abril-con-novedades-3\/\" \/>\n<meta property=\"og:locale\" content=\"es_ES\" \/>\n<meta property=\"og:type\" content=\"article\" \/>\n<meta property=\"og:title\" content=\"La X Media Marat\u00f3n &quot;Ciudad de Coria&quot; se celebrar\u00e1 el d\u00eda 21 de abril con novedades - Ayuntamiento de Coria\" \/>\n<meta property=\"og:description\" content=\"La Concejal\u00eda de Deportes del Ayuntamiento de Coria y el Club Atletismo Coria, ya est\u00e1n inmersos en la organizaci\u00f3n de la X edici\u00f3n de la Media Marat\u00f3n \u00abCiudad de Coria\u00bb que tendr\u00e1 lugar el d\u00eda 21 de abril de 2018, a partir de las 18.30h. La prueba, como desde sus inicios, forma parte del Circuito [&hellip;]\" \/>\n<meta property=\"og:url\" content=\"https:\/\/coria.org\/ayuntamiento\/index.php\/2018\/02\/16\/la-x-media-maraton-ciudad-de-coria-se-celebrara-el-dia-21-de-abril-con-novedades-3\/\" \/>\n<meta property=\"og:site_name\" content=\"Ayuntamiento de Coria\" \/>\n<meta property=\"article:publisher\" content=\"https:\/\/www.facebook.com\/Ayuntamiento.de.Coria\" \/>\n<meta property=\"article:published_time\" content=\"2018-02-16T00:00:00+00:00\" \/>\n<meta property=\"article:modified_time\" content=\"2023-09-18T10:34:47+00:00\" \/>\n<meta property=\"og:image\" content=\"https:\/\/coria.org\/ayuntamiento\/wp-content\/uploads\/2022\/02\/image-268.jpeg\" \/>\n\t<meta property=\"og:image:width\" content=\"800\" \/>\n\t<meta property=\"og:image:height\" content=\"474\" \/>\n\t<meta property=\"og:image:type\" content=\"image\/jpeg\" \/>\n<meta name=\"author\" content=\"ayuntamiento\" \/>\n<meta name=\"twitter:card\" content=\"summary_large_image\" \/>\n<meta name=\"twitter:creator\" content=\"@Ayto_de_Coria\" \/>\n<meta name=\"twitter:site\" content=\"@Ayto_de_Coria\" \/>\n<meta name=\"twitter:label1\" content=\"Escrito por\" \/>\n\t<meta name=\"twitter:data1\" content=\"ayuntamiento\" \/>\n\t<meta name=\"twitter:label2\" content=\"Tiempo de lectura\" \/>\n\t<meta name=\"twitter:data2\" content=\"1 minuto\" \/>\n<script type=\"application\/ld+json\" class=\"yoast-schema-graph\">{\"@context\":\"https:\\\/\\\/schema.org\",\"@graph\":[{\"@type\":\"Article\",\"@id\":\"https:\\\/\\\/coria.org\\\/ayuntamiento\\\/index.php\\\/2018\\\/02\\\/16\\\/la-x-media-maraton-ciudad-de-coria-se-celebrara-el-dia-21-de-abril-con-novedades-3\\\/#article\",\"isPartOf\":{\"@id\":\"https:\\\/\\\/coria.org\\\/ayuntamiento\\\/index.php\\\/2018\\\/02\\\/16\\\/la-x-media-maraton-ciudad-de-coria-se-celebrara-el-dia-21-de-abril-con-novedades-3\\\/\"},\"author\":{\"name\":\"ayuntamiento\",\"@id\":\"https:\\\/\\\/coria.org\\\/ayuntamiento\\\/#\\\/schema\\\/person\\\/8bd589f0e13e8ae5aa06def7a599d622\"},\"headline\":\"La X Media Marat\u00f3n \u00abCiudad de Coria\u00bb se celebrar\u00e1 el d\u00eda 21 de abril con novedades\",\"datePublished\":\"2018-02-16T00:00:00+00:00\",\"dateModified\":\"2023-09-18T10:34:47+00:00\",\"mainEntityOfPage\":{\"@id\":\"https:\\\/\\\/coria.org\\\/ayuntamiento\\\/index.php\\\/2018\\\/02\\\/16\\\/la-x-media-maraton-ciudad-de-coria-se-celebrara-el-dia-21-de-abril-con-novedades-3\\\/\"},\"wordCount\":314,\"publisher\":{\"@id\":\"https:\\\/\\\/coria.org\\\/ayuntamiento\\\/#organization\"},\"image\":{\"@id\":\"https:\\\/\\\/coria.org\\\/ayuntamiento\\\/index.php\\\/2018\\\/02\\\/16\\\/la-x-media-maraton-ciudad-de-coria-se-celebrara-el-dia-21-de-abril-con-novedades-3\\\/#primaryimage\"},\"thumbnailUrl\":\"https:\\\/\\\/coria.org\\\/ayuntamiento\\\/wp-content\\\/uploads\\\/2022\\\/02\\\/image-268.jpeg\",\"keywords\":[\"coria\",\"extremadura\"],\"articleSection\":[\"Noticias\"],\"inLanguage\":\"es\"},{\"@type\":\"WebPage\",\"@id\":\"https:\\\/\\\/coria.org\\\/ayuntamiento\\\/index.php\\\/2018\\\/02\\\/16\\\/la-x-media-maraton-ciudad-de-coria-se-celebrara-el-dia-21-de-abril-con-novedades-3\\\/\",\"url\":\"https:\\\/\\\/coria.org\\\/ayuntamiento\\\/index.php\\\/2018\\\/02\\\/16\\\/la-x-media-maraton-ciudad-de-coria-se-celebrara-el-dia-21-de-abril-con-novedades-3\\\/\",\"name\":\"La X Media Marat\u00f3n \\\"Ciudad de Coria\\\" se celebrar\u00e1 el d\u00eda 21 de abril con novedades - Ayuntamiento de Coria\",\"isPartOf\":{\"@id\":\"https:\\\/\\\/coria.org\\\/ayuntamiento\\\/#website\"},\"primaryImageOfPage\":{\"@id\":\"https:\\\/\\\/coria.org\\\/ayuntamiento\\\/index.php\\\/2018\\\/02\\\/16\\\/la-x-media-maraton-ciudad-de-coria-se-celebrara-el-dia-21-de-abril-con-novedades-3\\\/#primaryimage\"},\"image\":{\"@id\":\"https:\\\/\\\/coria.org\\\/ayuntamiento\\\/index.php\\\/2018\\\/02\\\/16\\\/la-x-media-maraton-ciudad-de-coria-se-celebrara-el-dia-21-de-abril-con-novedades-3\\\/#primaryimage\"},\"thumbnailUrl\":\"https:\\\/\\\/coria.org\\\/ayuntamiento\\\/wp-content\\\/uploads\\\/2022\\\/02\\\/image-268.jpeg\",\"datePublished\":\"2018-02-16T00:00:00+00:00\",\"dateModified\":\"2023-09-18T10:34:47+00:00\",\"breadcrumb\":{\"@id\":\"https:\\\/\\\/coria.org\\\/ayuntamiento\\\/index.php\\\/2018\\\/02\\\/16\\\/la-x-media-maraton-ciudad-de-coria-se-celebrara-el-dia-21-de-abril-con-novedades-3\\\/#breadcrumb\"},\"inLanguage\":\"es\",\"potentialAction\":[{\"@type\":\"ReadAction\",\"target\":[\"https:\\\/\\\/coria.org\\\/ayuntamiento\\\/index.php\\\/2018\\\/02\\\/16\\\/la-x-media-maraton-ciudad-de-coria-se-celebrara-el-dia-21-de-abril-con-novedades-3\\\/\"]}]},{\"@type\":\"ImageObject\",\"inLanguage\":\"es\",\"@id\":\"https:\\\/\\\/coria.org\\\/ayuntamiento\\\/index.php\\\/2018\\\/02\\\/16\\\/la-x-media-maraton-ciudad-de-coria-se-celebrara-el-dia-21-de-abril-con-novedades-3\\\/#primaryimage\",\"url\":\"https:\\\/\\\/coria.org\\\/ayuntamiento\\\/wp-content\\\/uploads\\\/2022\\\/02\\\/image-268.jpeg\",\"contentUrl\":\"https:\\\/\\\/coria.org\\\/ayuntamiento\\\/wp-content\\\/uploads\\\/2022\\\/02\\\/image-268.jpeg\",\"width\":800,\"height\":474},{\"@type\":\"BreadcrumbList\",\"@id\":\"https:\\\/\\\/coria.org\\\/ayuntamiento\\\/index.php\\\/2018\\\/02\\\/16\\\/la-x-media-maraton-ciudad-de-coria-se-celebrara-el-dia-21-de-abril-con-novedades-3\\\/#breadcrumb\",\"itemListElement\":[{\"@type\":\"ListItem\",\"position\":1,\"name\":\"Inicio\",\"item\":\"https:\\\/\\\/coria.org\\\/ayuntamiento\\\/\"},{\"@type\":\"ListItem\",\"position\":2,\"name\":\"La X Media Marat\u00f3n \u00abCiudad de Coria\u00bb se celebrar\u00e1 el d\u00eda 21 de abril con novedades\"}]},{\"@type\":\"WebSite\",\"@id\":\"https:\\\/\\\/coria.org\\\/ayuntamiento\\\/#website\",\"url\":\"https:\\\/\\\/coria.org\\\/ayuntamiento\\\/\",\"name\":\"Ayuntamiento de Coria\",\"description\":\"Web oficial del Ayuntamiento de Coria\",\"publisher\":{\"@id\":\"https:\\\/\\\/coria.org\\\/ayuntamiento\\\/#organization\"},\"alternateName\":\"Web Oficial del Ayuntamiento de Coria\",\"potentialAction\":[{\"@type\":\"SearchAction\",\"target\":{\"@type\":\"EntryPoint\",\"urlTemplate\":\"https:\\\/\\\/coria.org\\\/ayuntamiento\\\/?s={search_term_string}\"},\"query-input\":{\"@type\":\"PropertyValueSpecification\",\"valueRequired\":true,\"valueName\":\"search_term_string\"}}],\"inLanguage\":\"es\"},{\"@type\":\"Organization\",\"@id\":\"https:\\\/\\\/coria.org\\\/ayuntamiento\\\/#organization\",\"name\":\"Ayuntamiento de Coria\",\"alternateName\":\"Ayto de Coria\",\"url\":\"https:\\\/\\\/coria.org\\\/ayuntamiento\\\/\",\"logo\":{\"@type\":\"ImageObject\",\"inLanguage\":\"es\",\"@id\":\"https:\\\/\\\/coria.org\\\/ayuntamiento\\\/#\\\/schema\\\/logo\\\/image\\\/\",\"url\":\"https:\\\/\\\/coria.org\\\/ayuntamiento\\\/wp-content\\\/uploads\\\/2020\\\/12\\\/escudo-ayuntamiento-coria.png\",\"contentUrl\":\"https:\\\/\\\/coria.org\\\/ayuntamiento\\\/wp-content\\\/uploads\\\/2020\\\/12\\\/escudo-ayuntamiento-coria.png\",\"width\":511,\"height\":240,\"caption\":\"Ayuntamiento de Coria\"},\"image\":{\"@id\":\"https:\\\/\\\/coria.org\\\/ayuntamiento\\\/#\\\/schema\\\/logo\\\/image\\\/\"},\"sameAs\":[\"https:\\\/\\\/www.facebook.com\\\/Ayuntamiento.de.Coria\",\"https:\\\/\\\/x.com\\\/Ayto_de_Coria\",\"https:\\\/\\\/www.instagram.com\\\/coria.ayuntamiento\\\/\",\"https:\\\/\\\/www.youtube.com\\\/user\\\/AYUNTAMIENTOCORIA\"]},{\"@type\":\"Person\",\"@id\":\"https:\\\/\\\/coria.org\\\/ayuntamiento\\\/#\\\/schema\\\/person\\\/8bd589f0e13e8ae5aa06def7a599d622\",\"name\":\"ayuntamiento\",\"image\":{\"@type\":\"ImageObject\",\"inLanguage\":\"es\",\"@id\":\"https:\\\/\\\/secure.gravatar.com\\\/avatar\\\/966e5ed73cad334adda5c87f49f2547f7082f7292c1b627cbb548744383b391c?s=96&d=mm&r=g\",\"url\":\"https:\\\/\\\/secure.gravatar.com\\\/avatar\\\/966e5ed73cad334adda5c87f49f2547f7082f7292c1b627cbb548744383b391c?s=96&d=mm&r=g\",\"contentUrl\":\"https:\\\/\\\/secure.gravatar.com\\\/avatar\\\/966e5ed73cad334adda5c87f49f2547f7082f7292c1b627cbb548744383b391c?s=96&d=mm&r=g\",\"caption\":\"ayuntamiento\"}}]}<\/script>\n<!-- \/ Yoast SEO plugin. -->","yoast_head_json":{"title":"La X Media Marat\u00f3n \"Ciudad de Coria\" se celebrar\u00e1 el d\u00eda 21 de abril con novedades - Ayuntamiento de Coria","robots":{"index":"index","follow":"follow","max-snippet":"max-snippet:-1","max-image-preview":"max-image-preview:large","max-video-preview":"max-video-preview:-1"},"canonical":"https:\/\/coria.org\/ayuntamiento\/index.php\/2018\/02\/16\/la-x-media-maraton-ciudad-de-coria-se-celebrara-el-dia-21-de-abril-con-novedades-3\/","og_locale":"es_ES","og_type":"article","og_title":"La X Media Marat\u00f3n \"Ciudad de Coria\" se celebrar\u00e1 el d\u00eda 21 de abril con novedades - Ayuntamiento de Coria","og_description":"La Concejal\u00eda de Deportes del Ayuntamiento de Coria y el Club Atletismo Coria, ya est\u00e1n inmersos en la organizaci\u00f3n de la X edici\u00f3n de la Media Marat\u00f3n \u00abCiudad de Coria\u00bb que tendr\u00e1 lugar el d\u00eda 21 de abril de 2018, a partir de las 18.30h. La prueba, como desde sus inicios, forma parte del Circuito [&hellip;]","og_url":"https:\/\/coria.org\/ayuntamiento\/index.php\/2018\/02\/16\/la-x-media-maraton-ciudad-de-coria-se-celebrara-el-dia-21-de-abril-con-novedades-3\/","og_site_name":"Ayuntamiento de Coria","article_publisher":"https:\/\/www.facebook.com\/Ayuntamiento.de.Coria","article_published_time":"2018-02-16T00:00:00+00:00","article_modified_time":"2023-09-18T10:34:47+00:00","og_image":[{"width":800,"height":474,"url":"https:\/\/coria.org\/ayuntamiento\/wp-content\/uploads\/2022\/02\/image-268.jpeg","type":"image\/jpeg"}],"author":"ayuntamiento","twitter_card":"summary_large_image","twitter_creator":"@Ayto_de_Coria","twitter_site":"@Ayto_de_Coria","twitter_misc":{"Escrito por":"ayuntamiento","Tiempo de lectura":"1 minuto"},"schema":{"@context":"https:\/\/schema.org","@graph":[{"@type":"Article","@id":"https:\/\/coria.org\/ayuntamiento\/index.php\/2018\/02\/16\/la-x-media-maraton-ciudad-de-coria-se-celebrara-el-dia-21-de-abril-con-novedades-3\/#article","isPartOf":{"@id":"https:\/\/coria.org\/ayuntamiento\/index.php\/2018\/02\/16\/la-x-media-maraton-ciudad-de-coria-se-celebrara-el-dia-21-de-abril-con-novedades-3\/"},"author":{"name":"ayuntamiento","@id":"https:\/\/coria.org\/ayuntamiento\/#\/schema\/person\/8bd589f0e13e8ae5aa06def7a599d622"},"headline":"La X Media Marat\u00f3n \u00abCiudad de Coria\u00bb se celebrar\u00e1 el d\u00eda 21 de abril con novedades","datePublished":"2018-02-16T00:00:00+00:00","dateModified":"2023-09-18T10:34:47+00:00","mainEntityOfPage":{"@id":"https:\/\/coria.org\/ayuntamiento\/index.php\/2018\/02\/16\/la-x-media-maraton-ciudad-de-coria-se-celebrara-el-dia-21-de-abril-con-novedades-3\/"},"wordCount":314,"publisher":{"@id":"https:\/\/coria.org\/ayuntamiento\/#organization"},"image":{"@id":"https:\/\/coria.org\/ayuntamiento\/index.php\/2018\/02\/16\/la-x-media-maraton-ciudad-de-coria-se-celebrara-el-dia-21-de-abril-con-novedades-3\/#primaryimage"},"thumbnailUrl":"https:\/\/coria.org\/ayuntamiento\/wp-content\/uploads\/2022\/02\/image-268.jpeg","keywords":["coria","extremadura"],"articleSection":["Noticias"],"inLanguage":"es"},{"@type":"WebPage","@id":"https:\/\/coria.org\/ayuntamiento\/index.php\/2018\/02\/16\/la-x-media-maraton-ciudad-de-coria-se-celebrara-el-dia-21-de-abril-con-novedades-3\/","url":"https:\/\/coria.org\/ayuntamiento\/index.php\/2018\/02\/16\/la-x-media-maraton-ciudad-de-coria-se-celebrara-el-dia-21-de-abril-con-novedades-3\/","name":"La X Media Marat\u00f3n \"Ciudad de Coria\" se celebrar\u00e1 el d\u00eda 21 de abril con novedades - Ayuntamiento de Coria","isPartOf":{"@id":"https:\/\/coria.org\/ayuntamiento\/#website"},"primaryImageOfPage":{"@id":"https:\/\/coria.org\/ayuntamiento\/index.php\/2018\/02\/16\/la-x-media-maraton-ciudad-de-coria-se-celebrara-el-dia-21-de-abril-con-novedades-3\/#primaryimage"},"image":{"@id":"https:\/\/coria.org\/ayuntamiento\/index.php\/2018\/02\/16\/la-x-media-maraton-ciudad-de-coria-se-celebrara-el-dia-21-de-abril-con-novedades-3\/#primaryimage"},"thumbnailUrl":"https:\/\/coria.org\/ayuntamiento\/wp-content\/uploads\/2022\/02\/image-268.jpeg","datePublished":"2018-02-16T00:00:00+00:00","dateModified":"2023-09-18T10:34:47+00:00","breadcrumb":{"@id":"https:\/\/coria.org\/ayuntamiento\/index.php\/2018\/02\/16\/la-x-media-maraton-ciudad-de-coria-se-celebrara-el-dia-21-de-abril-con-novedades-3\/#breadcrumb"},"inLanguage":"es","potentialAction":[{"@type":"ReadAction","target":["https:\/\/coria.org\/ayuntamiento\/index.php\/2018\/02\/16\/la-x-media-maraton-ciudad-de-coria-se-celebrara-el-dia-21-de-abril-con-novedades-3\/"]}]},{"@type":"ImageObject","inLanguage":"es","@id":"https:\/\/coria.org\/ayuntamiento\/index.php\/2018\/02\/16\/la-x-media-maraton-ciudad-de-coria-se-celebrara-el-dia-21-de-abril-con-novedades-3\/#primaryimage","url":"https:\/\/coria.org\/ayuntamiento\/wp-content\/uploads\/2022\/02\/image-268.jpeg","contentUrl":"https:\/\/coria.org\/ayuntamiento\/wp-content\/uploads\/2022\/02\/image-268.jpeg","width":800,"height":474},{"@type":"BreadcrumbList","@id":"https:\/\/coria.org\/ayuntamiento\/index.php\/2018\/02\/16\/la-x-media-maraton-ciudad-de-coria-se-celebrara-el-dia-21-de-abril-con-novedades-3\/#breadcrumb","itemListElement":[{"@type":"ListItem","position":1,"name":"Inicio","item":"https:\/\/coria.org\/ayuntamiento\/"},{"@type":"ListItem","position":2,"name":"La X Media Marat\u00f3n \u00abCiudad de Coria\u00bb se celebrar\u00e1 el d\u00eda 21 de abril con novedades"}]},{"@type":"WebSite","@id":"https:\/\/coria.org\/ayuntamiento\/#website","url":"https:\/\/coria.org\/ayuntamiento\/","name":"Ayuntamiento de Coria","description":"Web oficial del Ayuntamiento de Coria","publisher":{"@id":"https:\/\/coria.org\/ayuntamiento\/#organization"},"alternateName":"Web Oficial del Ayuntamiento de Coria","potentialAction":[{"@type":"SearchAction","target":{"@type":"EntryPoint","urlTemplate":"https:\/\/coria.org\/ayuntamiento\/?s={search_term_string}"},"query-input":{"@type":"PropertyValueSpecification","valueRequired":true,"valueName":"search_term_string"}}],"inLanguage":"es"},{"@type":"Organization","@id":"https:\/\/coria.org\/ayuntamiento\/#organization","name":"Ayuntamiento de Coria","alternateName":"Ayto de Coria","url":"https:\/\/coria.org\/ayuntamiento\/","logo":{"@type":"ImageObject","inLanguage":"es","@id":"https:\/\/coria.org\/ayuntamiento\/#\/schema\/logo\/image\/","url":"https:\/\/coria.org\/ayuntamiento\/wp-content\/uploads\/2020\/12\/escudo-ayuntamiento-coria.png","contentUrl":"https:\/\/coria.org\/ayuntamiento\/wp-content\/uploads\/2020\/12\/escudo-ayuntamiento-coria.png","width":511,"height":240,"caption":"Ayuntamiento de Coria"},"image":{"@id":"https:\/\/coria.org\/ayuntamiento\/#\/schema\/logo\/image\/"},"sameAs":["https:\/\/www.facebook.com\/Ayuntamiento.de.Coria","https:\/\/x.com\/Ayto_de_Coria","https:\/\/www.instagram.com\/coria.ayuntamiento\/","https:\/\/www.youtube.com\/user\/AYUNTAMIENTOCORIA"]},{"@type":"Person","@id":"https:\/\/coria.org\/ayuntamiento\/#\/schema\/person\/8bd589f0e13e8ae5aa06def7a599d622","name":"ayuntamiento","image":{"@type":"ImageObject","inLanguage":"es","@id":"https:\/\/secure.gravatar.com\/avatar\/966e5ed73cad334adda5c87f49f2547f7082f7292c1b627cbb548744383b391c?s=96&d=mm&r=g","url":"https:\/\/secure.gravatar.com\/avatar\/966e5ed73cad334adda5c87f49f2547f7082f7292c1b627cbb548744383b391c?s=96&d=mm&r=g","contentUrl":"https:\/\/secure.gravatar.com\/avatar\/966e5ed73cad334adda5c87f49f2547f7082f7292c1b627cbb548744383b391c?s=96&d=mm&r=g","caption":"ayuntamiento"}}]}},"uagb_featured_image_src":{"full":["https:\/\/coria.org\/ayuntamiento\/wp-content\/uploads\/2022\/02\/image-268.jpeg",800,474,false],"thumbnail":["https:\/\/coria.org\/ayuntamiento\/wp-content\/uploads\/2022\/02\/image-268-150x150.jpeg",150,150,true],"medium":["https:\/\/coria.org\/ayuntamiento\/wp-content\/uploads\/2022\/02\/image-268-300x178.jpeg",300,178,true],"medium_large":["https:\/\/coria.org\/ayuntamiento\/wp-content\/uploads\/2022\/02\/image-268-768x455.jpeg",768,455,true],"large":["https:\/\/coria.org\/ayuntamiento\/wp-content\/uploads\/2022\/02\/image-268.jpeg",800,474,false],"thumblist":["https:\/\/coria.org\/ayuntamiento\/wp-content\/uploads\/2022\/02\/image-268.jpeg",300,178,false],"thumbrelated":["https:\/\/coria.org\/ayuntamiento\/wp-content\/uploads\/2022\/02\/image-268.jpeg",500,296,false],"meccarouselthumb":["https:\/\/coria.org\/ayuntamiento\/wp-content\/uploads\/2022\/02\/image-268.jpeg",474,281,false],"gridsquare":["https:\/\/coria.org\/ayuntamiento\/wp-content\/uploads\/2022\/02\/image-268.jpeg",391,232,false],"tileview":["https:\/\/coria.org\/ayuntamiento\/wp-content\/uploads\/2022\/02\/image-268.jpeg",300,178,false],"1536x1536":["https:\/\/coria.org\/ayuntamiento\/wp-content\/uploads\/2022\/02\/image-268.jpeg",800,474,false],"2048x2048":["https:\/\/coria.org\/ayuntamiento\/wp-content\/uploads\/2022\/02\/image-268.jpeg",800,474,false]},"uagb_author_info":{"display_name":"ayuntamiento","author_link":"https:\/\/coria.org\/ayuntamiento\/index.php\/author\/ayuntamiento\/"},"uagb_comment_info":0,"uagb_excerpt":"La Concejal\u00eda de Deportes del Ayuntamiento de Coria y el Club Atletismo Coria, ya est\u00e1n inmersos en la organizaci\u00f3n de la X edici\u00f3n de la Media Marat\u00f3n \u00abCiudad de Coria\u00bb que tendr\u00e1 lugar el d\u00eda 21 de abril de 2018, a partir de las 18.30h. La prueba, como desde sus inicios, forma parte del Circuito&hellip;","_links":{"self":[{"href":"https:\/\/coria.org\/ayuntamiento\/index.php\/wp-json\/wp\/v2\/posts\/35551","targetHints":{"allow":["GET"]}}],"collection":[{"href":"https:\/\/coria.org\/ayuntamiento\/index.php\/wp-json\/wp\/v2\/posts"}],"about":[{"href":"https:\/\/coria.org\/ayuntamiento\/index.php\/wp-json\/wp\/v2\/types\/post"}],"author":[{"embeddable":true,"href":"https:\/\/coria.org\/ayuntamiento\/index.php\/wp-json\/wp\/v2\/users\/2"}],"replies":[{"embeddable":true,"href":"https:\/\/coria.org\/ayuntamiento\/index.php\/wp-json\/wp\/v2\/comments?post=35551"}],"version-history":[{"count":0,"href":"https:\/\/coria.org\/ayuntamiento\/index.php\/wp-json\/wp\/v2\/posts\/35551\/revisions"}],"wp:featuredmedia":[{"embeddable":true,"href":"https:\/\/coria.org\/ayuntamiento\/index.php\/wp-json\/wp\/v2\/media\/28276"}],"wp:attachment":[{"href":"https:\/\/coria.org\/ayuntamiento\/index.php\/wp-json\/wp\/v2\/media?parent=35551"}],"wp:term":[{"taxonomy":"category","embeddable":true,"href":"https:\/\/coria.org\/ayuntamiento\/index.php\/wp-json\/wp\/v2\/categories?post=35551"},{"taxonomy":"post_tag","embeddable":true,"href":"https:\/\/coria.org\/ayuntamiento\/index.php\/wp-json\/wp\/v2\/tags?post=35551"}],"curies":[{"name":"wp","href":"https:\/\/api.w.org\/{rel}","templated":true}]}}