{"id":35311,"date":"2014-08-15T00:00:00","date_gmt":"2014-08-15T00:00:00","guid":{"rendered":"https:\/\/ayuntamiento.coriaenimagenes.com\/finalizado-el-1o-concurso-de-triples-para-todos-3\/"},"modified":"2023-09-18T12:39:51","modified_gmt":"2023-09-18T10:39:51","slug":"finalizado-el-1o-concurso-de-triples-para-todos-3","status":"publish","type":"post","link":"https:\/\/coria.org\/ayuntamiento\/index.php\/2014\/08\/15\/finalizado-el-1o-concurso-de-triples-para-todos-3\/","title":{"rendered":"Finalizado el 1\u00ba Concurso de Triples \u00abPara Todos\u00bb"},"content":{"rendered":"\n<p><b>El mi\u00e9rcoles 13 de agosto tuvo lugar el I Concurso \u00abTriples para todos\u00bb, que se celebr\u00f3 en la Plaza de la Paz entre las 11:00 y 13:00 horas.<\/b><\/p>\n\n<figure class=\"wp-block-post-featured-image\"><img loading=\"lazy\" decoding=\"async\" width=\"705\" height=\"529\" src=\"https:\/\/coria.org\/ayuntamiento\/wp-content\/uploads\/2014\/08\/14923677645_9cbb2e3b5b_o.jpg\" class=\"attachment-post-thumbnail size-post-thumbnail wp-post-image\" alt=\"\" style=\"object-fit:cover;\" srcset=\"https:\/\/coria.org\/ayuntamiento\/wp-content\/uploads\/2014\/08\/14923677645_9cbb2e3b5b_o.jpg 705w, https:\/\/coria.org\/ayuntamiento\/wp-content\/uploads\/2014\/08\/14923677645_9cbb2e3b5b_o-300x225.jpg 300w\" sizes=\"auto, (max-width: 705px) 100vw, 705px\" \/><\/figure>\n\n<p><\/p>\n\n\n<p><span style=\"font-family: verdana,arial,helvetica,sans-serif; font-size: small;\">La actividad estaba organizada por la Asociaci\u00f3n Deportiva Caurium, contando con la colaboraci\u00f3n de la Concejal\u00eda de Deportes del Ayuntamiento de Coria, enmarc\u00e1ndose el concurso en el programa de actividades deportivas que se celebran esta semana en torno al Jueves Tur\u00edstico.<\/span><\/p>\n\n\n<p><span style=\"font-family: verdana,arial,helvetica,sans-serif; font-size: small;\">El concurso se plante\u00f3 con la idea de acercar el baloncesto a la gente de la calle, estableci\u00e9ndolo en un sitio c\u00e9ntrico de la localidad, siendo la inscripci\u00f3n gratuita y abierta a todos los que quisieran participar. Se establecieron dos categor\u00edas, menores de 14 a\u00f1os y mayores de 14 a\u00f1os, utilizando los primeros una canasta de minibasket reglamentaria y los mayores una de categor\u00eda s\u00e9nior.<\/span><\/p>\n\n\n<p><span style=\"font-family: verdana,arial,helvetica,sans-serif; font-size: small;\">El sistema de competici\u00f3n consisti\u00f3 en dos rondas de 10 tiros que se iban sumando hasta llegar a las dos \u00faltimas rondas, donde solo acced\u00edan los m\u00e1ximos anotadores, jug\u00e1ndose la final del concurso.<\/span><\/p>\n\n\n<p><span style=\"font-family: verdana,arial,helvetica,sans-serif; font-size: small;\">Los ganadores fueron Alejandro D\u00edaz Bueso, en la categor\u00eda de menores de 14 a\u00f1os, y Manuel Mac\u00edas, en la categor\u00eda de mayores de 14 a\u00f1os. Los trofeos, aportados por el Ayuntamiento de Coria, fueron entregados por Pedro Antonio Montecino Sierro, Presidente de la Asociaci\u00f3n Deportiva Caurium.<\/span><\/p>\n\n\n<p><span style=\"font-family: verdana,arial,helvetica,sans-serif; font-size: small;\">En total participaron 32 personas en el concurso de triples. En la categor\u00eda de mayores de 14 a\u00f1os participaron 17 personas, con edades entre los 16 y 45 a\u00f1os, siendo dos de los participantes mujeres.<\/span><\/p>\n\n\n<p><span style=\"font-family: verdana,arial,helvetica,sans-serif; font-size: small;\">En la categor\u00eda de menores de 14 a\u00f1os participaron 15 personas, con edades comprendidas entre los 6 y 13 a\u00f1os, siendo dos de los participantes ni\u00f1as.<\/span><\/p>\n","protected":false},"excerpt":{"rendered":"<p>El mi\u00e9rcoles 13 de agosto tuvo lugar el I Concurso \u00abTriples para todos\u00bb, que se celebr\u00f3 en la Plaza de la Paz entre las 11:00 y 13:00 horas. La actividad estaba organizada por la Asociaci\u00f3n Deportiva Caurium, contando con la colaboraci\u00f3n de la Concejal\u00eda de Deportes del Ayuntamiento de Coria, enmarc\u00e1ndose el concurso en el [&hellip;]<\/p>\n","protected":false},"author":2,"featured_media":31097,"comment_status":"closed","ping_status":"closed","sticky":false,"template":"","format":"standard","meta":{"_uag_custom_page_level_css":"","footnotes":""},"categories":[2],"tags":[3,4],"class_list":["post-35311","post","type-post","status-publish","format-standard","has-post-thumbnail","hentry","category-noticias","tag-coria","tag-extremadura"],"yoast_head":"<!-- This site is optimized with the Yoast SEO plugin v27.4 - https:\/\/yoast.com\/product\/yoast-seo-wordpress\/ -->\n<title>Finalizado el 1\u00ba Concurso de Triples &quot;Para Todos&quot; - Ayuntamiento de Coria<\/title>\n<meta name=\"robots\" content=\"index, follow, max-snippet:-1, max-image-preview:large, max-video-preview:-1\" \/>\n<link rel=\"canonical\" href=\"https:\/\/coria.org\/ayuntamiento\/index.php\/2014\/08\/15\/finalizado-el-1o-concurso-de-triples-para-todos-3\/\" \/>\n<meta property=\"og:locale\" content=\"es_ES\" \/>\n<meta property=\"og:type\" content=\"article\" \/>\n<meta property=\"og:title\" content=\"Finalizado el 1\u00ba Concurso de Triples &quot;Para Todos&quot; - Ayuntamiento de Coria\" \/>\n<meta property=\"og:description\" content=\"El mi\u00e9rcoles 13 de agosto tuvo lugar el I Concurso \u00abTriples para todos\u00bb, que se celebr\u00f3 en la Plaza de la Paz entre las 11:00 y 13:00 horas. La actividad estaba organizada por la Asociaci\u00f3n Deportiva Caurium, contando con la colaboraci\u00f3n de la Concejal\u00eda de Deportes del Ayuntamiento de Coria, enmarc\u00e1ndose el concurso en el [&hellip;]\" \/>\n<meta property=\"og:url\" content=\"https:\/\/coria.org\/ayuntamiento\/index.php\/2014\/08\/15\/finalizado-el-1o-concurso-de-triples-para-todos-3\/\" \/>\n<meta property=\"og:site_name\" content=\"Ayuntamiento de Coria\" \/>\n<meta property=\"article:publisher\" content=\"https:\/\/www.facebook.com\/Ayuntamiento.de.Coria\" \/>\n<meta property=\"article:published_time\" content=\"2014-08-15T00:00:00+00:00\" \/>\n<meta property=\"article:modified_time\" content=\"2023-09-18T10:39:51+00:00\" \/>\n<meta property=\"og:image\" content=\"https:\/\/coria.org\/ayuntamiento\/wp-content\/uploads\/2014\/08\/14923677645_9cbb2e3b5b_o.jpg\" \/>\n\t<meta property=\"og:image:width\" content=\"705\" \/>\n\t<meta property=\"og:image:height\" content=\"529\" \/>\n\t<meta property=\"og:image:type\" content=\"image\/jpeg\" \/>\n<meta name=\"author\" content=\"ayuntamiento\" \/>\n<meta name=\"twitter:card\" content=\"summary_large_image\" \/>\n<meta name=\"twitter:creator\" content=\"@Ayto_de_Coria\" \/>\n<meta name=\"twitter:site\" content=\"@Ayto_de_Coria\" \/>\n<meta name=\"twitter:label1\" content=\"Escrito por\" \/>\n\t<meta name=\"twitter:data1\" content=\"ayuntamiento\" \/>\n\t<meta name=\"twitter:label2\" content=\"Tiempo de lectura\" \/>\n\t<meta name=\"twitter:data2\" content=\"1 minuto\" \/>\n<script type=\"application\/ld+json\" class=\"yoast-schema-graph\">{\"@context\":\"https:\\\/\\\/schema.org\",\"@graph\":[{\"@type\":\"Article\",\"@id\":\"https:\\\/\\\/coria.org\\\/ayuntamiento\\\/index.php\\\/2014\\\/08\\\/15\\\/finalizado-el-1o-concurso-de-triples-para-todos-3\\\/#article\",\"isPartOf\":{\"@id\":\"https:\\\/\\\/coria.org\\\/ayuntamiento\\\/index.php\\\/2014\\\/08\\\/15\\\/finalizado-el-1o-concurso-de-triples-para-todos-3\\\/\"},\"author\":{\"name\":\"ayuntamiento\",\"@id\":\"https:\\\/\\\/coria.org\\\/ayuntamiento\\\/#\\\/schema\\\/person\\\/8bd589f0e13e8ae5aa06def7a599d622\"},\"headline\":\"Finalizado el 1\u00ba Concurso de Triples \u00abPara Todos\u00bb\",\"datePublished\":\"2014-08-15T00:00:00+00:00\",\"dateModified\":\"2023-09-18T10:39:51+00:00\",\"mainEntityOfPage\":{\"@id\":\"https:\\\/\\\/coria.org\\\/ayuntamiento\\\/index.php\\\/2014\\\/08\\\/15\\\/finalizado-el-1o-concurso-de-triples-para-todos-3\\\/\"},\"wordCount\":296,\"publisher\":{\"@id\":\"https:\\\/\\\/coria.org\\\/ayuntamiento\\\/#organization\"},\"image\":{\"@id\":\"https:\\\/\\\/coria.org\\\/ayuntamiento\\\/index.php\\\/2014\\\/08\\\/15\\\/finalizado-el-1o-concurso-de-triples-para-todos-3\\\/#primaryimage\"},\"thumbnailUrl\":\"https:\\\/\\\/coria.org\\\/ayuntamiento\\\/wp-content\\\/uploads\\\/2014\\\/08\\\/14923677645_9cbb2e3b5b_o.jpg\",\"keywords\":[\"coria\",\"extremadura\"],\"articleSection\":[\"Noticias\"],\"inLanguage\":\"es\"},{\"@type\":\"WebPage\",\"@id\":\"https:\\\/\\\/coria.org\\\/ayuntamiento\\\/index.php\\\/2014\\\/08\\\/15\\\/finalizado-el-1o-concurso-de-triples-para-todos-3\\\/\",\"url\":\"https:\\\/\\\/coria.org\\\/ayuntamiento\\\/index.php\\\/2014\\\/08\\\/15\\\/finalizado-el-1o-concurso-de-triples-para-todos-3\\\/\",\"name\":\"Finalizado el 1\u00ba Concurso de Triples \\\"Para Todos\\\" - Ayuntamiento de Coria\",\"isPartOf\":{\"@id\":\"https:\\\/\\\/coria.org\\\/ayuntamiento\\\/#website\"},\"primaryImageOfPage\":{\"@id\":\"https:\\\/\\\/coria.org\\\/ayuntamiento\\\/index.php\\\/2014\\\/08\\\/15\\\/finalizado-el-1o-concurso-de-triples-para-todos-3\\\/#primaryimage\"},\"image\":{\"@id\":\"https:\\\/\\\/coria.org\\\/ayuntamiento\\\/index.php\\\/2014\\\/08\\\/15\\\/finalizado-el-1o-concurso-de-triples-para-todos-3\\\/#primaryimage\"},\"thumbnailUrl\":\"https:\\\/\\\/coria.org\\\/ayuntamiento\\\/wp-content\\\/uploads\\\/2014\\\/08\\\/14923677645_9cbb2e3b5b_o.jpg\",\"datePublished\":\"2014-08-15T00:00:00+00:00\",\"dateModified\":\"2023-09-18T10:39:51+00:00\",\"breadcrumb\":{\"@id\":\"https:\\\/\\\/coria.org\\\/ayuntamiento\\\/index.php\\\/2014\\\/08\\\/15\\\/finalizado-el-1o-concurso-de-triples-para-todos-3\\\/#breadcrumb\"},\"inLanguage\":\"es\",\"potentialAction\":[{\"@type\":\"ReadAction\",\"target\":[\"https:\\\/\\\/coria.org\\\/ayuntamiento\\\/index.php\\\/2014\\\/08\\\/15\\\/finalizado-el-1o-concurso-de-triples-para-todos-3\\\/\"]}]},{\"@type\":\"ImageObject\",\"inLanguage\":\"es\",\"@id\":\"https:\\\/\\\/coria.org\\\/ayuntamiento\\\/index.php\\\/2014\\\/08\\\/15\\\/finalizado-el-1o-concurso-de-triples-para-todos-3\\\/#primaryimage\",\"url\":\"https:\\\/\\\/coria.org\\\/ayuntamiento\\\/wp-content\\\/uploads\\\/2014\\\/08\\\/14923677645_9cbb2e3b5b_o.jpg\",\"contentUrl\":\"https:\\\/\\\/coria.org\\\/ayuntamiento\\\/wp-content\\\/uploads\\\/2014\\\/08\\\/14923677645_9cbb2e3b5b_o.jpg\",\"width\":705,\"height\":529},{\"@type\":\"BreadcrumbList\",\"@id\":\"https:\\\/\\\/coria.org\\\/ayuntamiento\\\/index.php\\\/2014\\\/08\\\/15\\\/finalizado-el-1o-concurso-de-triples-para-todos-3\\\/#breadcrumb\",\"itemListElement\":[{\"@type\":\"ListItem\",\"position\":1,\"name\":\"Inicio\",\"item\":\"https:\\\/\\\/coria.org\\\/ayuntamiento\\\/\"},{\"@type\":\"ListItem\",\"position\":2,\"name\":\"Finalizado el 1\u00ba Concurso de Triples \u00abPara Todos\u00bb\"}]},{\"@type\":\"WebSite\",\"@id\":\"https:\\\/\\\/coria.org\\\/ayuntamiento\\\/#website\",\"url\":\"https:\\\/\\\/coria.org\\\/ayuntamiento\\\/\",\"name\":\"Ayuntamiento de Coria\",\"description\":\"Web oficial del Ayuntamiento de Coria\",\"publisher\":{\"@id\":\"https:\\\/\\\/coria.org\\\/ayuntamiento\\\/#organization\"},\"alternateName\":\"Web Oficial del Ayuntamiento de Coria\",\"potentialAction\":[{\"@type\":\"SearchAction\",\"target\":{\"@type\":\"EntryPoint\",\"urlTemplate\":\"https:\\\/\\\/coria.org\\\/ayuntamiento\\\/?s={search_term_string}\"},\"query-input\":{\"@type\":\"PropertyValueSpecification\",\"valueRequired\":true,\"valueName\":\"search_term_string\"}}],\"inLanguage\":\"es\"},{\"@type\":\"Organization\",\"@id\":\"https:\\\/\\\/coria.org\\\/ayuntamiento\\\/#organization\",\"name\":\"Ayuntamiento de Coria\",\"alternateName\":\"Ayto de Coria\",\"url\":\"https:\\\/\\\/coria.org\\\/ayuntamiento\\\/\",\"logo\":{\"@type\":\"ImageObject\",\"inLanguage\":\"es\",\"@id\":\"https:\\\/\\\/coria.org\\\/ayuntamiento\\\/#\\\/schema\\\/logo\\\/image\\\/\",\"url\":\"https:\\\/\\\/coria.org\\\/ayuntamiento\\\/wp-content\\\/uploads\\\/2020\\\/12\\\/escudo-ayuntamiento-coria.png\",\"contentUrl\":\"https:\\\/\\\/coria.org\\\/ayuntamiento\\\/wp-content\\\/uploads\\\/2020\\\/12\\\/escudo-ayuntamiento-coria.png\",\"width\":511,\"height\":240,\"caption\":\"Ayuntamiento de Coria\"},\"image\":{\"@id\":\"https:\\\/\\\/coria.org\\\/ayuntamiento\\\/#\\\/schema\\\/logo\\\/image\\\/\"},\"sameAs\":[\"https:\\\/\\\/www.facebook.com\\\/Ayuntamiento.de.Coria\",\"https:\\\/\\\/x.com\\\/Ayto_de_Coria\",\"https:\\\/\\\/www.instagram.com\\\/coria.ayuntamiento\\\/\",\"https:\\\/\\\/www.youtube.com\\\/user\\\/AYUNTAMIENTOCORIA\"]},{\"@type\":\"Person\",\"@id\":\"https:\\\/\\\/coria.org\\\/ayuntamiento\\\/#\\\/schema\\\/person\\\/8bd589f0e13e8ae5aa06def7a599d622\",\"name\":\"ayuntamiento\",\"image\":{\"@type\":\"ImageObject\",\"inLanguage\":\"es\",\"@id\":\"https:\\\/\\\/secure.gravatar.com\\\/avatar\\\/966e5ed73cad334adda5c87f49f2547f7082f7292c1b627cbb548744383b391c?s=96&d=mm&r=g\",\"url\":\"https:\\\/\\\/secure.gravatar.com\\\/avatar\\\/966e5ed73cad334adda5c87f49f2547f7082f7292c1b627cbb548744383b391c?s=96&d=mm&r=g\",\"contentUrl\":\"https:\\\/\\\/secure.gravatar.com\\\/avatar\\\/966e5ed73cad334adda5c87f49f2547f7082f7292c1b627cbb548744383b391c?s=96&d=mm&r=g\",\"caption\":\"ayuntamiento\"}}]}<\/script>\n<!-- \/ Yoast SEO plugin. -->","yoast_head_json":{"title":"Finalizado el 1\u00ba Concurso de Triples \"Para Todos\" - Ayuntamiento de Coria","robots":{"index":"index","follow":"follow","max-snippet":"max-snippet:-1","max-image-preview":"max-image-preview:large","max-video-preview":"max-video-preview:-1"},"canonical":"https:\/\/coria.org\/ayuntamiento\/index.php\/2014\/08\/15\/finalizado-el-1o-concurso-de-triples-para-todos-3\/","og_locale":"es_ES","og_type":"article","og_title":"Finalizado el 1\u00ba Concurso de Triples \"Para Todos\" - Ayuntamiento de Coria","og_description":"El mi\u00e9rcoles 13 de agosto tuvo lugar el I Concurso \u00abTriples para todos\u00bb, que se celebr\u00f3 en la Plaza de la Paz entre las 11:00 y 13:00 horas. La actividad estaba organizada por la Asociaci\u00f3n Deportiva Caurium, contando con la colaboraci\u00f3n de la Concejal\u00eda de Deportes del Ayuntamiento de Coria, enmarc\u00e1ndose el concurso en el [&hellip;]","og_url":"https:\/\/coria.org\/ayuntamiento\/index.php\/2014\/08\/15\/finalizado-el-1o-concurso-de-triples-para-todos-3\/","og_site_name":"Ayuntamiento de Coria","article_publisher":"https:\/\/www.facebook.com\/Ayuntamiento.de.Coria","article_published_time":"2014-08-15T00:00:00+00:00","article_modified_time":"2023-09-18T10:39:51+00:00","og_image":[{"width":705,"height":529,"url":"https:\/\/coria.org\/ayuntamiento\/wp-content\/uploads\/2014\/08\/14923677645_9cbb2e3b5b_o.jpg","type":"image\/jpeg"}],"author":"ayuntamiento","twitter_card":"summary_large_image","twitter_creator":"@Ayto_de_Coria","twitter_site":"@Ayto_de_Coria","twitter_misc":{"Escrito por":"ayuntamiento","Tiempo de lectura":"1 minuto"},"schema":{"@context":"https:\/\/schema.org","@graph":[{"@type":"Article","@id":"https:\/\/coria.org\/ayuntamiento\/index.php\/2014\/08\/15\/finalizado-el-1o-concurso-de-triples-para-todos-3\/#article","isPartOf":{"@id":"https:\/\/coria.org\/ayuntamiento\/index.php\/2014\/08\/15\/finalizado-el-1o-concurso-de-triples-para-todos-3\/"},"author":{"name":"ayuntamiento","@id":"https:\/\/coria.org\/ayuntamiento\/#\/schema\/person\/8bd589f0e13e8ae5aa06def7a599d622"},"headline":"Finalizado el 1\u00ba Concurso de Triples \u00abPara Todos\u00bb","datePublished":"2014-08-15T00:00:00+00:00","dateModified":"2023-09-18T10:39:51+00:00","mainEntityOfPage":{"@id":"https:\/\/coria.org\/ayuntamiento\/index.php\/2014\/08\/15\/finalizado-el-1o-concurso-de-triples-para-todos-3\/"},"wordCount":296,"publisher":{"@id":"https:\/\/coria.org\/ayuntamiento\/#organization"},"image":{"@id":"https:\/\/coria.org\/ayuntamiento\/index.php\/2014\/08\/15\/finalizado-el-1o-concurso-de-triples-para-todos-3\/#primaryimage"},"thumbnailUrl":"https:\/\/coria.org\/ayuntamiento\/wp-content\/uploads\/2014\/08\/14923677645_9cbb2e3b5b_o.jpg","keywords":["coria","extremadura"],"articleSection":["Noticias"],"inLanguage":"es"},{"@type":"WebPage","@id":"https:\/\/coria.org\/ayuntamiento\/index.php\/2014\/08\/15\/finalizado-el-1o-concurso-de-triples-para-todos-3\/","url":"https:\/\/coria.org\/ayuntamiento\/index.php\/2014\/08\/15\/finalizado-el-1o-concurso-de-triples-para-todos-3\/","name":"Finalizado el 1\u00ba Concurso de Triples \"Para Todos\" - Ayuntamiento de Coria","isPartOf":{"@id":"https:\/\/coria.org\/ayuntamiento\/#website"},"primaryImageOfPage":{"@id":"https:\/\/coria.org\/ayuntamiento\/index.php\/2014\/08\/15\/finalizado-el-1o-concurso-de-triples-para-todos-3\/#primaryimage"},"image":{"@id":"https:\/\/coria.org\/ayuntamiento\/index.php\/2014\/08\/15\/finalizado-el-1o-concurso-de-triples-para-todos-3\/#primaryimage"},"thumbnailUrl":"https:\/\/coria.org\/ayuntamiento\/wp-content\/uploads\/2014\/08\/14923677645_9cbb2e3b5b_o.jpg","datePublished":"2014-08-15T00:00:00+00:00","dateModified":"2023-09-18T10:39:51+00:00","breadcrumb":{"@id":"https:\/\/coria.org\/ayuntamiento\/index.php\/2014\/08\/15\/finalizado-el-1o-concurso-de-triples-para-todos-3\/#breadcrumb"},"inLanguage":"es","potentialAction":[{"@type":"ReadAction","target":["https:\/\/coria.org\/ayuntamiento\/index.php\/2014\/08\/15\/finalizado-el-1o-concurso-de-triples-para-todos-3\/"]}]},{"@type":"ImageObject","inLanguage":"es","@id":"https:\/\/coria.org\/ayuntamiento\/index.php\/2014\/08\/15\/finalizado-el-1o-concurso-de-triples-para-todos-3\/#primaryimage","url":"https:\/\/coria.org\/ayuntamiento\/wp-content\/uploads\/2014\/08\/14923677645_9cbb2e3b5b_o.jpg","contentUrl":"https:\/\/coria.org\/ayuntamiento\/wp-content\/uploads\/2014\/08\/14923677645_9cbb2e3b5b_o.jpg","width":705,"height":529},{"@type":"BreadcrumbList","@id":"https:\/\/coria.org\/ayuntamiento\/index.php\/2014\/08\/15\/finalizado-el-1o-concurso-de-triples-para-todos-3\/#breadcrumb","itemListElement":[{"@type":"ListItem","position":1,"name":"Inicio","item":"https:\/\/coria.org\/ayuntamiento\/"},{"@type":"ListItem","position":2,"name":"Finalizado el 1\u00ba Concurso de Triples \u00abPara Todos\u00bb"}]},{"@type":"WebSite","@id":"https:\/\/coria.org\/ayuntamiento\/#website","url":"https:\/\/coria.org\/ayuntamiento\/","name":"Ayuntamiento de Coria","description":"Web oficial del Ayuntamiento de Coria","publisher":{"@id":"https:\/\/coria.org\/ayuntamiento\/#organization"},"alternateName":"Web Oficial del Ayuntamiento de Coria","potentialAction":[{"@type":"SearchAction","target":{"@type":"EntryPoint","urlTemplate":"https:\/\/coria.org\/ayuntamiento\/?s={search_term_string}"},"query-input":{"@type":"PropertyValueSpecification","valueRequired":true,"valueName":"search_term_string"}}],"inLanguage":"es"},{"@type":"Organization","@id":"https:\/\/coria.org\/ayuntamiento\/#organization","name":"Ayuntamiento de Coria","alternateName":"Ayto de Coria","url":"https:\/\/coria.org\/ayuntamiento\/","logo":{"@type":"ImageObject","inLanguage":"es","@id":"https:\/\/coria.org\/ayuntamiento\/#\/schema\/logo\/image\/","url":"https:\/\/coria.org\/ayuntamiento\/wp-content\/uploads\/2020\/12\/escudo-ayuntamiento-coria.png","contentUrl":"https:\/\/coria.org\/ayuntamiento\/wp-content\/uploads\/2020\/12\/escudo-ayuntamiento-coria.png","width":511,"height":240,"caption":"Ayuntamiento de Coria"},"image":{"@id":"https:\/\/coria.org\/ayuntamiento\/#\/schema\/logo\/image\/"},"sameAs":["https:\/\/www.facebook.com\/Ayuntamiento.de.Coria","https:\/\/x.com\/Ayto_de_Coria","https:\/\/www.instagram.com\/coria.ayuntamiento\/","https:\/\/www.youtube.com\/user\/AYUNTAMIENTOCORIA"]},{"@type":"Person","@id":"https:\/\/coria.org\/ayuntamiento\/#\/schema\/person\/8bd589f0e13e8ae5aa06def7a599d622","name":"ayuntamiento","image":{"@type":"ImageObject","inLanguage":"es","@id":"https:\/\/secure.gravatar.com\/avatar\/966e5ed73cad334adda5c87f49f2547f7082f7292c1b627cbb548744383b391c?s=96&d=mm&r=g","url":"https:\/\/secure.gravatar.com\/avatar\/966e5ed73cad334adda5c87f49f2547f7082f7292c1b627cbb548744383b391c?s=96&d=mm&r=g","contentUrl":"https:\/\/secure.gravatar.com\/avatar\/966e5ed73cad334adda5c87f49f2547f7082f7292c1b627cbb548744383b391c?s=96&d=mm&r=g","caption":"ayuntamiento"}}]}},"uagb_featured_image_src":{"full":["https:\/\/coria.org\/ayuntamiento\/wp-content\/uploads\/2014\/08\/14923677645_9cbb2e3b5b_o.jpg",705,529,false],"thumbnail":["https:\/\/coria.org\/ayuntamiento\/wp-content\/uploads\/2014\/08\/14923677645_9cbb2e3b5b_o-150x150.jpg",150,150,true],"medium":["https:\/\/coria.org\/ayuntamiento\/wp-content\/uploads\/2014\/08\/14923677645_9cbb2e3b5b_o-300x225.jpg",300,225,true],"medium_large":["https:\/\/coria.org\/ayuntamiento\/wp-content\/uploads\/2014\/08\/14923677645_9cbb2e3b5b_o.jpg",705,529,false],"large":["https:\/\/coria.org\/ayuntamiento\/wp-content\/uploads\/2014\/08\/14923677645_9cbb2e3b5b_o.jpg",705,529,false],"thumblist":["https:\/\/coria.org\/ayuntamiento\/wp-content\/uploads\/2014\/08\/14923677645_9cbb2e3b5b_o.jpg",300,225,false],"thumbrelated":["https:\/\/coria.org\/ayuntamiento\/wp-content\/uploads\/2014\/08\/14923677645_9cbb2e3b5b_o.jpg",500,375,false],"meccarouselthumb":["https:\/\/coria.org\/ayuntamiento\/wp-content\/uploads\/2014\/08\/14923677645_9cbb2e3b5b_o.jpg",432,324,false],"gridsquare":["https:\/\/coria.org\/ayuntamiento\/wp-content\/uploads\/2014\/08\/14923677645_9cbb2e3b5b_o.jpg",347,260,false],"tileview":["https:\/\/coria.org\/ayuntamiento\/wp-content\/uploads\/2014\/08\/14923677645_9cbb2e3b5b_o.jpg",300,225,false],"1536x1536":["https:\/\/coria.org\/ayuntamiento\/wp-content\/uploads\/2014\/08\/14923677645_9cbb2e3b5b_o.jpg",705,529,false],"2048x2048":["https:\/\/coria.org\/ayuntamiento\/wp-content\/uploads\/2014\/08\/14923677645_9cbb2e3b5b_o.jpg",705,529,false]},"uagb_author_info":{"display_name":"ayuntamiento","author_link":"https:\/\/coria.org\/ayuntamiento\/index.php\/author\/ayuntamiento\/"},"uagb_comment_info":0,"uagb_excerpt":"El mi\u00e9rcoles 13 de agosto tuvo lugar el I Concurso \u00abTriples para todos\u00bb, que se celebr\u00f3 en la Plaza de la Paz entre las 11:00 y 13:00 horas. La actividad estaba organizada por la Asociaci\u00f3n Deportiva Caurium, contando con la colaboraci\u00f3n de la Concejal\u00eda de Deportes del Ayuntamiento de Coria, enmarc\u00e1ndose el concurso en el&hellip;","_links":{"self":[{"href":"https:\/\/coria.org\/ayuntamiento\/index.php\/wp-json\/wp\/v2\/posts\/35311","targetHints":{"allow":["GET"]}}],"collection":[{"href":"https:\/\/coria.org\/ayuntamiento\/index.php\/wp-json\/wp\/v2\/posts"}],"about":[{"href":"https:\/\/coria.org\/ayuntamiento\/index.php\/wp-json\/wp\/v2\/types\/post"}],"author":[{"embeddable":true,"href":"https:\/\/coria.org\/ayuntamiento\/index.php\/wp-json\/wp\/v2\/users\/2"}],"replies":[{"embeddable":true,"href":"https:\/\/coria.org\/ayuntamiento\/index.php\/wp-json\/wp\/v2\/comments?post=35311"}],"version-history":[{"count":0,"href":"https:\/\/coria.org\/ayuntamiento\/index.php\/wp-json\/wp\/v2\/posts\/35311\/revisions"}],"wp:featuredmedia":[{"embeddable":true,"href":"https:\/\/coria.org\/ayuntamiento\/index.php\/wp-json\/wp\/v2\/media\/31097"}],"wp:attachment":[{"href":"https:\/\/coria.org\/ayuntamiento\/index.php\/wp-json\/wp\/v2\/media?parent=35311"}],"wp:term":[{"taxonomy":"category","embeddable":true,"href":"https:\/\/coria.org\/ayuntamiento\/index.php\/wp-json\/wp\/v2\/categories?post=35311"},{"taxonomy":"post_tag","embeddable":true,"href":"https:\/\/coria.org\/ayuntamiento\/index.php\/wp-json\/wp\/v2\/tags?post=35311"}],"curies":[{"name":"wp","href":"https:\/\/api.w.org\/{rel}","templated":true}]}}