{"id":35302,"date":"2014-06-10T00:00:00","date_gmt":"2014-06-10T00:00:00","guid":{"rendered":"https:\/\/ayuntamiento.coriaenimagenes.com\/xxiv-certamen-de-cuentos-ciudad-de-coria-3\/"},"modified":"2024-11-07T11:25:06","modified_gmt":"2024-11-07T10:25:06","slug":"xxiv-certamen-de-cuentos-ciudad-de-coria-3","status":"publish","type":"post","link":"https:\/\/coria.org\/ayuntamiento\/index.php\/2014\/06\/10\/xxiv-certamen-de-cuentos-ciudad-de-coria-3\/","title":{"rendered":"XXIV Certamen de Cuentos \u00abCiudad de Coria\u00bb"},"content":{"rendered":"\n<p>El pr\u00f3ximo jueves 12 de junio, a las 19:30 horas en el jard\u00edn del restaurante Percor, se har\u00e1 p\u00fablico el fallo del jurado del XXIV Certamen de Cuentos \u00abCiudad de Coria\u00bb, que como cada a\u00f1o organiza la Diputaci\u00f3n de C\u00e1ceres junto al Ayuntamiento de Coria.<\/p>\n\n\n\n<figure class=\"wp-block-image alignleft size-full\"><img loading=\"lazy\" decoding=\"async\" width=\"400\" height=\"302\" src=\"https:\/\/coria.org\/ayuntamiento\/wp-content\/uploads\/2014\/06\/gala2014.webp\" alt=\"\" class=\"wp-image-63166\"\/><\/figure>\n\n\n\n<p>El acto que estar\u00e1 presidido por el Presidente de la Excma. Diputaci\u00f3n de C\u00e1ceres, don Laureano Le\u00f3n Rodr\u00edguez, y por el Alcalde de Coria, Jos\u00e9 Manuel Garc\u00eda Ballestero, contar\u00e1 este a\u00f1o con la presencia de la escritora extreme\u00f1a y directora de la Editora Regional de Extremadura, Rosa Lencero, que act\u00faa como Presidenta del Jurado y ser\u00e1 la encargada de leer al ganador o ganadora de esta edici\u00f3n.<\/p>\n\n\n\n<p>Para amenizar el acto contaremos con la actuaci\u00f3n del d\u00fao Grison &amp; Tuli, a los que pod\u00e9is conocer por su actuaci\u00f3n en el programa de Antena 3 El Hormiguero. <\/p>\n\n\n\n<p>Al finalizar se servir\u00e1 un vino de honor para todos los asistentes.<\/p>\n\n","protected":false},"excerpt":{"rendered":"<p>El pr\u00f3ximo jueves 12 de junio, a las 19:30 horas en el jard\u00edn del restaurante Percor, se har\u00e1 p\u00fablico el fallo del jurado del XXIV Certamen de Cuentos \u00abCiudad de Coria\u00bb, que como cada a\u00f1o organiza la Diputaci\u00f3n de C\u00e1ceres junto al Ayuntamiento de Coria. El acto que estar\u00e1 presidido por el Presidente de la [&hellip;]<\/p>\n","protected":false},"author":2,"featured_media":63166,"comment_status":"closed","ping_status":"closed","sticky":false,"template":"","format":"standard","meta":{"_uag_custom_page_level_css":"","footnotes":""},"categories":[2],"tags":[1743],"class_list":["post-35302","post","type-post","status-publish","format-standard","has-post-thumbnail","hentry","category-noticias","tag-certamen-de-cuentos"],"yoast_head":"<!-- This site is optimized with the Yoast SEO plugin v27.4 - https:\/\/yoast.com\/product\/yoast-seo-wordpress\/ -->\n<title>XXIV Certamen de Cuentos &quot;Ciudad de Coria&quot; - Ayuntamiento de Coria<\/title>\n<meta name=\"description\" content=\"El pr\u00f3ximo jueves 12 de junio, a las 19:30 horas en el jard\u00edn del restaurante Percor, se har\u00e1 p\u00fablico el fallo del jurado del XXIV Certamen de Cuentos &quot;Ciudad de Coria&quot;, que como cada a\u00f1o organiza la Diputaci\u00f3n de C\u00e1ceres junto al Ayuntamiento de Coria.\" \/>\n<meta name=\"robots\" content=\"index, follow, max-snippet:-1, max-image-preview:large, max-video-preview:-1\" \/>\n<link rel=\"canonical\" href=\"https:\/\/coria.org\/ayuntamiento\/index.php\/2014\/06\/10\/xxiv-certamen-de-cuentos-ciudad-de-coria-3\/\" \/>\n<meta property=\"og:locale\" content=\"es_ES\" \/>\n<meta property=\"og:type\" content=\"article\" \/>\n<meta property=\"og:title\" content=\"XXIV Certamen de Cuentos &quot;Ciudad de Coria&quot;\" \/>\n<meta property=\"og:description\" content=\"El pr\u00f3ximo jueves 12 de junio, a las 19:30 horas en el jard\u00edn del restaurante Percor, se har\u00e1 p\u00fablico el fallo del jurado del XXIV Certamen de Cuentos &quot;Ciudad de Coria&quot;, que como cada a\u00f1o organiza la Diputaci\u00f3n de C\u00e1ceres junto al Ayuntamiento de Coria.\" \/>\n<meta property=\"og:url\" content=\"https:\/\/coria.org\/ayuntamiento\/index.php\/2014\/06\/10\/xxiv-certamen-de-cuentos-ciudad-de-coria-3\/\" \/>\n<meta property=\"og:site_name\" content=\"Ayuntamiento de Coria\" \/>\n<meta property=\"article:publisher\" content=\"https:\/\/www.facebook.com\/Ayuntamiento.de.Coria\" \/>\n<meta property=\"article:published_time\" content=\"2014-06-10T00:00:00+00:00\" \/>\n<meta property=\"article:modified_time\" content=\"2024-11-07T10:25:06+00:00\" \/>\n<meta property=\"og:image\" content=\"https:\/\/coria.org\/ayuntamiento\/wp-content\/uploads\/2014\/06\/gala2014.webp\" \/>\n\t<meta property=\"og:image:width\" content=\"400\" \/>\n\t<meta property=\"og:image:height\" content=\"302\" \/>\n\t<meta property=\"og:image:type\" content=\"image\/webp\" \/>\n<meta name=\"author\" content=\"ayuntamiento\" \/>\n<meta name=\"twitter:card\" content=\"summary_large_image\" \/>\n<meta name=\"twitter:creator\" content=\"@Ayto_de_Coria\" \/>\n<meta name=\"twitter:site\" content=\"@Ayto_de_Coria\" \/>\n<meta name=\"twitter:label1\" content=\"Escrito por\" \/>\n\t<meta name=\"twitter:data1\" content=\"ayuntamiento\" \/>\n\t<meta name=\"twitter:label2\" content=\"Tiempo de lectura\" \/>\n\t<meta name=\"twitter:data2\" content=\"2 minutos\" \/>\n<script type=\"application\/ld+json\" class=\"yoast-schema-graph\">{\"@context\":\"https:\\\/\\\/schema.org\",\"@graph\":[{\"@type\":\"Article\",\"@id\":\"https:\\\/\\\/coria.org\\\/ayuntamiento\\\/index.php\\\/2014\\\/06\\\/10\\\/xxiv-certamen-de-cuentos-ciudad-de-coria-3\\\/#article\",\"isPartOf\":{\"@id\":\"https:\\\/\\\/coria.org\\\/ayuntamiento\\\/index.php\\\/2014\\\/06\\\/10\\\/xxiv-certamen-de-cuentos-ciudad-de-coria-3\\\/\"},\"author\":{\"name\":\"ayuntamiento\",\"@id\":\"https:\\\/\\\/coria.org\\\/ayuntamiento\\\/#\\\/schema\\\/person\\\/8bd589f0e13e8ae5aa06def7a599d622\"},\"headline\":\"XXIV Certamen de Cuentos \u00abCiudad de Coria\u00bb\",\"datePublished\":\"2014-06-10T00:00:00+00:00\",\"dateModified\":\"2024-11-07T10:25:06+00:00\",\"mainEntityOfPage\":{\"@id\":\"https:\\\/\\\/coria.org\\\/ayuntamiento\\\/index.php\\\/2014\\\/06\\\/10\\\/xxiv-certamen-de-cuentos-ciudad-de-coria-3\\\/\"},\"wordCount\":176,\"publisher\":{\"@id\":\"https:\\\/\\\/coria.org\\\/ayuntamiento\\\/#organization\"},\"image\":{\"@id\":\"https:\\\/\\\/coria.org\\\/ayuntamiento\\\/index.php\\\/2014\\\/06\\\/10\\\/xxiv-certamen-de-cuentos-ciudad-de-coria-3\\\/#primaryimage\"},\"thumbnailUrl\":\"https:\\\/\\\/coria.org\\\/ayuntamiento\\\/wp-content\\\/uploads\\\/2014\\\/06\\\/gala2014.webp\",\"keywords\":[\"certamen de cuentos\"],\"articleSection\":[\"Noticias\"],\"inLanguage\":\"es\"},{\"@type\":\"WebPage\",\"@id\":\"https:\\\/\\\/coria.org\\\/ayuntamiento\\\/index.php\\\/2014\\\/06\\\/10\\\/xxiv-certamen-de-cuentos-ciudad-de-coria-3\\\/\",\"url\":\"https:\\\/\\\/coria.org\\\/ayuntamiento\\\/index.php\\\/2014\\\/06\\\/10\\\/xxiv-certamen-de-cuentos-ciudad-de-coria-3\\\/\",\"name\":\"XXIV Certamen de Cuentos \\\"Ciudad de Coria\\\" - Ayuntamiento de Coria\",\"isPartOf\":{\"@id\":\"https:\\\/\\\/coria.org\\\/ayuntamiento\\\/#website\"},\"primaryImageOfPage\":{\"@id\":\"https:\\\/\\\/coria.org\\\/ayuntamiento\\\/index.php\\\/2014\\\/06\\\/10\\\/xxiv-certamen-de-cuentos-ciudad-de-coria-3\\\/#primaryimage\"},\"image\":{\"@id\":\"https:\\\/\\\/coria.org\\\/ayuntamiento\\\/index.php\\\/2014\\\/06\\\/10\\\/xxiv-certamen-de-cuentos-ciudad-de-coria-3\\\/#primaryimage\"},\"thumbnailUrl\":\"https:\\\/\\\/coria.org\\\/ayuntamiento\\\/wp-content\\\/uploads\\\/2014\\\/06\\\/gala2014.webp\",\"datePublished\":\"2014-06-10T00:00:00+00:00\",\"dateModified\":\"2024-11-07T10:25:06+00:00\",\"description\":\"El pr\u00f3ximo jueves 12 de junio, a las 19:30 horas en el jard\u00edn del restaurante Percor, se har\u00e1 p\u00fablico el fallo del jurado del XXIV Certamen de Cuentos \\\"Ciudad de Coria\\\", que como cada a\u00f1o organiza la Diputaci\u00f3n de C\u00e1ceres junto al Ayuntamiento de Coria.\",\"breadcrumb\":{\"@id\":\"https:\\\/\\\/coria.org\\\/ayuntamiento\\\/index.php\\\/2014\\\/06\\\/10\\\/xxiv-certamen-de-cuentos-ciudad-de-coria-3\\\/#breadcrumb\"},\"inLanguage\":\"es\",\"potentialAction\":[{\"@type\":\"ReadAction\",\"target\":[\"https:\\\/\\\/coria.org\\\/ayuntamiento\\\/index.php\\\/2014\\\/06\\\/10\\\/xxiv-certamen-de-cuentos-ciudad-de-coria-3\\\/\"]}]},{\"@type\":\"ImageObject\",\"inLanguage\":\"es\",\"@id\":\"https:\\\/\\\/coria.org\\\/ayuntamiento\\\/index.php\\\/2014\\\/06\\\/10\\\/xxiv-certamen-de-cuentos-ciudad-de-coria-3\\\/#primaryimage\",\"url\":\"https:\\\/\\\/coria.org\\\/ayuntamiento\\\/wp-content\\\/uploads\\\/2014\\\/06\\\/gala2014.webp\",\"contentUrl\":\"https:\\\/\\\/coria.org\\\/ayuntamiento\\\/wp-content\\\/uploads\\\/2014\\\/06\\\/gala2014.webp\",\"width\":400,\"height\":302},{\"@type\":\"BreadcrumbList\",\"@id\":\"https:\\\/\\\/coria.org\\\/ayuntamiento\\\/index.php\\\/2014\\\/06\\\/10\\\/xxiv-certamen-de-cuentos-ciudad-de-coria-3\\\/#breadcrumb\",\"itemListElement\":[{\"@type\":\"ListItem\",\"position\":1,\"name\":\"Inicio\",\"item\":\"https:\\\/\\\/coria.org\\\/ayuntamiento\\\/\"},{\"@type\":\"ListItem\",\"position\":2,\"name\":\"XXIV Certamen de Cuentos \u00abCiudad de Coria\u00bb\"}]},{\"@type\":\"WebSite\",\"@id\":\"https:\\\/\\\/coria.org\\\/ayuntamiento\\\/#website\",\"url\":\"https:\\\/\\\/coria.org\\\/ayuntamiento\\\/\",\"name\":\"Ayuntamiento de Coria\",\"description\":\"Web oficial del Ayuntamiento de Coria\",\"publisher\":{\"@id\":\"https:\\\/\\\/coria.org\\\/ayuntamiento\\\/#organization\"},\"alternateName\":\"Web Oficial del Ayuntamiento de Coria\",\"potentialAction\":[{\"@type\":\"SearchAction\",\"target\":{\"@type\":\"EntryPoint\",\"urlTemplate\":\"https:\\\/\\\/coria.org\\\/ayuntamiento\\\/?s={search_term_string}\"},\"query-input\":{\"@type\":\"PropertyValueSpecification\",\"valueRequired\":true,\"valueName\":\"search_term_string\"}}],\"inLanguage\":\"es\"},{\"@type\":\"Organization\",\"@id\":\"https:\\\/\\\/coria.org\\\/ayuntamiento\\\/#organization\",\"name\":\"Ayuntamiento de Coria\",\"alternateName\":\"Ayto de Coria\",\"url\":\"https:\\\/\\\/coria.org\\\/ayuntamiento\\\/\",\"logo\":{\"@type\":\"ImageObject\",\"inLanguage\":\"es\",\"@id\":\"https:\\\/\\\/coria.org\\\/ayuntamiento\\\/#\\\/schema\\\/logo\\\/image\\\/\",\"url\":\"https:\\\/\\\/coria.org\\\/ayuntamiento\\\/wp-content\\\/uploads\\\/2020\\\/12\\\/escudo-ayuntamiento-coria.png\",\"contentUrl\":\"https:\\\/\\\/coria.org\\\/ayuntamiento\\\/wp-content\\\/uploads\\\/2020\\\/12\\\/escudo-ayuntamiento-coria.png\",\"width\":511,\"height\":240,\"caption\":\"Ayuntamiento de Coria\"},\"image\":{\"@id\":\"https:\\\/\\\/coria.org\\\/ayuntamiento\\\/#\\\/schema\\\/logo\\\/image\\\/\"},\"sameAs\":[\"https:\\\/\\\/www.facebook.com\\\/Ayuntamiento.de.Coria\",\"https:\\\/\\\/x.com\\\/Ayto_de_Coria\",\"https:\\\/\\\/www.instagram.com\\\/coria.ayuntamiento\\\/\",\"https:\\\/\\\/www.youtube.com\\\/user\\\/AYUNTAMIENTOCORIA\"]},{\"@type\":\"Person\",\"@id\":\"https:\\\/\\\/coria.org\\\/ayuntamiento\\\/#\\\/schema\\\/person\\\/8bd589f0e13e8ae5aa06def7a599d622\",\"name\":\"ayuntamiento\",\"image\":{\"@type\":\"ImageObject\",\"inLanguage\":\"es\",\"@id\":\"https:\\\/\\\/secure.gravatar.com\\\/avatar\\\/966e5ed73cad334adda5c87f49f2547f7082f7292c1b627cbb548744383b391c?s=96&d=mm&r=g\",\"url\":\"https:\\\/\\\/secure.gravatar.com\\\/avatar\\\/966e5ed73cad334adda5c87f49f2547f7082f7292c1b627cbb548744383b391c?s=96&d=mm&r=g\",\"contentUrl\":\"https:\\\/\\\/secure.gravatar.com\\\/avatar\\\/966e5ed73cad334adda5c87f49f2547f7082f7292c1b627cbb548744383b391c?s=96&d=mm&r=g\",\"caption\":\"ayuntamiento\"}}]}<\/script>\n<!-- \/ Yoast SEO plugin. -->","yoast_head_json":{"title":"XXIV Certamen de Cuentos \"Ciudad de Coria\" - Ayuntamiento de Coria","description":"El pr\u00f3ximo jueves 12 de junio, a las 19:30 horas en el jard\u00edn del restaurante Percor, se har\u00e1 p\u00fablico el fallo del jurado del XXIV Certamen de Cuentos \"Ciudad de Coria\", que como cada a\u00f1o organiza la Diputaci\u00f3n de C\u00e1ceres junto al Ayuntamiento de Coria.","robots":{"index":"index","follow":"follow","max-snippet":"max-snippet:-1","max-image-preview":"max-image-preview:large","max-video-preview":"max-video-preview:-1"},"canonical":"https:\/\/coria.org\/ayuntamiento\/index.php\/2014\/06\/10\/xxiv-certamen-de-cuentos-ciudad-de-coria-3\/","og_locale":"es_ES","og_type":"article","og_title":"XXIV Certamen de Cuentos \"Ciudad de Coria\"","og_description":"El pr\u00f3ximo jueves 12 de junio, a las 19:30 horas en el jard\u00edn del restaurante Percor, se har\u00e1 p\u00fablico el fallo del jurado del XXIV Certamen de Cuentos \"Ciudad de Coria\", que como cada a\u00f1o organiza la Diputaci\u00f3n de C\u00e1ceres junto al Ayuntamiento de Coria.","og_url":"https:\/\/coria.org\/ayuntamiento\/index.php\/2014\/06\/10\/xxiv-certamen-de-cuentos-ciudad-de-coria-3\/","og_site_name":"Ayuntamiento de Coria","article_publisher":"https:\/\/www.facebook.com\/Ayuntamiento.de.Coria","article_published_time":"2014-06-10T00:00:00+00:00","article_modified_time":"2024-11-07T10:25:06+00:00","og_image":[{"width":400,"height":302,"url":"https:\/\/coria.org\/ayuntamiento\/wp-content\/uploads\/2014\/06\/gala2014.webp","type":"image\/webp"}],"author":"ayuntamiento","twitter_card":"summary_large_image","twitter_creator":"@Ayto_de_Coria","twitter_site":"@Ayto_de_Coria","twitter_misc":{"Escrito por":"ayuntamiento","Tiempo de lectura":"2 minutos"},"schema":{"@context":"https:\/\/schema.org","@graph":[{"@type":"Article","@id":"https:\/\/coria.org\/ayuntamiento\/index.php\/2014\/06\/10\/xxiv-certamen-de-cuentos-ciudad-de-coria-3\/#article","isPartOf":{"@id":"https:\/\/coria.org\/ayuntamiento\/index.php\/2014\/06\/10\/xxiv-certamen-de-cuentos-ciudad-de-coria-3\/"},"author":{"name":"ayuntamiento","@id":"https:\/\/coria.org\/ayuntamiento\/#\/schema\/person\/8bd589f0e13e8ae5aa06def7a599d622"},"headline":"XXIV Certamen de Cuentos \u00abCiudad de Coria\u00bb","datePublished":"2014-06-10T00:00:00+00:00","dateModified":"2024-11-07T10:25:06+00:00","mainEntityOfPage":{"@id":"https:\/\/coria.org\/ayuntamiento\/index.php\/2014\/06\/10\/xxiv-certamen-de-cuentos-ciudad-de-coria-3\/"},"wordCount":176,"publisher":{"@id":"https:\/\/coria.org\/ayuntamiento\/#organization"},"image":{"@id":"https:\/\/coria.org\/ayuntamiento\/index.php\/2014\/06\/10\/xxiv-certamen-de-cuentos-ciudad-de-coria-3\/#primaryimage"},"thumbnailUrl":"https:\/\/coria.org\/ayuntamiento\/wp-content\/uploads\/2014\/06\/gala2014.webp","keywords":["certamen de cuentos"],"articleSection":["Noticias"],"inLanguage":"es"},{"@type":"WebPage","@id":"https:\/\/coria.org\/ayuntamiento\/index.php\/2014\/06\/10\/xxiv-certamen-de-cuentos-ciudad-de-coria-3\/","url":"https:\/\/coria.org\/ayuntamiento\/index.php\/2014\/06\/10\/xxiv-certamen-de-cuentos-ciudad-de-coria-3\/","name":"XXIV Certamen de Cuentos \"Ciudad de Coria\" - Ayuntamiento de Coria","isPartOf":{"@id":"https:\/\/coria.org\/ayuntamiento\/#website"},"primaryImageOfPage":{"@id":"https:\/\/coria.org\/ayuntamiento\/index.php\/2014\/06\/10\/xxiv-certamen-de-cuentos-ciudad-de-coria-3\/#primaryimage"},"image":{"@id":"https:\/\/coria.org\/ayuntamiento\/index.php\/2014\/06\/10\/xxiv-certamen-de-cuentos-ciudad-de-coria-3\/#primaryimage"},"thumbnailUrl":"https:\/\/coria.org\/ayuntamiento\/wp-content\/uploads\/2014\/06\/gala2014.webp","datePublished":"2014-06-10T00:00:00+00:00","dateModified":"2024-11-07T10:25:06+00:00","description":"El pr\u00f3ximo jueves 12 de junio, a las 19:30 horas en el jard\u00edn del restaurante Percor, se har\u00e1 p\u00fablico el fallo del jurado del XXIV Certamen de Cuentos \"Ciudad de Coria\", que como cada a\u00f1o organiza la Diputaci\u00f3n de C\u00e1ceres junto al Ayuntamiento de Coria.","breadcrumb":{"@id":"https:\/\/coria.org\/ayuntamiento\/index.php\/2014\/06\/10\/xxiv-certamen-de-cuentos-ciudad-de-coria-3\/#breadcrumb"},"inLanguage":"es","potentialAction":[{"@type":"ReadAction","target":["https:\/\/coria.org\/ayuntamiento\/index.php\/2014\/06\/10\/xxiv-certamen-de-cuentos-ciudad-de-coria-3\/"]}]},{"@type":"ImageObject","inLanguage":"es","@id":"https:\/\/coria.org\/ayuntamiento\/index.php\/2014\/06\/10\/xxiv-certamen-de-cuentos-ciudad-de-coria-3\/#primaryimage","url":"https:\/\/coria.org\/ayuntamiento\/wp-content\/uploads\/2014\/06\/gala2014.webp","contentUrl":"https:\/\/coria.org\/ayuntamiento\/wp-content\/uploads\/2014\/06\/gala2014.webp","width":400,"height":302},{"@type":"BreadcrumbList","@id":"https:\/\/coria.org\/ayuntamiento\/index.php\/2014\/06\/10\/xxiv-certamen-de-cuentos-ciudad-de-coria-3\/#breadcrumb","itemListElement":[{"@type":"ListItem","position":1,"name":"Inicio","item":"https:\/\/coria.org\/ayuntamiento\/"},{"@type":"ListItem","position":2,"name":"XXIV Certamen de Cuentos \u00abCiudad de Coria\u00bb"}]},{"@type":"WebSite","@id":"https:\/\/coria.org\/ayuntamiento\/#website","url":"https:\/\/coria.org\/ayuntamiento\/","name":"Ayuntamiento de Coria","description":"Web oficial del Ayuntamiento de Coria","publisher":{"@id":"https:\/\/coria.org\/ayuntamiento\/#organization"},"alternateName":"Web Oficial del Ayuntamiento de Coria","potentialAction":[{"@type":"SearchAction","target":{"@type":"EntryPoint","urlTemplate":"https:\/\/coria.org\/ayuntamiento\/?s={search_term_string}"},"query-input":{"@type":"PropertyValueSpecification","valueRequired":true,"valueName":"search_term_string"}}],"inLanguage":"es"},{"@type":"Organization","@id":"https:\/\/coria.org\/ayuntamiento\/#organization","name":"Ayuntamiento de Coria","alternateName":"Ayto de Coria","url":"https:\/\/coria.org\/ayuntamiento\/","logo":{"@type":"ImageObject","inLanguage":"es","@id":"https:\/\/coria.org\/ayuntamiento\/#\/schema\/logo\/image\/","url":"https:\/\/coria.org\/ayuntamiento\/wp-content\/uploads\/2020\/12\/escudo-ayuntamiento-coria.png","contentUrl":"https:\/\/coria.org\/ayuntamiento\/wp-content\/uploads\/2020\/12\/escudo-ayuntamiento-coria.png","width":511,"height":240,"caption":"Ayuntamiento de Coria"},"image":{"@id":"https:\/\/coria.org\/ayuntamiento\/#\/schema\/logo\/image\/"},"sameAs":["https:\/\/www.facebook.com\/Ayuntamiento.de.Coria","https:\/\/x.com\/Ayto_de_Coria","https:\/\/www.instagram.com\/coria.ayuntamiento\/","https:\/\/www.youtube.com\/user\/AYUNTAMIENTOCORIA"]},{"@type":"Person","@id":"https:\/\/coria.org\/ayuntamiento\/#\/schema\/person\/8bd589f0e13e8ae5aa06def7a599d622","name":"ayuntamiento","image":{"@type":"ImageObject","inLanguage":"es","@id":"https:\/\/secure.gravatar.com\/avatar\/966e5ed73cad334adda5c87f49f2547f7082f7292c1b627cbb548744383b391c?s=96&d=mm&r=g","url":"https:\/\/secure.gravatar.com\/avatar\/966e5ed73cad334adda5c87f49f2547f7082f7292c1b627cbb548744383b391c?s=96&d=mm&r=g","contentUrl":"https:\/\/secure.gravatar.com\/avatar\/966e5ed73cad334adda5c87f49f2547f7082f7292c1b627cbb548744383b391c?s=96&d=mm&r=g","caption":"ayuntamiento"}}]}},"uagb_featured_image_src":{"full":["https:\/\/coria.org\/ayuntamiento\/wp-content\/uploads\/2014\/06\/gala2014.webp",400,302,false],"thumbnail":["https:\/\/coria.org\/ayuntamiento\/wp-content\/uploads\/2014\/06\/gala2014-150x150.webp",150,150,true],"medium":["https:\/\/coria.org\/ayuntamiento\/wp-content\/uploads\/2014\/06\/gala2014.webp",400,302,false],"medium_large":["https:\/\/coria.org\/ayuntamiento\/wp-content\/uploads\/2014\/06\/gala2014.webp",400,302,false],"large":["https:\/\/coria.org\/ayuntamiento\/wp-content\/uploads\/2014\/06\/gala2014.webp",400,302,false],"thumblist":["https:\/\/coria.org\/ayuntamiento\/wp-content\/uploads\/2014\/06\/gala2014-300x300.webp",300,300,true],"thumbrelated":["https:\/\/coria.org\/ayuntamiento\/wp-content\/uploads\/2014\/06\/gala2014.webp",400,302,false],"meccarouselthumb":["https:\/\/coria.org\/ayuntamiento\/wp-content\/uploads\/2014\/06\/gala2014.webp",400,302,false],"gridsquare":["https:\/\/coria.org\/ayuntamiento\/wp-content\/uploads\/2014\/06\/gala2014-391x260.webp",391,260,true],"tileview":["https:\/\/coria.org\/ayuntamiento\/wp-content\/uploads\/2014\/06\/gala2014-300x302.webp",300,302,true],"1536x1536":["https:\/\/coria.org\/ayuntamiento\/wp-content\/uploads\/2014\/06\/gala2014.webp",400,302,false],"2048x2048":["https:\/\/coria.org\/ayuntamiento\/wp-content\/uploads\/2014\/06\/gala2014.webp",400,302,false]},"uagb_author_info":{"display_name":"ayuntamiento","author_link":"https:\/\/coria.org\/ayuntamiento\/index.php\/author\/ayuntamiento\/"},"uagb_comment_info":0,"uagb_excerpt":"El pr\u00f3ximo jueves 12 de junio, a las 19:30 horas en el jard\u00edn del restaurante Percor, se har\u00e1 p\u00fablico el fallo del jurado del XXIV Certamen de Cuentos \u00abCiudad de Coria\u00bb, que como cada a\u00f1o organiza la Diputaci\u00f3n de C\u00e1ceres junto al Ayuntamiento de Coria. El acto que estar\u00e1 presidido por el Presidente de la&hellip;","_links":{"self":[{"href":"https:\/\/coria.org\/ayuntamiento\/index.php\/wp-json\/wp\/v2\/posts\/35302","targetHints":{"allow":["GET"]}}],"collection":[{"href":"https:\/\/coria.org\/ayuntamiento\/index.php\/wp-json\/wp\/v2\/posts"}],"about":[{"href":"https:\/\/coria.org\/ayuntamiento\/index.php\/wp-json\/wp\/v2\/types\/post"}],"author":[{"embeddable":true,"href":"https:\/\/coria.org\/ayuntamiento\/index.php\/wp-json\/wp\/v2\/users\/2"}],"replies":[{"embeddable":true,"href":"https:\/\/coria.org\/ayuntamiento\/index.php\/wp-json\/wp\/v2\/comments?post=35302"}],"version-history":[{"count":0,"href":"https:\/\/coria.org\/ayuntamiento\/index.php\/wp-json\/wp\/v2\/posts\/35302\/revisions"}],"wp:featuredmedia":[{"embeddable":true,"href":"https:\/\/coria.org\/ayuntamiento\/index.php\/wp-json\/wp\/v2\/media\/63166"}],"wp:attachment":[{"href":"https:\/\/coria.org\/ayuntamiento\/index.php\/wp-json\/wp\/v2\/media?parent=35302"}],"wp:term":[{"taxonomy":"category","embeddable":true,"href":"https:\/\/coria.org\/ayuntamiento\/index.php\/wp-json\/wp\/v2\/categories?post=35302"},{"taxonomy":"post_tag","embeddable":true,"href":"https:\/\/coria.org\/ayuntamiento\/index.php\/wp-json\/wp\/v2\/tags?post=35302"}],"curies":[{"name":"wp","href":"https:\/\/api.w.org\/{rel}","templated":true}]}}