{"id":35301,"date":"2014-06-13T00:00:00","date_gmt":"2014-06-13T00:00:00","guid":{"rendered":"https:\/\/ayuntamiento.coriaenimagenes.com\/se-abre-el-plazo-de-inscripcion-para-el-vii-descenso-rio-alagon-puente-de-la-macarrona-puente-de-hierro-de-coria-2014-3\/"},"modified":"2024-11-07T10:51:45","modified_gmt":"2024-11-07T09:51:45","slug":"se-abre-el-plazo-de-inscripcion-para-el-vii-descenso-rio-alagon-puente-de-la-macarrona-puente-de-hierro-de-coria-2014-3","status":"publish","type":"post","link":"https:\/\/coria.org\/ayuntamiento\/index.php\/2014\/06\/13\/se-abre-el-plazo-de-inscripcion-para-el-vii-descenso-rio-alagon-puente-de-la-macarrona-puente-de-hierro-de-coria-2014-3\/","title":{"rendered":"Se abre el plazo de inscripci\u00f3n para el VII descenso r\u00edo Alag\u00f3n \u00abPuente de la Macarrona &#8211; Puente de Hierro de Coria2014\u00bb"},"content":{"rendered":"\n<p>Si te gustan las emociones, vivir experiencias \u00fanicas, y tienes esp\u00edritu aventurero, no esperes m\u00e1s\u0085. os presentamos una de las actividades deportivo-recreativa m\u00e1s esperadas y demandas del verano en la Ciudad de Coria: El Descenso R\u00edo Alag\u00f3n \u00abPuente de la Macarrona-Puente de Hierro de Coria\u00bb.<\/p>\n\n\n\n<figure data-wp-context=\"{&quot;imageId&quot;:&quot;69ec71e847a0c&quot;}\" data-wp-interactive=\"core\/image\" data-wp-key=\"69ec71e847a0c\" class=\"wp-block-image alignleft size-large is-resized wp-lightbox-container\"><img loading=\"lazy\" decoding=\"async\" width=\"724\" height=\"1024\" data-wp-class--hide=\"state.isContentHidden\" data-wp-class--show=\"state.isContentVisible\" data-wp-init=\"callbacks.setButtonStyles\" data-wp-on--click=\"actions.showLightbox\" data-wp-on--load=\"callbacks.setButtonStyles\" data-wp-on-window--resize=\"callbacks.setButtonStyles\" src=\"https:\/\/coria.org\/ayuntamiento\/wp-content\/uploads\/2022\/03\/cartel-descenso_blogg-724x1024.jpg\" alt=\"\" class=\"wp-image-31187\" style=\"width:451px;height:auto\" srcset=\"https:\/\/coria.org\/ayuntamiento\/wp-content\/uploads\/2022\/03\/cartel-descenso_blogg-724x1024.jpg 724w, https:\/\/coria.org\/ayuntamiento\/wp-content\/uploads\/2022\/03\/cartel-descenso_blogg-212x300.jpg 212w, https:\/\/coria.org\/ayuntamiento\/wp-content\/uploads\/2022\/03\/cartel-descenso_blogg-768x1086.jpg 768w, https:\/\/coria.org\/ayuntamiento\/wp-content\/uploads\/2022\/03\/cartel-descenso_blogg.jpg 842w\" sizes=\"auto, (max-width: 724px) 100vw, 724px\" \/><button\n\t\t\tclass=\"lightbox-trigger\"\n\t\t\ttype=\"button\"\n\t\t\taria-haspopup=\"dialog\"\n\t\t\taria-label=\"Agrandar\"\n\t\t\tdata-wp-init=\"callbacks.initTriggerButton\"\n\t\t\tdata-wp-on--click=\"actions.showLightbox\"\n\t\t\tdata-wp-style--right=\"state.imageButtonRight\"\n\t\t\tdata-wp-style--top=\"state.imageButtonTop\"\n\t\t>\n\t\t\t<svg xmlns=\"http:\/\/www.w3.org\/2000\/svg\" width=\"12\" height=\"12\" fill=\"none\" viewBox=\"0 0 12 12\">\n\t\t\t\t<path fill=\"#fff\" d=\"M2 0a2 2 0 0 0-2 2v2h1.5V2a.5.5 0 0 1 .5-.5h2V0H2Zm2 10.5H2a.5.5 0 0 1-.5-.5V8H0v2a2 2 0 0 0 2 2h2v-1.5ZM8 12v-1.5h2a.5.5 0 0 0 .5-.5V8H12v2a2 2 0 0 1-2 2H8Zm2-12a2 2 0 0 1 2 2v2h-1.5V2a.5.5 0 0 0-.5-.5H8V0h2Z\" \/>\n\t\t\t<\/svg>\n\t\t<\/button><\/figure>\n\n\n\n<p>Una actividad, que forma parte del programa Circuito de Aguas Dulces desarrollado por la Direcci\u00f3n General de Deportes del Gobierno de Extremadura, que se ha consolidado como uno de los eventos deportivos de turismo activo m\u00e1s atrayentes y divertidos del Norte de Extremadura, realizado en un escenario incomparable como es el Valle del Alag\u00f3n.<\/p>\n\n\n\n<p>Este evento l\u00fadico-deportivo tan peculiar y popular, est\u00e1 pensado para disfrutar de un atractivo d\u00eda de convivencia festiva realizando un descenso por uno de los tramos del r\u00edo Alag\u00f3n a trav\u00e9s del uso de embarcaciones sin motor, caso de canoas, piraguas y\/o kayaks, con la finalidad primordial de poner en valor, tanto nuestro rico entorno natural, como nuestros variados recursos tur\u00edsticos, al objeto de promocionar el turismo activo de la ciudad, adem\u00e1s de promover la sensibilizaci\u00f3n sobre su cuidado y su existencia entre todos los participantes.<\/p>\n\n\n\n<p>En su s\u00e9ptima edici\u00f3n, el Descenso R\u00edo Alag\u00f3n, cuyo itinerario discurre desde el \u00abPuente de la Macarrona\u00bb (Riolobos) hasta la misma Ciudad de Coria coincidiendo con el \u00abPuente de Hierro\u00bb, que sirve a modo de meta, tiene como fecha de celebraci\u00f3n el primer domingo del mes de agosto (Domingo, 3 de Agosto de 2014), con un recorrido de 18,8 km., aproximadamente, y una duraci\u00f3n de 4,5 horas.<\/p>\n\n\n\n<p>El horario de concentraci\u00f3n se establece a las 08:00 horas en el Club de Pirag\u00fcismo \u00abR\u00edo Alag\u00f3n\u00bb, bajo el Puente Nuevo, situado en la margen derecha del r\u00edo, en cuyo espacio se reciben a los participantes para, posteriormente, desde aqu\u00ed, acceder a los autobuses que est\u00e1n preparados por la Organizaci\u00f3n y que nos trasladar\u00e1n hasta el lugar de salida o desembarque del Puente de la Macarrona, ubicado en la carretera que une las localidades de El Bat\u00e1n y Holguera, a unos 6,7 km. del cruce de Holguera en la carretera EX-108.<\/p>\n\n\n\n<p>Del mismo modo, las embarcaciones particulares ser\u00e1n tambi\u00e9n transportadas en camiones dispuestos por la Organizaci\u00f3n.<\/p>\n\n\n\n<p>A mitad de recorrido, en torno a las dos horas de haberse iniciado el descenso, hay establecida una parada para realizar un avituallamiento basado en la dispensa de fruta t\u00edpica de la \u00e9poca estival: sand\u00edas, melones, manzanas, etc., as\u00ed como de l\u00edquido para recuperarse de esta primera fase de la actividad.<\/p>\n\n\n\n<p>Adem\u00e1s, en este punto, aquellas personas que deseen abandonar la prueba por determinados motivos, generalmente de tipo f\u00edsicos debido principalmente al cansancio, \u00e9stas podr\u00e1n hacerlo siendo trasladados por la propia organizaci\u00f3n, quien, a su vez, les recoger\u00e1 la embarcaci\u00f3n y les transportar\u00e1 hasta el municipio de Coria.<\/p>\n\n\n\n<p>En el avituallamiento se establecer\u00e1, del mismo modo, un punto de control y cierre, para aquellos participantes que lleguen a partir de las 13:00 horas, siendo retirados por la misma organizaci\u00f3n y trasladados hasta Coria.<\/p>\n\n\n\n<p>En este sentido, las previsiones sobre la hora de finalizaci\u00f3n y cierre del evento est\u00e1 fijada en torno a las 14:30 horas; tiempo \u00e9ste en el que los \u00faltimos participantes deber\u00e1n llegar a la Ciudad Coria a la altura del Puente de Hierro, en cuyo lugar est\u00e1 establecido el desembarco y la recogida de todo el material n\u00e1utico deportivo contratado con las distintas empresas de alquiler.<\/p>\n\n\n\n<p>Al finalizar la actividad, todos los participantes y acompa\u00f1antes que hayan realizado la reserva previa, podr\u00e1n degustar la Comida de Clausura que se les dispensar\u00e1 en los restaurantes designados previamente por la organizaci\u00f3n, seg\u00fan estricto orden de inscripci\u00f3n, caso del: Hotel-Restaurante Montesol y Restaurante P\u00e9rcor, que colindan a ambas orillas del ri\u00f3 Alag\u00f3n junto al Puente de Hierro, cerca del Paseo de \u00abLa Isla\u00bb. A partir de las 15:00 horas se abrir\u00e1 la entrada a los comedores debiendo presentar los participantes el ticket de reserva de comida justo en el momento de su acceso.<\/p>\n\n\n\n<p>Los acompa\u00f1antes que deseen asistir solamente a la comida deber\u00e1n comunicarlo previamente a la organizaci\u00f3n.<\/p>\n\n\n\n<p>El viernes, 1 de agosto de 2014, se celebrar\u00e1 un Acto de Presentaci\u00f3n de la prueba a partir de las 23:00 horas en el Chiringuito \u00abH\u00e9varo\u00bb, ubicado en el Paseo de \u00abLa Isla\u00bb, donde adem\u00e1s se har\u00e1 entrega a los participantes de las bolsas conmemorativas y de los tickets de las empresas de alquiler, en el caso de tener que hacer la reserva de embarcaciones.<\/p>\n\n\n\n<p>Los participantes y acompa\u00f1antes procedentes de otras localidades que deseen pernoctar durante el fin de semana de la prueba, dispondr\u00e1n de interesantes descuentos en los siguientes alojamientos (<a title=\"Alojamientos\" href=\"https:\/\/docs.google.com\/file\/d\/0B_y5_BfJqOFZU3RHWTJiSXZscVE\/edit?usp=sharing&amp;pli=1\" target=\"_blank\" rel=\"noopener\">Pinchar aqu\u00ed<\/a>).<\/p>\n\n\n\n<p>Finalmente, desde la Concejal\u00eda de Deportes del Excmo. Ayuntamiento de Coria, queremos agradecer a los diferentes organismos patrocinadores y colaboradores que hacen posible la organizaci\u00f3n de este tipo de eventos deportivo populares, su colaboraci\u00f3n prestada para el devenir de esta prueba: Gobierno de Extremadura, Direcci\u00f3n General de Deportes, Alimentos de Extremadura, Fundaci\u00f3n J\u00f3venes y Deportes, Diputaci\u00f3n Provincial de C\u00e1ceres, Club Pirag\u00fcismo R\u00edo Alag\u00f3n, A.D. Deportes Coria, Chiringuito Hevaro, G.E.A.S., Guardia Civil, Polic\u00eda Local, Protecci\u00f3n Civil Local, Cruz Roja Local, C.H.C. Energ\u00eda Cauriacom, Viajes Coria-Tours, Gandarias y Extremavela.<\/p>\n\n\n","protected":false},"excerpt":{"rendered":"<p>Si te gustan las emociones, vivir experiencias \u00fanicas, y tienes esp\u00edritu aventurero, no esperes m\u00e1s\u0085. os presentamos una de las actividades deportivo-recreativa m\u00e1s esperadas y demandas del verano en la Ciudad de Coria: El Descenso R\u00edo Alag\u00f3n \u00abPuente de la Macarrona-Puente de Hierro de Coria\u00bb. Una actividad, que forma parte del programa Circuito de Aguas [&hellip;]<\/p>\n","protected":false},"author":2,"featured_media":31187,"comment_status":"closed","ping_status":"closed","sticky":false,"template":"","format":"standard","meta":{"_uag_custom_page_level_css":"","footnotes":""},"categories":[2],"tags":[3,4],"class_list":["post-35301","post","type-post","status-publish","format-standard","has-post-thumbnail","hentry","category-noticias","tag-coria","tag-extremadura"],"yoast_head":"<!-- This site is optimized with the Yoast SEO plugin v27.4 - https:\/\/yoast.com\/product\/yoast-seo-wordpress\/ -->\n<title>Se abre el plazo de inscripci\u00f3n para el VII descenso r\u00edo Alag\u00f3n &quot;Puente de la Macarrona - Puente de Hierro de Coria2014&quot; - Ayuntamiento de Coria<\/title>\n<meta name=\"description\" content=\"Si te gustan las emociones, vivir experiencias \u00fanicas, y tienes esp\u00edritu aventurero, no esperes m\u00e1s\u0085. os presentamos una de las actividades deportivo-recreativa m\u00e1s esperadas y demandas del verano en la Ciudad de Coria: El Descenso R\u00edo Alag\u00f3n &quot;Puente de la Macarrona-Puente de Hierro de Coria&quot;.\" \/>\n<meta name=\"robots\" content=\"index, follow, max-snippet:-1, max-image-preview:large, max-video-preview:-1\" \/>\n<link rel=\"canonical\" href=\"https:\/\/coria.org\/ayuntamiento\/index.php\/2014\/06\/13\/se-abre-el-plazo-de-inscripcion-para-el-vii-descenso-rio-alagon-puente-de-la-macarrona-puente-de-hierro-de-coria-2014-3\/\" \/>\n<meta property=\"og:locale\" content=\"es_ES\" \/>\n<meta property=\"og:type\" content=\"article\" \/>\n<meta property=\"og:title\" content=\"Se abre el plazo de inscripci\u00f3n para el VII descenso r\u00edo Alag\u00f3n &quot;Puente de la Macarrona - Puente de Hierro de Coria2014&quot;\" \/>\n<meta property=\"og:description\" content=\"Si te gustan las emociones, vivir experiencias \u00fanicas, y tienes esp\u00edritu aventurero, no esperes m\u00e1s\u0085. os presentamos una de las actividades deportivo-recreativa m\u00e1s esperadas y demandas del verano en la Ciudad de Coria: El Descenso R\u00edo Alag\u00f3n &quot;Puente de la Macarrona-Puente de Hierro de Coria&quot;.\" \/>\n<meta property=\"og:url\" content=\"https:\/\/coria.org\/ayuntamiento\/index.php\/2014\/06\/13\/se-abre-el-plazo-de-inscripcion-para-el-vii-descenso-rio-alagon-puente-de-la-macarrona-puente-de-hierro-de-coria-2014-3\/\" \/>\n<meta property=\"og:site_name\" content=\"Ayuntamiento de Coria\" \/>\n<meta property=\"article:publisher\" content=\"https:\/\/www.facebook.com\/Ayuntamiento.de.Coria\" \/>\n<meta property=\"article:published_time\" content=\"2014-06-13T00:00:00+00:00\" \/>\n<meta property=\"article:modified_time\" content=\"2024-11-07T09:51:45+00:00\" \/>\n<meta property=\"og:image\" content=\"https:\/\/coria.org\/ayuntamiento\/wp-content\/uploads\/2022\/03\/cartel-descenso_blogg.jpg\" \/>\n\t<meta property=\"og:image:width\" content=\"842\" \/>\n\t<meta property=\"og:image:height\" content=\"1191\" \/>\n\t<meta property=\"og:image:type\" content=\"image\/jpeg\" \/>\n<meta name=\"author\" content=\"ayuntamiento\" \/>\n<meta name=\"twitter:card\" content=\"summary_large_image\" \/>\n<meta name=\"twitter:creator\" content=\"@Ayto_de_Coria\" \/>\n<meta name=\"twitter:site\" content=\"@Ayto_de_Coria\" \/>\n<meta name=\"twitter:label1\" content=\"Escrito por\" \/>\n\t<meta name=\"twitter:data1\" content=\"ayuntamiento\" \/>\n\t<meta name=\"twitter:label2\" content=\"Tiempo de lectura\" \/>\n\t<meta name=\"twitter:data2\" content=\"5 minutos\" \/>\n<script type=\"application\/ld+json\" class=\"yoast-schema-graph\">{\"@context\":\"https:\\\/\\\/schema.org\",\"@graph\":[{\"@type\":\"Article\",\"@id\":\"https:\\\/\\\/coria.org\\\/ayuntamiento\\\/index.php\\\/2014\\\/06\\\/13\\\/se-abre-el-plazo-de-inscripcion-para-el-vii-descenso-rio-alagon-puente-de-la-macarrona-puente-de-hierro-de-coria-2014-3\\\/#article\",\"isPartOf\":{\"@id\":\"https:\\\/\\\/coria.org\\\/ayuntamiento\\\/index.php\\\/2014\\\/06\\\/13\\\/se-abre-el-plazo-de-inscripcion-para-el-vii-descenso-rio-alagon-puente-de-la-macarrona-puente-de-hierro-de-coria-2014-3\\\/\"},\"author\":{\"name\":\"ayuntamiento\",\"@id\":\"https:\\\/\\\/coria.org\\\/ayuntamiento\\\/#\\\/schema\\\/person\\\/8bd589f0e13e8ae5aa06def7a599d622\"},\"headline\":\"Se abre el plazo de inscripci\u00f3n para el VII descenso r\u00edo Alag\u00f3n \u00abPuente de la Macarrona &#8211; Puente de Hierro de Coria2014\u00bb\",\"datePublished\":\"2014-06-13T00:00:00+00:00\",\"dateModified\":\"2024-11-07T09:51:45+00:00\",\"mainEntityOfPage\":{\"@id\":\"https:\\\/\\\/coria.org\\\/ayuntamiento\\\/index.php\\\/2014\\\/06\\\/13\\\/se-abre-el-plazo-de-inscripcion-para-el-vii-descenso-rio-alagon-puente-de-la-macarrona-puente-de-hierro-de-coria-2014-3\\\/\"},\"wordCount\":942,\"publisher\":{\"@id\":\"https:\\\/\\\/coria.org\\\/ayuntamiento\\\/#organization\"},\"image\":{\"@id\":\"https:\\\/\\\/coria.org\\\/ayuntamiento\\\/index.php\\\/2014\\\/06\\\/13\\\/se-abre-el-plazo-de-inscripcion-para-el-vii-descenso-rio-alagon-puente-de-la-macarrona-puente-de-hierro-de-coria-2014-3\\\/#primaryimage\"},\"thumbnailUrl\":\"https:\\\/\\\/coria.org\\\/ayuntamiento\\\/wp-content\\\/uploads\\\/2022\\\/03\\\/cartel-descenso_blogg.jpg\",\"keywords\":[\"coria\",\"extremadura\"],\"articleSection\":[\"Noticias\"],\"inLanguage\":\"es\"},{\"@type\":\"WebPage\",\"@id\":\"https:\\\/\\\/coria.org\\\/ayuntamiento\\\/index.php\\\/2014\\\/06\\\/13\\\/se-abre-el-plazo-de-inscripcion-para-el-vii-descenso-rio-alagon-puente-de-la-macarrona-puente-de-hierro-de-coria-2014-3\\\/\",\"url\":\"https:\\\/\\\/coria.org\\\/ayuntamiento\\\/index.php\\\/2014\\\/06\\\/13\\\/se-abre-el-plazo-de-inscripcion-para-el-vii-descenso-rio-alagon-puente-de-la-macarrona-puente-de-hierro-de-coria-2014-3\\\/\",\"name\":\"Se abre el plazo de inscripci\u00f3n para el VII descenso r\u00edo Alag\u00f3n \\\"Puente de la Macarrona - Puente de Hierro de Coria2014\\\" - Ayuntamiento de Coria\",\"isPartOf\":{\"@id\":\"https:\\\/\\\/coria.org\\\/ayuntamiento\\\/#website\"},\"primaryImageOfPage\":{\"@id\":\"https:\\\/\\\/coria.org\\\/ayuntamiento\\\/index.php\\\/2014\\\/06\\\/13\\\/se-abre-el-plazo-de-inscripcion-para-el-vii-descenso-rio-alagon-puente-de-la-macarrona-puente-de-hierro-de-coria-2014-3\\\/#primaryimage\"},\"image\":{\"@id\":\"https:\\\/\\\/coria.org\\\/ayuntamiento\\\/index.php\\\/2014\\\/06\\\/13\\\/se-abre-el-plazo-de-inscripcion-para-el-vii-descenso-rio-alagon-puente-de-la-macarrona-puente-de-hierro-de-coria-2014-3\\\/#primaryimage\"},\"thumbnailUrl\":\"https:\\\/\\\/coria.org\\\/ayuntamiento\\\/wp-content\\\/uploads\\\/2022\\\/03\\\/cartel-descenso_blogg.jpg\",\"datePublished\":\"2014-06-13T00:00:00+00:00\",\"dateModified\":\"2024-11-07T09:51:45+00:00\",\"description\":\"Si te gustan las emociones, vivir experiencias \u00fanicas, y tienes esp\u00edritu aventurero, no esperes m\u00e1s\u0085. os presentamos una de las actividades deportivo-recreativa m\u00e1s esperadas y demandas del verano en la Ciudad de Coria: El Descenso R\u00edo Alag\u00f3n \\\"Puente de la Macarrona-Puente de Hierro de Coria\\\".\",\"breadcrumb\":{\"@id\":\"https:\\\/\\\/coria.org\\\/ayuntamiento\\\/index.php\\\/2014\\\/06\\\/13\\\/se-abre-el-plazo-de-inscripcion-para-el-vii-descenso-rio-alagon-puente-de-la-macarrona-puente-de-hierro-de-coria-2014-3\\\/#breadcrumb\"},\"inLanguage\":\"es\",\"potentialAction\":[{\"@type\":\"ReadAction\",\"target\":[\"https:\\\/\\\/coria.org\\\/ayuntamiento\\\/index.php\\\/2014\\\/06\\\/13\\\/se-abre-el-plazo-de-inscripcion-para-el-vii-descenso-rio-alagon-puente-de-la-macarrona-puente-de-hierro-de-coria-2014-3\\\/\"]}]},{\"@type\":\"ImageObject\",\"inLanguage\":\"es\",\"@id\":\"https:\\\/\\\/coria.org\\\/ayuntamiento\\\/index.php\\\/2014\\\/06\\\/13\\\/se-abre-el-plazo-de-inscripcion-para-el-vii-descenso-rio-alagon-puente-de-la-macarrona-puente-de-hierro-de-coria-2014-3\\\/#primaryimage\",\"url\":\"https:\\\/\\\/coria.org\\\/ayuntamiento\\\/wp-content\\\/uploads\\\/2022\\\/03\\\/cartel-descenso_blogg.jpg\",\"contentUrl\":\"https:\\\/\\\/coria.org\\\/ayuntamiento\\\/wp-content\\\/uploads\\\/2022\\\/03\\\/cartel-descenso_blogg.jpg\",\"width\":842,\"height\":1191},{\"@type\":\"BreadcrumbList\",\"@id\":\"https:\\\/\\\/coria.org\\\/ayuntamiento\\\/index.php\\\/2014\\\/06\\\/13\\\/se-abre-el-plazo-de-inscripcion-para-el-vii-descenso-rio-alagon-puente-de-la-macarrona-puente-de-hierro-de-coria-2014-3\\\/#breadcrumb\",\"itemListElement\":[{\"@type\":\"ListItem\",\"position\":1,\"name\":\"Inicio\",\"item\":\"https:\\\/\\\/coria.org\\\/ayuntamiento\\\/\"},{\"@type\":\"ListItem\",\"position\":2,\"name\":\"Se abre el plazo de inscripci\u00f3n para el VII descenso r\u00edo Alag\u00f3n \u00abPuente de la Macarrona &#8211; Puente de Hierro de Coria2014\u00bb\"}]},{\"@type\":\"WebSite\",\"@id\":\"https:\\\/\\\/coria.org\\\/ayuntamiento\\\/#website\",\"url\":\"https:\\\/\\\/coria.org\\\/ayuntamiento\\\/\",\"name\":\"Ayuntamiento de Coria\",\"description\":\"Web oficial del Ayuntamiento de Coria\",\"publisher\":{\"@id\":\"https:\\\/\\\/coria.org\\\/ayuntamiento\\\/#organization\"},\"alternateName\":\"Web Oficial del Ayuntamiento de Coria\",\"potentialAction\":[{\"@type\":\"SearchAction\",\"target\":{\"@type\":\"EntryPoint\",\"urlTemplate\":\"https:\\\/\\\/coria.org\\\/ayuntamiento\\\/?s={search_term_string}\"},\"query-input\":{\"@type\":\"PropertyValueSpecification\",\"valueRequired\":true,\"valueName\":\"search_term_string\"}}],\"inLanguage\":\"es\"},{\"@type\":\"Organization\",\"@id\":\"https:\\\/\\\/coria.org\\\/ayuntamiento\\\/#organization\",\"name\":\"Ayuntamiento de Coria\",\"alternateName\":\"Ayto de Coria\",\"url\":\"https:\\\/\\\/coria.org\\\/ayuntamiento\\\/\",\"logo\":{\"@type\":\"ImageObject\",\"inLanguage\":\"es\",\"@id\":\"https:\\\/\\\/coria.org\\\/ayuntamiento\\\/#\\\/schema\\\/logo\\\/image\\\/\",\"url\":\"https:\\\/\\\/coria.org\\\/ayuntamiento\\\/wp-content\\\/uploads\\\/2020\\\/12\\\/escudo-ayuntamiento-coria.png\",\"contentUrl\":\"https:\\\/\\\/coria.org\\\/ayuntamiento\\\/wp-content\\\/uploads\\\/2020\\\/12\\\/escudo-ayuntamiento-coria.png\",\"width\":511,\"height\":240,\"caption\":\"Ayuntamiento de Coria\"},\"image\":{\"@id\":\"https:\\\/\\\/coria.org\\\/ayuntamiento\\\/#\\\/schema\\\/logo\\\/image\\\/\"},\"sameAs\":[\"https:\\\/\\\/www.facebook.com\\\/Ayuntamiento.de.Coria\",\"https:\\\/\\\/x.com\\\/Ayto_de_Coria\",\"https:\\\/\\\/www.instagram.com\\\/coria.ayuntamiento\\\/\",\"https:\\\/\\\/www.youtube.com\\\/user\\\/AYUNTAMIENTOCORIA\"]},{\"@type\":\"Person\",\"@id\":\"https:\\\/\\\/coria.org\\\/ayuntamiento\\\/#\\\/schema\\\/person\\\/8bd589f0e13e8ae5aa06def7a599d622\",\"name\":\"ayuntamiento\",\"image\":{\"@type\":\"ImageObject\",\"inLanguage\":\"es\",\"@id\":\"https:\\\/\\\/secure.gravatar.com\\\/avatar\\\/966e5ed73cad334adda5c87f49f2547f7082f7292c1b627cbb548744383b391c?s=96&d=mm&r=g\",\"url\":\"https:\\\/\\\/secure.gravatar.com\\\/avatar\\\/966e5ed73cad334adda5c87f49f2547f7082f7292c1b627cbb548744383b391c?s=96&d=mm&r=g\",\"contentUrl\":\"https:\\\/\\\/secure.gravatar.com\\\/avatar\\\/966e5ed73cad334adda5c87f49f2547f7082f7292c1b627cbb548744383b391c?s=96&d=mm&r=g\",\"caption\":\"ayuntamiento\"}}]}<\/script>\n<!-- \/ Yoast SEO plugin. -->","yoast_head_json":{"title":"Se abre el plazo de inscripci\u00f3n para el VII descenso r\u00edo Alag\u00f3n \"Puente de la Macarrona - Puente de Hierro de Coria2014\" - Ayuntamiento de Coria","description":"Si te gustan las emociones, vivir experiencias \u00fanicas, y tienes esp\u00edritu aventurero, no esperes m\u00e1s\u0085. os presentamos una de las actividades deportivo-recreativa m\u00e1s esperadas y demandas del verano en la Ciudad de Coria: El Descenso R\u00edo Alag\u00f3n \"Puente de la Macarrona-Puente de Hierro de Coria\".","robots":{"index":"index","follow":"follow","max-snippet":"max-snippet:-1","max-image-preview":"max-image-preview:large","max-video-preview":"max-video-preview:-1"},"canonical":"https:\/\/coria.org\/ayuntamiento\/index.php\/2014\/06\/13\/se-abre-el-plazo-de-inscripcion-para-el-vii-descenso-rio-alagon-puente-de-la-macarrona-puente-de-hierro-de-coria-2014-3\/","og_locale":"es_ES","og_type":"article","og_title":"Se abre el plazo de inscripci\u00f3n para el VII descenso r\u00edo Alag\u00f3n \"Puente de la Macarrona - Puente de Hierro de Coria2014\"","og_description":"Si te gustan las emociones, vivir experiencias \u00fanicas, y tienes esp\u00edritu aventurero, no esperes m\u00e1s\u0085. os presentamos una de las actividades deportivo-recreativa m\u00e1s esperadas y demandas del verano en la Ciudad de Coria: El Descenso R\u00edo Alag\u00f3n \"Puente de la Macarrona-Puente de Hierro de Coria\".","og_url":"https:\/\/coria.org\/ayuntamiento\/index.php\/2014\/06\/13\/se-abre-el-plazo-de-inscripcion-para-el-vii-descenso-rio-alagon-puente-de-la-macarrona-puente-de-hierro-de-coria-2014-3\/","og_site_name":"Ayuntamiento de Coria","article_publisher":"https:\/\/www.facebook.com\/Ayuntamiento.de.Coria","article_published_time":"2014-06-13T00:00:00+00:00","article_modified_time":"2024-11-07T09:51:45+00:00","og_image":[{"width":842,"height":1191,"url":"https:\/\/coria.org\/ayuntamiento\/wp-content\/uploads\/2022\/03\/cartel-descenso_blogg.jpg","type":"image\/jpeg"}],"author":"ayuntamiento","twitter_card":"summary_large_image","twitter_creator":"@Ayto_de_Coria","twitter_site":"@Ayto_de_Coria","twitter_misc":{"Escrito por":"ayuntamiento","Tiempo de lectura":"5 minutos"},"schema":{"@context":"https:\/\/schema.org","@graph":[{"@type":"Article","@id":"https:\/\/coria.org\/ayuntamiento\/index.php\/2014\/06\/13\/se-abre-el-plazo-de-inscripcion-para-el-vii-descenso-rio-alagon-puente-de-la-macarrona-puente-de-hierro-de-coria-2014-3\/#article","isPartOf":{"@id":"https:\/\/coria.org\/ayuntamiento\/index.php\/2014\/06\/13\/se-abre-el-plazo-de-inscripcion-para-el-vii-descenso-rio-alagon-puente-de-la-macarrona-puente-de-hierro-de-coria-2014-3\/"},"author":{"name":"ayuntamiento","@id":"https:\/\/coria.org\/ayuntamiento\/#\/schema\/person\/8bd589f0e13e8ae5aa06def7a599d622"},"headline":"Se abre el plazo de inscripci\u00f3n para el VII descenso r\u00edo Alag\u00f3n \u00abPuente de la Macarrona &#8211; Puente de Hierro de Coria2014\u00bb","datePublished":"2014-06-13T00:00:00+00:00","dateModified":"2024-11-07T09:51:45+00:00","mainEntityOfPage":{"@id":"https:\/\/coria.org\/ayuntamiento\/index.php\/2014\/06\/13\/se-abre-el-plazo-de-inscripcion-para-el-vii-descenso-rio-alagon-puente-de-la-macarrona-puente-de-hierro-de-coria-2014-3\/"},"wordCount":942,"publisher":{"@id":"https:\/\/coria.org\/ayuntamiento\/#organization"},"image":{"@id":"https:\/\/coria.org\/ayuntamiento\/index.php\/2014\/06\/13\/se-abre-el-plazo-de-inscripcion-para-el-vii-descenso-rio-alagon-puente-de-la-macarrona-puente-de-hierro-de-coria-2014-3\/#primaryimage"},"thumbnailUrl":"https:\/\/coria.org\/ayuntamiento\/wp-content\/uploads\/2022\/03\/cartel-descenso_blogg.jpg","keywords":["coria","extremadura"],"articleSection":["Noticias"],"inLanguage":"es"},{"@type":"WebPage","@id":"https:\/\/coria.org\/ayuntamiento\/index.php\/2014\/06\/13\/se-abre-el-plazo-de-inscripcion-para-el-vii-descenso-rio-alagon-puente-de-la-macarrona-puente-de-hierro-de-coria-2014-3\/","url":"https:\/\/coria.org\/ayuntamiento\/index.php\/2014\/06\/13\/se-abre-el-plazo-de-inscripcion-para-el-vii-descenso-rio-alagon-puente-de-la-macarrona-puente-de-hierro-de-coria-2014-3\/","name":"Se abre el plazo de inscripci\u00f3n para el VII descenso r\u00edo Alag\u00f3n \"Puente de la Macarrona - Puente de Hierro de Coria2014\" - Ayuntamiento de Coria","isPartOf":{"@id":"https:\/\/coria.org\/ayuntamiento\/#website"},"primaryImageOfPage":{"@id":"https:\/\/coria.org\/ayuntamiento\/index.php\/2014\/06\/13\/se-abre-el-plazo-de-inscripcion-para-el-vii-descenso-rio-alagon-puente-de-la-macarrona-puente-de-hierro-de-coria-2014-3\/#primaryimage"},"image":{"@id":"https:\/\/coria.org\/ayuntamiento\/index.php\/2014\/06\/13\/se-abre-el-plazo-de-inscripcion-para-el-vii-descenso-rio-alagon-puente-de-la-macarrona-puente-de-hierro-de-coria-2014-3\/#primaryimage"},"thumbnailUrl":"https:\/\/coria.org\/ayuntamiento\/wp-content\/uploads\/2022\/03\/cartel-descenso_blogg.jpg","datePublished":"2014-06-13T00:00:00+00:00","dateModified":"2024-11-07T09:51:45+00:00","description":"Si te gustan las emociones, vivir experiencias \u00fanicas, y tienes esp\u00edritu aventurero, no esperes m\u00e1s\u0085. os presentamos una de las actividades deportivo-recreativa m\u00e1s esperadas y demandas del verano en la Ciudad de Coria: El Descenso R\u00edo Alag\u00f3n \"Puente de la Macarrona-Puente de Hierro de Coria\".","breadcrumb":{"@id":"https:\/\/coria.org\/ayuntamiento\/index.php\/2014\/06\/13\/se-abre-el-plazo-de-inscripcion-para-el-vii-descenso-rio-alagon-puente-de-la-macarrona-puente-de-hierro-de-coria-2014-3\/#breadcrumb"},"inLanguage":"es","potentialAction":[{"@type":"ReadAction","target":["https:\/\/coria.org\/ayuntamiento\/index.php\/2014\/06\/13\/se-abre-el-plazo-de-inscripcion-para-el-vii-descenso-rio-alagon-puente-de-la-macarrona-puente-de-hierro-de-coria-2014-3\/"]}]},{"@type":"ImageObject","inLanguage":"es","@id":"https:\/\/coria.org\/ayuntamiento\/index.php\/2014\/06\/13\/se-abre-el-plazo-de-inscripcion-para-el-vii-descenso-rio-alagon-puente-de-la-macarrona-puente-de-hierro-de-coria-2014-3\/#primaryimage","url":"https:\/\/coria.org\/ayuntamiento\/wp-content\/uploads\/2022\/03\/cartel-descenso_blogg.jpg","contentUrl":"https:\/\/coria.org\/ayuntamiento\/wp-content\/uploads\/2022\/03\/cartel-descenso_blogg.jpg","width":842,"height":1191},{"@type":"BreadcrumbList","@id":"https:\/\/coria.org\/ayuntamiento\/index.php\/2014\/06\/13\/se-abre-el-plazo-de-inscripcion-para-el-vii-descenso-rio-alagon-puente-de-la-macarrona-puente-de-hierro-de-coria-2014-3\/#breadcrumb","itemListElement":[{"@type":"ListItem","position":1,"name":"Inicio","item":"https:\/\/coria.org\/ayuntamiento\/"},{"@type":"ListItem","position":2,"name":"Se abre el plazo de inscripci\u00f3n para el VII descenso r\u00edo Alag\u00f3n \u00abPuente de la Macarrona &#8211; Puente de Hierro de Coria2014\u00bb"}]},{"@type":"WebSite","@id":"https:\/\/coria.org\/ayuntamiento\/#website","url":"https:\/\/coria.org\/ayuntamiento\/","name":"Ayuntamiento de Coria","description":"Web oficial del Ayuntamiento de Coria","publisher":{"@id":"https:\/\/coria.org\/ayuntamiento\/#organization"},"alternateName":"Web Oficial del Ayuntamiento de Coria","potentialAction":[{"@type":"SearchAction","target":{"@type":"EntryPoint","urlTemplate":"https:\/\/coria.org\/ayuntamiento\/?s={search_term_string}"},"query-input":{"@type":"PropertyValueSpecification","valueRequired":true,"valueName":"search_term_string"}}],"inLanguage":"es"},{"@type":"Organization","@id":"https:\/\/coria.org\/ayuntamiento\/#organization","name":"Ayuntamiento de Coria","alternateName":"Ayto de Coria","url":"https:\/\/coria.org\/ayuntamiento\/","logo":{"@type":"ImageObject","inLanguage":"es","@id":"https:\/\/coria.org\/ayuntamiento\/#\/schema\/logo\/image\/","url":"https:\/\/coria.org\/ayuntamiento\/wp-content\/uploads\/2020\/12\/escudo-ayuntamiento-coria.png","contentUrl":"https:\/\/coria.org\/ayuntamiento\/wp-content\/uploads\/2020\/12\/escudo-ayuntamiento-coria.png","width":511,"height":240,"caption":"Ayuntamiento de Coria"},"image":{"@id":"https:\/\/coria.org\/ayuntamiento\/#\/schema\/logo\/image\/"},"sameAs":["https:\/\/www.facebook.com\/Ayuntamiento.de.Coria","https:\/\/x.com\/Ayto_de_Coria","https:\/\/www.instagram.com\/coria.ayuntamiento\/","https:\/\/www.youtube.com\/user\/AYUNTAMIENTOCORIA"]},{"@type":"Person","@id":"https:\/\/coria.org\/ayuntamiento\/#\/schema\/person\/8bd589f0e13e8ae5aa06def7a599d622","name":"ayuntamiento","image":{"@type":"ImageObject","inLanguage":"es","@id":"https:\/\/secure.gravatar.com\/avatar\/966e5ed73cad334adda5c87f49f2547f7082f7292c1b627cbb548744383b391c?s=96&d=mm&r=g","url":"https:\/\/secure.gravatar.com\/avatar\/966e5ed73cad334adda5c87f49f2547f7082f7292c1b627cbb548744383b391c?s=96&d=mm&r=g","contentUrl":"https:\/\/secure.gravatar.com\/avatar\/966e5ed73cad334adda5c87f49f2547f7082f7292c1b627cbb548744383b391c?s=96&d=mm&r=g","caption":"ayuntamiento"}}]}},"uagb_featured_image_src":{"full":["https:\/\/coria.org\/ayuntamiento\/wp-content\/uploads\/2022\/03\/cartel-descenso_blogg.jpg",842,1191,false],"thumbnail":["https:\/\/coria.org\/ayuntamiento\/wp-content\/uploads\/2022\/03\/cartel-descenso_blogg-150x150.jpg",150,150,true],"medium":["https:\/\/coria.org\/ayuntamiento\/wp-content\/uploads\/2022\/03\/cartel-descenso_blogg-212x300.jpg",212,300,true],"medium_large":["https:\/\/coria.org\/ayuntamiento\/wp-content\/uploads\/2022\/03\/cartel-descenso_blogg-768x1086.jpg",768,1086,true],"large":["https:\/\/coria.org\/ayuntamiento\/wp-content\/uploads\/2022\/03\/cartel-descenso_blogg-724x1024.jpg",724,1024,true],"thumblist":["https:\/\/coria.org\/ayuntamiento\/wp-content\/uploads\/2022\/03\/cartel-descenso_blogg.jpg",212,300,false],"thumbrelated":["https:\/\/coria.org\/ayuntamiento\/wp-content\/uploads\/2022\/03\/cartel-descenso_blogg.jpg",353,500,false],"meccarouselthumb":["https:\/\/coria.org\/ayuntamiento\/wp-content\/uploads\/2022\/03\/cartel-descenso_blogg.jpg",229,324,false],"gridsquare":["https:\/\/coria.org\/ayuntamiento\/wp-content\/uploads\/2022\/03\/cartel-descenso_blogg.jpg",184,260,false],"tileview":["https:\/\/coria.org\/ayuntamiento\/wp-content\/uploads\/2022\/03\/cartel-descenso_blogg.jpg",283,400,false],"1536x1536":["https:\/\/coria.org\/ayuntamiento\/wp-content\/uploads\/2022\/03\/cartel-descenso_blogg.jpg",842,1191,false],"2048x2048":["https:\/\/coria.org\/ayuntamiento\/wp-content\/uploads\/2022\/03\/cartel-descenso_blogg.jpg",842,1191,false]},"uagb_author_info":{"display_name":"ayuntamiento","author_link":"https:\/\/coria.org\/ayuntamiento\/index.php\/author\/ayuntamiento\/"},"uagb_comment_info":0,"uagb_excerpt":"Si te gustan las emociones, vivir experiencias \u00fanicas, y tienes esp\u00edritu aventurero, no esperes m\u00e1s\u0085. os presentamos una de las actividades deportivo-recreativa m\u00e1s esperadas y demandas del verano en la Ciudad de Coria: El Descenso R\u00edo Alag\u00f3n \u00abPuente de la Macarrona-Puente de Hierro de Coria\u00bb. Una actividad, que forma parte del programa Circuito de Aguas&hellip;","_links":{"self":[{"href":"https:\/\/coria.org\/ayuntamiento\/index.php\/wp-json\/wp\/v2\/posts\/35301","targetHints":{"allow":["GET"]}}],"collection":[{"href":"https:\/\/coria.org\/ayuntamiento\/index.php\/wp-json\/wp\/v2\/posts"}],"about":[{"href":"https:\/\/coria.org\/ayuntamiento\/index.php\/wp-json\/wp\/v2\/types\/post"}],"author":[{"embeddable":true,"href":"https:\/\/coria.org\/ayuntamiento\/index.php\/wp-json\/wp\/v2\/users\/2"}],"replies":[{"embeddable":true,"href":"https:\/\/coria.org\/ayuntamiento\/index.php\/wp-json\/wp\/v2\/comments?post=35301"}],"version-history":[{"count":0,"href":"https:\/\/coria.org\/ayuntamiento\/index.php\/wp-json\/wp\/v2\/posts\/35301\/revisions"}],"wp:featuredmedia":[{"embeddable":true,"href":"https:\/\/coria.org\/ayuntamiento\/index.php\/wp-json\/wp\/v2\/media\/31187"}],"wp:attachment":[{"href":"https:\/\/coria.org\/ayuntamiento\/index.php\/wp-json\/wp\/v2\/media?parent=35301"}],"wp:term":[{"taxonomy":"category","embeddable":true,"href":"https:\/\/coria.org\/ayuntamiento\/index.php\/wp-json\/wp\/v2\/categories?post=35301"},{"taxonomy":"post_tag","embeddable":true,"href":"https:\/\/coria.org\/ayuntamiento\/index.php\/wp-json\/wp\/v2\/tags?post=35301"}],"curies":[{"name":"wp","href":"https:\/\/api.w.org\/{rel}","templated":true}]}}